{"id":924,"date":"2025-12-09T00:01:41","date_gmt":"2025-12-09T03:01:41","guid":{"rendered":"https:\/\/fernandadepilacao.com.br\/portal\/2025\/12\/guia-completo-de-depilacao-de-virilha-metodos-cuidados-e-dicas-essenciais\/"},"modified":"2025-12-09T06:00:18","modified_gmt":"2025-12-09T09:00:18","slug":"guia-completo-de-depilacao-de-virilha-metodos-cuidados-e-dicas-essenciais","status":"publish","type":"post","link":"https:\/\/fernandadepilacao.com.br\/portal\/2025\/12\/guia-completo-de-depilacao-de-virilha-metodos-cuidados-e-dicas-essenciais\/","title":{"rendered":"Guia Completo de Depila\u00e7\u00e3o de Virilha: M\u00e9todos, Cuidados e Dicas Essenciais"},"content":{"rendered":"<p><!DOCTYPE html><br \/>\n<html lang=\"pt-BR\"><br \/>\n<head><br \/>\n  <meta charset=\"UTF-8\"><br \/>\n  <title>Depila\u00e7\u00e3o de Virilha: Guia Completo para uma Pele Lisa, Segura e Saud\u00e1vel<\/title><br \/>\n  <meta name=\"description\" content=\"Descubra tudo sobre depila\u00e7\u00e3o de virilha: melhores m\u00e9todos, dicas para evitar pelos encravados, cuidados antes e depois para garantir conforto, seguran\u00e7a e uma pele macia.\" \/><br \/>\n  <meta name=\"viewport\" content=\"width=device-width, initial-scale=1.0\" \/><br \/>\n  <meta name=\"keywords\" content=\"depila\u00e7\u00e3o virilha, depila\u00e7\u00e3o \u00edntima, depila\u00e7\u00e3o a cera, virilha lisa, cuidados com a depila\u00e7\u00e3o, pelos encravados virilha, depila\u00e7\u00e3o sem dor, depila\u00e7\u00e3o caseira\" \/>\n  <link rel=\"canonical\" href=\"https:\/\/www.seusite.com.br\/depilacao-virilha\" \/>\n<\/head><br \/>\n<body><\/p>\n<article>\n<header>\n<h1>Depila\u00e7\u00e3o de Virilha: Guia Completo para uma Pele Lisa, Segura e Saud\u00e1vel<\/h1>\n<p>A depila\u00e7\u00e3o da virilha \u00e9 um dos procedimentos est\u00e9ticos mais procurados nas cl\u00ednicas e sal\u00f5es, especialmente por quem valoriza praticidade, conforto e autoestima. Seja por quest\u00f5es de higiene, prefer\u00eancia pessoal ou motivos est\u00e9ticos, a <strong>depila\u00e7\u00e3o \u00edntima<\/strong> merece aten\u00e7\u00e3o especial para garantir seguran\u00e7a e resultados duradouros.<\/p>\n<\/header>\n<section>\n<h2>Principais M\u00e9todos de Depila\u00e7\u00e3o para Virilha<\/h2>\n<p>Existem diversas t\u00e9cnicas para remover os pelos dessa regi\u00e3o delicada. Abaixo, listamos os m\u00e9todos mais populares e suas caracter\u00edsticas:<\/p>\n<ul>\n<li>\n          <strong>Depila\u00e7\u00e3o com Cera Quente:<\/strong> Indicado para quem busca durabilidade, j\u00e1 que os pelos demoram mais para crescer (em m\u00e9dia de 20 a 30 dias). O calor dilata os poros, tornando o procedimento menos doloroso, por\u00e9m exige cuidados para evitar queimaduras e pelos encravados.\n        <\/li>\n<li>\n          <strong>Depila\u00e7\u00e3o com Cera Fria:<\/strong> Tamb\u00e9m bastante usada, remove os pelos pela raiz, mas pode ser um pouco mais desconfort\u00e1vel, principalmente para peles sens\u00edveis.\n        <\/li>\n<li>\n          <strong>L\u00e2mina de Barbear:<\/strong> Pr\u00e1tico para uso dom\u00e9stico, mas n\u00e3o remove o pelo pela raiz, o que faz com que ele cres\u00e7a rapidamente e pode aumentar o risco de irrita\u00e7\u00f5es e foliculite.\n        <\/li>\n<li>\n          <strong>Creme Depilat\u00f3rio:<\/strong> Dissolve o pelo em poucos minutos. F\u00e1cil de aplicar, mas n\u00e3o recomendado para peles sens\u00edveis ou \u00e1reas com les\u00f5es.\n        <\/li>\n<li>\n          <strong>Depila\u00e7\u00e3o a Laser:<\/strong> Ideal para quem deseja uma solu\u00e7\u00e3o de longa dura\u00e7\u00e3o. O laser danifica o fol\u00edculo piloso, reduzindo gradativamente o crescimento dos pelos. Requer sess\u00f5es e um investimento maior, mas traz \u00f3timos resultados.\n        <\/li>\n<\/ul>\n<\/section>\n<section>\n<h2>Dicas Essenciais para Depila\u00e7\u00e3o na Virilha<\/h2>\n<ol>\n<li>\n          <strong>Higieniza\u00e7\u00e3o:<\/strong> Limpe bem o local antes do procedimento, evitando infec\u00e7\u00f5es e garantindo a ader\u00eancia dos produtos.\n        <\/li>\n<li>\n          <strong>Teste de Sensibilidade:<\/strong> Antes do uso de ceras, cremes ou outros produtos qu\u00edmicos, fa\u00e7a um pequeno teste em uma \u00e1rea restrita.\n        <\/li>\n<li>\n          <strong>N\u00e3o esfolie antes:<\/strong> Embora a esfolia\u00e7\u00e3o seja recomendada para evitar pelos encravados, o ideal \u00e9 faz\u00ea-la <strong>ap\u00f3s<\/strong> a depila\u00e7\u00e3o (cerca de 3 dias depois), para n\u00e3o sensibilizar ainda mais a pele.\n        <\/li>\n<li>\n          <strong>Cuidados com a Temperatura:<\/strong> Se optar por cera quente, teste a temperatura em outra parte do corpo para evitar queimaduras.\n        <\/li>\n<li>\n          <strong>Evite exposi\u00e7\u00e3o solar:<\/strong> Ap\u00f3s a depila\u00e7\u00e3o, a pele fica mais sens\u00edvel. Aguarde pelo menos 48 horas antes de tomar sol na regi\u00e3o.\n        <\/li>\n<\/ol>\n<\/section>\n<section>\n<h2>Pelos Encravados na Virilha: Como Prevenir?<\/h2>\n<p>Pelos encravados s\u00e3o comuns ap\u00f3s a depila\u00e7\u00e3o, especialmente em regi\u00f5es com atrito constante, como a virilha. Alguns cuidados podem ajudar a <strong>prevenir pelos encravados<\/strong>:<\/p>\n<ul>\n<li>Utilize roupas \u00edntimas de algod\u00e3o e evite pe\u00e7as muito justas logo ap\u00f3s a depila\u00e7\u00e3o;<\/li>\n<li>Esfolie a regi\u00e3o regularmente, aplicando produtos apropriados e com movimentos suaves;<\/li>\n<li>Mantenha a pele hidratada para facilitar a sa\u00edda dos novos pelos;<\/li>\n<li>Evite co\u00e7ar ou manipular a \u00e1rea depilada.<\/li>\n<\/ul>\n<\/section>\n<section>\n<h2>Cuidados P\u00f3s-Depila\u00e7\u00e3o: Como Evitar Irrita\u00e7\u00e3o e Alergias<\/h2>\n<ul>\n<li>Lave a \u00e1rea apenas com \u00e1gua fria e sabonete neutro ap\u00f3s a depila\u00e7\u00e3o;<\/li>\n<li>Use lo\u00e7\u00f5es calmantes e livres de \u00e1lcool, como \u00e1gua termal, gel de babosa ou cremes p\u00f3s-depilat\u00f3rios espec\u00edficos;<\/li>\n<li>Evite atividades f\u00edsicas intensas nas primeiras 24 horas para prevenir atrito, suor e inflama\u00e7\u00e3o;<\/li>\n<li>Nunca use produtos perfumados ou \u00e1lcool imediatamente ap\u00f3s a depila\u00e7\u00e3o.<\/li>\n<\/ul>\n<\/section>\n<section>\n<h2>Perguntas Frequentes sobre Depila\u00e7\u00e3o da Virilha<\/h2>\n<details>\n<summary>Depilar a virilha d\u00f3i muito?<\/summary>\n<p>A sensibilidade varia de pessoa para pessoa, mas m\u00e9todos como a cera quente costumam ser mais toler\u00e1veis. Sess\u00f5es regulares ajudam a diminuir o desconforto ao longo do tempo.<\/p>\n<\/details>\n<details>\n<summary>Posso depilar a virilha menstruada?<\/summary>\n<p>Evite depilar durante o per\u00edodo menstrual, pois a regi\u00e3o costuma ficar mais sens\u00edvel devido \u00e0s altera\u00e7\u00f5es hormonais.<\/p>\n<\/details>\n<details>\n<summary>Com que frequ\u00eancia posso depilar a virilha?<\/summary>\n<p>O tempo ideal depende do m\u00e9todo escolhido e do ritmo de crescimento dos seus pelos. Em geral, a cada 3 a 4 semanas \u00e9 suficiente para m\u00e9todos que arrancam pela raiz, como a cera.<\/p>\n<\/details>\n<details>\n<summary>E se houver alergia ou rea\u00e7\u00e3o ap\u00f3s depilar?<\/summary>\n<p>Procure orienta\u00e7\u00e3o m\u00e9dica, suspenda o uso de produtos na regi\u00e3o e aplique compressas frias para aliviar a irrita\u00e7\u00e3o.<\/p>\n<\/details>\n<\/section>\n<section>\n<h2>Conclus\u00e3o<\/h2>\n<p>A <strong>depila\u00e7\u00e3o da virilha<\/strong> pode ser uma experi\u00eancia confort\u00e1vel e segura com os cuidados certos. Escolha sempre o m\u00e9todo compat\u00edvel com o seu tipo de pele e respeite os intervalos necess\u00e1rios entre os procedimentos. Uma pele macia, saud\u00e1vel e livre de pelos \u00e9 poss\u00edvel sem abrir m\u00e3o do bem-estar!<\/p>\n<p>Se tiver d\u00favidas ou se sua pele apresentar sinais de irrita\u00e7\u00e3o persistente, consulte um profissional qualificado.<\/p>\n<\/section>\n<footer>\n<p>Gostou deste artigo? Compartilhe com quem tamb\u00e9m se preocupa com os melhores cuidados para a pele!<\/p>\n<\/footer>\n<\/article>\n<p><\/body><br \/>\n<\/html><\/p>\n","protected":false},"excerpt":{"rendered":"<p>Depila\u00e7\u00e3o de Virilha: Guia Completo para uma Pele Lisa, Segura e Saud\u00e1vel Depila\u00e7\u00e3o de Virilha: Guia Completo para uma Pele Lisa, Segura e Saud\u00e1vel A depila\u00e7\u00e3o da virilha \u00e9 um dos procedimentos est\u00e9ticos mais procurados nas cl\u00ednicas e sal\u00f5es, especialmente por quem valoriza praticidade, conforto e autoestima. Seja por quest\u00f5es de higiene, prefer\u00eancia pessoal ou &hellip;<\/p>\n<p class=\"read-more\"> <a class=\"\" href=\"https:\/\/fernandadepilacao.com.br\/portal\/2025\/12\/guia-completo-de-depilacao-de-virilha-metodos-cuidados-e-dicas-essenciais\/\"> <span class=\"screen-reader-text\">Guia Completo de Depila\u00e7\u00e3o de Virilha: M\u00e9todos, Cuidados e Dicas Essenciais<\/span> Leia mais &raquo;<\/a><\/p>\n","protected":false},"author":1,"featured_media":923,"comment_status":"open","ping_status":"open","sticky":false,"template":"","format":"standard","meta":[],"categories":[34],"tags":[],"yoast_head":"<!-- This site is optimized with the Yoast SEO plugin v18.4.1 - https:\/\/yoast.com\/wordpress\/plugins\/seo\/ -->\n<title>Guia Completo de Depila\u00e7\u00e3o de Virilha: M\u00e9todos, Cuidados e Dicas Essenciais - Fernanda Depila\u00e7\u00e3o<\/title>\n<meta name=\"robots\" content=\"index, follow, max-snippet:-1, max-image-preview:large, max-video-preview:-1\" \/>\n<link rel=\"canonical\" href=\"https:\/\/fernandadepilacao.com.br\/portal\/2025\/12\/guia-completo-de-depilacao-de-virilha-metodos-cuidados-e-dicas-essenciais\/\" \/>\n<meta property=\"og:locale\" content=\"pt_BR\" \/>\n<meta property=\"og:type\" content=\"article\" \/>\n<meta property=\"og:title\" content=\"Guia Completo de Depila\u00e7\u00e3o de Virilha: M\u00e9todos, Cuidados e Dicas Essenciais - Fernanda Depila\u00e7\u00e3o\" \/>\n<meta property=\"og:description\" content=\"Depila\u00e7\u00e3o de Virilha: Guia Completo para uma Pele Lisa, Segura e Saud\u00e1vel Depila\u00e7\u00e3o de Virilha: Guia Completo para uma Pele Lisa, Segura e Saud\u00e1vel A depila\u00e7\u00e3o da virilha \u00e9 um dos procedimentos est\u00e9ticos mais procurados nas cl\u00ednicas e sal\u00f5es, especialmente por quem valoriza praticidade, conforto e autoestima. Seja por quest\u00f5es de higiene, prefer\u00eancia pessoal ou &hellip; Guia Completo de Depila\u00e7\u00e3o de Virilha: M\u00e9todos, Cuidados e Dicas Essenciais Leia mais &raquo;\" \/>\n<meta property=\"og:url\" content=\"https:\/\/fernandadepilacao.com.br\/portal\/2025\/12\/guia-completo-de-depilacao-de-virilha-metodos-cuidados-e-dicas-essenciais\/\" \/>\n<meta property=\"og:site_name\" content=\"Fernanda Depila\u00e7\u00e3o\" \/>\n<meta property=\"article:publisher\" content=\"https:\/\/www.facebook.com\/ferjobdepilacao\" \/>\n<meta property=\"article:published_time\" content=\"2025-12-09T03:01:41+00:00\" \/>\n<meta property=\"article:modified_time\" content=\"2025-12-09T09:00:18+00:00\" \/>\n<meta property=\"og:image\" content=\"https:\/\/fernandadepilacao.com.br\/portal\/wp-content\/uploads\/2025\/12\/20251209000139.png\" \/>\n\t<meta property=\"og:image:width\" content=\"500\" \/>\n\t<meta property=\"og:image:height\" content=\"500\" \/>\n\t<meta property=\"og:image:type\" content=\"image\/png\" \/>\n<meta name=\"twitter:card\" content=\"summary_large_image\" \/>\n<meta name=\"twitter:label1\" content=\"Escrito por\" \/>\n\t<meta name=\"twitter:data1\" content=\"fernandajob\" \/>\n\t<meta name=\"twitter:label2\" content=\"Est. tempo de leitura\" \/>\n\t<meta name=\"twitter:data2\" content=\"4 minutos\" \/>\n<script type=\"application\/ld+json\" class=\"yoast-schema-graph\">{\"@context\":\"https:\/\/schema.org\",\"@graph\":[{\"@type\":\"Organization\",\"@id\":\"https:\/\/fernandadepilacao.com.br\/portal\/#organization\",\"name\":\"Fernanda Depila\u00e7\u00e3o\",\"url\":\"https:\/\/fernandadepilacao.com.br\/portal\/\",\"sameAs\":[\"https:\/\/www.facebook.com\/ferjobdepilacao\",\"http:\/\/instagram.com\/fernanda_job\"],\"logo\":{\"@type\":\"ImageObject\",\"@id\":\"https:\/\/fernandadepilacao.com.br\/portal\/#logo\",\"inLanguage\":\"pt-BR\",\"url\":\"http:\/\/fernandadepilacao.com.br\/portal\/wp-content\/uploads\/2021\/03\/logo_fernanda.png\",\"contentUrl\":\"http:\/\/fernandadepilacao.com.br\/portal\/wp-content\/uploads\/2021\/03\/logo_fernanda.png\",\"width\":673,\"height\":688,\"caption\":\"Fernanda Depila\u00e7\u00e3o\"},\"image\":{\"@id\":\"https:\/\/fernandadepilacao.com.br\/portal\/#logo\"}},{\"@type\":\"WebSite\",\"@id\":\"https:\/\/fernandadepilacao.com.br\/portal\/#website\",\"url\":\"https:\/\/fernandadepilacao.com.br\/portal\/\",\"name\":\"Fernanda Depila\u00e7\u00e3o\",\"description\":\"\",\"publisher\":{\"@id\":\"https:\/\/fernandadepilacao.com.br\/portal\/#organization\"},\"potentialAction\":[{\"@type\":\"SearchAction\",\"target\":{\"@type\":\"EntryPoint\",\"urlTemplate\":\"https:\/\/fernandadepilacao.com.br\/portal\/?s={search_term_string}\"},\"query-input\":\"required name=search_term_string\"}],\"inLanguage\":\"pt-BR\"},{\"@type\":\"ImageObject\",\"@id\":\"https:\/\/fernandadepilacao.com.br\/portal\/2025\/12\/guia-completo-de-depilacao-de-virilha-metodos-cuidados-e-dicas-essenciais\/#primaryimage\",\"inLanguage\":\"pt-BR\",\"url\":\"https:\/\/fernandadepilacao.com.br\/portal\/wp-content\/uploads\/2025\/12\/20251209000139.png\",\"contentUrl\":\"https:\/\/fernandadepilacao.com.br\/portal\/wp-content\/uploads\/2025\/12\/20251209000139.png\",\"width\":500,\"height\":500},{\"@type\":\"WebPage\",\"@id\":\"https:\/\/fernandadepilacao.com.br\/portal\/2025\/12\/guia-completo-de-depilacao-de-virilha-metodos-cuidados-e-dicas-essenciais\/#webpage\",\"url\":\"https:\/\/fernandadepilacao.com.br\/portal\/2025\/12\/guia-completo-de-depilacao-de-virilha-metodos-cuidados-e-dicas-essenciais\/\",\"name\":\"Guia Completo de Depila\u00e7\u00e3o de Virilha: M\u00e9todos, Cuidados e Dicas Essenciais - Fernanda Depila\u00e7\u00e3o\",\"isPartOf\":{\"@id\":\"https:\/\/fernandadepilacao.com.br\/portal\/#website\"},\"primaryImageOfPage\":{\"@id\":\"https:\/\/fernandadepilacao.com.br\/portal\/2025\/12\/guia-completo-de-depilacao-de-virilha-metodos-cuidados-e-dicas-essenciais\/#primaryimage\"},\"datePublished\":\"2025-12-09T03:01:41+00:00\",\"dateModified\":\"2025-12-09T09:00:18+00:00\",\"breadcrumb\":{\"@id\":\"https:\/\/fernandadepilacao.com.br\/portal\/2025\/12\/guia-completo-de-depilacao-de-virilha-metodos-cuidados-e-dicas-essenciais\/#breadcrumb\"},\"inLanguage\":\"pt-BR\",\"potentialAction\":[{\"@type\":\"ReadAction\",\"target\":[\"https:\/\/fernandadepilacao.com.br\/portal\/2025\/12\/guia-completo-de-depilacao-de-virilha-metodos-cuidados-e-dicas-essenciais\/\"]}]},{\"@type\":\"BreadcrumbList\",\"@id\":\"https:\/\/fernandadepilacao.com.br\/portal\/2025\/12\/guia-completo-de-depilacao-de-virilha-metodos-cuidados-e-dicas-essenciais\/#breadcrumb\",\"itemListElement\":[{\"@type\":\"ListItem\",\"position\":1,\"name\":\"In\u00edcio\",\"item\":\"http:\/\/fernandadepilacao.com.br\/portal\/\"},{\"@type\":\"ListItem\",\"position\":2,\"name\":\"Guia Completo de Depila\u00e7\u00e3o de Virilha: M\u00e9todos, Cuidados e Dicas Essenciais\"}]},{\"@type\":\"Article\",\"@id\":\"https:\/\/fernandadepilacao.com.br\/portal\/2025\/12\/guia-completo-de-depilacao-de-virilha-metodos-cuidados-e-dicas-essenciais\/#article\",\"isPartOf\":{\"@id\":\"https:\/\/fernandadepilacao.com.br\/portal\/2025\/12\/guia-completo-de-depilacao-de-virilha-metodos-cuidados-e-dicas-essenciais\/#webpage\"},\"author\":{\"@id\":\"https:\/\/fernandadepilacao.com.br\/portal\/#\/schema\/person\/d00644c3bbfd9fd17711767a3b1abbd0\"},\"headline\":\"Guia Completo de Depila\u00e7\u00e3o de Virilha: M\u00e9todos, Cuidados e Dicas Essenciais\",\"datePublished\":\"2025-12-09T03:01:41+00:00\",\"dateModified\":\"2025-12-09T09:00:18+00:00\",\"mainEntityOfPage\":{\"@id\":\"https:\/\/fernandadepilacao.com.br\/portal\/2025\/12\/guia-completo-de-depilacao-de-virilha-metodos-cuidados-e-dicas-essenciais\/#webpage\"},\"wordCount\":823,\"commentCount\":0,\"publisher\":{\"@id\":\"https:\/\/fernandadepilacao.com.br\/portal\/#organization\"},\"image\":{\"@id\":\"https:\/\/fernandadepilacao.com.br\/portal\/2025\/12\/guia-completo-de-depilacao-de-virilha-metodos-cuidados-e-dicas-essenciais\/#primaryimage\"},\"thumbnailUrl\":\"https:\/\/fernandadepilacao.com.br\/portal\/wp-content\/uploads\/2025\/12\/20251209000139.png\",\"articleSection\":[\"Adolesc\u00eancia\"],\"inLanguage\":\"pt-BR\",\"potentialAction\":[{\"@type\":\"CommentAction\",\"name\":\"Comment\",\"target\":[\"https:\/\/fernandadepilacao.com.br\/portal\/2025\/12\/guia-completo-de-depilacao-de-virilha-metodos-cuidados-e-dicas-essenciais\/#respond\"]}]},{\"@type\":\"Person\",\"@id\":\"https:\/\/fernandadepilacao.com.br\/portal\/#\/schema\/person\/d00644c3bbfd9fd17711767a3b1abbd0\",\"name\":\"fernandajob\",\"image\":{\"@type\":\"ImageObject\",\"@id\":\"https:\/\/fernandadepilacao.com.br\/portal\/#personlogo\",\"inLanguage\":\"pt-BR\",\"url\":\"https:\/\/secure.gravatar.com\/avatar\/6c2268a68d69a325906fbdccd74b18e6?s=96&d=mm&r=g\",\"contentUrl\":\"https:\/\/secure.gravatar.com\/avatar\/6c2268a68d69a325906fbdccd74b18e6?s=96&d=mm&r=g\",\"caption\":\"fernandajob\"},\"sameAs\":[\"http:\/\/fernandadepilacao.com.br\/portal\"]}]}<\/script>\n<!-- \/ Yoast SEO plugin. -->","yoast_head_json":{"title":"Guia Completo de Depila\u00e7\u00e3o de Virilha: M\u00e9todos, Cuidados e Dicas Essenciais - Fernanda Depila\u00e7\u00e3o","robots":{"index":"index","follow":"follow","max-snippet":"max-snippet:-1","max-image-preview":"max-image-preview:large","max-video-preview":"max-video-preview:-1"},"canonical":"https:\/\/fernandadepilacao.com.br\/portal\/2025\/12\/guia-completo-de-depilacao-de-virilha-metodos-cuidados-e-dicas-essenciais\/","og_locale":"pt_BR","og_type":"article","og_title":"Guia Completo de Depila\u00e7\u00e3o de Virilha: M\u00e9todos, Cuidados e Dicas Essenciais - Fernanda Depila\u00e7\u00e3o","og_description":"Depila\u00e7\u00e3o de Virilha: Guia Completo para uma Pele Lisa, Segura e Saud\u00e1vel Depila\u00e7\u00e3o de Virilha: Guia Completo para uma Pele Lisa, Segura e Saud\u00e1vel A depila\u00e7\u00e3o da virilha \u00e9 um dos procedimentos est\u00e9ticos mais procurados nas cl\u00ednicas e sal\u00f5es, especialmente por quem valoriza praticidade, conforto e autoestima. Seja por quest\u00f5es de higiene, prefer\u00eancia pessoal ou &hellip; Guia Completo de Depila\u00e7\u00e3o de Virilha: M\u00e9todos, Cuidados e Dicas Essenciais Leia mais &raquo;","og_url":"https:\/\/fernandadepilacao.com.br\/portal\/2025\/12\/guia-completo-de-depilacao-de-virilha-metodos-cuidados-e-dicas-essenciais\/","og_site_name":"Fernanda Depila\u00e7\u00e3o","article_publisher":"https:\/\/www.facebook.com\/ferjobdepilacao","article_published_time":"2025-12-09T03:01:41+00:00","article_modified_time":"2025-12-09T09:00:18+00:00","og_image":[{"width":500,"height":500,"url":"https:\/\/fernandadepilacao.com.br\/portal\/wp-content\/uploads\/2025\/12\/20251209000139.png","type":"image\/png"}],"twitter_card":"summary_large_image","twitter_misc":{"Escrito por":"fernandajob","Est. tempo de leitura":"4 minutos"},"schema":{"@context":"https:\/\/schema.org","@graph":[{"@type":"Organization","@id":"https:\/\/fernandadepilacao.com.br\/portal\/#organization","name":"Fernanda Depila\u00e7\u00e3o","url":"https:\/\/fernandadepilacao.com.br\/portal\/","sameAs":["https:\/\/www.facebook.com\/ferjobdepilacao","http:\/\/instagram.com\/fernanda_job"],"logo":{"@type":"ImageObject","@id":"https:\/\/fernandadepilacao.com.br\/portal\/#logo","inLanguage":"pt-BR","url":"http:\/\/fernandadepilacao.com.br\/portal\/wp-content\/uploads\/2021\/03\/logo_fernanda.png","contentUrl":"http:\/\/fernandadepilacao.com.br\/portal\/wp-content\/uploads\/2021\/03\/logo_fernanda.png","width":673,"height":688,"caption":"Fernanda Depila\u00e7\u00e3o"},"image":{"@id":"https:\/\/fernandadepilacao.com.br\/portal\/#logo"}},{"@type":"WebSite","@id":"https:\/\/fernandadepilacao.com.br\/portal\/#website","url":"https:\/\/fernandadepilacao.com.br\/portal\/","name":"Fernanda Depila\u00e7\u00e3o","description":"","publisher":{"@id":"https:\/\/fernandadepilacao.com.br\/portal\/#organization"},"potentialAction":[{"@type":"SearchAction","target":{"@type":"EntryPoint","urlTemplate":"https:\/\/fernandadepilacao.com.br\/portal\/?s={search_term_string}"},"query-input":"required name=search_term_string"}],"inLanguage":"pt-BR"},{"@type":"ImageObject","@id":"https:\/\/fernandadepilacao.com.br\/portal\/2025\/12\/guia-completo-de-depilacao-de-virilha-metodos-cuidados-e-dicas-essenciais\/#primaryimage","inLanguage":"pt-BR","url":"https:\/\/fernandadepilacao.com.br\/portal\/wp-content\/uploads\/2025\/12\/20251209000139.png","contentUrl":"https:\/\/fernandadepilacao.com.br\/portal\/wp-content\/uploads\/2025\/12\/20251209000139.png","width":500,"height":500},{"@type":"WebPage","@id":"https:\/\/fernandadepilacao.com.br\/portal\/2025\/12\/guia-completo-de-depilacao-de-virilha-metodos-cuidados-e-dicas-essenciais\/#webpage","url":"https:\/\/fernandadepilacao.com.br\/portal\/2025\/12\/guia-completo-de-depilacao-de-virilha-metodos-cuidados-e-dicas-essenciais\/","name":"Guia Completo de Depila\u00e7\u00e3o de Virilha: M\u00e9todos, Cuidados e Dicas Essenciais - Fernanda Depila\u00e7\u00e3o","isPartOf":{"@id":"https:\/\/fernandadepilacao.com.br\/portal\/#website"},"primaryImageOfPage":{"@id":"https:\/\/fernandadepilacao.com.br\/portal\/2025\/12\/guia-completo-de-depilacao-de-virilha-metodos-cuidados-e-dicas-essenciais\/#primaryimage"},"datePublished":"2025-12-09T03:01:41+00:00","dateModified":"2025-12-09T09:00:18+00:00","breadcrumb":{"@id":"https:\/\/fernandadepilacao.com.br\/portal\/2025\/12\/guia-completo-de-depilacao-de-virilha-metodos-cuidados-e-dicas-essenciais\/#breadcrumb"},"inLanguage":"pt-BR","potentialAction":[{"@type":"ReadAction","target":["https:\/\/fernandadepilacao.com.br\/portal\/2025\/12\/guia-completo-de-depilacao-de-virilha-metodos-cuidados-e-dicas-essenciais\/"]}]},{"@type":"BreadcrumbList","@id":"https:\/\/fernandadepilacao.com.br\/portal\/2025\/12\/guia-completo-de-depilacao-de-virilha-metodos-cuidados-e-dicas-essenciais\/#breadcrumb","itemListElement":[{"@type":"ListItem","position":1,"name":"In\u00edcio","item":"http:\/\/fernandadepilacao.com.br\/portal\/"},{"@type":"ListItem","position":2,"name":"Guia Completo de Depila\u00e7\u00e3o de Virilha: M\u00e9todos, Cuidados e Dicas Essenciais"}]},{"@type":"Article","@id":"https:\/\/fernandadepilacao.com.br\/portal\/2025\/12\/guia-completo-de-depilacao-de-virilha-metodos-cuidados-e-dicas-essenciais\/#article","isPartOf":{"@id":"https:\/\/fernandadepilacao.com.br\/portal\/2025\/12\/guia-completo-de-depilacao-de-virilha-metodos-cuidados-e-dicas-essenciais\/#webpage"},"author":{"@id":"https:\/\/fernandadepilacao.com.br\/portal\/#\/schema\/person\/d00644c3bbfd9fd17711767a3b1abbd0"},"headline":"Guia Completo de Depila\u00e7\u00e3o de Virilha: M\u00e9todos, Cuidados e Dicas Essenciais","datePublished":"2025-12-09T03:01:41+00:00","dateModified":"2025-12-09T09:00:18+00:00","mainEntityOfPage":{"@id":"https:\/\/fernandadepilacao.com.br\/portal\/2025\/12\/guia-completo-de-depilacao-de-virilha-metodos-cuidados-e-dicas-essenciais\/#webpage"},"wordCount":823,"commentCount":0,"publisher":{"@id":"https:\/\/fernandadepilacao.com.br\/portal\/#organization"},"image":{"@id":"https:\/\/fernandadepilacao.com.br\/portal\/2025\/12\/guia-completo-de-depilacao-de-virilha-metodos-cuidados-e-dicas-essenciais\/#primaryimage"},"thumbnailUrl":"https:\/\/fernandadepilacao.com.br\/portal\/wp-content\/uploads\/2025\/12\/20251209000139.png","articleSection":["Adolesc\u00eancia"],"inLanguage":"pt-BR","potentialAction":[{"@type":"CommentAction","name":"Comment","target":["https:\/\/fernandadepilacao.com.br\/portal\/2025\/12\/guia-completo-de-depilacao-de-virilha-metodos-cuidados-e-dicas-essenciais\/#respond"]}]},{"@type":"Person","@id":"https:\/\/fernandadepilacao.com.br\/portal\/#\/schema\/person\/d00644c3bbfd9fd17711767a3b1abbd0","name":"fernandajob","image":{"@type":"ImageObject","@id":"https:\/\/fernandadepilacao.com.br\/portal\/#personlogo","inLanguage":"pt-BR","url":"https:\/\/secure.gravatar.com\/avatar\/6c2268a68d69a325906fbdccd74b18e6?s=96&d=mm&r=g","contentUrl":"https:\/\/secure.gravatar.com\/avatar\/6c2268a68d69a325906fbdccd74b18e6?s=96&d=mm&r=g","caption":"fernandajob"},"sameAs":["http:\/\/fernandadepilacao.com.br\/portal"]}]}},"uagb_featured_image_src":{"full":["https:\/\/fernandadepilacao.com.br\/portal\/wp-content\/uploads\/2025\/12\/20251209000139.png",500,500,false],"thumbnail":["https:\/\/fernandadepilacao.com.br\/portal\/wp-content\/uploads\/2025\/12\/20251209000139-150x150.png",150,150,true],"medium":["https:\/\/fernandadepilacao.com.br\/portal\/wp-content\/uploads\/2025\/12\/20251209000139-300x300.png",300,300,true],"medium_large":["https:\/\/fernandadepilacao.com.br\/portal\/wp-content\/uploads\/2025\/12\/20251209000139.png",500,500,false],"large":["https:\/\/fernandadepilacao.com.br\/portal\/wp-content\/uploads\/2025\/12\/20251209000139.png",500,500,false],"1536x1536":["https:\/\/fernandadepilacao.com.br\/portal\/wp-content\/uploads\/2025\/12\/20251209000139.png",500,500,false],"2048x2048":["https:\/\/fernandadepilacao.com.br\/portal\/wp-content\/uploads\/2025\/12\/20251209000139.png",500,500,false]},"uagb_author_info":{"display_name":"fernandajob","author_link":"https:\/\/fernandadepilacao.com.br\/portal\/author\/fernandajob\/"},"uagb_comment_info":0,"uagb_excerpt":"Depila\u00e7\u00e3o de Virilha: Guia Completo para uma Pele Lisa, Segura e Saud\u00e1vel Depila\u00e7\u00e3o de Virilha: Guia Completo para uma Pele Lisa, Segura e Saud\u00e1vel A depila\u00e7\u00e3o da virilha \u00e9 um dos procedimentos est\u00e9ticos mais procurados nas cl\u00ednicas e sal\u00f5es, especialmente por quem valoriza praticidade, conforto e autoestima. Seja por quest\u00f5es de higiene, prefer\u00eancia pessoal ou&hellip;","_links":{"self":[{"href":"https:\/\/fernandadepilacao.com.br\/portal\/wp-json\/wp\/v2\/posts\/924"}],"collection":[{"href":"https:\/\/fernandadepilacao.com.br\/portal\/wp-json\/wp\/v2\/posts"}],"about":[{"href":"https:\/\/fernandadepilacao.com.br\/portal\/wp-json\/wp\/v2\/types\/post"}],"author":[{"embeddable":true,"href":"https:\/\/fernandadepilacao.com.br\/portal\/wp-json\/wp\/v2\/users\/1"}],"replies":[{"embeddable":true,"href":"https:\/\/fernandadepilacao.com.br\/portal\/wp-json\/wp\/v2\/comments?post=924"}],"version-history":[{"count":1,"href":"https:\/\/fernandadepilacao.com.br\/portal\/wp-json\/wp\/v2\/posts\/924\/revisions"}],"predecessor-version":[{"id":925,"href":"https:\/\/fernandadepilacao.com.br\/portal\/wp-json\/wp\/v2\/posts\/924\/revisions\/925"}],"wp:featuredmedia":[{"embeddable":true,"href":"https:\/\/fernandadepilacao.com.br\/portal\/wp-json\/wp\/v2\/media\/923"}],"wp:attachment":[{"href":"https:\/\/fernandadepilacao.com.br\/portal\/wp-json\/wp\/v2\/media?parent=924"}],"wp:term":[{"taxonomy":"category","embeddable":true,"href":"https:\/\/fernandadepilacao.com.br\/portal\/wp-json\/wp\/v2\/categories?post=924"},{"taxonomy":"post_tag","embeddable":true,"href":"https:\/\/fernandadepilacao.com.br\/portal\/wp-json\/wp\/v2\/tags?post=924"}],"curies":[{"name":"wp","href":"https:\/\/api.w.org\/{rel}","templated":true}]}}