{"id":921,"date":"2025-12-08T16:01:23","date_gmt":"2025-12-08T19:01:23","guid":{"rendered":"https:\/\/fernandadepilacao.com.br\/portal\/2025\/12\/depilacao-a-laser-doi-esclareca-mitos-e-verdades-sobre-o-procedimento\/"},"modified":"2025-12-12T06:00:19","modified_gmt":"2025-12-12T09:00:19","slug":"depilacao-a-laser-doi-esclareca-mitos-e-verdades-sobre-o-procedimento","status":"publish","type":"post","link":"https:\/\/fernandadepilacao.com.br\/portal\/2025\/12\/depilacao-a-laser-doi-esclareca-mitos-e-verdades-sobre-o-procedimento\/","title":{"rendered":"Depila\u00e7\u00e3o a Laser D\u00f3i? Esclare\u00e7a Mitos e Verdades Sobre o Procedimento"},"content":{"rendered":"<article>\n<header>\n<h1>Depila\u00e7\u00e3o a Laser D\u00f3i? Descubra a Verdade Sobre o Procedimento<\/h1>\n<p>    <meta name=\"description\" content=\"Entenda se depila\u00e7\u00e3o a laser d\u00f3i, saiba como \u00e9 a sensa\u00e7\u00e3o durante o procedimento, dicas para minimizar o desconforto, cuidados p\u00f3s-depila\u00e7\u00e3o e esclare\u00e7a suas d\u00favidas!\" \/><br \/>\n  <\/header>\n<section>\n<h2>O Que \u00c9 Depila\u00e7\u00e3o a Laser?<\/h2>\n<p>Depila\u00e7\u00e3o a laser \u00e9 um dos m\u00e9todos mais procurados atualmente para eliminar os pelos indesejados de forma definitiva. Utiliza tecnologia de laser para atingir o fol\u00edculo piloso (raiz do pelo), danificando-o de maneira controlada e, assim, reduzindo de forma progressiva o crescimento dos pelos. Entre os benef\u00edcios est\u00e3o a praticidade, a diminui\u00e7\u00e3o dos encravamentos e a suavidade da pele por mais tempo.<\/p>\n<\/section>\n<section>\n<h2>Depila\u00e7\u00e3o a Laser D\u00f3i?<\/h2>\n<p>Uma das d\u00favidas mais comuns em cl\u00ednicas de est\u00e9tica \u00e9: <strong>&#8220;Depila\u00e7\u00e3o a laser d\u00f3i?&#8221;<\/strong> A resposta \u00e9: a sensa\u00e7\u00e3o de dor ou desconforto varia bastante de pessoa para pessoa, dependendo do n\u00edvel de sensibilidade, da \u00e1rea do corpo tratada, do tipo de laser utilizado e dos cuidados pr\u00e9 e p\u00f3s-procedimento.<\/p>\n<p>Durante a aplica\u00e7\u00e3o, o que a maioria das pessoas sente \u00e9 uma sensa\u00e7\u00e3o similar a um leve &#8220;belisc\u00e3o&#8221; ou um pequeno &#8220;elasticada&#8221; na pele. Isso acontece porque o feixe de luz do laser aquece rapidamente o fol\u00edculo piloso sem causar danos \u00e0 pele ao redor. Alguns descrevem como pequenas &#8220;picadas de borracha&#8221;. \u00c1reas com maior sensibilidade, como virilha ou bu\u00e7o, podem causar um desconforto um pouco maior, comparadas a outras \u00e1reas, como pernas ou bra\u00e7os.<\/p>\n<\/section>\n<section>\n<h2>Fatores que Influenciam a Sensa\u00e7\u00e3o de Dor<\/h2>\n<ul>\n<li><strong>Tipo de pele e cor do pelo:<\/strong> Pessoas com pele clara e pelos escuros costumam sentir menos dor, pois o laser \u00e9 mais eficiente e atua de forma mais localizada.<\/li>\n<li><strong>\u00c1rea tratada:<\/strong> Regi\u00f5es onde a pele \u00e9 mais fina, como o rosto ou virilha, podem ser mais sens\u00edveis.<\/li>\n<li><strong>Equipamento utilizado:<\/strong> Lasers modernos (como o Alexandrita, Diodo e Nd:YAG) contam com sistemas de resfriamento, minimizando o desconforto.<\/li>\n<li><strong>Toler\u00e2ncia individual:<\/strong> Cada pessoa tem um limiar diferente de dor, o que faz o procedimento ser mais ou menos inc\u00f4modo.<\/li>\n<\/ul>\n<\/section>\n<section>\n<h2>Dicas para Minimizar o Desconforto na Depila\u00e7\u00e3o a Laser<\/h2>\n<ul>\n<li><strong>Use pomada anest\u00e9sica:<\/strong> Em \u00e1reas mais sens\u00edveis, a cl\u00ednica pode indicar o uso de cremes anest\u00e9sicos t\u00f3picos antes da sess\u00e3o.<\/li>\n<li><strong>Evite exposi\u00e7\u00e3o ao sol:<\/strong> A pele bronzeada pode aumentar a sensibilidade e o risco de efeitos colaterais.<\/li>\n<li><strong>Hidrate a pele:<\/strong> Manter a pele hidratada facilita a aplica\u00e7\u00e3o do laser e reduz poss\u00edveis desconfortos.<\/li>\n<li><strong>Confie em profissionais qualificados:<\/strong> Procure cl\u00ednicas s\u00e9rias, que ofere\u00e7am avalia\u00e7\u00e3o inicial personalizada e equipamentos modernos.<\/li>\n<\/ul>\n<\/section>\n<section>\n<h2>Cuidados P\u00f3s-Depila\u00e7\u00e3o a Laser<\/h2>\n<p>Ap\u00f3s a sess\u00e3o, \u00e9 comum a pele apresentar leve vermelhid\u00e3o ou sensa\u00e7\u00e3o de ardor semelhante a uma queimadura solar, que desaparece em poucas horas. Siga sempre as <strong>orienta\u00e7\u00f5es do profissional<\/strong>, que geralmente incluem:<\/p>\n<ol>\n<li>Evitar exposi\u00e7\u00e3o ao sol nos primeiros dias.<\/li>\n<li>Usar protetor solar nas \u00e1reas expostas.<\/li>\n<li>Evitar atrito excessivo e banhos quentes nas primeiras 24 horas.<\/li>\n<li>Usar roupas leves para evitar irrita\u00e7\u00f5es.<\/li>\n<\/ol>\n<\/section>\n<section>\n<h2>Vale a Pena Fazer Depila\u00e7\u00e3o a Laser?<\/h2>\n<p>Apesar do desconforto leve e passageiro sentido por algumas pessoas, a <strong>depila\u00e7\u00e3o a laser<\/strong> \u00e9 altamente eficaz, promove maior liberdade, praticidade e economia a longo prazo. Com cada sess\u00e3o, os pelos v\u00e3o afinando e ficando mais ralos, sendo poss\u00edvel ver resultados j\u00e1 nas primeiras aplica\u00e7\u00f5es. Em poucas sess\u00f5es, a pele se torna mais lisa, livre de foliculite e os epis\u00f3dios de dor diminuem substancialmente. <\/p>\n<\/section>\n<section>\n<h3>Perguntas Frequentes sobre Depila\u00e7\u00e3o a Laser<\/h3>\n<details>\n<summary>Quantas sess\u00f5es s\u00e3o necess\u00e1rias?<\/summary>\n<p>A quantidade de sess\u00f5es depende da \u00e1rea tratada, cor do pelo, tipo de pele e resposta individual ao tratamento. Em m\u00e9dia, s\u00e3o indicadas de 6 a 10 sess\u00f5es.<\/p>\n<\/details>\n<details>\n<summary>Pode fazer depila\u00e7\u00e3o a laser no ver\u00e3o?<\/summary>\n<p>Pode sim! Mas \u00e9 fundamental evitar a exposi\u00e7\u00e3o solar antes e ap\u00f3s as sess\u00f5es, e sempre usar protetor solar.<\/p>\n<\/details>\n<details>\n<summary>Depila\u00e7\u00e3o a laser elimina os pelos para sempre?<\/summary>\n<p>O procedimento reduz drasticamente o crescimento dos pelos, mas algumas pessoas podem notar o nascimento de fios mais finos e espa\u00e7ados ap\u00f3s o t\u00e9rmino das sess\u00f5es, sendo necess\u00e1rias manuten\u00e7\u00f5es anuais.<\/p>\n<\/details>\n<\/section>\n<section>\n<h2>Conclus\u00e3o<\/h2>\n<p>Em resumo, embora <strong>depila\u00e7\u00e3o a laser<\/strong> possa provocar um leve desconforto, a tecnologia atual tornou o procedimento muito mais confort\u00e1vel e seguro. O desconforto \u00e9 suport\u00e1vel e, para muitas pessoas, compensa completamente os benef\u00edcios de ter uma pele lisa de longa dura\u00e7\u00e3o. Procure sempre cl\u00ednicas com profissionais especializados e realize uma avalia\u00e7\u00e3o personalizada para garantir a melhor experi\u00eancia poss\u00edvel. Desmitifique o medo, fa\u00e7a uma avalia\u00e7\u00e3o e aproveite todos os benef\u00edcios dessa tecnologia inovadora!<\/p>\n<\/section>\n<footer>\n<p><strong>Palavras-chave:<\/strong> depila\u00e7\u00e3o a laser d\u00f3i, depila\u00e7\u00e3o a laser, dor na depila\u00e7\u00e3o, depila\u00e7\u00e3o definitiva, sensa\u00e7\u00e3o depila\u00e7\u00e3o a laser, cuidados depila\u00e7\u00e3o a laser, procedimento depila\u00e7\u00e3o a laser, conforto depila\u00e7\u00e3o a laser<\/p>\n<\/footer>\n<\/article>\n","protected":false},"excerpt":{"rendered":"<p>Depila\u00e7\u00e3o a Laser D\u00f3i? Descubra a Verdade Sobre o Procedimento O Que \u00c9 Depila\u00e7\u00e3o a Laser? Depila\u00e7\u00e3o a laser \u00e9 um dos m\u00e9todos mais procurados atualmente para eliminar os pelos indesejados de forma definitiva. Utiliza tecnologia de laser para atingir o fol\u00edculo piloso (raiz do pelo), danificando-o de maneira controlada e, assim, reduzindo de forma &hellip;<\/p>\n<p class=\"read-more\"> <a class=\"\" href=\"https:\/\/fernandadepilacao.com.br\/portal\/2025\/12\/depilacao-a-laser-doi-esclareca-mitos-e-verdades-sobre-o-procedimento\/\"> <span class=\"screen-reader-text\">Depila\u00e7\u00e3o a Laser D\u00f3i? Esclare\u00e7a Mitos e Verdades Sobre o Procedimento<\/span> Leia mais &raquo;<\/a><\/p>\n","protected":false},"author":1,"featured_media":920,"comment_status":"open","ping_status":"open","sticky":false,"template":"","format":"standard","meta":[],"categories":[34],"tags":[],"yoast_head":"<!-- This site is optimized with the Yoast SEO plugin v18.4.1 - https:\/\/yoast.com\/wordpress\/plugins\/seo\/ -->\n<title>Depila\u00e7\u00e3o a Laser D\u00f3i? Esclare\u00e7a Mitos e Verdades Sobre o Procedimento - Fernanda Depila\u00e7\u00e3o<\/title>\n<meta name=\"robots\" content=\"index, follow, max-snippet:-1, max-image-preview:large, max-video-preview:-1\" \/>\n<link rel=\"canonical\" href=\"https:\/\/fernandadepilacao.com.br\/portal\/2025\/12\/depilacao-a-laser-doi-esclareca-mitos-e-verdades-sobre-o-procedimento\/\" \/>\n<meta property=\"og:locale\" content=\"pt_BR\" \/>\n<meta property=\"og:type\" content=\"article\" \/>\n<meta property=\"og:title\" content=\"Depila\u00e7\u00e3o a Laser D\u00f3i? Esclare\u00e7a Mitos e Verdades Sobre o Procedimento - Fernanda Depila\u00e7\u00e3o\" \/>\n<meta property=\"og:description\" content=\"Depila\u00e7\u00e3o a Laser D\u00f3i? Descubra a Verdade Sobre o Procedimento O Que \u00c9 Depila\u00e7\u00e3o a Laser? Depila\u00e7\u00e3o a laser \u00e9 um dos m\u00e9todos mais procurados atualmente para eliminar os pelos indesejados de forma definitiva. Utiliza tecnologia de laser para atingir o fol\u00edculo piloso (raiz do pelo), danificando-o de maneira controlada e, assim, reduzindo de forma &hellip; Depila\u00e7\u00e3o a Laser D\u00f3i? Esclare\u00e7a Mitos e Verdades Sobre o Procedimento Leia mais &raquo;\" \/>\n<meta property=\"og:url\" content=\"https:\/\/fernandadepilacao.com.br\/portal\/2025\/12\/depilacao-a-laser-doi-esclareca-mitos-e-verdades-sobre-o-procedimento\/\" \/>\n<meta property=\"og:site_name\" content=\"Fernanda Depila\u00e7\u00e3o\" \/>\n<meta property=\"article:publisher\" content=\"https:\/\/www.facebook.com\/ferjobdepilacao\" \/>\n<meta property=\"article:published_time\" content=\"2025-12-08T19:01:23+00:00\" \/>\n<meta property=\"article:modified_time\" content=\"2025-12-12T09:00:19+00:00\" \/>\n<meta property=\"og:image\" content=\"https:\/\/fernandadepilacao.com.br\/portal\/wp-content\/uploads\/2025\/12\/20251208160120.png\" \/>\n\t<meta property=\"og:image:width\" content=\"500\" \/>\n\t<meta property=\"og:image:height\" content=\"500\" \/>\n\t<meta property=\"og:image:type\" content=\"image\/png\" \/>\n<meta name=\"twitter:card\" content=\"summary_large_image\" \/>\n<meta name=\"twitter:label1\" content=\"Escrito por\" \/>\n\t<meta name=\"twitter:data1\" content=\"fernandajob\" \/>\n\t<meta name=\"twitter:label2\" content=\"Est. tempo de leitura\" \/>\n\t<meta name=\"twitter:data2\" content=\"4 minutos\" \/>\n<script type=\"application\/ld+json\" class=\"yoast-schema-graph\">{\"@context\":\"https:\/\/schema.org\",\"@graph\":[{\"@type\":\"Organization\",\"@id\":\"https:\/\/fernandadepilacao.com.br\/portal\/#organization\",\"name\":\"Fernanda Depila\u00e7\u00e3o\",\"url\":\"https:\/\/fernandadepilacao.com.br\/portal\/\",\"sameAs\":[\"https:\/\/www.facebook.com\/ferjobdepilacao\",\"http:\/\/instagram.com\/fernanda_job\"],\"logo\":{\"@type\":\"ImageObject\",\"@id\":\"https:\/\/fernandadepilacao.com.br\/portal\/#logo\",\"inLanguage\":\"pt-BR\",\"url\":\"http:\/\/fernandadepilacao.com.br\/portal\/wp-content\/uploads\/2021\/03\/logo_fernanda.png\",\"contentUrl\":\"http:\/\/fernandadepilacao.com.br\/portal\/wp-content\/uploads\/2021\/03\/logo_fernanda.png\",\"width\":673,\"height\":688,\"caption\":\"Fernanda Depila\u00e7\u00e3o\"},\"image\":{\"@id\":\"https:\/\/fernandadepilacao.com.br\/portal\/#logo\"}},{\"@type\":\"WebSite\",\"@id\":\"https:\/\/fernandadepilacao.com.br\/portal\/#website\",\"url\":\"https:\/\/fernandadepilacao.com.br\/portal\/\",\"name\":\"Fernanda Depila\u00e7\u00e3o\",\"description\":\"\",\"publisher\":{\"@id\":\"https:\/\/fernandadepilacao.com.br\/portal\/#organization\"},\"potentialAction\":[{\"@type\":\"SearchAction\",\"target\":{\"@type\":\"EntryPoint\",\"urlTemplate\":\"https:\/\/fernandadepilacao.com.br\/portal\/?s={search_term_string}\"},\"query-input\":\"required name=search_term_string\"}],\"inLanguage\":\"pt-BR\"},{\"@type\":\"ImageObject\",\"@id\":\"https:\/\/fernandadepilacao.com.br\/portal\/2025\/12\/depilacao-a-laser-doi-esclareca-mitos-e-verdades-sobre-o-procedimento\/#primaryimage\",\"inLanguage\":\"pt-BR\",\"url\":\"https:\/\/fernandadepilacao.com.br\/portal\/wp-content\/uploads\/2025\/12\/20251208160120.png\",\"contentUrl\":\"https:\/\/fernandadepilacao.com.br\/portal\/wp-content\/uploads\/2025\/12\/20251208160120.png\",\"width\":500,\"height\":500},{\"@type\":\"WebPage\",\"@id\":\"https:\/\/fernandadepilacao.com.br\/portal\/2025\/12\/depilacao-a-laser-doi-esclareca-mitos-e-verdades-sobre-o-procedimento\/#webpage\",\"url\":\"https:\/\/fernandadepilacao.com.br\/portal\/2025\/12\/depilacao-a-laser-doi-esclareca-mitos-e-verdades-sobre-o-procedimento\/\",\"name\":\"Depila\u00e7\u00e3o a Laser D\u00f3i? Esclare\u00e7a Mitos e Verdades Sobre o Procedimento - Fernanda Depila\u00e7\u00e3o\",\"isPartOf\":{\"@id\":\"https:\/\/fernandadepilacao.com.br\/portal\/#website\"},\"primaryImageOfPage\":{\"@id\":\"https:\/\/fernandadepilacao.com.br\/portal\/2025\/12\/depilacao-a-laser-doi-esclareca-mitos-e-verdades-sobre-o-procedimento\/#primaryimage\"},\"datePublished\":\"2025-12-08T19:01:23+00:00\",\"dateModified\":\"2025-12-12T09:00:19+00:00\",\"breadcrumb\":{\"@id\":\"https:\/\/fernandadepilacao.com.br\/portal\/2025\/12\/depilacao-a-laser-doi-esclareca-mitos-e-verdades-sobre-o-procedimento\/#breadcrumb\"},\"inLanguage\":\"pt-BR\",\"potentialAction\":[{\"@type\":\"ReadAction\",\"target\":[\"https:\/\/fernandadepilacao.com.br\/portal\/2025\/12\/depilacao-a-laser-doi-esclareca-mitos-e-verdades-sobre-o-procedimento\/\"]}]},{\"@type\":\"BreadcrumbList\",\"@id\":\"https:\/\/fernandadepilacao.com.br\/portal\/2025\/12\/depilacao-a-laser-doi-esclareca-mitos-e-verdades-sobre-o-procedimento\/#breadcrumb\",\"itemListElement\":[{\"@type\":\"ListItem\",\"position\":1,\"name\":\"In\u00edcio\",\"item\":\"http:\/\/fernandadepilacao.com.br\/portal\/\"},{\"@type\":\"ListItem\",\"position\":2,\"name\":\"Depila\u00e7\u00e3o a Laser D\u00f3i? Esclare\u00e7a Mitos e Verdades Sobre o Procedimento\"}]},{\"@type\":\"Article\",\"@id\":\"https:\/\/fernandadepilacao.com.br\/portal\/2025\/12\/depilacao-a-laser-doi-esclareca-mitos-e-verdades-sobre-o-procedimento\/#article\",\"isPartOf\":{\"@id\":\"https:\/\/fernandadepilacao.com.br\/portal\/2025\/12\/depilacao-a-laser-doi-esclareca-mitos-e-verdades-sobre-o-procedimento\/#webpage\"},\"author\":{\"@id\":\"https:\/\/fernandadepilacao.com.br\/portal\/#\/schema\/person\/d00644c3bbfd9fd17711767a3b1abbd0\"},\"headline\":\"Depila\u00e7\u00e3o a Laser D\u00f3i? Esclare\u00e7a Mitos e Verdades Sobre o Procedimento\",\"datePublished\":\"2025-12-08T19:01:23+00:00\",\"dateModified\":\"2025-12-12T09:00:19+00:00\",\"mainEntityOfPage\":{\"@id\":\"https:\/\/fernandadepilacao.com.br\/portal\/2025\/12\/depilacao-a-laser-doi-esclareca-mitos-e-verdades-sobre-o-procedimento\/#webpage\"},\"wordCount\":823,\"commentCount\":0,\"publisher\":{\"@id\":\"https:\/\/fernandadepilacao.com.br\/portal\/#organization\"},\"image\":{\"@id\":\"https:\/\/fernandadepilacao.com.br\/portal\/2025\/12\/depilacao-a-laser-doi-esclareca-mitos-e-verdades-sobre-o-procedimento\/#primaryimage\"},\"thumbnailUrl\":\"https:\/\/fernandadepilacao.com.br\/portal\/wp-content\/uploads\/2025\/12\/20251208160120.png\",\"articleSection\":[\"Adolesc\u00eancia\"],\"inLanguage\":\"pt-BR\",\"potentialAction\":[{\"@type\":\"CommentAction\",\"name\":\"Comment\",\"target\":[\"https:\/\/fernandadepilacao.com.br\/portal\/2025\/12\/depilacao-a-laser-doi-esclareca-mitos-e-verdades-sobre-o-procedimento\/#respond\"]}]},{\"@type\":\"Person\",\"@id\":\"https:\/\/fernandadepilacao.com.br\/portal\/#\/schema\/person\/d00644c3bbfd9fd17711767a3b1abbd0\",\"name\":\"fernandajob\",\"image\":{\"@type\":\"ImageObject\",\"@id\":\"https:\/\/fernandadepilacao.com.br\/portal\/#personlogo\",\"inLanguage\":\"pt-BR\",\"url\":\"https:\/\/secure.gravatar.com\/avatar\/6c2268a68d69a325906fbdccd74b18e6?s=96&d=mm&r=g\",\"contentUrl\":\"https:\/\/secure.gravatar.com\/avatar\/6c2268a68d69a325906fbdccd74b18e6?s=96&d=mm&r=g\",\"caption\":\"fernandajob\"},\"sameAs\":[\"http:\/\/fernandadepilacao.com.br\/portal\"]}]}<\/script>\n<!-- \/ Yoast SEO plugin. -->","yoast_head_json":{"title":"Depila\u00e7\u00e3o a Laser D\u00f3i? Esclare\u00e7a Mitos e Verdades Sobre o Procedimento - Fernanda Depila\u00e7\u00e3o","robots":{"index":"index","follow":"follow","max-snippet":"max-snippet:-1","max-image-preview":"max-image-preview:large","max-video-preview":"max-video-preview:-1"},"canonical":"https:\/\/fernandadepilacao.com.br\/portal\/2025\/12\/depilacao-a-laser-doi-esclareca-mitos-e-verdades-sobre-o-procedimento\/","og_locale":"pt_BR","og_type":"article","og_title":"Depila\u00e7\u00e3o a Laser D\u00f3i? Esclare\u00e7a Mitos e Verdades Sobre o Procedimento - Fernanda Depila\u00e7\u00e3o","og_description":"Depila\u00e7\u00e3o a Laser D\u00f3i? Descubra a Verdade Sobre o Procedimento O Que \u00c9 Depila\u00e7\u00e3o a Laser? Depila\u00e7\u00e3o a laser \u00e9 um dos m\u00e9todos mais procurados atualmente para eliminar os pelos indesejados de forma definitiva. Utiliza tecnologia de laser para atingir o fol\u00edculo piloso (raiz do pelo), danificando-o de maneira controlada e, assim, reduzindo de forma &hellip; Depila\u00e7\u00e3o a Laser D\u00f3i? Esclare\u00e7a Mitos e Verdades Sobre o Procedimento Leia mais &raquo;","og_url":"https:\/\/fernandadepilacao.com.br\/portal\/2025\/12\/depilacao-a-laser-doi-esclareca-mitos-e-verdades-sobre-o-procedimento\/","og_site_name":"Fernanda Depila\u00e7\u00e3o","article_publisher":"https:\/\/www.facebook.com\/ferjobdepilacao","article_published_time":"2025-12-08T19:01:23+00:00","article_modified_time":"2025-12-12T09:00:19+00:00","og_image":[{"width":500,"height":500,"url":"https:\/\/fernandadepilacao.com.br\/portal\/wp-content\/uploads\/2025\/12\/20251208160120.png","type":"image\/png"}],"twitter_card":"summary_large_image","twitter_misc":{"Escrito por":"fernandajob","Est. tempo de leitura":"4 minutos"},"schema":{"@context":"https:\/\/schema.org","@graph":[{"@type":"Organization","@id":"https:\/\/fernandadepilacao.com.br\/portal\/#organization","name":"Fernanda Depila\u00e7\u00e3o","url":"https:\/\/fernandadepilacao.com.br\/portal\/","sameAs":["https:\/\/www.facebook.com\/ferjobdepilacao","http:\/\/instagram.com\/fernanda_job"],"logo":{"@type":"ImageObject","@id":"https:\/\/fernandadepilacao.com.br\/portal\/#logo","inLanguage":"pt-BR","url":"http:\/\/fernandadepilacao.com.br\/portal\/wp-content\/uploads\/2021\/03\/logo_fernanda.png","contentUrl":"http:\/\/fernandadepilacao.com.br\/portal\/wp-content\/uploads\/2021\/03\/logo_fernanda.png","width":673,"height":688,"caption":"Fernanda Depila\u00e7\u00e3o"},"image":{"@id":"https:\/\/fernandadepilacao.com.br\/portal\/#logo"}},{"@type":"WebSite","@id":"https:\/\/fernandadepilacao.com.br\/portal\/#website","url":"https:\/\/fernandadepilacao.com.br\/portal\/","name":"Fernanda Depila\u00e7\u00e3o","description":"","publisher":{"@id":"https:\/\/fernandadepilacao.com.br\/portal\/#organization"},"potentialAction":[{"@type":"SearchAction","target":{"@type":"EntryPoint","urlTemplate":"https:\/\/fernandadepilacao.com.br\/portal\/?s={search_term_string}"},"query-input":"required name=search_term_string"}],"inLanguage":"pt-BR"},{"@type":"ImageObject","@id":"https:\/\/fernandadepilacao.com.br\/portal\/2025\/12\/depilacao-a-laser-doi-esclareca-mitos-e-verdades-sobre-o-procedimento\/#primaryimage","inLanguage":"pt-BR","url":"https:\/\/fernandadepilacao.com.br\/portal\/wp-content\/uploads\/2025\/12\/20251208160120.png","contentUrl":"https:\/\/fernandadepilacao.com.br\/portal\/wp-content\/uploads\/2025\/12\/20251208160120.png","width":500,"height":500},{"@type":"WebPage","@id":"https:\/\/fernandadepilacao.com.br\/portal\/2025\/12\/depilacao-a-laser-doi-esclareca-mitos-e-verdades-sobre-o-procedimento\/#webpage","url":"https:\/\/fernandadepilacao.com.br\/portal\/2025\/12\/depilacao-a-laser-doi-esclareca-mitos-e-verdades-sobre-o-procedimento\/","name":"Depila\u00e7\u00e3o a Laser D\u00f3i? Esclare\u00e7a Mitos e Verdades Sobre o Procedimento - Fernanda Depila\u00e7\u00e3o","isPartOf":{"@id":"https:\/\/fernandadepilacao.com.br\/portal\/#website"},"primaryImageOfPage":{"@id":"https:\/\/fernandadepilacao.com.br\/portal\/2025\/12\/depilacao-a-laser-doi-esclareca-mitos-e-verdades-sobre-o-procedimento\/#primaryimage"},"datePublished":"2025-12-08T19:01:23+00:00","dateModified":"2025-12-12T09:00:19+00:00","breadcrumb":{"@id":"https:\/\/fernandadepilacao.com.br\/portal\/2025\/12\/depilacao-a-laser-doi-esclareca-mitos-e-verdades-sobre-o-procedimento\/#breadcrumb"},"inLanguage":"pt-BR","potentialAction":[{"@type":"ReadAction","target":["https:\/\/fernandadepilacao.com.br\/portal\/2025\/12\/depilacao-a-laser-doi-esclareca-mitos-e-verdades-sobre-o-procedimento\/"]}]},{"@type":"BreadcrumbList","@id":"https:\/\/fernandadepilacao.com.br\/portal\/2025\/12\/depilacao-a-laser-doi-esclareca-mitos-e-verdades-sobre-o-procedimento\/#breadcrumb","itemListElement":[{"@type":"ListItem","position":1,"name":"In\u00edcio","item":"http:\/\/fernandadepilacao.com.br\/portal\/"},{"@type":"ListItem","position":2,"name":"Depila\u00e7\u00e3o a Laser D\u00f3i? Esclare\u00e7a Mitos e Verdades Sobre o Procedimento"}]},{"@type":"Article","@id":"https:\/\/fernandadepilacao.com.br\/portal\/2025\/12\/depilacao-a-laser-doi-esclareca-mitos-e-verdades-sobre-o-procedimento\/#article","isPartOf":{"@id":"https:\/\/fernandadepilacao.com.br\/portal\/2025\/12\/depilacao-a-laser-doi-esclareca-mitos-e-verdades-sobre-o-procedimento\/#webpage"},"author":{"@id":"https:\/\/fernandadepilacao.com.br\/portal\/#\/schema\/person\/d00644c3bbfd9fd17711767a3b1abbd0"},"headline":"Depila\u00e7\u00e3o a Laser D\u00f3i? Esclare\u00e7a Mitos e Verdades Sobre o Procedimento","datePublished":"2025-12-08T19:01:23+00:00","dateModified":"2025-12-12T09:00:19+00:00","mainEntityOfPage":{"@id":"https:\/\/fernandadepilacao.com.br\/portal\/2025\/12\/depilacao-a-laser-doi-esclareca-mitos-e-verdades-sobre-o-procedimento\/#webpage"},"wordCount":823,"commentCount":0,"publisher":{"@id":"https:\/\/fernandadepilacao.com.br\/portal\/#organization"},"image":{"@id":"https:\/\/fernandadepilacao.com.br\/portal\/2025\/12\/depilacao-a-laser-doi-esclareca-mitos-e-verdades-sobre-o-procedimento\/#primaryimage"},"thumbnailUrl":"https:\/\/fernandadepilacao.com.br\/portal\/wp-content\/uploads\/2025\/12\/20251208160120.png","articleSection":["Adolesc\u00eancia"],"inLanguage":"pt-BR","potentialAction":[{"@type":"CommentAction","name":"Comment","target":["https:\/\/fernandadepilacao.com.br\/portal\/2025\/12\/depilacao-a-laser-doi-esclareca-mitos-e-verdades-sobre-o-procedimento\/#respond"]}]},{"@type":"Person","@id":"https:\/\/fernandadepilacao.com.br\/portal\/#\/schema\/person\/d00644c3bbfd9fd17711767a3b1abbd0","name":"fernandajob","image":{"@type":"ImageObject","@id":"https:\/\/fernandadepilacao.com.br\/portal\/#personlogo","inLanguage":"pt-BR","url":"https:\/\/secure.gravatar.com\/avatar\/6c2268a68d69a325906fbdccd74b18e6?s=96&d=mm&r=g","contentUrl":"https:\/\/secure.gravatar.com\/avatar\/6c2268a68d69a325906fbdccd74b18e6?s=96&d=mm&r=g","caption":"fernandajob"},"sameAs":["http:\/\/fernandadepilacao.com.br\/portal"]}]}},"uagb_featured_image_src":{"full":["https:\/\/fernandadepilacao.com.br\/portal\/wp-content\/uploads\/2025\/12\/20251208160120.png",500,500,false],"thumbnail":["https:\/\/fernandadepilacao.com.br\/portal\/wp-content\/uploads\/2025\/12\/20251208160120-150x150.png",150,150,true],"medium":["https:\/\/fernandadepilacao.com.br\/portal\/wp-content\/uploads\/2025\/12\/20251208160120-300x300.png",300,300,true],"medium_large":["https:\/\/fernandadepilacao.com.br\/portal\/wp-content\/uploads\/2025\/12\/20251208160120.png",500,500,false],"large":["https:\/\/fernandadepilacao.com.br\/portal\/wp-content\/uploads\/2025\/12\/20251208160120.png",500,500,false],"1536x1536":["https:\/\/fernandadepilacao.com.br\/portal\/wp-content\/uploads\/2025\/12\/20251208160120.png",500,500,false],"2048x2048":["https:\/\/fernandadepilacao.com.br\/portal\/wp-content\/uploads\/2025\/12\/20251208160120.png",500,500,false]},"uagb_author_info":{"display_name":"fernandajob","author_link":"https:\/\/fernandadepilacao.com.br\/portal\/author\/fernandajob\/"},"uagb_comment_info":0,"uagb_excerpt":"Depila\u00e7\u00e3o a Laser D\u00f3i? Descubra a Verdade Sobre o Procedimento O Que \u00c9 Depila\u00e7\u00e3o a Laser? Depila\u00e7\u00e3o a laser \u00e9 um dos m\u00e9todos mais procurados atualmente para eliminar os pelos indesejados de forma definitiva. Utiliza tecnologia de laser para atingir o fol\u00edculo piloso (raiz do pelo), danificando-o de maneira controlada e, assim, reduzindo de forma&hellip;","_links":{"self":[{"href":"https:\/\/fernandadepilacao.com.br\/portal\/wp-json\/wp\/v2\/posts\/921"}],"collection":[{"href":"https:\/\/fernandadepilacao.com.br\/portal\/wp-json\/wp\/v2\/posts"}],"about":[{"href":"https:\/\/fernandadepilacao.com.br\/portal\/wp-json\/wp\/v2\/types\/post"}],"author":[{"embeddable":true,"href":"https:\/\/fernandadepilacao.com.br\/portal\/wp-json\/wp\/v2\/users\/1"}],"replies":[{"embeddable":true,"href":"https:\/\/fernandadepilacao.com.br\/portal\/wp-json\/wp\/v2\/comments?post=921"}],"version-history":[{"count":1,"href":"https:\/\/fernandadepilacao.com.br\/portal\/wp-json\/wp\/v2\/posts\/921\/revisions"}],"predecessor-version":[{"id":922,"href":"https:\/\/fernandadepilacao.com.br\/portal\/wp-json\/wp\/v2\/posts\/921\/revisions\/922"}],"wp:featuredmedia":[{"embeddable":true,"href":"https:\/\/fernandadepilacao.com.br\/portal\/wp-json\/wp\/v2\/media\/920"}],"wp:attachment":[{"href":"https:\/\/fernandadepilacao.com.br\/portal\/wp-json\/wp\/v2\/media?parent=921"}],"wp:term":[{"taxonomy":"category","embeddable":true,"href":"https:\/\/fernandadepilacao.com.br\/portal\/wp-json\/wp\/v2\/categories?post=921"},{"taxonomy":"post_tag","embeddable":true,"href":"https:\/\/fernandadepilacao.com.br\/portal\/wp-json\/wp\/v2\/tags?post=921"}],"curies":[{"name":"wp","href":"https:\/\/api.w.org\/{rel}","templated":true}]}}