{"id":915,"date":"2025-12-07T16:01:21","date_gmt":"2025-12-07T19:01:21","guid":{"rendered":"https:\/\/fernandadepilacao.com.br\/portal\/2025\/12\/guia-completo-de-depilacao-facial-dicas-metodos-e-cuidados-para-uma-pele-lisa\/"},"modified":"2025-12-07T18:00:18","modified_gmt":"2025-12-07T21:00:18","slug":"guia-completo-de-depilacao-facial-dicas-metodos-e-cuidados-para-uma-pele-lisa","status":"publish","type":"post","link":"https:\/\/fernandadepilacao.com.br\/portal\/2025\/12\/guia-completo-de-depilacao-facial-dicas-metodos-e-cuidados-para-uma-pele-lisa\/","title":{"rendered":"Guia Completo de Depila\u00e7\u00e3o Facial: Dicas, M\u00e9todos e Cuidados para uma Pele Lisa"},"content":{"rendered":"<article>\n<header>\n<h1>Depila\u00e7\u00e3o Facial: Tudo o que Voc\u00ea Precisa Saber para uma Pele Lisa e Saud\u00e1vel<\/h1>\n<p>    <meta name=\"description\" content=\"Descubra dicas essenciais, t\u00e9cnicas e cuidados para a depila\u00e7\u00e3o facial ideal. Conhe\u00e7a os melhores m\u00e9todos e mantenha sua pele livre de pelos e irrita\u00e7\u00f5es.\" \/><br \/>\n  <\/header>\n<section>\n<h2>O que \u00e9 Depila\u00e7\u00e3o Facial?<\/h2>\n<p>A <strong>depila\u00e7\u00e3o facial<\/strong> engloba todas as t\u00e9cnicas utilizadas para a remo\u00e7\u00e3o de pelos no rosto, incluindo \u00e1reas como sobrancelhas, bu\u00e7o, bochechas, queixo e testa. Al\u00e9m de contribuir para a est\u00e9tica, uma depila\u00e7\u00e3o facial bem feita promove sensa\u00e7\u00e3o de limpeza, maciez e pode at\u00e9 mesmo ajudar na aplica\u00e7\u00e3o de maquiagem, tornando a pele mais uniforme e luminosa.<\/p>\n<p>A busca por m\u00e9todos de depila\u00e7\u00e3o facial seguros e eficazes tem crescido, especialmente entre quem deseja manter o visual impec\u00e1vel e a autoconfian\u00e7a elevada.<\/p>\n<\/section>\n<section>\n<h2>Principais M\u00e9todos de Depila\u00e7\u00e3o Facial<\/h2>\n<ul>\n<li><strong>Cera (quente ou fria):<\/strong> M\u00e9todo cl\u00e1ssico e muito utilizado para remover pelos do bu\u00e7o e bochechas. Remove os pelos pela raiz, oferecendo resultado duradouro, mas pode causar sensibilidade tempor\u00e1ria.<\/li>\n<li><strong>Linha (Threading):<\/strong> T\u00e9cnica indiana muito precisa, perfeita para a depila\u00e7\u00e3o das <strong>sobrancelhas<\/strong> e outras \u00e1reas pequenas do rosto. A linha de algod\u00e3o arranca os pelos um a um, garantindo defini\u00e7\u00e3o e cuidado com a pele.<\/li>\n<li><strong>Pinceta:<\/strong> Ideal para ajustes e remo\u00e7\u00e3o de pelos isolados nas sobrancelhas, garantindo desenho e simetria.<\/li>\n<li><strong>Cremes depilat\u00f3rios:<\/strong> Embora menos comuns em \u00e1reas sens\u00edveis, podem ser utilizados com cuidado, sempre respeitando o tempo indicado para evitar irrita\u00e7\u00f5es.<\/li>\n<li><strong>L\u00e2mina:<\/strong> Muito usada para \u00e1reas maiores, como a lateral do rosto, a l\u00e2mina remove os pelos superficialmente, por\u00e9m pode deixar a pele levemente \u00e1spera e requer aten\u00e7\u00e3o para evitar cortes.<\/li>\n<li><strong>Depila\u00e7\u00e3o a laser e luz pulsada:<\/strong> M\u00e9todos mais modernos, que garantem redu\u00e7\u00e3o progressiva dos pelos faciais, promovendo resultados de longa dura\u00e7\u00e3o. Requer avalia\u00e7\u00e3o profissional e cuidado para evitar manchas ou queimaduras.<\/li>\n<\/ul>\n<\/section>\n<section>\n<h2>Cuidados Essenciais Antes e Depois da Depila\u00e7\u00e3o Facial<\/h2>\n<p>A pele do rosto \u00e9 delicada e propensa a irrita\u00e7\u00f5es, manchas e at\u00e9 mesmo foliculite. Por isso, alguns cuidados s\u00e3o fundamentais:<\/p>\n<ul>\n<li><strong>Higienize bem a pele<\/strong> antes do procedimento, removendo maquiagens e oleosidade.<\/li>\n<li>Evite a <strong>exposi\u00e7\u00e3o solar<\/strong> intensa antes e, principalmente, ap\u00f3s a depila\u00e7\u00e3o para prevenir manchas e sensibilidade.<\/li>\n<li><strong>Hidrate a pele<\/strong> com produtos suaves e evite cosm\u00e9ticos \u00e0 base de \u00e1lcool nas primeiras horas ap\u00f3s a depila\u00e7\u00e3o.<\/li>\n<li>Ao notar irrita\u00e7\u00f5es ou vermelhid\u00e3o persistente, aposte em produtos calmantes, como \u00e1gua termal e gel de aloe vera.<\/li>\n<li><strong>Jamais esfolie ou use \u00e1cidos<\/strong> no rosto no mesmo dia da depila\u00e7\u00e3o facial.<\/li>\n<\/ul>\n<\/section>\n<section>\n<h2>Quem Deve Evitar a Depila\u00e7\u00e3o Facial?<\/h2>\n<p>Pessoas com a pele muito sens\u00edvel, ativo em crises de acne, ros\u00e1cea ou que utilizam medicamentos t\u00f3picos fortes (como \u00e1cidos) devem consultar um dermatologista antes de optar pela depila\u00e7\u00e3o facial. Em casos de pele lesionada, ferida ou com queimaduras, \u00e9 indicado aguardar a total cicatriza\u00e7\u00e3o para evitar complica\u00e7\u00f5es.<\/p>\n<\/section>\n<section>\n<h2>Perguntas Frequentes sobre Depila\u00e7\u00e3o Facial<\/h2>\n<dl>\n<dt><strong>Depila\u00e7\u00e3o facial engrossa os pelos?<\/strong><\/dt>\n<dd>N\u00e3o. Remover os pelos n\u00e3o altera sua espessura ou cor. A impress\u00e3o de engrossamento \u00e9 causada pelo corte reto na base quando usamos l\u00e2mina, mas o pelo voltar\u00e1 ao seu formato natural.<\/dd>\n<dt><strong>Posso me depilar sozinha em casa?<\/strong><\/dt>\n<dd>\u00c9 poss\u00edvel, sim, desde que sejam utilizados produtos seguros e indicados para o rosto, com m\u00e1xima aten\u00e7\u00e3o para evitar les\u00f5es. Para procedimentos mais abrangentes, como cera ou laser, o acompanhamento de um profissional esteticista \u00e9 recomendado.<\/dd>\n<dt><strong>Quais os efeitos colaterais mais comuns?<\/strong><\/dt>\n<dd>Vermelhid\u00e3o, sensibilidade, pequenas bolinhas (foliculite) e, em casos raros, manchas. O risco \u00e9 minimizado com cuidados pr\u00e9 e p\u00f3s depila\u00e7\u00e3o facial adequados.<\/dd>\n<\/dl>\n<\/section>\n<section>\n<h2>Dicas de Ouro para uma Depila\u00e7\u00e3o Facial Segura<\/h2>\n<ul>\n<li>Fa\u00e7a uma pequena <strong>prova de toque<\/strong> em \u00e1rea discreta do rosto antes de testar novos produtos ou m\u00e9todos.<\/li>\n<li><strong>Evite repassar a cera<\/strong> na mesma \u00e1rea v\u00e1rias vezes para n\u00e3o sensibilizar a pele.<\/li>\n<li>Utilize <strong>protetor solar facial<\/strong> diariamente, principalmente ap\u00f3s a depila\u00e7\u00e3o.<\/li>\n<li>Busque sempre orienta\u00e7\u00e3o profissional ao optar por m\u00e9todos permanentes, como laser.<\/li>\n<\/ul>\n<\/section>\n<footer>\n<p>A <strong>depila\u00e7\u00e3o facial<\/strong> vai muito al\u00e9m da est\u00e9tica. Ela \u00e9 um cuidado com a autoestima, o bem-estar e a sa\u00fade da pele. Seguindo as orienta\u00e7\u00f5es corretas e escolhendo o <a href=\"\/metodos-ideais-de-depilacao-facial\">m\u00e9todo de depila\u00e7\u00e3o facial ideal<\/a> para o seu tipo de pele e caracter\u00edstica dos pelos, \u00e9 poss\u00edvel conquistar uma pele lisinha, saud\u00e1vel e radiante todos os dias!<\/p>\n<p>Conhe\u00e7a outros conte\u00fados e dicas sobre <a href=\"\/depilacao\">depila\u00e7\u00e3o<\/a> e cuide-se sempre com carinho e aten\u00e7\u00e3o. Sua pele agradece!<\/p>\n<\/footer>\n<\/article>\n","protected":false},"excerpt":{"rendered":"<p>Depila\u00e7\u00e3o Facial: Tudo o que Voc\u00ea Precisa Saber para uma Pele Lisa e Saud\u00e1vel O que \u00e9 Depila\u00e7\u00e3o Facial? A depila\u00e7\u00e3o facial engloba todas as t\u00e9cnicas utilizadas para a remo\u00e7\u00e3o de pelos no rosto, incluindo \u00e1reas como sobrancelhas, bu\u00e7o, bochechas, queixo e testa. Al\u00e9m de contribuir para a est\u00e9tica, uma depila\u00e7\u00e3o facial bem feita promove &hellip;<\/p>\n<p class=\"read-more\"> <a class=\"\" href=\"https:\/\/fernandadepilacao.com.br\/portal\/2025\/12\/guia-completo-de-depilacao-facial-dicas-metodos-e-cuidados-para-uma-pele-lisa\/\"> <span class=\"screen-reader-text\">Guia Completo de Depila\u00e7\u00e3o Facial: Dicas, M\u00e9todos e Cuidados para uma Pele Lisa<\/span> Leia mais &raquo;<\/a><\/p>\n","protected":false},"author":1,"featured_media":914,"comment_status":"open","ping_status":"open","sticky":false,"template":"","format":"standard","meta":[],"categories":[34],"tags":[],"yoast_head":"<!-- This site is optimized with the Yoast SEO plugin v18.4.1 - https:\/\/yoast.com\/wordpress\/plugins\/seo\/ -->\n<title>Guia Completo de Depila\u00e7\u00e3o Facial: Dicas, M\u00e9todos e Cuidados para uma Pele Lisa - Fernanda Depila\u00e7\u00e3o<\/title>\n<meta name=\"robots\" content=\"index, follow, max-snippet:-1, max-image-preview:large, max-video-preview:-1\" \/>\n<link rel=\"canonical\" href=\"https:\/\/fernandadepilacao.com.br\/portal\/2025\/12\/guia-completo-de-depilacao-facial-dicas-metodos-e-cuidados-para-uma-pele-lisa\/\" \/>\n<meta property=\"og:locale\" content=\"pt_BR\" \/>\n<meta property=\"og:type\" content=\"article\" \/>\n<meta property=\"og:title\" content=\"Guia Completo de Depila\u00e7\u00e3o Facial: Dicas, M\u00e9todos e Cuidados para uma Pele Lisa - Fernanda Depila\u00e7\u00e3o\" \/>\n<meta property=\"og:description\" content=\"Depila\u00e7\u00e3o Facial: Tudo o que Voc\u00ea Precisa Saber para uma Pele Lisa e Saud\u00e1vel O que \u00e9 Depila\u00e7\u00e3o Facial? A depila\u00e7\u00e3o facial engloba todas as t\u00e9cnicas utilizadas para a remo\u00e7\u00e3o de pelos no rosto, incluindo \u00e1reas como sobrancelhas, bu\u00e7o, bochechas, queixo e testa. Al\u00e9m de contribuir para a est\u00e9tica, uma depila\u00e7\u00e3o facial bem feita promove &hellip; Guia Completo de Depila\u00e7\u00e3o Facial: Dicas, M\u00e9todos e Cuidados para uma Pele Lisa Leia mais &raquo;\" \/>\n<meta property=\"og:url\" content=\"https:\/\/fernandadepilacao.com.br\/portal\/2025\/12\/guia-completo-de-depilacao-facial-dicas-metodos-e-cuidados-para-uma-pele-lisa\/\" \/>\n<meta property=\"og:site_name\" content=\"Fernanda Depila\u00e7\u00e3o\" \/>\n<meta property=\"article:publisher\" content=\"https:\/\/www.facebook.com\/ferjobdepilacao\" \/>\n<meta property=\"article:published_time\" content=\"2025-12-07T19:01:21+00:00\" \/>\n<meta property=\"article:modified_time\" content=\"2025-12-07T21:00:18+00:00\" \/>\n<meta property=\"og:image\" content=\"https:\/\/fernandadepilacao.com.br\/portal\/wp-content\/uploads\/2025\/12\/20251207160119.png\" \/>\n\t<meta property=\"og:image:width\" content=\"500\" \/>\n\t<meta property=\"og:image:height\" content=\"500\" \/>\n\t<meta property=\"og:image:type\" content=\"image\/png\" \/>\n<meta name=\"twitter:card\" content=\"summary_large_image\" \/>\n<meta name=\"twitter:label1\" content=\"Escrito por\" \/>\n\t<meta name=\"twitter:data1\" content=\"fernandajob\" \/>\n\t<meta name=\"twitter:label2\" content=\"Est. tempo de leitura\" \/>\n\t<meta name=\"twitter:data2\" content=\"4 minutos\" \/>\n<script type=\"application\/ld+json\" class=\"yoast-schema-graph\">{\"@context\":\"https:\/\/schema.org\",\"@graph\":[{\"@type\":\"Organization\",\"@id\":\"https:\/\/fernandadepilacao.com.br\/portal\/#organization\",\"name\":\"Fernanda Depila\u00e7\u00e3o\",\"url\":\"https:\/\/fernandadepilacao.com.br\/portal\/\",\"sameAs\":[\"https:\/\/www.facebook.com\/ferjobdepilacao\",\"http:\/\/instagram.com\/fernanda_job\"],\"logo\":{\"@type\":\"ImageObject\",\"@id\":\"https:\/\/fernandadepilacao.com.br\/portal\/#logo\",\"inLanguage\":\"pt-BR\",\"url\":\"http:\/\/fernandadepilacao.com.br\/portal\/wp-content\/uploads\/2021\/03\/logo_fernanda.png\",\"contentUrl\":\"http:\/\/fernandadepilacao.com.br\/portal\/wp-content\/uploads\/2021\/03\/logo_fernanda.png\",\"width\":673,\"height\":688,\"caption\":\"Fernanda Depila\u00e7\u00e3o\"},\"image\":{\"@id\":\"https:\/\/fernandadepilacao.com.br\/portal\/#logo\"}},{\"@type\":\"WebSite\",\"@id\":\"https:\/\/fernandadepilacao.com.br\/portal\/#website\",\"url\":\"https:\/\/fernandadepilacao.com.br\/portal\/\",\"name\":\"Fernanda Depila\u00e7\u00e3o\",\"description\":\"\",\"publisher\":{\"@id\":\"https:\/\/fernandadepilacao.com.br\/portal\/#organization\"},\"potentialAction\":[{\"@type\":\"SearchAction\",\"target\":{\"@type\":\"EntryPoint\",\"urlTemplate\":\"https:\/\/fernandadepilacao.com.br\/portal\/?s={search_term_string}\"},\"query-input\":\"required name=search_term_string\"}],\"inLanguage\":\"pt-BR\"},{\"@type\":\"ImageObject\",\"@id\":\"https:\/\/fernandadepilacao.com.br\/portal\/2025\/12\/guia-completo-de-depilacao-facial-dicas-metodos-e-cuidados-para-uma-pele-lisa\/#primaryimage\",\"inLanguage\":\"pt-BR\",\"url\":\"https:\/\/fernandadepilacao.com.br\/portal\/wp-content\/uploads\/2025\/12\/20251207160119.png\",\"contentUrl\":\"https:\/\/fernandadepilacao.com.br\/portal\/wp-content\/uploads\/2025\/12\/20251207160119.png\",\"width\":500,\"height\":500},{\"@type\":\"WebPage\",\"@id\":\"https:\/\/fernandadepilacao.com.br\/portal\/2025\/12\/guia-completo-de-depilacao-facial-dicas-metodos-e-cuidados-para-uma-pele-lisa\/#webpage\",\"url\":\"https:\/\/fernandadepilacao.com.br\/portal\/2025\/12\/guia-completo-de-depilacao-facial-dicas-metodos-e-cuidados-para-uma-pele-lisa\/\",\"name\":\"Guia Completo de Depila\u00e7\u00e3o Facial: Dicas, M\u00e9todos e Cuidados para uma Pele Lisa - Fernanda Depila\u00e7\u00e3o\",\"isPartOf\":{\"@id\":\"https:\/\/fernandadepilacao.com.br\/portal\/#website\"},\"primaryImageOfPage\":{\"@id\":\"https:\/\/fernandadepilacao.com.br\/portal\/2025\/12\/guia-completo-de-depilacao-facial-dicas-metodos-e-cuidados-para-uma-pele-lisa\/#primaryimage\"},\"datePublished\":\"2025-12-07T19:01:21+00:00\",\"dateModified\":\"2025-12-07T21:00:18+00:00\",\"breadcrumb\":{\"@id\":\"https:\/\/fernandadepilacao.com.br\/portal\/2025\/12\/guia-completo-de-depilacao-facial-dicas-metodos-e-cuidados-para-uma-pele-lisa\/#breadcrumb\"},\"inLanguage\":\"pt-BR\",\"potentialAction\":[{\"@type\":\"ReadAction\",\"target\":[\"https:\/\/fernandadepilacao.com.br\/portal\/2025\/12\/guia-completo-de-depilacao-facial-dicas-metodos-e-cuidados-para-uma-pele-lisa\/\"]}]},{\"@type\":\"BreadcrumbList\",\"@id\":\"https:\/\/fernandadepilacao.com.br\/portal\/2025\/12\/guia-completo-de-depilacao-facial-dicas-metodos-e-cuidados-para-uma-pele-lisa\/#breadcrumb\",\"itemListElement\":[{\"@type\":\"ListItem\",\"position\":1,\"name\":\"In\u00edcio\",\"item\":\"http:\/\/fernandadepilacao.com.br\/portal\/\"},{\"@type\":\"ListItem\",\"position\":2,\"name\":\"Guia Completo de Depila\u00e7\u00e3o Facial: Dicas, M\u00e9todos e Cuidados para uma Pele Lisa\"}]},{\"@type\":\"Article\",\"@id\":\"https:\/\/fernandadepilacao.com.br\/portal\/2025\/12\/guia-completo-de-depilacao-facial-dicas-metodos-e-cuidados-para-uma-pele-lisa\/#article\",\"isPartOf\":{\"@id\":\"https:\/\/fernandadepilacao.com.br\/portal\/2025\/12\/guia-completo-de-depilacao-facial-dicas-metodos-e-cuidados-para-uma-pele-lisa\/#webpage\"},\"author\":{\"@id\":\"https:\/\/fernandadepilacao.com.br\/portal\/#\/schema\/person\/d00644c3bbfd9fd17711767a3b1abbd0\"},\"headline\":\"Guia Completo de Depila\u00e7\u00e3o Facial: Dicas, M\u00e9todos e Cuidados para uma Pele Lisa\",\"datePublished\":\"2025-12-07T19:01:21+00:00\",\"dateModified\":\"2025-12-07T21:00:18+00:00\",\"mainEntityOfPage\":{\"@id\":\"https:\/\/fernandadepilacao.com.br\/portal\/2025\/12\/guia-completo-de-depilacao-facial-dicas-metodos-e-cuidados-para-uma-pele-lisa\/#webpage\"},\"wordCount\":769,\"commentCount\":0,\"publisher\":{\"@id\":\"https:\/\/fernandadepilacao.com.br\/portal\/#organization\"},\"image\":{\"@id\":\"https:\/\/fernandadepilacao.com.br\/portal\/2025\/12\/guia-completo-de-depilacao-facial-dicas-metodos-e-cuidados-para-uma-pele-lisa\/#primaryimage\"},\"thumbnailUrl\":\"https:\/\/fernandadepilacao.com.br\/portal\/wp-content\/uploads\/2025\/12\/20251207160119.png\",\"articleSection\":[\"Adolesc\u00eancia\"],\"inLanguage\":\"pt-BR\",\"potentialAction\":[{\"@type\":\"CommentAction\",\"name\":\"Comment\",\"target\":[\"https:\/\/fernandadepilacao.com.br\/portal\/2025\/12\/guia-completo-de-depilacao-facial-dicas-metodos-e-cuidados-para-uma-pele-lisa\/#respond\"]}]},{\"@type\":\"Person\",\"@id\":\"https:\/\/fernandadepilacao.com.br\/portal\/#\/schema\/person\/d00644c3bbfd9fd17711767a3b1abbd0\",\"name\":\"fernandajob\",\"image\":{\"@type\":\"ImageObject\",\"@id\":\"https:\/\/fernandadepilacao.com.br\/portal\/#personlogo\",\"inLanguage\":\"pt-BR\",\"url\":\"https:\/\/secure.gravatar.com\/avatar\/6c2268a68d69a325906fbdccd74b18e6?s=96&d=mm&r=g\",\"contentUrl\":\"https:\/\/secure.gravatar.com\/avatar\/6c2268a68d69a325906fbdccd74b18e6?s=96&d=mm&r=g\",\"caption\":\"fernandajob\"},\"sameAs\":[\"http:\/\/fernandadepilacao.com.br\/portal\"]}]}<\/script>\n<!-- \/ Yoast SEO plugin. -->","yoast_head_json":{"title":"Guia Completo de Depila\u00e7\u00e3o Facial: Dicas, M\u00e9todos e Cuidados para uma Pele Lisa - Fernanda Depila\u00e7\u00e3o","robots":{"index":"index","follow":"follow","max-snippet":"max-snippet:-1","max-image-preview":"max-image-preview:large","max-video-preview":"max-video-preview:-1"},"canonical":"https:\/\/fernandadepilacao.com.br\/portal\/2025\/12\/guia-completo-de-depilacao-facial-dicas-metodos-e-cuidados-para-uma-pele-lisa\/","og_locale":"pt_BR","og_type":"article","og_title":"Guia Completo de Depila\u00e7\u00e3o Facial: Dicas, M\u00e9todos e Cuidados para uma Pele Lisa - Fernanda Depila\u00e7\u00e3o","og_description":"Depila\u00e7\u00e3o Facial: Tudo o que Voc\u00ea Precisa Saber para uma Pele Lisa e Saud\u00e1vel O que \u00e9 Depila\u00e7\u00e3o Facial? A depila\u00e7\u00e3o facial engloba todas as t\u00e9cnicas utilizadas para a remo\u00e7\u00e3o de pelos no rosto, incluindo \u00e1reas como sobrancelhas, bu\u00e7o, bochechas, queixo e testa. Al\u00e9m de contribuir para a est\u00e9tica, uma depila\u00e7\u00e3o facial bem feita promove &hellip; Guia Completo de Depila\u00e7\u00e3o Facial: Dicas, M\u00e9todos e Cuidados para uma Pele Lisa Leia mais &raquo;","og_url":"https:\/\/fernandadepilacao.com.br\/portal\/2025\/12\/guia-completo-de-depilacao-facial-dicas-metodos-e-cuidados-para-uma-pele-lisa\/","og_site_name":"Fernanda Depila\u00e7\u00e3o","article_publisher":"https:\/\/www.facebook.com\/ferjobdepilacao","article_published_time":"2025-12-07T19:01:21+00:00","article_modified_time":"2025-12-07T21:00:18+00:00","og_image":[{"width":500,"height":500,"url":"https:\/\/fernandadepilacao.com.br\/portal\/wp-content\/uploads\/2025\/12\/20251207160119.png","type":"image\/png"}],"twitter_card":"summary_large_image","twitter_misc":{"Escrito por":"fernandajob","Est. tempo de leitura":"4 minutos"},"schema":{"@context":"https:\/\/schema.org","@graph":[{"@type":"Organization","@id":"https:\/\/fernandadepilacao.com.br\/portal\/#organization","name":"Fernanda Depila\u00e7\u00e3o","url":"https:\/\/fernandadepilacao.com.br\/portal\/","sameAs":["https:\/\/www.facebook.com\/ferjobdepilacao","http:\/\/instagram.com\/fernanda_job"],"logo":{"@type":"ImageObject","@id":"https:\/\/fernandadepilacao.com.br\/portal\/#logo","inLanguage":"pt-BR","url":"http:\/\/fernandadepilacao.com.br\/portal\/wp-content\/uploads\/2021\/03\/logo_fernanda.png","contentUrl":"http:\/\/fernandadepilacao.com.br\/portal\/wp-content\/uploads\/2021\/03\/logo_fernanda.png","width":673,"height":688,"caption":"Fernanda Depila\u00e7\u00e3o"},"image":{"@id":"https:\/\/fernandadepilacao.com.br\/portal\/#logo"}},{"@type":"WebSite","@id":"https:\/\/fernandadepilacao.com.br\/portal\/#website","url":"https:\/\/fernandadepilacao.com.br\/portal\/","name":"Fernanda Depila\u00e7\u00e3o","description":"","publisher":{"@id":"https:\/\/fernandadepilacao.com.br\/portal\/#organization"},"potentialAction":[{"@type":"SearchAction","target":{"@type":"EntryPoint","urlTemplate":"https:\/\/fernandadepilacao.com.br\/portal\/?s={search_term_string}"},"query-input":"required name=search_term_string"}],"inLanguage":"pt-BR"},{"@type":"ImageObject","@id":"https:\/\/fernandadepilacao.com.br\/portal\/2025\/12\/guia-completo-de-depilacao-facial-dicas-metodos-e-cuidados-para-uma-pele-lisa\/#primaryimage","inLanguage":"pt-BR","url":"https:\/\/fernandadepilacao.com.br\/portal\/wp-content\/uploads\/2025\/12\/20251207160119.png","contentUrl":"https:\/\/fernandadepilacao.com.br\/portal\/wp-content\/uploads\/2025\/12\/20251207160119.png","width":500,"height":500},{"@type":"WebPage","@id":"https:\/\/fernandadepilacao.com.br\/portal\/2025\/12\/guia-completo-de-depilacao-facial-dicas-metodos-e-cuidados-para-uma-pele-lisa\/#webpage","url":"https:\/\/fernandadepilacao.com.br\/portal\/2025\/12\/guia-completo-de-depilacao-facial-dicas-metodos-e-cuidados-para-uma-pele-lisa\/","name":"Guia Completo de Depila\u00e7\u00e3o Facial: Dicas, M\u00e9todos e Cuidados para uma Pele Lisa - Fernanda Depila\u00e7\u00e3o","isPartOf":{"@id":"https:\/\/fernandadepilacao.com.br\/portal\/#website"},"primaryImageOfPage":{"@id":"https:\/\/fernandadepilacao.com.br\/portal\/2025\/12\/guia-completo-de-depilacao-facial-dicas-metodos-e-cuidados-para-uma-pele-lisa\/#primaryimage"},"datePublished":"2025-12-07T19:01:21+00:00","dateModified":"2025-12-07T21:00:18+00:00","breadcrumb":{"@id":"https:\/\/fernandadepilacao.com.br\/portal\/2025\/12\/guia-completo-de-depilacao-facial-dicas-metodos-e-cuidados-para-uma-pele-lisa\/#breadcrumb"},"inLanguage":"pt-BR","potentialAction":[{"@type":"ReadAction","target":["https:\/\/fernandadepilacao.com.br\/portal\/2025\/12\/guia-completo-de-depilacao-facial-dicas-metodos-e-cuidados-para-uma-pele-lisa\/"]}]},{"@type":"BreadcrumbList","@id":"https:\/\/fernandadepilacao.com.br\/portal\/2025\/12\/guia-completo-de-depilacao-facial-dicas-metodos-e-cuidados-para-uma-pele-lisa\/#breadcrumb","itemListElement":[{"@type":"ListItem","position":1,"name":"In\u00edcio","item":"http:\/\/fernandadepilacao.com.br\/portal\/"},{"@type":"ListItem","position":2,"name":"Guia Completo de Depila\u00e7\u00e3o Facial: Dicas, M\u00e9todos e Cuidados para uma Pele Lisa"}]},{"@type":"Article","@id":"https:\/\/fernandadepilacao.com.br\/portal\/2025\/12\/guia-completo-de-depilacao-facial-dicas-metodos-e-cuidados-para-uma-pele-lisa\/#article","isPartOf":{"@id":"https:\/\/fernandadepilacao.com.br\/portal\/2025\/12\/guia-completo-de-depilacao-facial-dicas-metodos-e-cuidados-para-uma-pele-lisa\/#webpage"},"author":{"@id":"https:\/\/fernandadepilacao.com.br\/portal\/#\/schema\/person\/d00644c3bbfd9fd17711767a3b1abbd0"},"headline":"Guia Completo de Depila\u00e7\u00e3o Facial: Dicas, M\u00e9todos e Cuidados para uma Pele Lisa","datePublished":"2025-12-07T19:01:21+00:00","dateModified":"2025-12-07T21:00:18+00:00","mainEntityOfPage":{"@id":"https:\/\/fernandadepilacao.com.br\/portal\/2025\/12\/guia-completo-de-depilacao-facial-dicas-metodos-e-cuidados-para-uma-pele-lisa\/#webpage"},"wordCount":769,"commentCount":0,"publisher":{"@id":"https:\/\/fernandadepilacao.com.br\/portal\/#organization"},"image":{"@id":"https:\/\/fernandadepilacao.com.br\/portal\/2025\/12\/guia-completo-de-depilacao-facial-dicas-metodos-e-cuidados-para-uma-pele-lisa\/#primaryimage"},"thumbnailUrl":"https:\/\/fernandadepilacao.com.br\/portal\/wp-content\/uploads\/2025\/12\/20251207160119.png","articleSection":["Adolesc\u00eancia"],"inLanguage":"pt-BR","potentialAction":[{"@type":"CommentAction","name":"Comment","target":["https:\/\/fernandadepilacao.com.br\/portal\/2025\/12\/guia-completo-de-depilacao-facial-dicas-metodos-e-cuidados-para-uma-pele-lisa\/#respond"]}]},{"@type":"Person","@id":"https:\/\/fernandadepilacao.com.br\/portal\/#\/schema\/person\/d00644c3bbfd9fd17711767a3b1abbd0","name":"fernandajob","image":{"@type":"ImageObject","@id":"https:\/\/fernandadepilacao.com.br\/portal\/#personlogo","inLanguage":"pt-BR","url":"https:\/\/secure.gravatar.com\/avatar\/6c2268a68d69a325906fbdccd74b18e6?s=96&d=mm&r=g","contentUrl":"https:\/\/secure.gravatar.com\/avatar\/6c2268a68d69a325906fbdccd74b18e6?s=96&d=mm&r=g","caption":"fernandajob"},"sameAs":["http:\/\/fernandadepilacao.com.br\/portal"]}]}},"uagb_featured_image_src":{"full":["https:\/\/fernandadepilacao.com.br\/portal\/wp-content\/uploads\/2025\/12\/20251207160119.png",500,500,false],"thumbnail":["https:\/\/fernandadepilacao.com.br\/portal\/wp-content\/uploads\/2025\/12\/20251207160119-150x150.png",150,150,true],"medium":["https:\/\/fernandadepilacao.com.br\/portal\/wp-content\/uploads\/2025\/12\/20251207160119-300x300.png",300,300,true],"medium_large":["https:\/\/fernandadepilacao.com.br\/portal\/wp-content\/uploads\/2025\/12\/20251207160119.png",500,500,false],"large":["https:\/\/fernandadepilacao.com.br\/portal\/wp-content\/uploads\/2025\/12\/20251207160119.png",500,500,false],"1536x1536":["https:\/\/fernandadepilacao.com.br\/portal\/wp-content\/uploads\/2025\/12\/20251207160119.png",500,500,false],"2048x2048":["https:\/\/fernandadepilacao.com.br\/portal\/wp-content\/uploads\/2025\/12\/20251207160119.png",500,500,false]},"uagb_author_info":{"display_name":"fernandajob","author_link":"https:\/\/fernandadepilacao.com.br\/portal\/author\/fernandajob\/"},"uagb_comment_info":0,"uagb_excerpt":"Depila\u00e7\u00e3o Facial: Tudo o que Voc\u00ea Precisa Saber para uma Pele Lisa e Saud\u00e1vel O que \u00e9 Depila\u00e7\u00e3o Facial? A depila\u00e7\u00e3o facial engloba todas as t\u00e9cnicas utilizadas para a remo\u00e7\u00e3o de pelos no rosto, incluindo \u00e1reas como sobrancelhas, bu\u00e7o, bochechas, queixo e testa. Al\u00e9m de contribuir para a est\u00e9tica, uma depila\u00e7\u00e3o facial bem feita promove&hellip;","_links":{"self":[{"href":"https:\/\/fernandadepilacao.com.br\/portal\/wp-json\/wp\/v2\/posts\/915"}],"collection":[{"href":"https:\/\/fernandadepilacao.com.br\/portal\/wp-json\/wp\/v2\/posts"}],"about":[{"href":"https:\/\/fernandadepilacao.com.br\/portal\/wp-json\/wp\/v2\/types\/post"}],"author":[{"embeddable":true,"href":"https:\/\/fernandadepilacao.com.br\/portal\/wp-json\/wp\/v2\/users\/1"}],"replies":[{"embeddable":true,"href":"https:\/\/fernandadepilacao.com.br\/portal\/wp-json\/wp\/v2\/comments?post=915"}],"version-history":[{"count":1,"href":"https:\/\/fernandadepilacao.com.br\/portal\/wp-json\/wp\/v2\/posts\/915\/revisions"}],"predecessor-version":[{"id":916,"href":"https:\/\/fernandadepilacao.com.br\/portal\/wp-json\/wp\/v2\/posts\/915\/revisions\/916"}],"wp:featuredmedia":[{"embeddable":true,"href":"https:\/\/fernandadepilacao.com.br\/portal\/wp-json\/wp\/v2\/media\/914"}],"wp:attachment":[{"href":"https:\/\/fernandadepilacao.com.br\/portal\/wp-json\/wp\/v2\/media?parent=915"}],"wp:term":[{"taxonomy":"category","embeddable":true,"href":"https:\/\/fernandadepilacao.com.br\/portal\/wp-json\/wp\/v2\/categories?post=915"},{"taxonomy":"post_tag","embeddable":true,"href":"https:\/\/fernandadepilacao.com.br\/portal\/wp-json\/wp\/v2\/tags?post=915"}],"curies":[{"name":"wp","href":"https:\/\/api.w.org\/{rel}","templated":true}]}}