{"id":912,"date":"2025-12-07T08:01:22","date_gmt":"2025-12-07T11:01:22","guid":{"rendered":"https:\/\/fernandadepilacao.com.br\/portal\/2025\/12\/depilacao-com-lamina-guia-completo-pros-contras-cuidados\/"},"modified":"2025-12-07T12:00:18","modified_gmt":"2025-12-07T15:00:18","slug":"depilacao-com-lamina-guia-completo-pros-contras-cuidados","status":"publish","type":"post","link":"https:\/\/fernandadepilacao.com.br\/portal\/2025\/12\/depilacao-com-lamina-guia-completo-pros-contras-cuidados\/","title":{"rendered":"Depila\u00e7\u00e3o com L\u00e2mina: Guia Completo de Pr\u00f3s, Contras e Cuidados para uma Pele Saud\u00e1vel"},"content":{"rendered":"<article>\n<header>\n<h1>Depila\u00e7\u00e3o com L\u00e2mina: Pr\u00f3s, Contras e Dicas Essenciais para uma Pele Lisa e Saud\u00e1vel<\/h1>\n<p>    <meta name=\"description\" content=\"Descubra tudo sobre depila\u00e7\u00e3o com l\u00e2mina: vantagens, desvantagens, cuidados e dicas para evitar irrita\u00e7\u00f5es. Aprenda como depilar corretamente e manter sua pele saud\u00e1vel.\"><br \/>\n  <\/header>\n<section>\n<h2>O que \u00e9 a Depila\u00e7\u00e3o com L\u00e2mina?<\/h2>\n<p>\n      A <strong>depila\u00e7\u00e3o com l\u00e2mina<\/strong>, conhecida popularmente como &#8220;barbear&#8221; ou &#8220;passar gilete&#8221;, \u00e9 uma das op\u00e7\u00f5es mais pr\u00e1ticas e r\u00e1pidas para remover os pelos indesejados do corpo. Consiste no uso de uma l\u00e2mina de barbear, descart\u00e1vel ou reutiliz\u00e1vel, para cortar os fios rente \u00e0 pele. Essa t\u00e9cnica \u00e9 extremamente acess\u00edvel, sendo uma escolha comum para homens e mulheres ao redor do mundo.\n    <\/p>\n<\/section>\n<section>\n<h2>Principais Vantagens da Depila\u00e7\u00e3o com L\u00e2mina<\/h2>\n<ul>\n<li><strong>Praticidade:<\/strong> Ideal para quem busca solu\u00e7\u00f5es r\u00e1pidas, podendo ser feita at\u00e9 mesmo durante o banho.<\/li>\n<li><strong>Sem dor:<\/strong> Diferente da depila\u00e7\u00e3o com cera, a l\u00e2mina n\u00e3o remove o pelo pela raiz, o que reduz o desconforto.<\/li>\n<li><strong>Custo-benef\u00edcio:<\/strong> L\u00e2minas s\u00e3o baratas e facilmente encontradas em supermercados e farm\u00e1cias.<\/li>\n<li><strong>Acessibilidade:<\/strong> N\u00e3o requer equipamentos especiais nem agendamento de hor\u00e1rios em cl\u00ednicas.<\/li>\n<\/ul>\n<\/section>\n<section>\n<h2>Quais s\u00e3o as Desvantagens da Depila\u00e7\u00e3o com L\u00e2mina?<\/h2>\n<ul>\n<li><strong>Crescimento r\u00e1pido dos pelos:<\/strong> Como a l\u00e2mina apenas corta o fio na superf\u00edcie, o pelo volta a aparecer em poucos dias.<\/li>\n<li><strong>Possibilidade de foliculite:<\/strong> O atrito da l\u00e2mina e o corte superficial favorecem a inflama\u00e7\u00e3o dos fol\u00edculos pilosos, resultando em bolinhas vermelhas ou pelos encravados.<\/li>\n<li><strong>Risco de cortes e irrita\u00e7\u00f5es:<\/strong> Um deslize da m\u00e3o pode causar microcortes. Al\u00e9m disso, o uso frequente pode irritar peles sens\u00edveis.<\/li>\n<li><strong>Textura \u00e1spera:<\/strong> O pelo, ao crescer, parece mais grosso e denso, dando a sensa\u00e7\u00e3o de textura \u00e1spera na pele.<\/li>\n<\/ul>\n<\/section>\n<section>\n<h2>Como Depilar com L\u00e2mina Sem Prejudicar a Pele?<\/h2>\n<p>\n      Para garantir uma <strong>depila\u00e7\u00e3o com l\u00e2mina eficiente e segura<\/strong>, \u00e9 fundamental adotar alguns cuidados essenciais:\n    <\/p>\n<ol>\n<li>\n        <strong>Higienize a pele:<\/strong> Lave bem a regi\u00e3o a ser depilada para remover impurezas que possam causar irrita\u00e7\u00e3o.\n      <\/li>\n<li>\n        <strong>Amacie os pelos:<\/strong> Depilar durante o banho morno ajuda a amolecer os fios, facilitando o corte.\n      <\/li>\n<li>\n        <strong>Utilize produtos apropriados:<\/strong> Prefira cremes ou espumas de barbear para criar uma barreira protetora e evitar atrito.\n      <\/li>\n<li>\n        <strong>Movimentos suaves:<\/strong> Deslize a l\u00e2mina no sentido do crescimento do pelo para minimizar a irrita\u00e7\u00e3o e evite passar a l\u00e2mina v\u00e1rias vezes no mesmo local.\n      <\/li>\n<li>\n        <strong>Evite press\u00e3o excessiva:<\/strong> Deixe a l\u00e2mina fazer o trabalho, pressionando suavemente sobre a pele.\n      <\/li>\n<li>\n        <strong>Enx\u00e1gue sempre:<\/strong> Lave a l\u00e2mina entre os movimentos para remover os pelos e res\u00edduos acumulados.\n      <\/li>\n<li>\n        <strong>Hidrate a pele:<\/strong> Ap\u00f3s a depila\u00e7\u00e3o, aplique um hidratante calmante e, se poss\u00edvel, produtos \u00e0 base de aloe vera ou camomila.\n      <\/li>\n<\/ol>\n<\/section>\n<section>\n<h2>Quando Evitar a Depila\u00e7\u00e3o com L\u00e2mina?<\/h2>\n<p>\n      Peles muito sens\u00edveis, com les\u00f5es, dermatites, alergias ativas ou infec\u00e7\u00f5es devem evitar essa t\u00e9cnica. Nestes casos, procure orienta\u00e7\u00e3o de um profissional de est\u00e9tica ou dermatologista.\n    <\/p>\n<\/section>\n<section>\n<h2>D\u00favidas Frequentes sobre Depila\u00e7\u00e3o com L\u00e2mina<\/h2>\n<div itemscope itemtype=\"https:\/\/schema.org\/FAQPage\">\n<div itemscope itemprop=\"mainEntity\" itemtype=\"https:\/\/schema.org\/Question\">\n<h3 itemprop=\"name\">A depila\u00e7\u00e3o com l\u00e2mina engrossa o pelo?<\/h3>\n<div itemscope itemprop=\"acceptedAnswer\" itemtype=\"https:\/\/schema.org\/Answer\">\n<p itemprop=\"text\">N\u00e3o. A l\u00e2mina apenas corta o pelo na superf\u00edcie, sem alterar sua estrutura. O aspecto &#8220;mais grosso&#8221; ocorre porque a ponta do pelo que cresce est\u00e1 cortada reta, dando essa sensa\u00e7\u00e3o ao toque.<\/p>\n<\/p><\/div>\n<\/p><\/div>\n<div itemscope itemprop=\"mainEntity\" itemtype=\"https:\/\/schema.org\/Question\">\n<h3 itemprop=\"name\">Quantas vezes posso usar a mesma l\u00e2mina?<\/h3>\n<div itemscope itemprop=\"acceptedAnswer\" itemtype=\"https:\/\/schema.org\/Answer\">\n<p itemprop=\"text\">O ideal \u00e9 trocar a l\u00e2mina sempre que sentir que ela est\u00e1 &#8220;arranhando&#8221; ou perdendo o corte, geralmente entre 3 e 7 usos. Isso evita irrita\u00e7\u00f5es e cortes desnecess\u00e1rios.<\/p>\n<\/p><\/div>\n<\/p><\/div>\n<div itemscope itemprop=\"mainEntity\" itemtype=\"https:\/\/schema.org\/Question\">\n<h3 itemprop=\"name\">Posso depilar com l\u00e2mina todos os dias?<\/h3>\n<div itemscope itemprop=\"acceptedAnswer\" itemtype=\"https:\/\/schema.org\/Answer\">\n<p itemprop=\"text\">Depilar a mesma regi\u00e3o todos os dias pode aumentar o risco de irrita\u00e7\u00f5es. Espere o pelo crescer um pouco e sempre hidrate a pele ap\u00f3s o procedimento.<\/p>\n<\/p><\/div>\n<\/p><\/div>\n<\/p><\/div>\n<\/section>\n<section>\n<h2>Resumo: Depila\u00e7\u00e3o com L\u00e2mina \u00e9 para Voc\u00ea?<\/h2>\n<p>\n      A depila\u00e7\u00e3o com l\u00e2mina \u00e9 perfeita para quem busca praticidade, resultados imediatos e aus\u00eancia de dor. Por\u00e9m, para evitar preju\u00edzos \u00e0 sa\u00fade da pele, \u00e9 importante investir em <strong>cuidados antes, durante e depois da depila\u00e7\u00e3o<\/strong>. Siga as orienta\u00e7\u00f5es, hidrate bem a pele e, se notar qualquer sinal de irrita\u00e7\u00e3o persistente, procure um profissional.\n    <\/p>\n<p>\n      Experimente as dicas acima e desfrute de uma pele <strong>lisinha, saud\u00e1vel e bem cuidada<\/strong>, sem abrir m\u00e3o da sua rotina corrida!\n    <\/p>\n<\/section>\n<footer>\n<p>Palavras-chave: depila\u00e7\u00e3o com l\u00e2mina, como depilar, cuidados com a pele, pelos encravados, foliculite, depila\u00e7\u00e3o feminina, depila\u00e7\u00e3o masculina, sa\u00fade da pele, dicas de depila\u00e7\u00e3o.<\/p>\n<\/footer>\n<\/article>\n","protected":false},"excerpt":{"rendered":"<p>Depila\u00e7\u00e3o com L\u00e2mina: Pr\u00f3s, Contras e Dicas Essenciais para uma Pele Lisa e Saud\u00e1vel O que \u00e9 a Depila\u00e7\u00e3o com L\u00e2mina? A depila\u00e7\u00e3o com l\u00e2mina, conhecida popularmente como &#8220;barbear&#8221; ou &#8220;passar gilete&#8221;, \u00e9 uma das op\u00e7\u00f5es mais pr\u00e1ticas e r\u00e1pidas para remover os pelos indesejados do corpo. Consiste no uso de uma l\u00e2mina de barbear, &hellip;<\/p>\n<p class=\"read-more\"> <a class=\"\" href=\"https:\/\/fernandadepilacao.com.br\/portal\/2025\/12\/depilacao-com-lamina-guia-completo-pros-contras-cuidados\/\"> <span class=\"screen-reader-text\">Depila\u00e7\u00e3o com L\u00e2mina: Guia Completo de Pr\u00f3s, Contras e Cuidados para uma Pele Saud\u00e1vel<\/span> Leia mais &raquo;<\/a><\/p>\n","protected":false},"author":1,"featured_media":911,"comment_status":"open","ping_status":"open","sticky":false,"template":"","format":"standard","meta":[],"categories":[34],"tags":[],"yoast_head":"<!-- This site is optimized with the Yoast SEO plugin v18.4.1 - https:\/\/yoast.com\/wordpress\/plugins\/seo\/ -->\n<title>Depila\u00e7\u00e3o com L\u00e2mina: Guia Completo de Pr\u00f3s, Contras e Cuidados para uma Pele Saud\u00e1vel - Fernanda Depila\u00e7\u00e3o<\/title>\n<meta name=\"robots\" content=\"index, follow, max-snippet:-1, max-image-preview:large, max-video-preview:-1\" \/>\n<link rel=\"canonical\" href=\"https:\/\/fernandadepilacao.com.br\/portal\/2025\/12\/depilacao-com-lamina-guia-completo-pros-contras-cuidados\/\" \/>\n<meta property=\"og:locale\" content=\"pt_BR\" \/>\n<meta property=\"og:type\" content=\"article\" \/>\n<meta property=\"og:title\" content=\"Depila\u00e7\u00e3o com L\u00e2mina: Guia Completo de Pr\u00f3s, Contras e Cuidados para uma Pele Saud\u00e1vel - Fernanda Depila\u00e7\u00e3o\" \/>\n<meta property=\"og:description\" content=\"Depila\u00e7\u00e3o com L\u00e2mina: Pr\u00f3s, Contras e Dicas Essenciais para uma Pele Lisa e Saud\u00e1vel O que \u00e9 a Depila\u00e7\u00e3o com L\u00e2mina? A depila\u00e7\u00e3o com l\u00e2mina, conhecida popularmente como &#8220;barbear&#8221; ou &#8220;passar gilete&#8221;, \u00e9 uma das op\u00e7\u00f5es mais pr\u00e1ticas e r\u00e1pidas para remover os pelos indesejados do corpo. Consiste no uso de uma l\u00e2mina de barbear, &hellip; Depila\u00e7\u00e3o com L\u00e2mina: Guia Completo de Pr\u00f3s, Contras e Cuidados para uma Pele Saud\u00e1vel Leia mais &raquo;\" \/>\n<meta property=\"og:url\" content=\"https:\/\/fernandadepilacao.com.br\/portal\/2025\/12\/depilacao-com-lamina-guia-completo-pros-contras-cuidados\/\" \/>\n<meta property=\"og:site_name\" content=\"Fernanda Depila\u00e7\u00e3o\" \/>\n<meta property=\"article:publisher\" content=\"https:\/\/www.facebook.com\/ferjobdepilacao\" \/>\n<meta property=\"article:published_time\" content=\"2025-12-07T11:01:22+00:00\" \/>\n<meta property=\"article:modified_time\" content=\"2025-12-07T15:00:18+00:00\" \/>\n<meta property=\"og:image\" content=\"https:\/\/fernandadepilacao.com.br\/portal\/wp-content\/uploads\/2025\/12\/20251207080119.png\" \/>\n\t<meta property=\"og:image:width\" content=\"500\" \/>\n\t<meta property=\"og:image:height\" content=\"500\" \/>\n\t<meta property=\"og:image:type\" content=\"image\/png\" \/>\n<meta name=\"twitter:card\" content=\"summary_large_image\" \/>\n<meta name=\"twitter:label1\" content=\"Escrito por\" \/>\n\t<meta name=\"twitter:data1\" content=\"fernandajob\" \/>\n\t<meta name=\"twitter:label2\" content=\"Est. tempo de leitura\" \/>\n\t<meta name=\"twitter:data2\" content=\"4 minutos\" \/>\n<script type=\"application\/ld+json\" class=\"yoast-schema-graph\">{\"@context\":\"https:\/\/schema.org\",\"@graph\":[{\"@type\":\"Organization\",\"@id\":\"https:\/\/fernandadepilacao.com.br\/portal\/#organization\",\"name\":\"Fernanda Depila\u00e7\u00e3o\",\"url\":\"https:\/\/fernandadepilacao.com.br\/portal\/\",\"sameAs\":[\"https:\/\/www.facebook.com\/ferjobdepilacao\",\"http:\/\/instagram.com\/fernanda_job\"],\"logo\":{\"@type\":\"ImageObject\",\"@id\":\"https:\/\/fernandadepilacao.com.br\/portal\/#logo\",\"inLanguage\":\"pt-BR\",\"url\":\"http:\/\/fernandadepilacao.com.br\/portal\/wp-content\/uploads\/2021\/03\/logo_fernanda.png\",\"contentUrl\":\"http:\/\/fernandadepilacao.com.br\/portal\/wp-content\/uploads\/2021\/03\/logo_fernanda.png\",\"width\":673,\"height\":688,\"caption\":\"Fernanda Depila\u00e7\u00e3o\"},\"image\":{\"@id\":\"https:\/\/fernandadepilacao.com.br\/portal\/#logo\"}},{\"@type\":\"WebSite\",\"@id\":\"https:\/\/fernandadepilacao.com.br\/portal\/#website\",\"url\":\"https:\/\/fernandadepilacao.com.br\/portal\/\",\"name\":\"Fernanda Depila\u00e7\u00e3o\",\"description\":\"\",\"publisher\":{\"@id\":\"https:\/\/fernandadepilacao.com.br\/portal\/#organization\"},\"potentialAction\":[{\"@type\":\"SearchAction\",\"target\":{\"@type\":\"EntryPoint\",\"urlTemplate\":\"https:\/\/fernandadepilacao.com.br\/portal\/?s={search_term_string}\"},\"query-input\":\"required name=search_term_string\"}],\"inLanguage\":\"pt-BR\"},{\"@type\":\"ImageObject\",\"@id\":\"https:\/\/fernandadepilacao.com.br\/portal\/2025\/12\/depilacao-com-lamina-guia-completo-pros-contras-cuidados\/#primaryimage\",\"inLanguage\":\"pt-BR\",\"url\":\"https:\/\/fernandadepilacao.com.br\/portal\/wp-content\/uploads\/2025\/12\/20251207080119.png\",\"contentUrl\":\"https:\/\/fernandadepilacao.com.br\/portal\/wp-content\/uploads\/2025\/12\/20251207080119.png\",\"width\":500,\"height\":500},{\"@type\":\"WebPage\",\"@id\":\"https:\/\/fernandadepilacao.com.br\/portal\/2025\/12\/depilacao-com-lamina-guia-completo-pros-contras-cuidados\/#webpage\",\"url\":\"https:\/\/fernandadepilacao.com.br\/portal\/2025\/12\/depilacao-com-lamina-guia-completo-pros-contras-cuidados\/\",\"name\":\"Depila\u00e7\u00e3o com L\u00e2mina: Guia Completo de Pr\u00f3s, Contras e Cuidados para uma Pele Saud\u00e1vel - Fernanda Depila\u00e7\u00e3o\",\"isPartOf\":{\"@id\":\"https:\/\/fernandadepilacao.com.br\/portal\/#website\"},\"primaryImageOfPage\":{\"@id\":\"https:\/\/fernandadepilacao.com.br\/portal\/2025\/12\/depilacao-com-lamina-guia-completo-pros-contras-cuidados\/#primaryimage\"},\"datePublished\":\"2025-12-07T11:01:22+00:00\",\"dateModified\":\"2025-12-07T15:00:18+00:00\",\"breadcrumb\":{\"@id\":\"https:\/\/fernandadepilacao.com.br\/portal\/2025\/12\/depilacao-com-lamina-guia-completo-pros-contras-cuidados\/#breadcrumb\"},\"inLanguage\":\"pt-BR\",\"potentialAction\":[{\"@type\":\"ReadAction\",\"target\":[\"https:\/\/fernandadepilacao.com.br\/portal\/2025\/12\/depilacao-com-lamina-guia-completo-pros-contras-cuidados\/\"]}]},{\"@type\":\"BreadcrumbList\",\"@id\":\"https:\/\/fernandadepilacao.com.br\/portal\/2025\/12\/depilacao-com-lamina-guia-completo-pros-contras-cuidados\/#breadcrumb\",\"itemListElement\":[{\"@type\":\"ListItem\",\"position\":1,\"name\":\"In\u00edcio\",\"item\":\"http:\/\/fernandadepilacao.com.br\/portal\/\"},{\"@type\":\"ListItem\",\"position\":2,\"name\":\"Depila\u00e7\u00e3o com L\u00e2mina: Guia Completo de Pr\u00f3s, Contras e Cuidados para uma Pele Saud\u00e1vel\"}]},{\"@type\":\"Article\",\"@id\":\"https:\/\/fernandadepilacao.com.br\/portal\/2025\/12\/depilacao-com-lamina-guia-completo-pros-contras-cuidados\/#article\",\"isPartOf\":{\"@id\":\"https:\/\/fernandadepilacao.com.br\/portal\/2025\/12\/depilacao-com-lamina-guia-completo-pros-contras-cuidados\/#webpage\"},\"author\":{\"@id\":\"https:\/\/fernandadepilacao.com.br\/portal\/#\/schema\/person\/d00644c3bbfd9fd17711767a3b1abbd0\"},\"headline\":\"Depila\u00e7\u00e3o com L\u00e2mina: Guia Completo de Pr\u00f3s, Contras e Cuidados para uma Pele Saud\u00e1vel\",\"datePublished\":\"2025-12-07T11:01:22+00:00\",\"dateModified\":\"2025-12-07T15:00:18+00:00\",\"mainEntityOfPage\":{\"@id\":\"https:\/\/fernandadepilacao.com.br\/portal\/2025\/12\/depilacao-com-lamina-guia-completo-pros-contras-cuidados\/#webpage\"},\"wordCount\":747,\"commentCount\":0,\"publisher\":{\"@id\":\"https:\/\/fernandadepilacao.com.br\/portal\/#organization\"},\"image\":{\"@id\":\"https:\/\/fernandadepilacao.com.br\/portal\/2025\/12\/depilacao-com-lamina-guia-completo-pros-contras-cuidados\/#primaryimage\"},\"thumbnailUrl\":\"https:\/\/fernandadepilacao.com.br\/portal\/wp-content\/uploads\/2025\/12\/20251207080119.png\",\"articleSection\":[\"Adolesc\u00eancia\"],\"inLanguage\":\"pt-BR\",\"potentialAction\":[{\"@type\":\"CommentAction\",\"name\":\"Comment\",\"target\":[\"https:\/\/fernandadepilacao.com.br\/portal\/2025\/12\/depilacao-com-lamina-guia-completo-pros-contras-cuidados\/#respond\"]}]},{\"@type\":\"Person\",\"@id\":\"https:\/\/fernandadepilacao.com.br\/portal\/#\/schema\/person\/d00644c3bbfd9fd17711767a3b1abbd0\",\"name\":\"fernandajob\",\"image\":{\"@type\":\"ImageObject\",\"@id\":\"https:\/\/fernandadepilacao.com.br\/portal\/#personlogo\",\"inLanguage\":\"pt-BR\",\"url\":\"https:\/\/secure.gravatar.com\/avatar\/6c2268a68d69a325906fbdccd74b18e6?s=96&d=mm&r=g\",\"contentUrl\":\"https:\/\/secure.gravatar.com\/avatar\/6c2268a68d69a325906fbdccd74b18e6?s=96&d=mm&r=g\",\"caption\":\"fernandajob\"},\"sameAs\":[\"http:\/\/fernandadepilacao.com.br\/portal\"]}]}<\/script>\n<!-- \/ Yoast SEO plugin. -->","yoast_head_json":{"title":"Depila\u00e7\u00e3o com L\u00e2mina: Guia Completo de Pr\u00f3s, Contras e Cuidados para uma Pele Saud\u00e1vel - Fernanda Depila\u00e7\u00e3o","robots":{"index":"index","follow":"follow","max-snippet":"max-snippet:-1","max-image-preview":"max-image-preview:large","max-video-preview":"max-video-preview:-1"},"canonical":"https:\/\/fernandadepilacao.com.br\/portal\/2025\/12\/depilacao-com-lamina-guia-completo-pros-contras-cuidados\/","og_locale":"pt_BR","og_type":"article","og_title":"Depila\u00e7\u00e3o com L\u00e2mina: Guia Completo de Pr\u00f3s, Contras e Cuidados para uma Pele Saud\u00e1vel - Fernanda Depila\u00e7\u00e3o","og_description":"Depila\u00e7\u00e3o com L\u00e2mina: Pr\u00f3s, Contras e Dicas Essenciais para uma Pele Lisa e Saud\u00e1vel O que \u00e9 a Depila\u00e7\u00e3o com L\u00e2mina? A depila\u00e7\u00e3o com l\u00e2mina, conhecida popularmente como &#8220;barbear&#8221; ou &#8220;passar gilete&#8221;, \u00e9 uma das op\u00e7\u00f5es mais pr\u00e1ticas e r\u00e1pidas para remover os pelos indesejados do corpo. Consiste no uso de uma l\u00e2mina de barbear, &hellip; Depila\u00e7\u00e3o com L\u00e2mina: Guia Completo de Pr\u00f3s, Contras e Cuidados para uma Pele Saud\u00e1vel Leia mais &raquo;","og_url":"https:\/\/fernandadepilacao.com.br\/portal\/2025\/12\/depilacao-com-lamina-guia-completo-pros-contras-cuidados\/","og_site_name":"Fernanda Depila\u00e7\u00e3o","article_publisher":"https:\/\/www.facebook.com\/ferjobdepilacao","article_published_time":"2025-12-07T11:01:22+00:00","article_modified_time":"2025-12-07T15:00:18+00:00","og_image":[{"width":500,"height":500,"url":"https:\/\/fernandadepilacao.com.br\/portal\/wp-content\/uploads\/2025\/12\/20251207080119.png","type":"image\/png"}],"twitter_card":"summary_large_image","twitter_misc":{"Escrito por":"fernandajob","Est. tempo de leitura":"4 minutos"},"schema":{"@context":"https:\/\/schema.org","@graph":[{"@type":"Organization","@id":"https:\/\/fernandadepilacao.com.br\/portal\/#organization","name":"Fernanda Depila\u00e7\u00e3o","url":"https:\/\/fernandadepilacao.com.br\/portal\/","sameAs":["https:\/\/www.facebook.com\/ferjobdepilacao","http:\/\/instagram.com\/fernanda_job"],"logo":{"@type":"ImageObject","@id":"https:\/\/fernandadepilacao.com.br\/portal\/#logo","inLanguage":"pt-BR","url":"http:\/\/fernandadepilacao.com.br\/portal\/wp-content\/uploads\/2021\/03\/logo_fernanda.png","contentUrl":"http:\/\/fernandadepilacao.com.br\/portal\/wp-content\/uploads\/2021\/03\/logo_fernanda.png","width":673,"height":688,"caption":"Fernanda Depila\u00e7\u00e3o"},"image":{"@id":"https:\/\/fernandadepilacao.com.br\/portal\/#logo"}},{"@type":"WebSite","@id":"https:\/\/fernandadepilacao.com.br\/portal\/#website","url":"https:\/\/fernandadepilacao.com.br\/portal\/","name":"Fernanda Depila\u00e7\u00e3o","description":"","publisher":{"@id":"https:\/\/fernandadepilacao.com.br\/portal\/#organization"},"potentialAction":[{"@type":"SearchAction","target":{"@type":"EntryPoint","urlTemplate":"https:\/\/fernandadepilacao.com.br\/portal\/?s={search_term_string}"},"query-input":"required name=search_term_string"}],"inLanguage":"pt-BR"},{"@type":"ImageObject","@id":"https:\/\/fernandadepilacao.com.br\/portal\/2025\/12\/depilacao-com-lamina-guia-completo-pros-contras-cuidados\/#primaryimage","inLanguage":"pt-BR","url":"https:\/\/fernandadepilacao.com.br\/portal\/wp-content\/uploads\/2025\/12\/20251207080119.png","contentUrl":"https:\/\/fernandadepilacao.com.br\/portal\/wp-content\/uploads\/2025\/12\/20251207080119.png","width":500,"height":500},{"@type":"WebPage","@id":"https:\/\/fernandadepilacao.com.br\/portal\/2025\/12\/depilacao-com-lamina-guia-completo-pros-contras-cuidados\/#webpage","url":"https:\/\/fernandadepilacao.com.br\/portal\/2025\/12\/depilacao-com-lamina-guia-completo-pros-contras-cuidados\/","name":"Depila\u00e7\u00e3o com L\u00e2mina: Guia Completo de Pr\u00f3s, Contras e Cuidados para uma Pele Saud\u00e1vel - Fernanda Depila\u00e7\u00e3o","isPartOf":{"@id":"https:\/\/fernandadepilacao.com.br\/portal\/#website"},"primaryImageOfPage":{"@id":"https:\/\/fernandadepilacao.com.br\/portal\/2025\/12\/depilacao-com-lamina-guia-completo-pros-contras-cuidados\/#primaryimage"},"datePublished":"2025-12-07T11:01:22+00:00","dateModified":"2025-12-07T15:00:18+00:00","breadcrumb":{"@id":"https:\/\/fernandadepilacao.com.br\/portal\/2025\/12\/depilacao-com-lamina-guia-completo-pros-contras-cuidados\/#breadcrumb"},"inLanguage":"pt-BR","potentialAction":[{"@type":"ReadAction","target":["https:\/\/fernandadepilacao.com.br\/portal\/2025\/12\/depilacao-com-lamina-guia-completo-pros-contras-cuidados\/"]}]},{"@type":"BreadcrumbList","@id":"https:\/\/fernandadepilacao.com.br\/portal\/2025\/12\/depilacao-com-lamina-guia-completo-pros-contras-cuidados\/#breadcrumb","itemListElement":[{"@type":"ListItem","position":1,"name":"In\u00edcio","item":"http:\/\/fernandadepilacao.com.br\/portal\/"},{"@type":"ListItem","position":2,"name":"Depila\u00e7\u00e3o com L\u00e2mina: Guia Completo de Pr\u00f3s, Contras e Cuidados para uma Pele Saud\u00e1vel"}]},{"@type":"Article","@id":"https:\/\/fernandadepilacao.com.br\/portal\/2025\/12\/depilacao-com-lamina-guia-completo-pros-contras-cuidados\/#article","isPartOf":{"@id":"https:\/\/fernandadepilacao.com.br\/portal\/2025\/12\/depilacao-com-lamina-guia-completo-pros-contras-cuidados\/#webpage"},"author":{"@id":"https:\/\/fernandadepilacao.com.br\/portal\/#\/schema\/person\/d00644c3bbfd9fd17711767a3b1abbd0"},"headline":"Depila\u00e7\u00e3o com L\u00e2mina: Guia Completo de Pr\u00f3s, Contras e Cuidados para uma Pele Saud\u00e1vel","datePublished":"2025-12-07T11:01:22+00:00","dateModified":"2025-12-07T15:00:18+00:00","mainEntityOfPage":{"@id":"https:\/\/fernandadepilacao.com.br\/portal\/2025\/12\/depilacao-com-lamina-guia-completo-pros-contras-cuidados\/#webpage"},"wordCount":747,"commentCount":0,"publisher":{"@id":"https:\/\/fernandadepilacao.com.br\/portal\/#organization"},"image":{"@id":"https:\/\/fernandadepilacao.com.br\/portal\/2025\/12\/depilacao-com-lamina-guia-completo-pros-contras-cuidados\/#primaryimage"},"thumbnailUrl":"https:\/\/fernandadepilacao.com.br\/portal\/wp-content\/uploads\/2025\/12\/20251207080119.png","articleSection":["Adolesc\u00eancia"],"inLanguage":"pt-BR","potentialAction":[{"@type":"CommentAction","name":"Comment","target":["https:\/\/fernandadepilacao.com.br\/portal\/2025\/12\/depilacao-com-lamina-guia-completo-pros-contras-cuidados\/#respond"]}]},{"@type":"Person","@id":"https:\/\/fernandadepilacao.com.br\/portal\/#\/schema\/person\/d00644c3bbfd9fd17711767a3b1abbd0","name":"fernandajob","image":{"@type":"ImageObject","@id":"https:\/\/fernandadepilacao.com.br\/portal\/#personlogo","inLanguage":"pt-BR","url":"https:\/\/secure.gravatar.com\/avatar\/6c2268a68d69a325906fbdccd74b18e6?s=96&d=mm&r=g","contentUrl":"https:\/\/secure.gravatar.com\/avatar\/6c2268a68d69a325906fbdccd74b18e6?s=96&d=mm&r=g","caption":"fernandajob"},"sameAs":["http:\/\/fernandadepilacao.com.br\/portal"]}]}},"uagb_featured_image_src":{"full":["https:\/\/fernandadepilacao.com.br\/portal\/wp-content\/uploads\/2025\/12\/20251207080119.png",500,500,false],"thumbnail":["https:\/\/fernandadepilacao.com.br\/portal\/wp-content\/uploads\/2025\/12\/20251207080119-150x150.png",150,150,true],"medium":["https:\/\/fernandadepilacao.com.br\/portal\/wp-content\/uploads\/2025\/12\/20251207080119-300x300.png",300,300,true],"medium_large":["https:\/\/fernandadepilacao.com.br\/portal\/wp-content\/uploads\/2025\/12\/20251207080119.png",500,500,false],"large":["https:\/\/fernandadepilacao.com.br\/portal\/wp-content\/uploads\/2025\/12\/20251207080119.png",500,500,false],"1536x1536":["https:\/\/fernandadepilacao.com.br\/portal\/wp-content\/uploads\/2025\/12\/20251207080119.png",500,500,false],"2048x2048":["https:\/\/fernandadepilacao.com.br\/portal\/wp-content\/uploads\/2025\/12\/20251207080119.png",500,500,false]},"uagb_author_info":{"display_name":"fernandajob","author_link":"https:\/\/fernandadepilacao.com.br\/portal\/author\/fernandajob\/"},"uagb_comment_info":0,"uagb_excerpt":"Depila\u00e7\u00e3o com L\u00e2mina: Pr\u00f3s, Contras e Dicas Essenciais para uma Pele Lisa e Saud\u00e1vel O que \u00e9 a Depila\u00e7\u00e3o com L\u00e2mina? A depila\u00e7\u00e3o com l\u00e2mina, conhecida popularmente como &#8220;barbear&#8221; ou &#8220;passar gilete&#8221;, \u00e9 uma das op\u00e7\u00f5es mais pr\u00e1ticas e r\u00e1pidas para remover os pelos indesejados do corpo. Consiste no uso de uma l\u00e2mina de barbear,&hellip;","_links":{"self":[{"href":"https:\/\/fernandadepilacao.com.br\/portal\/wp-json\/wp\/v2\/posts\/912"}],"collection":[{"href":"https:\/\/fernandadepilacao.com.br\/portal\/wp-json\/wp\/v2\/posts"}],"about":[{"href":"https:\/\/fernandadepilacao.com.br\/portal\/wp-json\/wp\/v2\/types\/post"}],"author":[{"embeddable":true,"href":"https:\/\/fernandadepilacao.com.br\/portal\/wp-json\/wp\/v2\/users\/1"}],"replies":[{"embeddable":true,"href":"https:\/\/fernandadepilacao.com.br\/portal\/wp-json\/wp\/v2\/comments?post=912"}],"version-history":[{"count":1,"href":"https:\/\/fernandadepilacao.com.br\/portal\/wp-json\/wp\/v2\/posts\/912\/revisions"}],"predecessor-version":[{"id":913,"href":"https:\/\/fernandadepilacao.com.br\/portal\/wp-json\/wp\/v2\/posts\/912\/revisions\/913"}],"wp:featuredmedia":[{"embeddable":true,"href":"https:\/\/fernandadepilacao.com.br\/portal\/wp-json\/wp\/v2\/media\/911"}],"wp:attachment":[{"href":"https:\/\/fernandadepilacao.com.br\/portal\/wp-json\/wp\/v2\/media?parent=912"}],"wp:term":[{"taxonomy":"category","embeddable":true,"href":"https:\/\/fernandadepilacao.com.br\/portal\/wp-json\/wp\/v2\/categories?post=912"},{"taxonomy":"post_tag","embeddable":true,"href":"https:\/\/fernandadepilacao.com.br\/portal\/wp-json\/wp\/v2\/tags?post=912"}],"curies":[{"name":"wp","href":"https:\/\/api.w.org\/{rel}","templated":true}]}}