{"id":906,"date":"2025-12-02T08:01:34","date_gmt":"2025-12-02T11:01:34","guid":{"rendered":"https:\/\/fernandadepilacao.com.br\/portal\/2025\/12\/depilacao-de-buco-guia-completo-metodos-cuidados-dicas\/"},"modified":"2025-12-06T00:00:18","modified_gmt":"2025-12-06T03:00:18","slug":"depilacao-de-buco-guia-completo-metodos-cuidados-dicas","status":"publish","type":"post","link":"https:\/\/fernandadepilacao.com.br\/portal\/2025\/12\/depilacao-de-buco-guia-completo-metodos-cuidados-dicas\/","title":{"rendered":"Depila\u00e7\u00e3o de Bu\u00e7o: Guia Completo de M\u00e9todos, Cuidados e Dicas Essenciais"},"content":{"rendered":"<article>\n<header>\n<h1>Depila\u00e7\u00e3o de Bu\u00e7o: O Guia Completo para um Rosto Mais Liso e Confiante<\/h1>\n<p>    <meta name=\"description\" content=\"Descubra tudo sobre depila\u00e7\u00e3o de bu\u00e7o: m\u00e9todos, dicas, cuidados e recomenda\u00e7\u00f5es para uma pele lisa, saud\u00e1vel e livre de pelos indesejados. Confira qual a melhor t\u00e9cnica para voc\u00ea e como manter resultados duradouros!\"><br \/>\n  <\/header>\n<section>\n<h2>O que \u00e9 a Depila\u00e7\u00e3o de Bu\u00e7o?<\/h2>\n<p>A <strong>depila\u00e7\u00e3o de bu\u00e7o<\/strong> \u00e9 um dos procedimentos est\u00e9ticos mais procurados por quem deseja remover aqueles pelinhos indesejados na regi\u00e3o acima dos l\u00e1bios. O bu\u00e7o, tamb\u00e9m conhecido popularmente como &#8220;bigodinho&#8221; ou &#8220;sombrancelha invertida&#8221;, pode incomodar tanto mulheres quanto homens, afetando a autoestima e o bem-estar. Felizmente, existem diversas t\u00e9cnicas seguras e eficazes para eliminar os fios e conquistar uma pele mais lisa, jovem e uniforme.<\/p>\n<\/section>\n<section>\n<h2>Principais M\u00e9todos de Depila\u00e7\u00e3o do Bu\u00e7o<\/h2>\n<p>Para garantir os melhores resultados, \u00e9 essencial conhecer os m\u00e9todos de depila\u00e7\u00e3o de bu\u00e7o mais populares no mercado, suas vantagens e desvantagens. Veja a seguir:<\/p>\n<ul>\n<li>\n        <strong>Cera Quente ou Fria<\/strong>:<\/p>\n<ul>\n<li><i>Como funciona<\/i>: A cera, aplicada sobre a pele, adere ao pelo e remove-o pela raiz ao puxar. O procedimento pode ser feito em casa (com kits pr\u00f3prios) ou em cl\u00ednicas est\u00e9ticas.<\/li>\n<li><i>Pr\u00f3s<\/i>: Retirada dos pelos pela raiz e prolongamento do tempo de crescimento (em m\u00e9dia 20 dias).<\/li>\n<li><i>Contras<\/i>: Pode causar vermelhid\u00e3o, foliculite ou, em peles muito sens\u00edveis, pequenas irrita\u00e7\u00f5es.<\/li>\n<\/ul>\n<\/li>\n<li>\n        <strong>Linha Eg\u00edpcia<\/strong>:<\/p>\n<ul>\n<li><i>Como funciona<\/i>: Um fio de algod\u00e3o \u00e9 torcido sobre a pele, arrancando o pelo pela raiz. M\u00e9todo 100% natural e hipoalerg\u00eanico.<\/li>\n<li><i>Pr\u00f3s<\/i>: T\u00e9cnica precisa, \u00f3timo para quem tem pele sens\u00edvel ou alergias, e menor risco de manchas.<\/li>\n<li><i>Contras<\/i>: Pode causar leve inc\u00f4modo durante a sess\u00e3o, devido \u00e0 retirada fio a fio.<\/li>\n<\/ul>\n<\/li>\n<li>\n        <strong>Creme Depilat\u00f3rio<\/strong>:<\/p>\n<ul>\n<li><i>Como funciona<\/i>: O produto qu\u00edmico age na haste do pelo, dissolvendo-o na superf\u00edcie da pele.<\/li>\n<li><i>Pr\u00f3s<\/i>: M\u00e9todo pr\u00e1tico, r\u00e1pido e indolor.<\/li>\n<li><i>Contras<\/i>: Pode causar alergias em peles sens\u00edveis e n\u00e3o remove o pelo pela raiz, portanto o resultado dura menos.<\/li>\n<\/ul>\n<\/li>\n<li>\n        <strong>Laser e Luz Pulsada<\/strong>:<\/p>\n<ul>\n<li><i>Como funciona<\/i>: Utilizam feixes de luz para atingir a raiz do pelo, enfraquecendo-o at\u00e9 sua elimina\u00e7\u00e3o.<\/li>\n<li><i>Pr\u00f3s<\/i>: M\u00e9todo mais duradouro e com possibilidade de redu\u00e7\u00e3o permanente dos pelos.<\/li>\n<li><i>Contras<\/i>: Requer sess\u00f5es, investimento financeiro maior e n\u00e3o \u00e9 indicado para todos os tipos e tons de pele.<\/li>\n<\/ul>\n<\/li>\n<li>\n        <strong>Pincinha<\/strong>:<\/p>\n<ul>\n<li><i>Como funciona<\/i>: Arrancada mec\u00e2nica dos pelos, um a um, com pin\u00e7a de depila\u00e7\u00e3o.<\/li>\n<li><i>Pr\u00f3s<\/i>: Ideal para remo\u00e7\u00e3o pontual ou acabamento.<\/li>\n<li><i>Contras<\/i>: Processo demorado para \u00e1reas maiores e pode causar foliculite.<\/li>\n<\/ul>\n<\/li>\n<\/ul>\n<\/section>\n<section>\n<h2>Cuidados Antes e Depois da Depila\u00e7\u00e3o do Bu\u00e7o<\/h2>\n<ul>\n<li>Lave o rosto com sabonete neutro antes da depila\u00e7\u00e3o para evitar infec\u00e7\u00f5es.<\/li>\n<li>Evite exposi\u00e7\u00e3o ao sol antes e depois do procedimento, prevenindo manchas e irrita\u00e7\u00f5es.<\/li>\n<li>Aplique um <strong>gel calmante<\/strong> (como babosa ou produtos com camomila) logo ap\u00f3s depilar.<\/li>\n<li>Evite usar produtos \u00e1cidos, esfoliantes e maquiagem por, pelo menos, 24 horas.<\/li>\n<li>Mantenha a pele sempre hidratada e utilize protetor solar diariamente, mesmo em dias nublados.<\/li>\n<\/ul>\n<\/section>\n<section>\n<h2>Principais D\u00favidas sobre a Depila\u00e7\u00e3o do Bu\u00e7o<\/h2>\n<h3>1. A depila\u00e7\u00e3o de bu\u00e7o pode escurecer a pele?<\/h3>\n<p>Sim, se realizada de forma inadequada, com reaplica\u00e7\u00e3o de cera quente em excesso, exposi\u00e7\u00e3o solar sem prote\u00e7\u00e3o ou uso de produtos irritativos, pode causar <strong>hiperpigmenta\u00e7\u00e3o<\/strong>. Por isso, \u00e9 fundamental seguir os cuidados indicados e, ao menor sinal de escurecimento, interromper o procedimento e procurar orienta\u00e7\u00e3o profissional.<\/p>\n<h3>2. O pelo cresce mais grosso?<\/h3>\n<p>N\u00e3o h\u00e1 comprova\u00e7\u00e3o cient\u00edfica de que a depila\u00e7\u00e3o do bu\u00e7o deixa os fios mais grossos ou escuros. O que pode ocorrer \u00e9 a impress\u00e3o do pelo mais forte devido ao corte rente em alguns m\u00e9todos (como a l\u00e2mina), mas, ao serem retirados pela raiz (cera, linha ou laser), eles tendem a afinar com o tempo.<\/p>\n<h3>3. Depila\u00e7\u00e3o com linha d\u00f3i?<\/h3>\n<p>O desconforto da <strong>depila\u00e7\u00e3o eg\u00edpcia<\/strong> existe, pois o fio arranca o pelo pela raiz com precis\u00e3o, mas \u00e9 toler\u00e1vel e dura poucos minutos. Quem j\u00e1 est\u00e1 acostumado com a cera tende a tolerar bem esse m\u00e9todo.<\/p>\n<\/section>\n<section>\n<h2>Dicas para uma Depila\u00e7\u00e3o de Bu\u00e7o Segura e Eficiente<\/h2>\n<ul>\n<li>Procure um profissional qualificado, especialmente se for sua primeira vez ou se tiver pele sens\u00edvel.<\/li>\n<li>Respeite sempre o tempo de crescimento do pelo antes do novo procedimento para evitar les\u00f5es na pele.<\/li>\n<li>Jamais reutilize cera ou materiais descart\u00e1veis de outras pessoas.<\/li>\n<li>Em caso de qualquer rea\u00e7\u00e3o al\u00e9rgica, suspenda o m\u00e9todo e busque orienta\u00e7\u00e3o m\u00e9dica.<\/li>\n<\/ul>\n<\/section>\n<section>\n<h2>Perguntas Frequentes (FAQ)<\/h2>\n<dl>\n<dt>Qual o melhor m\u00e9todo de depila\u00e7\u00e3o de bu\u00e7o para peles sens\u00edveis?<\/dt>\n<dd>A depila\u00e7\u00e3o com <strong>linha ou cera org\u00e2nica<\/strong> s\u00e3o escolhas seguras. Evite cremes qu\u00edmicos.<\/dd>\n<dt>Posso depilar o bu\u00e7o durante o ciclo menstrual?<\/dt>\n<dd>Sim, mas pode haver mais sensibilidade. Prefira dias afastados do pico hormonal.<\/dd>\n<dt>Depila\u00e7\u00e3o de bu\u00e7o causa flacidez?<\/dt>\n<dd>N\u00e3o. O movimento \u00e9 superficial e n\u00e3o afeta a musculatura ou a sustenta\u00e7\u00e3o da pele.<\/dd>\n<\/dl>\n<\/section>\n<section>\n<h2>Conclus\u00e3o<\/h2>\n<p><strong>Depilar o bu\u00e7o<\/strong> \u00e9 um gesto de autocuidado que proporciona mais conforto e confian\u00e7a no dia a dia. Escolha o m\u00e9todo ideal para sua pele, siga todas as orienta\u00e7\u00f5es de higiene e p\u00f3s-procedimento, e, se houver d\u00favidas ou rea\u00e7\u00f5es, procure sempre um especialista em est\u00e9tica. Lembre-se: cada pele \u00e9 \u00fanica e merece aten\u00e7\u00e3o personalizada!<\/p>\n<\/section>\n<section>\n<h2>Palavras-chave para SEO<\/h2>\n<p>depila\u00e7\u00e3o de bu\u00e7o, m\u00e9todos de depila\u00e7\u00e3o, cera para bu\u00e7o, linha eg\u00edpcia bu\u00e7o, creme depilat\u00f3rio bu\u00e7o, cuidados p\u00f3s depila\u00e7\u00e3o, pele sens\u00edvel, manchas ap\u00f3s depila\u00e7\u00e3o, depila\u00e7\u00e3o facial, depila\u00e7\u00e3o com cera, depila\u00e7\u00e3o com linha, depila\u00e7\u00e3o definitiva.<\/p>\n<\/section>\n<\/article>\n","protected":false},"excerpt":{"rendered":"<p>Depila\u00e7\u00e3o de Bu\u00e7o: O Guia Completo para um Rosto Mais Liso e Confiante O que \u00e9 a Depila\u00e7\u00e3o de Bu\u00e7o? A depila\u00e7\u00e3o de bu\u00e7o \u00e9 um dos procedimentos est\u00e9ticos mais procurados por quem deseja remover aqueles pelinhos indesejados na regi\u00e3o acima dos l\u00e1bios. O bu\u00e7o, tamb\u00e9m conhecido popularmente como &#8220;bigodinho&#8221; ou &#8220;sombrancelha invertida&#8221;, pode incomodar &hellip;<\/p>\n<p class=\"read-more\"> <a class=\"\" href=\"https:\/\/fernandadepilacao.com.br\/portal\/2025\/12\/depilacao-de-buco-guia-completo-metodos-cuidados-dicas\/\"> <span class=\"screen-reader-text\">Depila\u00e7\u00e3o de Bu\u00e7o: Guia Completo de M\u00e9todos, Cuidados e Dicas Essenciais<\/span> Leia mais &raquo;<\/a><\/p>\n","protected":false},"author":1,"featured_media":905,"comment_status":"open","ping_status":"open","sticky":false,"template":"","format":"standard","meta":[],"categories":[34],"tags":[],"yoast_head":"<!-- This site is optimized with the Yoast SEO plugin v18.4.1 - https:\/\/yoast.com\/wordpress\/plugins\/seo\/ -->\n<title>Depila\u00e7\u00e3o de Bu\u00e7o: Guia Completo de M\u00e9todos, Cuidados e Dicas Essenciais - Fernanda Depila\u00e7\u00e3o<\/title>\n<meta name=\"robots\" content=\"index, follow, max-snippet:-1, max-image-preview:large, max-video-preview:-1\" \/>\n<link rel=\"canonical\" href=\"https:\/\/fernandadepilacao.com.br\/portal\/2025\/12\/depilacao-de-buco-guia-completo-metodos-cuidados-dicas\/\" \/>\n<meta property=\"og:locale\" content=\"pt_BR\" \/>\n<meta property=\"og:type\" content=\"article\" \/>\n<meta property=\"og:title\" content=\"Depila\u00e7\u00e3o de Bu\u00e7o: Guia Completo de M\u00e9todos, Cuidados e Dicas Essenciais - Fernanda Depila\u00e7\u00e3o\" \/>\n<meta property=\"og:description\" content=\"Depila\u00e7\u00e3o de Bu\u00e7o: O Guia Completo para um Rosto Mais Liso e Confiante O que \u00e9 a Depila\u00e7\u00e3o de Bu\u00e7o? A depila\u00e7\u00e3o de bu\u00e7o \u00e9 um dos procedimentos est\u00e9ticos mais procurados por quem deseja remover aqueles pelinhos indesejados na regi\u00e3o acima dos l\u00e1bios. O bu\u00e7o, tamb\u00e9m conhecido popularmente como &#8220;bigodinho&#8221; ou &#8220;sombrancelha invertida&#8221;, pode incomodar &hellip; Depila\u00e7\u00e3o de Bu\u00e7o: Guia Completo de M\u00e9todos, Cuidados e Dicas Essenciais Leia mais &raquo;\" \/>\n<meta property=\"og:url\" content=\"https:\/\/fernandadepilacao.com.br\/portal\/2025\/12\/depilacao-de-buco-guia-completo-metodos-cuidados-dicas\/\" \/>\n<meta property=\"og:site_name\" content=\"Fernanda Depila\u00e7\u00e3o\" \/>\n<meta property=\"article:publisher\" content=\"https:\/\/www.facebook.com\/ferjobdepilacao\" \/>\n<meta property=\"article:published_time\" content=\"2025-12-02T11:01:34+00:00\" \/>\n<meta property=\"article:modified_time\" content=\"2025-12-06T03:00:18+00:00\" \/>\n<meta property=\"og:image\" content=\"https:\/\/fernandadepilacao.com.br\/portal\/wp-content\/uploads\/2025\/12\/20251202080131.png\" \/>\n\t<meta property=\"og:image:width\" content=\"500\" \/>\n\t<meta property=\"og:image:height\" content=\"500\" \/>\n\t<meta property=\"og:image:type\" content=\"image\/png\" \/>\n<meta name=\"twitter:card\" content=\"summary_large_image\" \/>\n<meta name=\"twitter:label1\" content=\"Escrito por\" \/>\n\t<meta name=\"twitter:data1\" content=\"fernandajob\" \/>\n\t<meta name=\"twitter:label2\" content=\"Est. tempo de leitura\" \/>\n\t<meta name=\"twitter:data2\" content=\"5 minutos\" \/>\n<script type=\"application\/ld+json\" class=\"yoast-schema-graph\">{\"@context\":\"https:\/\/schema.org\",\"@graph\":[{\"@type\":\"Organization\",\"@id\":\"https:\/\/fernandadepilacao.com.br\/portal\/#organization\",\"name\":\"Fernanda Depila\u00e7\u00e3o\",\"url\":\"https:\/\/fernandadepilacao.com.br\/portal\/\",\"sameAs\":[\"https:\/\/www.facebook.com\/ferjobdepilacao\",\"http:\/\/instagram.com\/fernanda_job\"],\"logo\":{\"@type\":\"ImageObject\",\"@id\":\"https:\/\/fernandadepilacao.com.br\/portal\/#logo\",\"inLanguage\":\"pt-BR\",\"url\":\"http:\/\/fernandadepilacao.com.br\/portal\/wp-content\/uploads\/2021\/03\/logo_fernanda.png\",\"contentUrl\":\"http:\/\/fernandadepilacao.com.br\/portal\/wp-content\/uploads\/2021\/03\/logo_fernanda.png\",\"width\":673,\"height\":688,\"caption\":\"Fernanda Depila\u00e7\u00e3o\"},\"image\":{\"@id\":\"https:\/\/fernandadepilacao.com.br\/portal\/#logo\"}},{\"@type\":\"WebSite\",\"@id\":\"https:\/\/fernandadepilacao.com.br\/portal\/#website\",\"url\":\"https:\/\/fernandadepilacao.com.br\/portal\/\",\"name\":\"Fernanda Depila\u00e7\u00e3o\",\"description\":\"\",\"publisher\":{\"@id\":\"https:\/\/fernandadepilacao.com.br\/portal\/#organization\"},\"potentialAction\":[{\"@type\":\"SearchAction\",\"target\":{\"@type\":\"EntryPoint\",\"urlTemplate\":\"https:\/\/fernandadepilacao.com.br\/portal\/?s={search_term_string}\"},\"query-input\":\"required name=search_term_string\"}],\"inLanguage\":\"pt-BR\"},{\"@type\":\"ImageObject\",\"@id\":\"https:\/\/fernandadepilacao.com.br\/portal\/2025\/12\/depilacao-de-buco-guia-completo-metodos-cuidados-dicas\/#primaryimage\",\"inLanguage\":\"pt-BR\",\"url\":\"https:\/\/fernandadepilacao.com.br\/portal\/wp-content\/uploads\/2025\/12\/20251202080131.png\",\"contentUrl\":\"https:\/\/fernandadepilacao.com.br\/portal\/wp-content\/uploads\/2025\/12\/20251202080131.png\",\"width\":500,\"height\":500},{\"@type\":\"WebPage\",\"@id\":\"https:\/\/fernandadepilacao.com.br\/portal\/2025\/12\/depilacao-de-buco-guia-completo-metodos-cuidados-dicas\/#webpage\",\"url\":\"https:\/\/fernandadepilacao.com.br\/portal\/2025\/12\/depilacao-de-buco-guia-completo-metodos-cuidados-dicas\/\",\"name\":\"Depila\u00e7\u00e3o de Bu\u00e7o: Guia Completo de M\u00e9todos, Cuidados e Dicas Essenciais - Fernanda Depila\u00e7\u00e3o\",\"isPartOf\":{\"@id\":\"https:\/\/fernandadepilacao.com.br\/portal\/#website\"},\"primaryImageOfPage\":{\"@id\":\"https:\/\/fernandadepilacao.com.br\/portal\/2025\/12\/depilacao-de-buco-guia-completo-metodos-cuidados-dicas\/#primaryimage\"},\"datePublished\":\"2025-12-02T11:01:34+00:00\",\"dateModified\":\"2025-12-06T03:00:18+00:00\",\"breadcrumb\":{\"@id\":\"https:\/\/fernandadepilacao.com.br\/portal\/2025\/12\/depilacao-de-buco-guia-completo-metodos-cuidados-dicas\/#breadcrumb\"},\"inLanguage\":\"pt-BR\",\"potentialAction\":[{\"@type\":\"ReadAction\",\"target\":[\"https:\/\/fernandadepilacao.com.br\/portal\/2025\/12\/depilacao-de-buco-guia-completo-metodos-cuidados-dicas\/\"]}]},{\"@type\":\"BreadcrumbList\",\"@id\":\"https:\/\/fernandadepilacao.com.br\/portal\/2025\/12\/depilacao-de-buco-guia-completo-metodos-cuidados-dicas\/#breadcrumb\",\"itemListElement\":[{\"@type\":\"ListItem\",\"position\":1,\"name\":\"In\u00edcio\",\"item\":\"http:\/\/fernandadepilacao.com.br\/portal\/\"},{\"@type\":\"ListItem\",\"position\":2,\"name\":\"Depila\u00e7\u00e3o de Bu\u00e7o: Guia Completo de M\u00e9todos, Cuidados e Dicas Essenciais\"}]},{\"@type\":\"Article\",\"@id\":\"https:\/\/fernandadepilacao.com.br\/portal\/2025\/12\/depilacao-de-buco-guia-completo-metodos-cuidados-dicas\/#article\",\"isPartOf\":{\"@id\":\"https:\/\/fernandadepilacao.com.br\/portal\/2025\/12\/depilacao-de-buco-guia-completo-metodos-cuidados-dicas\/#webpage\"},\"author\":{\"@id\":\"https:\/\/fernandadepilacao.com.br\/portal\/#\/schema\/person\/d00644c3bbfd9fd17711767a3b1abbd0\"},\"headline\":\"Depila\u00e7\u00e3o de Bu\u00e7o: Guia Completo de M\u00e9todos, Cuidados e Dicas Essenciais\",\"datePublished\":\"2025-12-02T11:01:34+00:00\",\"dateModified\":\"2025-12-06T03:00:18+00:00\",\"mainEntityOfPage\":{\"@id\":\"https:\/\/fernandadepilacao.com.br\/portal\/2025\/12\/depilacao-de-buco-guia-completo-metodos-cuidados-dicas\/#webpage\"},\"wordCount\":947,\"commentCount\":0,\"publisher\":{\"@id\":\"https:\/\/fernandadepilacao.com.br\/portal\/#organization\"},\"image\":{\"@id\":\"https:\/\/fernandadepilacao.com.br\/portal\/2025\/12\/depilacao-de-buco-guia-completo-metodos-cuidados-dicas\/#primaryimage\"},\"thumbnailUrl\":\"https:\/\/fernandadepilacao.com.br\/portal\/wp-content\/uploads\/2025\/12\/20251202080131.png\",\"articleSection\":[\"Adolesc\u00eancia\"],\"inLanguage\":\"pt-BR\",\"potentialAction\":[{\"@type\":\"CommentAction\",\"name\":\"Comment\",\"target\":[\"https:\/\/fernandadepilacao.com.br\/portal\/2025\/12\/depilacao-de-buco-guia-completo-metodos-cuidados-dicas\/#respond\"]}]},{\"@type\":\"Person\",\"@id\":\"https:\/\/fernandadepilacao.com.br\/portal\/#\/schema\/person\/d00644c3bbfd9fd17711767a3b1abbd0\",\"name\":\"fernandajob\",\"image\":{\"@type\":\"ImageObject\",\"@id\":\"https:\/\/fernandadepilacao.com.br\/portal\/#personlogo\",\"inLanguage\":\"pt-BR\",\"url\":\"https:\/\/secure.gravatar.com\/avatar\/6c2268a68d69a325906fbdccd74b18e6?s=96&d=mm&r=g\",\"contentUrl\":\"https:\/\/secure.gravatar.com\/avatar\/6c2268a68d69a325906fbdccd74b18e6?s=96&d=mm&r=g\",\"caption\":\"fernandajob\"},\"sameAs\":[\"http:\/\/fernandadepilacao.com.br\/portal\"]}]}<\/script>\n<!-- \/ Yoast SEO plugin. -->","yoast_head_json":{"title":"Depila\u00e7\u00e3o de Bu\u00e7o: Guia Completo de M\u00e9todos, Cuidados e Dicas Essenciais - Fernanda Depila\u00e7\u00e3o","robots":{"index":"index","follow":"follow","max-snippet":"max-snippet:-1","max-image-preview":"max-image-preview:large","max-video-preview":"max-video-preview:-1"},"canonical":"https:\/\/fernandadepilacao.com.br\/portal\/2025\/12\/depilacao-de-buco-guia-completo-metodos-cuidados-dicas\/","og_locale":"pt_BR","og_type":"article","og_title":"Depila\u00e7\u00e3o de Bu\u00e7o: Guia Completo de M\u00e9todos, Cuidados e Dicas Essenciais - Fernanda Depila\u00e7\u00e3o","og_description":"Depila\u00e7\u00e3o de Bu\u00e7o: O Guia Completo para um Rosto Mais Liso e Confiante O que \u00e9 a Depila\u00e7\u00e3o de Bu\u00e7o? A depila\u00e7\u00e3o de bu\u00e7o \u00e9 um dos procedimentos est\u00e9ticos mais procurados por quem deseja remover aqueles pelinhos indesejados na regi\u00e3o acima dos l\u00e1bios. O bu\u00e7o, tamb\u00e9m conhecido popularmente como &#8220;bigodinho&#8221; ou &#8220;sombrancelha invertida&#8221;, pode incomodar &hellip; Depila\u00e7\u00e3o de Bu\u00e7o: Guia Completo de M\u00e9todos, Cuidados e Dicas Essenciais Leia mais &raquo;","og_url":"https:\/\/fernandadepilacao.com.br\/portal\/2025\/12\/depilacao-de-buco-guia-completo-metodos-cuidados-dicas\/","og_site_name":"Fernanda Depila\u00e7\u00e3o","article_publisher":"https:\/\/www.facebook.com\/ferjobdepilacao","article_published_time":"2025-12-02T11:01:34+00:00","article_modified_time":"2025-12-06T03:00:18+00:00","og_image":[{"width":500,"height":500,"url":"https:\/\/fernandadepilacao.com.br\/portal\/wp-content\/uploads\/2025\/12\/20251202080131.png","type":"image\/png"}],"twitter_card":"summary_large_image","twitter_misc":{"Escrito por":"fernandajob","Est. tempo de leitura":"5 minutos"},"schema":{"@context":"https:\/\/schema.org","@graph":[{"@type":"Organization","@id":"https:\/\/fernandadepilacao.com.br\/portal\/#organization","name":"Fernanda Depila\u00e7\u00e3o","url":"https:\/\/fernandadepilacao.com.br\/portal\/","sameAs":["https:\/\/www.facebook.com\/ferjobdepilacao","http:\/\/instagram.com\/fernanda_job"],"logo":{"@type":"ImageObject","@id":"https:\/\/fernandadepilacao.com.br\/portal\/#logo","inLanguage":"pt-BR","url":"http:\/\/fernandadepilacao.com.br\/portal\/wp-content\/uploads\/2021\/03\/logo_fernanda.png","contentUrl":"http:\/\/fernandadepilacao.com.br\/portal\/wp-content\/uploads\/2021\/03\/logo_fernanda.png","width":673,"height":688,"caption":"Fernanda Depila\u00e7\u00e3o"},"image":{"@id":"https:\/\/fernandadepilacao.com.br\/portal\/#logo"}},{"@type":"WebSite","@id":"https:\/\/fernandadepilacao.com.br\/portal\/#website","url":"https:\/\/fernandadepilacao.com.br\/portal\/","name":"Fernanda Depila\u00e7\u00e3o","description":"","publisher":{"@id":"https:\/\/fernandadepilacao.com.br\/portal\/#organization"},"potentialAction":[{"@type":"SearchAction","target":{"@type":"EntryPoint","urlTemplate":"https:\/\/fernandadepilacao.com.br\/portal\/?s={search_term_string}"},"query-input":"required name=search_term_string"}],"inLanguage":"pt-BR"},{"@type":"ImageObject","@id":"https:\/\/fernandadepilacao.com.br\/portal\/2025\/12\/depilacao-de-buco-guia-completo-metodos-cuidados-dicas\/#primaryimage","inLanguage":"pt-BR","url":"https:\/\/fernandadepilacao.com.br\/portal\/wp-content\/uploads\/2025\/12\/20251202080131.png","contentUrl":"https:\/\/fernandadepilacao.com.br\/portal\/wp-content\/uploads\/2025\/12\/20251202080131.png","width":500,"height":500},{"@type":"WebPage","@id":"https:\/\/fernandadepilacao.com.br\/portal\/2025\/12\/depilacao-de-buco-guia-completo-metodos-cuidados-dicas\/#webpage","url":"https:\/\/fernandadepilacao.com.br\/portal\/2025\/12\/depilacao-de-buco-guia-completo-metodos-cuidados-dicas\/","name":"Depila\u00e7\u00e3o de Bu\u00e7o: Guia Completo de M\u00e9todos, Cuidados e Dicas Essenciais - Fernanda Depila\u00e7\u00e3o","isPartOf":{"@id":"https:\/\/fernandadepilacao.com.br\/portal\/#website"},"primaryImageOfPage":{"@id":"https:\/\/fernandadepilacao.com.br\/portal\/2025\/12\/depilacao-de-buco-guia-completo-metodos-cuidados-dicas\/#primaryimage"},"datePublished":"2025-12-02T11:01:34+00:00","dateModified":"2025-12-06T03:00:18+00:00","breadcrumb":{"@id":"https:\/\/fernandadepilacao.com.br\/portal\/2025\/12\/depilacao-de-buco-guia-completo-metodos-cuidados-dicas\/#breadcrumb"},"inLanguage":"pt-BR","potentialAction":[{"@type":"ReadAction","target":["https:\/\/fernandadepilacao.com.br\/portal\/2025\/12\/depilacao-de-buco-guia-completo-metodos-cuidados-dicas\/"]}]},{"@type":"BreadcrumbList","@id":"https:\/\/fernandadepilacao.com.br\/portal\/2025\/12\/depilacao-de-buco-guia-completo-metodos-cuidados-dicas\/#breadcrumb","itemListElement":[{"@type":"ListItem","position":1,"name":"In\u00edcio","item":"http:\/\/fernandadepilacao.com.br\/portal\/"},{"@type":"ListItem","position":2,"name":"Depila\u00e7\u00e3o de Bu\u00e7o: Guia Completo de M\u00e9todos, Cuidados e Dicas Essenciais"}]},{"@type":"Article","@id":"https:\/\/fernandadepilacao.com.br\/portal\/2025\/12\/depilacao-de-buco-guia-completo-metodos-cuidados-dicas\/#article","isPartOf":{"@id":"https:\/\/fernandadepilacao.com.br\/portal\/2025\/12\/depilacao-de-buco-guia-completo-metodos-cuidados-dicas\/#webpage"},"author":{"@id":"https:\/\/fernandadepilacao.com.br\/portal\/#\/schema\/person\/d00644c3bbfd9fd17711767a3b1abbd0"},"headline":"Depila\u00e7\u00e3o de Bu\u00e7o: Guia Completo de M\u00e9todos, Cuidados e Dicas Essenciais","datePublished":"2025-12-02T11:01:34+00:00","dateModified":"2025-12-06T03:00:18+00:00","mainEntityOfPage":{"@id":"https:\/\/fernandadepilacao.com.br\/portal\/2025\/12\/depilacao-de-buco-guia-completo-metodos-cuidados-dicas\/#webpage"},"wordCount":947,"commentCount":0,"publisher":{"@id":"https:\/\/fernandadepilacao.com.br\/portal\/#organization"},"image":{"@id":"https:\/\/fernandadepilacao.com.br\/portal\/2025\/12\/depilacao-de-buco-guia-completo-metodos-cuidados-dicas\/#primaryimage"},"thumbnailUrl":"https:\/\/fernandadepilacao.com.br\/portal\/wp-content\/uploads\/2025\/12\/20251202080131.png","articleSection":["Adolesc\u00eancia"],"inLanguage":"pt-BR","potentialAction":[{"@type":"CommentAction","name":"Comment","target":["https:\/\/fernandadepilacao.com.br\/portal\/2025\/12\/depilacao-de-buco-guia-completo-metodos-cuidados-dicas\/#respond"]}]},{"@type":"Person","@id":"https:\/\/fernandadepilacao.com.br\/portal\/#\/schema\/person\/d00644c3bbfd9fd17711767a3b1abbd0","name":"fernandajob","image":{"@type":"ImageObject","@id":"https:\/\/fernandadepilacao.com.br\/portal\/#personlogo","inLanguage":"pt-BR","url":"https:\/\/secure.gravatar.com\/avatar\/6c2268a68d69a325906fbdccd74b18e6?s=96&d=mm&r=g","contentUrl":"https:\/\/secure.gravatar.com\/avatar\/6c2268a68d69a325906fbdccd74b18e6?s=96&d=mm&r=g","caption":"fernandajob"},"sameAs":["http:\/\/fernandadepilacao.com.br\/portal"]}]}},"uagb_featured_image_src":{"full":["https:\/\/fernandadepilacao.com.br\/portal\/wp-content\/uploads\/2025\/12\/20251202080131.png",500,500,false],"thumbnail":["https:\/\/fernandadepilacao.com.br\/portal\/wp-content\/uploads\/2025\/12\/20251202080131-150x150.png",150,150,true],"medium":["https:\/\/fernandadepilacao.com.br\/portal\/wp-content\/uploads\/2025\/12\/20251202080131-300x300.png",300,300,true],"medium_large":["https:\/\/fernandadepilacao.com.br\/portal\/wp-content\/uploads\/2025\/12\/20251202080131.png",500,500,false],"large":["https:\/\/fernandadepilacao.com.br\/portal\/wp-content\/uploads\/2025\/12\/20251202080131.png",500,500,false],"1536x1536":["https:\/\/fernandadepilacao.com.br\/portal\/wp-content\/uploads\/2025\/12\/20251202080131.png",500,500,false],"2048x2048":["https:\/\/fernandadepilacao.com.br\/portal\/wp-content\/uploads\/2025\/12\/20251202080131.png",500,500,false]},"uagb_author_info":{"display_name":"fernandajob","author_link":"https:\/\/fernandadepilacao.com.br\/portal\/author\/fernandajob\/"},"uagb_comment_info":0,"uagb_excerpt":"Depila\u00e7\u00e3o de Bu\u00e7o: O Guia Completo para um Rosto Mais Liso e Confiante O que \u00e9 a Depila\u00e7\u00e3o de Bu\u00e7o? A depila\u00e7\u00e3o de bu\u00e7o \u00e9 um dos procedimentos est\u00e9ticos mais procurados por quem deseja remover aqueles pelinhos indesejados na regi\u00e3o acima dos l\u00e1bios. O bu\u00e7o, tamb\u00e9m conhecido popularmente como &#8220;bigodinho&#8221; ou &#8220;sombrancelha invertida&#8221;, pode incomodar&hellip;","_links":{"self":[{"href":"https:\/\/fernandadepilacao.com.br\/portal\/wp-json\/wp\/v2\/posts\/906"}],"collection":[{"href":"https:\/\/fernandadepilacao.com.br\/portal\/wp-json\/wp\/v2\/posts"}],"about":[{"href":"https:\/\/fernandadepilacao.com.br\/portal\/wp-json\/wp\/v2\/types\/post"}],"author":[{"embeddable":true,"href":"https:\/\/fernandadepilacao.com.br\/portal\/wp-json\/wp\/v2\/users\/1"}],"replies":[{"embeddable":true,"href":"https:\/\/fernandadepilacao.com.br\/portal\/wp-json\/wp\/v2\/comments?post=906"}],"version-history":[{"count":1,"href":"https:\/\/fernandadepilacao.com.br\/portal\/wp-json\/wp\/v2\/posts\/906\/revisions"}],"predecessor-version":[{"id":907,"href":"https:\/\/fernandadepilacao.com.br\/portal\/wp-json\/wp\/v2\/posts\/906\/revisions\/907"}],"wp:featuredmedia":[{"embeddable":true,"href":"https:\/\/fernandadepilacao.com.br\/portal\/wp-json\/wp\/v2\/media\/905"}],"wp:attachment":[{"href":"https:\/\/fernandadepilacao.com.br\/portal\/wp-json\/wp\/v2\/media?parent=906"}],"wp:term":[{"taxonomy":"category","embeddable":true,"href":"https:\/\/fernandadepilacao.com.br\/portal\/wp-json\/wp\/v2\/categories?post=906"},{"taxonomy":"post_tag","embeddable":true,"href":"https:\/\/fernandadepilacao.com.br\/portal\/wp-json\/wp\/v2\/tags?post=906"}],"curies":[{"name":"wp","href":"https:\/\/api.w.org\/{rel}","templated":true}]}}