{"id":897,"date":"2025-11-30T16:01:30","date_gmt":"2025-11-30T19:01:30","guid":{"rendered":"https:\/\/fernandadepilacao.com.br\/portal\/2025\/11\/depilacao-intima-guia-pratico-seguranca-conforto\/"},"modified":"2025-12-15T06:00:18","modified_gmt":"2025-12-15T09:00:18","slug":"depilacao-intima-guia-pratico-seguranca-conforto","status":"publish","type":"post","link":"https:\/\/fernandadepilacao.com.br\/portal\/2025\/11\/depilacao-intima-guia-pratico-seguranca-conforto\/","title":{"rendered":"Depila\u00e7\u00e3o \u00cdntima: Guia Pr\u00e1tico para Seguran\u00e7a e Conforto"},"content":{"rendered":"<article>\n<header>\n<h1>Depila\u00e7\u00e3o \u00cdntima: Guia Completo para uma Experi\u00eancia Segura e Confort\u00e1vel<\/h1>\n<p>    <meta name=\"description\" content=\"Descubra tudo sobre depila\u00e7\u00e3o \u00edntima: t\u00e9cnicas, cuidados, mitos e dicas para garantir conforto, seguran\u00e7a e bem-estar. Saiba como escolher o m\u00e9todo ideal para voc\u00ea.\"\/><br \/>\n  <\/header>\n<section>\n<h2>O que \u00e9 Depila\u00e7\u00e3o \u00cdntima?<\/h2>\n<p>A <strong>depila\u00e7\u00e3o \u00edntima<\/strong> \u00e9 o procedimento de remo\u00e7\u00e3o dos pelos da regi\u00e3o genital, seja parcial ou total, realizado por diversos m\u00e9todos. Muito buscada por quest\u00f5es de <strong>higiene<\/strong>, <strong>est\u00e9tica<\/strong> e <strong>conforto pessoal<\/strong>, a depila\u00e7\u00e3o \u00edntima ganhou popularidade ao longo dos anos, tornando-se uma rotina fundamental nos cuidados pessoais de muitas pessoas.<\/p>\n<\/section>\n<section>\n<h2>Principais M\u00e9todos de Depila\u00e7\u00e3o \u00cdntima<\/h2>\n<p>Existem v\u00e1rias t\u00e9cnicas dispon\u00edveis para depila\u00e7\u00e3o \u00edntima. Cada uma possui vantagens e pontos de aten\u00e7\u00e3o espec\u00edficos. Veja os m\u00e9todos mais procurados:<\/p>\n<ul>\n<li><strong>Cera quente:<\/strong> Remove os pelos pela raiz, oferecendo uma pele lisa por mais tempo. \u00c9 importante aplicar em pequenas \u00e1reas e tomar cuidado com a temperatura para evitar queimaduras.<\/li>\n<li><strong>Cera fria:<\/strong> Pr\u00e1tica e eficaz, mas pode ser menos confort\u00e1vel para \u00e1reas sens\u00edveis.<\/li>\n<li><strong>Depila\u00e7\u00e3o com linha:<\/strong> T\u00e9cnica ancestral que remove o pelo pela raiz, indicada para contornos e detalhes.<\/li>\n<li><strong>L\u00e2mina (gilete):<\/strong> Dispon\u00edvel e pr\u00e1tica, mas o resultado dura menos e pode causar irrita\u00e7\u00e3o ou foliculite.<\/li>\n<li><strong>Creme depilat\u00f3rio:<\/strong> Dissolve o pelo alinhado \u00e0 superf\u00edcie, sendo indolor, mas deve-se ter aten\u00e7\u00e3o a poss\u00edveis alergias.<\/li>\n<li><strong>Laser ou luz pulsada:<\/strong> T\u00e9cnicas permanentes, que reduzem a quantidade de pelos e os deixam mais finos com o tempo, sendo necess\u00e1rio acompanhamento profissional.<\/li>\n<\/ul>\n<\/section>\n<section>\n<h2>Benef\u00edcios da Depila\u00e7\u00e3o \u00cdntima<\/h2>\n<ul>\n<li><strong>Pele mais lisa e macia;<\/strong><\/li>\n<li><strong>Maior sensa\u00e7\u00e3o de higiene e frescor;<\/strong><\/li>\n<li><strong>Facilidade na manuten\u00e7\u00e3o dos cuidados do dia a dia;<\/strong><\/li>\n<li><strong>Autoconfian\u00e7a e bem-estar<\/strong>.<\/li>\n<\/ul>\n<p>Vale lembrar que a escolha pela depila\u00e7\u00e3o \u00edntima \u00e9 pessoal e n\u00e3o obrigat\u00f3ria. O importante \u00e9 fazer o que faz sentir-se confort\u00e1vel e segura.<\/p>\n<\/section>\n<section>\n<h2>Cuidados Antes e Depois da Depila\u00e7\u00e3o \u00cdntima<\/h2>\n<h3>Antes da Depila\u00e7\u00e3o:<\/h3>\n<ul>\n<li>Mantenha a \u00e1rea limpa e seca;<\/li>\n<li>Evite exposi\u00e7\u00e3o solar nas 24h anteriores, principalmente em m\u00e9todos \u00e0 base de cera;<\/li>\n<li>Hidrate a regi\u00e3o, mas n\u00e3o use cremes muito oleosos no dia da depila\u00e7\u00e3o;<\/li>\n<li>Deixe os pelos crescerem pelo menos 0,5 cm, o ideal para a remo\u00e7\u00e3o ser eficiente.<\/li>\n<\/ul>\n<h3>Depois da Depila\u00e7\u00e3o:<\/h3>\n<ul>\n<li>Use roupas leves e de algod\u00e3o;<\/li>\n<li>Evite piscinas, praias e banhos quentes por 24 horas;<\/li>\n<li>Hidrate a pele com produtos calmantes (como gel de aloe vera);<\/li>\n<li>N\u00e3o use produtos com \u00e1lcool no local imediatamente ap\u00f3s a depila\u00e7\u00e3o.<\/li>\n<\/ul>\n<\/section>\n<section>\n<h2>Principais D\u00favidas sobre Depila\u00e7\u00e3o \u00cdntima<\/h2>\n<h3>Depila\u00e7\u00e3o \u00edntima causa escurecimento da pele?<\/h3>\n<p>M\u00e9todos agressivos e repetitivos, especialmente l\u00e2mina e cremes depilat\u00f3rios, podem causar irrita\u00e7\u00e3o e, consequentemente, o escurecimento da regi\u00e3o. Procure alternar m\u00e9todos e evitar o uso excessivo de l\u00e2minas.<\/p>\n<h3>\u00c9 normal sentir dor ou desconforto?<\/h3>\n<p>Sensibilidade \u00e9 comum, principalmente na primeira depila\u00e7\u00e3o ou quando os pelos est\u00e3o grossos. A tend\u00eancia \u00e9 que, com o tempo, os pelos fiquem mais finos e a dor diminua.<\/p>\n<h3>Como evitar foliculite e pelos encravados?<\/h3>\n<p>Esfolie a regi\u00e3o regularmente (apenas ap\u00f3s a cicatriza\u00e7\u00e3o p\u00f3s-depila\u00e7\u00e3o), evite roupas apertadas e, se poss\u00edvel, intercale m\u00e9todos de depila\u00e7\u00e3o.<\/p>\n<\/section>\n<section>\n<h2>Mitos e Verdades sobre Depila\u00e7\u00e3o \u00cdntima<\/h2>\n<ul>\n<li><strong>Deixar de depilar prejudica a higiene?<\/strong> <u>Mito<\/u>. A higieniza\u00e7\u00e3o adequada n\u00e3o depende da aus\u00eancia de pelos. Depilar \u00e9 uma escolha e n\u00e3o uma exig\u00eancia para a sa\u00fade.<\/li>\n<li><strong>Depila\u00e7\u00e3o com cera causa flacidez?<\/strong> <u>Mito<\/u>. O uso correto da t\u00e9cnica n\u00e3o provoca flacidez na pele.<\/li>\n<li><strong>Depilar com frequ\u00eancia enfraquece o pelo?<\/strong> <u>Verdade<\/u>. M\u00e9todos que arrancam o pelo pela raiz tendem a enfraquecer o pelo ao longo do tempo.<\/li>\n<\/ul>\n<\/section>\n<section>\n<h2>Dicas para uma Depila\u00e7\u00e3o \u00cdntima Segura e Confort\u00e1vel<\/h2>\n<ul>\n<li>Procure profissionais capacitados e ambientes adequados;<\/li>\n<li>Converse sobre alergias ou sensibilidades;<\/li>\n<li>Mantenha a higiene da pele, m\u00e3os e materiais;<\/li>\n<li>Evite manipular a \u00e1rea depilada nos primeiros dias;<\/li>\n<li>Agende novas sess\u00f5es respeitando o tempo de crescimento saud\u00e1vel dos pelos.<\/li>\n<\/ul>\n<\/section>\n<section>\n<h2>Conclus\u00e3o<\/h2>\n<p>A <strong>depila\u00e7\u00e3o \u00edntima<\/strong> \u00e9 uma escolha que pode trazer mais conforto, autoestima e higiene para quem procura. Seja qual for sua decis\u00e3o, lembre-se de priorizar o cuidado com a pele e procurar orienta\u00e7\u00f5es de profissionais qualificados. Valorize o seu bem-estar e siga as recomenda\u00e7\u00f5es para uma experi\u00eancia segura e positiva!<\/p>\n<p>Se este artigo te ajudou, compartilhe ou deixe seu coment\u00e1rio. Siga acompanhando o blog para mais dicas sobre <strong>beleza, bem-estar e cuidados com a pele<\/strong>!<\/p>\n<\/section>\n<\/article>\n","protected":false},"excerpt":{"rendered":"<p>Depila\u00e7\u00e3o \u00cdntima: Guia Completo para uma Experi\u00eancia Segura e Confort\u00e1vel O que \u00e9 Depila\u00e7\u00e3o \u00cdntima? A depila\u00e7\u00e3o \u00edntima \u00e9 o procedimento de remo\u00e7\u00e3o dos pelos da regi\u00e3o genital, seja parcial ou total, realizado por diversos m\u00e9todos. Muito buscada por quest\u00f5es de higiene, est\u00e9tica e conforto pessoal, a depila\u00e7\u00e3o \u00edntima ganhou popularidade ao longo dos anos, &hellip;<\/p>\n<p class=\"read-more\"> <a class=\"\" href=\"https:\/\/fernandadepilacao.com.br\/portal\/2025\/11\/depilacao-intima-guia-pratico-seguranca-conforto\/\"> <span class=\"screen-reader-text\">Depila\u00e7\u00e3o \u00cdntima: Guia Pr\u00e1tico para Seguran\u00e7a e Conforto<\/span> Leia mais &raquo;<\/a><\/p>\n","protected":false},"author":1,"featured_media":896,"comment_status":"open","ping_status":"open","sticky":false,"template":"","format":"standard","meta":[],"categories":[34],"tags":[],"yoast_head":"<!-- This site is optimized with the Yoast SEO plugin v18.4.1 - https:\/\/yoast.com\/wordpress\/plugins\/seo\/ -->\n<title>Depila\u00e7\u00e3o \u00cdntima: Guia Pr\u00e1tico para Seguran\u00e7a e Conforto - Fernanda Depila\u00e7\u00e3o<\/title>\n<meta name=\"robots\" content=\"index, follow, max-snippet:-1, max-image-preview:large, max-video-preview:-1\" \/>\n<link rel=\"canonical\" href=\"https:\/\/fernandadepilacao.com.br\/portal\/2025\/11\/depilacao-intima-guia-pratico-seguranca-conforto\/\" \/>\n<meta property=\"og:locale\" content=\"pt_BR\" \/>\n<meta property=\"og:type\" content=\"article\" \/>\n<meta property=\"og:title\" content=\"Depila\u00e7\u00e3o \u00cdntima: Guia Pr\u00e1tico para Seguran\u00e7a e Conforto - Fernanda Depila\u00e7\u00e3o\" \/>\n<meta property=\"og:description\" content=\"Depila\u00e7\u00e3o \u00cdntima: Guia Completo para uma Experi\u00eancia Segura e Confort\u00e1vel O que \u00e9 Depila\u00e7\u00e3o \u00cdntima? A depila\u00e7\u00e3o \u00edntima \u00e9 o procedimento de remo\u00e7\u00e3o dos pelos da regi\u00e3o genital, seja parcial ou total, realizado por diversos m\u00e9todos. Muito buscada por quest\u00f5es de higiene, est\u00e9tica e conforto pessoal, a depila\u00e7\u00e3o \u00edntima ganhou popularidade ao longo dos anos, &hellip; Depila\u00e7\u00e3o \u00cdntima: Guia Pr\u00e1tico para Seguran\u00e7a e Conforto Leia mais &raquo;\" \/>\n<meta property=\"og:url\" content=\"https:\/\/fernandadepilacao.com.br\/portal\/2025\/11\/depilacao-intima-guia-pratico-seguranca-conforto\/\" \/>\n<meta property=\"og:site_name\" content=\"Fernanda Depila\u00e7\u00e3o\" \/>\n<meta property=\"article:publisher\" content=\"https:\/\/www.facebook.com\/ferjobdepilacao\" \/>\n<meta property=\"article:published_time\" content=\"2025-11-30T19:01:30+00:00\" \/>\n<meta property=\"article:modified_time\" content=\"2025-12-15T09:00:18+00:00\" \/>\n<meta property=\"og:image\" content=\"https:\/\/fernandadepilacao.com.br\/portal\/wp-content\/uploads\/2025\/11\/20251130160126.png\" \/>\n\t<meta property=\"og:image:width\" content=\"500\" \/>\n\t<meta property=\"og:image:height\" content=\"500\" \/>\n\t<meta property=\"og:image:type\" content=\"image\/png\" \/>\n<meta name=\"twitter:card\" content=\"summary_large_image\" \/>\n<meta name=\"twitter:label1\" content=\"Escrito por\" \/>\n\t<meta name=\"twitter:data1\" content=\"fernandajob\" \/>\n\t<meta name=\"twitter:label2\" content=\"Est. tempo de leitura\" \/>\n\t<meta name=\"twitter:data2\" content=\"4 minutos\" \/>\n<script type=\"application\/ld+json\" class=\"yoast-schema-graph\">{\"@context\":\"https:\/\/schema.org\",\"@graph\":[{\"@type\":\"Organization\",\"@id\":\"https:\/\/fernandadepilacao.com.br\/portal\/#organization\",\"name\":\"Fernanda Depila\u00e7\u00e3o\",\"url\":\"https:\/\/fernandadepilacao.com.br\/portal\/\",\"sameAs\":[\"https:\/\/www.facebook.com\/ferjobdepilacao\",\"http:\/\/instagram.com\/fernanda_job\"],\"logo\":{\"@type\":\"ImageObject\",\"@id\":\"https:\/\/fernandadepilacao.com.br\/portal\/#logo\",\"inLanguage\":\"pt-BR\",\"url\":\"http:\/\/fernandadepilacao.com.br\/portal\/wp-content\/uploads\/2021\/03\/logo_fernanda.png\",\"contentUrl\":\"http:\/\/fernandadepilacao.com.br\/portal\/wp-content\/uploads\/2021\/03\/logo_fernanda.png\",\"width\":673,\"height\":688,\"caption\":\"Fernanda Depila\u00e7\u00e3o\"},\"image\":{\"@id\":\"https:\/\/fernandadepilacao.com.br\/portal\/#logo\"}},{\"@type\":\"WebSite\",\"@id\":\"https:\/\/fernandadepilacao.com.br\/portal\/#website\",\"url\":\"https:\/\/fernandadepilacao.com.br\/portal\/\",\"name\":\"Fernanda Depila\u00e7\u00e3o\",\"description\":\"\",\"publisher\":{\"@id\":\"https:\/\/fernandadepilacao.com.br\/portal\/#organization\"},\"potentialAction\":[{\"@type\":\"SearchAction\",\"target\":{\"@type\":\"EntryPoint\",\"urlTemplate\":\"https:\/\/fernandadepilacao.com.br\/portal\/?s={search_term_string}\"},\"query-input\":\"required name=search_term_string\"}],\"inLanguage\":\"pt-BR\"},{\"@type\":\"ImageObject\",\"@id\":\"https:\/\/fernandadepilacao.com.br\/portal\/2025\/11\/depilacao-intima-guia-pratico-seguranca-conforto\/#primaryimage\",\"inLanguage\":\"pt-BR\",\"url\":\"https:\/\/fernandadepilacao.com.br\/portal\/wp-content\/uploads\/2025\/11\/20251130160126.png\",\"contentUrl\":\"https:\/\/fernandadepilacao.com.br\/portal\/wp-content\/uploads\/2025\/11\/20251130160126.png\",\"width\":500,\"height\":500},{\"@type\":\"WebPage\",\"@id\":\"https:\/\/fernandadepilacao.com.br\/portal\/2025\/11\/depilacao-intima-guia-pratico-seguranca-conforto\/#webpage\",\"url\":\"https:\/\/fernandadepilacao.com.br\/portal\/2025\/11\/depilacao-intima-guia-pratico-seguranca-conforto\/\",\"name\":\"Depila\u00e7\u00e3o \u00cdntima: Guia Pr\u00e1tico para Seguran\u00e7a e Conforto - Fernanda Depila\u00e7\u00e3o\",\"isPartOf\":{\"@id\":\"https:\/\/fernandadepilacao.com.br\/portal\/#website\"},\"primaryImageOfPage\":{\"@id\":\"https:\/\/fernandadepilacao.com.br\/portal\/2025\/11\/depilacao-intima-guia-pratico-seguranca-conforto\/#primaryimage\"},\"datePublished\":\"2025-11-30T19:01:30+00:00\",\"dateModified\":\"2025-12-15T09:00:18+00:00\",\"breadcrumb\":{\"@id\":\"https:\/\/fernandadepilacao.com.br\/portal\/2025\/11\/depilacao-intima-guia-pratico-seguranca-conforto\/#breadcrumb\"},\"inLanguage\":\"pt-BR\",\"potentialAction\":[{\"@type\":\"ReadAction\",\"target\":[\"https:\/\/fernandadepilacao.com.br\/portal\/2025\/11\/depilacao-intima-guia-pratico-seguranca-conforto\/\"]}]},{\"@type\":\"BreadcrumbList\",\"@id\":\"https:\/\/fernandadepilacao.com.br\/portal\/2025\/11\/depilacao-intima-guia-pratico-seguranca-conforto\/#breadcrumb\",\"itemListElement\":[{\"@type\":\"ListItem\",\"position\":1,\"name\":\"In\u00edcio\",\"item\":\"http:\/\/fernandadepilacao.com.br\/portal\/\"},{\"@type\":\"ListItem\",\"position\":2,\"name\":\"Depila\u00e7\u00e3o \u00cdntima: Guia Pr\u00e1tico para Seguran\u00e7a e Conforto\"}]},{\"@type\":\"Article\",\"@id\":\"https:\/\/fernandadepilacao.com.br\/portal\/2025\/11\/depilacao-intima-guia-pratico-seguranca-conforto\/#article\",\"isPartOf\":{\"@id\":\"https:\/\/fernandadepilacao.com.br\/portal\/2025\/11\/depilacao-intima-guia-pratico-seguranca-conforto\/#webpage\"},\"author\":{\"@id\":\"https:\/\/fernandadepilacao.com.br\/portal\/#\/schema\/person\/d00644c3bbfd9fd17711767a3b1abbd0\"},\"headline\":\"Depila\u00e7\u00e3o \u00cdntima: Guia Pr\u00e1tico para Seguran\u00e7a e Conforto\",\"datePublished\":\"2025-11-30T19:01:30+00:00\",\"dateModified\":\"2025-12-15T09:00:18+00:00\",\"mainEntityOfPage\":{\"@id\":\"https:\/\/fernandadepilacao.com.br\/portal\/2025\/11\/depilacao-intima-guia-pratico-seguranca-conforto\/#webpage\"},\"wordCount\":746,\"commentCount\":0,\"publisher\":{\"@id\":\"https:\/\/fernandadepilacao.com.br\/portal\/#organization\"},\"image\":{\"@id\":\"https:\/\/fernandadepilacao.com.br\/portal\/2025\/11\/depilacao-intima-guia-pratico-seguranca-conforto\/#primaryimage\"},\"thumbnailUrl\":\"https:\/\/fernandadepilacao.com.br\/portal\/wp-content\/uploads\/2025\/11\/20251130160126.png\",\"articleSection\":[\"Adolesc\u00eancia\"],\"inLanguage\":\"pt-BR\",\"potentialAction\":[{\"@type\":\"CommentAction\",\"name\":\"Comment\",\"target\":[\"https:\/\/fernandadepilacao.com.br\/portal\/2025\/11\/depilacao-intima-guia-pratico-seguranca-conforto\/#respond\"]}]},{\"@type\":\"Person\",\"@id\":\"https:\/\/fernandadepilacao.com.br\/portal\/#\/schema\/person\/d00644c3bbfd9fd17711767a3b1abbd0\",\"name\":\"fernandajob\",\"image\":{\"@type\":\"ImageObject\",\"@id\":\"https:\/\/fernandadepilacao.com.br\/portal\/#personlogo\",\"inLanguage\":\"pt-BR\",\"url\":\"https:\/\/secure.gravatar.com\/avatar\/6c2268a68d69a325906fbdccd74b18e6?s=96&d=mm&r=g\",\"contentUrl\":\"https:\/\/secure.gravatar.com\/avatar\/6c2268a68d69a325906fbdccd74b18e6?s=96&d=mm&r=g\",\"caption\":\"fernandajob\"},\"sameAs\":[\"http:\/\/fernandadepilacao.com.br\/portal\"]}]}<\/script>\n<!-- \/ Yoast SEO plugin. -->","yoast_head_json":{"title":"Depila\u00e7\u00e3o \u00cdntima: Guia Pr\u00e1tico para Seguran\u00e7a e Conforto - Fernanda Depila\u00e7\u00e3o","robots":{"index":"index","follow":"follow","max-snippet":"max-snippet:-1","max-image-preview":"max-image-preview:large","max-video-preview":"max-video-preview:-1"},"canonical":"https:\/\/fernandadepilacao.com.br\/portal\/2025\/11\/depilacao-intima-guia-pratico-seguranca-conforto\/","og_locale":"pt_BR","og_type":"article","og_title":"Depila\u00e7\u00e3o \u00cdntima: Guia Pr\u00e1tico para Seguran\u00e7a e Conforto - Fernanda Depila\u00e7\u00e3o","og_description":"Depila\u00e7\u00e3o \u00cdntima: Guia Completo para uma Experi\u00eancia Segura e Confort\u00e1vel O que \u00e9 Depila\u00e7\u00e3o \u00cdntima? A depila\u00e7\u00e3o \u00edntima \u00e9 o procedimento de remo\u00e7\u00e3o dos pelos da regi\u00e3o genital, seja parcial ou total, realizado por diversos m\u00e9todos. Muito buscada por quest\u00f5es de higiene, est\u00e9tica e conforto pessoal, a depila\u00e7\u00e3o \u00edntima ganhou popularidade ao longo dos anos, &hellip; Depila\u00e7\u00e3o \u00cdntima: Guia Pr\u00e1tico para Seguran\u00e7a e Conforto Leia mais &raquo;","og_url":"https:\/\/fernandadepilacao.com.br\/portal\/2025\/11\/depilacao-intima-guia-pratico-seguranca-conforto\/","og_site_name":"Fernanda Depila\u00e7\u00e3o","article_publisher":"https:\/\/www.facebook.com\/ferjobdepilacao","article_published_time":"2025-11-30T19:01:30+00:00","article_modified_time":"2025-12-15T09:00:18+00:00","og_image":[{"width":500,"height":500,"url":"https:\/\/fernandadepilacao.com.br\/portal\/wp-content\/uploads\/2025\/11\/20251130160126.png","type":"image\/png"}],"twitter_card":"summary_large_image","twitter_misc":{"Escrito por":"fernandajob","Est. tempo de leitura":"4 minutos"},"schema":{"@context":"https:\/\/schema.org","@graph":[{"@type":"Organization","@id":"https:\/\/fernandadepilacao.com.br\/portal\/#organization","name":"Fernanda Depila\u00e7\u00e3o","url":"https:\/\/fernandadepilacao.com.br\/portal\/","sameAs":["https:\/\/www.facebook.com\/ferjobdepilacao","http:\/\/instagram.com\/fernanda_job"],"logo":{"@type":"ImageObject","@id":"https:\/\/fernandadepilacao.com.br\/portal\/#logo","inLanguage":"pt-BR","url":"http:\/\/fernandadepilacao.com.br\/portal\/wp-content\/uploads\/2021\/03\/logo_fernanda.png","contentUrl":"http:\/\/fernandadepilacao.com.br\/portal\/wp-content\/uploads\/2021\/03\/logo_fernanda.png","width":673,"height":688,"caption":"Fernanda Depila\u00e7\u00e3o"},"image":{"@id":"https:\/\/fernandadepilacao.com.br\/portal\/#logo"}},{"@type":"WebSite","@id":"https:\/\/fernandadepilacao.com.br\/portal\/#website","url":"https:\/\/fernandadepilacao.com.br\/portal\/","name":"Fernanda Depila\u00e7\u00e3o","description":"","publisher":{"@id":"https:\/\/fernandadepilacao.com.br\/portal\/#organization"},"potentialAction":[{"@type":"SearchAction","target":{"@type":"EntryPoint","urlTemplate":"https:\/\/fernandadepilacao.com.br\/portal\/?s={search_term_string}"},"query-input":"required name=search_term_string"}],"inLanguage":"pt-BR"},{"@type":"ImageObject","@id":"https:\/\/fernandadepilacao.com.br\/portal\/2025\/11\/depilacao-intima-guia-pratico-seguranca-conforto\/#primaryimage","inLanguage":"pt-BR","url":"https:\/\/fernandadepilacao.com.br\/portal\/wp-content\/uploads\/2025\/11\/20251130160126.png","contentUrl":"https:\/\/fernandadepilacao.com.br\/portal\/wp-content\/uploads\/2025\/11\/20251130160126.png","width":500,"height":500},{"@type":"WebPage","@id":"https:\/\/fernandadepilacao.com.br\/portal\/2025\/11\/depilacao-intima-guia-pratico-seguranca-conforto\/#webpage","url":"https:\/\/fernandadepilacao.com.br\/portal\/2025\/11\/depilacao-intima-guia-pratico-seguranca-conforto\/","name":"Depila\u00e7\u00e3o \u00cdntima: Guia Pr\u00e1tico para Seguran\u00e7a e Conforto - Fernanda Depila\u00e7\u00e3o","isPartOf":{"@id":"https:\/\/fernandadepilacao.com.br\/portal\/#website"},"primaryImageOfPage":{"@id":"https:\/\/fernandadepilacao.com.br\/portal\/2025\/11\/depilacao-intima-guia-pratico-seguranca-conforto\/#primaryimage"},"datePublished":"2025-11-30T19:01:30+00:00","dateModified":"2025-12-15T09:00:18+00:00","breadcrumb":{"@id":"https:\/\/fernandadepilacao.com.br\/portal\/2025\/11\/depilacao-intima-guia-pratico-seguranca-conforto\/#breadcrumb"},"inLanguage":"pt-BR","potentialAction":[{"@type":"ReadAction","target":["https:\/\/fernandadepilacao.com.br\/portal\/2025\/11\/depilacao-intima-guia-pratico-seguranca-conforto\/"]}]},{"@type":"BreadcrumbList","@id":"https:\/\/fernandadepilacao.com.br\/portal\/2025\/11\/depilacao-intima-guia-pratico-seguranca-conforto\/#breadcrumb","itemListElement":[{"@type":"ListItem","position":1,"name":"In\u00edcio","item":"http:\/\/fernandadepilacao.com.br\/portal\/"},{"@type":"ListItem","position":2,"name":"Depila\u00e7\u00e3o \u00cdntima: Guia Pr\u00e1tico para Seguran\u00e7a e Conforto"}]},{"@type":"Article","@id":"https:\/\/fernandadepilacao.com.br\/portal\/2025\/11\/depilacao-intima-guia-pratico-seguranca-conforto\/#article","isPartOf":{"@id":"https:\/\/fernandadepilacao.com.br\/portal\/2025\/11\/depilacao-intima-guia-pratico-seguranca-conforto\/#webpage"},"author":{"@id":"https:\/\/fernandadepilacao.com.br\/portal\/#\/schema\/person\/d00644c3bbfd9fd17711767a3b1abbd0"},"headline":"Depila\u00e7\u00e3o \u00cdntima: Guia Pr\u00e1tico para Seguran\u00e7a e Conforto","datePublished":"2025-11-30T19:01:30+00:00","dateModified":"2025-12-15T09:00:18+00:00","mainEntityOfPage":{"@id":"https:\/\/fernandadepilacao.com.br\/portal\/2025\/11\/depilacao-intima-guia-pratico-seguranca-conforto\/#webpage"},"wordCount":746,"commentCount":0,"publisher":{"@id":"https:\/\/fernandadepilacao.com.br\/portal\/#organization"},"image":{"@id":"https:\/\/fernandadepilacao.com.br\/portal\/2025\/11\/depilacao-intima-guia-pratico-seguranca-conforto\/#primaryimage"},"thumbnailUrl":"https:\/\/fernandadepilacao.com.br\/portal\/wp-content\/uploads\/2025\/11\/20251130160126.png","articleSection":["Adolesc\u00eancia"],"inLanguage":"pt-BR","potentialAction":[{"@type":"CommentAction","name":"Comment","target":["https:\/\/fernandadepilacao.com.br\/portal\/2025\/11\/depilacao-intima-guia-pratico-seguranca-conforto\/#respond"]}]},{"@type":"Person","@id":"https:\/\/fernandadepilacao.com.br\/portal\/#\/schema\/person\/d00644c3bbfd9fd17711767a3b1abbd0","name":"fernandajob","image":{"@type":"ImageObject","@id":"https:\/\/fernandadepilacao.com.br\/portal\/#personlogo","inLanguage":"pt-BR","url":"https:\/\/secure.gravatar.com\/avatar\/6c2268a68d69a325906fbdccd74b18e6?s=96&d=mm&r=g","contentUrl":"https:\/\/secure.gravatar.com\/avatar\/6c2268a68d69a325906fbdccd74b18e6?s=96&d=mm&r=g","caption":"fernandajob"},"sameAs":["http:\/\/fernandadepilacao.com.br\/portal"]}]}},"uagb_featured_image_src":{"full":["https:\/\/fernandadepilacao.com.br\/portal\/wp-content\/uploads\/2025\/11\/20251130160126.png",500,500,false],"thumbnail":["https:\/\/fernandadepilacao.com.br\/portal\/wp-content\/uploads\/2025\/11\/20251130160126-150x150.png",150,150,true],"medium":["https:\/\/fernandadepilacao.com.br\/portal\/wp-content\/uploads\/2025\/11\/20251130160126-300x300.png",300,300,true],"medium_large":["https:\/\/fernandadepilacao.com.br\/portal\/wp-content\/uploads\/2025\/11\/20251130160126.png",500,500,false],"large":["https:\/\/fernandadepilacao.com.br\/portal\/wp-content\/uploads\/2025\/11\/20251130160126.png",500,500,false],"1536x1536":["https:\/\/fernandadepilacao.com.br\/portal\/wp-content\/uploads\/2025\/11\/20251130160126.png",500,500,false],"2048x2048":["https:\/\/fernandadepilacao.com.br\/portal\/wp-content\/uploads\/2025\/11\/20251130160126.png",500,500,false]},"uagb_author_info":{"display_name":"fernandajob","author_link":"https:\/\/fernandadepilacao.com.br\/portal\/author\/fernandajob\/"},"uagb_comment_info":0,"uagb_excerpt":"Depila\u00e7\u00e3o \u00cdntima: Guia Completo para uma Experi\u00eancia Segura e Confort\u00e1vel O que \u00e9 Depila\u00e7\u00e3o \u00cdntima? A depila\u00e7\u00e3o \u00edntima \u00e9 o procedimento de remo\u00e7\u00e3o dos pelos da regi\u00e3o genital, seja parcial ou total, realizado por diversos m\u00e9todos. Muito buscada por quest\u00f5es de higiene, est\u00e9tica e conforto pessoal, a depila\u00e7\u00e3o \u00edntima ganhou popularidade ao longo dos anos,&hellip;","_links":{"self":[{"href":"https:\/\/fernandadepilacao.com.br\/portal\/wp-json\/wp\/v2\/posts\/897"}],"collection":[{"href":"https:\/\/fernandadepilacao.com.br\/portal\/wp-json\/wp\/v2\/posts"}],"about":[{"href":"https:\/\/fernandadepilacao.com.br\/portal\/wp-json\/wp\/v2\/types\/post"}],"author":[{"embeddable":true,"href":"https:\/\/fernandadepilacao.com.br\/portal\/wp-json\/wp\/v2\/users\/1"}],"replies":[{"embeddable":true,"href":"https:\/\/fernandadepilacao.com.br\/portal\/wp-json\/wp\/v2\/comments?post=897"}],"version-history":[{"count":1,"href":"https:\/\/fernandadepilacao.com.br\/portal\/wp-json\/wp\/v2\/posts\/897\/revisions"}],"predecessor-version":[{"id":898,"href":"https:\/\/fernandadepilacao.com.br\/portal\/wp-json\/wp\/v2\/posts\/897\/revisions\/898"}],"wp:featuredmedia":[{"embeddable":true,"href":"https:\/\/fernandadepilacao.com.br\/portal\/wp-json\/wp\/v2\/media\/896"}],"wp:attachment":[{"href":"https:\/\/fernandadepilacao.com.br\/portal\/wp-json\/wp\/v2\/media?parent=897"}],"wp:term":[{"taxonomy":"category","embeddable":true,"href":"https:\/\/fernandadepilacao.com.br\/portal\/wp-json\/wp\/v2\/categories?post=897"},{"taxonomy":"post_tag","embeddable":true,"href":"https:\/\/fernandadepilacao.com.br\/portal\/wp-json\/wp\/v2\/tags?post=897"}],"curies":[{"name":"wp","href":"https:\/\/api.w.org\/{rel}","templated":true}]}}