{"id":885,"date":"2025-11-28T16:01:35","date_gmt":"2025-11-28T19:01:35","guid":{"rendered":"https:\/\/fernandadepilacao.com.br\/portal\/2025\/11\/cuidados-pre-e-pos-depilacao-dicas-essenciais-para-proteger-sua-pele\/"},"modified":"2025-11-28T18:00:18","modified_gmt":"2025-11-28T21:00:18","slug":"cuidados-pre-e-pos-depilacao-dicas-essenciais-para-proteger-sua-pele","status":"publish","type":"post","link":"https:\/\/fernandadepilacao.com.br\/portal\/2025\/11\/cuidados-pre-e-pos-depilacao-dicas-essenciais-para-proteger-sua-pele\/","title":{"rendered":"Cuidados Pr\u00e9 e P\u00f3s-Depila\u00e7\u00e3o: Dicas Essenciais para Proteger Sua Pele"},"content":{"rendered":"<article>\n<header>\n<h1>Cuidados Pr\u00e9 e P\u00f3s-Depila\u00e7\u00e3o: Dicas Essenciais Para Evitar Complica\u00e7\u00f5es<\/h1>\n<p>    <meta name=\"description\" content=\"Descubra os cuidados pr\u00e9 e p\u00f3s-depila\u00e7\u00e3o que v\u00e3o garantir sa\u00fade, beleza e conforto para sua pele. Evite foliculite, manchas, irrita\u00e7\u00f5es e sinta-se segura com essas dicas profissionais.\"\/><br \/>\n  <\/header>\n<section>\n<h2>Por Que se Preocupar com os Cuidados Antes e Depois da Depila\u00e7\u00e3o?<\/h2>\n<p>A depila\u00e7\u00e3o ocupa um lugar de destaque na rotina de cuidados est\u00e9ticos, trazendo benef\u00edcios como suavidade e sensa\u00e7\u00e3o prolongada de pele lisa. Entretanto, os efeitos desejados s\u00f3 s\u00e3o alcan\u00e7ados com a ado\u00e7\u00e3o de <strong>cuidados pr\u00e9 e p\u00f3s-depila\u00e7\u00e3o<\/strong>, essenciais para evitar complica\u00e7\u00f5es como irrita\u00e7\u00f5es, foliculite, manchas e ressecamento.<\/p>\n<\/section>\n<section>\n<h2>Cuidados Pr\u00e9-Depila\u00e7\u00e3o: Prepare sua Pele da Forma Correta<\/h2>\n<ul>\n<li>\n        <strong>Higieniza\u00e7\u00e3o:<\/strong> Lave a \u00e1rea a ser depilada com sabonete neutro, removendo res\u00edduos de suor, cremes e impurezas. Isso diminui o risco de infec\u00e7\u00f5es e melhora a ader\u00eancia da cera ou l\u00e2mina.\n      <\/li>\n<li>\n        <strong>Esfolia\u00e7\u00e3o Suave:<\/strong> De um a dois dias antes da depila\u00e7\u00e3o, realize uma esfolia\u00e7\u00e3o leve para remover c\u00e9lulas mortas e liberar pelos encravados, evitando assim a t\u00e3o temida <strong>foliculite<\/strong>.\n      <\/li>\n<li>\n        <strong>Pele Seca e Limpa:<\/strong> Certifique-se de que a pele esteja completamente seca e livre de \u00f3leos ou cremes no momento da depila\u00e7\u00e3o. Isso previne manchas e falhas no procedimento.\n      <\/li>\n<li>\n        <strong>Evite exposi\u00e7\u00e3o ao sol:<\/strong> N\u00e3o tome sol pelo menos 24 horas antes da depila\u00e7\u00e3o para evitar queimaduras e sensibilidade excessiva da pele.\n      <\/li>\n<li>\n        <strong>N\u00e3o use produtos irritantes:<\/strong> Suspenda o uso de \u00e1cidos, perfumes ou lo\u00e7\u00f5es alco\u00f3licas antes da sess\u00e3o de depila\u00e7\u00e3o para prevenir ard\u00eancia.<\/li>\n<\/ul>\n<\/section>\n<section>\n<h2>Cuidados P\u00f3s-Depila\u00e7\u00e3o: Sua Pele Merece Aten\u00e7\u00e3o Redobrada<\/h2>\n<ul>\n<li>\n        <strong>Hidrata\u00e7\u00e3o \u00e9 Fundamental:<\/strong> Aposte em cremes calmantes p\u00f3s-depila\u00e7\u00e3o, de prefer\u00eancia aqueles com aloe vera ou camomila, que auxiliam na regenera\u00e7\u00e3o e previnem o ressecamento.\n      <\/li>\n<li>\n        <strong>Evite Co\u00e7ar ou Esfregar:<\/strong> Logo ap\u00f3s o procedimento, evite friccionar a regi\u00e3o depilada para n\u00e3o irritar ainda mais a pele e facilitar a entrada de bact\u00e9rias.\n      <\/li>\n<li>\n        <strong>Prote\u00e7\u00e3o Solar:<\/strong> N\u00e3o se exponha ao sol pelas pr\u00f3ximas 48 horas. Caso seja inevit\u00e1vel, utilize protetor solar com fator alto, especialmente em \u00e1reas sens\u00edveis como rosto, axilas e virilha.\n      <\/li>\n<li>\n        <strong>Roupas Leves:<\/strong> Prefira roupas soltas e de algod\u00e3o para evitar atrito e calor excessivo, que podem causar inflama\u00e7\u00e3o e coceira.\n      <\/li>\n<li>\n        <strong>Evite Piscinas e Saunas:<\/strong> Nas primeiras 24-48 horas, evite ambientes como piscina ou sauna, para impedir o contato com subst\u00e2ncias qu\u00edmicas e a prolifera\u00e7\u00e3o de micro-organismos.\n      <\/li>\n<li>\n        <strong>N\u00e3o use produtos agressivos:<\/strong> Cremes com \u00e1lcool, retinol ou \u00e1cidos devem ser evitados ap\u00f3s a depila\u00e7\u00e3o para prevenir manchas e irrita\u00e7\u00f5es.\n      <\/li>\n<\/ul>\n<\/section>\n<section>\n<h2>Principais Complica\u00e7\u00f5es e Como Evit\u00e1-las<\/h2>\n<h3>1. Foliculite<\/h3>\n<p>Uma das queixas mais comuns ap\u00f3s a depila\u00e7\u00e3o \u00e9 a <strong>foliculite<\/strong>, caracterizada por bolinhas vermelhas e at\u00e9 pus. Sua preven\u00e7\u00e3o est\u00e1 diretamente ligada \u00e0 higiene rigorosa, <strong>esfolia\u00e7\u00e3o<\/strong> regular e hidrata\u00e7\u00e3o adequada. Evite espremer e utilize produtos calmantes.<\/p>\n<h3>2. Manchas na Pele<\/h3>\n<p>Manchas podem surgir pelo atrito e exposi\u00e7\u00e3o solar imediata ap\u00f3s a depila\u00e7\u00e3o. Por isso, \u00e9 indispens\u00e1vel o uso de protetor solar e evitar qualquer fonte de calor intenso.<\/p>\n<h3>3. Ressecamento e Irrita\u00e7\u00e3o<\/h3>\n<p>A pele rec\u00e9m-depilada tende a ficar mais sens\u00edvel. Produtos calmantes e a aus\u00eancia de ativos irritantes auxiliam na r\u00e1pida recupera\u00e7\u00e3o da barreira cut\u00e2nea.<\/p>\n<\/section>\n<section>\n<h2>FAQ: D\u00favidas Frequentes sobre Depila\u00e7\u00e3o<\/h2>\n<div itemscope itemtype=\"https:\/\/schema.org\/FAQPage\">\n<div itemscope itemprop=\"mainEntity\" itemtype=\"https:\/\/schema.org\/Question\">\n        <meta itemprop=\"name\" content=\"Qual o melhor momento para realizar a depila\u00e7\u00e3o?\" \/><\/p>\n<h3 itemprop=\"name\">Qual o melhor momento para realizar a depila\u00e7\u00e3o?<\/h3>\n<div itemscope itemprop=\"acceptedAnswer\" itemtype=\"https:\/\/schema.org\/Answer\">\n<p itemprop=\"text\">Procure depilar-se no per\u00edodo da noite, quando n\u00e3o h\u00e1 exposi\u00e7\u00e3o ao sol e a pele pode descansar ap\u00f3s o procedimento.<\/p>\n<\/p><\/div>\n<\/p><\/div>\n<div itemscope itemprop=\"mainEntity\" itemtype=\"https:\/\/schema.org\/Question\">\n        <meta itemprop=\"name\" content=\"Posso usar maquiagem logo ap\u00f3s depilar o rosto?\" \/><\/p>\n<h3 itemprop=\"name\">Posso usar maquiagem logo ap\u00f3s depilar o rosto?<\/h3>\n<div itemscope itemprop=\"acceptedAnswer\" itemtype=\"https:\/\/schema.org\/Answer\">\n<p itemprop=\"text\">O ideal \u00e9 aguardar pelo menos 24 horas antes de aplicar maquiagem, para evitar irrita\u00e7\u00f5es e obstru\u00e7\u00e3o dos poros.<\/p>\n<\/p><\/div>\n<\/p><\/div>\n<div itemscope itemprop=\"mainEntity\" itemtype=\"https:\/\/schema.org\/Question\">\n        <meta itemprop=\"name\" content=\"Depilar com cera d\u00f3i mais do que com l\u00e2mina?\" \/><\/p>\n<h3 itemprop=\"name\">Depilar com cera d\u00f3i mais do que com l\u00e2mina?<\/h3>\n<div itemscope itemprop=\"acceptedAnswer\" itemtype=\"https:\/\/schema.org\/Answer\">\n<p itemprop=\"text\">A cera remove o pelo pela raiz e costuma provocar um desconforto maior, mas prolonga o resultado e ajuda a enfraquecer o fol\u00edculo capilar.<\/p>\n<\/p><\/div>\n<\/p><\/div>\n<\/p><\/div>\n<\/section>\n<section>\n<h2>Conclus\u00e3o<\/h2>\n<p>Adotar <strong>cuidados pr\u00e9 e p\u00f3s-depila\u00e7\u00e3o<\/strong> \u00e9 a chave para ter uma pele saud\u00e1vel, sem manchas e livre de inc\u00f4modos. Respeite sempre a sensibilidade do seu corpo, procure orienta\u00e7\u00e3o profissional quando houver d\u00favidas e preserve sua autoestima com pr\u00e1ticas seguras de depila\u00e7\u00e3o.<\/p>\n<p><em>Pele bonita \u00e9, acima de tudo, pele bem cuidada.<\/em><\/p>\n<\/section>\n<footer>\n<p>Gostou das dicas? Compartilhe este artigo e mantenha-se informada sobre os melhores cuidados para a sa\u00fade da sua pele.<\/p>\n<\/footer>\n<\/article>\n","protected":false},"excerpt":{"rendered":"<p>Cuidados Pr\u00e9 e P\u00f3s-Depila\u00e7\u00e3o: Dicas Essenciais Para Evitar Complica\u00e7\u00f5es Por Que se Preocupar com os Cuidados Antes e Depois da Depila\u00e7\u00e3o? A depila\u00e7\u00e3o ocupa um lugar de destaque na rotina de cuidados est\u00e9ticos, trazendo benef\u00edcios como suavidade e sensa\u00e7\u00e3o prolongada de pele lisa. Entretanto, os efeitos desejados s\u00f3 s\u00e3o alcan\u00e7ados com a ado\u00e7\u00e3o de cuidados &hellip;<\/p>\n<p class=\"read-more\"> <a class=\"\" href=\"https:\/\/fernandadepilacao.com.br\/portal\/2025\/11\/cuidados-pre-e-pos-depilacao-dicas-essenciais-para-proteger-sua-pele\/\"> <span class=\"screen-reader-text\">Cuidados Pr\u00e9 e P\u00f3s-Depila\u00e7\u00e3o: Dicas Essenciais para Proteger Sua Pele<\/span> Leia mais &raquo;<\/a><\/p>\n","protected":false},"author":1,"featured_media":884,"comment_status":"open","ping_status":"open","sticky":false,"template":"","format":"standard","meta":[],"categories":[34],"tags":[],"yoast_head":"<!-- This site is optimized with the Yoast SEO plugin v18.4.1 - https:\/\/yoast.com\/wordpress\/plugins\/seo\/ -->\n<title>Cuidados Pr\u00e9 e P\u00f3s-Depila\u00e7\u00e3o: Dicas Essenciais para Proteger Sua Pele - Fernanda Depila\u00e7\u00e3o<\/title>\n<meta name=\"robots\" content=\"index, follow, max-snippet:-1, max-image-preview:large, max-video-preview:-1\" \/>\n<link rel=\"canonical\" href=\"https:\/\/fernandadepilacao.com.br\/portal\/2025\/11\/cuidados-pre-e-pos-depilacao-dicas-essenciais-para-proteger-sua-pele\/\" \/>\n<meta property=\"og:locale\" content=\"pt_BR\" \/>\n<meta property=\"og:type\" content=\"article\" \/>\n<meta property=\"og:title\" content=\"Cuidados Pr\u00e9 e P\u00f3s-Depila\u00e7\u00e3o: Dicas Essenciais para Proteger Sua Pele - Fernanda Depila\u00e7\u00e3o\" \/>\n<meta property=\"og:description\" content=\"Cuidados Pr\u00e9 e P\u00f3s-Depila\u00e7\u00e3o: Dicas Essenciais Para Evitar Complica\u00e7\u00f5es Por Que se Preocupar com os Cuidados Antes e Depois da Depila\u00e7\u00e3o? A depila\u00e7\u00e3o ocupa um lugar de destaque na rotina de cuidados est\u00e9ticos, trazendo benef\u00edcios como suavidade e sensa\u00e7\u00e3o prolongada de pele lisa. Entretanto, os efeitos desejados s\u00f3 s\u00e3o alcan\u00e7ados com a ado\u00e7\u00e3o de cuidados &hellip; Cuidados Pr\u00e9 e P\u00f3s-Depila\u00e7\u00e3o: Dicas Essenciais para Proteger Sua Pele Leia mais &raquo;\" \/>\n<meta property=\"og:url\" content=\"https:\/\/fernandadepilacao.com.br\/portal\/2025\/11\/cuidados-pre-e-pos-depilacao-dicas-essenciais-para-proteger-sua-pele\/\" \/>\n<meta property=\"og:site_name\" content=\"Fernanda Depila\u00e7\u00e3o\" \/>\n<meta property=\"article:publisher\" content=\"https:\/\/www.facebook.com\/ferjobdepilacao\" \/>\n<meta property=\"article:published_time\" content=\"2025-11-28T19:01:35+00:00\" \/>\n<meta property=\"article:modified_time\" content=\"2025-11-28T21:00:18+00:00\" \/>\n<meta property=\"og:image\" content=\"https:\/\/fernandadepilacao.com.br\/portal\/wp-content\/uploads\/2025\/11\/20251128160133.png\" \/>\n\t<meta property=\"og:image:width\" content=\"500\" \/>\n\t<meta property=\"og:image:height\" content=\"500\" \/>\n\t<meta property=\"og:image:type\" content=\"image\/png\" \/>\n<meta name=\"twitter:card\" content=\"summary_large_image\" \/>\n<meta name=\"twitter:label1\" content=\"Escrito por\" \/>\n\t<meta name=\"twitter:data1\" content=\"fernandajob\" \/>\n\t<meta name=\"twitter:label2\" content=\"Est. tempo de leitura\" \/>\n\t<meta name=\"twitter:data2\" content=\"4 minutos\" \/>\n<script type=\"application\/ld+json\" class=\"yoast-schema-graph\">{\"@context\":\"https:\/\/schema.org\",\"@graph\":[{\"@type\":\"Organization\",\"@id\":\"https:\/\/fernandadepilacao.com.br\/portal\/#organization\",\"name\":\"Fernanda Depila\u00e7\u00e3o\",\"url\":\"https:\/\/fernandadepilacao.com.br\/portal\/\",\"sameAs\":[\"https:\/\/www.facebook.com\/ferjobdepilacao\",\"http:\/\/instagram.com\/fernanda_job\"],\"logo\":{\"@type\":\"ImageObject\",\"@id\":\"https:\/\/fernandadepilacao.com.br\/portal\/#logo\",\"inLanguage\":\"pt-BR\",\"url\":\"http:\/\/fernandadepilacao.com.br\/portal\/wp-content\/uploads\/2021\/03\/logo_fernanda.png\",\"contentUrl\":\"http:\/\/fernandadepilacao.com.br\/portal\/wp-content\/uploads\/2021\/03\/logo_fernanda.png\",\"width\":673,\"height\":688,\"caption\":\"Fernanda Depila\u00e7\u00e3o\"},\"image\":{\"@id\":\"https:\/\/fernandadepilacao.com.br\/portal\/#logo\"}},{\"@type\":\"WebSite\",\"@id\":\"https:\/\/fernandadepilacao.com.br\/portal\/#website\",\"url\":\"https:\/\/fernandadepilacao.com.br\/portal\/\",\"name\":\"Fernanda Depila\u00e7\u00e3o\",\"description\":\"\",\"publisher\":{\"@id\":\"https:\/\/fernandadepilacao.com.br\/portal\/#organization\"},\"potentialAction\":[{\"@type\":\"SearchAction\",\"target\":{\"@type\":\"EntryPoint\",\"urlTemplate\":\"https:\/\/fernandadepilacao.com.br\/portal\/?s={search_term_string}\"},\"query-input\":\"required name=search_term_string\"}],\"inLanguage\":\"pt-BR\"},{\"@type\":\"ImageObject\",\"@id\":\"https:\/\/fernandadepilacao.com.br\/portal\/2025\/11\/cuidados-pre-e-pos-depilacao-dicas-essenciais-para-proteger-sua-pele\/#primaryimage\",\"inLanguage\":\"pt-BR\",\"url\":\"https:\/\/fernandadepilacao.com.br\/portal\/wp-content\/uploads\/2025\/11\/20251128160133.png\",\"contentUrl\":\"https:\/\/fernandadepilacao.com.br\/portal\/wp-content\/uploads\/2025\/11\/20251128160133.png\",\"width\":500,\"height\":500},{\"@type\":\"WebPage\",\"@id\":\"https:\/\/fernandadepilacao.com.br\/portal\/2025\/11\/cuidados-pre-e-pos-depilacao-dicas-essenciais-para-proteger-sua-pele\/#webpage\",\"url\":\"https:\/\/fernandadepilacao.com.br\/portal\/2025\/11\/cuidados-pre-e-pos-depilacao-dicas-essenciais-para-proteger-sua-pele\/\",\"name\":\"Cuidados Pr\u00e9 e P\u00f3s-Depila\u00e7\u00e3o: Dicas Essenciais para Proteger Sua Pele - Fernanda Depila\u00e7\u00e3o\",\"isPartOf\":{\"@id\":\"https:\/\/fernandadepilacao.com.br\/portal\/#website\"},\"primaryImageOfPage\":{\"@id\":\"https:\/\/fernandadepilacao.com.br\/portal\/2025\/11\/cuidados-pre-e-pos-depilacao-dicas-essenciais-para-proteger-sua-pele\/#primaryimage\"},\"datePublished\":\"2025-11-28T19:01:35+00:00\",\"dateModified\":\"2025-11-28T21:00:18+00:00\",\"breadcrumb\":{\"@id\":\"https:\/\/fernandadepilacao.com.br\/portal\/2025\/11\/cuidados-pre-e-pos-depilacao-dicas-essenciais-para-proteger-sua-pele\/#breadcrumb\"},\"inLanguage\":\"pt-BR\",\"potentialAction\":[{\"@type\":\"ReadAction\",\"target\":[\"https:\/\/fernandadepilacao.com.br\/portal\/2025\/11\/cuidados-pre-e-pos-depilacao-dicas-essenciais-para-proteger-sua-pele\/\"]}]},{\"@type\":\"BreadcrumbList\",\"@id\":\"https:\/\/fernandadepilacao.com.br\/portal\/2025\/11\/cuidados-pre-e-pos-depilacao-dicas-essenciais-para-proteger-sua-pele\/#breadcrumb\",\"itemListElement\":[{\"@type\":\"ListItem\",\"position\":1,\"name\":\"In\u00edcio\",\"item\":\"http:\/\/fernandadepilacao.com.br\/portal\/\"},{\"@type\":\"ListItem\",\"position\":2,\"name\":\"Cuidados Pr\u00e9 e P\u00f3s-Depila\u00e7\u00e3o: Dicas Essenciais para Proteger Sua Pele\"}]},{\"@type\":\"Article\",\"@id\":\"https:\/\/fernandadepilacao.com.br\/portal\/2025\/11\/cuidados-pre-e-pos-depilacao-dicas-essenciais-para-proteger-sua-pele\/#article\",\"isPartOf\":{\"@id\":\"https:\/\/fernandadepilacao.com.br\/portal\/2025\/11\/cuidados-pre-e-pos-depilacao-dicas-essenciais-para-proteger-sua-pele\/#webpage\"},\"author\":{\"@id\":\"https:\/\/fernandadepilacao.com.br\/portal\/#\/schema\/person\/d00644c3bbfd9fd17711767a3b1abbd0\"},\"headline\":\"Cuidados Pr\u00e9 e P\u00f3s-Depila\u00e7\u00e3o: Dicas Essenciais para Proteger Sua Pele\",\"datePublished\":\"2025-11-28T19:01:35+00:00\",\"dateModified\":\"2025-11-28T21:00:18+00:00\",\"mainEntityOfPage\":{\"@id\":\"https:\/\/fernandadepilacao.com.br\/portal\/2025\/11\/cuidados-pre-e-pos-depilacao-dicas-essenciais-para-proteger-sua-pele\/#webpage\"},\"wordCount\":730,\"commentCount\":0,\"publisher\":{\"@id\":\"https:\/\/fernandadepilacao.com.br\/portal\/#organization\"},\"image\":{\"@id\":\"https:\/\/fernandadepilacao.com.br\/portal\/2025\/11\/cuidados-pre-e-pos-depilacao-dicas-essenciais-para-proteger-sua-pele\/#primaryimage\"},\"thumbnailUrl\":\"https:\/\/fernandadepilacao.com.br\/portal\/wp-content\/uploads\/2025\/11\/20251128160133.png\",\"articleSection\":[\"Adolesc\u00eancia\"],\"inLanguage\":\"pt-BR\",\"potentialAction\":[{\"@type\":\"CommentAction\",\"name\":\"Comment\",\"target\":[\"https:\/\/fernandadepilacao.com.br\/portal\/2025\/11\/cuidados-pre-e-pos-depilacao-dicas-essenciais-para-proteger-sua-pele\/#respond\"]}]},{\"@type\":\"Person\",\"@id\":\"https:\/\/fernandadepilacao.com.br\/portal\/#\/schema\/person\/d00644c3bbfd9fd17711767a3b1abbd0\",\"name\":\"fernandajob\",\"image\":{\"@type\":\"ImageObject\",\"@id\":\"https:\/\/fernandadepilacao.com.br\/portal\/#personlogo\",\"inLanguage\":\"pt-BR\",\"url\":\"https:\/\/secure.gravatar.com\/avatar\/6c2268a68d69a325906fbdccd74b18e6?s=96&d=mm&r=g\",\"contentUrl\":\"https:\/\/secure.gravatar.com\/avatar\/6c2268a68d69a325906fbdccd74b18e6?s=96&d=mm&r=g\",\"caption\":\"fernandajob\"},\"sameAs\":[\"http:\/\/fernandadepilacao.com.br\/portal\"]}]}<\/script>\n<!-- \/ Yoast SEO plugin. -->","yoast_head_json":{"title":"Cuidados Pr\u00e9 e P\u00f3s-Depila\u00e7\u00e3o: Dicas Essenciais para Proteger Sua Pele - Fernanda Depila\u00e7\u00e3o","robots":{"index":"index","follow":"follow","max-snippet":"max-snippet:-1","max-image-preview":"max-image-preview:large","max-video-preview":"max-video-preview:-1"},"canonical":"https:\/\/fernandadepilacao.com.br\/portal\/2025\/11\/cuidados-pre-e-pos-depilacao-dicas-essenciais-para-proteger-sua-pele\/","og_locale":"pt_BR","og_type":"article","og_title":"Cuidados Pr\u00e9 e P\u00f3s-Depila\u00e7\u00e3o: Dicas Essenciais para Proteger Sua Pele - Fernanda Depila\u00e7\u00e3o","og_description":"Cuidados Pr\u00e9 e P\u00f3s-Depila\u00e7\u00e3o: Dicas Essenciais Para Evitar Complica\u00e7\u00f5es Por Que se Preocupar com os Cuidados Antes e Depois da Depila\u00e7\u00e3o? A depila\u00e7\u00e3o ocupa um lugar de destaque na rotina de cuidados est\u00e9ticos, trazendo benef\u00edcios como suavidade e sensa\u00e7\u00e3o prolongada de pele lisa. Entretanto, os efeitos desejados s\u00f3 s\u00e3o alcan\u00e7ados com a ado\u00e7\u00e3o de cuidados &hellip; Cuidados Pr\u00e9 e P\u00f3s-Depila\u00e7\u00e3o: Dicas Essenciais para Proteger Sua Pele Leia mais &raquo;","og_url":"https:\/\/fernandadepilacao.com.br\/portal\/2025\/11\/cuidados-pre-e-pos-depilacao-dicas-essenciais-para-proteger-sua-pele\/","og_site_name":"Fernanda Depila\u00e7\u00e3o","article_publisher":"https:\/\/www.facebook.com\/ferjobdepilacao","article_published_time":"2025-11-28T19:01:35+00:00","article_modified_time":"2025-11-28T21:00:18+00:00","og_image":[{"width":500,"height":500,"url":"https:\/\/fernandadepilacao.com.br\/portal\/wp-content\/uploads\/2025\/11\/20251128160133.png","type":"image\/png"}],"twitter_card":"summary_large_image","twitter_misc":{"Escrito por":"fernandajob","Est. tempo de leitura":"4 minutos"},"schema":{"@context":"https:\/\/schema.org","@graph":[{"@type":"Organization","@id":"https:\/\/fernandadepilacao.com.br\/portal\/#organization","name":"Fernanda Depila\u00e7\u00e3o","url":"https:\/\/fernandadepilacao.com.br\/portal\/","sameAs":["https:\/\/www.facebook.com\/ferjobdepilacao","http:\/\/instagram.com\/fernanda_job"],"logo":{"@type":"ImageObject","@id":"https:\/\/fernandadepilacao.com.br\/portal\/#logo","inLanguage":"pt-BR","url":"http:\/\/fernandadepilacao.com.br\/portal\/wp-content\/uploads\/2021\/03\/logo_fernanda.png","contentUrl":"http:\/\/fernandadepilacao.com.br\/portal\/wp-content\/uploads\/2021\/03\/logo_fernanda.png","width":673,"height":688,"caption":"Fernanda Depila\u00e7\u00e3o"},"image":{"@id":"https:\/\/fernandadepilacao.com.br\/portal\/#logo"}},{"@type":"WebSite","@id":"https:\/\/fernandadepilacao.com.br\/portal\/#website","url":"https:\/\/fernandadepilacao.com.br\/portal\/","name":"Fernanda Depila\u00e7\u00e3o","description":"","publisher":{"@id":"https:\/\/fernandadepilacao.com.br\/portal\/#organization"},"potentialAction":[{"@type":"SearchAction","target":{"@type":"EntryPoint","urlTemplate":"https:\/\/fernandadepilacao.com.br\/portal\/?s={search_term_string}"},"query-input":"required name=search_term_string"}],"inLanguage":"pt-BR"},{"@type":"ImageObject","@id":"https:\/\/fernandadepilacao.com.br\/portal\/2025\/11\/cuidados-pre-e-pos-depilacao-dicas-essenciais-para-proteger-sua-pele\/#primaryimage","inLanguage":"pt-BR","url":"https:\/\/fernandadepilacao.com.br\/portal\/wp-content\/uploads\/2025\/11\/20251128160133.png","contentUrl":"https:\/\/fernandadepilacao.com.br\/portal\/wp-content\/uploads\/2025\/11\/20251128160133.png","width":500,"height":500},{"@type":"WebPage","@id":"https:\/\/fernandadepilacao.com.br\/portal\/2025\/11\/cuidados-pre-e-pos-depilacao-dicas-essenciais-para-proteger-sua-pele\/#webpage","url":"https:\/\/fernandadepilacao.com.br\/portal\/2025\/11\/cuidados-pre-e-pos-depilacao-dicas-essenciais-para-proteger-sua-pele\/","name":"Cuidados Pr\u00e9 e P\u00f3s-Depila\u00e7\u00e3o: Dicas Essenciais para Proteger Sua Pele - Fernanda Depila\u00e7\u00e3o","isPartOf":{"@id":"https:\/\/fernandadepilacao.com.br\/portal\/#website"},"primaryImageOfPage":{"@id":"https:\/\/fernandadepilacao.com.br\/portal\/2025\/11\/cuidados-pre-e-pos-depilacao-dicas-essenciais-para-proteger-sua-pele\/#primaryimage"},"datePublished":"2025-11-28T19:01:35+00:00","dateModified":"2025-11-28T21:00:18+00:00","breadcrumb":{"@id":"https:\/\/fernandadepilacao.com.br\/portal\/2025\/11\/cuidados-pre-e-pos-depilacao-dicas-essenciais-para-proteger-sua-pele\/#breadcrumb"},"inLanguage":"pt-BR","potentialAction":[{"@type":"ReadAction","target":["https:\/\/fernandadepilacao.com.br\/portal\/2025\/11\/cuidados-pre-e-pos-depilacao-dicas-essenciais-para-proteger-sua-pele\/"]}]},{"@type":"BreadcrumbList","@id":"https:\/\/fernandadepilacao.com.br\/portal\/2025\/11\/cuidados-pre-e-pos-depilacao-dicas-essenciais-para-proteger-sua-pele\/#breadcrumb","itemListElement":[{"@type":"ListItem","position":1,"name":"In\u00edcio","item":"http:\/\/fernandadepilacao.com.br\/portal\/"},{"@type":"ListItem","position":2,"name":"Cuidados Pr\u00e9 e P\u00f3s-Depila\u00e7\u00e3o: Dicas Essenciais para Proteger Sua Pele"}]},{"@type":"Article","@id":"https:\/\/fernandadepilacao.com.br\/portal\/2025\/11\/cuidados-pre-e-pos-depilacao-dicas-essenciais-para-proteger-sua-pele\/#article","isPartOf":{"@id":"https:\/\/fernandadepilacao.com.br\/portal\/2025\/11\/cuidados-pre-e-pos-depilacao-dicas-essenciais-para-proteger-sua-pele\/#webpage"},"author":{"@id":"https:\/\/fernandadepilacao.com.br\/portal\/#\/schema\/person\/d00644c3bbfd9fd17711767a3b1abbd0"},"headline":"Cuidados Pr\u00e9 e P\u00f3s-Depila\u00e7\u00e3o: Dicas Essenciais para Proteger Sua Pele","datePublished":"2025-11-28T19:01:35+00:00","dateModified":"2025-11-28T21:00:18+00:00","mainEntityOfPage":{"@id":"https:\/\/fernandadepilacao.com.br\/portal\/2025\/11\/cuidados-pre-e-pos-depilacao-dicas-essenciais-para-proteger-sua-pele\/#webpage"},"wordCount":730,"commentCount":0,"publisher":{"@id":"https:\/\/fernandadepilacao.com.br\/portal\/#organization"},"image":{"@id":"https:\/\/fernandadepilacao.com.br\/portal\/2025\/11\/cuidados-pre-e-pos-depilacao-dicas-essenciais-para-proteger-sua-pele\/#primaryimage"},"thumbnailUrl":"https:\/\/fernandadepilacao.com.br\/portal\/wp-content\/uploads\/2025\/11\/20251128160133.png","articleSection":["Adolesc\u00eancia"],"inLanguage":"pt-BR","potentialAction":[{"@type":"CommentAction","name":"Comment","target":["https:\/\/fernandadepilacao.com.br\/portal\/2025\/11\/cuidados-pre-e-pos-depilacao-dicas-essenciais-para-proteger-sua-pele\/#respond"]}]},{"@type":"Person","@id":"https:\/\/fernandadepilacao.com.br\/portal\/#\/schema\/person\/d00644c3bbfd9fd17711767a3b1abbd0","name":"fernandajob","image":{"@type":"ImageObject","@id":"https:\/\/fernandadepilacao.com.br\/portal\/#personlogo","inLanguage":"pt-BR","url":"https:\/\/secure.gravatar.com\/avatar\/6c2268a68d69a325906fbdccd74b18e6?s=96&d=mm&r=g","contentUrl":"https:\/\/secure.gravatar.com\/avatar\/6c2268a68d69a325906fbdccd74b18e6?s=96&d=mm&r=g","caption":"fernandajob"},"sameAs":["http:\/\/fernandadepilacao.com.br\/portal"]}]}},"uagb_featured_image_src":{"full":["https:\/\/fernandadepilacao.com.br\/portal\/wp-content\/uploads\/2025\/11\/20251128160133.png",500,500,false],"thumbnail":["https:\/\/fernandadepilacao.com.br\/portal\/wp-content\/uploads\/2025\/11\/20251128160133-150x150.png",150,150,true],"medium":["https:\/\/fernandadepilacao.com.br\/portal\/wp-content\/uploads\/2025\/11\/20251128160133-300x300.png",300,300,true],"medium_large":["https:\/\/fernandadepilacao.com.br\/portal\/wp-content\/uploads\/2025\/11\/20251128160133.png",500,500,false],"large":["https:\/\/fernandadepilacao.com.br\/portal\/wp-content\/uploads\/2025\/11\/20251128160133.png",500,500,false],"1536x1536":["https:\/\/fernandadepilacao.com.br\/portal\/wp-content\/uploads\/2025\/11\/20251128160133.png",500,500,false],"2048x2048":["https:\/\/fernandadepilacao.com.br\/portal\/wp-content\/uploads\/2025\/11\/20251128160133.png",500,500,false]},"uagb_author_info":{"display_name":"fernandajob","author_link":"https:\/\/fernandadepilacao.com.br\/portal\/author\/fernandajob\/"},"uagb_comment_info":0,"uagb_excerpt":"Cuidados Pr\u00e9 e P\u00f3s-Depila\u00e7\u00e3o: Dicas Essenciais Para Evitar Complica\u00e7\u00f5es Por Que se Preocupar com os Cuidados Antes e Depois da Depila\u00e7\u00e3o? A depila\u00e7\u00e3o ocupa um lugar de destaque na rotina de cuidados est\u00e9ticos, trazendo benef\u00edcios como suavidade e sensa\u00e7\u00e3o prolongada de pele lisa. Entretanto, os efeitos desejados s\u00f3 s\u00e3o alcan\u00e7ados com a ado\u00e7\u00e3o de cuidados&hellip;","_links":{"self":[{"href":"https:\/\/fernandadepilacao.com.br\/portal\/wp-json\/wp\/v2\/posts\/885"}],"collection":[{"href":"https:\/\/fernandadepilacao.com.br\/portal\/wp-json\/wp\/v2\/posts"}],"about":[{"href":"https:\/\/fernandadepilacao.com.br\/portal\/wp-json\/wp\/v2\/types\/post"}],"author":[{"embeddable":true,"href":"https:\/\/fernandadepilacao.com.br\/portal\/wp-json\/wp\/v2\/users\/1"}],"replies":[{"embeddable":true,"href":"https:\/\/fernandadepilacao.com.br\/portal\/wp-json\/wp\/v2\/comments?post=885"}],"version-history":[{"count":1,"href":"https:\/\/fernandadepilacao.com.br\/portal\/wp-json\/wp\/v2\/posts\/885\/revisions"}],"predecessor-version":[{"id":886,"href":"https:\/\/fernandadepilacao.com.br\/portal\/wp-json\/wp\/v2\/posts\/885\/revisions\/886"}],"wp:featuredmedia":[{"embeddable":true,"href":"https:\/\/fernandadepilacao.com.br\/portal\/wp-json\/wp\/v2\/media\/884"}],"wp:attachment":[{"href":"https:\/\/fernandadepilacao.com.br\/portal\/wp-json\/wp\/v2\/media?parent=885"}],"wp:term":[{"taxonomy":"category","embeddable":true,"href":"https:\/\/fernandadepilacao.com.br\/portal\/wp-json\/wp\/v2\/categories?post=885"},{"taxonomy":"post_tag","embeddable":true,"href":"https:\/\/fernandadepilacao.com.br\/portal\/wp-json\/wp\/v2\/tags?post=885"}],"curies":[{"name":"wp","href":"https:\/\/api.w.org\/{rel}","templated":true}]}}