{"id":882,"date":"2025-11-28T00:01:19","date_gmt":"2025-11-28T03:01:19","guid":{"rendered":"https:\/\/fernandadepilacao.com.br\/portal\/2025\/11\/depilacao-segura-para-gestantes-e-lactantes-contraindicacoes-e-cuidados-essenciais\/"},"modified":"2025-11-28T00:01:20","modified_gmt":"2025-11-28T03:01:20","slug":"depilacao-segura-para-gestantes-e-lactantes-contraindicacoes-e-cuidados-essenciais","status":"publish","type":"post","link":"https:\/\/fernandadepilacao.com.br\/portal\/2025\/11\/depilacao-segura-para-gestantes-e-lactantes-contraindicacoes-e-cuidados-essenciais\/","title":{"rendered":"Depila\u00e7\u00e3o Segura para Gestantes e Lactantes: Contraindica\u00e7\u00f5es e Cuidados Essenciais"},"content":{"rendered":"<article>\n<header>\n<h1>Depila\u00e7\u00e3o para Gestantes e Lactantes: Quais s\u00e3o as Contraindica\u00e7\u00f5es e Cuidados Essenciais?<\/h1>\n<p>    <meta name=\"description\" content=\"Saiba tudo sobre as contraindica\u00e7\u00f5es da depila\u00e7\u00e3o para gestantes e lactantes. Entenda quais m\u00e9todos s\u00e3o mais indicados, cuidados necess\u00e1rios e orienta\u00e7\u00f5es para uma depila\u00e7\u00e3o segura durante esse per\u00edodo t\u00e3o especial.\"\/><br \/>\n  <\/header>\n<section>\n<h2>Introdu\u00e7\u00e3o<\/h2>\n<p>Durante a gesta\u00e7\u00e3o e a amamenta\u00e7\u00e3o, muitas mulheres t\u00eam d\u00favidas sobre a seguran\u00e7a dos m\u00e9todos de <strong>depila\u00e7\u00e3o<\/strong>. Afinal, as mudan\u00e7as hormonais tornam a pele mais sens\u00edvel, tornando necess\u00e1rio redobrar os cuidados. Neste artigo, vamos abordar <strong>as principais contraindica\u00e7\u00f5es para gestantes e lactantes<\/strong>, al\u00e9m de dicas importantes para manter a pele saud\u00e1vel e protegida nestas fases t\u00e3o especiais.<\/p>\n<\/section>\n<section>\n<h2>Por Que a Depila\u00e7\u00e3o Pode Ser Diferente na Gravidez e Amamenta\u00e7\u00e3o?<\/h2>\n<p>Durante a gravidez e o per\u00edodo de <strong>lacta\u00e7\u00e3o<\/strong>, o corpo passa por in\u00fameras transforma\u00e7\u00f5es hormonais. Essas mudan\u00e7as podem aumentar a sensibilidade da pele, predispor a rea\u00e7\u00f5es al\u00e9rgicas ou at\u00e9 facilitar o surgimento de manchas e irrita\u00e7\u00f5es. Por isso, escolher m\u00e9todos de depila\u00e7\u00e3o apropriados \u00e9 essencial para evitar desconfortos e riscos \u00e0 sa\u00fade da m\u00e3e e do beb\u00ea.<\/p>\n<\/section>\n<section>\n<h2>M\u00e9todos de Depila\u00e7\u00e3o: O Que Evitar?<\/h2>\n<h3>1. Depila\u00e7\u00e3o a Laser e Luz Pulsada<\/h3>\n<p><strong>Gestantes<\/strong> e <strong>lactantes<\/strong> devem evitar a aplica\u00e7\u00e3o de <strong>laser<\/strong> ou <strong>luz pulsada<\/strong>. Embora n\u00e3o existam evid\u00eancias s\u00f3lidas de que prejudicam o beb\u00ea, n\u00e3o h\u00e1 estudos suficientes que comprovem total seguran\u00e7a. Al\u00e9m disso, a probabilidade de surgirem manchas (hiperpigmenta\u00e7\u00e3o) e queimaduras \u00e9 maior devido \u00e0 sensibilidade da pele nessas fases.<\/p>\n<h3>2. Cremes Depilat\u00f3rios Qu\u00edmicos<\/h3>\n<p>Os <strong>cremes depilat\u00f3rios<\/strong> possuem componentes qu\u00edmicos potencialmente absorv\u00edveis pela pele. A gestante e a lactante devem evitar seu uso, principalmente em \u00e1reas extensas do corpo, para n\u00e3o expor o organismo a subst\u00e2ncias que possam ser prejudiciais ao desenvolvimento do beb\u00ea.<\/p>\n<h3>3. Depila\u00e7\u00e3o com Cera Quente ou Fria<\/h3>\n<p>A <strong>depila\u00e7\u00e3o com cera<\/strong> n\u00e3o \u00e9 totalmente contraindicada, mas merece muita aten\u00e7\u00e3o. A pele pode ficar mais sens\u00edvel, aumentando o risco de dor, vermelhid\u00e3o, foliculite e at\u00e9 queimaduras. Evite depilar regi\u00f5es pr\u00f3ximas \u00e0 barriga e aos seios (especialmente durante a amamenta\u00e7\u00e3o), al\u00e9m de procurar sempre profissionais capacitados.<\/p>\n<\/section>\n<section>\n<h2>M\u00e9todos de Depila\u00e7\u00e3o Mais Seguros para Gestantes e Lactantes<\/h2>\n<ul>\n<li><strong>L\u00e2mina descart\u00e1vel:<\/strong> \u00c9 considerado o m\u00e9todo mais seguro, desde que utilizado com cuidado para evitar cortes e sempre com muita higiene (utilize l\u00e2minas novas e n\u00e3o compartilhe com outras pessoas).<\/li>\n<li><strong>Pin\u00e7a:<\/strong> Ideal para pequenas \u00e1reas, como sobrancelha.<\/li>\n<li><strong>Cera natural (sem aditivos qu\u00edmicos):<\/strong> Em alguns casos, pode ser utilizada com precau\u00e7\u00e3o, sempre realizando um teste al\u00e9rgico pr\u00e9vio e confiando em profissionais experientes.<\/li>\n<\/ul>\n<\/section>\n<section>\n<h2>Cuidados Gerais com a Pele durante a Depila\u00e7\u00e3o<\/h2>\n<ol>\n<li><strong>Higieniza\u00e7\u00e3o:<\/strong> Antes da depila\u00e7\u00e3o, lave bem a \u00e1rea a ser depilada, secando completamente.<\/li>\n<li><strong>Hidrata\u00e7\u00e3o:<\/strong> Mantenha a pele hidratada, utilizando cremes ou \u00f3leos indicados pelo seu m\u00e9dico.<\/li>\n<li><strong>Evite exposi\u00e7\u00e3o ao sol:<\/strong> Ap\u00f3s a depila\u00e7\u00e3o, a pele fica mais propensa a manchas e irrita\u00e7\u00f5es, especialmente durante a gravidez e lacta\u00e7\u00e3o.<\/li>\n<\/ol>\n<\/section>\n<section>\n<h2>Quando Procurar um Especialista?<\/h2>\n<p>Antes de iniciar qualquer m\u00e9todo de <strong>depila\u00e7\u00e3o<\/strong> durante a gesta\u00e7\u00e3o ou amamenta\u00e7\u00e3o, \u00e9 importante conversar com o obstetra ou profissional de sa\u00fade respons\u00e1vel. Cada organismo reage de uma forma, e \u00e9 ele quem poder\u00e1 liberar ou orientar quais m\u00e9todos s\u00e3o mais adequados para o seu caso.<\/p>\n<\/section>\n<section>\n<h2>Perguntas Frequentes<\/h2>\n<details>\n<summary>Gestantes podem fazer depila\u00e7\u00e3o a laser?<\/summary>\n<p>N\u00e3o \u00e9 recomendado o uso do laser durante a gesta\u00e7\u00e3o, devido \u00e0 falta de estudos de seguran\u00e7a e ao risco de manchas na pele sens\u00edvel da gestante.<\/p>\n<\/details>\n<details>\n<summary>Cremes depilat\u00f3rios s\u00e3o seguros para mulheres amamentando?<\/summary>\n<p>O uso de cremes depilat\u00f3rios deve ser evitado durante a amamenta\u00e7\u00e3o, pois subst\u00e2ncias qu\u00edmicas podem ser absorvidas pela pele.<\/p>\n<\/details>\n<details>\n<summary>Qual \u00e9 a melhor op\u00e7\u00e3o de depila\u00e7\u00e3o para gestantes?<\/summary>\n<p>A l\u00e2mina descart\u00e1vel \u00e9 a mais indicada, sempre com cuidado redobrado com a higiene e o manuseio.<\/p>\n<\/details>\n<\/section>\n<footer>\n<p>Em resumo, gestantes e lactantes podem manter a pele lisinha e saud\u00e1vel com depila\u00e7\u00e3o, desde que sigam as <strong>orienta\u00e7\u00f5es profissionais<\/strong> e escolham m\u00e9todos adequados para este momento t\u00e3o delicado. Em caso de d\u00favida, n\u00e3o hesite em buscar o suporte de um especialista e colocar a sua sa\u00fade \u2013 e a do beb\u00ea \u2013 sempre em primeiro lugar.<\/p>\n<p><strong>Palavras-chave:<\/strong> depila\u00e7\u00e3o, gestantes, lactantes, contraindica\u00e7\u00f5es, cuidados, m\u00e9todos seguros, sa\u00fade da pele<\/p>\n<\/footer>\n<\/article>\n","protected":false},"excerpt":{"rendered":"<p>Depila\u00e7\u00e3o para Gestantes e Lactantes: Quais s\u00e3o as Contraindica\u00e7\u00f5es e Cuidados Essenciais? Introdu\u00e7\u00e3o Durante a gesta\u00e7\u00e3o e a amamenta\u00e7\u00e3o, muitas mulheres t\u00eam d\u00favidas sobre a seguran\u00e7a dos m\u00e9todos de depila\u00e7\u00e3o. Afinal, as mudan\u00e7as hormonais tornam a pele mais sens\u00edvel, tornando necess\u00e1rio redobrar os cuidados. Neste artigo, vamos abordar as principais contraindica\u00e7\u00f5es para gestantes e lactantes, &hellip;<\/p>\n<p class=\"read-more\"> <a class=\"\" href=\"https:\/\/fernandadepilacao.com.br\/portal\/2025\/11\/depilacao-segura-para-gestantes-e-lactantes-contraindicacoes-e-cuidados-essenciais\/\"> <span class=\"screen-reader-text\">Depila\u00e7\u00e3o Segura para Gestantes e Lactantes: Contraindica\u00e7\u00f5es e Cuidados Essenciais<\/span> Leia mais &raquo;<\/a><\/p>\n","protected":false},"author":1,"featured_media":881,"comment_status":"open","ping_status":"open","sticky":false,"template":"","format":"standard","meta":[],"categories":[1],"tags":[],"yoast_head":"<!-- This site is optimized with the Yoast SEO plugin v18.4.1 - https:\/\/yoast.com\/wordpress\/plugins\/seo\/ -->\n<title>Depila\u00e7\u00e3o Segura para Gestantes e Lactantes: Contraindica\u00e7\u00f5es e Cuidados Essenciais - Fernanda Depila\u00e7\u00e3o<\/title>\n<meta name=\"robots\" content=\"index, follow, max-snippet:-1, max-image-preview:large, max-video-preview:-1\" \/>\n<link rel=\"canonical\" href=\"https:\/\/fernandadepilacao.com.br\/portal\/2025\/11\/depilacao-segura-para-gestantes-e-lactantes-contraindicacoes-e-cuidados-essenciais\/\" \/>\n<meta property=\"og:locale\" content=\"pt_BR\" \/>\n<meta property=\"og:type\" content=\"article\" \/>\n<meta property=\"og:title\" content=\"Depila\u00e7\u00e3o Segura para Gestantes e Lactantes: Contraindica\u00e7\u00f5es e Cuidados Essenciais - Fernanda Depila\u00e7\u00e3o\" \/>\n<meta property=\"og:description\" content=\"Depila\u00e7\u00e3o para Gestantes e Lactantes: Quais s\u00e3o as Contraindica\u00e7\u00f5es e Cuidados Essenciais? Introdu\u00e7\u00e3o Durante a gesta\u00e7\u00e3o e a amamenta\u00e7\u00e3o, muitas mulheres t\u00eam d\u00favidas sobre a seguran\u00e7a dos m\u00e9todos de depila\u00e7\u00e3o. Afinal, as mudan\u00e7as hormonais tornam a pele mais sens\u00edvel, tornando necess\u00e1rio redobrar os cuidados. Neste artigo, vamos abordar as principais contraindica\u00e7\u00f5es para gestantes e lactantes, &hellip; Depila\u00e7\u00e3o Segura para Gestantes e Lactantes: Contraindica\u00e7\u00f5es e Cuidados Essenciais Leia mais &raquo;\" \/>\n<meta property=\"og:url\" content=\"https:\/\/fernandadepilacao.com.br\/portal\/2025\/11\/depilacao-segura-para-gestantes-e-lactantes-contraindicacoes-e-cuidados-essenciais\/\" \/>\n<meta property=\"og:site_name\" content=\"Fernanda Depila\u00e7\u00e3o\" \/>\n<meta property=\"article:publisher\" content=\"https:\/\/www.facebook.com\/ferjobdepilacao\" \/>\n<meta property=\"article:published_time\" content=\"2025-11-28T03:01:19+00:00\" \/>\n<meta property=\"article:modified_time\" content=\"2025-11-28T03:01:20+00:00\" \/>\n<meta name=\"twitter:card\" content=\"summary_large_image\" \/>\n<meta name=\"twitter:label1\" content=\"Escrito por\" \/>\n\t<meta name=\"twitter:data1\" content=\"fernandajob\" \/>\n\t<meta name=\"twitter:label2\" content=\"Est. tempo de leitura\" \/>\n\t<meta name=\"twitter:data2\" content=\"4 minutos\" \/>\n<script type=\"application\/ld+json\" class=\"yoast-schema-graph\">{\"@context\":\"https:\/\/schema.org\",\"@graph\":[{\"@type\":\"Organization\",\"@id\":\"https:\/\/fernandadepilacao.com.br\/portal\/#organization\",\"name\":\"Fernanda Depila\u00e7\u00e3o\",\"url\":\"https:\/\/fernandadepilacao.com.br\/portal\/\",\"sameAs\":[\"https:\/\/www.facebook.com\/ferjobdepilacao\",\"http:\/\/instagram.com\/fernanda_job\"],\"logo\":{\"@type\":\"ImageObject\",\"@id\":\"https:\/\/fernandadepilacao.com.br\/portal\/#logo\",\"inLanguage\":\"pt-BR\",\"url\":\"http:\/\/fernandadepilacao.com.br\/portal\/wp-content\/uploads\/2021\/03\/logo_fernanda.png\",\"contentUrl\":\"http:\/\/fernandadepilacao.com.br\/portal\/wp-content\/uploads\/2021\/03\/logo_fernanda.png\",\"width\":673,\"height\":688,\"caption\":\"Fernanda Depila\u00e7\u00e3o\"},\"image\":{\"@id\":\"https:\/\/fernandadepilacao.com.br\/portal\/#logo\"}},{\"@type\":\"WebSite\",\"@id\":\"https:\/\/fernandadepilacao.com.br\/portal\/#website\",\"url\":\"https:\/\/fernandadepilacao.com.br\/portal\/\",\"name\":\"Fernanda Depila\u00e7\u00e3o\",\"description\":\"\",\"publisher\":{\"@id\":\"https:\/\/fernandadepilacao.com.br\/portal\/#organization\"},\"potentialAction\":[{\"@type\":\"SearchAction\",\"target\":{\"@type\":\"EntryPoint\",\"urlTemplate\":\"https:\/\/fernandadepilacao.com.br\/portal\/?s={search_term_string}\"},\"query-input\":\"required name=search_term_string\"}],\"inLanguage\":\"pt-BR\"},{\"@type\":\"ImageObject\",\"@id\":\"https:\/\/fernandadepilacao.com.br\/portal\/2025\/11\/depilacao-segura-para-gestantes-e-lactantes-contraindicacoes-e-cuidados-essenciais\/#primaryimage\",\"inLanguage\":\"pt-BR\",\"url\":\"https:\/\/fernandadepilacao.com.br\/portal\/wp-content\/uploads\/2025\/11\/20251128000117.png\",\"contentUrl\":\"https:\/\/fernandadepilacao.com.br\/portal\/wp-content\/uploads\/2025\/11\/20251128000117.png\",\"width\":500,\"height\":500},{\"@type\":\"WebPage\",\"@id\":\"https:\/\/fernandadepilacao.com.br\/portal\/2025\/11\/depilacao-segura-para-gestantes-e-lactantes-contraindicacoes-e-cuidados-essenciais\/#webpage\",\"url\":\"https:\/\/fernandadepilacao.com.br\/portal\/2025\/11\/depilacao-segura-para-gestantes-e-lactantes-contraindicacoes-e-cuidados-essenciais\/\",\"name\":\"Depila\u00e7\u00e3o Segura para Gestantes e Lactantes: Contraindica\u00e7\u00f5es e Cuidados Essenciais - Fernanda Depila\u00e7\u00e3o\",\"isPartOf\":{\"@id\":\"https:\/\/fernandadepilacao.com.br\/portal\/#website\"},\"primaryImageOfPage\":{\"@id\":\"https:\/\/fernandadepilacao.com.br\/portal\/2025\/11\/depilacao-segura-para-gestantes-e-lactantes-contraindicacoes-e-cuidados-essenciais\/#primaryimage\"},\"datePublished\":\"2025-11-28T03:01:19+00:00\",\"dateModified\":\"2025-11-28T03:01:20+00:00\",\"breadcrumb\":{\"@id\":\"https:\/\/fernandadepilacao.com.br\/portal\/2025\/11\/depilacao-segura-para-gestantes-e-lactantes-contraindicacoes-e-cuidados-essenciais\/#breadcrumb\"},\"inLanguage\":\"pt-BR\",\"potentialAction\":[{\"@type\":\"ReadAction\",\"target\":[\"https:\/\/fernandadepilacao.com.br\/portal\/2025\/11\/depilacao-segura-para-gestantes-e-lactantes-contraindicacoes-e-cuidados-essenciais\/\"]}]},{\"@type\":\"BreadcrumbList\",\"@id\":\"https:\/\/fernandadepilacao.com.br\/portal\/2025\/11\/depilacao-segura-para-gestantes-e-lactantes-contraindicacoes-e-cuidados-essenciais\/#breadcrumb\",\"itemListElement\":[{\"@type\":\"ListItem\",\"position\":1,\"name\":\"In\u00edcio\",\"item\":\"http:\/\/fernandadepilacao.com.br\/portal\/\"},{\"@type\":\"ListItem\",\"position\":2,\"name\":\"Depila\u00e7\u00e3o Segura para Gestantes e Lactantes: Contraindica\u00e7\u00f5es e Cuidados Essenciais\"}]},{\"@type\":\"Article\",\"@id\":\"https:\/\/fernandadepilacao.com.br\/portal\/2025\/11\/depilacao-segura-para-gestantes-e-lactantes-contraindicacoes-e-cuidados-essenciais\/#article\",\"isPartOf\":{\"@id\":\"https:\/\/fernandadepilacao.com.br\/portal\/2025\/11\/depilacao-segura-para-gestantes-e-lactantes-contraindicacoes-e-cuidados-essenciais\/#webpage\"},\"author\":{\"@id\":\"https:\/\/fernandadepilacao.com.br\/portal\/#\/schema\/person\/d00644c3bbfd9fd17711767a3b1abbd0\"},\"headline\":\"Depila\u00e7\u00e3o Segura para Gestantes e Lactantes: Contraindica\u00e7\u00f5es e Cuidados Essenciais\",\"datePublished\":\"2025-11-28T03:01:19+00:00\",\"dateModified\":\"2025-11-28T03:01:20+00:00\",\"mainEntityOfPage\":{\"@id\":\"https:\/\/fernandadepilacao.com.br\/portal\/2025\/11\/depilacao-segura-para-gestantes-e-lactantes-contraindicacoes-e-cuidados-essenciais\/#webpage\"},\"wordCount\":740,\"commentCount\":0,\"publisher\":{\"@id\":\"https:\/\/fernandadepilacao.com.br\/portal\/#organization\"},\"image\":{\"@id\":\"https:\/\/fernandadepilacao.com.br\/portal\/2025\/11\/depilacao-segura-para-gestantes-e-lactantes-contraindicacoes-e-cuidados-essenciais\/#primaryimage\"},\"thumbnailUrl\":\"https:\/\/fernandadepilacao.com.br\/portal\/wp-content\/uploads\/2025\/11\/20251128000117.png\",\"inLanguage\":\"pt-BR\",\"potentialAction\":[{\"@type\":\"CommentAction\",\"name\":\"Comment\",\"target\":[\"https:\/\/fernandadepilacao.com.br\/portal\/2025\/11\/depilacao-segura-para-gestantes-e-lactantes-contraindicacoes-e-cuidados-essenciais\/#respond\"]}]},{\"@type\":\"Person\",\"@id\":\"https:\/\/fernandadepilacao.com.br\/portal\/#\/schema\/person\/d00644c3bbfd9fd17711767a3b1abbd0\",\"name\":\"fernandajob\",\"image\":{\"@type\":\"ImageObject\",\"@id\":\"https:\/\/fernandadepilacao.com.br\/portal\/#personlogo\",\"inLanguage\":\"pt-BR\",\"url\":\"https:\/\/secure.gravatar.com\/avatar\/6c2268a68d69a325906fbdccd74b18e6?s=96&d=mm&r=g\",\"contentUrl\":\"https:\/\/secure.gravatar.com\/avatar\/6c2268a68d69a325906fbdccd74b18e6?s=96&d=mm&r=g\",\"caption\":\"fernandajob\"},\"sameAs\":[\"http:\/\/fernandadepilacao.com.br\/portal\"]}]}<\/script>\n<!-- \/ Yoast SEO plugin. -->","yoast_head_json":{"title":"Depila\u00e7\u00e3o Segura para Gestantes e Lactantes: Contraindica\u00e7\u00f5es e Cuidados Essenciais - Fernanda Depila\u00e7\u00e3o","robots":{"index":"index","follow":"follow","max-snippet":"max-snippet:-1","max-image-preview":"max-image-preview:large","max-video-preview":"max-video-preview:-1"},"canonical":"https:\/\/fernandadepilacao.com.br\/portal\/2025\/11\/depilacao-segura-para-gestantes-e-lactantes-contraindicacoes-e-cuidados-essenciais\/","og_locale":"pt_BR","og_type":"article","og_title":"Depila\u00e7\u00e3o Segura para Gestantes e Lactantes: Contraindica\u00e7\u00f5es e Cuidados Essenciais - Fernanda Depila\u00e7\u00e3o","og_description":"Depila\u00e7\u00e3o para Gestantes e Lactantes: Quais s\u00e3o as Contraindica\u00e7\u00f5es e Cuidados Essenciais? Introdu\u00e7\u00e3o Durante a gesta\u00e7\u00e3o e a amamenta\u00e7\u00e3o, muitas mulheres t\u00eam d\u00favidas sobre a seguran\u00e7a dos m\u00e9todos de depila\u00e7\u00e3o. Afinal, as mudan\u00e7as hormonais tornam a pele mais sens\u00edvel, tornando necess\u00e1rio redobrar os cuidados. Neste artigo, vamos abordar as principais contraindica\u00e7\u00f5es para gestantes e lactantes, &hellip; Depila\u00e7\u00e3o Segura para Gestantes e Lactantes: Contraindica\u00e7\u00f5es e Cuidados Essenciais Leia mais &raquo;","og_url":"https:\/\/fernandadepilacao.com.br\/portal\/2025\/11\/depilacao-segura-para-gestantes-e-lactantes-contraindicacoes-e-cuidados-essenciais\/","og_site_name":"Fernanda Depila\u00e7\u00e3o","article_publisher":"https:\/\/www.facebook.com\/ferjobdepilacao","article_published_time":"2025-11-28T03:01:19+00:00","article_modified_time":"2025-11-28T03:01:20+00:00","twitter_card":"summary_large_image","twitter_misc":{"Escrito por":"fernandajob","Est. tempo de leitura":"4 minutos"},"schema":{"@context":"https:\/\/schema.org","@graph":[{"@type":"Organization","@id":"https:\/\/fernandadepilacao.com.br\/portal\/#organization","name":"Fernanda Depila\u00e7\u00e3o","url":"https:\/\/fernandadepilacao.com.br\/portal\/","sameAs":["https:\/\/www.facebook.com\/ferjobdepilacao","http:\/\/instagram.com\/fernanda_job"],"logo":{"@type":"ImageObject","@id":"https:\/\/fernandadepilacao.com.br\/portal\/#logo","inLanguage":"pt-BR","url":"http:\/\/fernandadepilacao.com.br\/portal\/wp-content\/uploads\/2021\/03\/logo_fernanda.png","contentUrl":"http:\/\/fernandadepilacao.com.br\/portal\/wp-content\/uploads\/2021\/03\/logo_fernanda.png","width":673,"height":688,"caption":"Fernanda Depila\u00e7\u00e3o"},"image":{"@id":"https:\/\/fernandadepilacao.com.br\/portal\/#logo"}},{"@type":"WebSite","@id":"https:\/\/fernandadepilacao.com.br\/portal\/#website","url":"https:\/\/fernandadepilacao.com.br\/portal\/","name":"Fernanda Depila\u00e7\u00e3o","description":"","publisher":{"@id":"https:\/\/fernandadepilacao.com.br\/portal\/#organization"},"potentialAction":[{"@type":"SearchAction","target":{"@type":"EntryPoint","urlTemplate":"https:\/\/fernandadepilacao.com.br\/portal\/?s={search_term_string}"},"query-input":"required name=search_term_string"}],"inLanguage":"pt-BR"},{"@type":"ImageObject","@id":"https:\/\/fernandadepilacao.com.br\/portal\/2025\/11\/depilacao-segura-para-gestantes-e-lactantes-contraindicacoes-e-cuidados-essenciais\/#primaryimage","inLanguage":"pt-BR","url":"https:\/\/fernandadepilacao.com.br\/portal\/wp-content\/uploads\/2025\/11\/20251128000117.png","contentUrl":"https:\/\/fernandadepilacao.com.br\/portal\/wp-content\/uploads\/2025\/11\/20251128000117.png","width":500,"height":500},{"@type":"WebPage","@id":"https:\/\/fernandadepilacao.com.br\/portal\/2025\/11\/depilacao-segura-para-gestantes-e-lactantes-contraindicacoes-e-cuidados-essenciais\/#webpage","url":"https:\/\/fernandadepilacao.com.br\/portal\/2025\/11\/depilacao-segura-para-gestantes-e-lactantes-contraindicacoes-e-cuidados-essenciais\/","name":"Depila\u00e7\u00e3o Segura para Gestantes e Lactantes: Contraindica\u00e7\u00f5es e Cuidados Essenciais - Fernanda Depila\u00e7\u00e3o","isPartOf":{"@id":"https:\/\/fernandadepilacao.com.br\/portal\/#website"},"primaryImageOfPage":{"@id":"https:\/\/fernandadepilacao.com.br\/portal\/2025\/11\/depilacao-segura-para-gestantes-e-lactantes-contraindicacoes-e-cuidados-essenciais\/#primaryimage"},"datePublished":"2025-11-28T03:01:19+00:00","dateModified":"2025-11-28T03:01:20+00:00","breadcrumb":{"@id":"https:\/\/fernandadepilacao.com.br\/portal\/2025\/11\/depilacao-segura-para-gestantes-e-lactantes-contraindicacoes-e-cuidados-essenciais\/#breadcrumb"},"inLanguage":"pt-BR","potentialAction":[{"@type":"ReadAction","target":["https:\/\/fernandadepilacao.com.br\/portal\/2025\/11\/depilacao-segura-para-gestantes-e-lactantes-contraindicacoes-e-cuidados-essenciais\/"]}]},{"@type":"BreadcrumbList","@id":"https:\/\/fernandadepilacao.com.br\/portal\/2025\/11\/depilacao-segura-para-gestantes-e-lactantes-contraindicacoes-e-cuidados-essenciais\/#breadcrumb","itemListElement":[{"@type":"ListItem","position":1,"name":"In\u00edcio","item":"http:\/\/fernandadepilacao.com.br\/portal\/"},{"@type":"ListItem","position":2,"name":"Depila\u00e7\u00e3o Segura para Gestantes e Lactantes: Contraindica\u00e7\u00f5es e Cuidados Essenciais"}]},{"@type":"Article","@id":"https:\/\/fernandadepilacao.com.br\/portal\/2025\/11\/depilacao-segura-para-gestantes-e-lactantes-contraindicacoes-e-cuidados-essenciais\/#article","isPartOf":{"@id":"https:\/\/fernandadepilacao.com.br\/portal\/2025\/11\/depilacao-segura-para-gestantes-e-lactantes-contraindicacoes-e-cuidados-essenciais\/#webpage"},"author":{"@id":"https:\/\/fernandadepilacao.com.br\/portal\/#\/schema\/person\/d00644c3bbfd9fd17711767a3b1abbd0"},"headline":"Depila\u00e7\u00e3o Segura para Gestantes e Lactantes: Contraindica\u00e7\u00f5es e Cuidados Essenciais","datePublished":"2025-11-28T03:01:19+00:00","dateModified":"2025-11-28T03:01:20+00:00","mainEntityOfPage":{"@id":"https:\/\/fernandadepilacao.com.br\/portal\/2025\/11\/depilacao-segura-para-gestantes-e-lactantes-contraindicacoes-e-cuidados-essenciais\/#webpage"},"wordCount":740,"commentCount":0,"publisher":{"@id":"https:\/\/fernandadepilacao.com.br\/portal\/#organization"},"image":{"@id":"https:\/\/fernandadepilacao.com.br\/portal\/2025\/11\/depilacao-segura-para-gestantes-e-lactantes-contraindicacoes-e-cuidados-essenciais\/#primaryimage"},"thumbnailUrl":"https:\/\/fernandadepilacao.com.br\/portal\/wp-content\/uploads\/2025\/11\/20251128000117.png","inLanguage":"pt-BR","potentialAction":[{"@type":"CommentAction","name":"Comment","target":["https:\/\/fernandadepilacao.com.br\/portal\/2025\/11\/depilacao-segura-para-gestantes-e-lactantes-contraindicacoes-e-cuidados-essenciais\/#respond"]}]},{"@type":"Person","@id":"https:\/\/fernandadepilacao.com.br\/portal\/#\/schema\/person\/d00644c3bbfd9fd17711767a3b1abbd0","name":"fernandajob","image":{"@type":"ImageObject","@id":"https:\/\/fernandadepilacao.com.br\/portal\/#personlogo","inLanguage":"pt-BR","url":"https:\/\/secure.gravatar.com\/avatar\/6c2268a68d69a325906fbdccd74b18e6?s=96&d=mm&r=g","contentUrl":"https:\/\/secure.gravatar.com\/avatar\/6c2268a68d69a325906fbdccd74b18e6?s=96&d=mm&r=g","caption":"fernandajob"},"sameAs":["http:\/\/fernandadepilacao.com.br\/portal"]}]}},"uagb_featured_image_src":{"full":["https:\/\/fernandadepilacao.com.br\/portal\/wp-content\/uploads\/2025\/11\/20251128000117.png",500,500,false],"thumbnail":["https:\/\/fernandadepilacao.com.br\/portal\/wp-content\/uploads\/2025\/11\/20251128000117-150x150.png",150,150,true],"medium":["https:\/\/fernandadepilacao.com.br\/portal\/wp-content\/uploads\/2025\/11\/20251128000117-300x300.png",300,300,true],"medium_large":["https:\/\/fernandadepilacao.com.br\/portal\/wp-content\/uploads\/2025\/11\/20251128000117.png",500,500,false],"large":["https:\/\/fernandadepilacao.com.br\/portal\/wp-content\/uploads\/2025\/11\/20251128000117.png",500,500,false],"1536x1536":["https:\/\/fernandadepilacao.com.br\/portal\/wp-content\/uploads\/2025\/11\/20251128000117.png",500,500,false],"2048x2048":["https:\/\/fernandadepilacao.com.br\/portal\/wp-content\/uploads\/2025\/11\/20251128000117.png",500,500,false]},"uagb_author_info":{"display_name":"fernandajob","author_link":"https:\/\/fernandadepilacao.com.br\/portal\/author\/fernandajob\/"},"uagb_comment_info":0,"uagb_excerpt":"Depila\u00e7\u00e3o para Gestantes e Lactantes: Quais s\u00e3o as Contraindica\u00e7\u00f5es e Cuidados Essenciais? Introdu\u00e7\u00e3o Durante a gesta\u00e7\u00e3o e a amamenta\u00e7\u00e3o, muitas mulheres t\u00eam d\u00favidas sobre a seguran\u00e7a dos m\u00e9todos de depila\u00e7\u00e3o. Afinal, as mudan\u00e7as hormonais tornam a pele mais sens\u00edvel, tornando necess\u00e1rio redobrar os cuidados. Neste artigo, vamos abordar as principais contraindica\u00e7\u00f5es para gestantes e lactantes,&hellip;","_links":{"self":[{"href":"https:\/\/fernandadepilacao.com.br\/portal\/wp-json\/wp\/v2\/posts\/882"}],"collection":[{"href":"https:\/\/fernandadepilacao.com.br\/portal\/wp-json\/wp\/v2\/posts"}],"about":[{"href":"https:\/\/fernandadepilacao.com.br\/portal\/wp-json\/wp\/v2\/types\/post"}],"author":[{"embeddable":true,"href":"https:\/\/fernandadepilacao.com.br\/portal\/wp-json\/wp\/v2\/users\/1"}],"replies":[{"embeddable":true,"href":"https:\/\/fernandadepilacao.com.br\/portal\/wp-json\/wp\/v2\/comments?post=882"}],"version-history":[{"count":1,"href":"https:\/\/fernandadepilacao.com.br\/portal\/wp-json\/wp\/v2\/posts\/882\/revisions"}],"predecessor-version":[{"id":883,"href":"https:\/\/fernandadepilacao.com.br\/portal\/wp-json\/wp\/v2\/posts\/882\/revisions\/883"}],"wp:featuredmedia":[{"embeddable":true,"href":"https:\/\/fernandadepilacao.com.br\/portal\/wp-json\/wp\/v2\/media\/881"}],"wp:attachment":[{"href":"https:\/\/fernandadepilacao.com.br\/portal\/wp-json\/wp\/v2\/media?parent=882"}],"wp:term":[{"taxonomy":"category","embeddable":true,"href":"https:\/\/fernandadepilacao.com.br\/portal\/wp-json\/wp\/v2\/categories?post=882"},{"taxonomy":"post_tag","embeddable":true,"href":"https:\/\/fernandadepilacao.com.br\/portal\/wp-json\/wp\/v2\/tags?post=882"}],"curies":[{"name":"wp","href":"https:\/\/api.w.org\/{rel}","templated":true}]}}