{"id":876,"date":"2025-11-27T08:01:36","date_gmt":"2025-11-27T11:01:36","guid":{"rendered":"https:\/\/fernandadepilacao.com.br\/portal\/2025\/11\/como-prevenir-tratar-efeitos-colaterais-depilacao-pele-sensivel\/"},"modified":"2025-11-27T12:00:19","modified_gmt":"2025-11-27T15:00:19","slug":"como-prevenir-tratar-efeitos-colaterais-depilacao-pele-sensivel","status":"publish","type":"post","link":"https:\/\/fernandadepilacao.com.br\/portal\/2025\/11\/como-prevenir-tratar-efeitos-colaterais-depilacao-pele-sensivel\/","title":{"rendered":"Como Prevenir e Tratar Efeitos Colaterais da Depila\u00e7\u00e3o em Pele Sens\u00edvel"},"content":{"rendered":"<article>\n<header>\n<h1>Efeitos Colaterais da Depila\u00e7\u00e3o em Pele Sens\u00edvel: Como Prevenir e Cuidar<\/h1>\n<p>    <meta name=\"description\" content=\"Descubra os principais efeitos colaterais da depila\u00e7\u00e3o em pele sens\u00edvel, aprenda dicas de preven\u00e7\u00e3o e cuidados p\u00f3s-depila\u00e7\u00e3o para garantir uma pele saud\u00e1vel, suave e livre de irrita\u00e7\u00f5es.\" \/><br \/>\n  <\/header>\n<section>\n<h2>Introdu\u00e7\u00e3o<\/h2>\n<p>A depila\u00e7\u00e3o \u00e9 uma pr\u00e1tica comum na rotina de cuidados com o corpo, proporcionando pele lisa e sensa\u00e7\u00e3o de bem-estar. No entanto, quando falamos de peles sens\u00edveis, alguns efeitos colaterais podem surgir ap\u00f3s diferentes m\u00e9todos de remo\u00e7\u00e3o dos pelos, como depila\u00e7\u00e3o com cera quente, cera fria, l\u00e2mina, creme depilat\u00f3rio ou laser. Neste artigo, vamos explorar os principais efeitos colaterais da depila\u00e7\u00e3o em pele sens\u00edvel, dicas de preven\u00e7\u00e3o e cuidados essenciais para minimizar desconfortos.<\/p>\n<\/section>\n<section>\n<h2>Por Que a Pele Sens\u00edvel Reage Diferente \u00e0 Depila\u00e7\u00e3o?<\/h2>\n<p>A pele sens\u00edvel possui uma barreira cut\u00e2nea mais fina e delicada, tornando-a mais suscet\u00edvel a agress\u00f5es externas, como a remo\u00e7\u00e3o dos pelos. Assim, rea\u00e7\u00f5es como vermelhid\u00e3o, ard\u00eancia, coceira, bolinhas e manchas podem ser mais frequentes quando a depila\u00e7\u00e3o n\u00e3o \u00e9 realizada de forma adequada.<\/p>\n<\/section>\n<section>\n<h2>Quais os Principais Efeitos Colaterais em Pele Sens\u00edvel?<\/h2>\n<ol>\n<li><strong>Vermelhid\u00e3o (Eritema):<\/strong> Uma resposta inflamat\u00f3ria comum, principalmente logo ap\u00f3s a retirada dos pelos. Pode durar de minutos a algumas horas.<\/li>\n<li><strong>Irrita\u00e7\u00e3o e Coceira:<\/strong> O atrito e o calor da cera, assim como o uso de l\u00e2mina, podem causar irrita\u00e7\u00e3o na pele, resultando em coceira.<\/li>\n<li><strong>Manchas:<\/strong> A depila\u00e7\u00e3o pode estimular a produ\u00e7\u00e3o de melanina em peles sens\u00edveis, levando ao surgimento de manchas escuras.<\/li>\n<li><strong>Foliculite:<\/strong> Inflama\u00e7\u00e3o dos fol\u00edculos pilosos, que causa o aparecimento de bolinhas ou p\u00fastulas, semelhante \u00e0 acne.<\/li>\n<li><strong>Descama\u00e7\u00e3o e Ressecamento:<\/strong> O contato com algumas ceras ou cremes depilat\u00f3rios pode retirar a camada de prote\u00e7\u00e3o natural, deixando a pele ressecada.<\/li>\n<li><strong>Queimaduras:<\/strong> Podem ocorrer por causa da temperatura elevada da cera ou rea\u00e7\u00e3o aos componentes qu\u00edmicos de cremes depilat\u00f3rios.<\/li>\n<li><strong>Rea\u00e7\u00f5es Al\u00e9rgicas:<\/strong> Certos ingredientes presentes em produtos depilat\u00f3rios podem desencadear alergias, levando a incha\u00e7o, coceira intensa e forma\u00e7\u00e3o de placas avermelhadas.<\/li>\n<\/ol>\n<\/section>\n<section>\n<h2>Como Prevenir Efeitos Colaterais Ap\u00f3s a Depila\u00e7\u00e3o?<\/h2>\n<ul>\n<li><strong>Teste de Sensibilidade:<\/strong> Antes de qualquer procedimento, fa\u00e7a um teste em uma pequena \u00e1rea do corpo para observar eventuais rea\u00e7\u00f5es.<\/li>\n<li><strong>Escolha o M\u00e9todo Adequado:<\/strong> Prefira t\u00e9cnicas que agridem menos a pele, como a depila\u00e7\u00e3o com cera morna (que dilata os poros), ou produtos hipoalerg\u00eanicos.<\/li>\n<li><strong>Cuidados Pr\u00e9-depila\u00e7\u00e3o:<\/strong> Mantenha a pele limpa, hidratada e evite usar cremes ou \u00f3leos nas 24 horas que antecedem a depila\u00e7\u00e3o.<\/li>\n<li><strong>Evite Exposi\u00e7\u00e3o ao Sol:<\/strong> Antes e ap\u00f3s depilar, n\u00e3o exposicione a \u00e1rea ao sol para prevenir manchas e queimaduras.<\/li>\n<li><strong>Procure Profissionais Qualificados:<\/strong> A expertise de uma esteticista capacitada minimiza riscos de les\u00e3o e utiliza t\u00e9cnicas adaptadas para seu tipo de pele.<\/li>\n<\/ul>\n<\/section>\n<section>\n<h2>Cuidados P\u00f3s-Depila\u00e7\u00e3o para Pele Sens\u00edvel<\/h2>\n<ul>\n<li><strong>Hidrata\u00e7\u00e3o:<\/strong> Use cremes calmantes contendo <em>aloe vera<\/em>, camomila, cal\u00eandula ou pantenol para aliviar a irrita\u00e7\u00e3o e promover a regenera\u00e7\u00e3o da pele.<\/li>\n<li><strong>Evite Roupas Apertadas:<\/strong> Prefira roupas largas e de algod\u00e3o at\u00e9 que a pele se recupere totalmente.<\/li>\n<li><strong>Lave com \u00c1gua Fria:<\/strong> Aplique compressas frias ou lave o local com \u00e1gua fria para amenizar o ardor e fechar os poros.<\/li>\n<li><strong>N\u00e3o Esfolie Imediatamente:<\/strong> Aguarde pelo menos 48 horas antes de fazer esfolia\u00e7\u00e3o para evitar maiores agress\u00f5es.<\/li>\n<li><strong>Use Protetor Solar:<\/strong> O uso di\u00e1rio de protetor solar na \u00e1rea depilada previne manchas e proteg\u00ea contra radia\u00e7\u00e3o ultravioleta.<\/li>\n<\/ul>\n<\/section>\n<section>\n<h2>Quando Procurar Ajuda Profissional?<\/h2>\n<p>Caso a pele apresente sintomas como bolhas, incha\u00e7o intenso, dor persistente ou sinais de infec\u00e7\u00e3o, como pus e piora do quadro, procure um dermatologista ou profissional esteticista qualificado imediatamente.<\/p>\n<\/section>\n<section>\n<h2>Perguntas Frequentes (FAQ)<\/h2>\n<div itemscope itemtype=\"https:\/\/schema.org\/FAQPage\">\n<div itemscope itemprop=\"mainEntity\" itemtype=\"https:\/\/schema.org\/Question\">\n<h3 itemprop=\"name\">Quanto tempo dura a vermelhid\u00e3o ap\u00f3s depila\u00e7\u00e3o em pele sens\u00edvel?<\/h3>\n<div itemscope itemprop=\"acceptedAnswer\" itemtype=\"https:\/\/schema.org\/Answer\">\n<p itemprop=\"text\">Geralmente, a vermelhid\u00e3o pode durar de algumas horas a at\u00e9 24 horas ap\u00f3s o procedimento.<\/p>\n<\/p><\/div>\n<\/p><\/div>\n<div itemscope itemprop=\"mainEntity\" itemtype=\"https:\/\/schema.org\/Question\">\n<h3 itemprop=\"name\">O que passar na pele sens\u00edvel ap\u00f3s a depila\u00e7\u00e3o?<\/h3>\n<div itemscope itemprop=\"acceptedAnswer\" itemtype=\"https:\/\/schema.org\/Answer\">\n<p itemprop=\"text\">Cremes calmantes, como os \u00e0 base de aloe vera e camomila, s\u00e3o indicados para acalmar, hidratar e restaurar a pele.<\/p>\n<\/p><\/div>\n<\/p><\/div>\n<div itemscope itemprop=\"mainEntity\" itemtype=\"https:\/\/schema.org\/Question\">\n<h3 itemprop=\"name\">Quem tem pele sens\u00edvel pode fazer depila\u00e7\u00e3o a laser?<\/h3>\n<div itemscope itemprop=\"acceptedAnswer\" itemtype=\"https:\/\/schema.org\/Answer\">\n<p itemprop=\"text\">Sim, mas o procedimento deve ser feito por profissional experiente e com avalia\u00e7\u00e3o pr\u00e9via da pele para regular as configura\u00e7\u00f5es do aparelho e minimizar riscos.<\/p>\n<\/p><\/div>\n<\/p><\/div>\n<\/p><\/div>\n<\/section>\n<section>\n<h2>Considera\u00e7\u00f5es Finais<\/h2>\n<p>Cuidar da pele sens\u00edvel ap\u00f3s a depila\u00e7\u00e3o \u00e9 fundamental para garantir uma experi\u00eancia mais segura e confort\u00e1vel. Seguindo os cuidados certos e procurando orienta\u00e7\u00e3o profissional, \u00e9 poss\u00edvel manter a pele saud\u00e1vel, livre de irrita\u00e7\u00f5es e pronta para qualquer ocasi\u00e3o. Busque produtos espec\u00edficos para pele sens\u00edvel e mantenha sempre a hidrata\u00e7\u00e3o em dia.<\/p>\n<\/section>\n<footer>\n<p>Palavras-chave: depila\u00e7\u00e3o em pele sens\u00edvel, efeitos colaterais da depila\u00e7\u00e3o, irrita\u00e7\u00e3o p\u00f3s-depila\u00e7\u00e3o, cuidados p\u00f3s-depila\u00e7\u00e3o, preven\u00e7\u00e3o de foliculite, manchas na pele ap\u00f3s depila\u00e7\u00e3o, depila\u00e7\u00e3o profissional, dicas para pele sens\u00edvel.<\/p>\n<\/footer>\n<\/article>\n","protected":false},"excerpt":{"rendered":"<p>Efeitos Colaterais da Depila\u00e7\u00e3o em Pele Sens\u00edvel: Como Prevenir e Cuidar Introdu\u00e7\u00e3o A depila\u00e7\u00e3o \u00e9 uma pr\u00e1tica comum na rotina de cuidados com o corpo, proporcionando pele lisa e sensa\u00e7\u00e3o de bem-estar. No entanto, quando falamos de peles sens\u00edveis, alguns efeitos colaterais podem surgir ap\u00f3s diferentes m\u00e9todos de remo\u00e7\u00e3o dos pelos, como depila\u00e7\u00e3o com cera &hellip;<\/p>\n<p class=\"read-more\"> <a class=\"\" href=\"https:\/\/fernandadepilacao.com.br\/portal\/2025\/11\/como-prevenir-tratar-efeitos-colaterais-depilacao-pele-sensivel\/\"> <span class=\"screen-reader-text\">Como Prevenir e Tratar Efeitos Colaterais da Depila\u00e7\u00e3o em Pele Sens\u00edvel<\/span> Leia mais &raquo;<\/a><\/p>\n","protected":false},"author":1,"featured_media":875,"comment_status":"open","ping_status":"open","sticky":false,"template":"","format":"standard","meta":[],"categories":[34],"tags":[],"yoast_head":"<!-- This site is optimized with the Yoast SEO plugin v18.4.1 - https:\/\/yoast.com\/wordpress\/plugins\/seo\/ -->\n<title>Como Prevenir e Tratar Efeitos Colaterais da Depila\u00e7\u00e3o em Pele Sens\u00edvel - Fernanda Depila\u00e7\u00e3o<\/title>\n<meta name=\"robots\" content=\"index, follow, max-snippet:-1, max-image-preview:large, max-video-preview:-1\" \/>\n<link rel=\"canonical\" href=\"https:\/\/fernandadepilacao.com.br\/portal\/2025\/11\/como-prevenir-tratar-efeitos-colaterais-depilacao-pele-sensivel\/\" \/>\n<meta property=\"og:locale\" content=\"pt_BR\" \/>\n<meta property=\"og:type\" content=\"article\" \/>\n<meta property=\"og:title\" content=\"Como Prevenir e Tratar Efeitos Colaterais da Depila\u00e7\u00e3o em Pele Sens\u00edvel - Fernanda Depila\u00e7\u00e3o\" \/>\n<meta property=\"og:description\" content=\"Efeitos Colaterais da Depila\u00e7\u00e3o em Pele Sens\u00edvel: Como Prevenir e Cuidar Introdu\u00e7\u00e3o A depila\u00e7\u00e3o \u00e9 uma pr\u00e1tica comum na rotina de cuidados com o corpo, proporcionando pele lisa e sensa\u00e7\u00e3o de bem-estar. No entanto, quando falamos de peles sens\u00edveis, alguns efeitos colaterais podem surgir ap\u00f3s diferentes m\u00e9todos de remo\u00e7\u00e3o dos pelos, como depila\u00e7\u00e3o com cera &hellip; Como Prevenir e Tratar Efeitos Colaterais da Depila\u00e7\u00e3o em Pele Sens\u00edvel Leia mais &raquo;\" \/>\n<meta property=\"og:url\" content=\"https:\/\/fernandadepilacao.com.br\/portal\/2025\/11\/como-prevenir-tratar-efeitos-colaterais-depilacao-pele-sensivel\/\" \/>\n<meta property=\"og:site_name\" content=\"Fernanda Depila\u00e7\u00e3o\" \/>\n<meta property=\"article:publisher\" content=\"https:\/\/www.facebook.com\/ferjobdepilacao\" \/>\n<meta property=\"article:published_time\" content=\"2025-11-27T11:01:36+00:00\" \/>\n<meta property=\"article:modified_time\" content=\"2025-11-27T15:00:19+00:00\" \/>\n<meta property=\"og:image\" content=\"https:\/\/fernandadepilacao.com.br\/portal\/wp-content\/uploads\/2025\/11\/20251127080134.png\" \/>\n\t<meta property=\"og:image:width\" content=\"500\" \/>\n\t<meta property=\"og:image:height\" content=\"500\" \/>\n\t<meta property=\"og:image:type\" content=\"image\/png\" \/>\n<meta name=\"twitter:card\" content=\"summary_large_image\" \/>\n<meta name=\"twitter:label1\" content=\"Escrito por\" \/>\n\t<meta name=\"twitter:data1\" content=\"fernandajob\" \/>\n\t<meta name=\"twitter:label2\" content=\"Est. tempo de leitura\" \/>\n\t<meta name=\"twitter:data2\" content=\"4 minutos\" \/>\n<script type=\"application\/ld+json\" class=\"yoast-schema-graph\">{\"@context\":\"https:\/\/schema.org\",\"@graph\":[{\"@type\":\"Organization\",\"@id\":\"https:\/\/fernandadepilacao.com.br\/portal\/#organization\",\"name\":\"Fernanda Depila\u00e7\u00e3o\",\"url\":\"https:\/\/fernandadepilacao.com.br\/portal\/\",\"sameAs\":[\"https:\/\/www.facebook.com\/ferjobdepilacao\",\"http:\/\/instagram.com\/fernanda_job\"],\"logo\":{\"@type\":\"ImageObject\",\"@id\":\"https:\/\/fernandadepilacao.com.br\/portal\/#logo\",\"inLanguage\":\"pt-BR\",\"url\":\"http:\/\/fernandadepilacao.com.br\/portal\/wp-content\/uploads\/2021\/03\/logo_fernanda.png\",\"contentUrl\":\"http:\/\/fernandadepilacao.com.br\/portal\/wp-content\/uploads\/2021\/03\/logo_fernanda.png\",\"width\":673,\"height\":688,\"caption\":\"Fernanda Depila\u00e7\u00e3o\"},\"image\":{\"@id\":\"https:\/\/fernandadepilacao.com.br\/portal\/#logo\"}},{\"@type\":\"WebSite\",\"@id\":\"https:\/\/fernandadepilacao.com.br\/portal\/#website\",\"url\":\"https:\/\/fernandadepilacao.com.br\/portal\/\",\"name\":\"Fernanda Depila\u00e7\u00e3o\",\"description\":\"\",\"publisher\":{\"@id\":\"https:\/\/fernandadepilacao.com.br\/portal\/#organization\"},\"potentialAction\":[{\"@type\":\"SearchAction\",\"target\":{\"@type\":\"EntryPoint\",\"urlTemplate\":\"https:\/\/fernandadepilacao.com.br\/portal\/?s={search_term_string}\"},\"query-input\":\"required name=search_term_string\"}],\"inLanguage\":\"pt-BR\"},{\"@type\":\"ImageObject\",\"@id\":\"https:\/\/fernandadepilacao.com.br\/portal\/2025\/11\/como-prevenir-tratar-efeitos-colaterais-depilacao-pele-sensivel\/#primaryimage\",\"inLanguage\":\"pt-BR\",\"url\":\"https:\/\/fernandadepilacao.com.br\/portal\/wp-content\/uploads\/2025\/11\/20251127080134.png\",\"contentUrl\":\"https:\/\/fernandadepilacao.com.br\/portal\/wp-content\/uploads\/2025\/11\/20251127080134.png\",\"width\":500,\"height\":500},{\"@type\":\"WebPage\",\"@id\":\"https:\/\/fernandadepilacao.com.br\/portal\/2025\/11\/como-prevenir-tratar-efeitos-colaterais-depilacao-pele-sensivel\/#webpage\",\"url\":\"https:\/\/fernandadepilacao.com.br\/portal\/2025\/11\/como-prevenir-tratar-efeitos-colaterais-depilacao-pele-sensivel\/\",\"name\":\"Como Prevenir e Tratar Efeitos Colaterais da Depila\u00e7\u00e3o em Pele Sens\u00edvel - Fernanda Depila\u00e7\u00e3o\",\"isPartOf\":{\"@id\":\"https:\/\/fernandadepilacao.com.br\/portal\/#website\"},\"primaryImageOfPage\":{\"@id\":\"https:\/\/fernandadepilacao.com.br\/portal\/2025\/11\/como-prevenir-tratar-efeitos-colaterais-depilacao-pele-sensivel\/#primaryimage\"},\"datePublished\":\"2025-11-27T11:01:36+00:00\",\"dateModified\":\"2025-11-27T15:00:19+00:00\",\"breadcrumb\":{\"@id\":\"https:\/\/fernandadepilacao.com.br\/portal\/2025\/11\/como-prevenir-tratar-efeitos-colaterais-depilacao-pele-sensivel\/#breadcrumb\"},\"inLanguage\":\"pt-BR\",\"potentialAction\":[{\"@type\":\"ReadAction\",\"target\":[\"https:\/\/fernandadepilacao.com.br\/portal\/2025\/11\/como-prevenir-tratar-efeitos-colaterais-depilacao-pele-sensivel\/\"]}]},{\"@type\":\"BreadcrumbList\",\"@id\":\"https:\/\/fernandadepilacao.com.br\/portal\/2025\/11\/como-prevenir-tratar-efeitos-colaterais-depilacao-pele-sensivel\/#breadcrumb\",\"itemListElement\":[{\"@type\":\"ListItem\",\"position\":1,\"name\":\"In\u00edcio\",\"item\":\"http:\/\/fernandadepilacao.com.br\/portal\/\"},{\"@type\":\"ListItem\",\"position\":2,\"name\":\"Como Prevenir e Tratar Efeitos Colaterais da Depila\u00e7\u00e3o em Pele Sens\u00edvel\"}]},{\"@type\":\"Article\",\"@id\":\"https:\/\/fernandadepilacao.com.br\/portal\/2025\/11\/como-prevenir-tratar-efeitos-colaterais-depilacao-pele-sensivel\/#article\",\"isPartOf\":{\"@id\":\"https:\/\/fernandadepilacao.com.br\/portal\/2025\/11\/como-prevenir-tratar-efeitos-colaterais-depilacao-pele-sensivel\/#webpage\"},\"author\":{\"@id\":\"https:\/\/fernandadepilacao.com.br\/portal\/#\/schema\/person\/d00644c3bbfd9fd17711767a3b1abbd0\"},\"headline\":\"Como Prevenir e Tratar Efeitos Colaterais da Depila\u00e7\u00e3o em Pele Sens\u00edvel\",\"datePublished\":\"2025-11-27T11:01:36+00:00\",\"dateModified\":\"2025-11-27T15:00:19+00:00\",\"mainEntityOfPage\":{\"@id\":\"https:\/\/fernandadepilacao.com.br\/portal\/2025\/11\/como-prevenir-tratar-efeitos-colaterais-depilacao-pele-sensivel\/#webpage\"},\"wordCount\":829,\"commentCount\":0,\"publisher\":{\"@id\":\"https:\/\/fernandadepilacao.com.br\/portal\/#organization\"},\"image\":{\"@id\":\"https:\/\/fernandadepilacao.com.br\/portal\/2025\/11\/como-prevenir-tratar-efeitos-colaterais-depilacao-pele-sensivel\/#primaryimage\"},\"thumbnailUrl\":\"https:\/\/fernandadepilacao.com.br\/portal\/wp-content\/uploads\/2025\/11\/20251127080134.png\",\"articleSection\":[\"Adolesc\u00eancia\"],\"inLanguage\":\"pt-BR\",\"potentialAction\":[{\"@type\":\"CommentAction\",\"name\":\"Comment\",\"target\":[\"https:\/\/fernandadepilacao.com.br\/portal\/2025\/11\/como-prevenir-tratar-efeitos-colaterais-depilacao-pele-sensivel\/#respond\"]}]},{\"@type\":\"Person\",\"@id\":\"https:\/\/fernandadepilacao.com.br\/portal\/#\/schema\/person\/d00644c3bbfd9fd17711767a3b1abbd0\",\"name\":\"fernandajob\",\"image\":{\"@type\":\"ImageObject\",\"@id\":\"https:\/\/fernandadepilacao.com.br\/portal\/#personlogo\",\"inLanguage\":\"pt-BR\",\"url\":\"https:\/\/secure.gravatar.com\/avatar\/6c2268a68d69a325906fbdccd74b18e6?s=96&d=mm&r=g\",\"contentUrl\":\"https:\/\/secure.gravatar.com\/avatar\/6c2268a68d69a325906fbdccd74b18e6?s=96&d=mm&r=g\",\"caption\":\"fernandajob\"},\"sameAs\":[\"http:\/\/fernandadepilacao.com.br\/portal\"]}]}<\/script>\n<!-- \/ Yoast SEO plugin. -->","yoast_head_json":{"title":"Como Prevenir e Tratar Efeitos Colaterais da Depila\u00e7\u00e3o em Pele Sens\u00edvel - Fernanda Depila\u00e7\u00e3o","robots":{"index":"index","follow":"follow","max-snippet":"max-snippet:-1","max-image-preview":"max-image-preview:large","max-video-preview":"max-video-preview:-1"},"canonical":"https:\/\/fernandadepilacao.com.br\/portal\/2025\/11\/como-prevenir-tratar-efeitos-colaterais-depilacao-pele-sensivel\/","og_locale":"pt_BR","og_type":"article","og_title":"Como Prevenir e Tratar Efeitos Colaterais da Depila\u00e7\u00e3o em Pele Sens\u00edvel - Fernanda Depila\u00e7\u00e3o","og_description":"Efeitos Colaterais da Depila\u00e7\u00e3o em Pele Sens\u00edvel: Como Prevenir e Cuidar Introdu\u00e7\u00e3o A depila\u00e7\u00e3o \u00e9 uma pr\u00e1tica comum na rotina de cuidados com o corpo, proporcionando pele lisa e sensa\u00e7\u00e3o de bem-estar. No entanto, quando falamos de peles sens\u00edveis, alguns efeitos colaterais podem surgir ap\u00f3s diferentes m\u00e9todos de remo\u00e7\u00e3o dos pelos, como depila\u00e7\u00e3o com cera &hellip; Como Prevenir e Tratar Efeitos Colaterais da Depila\u00e7\u00e3o em Pele Sens\u00edvel Leia mais &raquo;","og_url":"https:\/\/fernandadepilacao.com.br\/portal\/2025\/11\/como-prevenir-tratar-efeitos-colaterais-depilacao-pele-sensivel\/","og_site_name":"Fernanda Depila\u00e7\u00e3o","article_publisher":"https:\/\/www.facebook.com\/ferjobdepilacao","article_published_time":"2025-11-27T11:01:36+00:00","article_modified_time":"2025-11-27T15:00:19+00:00","og_image":[{"width":500,"height":500,"url":"https:\/\/fernandadepilacao.com.br\/portal\/wp-content\/uploads\/2025\/11\/20251127080134.png","type":"image\/png"}],"twitter_card":"summary_large_image","twitter_misc":{"Escrito por":"fernandajob","Est. tempo de leitura":"4 minutos"},"schema":{"@context":"https:\/\/schema.org","@graph":[{"@type":"Organization","@id":"https:\/\/fernandadepilacao.com.br\/portal\/#organization","name":"Fernanda Depila\u00e7\u00e3o","url":"https:\/\/fernandadepilacao.com.br\/portal\/","sameAs":["https:\/\/www.facebook.com\/ferjobdepilacao","http:\/\/instagram.com\/fernanda_job"],"logo":{"@type":"ImageObject","@id":"https:\/\/fernandadepilacao.com.br\/portal\/#logo","inLanguage":"pt-BR","url":"http:\/\/fernandadepilacao.com.br\/portal\/wp-content\/uploads\/2021\/03\/logo_fernanda.png","contentUrl":"http:\/\/fernandadepilacao.com.br\/portal\/wp-content\/uploads\/2021\/03\/logo_fernanda.png","width":673,"height":688,"caption":"Fernanda Depila\u00e7\u00e3o"},"image":{"@id":"https:\/\/fernandadepilacao.com.br\/portal\/#logo"}},{"@type":"WebSite","@id":"https:\/\/fernandadepilacao.com.br\/portal\/#website","url":"https:\/\/fernandadepilacao.com.br\/portal\/","name":"Fernanda Depila\u00e7\u00e3o","description":"","publisher":{"@id":"https:\/\/fernandadepilacao.com.br\/portal\/#organization"},"potentialAction":[{"@type":"SearchAction","target":{"@type":"EntryPoint","urlTemplate":"https:\/\/fernandadepilacao.com.br\/portal\/?s={search_term_string}"},"query-input":"required name=search_term_string"}],"inLanguage":"pt-BR"},{"@type":"ImageObject","@id":"https:\/\/fernandadepilacao.com.br\/portal\/2025\/11\/como-prevenir-tratar-efeitos-colaterais-depilacao-pele-sensivel\/#primaryimage","inLanguage":"pt-BR","url":"https:\/\/fernandadepilacao.com.br\/portal\/wp-content\/uploads\/2025\/11\/20251127080134.png","contentUrl":"https:\/\/fernandadepilacao.com.br\/portal\/wp-content\/uploads\/2025\/11\/20251127080134.png","width":500,"height":500},{"@type":"WebPage","@id":"https:\/\/fernandadepilacao.com.br\/portal\/2025\/11\/como-prevenir-tratar-efeitos-colaterais-depilacao-pele-sensivel\/#webpage","url":"https:\/\/fernandadepilacao.com.br\/portal\/2025\/11\/como-prevenir-tratar-efeitos-colaterais-depilacao-pele-sensivel\/","name":"Como Prevenir e Tratar Efeitos Colaterais da Depila\u00e7\u00e3o em Pele Sens\u00edvel - Fernanda Depila\u00e7\u00e3o","isPartOf":{"@id":"https:\/\/fernandadepilacao.com.br\/portal\/#website"},"primaryImageOfPage":{"@id":"https:\/\/fernandadepilacao.com.br\/portal\/2025\/11\/como-prevenir-tratar-efeitos-colaterais-depilacao-pele-sensivel\/#primaryimage"},"datePublished":"2025-11-27T11:01:36+00:00","dateModified":"2025-11-27T15:00:19+00:00","breadcrumb":{"@id":"https:\/\/fernandadepilacao.com.br\/portal\/2025\/11\/como-prevenir-tratar-efeitos-colaterais-depilacao-pele-sensivel\/#breadcrumb"},"inLanguage":"pt-BR","potentialAction":[{"@type":"ReadAction","target":["https:\/\/fernandadepilacao.com.br\/portal\/2025\/11\/como-prevenir-tratar-efeitos-colaterais-depilacao-pele-sensivel\/"]}]},{"@type":"BreadcrumbList","@id":"https:\/\/fernandadepilacao.com.br\/portal\/2025\/11\/como-prevenir-tratar-efeitos-colaterais-depilacao-pele-sensivel\/#breadcrumb","itemListElement":[{"@type":"ListItem","position":1,"name":"In\u00edcio","item":"http:\/\/fernandadepilacao.com.br\/portal\/"},{"@type":"ListItem","position":2,"name":"Como Prevenir e Tratar Efeitos Colaterais da Depila\u00e7\u00e3o em Pele Sens\u00edvel"}]},{"@type":"Article","@id":"https:\/\/fernandadepilacao.com.br\/portal\/2025\/11\/como-prevenir-tratar-efeitos-colaterais-depilacao-pele-sensivel\/#article","isPartOf":{"@id":"https:\/\/fernandadepilacao.com.br\/portal\/2025\/11\/como-prevenir-tratar-efeitos-colaterais-depilacao-pele-sensivel\/#webpage"},"author":{"@id":"https:\/\/fernandadepilacao.com.br\/portal\/#\/schema\/person\/d00644c3bbfd9fd17711767a3b1abbd0"},"headline":"Como Prevenir e Tratar Efeitos Colaterais da Depila\u00e7\u00e3o em Pele Sens\u00edvel","datePublished":"2025-11-27T11:01:36+00:00","dateModified":"2025-11-27T15:00:19+00:00","mainEntityOfPage":{"@id":"https:\/\/fernandadepilacao.com.br\/portal\/2025\/11\/como-prevenir-tratar-efeitos-colaterais-depilacao-pele-sensivel\/#webpage"},"wordCount":829,"commentCount":0,"publisher":{"@id":"https:\/\/fernandadepilacao.com.br\/portal\/#organization"},"image":{"@id":"https:\/\/fernandadepilacao.com.br\/portal\/2025\/11\/como-prevenir-tratar-efeitos-colaterais-depilacao-pele-sensivel\/#primaryimage"},"thumbnailUrl":"https:\/\/fernandadepilacao.com.br\/portal\/wp-content\/uploads\/2025\/11\/20251127080134.png","articleSection":["Adolesc\u00eancia"],"inLanguage":"pt-BR","potentialAction":[{"@type":"CommentAction","name":"Comment","target":["https:\/\/fernandadepilacao.com.br\/portal\/2025\/11\/como-prevenir-tratar-efeitos-colaterais-depilacao-pele-sensivel\/#respond"]}]},{"@type":"Person","@id":"https:\/\/fernandadepilacao.com.br\/portal\/#\/schema\/person\/d00644c3bbfd9fd17711767a3b1abbd0","name":"fernandajob","image":{"@type":"ImageObject","@id":"https:\/\/fernandadepilacao.com.br\/portal\/#personlogo","inLanguage":"pt-BR","url":"https:\/\/secure.gravatar.com\/avatar\/6c2268a68d69a325906fbdccd74b18e6?s=96&d=mm&r=g","contentUrl":"https:\/\/secure.gravatar.com\/avatar\/6c2268a68d69a325906fbdccd74b18e6?s=96&d=mm&r=g","caption":"fernandajob"},"sameAs":["http:\/\/fernandadepilacao.com.br\/portal"]}]}},"uagb_featured_image_src":{"full":["https:\/\/fernandadepilacao.com.br\/portal\/wp-content\/uploads\/2025\/11\/20251127080134.png",500,500,false],"thumbnail":["https:\/\/fernandadepilacao.com.br\/portal\/wp-content\/uploads\/2025\/11\/20251127080134-150x150.png",150,150,true],"medium":["https:\/\/fernandadepilacao.com.br\/portal\/wp-content\/uploads\/2025\/11\/20251127080134-300x300.png",300,300,true],"medium_large":["https:\/\/fernandadepilacao.com.br\/portal\/wp-content\/uploads\/2025\/11\/20251127080134.png",500,500,false],"large":["https:\/\/fernandadepilacao.com.br\/portal\/wp-content\/uploads\/2025\/11\/20251127080134.png",500,500,false],"1536x1536":["https:\/\/fernandadepilacao.com.br\/portal\/wp-content\/uploads\/2025\/11\/20251127080134.png",500,500,false],"2048x2048":["https:\/\/fernandadepilacao.com.br\/portal\/wp-content\/uploads\/2025\/11\/20251127080134.png",500,500,false]},"uagb_author_info":{"display_name":"fernandajob","author_link":"https:\/\/fernandadepilacao.com.br\/portal\/author\/fernandajob\/"},"uagb_comment_info":0,"uagb_excerpt":"Efeitos Colaterais da Depila\u00e7\u00e3o em Pele Sens\u00edvel: Como Prevenir e Cuidar Introdu\u00e7\u00e3o A depila\u00e7\u00e3o \u00e9 uma pr\u00e1tica comum na rotina de cuidados com o corpo, proporcionando pele lisa e sensa\u00e7\u00e3o de bem-estar. No entanto, quando falamos de peles sens\u00edveis, alguns efeitos colaterais podem surgir ap\u00f3s diferentes m\u00e9todos de remo\u00e7\u00e3o dos pelos, como depila\u00e7\u00e3o com cera&hellip;","_links":{"self":[{"href":"https:\/\/fernandadepilacao.com.br\/portal\/wp-json\/wp\/v2\/posts\/876"}],"collection":[{"href":"https:\/\/fernandadepilacao.com.br\/portal\/wp-json\/wp\/v2\/posts"}],"about":[{"href":"https:\/\/fernandadepilacao.com.br\/portal\/wp-json\/wp\/v2\/types\/post"}],"author":[{"embeddable":true,"href":"https:\/\/fernandadepilacao.com.br\/portal\/wp-json\/wp\/v2\/users\/1"}],"replies":[{"embeddable":true,"href":"https:\/\/fernandadepilacao.com.br\/portal\/wp-json\/wp\/v2\/comments?post=876"}],"version-history":[{"count":1,"href":"https:\/\/fernandadepilacao.com.br\/portal\/wp-json\/wp\/v2\/posts\/876\/revisions"}],"predecessor-version":[{"id":877,"href":"https:\/\/fernandadepilacao.com.br\/portal\/wp-json\/wp\/v2\/posts\/876\/revisions\/877"}],"wp:featuredmedia":[{"embeddable":true,"href":"https:\/\/fernandadepilacao.com.br\/portal\/wp-json\/wp\/v2\/media\/875"}],"wp:attachment":[{"href":"https:\/\/fernandadepilacao.com.br\/portal\/wp-json\/wp\/v2\/media?parent=876"}],"wp:term":[{"taxonomy":"category","embeddable":true,"href":"https:\/\/fernandadepilacao.com.br\/portal\/wp-json\/wp\/v2\/categories?post=876"},{"taxonomy":"post_tag","embeddable":true,"href":"https:\/\/fernandadepilacao.com.br\/portal\/wp-json\/wp\/v2\/tags?post=876"}],"curies":[{"name":"wp","href":"https:\/\/api.w.org\/{rel}","templated":true}]}}