{"id":873,"date":"2025-11-27T00:01:32","date_gmt":"2025-11-27T03:01:32","guid":{"rendered":"https:\/\/fernandadepilacao.com.br\/portal\/2025\/11\/doencas-de-pele-que-impedem-a-depilacao-principais-cuidados-e-riscos\/"},"modified":"2025-11-27T00:01:34","modified_gmt":"2025-11-27T03:01:34","slug":"doencas-de-pele-que-impedem-a-depilacao-principais-cuidados-e-riscos","status":"publish","type":"post","link":"https:\/\/fernandadepilacao.com.br\/portal\/2025\/11\/doencas-de-pele-que-impedem-a-depilacao-principais-cuidados-e-riscos\/","title":{"rendered":"Doen\u00e7as de Pele que Impedem a Depila\u00e7\u00e3o: Principais Cuidados e Riscos"},"content":{"rendered":"<article>\n<header>\n<h1>Condi\u00e7\u00f5es Dermatol\u00f3gicas que Impedem a Depila\u00e7\u00e3o: Tudo o Que Voc\u00ea Precisa Saber<\/h1>\n<p>    <meta name=\"description\" content=\"Descubra as principais doen\u00e7as de pele que contraindicam a depila\u00e7\u00e3o, como proteger sua sa\u00fade em procedimentos est\u00e9ticos e dicas para identificar riscos.\"><br \/>\n    <meta name=\"keywords\" content=\"depila\u00e7\u00e3o, doen\u00e7as dermatol\u00f3gicas, contraindica\u00e7\u00f5es, cuidados com a pele, sa\u00fade da pele, esteticista, depila\u00e7\u00e3o a laser, depila\u00e7\u00e3o com cera, depila\u00e7\u00e3o segura\"><br \/>\n  <\/header>\n<section>\n<h2>Introdu\u00e7\u00e3o<\/h2>\n<p>A depila\u00e7\u00e3o \u00e9 um dos procedimentos est\u00e9ticos mais procurados por quem deseja manter a pele lisa, macia e livre de pelos. Seja por meio da cera, l\u00e2mina, linha ou laser, a depila\u00e7\u00e3o exige aten\u00e7\u00e3o e cuidados, especialmente quando se fala em condi\u00e7\u00f5es dermatol\u00f3gicas. Existem algumas doen\u00e7as de pele e situa\u00e7\u00f5es espec\u00edficas em que a depila\u00e7\u00e3o \u00e9 contraindicada e pode trazer riscos \u00e0 sa\u00fade da pele. Conhe\u00e7a agora em detalhes quais s\u00e3o essas condi\u00e7\u00f5es, saiba quando evitar o procedimento e mantenha sua pele saud\u00e1vel e bonita!<\/p>\n<\/section>\n<section>\n<h2>O que s\u00e3o condi\u00e7\u00f5es dermatol\u00f3gicas?<\/h2>\n<p>Condi\u00e7\u00f5es dermatol\u00f3gicas s\u00e3o doen\u00e7as ou altera\u00e7\u00f5es na pele, unhas e cabelos, que podem variar de simples irrita\u00e7\u00f5es at\u00e9 quadros mais graves, como infec\u00e7\u00f5es e inflama\u00e7\u00f5es. No caso da depila\u00e7\u00e3o, algumas dessas condi\u00e7\u00f5es podem ser agravadas ou at\u00e9 transmitidas caso o procedimento n\u00e3o seja realizado de maneira criteriosa.<\/p>\n<\/section>\n<section>\n<h2>Principais doen\u00e7as de pele que impedem a depila\u00e7\u00e3o<\/h2>\n<p>Confira abaixo as principais condi\u00e7\u00f5es que contraindicam a depila\u00e7\u00e3o, seja qual for o m\u00e9todo escolhido:<\/p>\n<ul>\n<li>\n        <strong>Herpes ativa:<\/strong> A herpes simples se manifesta com bolhas, geralmente na regi\u00e3o labial ou genital. A manipula\u00e7\u00e3o dessas les\u00f5es durante a depila\u00e7\u00e3o pode causar dissemina\u00e7\u00e3o do v\u00edrus, al\u00e9m de agravar a infec\u00e7\u00e3o.\n      <\/li>\n<li>\n        <strong>Dermatite (al\u00e9rgica, at\u00f3pica ou seborreica):<\/strong> Em epis\u00f3dios ativos, a pele est\u00e1 mais sens\u00edvel, com inflama\u00e7\u00e3o, coceira, e at\u00e9 descama\u00e7\u00e3o. Realizar depila\u00e7\u00e3o nessas \u00e1reas pode piorar as les\u00f5es e aumentar o desconforto.\n      <\/li>\n<li>\n        <strong>Feridas abertas, cortes e escoria\u00e7\u00f5es:<\/strong> A pele precisa estar \u00edntegra para receber qualquer procedimento est\u00e9tico. Feridas facilitam a entrada de bact\u00e9rias e o risco de infec\u00e7\u00f5es \u00e9 elevado.\n      <\/li>\n<li>\n        <strong>Psor\u00edase em atividade:<\/strong> Esta doen\u00e7a autoimune causa descama\u00e7\u00e3o e les\u00f5es avermelhadas na pele. A depila\u00e7\u00e3o pode agravar as les\u00f5es e, em muitos casos, provocar dor e infec\u00e7\u00e3o secund\u00e1ria.\n      <\/li>\n<li>\n        <strong>Infec\u00e7\u00f5es bacterianas ou f\u00fangicas:<\/strong> Impetigo, micoses e foliculites ativas contraindicam qualquer depila\u00e7\u00e3o, pois o risco de dissemina\u00e7\u00e3o da infec\u00e7\u00e3o ou agravamento \u00e9 grande.\n      <\/li>\n<li>\n        <strong>Queimaduras recentes:<\/strong> Seja por sol ou outra causa, a pele queimada est\u00e1 fragilizada e dolorida, n\u00e3o devendo ser submetida ao procedimento.\n      <\/li>\n<li>\n        <strong>Acne inflamada:<\/strong> Muito comum em \u00e1reas como o rosto, t\u00f3rax e costas, a depila\u00e7\u00e3o pode romper les\u00f5es, aumentar o processo inflamat\u00f3rio e at\u00e9 deixar cicatrizes.\n      <\/li>\n<\/ul>\n<\/section>\n<section>\n<h2>Outras situa\u00e7\u00f5es em que a depila\u00e7\u00e3o deve ser evitada<\/h2>\n<ul>\n<li><strong>Uso de medicamentos fotossensibilizantes ou \u00e1cidos:<\/strong> Subst\u00e2ncias como isotretino\u00edna (Roacutan), \u00e1cidos retin\u00f3ico e glic\u00f3lico, ou antibi\u00f3ticos fotossensibilizantes deixam a pele suscet\u00edvel a manchas, queimaduras e les\u00f5es.<\/li>\n<li><strong>Tratamentos est\u00e9ticos invasivos recentes:<\/strong> Peelings profundos, lasers ou outras terapias precisam de um tempo de recupera\u00e7\u00e3o antes de expor a pele novamente \u00e0 depila\u00e7\u00e3o.<\/li>\n<\/ul>\n<\/section>\n<section>\n<h2>Como identificar se voc\u00ea pode ou n\u00e3o fazer depila\u00e7\u00e3o?<\/h2>\n<p>Antes de realizar qualquer procedimento est\u00e9tico, observe cuidadosamente sua pele. Vermelhid\u00e3o, bolhas, coceira, descama\u00e7\u00e3o, feridas ou manchas diferentes podem ser sinais de que algo n\u00e3o vai bem. Em caso de d\u00favida, procure um dermatologista para avalia\u00e7\u00e3o. Apenas um profissional poder\u00e1 indicar o tratamento correto e liberar, ou n\u00e3o, o procedimento.<\/p>\n<\/section>\n<section>\n<h2>Cuidados para uma depila\u00e7\u00e3o segura<\/h2>\n<ol>\n<li>Sempre realize uma avalia\u00e7\u00e3o pr\u00e9via da pele.<\/li>\n<li>Comunique qualquer alergia, doen\u00e7a de pele ou uso de medica\u00e7\u00e3o ao profissional.<\/li>\n<li>Opte por espa\u00e7os de est\u00e9tica certificados e que sigam protocolos de higiene rigorosos.<\/li>\n<li>Nunca tente depilar les\u00f5es ou feridas em casa. Procure orienta\u00e7\u00e3o profissional.<\/li>\n<\/ol>\n<\/section>\n<section id=\"faq\">\n<h2>Perguntas Frequentes sobre Depila\u00e7\u00e3o e Doen\u00e7as de Pele<\/h2>\n<div itemscope itemtype=\"https:\/\/schema.org\/FAQPage\">\n<div itemscope itemprop=\"mainEntity\" itemtype=\"https:\/\/schema.org\/Question\">\n<h3 itemprop=\"name\">Posso depilar com cera se estou com foliculite?<\/h3>\n<div itemscope itemprop=\"acceptedAnswer\" itemtype=\"https:\/\/schema.org\/Answer\">\n<p itemprop=\"text\">N\u00e3o \u00e9 recomendado depilar com cera enquanto houver foliculite ativa, pois o calor e o atrito podem agravar a infec\u00e7\u00e3o.<\/p>\n<\/p><\/div>\n<\/p><\/div>\n<div itemscope itemprop=\"mainEntity\" itemtype=\"https:\/\/schema.org\/Question\">\n<h3 itemprop=\"name\">A depila\u00e7\u00e3o a laser pode ser feita em pele sensibilizada?<\/h3>\n<div itemscope itemprop=\"acceptedAnswer\" itemtype=\"https:\/\/schema.org\/Answer\">\n<p itemprop=\"text\">O laser n\u00e3o deve ser aplicado em \u00e1reas com inflama\u00e7\u00e3o, queimaduras, acne ativa ou outras les\u00f5es cut\u00e2neas. \u00c9 essencial avaliar a pele antes do procedimento.<\/p>\n<\/p><\/div>\n<\/p><\/div>\n<div itemscope itemprop=\"mainEntity\" itemtype=\"https:\/\/schema.org\/Question\">\n<h3 itemprop=\"name\">Quais sinais devo observar para evitar depila\u00e7\u00e3o?<\/h3>\n<div itemscope itemprop=\"acceptedAnswer\" itemtype=\"https:\/\/schema.org\/Answer\">\n<p itemprop=\"text\">Vermelhid\u00e3o, bolhas, feridas, coceira intensa, descama\u00e7\u00e3o ou qualquer altera\u00e7\u00e3o incomum s\u00e3o sinais de alerta. Evite depilar nessas condi\u00e7\u00f5es e procure avalia\u00e7\u00e3o m\u00e9dica se necess\u00e1rio.<\/p>\n<\/p><\/div>\n<\/p><\/div>\n<\/p><\/div>\n<\/section>\n<footer>\n<h2>Conclus\u00e3o<\/h2>\n<p>Cuidar da sa\u00fade da pele vai muito al\u00e9m da beleza. Ignorar condi\u00e7\u00f5es dermatol\u00f3gicas e insistir na depila\u00e7\u00e3o pode trazer complica\u00e7\u00f5es s\u00e9rias e, muitas vezes, irrevers\u00edveis. Sempre respeite os sinais do seu corpo e busque orienta\u00e7\u00e3o profissional. Assim, voc\u00ea garante uma pele linda, saud\u00e1vel e protegida!<\/p>\n<\/footer>\n<\/article>\n","protected":false},"excerpt":{"rendered":"<p>Condi\u00e7\u00f5es Dermatol\u00f3gicas que Impedem a Depila\u00e7\u00e3o: Tudo o Que Voc\u00ea Precisa Saber Introdu\u00e7\u00e3o A depila\u00e7\u00e3o \u00e9 um dos procedimentos est\u00e9ticos mais procurados por quem deseja manter a pele lisa, macia e livre de pelos. Seja por meio da cera, l\u00e2mina, linha ou laser, a depila\u00e7\u00e3o exige aten\u00e7\u00e3o e cuidados, especialmente quando se fala em condi\u00e7\u00f5es &hellip;<\/p>\n<p class=\"read-more\"> <a class=\"\" href=\"https:\/\/fernandadepilacao.com.br\/portal\/2025\/11\/doencas-de-pele-que-impedem-a-depilacao-principais-cuidados-e-riscos\/\"> <span class=\"screen-reader-text\">Doen\u00e7as de Pele que Impedem a Depila\u00e7\u00e3o: Principais Cuidados e Riscos<\/span> Leia mais &raquo;<\/a><\/p>\n","protected":false},"author":1,"featured_media":872,"comment_status":"open","ping_status":"open","sticky":false,"template":"","format":"standard","meta":[],"categories":[1],"tags":[],"yoast_head":"<!-- This site is optimized with the Yoast SEO plugin v18.4.1 - https:\/\/yoast.com\/wordpress\/plugins\/seo\/ -->\n<title>Doen\u00e7as de Pele que Impedem a Depila\u00e7\u00e3o: Principais Cuidados e Riscos - Fernanda Depila\u00e7\u00e3o<\/title>\n<meta name=\"robots\" content=\"index, follow, max-snippet:-1, max-image-preview:large, max-video-preview:-1\" \/>\n<link rel=\"canonical\" href=\"https:\/\/fernandadepilacao.com.br\/portal\/2025\/11\/doencas-de-pele-que-impedem-a-depilacao-principais-cuidados-e-riscos\/\" \/>\n<meta property=\"og:locale\" content=\"pt_BR\" \/>\n<meta property=\"og:type\" content=\"article\" \/>\n<meta property=\"og:title\" content=\"Doen\u00e7as de Pele que Impedem a Depila\u00e7\u00e3o: Principais Cuidados e Riscos - Fernanda Depila\u00e7\u00e3o\" \/>\n<meta property=\"og:description\" content=\"Condi\u00e7\u00f5es Dermatol\u00f3gicas que Impedem a Depila\u00e7\u00e3o: Tudo o Que Voc\u00ea Precisa Saber Introdu\u00e7\u00e3o A depila\u00e7\u00e3o \u00e9 um dos procedimentos est\u00e9ticos mais procurados por quem deseja manter a pele lisa, macia e livre de pelos. Seja por meio da cera, l\u00e2mina, linha ou laser, a depila\u00e7\u00e3o exige aten\u00e7\u00e3o e cuidados, especialmente quando se fala em condi\u00e7\u00f5es &hellip; Doen\u00e7as de Pele que Impedem a Depila\u00e7\u00e3o: Principais Cuidados e Riscos Leia mais &raquo;\" \/>\n<meta property=\"og:url\" content=\"https:\/\/fernandadepilacao.com.br\/portal\/2025\/11\/doencas-de-pele-que-impedem-a-depilacao-principais-cuidados-e-riscos\/\" \/>\n<meta property=\"og:site_name\" content=\"Fernanda Depila\u00e7\u00e3o\" \/>\n<meta property=\"article:publisher\" content=\"https:\/\/www.facebook.com\/ferjobdepilacao\" \/>\n<meta property=\"article:published_time\" content=\"2025-11-27T03:01:32+00:00\" \/>\n<meta property=\"article:modified_time\" content=\"2025-11-27T03:01:34+00:00\" \/>\n<meta name=\"twitter:card\" content=\"summary_large_image\" \/>\n<meta name=\"twitter:label1\" content=\"Escrito por\" \/>\n\t<meta name=\"twitter:data1\" content=\"fernandajob\" \/>\n\t<meta name=\"twitter:label2\" content=\"Est. tempo de leitura\" \/>\n\t<meta name=\"twitter:data2\" content=\"4 minutos\" \/>\n<script type=\"application\/ld+json\" class=\"yoast-schema-graph\">{\"@context\":\"https:\/\/schema.org\",\"@graph\":[{\"@type\":\"Organization\",\"@id\":\"https:\/\/fernandadepilacao.com.br\/portal\/#organization\",\"name\":\"Fernanda Depila\u00e7\u00e3o\",\"url\":\"https:\/\/fernandadepilacao.com.br\/portal\/\",\"sameAs\":[\"https:\/\/www.facebook.com\/ferjobdepilacao\",\"http:\/\/instagram.com\/fernanda_job\"],\"logo\":{\"@type\":\"ImageObject\",\"@id\":\"https:\/\/fernandadepilacao.com.br\/portal\/#logo\",\"inLanguage\":\"pt-BR\",\"url\":\"http:\/\/fernandadepilacao.com.br\/portal\/wp-content\/uploads\/2021\/03\/logo_fernanda.png\",\"contentUrl\":\"http:\/\/fernandadepilacao.com.br\/portal\/wp-content\/uploads\/2021\/03\/logo_fernanda.png\",\"width\":673,\"height\":688,\"caption\":\"Fernanda Depila\u00e7\u00e3o\"},\"image\":{\"@id\":\"https:\/\/fernandadepilacao.com.br\/portal\/#logo\"}},{\"@type\":\"WebSite\",\"@id\":\"https:\/\/fernandadepilacao.com.br\/portal\/#website\",\"url\":\"https:\/\/fernandadepilacao.com.br\/portal\/\",\"name\":\"Fernanda Depila\u00e7\u00e3o\",\"description\":\"\",\"publisher\":{\"@id\":\"https:\/\/fernandadepilacao.com.br\/portal\/#organization\"},\"potentialAction\":[{\"@type\":\"SearchAction\",\"target\":{\"@type\":\"EntryPoint\",\"urlTemplate\":\"https:\/\/fernandadepilacao.com.br\/portal\/?s={search_term_string}\"},\"query-input\":\"required name=search_term_string\"}],\"inLanguage\":\"pt-BR\"},{\"@type\":\"ImageObject\",\"@id\":\"https:\/\/fernandadepilacao.com.br\/portal\/2025\/11\/doencas-de-pele-que-impedem-a-depilacao-principais-cuidados-e-riscos\/#primaryimage\",\"inLanguage\":\"pt-BR\",\"url\":\"https:\/\/fernandadepilacao.com.br\/portal\/wp-content\/uploads\/2025\/11\/20251127000130.png\",\"contentUrl\":\"https:\/\/fernandadepilacao.com.br\/portal\/wp-content\/uploads\/2025\/11\/20251127000130.png\",\"width\":500,\"height\":500},{\"@type\":\"WebPage\",\"@id\":\"https:\/\/fernandadepilacao.com.br\/portal\/2025\/11\/doencas-de-pele-que-impedem-a-depilacao-principais-cuidados-e-riscos\/#webpage\",\"url\":\"https:\/\/fernandadepilacao.com.br\/portal\/2025\/11\/doencas-de-pele-que-impedem-a-depilacao-principais-cuidados-e-riscos\/\",\"name\":\"Doen\u00e7as de Pele que Impedem a Depila\u00e7\u00e3o: Principais Cuidados e Riscos - Fernanda Depila\u00e7\u00e3o\",\"isPartOf\":{\"@id\":\"https:\/\/fernandadepilacao.com.br\/portal\/#website\"},\"primaryImageOfPage\":{\"@id\":\"https:\/\/fernandadepilacao.com.br\/portal\/2025\/11\/doencas-de-pele-que-impedem-a-depilacao-principais-cuidados-e-riscos\/#primaryimage\"},\"datePublished\":\"2025-11-27T03:01:32+00:00\",\"dateModified\":\"2025-11-27T03:01:34+00:00\",\"breadcrumb\":{\"@id\":\"https:\/\/fernandadepilacao.com.br\/portal\/2025\/11\/doencas-de-pele-que-impedem-a-depilacao-principais-cuidados-e-riscos\/#breadcrumb\"},\"inLanguage\":\"pt-BR\",\"potentialAction\":[{\"@type\":\"ReadAction\",\"target\":[\"https:\/\/fernandadepilacao.com.br\/portal\/2025\/11\/doencas-de-pele-que-impedem-a-depilacao-principais-cuidados-e-riscos\/\"]}]},{\"@type\":\"BreadcrumbList\",\"@id\":\"https:\/\/fernandadepilacao.com.br\/portal\/2025\/11\/doencas-de-pele-que-impedem-a-depilacao-principais-cuidados-e-riscos\/#breadcrumb\",\"itemListElement\":[{\"@type\":\"ListItem\",\"position\":1,\"name\":\"In\u00edcio\",\"item\":\"http:\/\/fernandadepilacao.com.br\/portal\/\"},{\"@type\":\"ListItem\",\"position\":2,\"name\":\"Doen\u00e7as de Pele que Impedem a Depila\u00e7\u00e3o: Principais Cuidados e Riscos\"}]},{\"@type\":\"Article\",\"@id\":\"https:\/\/fernandadepilacao.com.br\/portal\/2025\/11\/doencas-de-pele-que-impedem-a-depilacao-principais-cuidados-e-riscos\/#article\",\"isPartOf\":{\"@id\":\"https:\/\/fernandadepilacao.com.br\/portal\/2025\/11\/doencas-de-pele-que-impedem-a-depilacao-principais-cuidados-e-riscos\/#webpage\"},\"author\":{\"@id\":\"https:\/\/fernandadepilacao.com.br\/portal\/#\/schema\/person\/d00644c3bbfd9fd17711767a3b1abbd0\"},\"headline\":\"Doen\u00e7as de Pele que Impedem a Depila\u00e7\u00e3o: Principais Cuidados e Riscos\",\"datePublished\":\"2025-11-27T03:01:32+00:00\",\"dateModified\":\"2025-11-27T03:01:34+00:00\",\"mainEntityOfPage\":{\"@id\":\"https:\/\/fernandadepilacao.com.br\/portal\/2025\/11\/doencas-de-pele-que-impedem-a-depilacao-principais-cuidados-e-riscos\/#webpage\"},\"wordCount\":816,\"commentCount\":0,\"publisher\":{\"@id\":\"https:\/\/fernandadepilacao.com.br\/portal\/#organization\"},\"image\":{\"@id\":\"https:\/\/fernandadepilacao.com.br\/portal\/2025\/11\/doencas-de-pele-que-impedem-a-depilacao-principais-cuidados-e-riscos\/#primaryimage\"},\"thumbnailUrl\":\"https:\/\/fernandadepilacao.com.br\/portal\/wp-content\/uploads\/2025\/11\/20251127000130.png\",\"inLanguage\":\"pt-BR\",\"potentialAction\":[{\"@type\":\"CommentAction\",\"name\":\"Comment\",\"target\":[\"https:\/\/fernandadepilacao.com.br\/portal\/2025\/11\/doencas-de-pele-que-impedem-a-depilacao-principais-cuidados-e-riscos\/#respond\"]}]},{\"@type\":\"Person\",\"@id\":\"https:\/\/fernandadepilacao.com.br\/portal\/#\/schema\/person\/d00644c3bbfd9fd17711767a3b1abbd0\",\"name\":\"fernandajob\",\"image\":{\"@type\":\"ImageObject\",\"@id\":\"https:\/\/fernandadepilacao.com.br\/portal\/#personlogo\",\"inLanguage\":\"pt-BR\",\"url\":\"https:\/\/secure.gravatar.com\/avatar\/6c2268a68d69a325906fbdccd74b18e6?s=96&d=mm&r=g\",\"contentUrl\":\"https:\/\/secure.gravatar.com\/avatar\/6c2268a68d69a325906fbdccd74b18e6?s=96&d=mm&r=g\",\"caption\":\"fernandajob\"},\"sameAs\":[\"http:\/\/fernandadepilacao.com.br\/portal\"]}]}<\/script>\n<!-- \/ Yoast SEO plugin. -->","yoast_head_json":{"title":"Doen\u00e7as de Pele que Impedem a Depila\u00e7\u00e3o: Principais Cuidados e Riscos - Fernanda Depila\u00e7\u00e3o","robots":{"index":"index","follow":"follow","max-snippet":"max-snippet:-1","max-image-preview":"max-image-preview:large","max-video-preview":"max-video-preview:-1"},"canonical":"https:\/\/fernandadepilacao.com.br\/portal\/2025\/11\/doencas-de-pele-que-impedem-a-depilacao-principais-cuidados-e-riscos\/","og_locale":"pt_BR","og_type":"article","og_title":"Doen\u00e7as de Pele que Impedem a Depila\u00e7\u00e3o: Principais Cuidados e Riscos - Fernanda Depila\u00e7\u00e3o","og_description":"Condi\u00e7\u00f5es Dermatol\u00f3gicas que Impedem a Depila\u00e7\u00e3o: Tudo o Que Voc\u00ea Precisa Saber Introdu\u00e7\u00e3o A depila\u00e7\u00e3o \u00e9 um dos procedimentos est\u00e9ticos mais procurados por quem deseja manter a pele lisa, macia e livre de pelos. Seja por meio da cera, l\u00e2mina, linha ou laser, a depila\u00e7\u00e3o exige aten\u00e7\u00e3o e cuidados, especialmente quando se fala em condi\u00e7\u00f5es &hellip; Doen\u00e7as de Pele que Impedem a Depila\u00e7\u00e3o: Principais Cuidados e Riscos Leia mais &raquo;","og_url":"https:\/\/fernandadepilacao.com.br\/portal\/2025\/11\/doencas-de-pele-que-impedem-a-depilacao-principais-cuidados-e-riscos\/","og_site_name":"Fernanda Depila\u00e7\u00e3o","article_publisher":"https:\/\/www.facebook.com\/ferjobdepilacao","article_published_time":"2025-11-27T03:01:32+00:00","article_modified_time":"2025-11-27T03:01:34+00:00","twitter_card":"summary_large_image","twitter_misc":{"Escrito por":"fernandajob","Est. tempo de leitura":"4 minutos"},"schema":{"@context":"https:\/\/schema.org","@graph":[{"@type":"Organization","@id":"https:\/\/fernandadepilacao.com.br\/portal\/#organization","name":"Fernanda Depila\u00e7\u00e3o","url":"https:\/\/fernandadepilacao.com.br\/portal\/","sameAs":["https:\/\/www.facebook.com\/ferjobdepilacao","http:\/\/instagram.com\/fernanda_job"],"logo":{"@type":"ImageObject","@id":"https:\/\/fernandadepilacao.com.br\/portal\/#logo","inLanguage":"pt-BR","url":"http:\/\/fernandadepilacao.com.br\/portal\/wp-content\/uploads\/2021\/03\/logo_fernanda.png","contentUrl":"http:\/\/fernandadepilacao.com.br\/portal\/wp-content\/uploads\/2021\/03\/logo_fernanda.png","width":673,"height":688,"caption":"Fernanda Depila\u00e7\u00e3o"},"image":{"@id":"https:\/\/fernandadepilacao.com.br\/portal\/#logo"}},{"@type":"WebSite","@id":"https:\/\/fernandadepilacao.com.br\/portal\/#website","url":"https:\/\/fernandadepilacao.com.br\/portal\/","name":"Fernanda Depila\u00e7\u00e3o","description":"","publisher":{"@id":"https:\/\/fernandadepilacao.com.br\/portal\/#organization"},"potentialAction":[{"@type":"SearchAction","target":{"@type":"EntryPoint","urlTemplate":"https:\/\/fernandadepilacao.com.br\/portal\/?s={search_term_string}"},"query-input":"required name=search_term_string"}],"inLanguage":"pt-BR"},{"@type":"ImageObject","@id":"https:\/\/fernandadepilacao.com.br\/portal\/2025\/11\/doencas-de-pele-que-impedem-a-depilacao-principais-cuidados-e-riscos\/#primaryimage","inLanguage":"pt-BR","url":"https:\/\/fernandadepilacao.com.br\/portal\/wp-content\/uploads\/2025\/11\/20251127000130.png","contentUrl":"https:\/\/fernandadepilacao.com.br\/portal\/wp-content\/uploads\/2025\/11\/20251127000130.png","width":500,"height":500},{"@type":"WebPage","@id":"https:\/\/fernandadepilacao.com.br\/portal\/2025\/11\/doencas-de-pele-que-impedem-a-depilacao-principais-cuidados-e-riscos\/#webpage","url":"https:\/\/fernandadepilacao.com.br\/portal\/2025\/11\/doencas-de-pele-que-impedem-a-depilacao-principais-cuidados-e-riscos\/","name":"Doen\u00e7as de Pele que Impedem a Depila\u00e7\u00e3o: Principais Cuidados e Riscos - Fernanda Depila\u00e7\u00e3o","isPartOf":{"@id":"https:\/\/fernandadepilacao.com.br\/portal\/#website"},"primaryImageOfPage":{"@id":"https:\/\/fernandadepilacao.com.br\/portal\/2025\/11\/doencas-de-pele-que-impedem-a-depilacao-principais-cuidados-e-riscos\/#primaryimage"},"datePublished":"2025-11-27T03:01:32+00:00","dateModified":"2025-11-27T03:01:34+00:00","breadcrumb":{"@id":"https:\/\/fernandadepilacao.com.br\/portal\/2025\/11\/doencas-de-pele-que-impedem-a-depilacao-principais-cuidados-e-riscos\/#breadcrumb"},"inLanguage":"pt-BR","potentialAction":[{"@type":"ReadAction","target":["https:\/\/fernandadepilacao.com.br\/portal\/2025\/11\/doencas-de-pele-que-impedem-a-depilacao-principais-cuidados-e-riscos\/"]}]},{"@type":"BreadcrumbList","@id":"https:\/\/fernandadepilacao.com.br\/portal\/2025\/11\/doencas-de-pele-que-impedem-a-depilacao-principais-cuidados-e-riscos\/#breadcrumb","itemListElement":[{"@type":"ListItem","position":1,"name":"In\u00edcio","item":"http:\/\/fernandadepilacao.com.br\/portal\/"},{"@type":"ListItem","position":2,"name":"Doen\u00e7as de Pele que Impedem a Depila\u00e7\u00e3o: Principais Cuidados e Riscos"}]},{"@type":"Article","@id":"https:\/\/fernandadepilacao.com.br\/portal\/2025\/11\/doencas-de-pele-que-impedem-a-depilacao-principais-cuidados-e-riscos\/#article","isPartOf":{"@id":"https:\/\/fernandadepilacao.com.br\/portal\/2025\/11\/doencas-de-pele-que-impedem-a-depilacao-principais-cuidados-e-riscos\/#webpage"},"author":{"@id":"https:\/\/fernandadepilacao.com.br\/portal\/#\/schema\/person\/d00644c3bbfd9fd17711767a3b1abbd0"},"headline":"Doen\u00e7as de Pele que Impedem a Depila\u00e7\u00e3o: Principais Cuidados e Riscos","datePublished":"2025-11-27T03:01:32+00:00","dateModified":"2025-11-27T03:01:34+00:00","mainEntityOfPage":{"@id":"https:\/\/fernandadepilacao.com.br\/portal\/2025\/11\/doencas-de-pele-que-impedem-a-depilacao-principais-cuidados-e-riscos\/#webpage"},"wordCount":816,"commentCount":0,"publisher":{"@id":"https:\/\/fernandadepilacao.com.br\/portal\/#organization"},"image":{"@id":"https:\/\/fernandadepilacao.com.br\/portal\/2025\/11\/doencas-de-pele-que-impedem-a-depilacao-principais-cuidados-e-riscos\/#primaryimage"},"thumbnailUrl":"https:\/\/fernandadepilacao.com.br\/portal\/wp-content\/uploads\/2025\/11\/20251127000130.png","inLanguage":"pt-BR","potentialAction":[{"@type":"CommentAction","name":"Comment","target":["https:\/\/fernandadepilacao.com.br\/portal\/2025\/11\/doencas-de-pele-que-impedem-a-depilacao-principais-cuidados-e-riscos\/#respond"]}]},{"@type":"Person","@id":"https:\/\/fernandadepilacao.com.br\/portal\/#\/schema\/person\/d00644c3bbfd9fd17711767a3b1abbd0","name":"fernandajob","image":{"@type":"ImageObject","@id":"https:\/\/fernandadepilacao.com.br\/portal\/#personlogo","inLanguage":"pt-BR","url":"https:\/\/secure.gravatar.com\/avatar\/6c2268a68d69a325906fbdccd74b18e6?s=96&d=mm&r=g","contentUrl":"https:\/\/secure.gravatar.com\/avatar\/6c2268a68d69a325906fbdccd74b18e6?s=96&d=mm&r=g","caption":"fernandajob"},"sameAs":["http:\/\/fernandadepilacao.com.br\/portal"]}]}},"uagb_featured_image_src":{"full":["https:\/\/fernandadepilacao.com.br\/portal\/wp-content\/uploads\/2025\/11\/20251127000130.png",500,500,false],"thumbnail":["https:\/\/fernandadepilacao.com.br\/portal\/wp-content\/uploads\/2025\/11\/20251127000130-150x150.png",150,150,true],"medium":["https:\/\/fernandadepilacao.com.br\/portal\/wp-content\/uploads\/2025\/11\/20251127000130-300x300.png",300,300,true],"medium_large":["https:\/\/fernandadepilacao.com.br\/portal\/wp-content\/uploads\/2025\/11\/20251127000130.png",500,500,false],"large":["https:\/\/fernandadepilacao.com.br\/portal\/wp-content\/uploads\/2025\/11\/20251127000130.png",500,500,false],"1536x1536":["https:\/\/fernandadepilacao.com.br\/portal\/wp-content\/uploads\/2025\/11\/20251127000130.png",500,500,false],"2048x2048":["https:\/\/fernandadepilacao.com.br\/portal\/wp-content\/uploads\/2025\/11\/20251127000130.png",500,500,false]},"uagb_author_info":{"display_name":"fernandajob","author_link":"https:\/\/fernandadepilacao.com.br\/portal\/author\/fernandajob\/"},"uagb_comment_info":0,"uagb_excerpt":"Condi\u00e7\u00f5es Dermatol\u00f3gicas que Impedem a Depila\u00e7\u00e3o: Tudo o Que Voc\u00ea Precisa Saber Introdu\u00e7\u00e3o A depila\u00e7\u00e3o \u00e9 um dos procedimentos est\u00e9ticos mais procurados por quem deseja manter a pele lisa, macia e livre de pelos. Seja por meio da cera, l\u00e2mina, linha ou laser, a depila\u00e7\u00e3o exige aten\u00e7\u00e3o e cuidados, especialmente quando se fala em condi\u00e7\u00f5es&hellip;","_links":{"self":[{"href":"https:\/\/fernandadepilacao.com.br\/portal\/wp-json\/wp\/v2\/posts\/873"}],"collection":[{"href":"https:\/\/fernandadepilacao.com.br\/portal\/wp-json\/wp\/v2\/posts"}],"about":[{"href":"https:\/\/fernandadepilacao.com.br\/portal\/wp-json\/wp\/v2\/types\/post"}],"author":[{"embeddable":true,"href":"https:\/\/fernandadepilacao.com.br\/portal\/wp-json\/wp\/v2\/users\/1"}],"replies":[{"embeddable":true,"href":"https:\/\/fernandadepilacao.com.br\/portal\/wp-json\/wp\/v2\/comments?post=873"}],"version-history":[{"count":1,"href":"https:\/\/fernandadepilacao.com.br\/portal\/wp-json\/wp\/v2\/posts\/873\/revisions"}],"predecessor-version":[{"id":874,"href":"https:\/\/fernandadepilacao.com.br\/portal\/wp-json\/wp\/v2\/posts\/873\/revisions\/874"}],"wp:featuredmedia":[{"embeddable":true,"href":"https:\/\/fernandadepilacao.com.br\/portal\/wp-json\/wp\/v2\/media\/872"}],"wp:attachment":[{"href":"https:\/\/fernandadepilacao.com.br\/portal\/wp-json\/wp\/v2\/media?parent=873"}],"wp:term":[{"taxonomy":"category","embeddable":true,"href":"https:\/\/fernandadepilacao.com.br\/portal\/wp-json\/wp\/v2\/categories?post=873"},{"taxonomy":"post_tag","embeddable":true,"href":"https:\/\/fernandadepilacao.com.br\/portal\/wp-json\/wp\/v2\/tags?post=873"}],"curies":[{"name":"wp","href":"https:\/\/api.w.org\/{rel}","templated":true}]}}