{"id":870,"date":"2025-11-26T16:01:31","date_gmt":"2025-11-26T19:01:31","guid":{"rendered":"https:\/\/fernandadepilacao.com.br\/portal\/2025\/11\/diferencas-entre-clareamento-quimico-e-natural-da-pele-depilada\/"},"modified":"2025-11-26T18:00:19","modified_gmt":"2025-11-26T21:00:19","slug":"diferencas-entre-clareamento-quimico-e-natural-da-pele-depilada","status":"publish","type":"post","link":"https:\/\/fernandadepilacao.com.br\/portal\/2025\/11\/diferencas-entre-clareamento-quimico-e-natural-da-pele-depilada\/","title":{"rendered":"Diferen\u00e7as Entre Clareamento Qu\u00edmico e Natural da Pele Depilada"},"content":{"rendered":"<article>\n<header>\n<h1>Diferen\u00e7as Entre Clareamento Qu\u00edmico e Natural da Pele Depilada<\/h1>\n<p>    <meta name=\"description\" content=\"Entenda as principais diferen\u00e7as entre clareamento qu\u00edmico e clareamento natural ap\u00f3s a depila\u00e7\u00e3o, conhe\u00e7a os pr\u00f3s e contras de cada m\u00e9todo e saiba como cuidar da sua pele depilada de forma segura e eficaz.\"><br \/>\n  <\/header>\n<section>\n<h2>Por Que a Pele Depilada Pode Escurecer?<\/h2>\n<p>\u00c9 comum notar que, com o tempo, \u00e1reas frequentemente depiladas acabam apresentando manchas escuras ou hiperpigmenta\u00e7\u00e3o, especialmente na virilha, axila e bu\u00e7o. Esse escurecimento pode estar relacionado \u00e0 resposta inflamat\u00f3ria causada pela retirada repetida dos pelos, exposi\u00e7\u00e3o solar sem prote\u00e7\u00e3o, depila\u00e7\u00e3o mal executada ou at\u00e9 pelo uso de desodorantes ou produtos agressivos.<\/p>\n<p>Pensando na autoestima e conforto de quem procura pele lisinha e uniforme, muitos buscam m\u00e9todos para clarear a pele ap\u00f3s a depila\u00e7\u00e3o. Os mais comuns s\u00e3o o <strong>clareamento qu\u00edmico<\/strong> e o <strong>clareamento natural<\/strong>. Mas, afinal, qual \u00e9 a diferen\u00e7a e qual a melhor escolha para voc\u00ea?<\/p>\n<\/section>\n<section>\n<h2>O Que \u00e9 Clareamento Qu\u00edmico?<\/h2>\n<p>No <strong>clareamento qu\u00edmico<\/strong>, s\u00e3o usados produtos cosm\u00e9ticos formulados com princ\u00edpios ativos que atuam diretamente na s\u00edntese de melanina, ajudando a reduzir manchas e uniformizar o tom da pele. Entre os principais componentes desses produtos est\u00e3o:<\/p>\n<ul>\n<li><strong>\u00c1cido k\u00f3jico<\/strong><\/li>\n<li><strong>\u00c1cido glic\u00f3lico<\/strong><\/li>\n<li><strong>\u00c1cido mand\u00e9lico<\/strong><\/li>\n<li><strong>Hidroquinona<\/strong> (de uso restrito e controlado)<\/li>\n<li><strong>Vitamina C<\/strong><\/li>\n<li><strong>Niacinamida<\/strong><\/li>\n<\/ul>\n<p>Esses agentes podem ser encontrados em cremes, lo\u00e7\u00f5es ou s\u00e9runs, normalmente indicados por dermatologistas ou esteticistas experientes. O clareamento qu\u00edmico exige cuidado, pois podem causar <strong>irrita\u00e7\u00f5es<\/strong>, <strong>descama\u00e7\u00e3o<\/strong> e, em alguns casos, <strong>sensibilidade<\/strong> ao sol. \u00c9 indispens\u00e1vel o uso de protetor solar!<\/p>\n<\/section>\n<section>\n<h2>O Que \u00e9 Clareamento Natural?<\/h2>\n<p>J\u00e1 o <strong>clareamento natural<\/strong> utiliza ingredientes conhecidos popularmente por seu potencial de reduzir manchas e suavizar o tom da pele sem recorrer a compostos sint\u00e9ticos. Entre os exemplos mais comuns est\u00e3o:<\/p>\n<ul>\n<li><strong>Bicarbonato de s\u00f3dio<\/strong><\/li>\n<li><strong>Lim\u00e3o<\/strong> (requisi\u00e7\u00e3o de extremo cuidado!)<\/li>\n<li><strong>\u00d3leo de coco<\/strong><\/li>\n<li><strong>Babosa (Aloe vera)<\/strong><\/li>\n<li><strong>Mel<\/strong><\/li>\n<li><strong>Iogurte natural<\/strong><\/li>\n<li><strong>Aveia<\/strong><\/li>\n<\/ul>\n<p>Esses m\u00e9todos, quando aplicados corretamente, geralmente apresentam menor risco de rea\u00e7\u00f5es adversas, mas tamb\u00e9m costumam ter efeito mais lento e sutil. Importante ressaltar que <strong>nem todos os ingredientes naturais s\u00e3o inofensivos<\/strong>: o lim\u00e3o, por exemplo, pode causar manchas graves se houver exposi\u00e7\u00e3o solar ap\u00f3s o uso.<\/p>\n<\/section>\n<section>\n<h2>Principais Diferen\u00e7as Entre Clareamento Qu\u00edmico e Natural<\/h2>\n<table>\n<thead>\n<tr>\n<th>M\u00e9todo<\/th>\n<th>Vantagens<\/th>\n<th>Desvantagens<\/th>\n<\/tr>\n<\/thead>\n<tbody>\n<tr>\n<td>Clareamento Qu\u00edmico<\/td>\n<td>\n<ul>\n<li>Resultados mais r\u00e1pidos<\/li>\n<li>F\u00f3rmulas testadas cientificamente<\/li>\n<li>Possibilidade de tratamento personalizado<\/li>\n<\/ul>\n<\/td>\n<td>\n<ul>\n<li>Necessidade de prescri\u00e7\u00e3o e acompanhamento<\/li>\n<li>Potencial irrita\u00e7\u00e3o ou alergia<\/li>\n<li>Maior sensibilidade ao sol<\/li>\n<\/ul>\n<\/td>\n<\/tr>\n<tr>\n<td>Clareamento Natural<\/td>\n<td>\n<ul>\n<li>Baixo custo<\/li>\n<li>Menor chance de efeitos adversos<\/li>\n<li>Facilidade de acesso aos ingredientes<\/li>\n<\/ul>\n<\/td>\n<td>\n<ul>\n<li>Resultados mais lentos<\/li>\n<li>Risco de manchas se usado incorretamente (ex: lim\u00e3o + sol)<\/li>\n<li>Efetividade limitada dependendo do grau da hiperpigmenta\u00e7\u00e3o<\/li>\n<\/ul>\n<\/td>\n<\/tr>\n<\/tbody>\n<\/table>\n<\/section>\n<section>\n<h2>Cuidados Essenciais Ap\u00f3s Clarear a Pele Depilada<\/h2>\n<ol>\n<li><strong>N\u00e3o se exponha ao sol durante o tratamento<\/strong>. Sempre utilize protetor solar, inclusive em \u00e1reas cobertas.<\/li>\n<li><strong>Evite esfregar ou agredir a pele<\/strong>, principalmente ap\u00f3s procedimentos depilat\u00f3rios.<\/li>\n<li><strong>Fa\u00e7a teste de sensibilidade<\/strong> antes de usar qualquer novo produto, seja ele qu\u00edmico ou natural.<\/li>\n<li><strong>Busque orienta\u00e7\u00e3o profissional<\/strong> se as manchas forem persistentes ou se houver hist\u00f3rico de alergias.<\/li>\n<\/ol>\n<\/section>\n<section>\n<h2>Conclus\u00e3o<\/h2>\n<p>O clareamento da pele ap\u00f3s a depila\u00e7\u00e3o \u00e9 um desejo comum, especialmente para quem valoriza uma pele uniforme e saud\u00e1vel. O segredo est\u00e1 em escolher o m\u00e9todo mais adequado para o seu tipo de pele e necessidades: o clareamento qu\u00edmico costuma ser mais eficaz e r\u00e1pido, por\u00e9m requer mais cuidados; j\u00e1 o natural \u00e9 mais suave, mas serve melhor a quem busca resultados progressivos e se preocupa com poss\u00edveis efeitos colaterais.<\/p>\n<p>Sempre priorize a <strong>sa\u00fade e a integridade da sua pele<\/strong>. Consulte um profissional e entenda que cada corpo reage de forma \u00fanica \u2014 o autocuidado deve ser cont\u00ednuo e individualizado!<\/p>\n<\/section>\n<footer>\n<p><em>Palavras-chave: clareamento qu\u00edmico, clareamento natural, pele depilada, como clarear a pele ap\u00f3s depila\u00e7\u00e3o, manchas na pele depilada, cuidados p\u00f3s depila\u00e7\u00e3o.<\/em><\/p>\n<\/footer>\n<\/article>\n","protected":false},"excerpt":{"rendered":"<p>Diferen\u00e7as Entre Clareamento Qu\u00edmico e Natural da Pele Depilada Por Que a Pele Depilada Pode Escurecer? \u00c9 comum notar que, com o tempo, \u00e1reas frequentemente depiladas acabam apresentando manchas escuras ou hiperpigmenta\u00e7\u00e3o, especialmente na virilha, axila e bu\u00e7o. Esse escurecimento pode estar relacionado \u00e0 resposta inflamat\u00f3ria causada pela retirada repetida dos pelos, exposi\u00e7\u00e3o solar sem &hellip;<\/p>\n<p class=\"read-more\"> <a class=\"\" href=\"https:\/\/fernandadepilacao.com.br\/portal\/2025\/11\/diferencas-entre-clareamento-quimico-e-natural-da-pele-depilada\/\"> <span class=\"screen-reader-text\">Diferen\u00e7as Entre Clareamento Qu\u00edmico e Natural da Pele Depilada<\/span> Leia mais &raquo;<\/a><\/p>\n","protected":false},"author":1,"featured_media":869,"comment_status":"open","ping_status":"open","sticky":false,"template":"","format":"standard","meta":[],"categories":[34],"tags":[],"yoast_head":"<!-- This site is optimized with the Yoast SEO plugin v18.4.1 - https:\/\/yoast.com\/wordpress\/plugins\/seo\/ -->\n<title>Diferen\u00e7as Entre Clareamento Qu\u00edmico e Natural da Pele Depilada - Fernanda Depila\u00e7\u00e3o<\/title>\n<meta name=\"robots\" content=\"index, follow, max-snippet:-1, max-image-preview:large, max-video-preview:-1\" \/>\n<link rel=\"canonical\" href=\"https:\/\/fernandadepilacao.com.br\/portal\/2025\/11\/diferencas-entre-clareamento-quimico-e-natural-da-pele-depilada\/\" \/>\n<meta property=\"og:locale\" content=\"pt_BR\" \/>\n<meta property=\"og:type\" content=\"article\" \/>\n<meta property=\"og:title\" content=\"Diferen\u00e7as Entre Clareamento Qu\u00edmico e Natural da Pele Depilada - Fernanda Depila\u00e7\u00e3o\" \/>\n<meta property=\"og:description\" content=\"Diferen\u00e7as Entre Clareamento Qu\u00edmico e Natural da Pele Depilada Por Que a Pele Depilada Pode Escurecer? \u00c9 comum notar que, com o tempo, \u00e1reas frequentemente depiladas acabam apresentando manchas escuras ou hiperpigmenta\u00e7\u00e3o, especialmente na virilha, axila e bu\u00e7o. Esse escurecimento pode estar relacionado \u00e0 resposta inflamat\u00f3ria causada pela retirada repetida dos pelos, exposi\u00e7\u00e3o solar sem &hellip; Diferen\u00e7as Entre Clareamento Qu\u00edmico e Natural da Pele Depilada Leia mais &raquo;\" \/>\n<meta property=\"og:url\" content=\"https:\/\/fernandadepilacao.com.br\/portal\/2025\/11\/diferencas-entre-clareamento-quimico-e-natural-da-pele-depilada\/\" \/>\n<meta property=\"og:site_name\" content=\"Fernanda Depila\u00e7\u00e3o\" \/>\n<meta property=\"article:publisher\" content=\"https:\/\/www.facebook.com\/ferjobdepilacao\" \/>\n<meta property=\"article:published_time\" content=\"2025-11-26T19:01:31+00:00\" \/>\n<meta property=\"article:modified_time\" content=\"2025-11-26T21:00:19+00:00\" \/>\n<meta property=\"og:image\" content=\"https:\/\/fernandadepilacao.com.br\/portal\/wp-content\/uploads\/2025\/11\/20251126160127.png\" \/>\n\t<meta property=\"og:image:width\" content=\"500\" \/>\n\t<meta property=\"og:image:height\" content=\"500\" \/>\n\t<meta property=\"og:image:type\" content=\"image\/png\" \/>\n<meta name=\"twitter:card\" content=\"summary_large_image\" \/>\n<meta name=\"twitter:label1\" content=\"Escrito por\" \/>\n\t<meta name=\"twitter:data1\" content=\"fernandajob\" \/>\n\t<meta name=\"twitter:label2\" content=\"Est. tempo de leitura\" \/>\n\t<meta name=\"twitter:data2\" content=\"3 minutos\" \/>\n<script type=\"application\/ld+json\" class=\"yoast-schema-graph\">{\"@context\":\"https:\/\/schema.org\",\"@graph\":[{\"@type\":\"Organization\",\"@id\":\"https:\/\/fernandadepilacao.com.br\/portal\/#organization\",\"name\":\"Fernanda Depila\u00e7\u00e3o\",\"url\":\"https:\/\/fernandadepilacao.com.br\/portal\/\",\"sameAs\":[\"https:\/\/www.facebook.com\/ferjobdepilacao\",\"http:\/\/instagram.com\/fernanda_job\"],\"logo\":{\"@type\":\"ImageObject\",\"@id\":\"https:\/\/fernandadepilacao.com.br\/portal\/#logo\",\"inLanguage\":\"pt-BR\",\"url\":\"http:\/\/fernandadepilacao.com.br\/portal\/wp-content\/uploads\/2021\/03\/logo_fernanda.png\",\"contentUrl\":\"http:\/\/fernandadepilacao.com.br\/portal\/wp-content\/uploads\/2021\/03\/logo_fernanda.png\",\"width\":673,\"height\":688,\"caption\":\"Fernanda Depila\u00e7\u00e3o\"},\"image\":{\"@id\":\"https:\/\/fernandadepilacao.com.br\/portal\/#logo\"}},{\"@type\":\"WebSite\",\"@id\":\"https:\/\/fernandadepilacao.com.br\/portal\/#website\",\"url\":\"https:\/\/fernandadepilacao.com.br\/portal\/\",\"name\":\"Fernanda Depila\u00e7\u00e3o\",\"description\":\"\",\"publisher\":{\"@id\":\"https:\/\/fernandadepilacao.com.br\/portal\/#organization\"},\"potentialAction\":[{\"@type\":\"SearchAction\",\"target\":{\"@type\":\"EntryPoint\",\"urlTemplate\":\"https:\/\/fernandadepilacao.com.br\/portal\/?s={search_term_string}\"},\"query-input\":\"required name=search_term_string\"}],\"inLanguage\":\"pt-BR\"},{\"@type\":\"ImageObject\",\"@id\":\"https:\/\/fernandadepilacao.com.br\/portal\/2025\/11\/diferencas-entre-clareamento-quimico-e-natural-da-pele-depilada\/#primaryimage\",\"inLanguage\":\"pt-BR\",\"url\":\"https:\/\/fernandadepilacao.com.br\/portal\/wp-content\/uploads\/2025\/11\/20251126160127.png\",\"contentUrl\":\"https:\/\/fernandadepilacao.com.br\/portal\/wp-content\/uploads\/2025\/11\/20251126160127.png\",\"width\":500,\"height\":500},{\"@type\":\"WebPage\",\"@id\":\"https:\/\/fernandadepilacao.com.br\/portal\/2025\/11\/diferencas-entre-clareamento-quimico-e-natural-da-pele-depilada\/#webpage\",\"url\":\"https:\/\/fernandadepilacao.com.br\/portal\/2025\/11\/diferencas-entre-clareamento-quimico-e-natural-da-pele-depilada\/\",\"name\":\"Diferen\u00e7as Entre Clareamento Qu\u00edmico e Natural da Pele Depilada - Fernanda Depila\u00e7\u00e3o\",\"isPartOf\":{\"@id\":\"https:\/\/fernandadepilacao.com.br\/portal\/#website\"},\"primaryImageOfPage\":{\"@id\":\"https:\/\/fernandadepilacao.com.br\/portal\/2025\/11\/diferencas-entre-clareamento-quimico-e-natural-da-pele-depilada\/#primaryimage\"},\"datePublished\":\"2025-11-26T19:01:31+00:00\",\"dateModified\":\"2025-11-26T21:00:19+00:00\",\"breadcrumb\":{\"@id\":\"https:\/\/fernandadepilacao.com.br\/portal\/2025\/11\/diferencas-entre-clareamento-quimico-e-natural-da-pele-depilada\/#breadcrumb\"},\"inLanguage\":\"pt-BR\",\"potentialAction\":[{\"@type\":\"ReadAction\",\"target\":[\"https:\/\/fernandadepilacao.com.br\/portal\/2025\/11\/diferencas-entre-clareamento-quimico-e-natural-da-pele-depilada\/\"]}]},{\"@type\":\"BreadcrumbList\",\"@id\":\"https:\/\/fernandadepilacao.com.br\/portal\/2025\/11\/diferencas-entre-clareamento-quimico-e-natural-da-pele-depilada\/#breadcrumb\",\"itemListElement\":[{\"@type\":\"ListItem\",\"position\":1,\"name\":\"In\u00edcio\",\"item\":\"http:\/\/fernandadepilacao.com.br\/portal\/\"},{\"@type\":\"ListItem\",\"position\":2,\"name\":\"Diferen\u00e7as Entre Clareamento Qu\u00edmico e Natural da Pele Depilada\"}]},{\"@type\":\"Article\",\"@id\":\"https:\/\/fernandadepilacao.com.br\/portal\/2025\/11\/diferencas-entre-clareamento-quimico-e-natural-da-pele-depilada\/#article\",\"isPartOf\":{\"@id\":\"https:\/\/fernandadepilacao.com.br\/portal\/2025\/11\/diferencas-entre-clareamento-quimico-e-natural-da-pele-depilada\/#webpage\"},\"author\":{\"@id\":\"https:\/\/fernandadepilacao.com.br\/portal\/#\/schema\/person\/d00644c3bbfd9fd17711767a3b1abbd0\"},\"headline\":\"Diferen\u00e7as Entre Clareamento Qu\u00edmico e Natural da Pele Depilada\",\"datePublished\":\"2025-11-26T19:01:31+00:00\",\"dateModified\":\"2025-11-26T21:00:19+00:00\",\"mainEntityOfPage\":{\"@id\":\"https:\/\/fernandadepilacao.com.br\/portal\/2025\/11\/diferencas-entre-clareamento-quimico-e-natural-da-pele-depilada\/#webpage\"},\"wordCount\":640,\"commentCount\":0,\"publisher\":{\"@id\":\"https:\/\/fernandadepilacao.com.br\/portal\/#organization\"},\"image\":{\"@id\":\"https:\/\/fernandadepilacao.com.br\/portal\/2025\/11\/diferencas-entre-clareamento-quimico-e-natural-da-pele-depilada\/#primaryimage\"},\"thumbnailUrl\":\"https:\/\/fernandadepilacao.com.br\/portal\/wp-content\/uploads\/2025\/11\/20251126160127.png\",\"articleSection\":[\"Adolesc\u00eancia\"],\"inLanguage\":\"pt-BR\",\"potentialAction\":[{\"@type\":\"CommentAction\",\"name\":\"Comment\",\"target\":[\"https:\/\/fernandadepilacao.com.br\/portal\/2025\/11\/diferencas-entre-clareamento-quimico-e-natural-da-pele-depilada\/#respond\"]}]},{\"@type\":\"Person\",\"@id\":\"https:\/\/fernandadepilacao.com.br\/portal\/#\/schema\/person\/d00644c3bbfd9fd17711767a3b1abbd0\",\"name\":\"fernandajob\",\"image\":{\"@type\":\"ImageObject\",\"@id\":\"https:\/\/fernandadepilacao.com.br\/portal\/#personlogo\",\"inLanguage\":\"pt-BR\",\"url\":\"https:\/\/secure.gravatar.com\/avatar\/6c2268a68d69a325906fbdccd74b18e6?s=96&d=mm&r=g\",\"contentUrl\":\"https:\/\/secure.gravatar.com\/avatar\/6c2268a68d69a325906fbdccd74b18e6?s=96&d=mm&r=g\",\"caption\":\"fernandajob\"},\"sameAs\":[\"http:\/\/fernandadepilacao.com.br\/portal\"]}]}<\/script>\n<!-- \/ Yoast SEO plugin. -->","yoast_head_json":{"title":"Diferen\u00e7as Entre Clareamento Qu\u00edmico e Natural da Pele Depilada - Fernanda Depila\u00e7\u00e3o","robots":{"index":"index","follow":"follow","max-snippet":"max-snippet:-1","max-image-preview":"max-image-preview:large","max-video-preview":"max-video-preview:-1"},"canonical":"https:\/\/fernandadepilacao.com.br\/portal\/2025\/11\/diferencas-entre-clareamento-quimico-e-natural-da-pele-depilada\/","og_locale":"pt_BR","og_type":"article","og_title":"Diferen\u00e7as Entre Clareamento Qu\u00edmico e Natural da Pele Depilada - Fernanda Depila\u00e7\u00e3o","og_description":"Diferen\u00e7as Entre Clareamento Qu\u00edmico e Natural da Pele Depilada Por Que a Pele Depilada Pode Escurecer? \u00c9 comum notar que, com o tempo, \u00e1reas frequentemente depiladas acabam apresentando manchas escuras ou hiperpigmenta\u00e7\u00e3o, especialmente na virilha, axila e bu\u00e7o. Esse escurecimento pode estar relacionado \u00e0 resposta inflamat\u00f3ria causada pela retirada repetida dos pelos, exposi\u00e7\u00e3o solar sem &hellip; Diferen\u00e7as Entre Clareamento Qu\u00edmico e Natural da Pele Depilada Leia mais &raquo;","og_url":"https:\/\/fernandadepilacao.com.br\/portal\/2025\/11\/diferencas-entre-clareamento-quimico-e-natural-da-pele-depilada\/","og_site_name":"Fernanda Depila\u00e7\u00e3o","article_publisher":"https:\/\/www.facebook.com\/ferjobdepilacao","article_published_time":"2025-11-26T19:01:31+00:00","article_modified_time":"2025-11-26T21:00:19+00:00","og_image":[{"width":500,"height":500,"url":"https:\/\/fernandadepilacao.com.br\/portal\/wp-content\/uploads\/2025\/11\/20251126160127.png","type":"image\/png"}],"twitter_card":"summary_large_image","twitter_misc":{"Escrito por":"fernandajob","Est. tempo de leitura":"3 minutos"},"schema":{"@context":"https:\/\/schema.org","@graph":[{"@type":"Organization","@id":"https:\/\/fernandadepilacao.com.br\/portal\/#organization","name":"Fernanda Depila\u00e7\u00e3o","url":"https:\/\/fernandadepilacao.com.br\/portal\/","sameAs":["https:\/\/www.facebook.com\/ferjobdepilacao","http:\/\/instagram.com\/fernanda_job"],"logo":{"@type":"ImageObject","@id":"https:\/\/fernandadepilacao.com.br\/portal\/#logo","inLanguage":"pt-BR","url":"http:\/\/fernandadepilacao.com.br\/portal\/wp-content\/uploads\/2021\/03\/logo_fernanda.png","contentUrl":"http:\/\/fernandadepilacao.com.br\/portal\/wp-content\/uploads\/2021\/03\/logo_fernanda.png","width":673,"height":688,"caption":"Fernanda Depila\u00e7\u00e3o"},"image":{"@id":"https:\/\/fernandadepilacao.com.br\/portal\/#logo"}},{"@type":"WebSite","@id":"https:\/\/fernandadepilacao.com.br\/portal\/#website","url":"https:\/\/fernandadepilacao.com.br\/portal\/","name":"Fernanda Depila\u00e7\u00e3o","description":"","publisher":{"@id":"https:\/\/fernandadepilacao.com.br\/portal\/#organization"},"potentialAction":[{"@type":"SearchAction","target":{"@type":"EntryPoint","urlTemplate":"https:\/\/fernandadepilacao.com.br\/portal\/?s={search_term_string}"},"query-input":"required name=search_term_string"}],"inLanguage":"pt-BR"},{"@type":"ImageObject","@id":"https:\/\/fernandadepilacao.com.br\/portal\/2025\/11\/diferencas-entre-clareamento-quimico-e-natural-da-pele-depilada\/#primaryimage","inLanguage":"pt-BR","url":"https:\/\/fernandadepilacao.com.br\/portal\/wp-content\/uploads\/2025\/11\/20251126160127.png","contentUrl":"https:\/\/fernandadepilacao.com.br\/portal\/wp-content\/uploads\/2025\/11\/20251126160127.png","width":500,"height":500},{"@type":"WebPage","@id":"https:\/\/fernandadepilacao.com.br\/portal\/2025\/11\/diferencas-entre-clareamento-quimico-e-natural-da-pele-depilada\/#webpage","url":"https:\/\/fernandadepilacao.com.br\/portal\/2025\/11\/diferencas-entre-clareamento-quimico-e-natural-da-pele-depilada\/","name":"Diferen\u00e7as Entre Clareamento Qu\u00edmico e Natural da Pele Depilada - Fernanda Depila\u00e7\u00e3o","isPartOf":{"@id":"https:\/\/fernandadepilacao.com.br\/portal\/#website"},"primaryImageOfPage":{"@id":"https:\/\/fernandadepilacao.com.br\/portal\/2025\/11\/diferencas-entre-clareamento-quimico-e-natural-da-pele-depilada\/#primaryimage"},"datePublished":"2025-11-26T19:01:31+00:00","dateModified":"2025-11-26T21:00:19+00:00","breadcrumb":{"@id":"https:\/\/fernandadepilacao.com.br\/portal\/2025\/11\/diferencas-entre-clareamento-quimico-e-natural-da-pele-depilada\/#breadcrumb"},"inLanguage":"pt-BR","potentialAction":[{"@type":"ReadAction","target":["https:\/\/fernandadepilacao.com.br\/portal\/2025\/11\/diferencas-entre-clareamento-quimico-e-natural-da-pele-depilada\/"]}]},{"@type":"BreadcrumbList","@id":"https:\/\/fernandadepilacao.com.br\/portal\/2025\/11\/diferencas-entre-clareamento-quimico-e-natural-da-pele-depilada\/#breadcrumb","itemListElement":[{"@type":"ListItem","position":1,"name":"In\u00edcio","item":"http:\/\/fernandadepilacao.com.br\/portal\/"},{"@type":"ListItem","position":2,"name":"Diferen\u00e7as Entre Clareamento Qu\u00edmico e Natural da Pele Depilada"}]},{"@type":"Article","@id":"https:\/\/fernandadepilacao.com.br\/portal\/2025\/11\/diferencas-entre-clareamento-quimico-e-natural-da-pele-depilada\/#article","isPartOf":{"@id":"https:\/\/fernandadepilacao.com.br\/portal\/2025\/11\/diferencas-entre-clareamento-quimico-e-natural-da-pele-depilada\/#webpage"},"author":{"@id":"https:\/\/fernandadepilacao.com.br\/portal\/#\/schema\/person\/d00644c3bbfd9fd17711767a3b1abbd0"},"headline":"Diferen\u00e7as Entre Clareamento Qu\u00edmico e Natural da Pele Depilada","datePublished":"2025-11-26T19:01:31+00:00","dateModified":"2025-11-26T21:00:19+00:00","mainEntityOfPage":{"@id":"https:\/\/fernandadepilacao.com.br\/portal\/2025\/11\/diferencas-entre-clareamento-quimico-e-natural-da-pele-depilada\/#webpage"},"wordCount":640,"commentCount":0,"publisher":{"@id":"https:\/\/fernandadepilacao.com.br\/portal\/#organization"},"image":{"@id":"https:\/\/fernandadepilacao.com.br\/portal\/2025\/11\/diferencas-entre-clareamento-quimico-e-natural-da-pele-depilada\/#primaryimage"},"thumbnailUrl":"https:\/\/fernandadepilacao.com.br\/portal\/wp-content\/uploads\/2025\/11\/20251126160127.png","articleSection":["Adolesc\u00eancia"],"inLanguage":"pt-BR","potentialAction":[{"@type":"CommentAction","name":"Comment","target":["https:\/\/fernandadepilacao.com.br\/portal\/2025\/11\/diferencas-entre-clareamento-quimico-e-natural-da-pele-depilada\/#respond"]}]},{"@type":"Person","@id":"https:\/\/fernandadepilacao.com.br\/portal\/#\/schema\/person\/d00644c3bbfd9fd17711767a3b1abbd0","name":"fernandajob","image":{"@type":"ImageObject","@id":"https:\/\/fernandadepilacao.com.br\/portal\/#personlogo","inLanguage":"pt-BR","url":"https:\/\/secure.gravatar.com\/avatar\/6c2268a68d69a325906fbdccd74b18e6?s=96&d=mm&r=g","contentUrl":"https:\/\/secure.gravatar.com\/avatar\/6c2268a68d69a325906fbdccd74b18e6?s=96&d=mm&r=g","caption":"fernandajob"},"sameAs":["http:\/\/fernandadepilacao.com.br\/portal"]}]}},"uagb_featured_image_src":{"full":["https:\/\/fernandadepilacao.com.br\/portal\/wp-content\/uploads\/2025\/11\/20251126160127.png",500,500,false],"thumbnail":["https:\/\/fernandadepilacao.com.br\/portal\/wp-content\/uploads\/2025\/11\/20251126160127-150x150.png",150,150,true],"medium":["https:\/\/fernandadepilacao.com.br\/portal\/wp-content\/uploads\/2025\/11\/20251126160127-300x300.png",300,300,true],"medium_large":["https:\/\/fernandadepilacao.com.br\/portal\/wp-content\/uploads\/2025\/11\/20251126160127.png",500,500,false],"large":["https:\/\/fernandadepilacao.com.br\/portal\/wp-content\/uploads\/2025\/11\/20251126160127.png",500,500,false],"1536x1536":["https:\/\/fernandadepilacao.com.br\/portal\/wp-content\/uploads\/2025\/11\/20251126160127.png",500,500,false],"2048x2048":["https:\/\/fernandadepilacao.com.br\/portal\/wp-content\/uploads\/2025\/11\/20251126160127.png",500,500,false]},"uagb_author_info":{"display_name":"fernandajob","author_link":"https:\/\/fernandadepilacao.com.br\/portal\/author\/fernandajob\/"},"uagb_comment_info":0,"uagb_excerpt":"Diferen\u00e7as Entre Clareamento Qu\u00edmico e Natural da Pele Depilada Por Que a Pele Depilada Pode Escurecer? \u00c9 comum notar que, com o tempo, \u00e1reas frequentemente depiladas acabam apresentando manchas escuras ou hiperpigmenta\u00e7\u00e3o, especialmente na virilha, axila e bu\u00e7o. Esse escurecimento pode estar relacionado \u00e0 resposta inflamat\u00f3ria causada pela retirada repetida dos pelos, exposi\u00e7\u00e3o solar sem&hellip;","_links":{"self":[{"href":"https:\/\/fernandadepilacao.com.br\/portal\/wp-json\/wp\/v2\/posts\/870"}],"collection":[{"href":"https:\/\/fernandadepilacao.com.br\/portal\/wp-json\/wp\/v2\/posts"}],"about":[{"href":"https:\/\/fernandadepilacao.com.br\/portal\/wp-json\/wp\/v2\/types\/post"}],"author":[{"embeddable":true,"href":"https:\/\/fernandadepilacao.com.br\/portal\/wp-json\/wp\/v2\/users\/1"}],"replies":[{"embeddable":true,"href":"https:\/\/fernandadepilacao.com.br\/portal\/wp-json\/wp\/v2\/comments?post=870"}],"version-history":[{"count":1,"href":"https:\/\/fernandadepilacao.com.br\/portal\/wp-json\/wp\/v2\/posts\/870\/revisions"}],"predecessor-version":[{"id":871,"href":"https:\/\/fernandadepilacao.com.br\/portal\/wp-json\/wp\/v2\/posts\/870\/revisions\/871"}],"wp:featuredmedia":[{"embeddable":true,"href":"https:\/\/fernandadepilacao.com.br\/portal\/wp-json\/wp\/v2\/media\/869"}],"wp:attachment":[{"href":"https:\/\/fernandadepilacao.com.br\/portal\/wp-json\/wp\/v2\/media?parent=870"}],"wp:term":[{"taxonomy":"category","embeddable":true,"href":"https:\/\/fernandadepilacao.com.br\/portal\/wp-json\/wp\/v2\/categories?post=870"},{"taxonomy":"post_tag","embeddable":true,"href":"https:\/\/fernandadepilacao.com.br\/portal\/wp-json\/wp\/v2\/tags?post=870"}],"curies":[{"name":"wp","href":"https:\/\/api.w.org\/{rel}","templated":true}]}}