{"id":864,"date":"2025-11-26T08:01:43","date_gmt":"2025-11-26T11:01:43","guid":{"rendered":"https:\/\/fernandadepilacao.com.br\/portal\/2025\/11\/guia-completo-protocolos-esteticos-combinados-depilacao-clareamento\/"},"modified":"2025-11-26T08:01:44","modified_gmt":"2025-11-26T11:01:44","slug":"guia-completo-protocolos-esteticos-combinados-depilacao-clareamento","status":"publish","type":"post","link":"https:\/\/fernandadepilacao.com.br\/portal\/2025\/11\/guia-completo-protocolos-esteticos-combinados-depilacao-clareamento\/","title":{"rendered":"Guia Completo: Protocolos Est\u00e9ticos Combinados para Depila\u00e7\u00e3o e Clareamento"},"content":{"rendered":"<article>\n<header>\n<h1>Protocolos Est\u00e9ticos Combinados para Depila\u00e7\u00e3o e Clareamento: Tudo o Que Voc\u00ea Precisa Saber<\/h1>\n<p>    <meta name=\"description\" content=\"Descubra como os protocolos est\u00e9ticos combinados otimizam os resultados da depila\u00e7\u00e3o e do clareamento de pele. Saiba as melhores t\u00e9cnicas, benef\u00edcios e os cuidados essenciais para uma pele lisinha e radiante.\" \/><br \/>\n  <\/header>\n<section>\n<h2>O Que S\u00e3o Protocolos Est\u00e9ticos Combinados?<\/h2>\n<p>\n      Nos \u00faltimos anos, a busca por <strong>resultados mais r\u00e1pidos e eficazes<\/strong> nos tratamentos de beleza vem crescendo cada vez mais. Dentro desse contexto, surgem os <strong>protocolos est\u00e9ticos combinados<\/strong>: a uni\u00e3o de diferentes t\u00e9cnicas e procedimentos para potencializar benef\u00edcios e garantir uma pele mais saud\u00e1vel, lisa e uniforme.<\/p>\n<p>      Quando falamos em <b>depila\u00e7\u00e3o e clareamento<\/b> de regi\u00f5es sens\u00edveis do corpo, essa abordagem ganha destaque, pois oferece resultados superiores aos procedimentos realizados isoladamente, al\u00e9m de cuidar profundamente do bem-estar da pele.\n    <\/p>\n<\/section>\n<section>\n<h2>Benef\u00edcios dos Protocolos Combinados para Depila\u00e7\u00e3o e Clareamento<\/h2>\n<ul>\n<li>Redu\u00e7\u00e3o mais eficiente dos <strong>p\u00ealos indesejados<\/strong>;<\/li>\n<li>Clareamento gradual de \u00e1reas escurecidas, como axilas e virilha;<\/li>\n<li>Menor incid\u00eancia de <strong>foliculite<\/strong> e manchas ap\u00f3s a depila\u00e7\u00e3o;<\/li>\n<li>Pele mais macia, hidratada e livre de imperfei\u00e7\u00f5es;<\/li>\n<li>Melhora significativa da <strong>autoestima<\/strong> e do conforto;<\/li>\n<li>Resultados vis\u00edveis j\u00e1 nas primeiras sess\u00f5es.<\/li>\n<\/ul>\n<\/section>\n<section>\n<h2>Como Funciona a Combina\u00e7\u00e3o de Protocolos Est\u00e9ticos?<\/h2>\n<p>O primeiro passo \u00e9 entender o tipo de pele, a presen\u00e7a de manchas escurecidas e o hist\u00f3rico de procedimentos anteriores da cliente. <strong>Personaliza\u00e7\u00e3o<\/strong> \u00e9 essencial para garantir seguran\u00e7a e resultados duradouros.<\/p>\n<p>Entre as <b>t\u00e9cnicas mais comuns associadas<\/b> est\u00e3o:<\/p>\n<h3>1. Depila\u00e7\u00e3o com Luz Pulsada ou Laser<\/h3>\n<p>A remo\u00e7\u00e3o dos pelos por <strong>luz pulsada intensa (IPL)<\/strong> ou <strong>laser<\/strong> \u00e9 uma alternativa mais duradoura do que m\u00e9todos como cera ou l\u00e2mina. Esses procedimentos atuam diretamente no fol\u00edculo piloso, enfraquecendo gradativamente o pelo.<br \/>Al\u00e9m de eliminar os pelos, esses m\u00e9todos contribuem para o clareamento gra\u00e7as \u00e0 renova\u00e7\u00e3o celular estimulada pelo calor controlado.<\/p>\n<h3>2. Clareamento com Peeling Qu\u00edmico<\/h3>\n<p>O <strong>peeling qu\u00edmico<\/strong> \u00e9 um procedimento que utiliza \u00e1cidos espec\u00edficos, como \u00e1cido glic\u00f3lico ou mand\u00e9lico, para esfoliar suavemente a camada superficial da pele. Isso ajuda a eliminar c\u00e9lulas mortas, uniformizar o tom e suavizar \u00e1reas escurecidas, muito comuns ap\u00f3s depila\u00e7\u00f5es repetidas e agress\u00f5es cotidianas.<\/p>\n<h3>3. Associa\u00e7\u00f5es com Dermocosm\u00e9ticos Clareadores<\/h3>\n<p>Ap\u00f3s a depila\u00e7\u00e3o, a utiliza\u00e7\u00e3o de <strong>produtos clareadores<\/strong> com ativos como niacinamida, arbutin ou vitamina C complementa o tratamento. Esses produtos atuam nos melan\u00f3citos, reduzindo a produ\u00e7\u00e3o de melanina e prevenindo a forma\u00e7\u00e3o de novas manchas.<\/p>\n<h3>4. Hidrata\u00e7\u00e3o Profunda<\/h3>\n<p>Hidratar profundamente a pele com lo\u00e7\u00f5es e cremes calmantes, \u00e0 base de aloe vera, cal\u00eandula ou pantenol, \u00e9 indispens\u00e1vel para restaurar a barreira cut\u00e2nea, evitar irrita\u00e7\u00f5es e potencializar o <strong>efeito iluminador<\/strong> do tratamento combinado.<\/p>\n<\/section>\n<section>\n<h2>Cuidados Essenciais Antes, Durante e Depois das Sess\u00f5es<\/h2>\n<ol>\n<li><b>Evite exposi\u00e7\u00e3o solar:<\/b> O sol pode agravar o escurecimento ou causar manchas ap\u00f3s procedimentos.<\/li>\n<li><b>N\u00e3o use l\u00e2minas ou m\u00e9todos agressivos entre as sess\u00f5es:<\/b> Prefira m\u00e9todos indicados pelo profissional.<\/li>\n<li><b>Hidrate a pele diariamente:<\/b> Uma pele hidratada responde melhor aos tratamentos.<\/li>\n<li><b>Use <strong>protetor solar<\/strong> sempre:<\/b> Isso previne manchas e envelhecimento precoce.<\/li>\n<li><b>Respeite o intervalo recomendado entre as sess\u00f5es:<\/b> Cada protocolo possui um tempo ideal para recupera\u00e7\u00e3o e melhores resultados.<\/li>\n<\/ol>\n<\/section>\n<section>\n<h2>Indica\u00e7\u00f5es e Contraindica\u00e7\u00f5es dos Protocolos Combinados<\/h2>\n<p>Os protocolos combinados s\u00e3o altamente <strong>indicados<\/strong> para pessoas que desejam clarear axilas, virilha, bu\u00e7o e outras \u00e1reas afetadas por escurecimento ap\u00f3s depila\u00e7\u00e3o, ou que buscam uma depila\u00e7\u00e3o mais eficaz e duradoura.<\/p>\n<p>    <strong>Contraindicado<\/strong> para peles sens\u00edveis com dermatites ativas, gestantes ou pessoas em tratamento com \u00e1cidos fortes sem acompanhamento profissional. \u00c9 fundamental passar por avalia\u00e7\u00e3o individualizada antes de iniciar.<\/p>\n<\/section>\n<section>\n<h2>D\u00favidas Frequentes (FAQ)<\/h2>\n<ul>\n<li><strong>Quantas sess\u00f5es s\u00e3o necess\u00e1rias?<\/strong> Normalmente, s\u00e3o recomendadas de 4 a 8 sess\u00f5es, dependendo do caso.<\/li>\n<li><strong>O procedimento d\u00f3i?<\/strong> Sensa\u00e7\u00f5es de ardor suave ou calor podem ocorrer, mas s\u00e3o toler\u00e1veis e moment\u00e2neas.<\/li>\n<li><strong>Os resultados s\u00e3o permanentes?<\/strong> Os resultados s\u00e3o prolongados, mas a manuten\u00e7\u00e3o deve ser feita conforme orienta\u00e7\u00e3o.<\/li>\n<li><strong>Posso me depilar em casa durante o protocolo?<\/strong> Sempre siga as instru\u00e7\u00f5es do seu profissional para garantir a efic\u00e1cia.<\/li>\n<\/ul>\n<\/section>\n<section>\n<h2>Considera\u00e7\u00f5es Finais<\/h2>\n<p>Optar por protocolos est\u00e9ticos combinados de <b>depila\u00e7\u00e3o e clareamento<\/b> \u00e9 investir em <strong>sa\u00fade, beleza e autoestima<\/strong>. Com tecnologia, produtos adequados e acompanhamento profissional, \u00e9 poss\u00edvel conquistar a pele lisinha, sem manchas e cheia de vi\u00e7o que voc\u00ea sempre sonhou.<\/p>\n<p>    Busque sempre um centro est\u00e9tico especializado e garanta o tratamento personalizado para o seu tipo de pele. Assim, os benef\u00edcios ser\u00e3o potencializados, e poss\u00edveis riscos, minimizados.<\/p>\n<p>    Para tirar d\u00favidas e agendar avalia\u00e7\u00e3o, entre em contato com uma cl\u00ednica de est\u00e9tica de confian\u00e7a e d\u00ea o primeiro passo para se sentir ainda mais linda, segura e confort\u00e1vel!<\/p>\n<\/section>\n<footer>\n<p><small>Palavras-chave: depila\u00e7\u00e3o, clareamento de pele, protocolos est\u00e9ticos, clareamento de axilas, clareamento de virilha, peeling, luz pulsada, cuidados p\u00f3s-depila\u00e7\u00e3o, est\u00e9tica combinada<\/small><\/p>\n<\/footer>\n<\/article>\n","protected":false},"excerpt":{"rendered":"<p>Protocolos Est\u00e9ticos Combinados para Depila\u00e7\u00e3o e Clareamento: Tudo o Que Voc\u00ea Precisa Saber O Que S\u00e3o Protocolos Est\u00e9ticos Combinados? Nos \u00faltimos anos, a busca por resultados mais r\u00e1pidos e eficazes nos tratamentos de beleza vem crescendo cada vez mais. Dentro desse contexto, surgem os protocolos est\u00e9ticos combinados: a uni\u00e3o de diferentes t\u00e9cnicas e procedimentos para &hellip;<\/p>\n<p class=\"read-more\"> <a class=\"\" href=\"https:\/\/fernandadepilacao.com.br\/portal\/2025\/11\/guia-completo-protocolos-esteticos-combinados-depilacao-clareamento\/\"> <span class=\"screen-reader-text\">Guia Completo: Protocolos Est\u00e9ticos Combinados para Depila\u00e7\u00e3o e Clareamento<\/span> Leia mais &raquo;<\/a><\/p>\n","protected":false},"author":1,"featured_media":863,"comment_status":"open","ping_status":"open","sticky":false,"template":"","format":"standard","meta":[],"categories":[1],"tags":[],"yoast_head":"<!-- This site is optimized with the Yoast SEO plugin v18.4.1 - https:\/\/yoast.com\/wordpress\/plugins\/seo\/ -->\n<title>Guia Completo: Protocolos Est\u00e9ticos Combinados para Depila\u00e7\u00e3o e Clareamento - Fernanda Depila\u00e7\u00e3o<\/title>\n<meta name=\"robots\" content=\"index, follow, max-snippet:-1, max-image-preview:large, max-video-preview:-1\" \/>\n<link rel=\"canonical\" href=\"https:\/\/fernandadepilacao.com.br\/portal\/2025\/11\/guia-completo-protocolos-esteticos-combinados-depilacao-clareamento\/\" \/>\n<meta property=\"og:locale\" content=\"pt_BR\" \/>\n<meta property=\"og:type\" content=\"article\" \/>\n<meta property=\"og:title\" content=\"Guia Completo: Protocolos Est\u00e9ticos Combinados para Depila\u00e7\u00e3o e Clareamento - Fernanda Depila\u00e7\u00e3o\" \/>\n<meta property=\"og:description\" content=\"Protocolos Est\u00e9ticos Combinados para Depila\u00e7\u00e3o e Clareamento: Tudo o Que Voc\u00ea Precisa Saber O Que S\u00e3o Protocolos Est\u00e9ticos Combinados? Nos \u00faltimos anos, a busca por resultados mais r\u00e1pidos e eficazes nos tratamentos de beleza vem crescendo cada vez mais. Dentro desse contexto, surgem os protocolos est\u00e9ticos combinados: a uni\u00e3o de diferentes t\u00e9cnicas e procedimentos para &hellip; Guia Completo: Protocolos Est\u00e9ticos Combinados para Depila\u00e7\u00e3o e Clareamento Leia mais &raquo;\" \/>\n<meta property=\"og:url\" content=\"https:\/\/fernandadepilacao.com.br\/portal\/2025\/11\/guia-completo-protocolos-esteticos-combinados-depilacao-clareamento\/\" \/>\n<meta property=\"og:site_name\" content=\"Fernanda Depila\u00e7\u00e3o\" \/>\n<meta property=\"article:publisher\" content=\"https:\/\/www.facebook.com\/ferjobdepilacao\" \/>\n<meta property=\"article:published_time\" content=\"2025-11-26T11:01:43+00:00\" \/>\n<meta property=\"article:modified_time\" content=\"2025-11-26T11:01:44+00:00\" \/>\n<meta name=\"twitter:card\" content=\"summary_large_image\" \/>\n<meta name=\"twitter:label1\" content=\"Escrito por\" \/>\n\t<meta name=\"twitter:data1\" content=\"fernandajob\" \/>\n\t<meta name=\"twitter:label2\" content=\"Est. tempo de leitura\" \/>\n\t<meta name=\"twitter:data2\" content=\"4 minutos\" \/>\n<script type=\"application\/ld+json\" class=\"yoast-schema-graph\">{\"@context\":\"https:\/\/schema.org\",\"@graph\":[{\"@type\":\"Organization\",\"@id\":\"https:\/\/fernandadepilacao.com.br\/portal\/#organization\",\"name\":\"Fernanda Depila\u00e7\u00e3o\",\"url\":\"https:\/\/fernandadepilacao.com.br\/portal\/\",\"sameAs\":[\"https:\/\/www.facebook.com\/ferjobdepilacao\",\"http:\/\/instagram.com\/fernanda_job\"],\"logo\":{\"@type\":\"ImageObject\",\"@id\":\"https:\/\/fernandadepilacao.com.br\/portal\/#logo\",\"inLanguage\":\"pt-BR\",\"url\":\"http:\/\/fernandadepilacao.com.br\/portal\/wp-content\/uploads\/2021\/03\/logo_fernanda.png\",\"contentUrl\":\"http:\/\/fernandadepilacao.com.br\/portal\/wp-content\/uploads\/2021\/03\/logo_fernanda.png\",\"width\":673,\"height\":688,\"caption\":\"Fernanda Depila\u00e7\u00e3o\"},\"image\":{\"@id\":\"https:\/\/fernandadepilacao.com.br\/portal\/#logo\"}},{\"@type\":\"WebSite\",\"@id\":\"https:\/\/fernandadepilacao.com.br\/portal\/#website\",\"url\":\"https:\/\/fernandadepilacao.com.br\/portal\/\",\"name\":\"Fernanda Depila\u00e7\u00e3o\",\"description\":\"\",\"publisher\":{\"@id\":\"https:\/\/fernandadepilacao.com.br\/portal\/#organization\"},\"potentialAction\":[{\"@type\":\"SearchAction\",\"target\":{\"@type\":\"EntryPoint\",\"urlTemplate\":\"https:\/\/fernandadepilacao.com.br\/portal\/?s={search_term_string}\"},\"query-input\":\"required name=search_term_string\"}],\"inLanguage\":\"pt-BR\"},{\"@type\":\"ImageObject\",\"@id\":\"https:\/\/fernandadepilacao.com.br\/portal\/2025\/11\/guia-completo-protocolos-esteticos-combinados-depilacao-clareamento\/#primaryimage\",\"inLanguage\":\"pt-BR\",\"url\":\"https:\/\/fernandadepilacao.com.br\/portal\/wp-content\/uploads\/2025\/11\/20251126080141.png\",\"contentUrl\":\"https:\/\/fernandadepilacao.com.br\/portal\/wp-content\/uploads\/2025\/11\/20251126080141.png\",\"width\":500,\"height\":500},{\"@type\":\"WebPage\",\"@id\":\"https:\/\/fernandadepilacao.com.br\/portal\/2025\/11\/guia-completo-protocolos-esteticos-combinados-depilacao-clareamento\/#webpage\",\"url\":\"https:\/\/fernandadepilacao.com.br\/portal\/2025\/11\/guia-completo-protocolos-esteticos-combinados-depilacao-clareamento\/\",\"name\":\"Guia Completo: Protocolos Est\u00e9ticos Combinados para Depila\u00e7\u00e3o e Clareamento - Fernanda Depila\u00e7\u00e3o\",\"isPartOf\":{\"@id\":\"https:\/\/fernandadepilacao.com.br\/portal\/#website\"},\"primaryImageOfPage\":{\"@id\":\"https:\/\/fernandadepilacao.com.br\/portal\/2025\/11\/guia-completo-protocolos-esteticos-combinados-depilacao-clareamento\/#primaryimage\"},\"datePublished\":\"2025-11-26T11:01:43+00:00\",\"dateModified\":\"2025-11-26T11:01:44+00:00\",\"breadcrumb\":{\"@id\":\"https:\/\/fernandadepilacao.com.br\/portal\/2025\/11\/guia-completo-protocolos-esteticos-combinados-depilacao-clareamento\/#breadcrumb\"},\"inLanguage\":\"pt-BR\",\"potentialAction\":[{\"@type\":\"ReadAction\",\"target\":[\"https:\/\/fernandadepilacao.com.br\/portal\/2025\/11\/guia-completo-protocolos-esteticos-combinados-depilacao-clareamento\/\"]}]},{\"@type\":\"BreadcrumbList\",\"@id\":\"https:\/\/fernandadepilacao.com.br\/portal\/2025\/11\/guia-completo-protocolos-esteticos-combinados-depilacao-clareamento\/#breadcrumb\",\"itemListElement\":[{\"@type\":\"ListItem\",\"position\":1,\"name\":\"In\u00edcio\",\"item\":\"http:\/\/fernandadepilacao.com.br\/portal\/\"},{\"@type\":\"ListItem\",\"position\":2,\"name\":\"Guia Completo: Protocolos Est\u00e9ticos Combinados para Depila\u00e7\u00e3o e Clareamento\"}]},{\"@type\":\"Article\",\"@id\":\"https:\/\/fernandadepilacao.com.br\/portal\/2025\/11\/guia-completo-protocolos-esteticos-combinados-depilacao-clareamento\/#article\",\"isPartOf\":{\"@id\":\"https:\/\/fernandadepilacao.com.br\/portal\/2025\/11\/guia-completo-protocolos-esteticos-combinados-depilacao-clareamento\/#webpage\"},\"author\":{\"@id\":\"https:\/\/fernandadepilacao.com.br\/portal\/#\/schema\/person\/d00644c3bbfd9fd17711767a3b1abbd0\"},\"headline\":\"Guia Completo: Protocolos Est\u00e9ticos Combinados para Depila\u00e7\u00e3o e Clareamento\",\"datePublished\":\"2025-11-26T11:01:43+00:00\",\"dateModified\":\"2025-11-26T11:01:44+00:00\",\"mainEntityOfPage\":{\"@id\":\"https:\/\/fernandadepilacao.com.br\/portal\/2025\/11\/guia-completo-protocolos-esteticos-combinados-depilacao-clareamento\/#webpage\"},\"wordCount\":823,\"commentCount\":0,\"publisher\":{\"@id\":\"https:\/\/fernandadepilacao.com.br\/portal\/#organization\"},\"image\":{\"@id\":\"https:\/\/fernandadepilacao.com.br\/portal\/2025\/11\/guia-completo-protocolos-esteticos-combinados-depilacao-clareamento\/#primaryimage\"},\"thumbnailUrl\":\"https:\/\/fernandadepilacao.com.br\/portal\/wp-content\/uploads\/2025\/11\/20251126080141.png\",\"inLanguage\":\"pt-BR\",\"potentialAction\":[{\"@type\":\"CommentAction\",\"name\":\"Comment\",\"target\":[\"https:\/\/fernandadepilacao.com.br\/portal\/2025\/11\/guia-completo-protocolos-esteticos-combinados-depilacao-clareamento\/#respond\"]}]},{\"@type\":\"Person\",\"@id\":\"https:\/\/fernandadepilacao.com.br\/portal\/#\/schema\/person\/d00644c3bbfd9fd17711767a3b1abbd0\",\"name\":\"fernandajob\",\"image\":{\"@type\":\"ImageObject\",\"@id\":\"https:\/\/fernandadepilacao.com.br\/portal\/#personlogo\",\"inLanguage\":\"pt-BR\",\"url\":\"https:\/\/secure.gravatar.com\/avatar\/6c2268a68d69a325906fbdccd74b18e6?s=96&d=mm&r=g\",\"contentUrl\":\"https:\/\/secure.gravatar.com\/avatar\/6c2268a68d69a325906fbdccd74b18e6?s=96&d=mm&r=g\",\"caption\":\"fernandajob\"},\"sameAs\":[\"http:\/\/fernandadepilacao.com.br\/portal\"]}]}<\/script>\n<!-- \/ Yoast SEO plugin. -->","yoast_head_json":{"title":"Guia Completo: Protocolos Est\u00e9ticos Combinados para Depila\u00e7\u00e3o e Clareamento - Fernanda Depila\u00e7\u00e3o","robots":{"index":"index","follow":"follow","max-snippet":"max-snippet:-1","max-image-preview":"max-image-preview:large","max-video-preview":"max-video-preview:-1"},"canonical":"https:\/\/fernandadepilacao.com.br\/portal\/2025\/11\/guia-completo-protocolos-esteticos-combinados-depilacao-clareamento\/","og_locale":"pt_BR","og_type":"article","og_title":"Guia Completo: Protocolos Est\u00e9ticos Combinados para Depila\u00e7\u00e3o e Clareamento - Fernanda Depila\u00e7\u00e3o","og_description":"Protocolos Est\u00e9ticos Combinados para Depila\u00e7\u00e3o e Clareamento: Tudo o Que Voc\u00ea Precisa Saber O Que S\u00e3o Protocolos Est\u00e9ticos Combinados? Nos \u00faltimos anos, a busca por resultados mais r\u00e1pidos e eficazes nos tratamentos de beleza vem crescendo cada vez mais. Dentro desse contexto, surgem os protocolos est\u00e9ticos combinados: a uni\u00e3o de diferentes t\u00e9cnicas e procedimentos para &hellip; Guia Completo: Protocolos Est\u00e9ticos Combinados para Depila\u00e7\u00e3o e Clareamento Leia mais &raquo;","og_url":"https:\/\/fernandadepilacao.com.br\/portal\/2025\/11\/guia-completo-protocolos-esteticos-combinados-depilacao-clareamento\/","og_site_name":"Fernanda Depila\u00e7\u00e3o","article_publisher":"https:\/\/www.facebook.com\/ferjobdepilacao","article_published_time":"2025-11-26T11:01:43+00:00","article_modified_time":"2025-11-26T11:01:44+00:00","twitter_card":"summary_large_image","twitter_misc":{"Escrito por":"fernandajob","Est. tempo de leitura":"4 minutos"},"schema":{"@context":"https:\/\/schema.org","@graph":[{"@type":"Organization","@id":"https:\/\/fernandadepilacao.com.br\/portal\/#organization","name":"Fernanda Depila\u00e7\u00e3o","url":"https:\/\/fernandadepilacao.com.br\/portal\/","sameAs":["https:\/\/www.facebook.com\/ferjobdepilacao","http:\/\/instagram.com\/fernanda_job"],"logo":{"@type":"ImageObject","@id":"https:\/\/fernandadepilacao.com.br\/portal\/#logo","inLanguage":"pt-BR","url":"http:\/\/fernandadepilacao.com.br\/portal\/wp-content\/uploads\/2021\/03\/logo_fernanda.png","contentUrl":"http:\/\/fernandadepilacao.com.br\/portal\/wp-content\/uploads\/2021\/03\/logo_fernanda.png","width":673,"height":688,"caption":"Fernanda Depila\u00e7\u00e3o"},"image":{"@id":"https:\/\/fernandadepilacao.com.br\/portal\/#logo"}},{"@type":"WebSite","@id":"https:\/\/fernandadepilacao.com.br\/portal\/#website","url":"https:\/\/fernandadepilacao.com.br\/portal\/","name":"Fernanda Depila\u00e7\u00e3o","description":"","publisher":{"@id":"https:\/\/fernandadepilacao.com.br\/portal\/#organization"},"potentialAction":[{"@type":"SearchAction","target":{"@type":"EntryPoint","urlTemplate":"https:\/\/fernandadepilacao.com.br\/portal\/?s={search_term_string}"},"query-input":"required name=search_term_string"}],"inLanguage":"pt-BR"},{"@type":"ImageObject","@id":"https:\/\/fernandadepilacao.com.br\/portal\/2025\/11\/guia-completo-protocolos-esteticos-combinados-depilacao-clareamento\/#primaryimage","inLanguage":"pt-BR","url":"https:\/\/fernandadepilacao.com.br\/portal\/wp-content\/uploads\/2025\/11\/20251126080141.png","contentUrl":"https:\/\/fernandadepilacao.com.br\/portal\/wp-content\/uploads\/2025\/11\/20251126080141.png","width":500,"height":500},{"@type":"WebPage","@id":"https:\/\/fernandadepilacao.com.br\/portal\/2025\/11\/guia-completo-protocolos-esteticos-combinados-depilacao-clareamento\/#webpage","url":"https:\/\/fernandadepilacao.com.br\/portal\/2025\/11\/guia-completo-protocolos-esteticos-combinados-depilacao-clareamento\/","name":"Guia Completo: Protocolos Est\u00e9ticos Combinados para Depila\u00e7\u00e3o e Clareamento - Fernanda Depila\u00e7\u00e3o","isPartOf":{"@id":"https:\/\/fernandadepilacao.com.br\/portal\/#website"},"primaryImageOfPage":{"@id":"https:\/\/fernandadepilacao.com.br\/portal\/2025\/11\/guia-completo-protocolos-esteticos-combinados-depilacao-clareamento\/#primaryimage"},"datePublished":"2025-11-26T11:01:43+00:00","dateModified":"2025-11-26T11:01:44+00:00","breadcrumb":{"@id":"https:\/\/fernandadepilacao.com.br\/portal\/2025\/11\/guia-completo-protocolos-esteticos-combinados-depilacao-clareamento\/#breadcrumb"},"inLanguage":"pt-BR","potentialAction":[{"@type":"ReadAction","target":["https:\/\/fernandadepilacao.com.br\/portal\/2025\/11\/guia-completo-protocolos-esteticos-combinados-depilacao-clareamento\/"]}]},{"@type":"BreadcrumbList","@id":"https:\/\/fernandadepilacao.com.br\/portal\/2025\/11\/guia-completo-protocolos-esteticos-combinados-depilacao-clareamento\/#breadcrumb","itemListElement":[{"@type":"ListItem","position":1,"name":"In\u00edcio","item":"http:\/\/fernandadepilacao.com.br\/portal\/"},{"@type":"ListItem","position":2,"name":"Guia Completo: Protocolos Est\u00e9ticos Combinados para Depila\u00e7\u00e3o e Clareamento"}]},{"@type":"Article","@id":"https:\/\/fernandadepilacao.com.br\/portal\/2025\/11\/guia-completo-protocolos-esteticos-combinados-depilacao-clareamento\/#article","isPartOf":{"@id":"https:\/\/fernandadepilacao.com.br\/portal\/2025\/11\/guia-completo-protocolos-esteticos-combinados-depilacao-clareamento\/#webpage"},"author":{"@id":"https:\/\/fernandadepilacao.com.br\/portal\/#\/schema\/person\/d00644c3bbfd9fd17711767a3b1abbd0"},"headline":"Guia Completo: Protocolos Est\u00e9ticos Combinados para Depila\u00e7\u00e3o e Clareamento","datePublished":"2025-11-26T11:01:43+00:00","dateModified":"2025-11-26T11:01:44+00:00","mainEntityOfPage":{"@id":"https:\/\/fernandadepilacao.com.br\/portal\/2025\/11\/guia-completo-protocolos-esteticos-combinados-depilacao-clareamento\/#webpage"},"wordCount":823,"commentCount":0,"publisher":{"@id":"https:\/\/fernandadepilacao.com.br\/portal\/#organization"},"image":{"@id":"https:\/\/fernandadepilacao.com.br\/portal\/2025\/11\/guia-completo-protocolos-esteticos-combinados-depilacao-clareamento\/#primaryimage"},"thumbnailUrl":"https:\/\/fernandadepilacao.com.br\/portal\/wp-content\/uploads\/2025\/11\/20251126080141.png","inLanguage":"pt-BR","potentialAction":[{"@type":"CommentAction","name":"Comment","target":["https:\/\/fernandadepilacao.com.br\/portal\/2025\/11\/guia-completo-protocolos-esteticos-combinados-depilacao-clareamento\/#respond"]}]},{"@type":"Person","@id":"https:\/\/fernandadepilacao.com.br\/portal\/#\/schema\/person\/d00644c3bbfd9fd17711767a3b1abbd0","name":"fernandajob","image":{"@type":"ImageObject","@id":"https:\/\/fernandadepilacao.com.br\/portal\/#personlogo","inLanguage":"pt-BR","url":"https:\/\/secure.gravatar.com\/avatar\/6c2268a68d69a325906fbdccd74b18e6?s=96&d=mm&r=g","contentUrl":"https:\/\/secure.gravatar.com\/avatar\/6c2268a68d69a325906fbdccd74b18e6?s=96&d=mm&r=g","caption":"fernandajob"},"sameAs":["http:\/\/fernandadepilacao.com.br\/portal"]}]}},"uagb_featured_image_src":{"full":["https:\/\/fernandadepilacao.com.br\/portal\/wp-content\/uploads\/2025\/11\/20251126080141.png",500,500,false],"thumbnail":["https:\/\/fernandadepilacao.com.br\/portal\/wp-content\/uploads\/2025\/11\/20251126080141-150x150.png",150,150,true],"medium":["https:\/\/fernandadepilacao.com.br\/portal\/wp-content\/uploads\/2025\/11\/20251126080141-300x300.png",300,300,true],"medium_large":["https:\/\/fernandadepilacao.com.br\/portal\/wp-content\/uploads\/2025\/11\/20251126080141.png",500,500,false],"large":["https:\/\/fernandadepilacao.com.br\/portal\/wp-content\/uploads\/2025\/11\/20251126080141.png",500,500,false],"1536x1536":["https:\/\/fernandadepilacao.com.br\/portal\/wp-content\/uploads\/2025\/11\/20251126080141.png",500,500,false],"2048x2048":["https:\/\/fernandadepilacao.com.br\/portal\/wp-content\/uploads\/2025\/11\/20251126080141.png",500,500,false]},"uagb_author_info":{"display_name":"fernandajob","author_link":"https:\/\/fernandadepilacao.com.br\/portal\/author\/fernandajob\/"},"uagb_comment_info":0,"uagb_excerpt":"Protocolos Est\u00e9ticos Combinados para Depila\u00e7\u00e3o e Clareamento: Tudo o Que Voc\u00ea Precisa Saber O Que S\u00e3o Protocolos Est\u00e9ticos Combinados? Nos \u00faltimos anos, a busca por resultados mais r\u00e1pidos e eficazes nos tratamentos de beleza vem crescendo cada vez mais. Dentro desse contexto, surgem os protocolos est\u00e9ticos combinados: a uni\u00e3o de diferentes t\u00e9cnicas e procedimentos para&hellip;","_links":{"self":[{"href":"https:\/\/fernandadepilacao.com.br\/portal\/wp-json\/wp\/v2\/posts\/864"}],"collection":[{"href":"https:\/\/fernandadepilacao.com.br\/portal\/wp-json\/wp\/v2\/posts"}],"about":[{"href":"https:\/\/fernandadepilacao.com.br\/portal\/wp-json\/wp\/v2\/types\/post"}],"author":[{"embeddable":true,"href":"https:\/\/fernandadepilacao.com.br\/portal\/wp-json\/wp\/v2\/users\/1"}],"replies":[{"embeddable":true,"href":"https:\/\/fernandadepilacao.com.br\/portal\/wp-json\/wp\/v2\/comments?post=864"}],"version-history":[{"count":1,"href":"https:\/\/fernandadepilacao.com.br\/portal\/wp-json\/wp\/v2\/posts\/864\/revisions"}],"predecessor-version":[{"id":865,"href":"https:\/\/fernandadepilacao.com.br\/portal\/wp-json\/wp\/v2\/posts\/864\/revisions\/865"}],"wp:featuredmedia":[{"embeddable":true,"href":"https:\/\/fernandadepilacao.com.br\/portal\/wp-json\/wp\/v2\/media\/863"}],"wp:attachment":[{"href":"https:\/\/fernandadepilacao.com.br\/portal\/wp-json\/wp\/v2\/media?parent=864"}],"wp:term":[{"taxonomy":"category","embeddable":true,"href":"https:\/\/fernandadepilacao.com.br\/portal\/wp-json\/wp\/v2\/categories?post=864"},{"taxonomy":"post_tag","embeddable":true,"href":"https:\/\/fernandadepilacao.com.br\/portal\/wp-json\/wp\/v2\/tags?post=864"}],"curies":[{"name":"wp","href":"https:\/\/api.w.org\/{rel}","templated":true}]}}