{"id":858,"date":"2025-11-25T16:01:28","date_gmt":"2025-11-25T19:01:28","guid":{"rendered":"https:\/\/fernandadepilacao.com.br\/portal\/2025\/11\/principais-ativos-clareadores-para-usar-apos-a-depilacao\/"},"modified":"2025-11-25T18:00:18","modified_gmt":"2025-11-25T21:00:18","slug":"principais-ativos-clareadores-para-usar-apos-a-depilacao","status":"publish","type":"post","link":"https:\/\/fernandadepilacao.com.br\/portal\/2025\/11\/principais-ativos-clareadores-para-usar-apos-a-depilacao\/","title":{"rendered":"Principais Ativos Clareadores para Usar Ap\u00f3s a Depila\u00e7\u00e3o"},"content":{"rendered":"<article>\n<header>\n<h1>Principais Ativos Clareadores Utilizados Ap\u00f3s a Depila\u00e7\u00e3o<\/h1>\n<p>    <meta name=\"description\" content=\"Descubra os principais ativos clareadores para cuidar da pele ap\u00f3s a depila\u00e7\u00e3o. Saiba como evitar manchas e recuperar a uniformidade da pele com dicas especialistas e produtos eficazes.\"\/><br \/>\n  <\/header>\n<section>\n<h2>Por que a pele pode escurecer ap\u00f3s a depila\u00e7\u00e3o?<\/h2>\n<p>\n      A depila\u00e7\u00e3o, seja com cera, l\u00e2mina ou creme depilat\u00f3rio, pode ser um procedimento agressivo para a pele, principalmente para regi\u00f5es como axilas, virilha e bu\u00e7o. Isso ocorre devido ao atrito e \u00e0 remo\u00e7\u00e3o dos pelos que, muitas vezes, lesiona a camada mais superficial da pele, chamado estrato c\u00f3rneo. Essa agress\u00e3o pode resultar em inflama\u00e7\u00e3o e, como resposta do corpo, ocorre o aumento da produ\u00e7\u00e3o de melanina, pigmento respons\u00e1vel pela colora\u00e7\u00e3o da pele. Consequentemente, manchas escuras, conhecidas como hiperpigmenta\u00e7\u00e3o p\u00f3s-inflamat\u00f3ria, tornam-se comuns ap\u00f3s a depila\u00e7\u00e3o se a pele n\u00e3o receber os cuidados adequados.\n    <\/p>\n<\/section>\n<section>\n<h2>Cuidados indispens\u00e1veis ap\u00f3s a depila\u00e7\u00e3o<\/h2>\n<ul>\n<li>Evitar exposi\u00e7\u00e3o solar direta nas primeiras 48 horas;<\/li>\n<li>Utilizar roupas leves e evitar tecidos sint\u00e9ticos;<\/li>\n<li>Hidratar a pele diariamente;<\/li>\n<li>Aplicar protetor solar mesmo em \u00e1reas n\u00e3o expostas ao sol;<\/li>\n<li>Investir em ativos clareadores que auxiliam na preven\u00e7\u00e3o e tratamento de manchas.<\/li>\n<\/ul>\n<\/section>\n<section>\n<h2>Ativos clareadores mais indicados para usar ap\u00f3s a depila\u00e7\u00e3o<\/h2>\n<p>\n      A cosmetologia avan\u00e7ou muito nos \u00faltimos anos, proporcionando uma variedade de <strong>ativos clareadores<\/strong> seguros e eficazes para o tratamento de manchas p\u00f3s-depila\u00e7\u00e3o. Confira a seguir os ingredientes mais recomendados por profissionais da est\u00e9tica:\n    <\/p>\n<h3>1. \u00c1cido K\u00f3jico<\/h3>\n<p>\n      Um dos favoritos quando o assunto \u00e9 clareamento de manchas, o <strong>\u00e1cido k\u00f3jico<\/strong> \u00e9 extra\u00eddo de fungos e atua inibindo a tirosinase, enzima essencial para a produ\u00e7\u00e3o de melanina. \u00c9 indicado para clarear gradualmente a pele sem causar irrita\u00e7\u00e3o, sendo seguro para peles sens\u00edveis.\n    <\/p>\n<h3>2. \u00c1cido Mand\u00e9lico<\/h3>\n<p>\n      Conhecido por sua a\u00e7\u00e3o suave e eficaz, o <strong>\u00e1cido mand\u00e9lico<\/strong> \u00e9 ideal para clareamento de peles mais escuras e sens\u00edveis. Possui propriedades esfoliantes que estimulam a renova\u00e7\u00e3o celular, uniformizando o tom da pele.\n    <\/p>\n<h3>3. Vitamina C<\/h3>\n<p>\n      Poderoso antioxidante, a <strong>vitamina C<\/strong> clareia gradualmente e previne o surgimento de novas manchas ap\u00f3s a depila\u00e7\u00e3o. Al\u00e9m disso, tamb\u00e9m estimula a produ\u00e7\u00e3o de col\u00e1geno, deixando a pele mais firme e luminosa.\n    <\/p>\n<h3>4. Niacinamida<\/h3>\n<p>\n      A <strong>niacinamida<\/strong> (vitamina B3) \u00e9 altamente recomendada para quem busca clareamento seguro e hidrata\u00e7\u00e3o profunda. Ela reduz a transfer\u00eancia de melanina para a superf\u00edcie da pele, suavizando \u00e1reas escurecidas e acalmando poss\u00edveis irrita\u00e7\u00f5es.<\/p>\n<h3>5. Alfa-Arbutin<\/h3>\n<p>\n      Extra\u00eddo de plantas como a uva-ursina, a <strong>alfa-arbutin<\/strong> \u00e9 um ingrediente moderno que promove um clareamento eficaz, controlando a produ\u00e7\u00e3o de melanina sem causar danos ou sensibiliza\u00e7\u00e3o.<\/p>\n<\/section>\n<section>\n<h2>Como usar os ativos clareadores com seguran\u00e7a?<\/h2>\n<p>\n      Para obter os melhores resultados e evitar rea\u00e7\u00f5es indesejadas, siga sempre estas orienta\u00e7\u00f5es:\n    <\/p>\n<ol>\n<li>Escolha produtos espec\u00edficos para a \u00e1rea tratada;<\/li>\n<li>Realize um teste de sensibilidade antes da aplica\u00e7\u00e3o completa;<\/li>\n<li>Evite o uso imediato ap\u00f3s a depila\u00e7\u00e3o. Aguarde entre 24 a 48 horas para a pele se recuperar;<\/li>\n<li>Use protetor solar diariamente, inclusive em ambientes fechados;<\/li>\n<li>Mantenha uma rotina de cuidados com hidrata\u00e7\u00e3o, limpeza e prote\u00e7\u00e3o solar.<\/li>\n<\/ol>\n<\/section>\n<section>\n<h2>Dicas extras para manter a pele saud\u00e1vel e bonita<\/h2>\n<ul>\n<li>Evite depilar regi\u00f5es irritadas ou feridas;<\/li>\n<li>Mantenha os utens\u00edlios de depila\u00e7\u00e3o higienizados;<\/li>\n<li>Prefira m\u00e9todos de depila\u00e7\u00e3o menos agressivos caso sua pele seja sens\u00edvel;<\/li>\n<li>Consulte sempre um profissional especializado em est\u00e9tica caso surjam d\u00favidas ou rea\u00e7\u00f5es adversas.<\/li>\n<\/ul>\n<\/section>\n<section>\n<h2>Conclus\u00e3o<\/h2>\n<p>\n      Investir em ativos clareadores de qualidade ap\u00f3s a depila\u00e7\u00e3o \u00e9 essencial para manter a pele uniforme, saud\u00e1vel e livre de manchas. O uso consciente e regular desses ingredientes, aliado \u00e0 prote\u00e7\u00e3o solar e hidrata\u00e7\u00e3o, proporciona uma pele sempre bonita e bem cuidada. Prevenir e tratar as <strong>manchas p\u00f3s-depila\u00e7\u00e3o<\/strong> \u00e9 poss\u00edvel com os conhecimentos e produtos certos \u00e0 disposi\u00e7\u00e3o. Sempre procure orienta\u00e7\u00e3o de um profissional antes de iniciar qualquer tratamento.\n    <\/p>\n<\/section>\n<footer>\n<p><strong>Palavras-chave:<\/strong> ativos clareadores, clareamento p\u00f3s-depila\u00e7\u00e3o, manchas na pele, depila\u00e7\u00e3o, \u00e1cido k\u00f3jico, vitamina C, niacinamida, alfa-arbutin, \u00e1cido mand\u00e9lico, recursos para clarear pele, cuidados p\u00f3s-depila\u00e7\u00e3o.<\/p>\n<\/footer>\n<\/article>\n","protected":false},"excerpt":{"rendered":"<p>Principais Ativos Clareadores Utilizados Ap\u00f3s a Depila\u00e7\u00e3o Por que a pele pode escurecer ap\u00f3s a depila\u00e7\u00e3o? A depila\u00e7\u00e3o, seja com cera, l\u00e2mina ou creme depilat\u00f3rio, pode ser um procedimento agressivo para a pele, principalmente para regi\u00f5es como axilas, virilha e bu\u00e7o. Isso ocorre devido ao atrito e \u00e0 remo\u00e7\u00e3o dos pelos que, muitas vezes, lesiona &hellip;<\/p>\n<p class=\"read-more\"> <a class=\"\" href=\"https:\/\/fernandadepilacao.com.br\/portal\/2025\/11\/principais-ativos-clareadores-para-usar-apos-a-depilacao\/\"> <span class=\"screen-reader-text\">Principais Ativos Clareadores para Usar Ap\u00f3s a Depila\u00e7\u00e3o<\/span> Leia mais &raquo;<\/a><\/p>\n","protected":false},"author":1,"featured_media":857,"comment_status":"open","ping_status":"open","sticky":false,"template":"","format":"standard","meta":[],"categories":[34],"tags":[],"yoast_head":"<!-- This site is optimized with the Yoast SEO plugin v18.4.1 - https:\/\/yoast.com\/wordpress\/plugins\/seo\/ -->\n<title>Principais Ativos Clareadores para Usar Ap\u00f3s a Depila\u00e7\u00e3o - Fernanda Depila\u00e7\u00e3o<\/title>\n<meta name=\"robots\" content=\"index, follow, max-snippet:-1, max-image-preview:large, max-video-preview:-1\" \/>\n<link rel=\"canonical\" href=\"https:\/\/fernandadepilacao.com.br\/portal\/2025\/11\/principais-ativos-clareadores-para-usar-apos-a-depilacao\/\" \/>\n<meta property=\"og:locale\" content=\"pt_BR\" \/>\n<meta property=\"og:type\" content=\"article\" \/>\n<meta property=\"og:title\" content=\"Principais Ativos Clareadores para Usar Ap\u00f3s a Depila\u00e7\u00e3o - Fernanda Depila\u00e7\u00e3o\" \/>\n<meta property=\"og:description\" content=\"Principais Ativos Clareadores Utilizados Ap\u00f3s a Depila\u00e7\u00e3o Por que a pele pode escurecer ap\u00f3s a depila\u00e7\u00e3o? A depila\u00e7\u00e3o, seja com cera, l\u00e2mina ou creme depilat\u00f3rio, pode ser um procedimento agressivo para a pele, principalmente para regi\u00f5es como axilas, virilha e bu\u00e7o. Isso ocorre devido ao atrito e \u00e0 remo\u00e7\u00e3o dos pelos que, muitas vezes, lesiona &hellip; Principais Ativos Clareadores para Usar Ap\u00f3s a Depila\u00e7\u00e3o Leia mais &raquo;\" \/>\n<meta property=\"og:url\" content=\"https:\/\/fernandadepilacao.com.br\/portal\/2025\/11\/principais-ativos-clareadores-para-usar-apos-a-depilacao\/\" \/>\n<meta property=\"og:site_name\" content=\"Fernanda Depila\u00e7\u00e3o\" \/>\n<meta property=\"article:publisher\" content=\"https:\/\/www.facebook.com\/ferjobdepilacao\" \/>\n<meta property=\"article:published_time\" content=\"2025-11-25T19:01:28+00:00\" \/>\n<meta property=\"article:modified_time\" content=\"2025-11-25T21:00:18+00:00\" \/>\n<meta property=\"og:image\" content=\"https:\/\/fernandadepilacao.com.br\/portal\/wp-content\/uploads\/2025\/11\/20251125160124.png\" \/>\n\t<meta property=\"og:image:width\" content=\"500\" \/>\n\t<meta property=\"og:image:height\" content=\"500\" \/>\n\t<meta property=\"og:image:type\" content=\"image\/png\" \/>\n<meta name=\"twitter:card\" content=\"summary_large_image\" \/>\n<meta name=\"twitter:label1\" content=\"Escrito por\" \/>\n\t<meta name=\"twitter:data1\" content=\"fernandajob\" \/>\n\t<meta name=\"twitter:label2\" content=\"Est. tempo de leitura\" \/>\n\t<meta name=\"twitter:data2\" content=\"3 minutos\" \/>\n<script type=\"application\/ld+json\" class=\"yoast-schema-graph\">{\"@context\":\"https:\/\/schema.org\",\"@graph\":[{\"@type\":\"Organization\",\"@id\":\"https:\/\/fernandadepilacao.com.br\/portal\/#organization\",\"name\":\"Fernanda Depila\u00e7\u00e3o\",\"url\":\"https:\/\/fernandadepilacao.com.br\/portal\/\",\"sameAs\":[\"https:\/\/www.facebook.com\/ferjobdepilacao\",\"http:\/\/instagram.com\/fernanda_job\"],\"logo\":{\"@type\":\"ImageObject\",\"@id\":\"https:\/\/fernandadepilacao.com.br\/portal\/#logo\",\"inLanguage\":\"pt-BR\",\"url\":\"http:\/\/fernandadepilacao.com.br\/portal\/wp-content\/uploads\/2021\/03\/logo_fernanda.png\",\"contentUrl\":\"http:\/\/fernandadepilacao.com.br\/portal\/wp-content\/uploads\/2021\/03\/logo_fernanda.png\",\"width\":673,\"height\":688,\"caption\":\"Fernanda Depila\u00e7\u00e3o\"},\"image\":{\"@id\":\"https:\/\/fernandadepilacao.com.br\/portal\/#logo\"}},{\"@type\":\"WebSite\",\"@id\":\"https:\/\/fernandadepilacao.com.br\/portal\/#website\",\"url\":\"https:\/\/fernandadepilacao.com.br\/portal\/\",\"name\":\"Fernanda Depila\u00e7\u00e3o\",\"description\":\"\",\"publisher\":{\"@id\":\"https:\/\/fernandadepilacao.com.br\/portal\/#organization\"},\"potentialAction\":[{\"@type\":\"SearchAction\",\"target\":{\"@type\":\"EntryPoint\",\"urlTemplate\":\"https:\/\/fernandadepilacao.com.br\/portal\/?s={search_term_string}\"},\"query-input\":\"required name=search_term_string\"}],\"inLanguage\":\"pt-BR\"},{\"@type\":\"ImageObject\",\"@id\":\"https:\/\/fernandadepilacao.com.br\/portal\/2025\/11\/principais-ativos-clareadores-para-usar-apos-a-depilacao\/#primaryimage\",\"inLanguage\":\"pt-BR\",\"url\":\"https:\/\/fernandadepilacao.com.br\/portal\/wp-content\/uploads\/2025\/11\/20251125160124.png\",\"contentUrl\":\"https:\/\/fernandadepilacao.com.br\/portal\/wp-content\/uploads\/2025\/11\/20251125160124.png\",\"width\":500,\"height\":500},{\"@type\":\"WebPage\",\"@id\":\"https:\/\/fernandadepilacao.com.br\/portal\/2025\/11\/principais-ativos-clareadores-para-usar-apos-a-depilacao\/#webpage\",\"url\":\"https:\/\/fernandadepilacao.com.br\/portal\/2025\/11\/principais-ativos-clareadores-para-usar-apos-a-depilacao\/\",\"name\":\"Principais Ativos Clareadores para Usar Ap\u00f3s a Depila\u00e7\u00e3o - Fernanda Depila\u00e7\u00e3o\",\"isPartOf\":{\"@id\":\"https:\/\/fernandadepilacao.com.br\/portal\/#website\"},\"primaryImageOfPage\":{\"@id\":\"https:\/\/fernandadepilacao.com.br\/portal\/2025\/11\/principais-ativos-clareadores-para-usar-apos-a-depilacao\/#primaryimage\"},\"datePublished\":\"2025-11-25T19:01:28+00:00\",\"dateModified\":\"2025-11-25T21:00:18+00:00\",\"breadcrumb\":{\"@id\":\"https:\/\/fernandadepilacao.com.br\/portal\/2025\/11\/principais-ativos-clareadores-para-usar-apos-a-depilacao\/#breadcrumb\"},\"inLanguage\":\"pt-BR\",\"potentialAction\":[{\"@type\":\"ReadAction\",\"target\":[\"https:\/\/fernandadepilacao.com.br\/portal\/2025\/11\/principais-ativos-clareadores-para-usar-apos-a-depilacao\/\"]}]},{\"@type\":\"BreadcrumbList\",\"@id\":\"https:\/\/fernandadepilacao.com.br\/portal\/2025\/11\/principais-ativos-clareadores-para-usar-apos-a-depilacao\/#breadcrumb\",\"itemListElement\":[{\"@type\":\"ListItem\",\"position\":1,\"name\":\"In\u00edcio\",\"item\":\"http:\/\/fernandadepilacao.com.br\/portal\/\"},{\"@type\":\"ListItem\",\"position\":2,\"name\":\"Principais Ativos Clareadores para Usar Ap\u00f3s a Depila\u00e7\u00e3o\"}]},{\"@type\":\"Article\",\"@id\":\"https:\/\/fernandadepilacao.com.br\/portal\/2025\/11\/principais-ativos-clareadores-para-usar-apos-a-depilacao\/#article\",\"isPartOf\":{\"@id\":\"https:\/\/fernandadepilacao.com.br\/portal\/2025\/11\/principais-ativos-clareadores-para-usar-apos-a-depilacao\/#webpage\"},\"author\":{\"@id\":\"https:\/\/fernandadepilacao.com.br\/portal\/#\/schema\/person\/d00644c3bbfd9fd17711767a3b1abbd0\"},\"headline\":\"Principais Ativos Clareadores para Usar Ap\u00f3s a Depila\u00e7\u00e3o\",\"datePublished\":\"2025-11-25T19:01:28+00:00\",\"dateModified\":\"2025-11-25T21:00:18+00:00\",\"mainEntityOfPage\":{\"@id\":\"https:\/\/fernandadepilacao.com.br\/portal\/2025\/11\/principais-ativos-clareadores-para-usar-apos-a-depilacao\/#webpage\"},\"wordCount\":677,\"commentCount\":0,\"publisher\":{\"@id\":\"https:\/\/fernandadepilacao.com.br\/portal\/#organization\"},\"image\":{\"@id\":\"https:\/\/fernandadepilacao.com.br\/portal\/2025\/11\/principais-ativos-clareadores-para-usar-apos-a-depilacao\/#primaryimage\"},\"thumbnailUrl\":\"https:\/\/fernandadepilacao.com.br\/portal\/wp-content\/uploads\/2025\/11\/20251125160124.png\",\"articleSection\":[\"Adolesc\u00eancia\"],\"inLanguage\":\"pt-BR\",\"potentialAction\":[{\"@type\":\"CommentAction\",\"name\":\"Comment\",\"target\":[\"https:\/\/fernandadepilacao.com.br\/portal\/2025\/11\/principais-ativos-clareadores-para-usar-apos-a-depilacao\/#respond\"]}]},{\"@type\":\"Person\",\"@id\":\"https:\/\/fernandadepilacao.com.br\/portal\/#\/schema\/person\/d00644c3bbfd9fd17711767a3b1abbd0\",\"name\":\"fernandajob\",\"image\":{\"@type\":\"ImageObject\",\"@id\":\"https:\/\/fernandadepilacao.com.br\/portal\/#personlogo\",\"inLanguage\":\"pt-BR\",\"url\":\"https:\/\/secure.gravatar.com\/avatar\/6c2268a68d69a325906fbdccd74b18e6?s=96&d=mm&r=g\",\"contentUrl\":\"https:\/\/secure.gravatar.com\/avatar\/6c2268a68d69a325906fbdccd74b18e6?s=96&d=mm&r=g\",\"caption\":\"fernandajob\"},\"sameAs\":[\"http:\/\/fernandadepilacao.com.br\/portal\"]}]}<\/script>\n<!-- \/ Yoast SEO plugin. -->","yoast_head_json":{"title":"Principais Ativos Clareadores para Usar Ap\u00f3s a Depila\u00e7\u00e3o - Fernanda Depila\u00e7\u00e3o","robots":{"index":"index","follow":"follow","max-snippet":"max-snippet:-1","max-image-preview":"max-image-preview:large","max-video-preview":"max-video-preview:-1"},"canonical":"https:\/\/fernandadepilacao.com.br\/portal\/2025\/11\/principais-ativos-clareadores-para-usar-apos-a-depilacao\/","og_locale":"pt_BR","og_type":"article","og_title":"Principais Ativos Clareadores para Usar Ap\u00f3s a Depila\u00e7\u00e3o - Fernanda Depila\u00e7\u00e3o","og_description":"Principais Ativos Clareadores Utilizados Ap\u00f3s a Depila\u00e7\u00e3o Por que a pele pode escurecer ap\u00f3s a depila\u00e7\u00e3o? A depila\u00e7\u00e3o, seja com cera, l\u00e2mina ou creme depilat\u00f3rio, pode ser um procedimento agressivo para a pele, principalmente para regi\u00f5es como axilas, virilha e bu\u00e7o. Isso ocorre devido ao atrito e \u00e0 remo\u00e7\u00e3o dos pelos que, muitas vezes, lesiona &hellip; Principais Ativos Clareadores para Usar Ap\u00f3s a Depila\u00e7\u00e3o Leia mais &raquo;","og_url":"https:\/\/fernandadepilacao.com.br\/portal\/2025\/11\/principais-ativos-clareadores-para-usar-apos-a-depilacao\/","og_site_name":"Fernanda Depila\u00e7\u00e3o","article_publisher":"https:\/\/www.facebook.com\/ferjobdepilacao","article_published_time":"2025-11-25T19:01:28+00:00","article_modified_time":"2025-11-25T21:00:18+00:00","og_image":[{"width":500,"height":500,"url":"https:\/\/fernandadepilacao.com.br\/portal\/wp-content\/uploads\/2025\/11\/20251125160124.png","type":"image\/png"}],"twitter_card":"summary_large_image","twitter_misc":{"Escrito por":"fernandajob","Est. tempo de leitura":"3 minutos"},"schema":{"@context":"https:\/\/schema.org","@graph":[{"@type":"Organization","@id":"https:\/\/fernandadepilacao.com.br\/portal\/#organization","name":"Fernanda Depila\u00e7\u00e3o","url":"https:\/\/fernandadepilacao.com.br\/portal\/","sameAs":["https:\/\/www.facebook.com\/ferjobdepilacao","http:\/\/instagram.com\/fernanda_job"],"logo":{"@type":"ImageObject","@id":"https:\/\/fernandadepilacao.com.br\/portal\/#logo","inLanguage":"pt-BR","url":"http:\/\/fernandadepilacao.com.br\/portal\/wp-content\/uploads\/2021\/03\/logo_fernanda.png","contentUrl":"http:\/\/fernandadepilacao.com.br\/portal\/wp-content\/uploads\/2021\/03\/logo_fernanda.png","width":673,"height":688,"caption":"Fernanda Depila\u00e7\u00e3o"},"image":{"@id":"https:\/\/fernandadepilacao.com.br\/portal\/#logo"}},{"@type":"WebSite","@id":"https:\/\/fernandadepilacao.com.br\/portal\/#website","url":"https:\/\/fernandadepilacao.com.br\/portal\/","name":"Fernanda Depila\u00e7\u00e3o","description":"","publisher":{"@id":"https:\/\/fernandadepilacao.com.br\/portal\/#organization"},"potentialAction":[{"@type":"SearchAction","target":{"@type":"EntryPoint","urlTemplate":"https:\/\/fernandadepilacao.com.br\/portal\/?s={search_term_string}"},"query-input":"required name=search_term_string"}],"inLanguage":"pt-BR"},{"@type":"ImageObject","@id":"https:\/\/fernandadepilacao.com.br\/portal\/2025\/11\/principais-ativos-clareadores-para-usar-apos-a-depilacao\/#primaryimage","inLanguage":"pt-BR","url":"https:\/\/fernandadepilacao.com.br\/portal\/wp-content\/uploads\/2025\/11\/20251125160124.png","contentUrl":"https:\/\/fernandadepilacao.com.br\/portal\/wp-content\/uploads\/2025\/11\/20251125160124.png","width":500,"height":500},{"@type":"WebPage","@id":"https:\/\/fernandadepilacao.com.br\/portal\/2025\/11\/principais-ativos-clareadores-para-usar-apos-a-depilacao\/#webpage","url":"https:\/\/fernandadepilacao.com.br\/portal\/2025\/11\/principais-ativos-clareadores-para-usar-apos-a-depilacao\/","name":"Principais Ativos Clareadores para Usar Ap\u00f3s a Depila\u00e7\u00e3o - Fernanda Depila\u00e7\u00e3o","isPartOf":{"@id":"https:\/\/fernandadepilacao.com.br\/portal\/#website"},"primaryImageOfPage":{"@id":"https:\/\/fernandadepilacao.com.br\/portal\/2025\/11\/principais-ativos-clareadores-para-usar-apos-a-depilacao\/#primaryimage"},"datePublished":"2025-11-25T19:01:28+00:00","dateModified":"2025-11-25T21:00:18+00:00","breadcrumb":{"@id":"https:\/\/fernandadepilacao.com.br\/portal\/2025\/11\/principais-ativos-clareadores-para-usar-apos-a-depilacao\/#breadcrumb"},"inLanguage":"pt-BR","potentialAction":[{"@type":"ReadAction","target":["https:\/\/fernandadepilacao.com.br\/portal\/2025\/11\/principais-ativos-clareadores-para-usar-apos-a-depilacao\/"]}]},{"@type":"BreadcrumbList","@id":"https:\/\/fernandadepilacao.com.br\/portal\/2025\/11\/principais-ativos-clareadores-para-usar-apos-a-depilacao\/#breadcrumb","itemListElement":[{"@type":"ListItem","position":1,"name":"In\u00edcio","item":"http:\/\/fernandadepilacao.com.br\/portal\/"},{"@type":"ListItem","position":2,"name":"Principais Ativos Clareadores para Usar Ap\u00f3s a Depila\u00e7\u00e3o"}]},{"@type":"Article","@id":"https:\/\/fernandadepilacao.com.br\/portal\/2025\/11\/principais-ativos-clareadores-para-usar-apos-a-depilacao\/#article","isPartOf":{"@id":"https:\/\/fernandadepilacao.com.br\/portal\/2025\/11\/principais-ativos-clareadores-para-usar-apos-a-depilacao\/#webpage"},"author":{"@id":"https:\/\/fernandadepilacao.com.br\/portal\/#\/schema\/person\/d00644c3bbfd9fd17711767a3b1abbd0"},"headline":"Principais Ativos Clareadores para Usar Ap\u00f3s a Depila\u00e7\u00e3o","datePublished":"2025-11-25T19:01:28+00:00","dateModified":"2025-11-25T21:00:18+00:00","mainEntityOfPage":{"@id":"https:\/\/fernandadepilacao.com.br\/portal\/2025\/11\/principais-ativos-clareadores-para-usar-apos-a-depilacao\/#webpage"},"wordCount":677,"commentCount":0,"publisher":{"@id":"https:\/\/fernandadepilacao.com.br\/portal\/#organization"},"image":{"@id":"https:\/\/fernandadepilacao.com.br\/portal\/2025\/11\/principais-ativos-clareadores-para-usar-apos-a-depilacao\/#primaryimage"},"thumbnailUrl":"https:\/\/fernandadepilacao.com.br\/portal\/wp-content\/uploads\/2025\/11\/20251125160124.png","articleSection":["Adolesc\u00eancia"],"inLanguage":"pt-BR","potentialAction":[{"@type":"CommentAction","name":"Comment","target":["https:\/\/fernandadepilacao.com.br\/portal\/2025\/11\/principais-ativos-clareadores-para-usar-apos-a-depilacao\/#respond"]}]},{"@type":"Person","@id":"https:\/\/fernandadepilacao.com.br\/portal\/#\/schema\/person\/d00644c3bbfd9fd17711767a3b1abbd0","name":"fernandajob","image":{"@type":"ImageObject","@id":"https:\/\/fernandadepilacao.com.br\/portal\/#personlogo","inLanguage":"pt-BR","url":"https:\/\/secure.gravatar.com\/avatar\/6c2268a68d69a325906fbdccd74b18e6?s=96&d=mm&r=g","contentUrl":"https:\/\/secure.gravatar.com\/avatar\/6c2268a68d69a325906fbdccd74b18e6?s=96&d=mm&r=g","caption":"fernandajob"},"sameAs":["http:\/\/fernandadepilacao.com.br\/portal"]}]}},"uagb_featured_image_src":{"full":["https:\/\/fernandadepilacao.com.br\/portal\/wp-content\/uploads\/2025\/11\/20251125160124.png",500,500,false],"thumbnail":["https:\/\/fernandadepilacao.com.br\/portal\/wp-content\/uploads\/2025\/11\/20251125160124-150x150.png",150,150,true],"medium":["https:\/\/fernandadepilacao.com.br\/portal\/wp-content\/uploads\/2025\/11\/20251125160124-300x300.png",300,300,true],"medium_large":["https:\/\/fernandadepilacao.com.br\/portal\/wp-content\/uploads\/2025\/11\/20251125160124.png",500,500,false],"large":["https:\/\/fernandadepilacao.com.br\/portal\/wp-content\/uploads\/2025\/11\/20251125160124.png",500,500,false],"1536x1536":["https:\/\/fernandadepilacao.com.br\/portal\/wp-content\/uploads\/2025\/11\/20251125160124.png",500,500,false],"2048x2048":["https:\/\/fernandadepilacao.com.br\/portal\/wp-content\/uploads\/2025\/11\/20251125160124.png",500,500,false]},"uagb_author_info":{"display_name":"fernandajob","author_link":"https:\/\/fernandadepilacao.com.br\/portal\/author\/fernandajob\/"},"uagb_comment_info":0,"uagb_excerpt":"Principais Ativos Clareadores Utilizados Ap\u00f3s a Depila\u00e7\u00e3o Por que a pele pode escurecer ap\u00f3s a depila\u00e7\u00e3o? A depila\u00e7\u00e3o, seja com cera, l\u00e2mina ou creme depilat\u00f3rio, pode ser um procedimento agressivo para a pele, principalmente para regi\u00f5es como axilas, virilha e bu\u00e7o. Isso ocorre devido ao atrito e \u00e0 remo\u00e7\u00e3o dos pelos que, muitas vezes, lesiona&hellip;","_links":{"self":[{"href":"https:\/\/fernandadepilacao.com.br\/portal\/wp-json\/wp\/v2\/posts\/858"}],"collection":[{"href":"https:\/\/fernandadepilacao.com.br\/portal\/wp-json\/wp\/v2\/posts"}],"about":[{"href":"https:\/\/fernandadepilacao.com.br\/portal\/wp-json\/wp\/v2\/types\/post"}],"author":[{"embeddable":true,"href":"https:\/\/fernandadepilacao.com.br\/portal\/wp-json\/wp\/v2\/users\/1"}],"replies":[{"embeddable":true,"href":"https:\/\/fernandadepilacao.com.br\/portal\/wp-json\/wp\/v2\/comments?post=858"}],"version-history":[{"count":1,"href":"https:\/\/fernandadepilacao.com.br\/portal\/wp-json\/wp\/v2\/posts\/858\/revisions"}],"predecessor-version":[{"id":859,"href":"https:\/\/fernandadepilacao.com.br\/portal\/wp-json\/wp\/v2\/posts\/858\/revisions\/859"}],"wp:featuredmedia":[{"embeddable":true,"href":"https:\/\/fernandadepilacao.com.br\/portal\/wp-json\/wp\/v2\/media\/857"}],"wp:attachment":[{"href":"https:\/\/fernandadepilacao.com.br\/portal\/wp-json\/wp\/v2\/media?parent=858"}],"wp:term":[{"taxonomy":"category","embeddable":true,"href":"https:\/\/fernandadepilacao.com.br\/portal\/wp-json\/wp\/v2\/categories?post=858"},{"taxonomy":"post_tag","embeddable":true,"href":"https:\/\/fernandadepilacao.com.br\/portal\/wp-json\/wp\/v2\/tags?post=858"}],"curies":[{"name":"wp","href":"https:\/\/api.w.org\/{rel}","templated":true}]}}