{"id":855,"date":"2025-11-24T08:01:31","date_gmt":"2025-11-24T11:01:31","guid":{"rendered":"https:\/\/fernandadepilacao.com.br\/portal\/2025\/11\/como-clarear-manchas-apos-a-depilacao-em-pele-sensivel-cuidados-e-dicas-essenciais\/"},"modified":"2025-11-24T12:00:17","modified_gmt":"2025-11-24T15:00:17","slug":"como-clarear-manchas-apos-a-depilacao-em-pele-sensivel-cuidados-e-dicas-essenciais","status":"publish","type":"post","link":"https:\/\/fernandadepilacao.com.br\/portal\/2025\/11\/como-clarear-manchas-apos-a-depilacao-em-pele-sensivel-cuidados-e-dicas-essenciais\/","title":{"rendered":"Como Clarear Manchas ap\u00f3s a Depila\u00e7\u00e3o em Pele Sens\u00edvel: Cuidados e Dicas Essenciais"},"content":{"rendered":"<article>\n<header>\n<h1>Efeitos do Clareamento P\u00f3s-Depila\u00e7\u00e3o na Pele Sens\u00edvel: Cuidados e Dicas Essenciais<\/h1>\n<p><strong>Atualizado em junho de 2024<\/strong><\/p>\n<\/header>\n<section>\n<h2>Introdu\u00e7\u00e3o<\/h2>\n<p>A <strong>depila\u00e7\u00e3o<\/strong> \u00e9 um procedimento est\u00e9tico muito procurado para quem busca pele lisa e livre de pelos. Por\u00e9m, ela pode deixar contra-tempos, como manchas escuras ou hiperpigmenta\u00e7\u00e3o, especialmente em pessoas com <strong>pele sens\u00edvel<\/strong>. O <strong>clareamento p\u00f3s-depila\u00e7\u00e3o<\/strong> surge como uma solu\u00e7\u00e3o desejada, mas levanta d\u00favidas: quais s\u00e3o os efeitos desses procedimentos em peles delicadas? Quais cuidados devem ser tomados para evitar irrita\u00e7\u00f5es ou efeitos colaterais?<\/p>\n<\/section>\n<section>\n<h2>Por que a Pele Sens\u00edvel Mancha Ap\u00f3s a Depila\u00e7\u00e3o?<\/h2>\n<p>A <strong>pele sens\u00edvel<\/strong> reage de forma mais intensa a est\u00edmulos externos. A depila\u00e7\u00e3o, seja com cera quente, fria ou l\u00e2mina, pode causar microles\u00f5es, inflama\u00e7\u00e3o e favorecer o escurecimento da pele por meio do processo chamado <em>hiperpigmenta\u00e7\u00e3o p\u00f3s-inflamat\u00f3ria<\/em>. Al\u00e9m disso, agress\u00f5es f\u00edsicas, uso de produtos inadequados e exposi\u00e7\u00e3o solar podem intensificar as <strong>manchas escuras<\/strong>.<\/p>\n<\/section>\n<section>\n<h2>Como Funciona o Clareamento P\u00f3s-Depila\u00e7\u00e3o?<\/h2>\n<p>O <strong>clareamento p\u00f3s-depila\u00e7\u00e3o<\/strong> tem como objetivo uniformizar a cor da pele, devolvendo o tom natural das \u00e1reas afetadas por manchas. As <strong>principais t\u00e9cnicas<\/strong> envolvem o uso de dermocosm\u00e9ticos com ativos clareadores, como \u00e1cido k\u00f3jico, \u00e1cido glic\u00f3lico, vitamina C, arbutin e niacinamida. Alguns tratamentos podem incluir peelings suaves ou procedimentos a laser, sempre com acompanhamento profissional.<\/p>\n<\/section>\n<section>\n<h2>Efeitos do Clareamento em Peles Sens\u00edveis<\/h2>\n<p>Nas <strong>peles sens\u00edveis<\/strong>, o clareamento requer aten\u00e7\u00e3o redobrada. Entre os poss\u00edveis efeitos, destacam-se:<\/p>\n<ul>\n<li><strong>Irrita\u00e7\u00e3o:<\/strong> Sensa\u00e7\u00e3o de ardor, vermelhid\u00e3o e inflama\u00e7\u00e3o local s\u00e3o comuns quando a pele est\u00e1 fragilizada.<\/li>\n<li><strong>Descama\u00e7\u00e3o:<\/strong> Ativos como \u00e1cidos podem provocar ressecamento e sair de pelinhas soltas.<\/li>\n<li><strong>Sensibilidade aumentada:<\/strong> Maior propens\u00e3o a alergias e inc\u00f4modos.<\/li>\n<li><strong>Melhora progressiva:<\/strong> Utilizando produtos espec\u00edficos para pele sens\u00edvel e respeitando o tempo de uso, \u00e9 poss\u00edvel clarear sem danos.<\/li>\n<\/ul>\n<\/section>\n<section>\n<h2>Cuidados Indispens\u00e1veis para o Clareamento Seguro<\/h2>\n<p>Confira as <strong>melhores pr\u00e1ticas<\/strong> para um clareamento p\u00f3s-depila\u00e7\u00e3o eficaz e seguro:<\/p>\n<ol>\n<li>Evite procedimentos clareadores imediatamente ap\u00f3s depilar. Aguarde ao menos 48 a 72 horas para a barreira cut\u00e2nea se restaurar.<\/li>\n<li>Opte por <strong>produtos hipoalerg\u00eanicos<\/strong> e formulados para peles sens\u00edveis, minimizando riscos de alergia e irrita\u00e7\u00e3o.<\/li>\n<li>Fa\u00e7a teste em uma pequena \u00e1rea antes de aplicar o produto no local desejado.<\/li>\n<li>Nunca esque\u00e7a do <strong>protetor solar<\/strong>: a exposi\u00e7\u00e3o ao sol sem prote\u00e7\u00e3o pode agravar manchas e causar queimaduras.<\/li>\n<li>Hidrate bem a pele diariamente para auxiliar na regenera\u00e7\u00e3o.<\/li>\n<li>Consulte um profissional habilitado para avaliar seu caso e indicar o melhor protocolo de clareamento.<\/li>\n<\/ol>\n<\/section>\n<section>\n<h2>Quando Procurar Ajuda Profissional?<\/h2>\n<p>Se ap\u00f3s a depila\u00e7\u00e3o ou in\u00edcio do clareamento surgirem sintomas como ard\u00eancia persistente, coceira intensa, manchas avermelhadas ou bolhas, <strong>interrompa o uso<\/strong> do produto e busque orienta\u00e7\u00e3o especializada. O cuidado profissional \u00e9 essencial para personalizar o tratamento conforme as caracter\u00edsticas e necessidades espec\u00edficas de cada pele.<\/p>\n<\/section>\n<section>\n<h2>Perguntas Frequentes sobre Clareamento P\u00f3s-Depila\u00e7\u00e3o<\/h2>\n<dl>\n<dt><strong>Qual o melhor clareador para pele sens\u00edvel?<\/strong><\/dt>\n<dd>Procure por dermocosm\u00e9ticos formulados para peles sens\u00edveis, livres de fragr\u00e2ncia, corantes e com ativos suaves, como a niacinamida e vitamina C estabilizada.<\/dd>\n<dt><strong>Em quanto tempo vejo resultado?<\/strong><\/dt>\n<dd>Os resultados geralmente aparecem ap\u00f3s 3 a 6 semanas de uso cont\u00ednuo e correto, sempre com prote\u00e7\u00e3o solar.<\/dd>\n<dt><strong>Peeling qu\u00edmico pode ser feito em pele sens\u00edvel?<\/strong><\/dt>\n<dd>Peelings devem ser leves e sempre realizados por um profissional capacitado, para evitar les\u00f5es.<\/dd>\n<\/dl>\n<\/section>\n<section>\n<h2>Considera\u00e7\u00f5es Finais<\/h2>\n<p>O <strong>clareamento de manchas p\u00f3s-depila\u00e7\u00e3o<\/strong> em pele sens\u00edvel exige cuidado, conhecimento dos ativos utilizados e acompanhamento profissional. Respeitar o tempo de recupera\u00e7\u00e3o da pele e investir em uma rotina de <strong>hidrata\u00e7\u00e3o e fotoprote\u00e7\u00e3o<\/strong> \u00e9 fundamental para resultados seguros e eficazes. Lembre-se: cada pele \u00e9 \u00fanica e merece aten\u00e7\u00e3o personalizada para alcan\u00e7ar a melhor vers\u00e3o de si mesma.<\/p>\n<\/section>\n<footer>\n<p><strong>Palavras-chave:<\/strong> clareamento p\u00f3s-depila\u00e7\u00e3o, pele sens\u00edvel, manchas na pele, como clarear manchas de depila\u00e7\u00e3o, cuidados p\u00f3s-depila\u00e7\u00e3o, produtos para clarear a pele, hiperpigmenta\u00e7\u00e3o p\u00f3s-inflamat\u00f3ria.<\/p>\n<\/footer>\n<\/article>\n","protected":false},"excerpt":{"rendered":"<p>Efeitos do Clareamento P\u00f3s-Depila\u00e7\u00e3o na Pele Sens\u00edvel: Cuidados e Dicas Essenciais Atualizado em junho de 2024 Introdu\u00e7\u00e3o A depila\u00e7\u00e3o \u00e9 um procedimento est\u00e9tico muito procurado para quem busca pele lisa e livre de pelos. Por\u00e9m, ela pode deixar contra-tempos, como manchas escuras ou hiperpigmenta\u00e7\u00e3o, especialmente em pessoas com pele sens\u00edvel. O clareamento p\u00f3s-depila\u00e7\u00e3o surge como &hellip;<\/p>\n<p class=\"read-more\"> <a class=\"\" href=\"https:\/\/fernandadepilacao.com.br\/portal\/2025\/11\/como-clarear-manchas-apos-a-depilacao-em-pele-sensivel-cuidados-e-dicas-essenciais\/\"> <span class=\"screen-reader-text\">Como Clarear Manchas ap\u00f3s a Depila\u00e7\u00e3o em Pele Sens\u00edvel: Cuidados e Dicas Essenciais<\/span> Leia mais &raquo;<\/a><\/p>\n","protected":false},"author":1,"featured_media":854,"comment_status":"open","ping_status":"open","sticky":false,"template":"","format":"standard","meta":[],"categories":[34],"tags":[],"yoast_head":"<!-- This site is optimized with the Yoast SEO plugin v18.4.1 - https:\/\/yoast.com\/wordpress\/plugins\/seo\/ -->\n<title>Como Clarear Manchas ap\u00f3s a Depila\u00e7\u00e3o em Pele Sens\u00edvel: Cuidados e Dicas Essenciais - Fernanda Depila\u00e7\u00e3o<\/title>\n<meta name=\"robots\" content=\"index, follow, max-snippet:-1, max-image-preview:large, max-video-preview:-1\" \/>\n<link rel=\"canonical\" href=\"https:\/\/fernandadepilacao.com.br\/portal\/2025\/11\/como-clarear-manchas-apos-a-depilacao-em-pele-sensivel-cuidados-e-dicas-essenciais\/\" \/>\n<meta property=\"og:locale\" content=\"pt_BR\" \/>\n<meta property=\"og:type\" content=\"article\" \/>\n<meta property=\"og:title\" content=\"Como Clarear Manchas ap\u00f3s a Depila\u00e7\u00e3o em Pele Sens\u00edvel: Cuidados e Dicas Essenciais - Fernanda Depila\u00e7\u00e3o\" \/>\n<meta property=\"og:description\" content=\"Efeitos do Clareamento P\u00f3s-Depila\u00e7\u00e3o na Pele Sens\u00edvel: Cuidados e Dicas Essenciais Atualizado em junho de 2024 Introdu\u00e7\u00e3o A depila\u00e7\u00e3o \u00e9 um procedimento est\u00e9tico muito procurado para quem busca pele lisa e livre de pelos. Por\u00e9m, ela pode deixar contra-tempos, como manchas escuras ou hiperpigmenta\u00e7\u00e3o, especialmente em pessoas com pele sens\u00edvel. O clareamento p\u00f3s-depila\u00e7\u00e3o surge como &hellip; Como Clarear Manchas ap\u00f3s a Depila\u00e7\u00e3o em Pele Sens\u00edvel: Cuidados e Dicas Essenciais Leia mais &raquo;\" \/>\n<meta property=\"og:url\" content=\"https:\/\/fernandadepilacao.com.br\/portal\/2025\/11\/como-clarear-manchas-apos-a-depilacao-em-pele-sensivel-cuidados-e-dicas-essenciais\/\" \/>\n<meta property=\"og:site_name\" content=\"Fernanda Depila\u00e7\u00e3o\" \/>\n<meta property=\"article:publisher\" content=\"https:\/\/www.facebook.com\/ferjobdepilacao\" \/>\n<meta property=\"article:published_time\" content=\"2025-11-24T11:01:31+00:00\" \/>\n<meta property=\"article:modified_time\" content=\"2025-11-24T15:00:17+00:00\" \/>\n<meta property=\"og:image\" content=\"https:\/\/fernandadepilacao.com.br\/portal\/wp-content\/uploads\/2025\/11\/20251124080128.png\" \/>\n\t<meta property=\"og:image:width\" content=\"500\" \/>\n\t<meta property=\"og:image:height\" content=\"500\" \/>\n\t<meta property=\"og:image:type\" content=\"image\/png\" \/>\n<meta name=\"twitter:card\" content=\"summary_large_image\" \/>\n<meta name=\"twitter:label1\" content=\"Escrito por\" \/>\n\t<meta name=\"twitter:data1\" content=\"fernandajob\" \/>\n\t<meta name=\"twitter:label2\" content=\"Est. tempo de leitura\" \/>\n\t<meta name=\"twitter:data2\" content=\"3 minutos\" \/>\n<script type=\"application\/ld+json\" class=\"yoast-schema-graph\">{\"@context\":\"https:\/\/schema.org\",\"@graph\":[{\"@type\":\"Organization\",\"@id\":\"https:\/\/fernandadepilacao.com.br\/portal\/#organization\",\"name\":\"Fernanda Depila\u00e7\u00e3o\",\"url\":\"https:\/\/fernandadepilacao.com.br\/portal\/\",\"sameAs\":[\"https:\/\/www.facebook.com\/ferjobdepilacao\",\"http:\/\/instagram.com\/fernanda_job\"],\"logo\":{\"@type\":\"ImageObject\",\"@id\":\"https:\/\/fernandadepilacao.com.br\/portal\/#logo\",\"inLanguage\":\"pt-BR\",\"url\":\"http:\/\/fernandadepilacao.com.br\/portal\/wp-content\/uploads\/2021\/03\/logo_fernanda.png\",\"contentUrl\":\"http:\/\/fernandadepilacao.com.br\/portal\/wp-content\/uploads\/2021\/03\/logo_fernanda.png\",\"width\":673,\"height\":688,\"caption\":\"Fernanda Depila\u00e7\u00e3o\"},\"image\":{\"@id\":\"https:\/\/fernandadepilacao.com.br\/portal\/#logo\"}},{\"@type\":\"WebSite\",\"@id\":\"https:\/\/fernandadepilacao.com.br\/portal\/#website\",\"url\":\"https:\/\/fernandadepilacao.com.br\/portal\/\",\"name\":\"Fernanda Depila\u00e7\u00e3o\",\"description\":\"\",\"publisher\":{\"@id\":\"https:\/\/fernandadepilacao.com.br\/portal\/#organization\"},\"potentialAction\":[{\"@type\":\"SearchAction\",\"target\":{\"@type\":\"EntryPoint\",\"urlTemplate\":\"https:\/\/fernandadepilacao.com.br\/portal\/?s={search_term_string}\"},\"query-input\":\"required name=search_term_string\"}],\"inLanguage\":\"pt-BR\"},{\"@type\":\"ImageObject\",\"@id\":\"https:\/\/fernandadepilacao.com.br\/portal\/2025\/11\/como-clarear-manchas-apos-a-depilacao-em-pele-sensivel-cuidados-e-dicas-essenciais\/#primaryimage\",\"inLanguage\":\"pt-BR\",\"url\":\"https:\/\/fernandadepilacao.com.br\/portal\/wp-content\/uploads\/2025\/11\/20251124080128.png\",\"contentUrl\":\"https:\/\/fernandadepilacao.com.br\/portal\/wp-content\/uploads\/2025\/11\/20251124080128.png\",\"width\":500,\"height\":500},{\"@type\":\"WebPage\",\"@id\":\"https:\/\/fernandadepilacao.com.br\/portal\/2025\/11\/como-clarear-manchas-apos-a-depilacao-em-pele-sensivel-cuidados-e-dicas-essenciais\/#webpage\",\"url\":\"https:\/\/fernandadepilacao.com.br\/portal\/2025\/11\/como-clarear-manchas-apos-a-depilacao-em-pele-sensivel-cuidados-e-dicas-essenciais\/\",\"name\":\"Como Clarear Manchas ap\u00f3s a Depila\u00e7\u00e3o em Pele Sens\u00edvel: Cuidados e Dicas Essenciais - Fernanda Depila\u00e7\u00e3o\",\"isPartOf\":{\"@id\":\"https:\/\/fernandadepilacao.com.br\/portal\/#website\"},\"primaryImageOfPage\":{\"@id\":\"https:\/\/fernandadepilacao.com.br\/portal\/2025\/11\/como-clarear-manchas-apos-a-depilacao-em-pele-sensivel-cuidados-e-dicas-essenciais\/#primaryimage\"},\"datePublished\":\"2025-11-24T11:01:31+00:00\",\"dateModified\":\"2025-11-24T15:00:17+00:00\",\"breadcrumb\":{\"@id\":\"https:\/\/fernandadepilacao.com.br\/portal\/2025\/11\/como-clarear-manchas-apos-a-depilacao-em-pele-sensivel-cuidados-e-dicas-essenciais\/#breadcrumb\"},\"inLanguage\":\"pt-BR\",\"potentialAction\":[{\"@type\":\"ReadAction\",\"target\":[\"https:\/\/fernandadepilacao.com.br\/portal\/2025\/11\/como-clarear-manchas-apos-a-depilacao-em-pele-sensivel-cuidados-e-dicas-essenciais\/\"]}]},{\"@type\":\"BreadcrumbList\",\"@id\":\"https:\/\/fernandadepilacao.com.br\/portal\/2025\/11\/como-clarear-manchas-apos-a-depilacao-em-pele-sensivel-cuidados-e-dicas-essenciais\/#breadcrumb\",\"itemListElement\":[{\"@type\":\"ListItem\",\"position\":1,\"name\":\"In\u00edcio\",\"item\":\"http:\/\/fernandadepilacao.com.br\/portal\/\"},{\"@type\":\"ListItem\",\"position\":2,\"name\":\"Como Clarear Manchas ap\u00f3s a Depila\u00e7\u00e3o em Pele Sens\u00edvel: Cuidados e Dicas Essenciais\"}]},{\"@type\":\"Article\",\"@id\":\"https:\/\/fernandadepilacao.com.br\/portal\/2025\/11\/como-clarear-manchas-apos-a-depilacao-em-pele-sensivel-cuidados-e-dicas-essenciais\/#article\",\"isPartOf\":{\"@id\":\"https:\/\/fernandadepilacao.com.br\/portal\/2025\/11\/como-clarear-manchas-apos-a-depilacao-em-pele-sensivel-cuidados-e-dicas-essenciais\/#webpage\"},\"author\":{\"@id\":\"https:\/\/fernandadepilacao.com.br\/portal\/#\/schema\/person\/d00644c3bbfd9fd17711767a3b1abbd0\"},\"headline\":\"Como Clarear Manchas ap\u00f3s a Depila\u00e7\u00e3o em Pele Sens\u00edvel: Cuidados e Dicas Essenciais\",\"datePublished\":\"2025-11-24T11:01:31+00:00\",\"dateModified\":\"2025-11-24T15:00:17+00:00\",\"mainEntityOfPage\":{\"@id\":\"https:\/\/fernandadepilacao.com.br\/portal\/2025\/11\/como-clarear-manchas-apos-a-depilacao-em-pele-sensivel-cuidados-e-dicas-essenciais\/#webpage\"},\"wordCount\":704,\"commentCount\":0,\"publisher\":{\"@id\":\"https:\/\/fernandadepilacao.com.br\/portal\/#organization\"},\"image\":{\"@id\":\"https:\/\/fernandadepilacao.com.br\/portal\/2025\/11\/como-clarear-manchas-apos-a-depilacao-em-pele-sensivel-cuidados-e-dicas-essenciais\/#primaryimage\"},\"thumbnailUrl\":\"https:\/\/fernandadepilacao.com.br\/portal\/wp-content\/uploads\/2025\/11\/20251124080128.png\",\"articleSection\":[\"Adolesc\u00eancia\"],\"inLanguage\":\"pt-BR\",\"potentialAction\":[{\"@type\":\"CommentAction\",\"name\":\"Comment\",\"target\":[\"https:\/\/fernandadepilacao.com.br\/portal\/2025\/11\/como-clarear-manchas-apos-a-depilacao-em-pele-sensivel-cuidados-e-dicas-essenciais\/#respond\"]}]},{\"@type\":\"Person\",\"@id\":\"https:\/\/fernandadepilacao.com.br\/portal\/#\/schema\/person\/d00644c3bbfd9fd17711767a3b1abbd0\",\"name\":\"fernandajob\",\"image\":{\"@type\":\"ImageObject\",\"@id\":\"https:\/\/fernandadepilacao.com.br\/portal\/#personlogo\",\"inLanguage\":\"pt-BR\",\"url\":\"https:\/\/secure.gravatar.com\/avatar\/6c2268a68d69a325906fbdccd74b18e6?s=96&d=mm&r=g\",\"contentUrl\":\"https:\/\/secure.gravatar.com\/avatar\/6c2268a68d69a325906fbdccd74b18e6?s=96&d=mm&r=g\",\"caption\":\"fernandajob\"},\"sameAs\":[\"http:\/\/fernandadepilacao.com.br\/portal\"]}]}<\/script>\n<!-- \/ Yoast SEO plugin. -->","yoast_head_json":{"title":"Como Clarear Manchas ap\u00f3s a Depila\u00e7\u00e3o em Pele Sens\u00edvel: Cuidados e Dicas Essenciais - Fernanda Depila\u00e7\u00e3o","robots":{"index":"index","follow":"follow","max-snippet":"max-snippet:-1","max-image-preview":"max-image-preview:large","max-video-preview":"max-video-preview:-1"},"canonical":"https:\/\/fernandadepilacao.com.br\/portal\/2025\/11\/como-clarear-manchas-apos-a-depilacao-em-pele-sensivel-cuidados-e-dicas-essenciais\/","og_locale":"pt_BR","og_type":"article","og_title":"Como Clarear Manchas ap\u00f3s a Depila\u00e7\u00e3o em Pele Sens\u00edvel: Cuidados e Dicas Essenciais - Fernanda Depila\u00e7\u00e3o","og_description":"Efeitos do Clareamento P\u00f3s-Depila\u00e7\u00e3o na Pele Sens\u00edvel: Cuidados e Dicas Essenciais Atualizado em junho de 2024 Introdu\u00e7\u00e3o A depila\u00e7\u00e3o \u00e9 um procedimento est\u00e9tico muito procurado para quem busca pele lisa e livre de pelos. Por\u00e9m, ela pode deixar contra-tempos, como manchas escuras ou hiperpigmenta\u00e7\u00e3o, especialmente em pessoas com pele sens\u00edvel. O clareamento p\u00f3s-depila\u00e7\u00e3o surge como &hellip; Como Clarear Manchas ap\u00f3s a Depila\u00e7\u00e3o em Pele Sens\u00edvel: Cuidados e Dicas Essenciais Leia mais &raquo;","og_url":"https:\/\/fernandadepilacao.com.br\/portal\/2025\/11\/como-clarear-manchas-apos-a-depilacao-em-pele-sensivel-cuidados-e-dicas-essenciais\/","og_site_name":"Fernanda Depila\u00e7\u00e3o","article_publisher":"https:\/\/www.facebook.com\/ferjobdepilacao","article_published_time":"2025-11-24T11:01:31+00:00","article_modified_time":"2025-11-24T15:00:17+00:00","og_image":[{"width":500,"height":500,"url":"https:\/\/fernandadepilacao.com.br\/portal\/wp-content\/uploads\/2025\/11\/20251124080128.png","type":"image\/png"}],"twitter_card":"summary_large_image","twitter_misc":{"Escrito por":"fernandajob","Est. tempo de leitura":"3 minutos"},"schema":{"@context":"https:\/\/schema.org","@graph":[{"@type":"Organization","@id":"https:\/\/fernandadepilacao.com.br\/portal\/#organization","name":"Fernanda Depila\u00e7\u00e3o","url":"https:\/\/fernandadepilacao.com.br\/portal\/","sameAs":["https:\/\/www.facebook.com\/ferjobdepilacao","http:\/\/instagram.com\/fernanda_job"],"logo":{"@type":"ImageObject","@id":"https:\/\/fernandadepilacao.com.br\/portal\/#logo","inLanguage":"pt-BR","url":"http:\/\/fernandadepilacao.com.br\/portal\/wp-content\/uploads\/2021\/03\/logo_fernanda.png","contentUrl":"http:\/\/fernandadepilacao.com.br\/portal\/wp-content\/uploads\/2021\/03\/logo_fernanda.png","width":673,"height":688,"caption":"Fernanda Depila\u00e7\u00e3o"},"image":{"@id":"https:\/\/fernandadepilacao.com.br\/portal\/#logo"}},{"@type":"WebSite","@id":"https:\/\/fernandadepilacao.com.br\/portal\/#website","url":"https:\/\/fernandadepilacao.com.br\/portal\/","name":"Fernanda Depila\u00e7\u00e3o","description":"","publisher":{"@id":"https:\/\/fernandadepilacao.com.br\/portal\/#organization"},"potentialAction":[{"@type":"SearchAction","target":{"@type":"EntryPoint","urlTemplate":"https:\/\/fernandadepilacao.com.br\/portal\/?s={search_term_string}"},"query-input":"required name=search_term_string"}],"inLanguage":"pt-BR"},{"@type":"ImageObject","@id":"https:\/\/fernandadepilacao.com.br\/portal\/2025\/11\/como-clarear-manchas-apos-a-depilacao-em-pele-sensivel-cuidados-e-dicas-essenciais\/#primaryimage","inLanguage":"pt-BR","url":"https:\/\/fernandadepilacao.com.br\/portal\/wp-content\/uploads\/2025\/11\/20251124080128.png","contentUrl":"https:\/\/fernandadepilacao.com.br\/portal\/wp-content\/uploads\/2025\/11\/20251124080128.png","width":500,"height":500},{"@type":"WebPage","@id":"https:\/\/fernandadepilacao.com.br\/portal\/2025\/11\/como-clarear-manchas-apos-a-depilacao-em-pele-sensivel-cuidados-e-dicas-essenciais\/#webpage","url":"https:\/\/fernandadepilacao.com.br\/portal\/2025\/11\/como-clarear-manchas-apos-a-depilacao-em-pele-sensivel-cuidados-e-dicas-essenciais\/","name":"Como Clarear Manchas ap\u00f3s a Depila\u00e7\u00e3o em Pele Sens\u00edvel: Cuidados e Dicas Essenciais - Fernanda Depila\u00e7\u00e3o","isPartOf":{"@id":"https:\/\/fernandadepilacao.com.br\/portal\/#website"},"primaryImageOfPage":{"@id":"https:\/\/fernandadepilacao.com.br\/portal\/2025\/11\/como-clarear-manchas-apos-a-depilacao-em-pele-sensivel-cuidados-e-dicas-essenciais\/#primaryimage"},"datePublished":"2025-11-24T11:01:31+00:00","dateModified":"2025-11-24T15:00:17+00:00","breadcrumb":{"@id":"https:\/\/fernandadepilacao.com.br\/portal\/2025\/11\/como-clarear-manchas-apos-a-depilacao-em-pele-sensivel-cuidados-e-dicas-essenciais\/#breadcrumb"},"inLanguage":"pt-BR","potentialAction":[{"@type":"ReadAction","target":["https:\/\/fernandadepilacao.com.br\/portal\/2025\/11\/como-clarear-manchas-apos-a-depilacao-em-pele-sensivel-cuidados-e-dicas-essenciais\/"]}]},{"@type":"BreadcrumbList","@id":"https:\/\/fernandadepilacao.com.br\/portal\/2025\/11\/como-clarear-manchas-apos-a-depilacao-em-pele-sensivel-cuidados-e-dicas-essenciais\/#breadcrumb","itemListElement":[{"@type":"ListItem","position":1,"name":"In\u00edcio","item":"http:\/\/fernandadepilacao.com.br\/portal\/"},{"@type":"ListItem","position":2,"name":"Como Clarear Manchas ap\u00f3s a Depila\u00e7\u00e3o em Pele Sens\u00edvel: Cuidados e Dicas Essenciais"}]},{"@type":"Article","@id":"https:\/\/fernandadepilacao.com.br\/portal\/2025\/11\/como-clarear-manchas-apos-a-depilacao-em-pele-sensivel-cuidados-e-dicas-essenciais\/#article","isPartOf":{"@id":"https:\/\/fernandadepilacao.com.br\/portal\/2025\/11\/como-clarear-manchas-apos-a-depilacao-em-pele-sensivel-cuidados-e-dicas-essenciais\/#webpage"},"author":{"@id":"https:\/\/fernandadepilacao.com.br\/portal\/#\/schema\/person\/d00644c3bbfd9fd17711767a3b1abbd0"},"headline":"Como Clarear Manchas ap\u00f3s a Depila\u00e7\u00e3o em Pele Sens\u00edvel: Cuidados e Dicas Essenciais","datePublished":"2025-11-24T11:01:31+00:00","dateModified":"2025-11-24T15:00:17+00:00","mainEntityOfPage":{"@id":"https:\/\/fernandadepilacao.com.br\/portal\/2025\/11\/como-clarear-manchas-apos-a-depilacao-em-pele-sensivel-cuidados-e-dicas-essenciais\/#webpage"},"wordCount":704,"commentCount":0,"publisher":{"@id":"https:\/\/fernandadepilacao.com.br\/portal\/#organization"},"image":{"@id":"https:\/\/fernandadepilacao.com.br\/portal\/2025\/11\/como-clarear-manchas-apos-a-depilacao-em-pele-sensivel-cuidados-e-dicas-essenciais\/#primaryimage"},"thumbnailUrl":"https:\/\/fernandadepilacao.com.br\/portal\/wp-content\/uploads\/2025\/11\/20251124080128.png","articleSection":["Adolesc\u00eancia"],"inLanguage":"pt-BR","potentialAction":[{"@type":"CommentAction","name":"Comment","target":["https:\/\/fernandadepilacao.com.br\/portal\/2025\/11\/como-clarear-manchas-apos-a-depilacao-em-pele-sensivel-cuidados-e-dicas-essenciais\/#respond"]}]},{"@type":"Person","@id":"https:\/\/fernandadepilacao.com.br\/portal\/#\/schema\/person\/d00644c3bbfd9fd17711767a3b1abbd0","name":"fernandajob","image":{"@type":"ImageObject","@id":"https:\/\/fernandadepilacao.com.br\/portal\/#personlogo","inLanguage":"pt-BR","url":"https:\/\/secure.gravatar.com\/avatar\/6c2268a68d69a325906fbdccd74b18e6?s=96&d=mm&r=g","contentUrl":"https:\/\/secure.gravatar.com\/avatar\/6c2268a68d69a325906fbdccd74b18e6?s=96&d=mm&r=g","caption":"fernandajob"},"sameAs":["http:\/\/fernandadepilacao.com.br\/portal"]}]}},"uagb_featured_image_src":{"full":["https:\/\/fernandadepilacao.com.br\/portal\/wp-content\/uploads\/2025\/11\/20251124080128.png",500,500,false],"thumbnail":["https:\/\/fernandadepilacao.com.br\/portal\/wp-content\/uploads\/2025\/11\/20251124080128-150x150.png",150,150,true],"medium":["https:\/\/fernandadepilacao.com.br\/portal\/wp-content\/uploads\/2025\/11\/20251124080128-300x300.png",300,300,true],"medium_large":["https:\/\/fernandadepilacao.com.br\/portal\/wp-content\/uploads\/2025\/11\/20251124080128.png",500,500,false],"large":["https:\/\/fernandadepilacao.com.br\/portal\/wp-content\/uploads\/2025\/11\/20251124080128.png",500,500,false],"1536x1536":["https:\/\/fernandadepilacao.com.br\/portal\/wp-content\/uploads\/2025\/11\/20251124080128.png",500,500,false],"2048x2048":["https:\/\/fernandadepilacao.com.br\/portal\/wp-content\/uploads\/2025\/11\/20251124080128.png",500,500,false]},"uagb_author_info":{"display_name":"fernandajob","author_link":"https:\/\/fernandadepilacao.com.br\/portal\/author\/fernandajob\/"},"uagb_comment_info":0,"uagb_excerpt":"Efeitos do Clareamento P\u00f3s-Depila\u00e7\u00e3o na Pele Sens\u00edvel: Cuidados e Dicas Essenciais Atualizado em junho de 2024 Introdu\u00e7\u00e3o A depila\u00e7\u00e3o \u00e9 um procedimento est\u00e9tico muito procurado para quem busca pele lisa e livre de pelos. Por\u00e9m, ela pode deixar contra-tempos, como manchas escuras ou hiperpigmenta\u00e7\u00e3o, especialmente em pessoas com pele sens\u00edvel. O clareamento p\u00f3s-depila\u00e7\u00e3o surge como&hellip;","_links":{"self":[{"href":"https:\/\/fernandadepilacao.com.br\/portal\/wp-json\/wp\/v2\/posts\/855"}],"collection":[{"href":"https:\/\/fernandadepilacao.com.br\/portal\/wp-json\/wp\/v2\/posts"}],"about":[{"href":"https:\/\/fernandadepilacao.com.br\/portal\/wp-json\/wp\/v2\/types\/post"}],"author":[{"embeddable":true,"href":"https:\/\/fernandadepilacao.com.br\/portal\/wp-json\/wp\/v2\/users\/1"}],"replies":[{"embeddable":true,"href":"https:\/\/fernandadepilacao.com.br\/portal\/wp-json\/wp\/v2\/comments?post=855"}],"version-history":[{"count":1,"href":"https:\/\/fernandadepilacao.com.br\/portal\/wp-json\/wp\/v2\/posts\/855\/revisions"}],"predecessor-version":[{"id":856,"href":"https:\/\/fernandadepilacao.com.br\/portal\/wp-json\/wp\/v2\/posts\/855\/revisions\/856"}],"wp:featuredmedia":[{"embeddable":true,"href":"https:\/\/fernandadepilacao.com.br\/portal\/wp-json\/wp\/v2\/media\/854"}],"wp:attachment":[{"href":"https:\/\/fernandadepilacao.com.br\/portal\/wp-json\/wp\/v2\/media?parent=855"}],"wp:term":[{"taxonomy":"category","embeddable":true,"href":"https:\/\/fernandadepilacao.com.br\/portal\/wp-json\/wp\/v2\/categories?post=855"},{"taxonomy":"post_tag","embeddable":true,"href":"https:\/\/fernandadepilacao.com.br\/portal\/wp-json\/wp\/v2\/tags?post=855"}],"curies":[{"name":"wp","href":"https:\/\/api.w.org\/{rel}","templated":true}]}}