{"id":852,"date":"2025-11-24T00:01:34","date_gmt":"2025-11-24T03:01:34","guid":{"rendered":"https:\/\/fernandadepilacao.com.br\/portal\/2025\/11\/como-o-parcelamento-em-servicos-de-depilacao-facilita-o-autocuidado\/"},"modified":"2025-11-24T00:01:35","modified_gmt":"2025-11-24T03:01:35","slug":"como-o-parcelamento-em-servicos-de-depilacao-facilita-o-autocuidado","status":"publish","type":"post","link":"https:\/\/fernandadepilacao.com.br\/portal\/2025\/11\/como-o-parcelamento-em-servicos-de-depilacao-facilita-o-autocuidado\/","title":{"rendered":"Como o Parcelamento em Servi\u00e7os de Depila\u00e7\u00e3o Facilita o Autocuidado"},"content":{"rendered":"\n<article>\n  <header>\n    <h1>Parcelamento de Servi\u00e7os de Depila\u00e7\u00e3o: Facilidade e Flexibilidade para Valorizar Seu Bem-Estar<\/h1>\n    <meta name=\"description\" content=\"Descubra tudo sobre parcelamento e op\u00e7\u00f5es de pagamento em servi\u00e7os de depila\u00e7\u00e3o. Entenda as vantagens, condi\u00e7\u00f5es e como essas facilidades tornam o autocuidado mais acess\u00edvel.\" \/>\n  <\/header>\n  <section>\n    <h2>Por que oferecer parcelamento na depila\u00e7\u00e3o?<\/h2>\n    <p>No universo da <strong>est\u00e9tica e depila\u00e7\u00e3o<\/strong>, \u00e9 cada vez mais importante tornar o autocuidado acess\u00edvel para todos. Investir em sess\u00f5es de <strong>depila\u00e7\u00e3o profissional<\/strong>, seja com <em>cera quente<\/em>, <em>cera fria<\/em> ou at\u00e9 mesmo <strong>depila\u00e7\u00e3o a laser<\/strong>, pode envolver um valor significativo, especialmente quando pensamos em tratamentos de longo prazo ou pacotes completos.<\/p>\n    <p>Pensando nisso, muitas cl\u00ednicas e profissionais oferecem a <strong>possibilidade de parcelamento<\/strong>. Assim, voc\u00ea consegue cuidar da sua pele sem comprometer o or\u00e7amento do m\u00eas, tornando a realiza\u00e7\u00e3o de procedimentos est\u00e9ticos algo planejado e sem sustos.<\/p>\n  <\/section>\n  <section>\n    <h2>Quais as condi\u00e7\u00f5es de pagamento mais comuns?<\/h2>\n    <p>Para facilitar a inclus\u00e3o do <strong>autocuidado regular<\/strong> na rotina, a maioria dos estabelecimentos busca op\u00e7\u00f5es flex\u00edveis, como:<\/p>\n    <ul>\n      <li><strong>Cart\u00e3o de cr\u00e9dito:<\/strong> Permite parcelar o valor total das sess\u00f5es ou do pacote de depila\u00e7\u00e3o escolhido em at\u00e9 6 ou 12 vezes, dependendo da pol\u00edtica da cl\u00ednica. \u00c9 a op\u00e7\u00e3o mais buscada, trazendo praticidade e seguran\u00e7a financeira.<\/li>\n      <li><strong>Transfer\u00eancias banc\u00e1rias e <span lang=\"en\">PIX<\/span>:<\/strong> Comodidade nas transa\u00e7\u00f5es \u00e0 vista, geralmente com descontos especiais para quem opta por antecipar o pagamento total do tratamento.<\/li>\n      <li><strong>Pagamento em dinheiro:<\/strong> Ainda muito valorizado, principalmente para clientes que preferem evitar cart\u00f5es. Nesta modalidade, muitas cl\u00ednicas tamb\u00e9m oferecem condi\u00e7\u00f5es especiais.<\/li>\n      <li><strong>Boleto banc\u00e1rio:<\/strong> Permite planejar melhor o pagamento, especialmente em contratos mensais.<\/li>\n    <\/ul>\n    <p>Cada estabelecimento define suas <strong>condi\u00e7\u00f5es de parcelamento<\/strong>, e \u00e9 comum encontrar algumas regras, como valor m\u00ednimo para parcelar ou n\u00famero m\u00ednimo de sess\u00f5es para dividir o investimento.<\/p>\n  <\/section>\n  <section>\n    <h2>Quais as vantagens do parcelamento em servi\u00e7os de depila\u00e7\u00e3o?<\/h2>\n    <ol>\n      <li><strong>Acesso facilitado ao tratamento cont\u00ednuo:<\/strong> Parcelar as sess\u00f5es incentiva a <strong>regularidade dos cuidados<\/strong>, fator essencial para resultados duradouros e uma pele cada vez mais saud\u00e1vel.<\/li>\n      <li><strong>Previsibilidade financeira:<\/strong> Encaixar o valor no or\u00e7amento sem imprevistos, favorecendo o planejamento do seu <em>bem-estar<\/em> sem comprometer suas finan\u00e7as.<\/li>\n      <li><strong>Possibilidade de acompanhar promo\u00e7\u00f5es:<\/strong> Muitas cl\u00ednicas lan\u00e7am <strong>pacotes de depila\u00e7\u00e3o<\/strong> com descontos ainda maiores e permitem parcelar, tornando o custo-benef\u00edcio ainda mais atrativo.<\/li>\n      <li><strong>Incentivo ao autocuidado:<\/strong> Ter op\u00e7\u00f5es flex\u00edveis \u00e9 um incentivo a mais para dar prioridade a voc\u00ea e ao seu <strong>autocuidado<\/strong>.<\/li>\n    <\/ol>\n  <\/section>\n  <section>\n    <h2>D\u00favidas frequentes sobre parcelamento em depila\u00e7\u00e3o<\/h2>\n    <h3>\u00c9 poss\u00edvel parcelar sess\u00f5es avulsas?<\/h3>\n    <p>Em geral, o <strong>parcelamento<\/strong> \u00e9 mais comum para <strong>pacotes ou tratamentos<\/strong> completos, j\u00e1 que o valor individual de uma sess\u00e3o costuma ser menor. Entretanto, sempre vale consultar a profissional respons\u00e1vel.<\/p>\n    <h3>Os valores sofrem acr\u00e9scimo no parcelamento?<\/h3>\n    <p>Depende do n\u00famero de parcelas e da pol\u00edtica da cl\u00ednica. Algumas oferecem <strong>parcelamento sem juros<\/strong> at\u00e9 determinado n\u00famero de vezes, especialmente em cart\u00f5es de cr\u00e9dito. No entanto, \u00e9 importante confirmar todas as condi\u00e7\u00f5es antes de fechar o pacote.<\/p>\n    <h3>As condi\u00e7\u00f5es s\u00e3o as mesmas para todos os m\u00e9todos de pagamento?<\/h3>\n    <p>Geralmente, pagamentos \u00e0 vista no <strong>PIX<\/strong> ou dinheiro contam com descontos especiais, enquanto no cart\u00e3o de cr\u00e9dito h\u00e1 a possibilidade de parcelamento. Verifique as facilidades oferecidas no local desejado.<\/p>\n  <\/section>\n  <section>\n    <h2>Dicas para escolher as melhores condi\u00e7\u00f5es de pagamento<\/h2>\n    <ul>\n      <li><strong>Pesquise:<\/strong> Solicite informa\u00e7\u00f5es detalhadas sobre as <strong>formas de pagamento<\/strong> e compare entre diferentes cl\u00ednicas de depila\u00e7\u00e3o.<\/li>\n      <li><strong>Busque transpar\u00eancia:<\/strong> Priorize lugares que expliquem claramente prazo, taxas e eventuais custos adicionais do parcelamento.<\/li>\n      <li><strong>Planeje:<\/strong> Calcule quantas sess\u00f5es seu tratamento requer e ajuste o parcelamento de forma que ele caiba no seu or\u00e7amento mensal.<\/li>\n    <\/ul>\n  <\/section>\n  <section>\n    <h2>Conclus\u00e3o<\/h2>\n    <p>Oferecer <strong>parcelamento em depila\u00e7\u00e3o<\/strong> \u00e9 uma pr\u00e1tica cada vez mais comum e necess\u00e1ria, pois facilita o acesso de todos aos cuidados com a pele. Pesquisar as <strong>condi\u00e7\u00f5es de pagamento<\/strong> dispon\u00edveis e entender as regras do estabelecimento \u00e9 fundamental para garantir uma experi\u00eancia positiva \u2014 que una conforto, sa\u00fade, beleza e economia.<\/p>\n    <p>Ao buscar seu pr\u00f3ximo procedimento, priorize locais comprometidos com seu bem-estar e que valorizem sua presen\u00e7a, oferecendo op\u00e7\u00f5es que se encaixam tanto nas suas necessidades quanto no seu bolso.<\/p>\n    <hr \/>\n    <p><strong>Palavras-chave:<\/strong> parcelamento depila\u00e7\u00e3o, formas de pagamento depila\u00e7\u00e3o, condi\u00e7\u00f5es de pagamento est\u00e9tica, depila\u00e7\u00e3o a laser parcelada, cl\u00ednica de depila\u00e7\u00e3o, autocuidado, pacote depila\u00e7\u00e3o.<\/p>\n  <\/section>\n<\/article>\n","protected":false},"excerpt":{"rendered":"<p>Parcelamento de Servi\u00e7os de Depila\u00e7\u00e3o: Facilidade e Flexibilidade para Valorizar Seu Bem-Estar Por que oferecer parcelamento na depila\u00e7\u00e3o? No universo da est\u00e9tica e depila\u00e7\u00e3o, \u00e9 cada vez mais importante tornar o autocuidado acess\u00edvel para todos. Investir em sess\u00f5es de depila\u00e7\u00e3o profissional, seja com cera quente, cera fria ou at\u00e9 mesmo depila\u00e7\u00e3o a laser, pode envolver &hellip;<\/p>\n<p class=\"read-more\"> <a class=\"\" href=\"https:\/\/fernandadepilacao.com.br\/portal\/2025\/11\/como-o-parcelamento-em-servicos-de-depilacao-facilita-o-autocuidado\/\"> <span class=\"screen-reader-text\">Como o Parcelamento em Servi\u00e7os de Depila\u00e7\u00e3o Facilita o Autocuidado<\/span> Leia mais &raquo;<\/a><\/p>\n","protected":false},"author":1,"featured_media":851,"comment_status":"open","ping_status":"open","sticky":false,"template":"","format":"standard","meta":[],"categories":[1],"tags":[],"yoast_head":"<!-- This site is optimized with the Yoast SEO plugin v18.4.1 - https:\/\/yoast.com\/wordpress\/plugins\/seo\/ -->\n<title>Como o Parcelamento em Servi\u00e7os de Depila\u00e7\u00e3o Facilita o Autocuidado - Fernanda Depila\u00e7\u00e3o<\/title>\n<meta name=\"robots\" content=\"index, follow, max-snippet:-1, max-image-preview:large, max-video-preview:-1\" \/>\n<link rel=\"canonical\" href=\"https:\/\/fernandadepilacao.com.br\/portal\/2025\/11\/como-o-parcelamento-em-servicos-de-depilacao-facilita-o-autocuidado\/\" \/>\n<meta property=\"og:locale\" content=\"pt_BR\" \/>\n<meta property=\"og:type\" content=\"article\" \/>\n<meta property=\"og:title\" content=\"Como o Parcelamento em Servi\u00e7os de Depila\u00e7\u00e3o Facilita o Autocuidado - Fernanda Depila\u00e7\u00e3o\" \/>\n<meta property=\"og:description\" content=\"Parcelamento de Servi\u00e7os de Depila\u00e7\u00e3o: Facilidade e Flexibilidade para Valorizar Seu Bem-Estar Por que oferecer parcelamento na depila\u00e7\u00e3o? No universo da est\u00e9tica e depila\u00e7\u00e3o, \u00e9 cada vez mais importante tornar o autocuidado acess\u00edvel para todos. Investir em sess\u00f5es de depila\u00e7\u00e3o profissional, seja com cera quente, cera fria ou at\u00e9 mesmo depila\u00e7\u00e3o a laser, pode envolver &hellip; Como o Parcelamento em Servi\u00e7os de Depila\u00e7\u00e3o Facilita o Autocuidado Leia mais &raquo;\" \/>\n<meta property=\"og:url\" content=\"https:\/\/fernandadepilacao.com.br\/portal\/2025\/11\/como-o-parcelamento-em-servicos-de-depilacao-facilita-o-autocuidado\/\" \/>\n<meta property=\"og:site_name\" content=\"Fernanda Depila\u00e7\u00e3o\" \/>\n<meta property=\"article:publisher\" content=\"https:\/\/www.facebook.com\/ferjobdepilacao\" \/>\n<meta property=\"article:published_time\" content=\"2025-11-24T03:01:34+00:00\" \/>\n<meta property=\"article:modified_time\" content=\"2025-11-24T03:01:35+00:00\" \/>\n<meta name=\"twitter:card\" content=\"summary_large_image\" \/>\n<meta name=\"twitter:label1\" content=\"Escrito por\" \/>\n\t<meta name=\"twitter:data1\" content=\"fernandajob\" \/>\n\t<meta name=\"twitter:label2\" content=\"Est. tempo de leitura\" \/>\n\t<meta name=\"twitter:data2\" content=\"4 minutos\" \/>\n<script type=\"application\/ld+json\" class=\"yoast-schema-graph\">{\"@context\":\"https:\/\/schema.org\",\"@graph\":[{\"@type\":\"Organization\",\"@id\":\"https:\/\/fernandadepilacao.com.br\/portal\/#organization\",\"name\":\"Fernanda Depila\u00e7\u00e3o\",\"url\":\"https:\/\/fernandadepilacao.com.br\/portal\/\",\"sameAs\":[\"https:\/\/www.facebook.com\/ferjobdepilacao\",\"http:\/\/instagram.com\/fernanda_job\"],\"logo\":{\"@type\":\"ImageObject\",\"@id\":\"https:\/\/fernandadepilacao.com.br\/portal\/#logo\",\"inLanguage\":\"pt-BR\",\"url\":\"http:\/\/fernandadepilacao.com.br\/portal\/wp-content\/uploads\/2021\/03\/logo_fernanda.png\",\"contentUrl\":\"http:\/\/fernandadepilacao.com.br\/portal\/wp-content\/uploads\/2021\/03\/logo_fernanda.png\",\"width\":673,\"height\":688,\"caption\":\"Fernanda Depila\u00e7\u00e3o\"},\"image\":{\"@id\":\"https:\/\/fernandadepilacao.com.br\/portal\/#logo\"}},{\"@type\":\"WebSite\",\"@id\":\"https:\/\/fernandadepilacao.com.br\/portal\/#website\",\"url\":\"https:\/\/fernandadepilacao.com.br\/portal\/\",\"name\":\"Fernanda Depila\u00e7\u00e3o\",\"description\":\"\",\"publisher\":{\"@id\":\"https:\/\/fernandadepilacao.com.br\/portal\/#organization\"},\"potentialAction\":[{\"@type\":\"SearchAction\",\"target\":{\"@type\":\"EntryPoint\",\"urlTemplate\":\"https:\/\/fernandadepilacao.com.br\/portal\/?s={search_term_string}\"},\"query-input\":\"required name=search_term_string\"}],\"inLanguage\":\"pt-BR\"},{\"@type\":\"ImageObject\",\"@id\":\"https:\/\/fernandadepilacao.com.br\/portal\/2025\/11\/como-o-parcelamento-em-servicos-de-depilacao-facilita-o-autocuidado\/#primaryimage\",\"inLanguage\":\"pt-BR\",\"url\":\"https:\/\/fernandadepilacao.com.br\/portal\/wp-content\/uploads\/2025\/11\/20251124000132.png\",\"contentUrl\":\"https:\/\/fernandadepilacao.com.br\/portal\/wp-content\/uploads\/2025\/11\/20251124000132.png\",\"width\":500,\"height\":500},{\"@type\":\"WebPage\",\"@id\":\"https:\/\/fernandadepilacao.com.br\/portal\/2025\/11\/como-o-parcelamento-em-servicos-de-depilacao-facilita-o-autocuidado\/#webpage\",\"url\":\"https:\/\/fernandadepilacao.com.br\/portal\/2025\/11\/como-o-parcelamento-em-servicos-de-depilacao-facilita-o-autocuidado\/\",\"name\":\"Como o Parcelamento em Servi\u00e7os de Depila\u00e7\u00e3o Facilita o Autocuidado - Fernanda Depila\u00e7\u00e3o\",\"isPartOf\":{\"@id\":\"https:\/\/fernandadepilacao.com.br\/portal\/#website\"},\"primaryImageOfPage\":{\"@id\":\"https:\/\/fernandadepilacao.com.br\/portal\/2025\/11\/como-o-parcelamento-em-servicos-de-depilacao-facilita-o-autocuidado\/#primaryimage\"},\"datePublished\":\"2025-11-24T03:01:34+00:00\",\"dateModified\":\"2025-11-24T03:01:35+00:00\",\"breadcrumb\":{\"@id\":\"https:\/\/fernandadepilacao.com.br\/portal\/2025\/11\/como-o-parcelamento-em-servicos-de-depilacao-facilita-o-autocuidado\/#breadcrumb\"},\"inLanguage\":\"pt-BR\",\"potentialAction\":[{\"@type\":\"ReadAction\",\"target\":[\"https:\/\/fernandadepilacao.com.br\/portal\/2025\/11\/como-o-parcelamento-em-servicos-de-depilacao-facilita-o-autocuidado\/\"]}]},{\"@type\":\"BreadcrumbList\",\"@id\":\"https:\/\/fernandadepilacao.com.br\/portal\/2025\/11\/como-o-parcelamento-em-servicos-de-depilacao-facilita-o-autocuidado\/#breadcrumb\",\"itemListElement\":[{\"@type\":\"ListItem\",\"position\":1,\"name\":\"In\u00edcio\",\"item\":\"http:\/\/fernandadepilacao.com.br\/portal\/\"},{\"@type\":\"ListItem\",\"position\":2,\"name\":\"Como o Parcelamento em Servi\u00e7os de Depila\u00e7\u00e3o Facilita o Autocuidado\"}]},{\"@type\":\"Article\",\"@id\":\"https:\/\/fernandadepilacao.com.br\/portal\/2025\/11\/como-o-parcelamento-em-servicos-de-depilacao-facilita-o-autocuidado\/#article\",\"isPartOf\":{\"@id\":\"https:\/\/fernandadepilacao.com.br\/portal\/2025\/11\/como-o-parcelamento-em-servicos-de-depilacao-facilita-o-autocuidado\/#webpage\"},\"author\":{\"@id\":\"https:\/\/fernandadepilacao.com.br\/portal\/#\/schema\/person\/d00644c3bbfd9fd17711767a3b1abbd0\"},\"headline\":\"Como o Parcelamento em Servi\u00e7os de Depila\u00e7\u00e3o Facilita o Autocuidado\",\"datePublished\":\"2025-11-24T03:01:34+00:00\",\"dateModified\":\"2025-11-24T03:01:35+00:00\",\"mainEntityOfPage\":{\"@id\":\"https:\/\/fernandadepilacao.com.br\/portal\/2025\/11\/como-o-parcelamento-em-servicos-de-depilacao-facilita-o-autocuidado\/#webpage\"},\"wordCount\":725,\"commentCount\":0,\"publisher\":{\"@id\":\"https:\/\/fernandadepilacao.com.br\/portal\/#organization\"},\"image\":{\"@id\":\"https:\/\/fernandadepilacao.com.br\/portal\/2025\/11\/como-o-parcelamento-em-servicos-de-depilacao-facilita-o-autocuidado\/#primaryimage\"},\"thumbnailUrl\":\"https:\/\/fernandadepilacao.com.br\/portal\/wp-content\/uploads\/2025\/11\/20251124000132.png\",\"inLanguage\":\"pt-BR\",\"potentialAction\":[{\"@type\":\"CommentAction\",\"name\":\"Comment\",\"target\":[\"https:\/\/fernandadepilacao.com.br\/portal\/2025\/11\/como-o-parcelamento-em-servicos-de-depilacao-facilita-o-autocuidado\/#respond\"]}]},{\"@type\":\"Person\",\"@id\":\"https:\/\/fernandadepilacao.com.br\/portal\/#\/schema\/person\/d00644c3bbfd9fd17711767a3b1abbd0\",\"name\":\"fernandajob\",\"image\":{\"@type\":\"ImageObject\",\"@id\":\"https:\/\/fernandadepilacao.com.br\/portal\/#personlogo\",\"inLanguage\":\"pt-BR\",\"url\":\"https:\/\/secure.gravatar.com\/avatar\/6c2268a68d69a325906fbdccd74b18e6?s=96&d=mm&r=g\",\"contentUrl\":\"https:\/\/secure.gravatar.com\/avatar\/6c2268a68d69a325906fbdccd74b18e6?s=96&d=mm&r=g\",\"caption\":\"fernandajob\"},\"sameAs\":[\"http:\/\/fernandadepilacao.com.br\/portal\"]}]}<\/script>\n<!-- \/ Yoast SEO plugin. -->","yoast_head_json":{"title":"Como o Parcelamento em Servi\u00e7os de Depila\u00e7\u00e3o Facilita o Autocuidado - Fernanda Depila\u00e7\u00e3o","robots":{"index":"index","follow":"follow","max-snippet":"max-snippet:-1","max-image-preview":"max-image-preview:large","max-video-preview":"max-video-preview:-1"},"canonical":"https:\/\/fernandadepilacao.com.br\/portal\/2025\/11\/como-o-parcelamento-em-servicos-de-depilacao-facilita-o-autocuidado\/","og_locale":"pt_BR","og_type":"article","og_title":"Como o Parcelamento em Servi\u00e7os de Depila\u00e7\u00e3o Facilita o Autocuidado - Fernanda Depila\u00e7\u00e3o","og_description":"Parcelamento de Servi\u00e7os de Depila\u00e7\u00e3o: Facilidade e Flexibilidade para Valorizar Seu Bem-Estar Por que oferecer parcelamento na depila\u00e7\u00e3o? No universo da est\u00e9tica e depila\u00e7\u00e3o, \u00e9 cada vez mais importante tornar o autocuidado acess\u00edvel para todos. Investir em sess\u00f5es de depila\u00e7\u00e3o profissional, seja com cera quente, cera fria ou at\u00e9 mesmo depila\u00e7\u00e3o a laser, pode envolver &hellip; Como o Parcelamento em Servi\u00e7os de Depila\u00e7\u00e3o Facilita o Autocuidado Leia mais &raquo;","og_url":"https:\/\/fernandadepilacao.com.br\/portal\/2025\/11\/como-o-parcelamento-em-servicos-de-depilacao-facilita-o-autocuidado\/","og_site_name":"Fernanda Depila\u00e7\u00e3o","article_publisher":"https:\/\/www.facebook.com\/ferjobdepilacao","article_published_time":"2025-11-24T03:01:34+00:00","article_modified_time":"2025-11-24T03:01:35+00:00","twitter_card":"summary_large_image","twitter_misc":{"Escrito por":"fernandajob","Est. tempo de leitura":"4 minutos"},"schema":{"@context":"https:\/\/schema.org","@graph":[{"@type":"Organization","@id":"https:\/\/fernandadepilacao.com.br\/portal\/#organization","name":"Fernanda Depila\u00e7\u00e3o","url":"https:\/\/fernandadepilacao.com.br\/portal\/","sameAs":["https:\/\/www.facebook.com\/ferjobdepilacao","http:\/\/instagram.com\/fernanda_job"],"logo":{"@type":"ImageObject","@id":"https:\/\/fernandadepilacao.com.br\/portal\/#logo","inLanguage":"pt-BR","url":"http:\/\/fernandadepilacao.com.br\/portal\/wp-content\/uploads\/2021\/03\/logo_fernanda.png","contentUrl":"http:\/\/fernandadepilacao.com.br\/portal\/wp-content\/uploads\/2021\/03\/logo_fernanda.png","width":673,"height":688,"caption":"Fernanda Depila\u00e7\u00e3o"},"image":{"@id":"https:\/\/fernandadepilacao.com.br\/portal\/#logo"}},{"@type":"WebSite","@id":"https:\/\/fernandadepilacao.com.br\/portal\/#website","url":"https:\/\/fernandadepilacao.com.br\/portal\/","name":"Fernanda Depila\u00e7\u00e3o","description":"","publisher":{"@id":"https:\/\/fernandadepilacao.com.br\/portal\/#organization"},"potentialAction":[{"@type":"SearchAction","target":{"@type":"EntryPoint","urlTemplate":"https:\/\/fernandadepilacao.com.br\/portal\/?s={search_term_string}"},"query-input":"required name=search_term_string"}],"inLanguage":"pt-BR"},{"@type":"ImageObject","@id":"https:\/\/fernandadepilacao.com.br\/portal\/2025\/11\/como-o-parcelamento-em-servicos-de-depilacao-facilita-o-autocuidado\/#primaryimage","inLanguage":"pt-BR","url":"https:\/\/fernandadepilacao.com.br\/portal\/wp-content\/uploads\/2025\/11\/20251124000132.png","contentUrl":"https:\/\/fernandadepilacao.com.br\/portal\/wp-content\/uploads\/2025\/11\/20251124000132.png","width":500,"height":500},{"@type":"WebPage","@id":"https:\/\/fernandadepilacao.com.br\/portal\/2025\/11\/como-o-parcelamento-em-servicos-de-depilacao-facilita-o-autocuidado\/#webpage","url":"https:\/\/fernandadepilacao.com.br\/portal\/2025\/11\/como-o-parcelamento-em-servicos-de-depilacao-facilita-o-autocuidado\/","name":"Como o Parcelamento em Servi\u00e7os de Depila\u00e7\u00e3o Facilita o Autocuidado - Fernanda Depila\u00e7\u00e3o","isPartOf":{"@id":"https:\/\/fernandadepilacao.com.br\/portal\/#website"},"primaryImageOfPage":{"@id":"https:\/\/fernandadepilacao.com.br\/portal\/2025\/11\/como-o-parcelamento-em-servicos-de-depilacao-facilita-o-autocuidado\/#primaryimage"},"datePublished":"2025-11-24T03:01:34+00:00","dateModified":"2025-11-24T03:01:35+00:00","breadcrumb":{"@id":"https:\/\/fernandadepilacao.com.br\/portal\/2025\/11\/como-o-parcelamento-em-servicos-de-depilacao-facilita-o-autocuidado\/#breadcrumb"},"inLanguage":"pt-BR","potentialAction":[{"@type":"ReadAction","target":["https:\/\/fernandadepilacao.com.br\/portal\/2025\/11\/como-o-parcelamento-em-servicos-de-depilacao-facilita-o-autocuidado\/"]}]},{"@type":"BreadcrumbList","@id":"https:\/\/fernandadepilacao.com.br\/portal\/2025\/11\/como-o-parcelamento-em-servicos-de-depilacao-facilita-o-autocuidado\/#breadcrumb","itemListElement":[{"@type":"ListItem","position":1,"name":"In\u00edcio","item":"http:\/\/fernandadepilacao.com.br\/portal\/"},{"@type":"ListItem","position":2,"name":"Como o Parcelamento em Servi\u00e7os de Depila\u00e7\u00e3o Facilita o Autocuidado"}]},{"@type":"Article","@id":"https:\/\/fernandadepilacao.com.br\/portal\/2025\/11\/como-o-parcelamento-em-servicos-de-depilacao-facilita-o-autocuidado\/#article","isPartOf":{"@id":"https:\/\/fernandadepilacao.com.br\/portal\/2025\/11\/como-o-parcelamento-em-servicos-de-depilacao-facilita-o-autocuidado\/#webpage"},"author":{"@id":"https:\/\/fernandadepilacao.com.br\/portal\/#\/schema\/person\/d00644c3bbfd9fd17711767a3b1abbd0"},"headline":"Como o Parcelamento em Servi\u00e7os de Depila\u00e7\u00e3o Facilita o Autocuidado","datePublished":"2025-11-24T03:01:34+00:00","dateModified":"2025-11-24T03:01:35+00:00","mainEntityOfPage":{"@id":"https:\/\/fernandadepilacao.com.br\/portal\/2025\/11\/como-o-parcelamento-em-servicos-de-depilacao-facilita-o-autocuidado\/#webpage"},"wordCount":725,"commentCount":0,"publisher":{"@id":"https:\/\/fernandadepilacao.com.br\/portal\/#organization"},"image":{"@id":"https:\/\/fernandadepilacao.com.br\/portal\/2025\/11\/como-o-parcelamento-em-servicos-de-depilacao-facilita-o-autocuidado\/#primaryimage"},"thumbnailUrl":"https:\/\/fernandadepilacao.com.br\/portal\/wp-content\/uploads\/2025\/11\/20251124000132.png","inLanguage":"pt-BR","potentialAction":[{"@type":"CommentAction","name":"Comment","target":["https:\/\/fernandadepilacao.com.br\/portal\/2025\/11\/como-o-parcelamento-em-servicos-de-depilacao-facilita-o-autocuidado\/#respond"]}]},{"@type":"Person","@id":"https:\/\/fernandadepilacao.com.br\/portal\/#\/schema\/person\/d00644c3bbfd9fd17711767a3b1abbd0","name":"fernandajob","image":{"@type":"ImageObject","@id":"https:\/\/fernandadepilacao.com.br\/portal\/#personlogo","inLanguage":"pt-BR","url":"https:\/\/secure.gravatar.com\/avatar\/6c2268a68d69a325906fbdccd74b18e6?s=96&d=mm&r=g","contentUrl":"https:\/\/secure.gravatar.com\/avatar\/6c2268a68d69a325906fbdccd74b18e6?s=96&d=mm&r=g","caption":"fernandajob"},"sameAs":["http:\/\/fernandadepilacao.com.br\/portal"]}]}},"uagb_featured_image_src":{"full":["https:\/\/fernandadepilacao.com.br\/portal\/wp-content\/uploads\/2025\/11\/20251124000132.png",500,500,false],"thumbnail":["https:\/\/fernandadepilacao.com.br\/portal\/wp-content\/uploads\/2025\/11\/20251124000132-150x150.png",150,150,true],"medium":["https:\/\/fernandadepilacao.com.br\/portal\/wp-content\/uploads\/2025\/11\/20251124000132-300x300.png",300,300,true],"medium_large":["https:\/\/fernandadepilacao.com.br\/portal\/wp-content\/uploads\/2025\/11\/20251124000132.png",500,500,false],"large":["https:\/\/fernandadepilacao.com.br\/portal\/wp-content\/uploads\/2025\/11\/20251124000132.png",500,500,false],"1536x1536":["https:\/\/fernandadepilacao.com.br\/portal\/wp-content\/uploads\/2025\/11\/20251124000132.png",500,500,false],"2048x2048":["https:\/\/fernandadepilacao.com.br\/portal\/wp-content\/uploads\/2025\/11\/20251124000132.png",500,500,false]},"uagb_author_info":{"display_name":"fernandajob","author_link":"https:\/\/fernandadepilacao.com.br\/portal\/author\/fernandajob\/"},"uagb_comment_info":0,"uagb_excerpt":"Parcelamento de Servi\u00e7os de Depila\u00e7\u00e3o: Facilidade e Flexibilidade para Valorizar Seu Bem-Estar Por que oferecer parcelamento na depila\u00e7\u00e3o? No universo da est\u00e9tica e depila\u00e7\u00e3o, \u00e9 cada vez mais importante tornar o autocuidado acess\u00edvel para todos. Investir em sess\u00f5es de depila\u00e7\u00e3o profissional, seja com cera quente, cera fria ou at\u00e9 mesmo depila\u00e7\u00e3o a laser, pode envolver&hellip;","_links":{"self":[{"href":"https:\/\/fernandadepilacao.com.br\/portal\/wp-json\/wp\/v2\/posts\/852"}],"collection":[{"href":"https:\/\/fernandadepilacao.com.br\/portal\/wp-json\/wp\/v2\/posts"}],"about":[{"href":"https:\/\/fernandadepilacao.com.br\/portal\/wp-json\/wp\/v2\/types\/post"}],"author":[{"embeddable":true,"href":"https:\/\/fernandadepilacao.com.br\/portal\/wp-json\/wp\/v2\/users\/1"}],"replies":[{"embeddable":true,"href":"https:\/\/fernandadepilacao.com.br\/portal\/wp-json\/wp\/v2\/comments?post=852"}],"version-history":[{"count":1,"href":"https:\/\/fernandadepilacao.com.br\/portal\/wp-json\/wp\/v2\/posts\/852\/revisions"}],"predecessor-version":[{"id":853,"href":"https:\/\/fernandadepilacao.com.br\/portal\/wp-json\/wp\/v2\/posts\/852\/revisions\/853"}],"wp:featuredmedia":[{"embeddable":true,"href":"https:\/\/fernandadepilacao.com.br\/portal\/wp-json\/wp\/v2\/media\/851"}],"wp:attachment":[{"href":"https:\/\/fernandadepilacao.com.br\/portal\/wp-json\/wp\/v2\/media?parent=852"}],"wp:term":[{"taxonomy":"category","embeddable":true,"href":"https:\/\/fernandadepilacao.com.br\/portal\/wp-json\/wp\/v2\/categories?post=852"},{"taxonomy":"post_tag","embeddable":true,"href":"https:\/\/fernandadepilacao.com.br\/portal\/wp-json\/wp\/v2\/tags?post=852"}],"curies":[{"name":"wp","href":"https:\/\/api.w.org\/{rel}","templated":true}]}}