{"id":840,"date":"2025-11-22T08:01:24","date_gmt":"2025-11-22T11:01:24","guid":{"rendered":"https:\/\/fernandadepilacao.com.br\/portal\/2025\/11\/entenda-por-que-os-precos-de-depilacao-variam-conforme-a-area-do-corpo\/"},"modified":"2025-11-22T08:01:25","modified_gmt":"2025-11-22T11:01:25","slug":"entenda-por-que-os-precos-de-depilacao-variam-conforme-a-area-do-corpo","status":"publish","type":"post","link":"https:\/\/fernandadepilacao.com.br\/portal\/2025\/11\/entenda-por-que-os-precos-de-depilacao-variam-conforme-a-area-do-corpo\/","title":{"rendered":"Entenda Por Que os Pre\u00e7os de Depila\u00e7\u00e3o Variam Conforme a \u00c1rea do Corpo"},"content":{"rendered":"<article>\n<header>\n<h1>Varia\u00e7\u00e3o de Pre\u00e7os na Depila\u00e7\u00e3o: Por Que o Valor Muda de Acordo com Cada \u00c1rea do Corpo?<\/h1>\n<p>    <meta name=\"description\" content=\"Entenda os motivos da varia\u00e7\u00e3o de pre\u00e7os nos procedimentos de depila\u00e7\u00e3o de acordo com a \u00e1rea do corpo. Saiba como s\u00e3o definidos os valores e quais fatores influenciam o custo de uma depila\u00e7\u00e3o profissional.\" \/><br \/>\n  <\/header>\n<section>\n<h2>Introdu\u00e7\u00e3o \u00e0 Depila\u00e7\u00e3o Profissional<\/h2>\n<p>A depila\u00e7\u00e3o \u00e9 um dos procedimentos est\u00e9ticos mais procurados, seja por quest\u00f5es de higiene, conforto ou est\u00e9tica. Muitos clientes ficam em d\u00favida sobre os motivos da diferen\u00e7a de valores entre as \u00e1reas do corpo. Afinal, por que depilar as axilas custa diferente de uma perna inteira ou de uma regi\u00e3o mais delicada como o rosto? Este artigo explica de forma detalhada essa varia\u00e7\u00e3o de pre\u00e7os, abordando os principais fatores que influenciam no or\u00e7amento e ajudando voc\u00ea a fazer a melhor escolha para seu tratamento de depila\u00e7\u00e3o.<\/p>\n<\/section>\n<section>\n<h2>Quais Fatores Influenciam o Pre\u00e7o da Depila\u00e7\u00e3o?<\/h2>\n<ul>\n<li><strong>Tamanho da \u00e1rea a ser depilada<\/strong><\/li>\n<li><strong>Densidade e volume dos pelos<\/strong><\/li>\n<li><strong>Sensibilidade da pele e complexidade da regi\u00e3o<\/strong><\/li>\n<li><strong>T\u00e9cnica utilizada (cera quente, cera fria, depila\u00e7\u00e3o eg\u00edpcia, laser, etc.)<\/strong><\/li>\n<li><strong>Tempo necess\u00e1rio para o procedimento<\/strong><\/li>\n<li><strong>Quantidade de material de uso descart\u00e1vel ou espec\u00edfico<\/strong><\/li>\n<li><strong>Experi\u00eancia e especializa\u00e7\u00e3o do profissional<\/strong><\/li>\n<\/ul>\n<p>Cada um desses elementos \u00e9 considerado ao precificar o servi\u00e7o, garantindo seguran\u00e7a, qualidade e resultado para o cliente.<\/p>\n<\/section>\n<section>\n<h2>Por que Depilar \u00c1reas Diferentes Tem Pre\u00e7os Diferentes?<\/h2>\n<p>A explica\u00e7\u00e3o principal \u00e9 a combina\u00e7\u00e3o entre o <strong>tempo de execu\u00e7\u00e3o<\/strong>, o <strong>consumo de materiais<\/strong> e a <strong>habilidade t\u00e9cnica<\/strong> exigida para cada regi\u00e3o. \u00c1reas como as costas ou as pernas exigem mais tempo e material, devido ao tamanho e \u00e0 quantidade de pelos. Isso encarece o servi\u00e7o em rela\u00e7\u00e3o a regi\u00f5es menores, como bu\u00e7o ou axilas.<\/p>\n<p>Al\u00e9m disso, \u00e1reas com maior sensibilidade, como virilha ou rosto, demandam t\u00e9cnicas delicadas, produtos espec\u00edficos e aten\u00e7\u00e3o redobrada. Em algumas regi\u00f5es, como a virilha total (&#8220;virilha cavada&#8221; ou <i>virilha completa<\/i>), a depila\u00e7\u00e3o exige um cuidado extra, para evitar irrita\u00e7\u00f5es, foliculite e poss\u00edveis desconfortos. Isso tudo \u00e9 calculado na forma\u00e7\u00e3o do pre\u00e7o.<\/p>\n<\/section>\n<section>\n<h3>Compara\u00e7\u00e3o dos Pre\u00e7os por Regi\u00e3o do Corpo<\/h3>\n<table>\n<thead>\n<tr>\n<th>Regi\u00e3o<\/th>\n<th>Pre\u00e7o M\u00e9dio<\/th>\n<th>Dificuldade\/T\u00e9cnica<\/th>\n<\/tr>\n<\/thead>\n<tbody>\n<tr>\n<td>Bu\u00e7o<\/td>\n<td>R$15-25<\/td>\n<td>Delicado, \u00e1rea pequena<\/td>\n<\/tr>\n<tr>\n<td>Axilas<\/td>\n<td>R$20-40<\/td>\n<td>M\u00e9dia sensibilidade, f\u00e1cil acesso<\/td>\n<\/tr>\n<tr>\n<td>Pernas Inteiras<\/td>\n<td>R$60-120<\/td>\n<td>Grande extens\u00e3o, maior consumo de produtos<\/td>\n<\/tr>\n<tr>\n<td>Virilha (cavada\/completa)<\/td>\n<td>R$40-80<\/td>\n<td>Alta sensibilidade, aten\u00e7\u00e3o redobrada<\/td>\n<\/tr>\n<tr>\n<td>Costas\/T\u00f3rax<\/td>\n<td>R$50-100<\/td>\n<td>Maior \u00e1rea, varia\u00e7\u00e3o de pelos<\/td>\n<\/tr>\n<\/tbody>\n<\/table>\n<p><em>Os valores s\u00e3o estimativas e podem variar conforme localiza\u00e7\u00e3o, t\u00e9cnica e profissional escolhido. Procure sempre por servi\u00e7os qualificados.<\/em><\/p>\n<\/section>\n<section>\n<h2>Depila\u00e7\u00e3o Masculina e Feminina: Diferen\u00e7as de Pre\u00e7os<\/h2>\n<p>\u00c9 comum que a depila\u00e7\u00e3o masculina tenha o pre\u00e7o um pouco mais alto para determinadas \u00e1reas, devido ao volume e \u00e0 espessura dos pelos, al\u00e9m de caracter\u00edsticas hormonais. Por isso, o profissional avalia individualmente cada necessidade, recomenda o melhor m\u00e9todo e realiza os ajustes necess\u00e1rios para garantir conforto e resultado.<\/p>\n<\/section>\n<section>\n<h2>Import\u00e2ncia dos Profissionais Qualificados<\/h2>\n<p>Optar por um servi\u00e7o de depila\u00e7\u00e3o seguro \u00e9 fundamental para evitar complica\u00e7\u00f5es como alergias, queimaduras e infec\u00e7\u00f5es. Profissionais capacitados utilizam produtos espec\u00edficos, t\u00e9cnicas adequadas para cada tipo de pele e pelo, al\u00e9m de promover um atendimento acolhedor e humanizado.<\/p>\n<p>A qualidade do servi\u00e7o e a experi\u00eancia do profissional refletem diretamente no valor cobrado, por isso, desconfie de pre\u00e7os muito abaixo do mercado ou pacotes com promessas milagrosas.<\/p>\n<\/section>\n<section>\n<h2>Dicas para Escolher o Melhor Servi\u00e7o de Depila\u00e7\u00e3o<\/h2>\n<ul>\n<li>Verifique a higiene do espa\u00e7o e dos materiais utilizados;<\/li>\n<li>Converse sobre o tipo de pele e pelos com o profissional;<\/li>\n<li>Solicite orienta\u00e7\u00f5es de pr\u00e9 e p\u00f3s-depila\u00e7\u00e3o para evitar irrita\u00e7\u00f5es;<\/li>\n<li>Evite realizar procedimentos caseiros com produtos de baixa qualidade;<\/li>\n<li>Priorize o seu conforto e seguran\u00e7a acima de tudo.<\/li>\n<\/ul>\n<\/section>\n<section>\n<h2>Conclus\u00e3o<\/h2>\n<p>A varia\u00e7\u00e3o de pre\u00e7os na depila\u00e7\u00e3o conforme a \u00e1rea do corpo \u00e9 resultado de uma s\u00e9rie de fatores que v\u00e3o desde o tamanho da regi\u00e3o, variedade de t\u00e9cnicas e produtos utilizados at\u00e9 a sensibilidade da pele e o grau de dificuldade do procedimento. Investir em um servi\u00e7o especializado traz seguran\u00e7a para cuidar da sa\u00fade da sua pele e garante os melhores resultados. Para quem busca <strong>depila\u00e7\u00e3o<\/strong> eficaz, confort\u00e1vel e duradoura, o ideal \u00e9 sempre escolher estabelecimentos profissionais e avaliar n\u00e3o s\u00f3 o pre\u00e7o, mas a qualidade do atendimento e dos produtos utilizados.<\/p>\n<p>Cuidar do corpo \u00e9 um ato de carinho consigo mesmo. Escolha com consci\u00eancia e valorize sua autoestima!<\/p>\n<\/section>\n<\/article>\n","protected":false},"excerpt":{"rendered":"<p>Varia\u00e7\u00e3o de Pre\u00e7os na Depila\u00e7\u00e3o: Por Que o Valor Muda de Acordo com Cada \u00c1rea do Corpo? Introdu\u00e7\u00e3o \u00e0 Depila\u00e7\u00e3o Profissional A depila\u00e7\u00e3o \u00e9 um dos procedimentos est\u00e9ticos mais procurados, seja por quest\u00f5es de higiene, conforto ou est\u00e9tica. Muitos clientes ficam em d\u00favida sobre os motivos da diferen\u00e7a de valores entre as \u00e1reas do corpo. &hellip;<\/p>\n<p class=\"read-more\"> <a class=\"\" href=\"https:\/\/fernandadepilacao.com.br\/portal\/2025\/11\/entenda-por-que-os-precos-de-depilacao-variam-conforme-a-area-do-corpo\/\"> <span class=\"screen-reader-text\">Entenda Por Que os Pre\u00e7os de Depila\u00e7\u00e3o Variam Conforme a \u00c1rea do Corpo<\/span> Leia mais &raquo;<\/a><\/p>\n","protected":false},"author":1,"featured_media":839,"comment_status":"open","ping_status":"open","sticky":false,"template":"","format":"standard","meta":[],"categories":[1],"tags":[],"yoast_head":"<!-- This site is optimized with the Yoast SEO plugin v18.4.1 - https:\/\/yoast.com\/wordpress\/plugins\/seo\/ -->\n<title>Entenda Por Que os Pre\u00e7os de Depila\u00e7\u00e3o Variam Conforme a \u00c1rea do Corpo - Fernanda Depila\u00e7\u00e3o<\/title>\n<meta name=\"robots\" content=\"index, follow, max-snippet:-1, max-image-preview:large, max-video-preview:-1\" \/>\n<link rel=\"canonical\" href=\"https:\/\/fernandadepilacao.com.br\/portal\/2025\/11\/entenda-por-que-os-precos-de-depilacao-variam-conforme-a-area-do-corpo\/\" \/>\n<meta property=\"og:locale\" content=\"pt_BR\" \/>\n<meta property=\"og:type\" content=\"article\" \/>\n<meta property=\"og:title\" content=\"Entenda Por Que os Pre\u00e7os de Depila\u00e7\u00e3o Variam Conforme a \u00c1rea do Corpo - Fernanda Depila\u00e7\u00e3o\" \/>\n<meta property=\"og:description\" content=\"Varia\u00e7\u00e3o de Pre\u00e7os na Depila\u00e7\u00e3o: Por Que o Valor Muda de Acordo com Cada \u00c1rea do Corpo? Introdu\u00e7\u00e3o \u00e0 Depila\u00e7\u00e3o Profissional A depila\u00e7\u00e3o \u00e9 um dos procedimentos est\u00e9ticos mais procurados, seja por quest\u00f5es de higiene, conforto ou est\u00e9tica. Muitos clientes ficam em d\u00favida sobre os motivos da diferen\u00e7a de valores entre as \u00e1reas do corpo. &hellip; Entenda Por Que os Pre\u00e7os de Depila\u00e7\u00e3o Variam Conforme a \u00c1rea do Corpo Leia mais &raquo;\" \/>\n<meta property=\"og:url\" content=\"https:\/\/fernandadepilacao.com.br\/portal\/2025\/11\/entenda-por-que-os-precos-de-depilacao-variam-conforme-a-area-do-corpo\/\" \/>\n<meta property=\"og:site_name\" content=\"Fernanda Depila\u00e7\u00e3o\" \/>\n<meta property=\"article:publisher\" content=\"https:\/\/www.facebook.com\/ferjobdepilacao\" \/>\n<meta property=\"article:published_time\" content=\"2025-11-22T11:01:24+00:00\" \/>\n<meta property=\"article:modified_time\" content=\"2025-11-22T11:01:25+00:00\" \/>\n<meta name=\"twitter:card\" content=\"summary_large_image\" \/>\n<meta name=\"twitter:label1\" content=\"Escrito por\" \/>\n\t<meta name=\"twitter:data1\" content=\"fernandajob\" \/>\n\t<meta name=\"twitter:label2\" content=\"Est. tempo de leitura\" \/>\n\t<meta name=\"twitter:data2\" content=\"4 minutos\" \/>\n<script type=\"application\/ld+json\" class=\"yoast-schema-graph\">{\"@context\":\"https:\/\/schema.org\",\"@graph\":[{\"@type\":\"Organization\",\"@id\":\"https:\/\/fernandadepilacao.com.br\/portal\/#organization\",\"name\":\"Fernanda Depila\u00e7\u00e3o\",\"url\":\"https:\/\/fernandadepilacao.com.br\/portal\/\",\"sameAs\":[\"https:\/\/www.facebook.com\/ferjobdepilacao\",\"http:\/\/instagram.com\/fernanda_job\"],\"logo\":{\"@type\":\"ImageObject\",\"@id\":\"https:\/\/fernandadepilacao.com.br\/portal\/#logo\",\"inLanguage\":\"pt-BR\",\"url\":\"http:\/\/fernandadepilacao.com.br\/portal\/wp-content\/uploads\/2021\/03\/logo_fernanda.png\",\"contentUrl\":\"http:\/\/fernandadepilacao.com.br\/portal\/wp-content\/uploads\/2021\/03\/logo_fernanda.png\",\"width\":673,\"height\":688,\"caption\":\"Fernanda Depila\u00e7\u00e3o\"},\"image\":{\"@id\":\"https:\/\/fernandadepilacao.com.br\/portal\/#logo\"}},{\"@type\":\"WebSite\",\"@id\":\"https:\/\/fernandadepilacao.com.br\/portal\/#website\",\"url\":\"https:\/\/fernandadepilacao.com.br\/portal\/\",\"name\":\"Fernanda Depila\u00e7\u00e3o\",\"description\":\"\",\"publisher\":{\"@id\":\"https:\/\/fernandadepilacao.com.br\/portal\/#organization\"},\"potentialAction\":[{\"@type\":\"SearchAction\",\"target\":{\"@type\":\"EntryPoint\",\"urlTemplate\":\"https:\/\/fernandadepilacao.com.br\/portal\/?s={search_term_string}\"},\"query-input\":\"required name=search_term_string\"}],\"inLanguage\":\"pt-BR\"},{\"@type\":\"ImageObject\",\"@id\":\"https:\/\/fernandadepilacao.com.br\/portal\/2025\/11\/entenda-por-que-os-precos-de-depilacao-variam-conforme-a-area-do-corpo\/#primaryimage\",\"inLanguage\":\"pt-BR\",\"url\":\"https:\/\/fernandadepilacao.com.br\/portal\/wp-content\/uploads\/2025\/11\/20251122080121.png\",\"contentUrl\":\"https:\/\/fernandadepilacao.com.br\/portal\/wp-content\/uploads\/2025\/11\/20251122080121.png\",\"width\":500,\"height\":500},{\"@type\":\"WebPage\",\"@id\":\"https:\/\/fernandadepilacao.com.br\/portal\/2025\/11\/entenda-por-que-os-precos-de-depilacao-variam-conforme-a-area-do-corpo\/#webpage\",\"url\":\"https:\/\/fernandadepilacao.com.br\/portal\/2025\/11\/entenda-por-que-os-precos-de-depilacao-variam-conforme-a-area-do-corpo\/\",\"name\":\"Entenda Por Que os Pre\u00e7os de Depila\u00e7\u00e3o Variam Conforme a \u00c1rea do Corpo - Fernanda Depila\u00e7\u00e3o\",\"isPartOf\":{\"@id\":\"https:\/\/fernandadepilacao.com.br\/portal\/#website\"},\"primaryImageOfPage\":{\"@id\":\"https:\/\/fernandadepilacao.com.br\/portal\/2025\/11\/entenda-por-que-os-precos-de-depilacao-variam-conforme-a-area-do-corpo\/#primaryimage\"},\"datePublished\":\"2025-11-22T11:01:24+00:00\",\"dateModified\":\"2025-11-22T11:01:25+00:00\",\"breadcrumb\":{\"@id\":\"https:\/\/fernandadepilacao.com.br\/portal\/2025\/11\/entenda-por-que-os-precos-de-depilacao-variam-conforme-a-area-do-corpo\/#breadcrumb\"},\"inLanguage\":\"pt-BR\",\"potentialAction\":[{\"@type\":\"ReadAction\",\"target\":[\"https:\/\/fernandadepilacao.com.br\/portal\/2025\/11\/entenda-por-que-os-precos-de-depilacao-variam-conforme-a-area-do-corpo\/\"]}]},{\"@type\":\"BreadcrumbList\",\"@id\":\"https:\/\/fernandadepilacao.com.br\/portal\/2025\/11\/entenda-por-que-os-precos-de-depilacao-variam-conforme-a-area-do-corpo\/#breadcrumb\",\"itemListElement\":[{\"@type\":\"ListItem\",\"position\":1,\"name\":\"In\u00edcio\",\"item\":\"http:\/\/fernandadepilacao.com.br\/portal\/\"},{\"@type\":\"ListItem\",\"position\":2,\"name\":\"Entenda Por Que os Pre\u00e7os de Depila\u00e7\u00e3o Variam Conforme a \u00c1rea do Corpo\"}]},{\"@type\":\"Article\",\"@id\":\"https:\/\/fernandadepilacao.com.br\/portal\/2025\/11\/entenda-por-que-os-precos-de-depilacao-variam-conforme-a-area-do-corpo\/#article\",\"isPartOf\":{\"@id\":\"https:\/\/fernandadepilacao.com.br\/portal\/2025\/11\/entenda-por-que-os-precos-de-depilacao-variam-conforme-a-area-do-corpo\/#webpage\"},\"author\":{\"@id\":\"https:\/\/fernandadepilacao.com.br\/portal\/#\/schema\/person\/d00644c3bbfd9fd17711767a3b1abbd0\"},\"headline\":\"Entenda Por Que os Pre\u00e7os de Depila\u00e7\u00e3o Variam Conforme a \u00c1rea do Corpo\",\"datePublished\":\"2025-11-22T11:01:24+00:00\",\"dateModified\":\"2025-11-22T11:01:25+00:00\",\"mainEntityOfPage\":{\"@id\":\"https:\/\/fernandadepilacao.com.br\/portal\/2025\/11\/entenda-por-que-os-precos-de-depilacao-variam-conforme-a-area-do-corpo\/#webpage\"},\"wordCount\":771,\"commentCount\":0,\"publisher\":{\"@id\":\"https:\/\/fernandadepilacao.com.br\/portal\/#organization\"},\"image\":{\"@id\":\"https:\/\/fernandadepilacao.com.br\/portal\/2025\/11\/entenda-por-que-os-precos-de-depilacao-variam-conforme-a-area-do-corpo\/#primaryimage\"},\"thumbnailUrl\":\"https:\/\/fernandadepilacao.com.br\/portal\/wp-content\/uploads\/2025\/11\/20251122080121.png\",\"inLanguage\":\"pt-BR\",\"potentialAction\":[{\"@type\":\"CommentAction\",\"name\":\"Comment\",\"target\":[\"https:\/\/fernandadepilacao.com.br\/portal\/2025\/11\/entenda-por-que-os-precos-de-depilacao-variam-conforme-a-area-do-corpo\/#respond\"]}]},{\"@type\":\"Person\",\"@id\":\"https:\/\/fernandadepilacao.com.br\/portal\/#\/schema\/person\/d00644c3bbfd9fd17711767a3b1abbd0\",\"name\":\"fernandajob\",\"image\":{\"@type\":\"ImageObject\",\"@id\":\"https:\/\/fernandadepilacao.com.br\/portal\/#personlogo\",\"inLanguage\":\"pt-BR\",\"url\":\"https:\/\/secure.gravatar.com\/avatar\/6c2268a68d69a325906fbdccd74b18e6?s=96&d=mm&r=g\",\"contentUrl\":\"https:\/\/secure.gravatar.com\/avatar\/6c2268a68d69a325906fbdccd74b18e6?s=96&d=mm&r=g\",\"caption\":\"fernandajob\"},\"sameAs\":[\"http:\/\/fernandadepilacao.com.br\/portal\"]}]}<\/script>\n<!-- \/ Yoast SEO plugin. -->","yoast_head_json":{"title":"Entenda Por Que os Pre\u00e7os de Depila\u00e7\u00e3o Variam Conforme a \u00c1rea do Corpo - Fernanda Depila\u00e7\u00e3o","robots":{"index":"index","follow":"follow","max-snippet":"max-snippet:-1","max-image-preview":"max-image-preview:large","max-video-preview":"max-video-preview:-1"},"canonical":"https:\/\/fernandadepilacao.com.br\/portal\/2025\/11\/entenda-por-que-os-precos-de-depilacao-variam-conforme-a-area-do-corpo\/","og_locale":"pt_BR","og_type":"article","og_title":"Entenda Por Que os Pre\u00e7os de Depila\u00e7\u00e3o Variam Conforme a \u00c1rea do Corpo - Fernanda Depila\u00e7\u00e3o","og_description":"Varia\u00e7\u00e3o de Pre\u00e7os na Depila\u00e7\u00e3o: Por Que o Valor Muda de Acordo com Cada \u00c1rea do Corpo? Introdu\u00e7\u00e3o \u00e0 Depila\u00e7\u00e3o Profissional A depila\u00e7\u00e3o \u00e9 um dos procedimentos est\u00e9ticos mais procurados, seja por quest\u00f5es de higiene, conforto ou est\u00e9tica. Muitos clientes ficam em d\u00favida sobre os motivos da diferen\u00e7a de valores entre as \u00e1reas do corpo. &hellip; Entenda Por Que os Pre\u00e7os de Depila\u00e7\u00e3o Variam Conforme a \u00c1rea do Corpo Leia mais &raquo;","og_url":"https:\/\/fernandadepilacao.com.br\/portal\/2025\/11\/entenda-por-que-os-precos-de-depilacao-variam-conforme-a-area-do-corpo\/","og_site_name":"Fernanda Depila\u00e7\u00e3o","article_publisher":"https:\/\/www.facebook.com\/ferjobdepilacao","article_published_time":"2025-11-22T11:01:24+00:00","article_modified_time":"2025-11-22T11:01:25+00:00","twitter_card":"summary_large_image","twitter_misc":{"Escrito por":"fernandajob","Est. tempo de leitura":"4 minutos"},"schema":{"@context":"https:\/\/schema.org","@graph":[{"@type":"Organization","@id":"https:\/\/fernandadepilacao.com.br\/portal\/#organization","name":"Fernanda Depila\u00e7\u00e3o","url":"https:\/\/fernandadepilacao.com.br\/portal\/","sameAs":["https:\/\/www.facebook.com\/ferjobdepilacao","http:\/\/instagram.com\/fernanda_job"],"logo":{"@type":"ImageObject","@id":"https:\/\/fernandadepilacao.com.br\/portal\/#logo","inLanguage":"pt-BR","url":"http:\/\/fernandadepilacao.com.br\/portal\/wp-content\/uploads\/2021\/03\/logo_fernanda.png","contentUrl":"http:\/\/fernandadepilacao.com.br\/portal\/wp-content\/uploads\/2021\/03\/logo_fernanda.png","width":673,"height":688,"caption":"Fernanda Depila\u00e7\u00e3o"},"image":{"@id":"https:\/\/fernandadepilacao.com.br\/portal\/#logo"}},{"@type":"WebSite","@id":"https:\/\/fernandadepilacao.com.br\/portal\/#website","url":"https:\/\/fernandadepilacao.com.br\/portal\/","name":"Fernanda Depila\u00e7\u00e3o","description":"","publisher":{"@id":"https:\/\/fernandadepilacao.com.br\/portal\/#organization"},"potentialAction":[{"@type":"SearchAction","target":{"@type":"EntryPoint","urlTemplate":"https:\/\/fernandadepilacao.com.br\/portal\/?s={search_term_string}"},"query-input":"required name=search_term_string"}],"inLanguage":"pt-BR"},{"@type":"ImageObject","@id":"https:\/\/fernandadepilacao.com.br\/portal\/2025\/11\/entenda-por-que-os-precos-de-depilacao-variam-conforme-a-area-do-corpo\/#primaryimage","inLanguage":"pt-BR","url":"https:\/\/fernandadepilacao.com.br\/portal\/wp-content\/uploads\/2025\/11\/20251122080121.png","contentUrl":"https:\/\/fernandadepilacao.com.br\/portal\/wp-content\/uploads\/2025\/11\/20251122080121.png","width":500,"height":500},{"@type":"WebPage","@id":"https:\/\/fernandadepilacao.com.br\/portal\/2025\/11\/entenda-por-que-os-precos-de-depilacao-variam-conforme-a-area-do-corpo\/#webpage","url":"https:\/\/fernandadepilacao.com.br\/portal\/2025\/11\/entenda-por-que-os-precos-de-depilacao-variam-conforme-a-area-do-corpo\/","name":"Entenda Por Que os Pre\u00e7os de Depila\u00e7\u00e3o Variam Conforme a \u00c1rea do Corpo - Fernanda Depila\u00e7\u00e3o","isPartOf":{"@id":"https:\/\/fernandadepilacao.com.br\/portal\/#website"},"primaryImageOfPage":{"@id":"https:\/\/fernandadepilacao.com.br\/portal\/2025\/11\/entenda-por-que-os-precos-de-depilacao-variam-conforme-a-area-do-corpo\/#primaryimage"},"datePublished":"2025-11-22T11:01:24+00:00","dateModified":"2025-11-22T11:01:25+00:00","breadcrumb":{"@id":"https:\/\/fernandadepilacao.com.br\/portal\/2025\/11\/entenda-por-que-os-precos-de-depilacao-variam-conforme-a-area-do-corpo\/#breadcrumb"},"inLanguage":"pt-BR","potentialAction":[{"@type":"ReadAction","target":["https:\/\/fernandadepilacao.com.br\/portal\/2025\/11\/entenda-por-que-os-precos-de-depilacao-variam-conforme-a-area-do-corpo\/"]}]},{"@type":"BreadcrumbList","@id":"https:\/\/fernandadepilacao.com.br\/portal\/2025\/11\/entenda-por-que-os-precos-de-depilacao-variam-conforme-a-area-do-corpo\/#breadcrumb","itemListElement":[{"@type":"ListItem","position":1,"name":"In\u00edcio","item":"http:\/\/fernandadepilacao.com.br\/portal\/"},{"@type":"ListItem","position":2,"name":"Entenda Por Que os Pre\u00e7os de Depila\u00e7\u00e3o Variam Conforme a \u00c1rea do Corpo"}]},{"@type":"Article","@id":"https:\/\/fernandadepilacao.com.br\/portal\/2025\/11\/entenda-por-que-os-precos-de-depilacao-variam-conforme-a-area-do-corpo\/#article","isPartOf":{"@id":"https:\/\/fernandadepilacao.com.br\/portal\/2025\/11\/entenda-por-que-os-precos-de-depilacao-variam-conforme-a-area-do-corpo\/#webpage"},"author":{"@id":"https:\/\/fernandadepilacao.com.br\/portal\/#\/schema\/person\/d00644c3bbfd9fd17711767a3b1abbd0"},"headline":"Entenda Por Que os Pre\u00e7os de Depila\u00e7\u00e3o Variam Conforme a \u00c1rea do Corpo","datePublished":"2025-11-22T11:01:24+00:00","dateModified":"2025-11-22T11:01:25+00:00","mainEntityOfPage":{"@id":"https:\/\/fernandadepilacao.com.br\/portal\/2025\/11\/entenda-por-que-os-precos-de-depilacao-variam-conforme-a-area-do-corpo\/#webpage"},"wordCount":771,"commentCount":0,"publisher":{"@id":"https:\/\/fernandadepilacao.com.br\/portal\/#organization"},"image":{"@id":"https:\/\/fernandadepilacao.com.br\/portal\/2025\/11\/entenda-por-que-os-precos-de-depilacao-variam-conforme-a-area-do-corpo\/#primaryimage"},"thumbnailUrl":"https:\/\/fernandadepilacao.com.br\/portal\/wp-content\/uploads\/2025\/11\/20251122080121.png","inLanguage":"pt-BR","potentialAction":[{"@type":"CommentAction","name":"Comment","target":["https:\/\/fernandadepilacao.com.br\/portal\/2025\/11\/entenda-por-que-os-precos-de-depilacao-variam-conforme-a-area-do-corpo\/#respond"]}]},{"@type":"Person","@id":"https:\/\/fernandadepilacao.com.br\/portal\/#\/schema\/person\/d00644c3bbfd9fd17711767a3b1abbd0","name":"fernandajob","image":{"@type":"ImageObject","@id":"https:\/\/fernandadepilacao.com.br\/portal\/#personlogo","inLanguage":"pt-BR","url":"https:\/\/secure.gravatar.com\/avatar\/6c2268a68d69a325906fbdccd74b18e6?s=96&d=mm&r=g","contentUrl":"https:\/\/secure.gravatar.com\/avatar\/6c2268a68d69a325906fbdccd74b18e6?s=96&d=mm&r=g","caption":"fernandajob"},"sameAs":["http:\/\/fernandadepilacao.com.br\/portal"]}]}},"uagb_featured_image_src":{"full":["https:\/\/fernandadepilacao.com.br\/portal\/wp-content\/uploads\/2025\/11\/20251122080121.png",500,500,false],"thumbnail":["https:\/\/fernandadepilacao.com.br\/portal\/wp-content\/uploads\/2025\/11\/20251122080121-150x150.png",150,150,true],"medium":["https:\/\/fernandadepilacao.com.br\/portal\/wp-content\/uploads\/2025\/11\/20251122080121-300x300.png",300,300,true],"medium_large":["https:\/\/fernandadepilacao.com.br\/portal\/wp-content\/uploads\/2025\/11\/20251122080121.png",500,500,false],"large":["https:\/\/fernandadepilacao.com.br\/portal\/wp-content\/uploads\/2025\/11\/20251122080121.png",500,500,false],"1536x1536":["https:\/\/fernandadepilacao.com.br\/portal\/wp-content\/uploads\/2025\/11\/20251122080121.png",500,500,false],"2048x2048":["https:\/\/fernandadepilacao.com.br\/portal\/wp-content\/uploads\/2025\/11\/20251122080121.png",500,500,false]},"uagb_author_info":{"display_name":"fernandajob","author_link":"https:\/\/fernandadepilacao.com.br\/portal\/author\/fernandajob\/"},"uagb_comment_info":0,"uagb_excerpt":"Varia\u00e7\u00e3o de Pre\u00e7os na Depila\u00e7\u00e3o: Por Que o Valor Muda de Acordo com Cada \u00c1rea do Corpo? Introdu\u00e7\u00e3o \u00e0 Depila\u00e7\u00e3o Profissional A depila\u00e7\u00e3o \u00e9 um dos procedimentos est\u00e9ticos mais procurados, seja por quest\u00f5es de higiene, conforto ou est\u00e9tica. Muitos clientes ficam em d\u00favida sobre os motivos da diferen\u00e7a de valores entre as \u00e1reas do corpo.&hellip;","_links":{"self":[{"href":"https:\/\/fernandadepilacao.com.br\/portal\/wp-json\/wp\/v2\/posts\/840"}],"collection":[{"href":"https:\/\/fernandadepilacao.com.br\/portal\/wp-json\/wp\/v2\/posts"}],"about":[{"href":"https:\/\/fernandadepilacao.com.br\/portal\/wp-json\/wp\/v2\/types\/post"}],"author":[{"embeddable":true,"href":"https:\/\/fernandadepilacao.com.br\/portal\/wp-json\/wp\/v2\/users\/1"}],"replies":[{"embeddable":true,"href":"https:\/\/fernandadepilacao.com.br\/portal\/wp-json\/wp\/v2\/comments?post=840"}],"version-history":[{"count":1,"href":"https:\/\/fernandadepilacao.com.br\/portal\/wp-json\/wp\/v2\/posts\/840\/revisions"}],"predecessor-version":[{"id":841,"href":"https:\/\/fernandadepilacao.com.br\/portal\/wp-json\/wp\/v2\/posts\/840\/revisions\/841"}],"wp:featuredmedia":[{"embeddable":true,"href":"https:\/\/fernandadepilacao.com.br\/portal\/wp-json\/wp\/v2\/media\/839"}],"wp:attachment":[{"href":"https:\/\/fernandadepilacao.com.br\/portal\/wp-json\/wp\/v2\/media?parent=840"}],"wp:term":[{"taxonomy":"category","embeddable":true,"href":"https:\/\/fernandadepilacao.com.br\/portal\/wp-json\/wp\/v2\/categories?post=840"},{"taxonomy":"post_tag","embeddable":true,"href":"https:\/\/fernandadepilacao.com.br\/portal\/wp-json\/wp\/v2\/tags?post=840"}],"curies":[{"name":"wp","href":"https:\/\/api.w.org\/{rel}","templated":true}]}}