{"id":837,"date":"2025-11-22T00:01:20","date_gmt":"2025-11-22T03:01:20","guid":{"rendered":"https:\/\/fernandadepilacao.com.br\/portal\/2025\/11\/como-evitar-reacoes-adversas-na-depilacao-com-creme-depilatorio-e-cuidar-da-sua-pele\/"},"modified":"2025-11-22T06:00:18","modified_gmt":"2025-11-22T09:00:18","slug":"como-evitar-reacoes-adversas-na-depilacao-com-creme-depilatorio-e-cuidar-da-sua-pele","status":"publish","type":"post","link":"https:\/\/fernandadepilacao.com.br\/portal\/2025\/11\/como-evitar-reacoes-adversas-na-depilacao-com-creme-depilatorio-e-cuidar-da-sua-pele\/","title":{"rendered":"Como Evitar Rea\u00e7\u00f5es Adversas na Depila\u00e7\u00e3o com Creme Depilat\u00f3rio e Cuidar da Sua Pele"},"content":{"rendered":"<article>\n<header>\n<h1>Rea\u00e7\u00f5es Adversas na Depila\u00e7\u00e3o com Creme Depilat\u00f3rio: Como Evit\u00e1-las e Cuidar da Sua Pele<\/h1>\n<p>    <meta name=\"description\" content=\"Descubra como prevenir rea\u00e7\u00f5es adversas ao usar creme depilat\u00f3rio. Saiba quais s\u00e3o os principais cuidados e orienta\u00e7\u00f5es de uma esteticista especialista em depila\u00e7\u00e3o para garantir uma depila\u00e7\u00e3o suave, segura e eficaz.\" \/><br \/>\n  <\/header>\n<section>\n<h2>Introdu\u00e7\u00e3o<\/h2>\n<p>O <strong>creme depilat\u00f3rio<\/strong> \u00e9 uma escolha popular para quem busca uma <strong>depila\u00e7\u00e3o r\u00e1pida e indolor<\/strong>. No entanto, seu uso exige alguns cuidados espec\u00edficos para evitar <strong>rea\u00e7\u00f5es adversas<\/strong> como irrita\u00e7\u00e3o, alergias e at\u00e9 queimaduras leves. Este artigo re\u00fane as melhores pr\u00e1ticas recomendadas por especialistas em <strong>est\u00e9tica<\/strong> para garantir que sua pele fique livre de pelos e tamb\u00e9m de problemas!<\/p>\n<\/section>\n<section>\n<h2>Quais s\u00e3o as rea\u00e7\u00f5es adversas mais comuns com uso de creme depilat\u00f3rio?<\/h2>\n<ul>\n<li><strong>Irrita\u00e7\u00e3o cut\u00e2nea:<\/strong> Vermelhid\u00e3o, ardor e sensa\u00e7\u00e3o de calor ap\u00f3s a aplica\u00e7\u00e3o.<\/li>\n<li><strong>Coceira e descama\u00e7\u00e3o:<\/strong> Sintomas de sensibilidade que podem persistir por horas.<\/li>\n<li><strong>Queimaduras qu\u00edmicas:<\/strong> Les\u00f5es mais intensas quando o produto \u00e9 deixado na pele por tempo excedido.<\/li>\n<li><strong>Alergia:<\/strong> Manifesta\u00e7\u00f5es como urtic\u00e1ria, incha\u00e7o ou bolhas.<\/li>\n<\/ul>\n<p>Estas rea\u00e7\u00f5es, na maioria das vezes, podem ser <strong>prevenidas<\/strong> com informa\u00e7\u00f5es e pequenas mudan\u00e7as no preparo da pele e na aplica\u00e7\u00e3o do produto.<\/p>\n<\/section>\n<section>\n<h2>Por que ocorrem rea\u00e7\u00f5es adversas?<\/h2>\n<p>Os cremes depilat\u00f3rios cont\u00eam ativos qu\u00edmicos como <strong>tioglicolato de c\u00e1lcio<\/strong> ou <strong>hidr\u00f3xido de pot\u00e1ssio<\/strong> que dissolvem a estrutura dos pelos, facilitando sua remo\u00e7\u00e3o. Embora eficazes, estas subst\u00e2ncias podem tamb\u00e9m agredir a camada superficial da pele (<em>epiderme<\/em>), principalmente em pessoas com <strong>pele sens\u00edvel<\/strong>.<\/p>\n<\/section>\n<section>\n<h2>Dicas para evitar rea\u00e7\u00f5es adversas com creme depilat\u00f3rio<\/h2>\n<ol>\n<li><strong>Fa\u00e7a o teste de sensibilidade:<\/strong> Antes de aplicar no corpo todo, passe uma pequena quantidade do produto no bra\u00e7o. Aguarde 24h e observe se h\u00e1 algum sinal de alergia.<\/li>\n<li><strong>Siga rigorosamente o tempo indicado:<\/strong> Deixar o creme al\u00e9m do tempo recomendado pode resultar em queimaduras qu\u00edmicas. Leia e siga o r\u00f3tulo do produto pesquisando sempre <em>como usar creme depilat\u00f3rio<\/em>.<\/li>\n<li><strong>Evite \u00e1reas lesionadas:<\/strong> N\u00e3o aplique sobre cortes, espinhas, feridas ou regi\u00f5es rec\u00e9m-expostas ao sol.<\/li>\n<li><strong>Higienize a regi\u00e3o antes da depila\u00e7\u00e3o:<\/strong> Limpar a pele remove impurezas e excesso de oleosidade, potencializando o efeito do produto e minimizando riscos.<\/li>\n<li><strong>Aplique uma camada uniforme:<\/strong> N\u00e3o exagere na quantidade. Uma cobertura uniforme \u00e9 o suficiente para bons resultados.<\/li>\n<li><strong>Remova completamente o produto:<\/strong> Ap\u00f3s o tempo, enx\u00e1gue abundantemente com \u00e1gua morna. N\u00e3o esfregue.<\/li>\n<li><strong>Hidrate ap\u00f3s a depila\u00e7\u00e3o:<\/strong> Use cremes ou lo\u00e7\u00f5es calmantes, preferencialmente sem \u00e1lcool, para restaurar a prote\u00e7\u00e3o da pele.<\/li>\n<li><strong>Evite exposi\u00e7\u00e3o solar imediata:<\/strong> A pele rec\u00e9m-depilada est\u00e1 mais sens\u00edvel. Aguarde pelo menos 24h para tomar sol.<\/li>\n<\/ol>\n<\/section>\n<section>\n<h2>Quando procurar ajuda profissional?<\/h2>\n<p>Se houver sinais de <strong>alergia intensa<\/strong>, como incha\u00e7o importante, bolhas, dor forte ou sinais de infec\u00e7\u00e3o, procure um dermatologista. Casos leves podem ser tratados com compressas frias e cremes calmantes, mas persistindo mais de 48h, busque orienta\u00e7\u00e3o m\u00e9dica.<\/p>\n<\/section>\n<section>\n<h2>Conclus\u00e3o<\/h2>\n<p>Fazer <strong>depila\u00e7\u00e3o com creme depilat\u00f3rio<\/strong> pode ser pr\u00e1tico e confort\u00e1vel, desde que sejam respeitadas todas as recomenda\u00e7\u00f5es e precau\u00e7\u00f5es. Priorize sempre <strong>produtos de boa qualidade<\/strong>, teste a sensibilidade da sua pele e cuide do p\u00f3s-depila\u00e7\u00e3o. Assim, sua pele ficar\u00e1 lisa, macia e saud\u00e1vel!<\/p>\n<p>Gostou das dicas? Compartilhe este artigo com quem tamb\u00e9m se preocupa com <strong>cuidados com a pele<\/strong> e continue acompanhando nosso blog para mais conte\u00fados sobre <em>bem-estar<\/em> e <strong>sa\u00fade est\u00e9tica<\/strong>.<\/p>\n<\/section>\n<footer>\n<p><strong>Palavras-chave:<\/strong> depila\u00e7\u00e3o com creme depilat\u00f3rio, rea\u00e7\u00f5es adversas, irrita\u00e7\u00e3o pele, cuidados com a pele, creme depilat\u00f3rio alergia, como evitar alergia depila\u00e7\u00e3o, p\u00f3s-depila\u00e7\u00e3o, depila\u00e7\u00e3o sem dor, sa\u00fade est\u00e9tica.<\/p>\n<\/footer>\n<\/article>\n","protected":false},"excerpt":{"rendered":"<p>Rea\u00e7\u00f5es Adversas na Depila\u00e7\u00e3o com Creme Depilat\u00f3rio: Como Evit\u00e1-las e Cuidar da Sua Pele Introdu\u00e7\u00e3o O creme depilat\u00f3rio \u00e9 uma escolha popular para quem busca uma depila\u00e7\u00e3o r\u00e1pida e indolor. No entanto, seu uso exige alguns cuidados espec\u00edficos para evitar rea\u00e7\u00f5es adversas como irrita\u00e7\u00e3o, alergias e at\u00e9 queimaduras leves. Este artigo re\u00fane as melhores pr\u00e1ticas &hellip;<\/p>\n<p class=\"read-more\"> <a class=\"\" href=\"https:\/\/fernandadepilacao.com.br\/portal\/2025\/11\/como-evitar-reacoes-adversas-na-depilacao-com-creme-depilatorio-e-cuidar-da-sua-pele\/\"> <span class=\"screen-reader-text\">Como Evitar Rea\u00e7\u00f5es Adversas na Depila\u00e7\u00e3o com Creme Depilat\u00f3rio e Cuidar da Sua Pele<\/span> Leia mais &raquo;<\/a><\/p>\n","protected":false},"author":1,"featured_media":836,"comment_status":"open","ping_status":"open","sticky":false,"template":"","format":"standard","meta":[],"categories":[34],"tags":[],"yoast_head":"<!-- This site is optimized with the Yoast SEO plugin v18.4.1 - https:\/\/yoast.com\/wordpress\/plugins\/seo\/ -->\n<title>Como Evitar Rea\u00e7\u00f5es Adversas na Depila\u00e7\u00e3o com Creme Depilat\u00f3rio e Cuidar da Sua Pele - Fernanda Depila\u00e7\u00e3o<\/title>\n<meta name=\"robots\" content=\"index, follow, max-snippet:-1, max-image-preview:large, max-video-preview:-1\" \/>\n<link rel=\"canonical\" href=\"https:\/\/fernandadepilacao.com.br\/portal\/2025\/11\/como-evitar-reacoes-adversas-na-depilacao-com-creme-depilatorio-e-cuidar-da-sua-pele\/\" \/>\n<meta property=\"og:locale\" content=\"pt_BR\" \/>\n<meta property=\"og:type\" content=\"article\" \/>\n<meta property=\"og:title\" content=\"Como Evitar Rea\u00e7\u00f5es Adversas na Depila\u00e7\u00e3o com Creme Depilat\u00f3rio e Cuidar da Sua Pele - Fernanda Depila\u00e7\u00e3o\" \/>\n<meta property=\"og:description\" content=\"Rea\u00e7\u00f5es Adversas na Depila\u00e7\u00e3o com Creme Depilat\u00f3rio: Como Evit\u00e1-las e Cuidar da Sua Pele Introdu\u00e7\u00e3o O creme depilat\u00f3rio \u00e9 uma escolha popular para quem busca uma depila\u00e7\u00e3o r\u00e1pida e indolor. No entanto, seu uso exige alguns cuidados espec\u00edficos para evitar rea\u00e7\u00f5es adversas como irrita\u00e7\u00e3o, alergias e at\u00e9 queimaduras leves. Este artigo re\u00fane as melhores pr\u00e1ticas &hellip; Como Evitar Rea\u00e7\u00f5es Adversas na Depila\u00e7\u00e3o com Creme Depilat\u00f3rio e Cuidar da Sua Pele Leia mais &raquo;\" \/>\n<meta property=\"og:url\" content=\"https:\/\/fernandadepilacao.com.br\/portal\/2025\/11\/como-evitar-reacoes-adversas-na-depilacao-com-creme-depilatorio-e-cuidar-da-sua-pele\/\" \/>\n<meta property=\"og:site_name\" content=\"Fernanda Depila\u00e7\u00e3o\" \/>\n<meta property=\"article:publisher\" content=\"https:\/\/www.facebook.com\/ferjobdepilacao\" \/>\n<meta property=\"article:published_time\" content=\"2025-11-22T03:01:20+00:00\" \/>\n<meta property=\"article:modified_time\" content=\"2025-11-22T09:00:18+00:00\" \/>\n<meta property=\"og:image\" content=\"https:\/\/fernandadepilacao.com.br\/portal\/wp-content\/uploads\/2025\/11\/20251122000117.png\" \/>\n\t<meta property=\"og:image:width\" content=\"500\" \/>\n\t<meta property=\"og:image:height\" content=\"500\" \/>\n\t<meta property=\"og:image:type\" content=\"image\/png\" \/>\n<meta name=\"twitter:card\" content=\"summary_large_image\" \/>\n<meta name=\"twitter:label1\" content=\"Escrito por\" \/>\n\t<meta name=\"twitter:data1\" content=\"fernandajob\" \/>\n\t<meta name=\"twitter:label2\" content=\"Est. tempo de leitura\" \/>\n\t<meta name=\"twitter:data2\" content=\"3 minutos\" \/>\n<script type=\"application\/ld+json\" class=\"yoast-schema-graph\">{\"@context\":\"https:\/\/schema.org\",\"@graph\":[{\"@type\":\"Organization\",\"@id\":\"https:\/\/fernandadepilacao.com.br\/portal\/#organization\",\"name\":\"Fernanda Depila\u00e7\u00e3o\",\"url\":\"https:\/\/fernandadepilacao.com.br\/portal\/\",\"sameAs\":[\"https:\/\/www.facebook.com\/ferjobdepilacao\",\"http:\/\/instagram.com\/fernanda_job\"],\"logo\":{\"@type\":\"ImageObject\",\"@id\":\"https:\/\/fernandadepilacao.com.br\/portal\/#logo\",\"inLanguage\":\"pt-BR\",\"url\":\"http:\/\/fernandadepilacao.com.br\/portal\/wp-content\/uploads\/2021\/03\/logo_fernanda.png\",\"contentUrl\":\"http:\/\/fernandadepilacao.com.br\/portal\/wp-content\/uploads\/2021\/03\/logo_fernanda.png\",\"width\":673,\"height\":688,\"caption\":\"Fernanda Depila\u00e7\u00e3o\"},\"image\":{\"@id\":\"https:\/\/fernandadepilacao.com.br\/portal\/#logo\"}},{\"@type\":\"WebSite\",\"@id\":\"https:\/\/fernandadepilacao.com.br\/portal\/#website\",\"url\":\"https:\/\/fernandadepilacao.com.br\/portal\/\",\"name\":\"Fernanda Depila\u00e7\u00e3o\",\"description\":\"\",\"publisher\":{\"@id\":\"https:\/\/fernandadepilacao.com.br\/portal\/#organization\"},\"potentialAction\":[{\"@type\":\"SearchAction\",\"target\":{\"@type\":\"EntryPoint\",\"urlTemplate\":\"https:\/\/fernandadepilacao.com.br\/portal\/?s={search_term_string}\"},\"query-input\":\"required name=search_term_string\"}],\"inLanguage\":\"pt-BR\"},{\"@type\":\"ImageObject\",\"@id\":\"https:\/\/fernandadepilacao.com.br\/portal\/2025\/11\/como-evitar-reacoes-adversas-na-depilacao-com-creme-depilatorio-e-cuidar-da-sua-pele\/#primaryimage\",\"inLanguage\":\"pt-BR\",\"url\":\"https:\/\/fernandadepilacao.com.br\/portal\/wp-content\/uploads\/2025\/11\/20251122000117.png\",\"contentUrl\":\"https:\/\/fernandadepilacao.com.br\/portal\/wp-content\/uploads\/2025\/11\/20251122000117.png\",\"width\":500,\"height\":500},{\"@type\":\"WebPage\",\"@id\":\"https:\/\/fernandadepilacao.com.br\/portal\/2025\/11\/como-evitar-reacoes-adversas-na-depilacao-com-creme-depilatorio-e-cuidar-da-sua-pele\/#webpage\",\"url\":\"https:\/\/fernandadepilacao.com.br\/portal\/2025\/11\/como-evitar-reacoes-adversas-na-depilacao-com-creme-depilatorio-e-cuidar-da-sua-pele\/\",\"name\":\"Como Evitar Rea\u00e7\u00f5es Adversas na Depila\u00e7\u00e3o com Creme Depilat\u00f3rio e Cuidar da Sua Pele - Fernanda Depila\u00e7\u00e3o\",\"isPartOf\":{\"@id\":\"https:\/\/fernandadepilacao.com.br\/portal\/#website\"},\"primaryImageOfPage\":{\"@id\":\"https:\/\/fernandadepilacao.com.br\/portal\/2025\/11\/como-evitar-reacoes-adversas-na-depilacao-com-creme-depilatorio-e-cuidar-da-sua-pele\/#primaryimage\"},\"datePublished\":\"2025-11-22T03:01:20+00:00\",\"dateModified\":\"2025-11-22T09:00:18+00:00\",\"breadcrumb\":{\"@id\":\"https:\/\/fernandadepilacao.com.br\/portal\/2025\/11\/como-evitar-reacoes-adversas-na-depilacao-com-creme-depilatorio-e-cuidar-da-sua-pele\/#breadcrumb\"},\"inLanguage\":\"pt-BR\",\"potentialAction\":[{\"@type\":\"ReadAction\",\"target\":[\"https:\/\/fernandadepilacao.com.br\/portal\/2025\/11\/como-evitar-reacoes-adversas-na-depilacao-com-creme-depilatorio-e-cuidar-da-sua-pele\/\"]}]},{\"@type\":\"BreadcrumbList\",\"@id\":\"https:\/\/fernandadepilacao.com.br\/portal\/2025\/11\/como-evitar-reacoes-adversas-na-depilacao-com-creme-depilatorio-e-cuidar-da-sua-pele\/#breadcrumb\",\"itemListElement\":[{\"@type\":\"ListItem\",\"position\":1,\"name\":\"In\u00edcio\",\"item\":\"http:\/\/fernandadepilacao.com.br\/portal\/\"},{\"@type\":\"ListItem\",\"position\":2,\"name\":\"Como Evitar Rea\u00e7\u00f5es Adversas na Depila\u00e7\u00e3o com Creme Depilat\u00f3rio e Cuidar da Sua Pele\"}]},{\"@type\":\"Article\",\"@id\":\"https:\/\/fernandadepilacao.com.br\/portal\/2025\/11\/como-evitar-reacoes-adversas-na-depilacao-com-creme-depilatorio-e-cuidar-da-sua-pele\/#article\",\"isPartOf\":{\"@id\":\"https:\/\/fernandadepilacao.com.br\/portal\/2025\/11\/como-evitar-reacoes-adversas-na-depilacao-com-creme-depilatorio-e-cuidar-da-sua-pele\/#webpage\"},\"author\":{\"@id\":\"https:\/\/fernandadepilacao.com.br\/portal\/#\/schema\/person\/d00644c3bbfd9fd17711767a3b1abbd0\"},\"headline\":\"Como Evitar Rea\u00e7\u00f5es Adversas na Depila\u00e7\u00e3o com Creme Depilat\u00f3rio e Cuidar da Sua Pele\",\"datePublished\":\"2025-11-22T03:01:20+00:00\",\"dateModified\":\"2025-11-22T09:00:18+00:00\",\"mainEntityOfPage\":{\"@id\":\"https:\/\/fernandadepilacao.com.br\/portal\/2025\/11\/como-evitar-reacoes-adversas-na-depilacao-com-creme-depilatorio-e-cuidar-da-sua-pele\/#webpage\"},\"wordCount\":622,\"commentCount\":0,\"publisher\":{\"@id\":\"https:\/\/fernandadepilacao.com.br\/portal\/#organization\"},\"image\":{\"@id\":\"https:\/\/fernandadepilacao.com.br\/portal\/2025\/11\/como-evitar-reacoes-adversas-na-depilacao-com-creme-depilatorio-e-cuidar-da-sua-pele\/#primaryimage\"},\"thumbnailUrl\":\"https:\/\/fernandadepilacao.com.br\/portal\/wp-content\/uploads\/2025\/11\/20251122000117.png\",\"articleSection\":[\"Adolesc\u00eancia\"],\"inLanguage\":\"pt-BR\",\"potentialAction\":[{\"@type\":\"CommentAction\",\"name\":\"Comment\",\"target\":[\"https:\/\/fernandadepilacao.com.br\/portal\/2025\/11\/como-evitar-reacoes-adversas-na-depilacao-com-creme-depilatorio-e-cuidar-da-sua-pele\/#respond\"]}]},{\"@type\":\"Person\",\"@id\":\"https:\/\/fernandadepilacao.com.br\/portal\/#\/schema\/person\/d00644c3bbfd9fd17711767a3b1abbd0\",\"name\":\"fernandajob\",\"image\":{\"@type\":\"ImageObject\",\"@id\":\"https:\/\/fernandadepilacao.com.br\/portal\/#personlogo\",\"inLanguage\":\"pt-BR\",\"url\":\"https:\/\/secure.gravatar.com\/avatar\/6c2268a68d69a325906fbdccd74b18e6?s=96&d=mm&r=g\",\"contentUrl\":\"https:\/\/secure.gravatar.com\/avatar\/6c2268a68d69a325906fbdccd74b18e6?s=96&d=mm&r=g\",\"caption\":\"fernandajob\"},\"sameAs\":[\"http:\/\/fernandadepilacao.com.br\/portal\"]}]}<\/script>\n<!-- \/ Yoast SEO plugin. -->","yoast_head_json":{"title":"Como Evitar Rea\u00e7\u00f5es Adversas na Depila\u00e7\u00e3o com Creme Depilat\u00f3rio e Cuidar da Sua Pele - Fernanda Depila\u00e7\u00e3o","robots":{"index":"index","follow":"follow","max-snippet":"max-snippet:-1","max-image-preview":"max-image-preview:large","max-video-preview":"max-video-preview:-1"},"canonical":"https:\/\/fernandadepilacao.com.br\/portal\/2025\/11\/como-evitar-reacoes-adversas-na-depilacao-com-creme-depilatorio-e-cuidar-da-sua-pele\/","og_locale":"pt_BR","og_type":"article","og_title":"Como Evitar Rea\u00e7\u00f5es Adversas na Depila\u00e7\u00e3o com Creme Depilat\u00f3rio e Cuidar da Sua Pele - Fernanda Depila\u00e7\u00e3o","og_description":"Rea\u00e7\u00f5es Adversas na Depila\u00e7\u00e3o com Creme Depilat\u00f3rio: Como Evit\u00e1-las e Cuidar da Sua Pele Introdu\u00e7\u00e3o O creme depilat\u00f3rio \u00e9 uma escolha popular para quem busca uma depila\u00e7\u00e3o r\u00e1pida e indolor. No entanto, seu uso exige alguns cuidados espec\u00edficos para evitar rea\u00e7\u00f5es adversas como irrita\u00e7\u00e3o, alergias e at\u00e9 queimaduras leves. Este artigo re\u00fane as melhores pr\u00e1ticas &hellip; Como Evitar Rea\u00e7\u00f5es Adversas na Depila\u00e7\u00e3o com Creme Depilat\u00f3rio e Cuidar da Sua Pele Leia mais &raquo;","og_url":"https:\/\/fernandadepilacao.com.br\/portal\/2025\/11\/como-evitar-reacoes-adversas-na-depilacao-com-creme-depilatorio-e-cuidar-da-sua-pele\/","og_site_name":"Fernanda Depila\u00e7\u00e3o","article_publisher":"https:\/\/www.facebook.com\/ferjobdepilacao","article_published_time":"2025-11-22T03:01:20+00:00","article_modified_time":"2025-11-22T09:00:18+00:00","og_image":[{"width":500,"height":500,"url":"https:\/\/fernandadepilacao.com.br\/portal\/wp-content\/uploads\/2025\/11\/20251122000117.png","type":"image\/png"}],"twitter_card":"summary_large_image","twitter_misc":{"Escrito por":"fernandajob","Est. tempo de leitura":"3 minutos"},"schema":{"@context":"https:\/\/schema.org","@graph":[{"@type":"Organization","@id":"https:\/\/fernandadepilacao.com.br\/portal\/#organization","name":"Fernanda Depila\u00e7\u00e3o","url":"https:\/\/fernandadepilacao.com.br\/portal\/","sameAs":["https:\/\/www.facebook.com\/ferjobdepilacao","http:\/\/instagram.com\/fernanda_job"],"logo":{"@type":"ImageObject","@id":"https:\/\/fernandadepilacao.com.br\/portal\/#logo","inLanguage":"pt-BR","url":"http:\/\/fernandadepilacao.com.br\/portal\/wp-content\/uploads\/2021\/03\/logo_fernanda.png","contentUrl":"http:\/\/fernandadepilacao.com.br\/portal\/wp-content\/uploads\/2021\/03\/logo_fernanda.png","width":673,"height":688,"caption":"Fernanda Depila\u00e7\u00e3o"},"image":{"@id":"https:\/\/fernandadepilacao.com.br\/portal\/#logo"}},{"@type":"WebSite","@id":"https:\/\/fernandadepilacao.com.br\/portal\/#website","url":"https:\/\/fernandadepilacao.com.br\/portal\/","name":"Fernanda Depila\u00e7\u00e3o","description":"","publisher":{"@id":"https:\/\/fernandadepilacao.com.br\/portal\/#organization"},"potentialAction":[{"@type":"SearchAction","target":{"@type":"EntryPoint","urlTemplate":"https:\/\/fernandadepilacao.com.br\/portal\/?s={search_term_string}"},"query-input":"required name=search_term_string"}],"inLanguage":"pt-BR"},{"@type":"ImageObject","@id":"https:\/\/fernandadepilacao.com.br\/portal\/2025\/11\/como-evitar-reacoes-adversas-na-depilacao-com-creme-depilatorio-e-cuidar-da-sua-pele\/#primaryimage","inLanguage":"pt-BR","url":"https:\/\/fernandadepilacao.com.br\/portal\/wp-content\/uploads\/2025\/11\/20251122000117.png","contentUrl":"https:\/\/fernandadepilacao.com.br\/portal\/wp-content\/uploads\/2025\/11\/20251122000117.png","width":500,"height":500},{"@type":"WebPage","@id":"https:\/\/fernandadepilacao.com.br\/portal\/2025\/11\/como-evitar-reacoes-adversas-na-depilacao-com-creme-depilatorio-e-cuidar-da-sua-pele\/#webpage","url":"https:\/\/fernandadepilacao.com.br\/portal\/2025\/11\/como-evitar-reacoes-adversas-na-depilacao-com-creme-depilatorio-e-cuidar-da-sua-pele\/","name":"Como Evitar Rea\u00e7\u00f5es Adversas na Depila\u00e7\u00e3o com Creme Depilat\u00f3rio e Cuidar da Sua Pele - Fernanda Depila\u00e7\u00e3o","isPartOf":{"@id":"https:\/\/fernandadepilacao.com.br\/portal\/#website"},"primaryImageOfPage":{"@id":"https:\/\/fernandadepilacao.com.br\/portal\/2025\/11\/como-evitar-reacoes-adversas-na-depilacao-com-creme-depilatorio-e-cuidar-da-sua-pele\/#primaryimage"},"datePublished":"2025-11-22T03:01:20+00:00","dateModified":"2025-11-22T09:00:18+00:00","breadcrumb":{"@id":"https:\/\/fernandadepilacao.com.br\/portal\/2025\/11\/como-evitar-reacoes-adversas-na-depilacao-com-creme-depilatorio-e-cuidar-da-sua-pele\/#breadcrumb"},"inLanguage":"pt-BR","potentialAction":[{"@type":"ReadAction","target":["https:\/\/fernandadepilacao.com.br\/portal\/2025\/11\/como-evitar-reacoes-adversas-na-depilacao-com-creme-depilatorio-e-cuidar-da-sua-pele\/"]}]},{"@type":"BreadcrumbList","@id":"https:\/\/fernandadepilacao.com.br\/portal\/2025\/11\/como-evitar-reacoes-adversas-na-depilacao-com-creme-depilatorio-e-cuidar-da-sua-pele\/#breadcrumb","itemListElement":[{"@type":"ListItem","position":1,"name":"In\u00edcio","item":"http:\/\/fernandadepilacao.com.br\/portal\/"},{"@type":"ListItem","position":2,"name":"Como Evitar Rea\u00e7\u00f5es Adversas na Depila\u00e7\u00e3o com Creme Depilat\u00f3rio e Cuidar da Sua Pele"}]},{"@type":"Article","@id":"https:\/\/fernandadepilacao.com.br\/portal\/2025\/11\/como-evitar-reacoes-adversas-na-depilacao-com-creme-depilatorio-e-cuidar-da-sua-pele\/#article","isPartOf":{"@id":"https:\/\/fernandadepilacao.com.br\/portal\/2025\/11\/como-evitar-reacoes-adversas-na-depilacao-com-creme-depilatorio-e-cuidar-da-sua-pele\/#webpage"},"author":{"@id":"https:\/\/fernandadepilacao.com.br\/portal\/#\/schema\/person\/d00644c3bbfd9fd17711767a3b1abbd0"},"headline":"Como Evitar Rea\u00e7\u00f5es Adversas na Depila\u00e7\u00e3o com Creme Depilat\u00f3rio e Cuidar da Sua Pele","datePublished":"2025-11-22T03:01:20+00:00","dateModified":"2025-11-22T09:00:18+00:00","mainEntityOfPage":{"@id":"https:\/\/fernandadepilacao.com.br\/portal\/2025\/11\/como-evitar-reacoes-adversas-na-depilacao-com-creme-depilatorio-e-cuidar-da-sua-pele\/#webpage"},"wordCount":622,"commentCount":0,"publisher":{"@id":"https:\/\/fernandadepilacao.com.br\/portal\/#organization"},"image":{"@id":"https:\/\/fernandadepilacao.com.br\/portal\/2025\/11\/como-evitar-reacoes-adversas-na-depilacao-com-creme-depilatorio-e-cuidar-da-sua-pele\/#primaryimage"},"thumbnailUrl":"https:\/\/fernandadepilacao.com.br\/portal\/wp-content\/uploads\/2025\/11\/20251122000117.png","articleSection":["Adolesc\u00eancia"],"inLanguage":"pt-BR","potentialAction":[{"@type":"CommentAction","name":"Comment","target":["https:\/\/fernandadepilacao.com.br\/portal\/2025\/11\/como-evitar-reacoes-adversas-na-depilacao-com-creme-depilatorio-e-cuidar-da-sua-pele\/#respond"]}]},{"@type":"Person","@id":"https:\/\/fernandadepilacao.com.br\/portal\/#\/schema\/person\/d00644c3bbfd9fd17711767a3b1abbd0","name":"fernandajob","image":{"@type":"ImageObject","@id":"https:\/\/fernandadepilacao.com.br\/portal\/#personlogo","inLanguage":"pt-BR","url":"https:\/\/secure.gravatar.com\/avatar\/6c2268a68d69a325906fbdccd74b18e6?s=96&d=mm&r=g","contentUrl":"https:\/\/secure.gravatar.com\/avatar\/6c2268a68d69a325906fbdccd74b18e6?s=96&d=mm&r=g","caption":"fernandajob"},"sameAs":["http:\/\/fernandadepilacao.com.br\/portal"]}]}},"uagb_featured_image_src":{"full":["https:\/\/fernandadepilacao.com.br\/portal\/wp-content\/uploads\/2025\/11\/20251122000117.png",500,500,false],"thumbnail":["https:\/\/fernandadepilacao.com.br\/portal\/wp-content\/uploads\/2025\/11\/20251122000117-150x150.png",150,150,true],"medium":["https:\/\/fernandadepilacao.com.br\/portal\/wp-content\/uploads\/2025\/11\/20251122000117-300x300.png",300,300,true],"medium_large":["https:\/\/fernandadepilacao.com.br\/portal\/wp-content\/uploads\/2025\/11\/20251122000117.png",500,500,false],"large":["https:\/\/fernandadepilacao.com.br\/portal\/wp-content\/uploads\/2025\/11\/20251122000117.png",500,500,false],"1536x1536":["https:\/\/fernandadepilacao.com.br\/portal\/wp-content\/uploads\/2025\/11\/20251122000117.png",500,500,false],"2048x2048":["https:\/\/fernandadepilacao.com.br\/portal\/wp-content\/uploads\/2025\/11\/20251122000117.png",500,500,false]},"uagb_author_info":{"display_name":"fernandajob","author_link":"https:\/\/fernandadepilacao.com.br\/portal\/author\/fernandajob\/"},"uagb_comment_info":0,"uagb_excerpt":"Rea\u00e7\u00f5es Adversas na Depila\u00e7\u00e3o com Creme Depilat\u00f3rio: Como Evit\u00e1-las e Cuidar da Sua Pele Introdu\u00e7\u00e3o O creme depilat\u00f3rio \u00e9 uma escolha popular para quem busca uma depila\u00e7\u00e3o r\u00e1pida e indolor. No entanto, seu uso exige alguns cuidados espec\u00edficos para evitar rea\u00e7\u00f5es adversas como irrita\u00e7\u00e3o, alergias e at\u00e9 queimaduras leves. Este artigo re\u00fane as melhores pr\u00e1ticas&hellip;","_links":{"self":[{"href":"https:\/\/fernandadepilacao.com.br\/portal\/wp-json\/wp\/v2\/posts\/837"}],"collection":[{"href":"https:\/\/fernandadepilacao.com.br\/portal\/wp-json\/wp\/v2\/posts"}],"about":[{"href":"https:\/\/fernandadepilacao.com.br\/portal\/wp-json\/wp\/v2\/types\/post"}],"author":[{"embeddable":true,"href":"https:\/\/fernandadepilacao.com.br\/portal\/wp-json\/wp\/v2\/users\/1"}],"replies":[{"embeddable":true,"href":"https:\/\/fernandadepilacao.com.br\/portal\/wp-json\/wp\/v2\/comments?post=837"}],"version-history":[{"count":1,"href":"https:\/\/fernandadepilacao.com.br\/portal\/wp-json\/wp\/v2\/posts\/837\/revisions"}],"predecessor-version":[{"id":838,"href":"https:\/\/fernandadepilacao.com.br\/portal\/wp-json\/wp\/v2\/posts\/837\/revisions\/838"}],"wp:featuredmedia":[{"embeddable":true,"href":"https:\/\/fernandadepilacao.com.br\/portal\/wp-json\/wp\/v2\/media\/836"}],"wp:attachment":[{"href":"https:\/\/fernandadepilacao.com.br\/portal\/wp-json\/wp\/v2\/media?parent=837"}],"wp:term":[{"taxonomy":"category","embeddable":true,"href":"https:\/\/fernandadepilacao.com.br\/portal\/wp-json\/wp\/v2\/categories?post=837"},{"taxonomy":"post_tag","embeddable":true,"href":"https:\/\/fernandadepilacao.com.br\/portal\/wp-json\/wp\/v2\/tags?post=837"}],"curies":[{"name":"wp","href":"https:\/\/api.w.org\/{rel}","templated":true}]}}