{"id":741,"date":"2025-11-07T00:01:32","date_gmt":"2025-11-07T03:01:32","guid":{"rendered":"https:\/\/fernandadepilacao.com.br\/portal\/2025\/11\/dicas-produtos-acalmar-pele-apos-depilacao\/"},"modified":"2025-11-07T06:00:18","modified_gmt":"2025-11-07T09:00:18","slug":"dicas-produtos-acalmar-pele-apos-depilacao","status":"publish","type":"post","link":"https:\/\/fernandadepilacao.com.br\/portal\/2025\/11\/dicas-produtos-acalmar-pele-apos-depilacao\/","title":{"rendered":"Dicas de Produtos para Acalmar a Pele Ap\u00f3s Depila\u00e7\u00e3o"},"content":{"rendered":"<article>\n<header>\n<h1>Produtos Indicados Para Acalmar a Pele Ap\u00f3s a Depila\u00e7\u00e3o<\/h1>\n<p>    <meta name=\"description\" content=\"Descubra os melhores produtos para acalmar a pele ap\u00f3s depila\u00e7\u00e3o, dicas de cuidados e os ativos mais recomendados por especialistas para evitar irrita\u00e7\u00f5es, vermelhid\u00e3o e garantir uma pele saud\u00e1vel e bonita.\"\/><br \/>\n  <\/header>\n<section>\n<h2>Por Que \u00e9 Importante Cuidar da Pele Ap\u00f3s a Depila\u00e7\u00e3o?<\/h2>\n<p>A depila\u00e7\u00e3o, seja com cera, l\u00e2mina ou outros m\u00e9todos, pode causar sensibilidade, vermelhid\u00e3o e at\u00e9 pequenas irrita\u00e7\u00f5es na pele. Isso acontece porque a remo\u00e7\u00e3o dos pelos tamb\u00e9m pode retirar parte da camada protetora natural da pele e aumentar sua exposi\u00e7\u00e3o a agentes externos. Por isso, utilizar produtos espec\u00edficos para acalmar e restaurar o equil\u00edbrio cut\u00e2neo \u00e9 fundamental para evitar desconfortos e manter a pele saud\u00e1vel ap\u00f3s o procedimento.<\/p>\n<\/section>\n<section>\n<h2><strong>Principais Sintomas de Irrita\u00e7\u00e3o P\u00f3s-Depilat\u00f3ria<\/strong><\/h2>\n<ul>\n<li>Vermelhid\u00e3o<\/li>\n<li>Ard\u00eancia<\/li>\n<li>Coceira<\/li>\n<li>Pelos encravados<\/li>\n<li>Ressecamento<\/li>\n<li>Erup\u00e7\u00f5es cut\u00e2neas<\/li>\n<\/ul>\n<\/section>\n<section>\n<h2>Produtos Mais Indicados Para Acalmar a Pele<\/h2>\n<p>Selecionar o <strong>produto p\u00f3s-depilat\u00f3rio<\/strong> adequado pode fazer toda a diferen\u00e7a na recupera\u00e7\u00e3o da pele. Veja algumas op\u00e7\u00f5es populares e recomendadas pelos profissionais de est\u00e9tica e beleza:<\/p>\n<h3>1. G\u00e9is \u00e0 base de Aloe Vera<\/h3>\n<p>O <strong>Aloe Vera<\/strong> \u00e9 famoso pelo seu efeito calmante, hidratante e regenerador. O gel proporciona frescor imediato, aliviando a ard\u00eancia e ajudando no processo de cicatriza\u00e7\u00e3o da pele sensibilizada.<\/p>\n<h3>2. Cremes com Camomila<\/h3>\n<p>A <strong>camomila<\/strong> possui propriedades anti-inflamat\u00f3rias e calmantes, auxiliando a reduzir vermelhid\u00e3o e irrita\u00e7\u00e3o. Ideal para peles sens\u00edveis e \u00e1reas depiladas que costumam ficar avermelhadas.<\/p>\n<h3>3. Lo\u00e7\u00f5es P\u00f3s-Depila\u00e7\u00e3o com Cal\u00eandula<\/h3>\n<p>A <strong>cal\u00eandula<\/strong> \u00e9 conhecida por sua a\u00e7\u00e3o cicatrizante e calmante, sendo excelente escolha para prevenir e tratar pequenas les\u00f5es e acalmar a pele ap\u00f3s a depila\u00e7\u00e3o.<\/p>\n<h3>4. \u00c1gua Termal<\/h3>\n<p>A <strong>\u00e1gua termal<\/strong> traz minerais que acalmam, hidratam, refrescam e suavizam a pele irritada, proporcionando al\u00edvio imediato. Pode ser aplicada diversas vezes ao dia.<\/p>\n<h3>5. \u00d3leo de Semente de Uva ou \u00d3leo de Coco<\/h3>\n<p>\u00d3leos vegetais s\u00e3o \u00f3timos hidratantes naturais, ajudam na recupera\u00e7\u00e3o da barreira cut\u00e2nea e previnem ressecamento. Experimente aplicar em pouca quantidade para evitar obstru\u00e7\u00e3o dos poros.<\/p>\n<\/section>\n<section>\n<h2>Como Aplicar os Produtos P\u00f3s-Depilat\u00f3rios<\/h2>\n<ol>\n<li>Lave a pele cuidadosamente com \u00e1gua fria ou levemente morna e um sabonete suave p\u00f3s-depila\u00e7\u00e3o.<\/li>\n<li>Seque com uma toalha limpa e sem esfregar.<\/li>\n<li>Aplique uma camada fina do produto escolhido, fazendo movimentos delicados. N\u00e3o esfregue.<\/li>\n<li>Se desejar, repita a aplica\u00e7\u00e3o ao longo do dia, conforme a necessidade e recomenda\u00e7\u00e3o do fabricante.<\/li>\n<\/ol>\n<\/section>\n<section>\n<h2>Dicas Extras Para Evitar Irrita\u00e7\u00e3o P\u00f3s-Depila\u00e7\u00e3o<\/h2>\n<ul>\n<li>Evite exposi\u00e7\u00e3o ao sol e ao calor nas primeiras 48 horas ap\u00f3s a depila\u00e7\u00e3o;<\/li>\n<li>Use roupas leves e de algod\u00e3o para n\u00e3o abafar a pele;<\/li>\n<li>N\u00e3o use perfumes, desodorantes ou produtos \u00e0 base de \u00e1lcool nas \u00e1reas depiladas imediatamente ap\u00f3s o procedimento;<\/li>\n<li>Mantenha a pele sempre hidratada e limpa.<\/li>\n<\/ul>\n<\/section>\n<section>\n<h2>Quando Procurar um Profissional?<\/h2>\n<p>Embora os produtos citados ajudem significativamente a acalmar a pele, caso surjam sinais como incha\u00e7o intenso, dor, pus ou feridas persistentes, o ideal \u00e9 buscar orienta\u00e7\u00e3o de um dermatologista ou profissional de est\u00e9tica qualificado.<\/p>\n<\/section>\n<section>\n<h2>Conclus\u00e3o<\/h2>\n<p>Cuidar da pele ap\u00f3s a depila\u00e7\u00e3o \u00e9 essencial para evitar desconfortos e garantir aquele aspecto bonito e saud\u00e1vel que todos desejamos. Escolha produtos com ativos calmantes como Aloe Vera, camomila, cal\u00eandula e \u00e1gua termal para fortalecer e proteger a barreira cut\u00e2nea. Lembre-se: pequenos cuidados fazem toda a diferen\u00e7a no resultado final da sua depila\u00e7\u00e3o e na sa\u00fade da sua pele!<\/p>\n<\/section>\n<footer>\n<p><strong>Palavras-chave:<\/strong> produtos p\u00f3s-depila\u00e7\u00e3o, acalmar a pele, irrita\u00e7\u00e3o ap\u00f3s depila\u00e7\u00e3o, cuidados com a pele depilada, dicas esteticista, regenera\u00e7\u00e3o cut\u00e2nea, aloe vera, camomila, cal\u00eandula, \u00e1gua termal, hidrata\u00e7\u00e3o p\u00f3s-depila\u00e7\u00e3o.<\/p>\n<\/footer>\n<\/article>\n","protected":false},"excerpt":{"rendered":"<p>Produtos Indicados Para Acalmar a Pele Ap\u00f3s a Depila\u00e7\u00e3o Por Que \u00e9 Importante Cuidar da Pele Ap\u00f3s a Depila\u00e7\u00e3o? A depila\u00e7\u00e3o, seja com cera, l\u00e2mina ou outros m\u00e9todos, pode causar sensibilidade, vermelhid\u00e3o e at\u00e9 pequenas irrita\u00e7\u00f5es na pele. Isso acontece porque a remo\u00e7\u00e3o dos pelos tamb\u00e9m pode retirar parte da camada protetora natural da pele &hellip;<\/p>\n<p class=\"read-more\"> <a class=\"\" href=\"https:\/\/fernandadepilacao.com.br\/portal\/2025\/11\/dicas-produtos-acalmar-pele-apos-depilacao\/\"> <span class=\"screen-reader-text\">Dicas de Produtos para Acalmar a Pele Ap\u00f3s Depila\u00e7\u00e3o<\/span> Leia mais &raquo;<\/a><\/p>\n","protected":false},"author":1,"featured_media":740,"comment_status":"open","ping_status":"open","sticky":false,"template":"","format":"standard","meta":[],"categories":[15],"tags":[],"yoast_head":"<!-- This site is optimized with the Yoast SEO plugin v18.4.1 - https:\/\/yoast.com\/wordpress\/plugins\/seo\/ -->\n<title>Dicas de Produtos para Acalmar a Pele Ap\u00f3s Depila\u00e7\u00e3o - Fernanda Depila\u00e7\u00e3o<\/title>\n<meta name=\"robots\" content=\"index, follow, max-snippet:-1, max-image-preview:large, max-video-preview:-1\" \/>\n<link rel=\"canonical\" href=\"https:\/\/fernandadepilacao.com.br\/portal\/2025\/11\/dicas-produtos-acalmar-pele-apos-depilacao\/\" \/>\n<meta property=\"og:locale\" content=\"pt_BR\" \/>\n<meta property=\"og:type\" content=\"article\" \/>\n<meta property=\"og:title\" content=\"Dicas de Produtos para Acalmar a Pele Ap\u00f3s Depila\u00e7\u00e3o - Fernanda Depila\u00e7\u00e3o\" \/>\n<meta property=\"og:description\" content=\"Produtos Indicados Para Acalmar a Pele Ap\u00f3s a Depila\u00e7\u00e3o Por Que \u00e9 Importante Cuidar da Pele Ap\u00f3s a Depila\u00e7\u00e3o? A depila\u00e7\u00e3o, seja com cera, l\u00e2mina ou outros m\u00e9todos, pode causar sensibilidade, vermelhid\u00e3o e at\u00e9 pequenas irrita\u00e7\u00f5es na pele. Isso acontece porque a remo\u00e7\u00e3o dos pelos tamb\u00e9m pode retirar parte da camada protetora natural da pele &hellip; Dicas de Produtos para Acalmar a Pele Ap\u00f3s Depila\u00e7\u00e3o Leia mais &raquo;\" \/>\n<meta property=\"og:url\" content=\"https:\/\/fernandadepilacao.com.br\/portal\/2025\/11\/dicas-produtos-acalmar-pele-apos-depilacao\/\" \/>\n<meta property=\"og:site_name\" content=\"Fernanda Depila\u00e7\u00e3o\" \/>\n<meta property=\"article:publisher\" content=\"https:\/\/www.facebook.com\/ferjobdepilacao\" \/>\n<meta property=\"article:published_time\" content=\"2025-11-07T03:01:32+00:00\" \/>\n<meta property=\"article:modified_time\" content=\"2025-11-07T09:00:18+00:00\" \/>\n<meta property=\"og:image\" content=\"https:\/\/fernandadepilacao.com.br\/portal\/wp-content\/uploads\/2025\/11\/20251107000130.png\" \/>\n\t<meta property=\"og:image:width\" content=\"500\" \/>\n\t<meta property=\"og:image:height\" content=\"500\" \/>\n\t<meta property=\"og:image:type\" content=\"image\/png\" \/>\n<meta name=\"twitter:card\" content=\"summary_large_image\" \/>\n<meta name=\"twitter:label1\" content=\"Escrito por\" \/>\n\t<meta name=\"twitter:data1\" content=\"fernandajob\" \/>\n\t<meta name=\"twitter:label2\" content=\"Est. tempo de leitura\" \/>\n\t<meta name=\"twitter:data2\" content=\"3 minutos\" \/>\n<script type=\"application\/ld+json\" class=\"yoast-schema-graph\">{\"@context\":\"https:\/\/schema.org\",\"@graph\":[{\"@type\":\"Organization\",\"@id\":\"https:\/\/fernandadepilacao.com.br\/portal\/#organization\",\"name\":\"Fernanda Depila\u00e7\u00e3o\",\"url\":\"https:\/\/fernandadepilacao.com.br\/portal\/\",\"sameAs\":[\"https:\/\/www.facebook.com\/ferjobdepilacao\",\"http:\/\/instagram.com\/fernanda_job\"],\"logo\":{\"@type\":\"ImageObject\",\"@id\":\"https:\/\/fernandadepilacao.com.br\/portal\/#logo\",\"inLanguage\":\"pt-BR\",\"url\":\"http:\/\/fernandadepilacao.com.br\/portal\/wp-content\/uploads\/2021\/03\/logo_fernanda.png\",\"contentUrl\":\"http:\/\/fernandadepilacao.com.br\/portal\/wp-content\/uploads\/2021\/03\/logo_fernanda.png\",\"width\":673,\"height\":688,\"caption\":\"Fernanda Depila\u00e7\u00e3o\"},\"image\":{\"@id\":\"https:\/\/fernandadepilacao.com.br\/portal\/#logo\"}},{\"@type\":\"WebSite\",\"@id\":\"https:\/\/fernandadepilacao.com.br\/portal\/#website\",\"url\":\"https:\/\/fernandadepilacao.com.br\/portal\/\",\"name\":\"Fernanda Depila\u00e7\u00e3o\",\"description\":\"\",\"publisher\":{\"@id\":\"https:\/\/fernandadepilacao.com.br\/portal\/#organization\"},\"potentialAction\":[{\"@type\":\"SearchAction\",\"target\":{\"@type\":\"EntryPoint\",\"urlTemplate\":\"https:\/\/fernandadepilacao.com.br\/portal\/?s={search_term_string}\"},\"query-input\":\"required name=search_term_string\"}],\"inLanguage\":\"pt-BR\"},{\"@type\":\"ImageObject\",\"@id\":\"https:\/\/fernandadepilacao.com.br\/portal\/2025\/11\/dicas-produtos-acalmar-pele-apos-depilacao\/#primaryimage\",\"inLanguage\":\"pt-BR\",\"url\":\"https:\/\/fernandadepilacao.com.br\/portal\/wp-content\/uploads\/2025\/11\/20251107000130.png\",\"contentUrl\":\"https:\/\/fernandadepilacao.com.br\/portal\/wp-content\/uploads\/2025\/11\/20251107000130.png\",\"width\":500,\"height\":500},{\"@type\":\"WebPage\",\"@id\":\"https:\/\/fernandadepilacao.com.br\/portal\/2025\/11\/dicas-produtos-acalmar-pele-apos-depilacao\/#webpage\",\"url\":\"https:\/\/fernandadepilacao.com.br\/portal\/2025\/11\/dicas-produtos-acalmar-pele-apos-depilacao\/\",\"name\":\"Dicas de Produtos para Acalmar a Pele Ap\u00f3s Depila\u00e7\u00e3o - Fernanda Depila\u00e7\u00e3o\",\"isPartOf\":{\"@id\":\"https:\/\/fernandadepilacao.com.br\/portal\/#website\"},\"primaryImageOfPage\":{\"@id\":\"https:\/\/fernandadepilacao.com.br\/portal\/2025\/11\/dicas-produtos-acalmar-pele-apos-depilacao\/#primaryimage\"},\"datePublished\":\"2025-11-07T03:01:32+00:00\",\"dateModified\":\"2025-11-07T09:00:18+00:00\",\"breadcrumb\":{\"@id\":\"https:\/\/fernandadepilacao.com.br\/portal\/2025\/11\/dicas-produtos-acalmar-pele-apos-depilacao\/#breadcrumb\"},\"inLanguage\":\"pt-BR\",\"potentialAction\":[{\"@type\":\"ReadAction\",\"target\":[\"https:\/\/fernandadepilacao.com.br\/portal\/2025\/11\/dicas-produtos-acalmar-pele-apos-depilacao\/\"]}]},{\"@type\":\"BreadcrumbList\",\"@id\":\"https:\/\/fernandadepilacao.com.br\/portal\/2025\/11\/dicas-produtos-acalmar-pele-apos-depilacao\/#breadcrumb\",\"itemListElement\":[{\"@type\":\"ListItem\",\"position\":1,\"name\":\"In\u00edcio\",\"item\":\"http:\/\/fernandadepilacao.com.br\/portal\/\"},{\"@type\":\"ListItem\",\"position\":2,\"name\":\"Dicas de Produtos para Acalmar a Pele Ap\u00f3s Depila\u00e7\u00e3o\"}]},{\"@type\":\"Article\",\"@id\":\"https:\/\/fernandadepilacao.com.br\/portal\/2025\/11\/dicas-produtos-acalmar-pele-apos-depilacao\/#article\",\"isPartOf\":{\"@id\":\"https:\/\/fernandadepilacao.com.br\/portal\/2025\/11\/dicas-produtos-acalmar-pele-apos-depilacao\/#webpage\"},\"author\":{\"@id\":\"https:\/\/fernandadepilacao.com.br\/portal\/#\/schema\/person\/d00644c3bbfd9fd17711767a3b1abbd0\"},\"headline\":\"Dicas de Produtos para Acalmar a Pele Ap\u00f3s Depila\u00e7\u00e3o\",\"datePublished\":\"2025-11-07T03:01:32+00:00\",\"dateModified\":\"2025-11-07T09:00:18+00:00\",\"mainEntityOfPage\":{\"@id\":\"https:\/\/fernandadepilacao.com.br\/portal\/2025\/11\/dicas-produtos-acalmar-pele-apos-depilacao\/#webpage\"},\"wordCount\":614,\"commentCount\":0,\"publisher\":{\"@id\":\"https:\/\/fernandadepilacao.com.br\/portal\/#organization\"},\"image\":{\"@id\":\"https:\/\/fernandadepilacao.com.br\/portal\/2025\/11\/dicas-produtos-acalmar-pele-apos-depilacao\/#primaryimage\"},\"thumbnailUrl\":\"https:\/\/fernandadepilacao.com.br\/portal\/wp-content\/uploads\/2025\/11\/20251107000130.png\",\"articleSection\":[\"Beleza\"],\"inLanguage\":\"pt-BR\",\"potentialAction\":[{\"@type\":\"CommentAction\",\"name\":\"Comment\",\"target\":[\"https:\/\/fernandadepilacao.com.br\/portal\/2025\/11\/dicas-produtos-acalmar-pele-apos-depilacao\/#respond\"]}]},{\"@type\":\"Person\",\"@id\":\"https:\/\/fernandadepilacao.com.br\/portal\/#\/schema\/person\/d00644c3bbfd9fd17711767a3b1abbd0\",\"name\":\"fernandajob\",\"image\":{\"@type\":\"ImageObject\",\"@id\":\"https:\/\/fernandadepilacao.com.br\/portal\/#personlogo\",\"inLanguage\":\"pt-BR\",\"url\":\"https:\/\/secure.gravatar.com\/avatar\/6c2268a68d69a325906fbdccd74b18e6?s=96&d=mm&r=g\",\"contentUrl\":\"https:\/\/secure.gravatar.com\/avatar\/6c2268a68d69a325906fbdccd74b18e6?s=96&d=mm&r=g\",\"caption\":\"fernandajob\"},\"sameAs\":[\"http:\/\/fernandadepilacao.com.br\/portal\"]}]}<\/script>\n<!-- \/ Yoast SEO plugin. -->","yoast_head_json":{"title":"Dicas de Produtos para Acalmar a Pele Ap\u00f3s Depila\u00e7\u00e3o - Fernanda Depila\u00e7\u00e3o","robots":{"index":"index","follow":"follow","max-snippet":"max-snippet:-1","max-image-preview":"max-image-preview:large","max-video-preview":"max-video-preview:-1"},"canonical":"https:\/\/fernandadepilacao.com.br\/portal\/2025\/11\/dicas-produtos-acalmar-pele-apos-depilacao\/","og_locale":"pt_BR","og_type":"article","og_title":"Dicas de Produtos para Acalmar a Pele Ap\u00f3s Depila\u00e7\u00e3o - Fernanda Depila\u00e7\u00e3o","og_description":"Produtos Indicados Para Acalmar a Pele Ap\u00f3s a Depila\u00e7\u00e3o Por Que \u00e9 Importante Cuidar da Pele Ap\u00f3s a Depila\u00e7\u00e3o? A depila\u00e7\u00e3o, seja com cera, l\u00e2mina ou outros m\u00e9todos, pode causar sensibilidade, vermelhid\u00e3o e at\u00e9 pequenas irrita\u00e7\u00f5es na pele. Isso acontece porque a remo\u00e7\u00e3o dos pelos tamb\u00e9m pode retirar parte da camada protetora natural da pele &hellip; Dicas de Produtos para Acalmar a Pele Ap\u00f3s Depila\u00e7\u00e3o Leia mais &raquo;","og_url":"https:\/\/fernandadepilacao.com.br\/portal\/2025\/11\/dicas-produtos-acalmar-pele-apos-depilacao\/","og_site_name":"Fernanda Depila\u00e7\u00e3o","article_publisher":"https:\/\/www.facebook.com\/ferjobdepilacao","article_published_time":"2025-11-07T03:01:32+00:00","article_modified_time":"2025-11-07T09:00:18+00:00","og_image":[{"width":500,"height":500,"url":"https:\/\/fernandadepilacao.com.br\/portal\/wp-content\/uploads\/2025\/11\/20251107000130.png","type":"image\/png"}],"twitter_card":"summary_large_image","twitter_misc":{"Escrito por":"fernandajob","Est. tempo de leitura":"3 minutos"},"schema":{"@context":"https:\/\/schema.org","@graph":[{"@type":"Organization","@id":"https:\/\/fernandadepilacao.com.br\/portal\/#organization","name":"Fernanda Depila\u00e7\u00e3o","url":"https:\/\/fernandadepilacao.com.br\/portal\/","sameAs":["https:\/\/www.facebook.com\/ferjobdepilacao","http:\/\/instagram.com\/fernanda_job"],"logo":{"@type":"ImageObject","@id":"https:\/\/fernandadepilacao.com.br\/portal\/#logo","inLanguage":"pt-BR","url":"http:\/\/fernandadepilacao.com.br\/portal\/wp-content\/uploads\/2021\/03\/logo_fernanda.png","contentUrl":"http:\/\/fernandadepilacao.com.br\/portal\/wp-content\/uploads\/2021\/03\/logo_fernanda.png","width":673,"height":688,"caption":"Fernanda Depila\u00e7\u00e3o"},"image":{"@id":"https:\/\/fernandadepilacao.com.br\/portal\/#logo"}},{"@type":"WebSite","@id":"https:\/\/fernandadepilacao.com.br\/portal\/#website","url":"https:\/\/fernandadepilacao.com.br\/portal\/","name":"Fernanda Depila\u00e7\u00e3o","description":"","publisher":{"@id":"https:\/\/fernandadepilacao.com.br\/portal\/#organization"},"potentialAction":[{"@type":"SearchAction","target":{"@type":"EntryPoint","urlTemplate":"https:\/\/fernandadepilacao.com.br\/portal\/?s={search_term_string}"},"query-input":"required name=search_term_string"}],"inLanguage":"pt-BR"},{"@type":"ImageObject","@id":"https:\/\/fernandadepilacao.com.br\/portal\/2025\/11\/dicas-produtos-acalmar-pele-apos-depilacao\/#primaryimage","inLanguage":"pt-BR","url":"https:\/\/fernandadepilacao.com.br\/portal\/wp-content\/uploads\/2025\/11\/20251107000130.png","contentUrl":"https:\/\/fernandadepilacao.com.br\/portal\/wp-content\/uploads\/2025\/11\/20251107000130.png","width":500,"height":500},{"@type":"WebPage","@id":"https:\/\/fernandadepilacao.com.br\/portal\/2025\/11\/dicas-produtos-acalmar-pele-apos-depilacao\/#webpage","url":"https:\/\/fernandadepilacao.com.br\/portal\/2025\/11\/dicas-produtos-acalmar-pele-apos-depilacao\/","name":"Dicas de Produtos para Acalmar a Pele Ap\u00f3s Depila\u00e7\u00e3o - Fernanda Depila\u00e7\u00e3o","isPartOf":{"@id":"https:\/\/fernandadepilacao.com.br\/portal\/#website"},"primaryImageOfPage":{"@id":"https:\/\/fernandadepilacao.com.br\/portal\/2025\/11\/dicas-produtos-acalmar-pele-apos-depilacao\/#primaryimage"},"datePublished":"2025-11-07T03:01:32+00:00","dateModified":"2025-11-07T09:00:18+00:00","breadcrumb":{"@id":"https:\/\/fernandadepilacao.com.br\/portal\/2025\/11\/dicas-produtos-acalmar-pele-apos-depilacao\/#breadcrumb"},"inLanguage":"pt-BR","potentialAction":[{"@type":"ReadAction","target":["https:\/\/fernandadepilacao.com.br\/portal\/2025\/11\/dicas-produtos-acalmar-pele-apos-depilacao\/"]}]},{"@type":"BreadcrumbList","@id":"https:\/\/fernandadepilacao.com.br\/portal\/2025\/11\/dicas-produtos-acalmar-pele-apos-depilacao\/#breadcrumb","itemListElement":[{"@type":"ListItem","position":1,"name":"In\u00edcio","item":"http:\/\/fernandadepilacao.com.br\/portal\/"},{"@type":"ListItem","position":2,"name":"Dicas de Produtos para Acalmar a Pele Ap\u00f3s Depila\u00e7\u00e3o"}]},{"@type":"Article","@id":"https:\/\/fernandadepilacao.com.br\/portal\/2025\/11\/dicas-produtos-acalmar-pele-apos-depilacao\/#article","isPartOf":{"@id":"https:\/\/fernandadepilacao.com.br\/portal\/2025\/11\/dicas-produtos-acalmar-pele-apos-depilacao\/#webpage"},"author":{"@id":"https:\/\/fernandadepilacao.com.br\/portal\/#\/schema\/person\/d00644c3bbfd9fd17711767a3b1abbd0"},"headline":"Dicas de Produtos para Acalmar a Pele Ap\u00f3s Depila\u00e7\u00e3o","datePublished":"2025-11-07T03:01:32+00:00","dateModified":"2025-11-07T09:00:18+00:00","mainEntityOfPage":{"@id":"https:\/\/fernandadepilacao.com.br\/portal\/2025\/11\/dicas-produtos-acalmar-pele-apos-depilacao\/#webpage"},"wordCount":614,"commentCount":0,"publisher":{"@id":"https:\/\/fernandadepilacao.com.br\/portal\/#organization"},"image":{"@id":"https:\/\/fernandadepilacao.com.br\/portal\/2025\/11\/dicas-produtos-acalmar-pele-apos-depilacao\/#primaryimage"},"thumbnailUrl":"https:\/\/fernandadepilacao.com.br\/portal\/wp-content\/uploads\/2025\/11\/20251107000130.png","articleSection":["Beleza"],"inLanguage":"pt-BR","potentialAction":[{"@type":"CommentAction","name":"Comment","target":["https:\/\/fernandadepilacao.com.br\/portal\/2025\/11\/dicas-produtos-acalmar-pele-apos-depilacao\/#respond"]}]},{"@type":"Person","@id":"https:\/\/fernandadepilacao.com.br\/portal\/#\/schema\/person\/d00644c3bbfd9fd17711767a3b1abbd0","name":"fernandajob","image":{"@type":"ImageObject","@id":"https:\/\/fernandadepilacao.com.br\/portal\/#personlogo","inLanguage":"pt-BR","url":"https:\/\/secure.gravatar.com\/avatar\/6c2268a68d69a325906fbdccd74b18e6?s=96&d=mm&r=g","contentUrl":"https:\/\/secure.gravatar.com\/avatar\/6c2268a68d69a325906fbdccd74b18e6?s=96&d=mm&r=g","caption":"fernandajob"},"sameAs":["http:\/\/fernandadepilacao.com.br\/portal"]}]}},"uagb_featured_image_src":{"full":["https:\/\/fernandadepilacao.com.br\/portal\/wp-content\/uploads\/2025\/11\/20251107000130.png",500,500,false],"thumbnail":["https:\/\/fernandadepilacao.com.br\/portal\/wp-content\/uploads\/2025\/11\/20251107000130-150x150.png",150,150,true],"medium":["https:\/\/fernandadepilacao.com.br\/portal\/wp-content\/uploads\/2025\/11\/20251107000130-300x300.png",300,300,true],"medium_large":["https:\/\/fernandadepilacao.com.br\/portal\/wp-content\/uploads\/2025\/11\/20251107000130.png",500,500,false],"large":["https:\/\/fernandadepilacao.com.br\/portal\/wp-content\/uploads\/2025\/11\/20251107000130.png",500,500,false],"1536x1536":["https:\/\/fernandadepilacao.com.br\/portal\/wp-content\/uploads\/2025\/11\/20251107000130.png",500,500,false],"2048x2048":["https:\/\/fernandadepilacao.com.br\/portal\/wp-content\/uploads\/2025\/11\/20251107000130.png",500,500,false]},"uagb_author_info":{"display_name":"fernandajob","author_link":"https:\/\/fernandadepilacao.com.br\/portal\/author\/fernandajob\/"},"uagb_comment_info":0,"uagb_excerpt":"Produtos Indicados Para Acalmar a Pele Ap\u00f3s a Depila\u00e7\u00e3o Por Que \u00e9 Importante Cuidar da Pele Ap\u00f3s a Depila\u00e7\u00e3o? A depila\u00e7\u00e3o, seja com cera, l\u00e2mina ou outros m\u00e9todos, pode causar sensibilidade, vermelhid\u00e3o e at\u00e9 pequenas irrita\u00e7\u00f5es na pele. Isso acontece porque a remo\u00e7\u00e3o dos pelos tamb\u00e9m pode retirar parte da camada protetora natural da pele&hellip;","_links":{"self":[{"href":"https:\/\/fernandadepilacao.com.br\/portal\/wp-json\/wp\/v2\/posts\/741"}],"collection":[{"href":"https:\/\/fernandadepilacao.com.br\/portal\/wp-json\/wp\/v2\/posts"}],"about":[{"href":"https:\/\/fernandadepilacao.com.br\/portal\/wp-json\/wp\/v2\/types\/post"}],"author":[{"embeddable":true,"href":"https:\/\/fernandadepilacao.com.br\/portal\/wp-json\/wp\/v2\/users\/1"}],"replies":[{"embeddable":true,"href":"https:\/\/fernandadepilacao.com.br\/portal\/wp-json\/wp\/v2\/comments?post=741"}],"version-history":[{"count":1,"href":"https:\/\/fernandadepilacao.com.br\/portal\/wp-json\/wp\/v2\/posts\/741\/revisions"}],"predecessor-version":[{"id":742,"href":"https:\/\/fernandadepilacao.com.br\/portal\/wp-json\/wp\/v2\/posts\/741\/revisions\/742"}],"wp:featuredmedia":[{"embeddable":true,"href":"https:\/\/fernandadepilacao.com.br\/portal\/wp-json\/wp\/v2\/media\/740"}],"wp:attachment":[{"href":"https:\/\/fernandadepilacao.com.br\/portal\/wp-json\/wp\/v2\/media?parent=741"}],"wp:term":[{"taxonomy":"category","embeddable":true,"href":"https:\/\/fernandadepilacao.com.br\/portal\/wp-json\/wp\/v2\/categories?post=741"},{"taxonomy":"post_tag","embeddable":true,"href":"https:\/\/fernandadepilacao.com.br\/portal\/wp-json\/wp\/v2\/tags?post=741"}],"curies":[{"name":"wp","href":"https:\/\/api.w.org\/{rel}","templated":true}]}}