{"id":738,"date":"2025-11-06T00:01:17","date_gmt":"2025-11-06T03:01:17","guid":{"rendered":"https:\/\/fernandadepilacao.com.br\/portal\/2025\/11\/cuidados-imediatos-apos-a-depilacao-guia-pratico-para-uma-pele-saudavel\/"},"modified":"2025-11-06T06:00:18","modified_gmt":"2025-11-06T09:00:18","slug":"cuidados-imediatos-apos-a-depilacao-guia-pratico-para-uma-pele-saudavel","status":"publish","type":"post","link":"https:\/\/fernandadepilacao.com.br\/portal\/2025\/11\/cuidados-imediatos-apos-a-depilacao-guia-pratico-para-uma-pele-saudavel\/","title":{"rendered":"Cuidados Imediatos Ap\u00f3s a Depila\u00e7\u00e3o: Guia Pr\u00e1tico para Uma Pele Saud\u00e1vel"},"content":{"rendered":"<article>\n<header>\n<h1>Cuidados Imediatos Ap\u00f3s a Depila\u00e7\u00e3o: O Guia Completo para uma Pele Macia e Saud\u00e1vel<\/h1>\n<p>    <meta name=\"description\" content=\"Descubra os principais cuidados p\u00f3s-depila\u00e7\u00e3o para evitar irrita\u00e7\u00f5es, pelos encravados e garantir uma pele lisinha e saud\u00e1vel. Saiba o que fazer assim que terminar sua depila\u00e7\u00e3o com cera, l\u00e2mina ou outros m\u00e9todos.\" \/><br \/>\n  <\/header>\n<section>\n<h2>Por que os cuidados p\u00f3s-depila\u00e7\u00e3o s\u00e3o t\u00e3o importantes?<\/h2>\n<p>A depila\u00e7\u00e3o, seja com cera, l\u00e2mina, linha ou creme depilat\u00f3rio, \u00e9 um procedimento que sensibiliza a pele, deixando-a mais suscet\u00edvel a irrita\u00e7\u00f5es, vermelhid\u00e3o e at\u00e9 mesmo a foliculite (os famosos pelos encravados). Por isso, os cuidados imediatos ap\u00f3s a depila\u00e7\u00e3o s\u00e3o essenciais para preservar a integridade da pele, acelerar sua recupera\u00e7\u00e3o e prolongar o efeito lisinho.<\/p>\n<\/section>\n<section>\n<h2>O que fazer imediatamente ap\u00f3s a depila\u00e7\u00e3o<\/h2>\n<ol>\n<li><strong>Limpeza suave:<\/strong> Ap\u00f3s a depila\u00e7\u00e3o, higienize a \u00e1rea cuidadosamente. D\u00ea prefer\u00eancia a sabonetes neutros ou produtos espec\u00edficos para peles sens\u00edveis, evitando buchas ou esponjas, que podem irritar ainda mais.<\/li>\n<li><strong>Aplique compressas frias:<\/strong> Para aliviar a vermelhid\u00e3o e a sensa\u00e7\u00e3o de ard\u00eancia, utilize compressas de \u00e1gua fria ou cubos de gelo envoltos em um tecido limpo. Esse simples gesto ajuda a fechar os poros e reduzir o incha\u00e7o.<\/li>\n<li><strong>Hidrata\u00e7\u00e3o \u00e9 fundamental:<\/strong> Opte por hidratantes leves, de r\u00e1pida absor\u00e7\u00e3o e livres de \u00e1lcool, corantes ou fragr\u00e2ncias. Ingredientes como aloe vera, camomila e panthenol possuem a\u00e7\u00e3o calmante, reparadora e refrescante.<\/li>\n<li><strong>Evite exposi\u00e7\u00e3o solar:<\/strong> Pelo menos nas primeiras 24 a 48 horas, a \u00e1rea rec\u00e9m-depilada deve ser protegida do sol para evitar manchas, queimaduras e a hiperpigmenta\u00e7\u00e3o.<\/li>\n<li><strong>Cuidado com roupas:<\/strong> Priorize roupas de algod\u00e3o e evite tecidos sint\u00e9ticos ou muito justos, que podem gerar atrito e favorecer inflama\u00e7\u00f5es.<\/li>\n<\/ol>\n<\/section>\n<section>\n<h2>O que <em>n\u00e3o<\/em> fazer ap\u00f3s depilar<\/h2>\n<ul>\n<li><strong>N\u00e3o use produtos perfumados:<\/strong> Perfumes, desodorantes, cremes ou \u00f3leos com fragr\u00e2ncia podem causar alergia e irritar a pele sens\u00edvel p\u00f3s-depila\u00e7\u00e3o.<\/li>\n<li><strong>Evite banhos quentes e sauna:<\/strong> O calor dilata os poros, aumentando o risco de inflama\u00e7\u00e3o e desconforto.<\/li>\n<li><strong>N\u00e3o coce ou esfregue a pele:<\/strong> Mesmo que sinta coceira, evite manipular a \u00e1rea para n\u00e3o correr o risco de microles\u00f5es ou infec\u00e7\u00f5es.<\/li>\n<\/ul>\n<\/section>\n<section>\n<h2>Sinais de alerta: quando procurar ajuda<\/h2>\n<p>Embora seja normal uma leve vermelhid\u00e3o ap\u00f3s a depila\u00e7\u00e3o, fique atento(a) caso surjam sintomas como:<br \/>\n    &bull; Vermelhid\u00e3o persistente<br \/>\n    &bull; Dor intensa<br \/>\n    &bull; P\u00fastulas ou feridas<br \/>\n    &bull; Incha\u00e7o significativo<\/p>\n<p>    Nestes casos, procure um dermatologista ou profissional especializado em est\u00e9tica.<\/p>\n<\/section>\n<section>\n<h2>Dicas extras para prolongar o efeito da depila\u00e7\u00e3o<\/h2>\n<p>\n      Al\u00e9m de seguir as recomenda\u00e7\u00f5es de cuidados imediatos, inclua na sua rotina a esfolia\u00e7\u00e3o leve (de 1 a 2 vezes por semana) e mantenha a pele sempre hidratada. Estes h\u00e1bitos reduzem o risco de encravamento dos fios e mant\u00eam sua pele sedosa por mais tempo.\n    <\/p>\n<\/section>\n<section>\n<h2>Conclus\u00e3o<\/h2>\n<p>Os <strong>cuidados p\u00f3s-depila\u00e7\u00e3o<\/strong> s\u00e3o essenciais para garantir o sucesso do procedimento e a sa\u00fade da sua pele. Com pequenas atitudes imediatas, \u00e9 poss\u00edvel evitar desconfortos e conquistar uma pele lisinha, hidratada e livre de complica\u00e7\u00f5es. Siga essas dicas sempre que realizar sua depila\u00e7\u00e3o e sinta a diferen\u00e7a!<\/p>\n<\/section>\n<footer>\n<p><strong>Palavras-chave:<\/strong> Cuidados p\u00f3s-depila\u00e7\u00e3o, como cuidar da pele ap\u00f3s depila\u00e7\u00e3o, hidrata\u00e7\u00e3o ap\u00f3s depila\u00e7\u00e3o, evitar pelos encravados, dicas para pele lisa, cuidados com a pele sens\u00edvel<\/p>\n<\/footer>\n<\/article>\n","protected":false},"excerpt":{"rendered":"<p>Cuidados Imediatos Ap\u00f3s a Depila\u00e7\u00e3o: O Guia Completo para uma Pele Macia e Saud\u00e1vel Por que os cuidados p\u00f3s-depila\u00e7\u00e3o s\u00e3o t\u00e3o importantes? A depila\u00e7\u00e3o, seja com cera, l\u00e2mina, linha ou creme depilat\u00f3rio, \u00e9 um procedimento que sensibiliza a pele, deixando-a mais suscet\u00edvel a irrita\u00e7\u00f5es, vermelhid\u00e3o e at\u00e9 mesmo a foliculite (os famosos pelos encravados). Por &hellip;<\/p>\n<p class=\"read-more\"> <a class=\"\" href=\"https:\/\/fernandadepilacao.com.br\/portal\/2025\/11\/cuidados-imediatos-apos-a-depilacao-guia-pratico-para-uma-pele-saudavel\/\"> <span class=\"screen-reader-text\">Cuidados Imediatos Ap\u00f3s a Depila\u00e7\u00e3o: Guia Pr\u00e1tico para Uma Pele Saud\u00e1vel<\/span> Leia mais &raquo;<\/a><\/p>\n","protected":false},"author":1,"featured_media":737,"comment_status":"open","ping_status":"open","sticky":false,"template":"","format":"standard","meta":[],"categories":[15],"tags":[],"yoast_head":"<!-- This site is optimized with the Yoast SEO plugin v18.4.1 - https:\/\/yoast.com\/wordpress\/plugins\/seo\/ -->\n<title>Cuidados Imediatos Ap\u00f3s a Depila\u00e7\u00e3o: Guia Pr\u00e1tico para Uma Pele Saud\u00e1vel - Fernanda Depila\u00e7\u00e3o<\/title>\n<meta name=\"robots\" content=\"index, follow, max-snippet:-1, max-image-preview:large, max-video-preview:-1\" \/>\n<link rel=\"canonical\" href=\"https:\/\/fernandadepilacao.com.br\/portal\/2025\/11\/cuidados-imediatos-apos-a-depilacao-guia-pratico-para-uma-pele-saudavel\/\" \/>\n<meta property=\"og:locale\" content=\"pt_BR\" \/>\n<meta property=\"og:type\" content=\"article\" \/>\n<meta property=\"og:title\" content=\"Cuidados Imediatos Ap\u00f3s a Depila\u00e7\u00e3o: Guia Pr\u00e1tico para Uma Pele Saud\u00e1vel - Fernanda Depila\u00e7\u00e3o\" \/>\n<meta property=\"og:description\" content=\"Cuidados Imediatos Ap\u00f3s a Depila\u00e7\u00e3o: O Guia Completo para uma Pele Macia e Saud\u00e1vel Por que os cuidados p\u00f3s-depila\u00e7\u00e3o s\u00e3o t\u00e3o importantes? A depila\u00e7\u00e3o, seja com cera, l\u00e2mina, linha ou creme depilat\u00f3rio, \u00e9 um procedimento que sensibiliza a pele, deixando-a mais suscet\u00edvel a irrita\u00e7\u00f5es, vermelhid\u00e3o e at\u00e9 mesmo a foliculite (os famosos pelos encravados). Por &hellip; Cuidados Imediatos Ap\u00f3s a Depila\u00e7\u00e3o: Guia Pr\u00e1tico para Uma Pele Saud\u00e1vel Leia mais &raquo;\" \/>\n<meta property=\"og:url\" content=\"https:\/\/fernandadepilacao.com.br\/portal\/2025\/11\/cuidados-imediatos-apos-a-depilacao-guia-pratico-para-uma-pele-saudavel\/\" \/>\n<meta property=\"og:site_name\" content=\"Fernanda Depila\u00e7\u00e3o\" \/>\n<meta property=\"article:publisher\" content=\"https:\/\/www.facebook.com\/ferjobdepilacao\" \/>\n<meta property=\"article:published_time\" content=\"2025-11-06T03:01:17+00:00\" \/>\n<meta property=\"article:modified_time\" content=\"2025-11-06T09:00:18+00:00\" \/>\n<meta property=\"og:image\" content=\"https:\/\/fernandadepilacao.com.br\/portal\/wp-content\/uploads\/2025\/11\/20251106000115.png\" \/>\n\t<meta property=\"og:image:width\" content=\"500\" \/>\n\t<meta property=\"og:image:height\" content=\"500\" \/>\n\t<meta property=\"og:image:type\" content=\"image\/png\" \/>\n<meta name=\"twitter:card\" content=\"summary_large_image\" \/>\n<meta name=\"twitter:label1\" content=\"Escrito por\" \/>\n\t<meta name=\"twitter:data1\" content=\"fernandajob\" \/>\n\t<meta name=\"twitter:label2\" content=\"Est. tempo de leitura\" \/>\n\t<meta name=\"twitter:data2\" content=\"3 minutos\" \/>\n<script type=\"application\/ld+json\" class=\"yoast-schema-graph\">{\"@context\":\"https:\/\/schema.org\",\"@graph\":[{\"@type\":\"Organization\",\"@id\":\"https:\/\/fernandadepilacao.com.br\/portal\/#organization\",\"name\":\"Fernanda Depila\u00e7\u00e3o\",\"url\":\"https:\/\/fernandadepilacao.com.br\/portal\/\",\"sameAs\":[\"https:\/\/www.facebook.com\/ferjobdepilacao\",\"http:\/\/instagram.com\/fernanda_job\"],\"logo\":{\"@type\":\"ImageObject\",\"@id\":\"https:\/\/fernandadepilacao.com.br\/portal\/#logo\",\"inLanguage\":\"pt-BR\",\"url\":\"http:\/\/fernandadepilacao.com.br\/portal\/wp-content\/uploads\/2021\/03\/logo_fernanda.png\",\"contentUrl\":\"http:\/\/fernandadepilacao.com.br\/portal\/wp-content\/uploads\/2021\/03\/logo_fernanda.png\",\"width\":673,\"height\":688,\"caption\":\"Fernanda Depila\u00e7\u00e3o\"},\"image\":{\"@id\":\"https:\/\/fernandadepilacao.com.br\/portal\/#logo\"}},{\"@type\":\"WebSite\",\"@id\":\"https:\/\/fernandadepilacao.com.br\/portal\/#website\",\"url\":\"https:\/\/fernandadepilacao.com.br\/portal\/\",\"name\":\"Fernanda Depila\u00e7\u00e3o\",\"description\":\"\",\"publisher\":{\"@id\":\"https:\/\/fernandadepilacao.com.br\/portal\/#organization\"},\"potentialAction\":[{\"@type\":\"SearchAction\",\"target\":{\"@type\":\"EntryPoint\",\"urlTemplate\":\"https:\/\/fernandadepilacao.com.br\/portal\/?s={search_term_string}\"},\"query-input\":\"required name=search_term_string\"}],\"inLanguage\":\"pt-BR\"},{\"@type\":\"ImageObject\",\"@id\":\"https:\/\/fernandadepilacao.com.br\/portal\/2025\/11\/cuidados-imediatos-apos-a-depilacao-guia-pratico-para-uma-pele-saudavel\/#primaryimage\",\"inLanguage\":\"pt-BR\",\"url\":\"https:\/\/fernandadepilacao.com.br\/portal\/wp-content\/uploads\/2025\/11\/20251106000115.png\",\"contentUrl\":\"https:\/\/fernandadepilacao.com.br\/portal\/wp-content\/uploads\/2025\/11\/20251106000115.png\",\"width\":500,\"height\":500},{\"@type\":\"WebPage\",\"@id\":\"https:\/\/fernandadepilacao.com.br\/portal\/2025\/11\/cuidados-imediatos-apos-a-depilacao-guia-pratico-para-uma-pele-saudavel\/#webpage\",\"url\":\"https:\/\/fernandadepilacao.com.br\/portal\/2025\/11\/cuidados-imediatos-apos-a-depilacao-guia-pratico-para-uma-pele-saudavel\/\",\"name\":\"Cuidados Imediatos Ap\u00f3s a Depila\u00e7\u00e3o: Guia Pr\u00e1tico para Uma Pele Saud\u00e1vel - Fernanda Depila\u00e7\u00e3o\",\"isPartOf\":{\"@id\":\"https:\/\/fernandadepilacao.com.br\/portal\/#website\"},\"primaryImageOfPage\":{\"@id\":\"https:\/\/fernandadepilacao.com.br\/portal\/2025\/11\/cuidados-imediatos-apos-a-depilacao-guia-pratico-para-uma-pele-saudavel\/#primaryimage\"},\"datePublished\":\"2025-11-06T03:01:17+00:00\",\"dateModified\":\"2025-11-06T09:00:18+00:00\",\"breadcrumb\":{\"@id\":\"https:\/\/fernandadepilacao.com.br\/portal\/2025\/11\/cuidados-imediatos-apos-a-depilacao-guia-pratico-para-uma-pele-saudavel\/#breadcrumb\"},\"inLanguage\":\"pt-BR\",\"potentialAction\":[{\"@type\":\"ReadAction\",\"target\":[\"https:\/\/fernandadepilacao.com.br\/portal\/2025\/11\/cuidados-imediatos-apos-a-depilacao-guia-pratico-para-uma-pele-saudavel\/\"]}]},{\"@type\":\"BreadcrumbList\",\"@id\":\"https:\/\/fernandadepilacao.com.br\/portal\/2025\/11\/cuidados-imediatos-apos-a-depilacao-guia-pratico-para-uma-pele-saudavel\/#breadcrumb\",\"itemListElement\":[{\"@type\":\"ListItem\",\"position\":1,\"name\":\"In\u00edcio\",\"item\":\"http:\/\/fernandadepilacao.com.br\/portal\/\"},{\"@type\":\"ListItem\",\"position\":2,\"name\":\"Cuidados Imediatos Ap\u00f3s a Depila\u00e7\u00e3o: Guia Pr\u00e1tico para Uma Pele Saud\u00e1vel\"}]},{\"@type\":\"Article\",\"@id\":\"https:\/\/fernandadepilacao.com.br\/portal\/2025\/11\/cuidados-imediatos-apos-a-depilacao-guia-pratico-para-uma-pele-saudavel\/#article\",\"isPartOf\":{\"@id\":\"https:\/\/fernandadepilacao.com.br\/portal\/2025\/11\/cuidados-imediatos-apos-a-depilacao-guia-pratico-para-uma-pele-saudavel\/#webpage\"},\"author\":{\"@id\":\"https:\/\/fernandadepilacao.com.br\/portal\/#\/schema\/person\/d00644c3bbfd9fd17711767a3b1abbd0\"},\"headline\":\"Cuidados Imediatos Ap\u00f3s a Depila\u00e7\u00e3o: Guia Pr\u00e1tico para Uma Pele Saud\u00e1vel\",\"datePublished\":\"2025-11-06T03:01:17+00:00\",\"dateModified\":\"2025-11-06T09:00:18+00:00\",\"mainEntityOfPage\":{\"@id\":\"https:\/\/fernandadepilacao.com.br\/portal\/2025\/11\/cuidados-imediatos-apos-a-depilacao-guia-pratico-para-uma-pele-saudavel\/#webpage\"},\"wordCount\":554,\"commentCount\":0,\"publisher\":{\"@id\":\"https:\/\/fernandadepilacao.com.br\/portal\/#organization\"},\"image\":{\"@id\":\"https:\/\/fernandadepilacao.com.br\/portal\/2025\/11\/cuidados-imediatos-apos-a-depilacao-guia-pratico-para-uma-pele-saudavel\/#primaryimage\"},\"thumbnailUrl\":\"https:\/\/fernandadepilacao.com.br\/portal\/wp-content\/uploads\/2025\/11\/20251106000115.png\",\"articleSection\":[\"Beleza\"],\"inLanguage\":\"pt-BR\",\"potentialAction\":[{\"@type\":\"CommentAction\",\"name\":\"Comment\",\"target\":[\"https:\/\/fernandadepilacao.com.br\/portal\/2025\/11\/cuidados-imediatos-apos-a-depilacao-guia-pratico-para-uma-pele-saudavel\/#respond\"]}]},{\"@type\":\"Person\",\"@id\":\"https:\/\/fernandadepilacao.com.br\/portal\/#\/schema\/person\/d00644c3bbfd9fd17711767a3b1abbd0\",\"name\":\"fernandajob\",\"image\":{\"@type\":\"ImageObject\",\"@id\":\"https:\/\/fernandadepilacao.com.br\/portal\/#personlogo\",\"inLanguage\":\"pt-BR\",\"url\":\"https:\/\/secure.gravatar.com\/avatar\/6c2268a68d69a325906fbdccd74b18e6?s=96&d=mm&r=g\",\"contentUrl\":\"https:\/\/secure.gravatar.com\/avatar\/6c2268a68d69a325906fbdccd74b18e6?s=96&d=mm&r=g\",\"caption\":\"fernandajob\"},\"sameAs\":[\"http:\/\/fernandadepilacao.com.br\/portal\"]}]}<\/script>\n<!-- \/ Yoast SEO plugin. -->","yoast_head_json":{"title":"Cuidados Imediatos Ap\u00f3s a Depila\u00e7\u00e3o: Guia Pr\u00e1tico para Uma Pele Saud\u00e1vel - Fernanda Depila\u00e7\u00e3o","robots":{"index":"index","follow":"follow","max-snippet":"max-snippet:-1","max-image-preview":"max-image-preview:large","max-video-preview":"max-video-preview:-1"},"canonical":"https:\/\/fernandadepilacao.com.br\/portal\/2025\/11\/cuidados-imediatos-apos-a-depilacao-guia-pratico-para-uma-pele-saudavel\/","og_locale":"pt_BR","og_type":"article","og_title":"Cuidados Imediatos Ap\u00f3s a Depila\u00e7\u00e3o: Guia Pr\u00e1tico para Uma Pele Saud\u00e1vel - Fernanda Depila\u00e7\u00e3o","og_description":"Cuidados Imediatos Ap\u00f3s a Depila\u00e7\u00e3o: O Guia Completo para uma Pele Macia e Saud\u00e1vel Por que os cuidados p\u00f3s-depila\u00e7\u00e3o s\u00e3o t\u00e3o importantes? A depila\u00e7\u00e3o, seja com cera, l\u00e2mina, linha ou creme depilat\u00f3rio, \u00e9 um procedimento que sensibiliza a pele, deixando-a mais suscet\u00edvel a irrita\u00e7\u00f5es, vermelhid\u00e3o e at\u00e9 mesmo a foliculite (os famosos pelos encravados). Por &hellip; Cuidados Imediatos Ap\u00f3s a Depila\u00e7\u00e3o: Guia Pr\u00e1tico para Uma Pele Saud\u00e1vel Leia mais &raquo;","og_url":"https:\/\/fernandadepilacao.com.br\/portal\/2025\/11\/cuidados-imediatos-apos-a-depilacao-guia-pratico-para-uma-pele-saudavel\/","og_site_name":"Fernanda Depila\u00e7\u00e3o","article_publisher":"https:\/\/www.facebook.com\/ferjobdepilacao","article_published_time":"2025-11-06T03:01:17+00:00","article_modified_time":"2025-11-06T09:00:18+00:00","og_image":[{"width":500,"height":500,"url":"https:\/\/fernandadepilacao.com.br\/portal\/wp-content\/uploads\/2025\/11\/20251106000115.png","type":"image\/png"}],"twitter_card":"summary_large_image","twitter_misc":{"Escrito por":"fernandajob","Est. tempo de leitura":"3 minutos"},"schema":{"@context":"https:\/\/schema.org","@graph":[{"@type":"Organization","@id":"https:\/\/fernandadepilacao.com.br\/portal\/#organization","name":"Fernanda Depila\u00e7\u00e3o","url":"https:\/\/fernandadepilacao.com.br\/portal\/","sameAs":["https:\/\/www.facebook.com\/ferjobdepilacao","http:\/\/instagram.com\/fernanda_job"],"logo":{"@type":"ImageObject","@id":"https:\/\/fernandadepilacao.com.br\/portal\/#logo","inLanguage":"pt-BR","url":"http:\/\/fernandadepilacao.com.br\/portal\/wp-content\/uploads\/2021\/03\/logo_fernanda.png","contentUrl":"http:\/\/fernandadepilacao.com.br\/portal\/wp-content\/uploads\/2021\/03\/logo_fernanda.png","width":673,"height":688,"caption":"Fernanda Depila\u00e7\u00e3o"},"image":{"@id":"https:\/\/fernandadepilacao.com.br\/portal\/#logo"}},{"@type":"WebSite","@id":"https:\/\/fernandadepilacao.com.br\/portal\/#website","url":"https:\/\/fernandadepilacao.com.br\/portal\/","name":"Fernanda Depila\u00e7\u00e3o","description":"","publisher":{"@id":"https:\/\/fernandadepilacao.com.br\/portal\/#organization"},"potentialAction":[{"@type":"SearchAction","target":{"@type":"EntryPoint","urlTemplate":"https:\/\/fernandadepilacao.com.br\/portal\/?s={search_term_string}"},"query-input":"required name=search_term_string"}],"inLanguage":"pt-BR"},{"@type":"ImageObject","@id":"https:\/\/fernandadepilacao.com.br\/portal\/2025\/11\/cuidados-imediatos-apos-a-depilacao-guia-pratico-para-uma-pele-saudavel\/#primaryimage","inLanguage":"pt-BR","url":"https:\/\/fernandadepilacao.com.br\/portal\/wp-content\/uploads\/2025\/11\/20251106000115.png","contentUrl":"https:\/\/fernandadepilacao.com.br\/portal\/wp-content\/uploads\/2025\/11\/20251106000115.png","width":500,"height":500},{"@type":"WebPage","@id":"https:\/\/fernandadepilacao.com.br\/portal\/2025\/11\/cuidados-imediatos-apos-a-depilacao-guia-pratico-para-uma-pele-saudavel\/#webpage","url":"https:\/\/fernandadepilacao.com.br\/portal\/2025\/11\/cuidados-imediatos-apos-a-depilacao-guia-pratico-para-uma-pele-saudavel\/","name":"Cuidados Imediatos Ap\u00f3s a Depila\u00e7\u00e3o: Guia Pr\u00e1tico para Uma Pele Saud\u00e1vel - Fernanda Depila\u00e7\u00e3o","isPartOf":{"@id":"https:\/\/fernandadepilacao.com.br\/portal\/#website"},"primaryImageOfPage":{"@id":"https:\/\/fernandadepilacao.com.br\/portal\/2025\/11\/cuidados-imediatos-apos-a-depilacao-guia-pratico-para-uma-pele-saudavel\/#primaryimage"},"datePublished":"2025-11-06T03:01:17+00:00","dateModified":"2025-11-06T09:00:18+00:00","breadcrumb":{"@id":"https:\/\/fernandadepilacao.com.br\/portal\/2025\/11\/cuidados-imediatos-apos-a-depilacao-guia-pratico-para-uma-pele-saudavel\/#breadcrumb"},"inLanguage":"pt-BR","potentialAction":[{"@type":"ReadAction","target":["https:\/\/fernandadepilacao.com.br\/portal\/2025\/11\/cuidados-imediatos-apos-a-depilacao-guia-pratico-para-uma-pele-saudavel\/"]}]},{"@type":"BreadcrumbList","@id":"https:\/\/fernandadepilacao.com.br\/portal\/2025\/11\/cuidados-imediatos-apos-a-depilacao-guia-pratico-para-uma-pele-saudavel\/#breadcrumb","itemListElement":[{"@type":"ListItem","position":1,"name":"In\u00edcio","item":"http:\/\/fernandadepilacao.com.br\/portal\/"},{"@type":"ListItem","position":2,"name":"Cuidados Imediatos Ap\u00f3s a Depila\u00e7\u00e3o: Guia Pr\u00e1tico para Uma Pele Saud\u00e1vel"}]},{"@type":"Article","@id":"https:\/\/fernandadepilacao.com.br\/portal\/2025\/11\/cuidados-imediatos-apos-a-depilacao-guia-pratico-para-uma-pele-saudavel\/#article","isPartOf":{"@id":"https:\/\/fernandadepilacao.com.br\/portal\/2025\/11\/cuidados-imediatos-apos-a-depilacao-guia-pratico-para-uma-pele-saudavel\/#webpage"},"author":{"@id":"https:\/\/fernandadepilacao.com.br\/portal\/#\/schema\/person\/d00644c3bbfd9fd17711767a3b1abbd0"},"headline":"Cuidados Imediatos Ap\u00f3s a Depila\u00e7\u00e3o: Guia Pr\u00e1tico para Uma Pele Saud\u00e1vel","datePublished":"2025-11-06T03:01:17+00:00","dateModified":"2025-11-06T09:00:18+00:00","mainEntityOfPage":{"@id":"https:\/\/fernandadepilacao.com.br\/portal\/2025\/11\/cuidados-imediatos-apos-a-depilacao-guia-pratico-para-uma-pele-saudavel\/#webpage"},"wordCount":554,"commentCount":0,"publisher":{"@id":"https:\/\/fernandadepilacao.com.br\/portal\/#organization"},"image":{"@id":"https:\/\/fernandadepilacao.com.br\/portal\/2025\/11\/cuidados-imediatos-apos-a-depilacao-guia-pratico-para-uma-pele-saudavel\/#primaryimage"},"thumbnailUrl":"https:\/\/fernandadepilacao.com.br\/portal\/wp-content\/uploads\/2025\/11\/20251106000115.png","articleSection":["Beleza"],"inLanguage":"pt-BR","potentialAction":[{"@type":"CommentAction","name":"Comment","target":["https:\/\/fernandadepilacao.com.br\/portal\/2025\/11\/cuidados-imediatos-apos-a-depilacao-guia-pratico-para-uma-pele-saudavel\/#respond"]}]},{"@type":"Person","@id":"https:\/\/fernandadepilacao.com.br\/portal\/#\/schema\/person\/d00644c3bbfd9fd17711767a3b1abbd0","name":"fernandajob","image":{"@type":"ImageObject","@id":"https:\/\/fernandadepilacao.com.br\/portal\/#personlogo","inLanguage":"pt-BR","url":"https:\/\/secure.gravatar.com\/avatar\/6c2268a68d69a325906fbdccd74b18e6?s=96&d=mm&r=g","contentUrl":"https:\/\/secure.gravatar.com\/avatar\/6c2268a68d69a325906fbdccd74b18e6?s=96&d=mm&r=g","caption":"fernandajob"},"sameAs":["http:\/\/fernandadepilacao.com.br\/portal"]}]}},"uagb_featured_image_src":{"full":["https:\/\/fernandadepilacao.com.br\/portal\/wp-content\/uploads\/2025\/11\/20251106000115.png",500,500,false],"thumbnail":["https:\/\/fernandadepilacao.com.br\/portal\/wp-content\/uploads\/2025\/11\/20251106000115-150x150.png",150,150,true],"medium":["https:\/\/fernandadepilacao.com.br\/portal\/wp-content\/uploads\/2025\/11\/20251106000115-300x300.png",300,300,true],"medium_large":["https:\/\/fernandadepilacao.com.br\/portal\/wp-content\/uploads\/2025\/11\/20251106000115.png",500,500,false],"large":["https:\/\/fernandadepilacao.com.br\/portal\/wp-content\/uploads\/2025\/11\/20251106000115.png",500,500,false],"1536x1536":["https:\/\/fernandadepilacao.com.br\/portal\/wp-content\/uploads\/2025\/11\/20251106000115.png",500,500,false],"2048x2048":["https:\/\/fernandadepilacao.com.br\/portal\/wp-content\/uploads\/2025\/11\/20251106000115.png",500,500,false]},"uagb_author_info":{"display_name":"fernandajob","author_link":"https:\/\/fernandadepilacao.com.br\/portal\/author\/fernandajob\/"},"uagb_comment_info":0,"uagb_excerpt":"Cuidados Imediatos Ap\u00f3s a Depila\u00e7\u00e3o: O Guia Completo para uma Pele Macia e Saud\u00e1vel Por que os cuidados p\u00f3s-depila\u00e7\u00e3o s\u00e3o t\u00e3o importantes? A depila\u00e7\u00e3o, seja com cera, l\u00e2mina, linha ou creme depilat\u00f3rio, \u00e9 um procedimento que sensibiliza a pele, deixando-a mais suscet\u00edvel a irrita\u00e7\u00f5es, vermelhid\u00e3o e at\u00e9 mesmo a foliculite (os famosos pelos encravados). Por&hellip;","_links":{"self":[{"href":"https:\/\/fernandadepilacao.com.br\/portal\/wp-json\/wp\/v2\/posts\/738"}],"collection":[{"href":"https:\/\/fernandadepilacao.com.br\/portal\/wp-json\/wp\/v2\/posts"}],"about":[{"href":"https:\/\/fernandadepilacao.com.br\/portal\/wp-json\/wp\/v2\/types\/post"}],"author":[{"embeddable":true,"href":"https:\/\/fernandadepilacao.com.br\/portal\/wp-json\/wp\/v2\/users\/1"}],"replies":[{"embeddable":true,"href":"https:\/\/fernandadepilacao.com.br\/portal\/wp-json\/wp\/v2\/comments?post=738"}],"version-history":[{"count":1,"href":"https:\/\/fernandadepilacao.com.br\/portal\/wp-json\/wp\/v2\/posts\/738\/revisions"}],"predecessor-version":[{"id":739,"href":"https:\/\/fernandadepilacao.com.br\/portal\/wp-json\/wp\/v2\/posts\/738\/revisions\/739"}],"wp:featuredmedia":[{"embeddable":true,"href":"https:\/\/fernandadepilacao.com.br\/portal\/wp-json\/wp\/v2\/media\/737"}],"wp:attachment":[{"href":"https:\/\/fernandadepilacao.com.br\/portal\/wp-json\/wp\/v2\/media?parent=738"}],"wp:term":[{"taxonomy":"category","embeddable":true,"href":"https:\/\/fernandadepilacao.com.br\/portal\/wp-json\/wp\/v2\/categories?post=738"},{"taxonomy":"post_tag","embeddable":true,"href":"https:\/\/fernandadepilacao.com.br\/portal\/wp-json\/wp\/v2\/tags?post=738"}],"curies":[{"name":"wp","href":"https:\/\/api.w.org\/{rel}","templated":true}]}}