{"id":732,"date":"2025-11-04T08:01:40","date_gmt":"2025-11-04T11:01:40","guid":{"rendered":"https:\/\/fernandadepilacao.com.br\/portal\/2025\/11\/guia-completo-riscos-contraindicacoes-prevencao-alergias-depilacao-cera-quente\/"},"modified":"2025-11-04T12:00:19","modified_gmt":"2025-11-04T15:00:19","slug":"guia-completo-riscos-contraindicacoes-prevencao-alergias-depilacao-cera-quente","status":"publish","type":"post","link":"https:\/\/fernandadepilacao.com.br\/portal\/2025\/11\/guia-completo-riscos-contraindicacoes-prevencao-alergias-depilacao-cera-quente\/","title":{"rendered":"Guia Completo sobre Riscos, Contraindica\u00e7\u00f5es e Preven\u00e7\u00e3o de Alergias na Depila\u00e7\u00e3o com Cera Quente"},"content":{"rendered":"<article>\n<header>\n<h1>Riscos, Contraindica\u00e7\u00f5es e Como Evitar Rea\u00e7\u00f5es Al\u00e9rgicas na Depila\u00e7\u00e3o com Cera Quente<\/h1>\n<p>    <meta name=\"description\" content=\"Confira um guia completo sobre os riscos, contraindica\u00e7\u00f5es e dicas de como evitar rea\u00e7\u00f5es al\u00e9rgicas durante a depila\u00e7\u00e3o com cera quente. Saiba como se proteger e ter uma pele saud\u00e1vel ap\u00f3s a depila\u00e7\u00e3o.\" \/><br \/>\n  <\/header>\n<section>\n<h2>Depila\u00e7\u00e3o com Cera Quente: O que \u00e9 e por que requer cuidados?<\/h2>\n<p>A depila\u00e7\u00e3o com cera quente \u00e9 uma das t\u00e9cnicas mais populares para remo\u00e7\u00e3o de pelos, sendo valorizada por proporcionar uma pele lisa por mais tempo e pelos que demoram a crescer. Apesar das vantagens, o procedimento precisa ser realizado com aten\u00e7\u00e3o para evitar efeitos adversos \u00e0 sa\u00fade da pele, como queimaduras, alergias e irrita\u00e7\u00f5es.<\/p>\n<\/section>\n<section>\n<h2>Principais riscos da depila\u00e7\u00e3o com cera quente<\/h2>\n<p>\n      Embora considerada segura quando feita corretamente, a <strong>depila\u00e7\u00e3o com cera quente<\/strong> pode oferecer v\u00e1rios riscos:\n    <\/p>\n<ul>\n<li><strong>Queimaduras<\/strong>: se a temperatura da cera estiver demasiado alta;<\/li>\n<li><strong>Foliculite<\/strong>: inflama\u00e7\u00e3o dos fol\u00edculos pilosos causada por pelos encravados ou falta de higiene adequada;<\/li>\n<li><strong>Manchas e hiperpigmenta\u00e7\u00e3o<\/strong>: exposi\u00e7\u00e3o ao sol logo ap\u00f3s depilar pode resultar em manchas escuras;<\/li>\n<li><strong>Rea\u00e7\u00f5es al\u00e9rgicas<\/strong>: a utiliza\u00e7\u00e3o de ceras com componentes alerg\u00eanicos pode causar irrita\u00e7\u00f5es, prurido e vermelhid\u00e3o;<\/li>\n<li><strong>Les\u00f5es na pele<\/strong>: pux\u00f5es bruscos ou aplica\u00e7\u00e3o de cera em \u00e1reas sens\u00edveis podem provocar microles\u00f5es ou arrancar uma camada superficial da pele.<\/li>\n<\/ul>\n<\/section>\n<section>\n<h2>Contraindica\u00e7\u00f5es da depila\u00e7\u00e3o com cera quente<\/h2>\n<p>\n      Certos grupos de pessoas ou condi\u00e7\u00f5es exigem que a depila\u00e7\u00e3o com cera quente seja evitada, pois o risco de complica\u00e7\u00f5es \u00e9 maior. As principais <strong>contraindica\u00e7\u00f5es para depila\u00e7\u00e3o com cera<\/strong> s\u00e3o:\n    <\/p>\n<ul>\n<li>Portadores de <strong>diabetes mellitus<\/strong> n\u00e3o controlado;<\/li>\n<li>Pessoas com problemas de circula\u00e7\u00e3o sangu\u00ednea ou varizes intensas;<\/li>\n<li>\u00c1reas com feridas, inflama\u00e7\u00f5es, queimaduras ou les\u00f5es cut\u00e2neas;<\/li>\n<li>Pacientes imunossuprimidos ou em tratamento com quimioterapia;<\/li>\n<li>Usu\u00e1rios de medicamentos ou cosm\u00e9ticos \u00e0 base de \u00e1cido, como <em>\u00e1cido retinoico<\/em> ou <em>isotretino\u00edna<\/em>, que tornam a pele mais sens\u00edvel;<\/li>\n<li>Pessoas com dermatite, psor\u00edase ou outras doen\u00e7as de pele na \u00e1rea a ser depilada;<\/li>\n<li>Gestantes (recomenda-se cautela e avalia\u00e7\u00e3o m\u00e9dica, principalmente no primeiro trimestre).<\/li>\n<\/ul>\n<\/section>\n<section>\n<h2>Como evitar rea\u00e7\u00f5es al\u00e9rgicas durante e ap\u00f3s a depila\u00e7\u00e3o<\/h2>\n<p>Se voc\u00ea tem hist\u00f3rico de pele sens\u00edvel ou alergias, alguns cuidados simples podem fazer toda a diferen\u00e7a na <strong>preven\u00e7\u00e3o de rea\u00e7\u00f5es al\u00e9rgicas \u00e0 cera quente<\/strong>:<\/p>\n<ol>\n<li><strong>Teste de sensibilidade<\/strong>: sempre realize um teste em uma pequena \u00e1rea do corpo antes da primeira aplica\u00e7\u00e3o;\n      <\/li>\n<li><strong>Prefira produtos hipoalerg\u00eanicos<\/strong>: existem ceras desenvolvidas especialmente para peles sens\u00edveis, com menor risco de provocar rea\u00e7\u00f5es;\n      <\/li>\n<li><strong>Mantenha a pele limpa e seca<\/strong>: lave a \u00e1rea a ser depilada com sabonete neutro e seque bem para eliminar suor, oleosidade e res\u00edduos de cremes;<\/li>\n<li><strong>Evite cosm\u00e9ticos irritantes<\/strong>: n\u00e3o aplique cremes, perfumes ou desodorantes nas primeiras 24h ap\u00f3s a depila\u00e7\u00e3o;<\/li>\n<li><strong>Hidrata\u00e7\u00e3o p\u00f3s-depila\u00e7\u00e3o<\/strong>: utilize cremes calmantes \u00e0 base de aloe vera ou camomila para ajudar na recupera\u00e7\u00e3o da pele;<\/li>\n<li><strong>Fuja do sol nas primeiras horas<\/strong>: a exposi\u00e7\u00e3o solar pode piorar rea\u00e7\u00f5es e causar manchas;<\/li>\n<li><strong>Procure um profissional qualificado<\/strong>: a aplica\u00e7\u00e3o correta \u00e9 fundamental para garantir sua seguran\u00e7a.<\/li>\n<\/ol>\n<\/section>\n<section>\n<h2>O que fazer em caso de rea\u00e7\u00e3o al\u00e9rgica \u00e0 cera quente?<\/h2>\n<p>\n      Caso a pele apresente sinais como vermelhid\u00e3o intensa, coceira, bolhas ou incha\u00e7o ap\u00f3s a depila\u00e7\u00e3o com cera quente, siga estes passos:\n    <\/p>\n<ul>\n<li><strong>Lave a \u00e1rea com \u00e1gua fria<\/strong> e sabonete suave;<\/li>\n<li>Applique <strong>compressas geladas<\/strong> para aliviar o desconforto;<\/li>\n<li>Evite co\u00e7ar ou esfregar o local;<\/li>\n<li>Se poss\u00edvel, utilize pomadas calmantes recomendadas por um farmac\u00eautico ou dermatologista;<\/li>\n<li><strong>Consulte um m\u00e9dico<\/strong> caso os sintomas persistam por mais de 48 horas ou piorem.<\/li>\n<\/ul>\n<\/section>\n<section>\n<h2>Perguntas frequentes sobre depila\u00e7\u00e3o com cera quente<\/h2>\n<dl>\n<dt><strong>Depila\u00e7\u00e3o com cera quente d\u00f3i muito?<\/strong><\/dt>\n<dd>A sensibilidade varia de pessoa para pessoa, mas a aplica\u00e7\u00e3o correta minimiza o desconforto.<\/dd>\n<dt><strong>\u00c9 normal ter vermelhid\u00e3o ap\u00f3s a depila\u00e7\u00e3o?<\/strong><\/dt>\n<dd>Sim, vermelhid\u00e3o leve \u00e9 comum e tende a desaparecer em algumas horas. Persist\u00eancia indica poss\u00edvel irrita\u00e7\u00e3o ou alergia.<\/dd>\n<dt><strong>Quanto tempo ap\u00f3s a depila\u00e7\u00e3o posso tomar sol?<\/strong><\/dt>\n<dd>O ideal \u00e9 aguardar pelo menos 24 horas para evitar o aparecimento de manchas ou irrita\u00e7\u00e3o.<\/dd>\n<\/dl>\n<\/section>\n<section>\n<h2>Conclus\u00e3o<\/h2>\n<p>\n      A <strong>depila\u00e7\u00e3o com cera quente<\/strong> \u00e9 uma \u00f3tima op\u00e7\u00e3o para quem busca uma pele lisa e macia por mais tempo, desde que sejam seguidos todos os cuidados antes, durante e ap\u00f3s o procedimento. Conhecer os riscos, contraindica\u00e7\u00f5es e saber como evitar rea\u00e7\u00f5es al\u00e9rgicas \u00e9 fundamental para garantir uma experi\u00eancia segura e satisfat\u00f3ria. Sempre priorize seu bem-estar e procure um servi\u00e7o profissional de depila\u00e7\u00e3o para melhores resultados.\n    <\/p>\n<\/section>\n<footer>\n<p><small>Este conte\u00fado possui car\u00e1ter informativo e n\u00e3o substitui a orienta\u00e7\u00e3o de um profissional da \u00e1rea de sa\u00fade.<\/small><\/p>\n<\/footer>\n<\/article>\n","protected":false},"excerpt":{"rendered":"<p>Riscos, Contraindica\u00e7\u00f5es e Como Evitar Rea\u00e7\u00f5es Al\u00e9rgicas na Depila\u00e7\u00e3o com Cera Quente Depila\u00e7\u00e3o com Cera Quente: O que \u00e9 e por que requer cuidados? A depila\u00e7\u00e3o com cera quente \u00e9 uma das t\u00e9cnicas mais populares para remo\u00e7\u00e3o de pelos, sendo valorizada por proporcionar uma pele lisa por mais tempo e pelos que demoram a crescer. &hellip;<\/p>\n<p class=\"read-more\"> <a class=\"\" href=\"https:\/\/fernandadepilacao.com.br\/portal\/2025\/11\/guia-completo-riscos-contraindicacoes-prevencao-alergias-depilacao-cera-quente\/\"> <span class=\"screen-reader-text\">Guia Completo sobre Riscos, Contraindica\u00e7\u00f5es e Preven\u00e7\u00e3o de Alergias na Depila\u00e7\u00e3o com Cera Quente<\/span> Leia mais &raquo;<\/a><\/p>\n","protected":false},"author":1,"featured_media":731,"comment_status":"open","ping_status":"open","sticky":false,"template":"","format":"standard","meta":[],"categories":[15],"tags":[],"yoast_head":"<!-- This site is optimized with the Yoast SEO plugin v18.4.1 - https:\/\/yoast.com\/wordpress\/plugins\/seo\/ -->\n<title>Guia Completo sobre Riscos, Contraindica\u00e7\u00f5es e Preven\u00e7\u00e3o de Alergias na Depila\u00e7\u00e3o com Cera Quente - Fernanda Depila\u00e7\u00e3o<\/title>\n<meta name=\"robots\" content=\"index, follow, max-snippet:-1, max-image-preview:large, max-video-preview:-1\" \/>\n<link rel=\"canonical\" href=\"https:\/\/fernandadepilacao.com.br\/portal\/2025\/11\/guia-completo-riscos-contraindicacoes-prevencao-alergias-depilacao-cera-quente\/\" \/>\n<meta property=\"og:locale\" content=\"pt_BR\" \/>\n<meta property=\"og:type\" content=\"article\" \/>\n<meta property=\"og:title\" content=\"Guia Completo sobre Riscos, Contraindica\u00e7\u00f5es e Preven\u00e7\u00e3o de Alergias na Depila\u00e7\u00e3o com Cera Quente - Fernanda Depila\u00e7\u00e3o\" \/>\n<meta property=\"og:description\" content=\"Riscos, Contraindica\u00e7\u00f5es e Como Evitar Rea\u00e7\u00f5es Al\u00e9rgicas na Depila\u00e7\u00e3o com Cera Quente Depila\u00e7\u00e3o com Cera Quente: O que \u00e9 e por que requer cuidados? A depila\u00e7\u00e3o com cera quente \u00e9 uma das t\u00e9cnicas mais populares para remo\u00e7\u00e3o de pelos, sendo valorizada por proporcionar uma pele lisa por mais tempo e pelos que demoram a crescer. &hellip; Guia Completo sobre Riscos, Contraindica\u00e7\u00f5es e Preven\u00e7\u00e3o de Alergias na Depila\u00e7\u00e3o com Cera Quente Leia mais &raquo;\" \/>\n<meta property=\"og:url\" content=\"https:\/\/fernandadepilacao.com.br\/portal\/2025\/11\/guia-completo-riscos-contraindicacoes-prevencao-alergias-depilacao-cera-quente\/\" \/>\n<meta property=\"og:site_name\" content=\"Fernanda Depila\u00e7\u00e3o\" \/>\n<meta property=\"article:publisher\" content=\"https:\/\/www.facebook.com\/ferjobdepilacao\" \/>\n<meta property=\"article:published_time\" content=\"2025-11-04T11:01:40+00:00\" \/>\n<meta property=\"article:modified_time\" content=\"2025-11-04T15:00:19+00:00\" \/>\n<meta property=\"og:image\" content=\"https:\/\/fernandadepilacao.com.br\/portal\/wp-content\/uploads\/2025\/11\/20251104080137.png\" \/>\n\t<meta property=\"og:image:width\" content=\"500\" \/>\n\t<meta property=\"og:image:height\" content=\"500\" \/>\n\t<meta property=\"og:image:type\" content=\"image\/png\" \/>\n<meta name=\"twitter:card\" content=\"summary_large_image\" \/>\n<meta name=\"twitter:label1\" content=\"Escrito por\" \/>\n\t<meta name=\"twitter:data1\" content=\"fernandajob\" \/>\n\t<meta name=\"twitter:label2\" content=\"Est. tempo de leitura\" \/>\n\t<meta name=\"twitter:data2\" content=\"4 minutos\" \/>\n<script type=\"application\/ld+json\" class=\"yoast-schema-graph\">{\"@context\":\"https:\/\/schema.org\",\"@graph\":[{\"@type\":\"Organization\",\"@id\":\"https:\/\/fernandadepilacao.com.br\/portal\/#organization\",\"name\":\"Fernanda Depila\u00e7\u00e3o\",\"url\":\"https:\/\/fernandadepilacao.com.br\/portal\/\",\"sameAs\":[\"https:\/\/www.facebook.com\/ferjobdepilacao\",\"http:\/\/instagram.com\/fernanda_job\"],\"logo\":{\"@type\":\"ImageObject\",\"@id\":\"https:\/\/fernandadepilacao.com.br\/portal\/#logo\",\"inLanguage\":\"pt-BR\",\"url\":\"http:\/\/fernandadepilacao.com.br\/portal\/wp-content\/uploads\/2021\/03\/logo_fernanda.png\",\"contentUrl\":\"http:\/\/fernandadepilacao.com.br\/portal\/wp-content\/uploads\/2021\/03\/logo_fernanda.png\",\"width\":673,\"height\":688,\"caption\":\"Fernanda Depila\u00e7\u00e3o\"},\"image\":{\"@id\":\"https:\/\/fernandadepilacao.com.br\/portal\/#logo\"}},{\"@type\":\"WebSite\",\"@id\":\"https:\/\/fernandadepilacao.com.br\/portal\/#website\",\"url\":\"https:\/\/fernandadepilacao.com.br\/portal\/\",\"name\":\"Fernanda Depila\u00e7\u00e3o\",\"description\":\"\",\"publisher\":{\"@id\":\"https:\/\/fernandadepilacao.com.br\/portal\/#organization\"},\"potentialAction\":[{\"@type\":\"SearchAction\",\"target\":{\"@type\":\"EntryPoint\",\"urlTemplate\":\"https:\/\/fernandadepilacao.com.br\/portal\/?s={search_term_string}\"},\"query-input\":\"required name=search_term_string\"}],\"inLanguage\":\"pt-BR\"},{\"@type\":\"ImageObject\",\"@id\":\"https:\/\/fernandadepilacao.com.br\/portal\/2025\/11\/guia-completo-riscos-contraindicacoes-prevencao-alergias-depilacao-cera-quente\/#primaryimage\",\"inLanguage\":\"pt-BR\",\"url\":\"https:\/\/fernandadepilacao.com.br\/portal\/wp-content\/uploads\/2025\/11\/20251104080137.png\",\"contentUrl\":\"https:\/\/fernandadepilacao.com.br\/portal\/wp-content\/uploads\/2025\/11\/20251104080137.png\",\"width\":500,\"height\":500},{\"@type\":\"WebPage\",\"@id\":\"https:\/\/fernandadepilacao.com.br\/portal\/2025\/11\/guia-completo-riscos-contraindicacoes-prevencao-alergias-depilacao-cera-quente\/#webpage\",\"url\":\"https:\/\/fernandadepilacao.com.br\/portal\/2025\/11\/guia-completo-riscos-contraindicacoes-prevencao-alergias-depilacao-cera-quente\/\",\"name\":\"Guia Completo sobre Riscos, Contraindica\u00e7\u00f5es e Preven\u00e7\u00e3o de Alergias na Depila\u00e7\u00e3o com Cera Quente - Fernanda Depila\u00e7\u00e3o\",\"isPartOf\":{\"@id\":\"https:\/\/fernandadepilacao.com.br\/portal\/#website\"},\"primaryImageOfPage\":{\"@id\":\"https:\/\/fernandadepilacao.com.br\/portal\/2025\/11\/guia-completo-riscos-contraindicacoes-prevencao-alergias-depilacao-cera-quente\/#primaryimage\"},\"datePublished\":\"2025-11-04T11:01:40+00:00\",\"dateModified\":\"2025-11-04T15:00:19+00:00\",\"breadcrumb\":{\"@id\":\"https:\/\/fernandadepilacao.com.br\/portal\/2025\/11\/guia-completo-riscos-contraindicacoes-prevencao-alergias-depilacao-cera-quente\/#breadcrumb\"},\"inLanguage\":\"pt-BR\",\"potentialAction\":[{\"@type\":\"ReadAction\",\"target\":[\"https:\/\/fernandadepilacao.com.br\/portal\/2025\/11\/guia-completo-riscos-contraindicacoes-prevencao-alergias-depilacao-cera-quente\/\"]}]},{\"@type\":\"BreadcrumbList\",\"@id\":\"https:\/\/fernandadepilacao.com.br\/portal\/2025\/11\/guia-completo-riscos-contraindicacoes-prevencao-alergias-depilacao-cera-quente\/#breadcrumb\",\"itemListElement\":[{\"@type\":\"ListItem\",\"position\":1,\"name\":\"In\u00edcio\",\"item\":\"http:\/\/fernandadepilacao.com.br\/portal\/\"},{\"@type\":\"ListItem\",\"position\":2,\"name\":\"Guia Completo sobre Riscos, Contraindica\u00e7\u00f5es e Preven\u00e7\u00e3o de Alergias na Depila\u00e7\u00e3o com Cera Quente\"}]},{\"@type\":\"Article\",\"@id\":\"https:\/\/fernandadepilacao.com.br\/portal\/2025\/11\/guia-completo-riscos-contraindicacoes-prevencao-alergias-depilacao-cera-quente\/#article\",\"isPartOf\":{\"@id\":\"https:\/\/fernandadepilacao.com.br\/portal\/2025\/11\/guia-completo-riscos-contraindicacoes-prevencao-alergias-depilacao-cera-quente\/#webpage\"},\"author\":{\"@id\":\"https:\/\/fernandadepilacao.com.br\/portal\/#\/schema\/person\/d00644c3bbfd9fd17711767a3b1abbd0\"},\"headline\":\"Guia Completo sobre Riscos, Contraindica\u00e7\u00f5es e Preven\u00e7\u00e3o de Alergias na Depila\u00e7\u00e3o com Cera Quente\",\"datePublished\":\"2025-11-04T11:01:40+00:00\",\"dateModified\":\"2025-11-04T15:00:19+00:00\",\"mainEntityOfPage\":{\"@id\":\"https:\/\/fernandadepilacao.com.br\/portal\/2025\/11\/guia-completo-riscos-contraindicacoes-prevencao-alergias-depilacao-cera-quente\/#webpage\"},\"wordCount\":797,\"commentCount\":0,\"publisher\":{\"@id\":\"https:\/\/fernandadepilacao.com.br\/portal\/#organization\"},\"image\":{\"@id\":\"https:\/\/fernandadepilacao.com.br\/portal\/2025\/11\/guia-completo-riscos-contraindicacoes-prevencao-alergias-depilacao-cera-quente\/#primaryimage\"},\"thumbnailUrl\":\"https:\/\/fernandadepilacao.com.br\/portal\/wp-content\/uploads\/2025\/11\/20251104080137.png\",\"articleSection\":[\"Beleza\"],\"inLanguage\":\"pt-BR\",\"potentialAction\":[{\"@type\":\"CommentAction\",\"name\":\"Comment\",\"target\":[\"https:\/\/fernandadepilacao.com.br\/portal\/2025\/11\/guia-completo-riscos-contraindicacoes-prevencao-alergias-depilacao-cera-quente\/#respond\"]}]},{\"@type\":\"Person\",\"@id\":\"https:\/\/fernandadepilacao.com.br\/portal\/#\/schema\/person\/d00644c3bbfd9fd17711767a3b1abbd0\",\"name\":\"fernandajob\",\"image\":{\"@type\":\"ImageObject\",\"@id\":\"https:\/\/fernandadepilacao.com.br\/portal\/#personlogo\",\"inLanguage\":\"pt-BR\",\"url\":\"https:\/\/secure.gravatar.com\/avatar\/6c2268a68d69a325906fbdccd74b18e6?s=96&d=mm&r=g\",\"contentUrl\":\"https:\/\/secure.gravatar.com\/avatar\/6c2268a68d69a325906fbdccd74b18e6?s=96&d=mm&r=g\",\"caption\":\"fernandajob\"},\"sameAs\":[\"http:\/\/fernandadepilacao.com.br\/portal\"]}]}<\/script>\n<!-- \/ Yoast SEO plugin. -->","yoast_head_json":{"title":"Guia Completo sobre Riscos, Contraindica\u00e7\u00f5es e Preven\u00e7\u00e3o de Alergias na Depila\u00e7\u00e3o com Cera Quente - Fernanda Depila\u00e7\u00e3o","robots":{"index":"index","follow":"follow","max-snippet":"max-snippet:-1","max-image-preview":"max-image-preview:large","max-video-preview":"max-video-preview:-1"},"canonical":"https:\/\/fernandadepilacao.com.br\/portal\/2025\/11\/guia-completo-riscos-contraindicacoes-prevencao-alergias-depilacao-cera-quente\/","og_locale":"pt_BR","og_type":"article","og_title":"Guia Completo sobre Riscos, Contraindica\u00e7\u00f5es e Preven\u00e7\u00e3o de Alergias na Depila\u00e7\u00e3o com Cera Quente - Fernanda Depila\u00e7\u00e3o","og_description":"Riscos, Contraindica\u00e7\u00f5es e Como Evitar Rea\u00e7\u00f5es Al\u00e9rgicas na Depila\u00e7\u00e3o com Cera Quente Depila\u00e7\u00e3o com Cera Quente: O que \u00e9 e por que requer cuidados? A depila\u00e7\u00e3o com cera quente \u00e9 uma das t\u00e9cnicas mais populares para remo\u00e7\u00e3o de pelos, sendo valorizada por proporcionar uma pele lisa por mais tempo e pelos que demoram a crescer. &hellip; Guia Completo sobre Riscos, Contraindica\u00e7\u00f5es e Preven\u00e7\u00e3o de Alergias na Depila\u00e7\u00e3o com Cera Quente Leia mais &raquo;","og_url":"https:\/\/fernandadepilacao.com.br\/portal\/2025\/11\/guia-completo-riscos-contraindicacoes-prevencao-alergias-depilacao-cera-quente\/","og_site_name":"Fernanda Depila\u00e7\u00e3o","article_publisher":"https:\/\/www.facebook.com\/ferjobdepilacao","article_published_time":"2025-11-04T11:01:40+00:00","article_modified_time":"2025-11-04T15:00:19+00:00","og_image":[{"width":500,"height":500,"url":"https:\/\/fernandadepilacao.com.br\/portal\/wp-content\/uploads\/2025\/11\/20251104080137.png","type":"image\/png"}],"twitter_card":"summary_large_image","twitter_misc":{"Escrito por":"fernandajob","Est. tempo de leitura":"4 minutos"},"schema":{"@context":"https:\/\/schema.org","@graph":[{"@type":"Organization","@id":"https:\/\/fernandadepilacao.com.br\/portal\/#organization","name":"Fernanda Depila\u00e7\u00e3o","url":"https:\/\/fernandadepilacao.com.br\/portal\/","sameAs":["https:\/\/www.facebook.com\/ferjobdepilacao","http:\/\/instagram.com\/fernanda_job"],"logo":{"@type":"ImageObject","@id":"https:\/\/fernandadepilacao.com.br\/portal\/#logo","inLanguage":"pt-BR","url":"http:\/\/fernandadepilacao.com.br\/portal\/wp-content\/uploads\/2021\/03\/logo_fernanda.png","contentUrl":"http:\/\/fernandadepilacao.com.br\/portal\/wp-content\/uploads\/2021\/03\/logo_fernanda.png","width":673,"height":688,"caption":"Fernanda Depila\u00e7\u00e3o"},"image":{"@id":"https:\/\/fernandadepilacao.com.br\/portal\/#logo"}},{"@type":"WebSite","@id":"https:\/\/fernandadepilacao.com.br\/portal\/#website","url":"https:\/\/fernandadepilacao.com.br\/portal\/","name":"Fernanda Depila\u00e7\u00e3o","description":"","publisher":{"@id":"https:\/\/fernandadepilacao.com.br\/portal\/#organization"},"potentialAction":[{"@type":"SearchAction","target":{"@type":"EntryPoint","urlTemplate":"https:\/\/fernandadepilacao.com.br\/portal\/?s={search_term_string}"},"query-input":"required name=search_term_string"}],"inLanguage":"pt-BR"},{"@type":"ImageObject","@id":"https:\/\/fernandadepilacao.com.br\/portal\/2025\/11\/guia-completo-riscos-contraindicacoes-prevencao-alergias-depilacao-cera-quente\/#primaryimage","inLanguage":"pt-BR","url":"https:\/\/fernandadepilacao.com.br\/portal\/wp-content\/uploads\/2025\/11\/20251104080137.png","contentUrl":"https:\/\/fernandadepilacao.com.br\/portal\/wp-content\/uploads\/2025\/11\/20251104080137.png","width":500,"height":500},{"@type":"WebPage","@id":"https:\/\/fernandadepilacao.com.br\/portal\/2025\/11\/guia-completo-riscos-contraindicacoes-prevencao-alergias-depilacao-cera-quente\/#webpage","url":"https:\/\/fernandadepilacao.com.br\/portal\/2025\/11\/guia-completo-riscos-contraindicacoes-prevencao-alergias-depilacao-cera-quente\/","name":"Guia Completo sobre Riscos, Contraindica\u00e7\u00f5es e Preven\u00e7\u00e3o de Alergias na Depila\u00e7\u00e3o com Cera Quente - Fernanda Depila\u00e7\u00e3o","isPartOf":{"@id":"https:\/\/fernandadepilacao.com.br\/portal\/#website"},"primaryImageOfPage":{"@id":"https:\/\/fernandadepilacao.com.br\/portal\/2025\/11\/guia-completo-riscos-contraindicacoes-prevencao-alergias-depilacao-cera-quente\/#primaryimage"},"datePublished":"2025-11-04T11:01:40+00:00","dateModified":"2025-11-04T15:00:19+00:00","breadcrumb":{"@id":"https:\/\/fernandadepilacao.com.br\/portal\/2025\/11\/guia-completo-riscos-contraindicacoes-prevencao-alergias-depilacao-cera-quente\/#breadcrumb"},"inLanguage":"pt-BR","potentialAction":[{"@type":"ReadAction","target":["https:\/\/fernandadepilacao.com.br\/portal\/2025\/11\/guia-completo-riscos-contraindicacoes-prevencao-alergias-depilacao-cera-quente\/"]}]},{"@type":"BreadcrumbList","@id":"https:\/\/fernandadepilacao.com.br\/portal\/2025\/11\/guia-completo-riscos-contraindicacoes-prevencao-alergias-depilacao-cera-quente\/#breadcrumb","itemListElement":[{"@type":"ListItem","position":1,"name":"In\u00edcio","item":"http:\/\/fernandadepilacao.com.br\/portal\/"},{"@type":"ListItem","position":2,"name":"Guia Completo sobre Riscos, Contraindica\u00e7\u00f5es e Preven\u00e7\u00e3o de Alergias na Depila\u00e7\u00e3o com Cera Quente"}]},{"@type":"Article","@id":"https:\/\/fernandadepilacao.com.br\/portal\/2025\/11\/guia-completo-riscos-contraindicacoes-prevencao-alergias-depilacao-cera-quente\/#article","isPartOf":{"@id":"https:\/\/fernandadepilacao.com.br\/portal\/2025\/11\/guia-completo-riscos-contraindicacoes-prevencao-alergias-depilacao-cera-quente\/#webpage"},"author":{"@id":"https:\/\/fernandadepilacao.com.br\/portal\/#\/schema\/person\/d00644c3bbfd9fd17711767a3b1abbd0"},"headline":"Guia Completo sobre Riscos, Contraindica\u00e7\u00f5es e Preven\u00e7\u00e3o de Alergias na Depila\u00e7\u00e3o com Cera Quente","datePublished":"2025-11-04T11:01:40+00:00","dateModified":"2025-11-04T15:00:19+00:00","mainEntityOfPage":{"@id":"https:\/\/fernandadepilacao.com.br\/portal\/2025\/11\/guia-completo-riscos-contraindicacoes-prevencao-alergias-depilacao-cera-quente\/#webpage"},"wordCount":797,"commentCount":0,"publisher":{"@id":"https:\/\/fernandadepilacao.com.br\/portal\/#organization"},"image":{"@id":"https:\/\/fernandadepilacao.com.br\/portal\/2025\/11\/guia-completo-riscos-contraindicacoes-prevencao-alergias-depilacao-cera-quente\/#primaryimage"},"thumbnailUrl":"https:\/\/fernandadepilacao.com.br\/portal\/wp-content\/uploads\/2025\/11\/20251104080137.png","articleSection":["Beleza"],"inLanguage":"pt-BR","potentialAction":[{"@type":"CommentAction","name":"Comment","target":["https:\/\/fernandadepilacao.com.br\/portal\/2025\/11\/guia-completo-riscos-contraindicacoes-prevencao-alergias-depilacao-cera-quente\/#respond"]}]},{"@type":"Person","@id":"https:\/\/fernandadepilacao.com.br\/portal\/#\/schema\/person\/d00644c3bbfd9fd17711767a3b1abbd0","name":"fernandajob","image":{"@type":"ImageObject","@id":"https:\/\/fernandadepilacao.com.br\/portal\/#personlogo","inLanguage":"pt-BR","url":"https:\/\/secure.gravatar.com\/avatar\/6c2268a68d69a325906fbdccd74b18e6?s=96&d=mm&r=g","contentUrl":"https:\/\/secure.gravatar.com\/avatar\/6c2268a68d69a325906fbdccd74b18e6?s=96&d=mm&r=g","caption":"fernandajob"},"sameAs":["http:\/\/fernandadepilacao.com.br\/portal"]}]}},"uagb_featured_image_src":{"full":["https:\/\/fernandadepilacao.com.br\/portal\/wp-content\/uploads\/2025\/11\/20251104080137.png",500,500,false],"thumbnail":["https:\/\/fernandadepilacao.com.br\/portal\/wp-content\/uploads\/2025\/11\/20251104080137-150x150.png",150,150,true],"medium":["https:\/\/fernandadepilacao.com.br\/portal\/wp-content\/uploads\/2025\/11\/20251104080137-300x300.png",300,300,true],"medium_large":["https:\/\/fernandadepilacao.com.br\/portal\/wp-content\/uploads\/2025\/11\/20251104080137.png",500,500,false],"large":["https:\/\/fernandadepilacao.com.br\/portal\/wp-content\/uploads\/2025\/11\/20251104080137.png",500,500,false],"1536x1536":["https:\/\/fernandadepilacao.com.br\/portal\/wp-content\/uploads\/2025\/11\/20251104080137.png",500,500,false],"2048x2048":["https:\/\/fernandadepilacao.com.br\/portal\/wp-content\/uploads\/2025\/11\/20251104080137.png",500,500,false]},"uagb_author_info":{"display_name":"fernandajob","author_link":"https:\/\/fernandadepilacao.com.br\/portal\/author\/fernandajob\/"},"uagb_comment_info":0,"uagb_excerpt":"Riscos, Contraindica\u00e7\u00f5es e Como Evitar Rea\u00e7\u00f5es Al\u00e9rgicas na Depila\u00e7\u00e3o com Cera Quente Depila\u00e7\u00e3o com Cera Quente: O que \u00e9 e por que requer cuidados? A depila\u00e7\u00e3o com cera quente \u00e9 uma das t\u00e9cnicas mais populares para remo\u00e7\u00e3o de pelos, sendo valorizada por proporcionar uma pele lisa por mais tempo e pelos que demoram a crescer.&hellip;","_links":{"self":[{"href":"https:\/\/fernandadepilacao.com.br\/portal\/wp-json\/wp\/v2\/posts\/732"}],"collection":[{"href":"https:\/\/fernandadepilacao.com.br\/portal\/wp-json\/wp\/v2\/posts"}],"about":[{"href":"https:\/\/fernandadepilacao.com.br\/portal\/wp-json\/wp\/v2\/types\/post"}],"author":[{"embeddable":true,"href":"https:\/\/fernandadepilacao.com.br\/portal\/wp-json\/wp\/v2\/users\/1"}],"replies":[{"embeddable":true,"href":"https:\/\/fernandadepilacao.com.br\/portal\/wp-json\/wp\/v2\/comments?post=732"}],"version-history":[{"count":1,"href":"https:\/\/fernandadepilacao.com.br\/portal\/wp-json\/wp\/v2\/posts\/732\/revisions"}],"predecessor-version":[{"id":733,"href":"https:\/\/fernandadepilacao.com.br\/portal\/wp-json\/wp\/v2\/posts\/732\/revisions\/733"}],"wp:featuredmedia":[{"embeddable":true,"href":"https:\/\/fernandadepilacao.com.br\/portal\/wp-json\/wp\/v2\/media\/731"}],"wp:attachment":[{"href":"https:\/\/fernandadepilacao.com.br\/portal\/wp-json\/wp\/v2\/media?parent=732"}],"wp:term":[{"taxonomy":"category","embeddable":true,"href":"https:\/\/fernandadepilacao.com.br\/portal\/wp-json\/wp\/v2\/categories?post=732"},{"taxonomy":"post_tag","embeddable":true,"href":"https:\/\/fernandadepilacao.com.br\/portal\/wp-json\/wp\/v2\/tags?post=732"}],"curies":[{"name":"wp","href":"https:\/\/api.w.org\/{rel}","templated":true}]}}