{"id":676,"date":"2025-10-12T00:01:12","date_gmt":"2025-10-12T03:01:12","guid":{"rendered":"https:\/\/fernandadepilacao.com.br\/portal\/2025\/10\/cuidados-essenciais-antes-e-depois-da-depilacao-das-pernas\/"},"modified":"2025-10-12T06:00:19","modified_gmt":"2025-10-12T09:00:19","slug":"cuidados-essenciais-antes-e-depois-da-depilacao-das-pernas","status":"publish","type":"post","link":"https:\/\/fernandadepilacao.com.br\/portal\/2025\/10\/cuidados-essenciais-antes-e-depois-da-depilacao-das-pernas\/","title":{"rendered":"Cuidados Essenciais Antes e Depois da Depila\u00e7\u00e3o das Pernas"},"content":{"rendered":"<article>\n  <header>\n    <h1>Cuidados Pr\u00e9 e P\u00f3s-Depila\u00e7\u00e3o das Pernas: Dicas Essenciais para Evitar Irrita\u00e7\u00f5es<\/h1>\n  <\/header>\n  <section>\n    <p>\n      A depila\u00e7\u00e3o das pernas \u00e9 um dos procedimentos est\u00e9ticos mais procurados por quem deseja uma pele lisa, macia e livre de pelos. No entanto, para conquistar resultados impec\u00e1veis e prevenir inc\u00f4modos como irrita\u00e7\u00e3o, foliculite e ressecamento, alguns cuidados antes e depois da depila\u00e7\u00e3o s\u00e3o fundamentais.\n    <\/p>\n  <\/section>\n  <section>\n    <h2>Por que a pele das pernas irrita ap\u00f3s a depila\u00e7\u00e3o?<\/h2>\n    <p>\n      Durante o processo de remo\u00e7\u00e3o dos pelos \u2013 seja com <strong>cera quente<\/strong>, <strong>cera fria<\/strong>, l\u00e2mina, <a href=\"#\">cremes depilat\u00f3rios<\/a> ou outros m\u00e9todos \u2013 a barreira natural de prote\u00e7\u00e3o da pele pode ser levemente agredida. Isso favorece o surgimento de vermelhid\u00e3o, coceira, bolinhas e ressecamento. Cada tipo de pele pode responder de uma maneira, mas \u00e9 comum que essas manifesta\u00e7\u00f5es ocorram especialmente se os passos de preparo e recupera\u00e7\u00e3o n\u00e3o forem seguidos adequadamente.\n    <\/p>\n  <\/section>\n  <section>\n    <h2>Cuidados Pr\u00e9-Depila\u00e7\u00e3o das Pernas<\/h2>\n    <ul>\n      <li>\n        <strong>Higieniza\u00e7\u00e3o da Pele:<\/strong> Lave suavemente as pernas com um sabonete neutro antes do procedimento. Isso elimina impurezas, oleosidade e res\u00edduos de cosm\u00e9ticos, ajudando na ader\u00eancia da cera ou na efici\u00eancia do m\u00e9todo escolhido.\n      <\/li>\n      <li>\n        <strong>Esfolia\u00e7\u00e3o Leve:<\/strong> De 1 a 2 dias antes da depila\u00e7\u00e3o, fa\u00e7a uma esfolia\u00e7\u00e3o delicada para remover c\u00e9lulas mortas e prevenir pelos encravados. Utilize um esfoliante corporal ou misture a\u00e7\u00facar com \u00f3leo vegetal.\n      <\/li>\n      <li>\n        <strong>Hidrata\u00e7\u00e3o Moderada:<\/strong> No dia da depila\u00e7\u00e3o, evite cremes e \u00f3leos. Eles podem criar uma barreira que dificulta a retirada dos pelos. Prefira hidratar-se nos dias anteriores.\n      <\/li>\n      <li>\n        <strong>Evite o Sol:<\/strong> N\u00e3o exponha as pernas ao sol 24 horas antes. A pele sensibilizada pelo sol tende a ficar mais irritada e suscet\u00edvel a manchas com o atrito.\n      <\/li>\n    <\/ul>\n  <\/section>\n  <section>\n    <h2>Cuidados P\u00f3s-Depila\u00e7\u00e3o das Pernas<\/h2>\n    <ul>\n      <li>\n        <strong>Use Produtos Calmantes:<\/strong> Aplique m\u00e1scaras calmantes, g\u00e9is de aloe vera ou lo\u00e7\u00f5es p\u00f3s-depilat\u00f3rias formuladas para manter a pele hidratada e ajudar a reduzir a vermelhid\u00e3o. Procure por ativos como <a href=\"#\">camomila<\/a> ou <strong>cal\u00eandula<\/strong>.<\/li>\n      <li>\n        <strong>Evite Agua Quente:<\/strong> Prefira banhos mornos ou frios para n\u00e3o sensibilizar ainda mais a zona tratada.<\/li>\n      <li>\n        <strong>N\u00e3o Esfregue Nem Coce:<\/strong> O atrito com a toalha, roupas apertadas ou o ato de co\u00e7ar pode irritar a pele e favorecer o aparecimento de manchas e les\u00f5es.<\/li>\n      <li>\n        <strong>Proteja-se do Sol:<\/strong> Evite exposi\u00e7\u00e3o solar por pelo menos 24 a 48 horas depois da depila\u00e7\u00e3o. Caso precise sair, aplique um protetor solar de alta prote\u00e7\u00e3o.<\/li>\n      <li>\n        <strong>Espere para Atividades F\u00edsicas:<\/strong> O suor e o atrito causado por exerc\u00edcios podem redobrar o desconforto e aumentar o risco de infec\u00e7\u00f5es. Aguarde ao menos um dia para retomar sua rotina.<\/li>\n    <\/ul>\n  <\/section>\n  <section>\n    <h2>Perguntas Frequentes sobre Depila\u00e7\u00e3o das Pernas<\/h2>\n    <dl>\n      <dt>Qual o melhor m\u00e9todo de depila\u00e7\u00e3o para peles sens\u00edveis?<\/dt>\n      <dd>Cera morna, cremes depilat\u00f3rios espec\u00edficos para peles sens\u00edveis, ou a depila\u00e7\u00e3o a laser (em sess\u00f5es supervisionadas) s\u00e3o op\u00e7\u00f5es recomendadas. Fa\u00e7a sempre um teste de sensibilidade antes.<\/dd>\n      <dt>Quantos dias depois da depila\u00e7\u00e3o posso voltar a esfoliar as pernas?<\/dt>\n      <dd>O ideal \u00e9 aguardar pelo menos 3 a 5 dias para permitir o fechamento dos poros e a recupera\u00e7\u00e3o da pele.<\/dd>\n      <dt>Como evitar pelos encravados e foliculite?<\/dt>\n      <dd>Pratique a esfolia\u00e7\u00e3o regular (apenas quando a pele estiver recuperada), mantenha a hidrata\u00e7\u00e3o di\u00e1ria e, em caso de tend\u00eancia \u00e0 foliculite, procure orienta\u00e7\u00e3o profissional para m\u00e9todos alternativos de remo\u00e7\u00e3o dos pelos.<\/dd>\n    <\/dl>\n  <\/section>\n  <section>\n    <h2>Resumo dos Principais Cuidados e Recomenda\u00e7\u00f5es<\/h2>\n    <ul>\n      <li>Fa\u00e7a sempre a higieniza\u00e7\u00e3o pr\u00e9via das pernas antes da depila\u00e7\u00e3o;<\/li>\n      <li>Evite cremes hidratantes e sol no dia do procedimento;<\/li>\n      <li>Aposte em esfolia\u00e7\u00e3o semanal para reduzir pelos encravados;<\/li>\n      <li>Hidrate e acalme a pele logo ap\u00f3s remover os pelos;<\/li>\n      <li>Proteja-se do sol e n\u00e3o use roupas muito justas por pelo menos 24h;<\/li>\n      <li>Ao sinal de irrita\u00e7\u00f5es graves, procure uma cl\u00ednica de est\u00e9tica ou dermatologista.<\/li>\n    <\/ul>\n  <\/section>\n  <section>\n    <h2>Considera\u00e7\u00f5es Finais<\/h2>\n    <p>\n      O segredo de uma depila\u00e7\u00e3o confort\u00e1vel e segura est\u00e1 na prepara\u00e7\u00e3o e na aten\u00e7\u00e3o aos detalhes ap\u00f3s o procedimento. Cuidar da pele antes e depois da depila\u00e7\u00e3o das pernas n\u00e3o apenas evita irrita\u00e7\u00f5es, mas tamb\u00e9m mant\u00e9m as pernas bonitas, suaves e saud\u00e1veis durante todo o ano.\n    <\/p>\n    <p>\n      Siga as dicas apresentadas e aproveite todos os benef\u00edcios da depila\u00e7\u00e3o, com menos riscos e muito mais conforto!\n    <\/p>\n  <\/section>\n  <footer>\n    <p>Publicado em <\/p>\n  <\/footer>\n<\/article>\n","protected":false},"excerpt":{"rendered":"<p>Cuidados Pr\u00e9 e P\u00f3s-Depila\u00e7\u00e3o das Pernas: Dicas Essenciais para Evitar Irrita\u00e7\u00f5es A depila\u00e7\u00e3o das pernas \u00e9 um dos procedimentos est\u00e9ticos mais procurados por quem deseja uma pele lisa, macia e livre de pelos. No entanto, para conquistar resultados impec\u00e1veis e prevenir inc\u00f4modos como irrita\u00e7\u00e3o, foliculite e ressecamento, alguns cuidados antes e depois da depila\u00e7\u00e3o s\u00e3o &hellip;<\/p>\n<p class=\"read-more\"> <a class=\"\" href=\"https:\/\/fernandadepilacao.com.br\/portal\/2025\/10\/cuidados-essenciais-antes-e-depois-da-depilacao-das-pernas\/\"> <span class=\"screen-reader-text\">Cuidados Essenciais Antes e Depois da Depila\u00e7\u00e3o das Pernas<\/span> Leia mais &raquo;<\/a><\/p>\n","protected":false},"author":1,"featured_media":675,"comment_status":"open","ping_status":"open","sticky":false,"template":"","format":"standard","meta":[],"categories":[15],"tags":[],"yoast_head":"<!-- This site is optimized with the Yoast SEO plugin v18.4.1 - https:\/\/yoast.com\/wordpress\/plugins\/seo\/ -->\n<title>Cuidados Essenciais Antes e Depois da Depila\u00e7\u00e3o das Pernas - Fernanda Depila\u00e7\u00e3o<\/title>\n<meta name=\"robots\" content=\"index, follow, max-snippet:-1, max-image-preview:large, max-video-preview:-1\" \/>\n<link rel=\"canonical\" href=\"https:\/\/fernandadepilacao.com.br\/portal\/2025\/10\/cuidados-essenciais-antes-e-depois-da-depilacao-das-pernas\/\" \/>\n<meta property=\"og:locale\" content=\"pt_BR\" \/>\n<meta property=\"og:type\" content=\"article\" \/>\n<meta property=\"og:title\" content=\"Cuidados Essenciais Antes e Depois da Depila\u00e7\u00e3o das Pernas - Fernanda Depila\u00e7\u00e3o\" \/>\n<meta property=\"og:description\" content=\"Cuidados Pr\u00e9 e P\u00f3s-Depila\u00e7\u00e3o das Pernas: Dicas Essenciais para Evitar Irrita\u00e7\u00f5es A depila\u00e7\u00e3o das pernas \u00e9 um dos procedimentos est\u00e9ticos mais procurados por quem deseja uma pele lisa, macia e livre de pelos. No entanto, para conquistar resultados impec\u00e1veis e prevenir inc\u00f4modos como irrita\u00e7\u00e3o, foliculite e ressecamento, alguns cuidados antes e depois da depila\u00e7\u00e3o s\u00e3o &hellip; Cuidados Essenciais Antes e Depois da Depila\u00e7\u00e3o das Pernas Leia mais &raquo;\" \/>\n<meta property=\"og:url\" content=\"https:\/\/fernandadepilacao.com.br\/portal\/2025\/10\/cuidados-essenciais-antes-e-depois-da-depilacao-das-pernas\/\" \/>\n<meta property=\"og:site_name\" content=\"Fernanda Depila\u00e7\u00e3o\" \/>\n<meta property=\"article:publisher\" content=\"https:\/\/www.facebook.com\/ferjobdepilacao\" \/>\n<meta property=\"article:published_time\" content=\"2025-10-12T03:01:12+00:00\" \/>\n<meta property=\"article:modified_time\" content=\"2025-10-12T09:00:19+00:00\" \/>\n<meta property=\"og:image\" content=\"https:\/\/fernandadepilacao.com.br\/portal\/wp-content\/uploads\/2025\/10\/20251012000109.png\" \/>\n\t<meta property=\"og:image:width\" content=\"500\" \/>\n\t<meta property=\"og:image:height\" content=\"500\" \/>\n\t<meta property=\"og:image:type\" content=\"image\/png\" \/>\n<meta name=\"twitter:card\" content=\"summary_large_image\" \/>\n<meta name=\"twitter:label1\" content=\"Escrito por\" \/>\n\t<meta name=\"twitter:data1\" content=\"fernandajob\" \/>\n\t<meta name=\"twitter:label2\" content=\"Est. tempo de leitura\" \/>\n\t<meta name=\"twitter:data2\" content=\"4 minutos\" \/>\n<script type=\"application\/ld+json\" class=\"yoast-schema-graph\">{\"@context\":\"https:\/\/schema.org\",\"@graph\":[{\"@type\":\"Organization\",\"@id\":\"https:\/\/fernandadepilacao.com.br\/portal\/#organization\",\"name\":\"Fernanda Depila\u00e7\u00e3o\",\"url\":\"https:\/\/fernandadepilacao.com.br\/portal\/\",\"sameAs\":[\"https:\/\/www.facebook.com\/ferjobdepilacao\",\"http:\/\/instagram.com\/fernanda_job\"],\"logo\":{\"@type\":\"ImageObject\",\"@id\":\"https:\/\/fernandadepilacao.com.br\/portal\/#logo\",\"inLanguage\":\"pt-BR\",\"url\":\"http:\/\/fernandadepilacao.com.br\/portal\/wp-content\/uploads\/2021\/03\/logo_fernanda.png\",\"contentUrl\":\"http:\/\/fernandadepilacao.com.br\/portal\/wp-content\/uploads\/2021\/03\/logo_fernanda.png\",\"width\":673,\"height\":688,\"caption\":\"Fernanda Depila\u00e7\u00e3o\"},\"image\":{\"@id\":\"https:\/\/fernandadepilacao.com.br\/portal\/#logo\"}},{\"@type\":\"WebSite\",\"@id\":\"https:\/\/fernandadepilacao.com.br\/portal\/#website\",\"url\":\"https:\/\/fernandadepilacao.com.br\/portal\/\",\"name\":\"Fernanda Depila\u00e7\u00e3o\",\"description\":\"\",\"publisher\":{\"@id\":\"https:\/\/fernandadepilacao.com.br\/portal\/#organization\"},\"potentialAction\":[{\"@type\":\"SearchAction\",\"target\":{\"@type\":\"EntryPoint\",\"urlTemplate\":\"https:\/\/fernandadepilacao.com.br\/portal\/?s={search_term_string}\"},\"query-input\":\"required name=search_term_string\"}],\"inLanguage\":\"pt-BR\"},{\"@type\":\"ImageObject\",\"@id\":\"https:\/\/fernandadepilacao.com.br\/portal\/2025\/10\/cuidados-essenciais-antes-e-depois-da-depilacao-das-pernas\/#primaryimage\",\"inLanguage\":\"pt-BR\",\"url\":\"https:\/\/fernandadepilacao.com.br\/portal\/wp-content\/uploads\/2025\/10\/20251012000109.png\",\"contentUrl\":\"https:\/\/fernandadepilacao.com.br\/portal\/wp-content\/uploads\/2025\/10\/20251012000109.png\",\"width\":500,\"height\":500},{\"@type\":\"WebPage\",\"@id\":\"https:\/\/fernandadepilacao.com.br\/portal\/2025\/10\/cuidados-essenciais-antes-e-depois-da-depilacao-das-pernas\/#webpage\",\"url\":\"https:\/\/fernandadepilacao.com.br\/portal\/2025\/10\/cuidados-essenciais-antes-e-depois-da-depilacao-das-pernas\/\",\"name\":\"Cuidados Essenciais Antes e Depois da Depila\u00e7\u00e3o das Pernas - Fernanda Depila\u00e7\u00e3o\",\"isPartOf\":{\"@id\":\"https:\/\/fernandadepilacao.com.br\/portal\/#website\"},\"primaryImageOfPage\":{\"@id\":\"https:\/\/fernandadepilacao.com.br\/portal\/2025\/10\/cuidados-essenciais-antes-e-depois-da-depilacao-das-pernas\/#primaryimage\"},\"datePublished\":\"2025-10-12T03:01:12+00:00\",\"dateModified\":\"2025-10-12T09:00:19+00:00\",\"breadcrumb\":{\"@id\":\"https:\/\/fernandadepilacao.com.br\/portal\/2025\/10\/cuidados-essenciais-antes-e-depois-da-depilacao-das-pernas\/#breadcrumb\"},\"inLanguage\":\"pt-BR\",\"potentialAction\":[{\"@type\":\"ReadAction\",\"target\":[\"https:\/\/fernandadepilacao.com.br\/portal\/2025\/10\/cuidados-essenciais-antes-e-depois-da-depilacao-das-pernas\/\"]}]},{\"@type\":\"BreadcrumbList\",\"@id\":\"https:\/\/fernandadepilacao.com.br\/portal\/2025\/10\/cuidados-essenciais-antes-e-depois-da-depilacao-das-pernas\/#breadcrumb\",\"itemListElement\":[{\"@type\":\"ListItem\",\"position\":1,\"name\":\"In\u00edcio\",\"item\":\"http:\/\/fernandadepilacao.com.br\/portal\/\"},{\"@type\":\"ListItem\",\"position\":2,\"name\":\"Cuidados Essenciais Antes e Depois da Depila\u00e7\u00e3o das Pernas\"}]},{\"@type\":\"Article\",\"@id\":\"https:\/\/fernandadepilacao.com.br\/portal\/2025\/10\/cuidados-essenciais-antes-e-depois-da-depilacao-das-pernas\/#article\",\"isPartOf\":{\"@id\":\"https:\/\/fernandadepilacao.com.br\/portal\/2025\/10\/cuidados-essenciais-antes-e-depois-da-depilacao-das-pernas\/#webpage\"},\"author\":{\"@id\":\"https:\/\/fernandadepilacao.com.br\/portal\/#\/schema\/person\/d00644c3bbfd9fd17711767a3b1abbd0\"},\"headline\":\"Cuidados Essenciais Antes e Depois da Depila\u00e7\u00e3o das Pernas\",\"datePublished\":\"2025-10-12T03:01:12+00:00\",\"dateModified\":\"2025-10-12T09:00:19+00:00\",\"mainEntityOfPage\":{\"@id\":\"https:\/\/fernandadepilacao.com.br\/portal\/2025\/10\/cuidados-essenciais-antes-e-depois-da-depilacao-das-pernas\/#webpage\"},\"wordCount\":744,\"commentCount\":0,\"publisher\":{\"@id\":\"https:\/\/fernandadepilacao.com.br\/portal\/#organization\"},\"image\":{\"@id\":\"https:\/\/fernandadepilacao.com.br\/portal\/2025\/10\/cuidados-essenciais-antes-e-depois-da-depilacao-das-pernas\/#primaryimage\"},\"thumbnailUrl\":\"https:\/\/fernandadepilacao.com.br\/portal\/wp-content\/uploads\/2025\/10\/20251012000109.png\",\"articleSection\":[\"Beleza\"],\"inLanguage\":\"pt-BR\",\"potentialAction\":[{\"@type\":\"CommentAction\",\"name\":\"Comment\",\"target\":[\"https:\/\/fernandadepilacao.com.br\/portal\/2025\/10\/cuidados-essenciais-antes-e-depois-da-depilacao-das-pernas\/#respond\"]}]},{\"@type\":\"Person\",\"@id\":\"https:\/\/fernandadepilacao.com.br\/portal\/#\/schema\/person\/d00644c3bbfd9fd17711767a3b1abbd0\",\"name\":\"fernandajob\",\"image\":{\"@type\":\"ImageObject\",\"@id\":\"https:\/\/fernandadepilacao.com.br\/portal\/#personlogo\",\"inLanguage\":\"pt-BR\",\"url\":\"https:\/\/secure.gravatar.com\/avatar\/6c2268a68d69a325906fbdccd74b18e6?s=96&d=mm&r=g\",\"contentUrl\":\"https:\/\/secure.gravatar.com\/avatar\/6c2268a68d69a325906fbdccd74b18e6?s=96&d=mm&r=g\",\"caption\":\"fernandajob\"},\"sameAs\":[\"http:\/\/fernandadepilacao.com.br\/portal\"]}]}<\/script>\n<!-- \/ Yoast SEO plugin. -->","yoast_head_json":{"title":"Cuidados Essenciais Antes e Depois da Depila\u00e7\u00e3o das Pernas - Fernanda Depila\u00e7\u00e3o","robots":{"index":"index","follow":"follow","max-snippet":"max-snippet:-1","max-image-preview":"max-image-preview:large","max-video-preview":"max-video-preview:-1"},"canonical":"https:\/\/fernandadepilacao.com.br\/portal\/2025\/10\/cuidados-essenciais-antes-e-depois-da-depilacao-das-pernas\/","og_locale":"pt_BR","og_type":"article","og_title":"Cuidados Essenciais Antes e Depois da Depila\u00e7\u00e3o das Pernas - Fernanda Depila\u00e7\u00e3o","og_description":"Cuidados Pr\u00e9 e P\u00f3s-Depila\u00e7\u00e3o das Pernas: Dicas Essenciais para Evitar Irrita\u00e7\u00f5es A depila\u00e7\u00e3o das pernas \u00e9 um dos procedimentos est\u00e9ticos mais procurados por quem deseja uma pele lisa, macia e livre de pelos. No entanto, para conquistar resultados impec\u00e1veis e prevenir inc\u00f4modos como irrita\u00e7\u00e3o, foliculite e ressecamento, alguns cuidados antes e depois da depila\u00e7\u00e3o s\u00e3o &hellip; Cuidados Essenciais Antes e Depois da Depila\u00e7\u00e3o das Pernas Leia mais &raquo;","og_url":"https:\/\/fernandadepilacao.com.br\/portal\/2025\/10\/cuidados-essenciais-antes-e-depois-da-depilacao-das-pernas\/","og_site_name":"Fernanda Depila\u00e7\u00e3o","article_publisher":"https:\/\/www.facebook.com\/ferjobdepilacao","article_published_time":"2025-10-12T03:01:12+00:00","article_modified_time":"2025-10-12T09:00:19+00:00","og_image":[{"width":500,"height":500,"url":"https:\/\/fernandadepilacao.com.br\/portal\/wp-content\/uploads\/2025\/10\/20251012000109.png","type":"image\/png"}],"twitter_card":"summary_large_image","twitter_misc":{"Escrito por":"fernandajob","Est. tempo de leitura":"4 minutos"},"schema":{"@context":"https:\/\/schema.org","@graph":[{"@type":"Organization","@id":"https:\/\/fernandadepilacao.com.br\/portal\/#organization","name":"Fernanda Depila\u00e7\u00e3o","url":"https:\/\/fernandadepilacao.com.br\/portal\/","sameAs":["https:\/\/www.facebook.com\/ferjobdepilacao","http:\/\/instagram.com\/fernanda_job"],"logo":{"@type":"ImageObject","@id":"https:\/\/fernandadepilacao.com.br\/portal\/#logo","inLanguage":"pt-BR","url":"http:\/\/fernandadepilacao.com.br\/portal\/wp-content\/uploads\/2021\/03\/logo_fernanda.png","contentUrl":"http:\/\/fernandadepilacao.com.br\/portal\/wp-content\/uploads\/2021\/03\/logo_fernanda.png","width":673,"height":688,"caption":"Fernanda Depila\u00e7\u00e3o"},"image":{"@id":"https:\/\/fernandadepilacao.com.br\/portal\/#logo"}},{"@type":"WebSite","@id":"https:\/\/fernandadepilacao.com.br\/portal\/#website","url":"https:\/\/fernandadepilacao.com.br\/portal\/","name":"Fernanda Depila\u00e7\u00e3o","description":"","publisher":{"@id":"https:\/\/fernandadepilacao.com.br\/portal\/#organization"},"potentialAction":[{"@type":"SearchAction","target":{"@type":"EntryPoint","urlTemplate":"https:\/\/fernandadepilacao.com.br\/portal\/?s={search_term_string}"},"query-input":"required name=search_term_string"}],"inLanguage":"pt-BR"},{"@type":"ImageObject","@id":"https:\/\/fernandadepilacao.com.br\/portal\/2025\/10\/cuidados-essenciais-antes-e-depois-da-depilacao-das-pernas\/#primaryimage","inLanguage":"pt-BR","url":"https:\/\/fernandadepilacao.com.br\/portal\/wp-content\/uploads\/2025\/10\/20251012000109.png","contentUrl":"https:\/\/fernandadepilacao.com.br\/portal\/wp-content\/uploads\/2025\/10\/20251012000109.png","width":500,"height":500},{"@type":"WebPage","@id":"https:\/\/fernandadepilacao.com.br\/portal\/2025\/10\/cuidados-essenciais-antes-e-depois-da-depilacao-das-pernas\/#webpage","url":"https:\/\/fernandadepilacao.com.br\/portal\/2025\/10\/cuidados-essenciais-antes-e-depois-da-depilacao-das-pernas\/","name":"Cuidados Essenciais Antes e Depois da Depila\u00e7\u00e3o das Pernas - Fernanda Depila\u00e7\u00e3o","isPartOf":{"@id":"https:\/\/fernandadepilacao.com.br\/portal\/#website"},"primaryImageOfPage":{"@id":"https:\/\/fernandadepilacao.com.br\/portal\/2025\/10\/cuidados-essenciais-antes-e-depois-da-depilacao-das-pernas\/#primaryimage"},"datePublished":"2025-10-12T03:01:12+00:00","dateModified":"2025-10-12T09:00:19+00:00","breadcrumb":{"@id":"https:\/\/fernandadepilacao.com.br\/portal\/2025\/10\/cuidados-essenciais-antes-e-depois-da-depilacao-das-pernas\/#breadcrumb"},"inLanguage":"pt-BR","potentialAction":[{"@type":"ReadAction","target":["https:\/\/fernandadepilacao.com.br\/portal\/2025\/10\/cuidados-essenciais-antes-e-depois-da-depilacao-das-pernas\/"]}]},{"@type":"BreadcrumbList","@id":"https:\/\/fernandadepilacao.com.br\/portal\/2025\/10\/cuidados-essenciais-antes-e-depois-da-depilacao-das-pernas\/#breadcrumb","itemListElement":[{"@type":"ListItem","position":1,"name":"In\u00edcio","item":"http:\/\/fernandadepilacao.com.br\/portal\/"},{"@type":"ListItem","position":2,"name":"Cuidados Essenciais Antes e Depois da Depila\u00e7\u00e3o das Pernas"}]},{"@type":"Article","@id":"https:\/\/fernandadepilacao.com.br\/portal\/2025\/10\/cuidados-essenciais-antes-e-depois-da-depilacao-das-pernas\/#article","isPartOf":{"@id":"https:\/\/fernandadepilacao.com.br\/portal\/2025\/10\/cuidados-essenciais-antes-e-depois-da-depilacao-das-pernas\/#webpage"},"author":{"@id":"https:\/\/fernandadepilacao.com.br\/portal\/#\/schema\/person\/d00644c3bbfd9fd17711767a3b1abbd0"},"headline":"Cuidados Essenciais Antes e Depois da Depila\u00e7\u00e3o das Pernas","datePublished":"2025-10-12T03:01:12+00:00","dateModified":"2025-10-12T09:00:19+00:00","mainEntityOfPage":{"@id":"https:\/\/fernandadepilacao.com.br\/portal\/2025\/10\/cuidados-essenciais-antes-e-depois-da-depilacao-das-pernas\/#webpage"},"wordCount":744,"commentCount":0,"publisher":{"@id":"https:\/\/fernandadepilacao.com.br\/portal\/#organization"},"image":{"@id":"https:\/\/fernandadepilacao.com.br\/portal\/2025\/10\/cuidados-essenciais-antes-e-depois-da-depilacao-das-pernas\/#primaryimage"},"thumbnailUrl":"https:\/\/fernandadepilacao.com.br\/portal\/wp-content\/uploads\/2025\/10\/20251012000109.png","articleSection":["Beleza"],"inLanguage":"pt-BR","potentialAction":[{"@type":"CommentAction","name":"Comment","target":["https:\/\/fernandadepilacao.com.br\/portal\/2025\/10\/cuidados-essenciais-antes-e-depois-da-depilacao-das-pernas\/#respond"]}]},{"@type":"Person","@id":"https:\/\/fernandadepilacao.com.br\/portal\/#\/schema\/person\/d00644c3bbfd9fd17711767a3b1abbd0","name":"fernandajob","image":{"@type":"ImageObject","@id":"https:\/\/fernandadepilacao.com.br\/portal\/#personlogo","inLanguage":"pt-BR","url":"https:\/\/secure.gravatar.com\/avatar\/6c2268a68d69a325906fbdccd74b18e6?s=96&d=mm&r=g","contentUrl":"https:\/\/secure.gravatar.com\/avatar\/6c2268a68d69a325906fbdccd74b18e6?s=96&d=mm&r=g","caption":"fernandajob"},"sameAs":["http:\/\/fernandadepilacao.com.br\/portal"]}]}},"uagb_featured_image_src":{"full":["https:\/\/fernandadepilacao.com.br\/portal\/wp-content\/uploads\/2025\/10\/20251012000109.png",500,500,false],"thumbnail":["https:\/\/fernandadepilacao.com.br\/portal\/wp-content\/uploads\/2025\/10\/20251012000109-150x150.png",150,150,true],"medium":["https:\/\/fernandadepilacao.com.br\/portal\/wp-content\/uploads\/2025\/10\/20251012000109-300x300.png",300,300,true],"medium_large":["https:\/\/fernandadepilacao.com.br\/portal\/wp-content\/uploads\/2025\/10\/20251012000109.png",500,500,false],"large":["https:\/\/fernandadepilacao.com.br\/portal\/wp-content\/uploads\/2025\/10\/20251012000109.png",500,500,false],"1536x1536":["https:\/\/fernandadepilacao.com.br\/portal\/wp-content\/uploads\/2025\/10\/20251012000109.png",500,500,false],"2048x2048":["https:\/\/fernandadepilacao.com.br\/portal\/wp-content\/uploads\/2025\/10\/20251012000109.png",500,500,false]},"uagb_author_info":{"display_name":"fernandajob","author_link":"https:\/\/fernandadepilacao.com.br\/portal\/author\/fernandajob\/"},"uagb_comment_info":0,"uagb_excerpt":"Cuidados Pr\u00e9 e P\u00f3s-Depila\u00e7\u00e3o das Pernas: Dicas Essenciais para Evitar Irrita\u00e7\u00f5es A depila\u00e7\u00e3o das pernas \u00e9 um dos procedimentos est\u00e9ticos mais procurados por quem deseja uma pele lisa, macia e livre de pelos. No entanto, para conquistar resultados impec\u00e1veis e prevenir inc\u00f4modos como irrita\u00e7\u00e3o, foliculite e ressecamento, alguns cuidados antes e depois da depila\u00e7\u00e3o s\u00e3o&hellip;","_links":{"self":[{"href":"https:\/\/fernandadepilacao.com.br\/portal\/wp-json\/wp\/v2\/posts\/676"}],"collection":[{"href":"https:\/\/fernandadepilacao.com.br\/portal\/wp-json\/wp\/v2\/posts"}],"about":[{"href":"https:\/\/fernandadepilacao.com.br\/portal\/wp-json\/wp\/v2\/types\/post"}],"author":[{"embeddable":true,"href":"https:\/\/fernandadepilacao.com.br\/portal\/wp-json\/wp\/v2\/users\/1"}],"replies":[{"embeddable":true,"href":"https:\/\/fernandadepilacao.com.br\/portal\/wp-json\/wp\/v2\/comments?post=676"}],"version-history":[{"count":1,"href":"https:\/\/fernandadepilacao.com.br\/portal\/wp-json\/wp\/v2\/posts\/676\/revisions"}],"predecessor-version":[{"id":677,"href":"https:\/\/fernandadepilacao.com.br\/portal\/wp-json\/wp\/v2\/posts\/676\/revisions\/677"}],"wp:featuredmedia":[{"embeddable":true,"href":"https:\/\/fernandadepilacao.com.br\/portal\/wp-json\/wp\/v2\/media\/675"}],"wp:attachment":[{"href":"https:\/\/fernandadepilacao.com.br\/portal\/wp-json\/wp\/v2\/media?parent=676"}],"wp:term":[{"taxonomy":"category","embeddable":true,"href":"https:\/\/fernandadepilacao.com.br\/portal\/wp-json\/wp\/v2\/categories?post=676"},{"taxonomy":"post_tag","embeddable":true,"href":"https:\/\/fernandadepilacao.com.br\/portal\/wp-json\/wp\/v2\/tags?post=676"}],"curies":[{"name":"wp","href":"https:\/\/api.w.org\/{rel}","templated":true}]}}