{"id":670,"date":"2025-10-06T16:01:39","date_gmt":"2025-10-06T19:01:39","guid":{"rendered":"https:\/\/fernandadepilacao.com.br\/portal\/2025\/10\/depilacao-com-linha-indicacoes-contraindicacoes-cuidados\/"},"modified":"2025-10-06T18:00:20","modified_gmt":"2025-10-06T21:00:20","slug":"depilacao-com-linha-indicacoes-contraindicacoes-cuidados","status":"publish","type":"post","link":"https:\/\/fernandadepilacao.com.br\/portal\/2025\/10\/depilacao-com-linha-indicacoes-contraindicacoes-cuidados\/","title":{"rendered":"Depila\u00e7\u00e3o com Linha: Indica\u00e7\u00f5es, Contraindica\u00e7\u00f5es e Cuidados Essenciais"},"content":{"rendered":"<article>\n<header>\n<h1>Indica\u00e7\u00f5es e Contraindica\u00e7\u00f5es da Depila\u00e7\u00e3o com Linha: Tudo o que Voc\u00ea Precisa Saber<\/h1>\n<p>    <meta name=\"description\" content=\"Descubra para quem a depila\u00e7\u00e3o com linha \u00e9 indicada, suas principais contraindica\u00e7\u00f5es e dicas de cuidados. Entenda as vantagens deste m\u00e9todo natural e popular.\" \/><br \/>\n  <\/header>\n<section>\n<h2>O Que \u00e9 a Depila\u00e7\u00e3o com Linha?<\/h2>\n<p>\n      A depila\u00e7\u00e3o com linha, tamb\u00e9m conhecida como <strong>threading<\/strong>, \u00e9 uma t\u00e9cnica milenar origin\u00e1ria do Oriente M\u00e9dio e do Sul da \u00c1sia. Utilizando apenas um fio de algod\u00e3o 100% puro, a profissional realiza movimentos precisos para remover os pelos pela raiz. Este m\u00e9todo artesanal e natural conquistou espa\u00e7o nos sal\u00f5es de beleza brasileiros, especialmente pela sua efic\u00e1cia na remo\u00e7\u00e3o de <a href=\"\/pele-sensivel\">pelos em pele sens\u00edvel<\/a> e por n\u00e3o agredir tanto a pele quanto m\u00e9todos qu\u00edmicos ou ceras quentes.\n    <\/p>\n<\/section>\n<section>\n<h2>Principais Indica\u00e7\u00f5es da Depila\u00e7\u00e3o com Linha<\/h2>\n<p>\n      A depila\u00e7\u00e3o com linha pode ser recomendada em diversos casos, destacando-se por sua delicadeza e precis\u00e3o. Veja para quem esse m\u00e9todo \u00e9 recomendado:\n    <\/p>\n<ul>\n<li>\n        <strong>Pessoas com pele sens\u00edvel:<\/strong> O procedimento utiliza apenas o fio, sem produtos qu\u00edmicos, minimizando o risco de alergias e irrita\u00e7\u00f5es.\n      <\/li>\n<li>\n        <strong>Quem busca design preciso de sobrancelhas:<\/strong> O controle oferecido pela linha permite desenhar sobrancelhas perfeitas, fio a fio.\n      <\/li>\n<li>\n        <strong>Remo\u00e7\u00e3o de pelos faciais:<\/strong> Ideal para \u00e1reas delicadas, como bu\u00e7o, queixo, testa e restante do rosto.\n      <\/li>\n<li>\n        <strong>Pessoas com foliculite:<\/strong> Por arrancar o pelo desde a raiz, pode diminuir o surgimento de pelos encravados.\n      <\/li>\n<li>\n        <strong>Quem evita m\u00e9todos qu\u00edmicos ou com altas temperaturas:<\/strong> Livre de resinas, ceras ou calor excessivo, \u00e9 alternativa mais natural para depila\u00e7\u00e3o.\n      <\/li>\n<\/ul>\n<\/section>\n<section>\n<h2>Contraindica\u00e7\u00f5es da Depila\u00e7\u00e3o com Linha<\/h2>\n<p>\n      Embora seja considerada uma das <strong>t\u00e9cnicas de depila\u00e7\u00e3o mais seguras<\/strong>, existem situa\u00e7\u00f5es em que o uso do <em>threading<\/em> deve ser evitado:\n    <\/p>\n<ul>\n<li>\n        <strong>Peles lesionadas ou com queimaduras recentes:<\/strong> Nunca se deve realizar a t\u00e9cnica sobre feridas, queimaduras solares ou dermatites ativas.\n      <\/li>\n<li>\n        <strong>Pessoas com acne inflamada:<\/strong> O atrito do fio pode agravar inflama\u00e7\u00f5es cut\u00e2neas.\n      <\/li>\n<li>\n        <strong>Uso recente de \u00e1cidos ou tratamentos qu\u00edmicos fortes:<\/strong> Quem usa subst\u00e2ncias como retin\u00f3ides, \u00e1cidos, peeling e outros tratamentos dermatol\u00f3gicos deve aguardar ao menos 15 dias antes de depilar a \u00e1rea.\n      <\/li>\n<li>\n        <strong>Doen\u00e7as de pele ativas:<\/strong> Casos de herpes labial, eczema ou psor\u00edase exigem cautela e avalia\u00e7\u00e3o profissional antes do procedimento.\n      <\/li>\n<li>\n        <strong>Alergia ao fio:<\/strong> Embora raro, podem ocorrer rea\u00e7\u00f5es ao tipo de algod\u00e3o utilizado.\n      <\/li>\n<\/ul>\n<\/section>\n<section>\n<h2>Vantagens da Depila\u00e7\u00e3o com Linha<\/h2>\n<p>\n      Quem busca uma <strong>depila\u00e7\u00e3o facial natural e eficaz<\/strong> encontra vantagens relevantes neste m\u00e9todo:\n    <\/p>\n<ul>\n<li>N\u00e3o agride a pele com qu\u00edmicos ou altas temperaturas.<\/li>\n<li>Proporciona acabamento preciso, indispens\u00e1vel para o design de sobrancelhas.<\/li>\n<li>Os fios retirados por completo atrasam o crescimento dos pelos.<\/li>\n<li>Evita flacidez, j\u00e1 que n\u00e3o puxa a pele repetidamente.<\/li>\n<li>Diminuem as chances de enfraquecimento dos fios e foliculites.<\/li>\n<\/ul>\n<\/section>\n<section>\n<h2>Cuidados Antes e Ap\u00f3s a Depila\u00e7\u00e3o com Linha<\/h2>\n<p>\n      Para garantir resultados seguros e uma pele bonita ap\u00f3s a depila\u00e7\u00e3o com linha, siga estas recomenda\u00e7\u00f5es:\n    <\/p>\n<ul>\n<li>Lave delicadamente a \u00e1rea antes do procedimento, removendo maquiagem e impurezas.<\/li>\n<li>Evite exposi\u00e7\u00e3o ao sol logo ap\u00f3s a depila\u00e7\u00e3o para prevenir manchas.<\/li>\n<li>Use protetor solar nos dias seguintes, principalmente no rosto.<\/li>\n<li>Mantenha a pele hidratada com produtos suaves.<\/li>\n<li>Evite cosm\u00e9ticos \u00e1cidos ou agressivos nas 24 horas posteriores.<\/li>\n<\/ul>\n<\/section>\n<section>\n<h2>Perguntas Frequentes sobre a Depila\u00e7\u00e3o com Linha<\/h2>\n<dl>\n<dt>Depila\u00e7\u00e3o com linha d\u00f3i?<\/dt>\n<dd>A sensibilidade varia de pessoa para pessoa, mas a maioria relata sensa\u00e7\u00e3o de belisc\u00e3o leve, principalmente nas primeiras sess\u00f5es.<\/dd>\n<dt>Quais \u00e1reas podem ser depiladas?<\/dt>\n<dd>O m\u00e9todo \u00e9 mais indicado para \u00e1reas menores e delicadas do rosto, como sobrancelhas, bu\u00e7o, queixo e testa.<\/dd>\n<dt>\u00c9 normal ficar vermelho ap\u00f3s o procedimento?<\/dt>\n<dd>Sim, um leve vermelhid\u00e3o pode surgir e desaparece em poucas horas.<\/dd>\n<\/dl>\n<\/section>\n<section>\n<h2>Conclus\u00e3o<\/h2>\n<p>\n      A depila\u00e7\u00e3o com linha \u00e9 uma op\u00e7\u00e3o natural, eficiente e segura para quem deseja eliminar pelos faciais com precis\u00e3o e menor agress\u00e3o \u00e0 pele. Sempre procure profissionais qualificados e siga as recomenda\u00e7\u00f5es para evitar qualquer desconforto ou resultado indesejado. Antes de escolher o procedimento, avalie suas <strong>indica\u00e7\u00f5es<\/strong> e <strong>contraindica\u00e7\u00f5es<\/strong> para aproveitar todos os benef\u00edcios deste m\u00e9todo tradicional.\n    <\/p>\n<\/section>\n<footer>\n<p>Refer\u00eancias: Sociedade Brasileira de Dermatologia, Associa\u00e7\u00e3o Brasileira de Est\u00e9tica e Cosmetologia.<\/p>\n<\/footer>\n<\/article>\n","protected":false},"excerpt":{"rendered":"<p>Indica\u00e7\u00f5es e Contraindica\u00e7\u00f5es da Depila\u00e7\u00e3o com Linha: Tudo o que Voc\u00ea Precisa Saber O Que \u00e9 a Depila\u00e7\u00e3o com Linha? A depila\u00e7\u00e3o com linha, tamb\u00e9m conhecida como threading, \u00e9 uma t\u00e9cnica milenar origin\u00e1ria do Oriente M\u00e9dio e do Sul da \u00c1sia. Utilizando apenas um fio de algod\u00e3o 100% puro, a profissional realiza movimentos precisos para &hellip;<\/p>\n<p class=\"read-more\"> <a class=\"\" href=\"https:\/\/fernandadepilacao.com.br\/portal\/2025\/10\/depilacao-com-linha-indicacoes-contraindicacoes-cuidados\/\"> <span class=\"screen-reader-text\">Depila\u00e7\u00e3o com Linha: Indica\u00e7\u00f5es, Contraindica\u00e7\u00f5es e Cuidados Essenciais<\/span> Leia mais &raquo;<\/a><\/p>\n","protected":false},"author":1,"featured_media":669,"comment_status":"open","ping_status":"open","sticky":false,"template":"","format":"standard","meta":[],"categories":[15],"tags":[],"yoast_head":"<!-- This site is optimized with the Yoast SEO plugin v18.4.1 - https:\/\/yoast.com\/wordpress\/plugins\/seo\/ -->\n<title>Depila\u00e7\u00e3o com Linha: Indica\u00e7\u00f5es, Contraindica\u00e7\u00f5es e Cuidados Essenciais - Fernanda Depila\u00e7\u00e3o<\/title>\n<meta name=\"robots\" content=\"index, follow, max-snippet:-1, max-image-preview:large, max-video-preview:-1\" \/>\n<link rel=\"canonical\" href=\"https:\/\/fernandadepilacao.com.br\/portal\/2025\/10\/depilacao-com-linha-indicacoes-contraindicacoes-cuidados\/\" \/>\n<meta property=\"og:locale\" content=\"pt_BR\" \/>\n<meta property=\"og:type\" content=\"article\" \/>\n<meta property=\"og:title\" content=\"Depila\u00e7\u00e3o com Linha: Indica\u00e7\u00f5es, Contraindica\u00e7\u00f5es e Cuidados Essenciais - Fernanda Depila\u00e7\u00e3o\" \/>\n<meta property=\"og:description\" content=\"Indica\u00e7\u00f5es e Contraindica\u00e7\u00f5es da Depila\u00e7\u00e3o com Linha: Tudo o que Voc\u00ea Precisa Saber O Que \u00e9 a Depila\u00e7\u00e3o com Linha? A depila\u00e7\u00e3o com linha, tamb\u00e9m conhecida como threading, \u00e9 uma t\u00e9cnica milenar origin\u00e1ria do Oriente M\u00e9dio e do Sul da \u00c1sia. Utilizando apenas um fio de algod\u00e3o 100% puro, a profissional realiza movimentos precisos para &hellip; Depila\u00e7\u00e3o com Linha: Indica\u00e7\u00f5es, Contraindica\u00e7\u00f5es e Cuidados Essenciais Leia mais &raquo;\" \/>\n<meta property=\"og:url\" content=\"https:\/\/fernandadepilacao.com.br\/portal\/2025\/10\/depilacao-com-linha-indicacoes-contraindicacoes-cuidados\/\" \/>\n<meta property=\"og:site_name\" content=\"Fernanda Depila\u00e7\u00e3o\" \/>\n<meta property=\"article:publisher\" content=\"https:\/\/www.facebook.com\/ferjobdepilacao\" \/>\n<meta property=\"article:published_time\" content=\"2025-10-06T19:01:39+00:00\" \/>\n<meta property=\"article:modified_time\" content=\"2025-10-06T21:00:20+00:00\" \/>\n<meta property=\"og:image\" content=\"https:\/\/fernandadepilacao.com.br\/portal\/wp-content\/uploads\/2025\/10\/20251006160136.png\" \/>\n\t<meta property=\"og:image:width\" content=\"500\" \/>\n\t<meta property=\"og:image:height\" content=\"500\" \/>\n\t<meta property=\"og:image:type\" content=\"image\/png\" \/>\n<meta name=\"twitter:card\" content=\"summary_large_image\" \/>\n<meta name=\"twitter:label1\" content=\"Escrito por\" \/>\n\t<meta name=\"twitter:data1\" content=\"fernandajob\" \/>\n\t<meta name=\"twitter:label2\" content=\"Est. tempo de leitura\" \/>\n\t<meta name=\"twitter:data2\" content=\"3 minutos\" \/>\n<script type=\"application\/ld+json\" class=\"yoast-schema-graph\">{\"@context\":\"https:\/\/schema.org\",\"@graph\":[{\"@type\":\"Organization\",\"@id\":\"https:\/\/fernandadepilacao.com.br\/portal\/#organization\",\"name\":\"Fernanda Depila\u00e7\u00e3o\",\"url\":\"https:\/\/fernandadepilacao.com.br\/portal\/\",\"sameAs\":[\"https:\/\/www.facebook.com\/ferjobdepilacao\",\"http:\/\/instagram.com\/fernanda_job\"],\"logo\":{\"@type\":\"ImageObject\",\"@id\":\"https:\/\/fernandadepilacao.com.br\/portal\/#logo\",\"inLanguage\":\"pt-BR\",\"url\":\"http:\/\/fernandadepilacao.com.br\/portal\/wp-content\/uploads\/2021\/03\/logo_fernanda.png\",\"contentUrl\":\"http:\/\/fernandadepilacao.com.br\/portal\/wp-content\/uploads\/2021\/03\/logo_fernanda.png\",\"width\":673,\"height\":688,\"caption\":\"Fernanda Depila\u00e7\u00e3o\"},\"image\":{\"@id\":\"https:\/\/fernandadepilacao.com.br\/portal\/#logo\"}},{\"@type\":\"WebSite\",\"@id\":\"https:\/\/fernandadepilacao.com.br\/portal\/#website\",\"url\":\"https:\/\/fernandadepilacao.com.br\/portal\/\",\"name\":\"Fernanda Depila\u00e7\u00e3o\",\"description\":\"\",\"publisher\":{\"@id\":\"https:\/\/fernandadepilacao.com.br\/portal\/#organization\"},\"potentialAction\":[{\"@type\":\"SearchAction\",\"target\":{\"@type\":\"EntryPoint\",\"urlTemplate\":\"https:\/\/fernandadepilacao.com.br\/portal\/?s={search_term_string}\"},\"query-input\":\"required name=search_term_string\"}],\"inLanguage\":\"pt-BR\"},{\"@type\":\"ImageObject\",\"@id\":\"https:\/\/fernandadepilacao.com.br\/portal\/2025\/10\/depilacao-com-linha-indicacoes-contraindicacoes-cuidados\/#primaryimage\",\"inLanguage\":\"pt-BR\",\"url\":\"https:\/\/fernandadepilacao.com.br\/portal\/wp-content\/uploads\/2025\/10\/20251006160136.png\",\"contentUrl\":\"https:\/\/fernandadepilacao.com.br\/portal\/wp-content\/uploads\/2025\/10\/20251006160136.png\",\"width\":500,\"height\":500},{\"@type\":\"WebPage\",\"@id\":\"https:\/\/fernandadepilacao.com.br\/portal\/2025\/10\/depilacao-com-linha-indicacoes-contraindicacoes-cuidados\/#webpage\",\"url\":\"https:\/\/fernandadepilacao.com.br\/portal\/2025\/10\/depilacao-com-linha-indicacoes-contraindicacoes-cuidados\/\",\"name\":\"Depila\u00e7\u00e3o com Linha: Indica\u00e7\u00f5es, Contraindica\u00e7\u00f5es e Cuidados Essenciais - Fernanda Depila\u00e7\u00e3o\",\"isPartOf\":{\"@id\":\"https:\/\/fernandadepilacao.com.br\/portal\/#website\"},\"primaryImageOfPage\":{\"@id\":\"https:\/\/fernandadepilacao.com.br\/portal\/2025\/10\/depilacao-com-linha-indicacoes-contraindicacoes-cuidados\/#primaryimage\"},\"datePublished\":\"2025-10-06T19:01:39+00:00\",\"dateModified\":\"2025-10-06T21:00:20+00:00\",\"breadcrumb\":{\"@id\":\"https:\/\/fernandadepilacao.com.br\/portal\/2025\/10\/depilacao-com-linha-indicacoes-contraindicacoes-cuidados\/#breadcrumb\"},\"inLanguage\":\"pt-BR\",\"potentialAction\":[{\"@type\":\"ReadAction\",\"target\":[\"https:\/\/fernandadepilacao.com.br\/portal\/2025\/10\/depilacao-com-linha-indicacoes-contraindicacoes-cuidados\/\"]}]},{\"@type\":\"BreadcrumbList\",\"@id\":\"https:\/\/fernandadepilacao.com.br\/portal\/2025\/10\/depilacao-com-linha-indicacoes-contraindicacoes-cuidados\/#breadcrumb\",\"itemListElement\":[{\"@type\":\"ListItem\",\"position\":1,\"name\":\"In\u00edcio\",\"item\":\"http:\/\/fernandadepilacao.com.br\/portal\/\"},{\"@type\":\"ListItem\",\"position\":2,\"name\":\"Depila\u00e7\u00e3o com Linha: Indica\u00e7\u00f5es, Contraindica\u00e7\u00f5es e Cuidados Essenciais\"}]},{\"@type\":\"Article\",\"@id\":\"https:\/\/fernandadepilacao.com.br\/portal\/2025\/10\/depilacao-com-linha-indicacoes-contraindicacoes-cuidados\/#article\",\"isPartOf\":{\"@id\":\"https:\/\/fernandadepilacao.com.br\/portal\/2025\/10\/depilacao-com-linha-indicacoes-contraindicacoes-cuidados\/#webpage\"},\"author\":{\"@id\":\"https:\/\/fernandadepilacao.com.br\/portal\/#\/schema\/person\/d00644c3bbfd9fd17711767a3b1abbd0\"},\"headline\":\"Depila\u00e7\u00e3o com Linha: Indica\u00e7\u00f5es, Contraindica\u00e7\u00f5es e Cuidados Essenciais\",\"datePublished\":\"2025-10-06T19:01:39+00:00\",\"dateModified\":\"2025-10-06T21:00:20+00:00\",\"mainEntityOfPage\":{\"@id\":\"https:\/\/fernandadepilacao.com.br\/portal\/2025\/10\/depilacao-com-linha-indicacoes-contraindicacoes-cuidados\/#webpage\"},\"wordCount\":699,\"commentCount\":0,\"publisher\":{\"@id\":\"https:\/\/fernandadepilacao.com.br\/portal\/#organization\"},\"image\":{\"@id\":\"https:\/\/fernandadepilacao.com.br\/portal\/2025\/10\/depilacao-com-linha-indicacoes-contraindicacoes-cuidados\/#primaryimage\"},\"thumbnailUrl\":\"https:\/\/fernandadepilacao.com.br\/portal\/wp-content\/uploads\/2025\/10\/20251006160136.png\",\"articleSection\":[\"Beleza\"],\"inLanguage\":\"pt-BR\",\"potentialAction\":[{\"@type\":\"CommentAction\",\"name\":\"Comment\",\"target\":[\"https:\/\/fernandadepilacao.com.br\/portal\/2025\/10\/depilacao-com-linha-indicacoes-contraindicacoes-cuidados\/#respond\"]}]},{\"@type\":\"Person\",\"@id\":\"https:\/\/fernandadepilacao.com.br\/portal\/#\/schema\/person\/d00644c3bbfd9fd17711767a3b1abbd0\",\"name\":\"fernandajob\",\"image\":{\"@type\":\"ImageObject\",\"@id\":\"https:\/\/fernandadepilacao.com.br\/portal\/#personlogo\",\"inLanguage\":\"pt-BR\",\"url\":\"https:\/\/secure.gravatar.com\/avatar\/6c2268a68d69a325906fbdccd74b18e6?s=96&d=mm&r=g\",\"contentUrl\":\"https:\/\/secure.gravatar.com\/avatar\/6c2268a68d69a325906fbdccd74b18e6?s=96&d=mm&r=g\",\"caption\":\"fernandajob\"},\"sameAs\":[\"http:\/\/fernandadepilacao.com.br\/portal\"]}]}<\/script>\n<!-- \/ Yoast SEO plugin. -->","yoast_head_json":{"title":"Depila\u00e7\u00e3o com Linha: Indica\u00e7\u00f5es, Contraindica\u00e7\u00f5es e Cuidados Essenciais - Fernanda Depila\u00e7\u00e3o","robots":{"index":"index","follow":"follow","max-snippet":"max-snippet:-1","max-image-preview":"max-image-preview:large","max-video-preview":"max-video-preview:-1"},"canonical":"https:\/\/fernandadepilacao.com.br\/portal\/2025\/10\/depilacao-com-linha-indicacoes-contraindicacoes-cuidados\/","og_locale":"pt_BR","og_type":"article","og_title":"Depila\u00e7\u00e3o com Linha: Indica\u00e7\u00f5es, Contraindica\u00e7\u00f5es e Cuidados Essenciais - Fernanda Depila\u00e7\u00e3o","og_description":"Indica\u00e7\u00f5es e Contraindica\u00e7\u00f5es da Depila\u00e7\u00e3o com Linha: Tudo o que Voc\u00ea Precisa Saber O Que \u00e9 a Depila\u00e7\u00e3o com Linha? A depila\u00e7\u00e3o com linha, tamb\u00e9m conhecida como threading, \u00e9 uma t\u00e9cnica milenar origin\u00e1ria do Oriente M\u00e9dio e do Sul da \u00c1sia. Utilizando apenas um fio de algod\u00e3o 100% puro, a profissional realiza movimentos precisos para &hellip; Depila\u00e7\u00e3o com Linha: Indica\u00e7\u00f5es, Contraindica\u00e7\u00f5es e Cuidados Essenciais Leia mais &raquo;","og_url":"https:\/\/fernandadepilacao.com.br\/portal\/2025\/10\/depilacao-com-linha-indicacoes-contraindicacoes-cuidados\/","og_site_name":"Fernanda Depila\u00e7\u00e3o","article_publisher":"https:\/\/www.facebook.com\/ferjobdepilacao","article_published_time":"2025-10-06T19:01:39+00:00","article_modified_time":"2025-10-06T21:00:20+00:00","og_image":[{"width":500,"height":500,"url":"https:\/\/fernandadepilacao.com.br\/portal\/wp-content\/uploads\/2025\/10\/20251006160136.png","type":"image\/png"}],"twitter_card":"summary_large_image","twitter_misc":{"Escrito por":"fernandajob","Est. tempo de leitura":"3 minutos"},"schema":{"@context":"https:\/\/schema.org","@graph":[{"@type":"Organization","@id":"https:\/\/fernandadepilacao.com.br\/portal\/#organization","name":"Fernanda Depila\u00e7\u00e3o","url":"https:\/\/fernandadepilacao.com.br\/portal\/","sameAs":["https:\/\/www.facebook.com\/ferjobdepilacao","http:\/\/instagram.com\/fernanda_job"],"logo":{"@type":"ImageObject","@id":"https:\/\/fernandadepilacao.com.br\/portal\/#logo","inLanguage":"pt-BR","url":"http:\/\/fernandadepilacao.com.br\/portal\/wp-content\/uploads\/2021\/03\/logo_fernanda.png","contentUrl":"http:\/\/fernandadepilacao.com.br\/portal\/wp-content\/uploads\/2021\/03\/logo_fernanda.png","width":673,"height":688,"caption":"Fernanda Depila\u00e7\u00e3o"},"image":{"@id":"https:\/\/fernandadepilacao.com.br\/portal\/#logo"}},{"@type":"WebSite","@id":"https:\/\/fernandadepilacao.com.br\/portal\/#website","url":"https:\/\/fernandadepilacao.com.br\/portal\/","name":"Fernanda Depila\u00e7\u00e3o","description":"","publisher":{"@id":"https:\/\/fernandadepilacao.com.br\/portal\/#organization"},"potentialAction":[{"@type":"SearchAction","target":{"@type":"EntryPoint","urlTemplate":"https:\/\/fernandadepilacao.com.br\/portal\/?s={search_term_string}"},"query-input":"required name=search_term_string"}],"inLanguage":"pt-BR"},{"@type":"ImageObject","@id":"https:\/\/fernandadepilacao.com.br\/portal\/2025\/10\/depilacao-com-linha-indicacoes-contraindicacoes-cuidados\/#primaryimage","inLanguage":"pt-BR","url":"https:\/\/fernandadepilacao.com.br\/portal\/wp-content\/uploads\/2025\/10\/20251006160136.png","contentUrl":"https:\/\/fernandadepilacao.com.br\/portal\/wp-content\/uploads\/2025\/10\/20251006160136.png","width":500,"height":500},{"@type":"WebPage","@id":"https:\/\/fernandadepilacao.com.br\/portal\/2025\/10\/depilacao-com-linha-indicacoes-contraindicacoes-cuidados\/#webpage","url":"https:\/\/fernandadepilacao.com.br\/portal\/2025\/10\/depilacao-com-linha-indicacoes-contraindicacoes-cuidados\/","name":"Depila\u00e7\u00e3o com Linha: Indica\u00e7\u00f5es, Contraindica\u00e7\u00f5es e Cuidados Essenciais - Fernanda Depila\u00e7\u00e3o","isPartOf":{"@id":"https:\/\/fernandadepilacao.com.br\/portal\/#website"},"primaryImageOfPage":{"@id":"https:\/\/fernandadepilacao.com.br\/portal\/2025\/10\/depilacao-com-linha-indicacoes-contraindicacoes-cuidados\/#primaryimage"},"datePublished":"2025-10-06T19:01:39+00:00","dateModified":"2025-10-06T21:00:20+00:00","breadcrumb":{"@id":"https:\/\/fernandadepilacao.com.br\/portal\/2025\/10\/depilacao-com-linha-indicacoes-contraindicacoes-cuidados\/#breadcrumb"},"inLanguage":"pt-BR","potentialAction":[{"@type":"ReadAction","target":["https:\/\/fernandadepilacao.com.br\/portal\/2025\/10\/depilacao-com-linha-indicacoes-contraindicacoes-cuidados\/"]}]},{"@type":"BreadcrumbList","@id":"https:\/\/fernandadepilacao.com.br\/portal\/2025\/10\/depilacao-com-linha-indicacoes-contraindicacoes-cuidados\/#breadcrumb","itemListElement":[{"@type":"ListItem","position":1,"name":"In\u00edcio","item":"http:\/\/fernandadepilacao.com.br\/portal\/"},{"@type":"ListItem","position":2,"name":"Depila\u00e7\u00e3o com Linha: Indica\u00e7\u00f5es, Contraindica\u00e7\u00f5es e Cuidados Essenciais"}]},{"@type":"Article","@id":"https:\/\/fernandadepilacao.com.br\/portal\/2025\/10\/depilacao-com-linha-indicacoes-contraindicacoes-cuidados\/#article","isPartOf":{"@id":"https:\/\/fernandadepilacao.com.br\/portal\/2025\/10\/depilacao-com-linha-indicacoes-contraindicacoes-cuidados\/#webpage"},"author":{"@id":"https:\/\/fernandadepilacao.com.br\/portal\/#\/schema\/person\/d00644c3bbfd9fd17711767a3b1abbd0"},"headline":"Depila\u00e7\u00e3o com Linha: Indica\u00e7\u00f5es, Contraindica\u00e7\u00f5es e Cuidados Essenciais","datePublished":"2025-10-06T19:01:39+00:00","dateModified":"2025-10-06T21:00:20+00:00","mainEntityOfPage":{"@id":"https:\/\/fernandadepilacao.com.br\/portal\/2025\/10\/depilacao-com-linha-indicacoes-contraindicacoes-cuidados\/#webpage"},"wordCount":699,"commentCount":0,"publisher":{"@id":"https:\/\/fernandadepilacao.com.br\/portal\/#organization"},"image":{"@id":"https:\/\/fernandadepilacao.com.br\/portal\/2025\/10\/depilacao-com-linha-indicacoes-contraindicacoes-cuidados\/#primaryimage"},"thumbnailUrl":"https:\/\/fernandadepilacao.com.br\/portal\/wp-content\/uploads\/2025\/10\/20251006160136.png","articleSection":["Beleza"],"inLanguage":"pt-BR","potentialAction":[{"@type":"CommentAction","name":"Comment","target":["https:\/\/fernandadepilacao.com.br\/portal\/2025\/10\/depilacao-com-linha-indicacoes-contraindicacoes-cuidados\/#respond"]}]},{"@type":"Person","@id":"https:\/\/fernandadepilacao.com.br\/portal\/#\/schema\/person\/d00644c3bbfd9fd17711767a3b1abbd0","name":"fernandajob","image":{"@type":"ImageObject","@id":"https:\/\/fernandadepilacao.com.br\/portal\/#personlogo","inLanguage":"pt-BR","url":"https:\/\/secure.gravatar.com\/avatar\/6c2268a68d69a325906fbdccd74b18e6?s=96&d=mm&r=g","contentUrl":"https:\/\/secure.gravatar.com\/avatar\/6c2268a68d69a325906fbdccd74b18e6?s=96&d=mm&r=g","caption":"fernandajob"},"sameAs":["http:\/\/fernandadepilacao.com.br\/portal"]}]}},"uagb_featured_image_src":{"full":["https:\/\/fernandadepilacao.com.br\/portal\/wp-content\/uploads\/2025\/10\/20251006160136.png",500,500,false],"thumbnail":["https:\/\/fernandadepilacao.com.br\/portal\/wp-content\/uploads\/2025\/10\/20251006160136-150x150.png",150,150,true],"medium":["https:\/\/fernandadepilacao.com.br\/portal\/wp-content\/uploads\/2025\/10\/20251006160136-300x300.png",300,300,true],"medium_large":["https:\/\/fernandadepilacao.com.br\/portal\/wp-content\/uploads\/2025\/10\/20251006160136.png",500,500,false],"large":["https:\/\/fernandadepilacao.com.br\/portal\/wp-content\/uploads\/2025\/10\/20251006160136.png",500,500,false],"1536x1536":["https:\/\/fernandadepilacao.com.br\/portal\/wp-content\/uploads\/2025\/10\/20251006160136.png",500,500,false],"2048x2048":["https:\/\/fernandadepilacao.com.br\/portal\/wp-content\/uploads\/2025\/10\/20251006160136.png",500,500,false]},"uagb_author_info":{"display_name":"fernandajob","author_link":"https:\/\/fernandadepilacao.com.br\/portal\/author\/fernandajob\/"},"uagb_comment_info":0,"uagb_excerpt":"Indica\u00e7\u00f5es e Contraindica\u00e7\u00f5es da Depila\u00e7\u00e3o com Linha: Tudo o que Voc\u00ea Precisa Saber O Que \u00e9 a Depila\u00e7\u00e3o com Linha? A depila\u00e7\u00e3o com linha, tamb\u00e9m conhecida como threading, \u00e9 uma t\u00e9cnica milenar origin\u00e1ria do Oriente M\u00e9dio e do Sul da \u00c1sia. Utilizando apenas um fio de algod\u00e3o 100% puro, a profissional realiza movimentos precisos para&hellip;","_links":{"self":[{"href":"https:\/\/fernandadepilacao.com.br\/portal\/wp-json\/wp\/v2\/posts\/670"}],"collection":[{"href":"https:\/\/fernandadepilacao.com.br\/portal\/wp-json\/wp\/v2\/posts"}],"about":[{"href":"https:\/\/fernandadepilacao.com.br\/portal\/wp-json\/wp\/v2\/types\/post"}],"author":[{"embeddable":true,"href":"https:\/\/fernandadepilacao.com.br\/portal\/wp-json\/wp\/v2\/users\/1"}],"replies":[{"embeddable":true,"href":"https:\/\/fernandadepilacao.com.br\/portal\/wp-json\/wp\/v2\/comments?post=670"}],"version-history":[{"count":1,"href":"https:\/\/fernandadepilacao.com.br\/portal\/wp-json\/wp\/v2\/posts\/670\/revisions"}],"predecessor-version":[{"id":671,"href":"https:\/\/fernandadepilacao.com.br\/portal\/wp-json\/wp\/v2\/posts\/670\/revisions\/671"}],"wp:featuredmedia":[{"embeddable":true,"href":"https:\/\/fernandadepilacao.com.br\/portal\/wp-json\/wp\/v2\/media\/669"}],"wp:attachment":[{"href":"https:\/\/fernandadepilacao.com.br\/portal\/wp-json\/wp\/v2\/media?parent=670"}],"wp:term":[{"taxonomy":"category","embeddable":true,"href":"https:\/\/fernandadepilacao.com.br\/portal\/wp-json\/wp\/v2\/categories?post=670"},{"taxonomy":"post_tag","embeddable":true,"href":"https:\/\/fernandadepilacao.com.br\/portal\/wp-json\/wp\/v2\/tags?post=670"}],"curies":[{"name":"wp","href":"https:\/\/api.w.org\/{rel}","templated":true}]}}