{"id":652,"date":"2025-10-04T08:01:33","date_gmt":"2025-10-04T11:01:33","guid":{"rendered":"https:\/\/fernandadepilacao.com.br\/portal\/2025\/10\/guia-completo-prevencao-tratamento-pelos-encravados-virilha\/"},"modified":"2025-10-04T12:00:20","modified_gmt":"2025-10-04T15:00:20","slug":"guia-completo-prevencao-tratamento-pelos-encravados-virilha","status":"publish","type":"post","link":"https:\/\/fernandadepilacao.com.br\/portal\/2025\/10\/guia-completo-prevencao-tratamento-pelos-encravados-virilha\/","title":{"rendered":"Guia Completo para Preven\u00e7\u00e3o e Tratamento de Pelos Encravados na Virilha"},"content":{"rendered":"<article>\n<header>\n<h1>Preven\u00e7\u00e3o e Tratamento de Pelos Encravados na Virilha: Guia Completo<\/h1>\n<p>    <meta name=\"description\" content=\"Aprenda como evitar e tratar pelos encravados na virilha com dicas profissionais e t\u00e9cnicas de depila\u00e7\u00e3o. Solu\u00e7\u00f5es seguras e eficazes para pele suave e saud\u00e1vel.\" \/><br \/>\n  <\/header>\n<section>\n<h2>O que s\u00e3o pelos encravados na virilha?<\/h2>\n<p>\n      Os <strong>pelos encravados<\/strong> acontecem quando o fio de cabelo cresce para dentro da pele, causando uma inflama\u00e7\u00e3o local que pode apresentar dor, vermelhid\u00e3o, coceira e at\u00e9 mesmo pequenas bolinhas ou pus. Na virilha, \u00e1rea sens\u00edvel e propensa ao atrito, essa condi\u00e7\u00e3o \u00e9 bastante comum, principalmente ap\u00f3s m\u00e9todos de remo\u00e7\u00e3o como a l\u00e2mina, cera ou creme depilat\u00f3rio. Com nomes populares como &#8220;pelos presos&#8221; ou &#8220;bolinhas da depila\u00e7\u00e3o&#8221;, o inc\u00f4modo est\u00e1 entre as maiores queixas em cl\u00ednicas de est\u00e9tica.\n    <\/p>\n<\/section>\n<section>\n<h2>Principais causas dos pelos encravados na virilha<\/h2>\n<ul>\n<li><strong>Depila\u00e7\u00e3o inadequada:<\/strong> Uso frequente de l\u00e2minas ou retirada dos fios em sentido contr\u00e1rio ao crescimento pode aumentar a chance de encravar.<\/li>\n<li><strong>Fol\u00edculos obstru\u00eddos:<\/strong> O ac\u00famulo de c\u00e9lulas mortas fecha a sa\u00edda do pelo, dificultando sua passagem para fora da pele.<\/li>\n<li><strong>Uso de roupas apertadas:<\/strong> O atrito constante irrita a regi\u00e3o e facilita o aparecimento de pelos encravados.<\/li>\n<li><strong>Pele naturalmente mais grossa:<\/strong> Quem tem fios mais encaracolados ou grossos costuma sofrer mais com esse problema.<\/li>\n<\/ul>\n<\/section>\n<section>\n<h2>Sintomas e complica\u00e7\u00f5es dos pelos encravados<\/h2>\n<p>\n      O <strong>pelo encravado na virilha<\/strong> pode gerar desconforto, inflama\u00e7\u00e3o, pequenas erup\u00e7\u00f5es ou at\u00e9 mesmo evoluir para uma foliculite, quando h\u00e1 infec\u00e7\u00e3o bacteriana local. Em alguns casos, a dor \u00e9 intensa e pode surgir manchas escuras, conhecidas como hiperpigmenta\u00e7\u00e3o p\u00f3s-inflamat\u00f3ria.\n    <\/p>\n<\/section>\n<section>\n<h2>Como prevenir pelos encravados na virilha<\/h2>\n<ol>\n<li><strong>Esfolia\u00e7\u00e3o regular:<\/strong> Uma a duas vezes por semana, utilize um esfoliante suave espec\u00edfico para a \u00e1rea \u00edntima. Isso remove c\u00e9lulas mortas e libera os poros.<\/li>\n<li><strong>Hidrata\u00e7\u00e3o cotidiana:<\/strong> Mantenha a pele hidratada com cremes sem \u00e1lcool, preferencialmente com ingredientes calmantes como aloe vera ou aveia coloidal.<\/li>\n<li><strong>Escolha o m\u00e9todo adequado de depila\u00e7\u00e3o:<\/strong> T\u00e9cnicas como a <strong>depila\u00e7\u00e3o com cera profissional<\/strong> ou a <strong>depila\u00e7\u00e3o a laser<\/strong> s\u00e3o menos agressivas e diminuem a reincid\u00eancia dos pelos encravados.<\/li>\n<li><strong>Use roupas adequadas:<\/strong> Prefira tecidos de algod\u00e3o e calcinhas menos justas sempre que poss\u00edvel, principalmente nos dias ap\u00f3s a depila\u00e7\u00e3o.<\/li>\n<li><strong>Evite manipular a regi\u00e3o:<\/strong> Cutucar pode aumentar o risco de inflama\u00e7\u00e3o e manchas.<\/li>\n<\/ol>\n<\/section>\n<section>\n<h2>Tratamentos eficazes para pelos encravados na virilha<\/h2>\n<p>\n      Caso os pelos j\u00e1 estejam encravados, existem m\u00e9todos seguros para acelerar a recupera\u00e7\u00e3o da pele:\n    <\/p>\n<ul>\n<li><strong>Compressa morna:<\/strong> Ajuda a abrir os poros e facilita a sa\u00edda do pelo.<\/li>\n<li><strong>Produtos t\u00f3picos com \u00e1cido salic\u00edlico ou glic\u00f3lico:<\/strong> Promovem renova\u00e7\u00e3o celular, suavizando as &#8220;bolinhas&#8221; e aliviando a vermelhid\u00e3o.<\/li>\n<li><strong>Cremes antibi\u00f3ticos (com prescri\u00e7\u00e3o):<\/strong> S\u00e3o indicados somente em situa\u00e7\u00f5es infecciosas, sempre com orienta\u00e7\u00e3o de um profissional de sa\u00fade.<\/li>\n<li><strong>Evite tentativas de espremer:<\/strong> Isso pode piorar a inflama\u00e7\u00e3o e causar cicatrizes ou manchas.<\/li>\n<li><strong>Procure um especialista em est\u00e9tica ou dermatologista:<\/strong> Casos recorrentes ou inflamados exigem avalia\u00e7\u00e3o personalizada.<\/li>\n<\/ul>\n<\/section>\n<section>\n<h2>Quando procurar ajuda profissional?<\/h2>\n<p>\n      Se notar <strong>vermelhid\u00e3o intensa, dor, calor local, pus ou n\u00f3dulos endurecidos<\/strong>, busque por atendimento com um profissional capacitado. Em alguns casos, \u00e9 necess\u00e1rio prescri\u00e7\u00e3o de medicamentos ou procedimentos espec\u00edficos para evitar complica\u00e7\u00f5es, como a dissemina\u00e7\u00e3o de infec\u00e7\u00e3o.\n    <\/p>\n<\/section>\n<section>\n<h2>Perguntas frequentes sobre pelos encravados na virilha<\/h2>\n<dl>\n<dt>Esfoliar a virilha todos os dias resolve o problema?<\/dt>\n<dd>N\u00e3o, o excesso de esfolia\u00e7\u00e3o pode agredir a pele e piorar a irrita\u00e7\u00e3o. O recomendado \u00e9 de 1 a 2 vezes por semana.<\/dd>\n<dt>Qual \u00e9 o melhor m\u00e9todo de depila\u00e7\u00e3o para evitar pelos encravados?<\/dt>\n<dd>A <strong>depila\u00e7\u00e3o a laser<\/strong> \u00e9 a mais indicada, pois reduz o crescimento do pelo e, consequentemente, o risco de encravar.<\/dd>\n<dt>Manchas escuras causadas por pelos encravados somem?<\/dt>\n<dd>Com o tratamento correto e a prote\u00e7\u00e3o solar, \u00e9 poss\u00edvel clarear as manchas com o tempo e cuidados adequados.<\/dd>\n<\/dl>\n<\/section>\n<section>\n<h2>Conclus\u00e3o<\/h2>\n<p>\n      A <strong>preven\u00e7\u00e3o e tratamento dos pelos encravados na virilha<\/strong> requerem aten\u00e7\u00e3o aos detalhes na escolha do m\u00e9todo depilat\u00f3rio, rotina de cuidados com a pele e, principalmente, a orienta\u00e7\u00e3o de profissionais capacitados quando necess\u00e1rio. Ao seguir essas dicas e manter uma rotina adequada, \u00e9 poss\u00edvel conquistar uma pele lisinha, saud\u00e1vel e sem desconfortos.\n    <\/p>\n<p>\n      Lembre-se: cada pele \u00e9 \u00fanica. Respeite as necessidades do seu corpo e n\u00e3o hesite em buscar aux\u00edlio especializado caso os problemas persistam.\n    <\/p>\n<\/section>\n<footer>\n<p><strong>Palavras-chave buscadas:<\/strong> pelos encravados na virilha, preven\u00e7\u00e3o, tratamento, depila\u00e7\u00e3o virilha, foliculite, esfolia\u00e7\u00e3o \u00edntima, manchas na virilha.<\/p>\n<\/footer>\n<\/article>\n","protected":false},"excerpt":{"rendered":"<p>Preven\u00e7\u00e3o e Tratamento de Pelos Encravados na Virilha: Guia Completo O que s\u00e3o pelos encravados na virilha? Os pelos encravados acontecem quando o fio de cabelo cresce para dentro da pele, causando uma inflama\u00e7\u00e3o local que pode apresentar dor, vermelhid\u00e3o, coceira e at\u00e9 mesmo pequenas bolinhas ou pus. Na virilha, \u00e1rea sens\u00edvel e propensa ao &hellip;<\/p>\n<p class=\"read-more\"> <a class=\"\" href=\"https:\/\/fernandadepilacao.com.br\/portal\/2025\/10\/guia-completo-prevencao-tratamento-pelos-encravados-virilha\/\"> <span class=\"screen-reader-text\">Guia Completo para Preven\u00e7\u00e3o e Tratamento de Pelos Encravados na Virilha<\/span> Leia mais &raquo;<\/a><\/p>\n","protected":false},"author":1,"featured_media":651,"comment_status":"open","ping_status":"open","sticky":false,"template":"","format":"standard","meta":[],"categories":[15],"tags":[],"yoast_head":"<!-- This site is optimized with the Yoast SEO plugin v18.4.1 - https:\/\/yoast.com\/wordpress\/plugins\/seo\/ -->\n<title>Guia Completo para Preven\u00e7\u00e3o e Tratamento de Pelos Encravados na Virilha - Fernanda Depila\u00e7\u00e3o<\/title>\n<meta name=\"robots\" content=\"index, follow, max-snippet:-1, max-image-preview:large, max-video-preview:-1\" \/>\n<link rel=\"canonical\" href=\"https:\/\/fernandadepilacao.com.br\/portal\/2025\/10\/guia-completo-prevencao-tratamento-pelos-encravados-virilha\/\" \/>\n<meta property=\"og:locale\" content=\"pt_BR\" \/>\n<meta property=\"og:type\" content=\"article\" \/>\n<meta property=\"og:title\" content=\"Guia Completo para Preven\u00e7\u00e3o e Tratamento de Pelos Encravados na Virilha - Fernanda Depila\u00e7\u00e3o\" \/>\n<meta property=\"og:description\" content=\"Preven\u00e7\u00e3o e Tratamento de Pelos Encravados na Virilha: Guia Completo O que s\u00e3o pelos encravados na virilha? Os pelos encravados acontecem quando o fio de cabelo cresce para dentro da pele, causando uma inflama\u00e7\u00e3o local que pode apresentar dor, vermelhid\u00e3o, coceira e at\u00e9 mesmo pequenas bolinhas ou pus. Na virilha, \u00e1rea sens\u00edvel e propensa ao &hellip; Guia Completo para Preven\u00e7\u00e3o e Tratamento de Pelos Encravados na Virilha Leia mais &raquo;\" \/>\n<meta property=\"og:url\" content=\"https:\/\/fernandadepilacao.com.br\/portal\/2025\/10\/guia-completo-prevencao-tratamento-pelos-encravados-virilha\/\" \/>\n<meta property=\"og:site_name\" content=\"Fernanda Depila\u00e7\u00e3o\" \/>\n<meta property=\"article:publisher\" content=\"https:\/\/www.facebook.com\/ferjobdepilacao\" \/>\n<meta property=\"article:published_time\" content=\"2025-10-04T11:01:33+00:00\" \/>\n<meta property=\"article:modified_time\" content=\"2025-10-04T15:00:20+00:00\" \/>\n<meta property=\"og:image\" content=\"https:\/\/fernandadepilacao.com.br\/portal\/wp-content\/uploads\/2025\/10\/20251004080131.png\" \/>\n\t<meta property=\"og:image:width\" content=\"500\" \/>\n\t<meta property=\"og:image:height\" content=\"500\" \/>\n\t<meta property=\"og:image:type\" content=\"image\/png\" \/>\n<meta name=\"twitter:card\" content=\"summary_large_image\" \/>\n<meta name=\"twitter:label1\" content=\"Escrito por\" \/>\n\t<meta name=\"twitter:data1\" content=\"fernandajob\" \/>\n\t<meta name=\"twitter:label2\" content=\"Est. tempo de leitura\" \/>\n\t<meta name=\"twitter:data2\" content=\"4 minutos\" \/>\n<script type=\"application\/ld+json\" class=\"yoast-schema-graph\">{\"@context\":\"https:\/\/schema.org\",\"@graph\":[{\"@type\":\"Organization\",\"@id\":\"https:\/\/fernandadepilacao.com.br\/portal\/#organization\",\"name\":\"Fernanda Depila\u00e7\u00e3o\",\"url\":\"https:\/\/fernandadepilacao.com.br\/portal\/\",\"sameAs\":[\"https:\/\/www.facebook.com\/ferjobdepilacao\",\"http:\/\/instagram.com\/fernanda_job\"],\"logo\":{\"@type\":\"ImageObject\",\"@id\":\"https:\/\/fernandadepilacao.com.br\/portal\/#logo\",\"inLanguage\":\"pt-BR\",\"url\":\"http:\/\/fernandadepilacao.com.br\/portal\/wp-content\/uploads\/2021\/03\/logo_fernanda.png\",\"contentUrl\":\"http:\/\/fernandadepilacao.com.br\/portal\/wp-content\/uploads\/2021\/03\/logo_fernanda.png\",\"width\":673,\"height\":688,\"caption\":\"Fernanda Depila\u00e7\u00e3o\"},\"image\":{\"@id\":\"https:\/\/fernandadepilacao.com.br\/portal\/#logo\"}},{\"@type\":\"WebSite\",\"@id\":\"https:\/\/fernandadepilacao.com.br\/portal\/#website\",\"url\":\"https:\/\/fernandadepilacao.com.br\/portal\/\",\"name\":\"Fernanda Depila\u00e7\u00e3o\",\"description\":\"\",\"publisher\":{\"@id\":\"https:\/\/fernandadepilacao.com.br\/portal\/#organization\"},\"potentialAction\":[{\"@type\":\"SearchAction\",\"target\":{\"@type\":\"EntryPoint\",\"urlTemplate\":\"https:\/\/fernandadepilacao.com.br\/portal\/?s={search_term_string}\"},\"query-input\":\"required name=search_term_string\"}],\"inLanguage\":\"pt-BR\"},{\"@type\":\"ImageObject\",\"@id\":\"https:\/\/fernandadepilacao.com.br\/portal\/2025\/10\/guia-completo-prevencao-tratamento-pelos-encravados-virilha\/#primaryimage\",\"inLanguage\":\"pt-BR\",\"url\":\"https:\/\/fernandadepilacao.com.br\/portal\/wp-content\/uploads\/2025\/10\/20251004080131.png\",\"contentUrl\":\"https:\/\/fernandadepilacao.com.br\/portal\/wp-content\/uploads\/2025\/10\/20251004080131.png\",\"width\":500,\"height\":500},{\"@type\":\"WebPage\",\"@id\":\"https:\/\/fernandadepilacao.com.br\/portal\/2025\/10\/guia-completo-prevencao-tratamento-pelos-encravados-virilha\/#webpage\",\"url\":\"https:\/\/fernandadepilacao.com.br\/portal\/2025\/10\/guia-completo-prevencao-tratamento-pelos-encravados-virilha\/\",\"name\":\"Guia Completo para Preven\u00e7\u00e3o e Tratamento de Pelos Encravados na Virilha - Fernanda Depila\u00e7\u00e3o\",\"isPartOf\":{\"@id\":\"https:\/\/fernandadepilacao.com.br\/portal\/#website\"},\"primaryImageOfPage\":{\"@id\":\"https:\/\/fernandadepilacao.com.br\/portal\/2025\/10\/guia-completo-prevencao-tratamento-pelos-encravados-virilha\/#primaryimage\"},\"datePublished\":\"2025-10-04T11:01:33+00:00\",\"dateModified\":\"2025-10-04T15:00:20+00:00\",\"breadcrumb\":{\"@id\":\"https:\/\/fernandadepilacao.com.br\/portal\/2025\/10\/guia-completo-prevencao-tratamento-pelos-encravados-virilha\/#breadcrumb\"},\"inLanguage\":\"pt-BR\",\"potentialAction\":[{\"@type\":\"ReadAction\",\"target\":[\"https:\/\/fernandadepilacao.com.br\/portal\/2025\/10\/guia-completo-prevencao-tratamento-pelos-encravados-virilha\/\"]}]},{\"@type\":\"BreadcrumbList\",\"@id\":\"https:\/\/fernandadepilacao.com.br\/portal\/2025\/10\/guia-completo-prevencao-tratamento-pelos-encravados-virilha\/#breadcrumb\",\"itemListElement\":[{\"@type\":\"ListItem\",\"position\":1,\"name\":\"In\u00edcio\",\"item\":\"http:\/\/fernandadepilacao.com.br\/portal\/\"},{\"@type\":\"ListItem\",\"position\":2,\"name\":\"Guia Completo para Preven\u00e7\u00e3o e Tratamento de Pelos Encravados na Virilha\"}]},{\"@type\":\"Article\",\"@id\":\"https:\/\/fernandadepilacao.com.br\/portal\/2025\/10\/guia-completo-prevencao-tratamento-pelos-encravados-virilha\/#article\",\"isPartOf\":{\"@id\":\"https:\/\/fernandadepilacao.com.br\/portal\/2025\/10\/guia-completo-prevencao-tratamento-pelos-encravados-virilha\/#webpage\"},\"author\":{\"@id\":\"https:\/\/fernandadepilacao.com.br\/portal\/#\/schema\/person\/d00644c3bbfd9fd17711767a3b1abbd0\"},\"headline\":\"Guia Completo para Preven\u00e7\u00e3o e Tratamento de Pelos Encravados na Virilha\",\"datePublished\":\"2025-10-04T11:01:33+00:00\",\"dateModified\":\"2025-10-04T15:00:20+00:00\",\"mainEntityOfPage\":{\"@id\":\"https:\/\/fernandadepilacao.com.br\/portal\/2025\/10\/guia-completo-prevencao-tratamento-pelos-encravados-virilha\/#webpage\"},\"wordCount\":754,\"commentCount\":0,\"publisher\":{\"@id\":\"https:\/\/fernandadepilacao.com.br\/portal\/#organization\"},\"image\":{\"@id\":\"https:\/\/fernandadepilacao.com.br\/portal\/2025\/10\/guia-completo-prevencao-tratamento-pelos-encravados-virilha\/#primaryimage\"},\"thumbnailUrl\":\"https:\/\/fernandadepilacao.com.br\/portal\/wp-content\/uploads\/2025\/10\/20251004080131.png\",\"articleSection\":[\"Beleza\"],\"inLanguage\":\"pt-BR\",\"potentialAction\":[{\"@type\":\"CommentAction\",\"name\":\"Comment\",\"target\":[\"https:\/\/fernandadepilacao.com.br\/portal\/2025\/10\/guia-completo-prevencao-tratamento-pelos-encravados-virilha\/#respond\"]}]},{\"@type\":\"Person\",\"@id\":\"https:\/\/fernandadepilacao.com.br\/portal\/#\/schema\/person\/d00644c3bbfd9fd17711767a3b1abbd0\",\"name\":\"fernandajob\",\"image\":{\"@type\":\"ImageObject\",\"@id\":\"https:\/\/fernandadepilacao.com.br\/portal\/#personlogo\",\"inLanguage\":\"pt-BR\",\"url\":\"https:\/\/secure.gravatar.com\/avatar\/6c2268a68d69a325906fbdccd74b18e6?s=96&d=mm&r=g\",\"contentUrl\":\"https:\/\/secure.gravatar.com\/avatar\/6c2268a68d69a325906fbdccd74b18e6?s=96&d=mm&r=g\",\"caption\":\"fernandajob\"},\"sameAs\":[\"http:\/\/fernandadepilacao.com.br\/portal\"]}]}<\/script>\n<!-- \/ Yoast SEO plugin. -->","yoast_head_json":{"title":"Guia Completo para Preven\u00e7\u00e3o e Tratamento de Pelos Encravados na Virilha - Fernanda Depila\u00e7\u00e3o","robots":{"index":"index","follow":"follow","max-snippet":"max-snippet:-1","max-image-preview":"max-image-preview:large","max-video-preview":"max-video-preview:-1"},"canonical":"https:\/\/fernandadepilacao.com.br\/portal\/2025\/10\/guia-completo-prevencao-tratamento-pelos-encravados-virilha\/","og_locale":"pt_BR","og_type":"article","og_title":"Guia Completo para Preven\u00e7\u00e3o e Tratamento de Pelos Encravados na Virilha - Fernanda Depila\u00e7\u00e3o","og_description":"Preven\u00e7\u00e3o e Tratamento de Pelos Encravados na Virilha: Guia Completo O que s\u00e3o pelos encravados na virilha? Os pelos encravados acontecem quando o fio de cabelo cresce para dentro da pele, causando uma inflama\u00e7\u00e3o local que pode apresentar dor, vermelhid\u00e3o, coceira e at\u00e9 mesmo pequenas bolinhas ou pus. Na virilha, \u00e1rea sens\u00edvel e propensa ao &hellip; Guia Completo para Preven\u00e7\u00e3o e Tratamento de Pelos Encravados na Virilha Leia mais &raquo;","og_url":"https:\/\/fernandadepilacao.com.br\/portal\/2025\/10\/guia-completo-prevencao-tratamento-pelos-encravados-virilha\/","og_site_name":"Fernanda Depila\u00e7\u00e3o","article_publisher":"https:\/\/www.facebook.com\/ferjobdepilacao","article_published_time":"2025-10-04T11:01:33+00:00","article_modified_time":"2025-10-04T15:00:20+00:00","og_image":[{"width":500,"height":500,"url":"https:\/\/fernandadepilacao.com.br\/portal\/wp-content\/uploads\/2025\/10\/20251004080131.png","type":"image\/png"}],"twitter_card":"summary_large_image","twitter_misc":{"Escrito por":"fernandajob","Est. tempo de leitura":"4 minutos"},"schema":{"@context":"https:\/\/schema.org","@graph":[{"@type":"Organization","@id":"https:\/\/fernandadepilacao.com.br\/portal\/#organization","name":"Fernanda Depila\u00e7\u00e3o","url":"https:\/\/fernandadepilacao.com.br\/portal\/","sameAs":["https:\/\/www.facebook.com\/ferjobdepilacao","http:\/\/instagram.com\/fernanda_job"],"logo":{"@type":"ImageObject","@id":"https:\/\/fernandadepilacao.com.br\/portal\/#logo","inLanguage":"pt-BR","url":"http:\/\/fernandadepilacao.com.br\/portal\/wp-content\/uploads\/2021\/03\/logo_fernanda.png","contentUrl":"http:\/\/fernandadepilacao.com.br\/portal\/wp-content\/uploads\/2021\/03\/logo_fernanda.png","width":673,"height":688,"caption":"Fernanda Depila\u00e7\u00e3o"},"image":{"@id":"https:\/\/fernandadepilacao.com.br\/portal\/#logo"}},{"@type":"WebSite","@id":"https:\/\/fernandadepilacao.com.br\/portal\/#website","url":"https:\/\/fernandadepilacao.com.br\/portal\/","name":"Fernanda Depila\u00e7\u00e3o","description":"","publisher":{"@id":"https:\/\/fernandadepilacao.com.br\/portal\/#organization"},"potentialAction":[{"@type":"SearchAction","target":{"@type":"EntryPoint","urlTemplate":"https:\/\/fernandadepilacao.com.br\/portal\/?s={search_term_string}"},"query-input":"required name=search_term_string"}],"inLanguage":"pt-BR"},{"@type":"ImageObject","@id":"https:\/\/fernandadepilacao.com.br\/portal\/2025\/10\/guia-completo-prevencao-tratamento-pelos-encravados-virilha\/#primaryimage","inLanguage":"pt-BR","url":"https:\/\/fernandadepilacao.com.br\/portal\/wp-content\/uploads\/2025\/10\/20251004080131.png","contentUrl":"https:\/\/fernandadepilacao.com.br\/portal\/wp-content\/uploads\/2025\/10\/20251004080131.png","width":500,"height":500},{"@type":"WebPage","@id":"https:\/\/fernandadepilacao.com.br\/portal\/2025\/10\/guia-completo-prevencao-tratamento-pelos-encravados-virilha\/#webpage","url":"https:\/\/fernandadepilacao.com.br\/portal\/2025\/10\/guia-completo-prevencao-tratamento-pelos-encravados-virilha\/","name":"Guia Completo para Preven\u00e7\u00e3o e Tratamento de Pelos Encravados na Virilha - Fernanda Depila\u00e7\u00e3o","isPartOf":{"@id":"https:\/\/fernandadepilacao.com.br\/portal\/#website"},"primaryImageOfPage":{"@id":"https:\/\/fernandadepilacao.com.br\/portal\/2025\/10\/guia-completo-prevencao-tratamento-pelos-encravados-virilha\/#primaryimage"},"datePublished":"2025-10-04T11:01:33+00:00","dateModified":"2025-10-04T15:00:20+00:00","breadcrumb":{"@id":"https:\/\/fernandadepilacao.com.br\/portal\/2025\/10\/guia-completo-prevencao-tratamento-pelos-encravados-virilha\/#breadcrumb"},"inLanguage":"pt-BR","potentialAction":[{"@type":"ReadAction","target":["https:\/\/fernandadepilacao.com.br\/portal\/2025\/10\/guia-completo-prevencao-tratamento-pelos-encravados-virilha\/"]}]},{"@type":"BreadcrumbList","@id":"https:\/\/fernandadepilacao.com.br\/portal\/2025\/10\/guia-completo-prevencao-tratamento-pelos-encravados-virilha\/#breadcrumb","itemListElement":[{"@type":"ListItem","position":1,"name":"In\u00edcio","item":"http:\/\/fernandadepilacao.com.br\/portal\/"},{"@type":"ListItem","position":2,"name":"Guia Completo para Preven\u00e7\u00e3o e Tratamento de Pelos Encravados na Virilha"}]},{"@type":"Article","@id":"https:\/\/fernandadepilacao.com.br\/portal\/2025\/10\/guia-completo-prevencao-tratamento-pelos-encravados-virilha\/#article","isPartOf":{"@id":"https:\/\/fernandadepilacao.com.br\/portal\/2025\/10\/guia-completo-prevencao-tratamento-pelos-encravados-virilha\/#webpage"},"author":{"@id":"https:\/\/fernandadepilacao.com.br\/portal\/#\/schema\/person\/d00644c3bbfd9fd17711767a3b1abbd0"},"headline":"Guia Completo para Preven\u00e7\u00e3o e Tratamento de Pelos Encravados na Virilha","datePublished":"2025-10-04T11:01:33+00:00","dateModified":"2025-10-04T15:00:20+00:00","mainEntityOfPage":{"@id":"https:\/\/fernandadepilacao.com.br\/portal\/2025\/10\/guia-completo-prevencao-tratamento-pelos-encravados-virilha\/#webpage"},"wordCount":754,"commentCount":0,"publisher":{"@id":"https:\/\/fernandadepilacao.com.br\/portal\/#organization"},"image":{"@id":"https:\/\/fernandadepilacao.com.br\/portal\/2025\/10\/guia-completo-prevencao-tratamento-pelos-encravados-virilha\/#primaryimage"},"thumbnailUrl":"https:\/\/fernandadepilacao.com.br\/portal\/wp-content\/uploads\/2025\/10\/20251004080131.png","articleSection":["Beleza"],"inLanguage":"pt-BR","potentialAction":[{"@type":"CommentAction","name":"Comment","target":["https:\/\/fernandadepilacao.com.br\/portal\/2025\/10\/guia-completo-prevencao-tratamento-pelos-encravados-virilha\/#respond"]}]},{"@type":"Person","@id":"https:\/\/fernandadepilacao.com.br\/portal\/#\/schema\/person\/d00644c3bbfd9fd17711767a3b1abbd0","name":"fernandajob","image":{"@type":"ImageObject","@id":"https:\/\/fernandadepilacao.com.br\/portal\/#personlogo","inLanguage":"pt-BR","url":"https:\/\/secure.gravatar.com\/avatar\/6c2268a68d69a325906fbdccd74b18e6?s=96&d=mm&r=g","contentUrl":"https:\/\/secure.gravatar.com\/avatar\/6c2268a68d69a325906fbdccd74b18e6?s=96&d=mm&r=g","caption":"fernandajob"},"sameAs":["http:\/\/fernandadepilacao.com.br\/portal"]}]}},"uagb_featured_image_src":{"full":["https:\/\/fernandadepilacao.com.br\/portal\/wp-content\/uploads\/2025\/10\/20251004080131.png",500,500,false],"thumbnail":["https:\/\/fernandadepilacao.com.br\/portal\/wp-content\/uploads\/2025\/10\/20251004080131-150x150.png",150,150,true],"medium":["https:\/\/fernandadepilacao.com.br\/portal\/wp-content\/uploads\/2025\/10\/20251004080131-300x300.png",300,300,true],"medium_large":["https:\/\/fernandadepilacao.com.br\/portal\/wp-content\/uploads\/2025\/10\/20251004080131.png",500,500,false],"large":["https:\/\/fernandadepilacao.com.br\/portal\/wp-content\/uploads\/2025\/10\/20251004080131.png",500,500,false],"1536x1536":["https:\/\/fernandadepilacao.com.br\/portal\/wp-content\/uploads\/2025\/10\/20251004080131.png",500,500,false],"2048x2048":["https:\/\/fernandadepilacao.com.br\/portal\/wp-content\/uploads\/2025\/10\/20251004080131.png",500,500,false]},"uagb_author_info":{"display_name":"fernandajob","author_link":"https:\/\/fernandadepilacao.com.br\/portal\/author\/fernandajob\/"},"uagb_comment_info":0,"uagb_excerpt":"Preven\u00e7\u00e3o e Tratamento de Pelos Encravados na Virilha: Guia Completo O que s\u00e3o pelos encravados na virilha? Os pelos encravados acontecem quando o fio de cabelo cresce para dentro da pele, causando uma inflama\u00e7\u00e3o local que pode apresentar dor, vermelhid\u00e3o, coceira e at\u00e9 mesmo pequenas bolinhas ou pus. Na virilha, \u00e1rea sens\u00edvel e propensa ao&hellip;","_links":{"self":[{"href":"https:\/\/fernandadepilacao.com.br\/portal\/wp-json\/wp\/v2\/posts\/652"}],"collection":[{"href":"https:\/\/fernandadepilacao.com.br\/portal\/wp-json\/wp\/v2\/posts"}],"about":[{"href":"https:\/\/fernandadepilacao.com.br\/portal\/wp-json\/wp\/v2\/types\/post"}],"author":[{"embeddable":true,"href":"https:\/\/fernandadepilacao.com.br\/portal\/wp-json\/wp\/v2\/users\/1"}],"replies":[{"embeddable":true,"href":"https:\/\/fernandadepilacao.com.br\/portal\/wp-json\/wp\/v2\/comments?post=652"}],"version-history":[{"count":1,"href":"https:\/\/fernandadepilacao.com.br\/portal\/wp-json\/wp\/v2\/posts\/652\/revisions"}],"predecessor-version":[{"id":653,"href":"https:\/\/fernandadepilacao.com.br\/portal\/wp-json\/wp\/v2\/posts\/652\/revisions\/653"}],"wp:featuredmedia":[{"embeddable":true,"href":"https:\/\/fernandadepilacao.com.br\/portal\/wp-json\/wp\/v2\/media\/651"}],"wp:attachment":[{"href":"https:\/\/fernandadepilacao.com.br\/portal\/wp-json\/wp\/v2\/media?parent=652"}],"wp:term":[{"taxonomy":"category","embeddable":true,"href":"https:\/\/fernandadepilacao.com.br\/portal\/wp-json\/wp\/v2\/categories?post=652"},{"taxonomy":"post_tag","embeddable":true,"href":"https:\/\/fernandadepilacao.com.br\/portal\/wp-json\/wp\/v2\/tags?post=652"}],"curies":[{"name":"wp","href":"https:\/\/api.w.org\/{rel}","templated":true}]}}