{"id":472,"date":"2025-09-04T00:01:12","date_gmt":"2025-09-04T03:01:12","guid":{"rendered":"https:\/\/fernandadepilacao.com.br\/portal\/2025\/09\/guia-completo-indicacoes-contraindicacoes-depilacao\/"},"modified":"2025-09-04T06:00:20","modified_gmt":"2025-09-04T09:00:20","slug":"guia-completo-indicacoes-contraindicacoes-depilacao","status":"publish","type":"post","link":"https:\/\/fernandadepilacao.com.br\/portal\/2025\/09\/guia-completo-indicacoes-contraindicacoes-depilacao\/","title":{"rendered":"Guia Completo sobre Indica\u00e7\u00f5es e Contraindica\u00e7\u00f5es da Depila\u00e7\u00e3o"},"content":{"rendered":"<p><!DOCTYPE html><br \/>\n<html lang=\"pt-BR\"><br \/>\n<head><br \/>\n    <meta charset=\"UTF-8\"><br \/>\n    <meta name=\"viewport\" content=\"width=device-width, initial-scale=1.0\"><br \/>\n    <meta name=\"description\" content=\"Descubra as principais indica\u00e7\u00f5es e contraindica\u00e7\u00f5es do tratamento de depila\u00e7\u00e3o, saiba como realizar o procedimento de forma segura e tire d\u00favidas sobre as melhores t\u00e9cnicas para cada tipo de pele.\"><br \/>\n    <title>Indica\u00e7\u00f5es e Contraindica\u00e7\u00f5es do Tratamento de Depila\u00e7\u00e3o: O Guia Completo<\/title><br \/>\n<\/head><br \/>\n<body><\/p>\n<article>\n<header>\n<h1>Indica\u00e7\u00f5es e Contraindica\u00e7\u00f5es do Tratamento de Depila\u00e7\u00e3o: O Guia Completo<\/h1>\n<\/header>\n<p>Quando se fala em <strong>depila\u00e7\u00e3o profissional<\/strong>, muitas d\u00favidas aparecem sobre quem pode ou n\u00e3o fazer os procedimentos. Com o avan\u00e7o das t\u00e9cnicas e a variedade de m\u00e9todos dispon\u00edveis, entender as <strong>indica\u00e7\u00f5es<\/strong> e <strong>contraindica\u00e7\u00f5es<\/strong> de cada t\u00e9cnica \u00e9 essencial para garantir <strong>seguran\u00e7a<\/strong>, <strong>resultados duradouros<\/strong> e bem-estar.<\/p>\n<h2>O Que \u00c9 a Depila\u00e7\u00e3o?<\/h2>\n<p>A <strong>depila\u00e7\u00e3o<\/strong> consiste na remo\u00e7\u00e3o dos pelos indesejados da pele, utilizando diferentes m\u00e9todos como <strong>cera quente<\/strong>, <strong>cera fria<\/strong>, <strong>l\u00e2mina<\/strong>, <strong>linha eg\u00edpcia<\/strong> e as tecnologias mais modernas como <strong>depila\u00e7\u00e3o a laser<\/strong> e <strong>luz pulsada (IPL)<\/strong>. Cada m\u00e9todo apresenta vantagens e cuidados espec\u00edficos, sendo fundamental escolher o mais adequado para cada pessoa.<\/p>\n<h2>Indica\u00e7\u00f5es do Tratamento de Depila\u00e7\u00e3o<\/h2>\n<ul>\n<li><strong>Redu\u00e7\u00e3o de Pelos:<\/strong> Ideal para quem busca menores volumes ou deseja manter a pele lisa por mais tempo.<\/li>\n<li><strong>Pessoas com Foliculite:<\/strong> T\u00e9cnicas como o <strong>laser<\/strong> auxiliam a tratar e prevenir a ocorr\u00eancia de pelos encravados, muito comuns ap\u00f3s a l\u00e2mina.<\/li>\n<li><strong>Praticidade e Est\u00e9tica:<\/strong> Quem busca comodidade e uma apar\u00eancia mais suave e limpa encontra na depila\u00e7\u00e3o uma grande aliada.<\/li>\n<li><strong>Higiene:<\/strong> Reduz a prolifera\u00e7\u00e3o de bact\u00e9rias, principalmente em regi\u00f5es de dobras e \u00e1reas \u00edntimas.<\/li>\n<li><strong>Casos de Hirsutismo:<\/strong> Em quadros de crescimento excessivo de pelos, a depila\u00e7\u00e3o pode trazer conforto e autoconfian\u00e7a.<\/li>\n<li><strong>Pr\u00e9-cirurgias ou Tratamentos M\u00e9dicos:<\/strong> Alguns procedimentos m\u00e9dicos exigem a remo\u00e7\u00e3o dos pelos em determinadas \u00e1reas.<\/li>\n<\/ul>\n<h2>Principais T\u00e9cnicas de Depila\u00e7\u00e3o<\/h2>\n<p>Entre os m\u00e9todos mais procurados nos centros de est\u00e9tica est\u00e3o:<\/p>\n<ul>\n<li><strong>Depila\u00e7\u00e3o com cera:<\/strong> Remove o pelo pela raiz, com efeito duradouro de at\u00e9 4 semanas.<\/li>\n<li><strong>L\u00e2mina:<\/strong> M\u00e9todo pr\u00e1tico para uso dom\u00e9stico, mas pode causar irrita\u00e7\u00f5es e \u00e9 menos duradouro.<\/li>\n<li><strong>Depila\u00e7\u00e3o a laser:<\/strong> T\u00e9cnica de alta tecnologia que atua na raiz do pelo, indicada para resultados de longa dura\u00e7\u00e3o e at\u00e9 permanentes ap\u00f3s v\u00e1rias sess\u00f5es.<\/li>\n<li><strong>Luz Pulsada (IPL):<\/strong> Utiliza feixes de luz para enfraquecer o fol\u00edculo, sendo uma alternativa vers\u00e1til para v\u00e1rios tons de pele e tipos de pelo.<\/li>\n<li><strong>Linha:<\/strong> T\u00e9cnica milenar, ideal para \u00e1reas delicadas como rosto e bu\u00e7o.<\/li>\n<\/ul>\n<h2>Contraindica\u00e7\u00f5es do Tratamento de Depila\u00e7\u00e3o<\/h2>\n<p>Mesmo sendo um procedimento seguro, existem algumas situa\u00e7\u00f5es em que a depila\u00e7\u00e3o deve ser evitada ou realizada com cautela:<\/p>\n<ul>\n<li><strong>Pele lesionada, ferida ou com irrita\u00e7\u00e3o:<\/strong> Depilar uma \u00e1rea machucada pode agravar les\u00f5es e causar infec\u00e7\u00f5es.<\/li>\n<li><strong>Infec\u00e7\u00f5es de pele:<\/strong> Herpes ativa, impetigo, fungos ou outras infec\u00e7\u00f5es s\u00e3o contraindica\u00e7\u00f5es tempor\u00e1rias.<\/li>\n<li><strong>Uso de medicamentos fotossensibilizantes:<\/strong> Quem faz uso de <strong>\u00e1cido retinoico<\/strong>, <strong>isotretino\u00edna<\/strong> ou outros que sensibilizam a pele deve evitar m\u00e9todos como laser ou luz pulsada.<\/li>\n<li><strong>Gesta\u00e7\u00e3o e amamenta\u00e7\u00e3o:<\/strong> Embora alguns m\u00e9todos sejam considerados seguros, \u00e9 importante consultar um especialista antes de qualquer procedimento.<\/li>\n<li><strong>Diabetes descontrolada:<\/strong> Pessoas com altera\u00e7\u00f5es na cicatriza\u00e7\u00e3o ou sensibilidade devem redobrar os cuidados.<\/li>\n<li><strong>Dermatites, psor\u00edase ou alergias:<\/strong> M\u00e9todos agressivos podem piorar quadros dermatol\u00f3gicos.<\/li>\n<li><strong>Ap\u00f3s exposi\u00e7\u00e3o solar intensa:<\/strong> A pele bronzeada est\u00e1 mais sens\u00edvel e sujeita a manchas e queimaduras.<\/li>\n<li><strong>Hist\u00f3rico de quel\u00f3ide:<\/strong> H\u00e1 maior risco de forma\u00e7\u00e3o de cicatrizes hipertr\u00f3ficas ap\u00f3s depila\u00e7\u00f5es agressivas.<\/li>\n<\/ul>\n<h2>Cuidados Antes e Depois de Depilar<\/h2>\n<ul>\n<li>Fa\u00e7a uma <strong>avalia\u00e7\u00e3o da pele<\/strong> antes do procedimento.<\/li>\n<li>Mantenha a pele <strong>limpa e seca<\/strong> no dia da depila\u00e7\u00e3o.<\/li>\n<li>\n        Evite exposi\u00e7\u00e3o ao sol,<strong> bronzeamentos<\/strong> e uso de produtos irritantes at\u00e9 48 horas depois.<\/li>\n<li>Use <strong>protetor solar<\/strong>, principalmente ap\u00f3s m\u00e9todos a laser ou luz pulsada.<\/li>\n<li>Aplique cremes calmantes e evite roupas apertadas ap\u00f3s a depila\u00e7\u00e3o.<\/li>\n<\/ul>\n<h2>Quando Procurar um Especialista?<\/h2>\n<p>Em caso de d\u00favidas sobre o m\u00e9todo mais indicado para seu tipo de pele e pelos, ou se voc\u00ea apresenta <strong>alergias, sensibilidade<\/strong> ou algum problema cut\u00e2neo, procure um <strong>profissional qualificado em est\u00e9tica<\/strong>. Uma avalia\u00e7\u00e3o criteriosa garante resultados mais seguros e uma experi\u00eancia confort\u00e1vel.<\/p>\n<h2>Conclus\u00e3o<\/h2>\n<p>Cuidar da sa\u00fade da pele passa pela escolha consciente dos <strong>procedimentos de depila\u00e7\u00e3o<\/strong>. Entender as indica\u00e7\u00f5es e contraindica\u00e7\u00f5es, respeitar os limites do corpo e buscar sempre um atendimento especializado s\u00e3o passos fundamentais para usufruir dos benef\u00edcios da depila\u00e7\u00e3o com conforto, beleza e seguran\u00e7a.<\/p>\n<footer>\n<p>Tag: <strong>depila\u00e7\u00e3o<\/strong>, <strong>contraindica\u00e7\u00f5es da depila\u00e7\u00e3o<\/strong>, <strong>cuidados com a pele<\/strong><\/p>\n<\/footer>\n<\/article>\n<p><\/body><br \/>\n<\/html><\/p>\n","protected":false},"excerpt":{"rendered":"<p>Indica\u00e7\u00f5es e Contraindica\u00e7\u00f5es do Tratamento de Depila\u00e7\u00e3o: O Guia Completo Indica\u00e7\u00f5es e Contraindica\u00e7\u00f5es do Tratamento de Depila\u00e7\u00e3o: O Guia Completo Quando se fala em depila\u00e7\u00e3o profissional, muitas d\u00favidas aparecem sobre quem pode ou n\u00e3o fazer os procedimentos. Com o avan\u00e7o das t\u00e9cnicas e a variedade de m\u00e9todos dispon\u00edveis, entender as indica\u00e7\u00f5es e contraindica\u00e7\u00f5es de cada &hellip;<\/p>\n<p class=\"read-more\"> <a class=\"\" href=\"https:\/\/fernandadepilacao.com.br\/portal\/2025\/09\/guia-completo-indicacoes-contraindicacoes-depilacao\/\"> <span class=\"screen-reader-text\">Guia Completo sobre Indica\u00e7\u00f5es e Contraindica\u00e7\u00f5es da Depila\u00e7\u00e3o<\/span> Leia mais &raquo;<\/a><\/p>\n","protected":false},"author":1,"featured_media":471,"comment_status":"open","ping_status":"open","sticky":false,"template":"","format":"standard","meta":[],"categories":[15],"tags":[],"yoast_head":"<!-- This site is optimized with the Yoast SEO plugin v18.4.1 - https:\/\/yoast.com\/wordpress\/plugins\/seo\/ -->\n<title>Guia Completo sobre Indica\u00e7\u00f5es e Contraindica\u00e7\u00f5es da Depila\u00e7\u00e3o - Fernanda Depila\u00e7\u00e3o<\/title>\n<meta name=\"robots\" content=\"index, follow, max-snippet:-1, max-image-preview:large, max-video-preview:-1\" \/>\n<link rel=\"canonical\" href=\"https:\/\/fernandadepilacao.com.br\/portal\/2025\/09\/guia-completo-indicacoes-contraindicacoes-depilacao\/\" \/>\n<meta property=\"og:locale\" content=\"pt_BR\" \/>\n<meta property=\"og:type\" content=\"article\" \/>\n<meta property=\"og:title\" content=\"Guia Completo sobre Indica\u00e7\u00f5es e Contraindica\u00e7\u00f5es da Depila\u00e7\u00e3o - Fernanda Depila\u00e7\u00e3o\" \/>\n<meta property=\"og:description\" content=\"Indica\u00e7\u00f5es e Contraindica\u00e7\u00f5es do Tratamento de Depila\u00e7\u00e3o: O Guia Completo Indica\u00e7\u00f5es e Contraindica\u00e7\u00f5es do Tratamento de Depila\u00e7\u00e3o: O Guia Completo Quando se fala em depila\u00e7\u00e3o profissional, muitas d\u00favidas aparecem sobre quem pode ou n\u00e3o fazer os procedimentos. Com o avan\u00e7o das t\u00e9cnicas e a variedade de m\u00e9todos dispon\u00edveis, entender as indica\u00e7\u00f5es e contraindica\u00e7\u00f5es de cada &hellip; Guia Completo sobre Indica\u00e7\u00f5es e Contraindica\u00e7\u00f5es da Depila\u00e7\u00e3o Leia mais &raquo;\" \/>\n<meta property=\"og:url\" content=\"https:\/\/fernandadepilacao.com.br\/portal\/2025\/09\/guia-completo-indicacoes-contraindicacoes-depilacao\/\" \/>\n<meta property=\"og:site_name\" content=\"Fernanda Depila\u00e7\u00e3o\" \/>\n<meta property=\"article:publisher\" content=\"https:\/\/www.facebook.com\/ferjobdepilacao\" \/>\n<meta property=\"article:published_time\" content=\"2025-09-04T03:01:12+00:00\" \/>\n<meta property=\"article:modified_time\" content=\"2025-09-04T09:00:20+00:00\" \/>\n<meta property=\"og:image\" content=\"https:\/\/fernandadepilacao.com.br\/portal\/wp-content\/uploads\/2025\/09\/20250904000108.png\" \/>\n\t<meta property=\"og:image:width\" content=\"500\" \/>\n\t<meta property=\"og:image:height\" content=\"500\" \/>\n\t<meta property=\"og:image:type\" content=\"image\/png\" \/>\n<meta name=\"twitter:card\" content=\"summary_large_image\" \/>\n<meta name=\"twitter:label1\" content=\"Escrito por\" \/>\n\t<meta name=\"twitter:data1\" content=\"fernandajob\" \/>\n\t<meta name=\"twitter:label2\" content=\"Est. tempo de leitura\" \/>\n\t<meta name=\"twitter:data2\" content=\"4 minutos\" \/>\n<script type=\"application\/ld+json\" class=\"yoast-schema-graph\">{\"@context\":\"https:\/\/schema.org\",\"@graph\":[{\"@type\":\"Organization\",\"@id\":\"https:\/\/fernandadepilacao.com.br\/portal\/#organization\",\"name\":\"Fernanda Depila\u00e7\u00e3o\",\"url\":\"https:\/\/fernandadepilacao.com.br\/portal\/\",\"sameAs\":[\"https:\/\/www.facebook.com\/ferjobdepilacao\",\"http:\/\/instagram.com\/fernanda_job\"],\"logo\":{\"@type\":\"ImageObject\",\"@id\":\"https:\/\/fernandadepilacao.com.br\/portal\/#logo\",\"inLanguage\":\"pt-BR\",\"url\":\"http:\/\/fernandadepilacao.com.br\/portal\/wp-content\/uploads\/2021\/03\/logo_fernanda.png\",\"contentUrl\":\"http:\/\/fernandadepilacao.com.br\/portal\/wp-content\/uploads\/2021\/03\/logo_fernanda.png\",\"width\":673,\"height\":688,\"caption\":\"Fernanda Depila\u00e7\u00e3o\"},\"image\":{\"@id\":\"https:\/\/fernandadepilacao.com.br\/portal\/#logo\"}},{\"@type\":\"WebSite\",\"@id\":\"https:\/\/fernandadepilacao.com.br\/portal\/#website\",\"url\":\"https:\/\/fernandadepilacao.com.br\/portal\/\",\"name\":\"Fernanda Depila\u00e7\u00e3o\",\"description\":\"\",\"publisher\":{\"@id\":\"https:\/\/fernandadepilacao.com.br\/portal\/#organization\"},\"potentialAction\":[{\"@type\":\"SearchAction\",\"target\":{\"@type\":\"EntryPoint\",\"urlTemplate\":\"https:\/\/fernandadepilacao.com.br\/portal\/?s={search_term_string}\"},\"query-input\":\"required name=search_term_string\"}],\"inLanguage\":\"pt-BR\"},{\"@type\":\"ImageObject\",\"@id\":\"https:\/\/fernandadepilacao.com.br\/portal\/2025\/09\/guia-completo-indicacoes-contraindicacoes-depilacao\/#primaryimage\",\"inLanguage\":\"pt-BR\",\"url\":\"https:\/\/fernandadepilacao.com.br\/portal\/wp-content\/uploads\/2025\/09\/20250904000108.png\",\"contentUrl\":\"https:\/\/fernandadepilacao.com.br\/portal\/wp-content\/uploads\/2025\/09\/20250904000108.png\",\"width\":500,\"height\":500},{\"@type\":\"WebPage\",\"@id\":\"https:\/\/fernandadepilacao.com.br\/portal\/2025\/09\/guia-completo-indicacoes-contraindicacoes-depilacao\/#webpage\",\"url\":\"https:\/\/fernandadepilacao.com.br\/portal\/2025\/09\/guia-completo-indicacoes-contraindicacoes-depilacao\/\",\"name\":\"Guia Completo sobre Indica\u00e7\u00f5es e Contraindica\u00e7\u00f5es da Depila\u00e7\u00e3o - Fernanda Depila\u00e7\u00e3o\",\"isPartOf\":{\"@id\":\"https:\/\/fernandadepilacao.com.br\/portal\/#website\"},\"primaryImageOfPage\":{\"@id\":\"https:\/\/fernandadepilacao.com.br\/portal\/2025\/09\/guia-completo-indicacoes-contraindicacoes-depilacao\/#primaryimage\"},\"datePublished\":\"2025-09-04T03:01:12+00:00\",\"dateModified\":\"2025-09-04T09:00:20+00:00\",\"breadcrumb\":{\"@id\":\"https:\/\/fernandadepilacao.com.br\/portal\/2025\/09\/guia-completo-indicacoes-contraindicacoes-depilacao\/#breadcrumb\"},\"inLanguage\":\"pt-BR\",\"potentialAction\":[{\"@type\":\"ReadAction\",\"target\":[\"https:\/\/fernandadepilacao.com.br\/portal\/2025\/09\/guia-completo-indicacoes-contraindicacoes-depilacao\/\"]}]},{\"@type\":\"BreadcrumbList\",\"@id\":\"https:\/\/fernandadepilacao.com.br\/portal\/2025\/09\/guia-completo-indicacoes-contraindicacoes-depilacao\/#breadcrumb\",\"itemListElement\":[{\"@type\":\"ListItem\",\"position\":1,\"name\":\"In\u00edcio\",\"item\":\"http:\/\/fernandadepilacao.com.br\/portal\/\"},{\"@type\":\"ListItem\",\"position\":2,\"name\":\"Guia Completo sobre Indica\u00e7\u00f5es e Contraindica\u00e7\u00f5es da Depila\u00e7\u00e3o\"}]},{\"@type\":\"Article\",\"@id\":\"https:\/\/fernandadepilacao.com.br\/portal\/2025\/09\/guia-completo-indicacoes-contraindicacoes-depilacao\/#article\",\"isPartOf\":{\"@id\":\"https:\/\/fernandadepilacao.com.br\/portal\/2025\/09\/guia-completo-indicacoes-contraindicacoes-depilacao\/#webpage\"},\"author\":{\"@id\":\"https:\/\/fernandadepilacao.com.br\/portal\/#\/schema\/person\/d00644c3bbfd9fd17711767a3b1abbd0\"},\"headline\":\"Guia Completo sobre Indica\u00e7\u00f5es e Contraindica\u00e7\u00f5es da Depila\u00e7\u00e3o\",\"datePublished\":\"2025-09-04T03:01:12+00:00\",\"dateModified\":\"2025-09-04T09:00:20+00:00\",\"mainEntityOfPage\":{\"@id\":\"https:\/\/fernandadepilacao.com.br\/portal\/2025\/09\/guia-completo-indicacoes-contraindicacoes-depilacao\/#webpage\"},\"wordCount\":771,\"commentCount\":0,\"publisher\":{\"@id\":\"https:\/\/fernandadepilacao.com.br\/portal\/#organization\"},\"image\":{\"@id\":\"https:\/\/fernandadepilacao.com.br\/portal\/2025\/09\/guia-completo-indicacoes-contraindicacoes-depilacao\/#primaryimage\"},\"thumbnailUrl\":\"https:\/\/fernandadepilacao.com.br\/portal\/wp-content\/uploads\/2025\/09\/20250904000108.png\",\"articleSection\":[\"Beleza\"],\"inLanguage\":\"pt-BR\",\"potentialAction\":[{\"@type\":\"CommentAction\",\"name\":\"Comment\",\"target\":[\"https:\/\/fernandadepilacao.com.br\/portal\/2025\/09\/guia-completo-indicacoes-contraindicacoes-depilacao\/#respond\"]}]},{\"@type\":\"Person\",\"@id\":\"https:\/\/fernandadepilacao.com.br\/portal\/#\/schema\/person\/d00644c3bbfd9fd17711767a3b1abbd0\",\"name\":\"fernandajob\",\"image\":{\"@type\":\"ImageObject\",\"@id\":\"https:\/\/fernandadepilacao.com.br\/portal\/#personlogo\",\"inLanguage\":\"pt-BR\",\"url\":\"https:\/\/secure.gravatar.com\/avatar\/6c2268a68d69a325906fbdccd74b18e6?s=96&d=mm&r=g\",\"contentUrl\":\"https:\/\/secure.gravatar.com\/avatar\/6c2268a68d69a325906fbdccd74b18e6?s=96&d=mm&r=g\",\"caption\":\"fernandajob\"},\"sameAs\":[\"http:\/\/fernandadepilacao.com.br\/portal\"]}]}<\/script>\n<!-- \/ Yoast SEO plugin. -->","yoast_head_json":{"title":"Guia Completo sobre Indica\u00e7\u00f5es e Contraindica\u00e7\u00f5es da Depila\u00e7\u00e3o - Fernanda Depila\u00e7\u00e3o","robots":{"index":"index","follow":"follow","max-snippet":"max-snippet:-1","max-image-preview":"max-image-preview:large","max-video-preview":"max-video-preview:-1"},"canonical":"https:\/\/fernandadepilacao.com.br\/portal\/2025\/09\/guia-completo-indicacoes-contraindicacoes-depilacao\/","og_locale":"pt_BR","og_type":"article","og_title":"Guia Completo sobre Indica\u00e7\u00f5es e Contraindica\u00e7\u00f5es da Depila\u00e7\u00e3o - Fernanda Depila\u00e7\u00e3o","og_description":"Indica\u00e7\u00f5es e Contraindica\u00e7\u00f5es do Tratamento de Depila\u00e7\u00e3o: O Guia Completo Indica\u00e7\u00f5es e Contraindica\u00e7\u00f5es do Tratamento de Depila\u00e7\u00e3o: O Guia Completo Quando se fala em depila\u00e7\u00e3o profissional, muitas d\u00favidas aparecem sobre quem pode ou n\u00e3o fazer os procedimentos. Com o avan\u00e7o das t\u00e9cnicas e a variedade de m\u00e9todos dispon\u00edveis, entender as indica\u00e7\u00f5es e contraindica\u00e7\u00f5es de cada &hellip; Guia Completo sobre Indica\u00e7\u00f5es e Contraindica\u00e7\u00f5es da Depila\u00e7\u00e3o Leia mais &raquo;","og_url":"https:\/\/fernandadepilacao.com.br\/portal\/2025\/09\/guia-completo-indicacoes-contraindicacoes-depilacao\/","og_site_name":"Fernanda Depila\u00e7\u00e3o","article_publisher":"https:\/\/www.facebook.com\/ferjobdepilacao","article_published_time":"2025-09-04T03:01:12+00:00","article_modified_time":"2025-09-04T09:00:20+00:00","og_image":[{"width":500,"height":500,"url":"https:\/\/fernandadepilacao.com.br\/portal\/wp-content\/uploads\/2025\/09\/20250904000108.png","type":"image\/png"}],"twitter_card":"summary_large_image","twitter_misc":{"Escrito por":"fernandajob","Est. tempo de leitura":"4 minutos"},"schema":{"@context":"https:\/\/schema.org","@graph":[{"@type":"Organization","@id":"https:\/\/fernandadepilacao.com.br\/portal\/#organization","name":"Fernanda Depila\u00e7\u00e3o","url":"https:\/\/fernandadepilacao.com.br\/portal\/","sameAs":["https:\/\/www.facebook.com\/ferjobdepilacao","http:\/\/instagram.com\/fernanda_job"],"logo":{"@type":"ImageObject","@id":"https:\/\/fernandadepilacao.com.br\/portal\/#logo","inLanguage":"pt-BR","url":"http:\/\/fernandadepilacao.com.br\/portal\/wp-content\/uploads\/2021\/03\/logo_fernanda.png","contentUrl":"http:\/\/fernandadepilacao.com.br\/portal\/wp-content\/uploads\/2021\/03\/logo_fernanda.png","width":673,"height":688,"caption":"Fernanda Depila\u00e7\u00e3o"},"image":{"@id":"https:\/\/fernandadepilacao.com.br\/portal\/#logo"}},{"@type":"WebSite","@id":"https:\/\/fernandadepilacao.com.br\/portal\/#website","url":"https:\/\/fernandadepilacao.com.br\/portal\/","name":"Fernanda Depila\u00e7\u00e3o","description":"","publisher":{"@id":"https:\/\/fernandadepilacao.com.br\/portal\/#organization"},"potentialAction":[{"@type":"SearchAction","target":{"@type":"EntryPoint","urlTemplate":"https:\/\/fernandadepilacao.com.br\/portal\/?s={search_term_string}"},"query-input":"required name=search_term_string"}],"inLanguage":"pt-BR"},{"@type":"ImageObject","@id":"https:\/\/fernandadepilacao.com.br\/portal\/2025\/09\/guia-completo-indicacoes-contraindicacoes-depilacao\/#primaryimage","inLanguage":"pt-BR","url":"https:\/\/fernandadepilacao.com.br\/portal\/wp-content\/uploads\/2025\/09\/20250904000108.png","contentUrl":"https:\/\/fernandadepilacao.com.br\/portal\/wp-content\/uploads\/2025\/09\/20250904000108.png","width":500,"height":500},{"@type":"WebPage","@id":"https:\/\/fernandadepilacao.com.br\/portal\/2025\/09\/guia-completo-indicacoes-contraindicacoes-depilacao\/#webpage","url":"https:\/\/fernandadepilacao.com.br\/portal\/2025\/09\/guia-completo-indicacoes-contraindicacoes-depilacao\/","name":"Guia Completo sobre Indica\u00e7\u00f5es e Contraindica\u00e7\u00f5es da Depila\u00e7\u00e3o - Fernanda Depila\u00e7\u00e3o","isPartOf":{"@id":"https:\/\/fernandadepilacao.com.br\/portal\/#website"},"primaryImageOfPage":{"@id":"https:\/\/fernandadepilacao.com.br\/portal\/2025\/09\/guia-completo-indicacoes-contraindicacoes-depilacao\/#primaryimage"},"datePublished":"2025-09-04T03:01:12+00:00","dateModified":"2025-09-04T09:00:20+00:00","breadcrumb":{"@id":"https:\/\/fernandadepilacao.com.br\/portal\/2025\/09\/guia-completo-indicacoes-contraindicacoes-depilacao\/#breadcrumb"},"inLanguage":"pt-BR","potentialAction":[{"@type":"ReadAction","target":["https:\/\/fernandadepilacao.com.br\/portal\/2025\/09\/guia-completo-indicacoes-contraindicacoes-depilacao\/"]}]},{"@type":"BreadcrumbList","@id":"https:\/\/fernandadepilacao.com.br\/portal\/2025\/09\/guia-completo-indicacoes-contraindicacoes-depilacao\/#breadcrumb","itemListElement":[{"@type":"ListItem","position":1,"name":"In\u00edcio","item":"http:\/\/fernandadepilacao.com.br\/portal\/"},{"@type":"ListItem","position":2,"name":"Guia Completo sobre Indica\u00e7\u00f5es e Contraindica\u00e7\u00f5es da Depila\u00e7\u00e3o"}]},{"@type":"Article","@id":"https:\/\/fernandadepilacao.com.br\/portal\/2025\/09\/guia-completo-indicacoes-contraindicacoes-depilacao\/#article","isPartOf":{"@id":"https:\/\/fernandadepilacao.com.br\/portal\/2025\/09\/guia-completo-indicacoes-contraindicacoes-depilacao\/#webpage"},"author":{"@id":"https:\/\/fernandadepilacao.com.br\/portal\/#\/schema\/person\/d00644c3bbfd9fd17711767a3b1abbd0"},"headline":"Guia Completo sobre Indica\u00e7\u00f5es e Contraindica\u00e7\u00f5es da Depila\u00e7\u00e3o","datePublished":"2025-09-04T03:01:12+00:00","dateModified":"2025-09-04T09:00:20+00:00","mainEntityOfPage":{"@id":"https:\/\/fernandadepilacao.com.br\/portal\/2025\/09\/guia-completo-indicacoes-contraindicacoes-depilacao\/#webpage"},"wordCount":771,"commentCount":0,"publisher":{"@id":"https:\/\/fernandadepilacao.com.br\/portal\/#organization"},"image":{"@id":"https:\/\/fernandadepilacao.com.br\/portal\/2025\/09\/guia-completo-indicacoes-contraindicacoes-depilacao\/#primaryimage"},"thumbnailUrl":"https:\/\/fernandadepilacao.com.br\/portal\/wp-content\/uploads\/2025\/09\/20250904000108.png","articleSection":["Beleza"],"inLanguage":"pt-BR","potentialAction":[{"@type":"CommentAction","name":"Comment","target":["https:\/\/fernandadepilacao.com.br\/portal\/2025\/09\/guia-completo-indicacoes-contraindicacoes-depilacao\/#respond"]}]},{"@type":"Person","@id":"https:\/\/fernandadepilacao.com.br\/portal\/#\/schema\/person\/d00644c3bbfd9fd17711767a3b1abbd0","name":"fernandajob","image":{"@type":"ImageObject","@id":"https:\/\/fernandadepilacao.com.br\/portal\/#personlogo","inLanguage":"pt-BR","url":"https:\/\/secure.gravatar.com\/avatar\/6c2268a68d69a325906fbdccd74b18e6?s=96&d=mm&r=g","contentUrl":"https:\/\/secure.gravatar.com\/avatar\/6c2268a68d69a325906fbdccd74b18e6?s=96&d=mm&r=g","caption":"fernandajob"},"sameAs":["http:\/\/fernandadepilacao.com.br\/portal"]}]}},"uagb_featured_image_src":{"full":["https:\/\/fernandadepilacao.com.br\/portal\/wp-content\/uploads\/2025\/09\/20250904000108.png",500,500,false],"thumbnail":["https:\/\/fernandadepilacao.com.br\/portal\/wp-content\/uploads\/2025\/09\/20250904000108-150x150.png",150,150,true],"medium":["https:\/\/fernandadepilacao.com.br\/portal\/wp-content\/uploads\/2025\/09\/20250904000108-300x300.png",300,300,true],"medium_large":["https:\/\/fernandadepilacao.com.br\/portal\/wp-content\/uploads\/2025\/09\/20250904000108.png",500,500,false],"large":["https:\/\/fernandadepilacao.com.br\/portal\/wp-content\/uploads\/2025\/09\/20250904000108.png",500,500,false],"1536x1536":["https:\/\/fernandadepilacao.com.br\/portal\/wp-content\/uploads\/2025\/09\/20250904000108.png",500,500,false],"2048x2048":["https:\/\/fernandadepilacao.com.br\/portal\/wp-content\/uploads\/2025\/09\/20250904000108.png",500,500,false]},"uagb_author_info":{"display_name":"fernandajob","author_link":"https:\/\/fernandadepilacao.com.br\/portal\/author\/fernandajob\/"},"uagb_comment_info":0,"uagb_excerpt":"Indica\u00e7\u00f5es e Contraindica\u00e7\u00f5es do Tratamento de Depila\u00e7\u00e3o: O Guia Completo Indica\u00e7\u00f5es e Contraindica\u00e7\u00f5es do Tratamento de Depila\u00e7\u00e3o: O Guia Completo Quando se fala em depila\u00e7\u00e3o profissional, muitas d\u00favidas aparecem sobre quem pode ou n\u00e3o fazer os procedimentos. Com o avan\u00e7o das t\u00e9cnicas e a variedade de m\u00e9todos dispon\u00edveis, entender as indica\u00e7\u00f5es e contraindica\u00e7\u00f5es de cada&hellip;","_links":{"self":[{"href":"https:\/\/fernandadepilacao.com.br\/portal\/wp-json\/wp\/v2\/posts\/472"}],"collection":[{"href":"https:\/\/fernandadepilacao.com.br\/portal\/wp-json\/wp\/v2\/posts"}],"about":[{"href":"https:\/\/fernandadepilacao.com.br\/portal\/wp-json\/wp\/v2\/types\/post"}],"author":[{"embeddable":true,"href":"https:\/\/fernandadepilacao.com.br\/portal\/wp-json\/wp\/v2\/users\/1"}],"replies":[{"embeddable":true,"href":"https:\/\/fernandadepilacao.com.br\/portal\/wp-json\/wp\/v2\/comments?post=472"}],"version-history":[{"count":1,"href":"https:\/\/fernandadepilacao.com.br\/portal\/wp-json\/wp\/v2\/posts\/472\/revisions"}],"predecessor-version":[{"id":473,"href":"https:\/\/fernandadepilacao.com.br\/portal\/wp-json\/wp\/v2\/posts\/472\/revisions\/473"}],"wp:featuredmedia":[{"embeddable":true,"href":"https:\/\/fernandadepilacao.com.br\/portal\/wp-json\/wp\/v2\/media\/471"}],"wp:attachment":[{"href":"https:\/\/fernandadepilacao.com.br\/portal\/wp-json\/wp\/v2\/media?parent=472"}],"wp:term":[{"taxonomy":"category","embeddable":true,"href":"https:\/\/fernandadepilacao.com.br\/portal\/wp-json\/wp\/v2\/categories?post=472"},{"taxonomy":"post_tag","embeddable":true,"href":"https:\/\/fernandadepilacao.com.br\/portal\/wp-json\/wp\/v2\/tags?post=472"}],"curies":[{"name":"wp","href":"https:\/\/api.w.org\/{rel}","templated":true}]}}