{"id":463,"date":"2025-09-01T00:01:16","date_gmt":"2025-09-01T03:01:16","guid":{"rendered":"https:\/\/fernandadepilacao.com.br\/portal\/2025\/09\/reacoes-contraindicacoes-depilacao-cera-guia-completo\/"},"modified":"2025-09-01T06:00:19","modified_gmt":"2025-09-01T09:00:19","slug":"reacoes-contraindicacoes-depilacao-cera-guia-completo","status":"publish","type":"post","link":"https:\/\/fernandadepilacao.com.br\/portal\/2025\/09\/reacoes-contraindicacoes-depilacao-cera-guia-completo\/","title":{"rendered":"Rea\u00e7\u00f5es e Contraindica\u00e7\u00f5es da Depila\u00e7\u00e3o com Cera: Guia Completo para uma Depila\u00e7\u00e3o Segura"},"content":{"rendered":"<article>\n<header>\n<h1>Poss\u00edveis Rea\u00e7\u00f5es e Contraindica\u00e7\u00f5es da Depila\u00e7\u00e3o com Cera: Tudo o Que Voc\u00ea Precisa Saber<\/h1>\n<p>    <meta name=\"description\" content=\"Descubra quais s\u00e3o as poss\u00edveis rea\u00e7\u00f5es, riscos e contraindica\u00e7\u00f5es da depila\u00e7\u00e3o com cera, saiba como se prevenir e quando evitar o procedimento. Cuide da sua pele de forma segura e saud\u00e1vel.\" \/><br \/>\n  <\/header>\n<section>\n<h2>O que \u00e9 depila\u00e7\u00e3o com cera?<\/h2>\n<p>Depila\u00e7\u00e3o com cera \u00e9 um dos m\u00e9todos mais populares para remo\u00e7\u00e3o de pelos, tanto entre mulheres quanto entre homens, principalmente pela praticidade e pelos resultados duradouros em rela\u00e7\u00e3o ao uso de l\u00e2minas. O procedimento consiste em aplicar cera aquecida ou fria na pele, formando uma camada que gruda nos fios, e ent\u00e3o remov\u00ea-la rapidamente, arrancando os pelos pela raiz.<\/p>\n<\/section>\n<section>\n<h2>Principais rea\u00e7\u00f5es ap\u00f3s a depila\u00e7\u00e3o com cera<\/h2>\n<p>Apesar de ser uma t\u00e9cnica segura quando realizada por profissionais capacitados, a depila\u00e7\u00e3o com cera pode causar algumas rea\u00e7\u00f5es comuns, principalmente em peles mais sens\u00edveis. Conhe\u00e7a as rea\u00e7\u00f5es mais frequentes:<\/p>\n<ul>\n<li><strong>Vermelhid\u00e3o:<\/strong> \u00c9 normal observar vermelhid\u00e3o (eritema) nas \u00e1reas depiladas devido \u00e0 retirada dos fios pela raiz e ao atrito com a cera quente ou fria.<\/li>\n<li><strong>Ard\u00eancia e coceira:<\/strong> Sensa\u00e7\u00e3o de ardor e coceira podem surgir logo ap\u00f3s o procedimento, mas costumam desaparecer em poucas horas.<\/li>\n<li><strong>Pequenos edemas:<\/strong> Algumas pessoas desenvolvem discretos incha\u00e7os (edemas), especialmente em \u00e1reas mais delicadas como o rosto e a virilha.<\/li>\n<li><strong>Foliculite:<\/strong> Trata-se da inflama\u00e7\u00e3o dos fol\u00edculos pilosos, que pode se manifestar como bolinhas vermelhas ou espinhas ap\u00f3s a depila\u00e7\u00e3o.<\/li>\n<li><strong>Manchas:<\/strong> Embora incomum, podem surgir manchas (hipercromias) caso a pele seja exposta ao sol logo ap\u00f3s a remo\u00e7\u00e3o dos pelos.<\/li>\n<li><strong>Queimaduras:<\/strong> O uso de cera muito quente pode levar a queimaduras, por isso o controle da temperatura \u00e9 fundamental.<\/li>\n<\/ul>\n<p>\u00c9 importante destacar que boa parte dessas rea\u00e7\u00f5es s\u00e3o tempor\u00e1rias e podem ser prevenidas com os cuidados adequados antes e ap\u00f3s a depila\u00e7\u00e3o.<\/p>\n<\/section>\n<section>\n<h2>Principais contraindica\u00e7\u00f5es da depila\u00e7\u00e3o com cera<\/h2>\n<p>Embora seja um m\u00e9todo bastante seguro para a maior parte das pessoas, existem situa\u00e7\u00f5es em que a depila\u00e7\u00e3o com cera n\u00e3o \u00e9 recomendada. Conhe\u00e7a as principais contraindica\u00e7\u00f5es:<\/p>\n<ul>\n<li><strong>Peles lesionadas ou machucadas:<\/strong> A depila\u00e7\u00e3o n\u00e3o deve ser realizada sobre cortes, feridas abertas, arranh\u00f5es ou queimaduras recentes.<\/li>\n<li><strong>Dermatites, psor\u00edase e outras condi\u00e7\u00f5es dermatol\u00f3gicas:<\/strong> Pessoas com doen\u00e7as de pele, como eczema, psor\u00edase, dermatite at\u00f3pica ou de contato, devem evitar o procedimento, pois h\u00e1 maior risco de irrita\u00e7\u00e3o e agravamento dos sintomas.<\/li>\n<li><strong>Uso de medicamentos e tratamentos espec\u00edficos:<\/strong> Quem utiliza medicamentos \u00e0 base de isotretino\u00edna (roacutan) ou faz uso de \u00e1cidos e peelings qu\u00edmicos deve evitar a depila\u00e7\u00e3o com cera, pois a pele est\u00e1 mais fragilizada e propensa a les\u00f5es.<\/li>\n<li><strong>Gestantes:<\/strong> Embora em muitos casos seja liberada, \u00e9 fundamental consultar um m\u00e9dico antes do procedimento. Altera\u00e7\u00f5es hormonais podem deixar a pele da gestante mais sens\u00edvel.<\/li>\n<li><strong>Veias varicosas e problemas circulat\u00f3rios:<\/strong> Nestes casos, a depila\u00e7\u00e3o com cera pode agravar o quadro, principalmente nas pernas.<\/li>\n<\/ul>\n<\/section>\n<section>\n<h2>Cuidados antes e depois da depila\u00e7\u00e3o com cera<\/h2>\n<ul>\n<li><strong>Evite exposi\u00e7\u00e3o solar:<\/strong> N\u00e3o se exponha ao sol pelo menos 24 horas antes e depois da depila\u00e7\u00e3o, prevenindo manchas e irrita\u00e7\u00f5es.<\/li>\n<li><strong>Hidrate a pele:<\/strong> Manter a pele hidratada ajuda a evitar ressecamento e poss\u00edveis agress\u00f5es ap\u00f3s o procedimento.<\/li>\n<li><strong>N\u00e3o esfolie a pele imediatamente antes:<\/strong> Se for realizar esfolia\u00e7\u00e3o, fa\u00e7a com dois dias de anteced\u00eancia para n\u00e3o sensibilizar demais a \u00e1rea a ser depilada.<\/li>\n<li><strong>Use roupas leves:<\/strong> Ap\u00f3s a depila\u00e7\u00e3o, prefira roupas de algod\u00e3o e mais soltas para evitar o atrito com a pele sens\u00edvel.<\/li>\n<li><strong>Evite produtos qu\u00edmicos:<\/strong> Nos dias que antecedem ou nos p\u00f3s a depila\u00e7\u00e3o, evite cremes com \u00e1cidos ou perfumes na \u00e1rea depilada.<\/li>\n<\/ul>\n<\/section>\n<section>\n<h2>Quando procurar um profissional?<\/h2>\n<p>Se surgirem sintomas intensos como incha\u00e7o persistente, coceira exagerada, bolhas ou sinais de infec\u00e7\u00e3o (secre\u00e7\u00e3o, vermelhid\u00e3o excessiva) ap\u00f3s a depila\u00e7\u00e3o, procure um dermatologista. Tamb\u00e9m \u00e9 sempre recomendado buscar profissionais qualificados e ambientes adequados para garantir a higiene, o controle da temperatura da cera e a utiliza\u00e7\u00e3o de produtos descart\u00e1veis, prevenindo complica\u00e7\u00f5es.<\/p>\n<\/section>\n<section>\n<h2>Perguntas frequentes sobre rea\u00e7\u00f5es e contraindica\u00e7\u00f5es da depila\u00e7\u00e3o com cera<\/h2>\n<dl>\n<dt>Depila\u00e7\u00e3o com cera d\u00f3i muito?<\/dt>\n<dd>A intensidade da dor varia conforme a regi\u00e3o e o limiar de sensibilidade de cada pessoa, mas geralmente \u00e9 suport\u00e1vel e diminui com o tempo e a pr\u00e1tica.<\/dd>\n<dt>\u00c9 comum ter foliculite?<\/dt>\n<dd>Sim, a foliculite \u00e9 uma das rea\u00e7\u00f5es mais comuns, principalmente em quem tem tend\u00eancia a pelos encravados. Cuidados p\u00f3s-depila\u00e7\u00e3o ajudam a prevenir.<\/dd>\n<dt>Posso depilar enquanto estiver menstruada?<\/dt>\n<dd>\u00c9 poss\u00edvel, por\u00e9m a recomenda\u00e7\u00e3o \u00e9 evitar esse per\u00edodo, pois a sensibilidade da pele tende a ser maior devido \u00e0s altera\u00e7\u00f5es hormonais.<\/dd>\n<dt>Pessoas que usam \u00e1cido no rosto podem depilar o bu\u00e7o?<\/dt>\n<dd>N\u00e3o, quem faz uso de \u00e1cidos deve evitar depilar a regi\u00e3o, pois a pele fica fragilizada e h\u00e1 risco de causar les\u00f5es e manchas.<\/dd>\n<\/dl>\n<\/section>\n<footer>\n<p><strong>Palavras-chave:<\/strong> depila\u00e7\u00e3o com cera, rea\u00e7\u00f5es depila\u00e7\u00e3o com cera, contraindica\u00e7\u00f5es depila\u00e7\u00e3o, cuidados ap\u00f3s depila\u00e7\u00e3o, foliculite, manchas depila\u00e7\u00e3o, depila\u00e7\u00e3o pele sens\u00edvel.<\/p>\n<p>Lembre-se: cada pele \u00e9 \u00fanica! Sempre considere uma avalia\u00e7\u00e3o profissional antes de qualquer procedimento e respeite os sinais do seu corpo. Cuidar da sa\u00fade da sua pele \u00e9 essencial para garantir uma depila\u00e7\u00e3o segura e com resultado impec\u00e1vel.<\/p>\n<\/footer>\n<\/article>\n","protected":false},"excerpt":{"rendered":"<p>Poss\u00edveis Rea\u00e7\u00f5es e Contraindica\u00e7\u00f5es da Depila\u00e7\u00e3o com Cera: Tudo o Que Voc\u00ea Precisa Saber O que \u00e9 depila\u00e7\u00e3o com cera? Depila\u00e7\u00e3o com cera \u00e9 um dos m\u00e9todos mais populares para remo\u00e7\u00e3o de pelos, tanto entre mulheres quanto entre homens, principalmente pela praticidade e pelos resultados duradouros em rela\u00e7\u00e3o ao uso de l\u00e2minas. O procedimento consiste &hellip;<\/p>\n<p class=\"read-more\"> <a class=\"\" href=\"https:\/\/fernandadepilacao.com.br\/portal\/2025\/09\/reacoes-contraindicacoes-depilacao-cera-guia-completo\/\"> <span class=\"screen-reader-text\">Rea\u00e7\u00f5es e Contraindica\u00e7\u00f5es da Depila\u00e7\u00e3o com Cera: Guia Completo para uma Depila\u00e7\u00e3o Segura<\/span> Leia mais &raquo;<\/a><\/p>\n","protected":false},"author":1,"featured_media":462,"comment_status":"open","ping_status":"open","sticky":false,"template":"","format":"standard","meta":[],"categories":[15],"tags":[],"yoast_head":"<!-- This site is optimized with the Yoast SEO plugin v18.4.1 - https:\/\/yoast.com\/wordpress\/plugins\/seo\/ -->\n<title>Rea\u00e7\u00f5es e Contraindica\u00e7\u00f5es da Depila\u00e7\u00e3o com Cera: Guia Completo para uma Depila\u00e7\u00e3o Segura - Fernanda Depila\u00e7\u00e3o<\/title>\n<meta name=\"robots\" content=\"index, follow, max-snippet:-1, max-image-preview:large, max-video-preview:-1\" \/>\n<link rel=\"canonical\" href=\"https:\/\/fernandadepilacao.com.br\/portal\/2025\/09\/reacoes-contraindicacoes-depilacao-cera-guia-completo\/\" \/>\n<meta property=\"og:locale\" content=\"pt_BR\" \/>\n<meta property=\"og:type\" content=\"article\" \/>\n<meta property=\"og:title\" content=\"Rea\u00e7\u00f5es e Contraindica\u00e7\u00f5es da Depila\u00e7\u00e3o com Cera: Guia Completo para uma Depila\u00e7\u00e3o Segura - Fernanda Depila\u00e7\u00e3o\" \/>\n<meta property=\"og:description\" content=\"Poss\u00edveis Rea\u00e7\u00f5es e Contraindica\u00e7\u00f5es da Depila\u00e7\u00e3o com Cera: Tudo o Que Voc\u00ea Precisa Saber O que \u00e9 depila\u00e7\u00e3o com cera? Depila\u00e7\u00e3o com cera \u00e9 um dos m\u00e9todos mais populares para remo\u00e7\u00e3o de pelos, tanto entre mulheres quanto entre homens, principalmente pela praticidade e pelos resultados duradouros em rela\u00e7\u00e3o ao uso de l\u00e2minas. O procedimento consiste &hellip; Rea\u00e7\u00f5es e Contraindica\u00e7\u00f5es da Depila\u00e7\u00e3o com Cera: Guia Completo para uma Depila\u00e7\u00e3o Segura Leia mais &raquo;\" \/>\n<meta property=\"og:url\" content=\"https:\/\/fernandadepilacao.com.br\/portal\/2025\/09\/reacoes-contraindicacoes-depilacao-cera-guia-completo\/\" \/>\n<meta property=\"og:site_name\" content=\"Fernanda Depila\u00e7\u00e3o\" \/>\n<meta property=\"article:publisher\" content=\"https:\/\/www.facebook.com\/ferjobdepilacao\" \/>\n<meta property=\"article:published_time\" content=\"2025-09-01T03:01:16+00:00\" \/>\n<meta property=\"article:modified_time\" content=\"2025-09-01T09:00:19+00:00\" \/>\n<meta property=\"og:image\" content=\"https:\/\/fernandadepilacao.com.br\/portal\/wp-content\/uploads\/2025\/09\/20250901000113.png\" \/>\n\t<meta property=\"og:image:width\" content=\"500\" \/>\n\t<meta property=\"og:image:height\" content=\"500\" \/>\n\t<meta property=\"og:image:type\" content=\"image\/png\" \/>\n<meta name=\"twitter:card\" content=\"summary_large_image\" \/>\n<meta name=\"twitter:label1\" content=\"Escrito por\" \/>\n\t<meta name=\"twitter:data1\" content=\"fernandajob\" \/>\n\t<meta name=\"twitter:label2\" content=\"Est. tempo de leitura\" \/>\n\t<meta name=\"twitter:data2\" content=\"4 minutos\" \/>\n<script type=\"application\/ld+json\" class=\"yoast-schema-graph\">{\"@context\":\"https:\/\/schema.org\",\"@graph\":[{\"@type\":\"Organization\",\"@id\":\"https:\/\/fernandadepilacao.com.br\/portal\/#organization\",\"name\":\"Fernanda Depila\u00e7\u00e3o\",\"url\":\"https:\/\/fernandadepilacao.com.br\/portal\/\",\"sameAs\":[\"https:\/\/www.facebook.com\/ferjobdepilacao\",\"http:\/\/instagram.com\/fernanda_job\"],\"logo\":{\"@type\":\"ImageObject\",\"@id\":\"https:\/\/fernandadepilacao.com.br\/portal\/#logo\",\"inLanguage\":\"pt-BR\",\"url\":\"http:\/\/fernandadepilacao.com.br\/portal\/wp-content\/uploads\/2021\/03\/logo_fernanda.png\",\"contentUrl\":\"http:\/\/fernandadepilacao.com.br\/portal\/wp-content\/uploads\/2021\/03\/logo_fernanda.png\",\"width\":673,\"height\":688,\"caption\":\"Fernanda Depila\u00e7\u00e3o\"},\"image\":{\"@id\":\"https:\/\/fernandadepilacao.com.br\/portal\/#logo\"}},{\"@type\":\"WebSite\",\"@id\":\"https:\/\/fernandadepilacao.com.br\/portal\/#website\",\"url\":\"https:\/\/fernandadepilacao.com.br\/portal\/\",\"name\":\"Fernanda Depila\u00e7\u00e3o\",\"description\":\"\",\"publisher\":{\"@id\":\"https:\/\/fernandadepilacao.com.br\/portal\/#organization\"},\"potentialAction\":[{\"@type\":\"SearchAction\",\"target\":{\"@type\":\"EntryPoint\",\"urlTemplate\":\"https:\/\/fernandadepilacao.com.br\/portal\/?s={search_term_string}\"},\"query-input\":\"required name=search_term_string\"}],\"inLanguage\":\"pt-BR\"},{\"@type\":\"ImageObject\",\"@id\":\"https:\/\/fernandadepilacao.com.br\/portal\/2025\/09\/reacoes-contraindicacoes-depilacao-cera-guia-completo\/#primaryimage\",\"inLanguage\":\"pt-BR\",\"url\":\"https:\/\/fernandadepilacao.com.br\/portal\/wp-content\/uploads\/2025\/09\/20250901000113.png\",\"contentUrl\":\"https:\/\/fernandadepilacao.com.br\/portal\/wp-content\/uploads\/2025\/09\/20250901000113.png\",\"width\":500,\"height\":500},{\"@type\":\"WebPage\",\"@id\":\"https:\/\/fernandadepilacao.com.br\/portal\/2025\/09\/reacoes-contraindicacoes-depilacao-cera-guia-completo\/#webpage\",\"url\":\"https:\/\/fernandadepilacao.com.br\/portal\/2025\/09\/reacoes-contraindicacoes-depilacao-cera-guia-completo\/\",\"name\":\"Rea\u00e7\u00f5es e Contraindica\u00e7\u00f5es da Depila\u00e7\u00e3o com Cera: Guia Completo para uma Depila\u00e7\u00e3o Segura - Fernanda Depila\u00e7\u00e3o\",\"isPartOf\":{\"@id\":\"https:\/\/fernandadepilacao.com.br\/portal\/#website\"},\"primaryImageOfPage\":{\"@id\":\"https:\/\/fernandadepilacao.com.br\/portal\/2025\/09\/reacoes-contraindicacoes-depilacao-cera-guia-completo\/#primaryimage\"},\"datePublished\":\"2025-09-01T03:01:16+00:00\",\"dateModified\":\"2025-09-01T09:00:19+00:00\",\"breadcrumb\":{\"@id\":\"https:\/\/fernandadepilacao.com.br\/portal\/2025\/09\/reacoes-contraindicacoes-depilacao-cera-guia-completo\/#breadcrumb\"},\"inLanguage\":\"pt-BR\",\"potentialAction\":[{\"@type\":\"ReadAction\",\"target\":[\"https:\/\/fernandadepilacao.com.br\/portal\/2025\/09\/reacoes-contraindicacoes-depilacao-cera-guia-completo\/\"]}]},{\"@type\":\"BreadcrumbList\",\"@id\":\"https:\/\/fernandadepilacao.com.br\/portal\/2025\/09\/reacoes-contraindicacoes-depilacao-cera-guia-completo\/#breadcrumb\",\"itemListElement\":[{\"@type\":\"ListItem\",\"position\":1,\"name\":\"In\u00edcio\",\"item\":\"http:\/\/fernandadepilacao.com.br\/portal\/\"},{\"@type\":\"ListItem\",\"position\":2,\"name\":\"Rea\u00e7\u00f5es e Contraindica\u00e7\u00f5es da Depila\u00e7\u00e3o com Cera: Guia Completo para uma Depila\u00e7\u00e3o Segura\"}]},{\"@type\":\"Article\",\"@id\":\"https:\/\/fernandadepilacao.com.br\/portal\/2025\/09\/reacoes-contraindicacoes-depilacao-cera-guia-completo\/#article\",\"isPartOf\":{\"@id\":\"https:\/\/fernandadepilacao.com.br\/portal\/2025\/09\/reacoes-contraindicacoes-depilacao-cera-guia-completo\/#webpage\"},\"author\":{\"@id\":\"https:\/\/fernandadepilacao.com.br\/portal\/#\/schema\/person\/d00644c3bbfd9fd17711767a3b1abbd0\"},\"headline\":\"Rea\u00e7\u00f5es e Contraindica\u00e7\u00f5es da Depila\u00e7\u00e3o com Cera: Guia Completo para uma Depila\u00e7\u00e3o Segura\",\"datePublished\":\"2025-09-01T03:01:16+00:00\",\"dateModified\":\"2025-09-01T09:00:19+00:00\",\"mainEntityOfPage\":{\"@id\":\"https:\/\/fernandadepilacao.com.br\/portal\/2025\/09\/reacoes-contraindicacoes-depilacao-cera-guia-completo\/#webpage\"},\"wordCount\":911,\"commentCount\":0,\"publisher\":{\"@id\":\"https:\/\/fernandadepilacao.com.br\/portal\/#organization\"},\"image\":{\"@id\":\"https:\/\/fernandadepilacao.com.br\/portal\/2025\/09\/reacoes-contraindicacoes-depilacao-cera-guia-completo\/#primaryimage\"},\"thumbnailUrl\":\"https:\/\/fernandadepilacao.com.br\/portal\/wp-content\/uploads\/2025\/09\/20250901000113.png\",\"articleSection\":[\"Beleza\"],\"inLanguage\":\"pt-BR\",\"potentialAction\":[{\"@type\":\"CommentAction\",\"name\":\"Comment\",\"target\":[\"https:\/\/fernandadepilacao.com.br\/portal\/2025\/09\/reacoes-contraindicacoes-depilacao-cera-guia-completo\/#respond\"]}]},{\"@type\":\"Person\",\"@id\":\"https:\/\/fernandadepilacao.com.br\/portal\/#\/schema\/person\/d00644c3bbfd9fd17711767a3b1abbd0\",\"name\":\"fernandajob\",\"image\":{\"@type\":\"ImageObject\",\"@id\":\"https:\/\/fernandadepilacao.com.br\/portal\/#personlogo\",\"inLanguage\":\"pt-BR\",\"url\":\"https:\/\/secure.gravatar.com\/avatar\/6c2268a68d69a325906fbdccd74b18e6?s=96&d=mm&r=g\",\"contentUrl\":\"https:\/\/secure.gravatar.com\/avatar\/6c2268a68d69a325906fbdccd74b18e6?s=96&d=mm&r=g\",\"caption\":\"fernandajob\"},\"sameAs\":[\"http:\/\/fernandadepilacao.com.br\/portal\"]}]}<\/script>\n<!-- \/ Yoast SEO plugin. -->","yoast_head_json":{"title":"Rea\u00e7\u00f5es e Contraindica\u00e7\u00f5es da Depila\u00e7\u00e3o com Cera: Guia Completo para uma Depila\u00e7\u00e3o Segura - Fernanda Depila\u00e7\u00e3o","robots":{"index":"index","follow":"follow","max-snippet":"max-snippet:-1","max-image-preview":"max-image-preview:large","max-video-preview":"max-video-preview:-1"},"canonical":"https:\/\/fernandadepilacao.com.br\/portal\/2025\/09\/reacoes-contraindicacoes-depilacao-cera-guia-completo\/","og_locale":"pt_BR","og_type":"article","og_title":"Rea\u00e7\u00f5es e Contraindica\u00e7\u00f5es da Depila\u00e7\u00e3o com Cera: Guia Completo para uma Depila\u00e7\u00e3o Segura - Fernanda Depila\u00e7\u00e3o","og_description":"Poss\u00edveis Rea\u00e7\u00f5es e Contraindica\u00e7\u00f5es da Depila\u00e7\u00e3o com Cera: Tudo o Que Voc\u00ea Precisa Saber O que \u00e9 depila\u00e7\u00e3o com cera? Depila\u00e7\u00e3o com cera \u00e9 um dos m\u00e9todos mais populares para remo\u00e7\u00e3o de pelos, tanto entre mulheres quanto entre homens, principalmente pela praticidade e pelos resultados duradouros em rela\u00e7\u00e3o ao uso de l\u00e2minas. O procedimento consiste &hellip; Rea\u00e7\u00f5es e Contraindica\u00e7\u00f5es da Depila\u00e7\u00e3o com Cera: Guia Completo para uma Depila\u00e7\u00e3o Segura Leia mais &raquo;","og_url":"https:\/\/fernandadepilacao.com.br\/portal\/2025\/09\/reacoes-contraindicacoes-depilacao-cera-guia-completo\/","og_site_name":"Fernanda Depila\u00e7\u00e3o","article_publisher":"https:\/\/www.facebook.com\/ferjobdepilacao","article_published_time":"2025-09-01T03:01:16+00:00","article_modified_time":"2025-09-01T09:00:19+00:00","og_image":[{"width":500,"height":500,"url":"https:\/\/fernandadepilacao.com.br\/portal\/wp-content\/uploads\/2025\/09\/20250901000113.png","type":"image\/png"}],"twitter_card":"summary_large_image","twitter_misc":{"Escrito por":"fernandajob","Est. tempo de leitura":"4 minutos"},"schema":{"@context":"https:\/\/schema.org","@graph":[{"@type":"Organization","@id":"https:\/\/fernandadepilacao.com.br\/portal\/#organization","name":"Fernanda Depila\u00e7\u00e3o","url":"https:\/\/fernandadepilacao.com.br\/portal\/","sameAs":["https:\/\/www.facebook.com\/ferjobdepilacao","http:\/\/instagram.com\/fernanda_job"],"logo":{"@type":"ImageObject","@id":"https:\/\/fernandadepilacao.com.br\/portal\/#logo","inLanguage":"pt-BR","url":"http:\/\/fernandadepilacao.com.br\/portal\/wp-content\/uploads\/2021\/03\/logo_fernanda.png","contentUrl":"http:\/\/fernandadepilacao.com.br\/portal\/wp-content\/uploads\/2021\/03\/logo_fernanda.png","width":673,"height":688,"caption":"Fernanda Depila\u00e7\u00e3o"},"image":{"@id":"https:\/\/fernandadepilacao.com.br\/portal\/#logo"}},{"@type":"WebSite","@id":"https:\/\/fernandadepilacao.com.br\/portal\/#website","url":"https:\/\/fernandadepilacao.com.br\/portal\/","name":"Fernanda Depila\u00e7\u00e3o","description":"","publisher":{"@id":"https:\/\/fernandadepilacao.com.br\/portal\/#organization"},"potentialAction":[{"@type":"SearchAction","target":{"@type":"EntryPoint","urlTemplate":"https:\/\/fernandadepilacao.com.br\/portal\/?s={search_term_string}"},"query-input":"required name=search_term_string"}],"inLanguage":"pt-BR"},{"@type":"ImageObject","@id":"https:\/\/fernandadepilacao.com.br\/portal\/2025\/09\/reacoes-contraindicacoes-depilacao-cera-guia-completo\/#primaryimage","inLanguage":"pt-BR","url":"https:\/\/fernandadepilacao.com.br\/portal\/wp-content\/uploads\/2025\/09\/20250901000113.png","contentUrl":"https:\/\/fernandadepilacao.com.br\/portal\/wp-content\/uploads\/2025\/09\/20250901000113.png","width":500,"height":500},{"@type":"WebPage","@id":"https:\/\/fernandadepilacao.com.br\/portal\/2025\/09\/reacoes-contraindicacoes-depilacao-cera-guia-completo\/#webpage","url":"https:\/\/fernandadepilacao.com.br\/portal\/2025\/09\/reacoes-contraindicacoes-depilacao-cera-guia-completo\/","name":"Rea\u00e7\u00f5es e Contraindica\u00e7\u00f5es da Depila\u00e7\u00e3o com Cera: Guia Completo para uma Depila\u00e7\u00e3o Segura - Fernanda Depila\u00e7\u00e3o","isPartOf":{"@id":"https:\/\/fernandadepilacao.com.br\/portal\/#website"},"primaryImageOfPage":{"@id":"https:\/\/fernandadepilacao.com.br\/portal\/2025\/09\/reacoes-contraindicacoes-depilacao-cera-guia-completo\/#primaryimage"},"datePublished":"2025-09-01T03:01:16+00:00","dateModified":"2025-09-01T09:00:19+00:00","breadcrumb":{"@id":"https:\/\/fernandadepilacao.com.br\/portal\/2025\/09\/reacoes-contraindicacoes-depilacao-cera-guia-completo\/#breadcrumb"},"inLanguage":"pt-BR","potentialAction":[{"@type":"ReadAction","target":["https:\/\/fernandadepilacao.com.br\/portal\/2025\/09\/reacoes-contraindicacoes-depilacao-cera-guia-completo\/"]}]},{"@type":"BreadcrumbList","@id":"https:\/\/fernandadepilacao.com.br\/portal\/2025\/09\/reacoes-contraindicacoes-depilacao-cera-guia-completo\/#breadcrumb","itemListElement":[{"@type":"ListItem","position":1,"name":"In\u00edcio","item":"http:\/\/fernandadepilacao.com.br\/portal\/"},{"@type":"ListItem","position":2,"name":"Rea\u00e7\u00f5es e Contraindica\u00e7\u00f5es da Depila\u00e7\u00e3o com Cera: Guia Completo para uma Depila\u00e7\u00e3o Segura"}]},{"@type":"Article","@id":"https:\/\/fernandadepilacao.com.br\/portal\/2025\/09\/reacoes-contraindicacoes-depilacao-cera-guia-completo\/#article","isPartOf":{"@id":"https:\/\/fernandadepilacao.com.br\/portal\/2025\/09\/reacoes-contraindicacoes-depilacao-cera-guia-completo\/#webpage"},"author":{"@id":"https:\/\/fernandadepilacao.com.br\/portal\/#\/schema\/person\/d00644c3bbfd9fd17711767a3b1abbd0"},"headline":"Rea\u00e7\u00f5es e Contraindica\u00e7\u00f5es da Depila\u00e7\u00e3o com Cera: Guia Completo para uma Depila\u00e7\u00e3o Segura","datePublished":"2025-09-01T03:01:16+00:00","dateModified":"2025-09-01T09:00:19+00:00","mainEntityOfPage":{"@id":"https:\/\/fernandadepilacao.com.br\/portal\/2025\/09\/reacoes-contraindicacoes-depilacao-cera-guia-completo\/#webpage"},"wordCount":911,"commentCount":0,"publisher":{"@id":"https:\/\/fernandadepilacao.com.br\/portal\/#organization"},"image":{"@id":"https:\/\/fernandadepilacao.com.br\/portal\/2025\/09\/reacoes-contraindicacoes-depilacao-cera-guia-completo\/#primaryimage"},"thumbnailUrl":"https:\/\/fernandadepilacao.com.br\/portal\/wp-content\/uploads\/2025\/09\/20250901000113.png","articleSection":["Beleza"],"inLanguage":"pt-BR","potentialAction":[{"@type":"CommentAction","name":"Comment","target":["https:\/\/fernandadepilacao.com.br\/portal\/2025\/09\/reacoes-contraindicacoes-depilacao-cera-guia-completo\/#respond"]}]},{"@type":"Person","@id":"https:\/\/fernandadepilacao.com.br\/portal\/#\/schema\/person\/d00644c3bbfd9fd17711767a3b1abbd0","name":"fernandajob","image":{"@type":"ImageObject","@id":"https:\/\/fernandadepilacao.com.br\/portal\/#personlogo","inLanguage":"pt-BR","url":"https:\/\/secure.gravatar.com\/avatar\/6c2268a68d69a325906fbdccd74b18e6?s=96&d=mm&r=g","contentUrl":"https:\/\/secure.gravatar.com\/avatar\/6c2268a68d69a325906fbdccd74b18e6?s=96&d=mm&r=g","caption":"fernandajob"},"sameAs":["http:\/\/fernandadepilacao.com.br\/portal"]}]}},"uagb_featured_image_src":{"full":["https:\/\/fernandadepilacao.com.br\/portal\/wp-content\/uploads\/2025\/09\/20250901000113.png",500,500,false],"thumbnail":["https:\/\/fernandadepilacao.com.br\/portal\/wp-content\/uploads\/2025\/09\/20250901000113-150x150.png",150,150,true],"medium":["https:\/\/fernandadepilacao.com.br\/portal\/wp-content\/uploads\/2025\/09\/20250901000113-300x300.png",300,300,true],"medium_large":["https:\/\/fernandadepilacao.com.br\/portal\/wp-content\/uploads\/2025\/09\/20250901000113.png",500,500,false],"large":["https:\/\/fernandadepilacao.com.br\/portal\/wp-content\/uploads\/2025\/09\/20250901000113.png",500,500,false],"1536x1536":["https:\/\/fernandadepilacao.com.br\/portal\/wp-content\/uploads\/2025\/09\/20250901000113.png",500,500,false],"2048x2048":["https:\/\/fernandadepilacao.com.br\/portal\/wp-content\/uploads\/2025\/09\/20250901000113.png",500,500,false]},"uagb_author_info":{"display_name":"fernandajob","author_link":"https:\/\/fernandadepilacao.com.br\/portal\/author\/fernandajob\/"},"uagb_comment_info":0,"uagb_excerpt":"Poss\u00edveis Rea\u00e7\u00f5es e Contraindica\u00e7\u00f5es da Depila\u00e7\u00e3o com Cera: Tudo o Que Voc\u00ea Precisa Saber O que \u00e9 depila\u00e7\u00e3o com cera? Depila\u00e7\u00e3o com cera \u00e9 um dos m\u00e9todos mais populares para remo\u00e7\u00e3o de pelos, tanto entre mulheres quanto entre homens, principalmente pela praticidade e pelos resultados duradouros em rela\u00e7\u00e3o ao uso de l\u00e2minas. O procedimento consiste&hellip;","_links":{"self":[{"href":"https:\/\/fernandadepilacao.com.br\/portal\/wp-json\/wp\/v2\/posts\/463"}],"collection":[{"href":"https:\/\/fernandadepilacao.com.br\/portal\/wp-json\/wp\/v2\/posts"}],"about":[{"href":"https:\/\/fernandadepilacao.com.br\/portal\/wp-json\/wp\/v2\/types\/post"}],"author":[{"embeddable":true,"href":"https:\/\/fernandadepilacao.com.br\/portal\/wp-json\/wp\/v2\/users\/1"}],"replies":[{"embeddable":true,"href":"https:\/\/fernandadepilacao.com.br\/portal\/wp-json\/wp\/v2\/comments?post=463"}],"version-history":[{"count":1,"href":"https:\/\/fernandadepilacao.com.br\/portal\/wp-json\/wp\/v2\/posts\/463\/revisions"}],"predecessor-version":[{"id":464,"href":"https:\/\/fernandadepilacao.com.br\/portal\/wp-json\/wp\/v2\/posts\/463\/revisions\/464"}],"wp:featuredmedia":[{"embeddable":true,"href":"https:\/\/fernandadepilacao.com.br\/portal\/wp-json\/wp\/v2\/media\/462"}],"wp:attachment":[{"href":"https:\/\/fernandadepilacao.com.br\/portal\/wp-json\/wp\/v2\/media?parent=463"}],"wp:term":[{"taxonomy":"category","embeddable":true,"href":"https:\/\/fernandadepilacao.com.br\/portal\/wp-json\/wp\/v2\/categories?post=463"},{"taxonomy":"post_tag","embeddable":true,"href":"https:\/\/fernandadepilacao.com.br\/portal\/wp-json\/wp\/v2\/tags?post=463"}],"curies":[{"name":"wp","href":"https:\/\/api.w.org\/{rel}","templated":true}]}}