{"id":445,"date":"2025-08-28T08:01:30","date_gmt":"2025-08-28T11:01:30","guid":{"rendered":"https:\/\/fernandadepilacao.com.br\/portal\/2025\/08\/contraindicacoes-efeitos-colaterais-depilacao-informacoes-essenciais-pele-saudavel\/"},"modified":"2025-08-28T12:00:21","modified_gmt":"2025-08-28T15:00:21","slug":"contraindicacoes-efeitos-colaterais-depilacao-informacoes-essenciais-pele-saudavel","status":"publish","type":"post","link":"https:\/\/fernandadepilacao.com.br\/portal\/2025\/08\/contraindicacoes-efeitos-colaterais-depilacao-informacoes-essenciais-pele-saudavel\/","title":{"rendered":"Contraindica\u00e7\u00f5es e Efeitos Colaterais da Depila\u00e7\u00e3o: Informa\u00e7\u00f5es Essenciais para uma Pele Saud\u00e1vel"},"content":{"rendered":"<article>\n<header>\n<h1>Contraindica\u00e7\u00f5es e Poss\u00edveis Efeitos Colaterais da Depila\u00e7\u00e3o: Tudo o Que Voc\u00ea Precisa Saber<\/h1>\n<p>    <meta name=\"description\" content=\"Saiba quais s\u00e3o as principais contraindica\u00e7\u00f5es e efeitos colaterais da depila\u00e7\u00e3o. Entenda quando evitar e como se cuidar antes e depois dos procedimentos depilat\u00f3rios para garantir uma pele saud\u00e1vel e bonita.\" \/><br \/>\n  <\/header>\n<section>\n<h2>Introdu\u00e7\u00e3o<\/h2>\n<p>A depila\u00e7\u00e3o \u00e9 um dos procedimentos est\u00e9ticos mais procurados, seja por motivos de higiene, conforto ou est\u00e9tica. Com tantas op\u00e7\u00f5es dispon\u00edveis como depila\u00e7\u00e3o com cera, l\u00e2mina, laser ou linha, \u00e9 fundamental entender que cada t\u00e9cnica tem suas contraindica\u00e7\u00f5es e pode causar efeitos colaterais, ainda que tempor\u00e1rios. Para garantir uma experi\u00eancia segura e positiva, a informa\u00e7\u00e3o \u00e9 a melhor aliada!<\/p>\n<\/section>\n<section>\n<h2>Principais Contraindica\u00e7\u00f5es da Depila\u00e7\u00e3o<\/h2>\n<p>Antes de qualquer procedimento de remo\u00e7\u00e3o de pelos, \u00e9 importante avaliar algumas situa\u00e7\u00f5es em que a depila\u00e7\u00e3o pode n\u00e3o ser recomendada. Confira as principais contraindica\u00e7\u00f5es:<\/p>\n<ul>\n<li><strong>Doen\u00e7as de pele:<\/strong> Quem est\u00e1 com dermatite, psor\u00edase, eczema, foliculite ativa, herpes ou qualquer outra infec\u00e7\u00e3o cut\u00e2nea deve evitar a depila\u00e7\u00e3o at\u00e9 que a pele esteja completamente recuperada.<\/li>\n<li><strong>Feridas ou les\u00f5es abertas:<\/strong> Nunca depile regi\u00f5es com cortes, escoria\u00e7\u00f5es, queimaduras ou machucados recentes, pois isso pode agravar o quadro e atrasar a cicatriza\u00e7\u00e3o.<\/li>\n<li><strong>Uso de medicamentos fotossensibilizantes:<\/strong> Alguns rem\u00e9dios, como certos antibi\u00f3ticos, isotretino\u00edna e at\u00e9 mesmo anticoncepcionais, podem deixar a pele mais sens\u00edvel \u00e0 luz. Nesses casos, procedimentos como depila\u00e7\u00e3o a laser devem ser evitados ou avaliados por um profissional especialista.<\/li>\n<li><strong>Gravidez:<\/strong> Algumas t\u00e9cnicas, em especial a depila\u00e7\u00e3o a laser, necessitam de avalia\u00e7\u00e3o m\u00e9dica antes de sua realiza\u00e7\u00e3o em gestantes, devido \u00e0 sensibilidade alterada da pele nesse per\u00edodo.<\/li>\n<li><strong>Historico de alergias:<\/strong> Pessoas com hist\u00f3rico de rea\u00e7\u00f5es al\u00e9rgicas a ceras, cremes depilat\u00f3rios ou produtos qu\u00edmicos devem optar por m\u00e9todos alternativos e realizar sempre o teste de contato em uma pequena \u00e1rea.<\/li>\n<li><strong>Altera\u00e7\u00f5es no sistema imunol\u00f3gico:<\/strong> Pacientes imunodeprimidos est\u00e3o mais propensos a infec\u00e7\u00f5es ap\u00f3s depilar, devendo ter acompanhamento profissional rigoroso.<\/li>\n<\/ul>\n<\/section>\n<section>\n<h2>Poss\u00edveis Efeitos Colaterais da Depila\u00e7\u00e3o<\/h2>\n<p>Mesmo quando realizada corretamente e em condi\u00e7\u00f5es ideais, a depila\u00e7\u00e3o pode causar alguns efeitos colaterais tempor\u00e1rios. Conhe\u00e7a os mais comuns:<\/p>\n<ul>\n<li><strong>Vermelhid\u00e3o e ard\u00eancia:<\/strong> Logo ap\u00f3s a remo\u00e7\u00e3o dos pelos, a pele pode ficar sens\u00edvel, avermelhada e com leve sensa\u00e7\u00e3o de queima\u00e7\u00e3o. Esse efeito \u00e9 comum e tende a sumir em algumas horas.<\/li>\n<li><strong>Foliculite:<\/strong> Conhecida popularmente como &#8220;pelos encravados&#8221;, ocorre quando o pelo cresce dentro da pele, provocando inflama\u00e7\u00e3o, bolinhas e at\u00e9 pus. O risco aumenta se a depila\u00e7\u00e3o for feita sem higieniza\u00e7\u00e3o correta ou com equipamentos inadequados.<\/li>\n<li><strong>Alergia:<\/strong> Pode haver coceira, incha\u00e7o e forma\u00e7\u00e3o de pequenas placas vermelhas devido ao contato com ceras, cremes ou produtos qu\u00edmicos aplicados na pele.<\/li>\n<li><strong>Manchas:<\/strong> Procedimentos agressivos, pux\u00f5es bruscos ou exposi\u00e7\u00e3o ao sol sem prote\u00e7\u00e3o ap\u00f3s a depila\u00e7\u00e3o podem causar manchas escuras (hiperpigmenta\u00e7\u00e3o) na regi\u00e3o tratada.<\/li>\n<li><strong>Queimaduras:<\/strong> Principalmente em t\u00e9cnicas de depila\u00e7\u00e3o a laser mal conduzidas ou com temperatura inadequada da cera, podem ocorrer queimaduras de variados graus.<\/li>\n<li><strong>Ressecamento e descama\u00e7\u00e3o:<\/strong> Remover os pelos pode provocar perda da barreira h\u00eddrica natural, deixando a pele seca e suscet\u00edvel \u00e0 descama\u00e7\u00e3o.<\/li>\n<\/ul>\n<p>Menos frequentes, mas poss\u00edveis, s\u00e3o infec\u00e7\u00f5es bacterianas e forma\u00e7\u00e3o de cicatrizes em pessoas predispostas, especialmente quando a depila\u00e7\u00e3o \u00e9 feita com equipamentos n\u00e3o esterilizados ou quando h\u00e1 manipula\u00e7\u00e3o de les\u00f5es.<\/p>\n<\/section>\n<section>\n<h2>Dicas Para Minimizar Riscos e Efeitos Colaterais<\/h2>\n<p>Algumas atitudes simples podem tornar o processo de remo\u00e7\u00e3o dos pelos muito mais seguro e confort\u00e1vel:<\/p>\n<ol>\n<li>Escolha <strong>profissionais qualificados<\/strong> e ambientes limpos e adequados; prefira locais que utilizam materiais descart\u00e1veis e cumprem normas de biosseguran\u00e7a.<\/li>\n<li><strong>Higienize a pele<\/strong> antes e depois do procedimento para evitar infec\u00e7\u00f5es.<\/li>\n<li>Na depila\u00e7\u00e3o com cera, verifique a <strong>temperatura<\/strong> do produto para evitar queimaduras.<\/li>\n<li>Evite exposi\u00e7\u00e3o ao <strong>sol<\/strong> ap\u00f3s a depila\u00e7\u00e3o e utilize sempre protetor solar nas \u00e1reas tratadas para prevenir manchas.<\/li>\n<li>Hidrate a pele frequentemente para contribuir para sua <strong>recupera\u00e7\u00e3o<\/strong> e evitar ressecamento.<\/li>\n<li>Se surgirem rea\u00e7\u00f5es adversas persistentes, procure orienta\u00e7\u00e3o de um <strong>dermatologista<\/strong>.<\/li>\n<\/ol>\n<\/section>\n<section>\n<h2>Conclus\u00e3o<\/h2>\n<p>Um procedimento t\u00e3o comum quanto a depila\u00e7\u00e3o exige cuidados e informa\u00e7\u00f5es de qualidade para evitar problemas. Respeitar as contraindica\u00e7\u00f5es e ter aten\u00e7\u00e3o aos efeitos colaterais \u00e9 fundamental para garantir uma pele saud\u00e1vel, bonita e livre de complica\u00e7\u00f5es. Sempre que poss\u00edvel, converse com um profissional antes de iniciar qualquer m\u00e9todo de remo\u00e7\u00e3o dos pelos e aproveite o melhor da est\u00e9tica com seguran\u00e7a!<\/p>\n<\/section>\n<footer>\n<p><strong>Palavras-chave:<\/strong> contraindica\u00e7\u00f5es da depila\u00e7\u00e3o, efeitos colaterais da depila\u00e7\u00e3o, riscos da depila\u00e7\u00e3o, alergia a depila\u00e7\u00e3o, cuidados com a pele, procedimentos est\u00e9ticos seguros, depila\u00e7\u00e3o a laser, depila\u00e7\u00e3o com cera, sa\u00fade da pele.<\/p>\n<\/footer>\n<\/article>\n","protected":false},"excerpt":{"rendered":"<p>Contraindica\u00e7\u00f5es e Poss\u00edveis Efeitos Colaterais da Depila\u00e7\u00e3o: Tudo o Que Voc\u00ea Precisa Saber Introdu\u00e7\u00e3o A depila\u00e7\u00e3o \u00e9 um dos procedimentos est\u00e9ticos mais procurados, seja por motivos de higiene, conforto ou est\u00e9tica. Com tantas op\u00e7\u00f5es dispon\u00edveis como depila\u00e7\u00e3o com cera, l\u00e2mina, laser ou linha, \u00e9 fundamental entender que cada t\u00e9cnica tem suas contraindica\u00e7\u00f5es e pode causar &hellip;<\/p>\n<p class=\"read-more\"> <a class=\"\" href=\"https:\/\/fernandadepilacao.com.br\/portal\/2025\/08\/contraindicacoes-efeitos-colaterais-depilacao-informacoes-essenciais-pele-saudavel\/\"> <span class=\"screen-reader-text\">Contraindica\u00e7\u00f5es e Efeitos Colaterais da Depila\u00e7\u00e3o: Informa\u00e7\u00f5es Essenciais para uma Pele Saud\u00e1vel<\/span> Leia mais &raquo;<\/a><\/p>\n","protected":false},"author":1,"featured_media":444,"comment_status":"open","ping_status":"open","sticky":false,"template":"","format":"standard","meta":[],"categories":[15],"tags":[],"yoast_head":"<!-- This site is optimized with the Yoast SEO plugin v18.4.1 - https:\/\/yoast.com\/wordpress\/plugins\/seo\/ -->\n<title>Contraindica\u00e7\u00f5es e Efeitos Colaterais da Depila\u00e7\u00e3o: Informa\u00e7\u00f5es Essenciais para uma Pele Saud\u00e1vel - Fernanda Depila\u00e7\u00e3o<\/title>\n<meta name=\"robots\" content=\"index, follow, max-snippet:-1, max-image-preview:large, max-video-preview:-1\" \/>\n<link rel=\"canonical\" href=\"https:\/\/fernandadepilacao.com.br\/portal\/2025\/08\/contraindicacoes-efeitos-colaterais-depilacao-informacoes-essenciais-pele-saudavel\/\" \/>\n<meta property=\"og:locale\" content=\"pt_BR\" \/>\n<meta property=\"og:type\" content=\"article\" \/>\n<meta property=\"og:title\" content=\"Contraindica\u00e7\u00f5es e Efeitos Colaterais da Depila\u00e7\u00e3o: Informa\u00e7\u00f5es Essenciais para uma Pele Saud\u00e1vel - Fernanda Depila\u00e7\u00e3o\" \/>\n<meta property=\"og:description\" content=\"Contraindica\u00e7\u00f5es e Poss\u00edveis Efeitos Colaterais da Depila\u00e7\u00e3o: Tudo o Que Voc\u00ea Precisa Saber Introdu\u00e7\u00e3o A depila\u00e7\u00e3o \u00e9 um dos procedimentos est\u00e9ticos mais procurados, seja por motivos de higiene, conforto ou est\u00e9tica. Com tantas op\u00e7\u00f5es dispon\u00edveis como depila\u00e7\u00e3o com cera, l\u00e2mina, laser ou linha, \u00e9 fundamental entender que cada t\u00e9cnica tem suas contraindica\u00e7\u00f5es e pode causar &hellip; Contraindica\u00e7\u00f5es e Efeitos Colaterais da Depila\u00e7\u00e3o: Informa\u00e7\u00f5es Essenciais para uma Pele Saud\u00e1vel Leia mais &raquo;\" \/>\n<meta property=\"og:url\" content=\"https:\/\/fernandadepilacao.com.br\/portal\/2025\/08\/contraindicacoes-efeitos-colaterais-depilacao-informacoes-essenciais-pele-saudavel\/\" \/>\n<meta property=\"og:site_name\" content=\"Fernanda Depila\u00e7\u00e3o\" \/>\n<meta property=\"article:publisher\" content=\"https:\/\/www.facebook.com\/ferjobdepilacao\" \/>\n<meta property=\"article:published_time\" content=\"2025-08-28T11:01:30+00:00\" \/>\n<meta property=\"article:modified_time\" content=\"2025-08-28T15:00:21+00:00\" \/>\n<meta property=\"og:image\" content=\"https:\/\/fernandadepilacao.com.br\/portal\/wp-content\/uploads\/2025\/08\/20250828080127.png\" \/>\n\t<meta property=\"og:image:width\" content=\"500\" \/>\n\t<meta property=\"og:image:height\" content=\"500\" \/>\n\t<meta property=\"og:image:type\" content=\"image\/png\" \/>\n<meta name=\"twitter:card\" content=\"summary_large_image\" \/>\n<meta name=\"twitter:label1\" content=\"Escrito por\" \/>\n\t<meta name=\"twitter:data1\" content=\"fernandajob\" \/>\n\t<meta name=\"twitter:label2\" content=\"Est. tempo de leitura\" \/>\n\t<meta name=\"twitter:data2\" content=\"4 minutos\" \/>\n<script type=\"application\/ld+json\" class=\"yoast-schema-graph\">{\"@context\":\"https:\/\/schema.org\",\"@graph\":[{\"@type\":\"Organization\",\"@id\":\"https:\/\/fernandadepilacao.com.br\/portal\/#organization\",\"name\":\"Fernanda Depila\u00e7\u00e3o\",\"url\":\"https:\/\/fernandadepilacao.com.br\/portal\/\",\"sameAs\":[\"https:\/\/www.facebook.com\/ferjobdepilacao\",\"http:\/\/instagram.com\/fernanda_job\"],\"logo\":{\"@type\":\"ImageObject\",\"@id\":\"https:\/\/fernandadepilacao.com.br\/portal\/#logo\",\"inLanguage\":\"pt-BR\",\"url\":\"http:\/\/fernandadepilacao.com.br\/portal\/wp-content\/uploads\/2021\/03\/logo_fernanda.png\",\"contentUrl\":\"http:\/\/fernandadepilacao.com.br\/portal\/wp-content\/uploads\/2021\/03\/logo_fernanda.png\",\"width\":673,\"height\":688,\"caption\":\"Fernanda Depila\u00e7\u00e3o\"},\"image\":{\"@id\":\"https:\/\/fernandadepilacao.com.br\/portal\/#logo\"}},{\"@type\":\"WebSite\",\"@id\":\"https:\/\/fernandadepilacao.com.br\/portal\/#website\",\"url\":\"https:\/\/fernandadepilacao.com.br\/portal\/\",\"name\":\"Fernanda Depila\u00e7\u00e3o\",\"description\":\"\",\"publisher\":{\"@id\":\"https:\/\/fernandadepilacao.com.br\/portal\/#organization\"},\"potentialAction\":[{\"@type\":\"SearchAction\",\"target\":{\"@type\":\"EntryPoint\",\"urlTemplate\":\"https:\/\/fernandadepilacao.com.br\/portal\/?s={search_term_string}\"},\"query-input\":\"required name=search_term_string\"}],\"inLanguage\":\"pt-BR\"},{\"@type\":\"ImageObject\",\"@id\":\"https:\/\/fernandadepilacao.com.br\/portal\/2025\/08\/contraindicacoes-efeitos-colaterais-depilacao-informacoes-essenciais-pele-saudavel\/#primaryimage\",\"inLanguage\":\"pt-BR\",\"url\":\"https:\/\/fernandadepilacao.com.br\/portal\/wp-content\/uploads\/2025\/08\/20250828080127.png\",\"contentUrl\":\"https:\/\/fernandadepilacao.com.br\/portal\/wp-content\/uploads\/2025\/08\/20250828080127.png\",\"width\":500,\"height\":500},{\"@type\":\"WebPage\",\"@id\":\"https:\/\/fernandadepilacao.com.br\/portal\/2025\/08\/contraindicacoes-efeitos-colaterais-depilacao-informacoes-essenciais-pele-saudavel\/#webpage\",\"url\":\"https:\/\/fernandadepilacao.com.br\/portal\/2025\/08\/contraindicacoes-efeitos-colaterais-depilacao-informacoes-essenciais-pele-saudavel\/\",\"name\":\"Contraindica\u00e7\u00f5es e Efeitos Colaterais da Depila\u00e7\u00e3o: Informa\u00e7\u00f5es Essenciais para uma Pele Saud\u00e1vel - Fernanda Depila\u00e7\u00e3o\",\"isPartOf\":{\"@id\":\"https:\/\/fernandadepilacao.com.br\/portal\/#website\"},\"primaryImageOfPage\":{\"@id\":\"https:\/\/fernandadepilacao.com.br\/portal\/2025\/08\/contraindicacoes-efeitos-colaterais-depilacao-informacoes-essenciais-pele-saudavel\/#primaryimage\"},\"datePublished\":\"2025-08-28T11:01:30+00:00\",\"dateModified\":\"2025-08-28T15:00:21+00:00\",\"breadcrumb\":{\"@id\":\"https:\/\/fernandadepilacao.com.br\/portal\/2025\/08\/contraindicacoes-efeitos-colaterais-depilacao-informacoes-essenciais-pele-saudavel\/#breadcrumb\"},\"inLanguage\":\"pt-BR\",\"potentialAction\":[{\"@type\":\"ReadAction\",\"target\":[\"https:\/\/fernandadepilacao.com.br\/portal\/2025\/08\/contraindicacoes-efeitos-colaterais-depilacao-informacoes-essenciais-pele-saudavel\/\"]}]},{\"@type\":\"BreadcrumbList\",\"@id\":\"https:\/\/fernandadepilacao.com.br\/portal\/2025\/08\/contraindicacoes-efeitos-colaterais-depilacao-informacoes-essenciais-pele-saudavel\/#breadcrumb\",\"itemListElement\":[{\"@type\":\"ListItem\",\"position\":1,\"name\":\"In\u00edcio\",\"item\":\"http:\/\/fernandadepilacao.com.br\/portal\/\"},{\"@type\":\"ListItem\",\"position\":2,\"name\":\"Contraindica\u00e7\u00f5es e Efeitos Colaterais da Depila\u00e7\u00e3o: Informa\u00e7\u00f5es Essenciais para uma Pele Saud\u00e1vel\"}]},{\"@type\":\"Article\",\"@id\":\"https:\/\/fernandadepilacao.com.br\/portal\/2025\/08\/contraindicacoes-efeitos-colaterais-depilacao-informacoes-essenciais-pele-saudavel\/#article\",\"isPartOf\":{\"@id\":\"https:\/\/fernandadepilacao.com.br\/portal\/2025\/08\/contraindicacoes-efeitos-colaterais-depilacao-informacoes-essenciais-pele-saudavel\/#webpage\"},\"author\":{\"@id\":\"https:\/\/fernandadepilacao.com.br\/portal\/#\/schema\/person\/d00644c3bbfd9fd17711767a3b1abbd0\"},\"headline\":\"Contraindica\u00e7\u00f5es e Efeitos Colaterais da Depila\u00e7\u00e3o: Informa\u00e7\u00f5es Essenciais para uma Pele Saud\u00e1vel\",\"datePublished\":\"2025-08-28T11:01:30+00:00\",\"dateModified\":\"2025-08-28T15:00:21+00:00\",\"mainEntityOfPage\":{\"@id\":\"https:\/\/fernandadepilacao.com.br\/portal\/2025\/08\/contraindicacoes-efeitos-colaterais-depilacao-informacoes-essenciais-pele-saudavel\/#webpage\"},\"wordCount\":810,\"commentCount\":0,\"publisher\":{\"@id\":\"https:\/\/fernandadepilacao.com.br\/portal\/#organization\"},\"image\":{\"@id\":\"https:\/\/fernandadepilacao.com.br\/portal\/2025\/08\/contraindicacoes-efeitos-colaterais-depilacao-informacoes-essenciais-pele-saudavel\/#primaryimage\"},\"thumbnailUrl\":\"https:\/\/fernandadepilacao.com.br\/portal\/wp-content\/uploads\/2025\/08\/20250828080127.png\",\"articleSection\":[\"Beleza\"],\"inLanguage\":\"pt-BR\",\"potentialAction\":[{\"@type\":\"CommentAction\",\"name\":\"Comment\",\"target\":[\"https:\/\/fernandadepilacao.com.br\/portal\/2025\/08\/contraindicacoes-efeitos-colaterais-depilacao-informacoes-essenciais-pele-saudavel\/#respond\"]}]},{\"@type\":\"Person\",\"@id\":\"https:\/\/fernandadepilacao.com.br\/portal\/#\/schema\/person\/d00644c3bbfd9fd17711767a3b1abbd0\",\"name\":\"fernandajob\",\"image\":{\"@type\":\"ImageObject\",\"@id\":\"https:\/\/fernandadepilacao.com.br\/portal\/#personlogo\",\"inLanguage\":\"pt-BR\",\"url\":\"https:\/\/secure.gravatar.com\/avatar\/6c2268a68d69a325906fbdccd74b18e6?s=96&d=mm&r=g\",\"contentUrl\":\"https:\/\/secure.gravatar.com\/avatar\/6c2268a68d69a325906fbdccd74b18e6?s=96&d=mm&r=g\",\"caption\":\"fernandajob\"},\"sameAs\":[\"http:\/\/fernandadepilacao.com.br\/portal\"]}]}<\/script>\n<!-- \/ Yoast SEO plugin. -->","yoast_head_json":{"title":"Contraindica\u00e7\u00f5es e Efeitos Colaterais da Depila\u00e7\u00e3o: Informa\u00e7\u00f5es Essenciais para uma Pele Saud\u00e1vel - Fernanda Depila\u00e7\u00e3o","robots":{"index":"index","follow":"follow","max-snippet":"max-snippet:-1","max-image-preview":"max-image-preview:large","max-video-preview":"max-video-preview:-1"},"canonical":"https:\/\/fernandadepilacao.com.br\/portal\/2025\/08\/contraindicacoes-efeitos-colaterais-depilacao-informacoes-essenciais-pele-saudavel\/","og_locale":"pt_BR","og_type":"article","og_title":"Contraindica\u00e7\u00f5es e Efeitos Colaterais da Depila\u00e7\u00e3o: Informa\u00e7\u00f5es Essenciais para uma Pele Saud\u00e1vel - Fernanda Depila\u00e7\u00e3o","og_description":"Contraindica\u00e7\u00f5es e Poss\u00edveis Efeitos Colaterais da Depila\u00e7\u00e3o: Tudo o Que Voc\u00ea Precisa Saber Introdu\u00e7\u00e3o A depila\u00e7\u00e3o \u00e9 um dos procedimentos est\u00e9ticos mais procurados, seja por motivos de higiene, conforto ou est\u00e9tica. Com tantas op\u00e7\u00f5es dispon\u00edveis como depila\u00e7\u00e3o com cera, l\u00e2mina, laser ou linha, \u00e9 fundamental entender que cada t\u00e9cnica tem suas contraindica\u00e7\u00f5es e pode causar &hellip; Contraindica\u00e7\u00f5es e Efeitos Colaterais da Depila\u00e7\u00e3o: Informa\u00e7\u00f5es Essenciais para uma Pele Saud\u00e1vel Leia mais &raquo;","og_url":"https:\/\/fernandadepilacao.com.br\/portal\/2025\/08\/contraindicacoes-efeitos-colaterais-depilacao-informacoes-essenciais-pele-saudavel\/","og_site_name":"Fernanda Depila\u00e7\u00e3o","article_publisher":"https:\/\/www.facebook.com\/ferjobdepilacao","article_published_time":"2025-08-28T11:01:30+00:00","article_modified_time":"2025-08-28T15:00:21+00:00","og_image":[{"width":500,"height":500,"url":"https:\/\/fernandadepilacao.com.br\/portal\/wp-content\/uploads\/2025\/08\/20250828080127.png","type":"image\/png"}],"twitter_card":"summary_large_image","twitter_misc":{"Escrito por":"fernandajob","Est. tempo de leitura":"4 minutos"},"schema":{"@context":"https:\/\/schema.org","@graph":[{"@type":"Organization","@id":"https:\/\/fernandadepilacao.com.br\/portal\/#organization","name":"Fernanda Depila\u00e7\u00e3o","url":"https:\/\/fernandadepilacao.com.br\/portal\/","sameAs":["https:\/\/www.facebook.com\/ferjobdepilacao","http:\/\/instagram.com\/fernanda_job"],"logo":{"@type":"ImageObject","@id":"https:\/\/fernandadepilacao.com.br\/portal\/#logo","inLanguage":"pt-BR","url":"http:\/\/fernandadepilacao.com.br\/portal\/wp-content\/uploads\/2021\/03\/logo_fernanda.png","contentUrl":"http:\/\/fernandadepilacao.com.br\/portal\/wp-content\/uploads\/2021\/03\/logo_fernanda.png","width":673,"height":688,"caption":"Fernanda Depila\u00e7\u00e3o"},"image":{"@id":"https:\/\/fernandadepilacao.com.br\/portal\/#logo"}},{"@type":"WebSite","@id":"https:\/\/fernandadepilacao.com.br\/portal\/#website","url":"https:\/\/fernandadepilacao.com.br\/portal\/","name":"Fernanda Depila\u00e7\u00e3o","description":"","publisher":{"@id":"https:\/\/fernandadepilacao.com.br\/portal\/#organization"},"potentialAction":[{"@type":"SearchAction","target":{"@type":"EntryPoint","urlTemplate":"https:\/\/fernandadepilacao.com.br\/portal\/?s={search_term_string}"},"query-input":"required name=search_term_string"}],"inLanguage":"pt-BR"},{"@type":"ImageObject","@id":"https:\/\/fernandadepilacao.com.br\/portal\/2025\/08\/contraindicacoes-efeitos-colaterais-depilacao-informacoes-essenciais-pele-saudavel\/#primaryimage","inLanguage":"pt-BR","url":"https:\/\/fernandadepilacao.com.br\/portal\/wp-content\/uploads\/2025\/08\/20250828080127.png","contentUrl":"https:\/\/fernandadepilacao.com.br\/portal\/wp-content\/uploads\/2025\/08\/20250828080127.png","width":500,"height":500},{"@type":"WebPage","@id":"https:\/\/fernandadepilacao.com.br\/portal\/2025\/08\/contraindicacoes-efeitos-colaterais-depilacao-informacoes-essenciais-pele-saudavel\/#webpage","url":"https:\/\/fernandadepilacao.com.br\/portal\/2025\/08\/contraindicacoes-efeitos-colaterais-depilacao-informacoes-essenciais-pele-saudavel\/","name":"Contraindica\u00e7\u00f5es e Efeitos Colaterais da Depila\u00e7\u00e3o: Informa\u00e7\u00f5es Essenciais para uma Pele Saud\u00e1vel - Fernanda Depila\u00e7\u00e3o","isPartOf":{"@id":"https:\/\/fernandadepilacao.com.br\/portal\/#website"},"primaryImageOfPage":{"@id":"https:\/\/fernandadepilacao.com.br\/portal\/2025\/08\/contraindicacoes-efeitos-colaterais-depilacao-informacoes-essenciais-pele-saudavel\/#primaryimage"},"datePublished":"2025-08-28T11:01:30+00:00","dateModified":"2025-08-28T15:00:21+00:00","breadcrumb":{"@id":"https:\/\/fernandadepilacao.com.br\/portal\/2025\/08\/contraindicacoes-efeitos-colaterais-depilacao-informacoes-essenciais-pele-saudavel\/#breadcrumb"},"inLanguage":"pt-BR","potentialAction":[{"@type":"ReadAction","target":["https:\/\/fernandadepilacao.com.br\/portal\/2025\/08\/contraindicacoes-efeitos-colaterais-depilacao-informacoes-essenciais-pele-saudavel\/"]}]},{"@type":"BreadcrumbList","@id":"https:\/\/fernandadepilacao.com.br\/portal\/2025\/08\/contraindicacoes-efeitos-colaterais-depilacao-informacoes-essenciais-pele-saudavel\/#breadcrumb","itemListElement":[{"@type":"ListItem","position":1,"name":"In\u00edcio","item":"http:\/\/fernandadepilacao.com.br\/portal\/"},{"@type":"ListItem","position":2,"name":"Contraindica\u00e7\u00f5es e Efeitos Colaterais da Depila\u00e7\u00e3o: Informa\u00e7\u00f5es Essenciais para uma Pele Saud\u00e1vel"}]},{"@type":"Article","@id":"https:\/\/fernandadepilacao.com.br\/portal\/2025\/08\/contraindicacoes-efeitos-colaterais-depilacao-informacoes-essenciais-pele-saudavel\/#article","isPartOf":{"@id":"https:\/\/fernandadepilacao.com.br\/portal\/2025\/08\/contraindicacoes-efeitos-colaterais-depilacao-informacoes-essenciais-pele-saudavel\/#webpage"},"author":{"@id":"https:\/\/fernandadepilacao.com.br\/portal\/#\/schema\/person\/d00644c3bbfd9fd17711767a3b1abbd0"},"headline":"Contraindica\u00e7\u00f5es e Efeitos Colaterais da Depila\u00e7\u00e3o: Informa\u00e7\u00f5es Essenciais para uma Pele Saud\u00e1vel","datePublished":"2025-08-28T11:01:30+00:00","dateModified":"2025-08-28T15:00:21+00:00","mainEntityOfPage":{"@id":"https:\/\/fernandadepilacao.com.br\/portal\/2025\/08\/contraindicacoes-efeitos-colaterais-depilacao-informacoes-essenciais-pele-saudavel\/#webpage"},"wordCount":810,"commentCount":0,"publisher":{"@id":"https:\/\/fernandadepilacao.com.br\/portal\/#organization"},"image":{"@id":"https:\/\/fernandadepilacao.com.br\/portal\/2025\/08\/contraindicacoes-efeitos-colaterais-depilacao-informacoes-essenciais-pele-saudavel\/#primaryimage"},"thumbnailUrl":"https:\/\/fernandadepilacao.com.br\/portal\/wp-content\/uploads\/2025\/08\/20250828080127.png","articleSection":["Beleza"],"inLanguage":"pt-BR","potentialAction":[{"@type":"CommentAction","name":"Comment","target":["https:\/\/fernandadepilacao.com.br\/portal\/2025\/08\/contraindicacoes-efeitos-colaterais-depilacao-informacoes-essenciais-pele-saudavel\/#respond"]}]},{"@type":"Person","@id":"https:\/\/fernandadepilacao.com.br\/portal\/#\/schema\/person\/d00644c3bbfd9fd17711767a3b1abbd0","name":"fernandajob","image":{"@type":"ImageObject","@id":"https:\/\/fernandadepilacao.com.br\/portal\/#personlogo","inLanguage":"pt-BR","url":"https:\/\/secure.gravatar.com\/avatar\/6c2268a68d69a325906fbdccd74b18e6?s=96&d=mm&r=g","contentUrl":"https:\/\/secure.gravatar.com\/avatar\/6c2268a68d69a325906fbdccd74b18e6?s=96&d=mm&r=g","caption":"fernandajob"},"sameAs":["http:\/\/fernandadepilacao.com.br\/portal"]}]}},"uagb_featured_image_src":{"full":["https:\/\/fernandadepilacao.com.br\/portal\/wp-content\/uploads\/2025\/08\/20250828080127.png",500,500,false],"thumbnail":["https:\/\/fernandadepilacao.com.br\/portal\/wp-content\/uploads\/2025\/08\/20250828080127-150x150.png",150,150,true],"medium":["https:\/\/fernandadepilacao.com.br\/portal\/wp-content\/uploads\/2025\/08\/20250828080127-300x300.png",300,300,true],"medium_large":["https:\/\/fernandadepilacao.com.br\/portal\/wp-content\/uploads\/2025\/08\/20250828080127.png",500,500,false],"large":["https:\/\/fernandadepilacao.com.br\/portal\/wp-content\/uploads\/2025\/08\/20250828080127.png",500,500,false],"1536x1536":["https:\/\/fernandadepilacao.com.br\/portal\/wp-content\/uploads\/2025\/08\/20250828080127.png",500,500,false],"2048x2048":["https:\/\/fernandadepilacao.com.br\/portal\/wp-content\/uploads\/2025\/08\/20250828080127.png",500,500,false]},"uagb_author_info":{"display_name":"fernandajob","author_link":"https:\/\/fernandadepilacao.com.br\/portal\/author\/fernandajob\/"},"uagb_comment_info":0,"uagb_excerpt":"Contraindica\u00e7\u00f5es e Poss\u00edveis Efeitos Colaterais da Depila\u00e7\u00e3o: Tudo o Que Voc\u00ea Precisa Saber Introdu\u00e7\u00e3o A depila\u00e7\u00e3o \u00e9 um dos procedimentos est\u00e9ticos mais procurados, seja por motivos de higiene, conforto ou est\u00e9tica. Com tantas op\u00e7\u00f5es dispon\u00edveis como depila\u00e7\u00e3o com cera, l\u00e2mina, laser ou linha, \u00e9 fundamental entender que cada t\u00e9cnica tem suas contraindica\u00e7\u00f5es e pode causar&hellip;","_links":{"self":[{"href":"https:\/\/fernandadepilacao.com.br\/portal\/wp-json\/wp\/v2\/posts\/445"}],"collection":[{"href":"https:\/\/fernandadepilacao.com.br\/portal\/wp-json\/wp\/v2\/posts"}],"about":[{"href":"https:\/\/fernandadepilacao.com.br\/portal\/wp-json\/wp\/v2\/types\/post"}],"author":[{"embeddable":true,"href":"https:\/\/fernandadepilacao.com.br\/portal\/wp-json\/wp\/v2\/users\/1"}],"replies":[{"embeddable":true,"href":"https:\/\/fernandadepilacao.com.br\/portal\/wp-json\/wp\/v2\/comments?post=445"}],"version-history":[{"count":1,"href":"https:\/\/fernandadepilacao.com.br\/portal\/wp-json\/wp\/v2\/posts\/445\/revisions"}],"predecessor-version":[{"id":446,"href":"https:\/\/fernandadepilacao.com.br\/portal\/wp-json\/wp\/v2\/posts\/445\/revisions\/446"}],"wp:featuredmedia":[{"embeddable":true,"href":"https:\/\/fernandadepilacao.com.br\/portal\/wp-json\/wp\/v2\/media\/444"}],"wp:attachment":[{"href":"https:\/\/fernandadepilacao.com.br\/portal\/wp-json\/wp\/v2\/media?parent=445"}],"wp:term":[{"taxonomy":"category","embeddable":true,"href":"https:\/\/fernandadepilacao.com.br\/portal\/wp-json\/wp\/v2\/categories?post=445"},{"taxonomy":"post_tag","embeddable":true,"href":"https:\/\/fernandadepilacao.com.br\/portal\/wp-json\/wp\/v2\/tags?post=445"}],"curies":[{"name":"wp","href":"https:\/\/api.w.org\/{rel}","templated":true}]}}