{"id":433,"date":"2025-08-26T16:01:25","date_gmt":"2025-08-26T19:01:25","guid":{"rendered":"https:\/\/fernandadepilacao.com.br\/portal\/2025\/08\/depilacao-guia-completo-contraindicacoes-cuidados-recomendacoes\/"},"modified":"2025-08-26T18:00:21","modified_gmt":"2025-08-26T21:00:21","slug":"depilacao-guia-completo-contraindicacoes-cuidados-recomendacoes","status":"publish","type":"post","link":"https:\/\/fernandadepilacao.com.br\/portal\/2025\/08\/depilacao-guia-completo-contraindicacoes-cuidados-recomendacoes\/","title":{"rendered":"Depila\u00e7\u00e3o: Guia Completo de Contraindica\u00e7\u00f5es, Cuidados e Recomenda\u00e7\u00f5es"},"content":{"rendered":"<article>\n<header>\n<h1>Depila\u00e7\u00e3o: Contraindica\u00e7\u00f5es, Cuidados e Tudo o Que Voc\u00ea Precisa Saber<\/h1>\n<p>    <meta name=\"description\" content=\"Entenda as principais contraindica\u00e7\u00f5es da depila\u00e7\u00e3o, dicas essenciais para cuidar da pele e como garantir uma experi\u00eancia segura e eficaz.\"\/><br \/>\n  <\/header>\n<section>\n<h2>O que s\u00e3o as contraindica\u00e7\u00f5es da depila\u00e7\u00e3o?<\/h2>\n<p>\n      A <strong>depila\u00e7\u00e3o<\/strong> \u00e9 um dos procedimentos est\u00e9ticos mais procurados por quem deseja uma pele lisinha e livre de pelos. Existem diferentes t\u00e9cnicas, como depila\u00e7\u00e3o com cera, l\u00e2mina, linha, creme depilat\u00f3rio e depila\u00e7\u00e3o a laser. Mas, antes de escolher a melhor op\u00e7\u00e3o para voc\u00ea, \u00e9 fundamental conhecer as <strong>contraindica\u00e7\u00f5es<\/strong> de cada m\u00e9todo. Entender esses cuidados evita problemas e protege a sa\u00fade da sua pele.\n    <\/p>\n<\/section>\n<section>\n<h2>Principais contraindica\u00e7\u00f5es da depila\u00e7\u00e3o<\/h2>\n<p>\n      Cada tipo de depila\u00e7\u00e3o exige aten\u00e7\u00e3o especial a determinado grupo de pessoas ou condi\u00e7\u00f5es de pele. Veja abaixo as principais situa\u00e7\u00f5es em que a depila\u00e7\u00e3o deve ser evitada ou realizada somente com orienta\u00e7\u00e3o profissional:\n    <\/p>\n<ul>\n<li><strong>Feridas, cortes ou infec\u00e7\u00f5es:<\/strong> Evite depilar a pele machucada, com acne ativa, herpes, foliculite, infec\u00e7\u00f5es f\u00fangicas ou bacterianas. O procedimento pode agravar o quadro e facilitar a entrada de micro-organismos.<\/li>\n<li><strong>Dermatite ou alergias:<\/strong> Quem apresenta irrita\u00e7\u00f5es, alergias ou <em>dermatite<\/em> de contato frequente deve evitar a depila\u00e7\u00e3o com cera quente ou fria, j\u00e1 que pode aumentar a sensibilidade ou causar rea\u00e7\u00e3o al\u00e9rgica.<\/li>\n<li><strong>Pessoas em tratamento com \u00e1cidos ou medicamentos fotossensibilizantes:<\/strong> Uso de (<em>\u00e1cido retin\u00f3ico<\/em>, <em>\u00e1cido glic\u00f3lico<\/em>, <em>isotretino\u00edna<\/em> e outros) pode sensibilizar a pele, tornando-a mais fina e vulner\u00e1vel a les\u00f5es, manchas e queimaduras.<\/li>\n<li><strong>Gravidez:<\/strong> Algumas t\u00e9cnicas, como a depila\u00e7\u00e3o a laser, n\u00e3o s\u00e3o recomendadas durante a gesta\u00e7\u00e3o. Outros m\u00e9todos exigem avalia\u00e7\u00e3o m\u00e9dica, principalmente em gestantes com hist\u00f3rico de sensibilidade cut\u00e2nea.<\/li>\n<li><strong>Diabetes ou problemas circulat\u00f3rios:<\/strong> Pessoas com <strong>diabetes<\/strong> ou m\u00e1 circula\u00e7\u00e3o devem evitar depila\u00e7\u00e3o agressiva, pois a cicatriza\u00e7\u00e3o \u00e9 mais lenta e o risco de infec\u00e7\u00e3o \u00e9 maior.<\/li>\n<li><strong>Pele extremamente ressecada, descamando ou queimadura solar:<\/strong> Quem est\u00e1 com a <strong>pele descamando<\/strong> ou queimada de sol deve aguardar a recupera\u00e7\u00e3o para evitar dor, infec\u00e7\u00e3o e manchas.<\/li>\n<li><strong>Doen\u00e7as autoimunes e imunodeprimidos:<\/strong> Pacientes imunossuprimidos ou com doen\u00e7as como <em>L\u00fapus<\/em> precisam de libera\u00e7\u00e3o m\u00e9dica antes de se submeter a qualquer depila\u00e7\u00e3o.<\/li>\n<\/ul>\n<\/section>\n<section>\n<h2>Contraindica\u00e7\u00f5es espec\u00edficas por t\u00e9cnica de depila\u00e7\u00e3o<\/h2>\n<h3>Depila\u00e7\u00e3o com cera<\/h3>\n<p>\n      Pode causar queimaduras se a temperatura da cera estiver muito alta, al\u00e9m de rea\u00e7\u00f5es al\u00e9rgicas em pessoas sens\u00edveis. N\u00e3o \u00e9 recomendada para peles lesionadas ou pessoas em tratamento com \u00e1cidos.\n    <\/p>\n<h3>Depila\u00e7\u00e3o a laser e luz pulsada<\/h3>\n<p>\n      T\u00e9cnica contraindicada para gestantes, peles rec\u00e9m bronzeadas ou pacientes em uso de medicamentos fotossensibilizantes. Pessoas com vitiligo, psor\u00edase, cicatrizes recentes ou infec\u00e7\u00f5es tamb\u00e9m n\u00e3o devem realizar o procedimento sem avalia\u00e7\u00e3o m\u00e9dica.\n    <\/p>\n<h3>Depila\u00e7\u00e3o com l\u00e2mina<\/h3>\n<p>\n      Pode ser realizada na maioria dos casos, mas deve ser evitada em peles com cortes, feridas ou foliculite recorrente (inflama\u00e7\u00e3o dos fol\u00edculos pilosos).\n    <\/p>\n<h3>Depila\u00e7\u00e3o com creme depilat\u00f3rio<\/h3>\n<p>\n      Evite em peles sens\u00edveis, com alergia a componentes qu\u00edmicos e em \u00e1reas lesionadas. Sempre realize um teste de mecha antes para evitar rea\u00e7\u00f5es.\n    <\/p>\n<\/section>\n<section>\n<h2>Cuidados importantes antes e depois da depila\u00e7\u00e3o<\/h2>\n<ul>\n<li>Higienize bem a pele antes do procedimento.<\/li>\n<li>Evite exposi\u00e7\u00e3o solar 24-48 horas antes e ap\u00f3s a depila\u00e7\u00e3o, especialmente em t\u00e9cnicas de luz ou laser.<\/li>\n<li>Use roupas leves e evite atrito nas \u00e1reas depiladas.<\/li>\n<li>Hidrate a pele regularmente, especialmente ap\u00f3s m\u00e9todos mais agressivos como cera.<\/li>\n<li>N\u00e3o use desodorante ou produtos com \u00e1lcool logo ap\u00f3s a depila\u00e7\u00e3o na regi\u00e3o das axilas.<\/li>\n<\/ul>\n<\/section>\n<section>\n<h2>Quando procurar um profissional?<\/h2>\n<p>\n      Sempre que houver d\u00favida sobre sua condi\u00e7\u00e3o de pele ou hist\u00f3rico m\u00e9dico, busque a avalia\u00e7\u00e3o de um <strong>profissional da est\u00e9tica<\/strong>. O olhar experiente vai garantir o melhor resultado com m\u00e1xima seguran\u00e7a, evitando complica\u00e7\u00f5es como manchas, alergias, queimaduras ou cicatrizes.\n    <\/p>\n<p>Para quem possui doen\u00e7as de pele cr\u00f4nicas (<a href=\"https:\/\/www.sbd.org.br\/\">consulte um dermatologista<\/a>) antes de iniciar qualquer procedimento depilat\u00f3rio.<\/p>\n<\/section>\n<section>\n<h2>Resumo: lista de quem deve evitar a depila\u00e7\u00e3o<\/h2>\n<ul>\n<li>Pessoas com infec\u00e7\u00f5es na pele<\/li>\n<li>Pessoas em tratamento com \u00e1cidos ou medicamentos fotossensibilizantes<\/li>\n<li>Quem est\u00e1 com queimadura solar ou descama\u00e7\u00e3o intensa<\/li>\n<li>Pessoa com hist\u00f3rico de alergia \u00e0 cera, creme ou outros produtos qu\u00edmicos<\/li>\n<li>Pessoas imunossuprimidas ou com doen\u00e7as autoimunes, sem libera\u00e7\u00e3o m\u00e9dica<\/li>\n<li>Gestantes (dependendo da t\u00e9cnica e orienta\u00e7\u00e3o do obstetra)<\/li>\n<\/ul>\n<p>Se voc\u00ea se enquadra em algum desses casos, converse com um profissional antes de agendar sua <strong>depila\u00e7\u00e3o<\/strong>. Cuide da sua beleza de forma saud\u00e1vel e segura!<\/p>\n<\/section>\n<footer>\n<p>\n      <small><br \/>\n        Dica: Mantenha-se sempre atualizado sobre <strong>novidades em depila\u00e7\u00e3o<\/strong>, novas t\u00e9cnicas e alternativas mais suaves para cuidar da sua pele com carinho!<br \/>\n      <\/small>\n    <\/p>\n<\/footer>\n<\/article>\n","protected":false},"excerpt":{"rendered":"<p>Depila\u00e7\u00e3o: Contraindica\u00e7\u00f5es, Cuidados e Tudo o Que Voc\u00ea Precisa Saber O que s\u00e3o as contraindica\u00e7\u00f5es da depila\u00e7\u00e3o? A depila\u00e7\u00e3o \u00e9 um dos procedimentos est\u00e9ticos mais procurados por quem deseja uma pele lisinha e livre de pelos. Existem diferentes t\u00e9cnicas, como depila\u00e7\u00e3o com cera, l\u00e2mina, linha, creme depilat\u00f3rio e depila\u00e7\u00e3o a laser. Mas, antes de escolher &hellip;<\/p>\n<p class=\"read-more\"> <a class=\"\" href=\"https:\/\/fernandadepilacao.com.br\/portal\/2025\/08\/depilacao-guia-completo-contraindicacoes-cuidados-recomendacoes\/\"> <span class=\"screen-reader-text\">Depila\u00e7\u00e3o: Guia Completo de Contraindica\u00e7\u00f5es, Cuidados e Recomenda\u00e7\u00f5es<\/span> Leia mais &raquo;<\/a><\/p>\n","protected":false},"author":1,"featured_media":432,"comment_status":"open","ping_status":"open","sticky":false,"template":"","format":"standard","meta":[],"categories":[15],"tags":[],"yoast_head":"<!-- This site is optimized with the Yoast SEO plugin v18.4.1 - https:\/\/yoast.com\/wordpress\/plugins\/seo\/ -->\n<title>Depila\u00e7\u00e3o: Guia Completo de Contraindica\u00e7\u00f5es, Cuidados e Recomenda\u00e7\u00f5es - Fernanda Depila\u00e7\u00e3o<\/title>\n<meta name=\"robots\" content=\"index, follow, max-snippet:-1, max-image-preview:large, max-video-preview:-1\" \/>\n<link rel=\"canonical\" href=\"https:\/\/fernandadepilacao.com.br\/portal\/2025\/08\/depilacao-guia-completo-contraindicacoes-cuidados-recomendacoes\/\" \/>\n<meta property=\"og:locale\" content=\"pt_BR\" \/>\n<meta property=\"og:type\" content=\"article\" \/>\n<meta property=\"og:title\" content=\"Depila\u00e7\u00e3o: Guia Completo de Contraindica\u00e7\u00f5es, Cuidados e Recomenda\u00e7\u00f5es - Fernanda Depila\u00e7\u00e3o\" \/>\n<meta property=\"og:description\" content=\"Depila\u00e7\u00e3o: Contraindica\u00e7\u00f5es, Cuidados e Tudo o Que Voc\u00ea Precisa Saber O que s\u00e3o as contraindica\u00e7\u00f5es da depila\u00e7\u00e3o? A depila\u00e7\u00e3o \u00e9 um dos procedimentos est\u00e9ticos mais procurados por quem deseja uma pele lisinha e livre de pelos. Existem diferentes t\u00e9cnicas, como depila\u00e7\u00e3o com cera, l\u00e2mina, linha, creme depilat\u00f3rio e depila\u00e7\u00e3o a laser. Mas, antes de escolher &hellip; Depila\u00e7\u00e3o: Guia Completo de Contraindica\u00e7\u00f5es, Cuidados e Recomenda\u00e7\u00f5es Leia mais &raquo;\" \/>\n<meta property=\"og:url\" content=\"https:\/\/fernandadepilacao.com.br\/portal\/2025\/08\/depilacao-guia-completo-contraindicacoes-cuidados-recomendacoes\/\" \/>\n<meta property=\"og:site_name\" content=\"Fernanda Depila\u00e7\u00e3o\" \/>\n<meta property=\"article:publisher\" content=\"https:\/\/www.facebook.com\/ferjobdepilacao\" \/>\n<meta property=\"article:published_time\" content=\"2025-08-26T19:01:25+00:00\" \/>\n<meta property=\"article:modified_time\" content=\"2025-08-26T21:00:21+00:00\" \/>\n<meta property=\"og:image\" content=\"https:\/\/fernandadepilacao.com.br\/portal\/wp-content\/uploads\/2025\/08\/20250826160121.png\" \/>\n\t<meta property=\"og:image:width\" content=\"500\" \/>\n\t<meta property=\"og:image:height\" content=\"500\" \/>\n\t<meta property=\"og:image:type\" content=\"image\/png\" \/>\n<meta name=\"twitter:card\" content=\"summary_large_image\" \/>\n<meta name=\"twitter:label1\" content=\"Escrito por\" \/>\n\t<meta name=\"twitter:data1\" content=\"fernandajob\" \/>\n\t<meta name=\"twitter:label2\" content=\"Est. tempo de leitura\" \/>\n\t<meta name=\"twitter:data2\" content=\"4 minutos\" \/>\n<script type=\"application\/ld+json\" class=\"yoast-schema-graph\">{\"@context\":\"https:\/\/schema.org\",\"@graph\":[{\"@type\":\"Organization\",\"@id\":\"https:\/\/fernandadepilacao.com.br\/portal\/#organization\",\"name\":\"Fernanda Depila\u00e7\u00e3o\",\"url\":\"https:\/\/fernandadepilacao.com.br\/portal\/\",\"sameAs\":[\"https:\/\/www.facebook.com\/ferjobdepilacao\",\"http:\/\/instagram.com\/fernanda_job\"],\"logo\":{\"@type\":\"ImageObject\",\"@id\":\"https:\/\/fernandadepilacao.com.br\/portal\/#logo\",\"inLanguage\":\"pt-BR\",\"url\":\"http:\/\/fernandadepilacao.com.br\/portal\/wp-content\/uploads\/2021\/03\/logo_fernanda.png\",\"contentUrl\":\"http:\/\/fernandadepilacao.com.br\/portal\/wp-content\/uploads\/2021\/03\/logo_fernanda.png\",\"width\":673,\"height\":688,\"caption\":\"Fernanda Depila\u00e7\u00e3o\"},\"image\":{\"@id\":\"https:\/\/fernandadepilacao.com.br\/portal\/#logo\"}},{\"@type\":\"WebSite\",\"@id\":\"https:\/\/fernandadepilacao.com.br\/portal\/#website\",\"url\":\"https:\/\/fernandadepilacao.com.br\/portal\/\",\"name\":\"Fernanda Depila\u00e7\u00e3o\",\"description\":\"\",\"publisher\":{\"@id\":\"https:\/\/fernandadepilacao.com.br\/portal\/#organization\"},\"potentialAction\":[{\"@type\":\"SearchAction\",\"target\":{\"@type\":\"EntryPoint\",\"urlTemplate\":\"https:\/\/fernandadepilacao.com.br\/portal\/?s={search_term_string}\"},\"query-input\":\"required name=search_term_string\"}],\"inLanguage\":\"pt-BR\"},{\"@type\":\"ImageObject\",\"@id\":\"https:\/\/fernandadepilacao.com.br\/portal\/2025\/08\/depilacao-guia-completo-contraindicacoes-cuidados-recomendacoes\/#primaryimage\",\"inLanguage\":\"pt-BR\",\"url\":\"https:\/\/fernandadepilacao.com.br\/portal\/wp-content\/uploads\/2025\/08\/20250826160121.png\",\"contentUrl\":\"https:\/\/fernandadepilacao.com.br\/portal\/wp-content\/uploads\/2025\/08\/20250826160121.png\",\"width\":500,\"height\":500},{\"@type\":\"WebPage\",\"@id\":\"https:\/\/fernandadepilacao.com.br\/portal\/2025\/08\/depilacao-guia-completo-contraindicacoes-cuidados-recomendacoes\/#webpage\",\"url\":\"https:\/\/fernandadepilacao.com.br\/portal\/2025\/08\/depilacao-guia-completo-contraindicacoes-cuidados-recomendacoes\/\",\"name\":\"Depila\u00e7\u00e3o: Guia Completo de Contraindica\u00e7\u00f5es, Cuidados e Recomenda\u00e7\u00f5es - Fernanda Depila\u00e7\u00e3o\",\"isPartOf\":{\"@id\":\"https:\/\/fernandadepilacao.com.br\/portal\/#website\"},\"primaryImageOfPage\":{\"@id\":\"https:\/\/fernandadepilacao.com.br\/portal\/2025\/08\/depilacao-guia-completo-contraindicacoes-cuidados-recomendacoes\/#primaryimage\"},\"datePublished\":\"2025-08-26T19:01:25+00:00\",\"dateModified\":\"2025-08-26T21:00:21+00:00\",\"breadcrumb\":{\"@id\":\"https:\/\/fernandadepilacao.com.br\/portal\/2025\/08\/depilacao-guia-completo-contraindicacoes-cuidados-recomendacoes\/#breadcrumb\"},\"inLanguage\":\"pt-BR\",\"potentialAction\":[{\"@type\":\"ReadAction\",\"target\":[\"https:\/\/fernandadepilacao.com.br\/portal\/2025\/08\/depilacao-guia-completo-contraindicacoes-cuidados-recomendacoes\/\"]}]},{\"@type\":\"BreadcrumbList\",\"@id\":\"https:\/\/fernandadepilacao.com.br\/portal\/2025\/08\/depilacao-guia-completo-contraindicacoes-cuidados-recomendacoes\/#breadcrumb\",\"itemListElement\":[{\"@type\":\"ListItem\",\"position\":1,\"name\":\"In\u00edcio\",\"item\":\"http:\/\/fernandadepilacao.com.br\/portal\/\"},{\"@type\":\"ListItem\",\"position\":2,\"name\":\"Depila\u00e7\u00e3o: Guia Completo de Contraindica\u00e7\u00f5es, Cuidados e Recomenda\u00e7\u00f5es\"}]},{\"@type\":\"Article\",\"@id\":\"https:\/\/fernandadepilacao.com.br\/portal\/2025\/08\/depilacao-guia-completo-contraindicacoes-cuidados-recomendacoes\/#article\",\"isPartOf\":{\"@id\":\"https:\/\/fernandadepilacao.com.br\/portal\/2025\/08\/depilacao-guia-completo-contraindicacoes-cuidados-recomendacoes\/#webpage\"},\"author\":{\"@id\":\"https:\/\/fernandadepilacao.com.br\/portal\/#\/schema\/person\/d00644c3bbfd9fd17711767a3b1abbd0\"},\"headline\":\"Depila\u00e7\u00e3o: Guia Completo de Contraindica\u00e7\u00f5es, Cuidados e Recomenda\u00e7\u00f5es\",\"datePublished\":\"2025-08-26T19:01:25+00:00\",\"dateModified\":\"2025-08-26T21:00:21+00:00\",\"mainEntityOfPage\":{\"@id\":\"https:\/\/fernandadepilacao.com.br\/portal\/2025\/08\/depilacao-guia-completo-contraindicacoes-cuidados-recomendacoes\/#webpage\"},\"wordCount\":801,\"commentCount\":0,\"publisher\":{\"@id\":\"https:\/\/fernandadepilacao.com.br\/portal\/#organization\"},\"image\":{\"@id\":\"https:\/\/fernandadepilacao.com.br\/portal\/2025\/08\/depilacao-guia-completo-contraindicacoes-cuidados-recomendacoes\/#primaryimage\"},\"thumbnailUrl\":\"https:\/\/fernandadepilacao.com.br\/portal\/wp-content\/uploads\/2025\/08\/20250826160121.png\",\"articleSection\":[\"Beleza\"],\"inLanguage\":\"pt-BR\",\"potentialAction\":[{\"@type\":\"CommentAction\",\"name\":\"Comment\",\"target\":[\"https:\/\/fernandadepilacao.com.br\/portal\/2025\/08\/depilacao-guia-completo-contraindicacoes-cuidados-recomendacoes\/#respond\"]}]},{\"@type\":\"Person\",\"@id\":\"https:\/\/fernandadepilacao.com.br\/portal\/#\/schema\/person\/d00644c3bbfd9fd17711767a3b1abbd0\",\"name\":\"fernandajob\",\"image\":{\"@type\":\"ImageObject\",\"@id\":\"https:\/\/fernandadepilacao.com.br\/portal\/#personlogo\",\"inLanguage\":\"pt-BR\",\"url\":\"https:\/\/secure.gravatar.com\/avatar\/6c2268a68d69a325906fbdccd74b18e6?s=96&d=mm&r=g\",\"contentUrl\":\"https:\/\/secure.gravatar.com\/avatar\/6c2268a68d69a325906fbdccd74b18e6?s=96&d=mm&r=g\",\"caption\":\"fernandajob\"},\"sameAs\":[\"http:\/\/fernandadepilacao.com.br\/portal\"]}]}<\/script>\n<!-- \/ Yoast SEO plugin. -->","yoast_head_json":{"title":"Depila\u00e7\u00e3o: Guia Completo de Contraindica\u00e7\u00f5es, Cuidados e Recomenda\u00e7\u00f5es - Fernanda Depila\u00e7\u00e3o","robots":{"index":"index","follow":"follow","max-snippet":"max-snippet:-1","max-image-preview":"max-image-preview:large","max-video-preview":"max-video-preview:-1"},"canonical":"https:\/\/fernandadepilacao.com.br\/portal\/2025\/08\/depilacao-guia-completo-contraindicacoes-cuidados-recomendacoes\/","og_locale":"pt_BR","og_type":"article","og_title":"Depila\u00e7\u00e3o: Guia Completo de Contraindica\u00e7\u00f5es, Cuidados e Recomenda\u00e7\u00f5es - Fernanda Depila\u00e7\u00e3o","og_description":"Depila\u00e7\u00e3o: Contraindica\u00e7\u00f5es, Cuidados e Tudo o Que Voc\u00ea Precisa Saber O que s\u00e3o as contraindica\u00e7\u00f5es da depila\u00e7\u00e3o? A depila\u00e7\u00e3o \u00e9 um dos procedimentos est\u00e9ticos mais procurados por quem deseja uma pele lisinha e livre de pelos. Existem diferentes t\u00e9cnicas, como depila\u00e7\u00e3o com cera, l\u00e2mina, linha, creme depilat\u00f3rio e depila\u00e7\u00e3o a laser. Mas, antes de escolher &hellip; Depila\u00e7\u00e3o: Guia Completo de Contraindica\u00e7\u00f5es, Cuidados e Recomenda\u00e7\u00f5es Leia mais &raquo;","og_url":"https:\/\/fernandadepilacao.com.br\/portal\/2025\/08\/depilacao-guia-completo-contraindicacoes-cuidados-recomendacoes\/","og_site_name":"Fernanda Depila\u00e7\u00e3o","article_publisher":"https:\/\/www.facebook.com\/ferjobdepilacao","article_published_time":"2025-08-26T19:01:25+00:00","article_modified_time":"2025-08-26T21:00:21+00:00","og_image":[{"width":500,"height":500,"url":"https:\/\/fernandadepilacao.com.br\/portal\/wp-content\/uploads\/2025\/08\/20250826160121.png","type":"image\/png"}],"twitter_card":"summary_large_image","twitter_misc":{"Escrito por":"fernandajob","Est. tempo de leitura":"4 minutos"},"schema":{"@context":"https:\/\/schema.org","@graph":[{"@type":"Organization","@id":"https:\/\/fernandadepilacao.com.br\/portal\/#organization","name":"Fernanda Depila\u00e7\u00e3o","url":"https:\/\/fernandadepilacao.com.br\/portal\/","sameAs":["https:\/\/www.facebook.com\/ferjobdepilacao","http:\/\/instagram.com\/fernanda_job"],"logo":{"@type":"ImageObject","@id":"https:\/\/fernandadepilacao.com.br\/portal\/#logo","inLanguage":"pt-BR","url":"http:\/\/fernandadepilacao.com.br\/portal\/wp-content\/uploads\/2021\/03\/logo_fernanda.png","contentUrl":"http:\/\/fernandadepilacao.com.br\/portal\/wp-content\/uploads\/2021\/03\/logo_fernanda.png","width":673,"height":688,"caption":"Fernanda Depila\u00e7\u00e3o"},"image":{"@id":"https:\/\/fernandadepilacao.com.br\/portal\/#logo"}},{"@type":"WebSite","@id":"https:\/\/fernandadepilacao.com.br\/portal\/#website","url":"https:\/\/fernandadepilacao.com.br\/portal\/","name":"Fernanda Depila\u00e7\u00e3o","description":"","publisher":{"@id":"https:\/\/fernandadepilacao.com.br\/portal\/#organization"},"potentialAction":[{"@type":"SearchAction","target":{"@type":"EntryPoint","urlTemplate":"https:\/\/fernandadepilacao.com.br\/portal\/?s={search_term_string}"},"query-input":"required name=search_term_string"}],"inLanguage":"pt-BR"},{"@type":"ImageObject","@id":"https:\/\/fernandadepilacao.com.br\/portal\/2025\/08\/depilacao-guia-completo-contraindicacoes-cuidados-recomendacoes\/#primaryimage","inLanguage":"pt-BR","url":"https:\/\/fernandadepilacao.com.br\/portal\/wp-content\/uploads\/2025\/08\/20250826160121.png","contentUrl":"https:\/\/fernandadepilacao.com.br\/portal\/wp-content\/uploads\/2025\/08\/20250826160121.png","width":500,"height":500},{"@type":"WebPage","@id":"https:\/\/fernandadepilacao.com.br\/portal\/2025\/08\/depilacao-guia-completo-contraindicacoes-cuidados-recomendacoes\/#webpage","url":"https:\/\/fernandadepilacao.com.br\/portal\/2025\/08\/depilacao-guia-completo-contraindicacoes-cuidados-recomendacoes\/","name":"Depila\u00e7\u00e3o: Guia Completo de Contraindica\u00e7\u00f5es, Cuidados e Recomenda\u00e7\u00f5es - Fernanda Depila\u00e7\u00e3o","isPartOf":{"@id":"https:\/\/fernandadepilacao.com.br\/portal\/#website"},"primaryImageOfPage":{"@id":"https:\/\/fernandadepilacao.com.br\/portal\/2025\/08\/depilacao-guia-completo-contraindicacoes-cuidados-recomendacoes\/#primaryimage"},"datePublished":"2025-08-26T19:01:25+00:00","dateModified":"2025-08-26T21:00:21+00:00","breadcrumb":{"@id":"https:\/\/fernandadepilacao.com.br\/portal\/2025\/08\/depilacao-guia-completo-contraindicacoes-cuidados-recomendacoes\/#breadcrumb"},"inLanguage":"pt-BR","potentialAction":[{"@type":"ReadAction","target":["https:\/\/fernandadepilacao.com.br\/portal\/2025\/08\/depilacao-guia-completo-contraindicacoes-cuidados-recomendacoes\/"]}]},{"@type":"BreadcrumbList","@id":"https:\/\/fernandadepilacao.com.br\/portal\/2025\/08\/depilacao-guia-completo-contraindicacoes-cuidados-recomendacoes\/#breadcrumb","itemListElement":[{"@type":"ListItem","position":1,"name":"In\u00edcio","item":"http:\/\/fernandadepilacao.com.br\/portal\/"},{"@type":"ListItem","position":2,"name":"Depila\u00e7\u00e3o: Guia Completo de Contraindica\u00e7\u00f5es, Cuidados e Recomenda\u00e7\u00f5es"}]},{"@type":"Article","@id":"https:\/\/fernandadepilacao.com.br\/portal\/2025\/08\/depilacao-guia-completo-contraindicacoes-cuidados-recomendacoes\/#article","isPartOf":{"@id":"https:\/\/fernandadepilacao.com.br\/portal\/2025\/08\/depilacao-guia-completo-contraindicacoes-cuidados-recomendacoes\/#webpage"},"author":{"@id":"https:\/\/fernandadepilacao.com.br\/portal\/#\/schema\/person\/d00644c3bbfd9fd17711767a3b1abbd0"},"headline":"Depila\u00e7\u00e3o: Guia Completo de Contraindica\u00e7\u00f5es, Cuidados e Recomenda\u00e7\u00f5es","datePublished":"2025-08-26T19:01:25+00:00","dateModified":"2025-08-26T21:00:21+00:00","mainEntityOfPage":{"@id":"https:\/\/fernandadepilacao.com.br\/portal\/2025\/08\/depilacao-guia-completo-contraindicacoes-cuidados-recomendacoes\/#webpage"},"wordCount":801,"commentCount":0,"publisher":{"@id":"https:\/\/fernandadepilacao.com.br\/portal\/#organization"},"image":{"@id":"https:\/\/fernandadepilacao.com.br\/portal\/2025\/08\/depilacao-guia-completo-contraindicacoes-cuidados-recomendacoes\/#primaryimage"},"thumbnailUrl":"https:\/\/fernandadepilacao.com.br\/portal\/wp-content\/uploads\/2025\/08\/20250826160121.png","articleSection":["Beleza"],"inLanguage":"pt-BR","potentialAction":[{"@type":"CommentAction","name":"Comment","target":["https:\/\/fernandadepilacao.com.br\/portal\/2025\/08\/depilacao-guia-completo-contraindicacoes-cuidados-recomendacoes\/#respond"]}]},{"@type":"Person","@id":"https:\/\/fernandadepilacao.com.br\/portal\/#\/schema\/person\/d00644c3bbfd9fd17711767a3b1abbd0","name":"fernandajob","image":{"@type":"ImageObject","@id":"https:\/\/fernandadepilacao.com.br\/portal\/#personlogo","inLanguage":"pt-BR","url":"https:\/\/secure.gravatar.com\/avatar\/6c2268a68d69a325906fbdccd74b18e6?s=96&d=mm&r=g","contentUrl":"https:\/\/secure.gravatar.com\/avatar\/6c2268a68d69a325906fbdccd74b18e6?s=96&d=mm&r=g","caption":"fernandajob"},"sameAs":["http:\/\/fernandadepilacao.com.br\/portal"]}]}},"uagb_featured_image_src":{"full":["https:\/\/fernandadepilacao.com.br\/portal\/wp-content\/uploads\/2025\/08\/20250826160121.png",500,500,false],"thumbnail":["https:\/\/fernandadepilacao.com.br\/portal\/wp-content\/uploads\/2025\/08\/20250826160121-150x150.png",150,150,true],"medium":["https:\/\/fernandadepilacao.com.br\/portal\/wp-content\/uploads\/2025\/08\/20250826160121-300x300.png",300,300,true],"medium_large":["https:\/\/fernandadepilacao.com.br\/portal\/wp-content\/uploads\/2025\/08\/20250826160121.png",500,500,false],"large":["https:\/\/fernandadepilacao.com.br\/portal\/wp-content\/uploads\/2025\/08\/20250826160121.png",500,500,false],"1536x1536":["https:\/\/fernandadepilacao.com.br\/portal\/wp-content\/uploads\/2025\/08\/20250826160121.png",500,500,false],"2048x2048":["https:\/\/fernandadepilacao.com.br\/portal\/wp-content\/uploads\/2025\/08\/20250826160121.png",500,500,false]},"uagb_author_info":{"display_name":"fernandajob","author_link":"https:\/\/fernandadepilacao.com.br\/portal\/author\/fernandajob\/"},"uagb_comment_info":0,"uagb_excerpt":"Depila\u00e7\u00e3o: Contraindica\u00e7\u00f5es, Cuidados e Tudo o Que Voc\u00ea Precisa Saber O que s\u00e3o as contraindica\u00e7\u00f5es da depila\u00e7\u00e3o? A depila\u00e7\u00e3o \u00e9 um dos procedimentos est\u00e9ticos mais procurados por quem deseja uma pele lisinha e livre de pelos. Existem diferentes t\u00e9cnicas, como depila\u00e7\u00e3o com cera, l\u00e2mina, linha, creme depilat\u00f3rio e depila\u00e7\u00e3o a laser. Mas, antes de escolher&hellip;","_links":{"self":[{"href":"https:\/\/fernandadepilacao.com.br\/portal\/wp-json\/wp\/v2\/posts\/433"}],"collection":[{"href":"https:\/\/fernandadepilacao.com.br\/portal\/wp-json\/wp\/v2\/posts"}],"about":[{"href":"https:\/\/fernandadepilacao.com.br\/portal\/wp-json\/wp\/v2\/types\/post"}],"author":[{"embeddable":true,"href":"https:\/\/fernandadepilacao.com.br\/portal\/wp-json\/wp\/v2\/users\/1"}],"replies":[{"embeddable":true,"href":"https:\/\/fernandadepilacao.com.br\/portal\/wp-json\/wp\/v2\/comments?post=433"}],"version-history":[{"count":1,"href":"https:\/\/fernandadepilacao.com.br\/portal\/wp-json\/wp\/v2\/posts\/433\/revisions"}],"predecessor-version":[{"id":434,"href":"https:\/\/fernandadepilacao.com.br\/portal\/wp-json\/wp\/v2\/posts\/433\/revisions\/434"}],"wp:featuredmedia":[{"embeddable":true,"href":"https:\/\/fernandadepilacao.com.br\/portal\/wp-json\/wp\/v2\/media\/432"}],"wp:attachment":[{"href":"https:\/\/fernandadepilacao.com.br\/portal\/wp-json\/wp\/v2\/media?parent=433"}],"wp:term":[{"taxonomy":"category","embeddable":true,"href":"https:\/\/fernandadepilacao.com.br\/portal\/wp-json\/wp\/v2\/categories?post=433"},{"taxonomy":"post_tag","embeddable":true,"href":"https:\/\/fernandadepilacao.com.br\/portal\/wp-json\/wp\/v2\/tags?post=433"}],"curies":[{"name":"wp","href":"https:\/\/api.w.org\/{rel}","templated":true}]}}