{"id":421,"date":"2025-08-24T00:01:15","date_gmt":"2025-08-24T03:01:15","guid":{"rendered":"https:\/\/fernandadepilacao.com.br\/portal\/2025\/08\/depilacao-na-adolescencia-orientacoes-cuidados-e-metodos-seguros-para-jovens\/"},"modified":"2025-08-24T06:00:19","modified_gmt":"2025-08-24T09:00:19","slug":"depilacao-na-adolescencia-orientacoes-cuidados-e-metodos-seguros-para-jovens","status":"publish","type":"post","link":"https:\/\/fernandadepilacao.com.br\/portal\/2025\/08\/depilacao-na-adolescencia-orientacoes-cuidados-e-metodos-seguros-para-jovens\/","title":{"rendered":"Depila\u00e7\u00e3o na Adolesc\u00eancia: Orienta\u00e7\u00f5es, Cuidados e M\u00e9todos Seguros para Jovens"},"content":{"rendered":"<article>\n<header>\n<h1>Depila\u00e7\u00e3o na Adolesc\u00eancia: Cuidados, Dicas e T\u00e9cnicas Seguras<\/h1>\n<p>    <meta name=\"description\" content=\"Descubra tudo sobre depila\u00e7\u00e3o adolescente: m\u00e9todos indicados, cuidados especiais, dicas de seguran\u00e7a e principais d\u00favidas. Orienta\u00e7\u00f5es para m\u00e3es, pais e jovens sobre depila\u00e7\u00e3o com responsabilidade e conforto.\"\/><br \/>\n  <\/header>\n<section>\n<h2>Introdu\u00e7\u00e3o<\/h2>\n<p>A adolesc\u00eancia \u00e9 uma fase marcada por in\u00fameras transforma\u00e7\u00f5es f\u00edsicas, emocionais e sociais. Entre tantas novidades, muitos jovens come\u00e7am a se incomodar com os pelos corporais e procurar m\u00e9todos seguros para a <strong>primeira depila\u00e7\u00e3o<\/strong>. Entender quando e como iniciar esse processo \u00e9 essencial para garantir sa\u00fade, autoestima e conforto. Neste artigo, voc\u00ea vai conhecer as melhores pr\u00e1ticas, m\u00e9todos mais indicados e cuidados indispens\u00e1veis na depila\u00e7\u00e3o adolescente.<\/p>\n<\/section>\n<section>\n<h2>Por que a depila\u00e7\u00e3o na adolesc\u00eancia \u00e9 um assunto importante?<\/h2>\n<p>O crescimento dos pelos nas pernas, axilas, bu\u00e7o e regi\u00e3o \u00edntima \u00e9 completamente natural durante a puberdade, sendo geralmente influenciado por fatores hormonais e gen\u00e9ticos. Entretanto, quest\u00f5es est\u00e9ticas, culturais e at\u00e9 mesmo o conv\u00edvio social podem levar as adolescentes \u2013 e adolescentes meninos tamb\u00e9m \u2013 a desejar a remo\u00e7\u00e3o dos pelos. Por isso, abordar o tema de forma clara, profissional e acolhedora \u00e9 fundamental para evitar sentimentos de vergonha, baixa autoestima e at\u00e9 mesmo pr\u00e1ticas caseiras arriscadas.<\/p>\n<\/section>\n<section>\n<h2>Principais m\u00e9todos de depila\u00e7\u00e3o para adolescentes<\/h2>\n<ul>\n<li><strong>Depila\u00e7\u00e3o com l\u00e2mina:<\/strong> Uma das op\u00e7\u00f5es mais populares por ser r\u00e1pida, indolor e de baixo custo. No entanto, \u00e9 importante ressaltar o risco de cortes e irrita\u00e7\u00f5es.<\/li>\n<li><strong>Cremes depilat\u00f3rios:<\/strong> S\u00e3o pr\u00e1ticos e indolores, mas devem ser usados com cautela devido \u00e0 possibilidade de alergias. Sempre fa\u00e7a o teste de sensibilidade antes do uso.<\/li>\n<li><strong>Depila\u00e7\u00e3o com cera:<\/strong> Proporciona uma pele lisa por mais tempo, pois retira o pelo pela raiz. Recomendada para jovens com maior maturidade de pele e toler\u00e2ncia \u00e0 dor, sendo prefer\u00edvel procurar profissionais de est\u00e9tica para evitar queimaduras e foliculite.<\/li>\n<li><strong>Depila\u00e7\u00e3o a laser ou luz pulsada:<\/strong> N\u00e3o s\u00e3o os m\u00e9todos mais indicados para adolescentes, pois a estabilidade hormonal ainda n\u00e3o foi alcan\u00e7ada, podendo influenciar o crescimento dos pelos. Consulte sempre um dermatologista para avaliar o caso individual.<\/li>\n<li><strong>Pinceta:<\/strong> Ideal para pequenas \u00e1reas, como sobrancelhas e bu\u00e7o. Requer habilidade para evitar traumas na pele.<\/li>\n<\/ul>\n<p><strong>Importante:<\/strong> Evite receitas caseiras sem respaldo profissional, como misturas de a\u00e7\u00facar quente ou procedimentos que possam lesionar a pele sens\u00edvel do(a) adolescente.<\/p>\n<\/section>\n<section>\n<h2>Cuidados antes, durante e depois da primeira depila\u00e7\u00e3o<\/h2>\n<h3>Antes da depila\u00e7\u00e3o<\/h3>\n<ul>\n<li>Escolha o m\u00e9todo adequado ao tipo de pele e idade.<\/li>\n<li>Certifique-se de que a \u00e1rea esteja limpa, sem les\u00f5es, alergias ou infec\u00e7\u00f5es.<\/li>\n<li>Converse abertamente sobre expectativas, poss\u00edveis desconfortos e procedimentos.<\/li>\n<\/ul>\n<h3>Durante a depila\u00e7\u00e3o<\/h3>\n<ul>\n<li>Se optar por profissionais, busque locais higienizados e credenciados. <\/li>\n<li>Preste aten\u00e7\u00e3o \u00e0 temperatura da cera (se for o caso), produtos utilizados e m\u00e9todos de higiene.<\/li>\n<li>Utilize materiais descart\u00e1veis sempre que poss\u00edvel.<\/li>\n<\/ul>\n<h3>Ap\u00f3s a depila\u00e7\u00e3o<\/h3>\n<ul>\n<li>Hidrate a pele com lo\u00e7\u00f5es apropriadas e livres de \u00e1lcool.<\/li>\n<li>Evite exposi\u00e7\u00e3o ao sol, piscinas, academia e roupas apertadas por 24 a 48 horas para prevenir irrita\u00e7\u00f5es e manchas.<\/li>\n<li>Observe poss\u00edveis rea\u00e7\u00f5es, como vermelhid\u00e3o persistente, coceira ou bolhas \u2013 nestes casos, procure avalia\u00e7\u00e3o profissional.<\/li>\n<\/ul>\n<\/section>\n<section>\n<h2>Perguntas frequentes sobre depila\u00e7\u00e3o adolescente<\/h2>\n<dl>\n<dt>Qual a idade ideal para come\u00e7ar a depilar?<\/dt>\n<dd>N\u00e3o existe uma idade exata, mas geralmente a procura surge a partir do in\u00edcio da puberdade, por volta dos 11 a 14 anos. O mais importante \u00e9 respeitar a vontade do(a) adolescente e orient\u00e1-lo(a) de acordo com seu est\u00e1gio de desenvolvimento e tipo de pele.<\/dd>\n<dt>A depila\u00e7\u00e3o pode escurecer ou engrossar os pelos?<\/dt>\n<dd>Os m\u00e9todos de corte, como a l\u00e2mina, n\u00e3o alteram a estrutura dos pelos, apenas os deixam com a ponta \u201cachatada\u201d, dando a sensa\u00e7\u00e3o de mais espessos. J\u00e1 m\u00e9todos que retiram o pelo pela raiz, como a cera, tendem a enfraquecer e afinar os pelos com o tempo.<\/dd>\n<dt>Depilar d\u00f3i?<\/dt>\n<dd>A sensibilidade varia conforme o m\u00e9todo utilizado e cada organismo. Cera quente pode gerar desconforto, enquanto cremes e l\u00e2mina s\u00e3o praticamente indolores, por\u00e9m podem causar irrita\u00e7\u00f5es se usados de maneira inadequada.<\/dd>\n<\/dl>\n<\/section>\n<section>\n<h2>Dicas valiosas para adolescentes (e respons\u00e1veis!)<\/h2>\n<ul>\n<li>Procure informa\u00e7\u00e3o: Converse com profissionais da \u00e1rea de est\u00e9tica e sa\u00fade antes de decidir o m\u00e9todo de depila\u00e7\u00e3o.<\/li>\n<li>Autocuidado \u00e9 fundamental: Respeite seu tempo, seus limites e n\u00e3o se compare aos outros.<\/li>\n<li>Observe alergias e irrita\u00e7\u00f5es: Se notar rea\u00e7\u00e3o adversa, suspenda o m\u00e9todo e busque orienta\u00e7\u00e3o especializada.<\/li>\n<li>Evite compartilhar l\u00e2minas ou outros instrumentos de depila\u00e7\u00e3o para prevenir infec\u00e7\u00f5es.<\/li>\n<li>Prefira m\u00e9todos menos agressivos neste in\u00edcio, apostando sempre na hidrata\u00e7\u00e3o da pele ap\u00f3s o procedimento.<\/li>\n<\/ul>\n<\/section>\n<section>\n<h2>Conclus\u00e3o<\/h2>\n<p>A <strong>depila\u00e7\u00e3o na adolesc\u00eancia<\/strong> pode ser tranquila, saud\u00e1vel e contribuir para a autoestima se for feita com informa\u00e7\u00f5es corretas, di\u00e1logo e acompanhamento adequado. Sempre que poss\u00edvel, incentive uma rela\u00e7\u00e3o positiva com o pr\u00f3prio corpo, respeitando a individualidade de cada adolescente. Ao sanar d\u00favidas e escolher m\u00e9todos seguros, m\u00e3es, pais e jovens garantem bem-estar e cuidado em cada etapa dessa importante fase da vida.<\/p>\n<p><strong>Palavras-chave:<\/strong> depila\u00e7\u00e3o adolescente, primeira depila\u00e7\u00e3o, cuidados com a pele, m\u00e9todos de depila\u00e7\u00e3o, depila\u00e7\u00e3o segura, dicas para depila\u00e7\u00e3o, depila\u00e7\u00e3o para jovens, depila\u00e7\u00e3o cera adolescente, depila\u00e7\u00e3o c\/ l\u00e2mina adolescente, depila\u00e7\u00e3o puberdade<\/p>\n<\/section>\n<\/article>\n","protected":false},"excerpt":{"rendered":"<p>Depila\u00e7\u00e3o na Adolesc\u00eancia: Cuidados, Dicas e T\u00e9cnicas Seguras Introdu\u00e7\u00e3o A adolesc\u00eancia \u00e9 uma fase marcada por in\u00fameras transforma\u00e7\u00f5es f\u00edsicas, emocionais e sociais. Entre tantas novidades, muitos jovens come\u00e7am a se incomodar com os pelos corporais e procurar m\u00e9todos seguros para a primeira depila\u00e7\u00e3o. Entender quando e como iniciar esse processo \u00e9 essencial para garantir sa\u00fade, &hellip;<\/p>\n<p class=\"read-more\"> <a class=\"\" href=\"https:\/\/fernandadepilacao.com.br\/portal\/2025\/08\/depilacao-na-adolescencia-orientacoes-cuidados-e-metodos-seguros-para-jovens\/\"> <span class=\"screen-reader-text\">Depila\u00e7\u00e3o na Adolesc\u00eancia: Orienta\u00e7\u00f5es, Cuidados e M\u00e9todos Seguros para Jovens<\/span> Leia mais &raquo;<\/a><\/p>\n","protected":false},"author":1,"featured_media":420,"comment_status":"open","ping_status":"open","sticky":false,"template":"","format":"standard","meta":[],"categories":[15],"tags":[],"yoast_head":"<!-- This site is optimized with the Yoast SEO plugin v18.4.1 - https:\/\/yoast.com\/wordpress\/plugins\/seo\/ -->\n<title>Depila\u00e7\u00e3o na Adolesc\u00eancia: Orienta\u00e7\u00f5es, Cuidados e M\u00e9todos Seguros para Jovens - Fernanda Depila\u00e7\u00e3o<\/title>\n<meta name=\"robots\" content=\"index, follow, max-snippet:-1, max-image-preview:large, max-video-preview:-1\" \/>\n<link rel=\"canonical\" href=\"https:\/\/fernandadepilacao.com.br\/portal\/2025\/08\/depilacao-na-adolescencia-orientacoes-cuidados-e-metodos-seguros-para-jovens\/\" \/>\n<meta property=\"og:locale\" content=\"pt_BR\" \/>\n<meta property=\"og:type\" content=\"article\" \/>\n<meta property=\"og:title\" content=\"Depila\u00e7\u00e3o na Adolesc\u00eancia: Orienta\u00e7\u00f5es, Cuidados e M\u00e9todos Seguros para Jovens - Fernanda Depila\u00e7\u00e3o\" \/>\n<meta property=\"og:description\" content=\"Depila\u00e7\u00e3o na Adolesc\u00eancia: Cuidados, Dicas e T\u00e9cnicas Seguras Introdu\u00e7\u00e3o A adolesc\u00eancia \u00e9 uma fase marcada por in\u00fameras transforma\u00e7\u00f5es f\u00edsicas, emocionais e sociais. Entre tantas novidades, muitos jovens come\u00e7am a se incomodar com os pelos corporais e procurar m\u00e9todos seguros para a primeira depila\u00e7\u00e3o. Entender quando e como iniciar esse processo \u00e9 essencial para garantir sa\u00fade, &hellip; Depila\u00e7\u00e3o na Adolesc\u00eancia: Orienta\u00e7\u00f5es, Cuidados e M\u00e9todos Seguros para Jovens Leia mais &raquo;\" \/>\n<meta property=\"og:url\" content=\"https:\/\/fernandadepilacao.com.br\/portal\/2025\/08\/depilacao-na-adolescencia-orientacoes-cuidados-e-metodos-seguros-para-jovens\/\" \/>\n<meta property=\"og:site_name\" content=\"Fernanda Depila\u00e7\u00e3o\" \/>\n<meta property=\"article:publisher\" content=\"https:\/\/www.facebook.com\/ferjobdepilacao\" \/>\n<meta property=\"article:published_time\" content=\"2025-08-24T03:01:15+00:00\" \/>\n<meta property=\"article:modified_time\" content=\"2025-08-24T09:00:19+00:00\" \/>\n<meta property=\"og:image\" content=\"https:\/\/fernandadepilacao.com.br\/portal\/wp-content\/uploads\/2025\/08\/20250824000113.png\" \/>\n\t<meta property=\"og:image:width\" content=\"500\" \/>\n\t<meta property=\"og:image:height\" content=\"500\" \/>\n\t<meta property=\"og:image:type\" content=\"image\/png\" \/>\n<meta name=\"twitter:card\" content=\"summary_large_image\" \/>\n<meta name=\"twitter:label1\" content=\"Escrito por\" \/>\n\t<meta name=\"twitter:data1\" content=\"fernandajob\" \/>\n\t<meta name=\"twitter:label2\" content=\"Est. tempo de leitura\" \/>\n\t<meta name=\"twitter:data2\" content=\"4 minutos\" \/>\n<script type=\"application\/ld+json\" class=\"yoast-schema-graph\">{\"@context\":\"https:\/\/schema.org\",\"@graph\":[{\"@type\":\"Organization\",\"@id\":\"https:\/\/fernandadepilacao.com.br\/portal\/#organization\",\"name\":\"Fernanda Depila\u00e7\u00e3o\",\"url\":\"https:\/\/fernandadepilacao.com.br\/portal\/\",\"sameAs\":[\"https:\/\/www.facebook.com\/ferjobdepilacao\",\"http:\/\/instagram.com\/fernanda_job\"],\"logo\":{\"@type\":\"ImageObject\",\"@id\":\"https:\/\/fernandadepilacao.com.br\/portal\/#logo\",\"inLanguage\":\"pt-BR\",\"url\":\"http:\/\/fernandadepilacao.com.br\/portal\/wp-content\/uploads\/2021\/03\/logo_fernanda.png\",\"contentUrl\":\"http:\/\/fernandadepilacao.com.br\/portal\/wp-content\/uploads\/2021\/03\/logo_fernanda.png\",\"width\":673,\"height\":688,\"caption\":\"Fernanda Depila\u00e7\u00e3o\"},\"image\":{\"@id\":\"https:\/\/fernandadepilacao.com.br\/portal\/#logo\"}},{\"@type\":\"WebSite\",\"@id\":\"https:\/\/fernandadepilacao.com.br\/portal\/#website\",\"url\":\"https:\/\/fernandadepilacao.com.br\/portal\/\",\"name\":\"Fernanda Depila\u00e7\u00e3o\",\"description\":\"\",\"publisher\":{\"@id\":\"https:\/\/fernandadepilacao.com.br\/portal\/#organization\"},\"potentialAction\":[{\"@type\":\"SearchAction\",\"target\":{\"@type\":\"EntryPoint\",\"urlTemplate\":\"https:\/\/fernandadepilacao.com.br\/portal\/?s={search_term_string}\"},\"query-input\":\"required name=search_term_string\"}],\"inLanguage\":\"pt-BR\"},{\"@type\":\"ImageObject\",\"@id\":\"https:\/\/fernandadepilacao.com.br\/portal\/2025\/08\/depilacao-na-adolescencia-orientacoes-cuidados-e-metodos-seguros-para-jovens\/#primaryimage\",\"inLanguage\":\"pt-BR\",\"url\":\"https:\/\/fernandadepilacao.com.br\/portal\/wp-content\/uploads\/2025\/08\/20250824000113.png\",\"contentUrl\":\"https:\/\/fernandadepilacao.com.br\/portal\/wp-content\/uploads\/2025\/08\/20250824000113.png\",\"width\":500,\"height\":500},{\"@type\":\"WebPage\",\"@id\":\"https:\/\/fernandadepilacao.com.br\/portal\/2025\/08\/depilacao-na-adolescencia-orientacoes-cuidados-e-metodos-seguros-para-jovens\/#webpage\",\"url\":\"https:\/\/fernandadepilacao.com.br\/portal\/2025\/08\/depilacao-na-adolescencia-orientacoes-cuidados-e-metodos-seguros-para-jovens\/\",\"name\":\"Depila\u00e7\u00e3o na Adolesc\u00eancia: Orienta\u00e7\u00f5es, Cuidados e M\u00e9todos Seguros para Jovens - Fernanda Depila\u00e7\u00e3o\",\"isPartOf\":{\"@id\":\"https:\/\/fernandadepilacao.com.br\/portal\/#website\"},\"primaryImageOfPage\":{\"@id\":\"https:\/\/fernandadepilacao.com.br\/portal\/2025\/08\/depilacao-na-adolescencia-orientacoes-cuidados-e-metodos-seguros-para-jovens\/#primaryimage\"},\"datePublished\":\"2025-08-24T03:01:15+00:00\",\"dateModified\":\"2025-08-24T09:00:19+00:00\",\"breadcrumb\":{\"@id\":\"https:\/\/fernandadepilacao.com.br\/portal\/2025\/08\/depilacao-na-adolescencia-orientacoes-cuidados-e-metodos-seguros-para-jovens\/#breadcrumb\"},\"inLanguage\":\"pt-BR\",\"potentialAction\":[{\"@type\":\"ReadAction\",\"target\":[\"https:\/\/fernandadepilacao.com.br\/portal\/2025\/08\/depilacao-na-adolescencia-orientacoes-cuidados-e-metodos-seguros-para-jovens\/\"]}]},{\"@type\":\"BreadcrumbList\",\"@id\":\"https:\/\/fernandadepilacao.com.br\/portal\/2025\/08\/depilacao-na-adolescencia-orientacoes-cuidados-e-metodos-seguros-para-jovens\/#breadcrumb\",\"itemListElement\":[{\"@type\":\"ListItem\",\"position\":1,\"name\":\"In\u00edcio\",\"item\":\"http:\/\/fernandadepilacao.com.br\/portal\/\"},{\"@type\":\"ListItem\",\"position\":2,\"name\":\"Depila\u00e7\u00e3o na Adolesc\u00eancia: Orienta\u00e7\u00f5es, Cuidados e M\u00e9todos Seguros para Jovens\"}]},{\"@type\":\"Article\",\"@id\":\"https:\/\/fernandadepilacao.com.br\/portal\/2025\/08\/depilacao-na-adolescencia-orientacoes-cuidados-e-metodos-seguros-para-jovens\/#article\",\"isPartOf\":{\"@id\":\"https:\/\/fernandadepilacao.com.br\/portal\/2025\/08\/depilacao-na-adolescencia-orientacoes-cuidados-e-metodos-seguros-para-jovens\/#webpage\"},\"author\":{\"@id\":\"https:\/\/fernandadepilacao.com.br\/portal\/#\/schema\/person\/d00644c3bbfd9fd17711767a3b1abbd0\"},\"headline\":\"Depila\u00e7\u00e3o na Adolesc\u00eancia: Orienta\u00e7\u00f5es, Cuidados e M\u00e9todos Seguros para Jovens\",\"datePublished\":\"2025-08-24T03:01:15+00:00\",\"dateModified\":\"2025-08-24T09:00:19+00:00\",\"mainEntityOfPage\":{\"@id\":\"https:\/\/fernandadepilacao.com.br\/portal\/2025\/08\/depilacao-na-adolescencia-orientacoes-cuidados-e-metodos-seguros-para-jovens\/#webpage\"},\"wordCount\":904,\"commentCount\":0,\"publisher\":{\"@id\":\"https:\/\/fernandadepilacao.com.br\/portal\/#organization\"},\"image\":{\"@id\":\"https:\/\/fernandadepilacao.com.br\/portal\/2025\/08\/depilacao-na-adolescencia-orientacoes-cuidados-e-metodos-seguros-para-jovens\/#primaryimage\"},\"thumbnailUrl\":\"https:\/\/fernandadepilacao.com.br\/portal\/wp-content\/uploads\/2025\/08\/20250824000113.png\",\"articleSection\":[\"Beleza\"],\"inLanguage\":\"pt-BR\",\"potentialAction\":[{\"@type\":\"CommentAction\",\"name\":\"Comment\",\"target\":[\"https:\/\/fernandadepilacao.com.br\/portal\/2025\/08\/depilacao-na-adolescencia-orientacoes-cuidados-e-metodos-seguros-para-jovens\/#respond\"]}]},{\"@type\":\"Person\",\"@id\":\"https:\/\/fernandadepilacao.com.br\/portal\/#\/schema\/person\/d00644c3bbfd9fd17711767a3b1abbd0\",\"name\":\"fernandajob\",\"image\":{\"@type\":\"ImageObject\",\"@id\":\"https:\/\/fernandadepilacao.com.br\/portal\/#personlogo\",\"inLanguage\":\"pt-BR\",\"url\":\"https:\/\/secure.gravatar.com\/avatar\/6c2268a68d69a325906fbdccd74b18e6?s=96&d=mm&r=g\",\"contentUrl\":\"https:\/\/secure.gravatar.com\/avatar\/6c2268a68d69a325906fbdccd74b18e6?s=96&d=mm&r=g\",\"caption\":\"fernandajob\"},\"sameAs\":[\"http:\/\/fernandadepilacao.com.br\/portal\"]}]}<\/script>\n<!-- \/ Yoast SEO plugin. -->","yoast_head_json":{"title":"Depila\u00e7\u00e3o na Adolesc\u00eancia: Orienta\u00e7\u00f5es, Cuidados e M\u00e9todos Seguros para Jovens - Fernanda Depila\u00e7\u00e3o","robots":{"index":"index","follow":"follow","max-snippet":"max-snippet:-1","max-image-preview":"max-image-preview:large","max-video-preview":"max-video-preview:-1"},"canonical":"https:\/\/fernandadepilacao.com.br\/portal\/2025\/08\/depilacao-na-adolescencia-orientacoes-cuidados-e-metodos-seguros-para-jovens\/","og_locale":"pt_BR","og_type":"article","og_title":"Depila\u00e7\u00e3o na Adolesc\u00eancia: Orienta\u00e7\u00f5es, Cuidados e M\u00e9todos Seguros para Jovens - Fernanda Depila\u00e7\u00e3o","og_description":"Depila\u00e7\u00e3o na Adolesc\u00eancia: Cuidados, Dicas e T\u00e9cnicas Seguras Introdu\u00e7\u00e3o A adolesc\u00eancia \u00e9 uma fase marcada por in\u00fameras transforma\u00e7\u00f5es f\u00edsicas, emocionais e sociais. Entre tantas novidades, muitos jovens come\u00e7am a se incomodar com os pelos corporais e procurar m\u00e9todos seguros para a primeira depila\u00e7\u00e3o. Entender quando e como iniciar esse processo \u00e9 essencial para garantir sa\u00fade, &hellip; Depila\u00e7\u00e3o na Adolesc\u00eancia: Orienta\u00e7\u00f5es, Cuidados e M\u00e9todos Seguros para Jovens Leia mais &raquo;","og_url":"https:\/\/fernandadepilacao.com.br\/portal\/2025\/08\/depilacao-na-adolescencia-orientacoes-cuidados-e-metodos-seguros-para-jovens\/","og_site_name":"Fernanda Depila\u00e7\u00e3o","article_publisher":"https:\/\/www.facebook.com\/ferjobdepilacao","article_published_time":"2025-08-24T03:01:15+00:00","article_modified_time":"2025-08-24T09:00:19+00:00","og_image":[{"width":500,"height":500,"url":"https:\/\/fernandadepilacao.com.br\/portal\/wp-content\/uploads\/2025\/08\/20250824000113.png","type":"image\/png"}],"twitter_card":"summary_large_image","twitter_misc":{"Escrito por":"fernandajob","Est. tempo de leitura":"4 minutos"},"schema":{"@context":"https:\/\/schema.org","@graph":[{"@type":"Organization","@id":"https:\/\/fernandadepilacao.com.br\/portal\/#organization","name":"Fernanda Depila\u00e7\u00e3o","url":"https:\/\/fernandadepilacao.com.br\/portal\/","sameAs":["https:\/\/www.facebook.com\/ferjobdepilacao","http:\/\/instagram.com\/fernanda_job"],"logo":{"@type":"ImageObject","@id":"https:\/\/fernandadepilacao.com.br\/portal\/#logo","inLanguage":"pt-BR","url":"http:\/\/fernandadepilacao.com.br\/portal\/wp-content\/uploads\/2021\/03\/logo_fernanda.png","contentUrl":"http:\/\/fernandadepilacao.com.br\/portal\/wp-content\/uploads\/2021\/03\/logo_fernanda.png","width":673,"height":688,"caption":"Fernanda Depila\u00e7\u00e3o"},"image":{"@id":"https:\/\/fernandadepilacao.com.br\/portal\/#logo"}},{"@type":"WebSite","@id":"https:\/\/fernandadepilacao.com.br\/portal\/#website","url":"https:\/\/fernandadepilacao.com.br\/portal\/","name":"Fernanda Depila\u00e7\u00e3o","description":"","publisher":{"@id":"https:\/\/fernandadepilacao.com.br\/portal\/#organization"},"potentialAction":[{"@type":"SearchAction","target":{"@type":"EntryPoint","urlTemplate":"https:\/\/fernandadepilacao.com.br\/portal\/?s={search_term_string}"},"query-input":"required name=search_term_string"}],"inLanguage":"pt-BR"},{"@type":"ImageObject","@id":"https:\/\/fernandadepilacao.com.br\/portal\/2025\/08\/depilacao-na-adolescencia-orientacoes-cuidados-e-metodos-seguros-para-jovens\/#primaryimage","inLanguage":"pt-BR","url":"https:\/\/fernandadepilacao.com.br\/portal\/wp-content\/uploads\/2025\/08\/20250824000113.png","contentUrl":"https:\/\/fernandadepilacao.com.br\/portal\/wp-content\/uploads\/2025\/08\/20250824000113.png","width":500,"height":500},{"@type":"WebPage","@id":"https:\/\/fernandadepilacao.com.br\/portal\/2025\/08\/depilacao-na-adolescencia-orientacoes-cuidados-e-metodos-seguros-para-jovens\/#webpage","url":"https:\/\/fernandadepilacao.com.br\/portal\/2025\/08\/depilacao-na-adolescencia-orientacoes-cuidados-e-metodos-seguros-para-jovens\/","name":"Depila\u00e7\u00e3o na Adolesc\u00eancia: Orienta\u00e7\u00f5es, Cuidados e M\u00e9todos Seguros para Jovens - Fernanda Depila\u00e7\u00e3o","isPartOf":{"@id":"https:\/\/fernandadepilacao.com.br\/portal\/#website"},"primaryImageOfPage":{"@id":"https:\/\/fernandadepilacao.com.br\/portal\/2025\/08\/depilacao-na-adolescencia-orientacoes-cuidados-e-metodos-seguros-para-jovens\/#primaryimage"},"datePublished":"2025-08-24T03:01:15+00:00","dateModified":"2025-08-24T09:00:19+00:00","breadcrumb":{"@id":"https:\/\/fernandadepilacao.com.br\/portal\/2025\/08\/depilacao-na-adolescencia-orientacoes-cuidados-e-metodos-seguros-para-jovens\/#breadcrumb"},"inLanguage":"pt-BR","potentialAction":[{"@type":"ReadAction","target":["https:\/\/fernandadepilacao.com.br\/portal\/2025\/08\/depilacao-na-adolescencia-orientacoes-cuidados-e-metodos-seguros-para-jovens\/"]}]},{"@type":"BreadcrumbList","@id":"https:\/\/fernandadepilacao.com.br\/portal\/2025\/08\/depilacao-na-adolescencia-orientacoes-cuidados-e-metodos-seguros-para-jovens\/#breadcrumb","itemListElement":[{"@type":"ListItem","position":1,"name":"In\u00edcio","item":"http:\/\/fernandadepilacao.com.br\/portal\/"},{"@type":"ListItem","position":2,"name":"Depila\u00e7\u00e3o na Adolesc\u00eancia: Orienta\u00e7\u00f5es, Cuidados e M\u00e9todos Seguros para Jovens"}]},{"@type":"Article","@id":"https:\/\/fernandadepilacao.com.br\/portal\/2025\/08\/depilacao-na-adolescencia-orientacoes-cuidados-e-metodos-seguros-para-jovens\/#article","isPartOf":{"@id":"https:\/\/fernandadepilacao.com.br\/portal\/2025\/08\/depilacao-na-adolescencia-orientacoes-cuidados-e-metodos-seguros-para-jovens\/#webpage"},"author":{"@id":"https:\/\/fernandadepilacao.com.br\/portal\/#\/schema\/person\/d00644c3bbfd9fd17711767a3b1abbd0"},"headline":"Depila\u00e7\u00e3o na Adolesc\u00eancia: Orienta\u00e7\u00f5es, Cuidados e M\u00e9todos Seguros para Jovens","datePublished":"2025-08-24T03:01:15+00:00","dateModified":"2025-08-24T09:00:19+00:00","mainEntityOfPage":{"@id":"https:\/\/fernandadepilacao.com.br\/portal\/2025\/08\/depilacao-na-adolescencia-orientacoes-cuidados-e-metodos-seguros-para-jovens\/#webpage"},"wordCount":904,"commentCount":0,"publisher":{"@id":"https:\/\/fernandadepilacao.com.br\/portal\/#organization"},"image":{"@id":"https:\/\/fernandadepilacao.com.br\/portal\/2025\/08\/depilacao-na-adolescencia-orientacoes-cuidados-e-metodos-seguros-para-jovens\/#primaryimage"},"thumbnailUrl":"https:\/\/fernandadepilacao.com.br\/portal\/wp-content\/uploads\/2025\/08\/20250824000113.png","articleSection":["Beleza"],"inLanguage":"pt-BR","potentialAction":[{"@type":"CommentAction","name":"Comment","target":["https:\/\/fernandadepilacao.com.br\/portal\/2025\/08\/depilacao-na-adolescencia-orientacoes-cuidados-e-metodos-seguros-para-jovens\/#respond"]}]},{"@type":"Person","@id":"https:\/\/fernandadepilacao.com.br\/portal\/#\/schema\/person\/d00644c3bbfd9fd17711767a3b1abbd0","name":"fernandajob","image":{"@type":"ImageObject","@id":"https:\/\/fernandadepilacao.com.br\/portal\/#personlogo","inLanguage":"pt-BR","url":"https:\/\/secure.gravatar.com\/avatar\/6c2268a68d69a325906fbdccd74b18e6?s=96&d=mm&r=g","contentUrl":"https:\/\/secure.gravatar.com\/avatar\/6c2268a68d69a325906fbdccd74b18e6?s=96&d=mm&r=g","caption":"fernandajob"},"sameAs":["http:\/\/fernandadepilacao.com.br\/portal"]}]}},"uagb_featured_image_src":{"full":["https:\/\/fernandadepilacao.com.br\/portal\/wp-content\/uploads\/2025\/08\/20250824000113.png",500,500,false],"thumbnail":["https:\/\/fernandadepilacao.com.br\/portal\/wp-content\/uploads\/2025\/08\/20250824000113-150x150.png",150,150,true],"medium":["https:\/\/fernandadepilacao.com.br\/portal\/wp-content\/uploads\/2025\/08\/20250824000113-300x300.png",300,300,true],"medium_large":["https:\/\/fernandadepilacao.com.br\/portal\/wp-content\/uploads\/2025\/08\/20250824000113.png",500,500,false],"large":["https:\/\/fernandadepilacao.com.br\/portal\/wp-content\/uploads\/2025\/08\/20250824000113.png",500,500,false],"1536x1536":["https:\/\/fernandadepilacao.com.br\/portal\/wp-content\/uploads\/2025\/08\/20250824000113.png",500,500,false],"2048x2048":["https:\/\/fernandadepilacao.com.br\/portal\/wp-content\/uploads\/2025\/08\/20250824000113.png",500,500,false]},"uagb_author_info":{"display_name":"fernandajob","author_link":"https:\/\/fernandadepilacao.com.br\/portal\/author\/fernandajob\/"},"uagb_comment_info":0,"uagb_excerpt":"Depila\u00e7\u00e3o na Adolesc\u00eancia: Cuidados, Dicas e T\u00e9cnicas Seguras Introdu\u00e7\u00e3o A adolesc\u00eancia \u00e9 uma fase marcada por in\u00fameras transforma\u00e7\u00f5es f\u00edsicas, emocionais e sociais. Entre tantas novidades, muitos jovens come\u00e7am a se incomodar com os pelos corporais e procurar m\u00e9todos seguros para a primeira depila\u00e7\u00e3o. Entender quando e como iniciar esse processo \u00e9 essencial para garantir sa\u00fade,&hellip;","_links":{"self":[{"href":"https:\/\/fernandadepilacao.com.br\/portal\/wp-json\/wp\/v2\/posts\/421"}],"collection":[{"href":"https:\/\/fernandadepilacao.com.br\/portal\/wp-json\/wp\/v2\/posts"}],"about":[{"href":"https:\/\/fernandadepilacao.com.br\/portal\/wp-json\/wp\/v2\/types\/post"}],"author":[{"embeddable":true,"href":"https:\/\/fernandadepilacao.com.br\/portal\/wp-json\/wp\/v2\/users\/1"}],"replies":[{"embeddable":true,"href":"https:\/\/fernandadepilacao.com.br\/portal\/wp-json\/wp\/v2\/comments?post=421"}],"version-history":[{"count":1,"href":"https:\/\/fernandadepilacao.com.br\/portal\/wp-json\/wp\/v2\/posts\/421\/revisions"}],"predecessor-version":[{"id":422,"href":"https:\/\/fernandadepilacao.com.br\/portal\/wp-json\/wp\/v2\/posts\/421\/revisions\/422"}],"wp:featuredmedia":[{"embeddable":true,"href":"https:\/\/fernandadepilacao.com.br\/portal\/wp-json\/wp\/v2\/media\/420"}],"wp:attachment":[{"href":"https:\/\/fernandadepilacao.com.br\/portal\/wp-json\/wp\/v2\/media?parent=421"}],"wp:term":[{"taxonomy":"category","embeddable":true,"href":"https:\/\/fernandadepilacao.com.br\/portal\/wp-json\/wp\/v2\/categories?post=421"},{"taxonomy":"post_tag","embeddable":true,"href":"https:\/\/fernandadepilacao.com.br\/portal\/wp-json\/wp\/v2\/tags?post=421"}],"curies":[{"name":"wp","href":"https:\/\/api.w.org\/{rel}","templated":true}]}}