{"id":412,"date":"2025-08-22T16:01:29","date_gmt":"2025-08-22T19:01:29","guid":{"rendered":"https:\/\/fernandadepilacao.com.br\/portal\/2025\/08\/depilacao-pele-sensivel-guia-completo\/"},"modified":"2025-08-22T18:00:19","modified_gmt":"2025-08-22T21:00:19","slug":"depilacao-pele-sensivel-guia-completo","status":"publish","type":"post","link":"https:\/\/fernandadepilacao.com.br\/portal\/2025\/08\/depilacao-pele-sensivel-guia-completo\/","title":{"rendered":"Depila\u00e7\u00e3o para Pele Sens\u00edvel: Guia Completo para Evitar Irrita\u00e7\u00f5es e Garantir Conforto"},"content":{"rendered":"<article>\n<header>\n<h1>Depila\u00e7\u00e3o para Pele Sens\u00edvel: Guia Completo para Evitar Irrita\u00e7\u00f5es e Garantir Conforto<\/h1>\n<p>    <meta name=\"description\" content=\"Descubra os melhores m\u00e9todos, cuidados e dicas profissionais sobre depila\u00e7\u00e3o para pele sens\u00edvel. Aprenda como evitar irrita\u00e7\u00e3o, alergia e conquistar resultados mais suaves e duradouros.\" \/><br \/>\n  <\/header>\n<section>\n<h2>O que \u00e9 considerado uma pele sens\u00edvel?<\/h2>\n<p>Pele sens\u00edvel \u00e9 aquela que reage facilmente a agentes externos, apresentando vermelhid\u00e3o, ard\u00eancia, coceira ou at\u00e9 descama\u00e7\u00e3o ap\u00f3s contato com produtos ou procedimentos. Pessoas com esse tipo de pele precisam de aten\u00e7\u00e3o especial ao escolher m\u00e9todos de depila\u00e7\u00e3o, pois a barreira cut\u00e2nea \u00e9 mais fina, tornando-a suscet\u00edvel a irrita\u00e7\u00f5es e alergias.<\/p>\n<\/section>\n<section>\n<h2>Depila\u00e7\u00e3o em pele sens\u00edvel: principais desafios<\/h2>\n<p>A depila\u00e7\u00e3o em peles sens\u00edveis pode causar desconforto imediato e prolongado, como <strong>foliculite<\/strong> (inflama\u00e7\u00e3o nos fol\u00edculos pilosos), vermelhid\u00e3o, ardor e at\u00e9 pequenas les\u00f5es. Por isso, entender quais m\u00e9todos s\u00e3o mais indicados, como preparar a pele e os principais cuidados p\u00f3s-depilat\u00f3rios \u00e9 fundamental para evitar problemas.<\/p>\n<\/section>\n<section>\n<h2>M\u00e9todos de depila\u00e7\u00e3o recomendados para pele sens\u00edvel<\/h2>\n<ul>\n<li><strong>Depila\u00e7\u00e3o com cera morna\/hidrossol\u00favel:<\/strong> Opte por ceras espec\u00edficas para peles sens\u00edveis, enriquecidas com componentes calmantes, como camomila, azuleno ou aloe vera. A <strong>cera hidrossol\u00favel<\/strong> \u00e9 menos agressiva, pois \u00e9 facilmente retirada com \u00e1gua, evitando res\u00edduos e irrita\u00e7\u00f5es.<\/li>\n<li><strong>Creme depilat\u00f3rio para pele sens\u00edvel:<\/strong> Formulados com ativos hidratantes e menos subst\u00e2ncias qu\u00edmicas irritantes, esses cremes s\u00e3o op\u00e7\u00f5es r\u00e1pidas, mas \u00e9 importante sempre fazer o <em>teste de sensibilidade<\/em> antes do uso.<\/li>\n<li><strong>Depila\u00e7\u00e3o com l\u00e2mina:<\/strong> Apesar de pr\u00e1tica, pode causar microles\u00f5es e aumentar o risco de irrita\u00e7\u00e3o. Use l\u00e2minas novas, pr\u00f3prias para pele sens\u00edvel, e sempre com espuma ou gel de barbear hidratante.<\/li>\n<li><strong>Depila\u00e7\u00e3o a laser:<\/strong> Atualmente existem lasers com tecnologia adequada para peles sens\u00edveis, proporcionando resultados duradouros e reduzindo epis\u00f3dios de inflama\u00e7\u00e3o. O acompanhamento de um profissional qualificado \u00e9 essencial.<\/li>\n<li><strong>Pin\u00e7a:<\/strong> Indicado para \u00e1reas pequenas. Apesar de ser um m\u00e9todo artesanal, pode irritar peles sens\u00edveis se ocorrer tra\u00e7\u00e3o excessiva.<\/li>\n<\/ul>\n<\/section>\n<section>\n<h2>Cuidados antes da depila\u00e7\u00e3o para quem tem pele sens\u00edvel<\/h2>\n<ul>\n<li><strong>Higieniza\u00e7\u00e3o:<\/strong> Lave a \u00e1rea com sabonete neutro para remover impurezas e res\u00edduos de produtos.<\/li>\n<li><strong>Esfolia\u00e7\u00e3o leve:<\/strong> Fa\u00e7a uma esfolia\u00e7\u00e3o suave de 2 a 3 dias antes da depila\u00e7\u00e3o para evitar pelos encravados e facilitar a remo\u00e7\u00e3o dos pelos.<\/li>\n<li><strong>Evite \u00e1cidos e retin\u00f3ides:<\/strong> Suspender o uso uma semana antes evita que a pele fique ainda mais sensibilizada.<\/li>\n<li><strong>Hidrata\u00e7\u00e3o:<\/strong> Mantenha a pele bem hidratada nos dias que antecedem a depila\u00e7\u00e3o, por\u00e9m evite aplicar cremes no dia do procedimento.<\/li>\n<\/ul>\n<\/section>\n<section>\n<h2>Passo a passo para depilar peles sens\u00edveis sem agredir<\/h2>\n<ol>\n<li>Escolha o m\u00e9todo mais indicado considerando seu tipo de pele e regi\u00e3o corporal.<\/li>\n<li>Teste um pequeno espa\u00e7o do produto ou cera no antebra\u00e7o e aguarde 24h para descartar rea\u00e7\u00f5es al\u00e9rgicas.<\/li>\n<li>Respeite o sentido de crescimento do pelo ao depilar e evite passar mais de uma vez no mesmo local.<\/li>\n<li>Utilize produtos calmantes p\u00f3s-depila\u00e7\u00e3o sem \u00e1lcool, preferencialmente \u00e0 base de aloe vera, camomila ou \u00e1gua termal.<\/li>\n<li>Evite exposi\u00e7\u00e3o solar nas primeiras 48h e use protetor solar nas \u00e1reas expostas.<\/li>\n<\/ol>\n<\/section>\n<section>\n<h2>Dicas extras para evitar alergias e foliculite<\/h2>\n<ul>\n<li>Evite roupas apertadas logo ap\u00f3s a depila\u00e7\u00e3o.<\/li>\n<li>Nunca compartilhe materiais de depila\u00e7\u00e3o.<\/li>\n<li>Mantenha uma rotina frequente de esfolia\u00e7\u00e3o leve.<\/li>\n<li>Consulte um profissional caso apresente bolhas, vermelhid\u00e3o persistente ou coceira intensa.<\/li>\n<\/ul>\n<\/section>\n<section>\n<h2>Perguntas frequentes sobre depila\u00e7\u00e3o em pele sens\u00edvel<\/h2>\n<dl>\n<dt>Qual \u00e9 a melhor cera para pele sens\u00edvel?<\/dt>\n<dd>Ceras indicadas para peles sens\u00edveis t\u00eam base de mel, camomila, azuleno ou aloe vera. Prefira as sem fragr\u00e2ncias e corantes artificiais.<\/dd>\n<dt>Peles sens\u00edveis podem fazer depila\u00e7\u00e3o a laser?<\/dt>\n<dd>Sim, desde que avaliada por um profissional e com equipamentos adequados. Em geral, o laser pode at\u00e9 melhorar problemas de irrita\u00e7\u00e3o recorrente.<\/dd>\n<dt>Como diminuir a dor na depila\u00e7\u00e3o?<\/dt>\n<dd>Compressas frias antes e depois colaboram para reduzir a sensa\u00e7\u00e3o de ardor e inflama\u00e7\u00e3o. T\u00e9cnicas com cera morna\/hidrossol\u00favel tendem a ser menos doloridas.<\/dd>\n<\/dl>\n<\/section>\n<section>\n<h2>Considera\u00e7\u00f5es finais<\/h2>\n<p>A depila\u00e7\u00e3o em peles sens\u00edveis exige escolha cuidadosa de produtos, m\u00e9todos e um olhar atento aos sinais da sua pele. Respeitar o tempo de recupera\u00e7\u00e3o, usar produtos adequados e contar com a orienta\u00e7\u00e3o de profissionais capacitados s\u00e3o passos essenciais para garantir uma pele mais lisa, saud\u00e1vel e sem desconfortos.<\/p>\n<p>Se notar sinais intensos de irrita\u00e7\u00e3o, procure sempre um dermatologista. Lembre-se: pele sens\u00edvel pode, sim, ficar livre de pelos com seguran\u00e7a e conforto!<\/p>\n<\/section>\n<\/article>\n","protected":false},"excerpt":{"rendered":"<p>Depila\u00e7\u00e3o para Pele Sens\u00edvel: Guia Completo para Evitar Irrita\u00e7\u00f5es e Garantir Conforto O que \u00e9 considerado uma pele sens\u00edvel? Pele sens\u00edvel \u00e9 aquela que reage facilmente a agentes externos, apresentando vermelhid\u00e3o, ard\u00eancia, coceira ou at\u00e9 descama\u00e7\u00e3o ap\u00f3s contato com produtos ou procedimentos. Pessoas com esse tipo de pele precisam de aten\u00e7\u00e3o especial ao escolher m\u00e9todos &hellip;<\/p>\n<p class=\"read-more\"> <a class=\"\" href=\"https:\/\/fernandadepilacao.com.br\/portal\/2025\/08\/depilacao-pele-sensivel-guia-completo\/\"> <span class=\"screen-reader-text\">Depila\u00e7\u00e3o para Pele Sens\u00edvel: Guia Completo para Evitar Irrita\u00e7\u00f5es e Garantir Conforto<\/span> Leia mais &raquo;<\/a><\/p>\n","protected":false},"author":1,"featured_media":411,"comment_status":"open","ping_status":"open","sticky":false,"template":"","format":"standard","meta":[],"categories":[15],"tags":[],"yoast_head":"<!-- This site is optimized with the Yoast SEO plugin v18.4.1 - https:\/\/yoast.com\/wordpress\/plugins\/seo\/ -->\n<title>Depila\u00e7\u00e3o para Pele Sens\u00edvel: Guia Completo para Evitar Irrita\u00e7\u00f5es e Garantir Conforto - Fernanda Depila\u00e7\u00e3o<\/title>\n<meta name=\"robots\" content=\"index, follow, max-snippet:-1, max-image-preview:large, max-video-preview:-1\" \/>\n<link rel=\"canonical\" href=\"https:\/\/fernandadepilacao.com.br\/portal\/2025\/08\/depilacao-pele-sensivel-guia-completo\/\" \/>\n<meta property=\"og:locale\" content=\"pt_BR\" \/>\n<meta property=\"og:type\" content=\"article\" \/>\n<meta property=\"og:title\" content=\"Depila\u00e7\u00e3o para Pele Sens\u00edvel: Guia Completo para Evitar Irrita\u00e7\u00f5es e Garantir Conforto - Fernanda Depila\u00e7\u00e3o\" \/>\n<meta property=\"og:description\" content=\"Depila\u00e7\u00e3o para Pele Sens\u00edvel: Guia Completo para Evitar Irrita\u00e7\u00f5es e Garantir Conforto O que \u00e9 considerado uma pele sens\u00edvel? Pele sens\u00edvel \u00e9 aquela que reage facilmente a agentes externos, apresentando vermelhid\u00e3o, ard\u00eancia, coceira ou at\u00e9 descama\u00e7\u00e3o ap\u00f3s contato com produtos ou procedimentos. Pessoas com esse tipo de pele precisam de aten\u00e7\u00e3o especial ao escolher m\u00e9todos &hellip; Depila\u00e7\u00e3o para Pele Sens\u00edvel: Guia Completo para Evitar Irrita\u00e7\u00f5es e Garantir Conforto Leia mais &raquo;\" \/>\n<meta property=\"og:url\" content=\"https:\/\/fernandadepilacao.com.br\/portal\/2025\/08\/depilacao-pele-sensivel-guia-completo\/\" \/>\n<meta property=\"og:site_name\" content=\"Fernanda Depila\u00e7\u00e3o\" \/>\n<meta property=\"article:publisher\" content=\"https:\/\/www.facebook.com\/ferjobdepilacao\" \/>\n<meta property=\"article:published_time\" content=\"2025-08-22T19:01:29+00:00\" \/>\n<meta property=\"article:modified_time\" content=\"2025-08-22T21:00:19+00:00\" \/>\n<meta property=\"og:image\" content=\"https:\/\/fernandadepilacao.com.br\/portal\/wp-content\/uploads\/2025\/08\/20250822160127.png\" \/>\n\t<meta property=\"og:image:width\" content=\"500\" \/>\n\t<meta property=\"og:image:height\" content=\"500\" \/>\n\t<meta property=\"og:image:type\" content=\"image\/png\" \/>\n<meta name=\"twitter:card\" content=\"summary_large_image\" \/>\n<meta name=\"twitter:label1\" content=\"Escrito por\" \/>\n\t<meta name=\"twitter:data1\" content=\"fernandajob\" \/>\n\t<meta name=\"twitter:label2\" content=\"Est. tempo de leitura\" \/>\n\t<meta name=\"twitter:data2\" content=\"4 minutos\" \/>\n<script type=\"application\/ld+json\" class=\"yoast-schema-graph\">{\"@context\":\"https:\/\/schema.org\",\"@graph\":[{\"@type\":\"Organization\",\"@id\":\"https:\/\/fernandadepilacao.com.br\/portal\/#organization\",\"name\":\"Fernanda Depila\u00e7\u00e3o\",\"url\":\"https:\/\/fernandadepilacao.com.br\/portal\/\",\"sameAs\":[\"https:\/\/www.facebook.com\/ferjobdepilacao\",\"http:\/\/instagram.com\/fernanda_job\"],\"logo\":{\"@type\":\"ImageObject\",\"@id\":\"https:\/\/fernandadepilacao.com.br\/portal\/#logo\",\"inLanguage\":\"pt-BR\",\"url\":\"http:\/\/fernandadepilacao.com.br\/portal\/wp-content\/uploads\/2021\/03\/logo_fernanda.png\",\"contentUrl\":\"http:\/\/fernandadepilacao.com.br\/portal\/wp-content\/uploads\/2021\/03\/logo_fernanda.png\",\"width\":673,\"height\":688,\"caption\":\"Fernanda Depila\u00e7\u00e3o\"},\"image\":{\"@id\":\"https:\/\/fernandadepilacao.com.br\/portal\/#logo\"}},{\"@type\":\"WebSite\",\"@id\":\"https:\/\/fernandadepilacao.com.br\/portal\/#website\",\"url\":\"https:\/\/fernandadepilacao.com.br\/portal\/\",\"name\":\"Fernanda Depila\u00e7\u00e3o\",\"description\":\"\",\"publisher\":{\"@id\":\"https:\/\/fernandadepilacao.com.br\/portal\/#organization\"},\"potentialAction\":[{\"@type\":\"SearchAction\",\"target\":{\"@type\":\"EntryPoint\",\"urlTemplate\":\"https:\/\/fernandadepilacao.com.br\/portal\/?s={search_term_string}\"},\"query-input\":\"required name=search_term_string\"}],\"inLanguage\":\"pt-BR\"},{\"@type\":\"ImageObject\",\"@id\":\"https:\/\/fernandadepilacao.com.br\/portal\/2025\/08\/depilacao-pele-sensivel-guia-completo\/#primaryimage\",\"inLanguage\":\"pt-BR\",\"url\":\"https:\/\/fernandadepilacao.com.br\/portal\/wp-content\/uploads\/2025\/08\/20250822160127.png\",\"contentUrl\":\"https:\/\/fernandadepilacao.com.br\/portal\/wp-content\/uploads\/2025\/08\/20250822160127.png\",\"width\":500,\"height\":500},{\"@type\":\"WebPage\",\"@id\":\"https:\/\/fernandadepilacao.com.br\/portal\/2025\/08\/depilacao-pele-sensivel-guia-completo\/#webpage\",\"url\":\"https:\/\/fernandadepilacao.com.br\/portal\/2025\/08\/depilacao-pele-sensivel-guia-completo\/\",\"name\":\"Depila\u00e7\u00e3o para Pele Sens\u00edvel: Guia Completo para Evitar Irrita\u00e7\u00f5es e Garantir Conforto - Fernanda Depila\u00e7\u00e3o\",\"isPartOf\":{\"@id\":\"https:\/\/fernandadepilacao.com.br\/portal\/#website\"},\"primaryImageOfPage\":{\"@id\":\"https:\/\/fernandadepilacao.com.br\/portal\/2025\/08\/depilacao-pele-sensivel-guia-completo\/#primaryimage\"},\"datePublished\":\"2025-08-22T19:01:29+00:00\",\"dateModified\":\"2025-08-22T21:00:19+00:00\",\"breadcrumb\":{\"@id\":\"https:\/\/fernandadepilacao.com.br\/portal\/2025\/08\/depilacao-pele-sensivel-guia-completo\/#breadcrumb\"},\"inLanguage\":\"pt-BR\",\"potentialAction\":[{\"@type\":\"ReadAction\",\"target\":[\"https:\/\/fernandadepilacao.com.br\/portal\/2025\/08\/depilacao-pele-sensivel-guia-completo\/\"]}]},{\"@type\":\"BreadcrumbList\",\"@id\":\"https:\/\/fernandadepilacao.com.br\/portal\/2025\/08\/depilacao-pele-sensivel-guia-completo\/#breadcrumb\",\"itemListElement\":[{\"@type\":\"ListItem\",\"position\":1,\"name\":\"In\u00edcio\",\"item\":\"http:\/\/fernandadepilacao.com.br\/portal\/\"},{\"@type\":\"ListItem\",\"position\":2,\"name\":\"Depila\u00e7\u00e3o para Pele Sens\u00edvel: Guia Completo para Evitar Irrita\u00e7\u00f5es e Garantir Conforto\"}]},{\"@type\":\"Article\",\"@id\":\"https:\/\/fernandadepilacao.com.br\/portal\/2025\/08\/depilacao-pele-sensivel-guia-completo\/#article\",\"isPartOf\":{\"@id\":\"https:\/\/fernandadepilacao.com.br\/portal\/2025\/08\/depilacao-pele-sensivel-guia-completo\/#webpage\"},\"author\":{\"@id\":\"https:\/\/fernandadepilacao.com.br\/portal\/#\/schema\/person\/d00644c3bbfd9fd17711767a3b1abbd0\"},\"headline\":\"Depila\u00e7\u00e3o para Pele Sens\u00edvel: Guia Completo para Evitar Irrita\u00e7\u00f5es e Garantir Conforto\",\"datePublished\":\"2025-08-22T19:01:29+00:00\",\"dateModified\":\"2025-08-22T21:00:19+00:00\",\"mainEntityOfPage\":{\"@id\":\"https:\/\/fernandadepilacao.com.br\/portal\/2025\/08\/depilacao-pele-sensivel-guia-completo\/#webpage\"},\"wordCount\":769,\"commentCount\":0,\"publisher\":{\"@id\":\"https:\/\/fernandadepilacao.com.br\/portal\/#organization\"},\"image\":{\"@id\":\"https:\/\/fernandadepilacao.com.br\/portal\/2025\/08\/depilacao-pele-sensivel-guia-completo\/#primaryimage\"},\"thumbnailUrl\":\"https:\/\/fernandadepilacao.com.br\/portal\/wp-content\/uploads\/2025\/08\/20250822160127.png\",\"articleSection\":[\"Beleza\"],\"inLanguage\":\"pt-BR\",\"potentialAction\":[{\"@type\":\"CommentAction\",\"name\":\"Comment\",\"target\":[\"https:\/\/fernandadepilacao.com.br\/portal\/2025\/08\/depilacao-pele-sensivel-guia-completo\/#respond\"]}]},{\"@type\":\"Person\",\"@id\":\"https:\/\/fernandadepilacao.com.br\/portal\/#\/schema\/person\/d00644c3bbfd9fd17711767a3b1abbd0\",\"name\":\"fernandajob\",\"image\":{\"@type\":\"ImageObject\",\"@id\":\"https:\/\/fernandadepilacao.com.br\/portal\/#personlogo\",\"inLanguage\":\"pt-BR\",\"url\":\"https:\/\/secure.gravatar.com\/avatar\/6c2268a68d69a325906fbdccd74b18e6?s=96&d=mm&r=g\",\"contentUrl\":\"https:\/\/secure.gravatar.com\/avatar\/6c2268a68d69a325906fbdccd74b18e6?s=96&d=mm&r=g\",\"caption\":\"fernandajob\"},\"sameAs\":[\"http:\/\/fernandadepilacao.com.br\/portal\"]}]}<\/script>\n<!-- \/ Yoast SEO plugin. -->","yoast_head_json":{"title":"Depila\u00e7\u00e3o para Pele Sens\u00edvel: Guia Completo para Evitar Irrita\u00e7\u00f5es e Garantir Conforto - Fernanda Depila\u00e7\u00e3o","robots":{"index":"index","follow":"follow","max-snippet":"max-snippet:-1","max-image-preview":"max-image-preview:large","max-video-preview":"max-video-preview:-1"},"canonical":"https:\/\/fernandadepilacao.com.br\/portal\/2025\/08\/depilacao-pele-sensivel-guia-completo\/","og_locale":"pt_BR","og_type":"article","og_title":"Depila\u00e7\u00e3o para Pele Sens\u00edvel: Guia Completo para Evitar Irrita\u00e7\u00f5es e Garantir Conforto - Fernanda Depila\u00e7\u00e3o","og_description":"Depila\u00e7\u00e3o para Pele Sens\u00edvel: Guia Completo para Evitar Irrita\u00e7\u00f5es e Garantir Conforto O que \u00e9 considerado uma pele sens\u00edvel? Pele sens\u00edvel \u00e9 aquela que reage facilmente a agentes externos, apresentando vermelhid\u00e3o, ard\u00eancia, coceira ou at\u00e9 descama\u00e7\u00e3o ap\u00f3s contato com produtos ou procedimentos. Pessoas com esse tipo de pele precisam de aten\u00e7\u00e3o especial ao escolher m\u00e9todos &hellip; Depila\u00e7\u00e3o para Pele Sens\u00edvel: Guia Completo para Evitar Irrita\u00e7\u00f5es e Garantir Conforto Leia mais &raquo;","og_url":"https:\/\/fernandadepilacao.com.br\/portal\/2025\/08\/depilacao-pele-sensivel-guia-completo\/","og_site_name":"Fernanda Depila\u00e7\u00e3o","article_publisher":"https:\/\/www.facebook.com\/ferjobdepilacao","article_published_time":"2025-08-22T19:01:29+00:00","article_modified_time":"2025-08-22T21:00:19+00:00","og_image":[{"width":500,"height":500,"url":"https:\/\/fernandadepilacao.com.br\/portal\/wp-content\/uploads\/2025\/08\/20250822160127.png","type":"image\/png"}],"twitter_card":"summary_large_image","twitter_misc":{"Escrito por":"fernandajob","Est. tempo de leitura":"4 minutos"},"schema":{"@context":"https:\/\/schema.org","@graph":[{"@type":"Organization","@id":"https:\/\/fernandadepilacao.com.br\/portal\/#organization","name":"Fernanda Depila\u00e7\u00e3o","url":"https:\/\/fernandadepilacao.com.br\/portal\/","sameAs":["https:\/\/www.facebook.com\/ferjobdepilacao","http:\/\/instagram.com\/fernanda_job"],"logo":{"@type":"ImageObject","@id":"https:\/\/fernandadepilacao.com.br\/portal\/#logo","inLanguage":"pt-BR","url":"http:\/\/fernandadepilacao.com.br\/portal\/wp-content\/uploads\/2021\/03\/logo_fernanda.png","contentUrl":"http:\/\/fernandadepilacao.com.br\/portal\/wp-content\/uploads\/2021\/03\/logo_fernanda.png","width":673,"height":688,"caption":"Fernanda Depila\u00e7\u00e3o"},"image":{"@id":"https:\/\/fernandadepilacao.com.br\/portal\/#logo"}},{"@type":"WebSite","@id":"https:\/\/fernandadepilacao.com.br\/portal\/#website","url":"https:\/\/fernandadepilacao.com.br\/portal\/","name":"Fernanda Depila\u00e7\u00e3o","description":"","publisher":{"@id":"https:\/\/fernandadepilacao.com.br\/portal\/#organization"},"potentialAction":[{"@type":"SearchAction","target":{"@type":"EntryPoint","urlTemplate":"https:\/\/fernandadepilacao.com.br\/portal\/?s={search_term_string}"},"query-input":"required name=search_term_string"}],"inLanguage":"pt-BR"},{"@type":"ImageObject","@id":"https:\/\/fernandadepilacao.com.br\/portal\/2025\/08\/depilacao-pele-sensivel-guia-completo\/#primaryimage","inLanguage":"pt-BR","url":"https:\/\/fernandadepilacao.com.br\/portal\/wp-content\/uploads\/2025\/08\/20250822160127.png","contentUrl":"https:\/\/fernandadepilacao.com.br\/portal\/wp-content\/uploads\/2025\/08\/20250822160127.png","width":500,"height":500},{"@type":"WebPage","@id":"https:\/\/fernandadepilacao.com.br\/portal\/2025\/08\/depilacao-pele-sensivel-guia-completo\/#webpage","url":"https:\/\/fernandadepilacao.com.br\/portal\/2025\/08\/depilacao-pele-sensivel-guia-completo\/","name":"Depila\u00e7\u00e3o para Pele Sens\u00edvel: Guia Completo para Evitar Irrita\u00e7\u00f5es e Garantir Conforto - Fernanda Depila\u00e7\u00e3o","isPartOf":{"@id":"https:\/\/fernandadepilacao.com.br\/portal\/#website"},"primaryImageOfPage":{"@id":"https:\/\/fernandadepilacao.com.br\/portal\/2025\/08\/depilacao-pele-sensivel-guia-completo\/#primaryimage"},"datePublished":"2025-08-22T19:01:29+00:00","dateModified":"2025-08-22T21:00:19+00:00","breadcrumb":{"@id":"https:\/\/fernandadepilacao.com.br\/portal\/2025\/08\/depilacao-pele-sensivel-guia-completo\/#breadcrumb"},"inLanguage":"pt-BR","potentialAction":[{"@type":"ReadAction","target":["https:\/\/fernandadepilacao.com.br\/portal\/2025\/08\/depilacao-pele-sensivel-guia-completo\/"]}]},{"@type":"BreadcrumbList","@id":"https:\/\/fernandadepilacao.com.br\/portal\/2025\/08\/depilacao-pele-sensivel-guia-completo\/#breadcrumb","itemListElement":[{"@type":"ListItem","position":1,"name":"In\u00edcio","item":"http:\/\/fernandadepilacao.com.br\/portal\/"},{"@type":"ListItem","position":2,"name":"Depila\u00e7\u00e3o para Pele Sens\u00edvel: Guia Completo para Evitar Irrita\u00e7\u00f5es e Garantir Conforto"}]},{"@type":"Article","@id":"https:\/\/fernandadepilacao.com.br\/portal\/2025\/08\/depilacao-pele-sensivel-guia-completo\/#article","isPartOf":{"@id":"https:\/\/fernandadepilacao.com.br\/portal\/2025\/08\/depilacao-pele-sensivel-guia-completo\/#webpage"},"author":{"@id":"https:\/\/fernandadepilacao.com.br\/portal\/#\/schema\/person\/d00644c3bbfd9fd17711767a3b1abbd0"},"headline":"Depila\u00e7\u00e3o para Pele Sens\u00edvel: Guia Completo para Evitar Irrita\u00e7\u00f5es e Garantir Conforto","datePublished":"2025-08-22T19:01:29+00:00","dateModified":"2025-08-22T21:00:19+00:00","mainEntityOfPage":{"@id":"https:\/\/fernandadepilacao.com.br\/portal\/2025\/08\/depilacao-pele-sensivel-guia-completo\/#webpage"},"wordCount":769,"commentCount":0,"publisher":{"@id":"https:\/\/fernandadepilacao.com.br\/portal\/#organization"},"image":{"@id":"https:\/\/fernandadepilacao.com.br\/portal\/2025\/08\/depilacao-pele-sensivel-guia-completo\/#primaryimage"},"thumbnailUrl":"https:\/\/fernandadepilacao.com.br\/portal\/wp-content\/uploads\/2025\/08\/20250822160127.png","articleSection":["Beleza"],"inLanguage":"pt-BR","potentialAction":[{"@type":"CommentAction","name":"Comment","target":["https:\/\/fernandadepilacao.com.br\/portal\/2025\/08\/depilacao-pele-sensivel-guia-completo\/#respond"]}]},{"@type":"Person","@id":"https:\/\/fernandadepilacao.com.br\/portal\/#\/schema\/person\/d00644c3bbfd9fd17711767a3b1abbd0","name":"fernandajob","image":{"@type":"ImageObject","@id":"https:\/\/fernandadepilacao.com.br\/portal\/#personlogo","inLanguage":"pt-BR","url":"https:\/\/secure.gravatar.com\/avatar\/6c2268a68d69a325906fbdccd74b18e6?s=96&d=mm&r=g","contentUrl":"https:\/\/secure.gravatar.com\/avatar\/6c2268a68d69a325906fbdccd74b18e6?s=96&d=mm&r=g","caption":"fernandajob"},"sameAs":["http:\/\/fernandadepilacao.com.br\/portal"]}]}},"uagb_featured_image_src":{"full":["https:\/\/fernandadepilacao.com.br\/portal\/wp-content\/uploads\/2025\/08\/20250822160127.png",500,500,false],"thumbnail":["https:\/\/fernandadepilacao.com.br\/portal\/wp-content\/uploads\/2025\/08\/20250822160127-150x150.png",150,150,true],"medium":["https:\/\/fernandadepilacao.com.br\/portal\/wp-content\/uploads\/2025\/08\/20250822160127-300x300.png",300,300,true],"medium_large":["https:\/\/fernandadepilacao.com.br\/portal\/wp-content\/uploads\/2025\/08\/20250822160127.png",500,500,false],"large":["https:\/\/fernandadepilacao.com.br\/portal\/wp-content\/uploads\/2025\/08\/20250822160127.png",500,500,false],"1536x1536":["https:\/\/fernandadepilacao.com.br\/portal\/wp-content\/uploads\/2025\/08\/20250822160127.png",500,500,false],"2048x2048":["https:\/\/fernandadepilacao.com.br\/portal\/wp-content\/uploads\/2025\/08\/20250822160127.png",500,500,false]},"uagb_author_info":{"display_name":"fernandajob","author_link":"https:\/\/fernandadepilacao.com.br\/portal\/author\/fernandajob\/"},"uagb_comment_info":0,"uagb_excerpt":"Depila\u00e7\u00e3o para Pele Sens\u00edvel: Guia Completo para Evitar Irrita\u00e7\u00f5es e Garantir Conforto O que \u00e9 considerado uma pele sens\u00edvel? Pele sens\u00edvel \u00e9 aquela que reage facilmente a agentes externos, apresentando vermelhid\u00e3o, ard\u00eancia, coceira ou at\u00e9 descama\u00e7\u00e3o ap\u00f3s contato com produtos ou procedimentos. Pessoas com esse tipo de pele precisam de aten\u00e7\u00e3o especial ao escolher m\u00e9todos&hellip;","_links":{"self":[{"href":"https:\/\/fernandadepilacao.com.br\/portal\/wp-json\/wp\/v2\/posts\/412"}],"collection":[{"href":"https:\/\/fernandadepilacao.com.br\/portal\/wp-json\/wp\/v2\/posts"}],"about":[{"href":"https:\/\/fernandadepilacao.com.br\/portal\/wp-json\/wp\/v2\/types\/post"}],"author":[{"embeddable":true,"href":"https:\/\/fernandadepilacao.com.br\/portal\/wp-json\/wp\/v2\/users\/1"}],"replies":[{"embeddable":true,"href":"https:\/\/fernandadepilacao.com.br\/portal\/wp-json\/wp\/v2\/comments?post=412"}],"version-history":[{"count":1,"href":"https:\/\/fernandadepilacao.com.br\/portal\/wp-json\/wp\/v2\/posts\/412\/revisions"}],"predecessor-version":[{"id":413,"href":"https:\/\/fernandadepilacao.com.br\/portal\/wp-json\/wp\/v2\/posts\/412\/revisions\/413"}],"wp:featuredmedia":[{"embeddable":true,"href":"https:\/\/fernandadepilacao.com.br\/portal\/wp-json\/wp\/v2\/media\/411"}],"wp:attachment":[{"href":"https:\/\/fernandadepilacao.com.br\/portal\/wp-json\/wp\/v2\/media?parent=412"}],"wp:term":[{"taxonomy":"category","embeddable":true,"href":"https:\/\/fernandadepilacao.com.br\/portal\/wp-json\/wp\/v2\/categories?post=412"},{"taxonomy":"post_tag","embeddable":true,"href":"https:\/\/fernandadepilacao.com.br\/portal\/wp-json\/wp\/v2\/tags?post=412"}],"curies":[{"name":"wp","href":"https:\/\/api.w.org\/{rel}","templated":true}]}}