{"id":409,"date":"2025-08-20T16:01:47","date_gmt":"2025-08-20T19:01:47","guid":{"rendered":"https:\/\/fernandadepilacao.com.br\/portal\/2025\/08\/como-prevenir-e-tratar-manchas-na-pele-apos-a-depilacao\/"},"modified":"2025-08-20T18:00:21","modified_gmt":"2025-08-20T21:00:21","slug":"como-prevenir-e-tratar-manchas-na-pele-apos-a-depilacao","status":"publish","type":"post","link":"https:\/\/fernandadepilacao.com.br\/portal\/2025\/08\/como-prevenir-e-tratar-manchas-na-pele-apos-a-depilacao\/","title":{"rendered":"Como Prevenir e Tratar Manchas na Pele Ap\u00f3s a Depila\u00e7\u00e3o"},"content":{"rendered":"<article>\n<header>\n<h1>Depila\u00e7\u00e3o e Manchas na Pele: Entenda, Previna e Trate<\/h1>\n<p>    <meta name=\"description\" content=\"Descubra tudo sobre depila\u00e7\u00e3o e manchas na pele. Entenda as causas, saiba como prevenir e confira dicas profissionais para evitar e tratar manchas p\u00f3s-depila\u00e7\u00e3o com seguran\u00e7a.\" \/><br \/>\n  <\/header>\n<section>\n<h2>O que s\u00e3o as manchas ap\u00f3s a depila\u00e7\u00e3o?<\/h2>\n<p>\n      Muitas pessoas buscam uma pele lisinha e livre de pelos, mas se preocupam com um efeito colateral comum: as manchas p\u00f3s-depila\u00e7\u00e3o. Seja ap\u00f3s depila\u00e7\u00e3o com cera, l\u00e2mina, creme depilat\u00f3rio ou at\u00e9 mesmo depila\u00e7\u00e3o a laser, \u00e9 poss\u00edvel que a pele desenvolva manchas mais escuras ou at\u00e9 avermelhadas. Essas &#8220;marcas&#8221; s\u00e3o conhecidas como <strong>hiperpigmenta\u00e7\u00f5es p\u00f3s-inflamat\u00f3rias<\/strong> e podem surgir por v\u00e1rios motivos ligados ao processo depilat\u00f3rio.\n    <\/p>\n<\/section>\n<section>\n<h2>Principais causas das manchas ap\u00f3s a depila\u00e7\u00e3o<\/h2>\n<ul>\n<li><strong>Irrita\u00e7\u00e3o e inflama\u00e7\u00e3o:<\/strong> A retirada dos pelos, principalmente quando feita de forma agressiva, pode causar pequenas inflama\u00e7\u00f5es que estimulam a produ\u00e7\u00e3o de melanina, resultando em manchas.<\/li>\n<li><strong>Exposi\u00e7\u00e3o solar:<\/strong> Tomar sol logo ap\u00f3s se depilar deixa a pele mais sens\u00edvel e vulner\u00e1vel ao escurecimento.<\/li>\n<li><strong>Microles\u00f5es:<\/strong> Pequenos cortes, arranh\u00f5es ou agress\u00f5es durante a depila\u00e7\u00e3o facilitam a forma\u00e7\u00e3o de manchas.<\/li>\n<li><strong>Uso inadequado de l\u00e2mina\/ cera muito quente:<\/strong> Pr\u00e1ticas erradas podem &#8220;queimar&#8221; ou sensibilizar ainda mais a pele.<\/li>\n<li><strong>Hist\u00f3rico de pele sens\u00edvel ou predisposi\u00e7\u00e3o gen\u00e9tica:<\/strong> Algumas pessoas apresentam mais tend\u00eancia ao aparecimento de manchas.<\/li>\n<\/ul>\n<\/section>\n<section>\n<h2>Tipos de depila\u00e7\u00e3o e rela\u00e7\u00e3o com manchas<\/h2>\n<p>\n      Cada m\u00e9todo depilat\u00f3rio pode desencadear rea\u00e7\u00f5es diferentes em cada pele. Veja como os principais m\u00e9todos se relacionam com as manchas:\n    <\/p>\n<ul>\n<li><strong>Cera quente\/fria:<\/strong> Pode causar trauma na pele, principalmente se o produto estiver muito quente ou se a cera for puxada de forma inadequada.<\/li>\n<li><strong>L\u00e2mina:<\/strong> O uso frequente da l\u00e2mina pode provocar irrita\u00e7\u00e3o, foliculite (inflama\u00e7\u00e3o do pelo encravado) e escurecimento gradual.<\/li>\n<li><strong>Creme depilat\u00f3rio:<\/strong> Produtos qu\u00edmicos podem sensibilizar ou at\u00e9 causar rea\u00e7\u00f5es al\u00e9rgicas, aumentando o risco de manchas.<\/li>\n<li><strong>Depila\u00e7\u00e3o a laser:<\/strong> Apesar de ser menos agressiva a longo prazo, o laser demanda muitos cuidados p\u00f3s-sess\u00e3o, principalmente quanto ao sol.<\/li>\n<\/ul>\n<\/section>\n<section>\n<h2>Como prevenir manchas causadas pela depila\u00e7\u00e3o?<\/h2>\n<p>Confira as principais dicas para evitar manchas ap\u00f3s depilar:<\/p>\n<ol>\n<li><strong>Higienize bem a regi\u00e3o antes e depois da depila\u00e7\u00e3o<\/strong><\/li>\n<li><strong>Evite depilar a pele lesionada, com cortes ou machucados<\/strong><\/li>\n<li><strong>N\u00e3o se exponha ao sol pelo menos 48 horas ap\u00f3s a depila\u00e7\u00e3o<\/strong> \u2013 use sempre protetor solar nas \u00e1reas expostas<\/li>\n<li><strong>Escolha o m\u00e9todo mais adequado ao seu tipo de pele<\/strong><\/li>\n<li><strong>Hidrate a pele diariamente<\/strong>, especialmente ap\u00f3s depilar<\/li>\n<li><strong>Use produtos calmantes e cicatrizantes<\/strong>, como \u00e1gua termal, gel de camomila ou aloe vera<\/li>\n<li><strong>Realize esfolia\u00e7\u00e3o semanalmente<\/strong> \u2013 mas nunca imediatamente ap\u00f3s depilar<\/li>\n<\/ol>\n<p>Todas essas dicas ajudam a diminuir o risco de manchas e deixam a pele mais protegida!<\/p>\n<\/section>\n<section>\n<h2>Como clarear manchas de depila\u00e7\u00e3o?<\/h2>\n<p>\n      Se voc\u00ea j\u00e1 percebeu o surgimento de manchas escuras ap\u00f3s se depilar, procure um dermatologista ou profissional de est\u00e9tica. Ele poder\u00e1 indicar os melhores tratamentos, como:\n    <\/p>\n<ul>\n<li><strong>Cremes despigmentantes:<\/strong> Produtos com \u00e1cido k\u00f3jico, hidroquinona, \u00e1cido glic\u00f3lico ou vitamina C.<\/li>\n<li><strong>Peelings qu\u00edmicos:<\/strong> Renova a pele e auxilia no clareamento.<\/li>\n<li><strong>Dermoabras\u00e3o:<\/strong> Procedimentos para remover suavemente as c\u00e9lulas superficiais.<\/li>\n<li><strong>Tratamentos a laser:<\/strong> Espec\u00edficos para remo\u00e7\u00e3o de manchas escuras.<\/li>\n<\/ul>\n<p>\n      Lembre-se: a automedica\u00e7\u00e3o pode agravar o problema. Siga sempre a orienta\u00e7\u00e3o de um profissional qualificado.\n    <\/p>\n<\/section>\n<section>\n<h2>Perguntas frequentes sobre depila\u00e7\u00e3o e manchas<\/h2>\n<dl>\n<dt><strong>Manchas de depila\u00e7\u00e3o saem com o tempo?<\/strong><\/dt>\n<dd>\n        Em muitos casos, sim. As manchas podem clarear de forma gradual, especialmente com cuidados adequados, hidrata\u00e7\u00e3o e prote\u00e7\u00e3o solar.\n      <\/dd>\n<dt><strong>\u00c9 poss\u00edvel depilar quem j\u00e1 tem manchas?<\/strong><\/dt>\n<dd>\n        Pode, desde que feito de forma cuidadosa. O ideal \u00e9 evitar m\u00e9todos agressivos at\u00e9 que o problema seja resolvido.\n      <\/dd>\n<dt><strong>O que passar na pele ap\u00f3s a depila\u00e7\u00e3o para evitar manchas?<\/strong><\/dt>\n<dd>\n        Produtos calmantes e hidratantes, como \u00e1gua termal, gel de aloe vera e lo\u00e7\u00f5es p\u00f3s-depilat\u00f3rias.<\/dd>\n<dt><strong>L\u00e2mina mancha a pele?<\/strong><\/dt>\n<dd>\n        Sim, quando usada rotineiramente e de forma inadequada, pode causar escurecimento, principalmente em \u00e1reas de atrito, como virilha e axilas.\n      <\/dd>\n<\/dl>\n<\/section>\n<section>\n<h2>Conclus\u00e3o<\/h2>\n<p>\n      O cuidado com a pele vai muito al\u00e9m de apenas tirar os pelos. Prevenindo manchas e conhecendo os m\u00e9todos certos de depila\u00e7\u00e3o, voc\u00ea conquista uma pele lisinha, saud\u00e1vel e bonita por muito mais tempo. Se notar qualquer altera\u00e7\u00e3o, n\u00e3o hesite em buscar orienta\u00e7\u00e3o profissional para garantir seguran\u00e7a e bem-estar.\n    <\/p>\n<p><strong>Palavras-chave:<\/strong> depila\u00e7\u00e3o manchas, como evitar manchas na depila\u00e7\u00e3o, pele manchada depila\u00e7\u00e3o, clarear manchas depila\u00e7\u00e3o, cuidados p\u00f3s-depila\u00e7\u00e3o.<\/p>\n<\/section>\n<\/article>\n","protected":false},"excerpt":{"rendered":"<p>Depila\u00e7\u00e3o e Manchas na Pele: Entenda, Previna e Trate O que s\u00e3o as manchas ap\u00f3s a depila\u00e7\u00e3o? Muitas pessoas buscam uma pele lisinha e livre de pelos, mas se preocupam com um efeito colateral comum: as manchas p\u00f3s-depila\u00e7\u00e3o. Seja ap\u00f3s depila\u00e7\u00e3o com cera, l\u00e2mina, creme depilat\u00f3rio ou at\u00e9 mesmo depila\u00e7\u00e3o a laser, \u00e9 poss\u00edvel que &hellip;<\/p>\n<p class=\"read-more\"> <a class=\"\" href=\"https:\/\/fernandadepilacao.com.br\/portal\/2025\/08\/como-prevenir-e-tratar-manchas-na-pele-apos-a-depilacao\/\"> <span class=\"screen-reader-text\">Como Prevenir e Tratar Manchas na Pele Ap\u00f3s a Depila\u00e7\u00e3o<\/span> Leia mais &raquo;<\/a><\/p>\n","protected":false},"author":1,"featured_media":408,"comment_status":"open","ping_status":"open","sticky":false,"template":"","format":"standard","meta":[],"categories":[15],"tags":[],"yoast_head":"<!-- This site is optimized with the Yoast SEO plugin v18.4.1 - https:\/\/yoast.com\/wordpress\/plugins\/seo\/ -->\n<title>Como Prevenir e Tratar Manchas na Pele Ap\u00f3s a Depila\u00e7\u00e3o - Fernanda Depila\u00e7\u00e3o<\/title>\n<meta name=\"robots\" content=\"index, follow, max-snippet:-1, max-image-preview:large, max-video-preview:-1\" \/>\n<link rel=\"canonical\" href=\"https:\/\/fernandadepilacao.com.br\/portal\/2025\/08\/como-prevenir-e-tratar-manchas-na-pele-apos-a-depilacao\/\" \/>\n<meta property=\"og:locale\" content=\"pt_BR\" \/>\n<meta property=\"og:type\" content=\"article\" \/>\n<meta property=\"og:title\" content=\"Como Prevenir e Tratar Manchas na Pele Ap\u00f3s a Depila\u00e7\u00e3o - Fernanda Depila\u00e7\u00e3o\" \/>\n<meta property=\"og:description\" content=\"Depila\u00e7\u00e3o e Manchas na Pele: Entenda, Previna e Trate O que s\u00e3o as manchas ap\u00f3s a depila\u00e7\u00e3o? Muitas pessoas buscam uma pele lisinha e livre de pelos, mas se preocupam com um efeito colateral comum: as manchas p\u00f3s-depila\u00e7\u00e3o. Seja ap\u00f3s depila\u00e7\u00e3o com cera, l\u00e2mina, creme depilat\u00f3rio ou at\u00e9 mesmo depila\u00e7\u00e3o a laser, \u00e9 poss\u00edvel que &hellip; Como Prevenir e Tratar Manchas na Pele Ap\u00f3s a Depila\u00e7\u00e3o Leia mais &raquo;\" \/>\n<meta property=\"og:url\" content=\"https:\/\/fernandadepilacao.com.br\/portal\/2025\/08\/como-prevenir-e-tratar-manchas-na-pele-apos-a-depilacao\/\" \/>\n<meta property=\"og:site_name\" content=\"Fernanda Depila\u00e7\u00e3o\" \/>\n<meta property=\"article:publisher\" content=\"https:\/\/www.facebook.com\/ferjobdepilacao\" \/>\n<meta property=\"article:published_time\" content=\"2025-08-20T19:01:47+00:00\" \/>\n<meta property=\"article:modified_time\" content=\"2025-08-20T21:00:21+00:00\" \/>\n<meta property=\"og:image\" content=\"https:\/\/fernandadepilacao.com.br\/portal\/wp-content\/uploads\/2025\/08\/20250820160144.png\" \/>\n\t<meta property=\"og:image:width\" content=\"500\" \/>\n\t<meta property=\"og:image:height\" content=\"500\" \/>\n\t<meta property=\"og:image:type\" content=\"image\/png\" \/>\n<meta name=\"twitter:card\" content=\"summary_large_image\" \/>\n<meta name=\"twitter:label1\" content=\"Escrito por\" \/>\n\t<meta name=\"twitter:data1\" content=\"fernandajob\" \/>\n\t<meta name=\"twitter:label2\" content=\"Est. tempo de leitura\" \/>\n\t<meta name=\"twitter:data2\" content=\"4 minutos\" \/>\n<script type=\"application\/ld+json\" class=\"yoast-schema-graph\">{\"@context\":\"https:\/\/schema.org\",\"@graph\":[{\"@type\":\"Organization\",\"@id\":\"https:\/\/fernandadepilacao.com.br\/portal\/#organization\",\"name\":\"Fernanda Depila\u00e7\u00e3o\",\"url\":\"https:\/\/fernandadepilacao.com.br\/portal\/\",\"sameAs\":[\"https:\/\/www.facebook.com\/ferjobdepilacao\",\"http:\/\/instagram.com\/fernanda_job\"],\"logo\":{\"@type\":\"ImageObject\",\"@id\":\"https:\/\/fernandadepilacao.com.br\/portal\/#logo\",\"inLanguage\":\"pt-BR\",\"url\":\"http:\/\/fernandadepilacao.com.br\/portal\/wp-content\/uploads\/2021\/03\/logo_fernanda.png\",\"contentUrl\":\"http:\/\/fernandadepilacao.com.br\/portal\/wp-content\/uploads\/2021\/03\/logo_fernanda.png\",\"width\":673,\"height\":688,\"caption\":\"Fernanda Depila\u00e7\u00e3o\"},\"image\":{\"@id\":\"https:\/\/fernandadepilacao.com.br\/portal\/#logo\"}},{\"@type\":\"WebSite\",\"@id\":\"https:\/\/fernandadepilacao.com.br\/portal\/#website\",\"url\":\"https:\/\/fernandadepilacao.com.br\/portal\/\",\"name\":\"Fernanda Depila\u00e7\u00e3o\",\"description\":\"\",\"publisher\":{\"@id\":\"https:\/\/fernandadepilacao.com.br\/portal\/#organization\"},\"potentialAction\":[{\"@type\":\"SearchAction\",\"target\":{\"@type\":\"EntryPoint\",\"urlTemplate\":\"https:\/\/fernandadepilacao.com.br\/portal\/?s={search_term_string}\"},\"query-input\":\"required name=search_term_string\"}],\"inLanguage\":\"pt-BR\"},{\"@type\":\"ImageObject\",\"@id\":\"https:\/\/fernandadepilacao.com.br\/portal\/2025\/08\/como-prevenir-e-tratar-manchas-na-pele-apos-a-depilacao\/#primaryimage\",\"inLanguage\":\"pt-BR\",\"url\":\"https:\/\/fernandadepilacao.com.br\/portal\/wp-content\/uploads\/2025\/08\/20250820160144.png\",\"contentUrl\":\"https:\/\/fernandadepilacao.com.br\/portal\/wp-content\/uploads\/2025\/08\/20250820160144.png\",\"width\":500,\"height\":500},{\"@type\":\"WebPage\",\"@id\":\"https:\/\/fernandadepilacao.com.br\/portal\/2025\/08\/como-prevenir-e-tratar-manchas-na-pele-apos-a-depilacao\/#webpage\",\"url\":\"https:\/\/fernandadepilacao.com.br\/portal\/2025\/08\/como-prevenir-e-tratar-manchas-na-pele-apos-a-depilacao\/\",\"name\":\"Como Prevenir e Tratar Manchas na Pele Ap\u00f3s a Depila\u00e7\u00e3o - Fernanda Depila\u00e7\u00e3o\",\"isPartOf\":{\"@id\":\"https:\/\/fernandadepilacao.com.br\/portal\/#website\"},\"primaryImageOfPage\":{\"@id\":\"https:\/\/fernandadepilacao.com.br\/portal\/2025\/08\/como-prevenir-e-tratar-manchas-na-pele-apos-a-depilacao\/#primaryimage\"},\"datePublished\":\"2025-08-20T19:01:47+00:00\",\"dateModified\":\"2025-08-20T21:00:21+00:00\",\"breadcrumb\":{\"@id\":\"https:\/\/fernandadepilacao.com.br\/portal\/2025\/08\/como-prevenir-e-tratar-manchas-na-pele-apos-a-depilacao\/#breadcrumb\"},\"inLanguage\":\"pt-BR\",\"potentialAction\":[{\"@type\":\"ReadAction\",\"target\":[\"https:\/\/fernandadepilacao.com.br\/portal\/2025\/08\/como-prevenir-e-tratar-manchas-na-pele-apos-a-depilacao\/\"]}]},{\"@type\":\"BreadcrumbList\",\"@id\":\"https:\/\/fernandadepilacao.com.br\/portal\/2025\/08\/como-prevenir-e-tratar-manchas-na-pele-apos-a-depilacao\/#breadcrumb\",\"itemListElement\":[{\"@type\":\"ListItem\",\"position\":1,\"name\":\"In\u00edcio\",\"item\":\"http:\/\/fernandadepilacao.com.br\/portal\/\"},{\"@type\":\"ListItem\",\"position\":2,\"name\":\"Como Prevenir e Tratar Manchas na Pele Ap\u00f3s a Depila\u00e7\u00e3o\"}]},{\"@type\":\"Article\",\"@id\":\"https:\/\/fernandadepilacao.com.br\/portal\/2025\/08\/como-prevenir-e-tratar-manchas-na-pele-apos-a-depilacao\/#article\",\"isPartOf\":{\"@id\":\"https:\/\/fernandadepilacao.com.br\/portal\/2025\/08\/como-prevenir-e-tratar-manchas-na-pele-apos-a-depilacao\/#webpage\"},\"author\":{\"@id\":\"https:\/\/fernandadepilacao.com.br\/portal\/#\/schema\/person\/d00644c3bbfd9fd17711767a3b1abbd0\"},\"headline\":\"Como Prevenir e Tratar Manchas na Pele Ap\u00f3s a Depila\u00e7\u00e3o\",\"datePublished\":\"2025-08-20T19:01:47+00:00\",\"dateModified\":\"2025-08-20T21:00:21+00:00\",\"mainEntityOfPage\":{\"@id\":\"https:\/\/fernandadepilacao.com.br\/portal\/2025\/08\/como-prevenir-e-tratar-manchas-na-pele-apos-a-depilacao\/#webpage\"},\"wordCount\":762,\"commentCount\":0,\"publisher\":{\"@id\":\"https:\/\/fernandadepilacao.com.br\/portal\/#organization\"},\"image\":{\"@id\":\"https:\/\/fernandadepilacao.com.br\/portal\/2025\/08\/como-prevenir-e-tratar-manchas-na-pele-apos-a-depilacao\/#primaryimage\"},\"thumbnailUrl\":\"https:\/\/fernandadepilacao.com.br\/portal\/wp-content\/uploads\/2025\/08\/20250820160144.png\",\"articleSection\":[\"Beleza\"],\"inLanguage\":\"pt-BR\",\"potentialAction\":[{\"@type\":\"CommentAction\",\"name\":\"Comment\",\"target\":[\"https:\/\/fernandadepilacao.com.br\/portal\/2025\/08\/como-prevenir-e-tratar-manchas-na-pele-apos-a-depilacao\/#respond\"]}]},{\"@type\":\"Person\",\"@id\":\"https:\/\/fernandadepilacao.com.br\/portal\/#\/schema\/person\/d00644c3bbfd9fd17711767a3b1abbd0\",\"name\":\"fernandajob\",\"image\":{\"@type\":\"ImageObject\",\"@id\":\"https:\/\/fernandadepilacao.com.br\/portal\/#personlogo\",\"inLanguage\":\"pt-BR\",\"url\":\"https:\/\/secure.gravatar.com\/avatar\/6c2268a68d69a325906fbdccd74b18e6?s=96&d=mm&r=g\",\"contentUrl\":\"https:\/\/secure.gravatar.com\/avatar\/6c2268a68d69a325906fbdccd74b18e6?s=96&d=mm&r=g\",\"caption\":\"fernandajob\"},\"sameAs\":[\"http:\/\/fernandadepilacao.com.br\/portal\"]}]}<\/script>\n<!-- \/ Yoast SEO plugin. -->","yoast_head_json":{"title":"Como Prevenir e Tratar Manchas na Pele Ap\u00f3s a Depila\u00e7\u00e3o - Fernanda Depila\u00e7\u00e3o","robots":{"index":"index","follow":"follow","max-snippet":"max-snippet:-1","max-image-preview":"max-image-preview:large","max-video-preview":"max-video-preview:-1"},"canonical":"https:\/\/fernandadepilacao.com.br\/portal\/2025\/08\/como-prevenir-e-tratar-manchas-na-pele-apos-a-depilacao\/","og_locale":"pt_BR","og_type":"article","og_title":"Como Prevenir e Tratar Manchas na Pele Ap\u00f3s a Depila\u00e7\u00e3o - Fernanda Depila\u00e7\u00e3o","og_description":"Depila\u00e7\u00e3o e Manchas na Pele: Entenda, Previna e Trate O que s\u00e3o as manchas ap\u00f3s a depila\u00e7\u00e3o? Muitas pessoas buscam uma pele lisinha e livre de pelos, mas se preocupam com um efeito colateral comum: as manchas p\u00f3s-depila\u00e7\u00e3o. Seja ap\u00f3s depila\u00e7\u00e3o com cera, l\u00e2mina, creme depilat\u00f3rio ou at\u00e9 mesmo depila\u00e7\u00e3o a laser, \u00e9 poss\u00edvel que &hellip; Como Prevenir e Tratar Manchas na Pele Ap\u00f3s a Depila\u00e7\u00e3o Leia mais &raquo;","og_url":"https:\/\/fernandadepilacao.com.br\/portal\/2025\/08\/como-prevenir-e-tratar-manchas-na-pele-apos-a-depilacao\/","og_site_name":"Fernanda Depila\u00e7\u00e3o","article_publisher":"https:\/\/www.facebook.com\/ferjobdepilacao","article_published_time":"2025-08-20T19:01:47+00:00","article_modified_time":"2025-08-20T21:00:21+00:00","og_image":[{"width":500,"height":500,"url":"https:\/\/fernandadepilacao.com.br\/portal\/wp-content\/uploads\/2025\/08\/20250820160144.png","type":"image\/png"}],"twitter_card":"summary_large_image","twitter_misc":{"Escrito por":"fernandajob","Est. tempo de leitura":"4 minutos"},"schema":{"@context":"https:\/\/schema.org","@graph":[{"@type":"Organization","@id":"https:\/\/fernandadepilacao.com.br\/portal\/#organization","name":"Fernanda Depila\u00e7\u00e3o","url":"https:\/\/fernandadepilacao.com.br\/portal\/","sameAs":["https:\/\/www.facebook.com\/ferjobdepilacao","http:\/\/instagram.com\/fernanda_job"],"logo":{"@type":"ImageObject","@id":"https:\/\/fernandadepilacao.com.br\/portal\/#logo","inLanguage":"pt-BR","url":"http:\/\/fernandadepilacao.com.br\/portal\/wp-content\/uploads\/2021\/03\/logo_fernanda.png","contentUrl":"http:\/\/fernandadepilacao.com.br\/portal\/wp-content\/uploads\/2021\/03\/logo_fernanda.png","width":673,"height":688,"caption":"Fernanda Depila\u00e7\u00e3o"},"image":{"@id":"https:\/\/fernandadepilacao.com.br\/portal\/#logo"}},{"@type":"WebSite","@id":"https:\/\/fernandadepilacao.com.br\/portal\/#website","url":"https:\/\/fernandadepilacao.com.br\/portal\/","name":"Fernanda Depila\u00e7\u00e3o","description":"","publisher":{"@id":"https:\/\/fernandadepilacao.com.br\/portal\/#organization"},"potentialAction":[{"@type":"SearchAction","target":{"@type":"EntryPoint","urlTemplate":"https:\/\/fernandadepilacao.com.br\/portal\/?s={search_term_string}"},"query-input":"required name=search_term_string"}],"inLanguage":"pt-BR"},{"@type":"ImageObject","@id":"https:\/\/fernandadepilacao.com.br\/portal\/2025\/08\/como-prevenir-e-tratar-manchas-na-pele-apos-a-depilacao\/#primaryimage","inLanguage":"pt-BR","url":"https:\/\/fernandadepilacao.com.br\/portal\/wp-content\/uploads\/2025\/08\/20250820160144.png","contentUrl":"https:\/\/fernandadepilacao.com.br\/portal\/wp-content\/uploads\/2025\/08\/20250820160144.png","width":500,"height":500},{"@type":"WebPage","@id":"https:\/\/fernandadepilacao.com.br\/portal\/2025\/08\/como-prevenir-e-tratar-manchas-na-pele-apos-a-depilacao\/#webpage","url":"https:\/\/fernandadepilacao.com.br\/portal\/2025\/08\/como-prevenir-e-tratar-manchas-na-pele-apos-a-depilacao\/","name":"Como Prevenir e Tratar Manchas na Pele Ap\u00f3s a Depila\u00e7\u00e3o - Fernanda Depila\u00e7\u00e3o","isPartOf":{"@id":"https:\/\/fernandadepilacao.com.br\/portal\/#website"},"primaryImageOfPage":{"@id":"https:\/\/fernandadepilacao.com.br\/portal\/2025\/08\/como-prevenir-e-tratar-manchas-na-pele-apos-a-depilacao\/#primaryimage"},"datePublished":"2025-08-20T19:01:47+00:00","dateModified":"2025-08-20T21:00:21+00:00","breadcrumb":{"@id":"https:\/\/fernandadepilacao.com.br\/portal\/2025\/08\/como-prevenir-e-tratar-manchas-na-pele-apos-a-depilacao\/#breadcrumb"},"inLanguage":"pt-BR","potentialAction":[{"@type":"ReadAction","target":["https:\/\/fernandadepilacao.com.br\/portal\/2025\/08\/como-prevenir-e-tratar-manchas-na-pele-apos-a-depilacao\/"]}]},{"@type":"BreadcrumbList","@id":"https:\/\/fernandadepilacao.com.br\/portal\/2025\/08\/como-prevenir-e-tratar-manchas-na-pele-apos-a-depilacao\/#breadcrumb","itemListElement":[{"@type":"ListItem","position":1,"name":"In\u00edcio","item":"http:\/\/fernandadepilacao.com.br\/portal\/"},{"@type":"ListItem","position":2,"name":"Como Prevenir e Tratar Manchas na Pele Ap\u00f3s a Depila\u00e7\u00e3o"}]},{"@type":"Article","@id":"https:\/\/fernandadepilacao.com.br\/portal\/2025\/08\/como-prevenir-e-tratar-manchas-na-pele-apos-a-depilacao\/#article","isPartOf":{"@id":"https:\/\/fernandadepilacao.com.br\/portal\/2025\/08\/como-prevenir-e-tratar-manchas-na-pele-apos-a-depilacao\/#webpage"},"author":{"@id":"https:\/\/fernandadepilacao.com.br\/portal\/#\/schema\/person\/d00644c3bbfd9fd17711767a3b1abbd0"},"headline":"Como Prevenir e Tratar Manchas na Pele Ap\u00f3s a Depila\u00e7\u00e3o","datePublished":"2025-08-20T19:01:47+00:00","dateModified":"2025-08-20T21:00:21+00:00","mainEntityOfPage":{"@id":"https:\/\/fernandadepilacao.com.br\/portal\/2025\/08\/como-prevenir-e-tratar-manchas-na-pele-apos-a-depilacao\/#webpage"},"wordCount":762,"commentCount":0,"publisher":{"@id":"https:\/\/fernandadepilacao.com.br\/portal\/#organization"},"image":{"@id":"https:\/\/fernandadepilacao.com.br\/portal\/2025\/08\/como-prevenir-e-tratar-manchas-na-pele-apos-a-depilacao\/#primaryimage"},"thumbnailUrl":"https:\/\/fernandadepilacao.com.br\/portal\/wp-content\/uploads\/2025\/08\/20250820160144.png","articleSection":["Beleza"],"inLanguage":"pt-BR","potentialAction":[{"@type":"CommentAction","name":"Comment","target":["https:\/\/fernandadepilacao.com.br\/portal\/2025\/08\/como-prevenir-e-tratar-manchas-na-pele-apos-a-depilacao\/#respond"]}]},{"@type":"Person","@id":"https:\/\/fernandadepilacao.com.br\/portal\/#\/schema\/person\/d00644c3bbfd9fd17711767a3b1abbd0","name":"fernandajob","image":{"@type":"ImageObject","@id":"https:\/\/fernandadepilacao.com.br\/portal\/#personlogo","inLanguage":"pt-BR","url":"https:\/\/secure.gravatar.com\/avatar\/6c2268a68d69a325906fbdccd74b18e6?s=96&d=mm&r=g","contentUrl":"https:\/\/secure.gravatar.com\/avatar\/6c2268a68d69a325906fbdccd74b18e6?s=96&d=mm&r=g","caption":"fernandajob"},"sameAs":["http:\/\/fernandadepilacao.com.br\/portal"]}]}},"uagb_featured_image_src":{"full":["https:\/\/fernandadepilacao.com.br\/portal\/wp-content\/uploads\/2025\/08\/20250820160144.png",500,500,false],"thumbnail":["https:\/\/fernandadepilacao.com.br\/portal\/wp-content\/uploads\/2025\/08\/20250820160144-150x150.png",150,150,true],"medium":["https:\/\/fernandadepilacao.com.br\/portal\/wp-content\/uploads\/2025\/08\/20250820160144-300x300.png",300,300,true],"medium_large":["https:\/\/fernandadepilacao.com.br\/portal\/wp-content\/uploads\/2025\/08\/20250820160144.png",500,500,false],"large":["https:\/\/fernandadepilacao.com.br\/portal\/wp-content\/uploads\/2025\/08\/20250820160144.png",500,500,false],"1536x1536":["https:\/\/fernandadepilacao.com.br\/portal\/wp-content\/uploads\/2025\/08\/20250820160144.png",500,500,false],"2048x2048":["https:\/\/fernandadepilacao.com.br\/portal\/wp-content\/uploads\/2025\/08\/20250820160144.png",500,500,false]},"uagb_author_info":{"display_name":"fernandajob","author_link":"https:\/\/fernandadepilacao.com.br\/portal\/author\/fernandajob\/"},"uagb_comment_info":0,"uagb_excerpt":"Depila\u00e7\u00e3o e Manchas na Pele: Entenda, Previna e Trate O que s\u00e3o as manchas ap\u00f3s a depila\u00e7\u00e3o? Muitas pessoas buscam uma pele lisinha e livre de pelos, mas se preocupam com um efeito colateral comum: as manchas p\u00f3s-depila\u00e7\u00e3o. Seja ap\u00f3s depila\u00e7\u00e3o com cera, l\u00e2mina, creme depilat\u00f3rio ou at\u00e9 mesmo depila\u00e7\u00e3o a laser, \u00e9 poss\u00edvel que&hellip;","_links":{"self":[{"href":"https:\/\/fernandadepilacao.com.br\/portal\/wp-json\/wp\/v2\/posts\/409"}],"collection":[{"href":"https:\/\/fernandadepilacao.com.br\/portal\/wp-json\/wp\/v2\/posts"}],"about":[{"href":"https:\/\/fernandadepilacao.com.br\/portal\/wp-json\/wp\/v2\/types\/post"}],"author":[{"embeddable":true,"href":"https:\/\/fernandadepilacao.com.br\/portal\/wp-json\/wp\/v2\/users\/1"}],"replies":[{"embeddable":true,"href":"https:\/\/fernandadepilacao.com.br\/portal\/wp-json\/wp\/v2\/comments?post=409"}],"version-history":[{"count":1,"href":"https:\/\/fernandadepilacao.com.br\/portal\/wp-json\/wp\/v2\/posts\/409\/revisions"}],"predecessor-version":[{"id":410,"href":"https:\/\/fernandadepilacao.com.br\/portal\/wp-json\/wp\/v2\/posts\/409\/revisions\/410"}],"wp:featuredmedia":[{"embeddable":true,"href":"https:\/\/fernandadepilacao.com.br\/portal\/wp-json\/wp\/v2\/media\/408"}],"wp:attachment":[{"href":"https:\/\/fernandadepilacao.com.br\/portal\/wp-json\/wp\/v2\/media?parent=409"}],"wp:term":[{"taxonomy":"category","embeddable":true,"href":"https:\/\/fernandadepilacao.com.br\/portal\/wp-json\/wp\/v2\/categories?post=409"},{"taxonomy":"post_tag","embeddable":true,"href":"https:\/\/fernandadepilacao.com.br\/portal\/wp-json\/wp\/v2\/tags?post=409"}],"curies":[{"name":"wp","href":"https:\/\/api.w.org\/{rel}","templated":true}]}}