{"id":400,"date":"2025-08-17T16:01:18","date_gmt":"2025-08-17T19:01:18","guid":{"rendered":"https:\/\/fernandadepilacao.com.br\/portal\/2025\/08\/tudo-sobre-alergia-a-depilacao-causas-sintomas-e-prevencao\/"},"modified":"2025-08-17T18:00:24","modified_gmt":"2025-08-17T21:00:24","slug":"tudo-sobre-alergia-a-depilacao-causas-sintomas-e-prevencao","status":"publish","type":"post","link":"https:\/\/fernandadepilacao.com.br\/portal\/2025\/08\/tudo-sobre-alergia-a-depilacao-causas-sintomas-e-prevencao\/","title":{"rendered":"Tudo sobre Alergia \u00e0 Depila\u00e7\u00e3o: Causas, Sintomas e Preven\u00e7\u00e3o"},"content":{"rendered":"<article>\n<header>\n<h1>Depila\u00e7\u00e3o e Alergia: Entenda as Causas, Sintomas e Como Prevenir<\/h1>\n<p>    <meta name=\"description\" content=\"Descubra tudo sobre alergia \u00e0 depila\u00e7\u00e3o: causas, sintomas, formas de preven\u00e7\u00e3o e melhores m\u00e9todos para evitar rea\u00e7\u00f5es indesejadas na pele. Saiba como cuidar da sua pele antes e depois da depila\u00e7\u00e3o.\" \/><br \/>\n  <\/header>\n<section>\n<h2>O que \u00e9 alergia \u00e0 depila\u00e7\u00e3o?<\/h2>\n<p>A alergia \u00e0 depila\u00e7\u00e3o \u00e9 uma rea\u00e7\u00e3o de hipersensibilidade da pele provocada por m\u00e9todos como cera quente, l\u00e2mina, creme depilat\u00f3rio ou at\u00e9 mesmo m\u00e9todos a laser. Esses procedimentos podem causar irrita\u00e7\u00f5es cut\u00e2neas, vermelhid\u00e3o, coceira e pequenas bolinhas \u2014 sintomas que preocupam quem busca uma pele lisinha e saud\u00e1vel.<\/p>\n<\/section>\n<section>\n<h2>Principais sintomas de alergia ap\u00f3s a depila\u00e7\u00e3o<\/h2>\n<ul>\n<li><strong>Vermelhid\u00e3o<\/strong> na \u00e1rea depilada;<\/li>\n<li><strong>Coceira intensa<\/strong> (prurido);<\/li>\n<li><strong>Papulas<\/strong> ou pequenas bolinhas;<\/li>\n<li><strong>Incha\u00e7o<\/strong> (edema);<\/li>\n<li><strong>Descama\u00e7\u00e3o<\/strong> da pele;<\/li>\n<li>Ard\u00eancia ou <strong>sensa\u00e7\u00e3o de queima\u00e7\u00e3o<\/strong>;<\/li>\n<li>Em casos mais raros, <strong>bolhas com l\u00edquido<\/strong> ou pequenas feridas.<\/li>\n<\/ul>\n<p>Esses sintomas podem aparecer logo ap\u00f3s a depila\u00e7\u00e3o ou at\u00e9 mesmo algumas horas depois, dependendo da sensibilidade de cada pele e do m\u00e9todo utilizado.<\/p>\n<\/section>\n<section>\n<h2>Por que a alergia \u00e0 depila\u00e7\u00e3o acontece?<\/h2>\n<p>A pele atua como uma barreira protetora natural. Durante a depila\u00e7\u00e3o, essa barreira pode ser agredida, principalmente se a <strong>t\u00e9cnica n\u00e3o for adequada<\/strong> ou se a pele estiver sensibilizada. Os fatores mais comuns que desencadeiam rea\u00e7\u00f5es al\u00e9rgicas incluem:<\/p>\n<ul>\n<li><strong>Produtos qu\u00edmicos<\/strong> presentes em ceras ou cremes depilat\u00f3rios;<\/li>\n<li><strong>Trauma mec\u00e2nico<\/strong> causado pela l\u00e2mina de barbear ou pin\u00e7a;<\/li>\n<li>Res\u00edduos de perfumes, \u00e1lcool ou \u00f3leos usados antes ou depois da depila\u00e7\u00e3o;<\/li>\n<li><strong>Peles sens\u00edveis<\/strong>, secas ou j\u00e1 lesionadas t\u00eam maior propens\u00e3o a alergias.<\/li>\n<\/ul>\n<\/section>\n<section>\n<h2>Como prevenir alergia ap\u00f3s a depila\u00e7\u00e3o?<\/h2>\n<div class=\"wp-block-image\"><img src=\"https:\/\/www.exemplo.com\/imagem-depilacao-sem-alergia.jpg\" alt=\"Pele saud\u00e1vel ap\u00f3s depila\u00e7\u00e3o\" loading=\"lazy\"><\/div>\n<p>Para evitar problemas como coceira, vermelhid\u00e3o ou outras rea\u00e7\u00f5es al\u00e9rgicas ap\u00f3s se depilar, \u00e9 fundamental adotar alguns cuidados:<\/p>\n<ol>\n<li><strong>Escolha o m\u00e9todo de depila\u00e7\u00e3o ideal<\/strong>: Quem tem pele sens\u00edvel pode <a href=\"https:\/\/www.exemplo.com\/metodos-depilacao\">se adaptar melhor \u00e0 depila\u00e7\u00e3o com cera natural<\/a>, laser ou linhas, pois esses m\u00e9todos costumam evitar o uso excessivo de produtos qu\u00edmicos.<\/li>\n<li><strong>Fa\u00e7a teste de alergia<\/strong> sempre que for usar um novo produto (como cremes depilat\u00f3rios), aplicando uma pequena quantidade no antebra\u00e7o e esperando 24 horas.<\/li>\n<li><strong>Nunca depile a pele irritada ou lesionada<\/strong>, pois isso pode aumentar o risco de uma rea\u00e7\u00e3o al\u00e9rgica.<\/li>\n<li><strong>Higienize a pele<\/strong> antes da depila\u00e7\u00e3o e evite usar cremes corporais, perfumes e desodorantes que contenham \u00e1lcool imediatamente antes ou depois do processo.<\/li>\n<li><strong>Use roupas leves e confort\u00e1veis<\/strong> ap\u00f3s a depila\u00e7\u00e3o, evitando tecidos sint\u00e9ticos apertados que irritam ainda mais a pele.<\/li>\n<li><strong>Hidrate bem a pele<\/strong> ap\u00f3s a depila\u00e7\u00e3o, optando por produtos calmantes, como gel de aloe vera, \u00e1gua termal ou hidratantes hipoalerg\u00eanicos.<\/li>\n<\/ol>\n<\/section>\n<section>\n<h2>O que fazer em caso de alergia \u00e0 depila\u00e7\u00e3o?<\/h2>\n<p>Se ocorrerem sintomas leves, como vermelhid\u00e3o e coceira, siga estes passos:<\/p>\n<ul>\n<li>Lave a \u00e1rea com <strong>\u00e1gua fria e sabonete neutro<\/strong>;<\/li>\n<li>Evite co\u00e7ar ou esfregar o local;<\/li>\n<li>Aplique compressas frias para acalmar a pele;<\/li>\n<li>Use produtos t\u00f3picos calmantes como <strong>creme de camomila, aloe vera ou \u00e1gua termal<\/strong>;<\/li>\n<li>Se persistirem os sintomas ou houver sinais de infec\u00e7\u00e3o (pus, dor intensa, febre), procure orienta\u00e7\u00e3o m\u00e9dica ou dermatol\u00f3gica.<\/li>\n<\/ul>\n<p><strong>Aten\u00e7\u00e3o:<\/strong> Evite automedica\u00e7\u00e3o com pomadas corticoides ou antial\u00e9rgicas sem prescri\u00e7\u00e3o adequada.<\/p>\n<\/section>\n<section>\n<h2>Perguntas frequentes sobre alergia \u00e0 depila\u00e7\u00e3o<\/h2>\n<details>\n<summary>Qual tipo de depila\u00e7\u00e3o causa mais alergia?<\/summary>\n<div>\n<p>Depila\u00e7\u00e3o com cremes depilat\u00f3rios e ceras qu\u00edmicas tendem a causar mais alergias devido aos componentes usados na composi\u00e7\u00e3o. M\u00e9todos f\u00edsicos, como l\u00e2mina, provocam mais irrita\u00e7\u00e3o do que alergia em si, mas em peles sens\u00edveis todo cuidado \u00e9 pouco.<\/p>\n<\/div>\n<\/details>\n<details>\n<summary>Pessoas al\u00e9rgicas podem depilar?<\/summary>\n<div>\n<p>Sim, mas \u00e9 importante identificar o m\u00e9todo menos agressivo para seu tipo de pele. Converse com um dermatologista para avaliar qual alternativa \u00e9 mais indicada e realize testes de contato sempre que necess\u00e1rio.<\/p>\n<\/div>\n<\/details>\n<details>\n<summary>\u00d3leo de coco ajuda em alergia p\u00f3s-depila\u00e7\u00e3o?<\/summary>\n<div>\n<p>O \u00f3leo de coco tem propriedades calmantes, mas pode n\u00e3o ser indicado para todos os tipos de pele, principalmente para quem tem tend\u00eancia \u00e0 acne. Prefira produtos calmantes espec\u00edficos para p\u00f3s-depila\u00e7\u00e3o.<\/p>\n<\/div>\n<\/details>\n<\/section>\n<section>\n<h2>Conclus\u00e3o<\/h2>\n<p>A alergia \u00e0 depila\u00e7\u00e3o pode ser uma experi\u00eancia inc\u00f3moda, mas com cuidados simples \u00e9 poss\u00edvel prevenir e tratar as rea\u00e7\u00f5es al\u00e9rgicas. A escolha do m\u00e9todo depilat\u00f3rio adequado, aliada \u00e0 hidrata\u00e7\u00e3o e aten\u00e7\u00e3o aos sinais do corpo, faz toda a diferen\u00e7a para conquistar uma pele lisinha e livre de alergias. Se persistirem d\u00favidas ou sintomas, n\u00e3o hesite em procurar um profissional de sa\u00fade especializado.<\/p>\n<p><strong>Cuidar da sua pele \u00e9 essencial para seu bem-estar e autoestima!<\/strong><\/p>\n<\/section>\n<footer>\n<ul style=\"list-style: none; padding: 0; margin: 0;\">\n<li><a href=\"https:\/\/www.exemplo.com\/cuidados-pos-depilacao\">Cuidados ap\u00f3s a depila\u00e7\u00e3o<\/a><\/li>\n<li><a href=\"https:\/\/www.exemplo.com\/peles-sensiveis\">Dicas para peles sens\u00edveis<\/a><\/li>\n<li><a href=\"https:\/\/www.exemplo.com\/metodos-depilacao\">Conhe\u00e7a diferentes m\u00e9todos de depila\u00e7\u00e3o<\/a><\/li>\n<\/ul>\n<\/footer>\n<\/article>\n","protected":false},"excerpt":{"rendered":"<p>Depila\u00e7\u00e3o e Alergia: Entenda as Causas, Sintomas e Como Prevenir O que \u00e9 alergia \u00e0 depila\u00e7\u00e3o? A alergia \u00e0 depila\u00e7\u00e3o \u00e9 uma rea\u00e7\u00e3o de hipersensibilidade da pele provocada por m\u00e9todos como cera quente, l\u00e2mina, creme depilat\u00f3rio ou at\u00e9 mesmo m\u00e9todos a laser. Esses procedimentos podem causar irrita\u00e7\u00f5es cut\u00e2neas, vermelhid\u00e3o, coceira e pequenas bolinhas \u2014 sintomas &hellip;<\/p>\n<p class=\"read-more\"> <a class=\"\" href=\"https:\/\/fernandadepilacao.com.br\/portal\/2025\/08\/tudo-sobre-alergia-a-depilacao-causas-sintomas-e-prevencao\/\"> <span class=\"screen-reader-text\">Tudo sobre Alergia \u00e0 Depila\u00e7\u00e3o: Causas, Sintomas e Preven\u00e7\u00e3o<\/span> Leia mais &raquo;<\/a><\/p>\n","protected":false},"author":1,"featured_media":399,"comment_status":"open","ping_status":"open","sticky":false,"template":"","format":"standard","meta":[],"categories":[15],"tags":[],"yoast_head":"<!-- This site is optimized with the Yoast SEO plugin v18.4.1 - https:\/\/yoast.com\/wordpress\/plugins\/seo\/ -->\n<title>Tudo sobre Alergia \u00e0 Depila\u00e7\u00e3o: Causas, Sintomas e Preven\u00e7\u00e3o - Fernanda Depila\u00e7\u00e3o<\/title>\n<meta name=\"robots\" content=\"index, follow, max-snippet:-1, max-image-preview:large, max-video-preview:-1\" \/>\n<link rel=\"canonical\" href=\"https:\/\/fernandadepilacao.com.br\/portal\/2025\/08\/tudo-sobre-alergia-a-depilacao-causas-sintomas-e-prevencao\/\" \/>\n<meta property=\"og:locale\" content=\"pt_BR\" \/>\n<meta property=\"og:type\" content=\"article\" \/>\n<meta property=\"og:title\" content=\"Tudo sobre Alergia \u00e0 Depila\u00e7\u00e3o: Causas, Sintomas e Preven\u00e7\u00e3o - Fernanda Depila\u00e7\u00e3o\" \/>\n<meta property=\"og:description\" content=\"Depila\u00e7\u00e3o e Alergia: Entenda as Causas, Sintomas e Como Prevenir O que \u00e9 alergia \u00e0 depila\u00e7\u00e3o? A alergia \u00e0 depila\u00e7\u00e3o \u00e9 uma rea\u00e7\u00e3o de hipersensibilidade da pele provocada por m\u00e9todos como cera quente, l\u00e2mina, creme depilat\u00f3rio ou at\u00e9 mesmo m\u00e9todos a laser. Esses procedimentos podem causar irrita\u00e7\u00f5es cut\u00e2neas, vermelhid\u00e3o, coceira e pequenas bolinhas \u2014 sintomas &hellip; Tudo sobre Alergia \u00e0 Depila\u00e7\u00e3o: Causas, Sintomas e Preven\u00e7\u00e3o Leia mais &raquo;\" \/>\n<meta property=\"og:url\" content=\"https:\/\/fernandadepilacao.com.br\/portal\/2025\/08\/tudo-sobre-alergia-a-depilacao-causas-sintomas-e-prevencao\/\" \/>\n<meta property=\"og:site_name\" content=\"Fernanda Depila\u00e7\u00e3o\" \/>\n<meta property=\"article:publisher\" content=\"https:\/\/www.facebook.com\/ferjobdepilacao\" \/>\n<meta property=\"article:published_time\" content=\"2025-08-17T19:01:18+00:00\" \/>\n<meta property=\"article:modified_time\" content=\"2025-08-17T21:00:24+00:00\" \/>\n<meta property=\"og:image\" content=\"https:\/\/fernandadepilacao.com.br\/portal\/wp-content\/uploads\/2025\/08\/20250817160114.png\" \/>\n\t<meta property=\"og:image:width\" content=\"500\" \/>\n\t<meta property=\"og:image:height\" content=\"500\" \/>\n\t<meta property=\"og:image:type\" content=\"image\/png\" \/>\n<meta name=\"twitter:card\" content=\"summary_large_image\" \/>\n<meta name=\"twitter:label1\" content=\"Escrito por\" \/>\n\t<meta name=\"twitter:data1\" content=\"fernandajob\" \/>\n\t<meta name=\"twitter:label2\" content=\"Est. tempo de leitura\" \/>\n\t<meta name=\"twitter:data2\" content=\"4 minutos\" \/>\n<script type=\"application\/ld+json\" class=\"yoast-schema-graph\">{\"@context\":\"https:\/\/schema.org\",\"@graph\":[{\"@type\":\"Organization\",\"@id\":\"https:\/\/fernandadepilacao.com.br\/portal\/#organization\",\"name\":\"Fernanda Depila\u00e7\u00e3o\",\"url\":\"https:\/\/fernandadepilacao.com.br\/portal\/\",\"sameAs\":[\"https:\/\/www.facebook.com\/ferjobdepilacao\",\"http:\/\/instagram.com\/fernanda_job\"],\"logo\":{\"@type\":\"ImageObject\",\"@id\":\"https:\/\/fernandadepilacao.com.br\/portal\/#logo\",\"inLanguage\":\"pt-BR\",\"url\":\"http:\/\/fernandadepilacao.com.br\/portal\/wp-content\/uploads\/2021\/03\/logo_fernanda.png\",\"contentUrl\":\"http:\/\/fernandadepilacao.com.br\/portal\/wp-content\/uploads\/2021\/03\/logo_fernanda.png\",\"width\":673,\"height\":688,\"caption\":\"Fernanda Depila\u00e7\u00e3o\"},\"image\":{\"@id\":\"https:\/\/fernandadepilacao.com.br\/portal\/#logo\"}},{\"@type\":\"WebSite\",\"@id\":\"https:\/\/fernandadepilacao.com.br\/portal\/#website\",\"url\":\"https:\/\/fernandadepilacao.com.br\/portal\/\",\"name\":\"Fernanda Depila\u00e7\u00e3o\",\"description\":\"\",\"publisher\":{\"@id\":\"https:\/\/fernandadepilacao.com.br\/portal\/#organization\"},\"potentialAction\":[{\"@type\":\"SearchAction\",\"target\":{\"@type\":\"EntryPoint\",\"urlTemplate\":\"https:\/\/fernandadepilacao.com.br\/portal\/?s={search_term_string}\"},\"query-input\":\"required name=search_term_string\"}],\"inLanguage\":\"pt-BR\"},{\"@type\":\"ImageObject\",\"@id\":\"https:\/\/fernandadepilacao.com.br\/portal\/2025\/08\/tudo-sobre-alergia-a-depilacao-causas-sintomas-e-prevencao\/#primaryimage\",\"inLanguage\":\"pt-BR\",\"url\":\"https:\/\/fernandadepilacao.com.br\/portal\/wp-content\/uploads\/2025\/08\/20250817160114.png\",\"contentUrl\":\"https:\/\/fernandadepilacao.com.br\/portal\/wp-content\/uploads\/2025\/08\/20250817160114.png\",\"width\":500,\"height\":500},{\"@type\":\"WebPage\",\"@id\":\"https:\/\/fernandadepilacao.com.br\/portal\/2025\/08\/tudo-sobre-alergia-a-depilacao-causas-sintomas-e-prevencao\/#webpage\",\"url\":\"https:\/\/fernandadepilacao.com.br\/portal\/2025\/08\/tudo-sobre-alergia-a-depilacao-causas-sintomas-e-prevencao\/\",\"name\":\"Tudo sobre Alergia \u00e0 Depila\u00e7\u00e3o: Causas, Sintomas e Preven\u00e7\u00e3o - Fernanda Depila\u00e7\u00e3o\",\"isPartOf\":{\"@id\":\"https:\/\/fernandadepilacao.com.br\/portal\/#website\"},\"primaryImageOfPage\":{\"@id\":\"https:\/\/fernandadepilacao.com.br\/portal\/2025\/08\/tudo-sobre-alergia-a-depilacao-causas-sintomas-e-prevencao\/#primaryimage\"},\"datePublished\":\"2025-08-17T19:01:18+00:00\",\"dateModified\":\"2025-08-17T21:00:24+00:00\",\"breadcrumb\":{\"@id\":\"https:\/\/fernandadepilacao.com.br\/portal\/2025\/08\/tudo-sobre-alergia-a-depilacao-causas-sintomas-e-prevencao\/#breadcrumb\"},\"inLanguage\":\"pt-BR\",\"potentialAction\":[{\"@type\":\"ReadAction\",\"target\":[\"https:\/\/fernandadepilacao.com.br\/portal\/2025\/08\/tudo-sobre-alergia-a-depilacao-causas-sintomas-e-prevencao\/\"]}]},{\"@type\":\"BreadcrumbList\",\"@id\":\"https:\/\/fernandadepilacao.com.br\/portal\/2025\/08\/tudo-sobre-alergia-a-depilacao-causas-sintomas-e-prevencao\/#breadcrumb\",\"itemListElement\":[{\"@type\":\"ListItem\",\"position\":1,\"name\":\"In\u00edcio\",\"item\":\"http:\/\/fernandadepilacao.com.br\/portal\/\"},{\"@type\":\"ListItem\",\"position\":2,\"name\":\"Tudo sobre Alergia \u00e0 Depila\u00e7\u00e3o: Causas, Sintomas e Preven\u00e7\u00e3o\"}]},{\"@type\":\"Article\",\"@id\":\"https:\/\/fernandadepilacao.com.br\/portal\/2025\/08\/tudo-sobre-alergia-a-depilacao-causas-sintomas-e-prevencao\/#article\",\"isPartOf\":{\"@id\":\"https:\/\/fernandadepilacao.com.br\/portal\/2025\/08\/tudo-sobre-alergia-a-depilacao-causas-sintomas-e-prevencao\/#webpage\"},\"author\":{\"@id\":\"https:\/\/fernandadepilacao.com.br\/portal\/#\/schema\/person\/d00644c3bbfd9fd17711767a3b1abbd0\"},\"headline\":\"Tudo sobre Alergia \u00e0 Depila\u00e7\u00e3o: Causas, Sintomas e Preven\u00e7\u00e3o\",\"datePublished\":\"2025-08-17T19:01:18+00:00\",\"dateModified\":\"2025-08-17T21:00:24+00:00\",\"mainEntityOfPage\":{\"@id\":\"https:\/\/fernandadepilacao.com.br\/portal\/2025\/08\/tudo-sobre-alergia-a-depilacao-causas-sintomas-e-prevencao\/#webpage\"},\"wordCount\":779,\"commentCount\":0,\"publisher\":{\"@id\":\"https:\/\/fernandadepilacao.com.br\/portal\/#organization\"},\"image\":{\"@id\":\"https:\/\/fernandadepilacao.com.br\/portal\/2025\/08\/tudo-sobre-alergia-a-depilacao-causas-sintomas-e-prevencao\/#primaryimage\"},\"thumbnailUrl\":\"https:\/\/fernandadepilacao.com.br\/portal\/wp-content\/uploads\/2025\/08\/20250817160114.png\",\"articleSection\":[\"Beleza\"],\"inLanguage\":\"pt-BR\",\"potentialAction\":[{\"@type\":\"CommentAction\",\"name\":\"Comment\",\"target\":[\"https:\/\/fernandadepilacao.com.br\/portal\/2025\/08\/tudo-sobre-alergia-a-depilacao-causas-sintomas-e-prevencao\/#respond\"]}]},{\"@type\":\"Person\",\"@id\":\"https:\/\/fernandadepilacao.com.br\/portal\/#\/schema\/person\/d00644c3bbfd9fd17711767a3b1abbd0\",\"name\":\"fernandajob\",\"image\":{\"@type\":\"ImageObject\",\"@id\":\"https:\/\/fernandadepilacao.com.br\/portal\/#personlogo\",\"inLanguage\":\"pt-BR\",\"url\":\"https:\/\/secure.gravatar.com\/avatar\/6c2268a68d69a325906fbdccd74b18e6?s=96&d=mm&r=g\",\"contentUrl\":\"https:\/\/secure.gravatar.com\/avatar\/6c2268a68d69a325906fbdccd74b18e6?s=96&d=mm&r=g\",\"caption\":\"fernandajob\"},\"sameAs\":[\"http:\/\/fernandadepilacao.com.br\/portal\"]}]}<\/script>\n<!-- \/ Yoast SEO plugin. -->","yoast_head_json":{"title":"Tudo sobre Alergia \u00e0 Depila\u00e7\u00e3o: Causas, Sintomas e Preven\u00e7\u00e3o - Fernanda Depila\u00e7\u00e3o","robots":{"index":"index","follow":"follow","max-snippet":"max-snippet:-1","max-image-preview":"max-image-preview:large","max-video-preview":"max-video-preview:-1"},"canonical":"https:\/\/fernandadepilacao.com.br\/portal\/2025\/08\/tudo-sobre-alergia-a-depilacao-causas-sintomas-e-prevencao\/","og_locale":"pt_BR","og_type":"article","og_title":"Tudo sobre Alergia \u00e0 Depila\u00e7\u00e3o: Causas, Sintomas e Preven\u00e7\u00e3o - Fernanda Depila\u00e7\u00e3o","og_description":"Depila\u00e7\u00e3o e Alergia: Entenda as Causas, Sintomas e Como Prevenir O que \u00e9 alergia \u00e0 depila\u00e7\u00e3o? A alergia \u00e0 depila\u00e7\u00e3o \u00e9 uma rea\u00e7\u00e3o de hipersensibilidade da pele provocada por m\u00e9todos como cera quente, l\u00e2mina, creme depilat\u00f3rio ou at\u00e9 mesmo m\u00e9todos a laser. Esses procedimentos podem causar irrita\u00e7\u00f5es cut\u00e2neas, vermelhid\u00e3o, coceira e pequenas bolinhas \u2014 sintomas &hellip; Tudo sobre Alergia \u00e0 Depila\u00e7\u00e3o: Causas, Sintomas e Preven\u00e7\u00e3o Leia mais &raquo;","og_url":"https:\/\/fernandadepilacao.com.br\/portal\/2025\/08\/tudo-sobre-alergia-a-depilacao-causas-sintomas-e-prevencao\/","og_site_name":"Fernanda Depila\u00e7\u00e3o","article_publisher":"https:\/\/www.facebook.com\/ferjobdepilacao","article_published_time":"2025-08-17T19:01:18+00:00","article_modified_time":"2025-08-17T21:00:24+00:00","og_image":[{"width":500,"height":500,"url":"https:\/\/fernandadepilacao.com.br\/portal\/wp-content\/uploads\/2025\/08\/20250817160114.png","type":"image\/png"}],"twitter_card":"summary_large_image","twitter_misc":{"Escrito por":"fernandajob","Est. tempo de leitura":"4 minutos"},"schema":{"@context":"https:\/\/schema.org","@graph":[{"@type":"Organization","@id":"https:\/\/fernandadepilacao.com.br\/portal\/#organization","name":"Fernanda Depila\u00e7\u00e3o","url":"https:\/\/fernandadepilacao.com.br\/portal\/","sameAs":["https:\/\/www.facebook.com\/ferjobdepilacao","http:\/\/instagram.com\/fernanda_job"],"logo":{"@type":"ImageObject","@id":"https:\/\/fernandadepilacao.com.br\/portal\/#logo","inLanguage":"pt-BR","url":"http:\/\/fernandadepilacao.com.br\/portal\/wp-content\/uploads\/2021\/03\/logo_fernanda.png","contentUrl":"http:\/\/fernandadepilacao.com.br\/portal\/wp-content\/uploads\/2021\/03\/logo_fernanda.png","width":673,"height":688,"caption":"Fernanda Depila\u00e7\u00e3o"},"image":{"@id":"https:\/\/fernandadepilacao.com.br\/portal\/#logo"}},{"@type":"WebSite","@id":"https:\/\/fernandadepilacao.com.br\/portal\/#website","url":"https:\/\/fernandadepilacao.com.br\/portal\/","name":"Fernanda Depila\u00e7\u00e3o","description":"","publisher":{"@id":"https:\/\/fernandadepilacao.com.br\/portal\/#organization"},"potentialAction":[{"@type":"SearchAction","target":{"@type":"EntryPoint","urlTemplate":"https:\/\/fernandadepilacao.com.br\/portal\/?s={search_term_string}"},"query-input":"required name=search_term_string"}],"inLanguage":"pt-BR"},{"@type":"ImageObject","@id":"https:\/\/fernandadepilacao.com.br\/portal\/2025\/08\/tudo-sobre-alergia-a-depilacao-causas-sintomas-e-prevencao\/#primaryimage","inLanguage":"pt-BR","url":"https:\/\/fernandadepilacao.com.br\/portal\/wp-content\/uploads\/2025\/08\/20250817160114.png","contentUrl":"https:\/\/fernandadepilacao.com.br\/portal\/wp-content\/uploads\/2025\/08\/20250817160114.png","width":500,"height":500},{"@type":"WebPage","@id":"https:\/\/fernandadepilacao.com.br\/portal\/2025\/08\/tudo-sobre-alergia-a-depilacao-causas-sintomas-e-prevencao\/#webpage","url":"https:\/\/fernandadepilacao.com.br\/portal\/2025\/08\/tudo-sobre-alergia-a-depilacao-causas-sintomas-e-prevencao\/","name":"Tudo sobre Alergia \u00e0 Depila\u00e7\u00e3o: Causas, Sintomas e Preven\u00e7\u00e3o - Fernanda Depila\u00e7\u00e3o","isPartOf":{"@id":"https:\/\/fernandadepilacao.com.br\/portal\/#website"},"primaryImageOfPage":{"@id":"https:\/\/fernandadepilacao.com.br\/portal\/2025\/08\/tudo-sobre-alergia-a-depilacao-causas-sintomas-e-prevencao\/#primaryimage"},"datePublished":"2025-08-17T19:01:18+00:00","dateModified":"2025-08-17T21:00:24+00:00","breadcrumb":{"@id":"https:\/\/fernandadepilacao.com.br\/portal\/2025\/08\/tudo-sobre-alergia-a-depilacao-causas-sintomas-e-prevencao\/#breadcrumb"},"inLanguage":"pt-BR","potentialAction":[{"@type":"ReadAction","target":["https:\/\/fernandadepilacao.com.br\/portal\/2025\/08\/tudo-sobre-alergia-a-depilacao-causas-sintomas-e-prevencao\/"]}]},{"@type":"BreadcrumbList","@id":"https:\/\/fernandadepilacao.com.br\/portal\/2025\/08\/tudo-sobre-alergia-a-depilacao-causas-sintomas-e-prevencao\/#breadcrumb","itemListElement":[{"@type":"ListItem","position":1,"name":"In\u00edcio","item":"http:\/\/fernandadepilacao.com.br\/portal\/"},{"@type":"ListItem","position":2,"name":"Tudo sobre Alergia \u00e0 Depila\u00e7\u00e3o: Causas, Sintomas e Preven\u00e7\u00e3o"}]},{"@type":"Article","@id":"https:\/\/fernandadepilacao.com.br\/portal\/2025\/08\/tudo-sobre-alergia-a-depilacao-causas-sintomas-e-prevencao\/#article","isPartOf":{"@id":"https:\/\/fernandadepilacao.com.br\/portal\/2025\/08\/tudo-sobre-alergia-a-depilacao-causas-sintomas-e-prevencao\/#webpage"},"author":{"@id":"https:\/\/fernandadepilacao.com.br\/portal\/#\/schema\/person\/d00644c3bbfd9fd17711767a3b1abbd0"},"headline":"Tudo sobre Alergia \u00e0 Depila\u00e7\u00e3o: Causas, Sintomas e Preven\u00e7\u00e3o","datePublished":"2025-08-17T19:01:18+00:00","dateModified":"2025-08-17T21:00:24+00:00","mainEntityOfPage":{"@id":"https:\/\/fernandadepilacao.com.br\/portal\/2025\/08\/tudo-sobre-alergia-a-depilacao-causas-sintomas-e-prevencao\/#webpage"},"wordCount":779,"commentCount":0,"publisher":{"@id":"https:\/\/fernandadepilacao.com.br\/portal\/#organization"},"image":{"@id":"https:\/\/fernandadepilacao.com.br\/portal\/2025\/08\/tudo-sobre-alergia-a-depilacao-causas-sintomas-e-prevencao\/#primaryimage"},"thumbnailUrl":"https:\/\/fernandadepilacao.com.br\/portal\/wp-content\/uploads\/2025\/08\/20250817160114.png","articleSection":["Beleza"],"inLanguage":"pt-BR","potentialAction":[{"@type":"CommentAction","name":"Comment","target":["https:\/\/fernandadepilacao.com.br\/portal\/2025\/08\/tudo-sobre-alergia-a-depilacao-causas-sintomas-e-prevencao\/#respond"]}]},{"@type":"Person","@id":"https:\/\/fernandadepilacao.com.br\/portal\/#\/schema\/person\/d00644c3bbfd9fd17711767a3b1abbd0","name":"fernandajob","image":{"@type":"ImageObject","@id":"https:\/\/fernandadepilacao.com.br\/portal\/#personlogo","inLanguage":"pt-BR","url":"https:\/\/secure.gravatar.com\/avatar\/6c2268a68d69a325906fbdccd74b18e6?s=96&d=mm&r=g","contentUrl":"https:\/\/secure.gravatar.com\/avatar\/6c2268a68d69a325906fbdccd74b18e6?s=96&d=mm&r=g","caption":"fernandajob"},"sameAs":["http:\/\/fernandadepilacao.com.br\/portal"]}]}},"uagb_featured_image_src":{"full":["https:\/\/fernandadepilacao.com.br\/portal\/wp-content\/uploads\/2025\/08\/20250817160114.png",500,500,false],"thumbnail":["https:\/\/fernandadepilacao.com.br\/portal\/wp-content\/uploads\/2025\/08\/20250817160114-150x150.png",150,150,true],"medium":["https:\/\/fernandadepilacao.com.br\/portal\/wp-content\/uploads\/2025\/08\/20250817160114-300x300.png",300,300,true],"medium_large":["https:\/\/fernandadepilacao.com.br\/portal\/wp-content\/uploads\/2025\/08\/20250817160114.png",500,500,false],"large":["https:\/\/fernandadepilacao.com.br\/portal\/wp-content\/uploads\/2025\/08\/20250817160114.png",500,500,false],"1536x1536":["https:\/\/fernandadepilacao.com.br\/portal\/wp-content\/uploads\/2025\/08\/20250817160114.png",500,500,false],"2048x2048":["https:\/\/fernandadepilacao.com.br\/portal\/wp-content\/uploads\/2025\/08\/20250817160114.png",500,500,false]},"uagb_author_info":{"display_name":"fernandajob","author_link":"https:\/\/fernandadepilacao.com.br\/portal\/author\/fernandajob\/"},"uagb_comment_info":0,"uagb_excerpt":"Depila\u00e7\u00e3o e Alergia: Entenda as Causas, Sintomas e Como Prevenir O que \u00e9 alergia \u00e0 depila\u00e7\u00e3o? A alergia \u00e0 depila\u00e7\u00e3o \u00e9 uma rea\u00e7\u00e3o de hipersensibilidade da pele provocada por m\u00e9todos como cera quente, l\u00e2mina, creme depilat\u00f3rio ou at\u00e9 mesmo m\u00e9todos a laser. Esses procedimentos podem causar irrita\u00e7\u00f5es cut\u00e2neas, vermelhid\u00e3o, coceira e pequenas bolinhas \u2014 sintomas&hellip;","_links":{"self":[{"href":"https:\/\/fernandadepilacao.com.br\/portal\/wp-json\/wp\/v2\/posts\/400"}],"collection":[{"href":"https:\/\/fernandadepilacao.com.br\/portal\/wp-json\/wp\/v2\/posts"}],"about":[{"href":"https:\/\/fernandadepilacao.com.br\/portal\/wp-json\/wp\/v2\/types\/post"}],"author":[{"embeddable":true,"href":"https:\/\/fernandadepilacao.com.br\/portal\/wp-json\/wp\/v2\/users\/1"}],"replies":[{"embeddable":true,"href":"https:\/\/fernandadepilacao.com.br\/portal\/wp-json\/wp\/v2\/comments?post=400"}],"version-history":[{"count":1,"href":"https:\/\/fernandadepilacao.com.br\/portal\/wp-json\/wp\/v2\/posts\/400\/revisions"}],"predecessor-version":[{"id":401,"href":"https:\/\/fernandadepilacao.com.br\/portal\/wp-json\/wp\/v2\/posts\/400\/revisions\/401"}],"wp:featuredmedia":[{"embeddable":true,"href":"https:\/\/fernandadepilacao.com.br\/portal\/wp-json\/wp\/v2\/media\/399"}],"wp:attachment":[{"href":"https:\/\/fernandadepilacao.com.br\/portal\/wp-json\/wp\/v2\/media?parent=400"}],"wp:term":[{"taxonomy":"category","embeddable":true,"href":"https:\/\/fernandadepilacao.com.br\/portal\/wp-json\/wp\/v2\/categories?post=400"},{"taxonomy":"post_tag","embeddable":true,"href":"https:\/\/fernandadepilacao.com.br\/portal\/wp-json\/wp\/v2\/tags?post=400"}],"curies":[{"name":"wp","href":"https:\/\/api.w.org\/{rel}","templated":true}]}}