{"id":397,"date":"2025-08-17T08:01:09","date_gmt":"2025-08-17T11:01:09","guid":{"rendered":"https:\/\/fernandadepilacao.com.br\/portal\/2025\/08\/depilacao-encravada-causas-prevencao-sintomas-tratamentos-eficazes\/"},"modified":"2025-08-17T12:00:18","modified_gmt":"2025-08-17T15:00:18","slug":"depilacao-encravada-causas-prevencao-sintomas-tratamentos-eficazes","status":"publish","type":"post","link":"https:\/\/fernandadepilacao.com.br\/portal\/2025\/08\/depilacao-encravada-causas-prevencao-sintomas-tratamentos-eficazes\/","title":{"rendered":"Depila\u00e7\u00e3o Encravada: Causas, Preven\u00e7\u00e3o, Sintomas e Tratamentos Eficazes"},"content":{"rendered":"<article>\n<header>\n<h1>Depila\u00e7\u00e3o Encravada: Entenda as Causas, Preven\u00e7\u00e3o e Tratamentos Eficazes<\/h1>\n<p>    <meta name=\"description\" content=\"Descubra tudo sobre depila\u00e7\u00e3o encravada: causas, dicas de preven\u00e7\u00e3o, tratamentos e mitos desvendados por uma especialista. Evite pelos encravados, irrita\u00e7\u00e3o e manchas!\"\/><br \/>\n  <\/header>\n<section>\n<h2>O que \u00e9 Depila\u00e7\u00e3o Encravada?<\/h2>\n<p>A depila\u00e7\u00e3o encravada \u00e9 um problema bastante comum entre homens e mulheres que buscam m\u00e9todos para eliminar os pelos do corpo, como a depila\u00e7\u00e3o com cera, l\u00e2mina, laser ou at\u00e9 mesmo cremes depilat\u00f3rios. <strong>Pelo encravado<\/strong> ocorre quando o fio, ao crescer, n\u00e3o consegue atravessar a superf\u00edcie da pele e acaba ficando retido sob a camada cut\u00e2nea. Isso pode gerar inflama\u00e7\u00e3o, dor, vermelhid\u00e3o e at\u00e9 mesmo pequenas les\u00f5es, semelhantes a espinhas.<\/p>\n<p>Muitas pessoas acreditam que \u00e9 um problema sem solu\u00e7\u00e3o, mas cuidar corretamente da pele e escolher a t\u00e9cnica ideal para cada tipo de pelo pode fazer toda a diferen\u00e7a na preven\u00e7\u00e3o e no tratamento dos pelos encravados.<\/p>\n<\/section>\n<section>\n<h2>Principais Causas dos Pelos Encravados Ap\u00f3s Depila\u00e7\u00e3o<\/h2>\n<ul>\n<li><strong>Fric\u00e7\u00e3o constante:<\/strong> Roupas apertadas aumentam o atrito com a pele, dificultando a sa\u00edda natural do pelo.<\/li>\n<li><strong>Pele ressecada e sem esfolia\u00e7\u00e3o:<\/strong> O ac\u00famulo de c\u00e9lulas mortas impede que o fio atravesse a superf\u00edcie cut\u00e2nea.<\/li>\n<li><strong>M\u00e9todo inadequado de depila\u00e7\u00e3o:<\/strong> L\u00e2minas cegas, ceras de baixa qualidade ou t\u00e9cnicas erradas pioram o quadro.<\/li>\n<li><strong>Crescimento dos pelos embaixo da pele:<\/strong> Frequente em pessoas com pelos encaracolados ou mais grossos.<\/li>\n<\/ul>\n<\/section>\n<section>\n<h2>Sintomas Mais Comuns<\/h2>\n<p>Os principais sinais de pelo encravado s\u00e3o:<\/p>\n<ul>\n<li>Vermelhid\u00e3o localizada<\/li>\n<li>Dor e sensibilidade ao toque<\/li>\n<li>Pontinhos escuros ou purulentos (bolinhas)<\/li>\n<li>Coceira intensa<\/li>\n<li>Aspecto de &#8220;espinha&#8221; na \u00e1rea depilada<\/li>\n<\/ul>\n<p>Caso perceba les\u00f5es maiores, pus ou aumento da dor, procure imediatamente um dermatologista.<\/p>\n<\/section>\n<section>\n<h2>Como Prevenir os Pelos Encravados na Depila\u00e7\u00e3o?<\/h2>\n<ol>\n<li><strong>Mantenha a pele sempre limpa e hidratada:<\/strong> Higienize bem a regi\u00e3o antes e ap\u00f3s a depila\u00e7\u00e3o e use produtos hidratantes indicados para o seu tipo de pele.<\/li>\n<li><strong>Fa\u00e7a esfolia\u00e7\u00e3o regularmente:<\/strong> A esfolia\u00e7\u00e3o remove c\u00e9lulas mortas e facilita a sa\u00edda dos novos fios.<\/li>\n<li><strong>Opte por m\u00e9todos adequados:<\/strong> Depila\u00e7\u00e3o a laser tende a diminuir o risco de encravamento dos pelos. Se usar l\u00e2mina, procure sempre passar no sentido do crescimento do pelo e nunca a seco.<\/li>\n<li><strong>Cuidado com a cera quente:<\/strong> Quando mal utilizada, pode irritar a pele e prejudicar a sa\u00edda do pelo.<\/li>\n<li><strong>Evite roupas justas nos dias ap\u00f3s a depila\u00e7\u00e3o:<\/strong> O atrito pode favorecer o encravamento dos pelos rec\u00e9m-nascidos.<\/li>\n<\/ol>\n<\/section>\n<section>\n<h2>Tratamentos Eficazes para Pelos Encravados<\/h2>\n<p>Se voc\u00ea j\u00e1 sofre com a <strong>depila\u00e7\u00e3o encravada<\/strong>, n\u00e3o se preocupe! Existem tratamentos simples e eficazes que podem ajudar:<\/p>\n<ul>\n<li><strong>Compressa morna:<\/strong> Amolece a pele e facilita a sa\u00edda do fio.<\/li>\n<li><strong>Esfolia\u00e7\u00e3o suave:<\/strong> Com movimentos circulares, ajuda a &#8220;desprender&#8221; o pelo encravado sem machucar.<\/li>\n<li><strong>Produtos t\u00f3picos:<\/strong> Cremes com \u00e1cido salic\u00edlico ou glic\u00f3lico promovem a renova\u00e7\u00e3o celular e desobstruem o fol\u00edculo piloso.<\/li>\n<li><strong>Procedimentos est\u00e9ticos:<\/strong> A extra\u00e7\u00e3o feita por um profissional qualificado evita irrita\u00e7\u00f5es e cicatrizes.<\/li>\n<li><strong>Evitar &#8220;cutucar&#8221; em casa:<\/strong> Tentar remover sozinha pode causar infec\u00e7\u00f5es e manchar a pele.<\/li>\n<\/ul>\n<\/section>\n<section>\n<h2>Respondendo \u00e0s Principais D\u00favidas Sobre Depila\u00e7\u00e3o Encravada<\/h2>\n<details>\n<summary>Todos os m\u00e9todos de depila\u00e7\u00e3o causam pelos encravados?<\/summary>\n<p>N\u00e3o. M\u00e9todos como a <strong>depila\u00e7\u00e3o a laser<\/strong> e a luz pulsada t\u00eam menor \u00edndice, pois enfraquecem gradativamente os fol\u00edculos. J\u00e1 l\u00e2mina e cera exigem cuidados redobrados.<\/p>\n<\/details>\n<details>\n<summary>Usar receitas caseiras pode ajudar?<\/summary>\n<p>Alguns ingredientes naturais, como esfoliantes de a\u00e7\u00facar e mel, at\u00e9 auxiliam, mas \u00e9 essencial garantir a higieniza\u00e7\u00e3o dos materiais e buscar orienta\u00e7\u00e3o de um profissional.<\/p>\n<\/details>\n<details>\n<summary>Pelos encravados podem causar manchas?<\/summary>\n<p>Sim. O atrito excessivo ou a manipula\u00e7\u00e3o inadequada do local pode provocar manchas escuras (hiperpigmenta\u00e7\u00e3o p\u00f3s-inflamat\u00f3ria) e cicatrizes.<\/p>\n<\/details>\n<\/section>\n<section>\n<h2>Mitos e Verdades Sobre Depila\u00e7\u00e3o Encravada<\/h2>\n<ul>\n<li><strong>Mito:<\/strong> Passar a l\u00e2mina de &#8220;cima para baixo&#8221; sempre evita pelos encravados. <br \/> <em>Verdade:<\/em> O importante \u00e9 respeitar o sentido de crescimento do pelo e preparar bem a pele.<\/li>\n<li><strong>Mito:<\/strong> S\u00f3 quem tem pele escura sofre com pelos encravados.<br \/> <em>Verdade:<\/em> Todos os tipos de pele e pelo podem apresentar o problema.<\/li>\n<li><strong>Mito:<\/strong> Espremer o pelo sempre resolve. <br \/> <em>Verdade:<\/em> Isso pode agravar o quadro e causar cicatriz.<\/li>\n<\/ul>\n<\/section>\n<section>\n<h2>Conclus\u00e3o: Cuide Bem da Sua Pele<\/h2>\n<p>O segredo para evitar a <strong>depila\u00e7\u00e3o encravada<\/strong> \u00e9 entender a sua pele e escolher o melhor m\u00e9todo de depila\u00e7\u00e3o, aliado a uma rotina de cuidados que inclua esfolia\u00e7\u00e3o, hidrata\u00e7\u00e3o e, principalmente, muita aten\u00e7\u00e3o \u00e0 higiene. Sempre que poss\u00edvel, procure orienta\u00e7\u00e3o de uma esteticista ou dermatologista para t\u00e9cnicas e produtos mais adequados ao seu caso. Sua pele merece todo cuidado e carinho!<\/p>\n<\/section>\n<footer>\n<p><strong>Palavras-chave relacionadas:<\/strong> depila\u00e7\u00e3o encravada, pelo encravado, tratamento pelo encravado, depila\u00e7\u00e3o a laser, esfolia\u00e7\u00e3o, preven\u00e7\u00e3o de pelos encravados, cuidados com a pele, m\u00e9todos de depila\u00e7\u00e3o, manchas de depila\u00e7\u00e3o.<\/p>\n<\/footer>\n<\/article>\n","protected":false},"excerpt":{"rendered":"<p>Depila\u00e7\u00e3o Encravada: Entenda as Causas, Preven\u00e7\u00e3o e Tratamentos Eficazes O que \u00e9 Depila\u00e7\u00e3o Encravada? A depila\u00e7\u00e3o encravada \u00e9 um problema bastante comum entre homens e mulheres que buscam m\u00e9todos para eliminar os pelos do corpo, como a depila\u00e7\u00e3o com cera, l\u00e2mina, laser ou at\u00e9 mesmo cremes depilat\u00f3rios. Pelo encravado ocorre quando o fio, ao crescer, &hellip;<\/p>\n<p class=\"read-more\"> <a class=\"\" href=\"https:\/\/fernandadepilacao.com.br\/portal\/2025\/08\/depilacao-encravada-causas-prevencao-sintomas-tratamentos-eficazes\/\"> <span class=\"screen-reader-text\">Depila\u00e7\u00e3o Encravada: Causas, Preven\u00e7\u00e3o, Sintomas e Tratamentos Eficazes<\/span> Leia mais &raquo;<\/a><\/p>\n","protected":false},"author":1,"featured_media":396,"comment_status":"open","ping_status":"open","sticky":false,"template":"","format":"standard","meta":[],"categories":[15],"tags":[],"yoast_head":"<!-- This site is optimized with the Yoast SEO plugin v18.4.1 - https:\/\/yoast.com\/wordpress\/plugins\/seo\/ -->\n<title>Depila\u00e7\u00e3o Encravada: Causas, Preven\u00e7\u00e3o, Sintomas e Tratamentos Eficazes - Fernanda Depila\u00e7\u00e3o<\/title>\n<meta name=\"robots\" content=\"index, follow, max-snippet:-1, max-image-preview:large, max-video-preview:-1\" \/>\n<link rel=\"canonical\" href=\"https:\/\/fernandadepilacao.com.br\/portal\/2025\/08\/depilacao-encravada-causas-prevencao-sintomas-tratamentos-eficazes\/\" \/>\n<meta property=\"og:locale\" content=\"pt_BR\" \/>\n<meta property=\"og:type\" content=\"article\" \/>\n<meta property=\"og:title\" content=\"Depila\u00e7\u00e3o Encravada: Causas, Preven\u00e7\u00e3o, Sintomas e Tratamentos Eficazes - Fernanda Depila\u00e7\u00e3o\" \/>\n<meta property=\"og:description\" content=\"Depila\u00e7\u00e3o Encravada: Entenda as Causas, Preven\u00e7\u00e3o e Tratamentos Eficazes O que \u00e9 Depila\u00e7\u00e3o Encravada? A depila\u00e7\u00e3o encravada \u00e9 um problema bastante comum entre homens e mulheres que buscam m\u00e9todos para eliminar os pelos do corpo, como a depila\u00e7\u00e3o com cera, l\u00e2mina, laser ou at\u00e9 mesmo cremes depilat\u00f3rios. Pelo encravado ocorre quando o fio, ao crescer, &hellip; Depila\u00e7\u00e3o Encravada: Causas, Preven\u00e7\u00e3o, Sintomas e Tratamentos Eficazes Leia mais &raquo;\" \/>\n<meta property=\"og:url\" content=\"https:\/\/fernandadepilacao.com.br\/portal\/2025\/08\/depilacao-encravada-causas-prevencao-sintomas-tratamentos-eficazes\/\" \/>\n<meta property=\"og:site_name\" content=\"Fernanda Depila\u00e7\u00e3o\" \/>\n<meta property=\"article:publisher\" content=\"https:\/\/www.facebook.com\/ferjobdepilacao\" \/>\n<meta property=\"article:published_time\" content=\"2025-08-17T11:01:09+00:00\" \/>\n<meta property=\"article:modified_time\" content=\"2025-08-17T15:00:18+00:00\" \/>\n<meta property=\"og:image\" content=\"https:\/\/fernandadepilacao.com.br\/portal\/wp-content\/uploads\/2025\/08\/20250817080106.png\" \/>\n\t<meta property=\"og:image:width\" content=\"500\" \/>\n\t<meta property=\"og:image:height\" content=\"500\" \/>\n\t<meta property=\"og:image:type\" content=\"image\/png\" \/>\n<meta name=\"twitter:card\" content=\"summary_large_image\" \/>\n<meta name=\"twitter:label1\" content=\"Escrito por\" \/>\n\t<meta name=\"twitter:data1\" content=\"fernandajob\" \/>\n\t<meta name=\"twitter:label2\" content=\"Est. tempo de leitura\" \/>\n\t<meta name=\"twitter:data2\" content=\"4 minutos\" \/>\n<script type=\"application\/ld+json\" class=\"yoast-schema-graph\">{\"@context\":\"https:\/\/schema.org\",\"@graph\":[{\"@type\":\"Organization\",\"@id\":\"https:\/\/fernandadepilacao.com.br\/portal\/#organization\",\"name\":\"Fernanda Depila\u00e7\u00e3o\",\"url\":\"https:\/\/fernandadepilacao.com.br\/portal\/\",\"sameAs\":[\"https:\/\/www.facebook.com\/ferjobdepilacao\",\"http:\/\/instagram.com\/fernanda_job\"],\"logo\":{\"@type\":\"ImageObject\",\"@id\":\"https:\/\/fernandadepilacao.com.br\/portal\/#logo\",\"inLanguage\":\"pt-BR\",\"url\":\"http:\/\/fernandadepilacao.com.br\/portal\/wp-content\/uploads\/2021\/03\/logo_fernanda.png\",\"contentUrl\":\"http:\/\/fernandadepilacao.com.br\/portal\/wp-content\/uploads\/2021\/03\/logo_fernanda.png\",\"width\":673,\"height\":688,\"caption\":\"Fernanda Depila\u00e7\u00e3o\"},\"image\":{\"@id\":\"https:\/\/fernandadepilacao.com.br\/portal\/#logo\"}},{\"@type\":\"WebSite\",\"@id\":\"https:\/\/fernandadepilacao.com.br\/portal\/#website\",\"url\":\"https:\/\/fernandadepilacao.com.br\/portal\/\",\"name\":\"Fernanda Depila\u00e7\u00e3o\",\"description\":\"\",\"publisher\":{\"@id\":\"https:\/\/fernandadepilacao.com.br\/portal\/#organization\"},\"potentialAction\":[{\"@type\":\"SearchAction\",\"target\":{\"@type\":\"EntryPoint\",\"urlTemplate\":\"https:\/\/fernandadepilacao.com.br\/portal\/?s={search_term_string}\"},\"query-input\":\"required name=search_term_string\"}],\"inLanguage\":\"pt-BR\"},{\"@type\":\"ImageObject\",\"@id\":\"https:\/\/fernandadepilacao.com.br\/portal\/2025\/08\/depilacao-encravada-causas-prevencao-sintomas-tratamentos-eficazes\/#primaryimage\",\"inLanguage\":\"pt-BR\",\"url\":\"https:\/\/fernandadepilacao.com.br\/portal\/wp-content\/uploads\/2025\/08\/20250817080106.png\",\"contentUrl\":\"https:\/\/fernandadepilacao.com.br\/portal\/wp-content\/uploads\/2025\/08\/20250817080106.png\",\"width\":500,\"height\":500},{\"@type\":\"WebPage\",\"@id\":\"https:\/\/fernandadepilacao.com.br\/portal\/2025\/08\/depilacao-encravada-causas-prevencao-sintomas-tratamentos-eficazes\/#webpage\",\"url\":\"https:\/\/fernandadepilacao.com.br\/portal\/2025\/08\/depilacao-encravada-causas-prevencao-sintomas-tratamentos-eficazes\/\",\"name\":\"Depila\u00e7\u00e3o Encravada: Causas, Preven\u00e7\u00e3o, Sintomas e Tratamentos Eficazes - Fernanda Depila\u00e7\u00e3o\",\"isPartOf\":{\"@id\":\"https:\/\/fernandadepilacao.com.br\/portal\/#website\"},\"primaryImageOfPage\":{\"@id\":\"https:\/\/fernandadepilacao.com.br\/portal\/2025\/08\/depilacao-encravada-causas-prevencao-sintomas-tratamentos-eficazes\/#primaryimage\"},\"datePublished\":\"2025-08-17T11:01:09+00:00\",\"dateModified\":\"2025-08-17T15:00:18+00:00\",\"breadcrumb\":{\"@id\":\"https:\/\/fernandadepilacao.com.br\/portal\/2025\/08\/depilacao-encravada-causas-prevencao-sintomas-tratamentos-eficazes\/#breadcrumb\"},\"inLanguage\":\"pt-BR\",\"potentialAction\":[{\"@type\":\"ReadAction\",\"target\":[\"https:\/\/fernandadepilacao.com.br\/portal\/2025\/08\/depilacao-encravada-causas-prevencao-sintomas-tratamentos-eficazes\/\"]}]},{\"@type\":\"BreadcrumbList\",\"@id\":\"https:\/\/fernandadepilacao.com.br\/portal\/2025\/08\/depilacao-encravada-causas-prevencao-sintomas-tratamentos-eficazes\/#breadcrumb\",\"itemListElement\":[{\"@type\":\"ListItem\",\"position\":1,\"name\":\"In\u00edcio\",\"item\":\"http:\/\/fernandadepilacao.com.br\/portal\/\"},{\"@type\":\"ListItem\",\"position\":2,\"name\":\"Depila\u00e7\u00e3o Encravada: Causas, Preven\u00e7\u00e3o, Sintomas e Tratamentos Eficazes\"}]},{\"@type\":\"Article\",\"@id\":\"https:\/\/fernandadepilacao.com.br\/portal\/2025\/08\/depilacao-encravada-causas-prevencao-sintomas-tratamentos-eficazes\/#article\",\"isPartOf\":{\"@id\":\"https:\/\/fernandadepilacao.com.br\/portal\/2025\/08\/depilacao-encravada-causas-prevencao-sintomas-tratamentos-eficazes\/#webpage\"},\"author\":{\"@id\":\"https:\/\/fernandadepilacao.com.br\/portal\/#\/schema\/person\/d00644c3bbfd9fd17711767a3b1abbd0\"},\"headline\":\"Depila\u00e7\u00e3o Encravada: Causas, Preven\u00e7\u00e3o, Sintomas e Tratamentos Eficazes\",\"datePublished\":\"2025-08-17T11:01:09+00:00\",\"dateModified\":\"2025-08-17T15:00:18+00:00\",\"mainEntityOfPage\":{\"@id\":\"https:\/\/fernandadepilacao.com.br\/portal\/2025\/08\/depilacao-encravada-causas-prevencao-sintomas-tratamentos-eficazes\/#webpage\"},\"wordCount\":805,\"commentCount\":0,\"publisher\":{\"@id\":\"https:\/\/fernandadepilacao.com.br\/portal\/#organization\"},\"image\":{\"@id\":\"https:\/\/fernandadepilacao.com.br\/portal\/2025\/08\/depilacao-encravada-causas-prevencao-sintomas-tratamentos-eficazes\/#primaryimage\"},\"thumbnailUrl\":\"https:\/\/fernandadepilacao.com.br\/portal\/wp-content\/uploads\/2025\/08\/20250817080106.png\",\"articleSection\":[\"Beleza\"],\"inLanguage\":\"pt-BR\",\"potentialAction\":[{\"@type\":\"CommentAction\",\"name\":\"Comment\",\"target\":[\"https:\/\/fernandadepilacao.com.br\/portal\/2025\/08\/depilacao-encravada-causas-prevencao-sintomas-tratamentos-eficazes\/#respond\"]}]},{\"@type\":\"Person\",\"@id\":\"https:\/\/fernandadepilacao.com.br\/portal\/#\/schema\/person\/d00644c3bbfd9fd17711767a3b1abbd0\",\"name\":\"fernandajob\",\"image\":{\"@type\":\"ImageObject\",\"@id\":\"https:\/\/fernandadepilacao.com.br\/portal\/#personlogo\",\"inLanguage\":\"pt-BR\",\"url\":\"https:\/\/secure.gravatar.com\/avatar\/6c2268a68d69a325906fbdccd74b18e6?s=96&d=mm&r=g\",\"contentUrl\":\"https:\/\/secure.gravatar.com\/avatar\/6c2268a68d69a325906fbdccd74b18e6?s=96&d=mm&r=g\",\"caption\":\"fernandajob\"},\"sameAs\":[\"http:\/\/fernandadepilacao.com.br\/portal\"]}]}<\/script>\n<!-- \/ Yoast SEO plugin. -->","yoast_head_json":{"title":"Depila\u00e7\u00e3o Encravada: Causas, Preven\u00e7\u00e3o, Sintomas e Tratamentos Eficazes - Fernanda Depila\u00e7\u00e3o","robots":{"index":"index","follow":"follow","max-snippet":"max-snippet:-1","max-image-preview":"max-image-preview:large","max-video-preview":"max-video-preview:-1"},"canonical":"https:\/\/fernandadepilacao.com.br\/portal\/2025\/08\/depilacao-encravada-causas-prevencao-sintomas-tratamentos-eficazes\/","og_locale":"pt_BR","og_type":"article","og_title":"Depila\u00e7\u00e3o Encravada: Causas, Preven\u00e7\u00e3o, Sintomas e Tratamentos Eficazes - Fernanda Depila\u00e7\u00e3o","og_description":"Depila\u00e7\u00e3o Encravada: Entenda as Causas, Preven\u00e7\u00e3o e Tratamentos Eficazes O que \u00e9 Depila\u00e7\u00e3o Encravada? A depila\u00e7\u00e3o encravada \u00e9 um problema bastante comum entre homens e mulheres que buscam m\u00e9todos para eliminar os pelos do corpo, como a depila\u00e7\u00e3o com cera, l\u00e2mina, laser ou at\u00e9 mesmo cremes depilat\u00f3rios. Pelo encravado ocorre quando o fio, ao crescer, &hellip; Depila\u00e7\u00e3o Encravada: Causas, Preven\u00e7\u00e3o, Sintomas e Tratamentos Eficazes Leia mais &raquo;","og_url":"https:\/\/fernandadepilacao.com.br\/portal\/2025\/08\/depilacao-encravada-causas-prevencao-sintomas-tratamentos-eficazes\/","og_site_name":"Fernanda Depila\u00e7\u00e3o","article_publisher":"https:\/\/www.facebook.com\/ferjobdepilacao","article_published_time":"2025-08-17T11:01:09+00:00","article_modified_time":"2025-08-17T15:00:18+00:00","og_image":[{"width":500,"height":500,"url":"https:\/\/fernandadepilacao.com.br\/portal\/wp-content\/uploads\/2025\/08\/20250817080106.png","type":"image\/png"}],"twitter_card":"summary_large_image","twitter_misc":{"Escrito por":"fernandajob","Est. tempo de leitura":"4 minutos"},"schema":{"@context":"https:\/\/schema.org","@graph":[{"@type":"Organization","@id":"https:\/\/fernandadepilacao.com.br\/portal\/#organization","name":"Fernanda Depila\u00e7\u00e3o","url":"https:\/\/fernandadepilacao.com.br\/portal\/","sameAs":["https:\/\/www.facebook.com\/ferjobdepilacao","http:\/\/instagram.com\/fernanda_job"],"logo":{"@type":"ImageObject","@id":"https:\/\/fernandadepilacao.com.br\/portal\/#logo","inLanguage":"pt-BR","url":"http:\/\/fernandadepilacao.com.br\/portal\/wp-content\/uploads\/2021\/03\/logo_fernanda.png","contentUrl":"http:\/\/fernandadepilacao.com.br\/portal\/wp-content\/uploads\/2021\/03\/logo_fernanda.png","width":673,"height":688,"caption":"Fernanda Depila\u00e7\u00e3o"},"image":{"@id":"https:\/\/fernandadepilacao.com.br\/portal\/#logo"}},{"@type":"WebSite","@id":"https:\/\/fernandadepilacao.com.br\/portal\/#website","url":"https:\/\/fernandadepilacao.com.br\/portal\/","name":"Fernanda Depila\u00e7\u00e3o","description":"","publisher":{"@id":"https:\/\/fernandadepilacao.com.br\/portal\/#organization"},"potentialAction":[{"@type":"SearchAction","target":{"@type":"EntryPoint","urlTemplate":"https:\/\/fernandadepilacao.com.br\/portal\/?s={search_term_string}"},"query-input":"required name=search_term_string"}],"inLanguage":"pt-BR"},{"@type":"ImageObject","@id":"https:\/\/fernandadepilacao.com.br\/portal\/2025\/08\/depilacao-encravada-causas-prevencao-sintomas-tratamentos-eficazes\/#primaryimage","inLanguage":"pt-BR","url":"https:\/\/fernandadepilacao.com.br\/portal\/wp-content\/uploads\/2025\/08\/20250817080106.png","contentUrl":"https:\/\/fernandadepilacao.com.br\/portal\/wp-content\/uploads\/2025\/08\/20250817080106.png","width":500,"height":500},{"@type":"WebPage","@id":"https:\/\/fernandadepilacao.com.br\/portal\/2025\/08\/depilacao-encravada-causas-prevencao-sintomas-tratamentos-eficazes\/#webpage","url":"https:\/\/fernandadepilacao.com.br\/portal\/2025\/08\/depilacao-encravada-causas-prevencao-sintomas-tratamentos-eficazes\/","name":"Depila\u00e7\u00e3o Encravada: Causas, Preven\u00e7\u00e3o, Sintomas e Tratamentos Eficazes - Fernanda Depila\u00e7\u00e3o","isPartOf":{"@id":"https:\/\/fernandadepilacao.com.br\/portal\/#website"},"primaryImageOfPage":{"@id":"https:\/\/fernandadepilacao.com.br\/portal\/2025\/08\/depilacao-encravada-causas-prevencao-sintomas-tratamentos-eficazes\/#primaryimage"},"datePublished":"2025-08-17T11:01:09+00:00","dateModified":"2025-08-17T15:00:18+00:00","breadcrumb":{"@id":"https:\/\/fernandadepilacao.com.br\/portal\/2025\/08\/depilacao-encravada-causas-prevencao-sintomas-tratamentos-eficazes\/#breadcrumb"},"inLanguage":"pt-BR","potentialAction":[{"@type":"ReadAction","target":["https:\/\/fernandadepilacao.com.br\/portal\/2025\/08\/depilacao-encravada-causas-prevencao-sintomas-tratamentos-eficazes\/"]}]},{"@type":"BreadcrumbList","@id":"https:\/\/fernandadepilacao.com.br\/portal\/2025\/08\/depilacao-encravada-causas-prevencao-sintomas-tratamentos-eficazes\/#breadcrumb","itemListElement":[{"@type":"ListItem","position":1,"name":"In\u00edcio","item":"http:\/\/fernandadepilacao.com.br\/portal\/"},{"@type":"ListItem","position":2,"name":"Depila\u00e7\u00e3o Encravada: Causas, Preven\u00e7\u00e3o, Sintomas e Tratamentos Eficazes"}]},{"@type":"Article","@id":"https:\/\/fernandadepilacao.com.br\/portal\/2025\/08\/depilacao-encravada-causas-prevencao-sintomas-tratamentos-eficazes\/#article","isPartOf":{"@id":"https:\/\/fernandadepilacao.com.br\/portal\/2025\/08\/depilacao-encravada-causas-prevencao-sintomas-tratamentos-eficazes\/#webpage"},"author":{"@id":"https:\/\/fernandadepilacao.com.br\/portal\/#\/schema\/person\/d00644c3bbfd9fd17711767a3b1abbd0"},"headline":"Depila\u00e7\u00e3o Encravada: Causas, Preven\u00e7\u00e3o, Sintomas e Tratamentos Eficazes","datePublished":"2025-08-17T11:01:09+00:00","dateModified":"2025-08-17T15:00:18+00:00","mainEntityOfPage":{"@id":"https:\/\/fernandadepilacao.com.br\/portal\/2025\/08\/depilacao-encravada-causas-prevencao-sintomas-tratamentos-eficazes\/#webpage"},"wordCount":805,"commentCount":0,"publisher":{"@id":"https:\/\/fernandadepilacao.com.br\/portal\/#organization"},"image":{"@id":"https:\/\/fernandadepilacao.com.br\/portal\/2025\/08\/depilacao-encravada-causas-prevencao-sintomas-tratamentos-eficazes\/#primaryimage"},"thumbnailUrl":"https:\/\/fernandadepilacao.com.br\/portal\/wp-content\/uploads\/2025\/08\/20250817080106.png","articleSection":["Beleza"],"inLanguage":"pt-BR","potentialAction":[{"@type":"CommentAction","name":"Comment","target":["https:\/\/fernandadepilacao.com.br\/portal\/2025\/08\/depilacao-encravada-causas-prevencao-sintomas-tratamentos-eficazes\/#respond"]}]},{"@type":"Person","@id":"https:\/\/fernandadepilacao.com.br\/portal\/#\/schema\/person\/d00644c3bbfd9fd17711767a3b1abbd0","name":"fernandajob","image":{"@type":"ImageObject","@id":"https:\/\/fernandadepilacao.com.br\/portal\/#personlogo","inLanguage":"pt-BR","url":"https:\/\/secure.gravatar.com\/avatar\/6c2268a68d69a325906fbdccd74b18e6?s=96&d=mm&r=g","contentUrl":"https:\/\/secure.gravatar.com\/avatar\/6c2268a68d69a325906fbdccd74b18e6?s=96&d=mm&r=g","caption":"fernandajob"},"sameAs":["http:\/\/fernandadepilacao.com.br\/portal"]}]}},"uagb_featured_image_src":{"full":["https:\/\/fernandadepilacao.com.br\/portal\/wp-content\/uploads\/2025\/08\/20250817080106.png",500,500,false],"thumbnail":["https:\/\/fernandadepilacao.com.br\/portal\/wp-content\/uploads\/2025\/08\/20250817080106-150x150.png",150,150,true],"medium":["https:\/\/fernandadepilacao.com.br\/portal\/wp-content\/uploads\/2025\/08\/20250817080106-300x300.png",300,300,true],"medium_large":["https:\/\/fernandadepilacao.com.br\/portal\/wp-content\/uploads\/2025\/08\/20250817080106.png",500,500,false],"large":["https:\/\/fernandadepilacao.com.br\/portal\/wp-content\/uploads\/2025\/08\/20250817080106.png",500,500,false],"1536x1536":["https:\/\/fernandadepilacao.com.br\/portal\/wp-content\/uploads\/2025\/08\/20250817080106.png",500,500,false],"2048x2048":["https:\/\/fernandadepilacao.com.br\/portal\/wp-content\/uploads\/2025\/08\/20250817080106.png",500,500,false]},"uagb_author_info":{"display_name":"fernandajob","author_link":"https:\/\/fernandadepilacao.com.br\/portal\/author\/fernandajob\/"},"uagb_comment_info":0,"uagb_excerpt":"Depila\u00e7\u00e3o Encravada: Entenda as Causas, Preven\u00e7\u00e3o e Tratamentos Eficazes O que \u00e9 Depila\u00e7\u00e3o Encravada? A depila\u00e7\u00e3o encravada \u00e9 um problema bastante comum entre homens e mulheres que buscam m\u00e9todos para eliminar os pelos do corpo, como a depila\u00e7\u00e3o com cera, l\u00e2mina, laser ou at\u00e9 mesmo cremes depilat\u00f3rios. Pelo encravado ocorre quando o fio, ao crescer,&hellip;","_links":{"self":[{"href":"https:\/\/fernandadepilacao.com.br\/portal\/wp-json\/wp\/v2\/posts\/397"}],"collection":[{"href":"https:\/\/fernandadepilacao.com.br\/portal\/wp-json\/wp\/v2\/posts"}],"about":[{"href":"https:\/\/fernandadepilacao.com.br\/portal\/wp-json\/wp\/v2\/types\/post"}],"author":[{"embeddable":true,"href":"https:\/\/fernandadepilacao.com.br\/portal\/wp-json\/wp\/v2\/users\/1"}],"replies":[{"embeddable":true,"href":"https:\/\/fernandadepilacao.com.br\/portal\/wp-json\/wp\/v2\/comments?post=397"}],"version-history":[{"count":1,"href":"https:\/\/fernandadepilacao.com.br\/portal\/wp-json\/wp\/v2\/posts\/397\/revisions"}],"predecessor-version":[{"id":398,"href":"https:\/\/fernandadepilacao.com.br\/portal\/wp-json\/wp\/v2\/posts\/397\/revisions\/398"}],"wp:featuredmedia":[{"embeddable":true,"href":"https:\/\/fernandadepilacao.com.br\/portal\/wp-json\/wp\/v2\/media\/396"}],"wp:attachment":[{"href":"https:\/\/fernandadepilacao.com.br\/portal\/wp-json\/wp\/v2\/media?parent=397"}],"wp:term":[{"taxonomy":"category","embeddable":true,"href":"https:\/\/fernandadepilacao.com.br\/portal\/wp-json\/wp\/v2\/categories?post=397"},{"taxonomy":"post_tag","embeddable":true,"href":"https:\/\/fernandadepilacao.com.br\/portal\/wp-json\/wp\/v2\/tags?post=397"}],"curies":[{"name":"wp","href":"https:\/\/api.w.org\/{rel}","templated":true}]}}