{"id":391,"date":"2025-08-15T16:02:06","date_gmt":"2025-08-15T19:02:06","guid":{"rendered":"https:\/\/fernandadepilacao.com.br\/portal\/2025\/08\/tudo-sobre-depilacao-com-linha-tecnica-beneficios-e-cuidados-essenciais\/"},"modified":"2025-08-15T18:00:18","modified_gmt":"2025-08-15T21:00:18","slug":"tudo-sobre-depilacao-com-linha-tecnica-beneficios-e-cuidados-essenciais","status":"publish","type":"post","link":"https:\/\/fernandadepilacao.com.br\/portal\/2025\/08\/tudo-sobre-depilacao-com-linha-tecnica-beneficios-e-cuidados-essenciais\/","title":{"rendered":"Tudo Sobre Depila\u00e7\u00e3o com Linha: T\u00e9cnica, Benef\u00edcios e Cuidados Essenciais"},"content":{"rendered":"<article>\n<header>\n<h1>Depila\u00e7\u00e3o com Linha: T\u00e9cnica, Benef\u00edcios e Cuidados<\/h1>\n<p>    <meta name=\"description\" content=\"Saiba tudo sobre depila\u00e7\u00e3o com linha: o que \u00e9, t\u00e9cnicas, benef\u00edcios, contraindica\u00e7\u00f5es e dicas de cuidados para um resultado perfeito. Descubra por que essa op\u00e7\u00e3o \u00e9 uma escolha segura e eficiente para remover pelos do rosto e do corpo.\"\/><br \/>\n  <\/header>\n<section>\n<h2>O que \u00e9 Depila\u00e7\u00e3o com Linha?<\/h2>\n<p>A <strong>depila\u00e7\u00e3o com linha<\/strong>, tamb\u00e9m chamada de <em>threading<\/em>, \u00e9 uma t\u00e9cnica milenar origin\u00e1ria do Oriente M\u00e9dio e Sudeste Asi\u00e1tico, amplamente utilizada para a remo\u00e7\u00e3o de pelos faciais e corporais. Utilizando apenas uma linha de algod\u00e3o 100% puro, o m\u00e9todo remove o pelo pela raiz, proporcionando uma depila\u00e7\u00e3o mais precisa e menos agressiva para a pele.<\/p>\n<\/section>\n<section>\n<h2>Como Funciona a T\u00e9cnica de Depila\u00e7\u00e3o com Linha?<\/h2>\n<p>Nesta t\u00e9cnica, a profissional torce a linha entre os dedos e desliza sobre a pele \u201cla\u00e7ando\u201d os pelos e puxando-os rapidamente desde o fol\u00edculo, em geral no sentido do crescimento do pelo. O m\u00e9todo \u00e9 considerado menos invasivo, pois n\u00e3o utiliza produtos qu\u00edmicos ou ceras quentes, minimizando o risco de alergias e queimaduras.<\/p>\n<ul>\n<li><strong>Precis\u00e3o:<\/strong> Permite desenhar sobrancelhas com alta defini\u00e7\u00e3o e delicadeza.<\/li>\n<li><strong>Higiene:<\/strong> Linha descart\u00e1vel garante seguran\u00e7a e evita contamina\u00e7\u00e3o.<\/li>\n<li><strong>Versatilidade:<\/strong> Indicada para \u00e1reas sens\u00edveis, como bu\u00e7o, queixo e testa.<\/li>\n<\/ul>\n<\/section>\n<section>\n<h2>Benef\u00edcios da Depila\u00e7\u00e3o com Linha<\/h2>\n<p>A busca por m\u00e9todos de <strong>depila\u00e7\u00e3o facial<\/strong> eficazes e menos traum\u00e1ticos levou a depila\u00e7\u00e3o com linha a ser uma das op\u00e7\u00f5es mais procuradas. Entre os principais <strong>benef\u00edcios da depila\u00e7\u00e3o com linha<\/strong>, destacam-se:<\/p>\n<ol>\n<li><strong>Redu\u00e7\u00e3o da Sensibilidade:<\/strong> Menor irrita\u00e7\u00e3o em compara\u00e7\u00e3o \u00e0 l\u00e2mina e ceras.<\/li>\n<li><strong>Remo\u00e7\u00e3o de Pelos Finos:<\/strong> Remove inclusive pelos fininhos e claros, dif\u00edceis para outros m\u00e9todos.<\/li>\n<li><strong>Longevidade do Resultado:<\/strong> Pelos demoram a crescer, geralmente entre 3 a 4 semanas.<\/li>\n<li><strong>N\u00e3o Estimula a Flacidez:<\/strong> Por n\u00e3o puxar a pele, mant\u00e9m a firmeza no longo prazo.<\/li>\n<li><strong>Seguran\u00e7a:<\/strong> Ideal para peles sens\u00edveis, hipoalerg\u00eanica e livre de produtos qu\u00edmicos.<\/li>\n<\/ol>\n<\/section>\n<section>\n<h2>Cuidados Antes e Depois da Depila\u00e7\u00e3o com Linha<\/h2>\n<p>Para garantir resultados perfeitos e uma experi\u00eancia confort\u00e1vel, siga dicas essenciais:<\/p>\n<h3>Antes da Depila\u00e7\u00e3o:<\/h3>\n<ul>\n<li><strong>Limpeza:<\/strong> Limpe bem a pele para remover maquiagem e res\u00edduos de cremes.<\/li>\n<li><strong>Evite \u00e1cidos e exposi\u00e7\u00e3o solar:<\/strong> \u00c1reas sensibilizadas tendem a ficar avermelhadas.<\/li>\n<li><strong>Comunique alergias:<\/strong> Informe sempre \u00e0 profissional sobre rea\u00e7\u00f5es anteriores.<\/li>\n<\/ul>\n<h3>Depois da Depila\u00e7\u00e3o:<\/h3>\n<ul>\n<li><strong>Hidrata\u00e7\u00e3o:<\/strong> Utilize gel calmante como <em>aloe vera<\/em> para amenizar eventuais vermelhid\u00f5es.<\/li>\n<li><strong>Protetor solar:<\/strong> Indispens\u00e1vel para evitar manchas p\u00f3s-procedimento.<\/li>\n<li><strong>Evite maquiar logo ap\u00f3s:<\/strong> D\u00ea prefer\u00eancia para deixar a pele respirar nas primeiras horas.<\/li>\n<\/ul>\n<\/section>\n<section>\n<h2>Depila\u00e7\u00e3o com Linha X Outros M\u00e9todos<\/h2>\n<p>Quando comparada com m\u00e9todos como a <strong>depila\u00e7\u00e3o com cera<\/strong> ou <strong>pin\u00e7a<\/strong>, a depila\u00e7\u00e3o com linha se destaca pela precis\u00e3o, menor dor e maior higiene. Enquanto a pin\u00e7a retira pelo a pelo, a linha pode eliminar fileiras inteiras rapidamente, otimizando o tempo e garantindo mais uniformidade. J\u00e1 a cera pode causar descama\u00e7\u00e3o e queimaduras; a linha \u00e9 livre desses riscos.<\/p>\n<\/section>\n<section>\n<h2>Indica\u00e7\u00f5es e Contraindica\u00e7\u00f5es<\/h2>\n<p>A depila\u00e7\u00e3o com linha \u00e9 muito recomendada para:<\/p>\n<ul>\n<li>Pessoas com pele sens\u00edvel;<\/li>\n<li>Quem busca precis\u00e3o no <strong>design de sobrancelhas<\/strong>;<\/li>\n<li>Remover <strong>pelos faciais<\/strong> finos;<\/li>\n<li>Gestantes ou pessoas com restri\u00e7\u00e3o ao uso de produtos qu\u00edmicos.<\/li>\n<\/ul>\n<p>As <strong>contraindica\u00e7\u00f5es<\/strong> incluem:<\/p>\n<ul>\n<li>Feridas abertas ou processos inflamat\u00f3rios no local;<\/li>\n<li>Pessoas com doen\u00e7as de pele ativas, como herpes ou acne severa;<\/li>\n<li>Usu\u00e1rios de medicamentos que sensibilizam a pele, como isotretino\u00edna.<\/li>\n<\/ul>\n<\/section>\n<section>\n<h2>Perguntas Frequentes Sobre Depila\u00e7\u00e3o com Linha<\/h2>\n<dl>\n<dt><strong>A depila\u00e7\u00e3o com linha d\u00f3i?<\/strong><\/dt>\n<dd>Esse \u00e9 um procedimento bem tolerado e a dor \u00e9 m\u00ednima, j\u00e1 que a linha encosta levemente na pele. A sensa\u00e7\u00e3o \u00e9 de pequenos belisc\u00f5es, por\u00e9m dura apenas alguns instantes.<\/dd>\n<dt><strong>Quanto tempo dura a depila\u00e7\u00e3o com linha?<\/strong><\/dt>\n<dd>O resultado costuma durar de 3 a 4 semanas, dependendo do ciclo de crescimento dos seus pelos.<\/dd>\n<dt><strong>A depila\u00e7\u00e3o com linha engrossa os pelos?<\/strong><\/dt>\n<dd>N\u00e3o. Pelo contr\u00e1rio, manter a linha como m\u00e9todo regular pode afinar progressivamente os fios.<\/dd>\n<dt><strong>Posso fazer depila\u00e7\u00e3o com linha em casa?<\/strong><\/dt>\n<dd>Apesar de existirem tutoriais, recomenda-se procurar um profissional qualificado para garantir seguran\u00e7a, simetria e evitar les\u00f5es.<\/dd>\n<\/dl>\n<\/section>\n<footer>\n<h2>Conclus\u00e3o<\/h2>\n<p>Se voc\u00ea procura uma alternativa segura, natural e eficiente para eliminar <strong>pelos indesejados<\/strong> do rosto e do corpo, a <strong>depila\u00e7\u00e3o com linha<\/strong> \u00e9 uma excelente escolha. Lembre-se sempre de realizar o procedimento com uma profissional experiente e adotar os cuidados p\u00f3s-depilat\u00f3rios adequados para garantir resultados impec\u00e1veis e duradouros.<\/p>\n<p>Agende seu atendimento e descubra todas as vantagens desse m\u00e9todo tradicional que conquista cada vez mais adeptos!<\/p>\n<\/footer>\n<\/article>\n","protected":false},"excerpt":{"rendered":"<p>Depila\u00e7\u00e3o com Linha: T\u00e9cnica, Benef\u00edcios e Cuidados O que \u00e9 Depila\u00e7\u00e3o com Linha? A depila\u00e7\u00e3o com linha, tamb\u00e9m chamada de threading, \u00e9 uma t\u00e9cnica milenar origin\u00e1ria do Oriente M\u00e9dio e Sudeste Asi\u00e1tico, amplamente utilizada para a remo\u00e7\u00e3o de pelos faciais e corporais. Utilizando apenas uma linha de algod\u00e3o 100% puro, o m\u00e9todo remove o pelo &hellip;<\/p>\n<p class=\"read-more\"> <a class=\"\" href=\"https:\/\/fernandadepilacao.com.br\/portal\/2025\/08\/tudo-sobre-depilacao-com-linha-tecnica-beneficios-e-cuidados-essenciais\/\"> <span class=\"screen-reader-text\">Tudo Sobre Depila\u00e7\u00e3o com Linha: T\u00e9cnica, Benef\u00edcios e Cuidados Essenciais<\/span> Leia mais &raquo;<\/a><\/p>\n","protected":false},"author":1,"featured_media":390,"comment_status":"open","ping_status":"open","sticky":false,"template":"","format":"standard","meta":[],"categories":[15],"tags":[],"yoast_head":"<!-- This site is optimized with the Yoast SEO plugin v18.4.1 - https:\/\/yoast.com\/wordpress\/plugins\/seo\/ -->\n<title>Tudo Sobre Depila\u00e7\u00e3o com Linha: T\u00e9cnica, Benef\u00edcios e Cuidados Essenciais - Fernanda Depila\u00e7\u00e3o<\/title>\n<meta name=\"robots\" content=\"index, follow, max-snippet:-1, max-image-preview:large, max-video-preview:-1\" \/>\n<link rel=\"canonical\" href=\"https:\/\/fernandadepilacao.com.br\/portal\/2025\/08\/tudo-sobre-depilacao-com-linha-tecnica-beneficios-e-cuidados-essenciais\/\" \/>\n<meta property=\"og:locale\" content=\"pt_BR\" \/>\n<meta property=\"og:type\" content=\"article\" \/>\n<meta property=\"og:title\" content=\"Tudo Sobre Depila\u00e7\u00e3o com Linha: T\u00e9cnica, Benef\u00edcios e Cuidados Essenciais - Fernanda Depila\u00e7\u00e3o\" \/>\n<meta property=\"og:description\" content=\"Depila\u00e7\u00e3o com Linha: T\u00e9cnica, Benef\u00edcios e Cuidados O que \u00e9 Depila\u00e7\u00e3o com Linha? A depila\u00e7\u00e3o com linha, tamb\u00e9m chamada de threading, \u00e9 uma t\u00e9cnica milenar origin\u00e1ria do Oriente M\u00e9dio e Sudeste Asi\u00e1tico, amplamente utilizada para a remo\u00e7\u00e3o de pelos faciais e corporais. Utilizando apenas uma linha de algod\u00e3o 100% puro, o m\u00e9todo remove o pelo &hellip; Tudo Sobre Depila\u00e7\u00e3o com Linha: T\u00e9cnica, Benef\u00edcios e Cuidados Essenciais Leia mais &raquo;\" \/>\n<meta property=\"og:url\" content=\"https:\/\/fernandadepilacao.com.br\/portal\/2025\/08\/tudo-sobre-depilacao-com-linha-tecnica-beneficios-e-cuidados-essenciais\/\" \/>\n<meta property=\"og:site_name\" content=\"Fernanda Depila\u00e7\u00e3o\" \/>\n<meta property=\"article:publisher\" content=\"https:\/\/www.facebook.com\/ferjobdepilacao\" \/>\n<meta property=\"article:published_time\" content=\"2025-08-15T19:02:06+00:00\" \/>\n<meta property=\"article:modified_time\" content=\"2025-08-15T21:00:18+00:00\" \/>\n<meta property=\"og:image\" content=\"https:\/\/fernandadepilacao.com.br\/portal\/wp-content\/uploads\/2025\/08\/20250815160202.png\" \/>\n\t<meta property=\"og:image:width\" content=\"500\" \/>\n\t<meta property=\"og:image:height\" content=\"500\" \/>\n\t<meta property=\"og:image:type\" content=\"image\/png\" \/>\n<meta name=\"twitter:card\" content=\"summary_large_image\" \/>\n<meta name=\"twitter:label1\" content=\"Escrito por\" \/>\n\t<meta name=\"twitter:data1\" content=\"fernandajob\" \/>\n\t<meta name=\"twitter:label2\" content=\"Est. tempo de leitura\" \/>\n\t<meta name=\"twitter:data2\" content=\"4 minutos\" \/>\n<script type=\"application\/ld+json\" class=\"yoast-schema-graph\">{\"@context\":\"https:\/\/schema.org\",\"@graph\":[{\"@type\":\"Organization\",\"@id\":\"https:\/\/fernandadepilacao.com.br\/portal\/#organization\",\"name\":\"Fernanda Depila\u00e7\u00e3o\",\"url\":\"https:\/\/fernandadepilacao.com.br\/portal\/\",\"sameAs\":[\"https:\/\/www.facebook.com\/ferjobdepilacao\",\"http:\/\/instagram.com\/fernanda_job\"],\"logo\":{\"@type\":\"ImageObject\",\"@id\":\"https:\/\/fernandadepilacao.com.br\/portal\/#logo\",\"inLanguage\":\"pt-BR\",\"url\":\"http:\/\/fernandadepilacao.com.br\/portal\/wp-content\/uploads\/2021\/03\/logo_fernanda.png\",\"contentUrl\":\"http:\/\/fernandadepilacao.com.br\/portal\/wp-content\/uploads\/2021\/03\/logo_fernanda.png\",\"width\":673,\"height\":688,\"caption\":\"Fernanda Depila\u00e7\u00e3o\"},\"image\":{\"@id\":\"https:\/\/fernandadepilacao.com.br\/portal\/#logo\"}},{\"@type\":\"WebSite\",\"@id\":\"https:\/\/fernandadepilacao.com.br\/portal\/#website\",\"url\":\"https:\/\/fernandadepilacao.com.br\/portal\/\",\"name\":\"Fernanda Depila\u00e7\u00e3o\",\"description\":\"\",\"publisher\":{\"@id\":\"https:\/\/fernandadepilacao.com.br\/portal\/#organization\"},\"potentialAction\":[{\"@type\":\"SearchAction\",\"target\":{\"@type\":\"EntryPoint\",\"urlTemplate\":\"https:\/\/fernandadepilacao.com.br\/portal\/?s={search_term_string}\"},\"query-input\":\"required name=search_term_string\"}],\"inLanguage\":\"pt-BR\"},{\"@type\":\"ImageObject\",\"@id\":\"https:\/\/fernandadepilacao.com.br\/portal\/2025\/08\/tudo-sobre-depilacao-com-linha-tecnica-beneficios-e-cuidados-essenciais\/#primaryimage\",\"inLanguage\":\"pt-BR\",\"url\":\"https:\/\/fernandadepilacao.com.br\/portal\/wp-content\/uploads\/2025\/08\/20250815160202.png\",\"contentUrl\":\"https:\/\/fernandadepilacao.com.br\/portal\/wp-content\/uploads\/2025\/08\/20250815160202.png\",\"width\":500,\"height\":500},{\"@type\":\"WebPage\",\"@id\":\"https:\/\/fernandadepilacao.com.br\/portal\/2025\/08\/tudo-sobre-depilacao-com-linha-tecnica-beneficios-e-cuidados-essenciais\/#webpage\",\"url\":\"https:\/\/fernandadepilacao.com.br\/portal\/2025\/08\/tudo-sobre-depilacao-com-linha-tecnica-beneficios-e-cuidados-essenciais\/\",\"name\":\"Tudo Sobre Depila\u00e7\u00e3o com Linha: T\u00e9cnica, Benef\u00edcios e Cuidados Essenciais - Fernanda Depila\u00e7\u00e3o\",\"isPartOf\":{\"@id\":\"https:\/\/fernandadepilacao.com.br\/portal\/#website\"},\"primaryImageOfPage\":{\"@id\":\"https:\/\/fernandadepilacao.com.br\/portal\/2025\/08\/tudo-sobre-depilacao-com-linha-tecnica-beneficios-e-cuidados-essenciais\/#primaryimage\"},\"datePublished\":\"2025-08-15T19:02:06+00:00\",\"dateModified\":\"2025-08-15T21:00:18+00:00\",\"breadcrumb\":{\"@id\":\"https:\/\/fernandadepilacao.com.br\/portal\/2025\/08\/tudo-sobre-depilacao-com-linha-tecnica-beneficios-e-cuidados-essenciais\/#breadcrumb\"},\"inLanguage\":\"pt-BR\",\"potentialAction\":[{\"@type\":\"ReadAction\",\"target\":[\"https:\/\/fernandadepilacao.com.br\/portal\/2025\/08\/tudo-sobre-depilacao-com-linha-tecnica-beneficios-e-cuidados-essenciais\/\"]}]},{\"@type\":\"BreadcrumbList\",\"@id\":\"https:\/\/fernandadepilacao.com.br\/portal\/2025\/08\/tudo-sobre-depilacao-com-linha-tecnica-beneficios-e-cuidados-essenciais\/#breadcrumb\",\"itemListElement\":[{\"@type\":\"ListItem\",\"position\":1,\"name\":\"In\u00edcio\",\"item\":\"http:\/\/fernandadepilacao.com.br\/portal\/\"},{\"@type\":\"ListItem\",\"position\":2,\"name\":\"Tudo Sobre Depila\u00e7\u00e3o com Linha: T\u00e9cnica, Benef\u00edcios e Cuidados Essenciais\"}]},{\"@type\":\"Article\",\"@id\":\"https:\/\/fernandadepilacao.com.br\/portal\/2025\/08\/tudo-sobre-depilacao-com-linha-tecnica-beneficios-e-cuidados-essenciais\/#article\",\"isPartOf\":{\"@id\":\"https:\/\/fernandadepilacao.com.br\/portal\/2025\/08\/tudo-sobre-depilacao-com-linha-tecnica-beneficios-e-cuidados-essenciais\/#webpage\"},\"author\":{\"@id\":\"https:\/\/fernandadepilacao.com.br\/portal\/#\/schema\/person\/d00644c3bbfd9fd17711767a3b1abbd0\"},\"headline\":\"Tudo Sobre Depila\u00e7\u00e3o com Linha: T\u00e9cnica, Benef\u00edcios e Cuidados Essenciais\",\"datePublished\":\"2025-08-15T19:02:06+00:00\",\"dateModified\":\"2025-08-15T21:00:18+00:00\",\"mainEntityOfPage\":{\"@id\":\"https:\/\/fernandadepilacao.com.br\/portal\/2025\/08\/tudo-sobre-depilacao-com-linha-tecnica-beneficios-e-cuidados-essenciais\/#webpage\"},\"wordCount\":757,\"commentCount\":0,\"publisher\":{\"@id\":\"https:\/\/fernandadepilacao.com.br\/portal\/#organization\"},\"image\":{\"@id\":\"https:\/\/fernandadepilacao.com.br\/portal\/2025\/08\/tudo-sobre-depilacao-com-linha-tecnica-beneficios-e-cuidados-essenciais\/#primaryimage\"},\"thumbnailUrl\":\"https:\/\/fernandadepilacao.com.br\/portal\/wp-content\/uploads\/2025\/08\/20250815160202.png\",\"articleSection\":[\"Beleza\"],\"inLanguage\":\"pt-BR\",\"potentialAction\":[{\"@type\":\"CommentAction\",\"name\":\"Comment\",\"target\":[\"https:\/\/fernandadepilacao.com.br\/portal\/2025\/08\/tudo-sobre-depilacao-com-linha-tecnica-beneficios-e-cuidados-essenciais\/#respond\"]}]},{\"@type\":\"Person\",\"@id\":\"https:\/\/fernandadepilacao.com.br\/portal\/#\/schema\/person\/d00644c3bbfd9fd17711767a3b1abbd0\",\"name\":\"fernandajob\",\"image\":{\"@type\":\"ImageObject\",\"@id\":\"https:\/\/fernandadepilacao.com.br\/portal\/#personlogo\",\"inLanguage\":\"pt-BR\",\"url\":\"https:\/\/secure.gravatar.com\/avatar\/6c2268a68d69a325906fbdccd74b18e6?s=96&d=mm&r=g\",\"contentUrl\":\"https:\/\/secure.gravatar.com\/avatar\/6c2268a68d69a325906fbdccd74b18e6?s=96&d=mm&r=g\",\"caption\":\"fernandajob\"},\"sameAs\":[\"http:\/\/fernandadepilacao.com.br\/portal\"]}]}<\/script>\n<!-- \/ Yoast SEO plugin. -->","yoast_head_json":{"title":"Tudo Sobre Depila\u00e7\u00e3o com Linha: T\u00e9cnica, Benef\u00edcios e Cuidados Essenciais - Fernanda Depila\u00e7\u00e3o","robots":{"index":"index","follow":"follow","max-snippet":"max-snippet:-1","max-image-preview":"max-image-preview:large","max-video-preview":"max-video-preview:-1"},"canonical":"https:\/\/fernandadepilacao.com.br\/portal\/2025\/08\/tudo-sobre-depilacao-com-linha-tecnica-beneficios-e-cuidados-essenciais\/","og_locale":"pt_BR","og_type":"article","og_title":"Tudo Sobre Depila\u00e7\u00e3o com Linha: T\u00e9cnica, Benef\u00edcios e Cuidados Essenciais - Fernanda Depila\u00e7\u00e3o","og_description":"Depila\u00e7\u00e3o com Linha: T\u00e9cnica, Benef\u00edcios e Cuidados O que \u00e9 Depila\u00e7\u00e3o com Linha? A depila\u00e7\u00e3o com linha, tamb\u00e9m chamada de threading, \u00e9 uma t\u00e9cnica milenar origin\u00e1ria do Oriente M\u00e9dio e Sudeste Asi\u00e1tico, amplamente utilizada para a remo\u00e7\u00e3o de pelos faciais e corporais. Utilizando apenas uma linha de algod\u00e3o 100% puro, o m\u00e9todo remove o pelo &hellip; Tudo Sobre Depila\u00e7\u00e3o com Linha: T\u00e9cnica, Benef\u00edcios e Cuidados Essenciais Leia mais &raquo;","og_url":"https:\/\/fernandadepilacao.com.br\/portal\/2025\/08\/tudo-sobre-depilacao-com-linha-tecnica-beneficios-e-cuidados-essenciais\/","og_site_name":"Fernanda Depila\u00e7\u00e3o","article_publisher":"https:\/\/www.facebook.com\/ferjobdepilacao","article_published_time":"2025-08-15T19:02:06+00:00","article_modified_time":"2025-08-15T21:00:18+00:00","og_image":[{"width":500,"height":500,"url":"https:\/\/fernandadepilacao.com.br\/portal\/wp-content\/uploads\/2025\/08\/20250815160202.png","type":"image\/png"}],"twitter_card":"summary_large_image","twitter_misc":{"Escrito por":"fernandajob","Est. tempo de leitura":"4 minutos"},"schema":{"@context":"https:\/\/schema.org","@graph":[{"@type":"Organization","@id":"https:\/\/fernandadepilacao.com.br\/portal\/#organization","name":"Fernanda Depila\u00e7\u00e3o","url":"https:\/\/fernandadepilacao.com.br\/portal\/","sameAs":["https:\/\/www.facebook.com\/ferjobdepilacao","http:\/\/instagram.com\/fernanda_job"],"logo":{"@type":"ImageObject","@id":"https:\/\/fernandadepilacao.com.br\/portal\/#logo","inLanguage":"pt-BR","url":"http:\/\/fernandadepilacao.com.br\/portal\/wp-content\/uploads\/2021\/03\/logo_fernanda.png","contentUrl":"http:\/\/fernandadepilacao.com.br\/portal\/wp-content\/uploads\/2021\/03\/logo_fernanda.png","width":673,"height":688,"caption":"Fernanda Depila\u00e7\u00e3o"},"image":{"@id":"https:\/\/fernandadepilacao.com.br\/portal\/#logo"}},{"@type":"WebSite","@id":"https:\/\/fernandadepilacao.com.br\/portal\/#website","url":"https:\/\/fernandadepilacao.com.br\/portal\/","name":"Fernanda Depila\u00e7\u00e3o","description":"","publisher":{"@id":"https:\/\/fernandadepilacao.com.br\/portal\/#organization"},"potentialAction":[{"@type":"SearchAction","target":{"@type":"EntryPoint","urlTemplate":"https:\/\/fernandadepilacao.com.br\/portal\/?s={search_term_string}"},"query-input":"required name=search_term_string"}],"inLanguage":"pt-BR"},{"@type":"ImageObject","@id":"https:\/\/fernandadepilacao.com.br\/portal\/2025\/08\/tudo-sobre-depilacao-com-linha-tecnica-beneficios-e-cuidados-essenciais\/#primaryimage","inLanguage":"pt-BR","url":"https:\/\/fernandadepilacao.com.br\/portal\/wp-content\/uploads\/2025\/08\/20250815160202.png","contentUrl":"https:\/\/fernandadepilacao.com.br\/portal\/wp-content\/uploads\/2025\/08\/20250815160202.png","width":500,"height":500},{"@type":"WebPage","@id":"https:\/\/fernandadepilacao.com.br\/portal\/2025\/08\/tudo-sobre-depilacao-com-linha-tecnica-beneficios-e-cuidados-essenciais\/#webpage","url":"https:\/\/fernandadepilacao.com.br\/portal\/2025\/08\/tudo-sobre-depilacao-com-linha-tecnica-beneficios-e-cuidados-essenciais\/","name":"Tudo Sobre Depila\u00e7\u00e3o com Linha: T\u00e9cnica, Benef\u00edcios e Cuidados Essenciais - Fernanda Depila\u00e7\u00e3o","isPartOf":{"@id":"https:\/\/fernandadepilacao.com.br\/portal\/#website"},"primaryImageOfPage":{"@id":"https:\/\/fernandadepilacao.com.br\/portal\/2025\/08\/tudo-sobre-depilacao-com-linha-tecnica-beneficios-e-cuidados-essenciais\/#primaryimage"},"datePublished":"2025-08-15T19:02:06+00:00","dateModified":"2025-08-15T21:00:18+00:00","breadcrumb":{"@id":"https:\/\/fernandadepilacao.com.br\/portal\/2025\/08\/tudo-sobre-depilacao-com-linha-tecnica-beneficios-e-cuidados-essenciais\/#breadcrumb"},"inLanguage":"pt-BR","potentialAction":[{"@type":"ReadAction","target":["https:\/\/fernandadepilacao.com.br\/portal\/2025\/08\/tudo-sobre-depilacao-com-linha-tecnica-beneficios-e-cuidados-essenciais\/"]}]},{"@type":"BreadcrumbList","@id":"https:\/\/fernandadepilacao.com.br\/portal\/2025\/08\/tudo-sobre-depilacao-com-linha-tecnica-beneficios-e-cuidados-essenciais\/#breadcrumb","itemListElement":[{"@type":"ListItem","position":1,"name":"In\u00edcio","item":"http:\/\/fernandadepilacao.com.br\/portal\/"},{"@type":"ListItem","position":2,"name":"Tudo Sobre Depila\u00e7\u00e3o com Linha: T\u00e9cnica, Benef\u00edcios e Cuidados Essenciais"}]},{"@type":"Article","@id":"https:\/\/fernandadepilacao.com.br\/portal\/2025\/08\/tudo-sobre-depilacao-com-linha-tecnica-beneficios-e-cuidados-essenciais\/#article","isPartOf":{"@id":"https:\/\/fernandadepilacao.com.br\/portal\/2025\/08\/tudo-sobre-depilacao-com-linha-tecnica-beneficios-e-cuidados-essenciais\/#webpage"},"author":{"@id":"https:\/\/fernandadepilacao.com.br\/portal\/#\/schema\/person\/d00644c3bbfd9fd17711767a3b1abbd0"},"headline":"Tudo Sobre Depila\u00e7\u00e3o com Linha: T\u00e9cnica, Benef\u00edcios e Cuidados Essenciais","datePublished":"2025-08-15T19:02:06+00:00","dateModified":"2025-08-15T21:00:18+00:00","mainEntityOfPage":{"@id":"https:\/\/fernandadepilacao.com.br\/portal\/2025\/08\/tudo-sobre-depilacao-com-linha-tecnica-beneficios-e-cuidados-essenciais\/#webpage"},"wordCount":757,"commentCount":0,"publisher":{"@id":"https:\/\/fernandadepilacao.com.br\/portal\/#organization"},"image":{"@id":"https:\/\/fernandadepilacao.com.br\/portal\/2025\/08\/tudo-sobre-depilacao-com-linha-tecnica-beneficios-e-cuidados-essenciais\/#primaryimage"},"thumbnailUrl":"https:\/\/fernandadepilacao.com.br\/portal\/wp-content\/uploads\/2025\/08\/20250815160202.png","articleSection":["Beleza"],"inLanguage":"pt-BR","potentialAction":[{"@type":"CommentAction","name":"Comment","target":["https:\/\/fernandadepilacao.com.br\/portal\/2025\/08\/tudo-sobre-depilacao-com-linha-tecnica-beneficios-e-cuidados-essenciais\/#respond"]}]},{"@type":"Person","@id":"https:\/\/fernandadepilacao.com.br\/portal\/#\/schema\/person\/d00644c3bbfd9fd17711767a3b1abbd0","name":"fernandajob","image":{"@type":"ImageObject","@id":"https:\/\/fernandadepilacao.com.br\/portal\/#personlogo","inLanguage":"pt-BR","url":"https:\/\/secure.gravatar.com\/avatar\/6c2268a68d69a325906fbdccd74b18e6?s=96&d=mm&r=g","contentUrl":"https:\/\/secure.gravatar.com\/avatar\/6c2268a68d69a325906fbdccd74b18e6?s=96&d=mm&r=g","caption":"fernandajob"},"sameAs":["http:\/\/fernandadepilacao.com.br\/portal"]}]}},"uagb_featured_image_src":{"full":["https:\/\/fernandadepilacao.com.br\/portal\/wp-content\/uploads\/2025\/08\/20250815160202.png",500,500,false],"thumbnail":["https:\/\/fernandadepilacao.com.br\/portal\/wp-content\/uploads\/2025\/08\/20250815160202-150x150.png",150,150,true],"medium":["https:\/\/fernandadepilacao.com.br\/portal\/wp-content\/uploads\/2025\/08\/20250815160202-300x300.png",300,300,true],"medium_large":["https:\/\/fernandadepilacao.com.br\/portal\/wp-content\/uploads\/2025\/08\/20250815160202.png",500,500,false],"large":["https:\/\/fernandadepilacao.com.br\/portal\/wp-content\/uploads\/2025\/08\/20250815160202.png",500,500,false],"1536x1536":["https:\/\/fernandadepilacao.com.br\/portal\/wp-content\/uploads\/2025\/08\/20250815160202.png",500,500,false],"2048x2048":["https:\/\/fernandadepilacao.com.br\/portal\/wp-content\/uploads\/2025\/08\/20250815160202.png",500,500,false]},"uagb_author_info":{"display_name":"fernandajob","author_link":"https:\/\/fernandadepilacao.com.br\/portal\/author\/fernandajob\/"},"uagb_comment_info":0,"uagb_excerpt":"Depila\u00e7\u00e3o com Linha: T\u00e9cnica, Benef\u00edcios e Cuidados O que \u00e9 Depila\u00e7\u00e3o com Linha? A depila\u00e7\u00e3o com linha, tamb\u00e9m chamada de threading, \u00e9 uma t\u00e9cnica milenar origin\u00e1ria do Oriente M\u00e9dio e Sudeste Asi\u00e1tico, amplamente utilizada para a remo\u00e7\u00e3o de pelos faciais e corporais. Utilizando apenas uma linha de algod\u00e3o 100% puro, o m\u00e9todo remove o pelo&hellip;","_links":{"self":[{"href":"https:\/\/fernandadepilacao.com.br\/portal\/wp-json\/wp\/v2\/posts\/391"}],"collection":[{"href":"https:\/\/fernandadepilacao.com.br\/portal\/wp-json\/wp\/v2\/posts"}],"about":[{"href":"https:\/\/fernandadepilacao.com.br\/portal\/wp-json\/wp\/v2\/types\/post"}],"author":[{"embeddable":true,"href":"https:\/\/fernandadepilacao.com.br\/portal\/wp-json\/wp\/v2\/users\/1"}],"replies":[{"embeddable":true,"href":"https:\/\/fernandadepilacao.com.br\/portal\/wp-json\/wp\/v2\/comments?post=391"}],"version-history":[{"count":1,"href":"https:\/\/fernandadepilacao.com.br\/portal\/wp-json\/wp\/v2\/posts\/391\/revisions"}],"predecessor-version":[{"id":392,"href":"https:\/\/fernandadepilacao.com.br\/portal\/wp-json\/wp\/v2\/posts\/391\/revisions\/392"}],"wp:featuredmedia":[{"embeddable":true,"href":"https:\/\/fernandadepilacao.com.br\/portal\/wp-json\/wp\/v2\/media\/390"}],"wp:attachment":[{"href":"https:\/\/fernandadepilacao.com.br\/portal\/wp-json\/wp\/v2\/media?parent=391"}],"wp:term":[{"taxonomy":"category","embeddable":true,"href":"https:\/\/fernandadepilacao.com.br\/portal\/wp-json\/wp\/v2\/categories?post=391"},{"taxonomy":"post_tag","embeddable":true,"href":"https:\/\/fernandadepilacao.com.br\/portal\/wp-json\/wp\/v2\/tags?post=391"}],"curies":[{"name":"wp","href":"https:\/\/api.w.org\/{rel}","templated":true}]}}