{"id":373,"date":"2025-08-11T16:01:37","date_gmt":"2025-08-11T19:01:37","guid":{"rendered":"https:\/\/fernandadepilacao.com.br\/portal\/2025\/08\/guia-completo-de-depilacao-facial-metodos-cuidados-e-dicas-essenciais\/"},"modified":"2025-08-11T18:00:19","modified_gmt":"2025-08-11T21:00:19","slug":"guia-completo-de-depilacao-facial-metodos-cuidados-e-dicas-essenciais","status":"publish","type":"post","link":"https:\/\/fernandadepilacao.com.br\/portal\/2025\/08\/guia-completo-de-depilacao-facial-metodos-cuidados-e-dicas-essenciais\/","title":{"rendered":"Guia Completo de Depila\u00e7\u00e3o Facial: M\u00e9todos, Cuidados e Dicas Essenciais"},"content":{"rendered":"<article>\n<header>\n<h1>Guia Completo sobre Depila\u00e7\u00e3o Facial: Dicas, M\u00e9todos e Cuidados<\/h1>\n<p>    <meta name=\"description\" content=\"Tudo sobre depila\u00e7\u00e3o facial: descubra os principais m\u00e9todos, dicas de cuidados antes e depois, e respostas para d\u00favidas frequentes. Saiba qual t\u00e9cnica \u00e9 ideal para sua pele e tenha um rosto liso e saud\u00e1vel.\" \/><br \/>\n  <\/header>\n<section>\n<h2>O que \u00e9 depila\u00e7\u00e3o facial?<\/h2>\n<p>A <strong>depila\u00e7\u00e3o facial<\/strong> \u00e9 o processo de remover pelos indesejados do rosto, tornando a pele mais lisa, limpa e valorizando a apar\u00eancia natural. Ela pode ser realizada por homens e mulheres, seja para defini\u00e7\u00e3o da sobrancelha, remo\u00e7\u00e3o de penugem (&#8220;bu\u00e7o&#8221;) ou at\u00e9 a elimina\u00e7\u00e3o de fios mais grossos no queixo e bochechas.<\/p>\n<p>Esse procedimento deve ser feito com t\u00e9cnicas apropriadas e equipamentos corretos para evitar irrita\u00e7\u00f5es, manchas e o surgimento de foliculite (inflama\u00e7\u00e3o dos fol\u00edculos pilosos).<\/p>\n<\/section>\n<section>\n<h2>Principais m\u00e9todos de depila\u00e7\u00e3o facial<\/h2>\n<ul>\n<li>\n        <strong>Cera quente ou fria:<\/strong> T\u00e9cnica tradicional que remove o pelo pela raiz, retardando seu crescimento. Ideal para quem busca um resultado duradouro, mas pode n\u00e3o ser indicada para peles sens\u00edveis.\n      <\/li>\n<li>\n        <strong>Linha (depila\u00e7\u00e3o eg\u00edpcia):<\/strong> Utiliza um fio de algod\u00e3o para puxar os pelos. Proporciona precis\u00e3o, especialmente para design de sobrancelha, e \u00e9 indicada para peles sens\u00edveis, pois n\u00e3o usa produtos qu\u00edmicos.\n      <\/li>\n<li>\n        <strong>P\u00edn\u00e7a:<\/strong> Muito comum para detalhes, especialmente na sobrancelha. Remove o pelo um a um, ideal para ajustes finos.\n      <\/li>\n<li>\n        <strong>Laser:<\/strong> Tecnologia que emite luz para destruir o fol\u00edculo piloso, prometendo o enfraquecimento e at\u00e9 elimina\u00e7\u00e3o definitiva dos pelos ap\u00f3s algumas sess\u00f5es. \u00d3tima op\u00e7\u00e3o para quem busca praticidade.\n      <\/li>\n<li>\n        <strong>Cremes depilat\u00f3rios:<\/strong> Dissolvem o fio superficialmente, sem eliminar a raiz. Devem ser testados antes do uso para evitar alergias.\n      <\/li>\n<\/ul>\n<\/section>\n<section>\n<h2>Cuidados antes e depois da depila\u00e7\u00e3o facial<\/h2>\n<h3>Antes da depila\u00e7\u00e3o<\/h3>\n<ul>\n<li>Higienize perfeitamente a pele, retirando maquiagem e res\u00edduos de polui\u00e7\u00e3o.<\/li>\n<li>Evite exposi\u00e7\u00e3o solar intensa pelo menos 24 horas antes do procedimento.<\/li>\n<li>N\u00e3o utilize \u00e1cidos e esfoliantes nos dias que antecedem a depila\u00e7\u00e3o para evitar sensibilizar a pele.<\/li>\n<\/ul>\n<h3>Depois da depila\u00e7\u00e3o<\/h3>\n<ul>\n<li>Evite maquiagem e produtos agressivos na \u00e1rea depilada por, pelo menos, 24 horas.<\/li>\n<li>Utilize compressas frias e lo\u00e7\u00f5es calmantes, como \u00e1gua termal e produtos \u00e0 base de camomila.<\/li>\n<li>Aplique filtro solar, mesmo em ambientes internos, pois a pele estar\u00e1 mais sens\u00edvel.<\/li>\n<li>N\u00e3o exponha a pele ao calor excessivo (sol, sauna) logo ap\u00f3s a depila\u00e7\u00e3o.<\/li>\n<\/ul>\n<\/section>\n<section>\n<h2>Perguntas frequentes sobre depila\u00e7\u00e3o facial<\/h2>\n<details>\n<summary><strong>Depila\u00e7\u00e3o facial engrossa o pelo?<\/strong><\/summary>\n<p>N\u00e3o, ao remover o pelo, especialmente pela raiz, ele n\u00e3o cresce mais grosso. A impress\u00e3o de espessura ocorre principalmente na depila\u00e7\u00e3o com l\u00e2mina, pois o corte reto do fio pode alterar sua textura temporariamente.<\/p>\n<\/details>\n<details>\n<summary><strong>Qual m\u00e9todo \u00e9 mais indicado para quem tem pele sens\u00edvel?<\/strong><\/summary>\n<p>A depila\u00e7\u00e3o com linha \u00e9 altamente recomendada, assim como t\u00e9cnicas que dispensam produtos qu\u00edmicos, como a pin\u00e7a, sempre que poss\u00edvel. Consulte um(a) profissional para uma avalia\u00e7\u00e3o personalizada.<\/p>\n<\/details>\n<details>\n<summary><strong>Laser facial pode ser feito em qualquer tipo de pele?<\/strong><\/summary>\n<p>Atualmente, existem tecnologias seguras para diversos tons de pele, mas \u00e9 fundamental contar com uma avalia\u00e7\u00e3o profissional para definir o aparelho e os par\u00e2metros mais adequados, minimizando riscos de manchas.<\/p>\n<\/details>\n<details>\n<summary><strong>Quanto tempo dura o resultado?<\/strong><\/summary>\n<p>Depende da t\u00e9cnica escolhida. Cera e linha costumam durar entre 15 e 30 dias, enquanto o laser pode ter resultado prolongado ou at\u00e9 permanente. Cremes depilat\u00f3rios e l\u00e2minas t\u00eam efeito mais curto (de 2 a 7 dias).<\/p>\n<\/details>\n<\/section>\n<section>\n<h2>Dicas de manuten\u00e7\u00e3o e recomenda\u00e7\u00f5es finais<\/h2>\n<ul>\n<li>Sempre busque profissionais de confian\u00e7a e que utilizem produtos certificados e descart\u00e1veis.<\/li>\n<li>Se notar irrita\u00e7\u00e3o persistente, vermelhid\u00e3o ou manchas no rosto ap\u00f3s a depila\u00e7\u00e3o facial, procure um dermatologista.<\/li>\n<li>Mantenha a hidrata\u00e7\u00e3o da pele em dia e, nos dias seguintes, prefira cosm\u00e9ticos suaves.<\/li>\n<li>Evite espremer pelos encravados; procure orienta\u00e7\u00e3o profissional para tratamento correto.<\/li>\n<\/ul>\n<\/section>\n<footer>\n<p><em>A depila\u00e7\u00e3o facial, quando realizada com t\u00e9cnicas seguras e profissionais qualificados, resgata autoestima, valoriza a beleza natural e proporciona uma pele mais suave e saud\u00e1vel.<\/em><\/p>\n<p><strong>Mantenha sua rotina de cuidados e, ao sinal de d\u00favidas, consulte um especialista!<\/strong><\/p>\n<\/footer>\n<\/article>\n","protected":false},"excerpt":{"rendered":"<p>Guia Completo sobre Depila\u00e7\u00e3o Facial: Dicas, M\u00e9todos e Cuidados O que \u00e9 depila\u00e7\u00e3o facial? A depila\u00e7\u00e3o facial \u00e9 o processo de remover pelos indesejados do rosto, tornando a pele mais lisa, limpa e valorizando a apar\u00eancia natural. Ela pode ser realizada por homens e mulheres, seja para defini\u00e7\u00e3o da sobrancelha, remo\u00e7\u00e3o de penugem (&#8220;bu\u00e7o&#8221;) ou &hellip;<\/p>\n<p class=\"read-more\"> <a class=\"\" href=\"https:\/\/fernandadepilacao.com.br\/portal\/2025\/08\/guia-completo-de-depilacao-facial-metodos-cuidados-e-dicas-essenciais\/\"> <span class=\"screen-reader-text\">Guia Completo de Depila\u00e7\u00e3o Facial: M\u00e9todos, Cuidados e Dicas Essenciais<\/span> Leia mais &raquo;<\/a><\/p>\n","protected":false},"author":1,"featured_media":372,"comment_status":"open","ping_status":"open","sticky":false,"template":"","format":"standard","meta":[],"categories":[15],"tags":[],"yoast_head":"<!-- This site is optimized with the Yoast SEO plugin v18.4.1 - https:\/\/yoast.com\/wordpress\/plugins\/seo\/ -->\n<title>Guia Completo de Depila\u00e7\u00e3o Facial: M\u00e9todos, Cuidados e Dicas Essenciais - Fernanda Depila\u00e7\u00e3o<\/title>\n<meta name=\"robots\" content=\"index, follow, max-snippet:-1, max-image-preview:large, max-video-preview:-1\" \/>\n<link rel=\"canonical\" href=\"https:\/\/fernandadepilacao.com.br\/portal\/2025\/08\/guia-completo-de-depilacao-facial-metodos-cuidados-e-dicas-essenciais\/\" \/>\n<meta property=\"og:locale\" content=\"pt_BR\" \/>\n<meta property=\"og:type\" content=\"article\" \/>\n<meta property=\"og:title\" content=\"Guia Completo de Depila\u00e7\u00e3o Facial: M\u00e9todos, Cuidados e Dicas Essenciais - Fernanda Depila\u00e7\u00e3o\" \/>\n<meta property=\"og:description\" content=\"Guia Completo sobre Depila\u00e7\u00e3o Facial: Dicas, M\u00e9todos e Cuidados O que \u00e9 depila\u00e7\u00e3o facial? A depila\u00e7\u00e3o facial \u00e9 o processo de remover pelos indesejados do rosto, tornando a pele mais lisa, limpa e valorizando a apar\u00eancia natural. Ela pode ser realizada por homens e mulheres, seja para defini\u00e7\u00e3o da sobrancelha, remo\u00e7\u00e3o de penugem (&#8220;bu\u00e7o&#8221;) ou &hellip; Guia Completo de Depila\u00e7\u00e3o Facial: M\u00e9todos, Cuidados e Dicas Essenciais Leia mais &raquo;\" \/>\n<meta property=\"og:url\" content=\"https:\/\/fernandadepilacao.com.br\/portal\/2025\/08\/guia-completo-de-depilacao-facial-metodos-cuidados-e-dicas-essenciais\/\" \/>\n<meta property=\"og:site_name\" content=\"Fernanda Depila\u00e7\u00e3o\" \/>\n<meta property=\"article:publisher\" content=\"https:\/\/www.facebook.com\/ferjobdepilacao\" \/>\n<meta property=\"article:published_time\" content=\"2025-08-11T19:01:37+00:00\" \/>\n<meta property=\"article:modified_time\" content=\"2025-08-11T21:00:19+00:00\" \/>\n<meta property=\"og:image\" content=\"https:\/\/fernandadepilacao.com.br\/portal\/wp-content\/uploads\/2025\/08\/20250811160133.png\" \/>\n\t<meta property=\"og:image:width\" content=\"500\" \/>\n\t<meta property=\"og:image:height\" content=\"500\" \/>\n\t<meta property=\"og:image:type\" content=\"image\/png\" \/>\n<meta name=\"twitter:card\" content=\"summary_large_image\" \/>\n<meta name=\"twitter:label1\" content=\"Escrito por\" \/>\n\t<meta name=\"twitter:data1\" content=\"fernandajob\" \/>\n\t<meta name=\"twitter:label2\" content=\"Est. tempo de leitura\" \/>\n\t<meta name=\"twitter:data2\" content=\"3 minutos\" \/>\n<script type=\"application\/ld+json\" class=\"yoast-schema-graph\">{\"@context\":\"https:\/\/schema.org\",\"@graph\":[{\"@type\":\"Organization\",\"@id\":\"https:\/\/fernandadepilacao.com.br\/portal\/#organization\",\"name\":\"Fernanda Depila\u00e7\u00e3o\",\"url\":\"https:\/\/fernandadepilacao.com.br\/portal\/\",\"sameAs\":[\"https:\/\/www.facebook.com\/ferjobdepilacao\",\"http:\/\/instagram.com\/fernanda_job\"],\"logo\":{\"@type\":\"ImageObject\",\"@id\":\"https:\/\/fernandadepilacao.com.br\/portal\/#logo\",\"inLanguage\":\"pt-BR\",\"url\":\"http:\/\/fernandadepilacao.com.br\/portal\/wp-content\/uploads\/2021\/03\/logo_fernanda.png\",\"contentUrl\":\"http:\/\/fernandadepilacao.com.br\/portal\/wp-content\/uploads\/2021\/03\/logo_fernanda.png\",\"width\":673,\"height\":688,\"caption\":\"Fernanda Depila\u00e7\u00e3o\"},\"image\":{\"@id\":\"https:\/\/fernandadepilacao.com.br\/portal\/#logo\"}},{\"@type\":\"WebSite\",\"@id\":\"https:\/\/fernandadepilacao.com.br\/portal\/#website\",\"url\":\"https:\/\/fernandadepilacao.com.br\/portal\/\",\"name\":\"Fernanda Depila\u00e7\u00e3o\",\"description\":\"\",\"publisher\":{\"@id\":\"https:\/\/fernandadepilacao.com.br\/portal\/#organization\"},\"potentialAction\":[{\"@type\":\"SearchAction\",\"target\":{\"@type\":\"EntryPoint\",\"urlTemplate\":\"https:\/\/fernandadepilacao.com.br\/portal\/?s={search_term_string}\"},\"query-input\":\"required name=search_term_string\"}],\"inLanguage\":\"pt-BR\"},{\"@type\":\"ImageObject\",\"@id\":\"https:\/\/fernandadepilacao.com.br\/portal\/2025\/08\/guia-completo-de-depilacao-facial-metodos-cuidados-e-dicas-essenciais\/#primaryimage\",\"inLanguage\":\"pt-BR\",\"url\":\"https:\/\/fernandadepilacao.com.br\/portal\/wp-content\/uploads\/2025\/08\/20250811160133.png\",\"contentUrl\":\"https:\/\/fernandadepilacao.com.br\/portal\/wp-content\/uploads\/2025\/08\/20250811160133.png\",\"width\":500,\"height\":500},{\"@type\":\"WebPage\",\"@id\":\"https:\/\/fernandadepilacao.com.br\/portal\/2025\/08\/guia-completo-de-depilacao-facial-metodos-cuidados-e-dicas-essenciais\/#webpage\",\"url\":\"https:\/\/fernandadepilacao.com.br\/portal\/2025\/08\/guia-completo-de-depilacao-facial-metodos-cuidados-e-dicas-essenciais\/\",\"name\":\"Guia Completo de Depila\u00e7\u00e3o Facial: M\u00e9todos, Cuidados e Dicas Essenciais - Fernanda Depila\u00e7\u00e3o\",\"isPartOf\":{\"@id\":\"https:\/\/fernandadepilacao.com.br\/portal\/#website\"},\"primaryImageOfPage\":{\"@id\":\"https:\/\/fernandadepilacao.com.br\/portal\/2025\/08\/guia-completo-de-depilacao-facial-metodos-cuidados-e-dicas-essenciais\/#primaryimage\"},\"datePublished\":\"2025-08-11T19:01:37+00:00\",\"dateModified\":\"2025-08-11T21:00:19+00:00\",\"breadcrumb\":{\"@id\":\"https:\/\/fernandadepilacao.com.br\/portal\/2025\/08\/guia-completo-de-depilacao-facial-metodos-cuidados-e-dicas-essenciais\/#breadcrumb\"},\"inLanguage\":\"pt-BR\",\"potentialAction\":[{\"@type\":\"ReadAction\",\"target\":[\"https:\/\/fernandadepilacao.com.br\/portal\/2025\/08\/guia-completo-de-depilacao-facial-metodos-cuidados-e-dicas-essenciais\/\"]}]},{\"@type\":\"BreadcrumbList\",\"@id\":\"https:\/\/fernandadepilacao.com.br\/portal\/2025\/08\/guia-completo-de-depilacao-facial-metodos-cuidados-e-dicas-essenciais\/#breadcrumb\",\"itemListElement\":[{\"@type\":\"ListItem\",\"position\":1,\"name\":\"In\u00edcio\",\"item\":\"http:\/\/fernandadepilacao.com.br\/portal\/\"},{\"@type\":\"ListItem\",\"position\":2,\"name\":\"Guia Completo de Depila\u00e7\u00e3o Facial: M\u00e9todos, Cuidados e Dicas Essenciais\"}]},{\"@type\":\"Article\",\"@id\":\"https:\/\/fernandadepilacao.com.br\/portal\/2025\/08\/guia-completo-de-depilacao-facial-metodos-cuidados-e-dicas-essenciais\/#article\",\"isPartOf\":{\"@id\":\"https:\/\/fernandadepilacao.com.br\/portal\/2025\/08\/guia-completo-de-depilacao-facial-metodos-cuidados-e-dicas-essenciais\/#webpage\"},\"author\":{\"@id\":\"https:\/\/fernandadepilacao.com.br\/portal\/#\/schema\/person\/d00644c3bbfd9fd17711767a3b1abbd0\"},\"headline\":\"Guia Completo de Depila\u00e7\u00e3o Facial: M\u00e9todos, Cuidados e Dicas Essenciais\",\"datePublished\":\"2025-08-11T19:01:37+00:00\",\"dateModified\":\"2025-08-11T21:00:19+00:00\",\"mainEntityOfPage\":{\"@id\":\"https:\/\/fernandadepilacao.com.br\/portal\/2025\/08\/guia-completo-de-depilacao-facial-metodos-cuidados-e-dicas-essenciais\/#webpage\"},\"wordCount\":665,\"commentCount\":0,\"publisher\":{\"@id\":\"https:\/\/fernandadepilacao.com.br\/portal\/#organization\"},\"image\":{\"@id\":\"https:\/\/fernandadepilacao.com.br\/portal\/2025\/08\/guia-completo-de-depilacao-facial-metodos-cuidados-e-dicas-essenciais\/#primaryimage\"},\"thumbnailUrl\":\"https:\/\/fernandadepilacao.com.br\/portal\/wp-content\/uploads\/2025\/08\/20250811160133.png\",\"articleSection\":[\"Beleza\"],\"inLanguage\":\"pt-BR\",\"potentialAction\":[{\"@type\":\"CommentAction\",\"name\":\"Comment\",\"target\":[\"https:\/\/fernandadepilacao.com.br\/portal\/2025\/08\/guia-completo-de-depilacao-facial-metodos-cuidados-e-dicas-essenciais\/#respond\"]}]},{\"@type\":\"Person\",\"@id\":\"https:\/\/fernandadepilacao.com.br\/portal\/#\/schema\/person\/d00644c3bbfd9fd17711767a3b1abbd0\",\"name\":\"fernandajob\",\"image\":{\"@type\":\"ImageObject\",\"@id\":\"https:\/\/fernandadepilacao.com.br\/portal\/#personlogo\",\"inLanguage\":\"pt-BR\",\"url\":\"https:\/\/secure.gravatar.com\/avatar\/6c2268a68d69a325906fbdccd74b18e6?s=96&d=mm&r=g\",\"contentUrl\":\"https:\/\/secure.gravatar.com\/avatar\/6c2268a68d69a325906fbdccd74b18e6?s=96&d=mm&r=g\",\"caption\":\"fernandajob\"},\"sameAs\":[\"http:\/\/fernandadepilacao.com.br\/portal\"]}]}<\/script>\n<!-- \/ Yoast SEO plugin. -->","yoast_head_json":{"title":"Guia Completo de Depila\u00e7\u00e3o Facial: M\u00e9todos, Cuidados e Dicas Essenciais - Fernanda Depila\u00e7\u00e3o","robots":{"index":"index","follow":"follow","max-snippet":"max-snippet:-1","max-image-preview":"max-image-preview:large","max-video-preview":"max-video-preview:-1"},"canonical":"https:\/\/fernandadepilacao.com.br\/portal\/2025\/08\/guia-completo-de-depilacao-facial-metodos-cuidados-e-dicas-essenciais\/","og_locale":"pt_BR","og_type":"article","og_title":"Guia Completo de Depila\u00e7\u00e3o Facial: M\u00e9todos, Cuidados e Dicas Essenciais - Fernanda Depila\u00e7\u00e3o","og_description":"Guia Completo sobre Depila\u00e7\u00e3o Facial: Dicas, M\u00e9todos e Cuidados O que \u00e9 depila\u00e7\u00e3o facial? A depila\u00e7\u00e3o facial \u00e9 o processo de remover pelos indesejados do rosto, tornando a pele mais lisa, limpa e valorizando a apar\u00eancia natural. Ela pode ser realizada por homens e mulheres, seja para defini\u00e7\u00e3o da sobrancelha, remo\u00e7\u00e3o de penugem (&#8220;bu\u00e7o&#8221;) ou &hellip; Guia Completo de Depila\u00e7\u00e3o Facial: M\u00e9todos, Cuidados e Dicas Essenciais Leia mais &raquo;","og_url":"https:\/\/fernandadepilacao.com.br\/portal\/2025\/08\/guia-completo-de-depilacao-facial-metodos-cuidados-e-dicas-essenciais\/","og_site_name":"Fernanda Depila\u00e7\u00e3o","article_publisher":"https:\/\/www.facebook.com\/ferjobdepilacao","article_published_time":"2025-08-11T19:01:37+00:00","article_modified_time":"2025-08-11T21:00:19+00:00","og_image":[{"width":500,"height":500,"url":"https:\/\/fernandadepilacao.com.br\/portal\/wp-content\/uploads\/2025\/08\/20250811160133.png","type":"image\/png"}],"twitter_card":"summary_large_image","twitter_misc":{"Escrito por":"fernandajob","Est. tempo de leitura":"3 minutos"},"schema":{"@context":"https:\/\/schema.org","@graph":[{"@type":"Organization","@id":"https:\/\/fernandadepilacao.com.br\/portal\/#organization","name":"Fernanda Depila\u00e7\u00e3o","url":"https:\/\/fernandadepilacao.com.br\/portal\/","sameAs":["https:\/\/www.facebook.com\/ferjobdepilacao","http:\/\/instagram.com\/fernanda_job"],"logo":{"@type":"ImageObject","@id":"https:\/\/fernandadepilacao.com.br\/portal\/#logo","inLanguage":"pt-BR","url":"http:\/\/fernandadepilacao.com.br\/portal\/wp-content\/uploads\/2021\/03\/logo_fernanda.png","contentUrl":"http:\/\/fernandadepilacao.com.br\/portal\/wp-content\/uploads\/2021\/03\/logo_fernanda.png","width":673,"height":688,"caption":"Fernanda Depila\u00e7\u00e3o"},"image":{"@id":"https:\/\/fernandadepilacao.com.br\/portal\/#logo"}},{"@type":"WebSite","@id":"https:\/\/fernandadepilacao.com.br\/portal\/#website","url":"https:\/\/fernandadepilacao.com.br\/portal\/","name":"Fernanda Depila\u00e7\u00e3o","description":"","publisher":{"@id":"https:\/\/fernandadepilacao.com.br\/portal\/#organization"},"potentialAction":[{"@type":"SearchAction","target":{"@type":"EntryPoint","urlTemplate":"https:\/\/fernandadepilacao.com.br\/portal\/?s={search_term_string}"},"query-input":"required name=search_term_string"}],"inLanguage":"pt-BR"},{"@type":"ImageObject","@id":"https:\/\/fernandadepilacao.com.br\/portal\/2025\/08\/guia-completo-de-depilacao-facial-metodos-cuidados-e-dicas-essenciais\/#primaryimage","inLanguage":"pt-BR","url":"https:\/\/fernandadepilacao.com.br\/portal\/wp-content\/uploads\/2025\/08\/20250811160133.png","contentUrl":"https:\/\/fernandadepilacao.com.br\/portal\/wp-content\/uploads\/2025\/08\/20250811160133.png","width":500,"height":500},{"@type":"WebPage","@id":"https:\/\/fernandadepilacao.com.br\/portal\/2025\/08\/guia-completo-de-depilacao-facial-metodos-cuidados-e-dicas-essenciais\/#webpage","url":"https:\/\/fernandadepilacao.com.br\/portal\/2025\/08\/guia-completo-de-depilacao-facial-metodos-cuidados-e-dicas-essenciais\/","name":"Guia Completo de Depila\u00e7\u00e3o Facial: M\u00e9todos, Cuidados e Dicas Essenciais - Fernanda Depila\u00e7\u00e3o","isPartOf":{"@id":"https:\/\/fernandadepilacao.com.br\/portal\/#website"},"primaryImageOfPage":{"@id":"https:\/\/fernandadepilacao.com.br\/portal\/2025\/08\/guia-completo-de-depilacao-facial-metodos-cuidados-e-dicas-essenciais\/#primaryimage"},"datePublished":"2025-08-11T19:01:37+00:00","dateModified":"2025-08-11T21:00:19+00:00","breadcrumb":{"@id":"https:\/\/fernandadepilacao.com.br\/portal\/2025\/08\/guia-completo-de-depilacao-facial-metodos-cuidados-e-dicas-essenciais\/#breadcrumb"},"inLanguage":"pt-BR","potentialAction":[{"@type":"ReadAction","target":["https:\/\/fernandadepilacao.com.br\/portal\/2025\/08\/guia-completo-de-depilacao-facial-metodos-cuidados-e-dicas-essenciais\/"]}]},{"@type":"BreadcrumbList","@id":"https:\/\/fernandadepilacao.com.br\/portal\/2025\/08\/guia-completo-de-depilacao-facial-metodos-cuidados-e-dicas-essenciais\/#breadcrumb","itemListElement":[{"@type":"ListItem","position":1,"name":"In\u00edcio","item":"http:\/\/fernandadepilacao.com.br\/portal\/"},{"@type":"ListItem","position":2,"name":"Guia Completo de Depila\u00e7\u00e3o Facial: M\u00e9todos, Cuidados e Dicas Essenciais"}]},{"@type":"Article","@id":"https:\/\/fernandadepilacao.com.br\/portal\/2025\/08\/guia-completo-de-depilacao-facial-metodos-cuidados-e-dicas-essenciais\/#article","isPartOf":{"@id":"https:\/\/fernandadepilacao.com.br\/portal\/2025\/08\/guia-completo-de-depilacao-facial-metodos-cuidados-e-dicas-essenciais\/#webpage"},"author":{"@id":"https:\/\/fernandadepilacao.com.br\/portal\/#\/schema\/person\/d00644c3bbfd9fd17711767a3b1abbd0"},"headline":"Guia Completo de Depila\u00e7\u00e3o Facial: M\u00e9todos, Cuidados e Dicas Essenciais","datePublished":"2025-08-11T19:01:37+00:00","dateModified":"2025-08-11T21:00:19+00:00","mainEntityOfPage":{"@id":"https:\/\/fernandadepilacao.com.br\/portal\/2025\/08\/guia-completo-de-depilacao-facial-metodos-cuidados-e-dicas-essenciais\/#webpage"},"wordCount":665,"commentCount":0,"publisher":{"@id":"https:\/\/fernandadepilacao.com.br\/portal\/#organization"},"image":{"@id":"https:\/\/fernandadepilacao.com.br\/portal\/2025\/08\/guia-completo-de-depilacao-facial-metodos-cuidados-e-dicas-essenciais\/#primaryimage"},"thumbnailUrl":"https:\/\/fernandadepilacao.com.br\/portal\/wp-content\/uploads\/2025\/08\/20250811160133.png","articleSection":["Beleza"],"inLanguage":"pt-BR","potentialAction":[{"@type":"CommentAction","name":"Comment","target":["https:\/\/fernandadepilacao.com.br\/portal\/2025\/08\/guia-completo-de-depilacao-facial-metodos-cuidados-e-dicas-essenciais\/#respond"]}]},{"@type":"Person","@id":"https:\/\/fernandadepilacao.com.br\/portal\/#\/schema\/person\/d00644c3bbfd9fd17711767a3b1abbd0","name":"fernandajob","image":{"@type":"ImageObject","@id":"https:\/\/fernandadepilacao.com.br\/portal\/#personlogo","inLanguage":"pt-BR","url":"https:\/\/secure.gravatar.com\/avatar\/6c2268a68d69a325906fbdccd74b18e6?s=96&d=mm&r=g","contentUrl":"https:\/\/secure.gravatar.com\/avatar\/6c2268a68d69a325906fbdccd74b18e6?s=96&d=mm&r=g","caption":"fernandajob"},"sameAs":["http:\/\/fernandadepilacao.com.br\/portal"]}]}},"uagb_featured_image_src":{"full":["https:\/\/fernandadepilacao.com.br\/portal\/wp-content\/uploads\/2025\/08\/20250811160133.png",500,500,false],"thumbnail":["https:\/\/fernandadepilacao.com.br\/portal\/wp-content\/uploads\/2025\/08\/20250811160133-150x150.png",150,150,true],"medium":["https:\/\/fernandadepilacao.com.br\/portal\/wp-content\/uploads\/2025\/08\/20250811160133-300x300.png",300,300,true],"medium_large":["https:\/\/fernandadepilacao.com.br\/portal\/wp-content\/uploads\/2025\/08\/20250811160133.png",500,500,false],"large":["https:\/\/fernandadepilacao.com.br\/portal\/wp-content\/uploads\/2025\/08\/20250811160133.png",500,500,false],"1536x1536":["https:\/\/fernandadepilacao.com.br\/portal\/wp-content\/uploads\/2025\/08\/20250811160133.png",500,500,false],"2048x2048":["https:\/\/fernandadepilacao.com.br\/portal\/wp-content\/uploads\/2025\/08\/20250811160133.png",500,500,false]},"uagb_author_info":{"display_name":"fernandajob","author_link":"https:\/\/fernandadepilacao.com.br\/portal\/author\/fernandajob\/"},"uagb_comment_info":0,"uagb_excerpt":"Guia Completo sobre Depila\u00e7\u00e3o Facial: Dicas, M\u00e9todos e Cuidados O que \u00e9 depila\u00e7\u00e3o facial? A depila\u00e7\u00e3o facial \u00e9 o processo de remover pelos indesejados do rosto, tornando a pele mais lisa, limpa e valorizando a apar\u00eancia natural. Ela pode ser realizada por homens e mulheres, seja para defini\u00e7\u00e3o da sobrancelha, remo\u00e7\u00e3o de penugem (&#8220;bu\u00e7o&#8221;) ou&hellip;","_links":{"self":[{"href":"https:\/\/fernandadepilacao.com.br\/portal\/wp-json\/wp\/v2\/posts\/373"}],"collection":[{"href":"https:\/\/fernandadepilacao.com.br\/portal\/wp-json\/wp\/v2\/posts"}],"about":[{"href":"https:\/\/fernandadepilacao.com.br\/portal\/wp-json\/wp\/v2\/types\/post"}],"author":[{"embeddable":true,"href":"https:\/\/fernandadepilacao.com.br\/portal\/wp-json\/wp\/v2\/users\/1"}],"replies":[{"embeddable":true,"href":"https:\/\/fernandadepilacao.com.br\/portal\/wp-json\/wp\/v2\/comments?post=373"}],"version-history":[{"count":1,"href":"https:\/\/fernandadepilacao.com.br\/portal\/wp-json\/wp\/v2\/posts\/373\/revisions"}],"predecessor-version":[{"id":374,"href":"https:\/\/fernandadepilacao.com.br\/portal\/wp-json\/wp\/v2\/posts\/373\/revisions\/374"}],"wp:featuredmedia":[{"embeddable":true,"href":"https:\/\/fernandadepilacao.com.br\/portal\/wp-json\/wp\/v2\/media\/372"}],"wp:attachment":[{"href":"https:\/\/fernandadepilacao.com.br\/portal\/wp-json\/wp\/v2\/media?parent=373"}],"wp:term":[{"taxonomy":"category","embeddable":true,"href":"https:\/\/fernandadepilacao.com.br\/portal\/wp-json\/wp\/v2\/categories?post=373"},{"taxonomy":"post_tag","embeddable":true,"href":"https:\/\/fernandadepilacao.com.br\/portal\/wp-json\/wp\/v2\/tags?post=373"}],"curies":[{"name":"wp","href":"https:\/\/api.w.org\/{rel}","templated":true}]}}