{"id":370,"date":"2025-08-11T09:53:59","date_gmt":"2025-08-11T12:53:59","guid":{"rendered":"https:\/\/fernandadepilacao.com.br\/portal\/2025\/08\/depilacao-com-lamina-guia-completo-pele-suave-saudavel\/"},"modified":"2025-08-11T12:00:21","modified_gmt":"2025-08-11T15:00:21","slug":"depilacao-com-lamina-guia-completo-pele-suave-saudavel","status":"publish","type":"post","link":"https:\/\/fernandadepilacao.com.br\/portal\/2025\/08\/depilacao-com-lamina-guia-completo-pele-suave-saudavel\/","title":{"rendered":"Depila\u00e7\u00e3o com L\u00e2mina: Guia Completo para uma Pele Suave e Saud\u00e1vel"},"content":{"rendered":"<article>\n<header>\n<h1>Depila\u00e7\u00e3o com L\u00e2mina: Tudo o que Voc\u00ea Precisa Saber para Uma Pele Suave e Saud\u00e1vel<\/h1>\n<p><strong>Descubra dicas essenciais, cuidados recomendados e tire todas as d\u00favidas sobre depila\u00e7\u00e3o com l\u00e2mina!<\/strong><\/p>\n<\/header>\n<section>\n<h2>O que \u00e9 a depila\u00e7\u00e3o com l\u00e2mina?<\/h2>\n<p>\n      A depila\u00e7\u00e3o com l\u00e2mina \u00e9 um dos m\u00e9todos mais tradicionais, r\u00e1pidos e populares para remover <strong>pelos indesejados<\/strong>. Seja para pernas, axilas, \u00e1rea \u00edntima ou at\u00e9 mesmo o rosto (no caso de homens), a l\u00e2mina \u00e9 escolhida por sua praticidade e resultado instant\u00e2neo.<br \/>\n      Apesar de simples, esse procedimento exige alguns cuidados para evitar irrita\u00e7\u00f5es, foliculite e promover uma pele sempre macia.\n    <\/p>\n<\/section>\n<section>\n<h2>Vantagens da depila\u00e7\u00e3o com l\u00e2mina<\/h2>\n<ul>\n<li><strong>Rapidez e praticidade:<\/strong> A depila\u00e7\u00e3o com l\u00e2mina pode ser feita em casa, em poucos minutos, economizando tempo na rotina de cuidados pessoais.<\/li>\n<li><strong>Custo acess\u00edvel:<\/strong> As l\u00e2minas s\u00e3o baratas e f\u00e1ceis de encontrar em supermercados, drogarias e lojas de cosm\u00e9ticos.<\/li>\n<li><strong>Indolor:<\/strong> Se realizada corretamente, a depila\u00e7\u00e3o com l\u00e2mina n\u00e3o causa dor, tornando-se uma op\u00e7\u00e3o ideal para quem tem baixa toler\u00e2ncia a m\u00e9todos que arrancam o pelo pela raiz, como a cera.<\/li>\n<li><strong>Versatilidade:<\/strong> Com a l\u00e2mina, \u00e9 poss\u00edvel depilar diversas partes do corpo, adequando o procedimento \u00e0 necessidade de cada pessoa.<\/li>\n<\/ul>\n<\/section>\n<section>\n<h2>Desvantagens e cuidados necess\u00e1rios<\/h2>\n<p>\n      Apesar dos pontos positivos, \u00e9 importante ter aten\u00e7\u00e3o a algumas quest\u00f5es para garantir uma depila\u00e7\u00e3o eficiente e saud\u00e1vel:\n    <\/p>\n<ul>\n<li><strong>Crescimento r\u00e1pido dos pelos:<\/strong> A l\u00e2mina corta o pelo na superf\u00edcie, o que faz com que ele cres\u00e7a novamente em poucos dias, muitas vezes dando a sensa\u00e7\u00e3o de que ficou mais grosso (mas isso \u00e9 um mito!).<\/li>\n<li><strong>Risco de cortes e irrita\u00e7\u00f5es:<\/strong> Utilizar l\u00e2minas cegas ou pressionar demais pode causar microles\u00f5es, machucados e ard\u00eancia.<\/li>\n<li><strong>Possibilidade de foliculite:<\/strong> O atrito pode inflamar os fol\u00edculos pilosos, originando as famosas bolinhas vermelhas.<\/li>\n<li><strong>Sensibilidade da pele:<\/strong> Algumas regi\u00f5es, como virilha e axilas, s\u00e3o mais sens\u00edveis e precisam de cuidados extras, como o uso de produtos espec\u00edficos.<\/li>\n<\/ul>\n<\/section>\n<section>\n<h2>Como fazer depila\u00e7\u00e3o com l\u00e2mina de forma segura<\/h2>\n<ol>\n<li><strong>Prepare a pele:<\/strong> Lave bem a \u00e1rea a ser depilada com \u00e1gua morna e sabonete neutro para remover res\u00edduos e facilitar o deslizar da l\u00e2mina.<\/li>\n<li><strong>Hidrate:<\/strong> Aplique um creme de barbear, gel ou \u00f3leo de depila\u00e7\u00e3o para evitar atrito e proteger a pele.<\/li>\n<li><strong>Use l\u00e2mina nova e limpa:<\/strong> L\u00e2minas cegas aumentam o risco de cortes e irrita\u00e7\u00f5es.<\/li>\n<li><strong>Depile no sentido do crescimento dos pelos:<\/strong> Isso reduz a chance de encravamento e agress\u00e3o \u00e0 pele.<\/li>\n<li><strong>Enx\u00e1gue sempre:<\/strong> Enx\u00e1gue a l\u00e2mina a cada passada para evitar ac\u00famulo de res\u00edduos e garantir maior efic\u00e1cia.<\/li>\n<li><strong>Lave e seque a pele ap\u00f3s a depila\u00e7\u00e3o:<\/strong> Use \u00e1gua fria para fechar os poros e suavize a regi\u00e3o.<\/li>\n<li><strong>Hidrate novamente:<\/strong> Passe um hidratante calmante, de prefer\u00eancia sem \u00e1lcool, para ajudar na recupera\u00e7\u00e3o da pele.<\/li>\n<\/ol>\n<\/section>\n<section>\n<h2>Dicas para evitar irrita\u00e7\u00f5es e foliculite<\/h2>\n<ul>\n<li><strong>N\u00e3o compartilhe sua l\u00e2mina<\/strong> com outras pessoas para evitar contamina\u00e7\u00f5es.<\/li>\n<li><strong>Troque a l\u00e2mina regularmente:<\/strong> O ideal \u00e9 trocar a cada 4 a 5 usos ou ao perceber perda do fio do corte.<\/li>\n<li><strong>Evite depilar \u00e1reas inflamadas, machucadas ou com alergias.<\/strong><\/li>\n<li><strong>Prefira depilar-se ap\u00f3s o banho:<\/strong> Os pelos ficam mais macios e os poros dilatados, facilitando a remo\u00e7\u00e3o.<\/li>\n<li><strong>N\u00e3o se esque\u00e7a da esfolia\u00e7\u00e3o:<\/strong> Uma esfolia\u00e7\u00e3o leve uma ou duas vezes por semana ajuda a prevenir o pelo encravado.<\/li>\n<\/ul>\n<\/section>\n<section>\n<h2>Perguntas frequentes sobre depila\u00e7\u00e3o com l\u00e2mina<\/h2>\n<dl>\n<dt><strong>Depilar-se com l\u00e2mina engrossa o pelo?<\/strong><\/dt>\n<dd>N\u00e3o. A l\u00e2mina apenas corta o pelo na superf\u00edcie, explicando a sensa\u00e7\u00e3o de ponta mais grossa quando cresce, mas n\u00e3o altera a espessura ou quantidade dos pelos.<\/dd>\n<dt><strong>\u00c9 poss\u00edvel depilar qualquer parte do corpo com l\u00e2mina?<\/strong><\/dt>\n<dd>Sim, por\u00e9m em \u00e1reas muito sens\u00edveis recomenda-se ainda mais cuidado para evitar irrita\u00e7\u00f5es e acidentes.<\/dd>\n<dt><strong>Qual a frequ\u00eancia ideal para depilar com l\u00e2mina?<\/strong><\/dt>\n<dd>Depende da velocidade de crescimento dos seus pelos, mas geralmente varia entre 2 a 3 dias para manter a pele lisa.<\/dd>\n<dt><strong>Posso me depilar com l\u00e2mina durante o banho?<\/strong><\/dt>\n<dd>Sim, inclusive \u00e9 recomendado, pois a \u00e1gua morna amolece o pelo e reduz o atrito.<\/dd>\n<\/dl>\n<\/section>\n<section>\n<h2>Conclus\u00e3o<\/h2>\n<p>\n      A <strong>depila\u00e7\u00e3o com l\u00e2mina<\/strong> \u00e9 uma excelente alternativa para quem busca praticidade, rapidez e um resultado imediato. Adotar os <strong>cuidados necess\u00e1rios<\/strong> garante uma pele lisinha, saud\u00e1vel e livre de inc\u00f4modos. Lembre-se sempre de priorizar a <strong>higiene, a troca peri\u00f3dica da l\u00e2mina<\/strong> e produtos que favore\u00e7am a hidrata\u00e7\u00e3o da pele.<br \/>\n      Se surgirem d\u00favidas ou problemas recorrentes, consulte um dermatologista ou um profissional da est\u00e9tica para receber orienta\u00e7\u00f5es personalizadas.\n    <\/p>\n<\/section>\n<footer>\n<p><em>Palavras-chave: depila\u00e7\u00e3o com l\u00e2mina, depila\u00e7\u00e3o, cuidados com a pele, como se depilar, foliculite, esfolia\u00e7\u00e3o, m\u00e9todos de depila\u00e7\u00e3o, l\u00e2mina feminina<\/em><\/p>\n<\/footer>\n<\/article>\n","protected":false},"excerpt":{"rendered":"<p>Depila\u00e7\u00e3o com L\u00e2mina: Tudo o que Voc\u00ea Precisa Saber para Uma Pele Suave e Saud\u00e1vel Descubra dicas essenciais, cuidados recomendados e tire todas as d\u00favidas sobre depila\u00e7\u00e3o com l\u00e2mina! O que \u00e9 a depila\u00e7\u00e3o com l\u00e2mina? A depila\u00e7\u00e3o com l\u00e2mina \u00e9 um dos m\u00e9todos mais tradicionais, r\u00e1pidos e populares para remover pelos indesejados. Seja para &hellip;<\/p>\n<p class=\"read-more\"> <a class=\"\" href=\"https:\/\/fernandadepilacao.com.br\/portal\/2025\/08\/depilacao-com-lamina-guia-completo-pele-suave-saudavel\/\"> <span class=\"screen-reader-text\">Depila\u00e7\u00e3o com L\u00e2mina: Guia Completo para uma Pele Suave e Saud\u00e1vel<\/span> Leia mais &raquo;<\/a><\/p>\n","protected":false},"author":1,"featured_media":369,"comment_status":"open","ping_status":"open","sticky":false,"template":"","format":"standard","meta":[],"categories":[15],"tags":[],"yoast_head":"<!-- This site is optimized with the Yoast SEO plugin v18.4.1 - https:\/\/yoast.com\/wordpress\/plugins\/seo\/ -->\n<title>Depila\u00e7\u00e3o com L\u00e2mina: Guia Completo para uma Pele Suave e Saud\u00e1vel - Fernanda Depila\u00e7\u00e3o<\/title>\n<meta name=\"robots\" content=\"index, follow, max-snippet:-1, max-image-preview:large, max-video-preview:-1\" \/>\n<link rel=\"canonical\" href=\"https:\/\/fernandadepilacao.com.br\/portal\/2025\/08\/depilacao-com-lamina-guia-completo-pele-suave-saudavel\/\" \/>\n<meta property=\"og:locale\" content=\"pt_BR\" \/>\n<meta property=\"og:type\" content=\"article\" \/>\n<meta property=\"og:title\" content=\"Depila\u00e7\u00e3o com L\u00e2mina: Guia Completo para uma Pele Suave e Saud\u00e1vel - Fernanda Depila\u00e7\u00e3o\" \/>\n<meta property=\"og:description\" content=\"Depila\u00e7\u00e3o com L\u00e2mina: Tudo o que Voc\u00ea Precisa Saber para Uma Pele Suave e Saud\u00e1vel Descubra dicas essenciais, cuidados recomendados e tire todas as d\u00favidas sobre depila\u00e7\u00e3o com l\u00e2mina! O que \u00e9 a depila\u00e7\u00e3o com l\u00e2mina? A depila\u00e7\u00e3o com l\u00e2mina \u00e9 um dos m\u00e9todos mais tradicionais, r\u00e1pidos e populares para remover pelos indesejados. Seja para &hellip; Depila\u00e7\u00e3o com L\u00e2mina: Guia Completo para uma Pele Suave e Saud\u00e1vel Leia mais &raquo;\" \/>\n<meta property=\"og:url\" content=\"https:\/\/fernandadepilacao.com.br\/portal\/2025\/08\/depilacao-com-lamina-guia-completo-pele-suave-saudavel\/\" \/>\n<meta property=\"og:site_name\" content=\"Fernanda Depila\u00e7\u00e3o\" \/>\n<meta property=\"article:publisher\" content=\"https:\/\/www.facebook.com\/ferjobdepilacao\" \/>\n<meta property=\"article:published_time\" content=\"2025-08-11T12:53:59+00:00\" \/>\n<meta property=\"article:modified_time\" content=\"2025-08-11T15:00:21+00:00\" \/>\n<meta property=\"og:image\" content=\"https:\/\/fernandadepilacao.com.br\/portal\/wp-content\/uploads\/2025\/08\/20250811095355.png\" \/>\n\t<meta property=\"og:image:width\" content=\"500\" \/>\n\t<meta property=\"og:image:height\" content=\"500\" \/>\n\t<meta property=\"og:image:type\" content=\"image\/png\" \/>\n<meta name=\"twitter:card\" content=\"summary_large_image\" \/>\n<meta name=\"twitter:label1\" content=\"Escrito por\" \/>\n\t<meta name=\"twitter:data1\" content=\"fernandajob\" \/>\n\t<meta name=\"twitter:label2\" content=\"Est. tempo de leitura\" \/>\n\t<meta name=\"twitter:data2\" content=\"4 minutos\" \/>\n<script type=\"application\/ld+json\" class=\"yoast-schema-graph\">{\"@context\":\"https:\/\/schema.org\",\"@graph\":[{\"@type\":\"Organization\",\"@id\":\"https:\/\/fernandadepilacao.com.br\/portal\/#organization\",\"name\":\"Fernanda Depila\u00e7\u00e3o\",\"url\":\"https:\/\/fernandadepilacao.com.br\/portal\/\",\"sameAs\":[\"https:\/\/www.facebook.com\/ferjobdepilacao\",\"http:\/\/instagram.com\/fernanda_job\"],\"logo\":{\"@type\":\"ImageObject\",\"@id\":\"https:\/\/fernandadepilacao.com.br\/portal\/#logo\",\"inLanguage\":\"pt-BR\",\"url\":\"http:\/\/fernandadepilacao.com.br\/portal\/wp-content\/uploads\/2021\/03\/logo_fernanda.png\",\"contentUrl\":\"http:\/\/fernandadepilacao.com.br\/portal\/wp-content\/uploads\/2021\/03\/logo_fernanda.png\",\"width\":673,\"height\":688,\"caption\":\"Fernanda Depila\u00e7\u00e3o\"},\"image\":{\"@id\":\"https:\/\/fernandadepilacao.com.br\/portal\/#logo\"}},{\"@type\":\"WebSite\",\"@id\":\"https:\/\/fernandadepilacao.com.br\/portal\/#website\",\"url\":\"https:\/\/fernandadepilacao.com.br\/portal\/\",\"name\":\"Fernanda Depila\u00e7\u00e3o\",\"description\":\"\",\"publisher\":{\"@id\":\"https:\/\/fernandadepilacao.com.br\/portal\/#organization\"},\"potentialAction\":[{\"@type\":\"SearchAction\",\"target\":{\"@type\":\"EntryPoint\",\"urlTemplate\":\"https:\/\/fernandadepilacao.com.br\/portal\/?s={search_term_string}\"},\"query-input\":\"required name=search_term_string\"}],\"inLanguage\":\"pt-BR\"},{\"@type\":\"ImageObject\",\"@id\":\"https:\/\/fernandadepilacao.com.br\/portal\/2025\/08\/depilacao-com-lamina-guia-completo-pele-suave-saudavel\/#primaryimage\",\"inLanguage\":\"pt-BR\",\"url\":\"https:\/\/fernandadepilacao.com.br\/portal\/wp-content\/uploads\/2025\/08\/20250811095355.png\",\"contentUrl\":\"https:\/\/fernandadepilacao.com.br\/portal\/wp-content\/uploads\/2025\/08\/20250811095355.png\",\"width\":500,\"height\":500},{\"@type\":\"WebPage\",\"@id\":\"https:\/\/fernandadepilacao.com.br\/portal\/2025\/08\/depilacao-com-lamina-guia-completo-pele-suave-saudavel\/#webpage\",\"url\":\"https:\/\/fernandadepilacao.com.br\/portal\/2025\/08\/depilacao-com-lamina-guia-completo-pele-suave-saudavel\/\",\"name\":\"Depila\u00e7\u00e3o com L\u00e2mina: Guia Completo para uma Pele Suave e Saud\u00e1vel - Fernanda Depila\u00e7\u00e3o\",\"isPartOf\":{\"@id\":\"https:\/\/fernandadepilacao.com.br\/portal\/#website\"},\"primaryImageOfPage\":{\"@id\":\"https:\/\/fernandadepilacao.com.br\/portal\/2025\/08\/depilacao-com-lamina-guia-completo-pele-suave-saudavel\/#primaryimage\"},\"datePublished\":\"2025-08-11T12:53:59+00:00\",\"dateModified\":\"2025-08-11T15:00:21+00:00\",\"breadcrumb\":{\"@id\":\"https:\/\/fernandadepilacao.com.br\/portal\/2025\/08\/depilacao-com-lamina-guia-completo-pele-suave-saudavel\/#breadcrumb\"},\"inLanguage\":\"pt-BR\",\"potentialAction\":[{\"@type\":\"ReadAction\",\"target\":[\"https:\/\/fernandadepilacao.com.br\/portal\/2025\/08\/depilacao-com-lamina-guia-completo-pele-suave-saudavel\/\"]}]},{\"@type\":\"BreadcrumbList\",\"@id\":\"https:\/\/fernandadepilacao.com.br\/portal\/2025\/08\/depilacao-com-lamina-guia-completo-pele-suave-saudavel\/#breadcrumb\",\"itemListElement\":[{\"@type\":\"ListItem\",\"position\":1,\"name\":\"In\u00edcio\",\"item\":\"http:\/\/fernandadepilacao.com.br\/portal\/\"},{\"@type\":\"ListItem\",\"position\":2,\"name\":\"Depila\u00e7\u00e3o com L\u00e2mina: Guia Completo para uma Pele Suave e Saud\u00e1vel\"}]},{\"@type\":\"Article\",\"@id\":\"https:\/\/fernandadepilacao.com.br\/portal\/2025\/08\/depilacao-com-lamina-guia-completo-pele-suave-saudavel\/#article\",\"isPartOf\":{\"@id\":\"https:\/\/fernandadepilacao.com.br\/portal\/2025\/08\/depilacao-com-lamina-guia-completo-pele-suave-saudavel\/#webpage\"},\"author\":{\"@id\":\"https:\/\/fernandadepilacao.com.br\/portal\/#\/schema\/person\/d00644c3bbfd9fd17711767a3b1abbd0\"},\"headline\":\"Depila\u00e7\u00e3o com L\u00e2mina: Guia Completo para uma Pele Suave e Saud\u00e1vel\",\"datePublished\":\"2025-08-11T12:53:59+00:00\",\"dateModified\":\"2025-08-11T15:00:21+00:00\",\"mainEntityOfPage\":{\"@id\":\"https:\/\/fernandadepilacao.com.br\/portal\/2025\/08\/depilacao-com-lamina-guia-completo-pele-suave-saudavel\/#webpage\"},\"wordCount\":839,\"commentCount\":0,\"publisher\":{\"@id\":\"https:\/\/fernandadepilacao.com.br\/portal\/#organization\"},\"image\":{\"@id\":\"https:\/\/fernandadepilacao.com.br\/portal\/2025\/08\/depilacao-com-lamina-guia-completo-pele-suave-saudavel\/#primaryimage\"},\"thumbnailUrl\":\"https:\/\/fernandadepilacao.com.br\/portal\/wp-content\/uploads\/2025\/08\/20250811095355.png\",\"articleSection\":[\"Beleza\"],\"inLanguage\":\"pt-BR\",\"potentialAction\":[{\"@type\":\"CommentAction\",\"name\":\"Comment\",\"target\":[\"https:\/\/fernandadepilacao.com.br\/portal\/2025\/08\/depilacao-com-lamina-guia-completo-pele-suave-saudavel\/#respond\"]}]},{\"@type\":\"Person\",\"@id\":\"https:\/\/fernandadepilacao.com.br\/portal\/#\/schema\/person\/d00644c3bbfd9fd17711767a3b1abbd0\",\"name\":\"fernandajob\",\"image\":{\"@type\":\"ImageObject\",\"@id\":\"https:\/\/fernandadepilacao.com.br\/portal\/#personlogo\",\"inLanguage\":\"pt-BR\",\"url\":\"https:\/\/secure.gravatar.com\/avatar\/6c2268a68d69a325906fbdccd74b18e6?s=96&d=mm&r=g\",\"contentUrl\":\"https:\/\/secure.gravatar.com\/avatar\/6c2268a68d69a325906fbdccd74b18e6?s=96&d=mm&r=g\",\"caption\":\"fernandajob\"},\"sameAs\":[\"http:\/\/fernandadepilacao.com.br\/portal\"]}]}<\/script>\n<!-- \/ Yoast SEO plugin. -->","yoast_head_json":{"title":"Depila\u00e7\u00e3o com L\u00e2mina: Guia Completo para uma Pele Suave e Saud\u00e1vel - Fernanda Depila\u00e7\u00e3o","robots":{"index":"index","follow":"follow","max-snippet":"max-snippet:-1","max-image-preview":"max-image-preview:large","max-video-preview":"max-video-preview:-1"},"canonical":"https:\/\/fernandadepilacao.com.br\/portal\/2025\/08\/depilacao-com-lamina-guia-completo-pele-suave-saudavel\/","og_locale":"pt_BR","og_type":"article","og_title":"Depila\u00e7\u00e3o com L\u00e2mina: Guia Completo para uma Pele Suave e Saud\u00e1vel - Fernanda Depila\u00e7\u00e3o","og_description":"Depila\u00e7\u00e3o com L\u00e2mina: Tudo o que Voc\u00ea Precisa Saber para Uma Pele Suave e Saud\u00e1vel Descubra dicas essenciais, cuidados recomendados e tire todas as d\u00favidas sobre depila\u00e7\u00e3o com l\u00e2mina! O que \u00e9 a depila\u00e7\u00e3o com l\u00e2mina? A depila\u00e7\u00e3o com l\u00e2mina \u00e9 um dos m\u00e9todos mais tradicionais, r\u00e1pidos e populares para remover pelos indesejados. Seja para &hellip; Depila\u00e7\u00e3o com L\u00e2mina: Guia Completo para uma Pele Suave e Saud\u00e1vel Leia mais &raquo;","og_url":"https:\/\/fernandadepilacao.com.br\/portal\/2025\/08\/depilacao-com-lamina-guia-completo-pele-suave-saudavel\/","og_site_name":"Fernanda Depila\u00e7\u00e3o","article_publisher":"https:\/\/www.facebook.com\/ferjobdepilacao","article_published_time":"2025-08-11T12:53:59+00:00","article_modified_time":"2025-08-11T15:00:21+00:00","og_image":[{"width":500,"height":500,"url":"https:\/\/fernandadepilacao.com.br\/portal\/wp-content\/uploads\/2025\/08\/20250811095355.png","type":"image\/png"}],"twitter_card":"summary_large_image","twitter_misc":{"Escrito por":"fernandajob","Est. tempo de leitura":"4 minutos"},"schema":{"@context":"https:\/\/schema.org","@graph":[{"@type":"Organization","@id":"https:\/\/fernandadepilacao.com.br\/portal\/#organization","name":"Fernanda Depila\u00e7\u00e3o","url":"https:\/\/fernandadepilacao.com.br\/portal\/","sameAs":["https:\/\/www.facebook.com\/ferjobdepilacao","http:\/\/instagram.com\/fernanda_job"],"logo":{"@type":"ImageObject","@id":"https:\/\/fernandadepilacao.com.br\/portal\/#logo","inLanguage":"pt-BR","url":"http:\/\/fernandadepilacao.com.br\/portal\/wp-content\/uploads\/2021\/03\/logo_fernanda.png","contentUrl":"http:\/\/fernandadepilacao.com.br\/portal\/wp-content\/uploads\/2021\/03\/logo_fernanda.png","width":673,"height":688,"caption":"Fernanda Depila\u00e7\u00e3o"},"image":{"@id":"https:\/\/fernandadepilacao.com.br\/portal\/#logo"}},{"@type":"WebSite","@id":"https:\/\/fernandadepilacao.com.br\/portal\/#website","url":"https:\/\/fernandadepilacao.com.br\/portal\/","name":"Fernanda Depila\u00e7\u00e3o","description":"","publisher":{"@id":"https:\/\/fernandadepilacao.com.br\/portal\/#organization"},"potentialAction":[{"@type":"SearchAction","target":{"@type":"EntryPoint","urlTemplate":"https:\/\/fernandadepilacao.com.br\/portal\/?s={search_term_string}"},"query-input":"required name=search_term_string"}],"inLanguage":"pt-BR"},{"@type":"ImageObject","@id":"https:\/\/fernandadepilacao.com.br\/portal\/2025\/08\/depilacao-com-lamina-guia-completo-pele-suave-saudavel\/#primaryimage","inLanguage":"pt-BR","url":"https:\/\/fernandadepilacao.com.br\/portal\/wp-content\/uploads\/2025\/08\/20250811095355.png","contentUrl":"https:\/\/fernandadepilacao.com.br\/portal\/wp-content\/uploads\/2025\/08\/20250811095355.png","width":500,"height":500},{"@type":"WebPage","@id":"https:\/\/fernandadepilacao.com.br\/portal\/2025\/08\/depilacao-com-lamina-guia-completo-pele-suave-saudavel\/#webpage","url":"https:\/\/fernandadepilacao.com.br\/portal\/2025\/08\/depilacao-com-lamina-guia-completo-pele-suave-saudavel\/","name":"Depila\u00e7\u00e3o com L\u00e2mina: Guia Completo para uma Pele Suave e Saud\u00e1vel - Fernanda Depila\u00e7\u00e3o","isPartOf":{"@id":"https:\/\/fernandadepilacao.com.br\/portal\/#website"},"primaryImageOfPage":{"@id":"https:\/\/fernandadepilacao.com.br\/portal\/2025\/08\/depilacao-com-lamina-guia-completo-pele-suave-saudavel\/#primaryimage"},"datePublished":"2025-08-11T12:53:59+00:00","dateModified":"2025-08-11T15:00:21+00:00","breadcrumb":{"@id":"https:\/\/fernandadepilacao.com.br\/portal\/2025\/08\/depilacao-com-lamina-guia-completo-pele-suave-saudavel\/#breadcrumb"},"inLanguage":"pt-BR","potentialAction":[{"@type":"ReadAction","target":["https:\/\/fernandadepilacao.com.br\/portal\/2025\/08\/depilacao-com-lamina-guia-completo-pele-suave-saudavel\/"]}]},{"@type":"BreadcrumbList","@id":"https:\/\/fernandadepilacao.com.br\/portal\/2025\/08\/depilacao-com-lamina-guia-completo-pele-suave-saudavel\/#breadcrumb","itemListElement":[{"@type":"ListItem","position":1,"name":"In\u00edcio","item":"http:\/\/fernandadepilacao.com.br\/portal\/"},{"@type":"ListItem","position":2,"name":"Depila\u00e7\u00e3o com L\u00e2mina: Guia Completo para uma Pele Suave e Saud\u00e1vel"}]},{"@type":"Article","@id":"https:\/\/fernandadepilacao.com.br\/portal\/2025\/08\/depilacao-com-lamina-guia-completo-pele-suave-saudavel\/#article","isPartOf":{"@id":"https:\/\/fernandadepilacao.com.br\/portal\/2025\/08\/depilacao-com-lamina-guia-completo-pele-suave-saudavel\/#webpage"},"author":{"@id":"https:\/\/fernandadepilacao.com.br\/portal\/#\/schema\/person\/d00644c3bbfd9fd17711767a3b1abbd0"},"headline":"Depila\u00e7\u00e3o com L\u00e2mina: Guia Completo para uma Pele Suave e Saud\u00e1vel","datePublished":"2025-08-11T12:53:59+00:00","dateModified":"2025-08-11T15:00:21+00:00","mainEntityOfPage":{"@id":"https:\/\/fernandadepilacao.com.br\/portal\/2025\/08\/depilacao-com-lamina-guia-completo-pele-suave-saudavel\/#webpage"},"wordCount":839,"commentCount":0,"publisher":{"@id":"https:\/\/fernandadepilacao.com.br\/portal\/#organization"},"image":{"@id":"https:\/\/fernandadepilacao.com.br\/portal\/2025\/08\/depilacao-com-lamina-guia-completo-pele-suave-saudavel\/#primaryimage"},"thumbnailUrl":"https:\/\/fernandadepilacao.com.br\/portal\/wp-content\/uploads\/2025\/08\/20250811095355.png","articleSection":["Beleza"],"inLanguage":"pt-BR","potentialAction":[{"@type":"CommentAction","name":"Comment","target":["https:\/\/fernandadepilacao.com.br\/portal\/2025\/08\/depilacao-com-lamina-guia-completo-pele-suave-saudavel\/#respond"]}]},{"@type":"Person","@id":"https:\/\/fernandadepilacao.com.br\/portal\/#\/schema\/person\/d00644c3bbfd9fd17711767a3b1abbd0","name":"fernandajob","image":{"@type":"ImageObject","@id":"https:\/\/fernandadepilacao.com.br\/portal\/#personlogo","inLanguage":"pt-BR","url":"https:\/\/secure.gravatar.com\/avatar\/6c2268a68d69a325906fbdccd74b18e6?s=96&d=mm&r=g","contentUrl":"https:\/\/secure.gravatar.com\/avatar\/6c2268a68d69a325906fbdccd74b18e6?s=96&d=mm&r=g","caption":"fernandajob"},"sameAs":["http:\/\/fernandadepilacao.com.br\/portal"]}]}},"uagb_featured_image_src":{"full":["https:\/\/fernandadepilacao.com.br\/portal\/wp-content\/uploads\/2025\/08\/20250811095355.png",500,500,false],"thumbnail":["https:\/\/fernandadepilacao.com.br\/portal\/wp-content\/uploads\/2025\/08\/20250811095355-150x150.png",150,150,true],"medium":["https:\/\/fernandadepilacao.com.br\/portal\/wp-content\/uploads\/2025\/08\/20250811095355-300x300.png",300,300,true],"medium_large":["https:\/\/fernandadepilacao.com.br\/portal\/wp-content\/uploads\/2025\/08\/20250811095355.png",500,500,false],"large":["https:\/\/fernandadepilacao.com.br\/portal\/wp-content\/uploads\/2025\/08\/20250811095355.png",500,500,false],"1536x1536":["https:\/\/fernandadepilacao.com.br\/portal\/wp-content\/uploads\/2025\/08\/20250811095355.png",500,500,false],"2048x2048":["https:\/\/fernandadepilacao.com.br\/portal\/wp-content\/uploads\/2025\/08\/20250811095355.png",500,500,false]},"uagb_author_info":{"display_name":"fernandajob","author_link":"https:\/\/fernandadepilacao.com.br\/portal\/author\/fernandajob\/"},"uagb_comment_info":0,"uagb_excerpt":"Depila\u00e7\u00e3o com L\u00e2mina: Tudo o que Voc\u00ea Precisa Saber para Uma Pele Suave e Saud\u00e1vel Descubra dicas essenciais, cuidados recomendados e tire todas as d\u00favidas sobre depila\u00e7\u00e3o com l\u00e2mina! O que \u00e9 a depila\u00e7\u00e3o com l\u00e2mina? A depila\u00e7\u00e3o com l\u00e2mina \u00e9 um dos m\u00e9todos mais tradicionais, r\u00e1pidos e populares para remover pelos indesejados. Seja para&hellip;","_links":{"self":[{"href":"https:\/\/fernandadepilacao.com.br\/portal\/wp-json\/wp\/v2\/posts\/370"}],"collection":[{"href":"https:\/\/fernandadepilacao.com.br\/portal\/wp-json\/wp\/v2\/posts"}],"about":[{"href":"https:\/\/fernandadepilacao.com.br\/portal\/wp-json\/wp\/v2\/types\/post"}],"author":[{"embeddable":true,"href":"https:\/\/fernandadepilacao.com.br\/portal\/wp-json\/wp\/v2\/users\/1"}],"replies":[{"embeddable":true,"href":"https:\/\/fernandadepilacao.com.br\/portal\/wp-json\/wp\/v2\/comments?post=370"}],"version-history":[{"count":1,"href":"https:\/\/fernandadepilacao.com.br\/portal\/wp-json\/wp\/v2\/posts\/370\/revisions"}],"predecessor-version":[{"id":371,"href":"https:\/\/fernandadepilacao.com.br\/portal\/wp-json\/wp\/v2\/posts\/370\/revisions\/371"}],"wp:featuredmedia":[{"embeddable":true,"href":"https:\/\/fernandadepilacao.com.br\/portal\/wp-json\/wp\/v2\/media\/369"}],"wp:attachment":[{"href":"https:\/\/fernandadepilacao.com.br\/portal\/wp-json\/wp\/v2\/media?parent=370"}],"wp:term":[{"taxonomy":"category","embeddable":true,"href":"https:\/\/fernandadepilacao.com.br\/portal\/wp-json\/wp\/v2\/categories?post=370"},{"taxonomy":"post_tag","embeddable":true,"href":"https:\/\/fernandadepilacao.com.br\/portal\/wp-json\/wp\/v2\/tags?post=370"}],"curies":[{"name":"wp","href":"https:\/\/api.w.org\/{rel}","templated":true}]}}