{"id":364,"date":"2025-08-10T00:00:58","date_gmt":"2025-08-10T03:00:58","guid":{"rendered":"https:\/\/fernandadepilacao.com.br\/portal\/2025\/08\/guia-completo-de-depilacao-do-buco-tecnicas-cuidados-e-dicas-essenciais\/"},"modified":"2025-08-10T06:00:18","modified_gmt":"2025-08-10T09:00:18","slug":"guia-completo-de-depilacao-do-buco-tecnicas-cuidados-e-dicas-essenciais","status":"publish","type":"post","link":"https:\/\/fernandadepilacao.com.br\/portal\/2025\/08\/guia-completo-de-depilacao-do-buco-tecnicas-cuidados-e-dicas-essenciais\/","title":{"rendered":"Guia Completo de Depila\u00e7\u00e3o do Bu\u00e7o: T\u00e9cnicas, Cuidados e Dicas Essenciais"},"content":{"rendered":"<article itemscope itemtype=\"https:\/\/schema.org\/Article\">\n<header>\n<h1 itemprop=\"headline\">Depila\u00e7\u00e3o de Bu\u00e7o: Tudo o Que Voc\u00ea Precisa Saber Para Uma Pele Lisa e Bem Cuidada<\/h1>\n<p>    <meta itemprop=\"author\" content=\"Especialista em Depila\u00e7\u00e3o\"><br \/>\n    <meta itemprop=\"datePublished\" content=\"2024-06-09\"><br \/>\n    <meta itemprop=\"description\" content=\"Descubra os segredos da depila\u00e7\u00e3o do bu\u00e7o. Conhe\u00e7a t\u00e9cnicas, cuidados antes e depois, e dicas essenciais para uma pele livre de pelos indesejados.\"><br \/>\n  <\/header>\n<section itemprop=\"articleBody\">\n<h2>O Que \u00e9 a Depila\u00e7\u00e3o do Bu\u00e7o?<\/h2>\n<p>A <strong>depila\u00e7\u00e3o do bu\u00e7o<\/strong> \u00e9 um procedimento est\u00e9tico muito procurado por quem deseja eliminar os pelos finos ou grossos que aparecem na regi\u00e3o acima dos l\u00e1bios, popularmente conhecida como &#8220;bigodinho&#8221;. Embora sejam naturais, esses pelos podem causar inc\u00f4modo est\u00e9tico, influenciando diretamente na autoestima e na sensa\u00e7\u00e3o de bem-estar.<\/p>\n<h2>Principais T\u00e9cnicas de Depila\u00e7\u00e3o do Bu\u00e7o<\/h2>\n<ul>\n<li><strong>Cera quente ou morna:<\/strong> A queridinha nos sal\u00f5es de beleza! A cera remove os pelos pela raiz, garantindo resultados duradouros (de tr\u00eas a quatro semanas). Esse m\u00e9todo ajuda a afinar os pelos ao longo do tempo.<\/li>\n<li><strong>Cera fria:<\/strong> Pr\u00e1tica e r\u00e1pida, \u00e9 uma op\u00e7\u00e3o para quem deseja fazer em casa. Pode ser um pouco mais desconfort\u00e1vel por aderir menos \u00e0 pele.<\/li>\n<li><strong>Pin\u00e7a:<\/strong> Ideal para remo\u00e7\u00e3o de fios mais resistentes ou para ajustes r\u00e1pidos entre uma depila\u00e7\u00e3o e outra.<\/li>\n<li><strong>Creme depilat\u00f3rio:<\/strong> Indicado para quem tem a pele sens\u00edvel. Age na superf\u00edcie, cortando o pelo sem arranc\u00e1-lo da raiz. O resultado dura menos, geralmente at\u00e9 uma semana.<\/li>\n<li><strong>L\u00e2mina:<\/strong> N\u00e3o \u00e9 muito recomendada, pois pode causar aspereza e crescimento mais espesso dos pelos, al\u00e9m de irrita\u00e7\u00f5es.<\/li>\n<li><strong>Depila\u00e7\u00e3o a laser:<\/strong> Tecnologia avan\u00e7ada que reduz o crescimento dos pelos gradativamente. \u00d3tima op\u00e7\u00e3o para quem busca resultados de longa dura\u00e7\u00e3o, mas exige sess\u00f5es regulares em cl\u00ednicas especializadas.<\/li>\n<\/ul>\n<h2>Cuidados Antes da Depila\u00e7\u00e3o do Bu\u00e7o<\/h2>\n<ul>\n<li><strong>Higienize a pele:<\/strong> Limpe bem o rosto para evitar a prolifera\u00e7\u00e3o de bact\u00e9rias e infec\u00e7\u00f5es.<\/li>\n<li><strong>Evite exposi\u00e7\u00e3o solar:<\/strong> A pele sens\u00edvel pode manchar caso seja exposta ao sol ap\u00f3s a depila\u00e7\u00e3o. Prefira hor\u00e1rios de menor intensidade solar.<\/li>\n<li><strong>Nada de hidratantes ou maquiagem:<\/strong> No dia da depila\u00e7\u00e3o, mantenha a regi\u00e3o livre de produtos que possam obstruir os poros.<\/li>\n<\/ul>\n<h2>Cuidados P\u00f3s-Depila\u00e7\u00e3o do Bu\u00e7o<\/h2>\n<ul>\n<li><strong>Use compressas geladas:<\/strong> Ajudam a acalmar a pele e reduzir vermelhid\u00e3o.<\/li>\n<li><strong>Aplique produtos calmantes:<\/strong> Lo\u00e7\u00f5es \u00e0 base de camomila ou aloe vera s\u00e3o excelentes aliadas.<\/li>\n<li><strong>Evite maquiagem nas primeiras 24 horas:<\/strong> Permite que os poros respirem e reduz o risco de irrita\u00e7\u00e3o.<\/li>\n<li><strong>N\u00e3o mexa ou esfolie a regi\u00e3o:<\/strong> Aguarde ao menos 48 horas antes de passar algum esfoliante na \u00e1rea depilada.<\/li>\n<li><strong>Proteja-se do sol:<\/strong> O uso de protetor solar facial \u00e9 fundamental para evitar manchas.<\/li>\n<\/ul>\n<h2>Perguntas Frequentes Sobre Depila\u00e7\u00e3o do Bu\u00e7o<\/h2>\n<h3>Depila\u00e7\u00e3o de bu\u00e7o d\u00f3i?<\/h3>\n<p>A <strong>sensa\u00e7\u00e3o de dor<\/strong> varia de pessoa para pessoa e do m\u00e9todo utilizado. A cera tende a causar mais desconforto, principalmente nas primeiras sess\u00f5es. M\u00e9todos como o creme depilat\u00f3rio costumam ser mais suaves, embora menos duradouros.<\/p>\n<h3>Quantos dias dura a depila\u00e7\u00e3o do bu\u00e7o?<\/h3>\n<p>Depende do m\u00e9todo escolhido. Com a cera, os efeitos podem durar at\u00e9 um m\u00eas. J\u00e1 com creme depilat\u00f3rio ou l\u00e2mina, os pelos costumam reaparecer ap\u00f3s uma semana.<\/p>\n<h3>Depila\u00e7\u00e3o do bu\u00e7o escurece a pele?<\/h3>\n<p>Se feita corretamente e com todos os cuidados de higiene e prote\u00e7\u00e3o, <strong>a depila\u00e7\u00e3o n\u00e3o escurece a pele<\/strong>. Por\u00e9m, exposi\u00e7\u00e3o solar sem protetor ou inflama\u00e7\u00f5es podem causar manchas. Sempre siga as recomenda\u00e7\u00f5es do seu esteticista.<\/p>\n<h2>Dicas Para uma Depila\u00e7\u00e3o do Bu\u00e7o Segura e Eficiente<\/h2>\n<ul>\n<li>Procure <strong>profissionais capacitados<\/strong> para evitar les\u00f5es ou alergias indesejadas.<\/li>\n<li>Prefira materiais descart\u00e1veis e esterilizados.<\/li>\n<li>Fa\u00e7a teste de alergia antes de utilizar novos produtos depilat\u00f3rios na face.<\/li>\n<li>Se for depilar em casa, siga todas as <strong>instru\u00e7\u00f5es da embalagem<\/strong> e higienize bem as m\u00e3os.<\/li>\n<\/ul>\n<h2>Conclus\u00e3o<\/h2>\n<p>A depila\u00e7\u00e3o de bu\u00e7o \u00e9 um procedimento simples e acess\u00edvel que proporciona muito mais do que uma pele lisinha: eleva a autoestima e contribui para o bem-estar. Com os <strong>cuidados adequados antes e depois<\/strong>, e a escolha do melhor m\u00e9todo para seu tipo de pele e sensibilidade, \u00e9 poss\u00edvel obter excelentes resultados sem riscos para a sua sa\u00fade.<\/p>\n<p><strong>Invista em voc\u00ea!<\/strong> Agende sua sess\u00e3o com um profissional qualificado ou siga as recomenda\u00e7\u00f5es de seguran\u00e7a se optar por vers\u00f5es caseiras, sempre pensando no cuidado e carinho com a sua pele.<\/p>\n<\/section>\n<footer>\n<p>Para mais dicas de beleza e cuidados com a pele, continue acompanhando nosso blog!<\/p>\n<\/footer>\n<\/article>\n","protected":false},"excerpt":{"rendered":"<p>Depila\u00e7\u00e3o de Bu\u00e7o: Tudo o Que Voc\u00ea Precisa Saber Para Uma Pele Lisa e Bem Cuidada O Que \u00e9 a Depila\u00e7\u00e3o do Bu\u00e7o? A depila\u00e7\u00e3o do bu\u00e7o \u00e9 um procedimento est\u00e9tico muito procurado por quem deseja eliminar os pelos finos ou grossos que aparecem na regi\u00e3o acima dos l\u00e1bios, popularmente conhecida como &#8220;bigodinho&#8221;. Embora sejam &hellip;<\/p>\n<p class=\"read-more\"> <a class=\"\" href=\"https:\/\/fernandadepilacao.com.br\/portal\/2025\/08\/guia-completo-de-depilacao-do-buco-tecnicas-cuidados-e-dicas-essenciais\/\"> <span class=\"screen-reader-text\">Guia Completo de Depila\u00e7\u00e3o do Bu\u00e7o: T\u00e9cnicas, Cuidados e Dicas Essenciais<\/span> Leia mais &raquo;<\/a><\/p>\n","protected":false},"author":1,"featured_media":363,"comment_status":"open","ping_status":"open","sticky":false,"template":"","format":"standard","meta":[],"categories":[15],"tags":[],"yoast_head":"<!-- This site is optimized with the Yoast SEO plugin v18.4.1 - https:\/\/yoast.com\/wordpress\/plugins\/seo\/ -->\n<title>Guia Completo de Depila\u00e7\u00e3o do Bu\u00e7o: T\u00e9cnicas, Cuidados e Dicas Essenciais - Fernanda Depila\u00e7\u00e3o<\/title>\n<meta name=\"robots\" content=\"index, follow, max-snippet:-1, max-image-preview:large, max-video-preview:-1\" \/>\n<link rel=\"canonical\" href=\"https:\/\/fernandadepilacao.com.br\/portal\/2025\/08\/guia-completo-de-depilacao-do-buco-tecnicas-cuidados-e-dicas-essenciais\/\" \/>\n<meta property=\"og:locale\" content=\"pt_BR\" \/>\n<meta property=\"og:type\" content=\"article\" \/>\n<meta property=\"og:title\" content=\"Guia Completo de Depila\u00e7\u00e3o do Bu\u00e7o: T\u00e9cnicas, Cuidados e Dicas Essenciais - Fernanda Depila\u00e7\u00e3o\" \/>\n<meta property=\"og:description\" content=\"Depila\u00e7\u00e3o de Bu\u00e7o: Tudo o Que Voc\u00ea Precisa Saber Para Uma Pele Lisa e Bem Cuidada O Que \u00e9 a Depila\u00e7\u00e3o do Bu\u00e7o? A depila\u00e7\u00e3o do bu\u00e7o \u00e9 um procedimento est\u00e9tico muito procurado por quem deseja eliminar os pelos finos ou grossos que aparecem na regi\u00e3o acima dos l\u00e1bios, popularmente conhecida como &#8220;bigodinho&#8221;. Embora sejam &hellip; Guia Completo de Depila\u00e7\u00e3o do Bu\u00e7o: T\u00e9cnicas, Cuidados e Dicas Essenciais Leia mais &raquo;\" \/>\n<meta property=\"og:url\" content=\"https:\/\/fernandadepilacao.com.br\/portal\/2025\/08\/guia-completo-de-depilacao-do-buco-tecnicas-cuidados-e-dicas-essenciais\/\" \/>\n<meta property=\"og:site_name\" content=\"Fernanda Depila\u00e7\u00e3o\" \/>\n<meta property=\"article:publisher\" content=\"https:\/\/www.facebook.com\/ferjobdepilacao\" \/>\n<meta property=\"article:published_time\" content=\"2025-08-10T03:00:58+00:00\" \/>\n<meta property=\"article:modified_time\" content=\"2025-08-10T09:00:18+00:00\" \/>\n<meta property=\"og:image\" content=\"https:\/\/fernandadepilacao.com.br\/portal\/wp-content\/uploads\/2025\/08\/20250810000055.png\" \/>\n\t<meta property=\"og:image:width\" content=\"500\" \/>\n\t<meta property=\"og:image:height\" content=\"500\" \/>\n\t<meta property=\"og:image:type\" content=\"image\/png\" \/>\n<meta name=\"twitter:card\" content=\"summary_large_image\" \/>\n<meta name=\"twitter:label1\" content=\"Escrito por\" \/>\n\t<meta name=\"twitter:data1\" content=\"fernandajob\" \/>\n\t<meta name=\"twitter:label2\" content=\"Est. tempo de leitura\" \/>\n\t<meta name=\"twitter:data2\" content=\"4 minutos\" \/>\n<script type=\"application\/ld+json\" class=\"yoast-schema-graph\">{\"@context\":\"https:\/\/schema.org\",\"@graph\":[{\"@type\":\"Organization\",\"@id\":\"https:\/\/fernandadepilacao.com.br\/portal\/#organization\",\"name\":\"Fernanda Depila\u00e7\u00e3o\",\"url\":\"https:\/\/fernandadepilacao.com.br\/portal\/\",\"sameAs\":[\"https:\/\/www.facebook.com\/ferjobdepilacao\",\"http:\/\/instagram.com\/fernanda_job\"],\"logo\":{\"@type\":\"ImageObject\",\"@id\":\"https:\/\/fernandadepilacao.com.br\/portal\/#logo\",\"inLanguage\":\"pt-BR\",\"url\":\"http:\/\/fernandadepilacao.com.br\/portal\/wp-content\/uploads\/2021\/03\/logo_fernanda.png\",\"contentUrl\":\"http:\/\/fernandadepilacao.com.br\/portal\/wp-content\/uploads\/2021\/03\/logo_fernanda.png\",\"width\":673,\"height\":688,\"caption\":\"Fernanda Depila\u00e7\u00e3o\"},\"image\":{\"@id\":\"https:\/\/fernandadepilacao.com.br\/portal\/#logo\"}},{\"@type\":\"WebSite\",\"@id\":\"https:\/\/fernandadepilacao.com.br\/portal\/#website\",\"url\":\"https:\/\/fernandadepilacao.com.br\/portal\/\",\"name\":\"Fernanda Depila\u00e7\u00e3o\",\"description\":\"\",\"publisher\":{\"@id\":\"https:\/\/fernandadepilacao.com.br\/portal\/#organization\"},\"potentialAction\":[{\"@type\":\"SearchAction\",\"target\":{\"@type\":\"EntryPoint\",\"urlTemplate\":\"https:\/\/fernandadepilacao.com.br\/portal\/?s={search_term_string}\"},\"query-input\":\"required name=search_term_string\"}],\"inLanguage\":\"pt-BR\"},{\"@type\":\"ImageObject\",\"@id\":\"https:\/\/fernandadepilacao.com.br\/portal\/2025\/08\/guia-completo-de-depilacao-do-buco-tecnicas-cuidados-e-dicas-essenciais\/#primaryimage\",\"inLanguage\":\"pt-BR\",\"url\":\"https:\/\/fernandadepilacao.com.br\/portal\/wp-content\/uploads\/2025\/08\/20250810000055.png\",\"contentUrl\":\"https:\/\/fernandadepilacao.com.br\/portal\/wp-content\/uploads\/2025\/08\/20250810000055.png\",\"width\":500,\"height\":500},{\"@type\":\"WebPage\",\"@id\":\"https:\/\/fernandadepilacao.com.br\/portal\/2025\/08\/guia-completo-de-depilacao-do-buco-tecnicas-cuidados-e-dicas-essenciais\/#webpage\",\"url\":\"https:\/\/fernandadepilacao.com.br\/portal\/2025\/08\/guia-completo-de-depilacao-do-buco-tecnicas-cuidados-e-dicas-essenciais\/\",\"name\":\"Guia Completo de Depila\u00e7\u00e3o do Bu\u00e7o: T\u00e9cnicas, Cuidados e Dicas Essenciais - Fernanda Depila\u00e7\u00e3o\",\"isPartOf\":{\"@id\":\"https:\/\/fernandadepilacao.com.br\/portal\/#website\"},\"primaryImageOfPage\":{\"@id\":\"https:\/\/fernandadepilacao.com.br\/portal\/2025\/08\/guia-completo-de-depilacao-do-buco-tecnicas-cuidados-e-dicas-essenciais\/#primaryimage\"},\"datePublished\":\"2025-08-10T03:00:58+00:00\",\"dateModified\":\"2025-08-10T09:00:18+00:00\",\"breadcrumb\":{\"@id\":\"https:\/\/fernandadepilacao.com.br\/portal\/2025\/08\/guia-completo-de-depilacao-do-buco-tecnicas-cuidados-e-dicas-essenciais\/#breadcrumb\"},\"inLanguage\":\"pt-BR\",\"potentialAction\":[{\"@type\":\"ReadAction\",\"target\":[\"https:\/\/fernandadepilacao.com.br\/portal\/2025\/08\/guia-completo-de-depilacao-do-buco-tecnicas-cuidados-e-dicas-essenciais\/\"]}]},{\"@type\":\"BreadcrumbList\",\"@id\":\"https:\/\/fernandadepilacao.com.br\/portal\/2025\/08\/guia-completo-de-depilacao-do-buco-tecnicas-cuidados-e-dicas-essenciais\/#breadcrumb\",\"itemListElement\":[{\"@type\":\"ListItem\",\"position\":1,\"name\":\"In\u00edcio\",\"item\":\"http:\/\/fernandadepilacao.com.br\/portal\/\"},{\"@type\":\"ListItem\",\"position\":2,\"name\":\"Guia Completo de Depila\u00e7\u00e3o do Bu\u00e7o: T\u00e9cnicas, Cuidados e Dicas Essenciais\"}]},{\"@type\":\"Article\",\"@id\":\"https:\/\/fernandadepilacao.com.br\/portal\/2025\/08\/guia-completo-de-depilacao-do-buco-tecnicas-cuidados-e-dicas-essenciais\/#article\",\"isPartOf\":{\"@id\":\"https:\/\/fernandadepilacao.com.br\/portal\/2025\/08\/guia-completo-de-depilacao-do-buco-tecnicas-cuidados-e-dicas-essenciais\/#webpage\"},\"author\":{\"@id\":\"https:\/\/fernandadepilacao.com.br\/portal\/#\/schema\/person\/d00644c3bbfd9fd17711767a3b1abbd0\"},\"headline\":\"Guia Completo de Depila\u00e7\u00e3o do Bu\u00e7o: T\u00e9cnicas, Cuidados e Dicas Essenciais\",\"datePublished\":\"2025-08-10T03:00:58+00:00\",\"dateModified\":\"2025-08-10T09:00:18+00:00\",\"mainEntityOfPage\":{\"@id\":\"https:\/\/fernandadepilacao.com.br\/portal\/2025\/08\/guia-completo-de-depilacao-do-buco-tecnicas-cuidados-e-dicas-essenciais\/#webpage\"},\"wordCount\":755,\"commentCount\":0,\"publisher\":{\"@id\":\"https:\/\/fernandadepilacao.com.br\/portal\/#organization\"},\"image\":{\"@id\":\"https:\/\/fernandadepilacao.com.br\/portal\/2025\/08\/guia-completo-de-depilacao-do-buco-tecnicas-cuidados-e-dicas-essenciais\/#primaryimage\"},\"thumbnailUrl\":\"https:\/\/fernandadepilacao.com.br\/portal\/wp-content\/uploads\/2025\/08\/20250810000055.png\",\"articleSection\":[\"Beleza\"],\"inLanguage\":\"pt-BR\",\"potentialAction\":[{\"@type\":\"CommentAction\",\"name\":\"Comment\",\"target\":[\"https:\/\/fernandadepilacao.com.br\/portal\/2025\/08\/guia-completo-de-depilacao-do-buco-tecnicas-cuidados-e-dicas-essenciais\/#respond\"]}]},{\"@type\":\"Person\",\"@id\":\"https:\/\/fernandadepilacao.com.br\/portal\/#\/schema\/person\/d00644c3bbfd9fd17711767a3b1abbd0\",\"name\":\"fernandajob\",\"image\":{\"@type\":\"ImageObject\",\"@id\":\"https:\/\/fernandadepilacao.com.br\/portal\/#personlogo\",\"inLanguage\":\"pt-BR\",\"url\":\"https:\/\/secure.gravatar.com\/avatar\/6c2268a68d69a325906fbdccd74b18e6?s=96&d=mm&r=g\",\"contentUrl\":\"https:\/\/secure.gravatar.com\/avatar\/6c2268a68d69a325906fbdccd74b18e6?s=96&d=mm&r=g\",\"caption\":\"fernandajob\"},\"sameAs\":[\"http:\/\/fernandadepilacao.com.br\/portal\"]}]}<\/script>\n<!-- \/ Yoast SEO plugin. -->","yoast_head_json":{"title":"Guia Completo de Depila\u00e7\u00e3o do Bu\u00e7o: T\u00e9cnicas, Cuidados e Dicas Essenciais - Fernanda Depila\u00e7\u00e3o","robots":{"index":"index","follow":"follow","max-snippet":"max-snippet:-1","max-image-preview":"max-image-preview:large","max-video-preview":"max-video-preview:-1"},"canonical":"https:\/\/fernandadepilacao.com.br\/portal\/2025\/08\/guia-completo-de-depilacao-do-buco-tecnicas-cuidados-e-dicas-essenciais\/","og_locale":"pt_BR","og_type":"article","og_title":"Guia Completo de Depila\u00e7\u00e3o do Bu\u00e7o: T\u00e9cnicas, Cuidados e Dicas Essenciais - Fernanda Depila\u00e7\u00e3o","og_description":"Depila\u00e7\u00e3o de Bu\u00e7o: Tudo o Que Voc\u00ea Precisa Saber Para Uma Pele Lisa e Bem Cuidada O Que \u00e9 a Depila\u00e7\u00e3o do Bu\u00e7o? A depila\u00e7\u00e3o do bu\u00e7o \u00e9 um procedimento est\u00e9tico muito procurado por quem deseja eliminar os pelos finos ou grossos que aparecem na regi\u00e3o acima dos l\u00e1bios, popularmente conhecida como &#8220;bigodinho&#8221;. Embora sejam &hellip; Guia Completo de Depila\u00e7\u00e3o do Bu\u00e7o: T\u00e9cnicas, Cuidados e Dicas Essenciais Leia mais &raquo;","og_url":"https:\/\/fernandadepilacao.com.br\/portal\/2025\/08\/guia-completo-de-depilacao-do-buco-tecnicas-cuidados-e-dicas-essenciais\/","og_site_name":"Fernanda Depila\u00e7\u00e3o","article_publisher":"https:\/\/www.facebook.com\/ferjobdepilacao","article_published_time":"2025-08-10T03:00:58+00:00","article_modified_time":"2025-08-10T09:00:18+00:00","og_image":[{"width":500,"height":500,"url":"https:\/\/fernandadepilacao.com.br\/portal\/wp-content\/uploads\/2025\/08\/20250810000055.png","type":"image\/png"}],"twitter_card":"summary_large_image","twitter_misc":{"Escrito por":"fernandajob","Est. tempo de leitura":"4 minutos"},"schema":{"@context":"https:\/\/schema.org","@graph":[{"@type":"Organization","@id":"https:\/\/fernandadepilacao.com.br\/portal\/#organization","name":"Fernanda Depila\u00e7\u00e3o","url":"https:\/\/fernandadepilacao.com.br\/portal\/","sameAs":["https:\/\/www.facebook.com\/ferjobdepilacao","http:\/\/instagram.com\/fernanda_job"],"logo":{"@type":"ImageObject","@id":"https:\/\/fernandadepilacao.com.br\/portal\/#logo","inLanguage":"pt-BR","url":"http:\/\/fernandadepilacao.com.br\/portal\/wp-content\/uploads\/2021\/03\/logo_fernanda.png","contentUrl":"http:\/\/fernandadepilacao.com.br\/portal\/wp-content\/uploads\/2021\/03\/logo_fernanda.png","width":673,"height":688,"caption":"Fernanda Depila\u00e7\u00e3o"},"image":{"@id":"https:\/\/fernandadepilacao.com.br\/portal\/#logo"}},{"@type":"WebSite","@id":"https:\/\/fernandadepilacao.com.br\/portal\/#website","url":"https:\/\/fernandadepilacao.com.br\/portal\/","name":"Fernanda Depila\u00e7\u00e3o","description":"","publisher":{"@id":"https:\/\/fernandadepilacao.com.br\/portal\/#organization"},"potentialAction":[{"@type":"SearchAction","target":{"@type":"EntryPoint","urlTemplate":"https:\/\/fernandadepilacao.com.br\/portal\/?s={search_term_string}"},"query-input":"required name=search_term_string"}],"inLanguage":"pt-BR"},{"@type":"ImageObject","@id":"https:\/\/fernandadepilacao.com.br\/portal\/2025\/08\/guia-completo-de-depilacao-do-buco-tecnicas-cuidados-e-dicas-essenciais\/#primaryimage","inLanguage":"pt-BR","url":"https:\/\/fernandadepilacao.com.br\/portal\/wp-content\/uploads\/2025\/08\/20250810000055.png","contentUrl":"https:\/\/fernandadepilacao.com.br\/portal\/wp-content\/uploads\/2025\/08\/20250810000055.png","width":500,"height":500},{"@type":"WebPage","@id":"https:\/\/fernandadepilacao.com.br\/portal\/2025\/08\/guia-completo-de-depilacao-do-buco-tecnicas-cuidados-e-dicas-essenciais\/#webpage","url":"https:\/\/fernandadepilacao.com.br\/portal\/2025\/08\/guia-completo-de-depilacao-do-buco-tecnicas-cuidados-e-dicas-essenciais\/","name":"Guia Completo de Depila\u00e7\u00e3o do Bu\u00e7o: T\u00e9cnicas, Cuidados e Dicas Essenciais - Fernanda Depila\u00e7\u00e3o","isPartOf":{"@id":"https:\/\/fernandadepilacao.com.br\/portal\/#website"},"primaryImageOfPage":{"@id":"https:\/\/fernandadepilacao.com.br\/portal\/2025\/08\/guia-completo-de-depilacao-do-buco-tecnicas-cuidados-e-dicas-essenciais\/#primaryimage"},"datePublished":"2025-08-10T03:00:58+00:00","dateModified":"2025-08-10T09:00:18+00:00","breadcrumb":{"@id":"https:\/\/fernandadepilacao.com.br\/portal\/2025\/08\/guia-completo-de-depilacao-do-buco-tecnicas-cuidados-e-dicas-essenciais\/#breadcrumb"},"inLanguage":"pt-BR","potentialAction":[{"@type":"ReadAction","target":["https:\/\/fernandadepilacao.com.br\/portal\/2025\/08\/guia-completo-de-depilacao-do-buco-tecnicas-cuidados-e-dicas-essenciais\/"]}]},{"@type":"BreadcrumbList","@id":"https:\/\/fernandadepilacao.com.br\/portal\/2025\/08\/guia-completo-de-depilacao-do-buco-tecnicas-cuidados-e-dicas-essenciais\/#breadcrumb","itemListElement":[{"@type":"ListItem","position":1,"name":"In\u00edcio","item":"http:\/\/fernandadepilacao.com.br\/portal\/"},{"@type":"ListItem","position":2,"name":"Guia Completo de Depila\u00e7\u00e3o do Bu\u00e7o: T\u00e9cnicas, Cuidados e Dicas Essenciais"}]},{"@type":"Article","@id":"https:\/\/fernandadepilacao.com.br\/portal\/2025\/08\/guia-completo-de-depilacao-do-buco-tecnicas-cuidados-e-dicas-essenciais\/#article","isPartOf":{"@id":"https:\/\/fernandadepilacao.com.br\/portal\/2025\/08\/guia-completo-de-depilacao-do-buco-tecnicas-cuidados-e-dicas-essenciais\/#webpage"},"author":{"@id":"https:\/\/fernandadepilacao.com.br\/portal\/#\/schema\/person\/d00644c3bbfd9fd17711767a3b1abbd0"},"headline":"Guia Completo de Depila\u00e7\u00e3o do Bu\u00e7o: T\u00e9cnicas, Cuidados e Dicas Essenciais","datePublished":"2025-08-10T03:00:58+00:00","dateModified":"2025-08-10T09:00:18+00:00","mainEntityOfPage":{"@id":"https:\/\/fernandadepilacao.com.br\/portal\/2025\/08\/guia-completo-de-depilacao-do-buco-tecnicas-cuidados-e-dicas-essenciais\/#webpage"},"wordCount":755,"commentCount":0,"publisher":{"@id":"https:\/\/fernandadepilacao.com.br\/portal\/#organization"},"image":{"@id":"https:\/\/fernandadepilacao.com.br\/portal\/2025\/08\/guia-completo-de-depilacao-do-buco-tecnicas-cuidados-e-dicas-essenciais\/#primaryimage"},"thumbnailUrl":"https:\/\/fernandadepilacao.com.br\/portal\/wp-content\/uploads\/2025\/08\/20250810000055.png","articleSection":["Beleza"],"inLanguage":"pt-BR","potentialAction":[{"@type":"CommentAction","name":"Comment","target":["https:\/\/fernandadepilacao.com.br\/portal\/2025\/08\/guia-completo-de-depilacao-do-buco-tecnicas-cuidados-e-dicas-essenciais\/#respond"]}]},{"@type":"Person","@id":"https:\/\/fernandadepilacao.com.br\/portal\/#\/schema\/person\/d00644c3bbfd9fd17711767a3b1abbd0","name":"fernandajob","image":{"@type":"ImageObject","@id":"https:\/\/fernandadepilacao.com.br\/portal\/#personlogo","inLanguage":"pt-BR","url":"https:\/\/secure.gravatar.com\/avatar\/6c2268a68d69a325906fbdccd74b18e6?s=96&d=mm&r=g","contentUrl":"https:\/\/secure.gravatar.com\/avatar\/6c2268a68d69a325906fbdccd74b18e6?s=96&d=mm&r=g","caption":"fernandajob"},"sameAs":["http:\/\/fernandadepilacao.com.br\/portal"]}]}},"uagb_featured_image_src":{"full":["https:\/\/fernandadepilacao.com.br\/portal\/wp-content\/uploads\/2025\/08\/20250810000055.png",500,500,false],"thumbnail":["https:\/\/fernandadepilacao.com.br\/portal\/wp-content\/uploads\/2025\/08\/20250810000055-150x150.png",150,150,true],"medium":["https:\/\/fernandadepilacao.com.br\/portal\/wp-content\/uploads\/2025\/08\/20250810000055-300x300.png",300,300,true],"medium_large":["https:\/\/fernandadepilacao.com.br\/portal\/wp-content\/uploads\/2025\/08\/20250810000055.png",500,500,false],"large":["https:\/\/fernandadepilacao.com.br\/portal\/wp-content\/uploads\/2025\/08\/20250810000055.png",500,500,false],"1536x1536":["https:\/\/fernandadepilacao.com.br\/portal\/wp-content\/uploads\/2025\/08\/20250810000055.png",500,500,false],"2048x2048":["https:\/\/fernandadepilacao.com.br\/portal\/wp-content\/uploads\/2025\/08\/20250810000055.png",500,500,false]},"uagb_author_info":{"display_name":"fernandajob","author_link":"https:\/\/fernandadepilacao.com.br\/portal\/author\/fernandajob\/"},"uagb_comment_info":0,"uagb_excerpt":"Depila\u00e7\u00e3o de Bu\u00e7o: Tudo o Que Voc\u00ea Precisa Saber Para Uma Pele Lisa e Bem Cuidada O Que \u00e9 a Depila\u00e7\u00e3o do Bu\u00e7o? A depila\u00e7\u00e3o do bu\u00e7o \u00e9 um procedimento est\u00e9tico muito procurado por quem deseja eliminar os pelos finos ou grossos que aparecem na regi\u00e3o acima dos l\u00e1bios, popularmente conhecida como &#8220;bigodinho&#8221;. Embora sejam&hellip;","_links":{"self":[{"href":"https:\/\/fernandadepilacao.com.br\/portal\/wp-json\/wp\/v2\/posts\/364"}],"collection":[{"href":"https:\/\/fernandadepilacao.com.br\/portal\/wp-json\/wp\/v2\/posts"}],"about":[{"href":"https:\/\/fernandadepilacao.com.br\/portal\/wp-json\/wp\/v2\/types\/post"}],"author":[{"embeddable":true,"href":"https:\/\/fernandadepilacao.com.br\/portal\/wp-json\/wp\/v2\/users\/1"}],"replies":[{"embeddable":true,"href":"https:\/\/fernandadepilacao.com.br\/portal\/wp-json\/wp\/v2\/comments?post=364"}],"version-history":[{"count":1,"href":"https:\/\/fernandadepilacao.com.br\/portal\/wp-json\/wp\/v2\/posts\/364\/revisions"}],"predecessor-version":[{"id":365,"href":"https:\/\/fernandadepilacao.com.br\/portal\/wp-json\/wp\/v2\/posts\/364\/revisions\/365"}],"wp:featuredmedia":[{"embeddable":true,"href":"https:\/\/fernandadepilacao.com.br\/portal\/wp-json\/wp\/v2\/media\/363"}],"wp:attachment":[{"href":"https:\/\/fernandadepilacao.com.br\/portal\/wp-json\/wp\/v2\/media?parent=364"}],"wp:term":[{"taxonomy":"category","embeddable":true,"href":"https:\/\/fernandadepilacao.com.br\/portal\/wp-json\/wp\/v2\/categories?post=364"},{"taxonomy":"post_tag","embeddable":true,"href":"https:\/\/fernandadepilacao.com.br\/portal\/wp-json\/wp\/v2\/tags?post=364"}],"curies":[{"name":"wp","href":"https:\/\/api.w.org\/{rel}","templated":true}]}}