{"id":361,"date":"2025-08-09T16:01:05","date_gmt":"2025-08-09T19:01:05","guid":{"rendered":"https:\/\/fernandadepilacao.com.br\/portal\/2025\/08\/depilacao-masculina-tudo-o-que-homens-precisam-saber\/"},"modified":"2025-08-09T18:00:28","modified_gmt":"2025-08-09T21:00:28","slug":"depilacao-masculina-tudo-o-que-homens-precisam-saber","status":"publish","type":"post","link":"https:\/\/fernandadepilacao.com.br\/portal\/2025\/08\/depilacao-masculina-tudo-o-que-homens-precisam-saber\/","title":{"rendered":"Depila\u00e7\u00e3o Masculina: Tudo o que Homens Precisam Saber sobre T\u00e9cnicas, Cuidados e Benef\u00edcios"},"content":{"rendered":"<article>\n<header>\n<h1>Depila\u00e7\u00e3o Masculina: Guia Completo para Homens que Buscam Bem-Estar e Autocuidado<\/h1>\n<p>    <meta name=\"description\" content=\"Descubra tudo sobre depila\u00e7\u00e3o masculina: t\u00e9cnicas, dicas, cuidados antes e depois, mitos e verdades. Ideal para homens que buscam conforto, higiene e autoestima.\" \/><br \/>\n  <\/header>\n<section>\n<h2>Introdu\u00e7\u00e3o<\/h2>\n<p>Nos \u00faltimos anos, a <strong>depila\u00e7\u00e3o masculina<\/strong> deixou de ser tabu e se transformou em uma pr\u00e1tica comum entre homens que prezam por higiene, conforto e autoestima. Cada vez mais, o p\u00fablico masculino busca m\u00e9todos eficientes e seguros para depilar diversas regi\u00f5es do corpo, seja por motivos est\u00e9ticos, esportivos ou simplesmente para sentir-se melhor consigo mesmo. Este artigo traz informa\u00e7\u00f5es completas sobre depila\u00e7\u00e3o para homens, abordando t\u00e9cnicas, cuidados, benef\u00edcios e esclarecendo d\u00favidas frequentes. <\/p>\n<\/section>\n<section>\n<h2>Por que apostar na Depila\u00e7\u00e3o Masculina?<\/h2>\n<p><strong>Higiene<\/strong> e <strong>praticidade<\/strong> s\u00e3o alguns dos principais motivos que levam homens a procurar a depila\u00e7\u00e3o. Al\u00e9m disso, a aus\u00eancia de pelos pode proporcionar maior conforto t\u00e9rmico, especialmente para quem pratica esportes, reduz a prolifera\u00e7\u00e3o de bact\u00e9rias e evita odores desagrad\u00e1veis. Outro ponto importante \u00e9 a <strong>autoestima<\/strong>: sentir-se bem ao olhar no espelho \u00e9 fundamental para o equil\u00edbrio emocional.<\/p>\n<\/section>\n<section>\n<h2>M\u00e9todos de Depila\u00e7\u00e3o mais procurados por homens<\/h2>\n<ul>\n<li>\n        <strong>Depila\u00e7\u00e3o com cera<\/strong>: Um dos m\u00e9todos mais eficazes, antiquados e populares entre homens. A cera pode ser quente ou fria e remove os pelos pela raiz, proporcionando uma pele lisa por at\u00e9 4 semanas.\n      <\/li>\n<li>\n        <strong>Depila\u00e7\u00e3o a laser<\/strong>: Utilizada para a redu\u00e7\u00e3o definitiva dos pelos. Indicado para \u00e1reas como costas, peito e abd\u00f4men. O laser age diretamente no fol\u00edculo capilar, inibindo o crescimento dos pelos de forma gradual.\n      <\/li>\n<li>\n        <strong>Depila\u00e7\u00e3o com l\u00e2mina<\/strong>: M\u00e9todo r\u00e1pido e pr\u00e1tico, por\u00e9m, os pelos crescem rapidamente e h\u00e1 maior risco de irrita\u00e7\u00f5es e foliculite.\n      <\/li>\n<li>\n        <strong>Creme depilat\u00f3rio<\/strong>: Apresenta resultados imediatos, mas \u00e9 importante testar a sensibilidade da pele antes de aplicar. N\u00e3o recomendado para \u00e1reas \u00edntimas ou muito sens\u00edveis.\n      <\/li>\n<\/ul>\n<\/section>\n<section>\n<h2>Principais \u00c1reas Depiladas pelos Homens<\/h2>\n<p>A <strong>depila\u00e7\u00e3o masculina<\/strong> pode ser feita em praticamente todas as regi\u00f5es do corpo. As \u00e1reas mais comuns incluem:<\/p>\n<ul>\n<li>Peito e abd\u00f4men<\/li>\n<li>Costas e ombros<\/li>\n<li>Axilas<\/li>\n<li>Rosto (sobrancelhas, bochechas, orelhas, nariz)<\/li>\n<li>Pernas e bra\u00e7os<\/li>\n<li>Regi\u00e3o \u00edntima (virilha, p\u00fabis, gl\u00fateos)<\/li>\n<\/ul>\n<p>A escolha da \u00e1rea depende da prefer\u00eancia, desconforto causado pelos pelos e do objetivo (est\u00e9tico ou funcional).<\/p>\n<\/section>\n<section>\n<h2>Cuidados Antes e Depois da Depila\u00e7\u00e3o<\/h2>\n<h3>Antes do procedimento:<\/h3>\n<ul>\n<li>Mantenha a pele limpa e seca;<\/li>\n<li>Evite se expor ao sol ou \u00e0 piscina nas 24h anteriores, para minimizar o risco de irrita\u00e7\u00f5es;<\/li>\n<li>N\u00e3o utilize lo\u00e7\u00f5es alco\u00f3licas ou hidratantes nas horas que antecedem a depila\u00e7\u00e3o.<\/li>\n<\/ul>\n<h3>Depois do procedimento:<\/h3>\n<ul>\n<li>Use lo\u00e7\u00f5es calmantes e cremes hidratantes sem \u00e1lcool;<\/li>\n<li>Evite banhos quentes, saunas e atividades f\u00edsicas intensas por, pelo menos, 24 horas;<\/li>\n<li>Use protetor solar nas \u00e1reas expostas;<\/li>\n<li>Evite roupas muito justas no dia da depila\u00e7\u00e3o para n\u00e3o abafar a pele.<\/li>\n<\/ul>\n<p>O cuidado com a pele p\u00f3s-depilada \u00e9 essencial para evitar irrita\u00e7\u00f5es, alergias ou o surgimento de foliculite (inflama\u00e7\u00e3o nos fol\u00edculos pilosos).<\/p>\n<\/section>\n<section>\n<h2>Mitos e Verdades sobre Depila\u00e7\u00e3o Masculina<\/h2>\n<ul>\n<li><strong>A depila\u00e7\u00e3o faz os pelos crescerem mais grossos?<\/strong> &#8211; <em>Mito<\/em>. A espessura do pelo \u00e9 determinada geneticamente. O que muda, muitas vezes, \u00e9 a percep\u00e7\u00e3o devido ao corte reto que a l\u00e2mina faz.<\/li>\n<li><strong>A depila\u00e7\u00e3o causa dor?<\/strong> &#8211; <em>Verdade parcial<\/em>. Dependendo do m\u00e9todo empregado e da sensibilidade da pessoa, pode existir desconforto, mas t\u00e9cnicas e produtos modernos minimizam muito essa sensa\u00e7\u00e3o.<\/li>\n<li><strong>Homem n\u00e3o pode depilar a regi\u00e3o \u00edntima?<\/strong> &#8211; <em>Mito<\/em>. Com os cuidados certos e profissionais qualificados, a regi\u00e3o \u00edntima pode ser depilada com seguran\u00e7a.<\/li>\n<li><strong>Depilar aumenta o risco de infec\u00e7\u00f5es?<\/strong> &#8211; <em>Parcialmente verdadeiro<\/em> se n\u00e3o houver higieniza\u00e7\u00e3o adequada, mas seguindo as orienta\u00e7\u00f5es de limpeza e hidrata\u00e7\u00e3o as chances s\u00e3o m\u00ednimas.<\/li>\n<\/ul>\n<\/section>\n<section>\n<h2>Dicas para uma depila\u00e7\u00e3o masculina segura e eficaz<\/h2>\n<ul>\n<li>Procure sempre profissionais qualificados e espa\u00e7os com higiene impec\u00e1vel.<\/li>\n<li>Converse sobre suas expectativas e poss\u00edveis alergias antes do procedimento.<\/li>\n<li>Evite m\u00e9todos caseiros sem conhecimento t\u00e9cnico, especialmente em \u00e1reas sens\u00edveis.<\/li>\n<li>Ap\u00f3s a depila\u00e7\u00e3o, redobre os cuidados com a pele para garantir uma recupera\u00e7\u00e3o r\u00e1pida e saud\u00e1vel.<\/li>\n<\/ul>\n<\/section>\n<section>\n<h2>Conclus\u00e3o<\/h2>\n<p>A <strong>depila\u00e7\u00e3o masculina<\/strong> \u00e9 um gesto de autocuidado que s\u00f3 traz benef\u00edcios quando realizada com as t\u00e9cnicas corretas e os devidos cuidados. Independentemente do m\u00e9todo escolhido, o mais importante \u00e9 respeitar seus limites e buscar sempre o bem-estar. Para os homens, depilar-se pode ser sin\u00f4nimo de mais conforto, higiene, autoestima elevada e qualidade de vida. N\u00e3o existe certo ou errado, mas sim o que faz voc\u00ea se sentir melhor!<\/p>\n<\/section>\n<footer>\n<p><small>Palavras-chave: depila\u00e7\u00e3o masculina, depila\u00e7\u00e3o a laser masculina, depila\u00e7\u00e3o \u00edntima masculina, depila\u00e7\u00e3o com cera, cuidados com a pele masculina, foliculite, m\u00e9todos de depila\u00e7\u00e3o para homens.<\/small><\/p>\n<\/footer>\n<\/article>\n","protected":false},"excerpt":{"rendered":"<p>Depila\u00e7\u00e3o Masculina: Guia Completo para Homens que Buscam Bem-Estar e Autocuidado Introdu\u00e7\u00e3o Nos \u00faltimos anos, a depila\u00e7\u00e3o masculina deixou de ser tabu e se transformou em uma pr\u00e1tica comum entre homens que prezam por higiene, conforto e autoestima. Cada vez mais, o p\u00fablico masculino busca m\u00e9todos eficientes e seguros para depilar diversas regi\u00f5es do corpo, &hellip;<\/p>\n<p class=\"read-more\"> <a class=\"\" href=\"https:\/\/fernandadepilacao.com.br\/portal\/2025\/08\/depilacao-masculina-tudo-o-que-homens-precisam-saber\/\"> <span class=\"screen-reader-text\">Depila\u00e7\u00e3o Masculina: Tudo o que Homens Precisam Saber sobre T\u00e9cnicas, Cuidados e Benef\u00edcios<\/span> Leia mais &raquo;<\/a><\/p>\n","protected":false},"author":1,"featured_media":360,"comment_status":"open","ping_status":"open","sticky":false,"template":"","format":"standard","meta":[],"categories":[15],"tags":[],"yoast_head":"<!-- This site is optimized with the Yoast SEO plugin v18.4.1 - https:\/\/yoast.com\/wordpress\/plugins\/seo\/ -->\n<title>Depila\u00e7\u00e3o Masculina: Tudo o que Homens Precisam Saber sobre T\u00e9cnicas, Cuidados e Benef\u00edcios - Fernanda Depila\u00e7\u00e3o<\/title>\n<meta name=\"robots\" content=\"index, follow, max-snippet:-1, max-image-preview:large, max-video-preview:-1\" \/>\n<link rel=\"canonical\" href=\"https:\/\/fernandadepilacao.com.br\/portal\/2025\/08\/depilacao-masculina-tudo-o-que-homens-precisam-saber\/\" \/>\n<meta property=\"og:locale\" content=\"pt_BR\" \/>\n<meta property=\"og:type\" content=\"article\" \/>\n<meta property=\"og:title\" content=\"Depila\u00e7\u00e3o Masculina: Tudo o que Homens Precisam Saber sobre T\u00e9cnicas, Cuidados e Benef\u00edcios - Fernanda Depila\u00e7\u00e3o\" \/>\n<meta property=\"og:description\" content=\"Depila\u00e7\u00e3o Masculina: Guia Completo para Homens que Buscam Bem-Estar e Autocuidado Introdu\u00e7\u00e3o Nos \u00faltimos anos, a depila\u00e7\u00e3o masculina deixou de ser tabu e se transformou em uma pr\u00e1tica comum entre homens que prezam por higiene, conforto e autoestima. Cada vez mais, o p\u00fablico masculino busca m\u00e9todos eficientes e seguros para depilar diversas regi\u00f5es do corpo, &hellip; Depila\u00e7\u00e3o Masculina: Tudo o que Homens Precisam Saber sobre T\u00e9cnicas, Cuidados e Benef\u00edcios Leia mais &raquo;\" \/>\n<meta property=\"og:url\" content=\"https:\/\/fernandadepilacao.com.br\/portal\/2025\/08\/depilacao-masculina-tudo-o-que-homens-precisam-saber\/\" \/>\n<meta property=\"og:site_name\" content=\"Fernanda Depila\u00e7\u00e3o\" \/>\n<meta property=\"article:publisher\" content=\"https:\/\/www.facebook.com\/ferjobdepilacao\" \/>\n<meta property=\"article:published_time\" content=\"2025-08-09T19:01:05+00:00\" \/>\n<meta property=\"article:modified_time\" content=\"2025-08-09T21:00:28+00:00\" \/>\n<meta property=\"og:image\" content=\"https:\/\/fernandadepilacao.com.br\/portal\/wp-content\/uploads\/2025\/08\/20250809160101.png\" \/>\n\t<meta property=\"og:image:width\" content=\"500\" \/>\n\t<meta property=\"og:image:height\" content=\"500\" \/>\n\t<meta property=\"og:image:type\" content=\"image\/png\" \/>\n<meta name=\"twitter:card\" content=\"summary_large_image\" \/>\n<meta name=\"twitter:label1\" content=\"Escrito por\" \/>\n\t<meta name=\"twitter:data1\" content=\"fernandajob\" \/>\n\t<meta name=\"twitter:label2\" content=\"Est. tempo de leitura\" \/>\n\t<meta name=\"twitter:data2\" content=\"4 minutos\" \/>\n<script type=\"application\/ld+json\" class=\"yoast-schema-graph\">{\"@context\":\"https:\/\/schema.org\",\"@graph\":[{\"@type\":\"Organization\",\"@id\":\"https:\/\/fernandadepilacao.com.br\/portal\/#organization\",\"name\":\"Fernanda Depila\u00e7\u00e3o\",\"url\":\"https:\/\/fernandadepilacao.com.br\/portal\/\",\"sameAs\":[\"https:\/\/www.facebook.com\/ferjobdepilacao\",\"http:\/\/instagram.com\/fernanda_job\"],\"logo\":{\"@type\":\"ImageObject\",\"@id\":\"https:\/\/fernandadepilacao.com.br\/portal\/#logo\",\"inLanguage\":\"pt-BR\",\"url\":\"http:\/\/fernandadepilacao.com.br\/portal\/wp-content\/uploads\/2021\/03\/logo_fernanda.png\",\"contentUrl\":\"http:\/\/fernandadepilacao.com.br\/portal\/wp-content\/uploads\/2021\/03\/logo_fernanda.png\",\"width\":673,\"height\":688,\"caption\":\"Fernanda Depila\u00e7\u00e3o\"},\"image\":{\"@id\":\"https:\/\/fernandadepilacao.com.br\/portal\/#logo\"}},{\"@type\":\"WebSite\",\"@id\":\"https:\/\/fernandadepilacao.com.br\/portal\/#website\",\"url\":\"https:\/\/fernandadepilacao.com.br\/portal\/\",\"name\":\"Fernanda Depila\u00e7\u00e3o\",\"description\":\"\",\"publisher\":{\"@id\":\"https:\/\/fernandadepilacao.com.br\/portal\/#organization\"},\"potentialAction\":[{\"@type\":\"SearchAction\",\"target\":{\"@type\":\"EntryPoint\",\"urlTemplate\":\"https:\/\/fernandadepilacao.com.br\/portal\/?s={search_term_string}\"},\"query-input\":\"required name=search_term_string\"}],\"inLanguage\":\"pt-BR\"},{\"@type\":\"ImageObject\",\"@id\":\"https:\/\/fernandadepilacao.com.br\/portal\/2025\/08\/depilacao-masculina-tudo-o-que-homens-precisam-saber\/#primaryimage\",\"inLanguage\":\"pt-BR\",\"url\":\"https:\/\/fernandadepilacao.com.br\/portal\/wp-content\/uploads\/2025\/08\/20250809160101.png\",\"contentUrl\":\"https:\/\/fernandadepilacao.com.br\/portal\/wp-content\/uploads\/2025\/08\/20250809160101.png\",\"width\":500,\"height\":500},{\"@type\":\"WebPage\",\"@id\":\"https:\/\/fernandadepilacao.com.br\/portal\/2025\/08\/depilacao-masculina-tudo-o-que-homens-precisam-saber\/#webpage\",\"url\":\"https:\/\/fernandadepilacao.com.br\/portal\/2025\/08\/depilacao-masculina-tudo-o-que-homens-precisam-saber\/\",\"name\":\"Depila\u00e7\u00e3o Masculina: Tudo o que Homens Precisam Saber sobre T\u00e9cnicas, Cuidados e Benef\u00edcios - Fernanda Depila\u00e7\u00e3o\",\"isPartOf\":{\"@id\":\"https:\/\/fernandadepilacao.com.br\/portal\/#website\"},\"primaryImageOfPage\":{\"@id\":\"https:\/\/fernandadepilacao.com.br\/portal\/2025\/08\/depilacao-masculina-tudo-o-que-homens-precisam-saber\/#primaryimage\"},\"datePublished\":\"2025-08-09T19:01:05+00:00\",\"dateModified\":\"2025-08-09T21:00:28+00:00\",\"breadcrumb\":{\"@id\":\"https:\/\/fernandadepilacao.com.br\/portal\/2025\/08\/depilacao-masculina-tudo-o-que-homens-precisam-saber\/#breadcrumb\"},\"inLanguage\":\"pt-BR\",\"potentialAction\":[{\"@type\":\"ReadAction\",\"target\":[\"https:\/\/fernandadepilacao.com.br\/portal\/2025\/08\/depilacao-masculina-tudo-o-que-homens-precisam-saber\/\"]}]},{\"@type\":\"BreadcrumbList\",\"@id\":\"https:\/\/fernandadepilacao.com.br\/portal\/2025\/08\/depilacao-masculina-tudo-o-que-homens-precisam-saber\/#breadcrumb\",\"itemListElement\":[{\"@type\":\"ListItem\",\"position\":1,\"name\":\"In\u00edcio\",\"item\":\"http:\/\/fernandadepilacao.com.br\/portal\/\"},{\"@type\":\"ListItem\",\"position\":2,\"name\":\"Depila\u00e7\u00e3o Masculina: Tudo o que Homens Precisam Saber sobre T\u00e9cnicas, Cuidados e Benef\u00edcios\"}]},{\"@type\":\"Article\",\"@id\":\"https:\/\/fernandadepilacao.com.br\/portal\/2025\/08\/depilacao-masculina-tudo-o-que-homens-precisam-saber\/#article\",\"isPartOf\":{\"@id\":\"https:\/\/fernandadepilacao.com.br\/portal\/2025\/08\/depilacao-masculina-tudo-o-que-homens-precisam-saber\/#webpage\"},\"author\":{\"@id\":\"https:\/\/fernandadepilacao.com.br\/portal\/#\/schema\/person\/d00644c3bbfd9fd17711767a3b1abbd0\"},\"headline\":\"Depila\u00e7\u00e3o Masculina: Tudo o que Homens Precisam Saber sobre T\u00e9cnicas, Cuidados e Benef\u00edcios\",\"datePublished\":\"2025-08-09T19:01:05+00:00\",\"dateModified\":\"2025-08-09T21:00:28+00:00\",\"mainEntityOfPage\":{\"@id\":\"https:\/\/fernandadepilacao.com.br\/portal\/2025\/08\/depilacao-masculina-tudo-o-que-homens-precisam-saber\/#webpage\"},\"wordCount\":811,\"commentCount\":0,\"publisher\":{\"@id\":\"https:\/\/fernandadepilacao.com.br\/portal\/#organization\"},\"image\":{\"@id\":\"https:\/\/fernandadepilacao.com.br\/portal\/2025\/08\/depilacao-masculina-tudo-o-que-homens-precisam-saber\/#primaryimage\"},\"thumbnailUrl\":\"https:\/\/fernandadepilacao.com.br\/portal\/wp-content\/uploads\/2025\/08\/20250809160101.png\",\"articleSection\":[\"Beleza\"],\"inLanguage\":\"pt-BR\",\"potentialAction\":[{\"@type\":\"CommentAction\",\"name\":\"Comment\",\"target\":[\"https:\/\/fernandadepilacao.com.br\/portal\/2025\/08\/depilacao-masculina-tudo-o-que-homens-precisam-saber\/#respond\"]}]},{\"@type\":\"Person\",\"@id\":\"https:\/\/fernandadepilacao.com.br\/portal\/#\/schema\/person\/d00644c3bbfd9fd17711767a3b1abbd0\",\"name\":\"fernandajob\",\"image\":{\"@type\":\"ImageObject\",\"@id\":\"https:\/\/fernandadepilacao.com.br\/portal\/#personlogo\",\"inLanguage\":\"pt-BR\",\"url\":\"https:\/\/secure.gravatar.com\/avatar\/6c2268a68d69a325906fbdccd74b18e6?s=96&d=mm&r=g\",\"contentUrl\":\"https:\/\/secure.gravatar.com\/avatar\/6c2268a68d69a325906fbdccd74b18e6?s=96&d=mm&r=g\",\"caption\":\"fernandajob\"},\"sameAs\":[\"http:\/\/fernandadepilacao.com.br\/portal\"]}]}<\/script>\n<!-- \/ Yoast SEO plugin. -->","yoast_head_json":{"title":"Depila\u00e7\u00e3o Masculina: Tudo o que Homens Precisam Saber sobre T\u00e9cnicas, Cuidados e Benef\u00edcios - Fernanda Depila\u00e7\u00e3o","robots":{"index":"index","follow":"follow","max-snippet":"max-snippet:-1","max-image-preview":"max-image-preview:large","max-video-preview":"max-video-preview:-1"},"canonical":"https:\/\/fernandadepilacao.com.br\/portal\/2025\/08\/depilacao-masculina-tudo-o-que-homens-precisam-saber\/","og_locale":"pt_BR","og_type":"article","og_title":"Depila\u00e7\u00e3o Masculina: Tudo o que Homens Precisam Saber sobre T\u00e9cnicas, Cuidados e Benef\u00edcios - Fernanda Depila\u00e7\u00e3o","og_description":"Depila\u00e7\u00e3o Masculina: Guia Completo para Homens que Buscam Bem-Estar e Autocuidado Introdu\u00e7\u00e3o Nos \u00faltimos anos, a depila\u00e7\u00e3o masculina deixou de ser tabu e se transformou em uma pr\u00e1tica comum entre homens que prezam por higiene, conforto e autoestima. Cada vez mais, o p\u00fablico masculino busca m\u00e9todos eficientes e seguros para depilar diversas regi\u00f5es do corpo, &hellip; Depila\u00e7\u00e3o Masculina: Tudo o que Homens Precisam Saber sobre T\u00e9cnicas, Cuidados e Benef\u00edcios Leia mais &raquo;","og_url":"https:\/\/fernandadepilacao.com.br\/portal\/2025\/08\/depilacao-masculina-tudo-o-que-homens-precisam-saber\/","og_site_name":"Fernanda Depila\u00e7\u00e3o","article_publisher":"https:\/\/www.facebook.com\/ferjobdepilacao","article_published_time":"2025-08-09T19:01:05+00:00","article_modified_time":"2025-08-09T21:00:28+00:00","og_image":[{"width":500,"height":500,"url":"https:\/\/fernandadepilacao.com.br\/portal\/wp-content\/uploads\/2025\/08\/20250809160101.png","type":"image\/png"}],"twitter_card":"summary_large_image","twitter_misc":{"Escrito por":"fernandajob","Est. tempo de leitura":"4 minutos"},"schema":{"@context":"https:\/\/schema.org","@graph":[{"@type":"Organization","@id":"https:\/\/fernandadepilacao.com.br\/portal\/#organization","name":"Fernanda Depila\u00e7\u00e3o","url":"https:\/\/fernandadepilacao.com.br\/portal\/","sameAs":["https:\/\/www.facebook.com\/ferjobdepilacao","http:\/\/instagram.com\/fernanda_job"],"logo":{"@type":"ImageObject","@id":"https:\/\/fernandadepilacao.com.br\/portal\/#logo","inLanguage":"pt-BR","url":"http:\/\/fernandadepilacao.com.br\/portal\/wp-content\/uploads\/2021\/03\/logo_fernanda.png","contentUrl":"http:\/\/fernandadepilacao.com.br\/portal\/wp-content\/uploads\/2021\/03\/logo_fernanda.png","width":673,"height":688,"caption":"Fernanda Depila\u00e7\u00e3o"},"image":{"@id":"https:\/\/fernandadepilacao.com.br\/portal\/#logo"}},{"@type":"WebSite","@id":"https:\/\/fernandadepilacao.com.br\/portal\/#website","url":"https:\/\/fernandadepilacao.com.br\/portal\/","name":"Fernanda Depila\u00e7\u00e3o","description":"","publisher":{"@id":"https:\/\/fernandadepilacao.com.br\/portal\/#organization"},"potentialAction":[{"@type":"SearchAction","target":{"@type":"EntryPoint","urlTemplate":"https:\/\/fernandadepilacao.com.br\/portal\/?s={search_term_string}"},"query-input":"required name=search_term_string"}],"inLanguage":"pt-BR"},{"@type":"ImageObject","@id":"https:\/\/fernandadepilacao.com.br\/portal\/2025\/08\/depilacao-masculina-tudo-o-que-homens-precisam-saber\/#primaryimage","inLanguage":"pt-BR","url":"https:\/\/fernandadepilacao.com.br\/portal\/wp-content\/uploads\/2025\/08\/20250809160101.png","contentUrl":"https:\/\/fernandadepilacao.com.br\/portal\/wp-content\/uploads\/2025\/08\/20250809160101.png","width":500,"height":500},{"@type":"WebPage","@id":"https:\/\/fernandadepilacao.com.br\/portal\/2025\/08\/depilacao-masculina-tudo-o-que-homens-precisam-saber\/#webpage","url":"https:\/\/fernandadepilacao.com.br\/portal\/2025\/08\/depilacao-masculina-tudo-o-que-homens-precisam-saber\/","name":"Depila\u00e7\u00e3o Masculina: Tudo o que Homens Precisam Saber sobre T\u00e9cnicas, Cuidados e Benef\u00edcios - Fernanda Depila\u00e7\u00e3o","isPartOf":{"@id":"https:\/\/fernandadepilacao.com.br\/portal\/#website"},"primaryImageOfPage":{"@id":"https:\/\/fernandadepilacao.com.br\/portal\/2025\/08\/depilacao-masculina-tudo-o-que-homens-precisam-saber\/#primaryimage"},"datePublished":"2025-08-09T19:01:05+00:00","dateModified":"2025-08-09T21:00:28+00:00","breadcrumb":{"@id":"https:\/\/fernandadepilacao.com.br\/portal\/2025\/08\/depilacao-masculina-tudo-o-que-homens-precisam-saber\/#breadcrumb"},"inLanguage":"pt-BR","potentialAction":[{"@type":"ReadAction","target":["https:\/\/fernandadepilacao.com.br\/portal\/2025\/08\/depilacao-masculina-tudo-o-que-homens-precisam-saber\/"]}]},{"@type":"BreadcrumbList","@id":"https:\/\/fernandadepilacao.com.br\/portal\/2025\/08\/depilacao-masculina-tudo-o-que-homens-precisam-saber\/#breadcrumb","itemListElement":[{"@type":"ListItem","position":1,"name":"In\u00edcio","item":"http:\/\/fernandadepilacao.com.br\/portal\/"},{"@type":"ListItem","position":2,"name":"Depila\u00e7\u00e3o Masculina: Tudo o que Homens Precisam Saber sobre T\u00e9cnicas, Cuidados e Benef\u00edcios"}]},{"@type":"Article","@id":"https:\/\/fernandadepilacao.com.br\/portal\/2025\/08\/depilacao-masculina-tudo-o-que-homens-precisam-saber\/#article","isPartOf":{"@id":"https:\/\/fernandadepilacao.com.br\/portal\/2025\/08\/depilacao-masculina-tudo-o-que-homens-precisam-saber\/#webpage"},"author":{"@id":"https:\/\/fernandadepilacao.com.br\/portal\/#\/schema\/person\/d00644c3bbfd9fd17711767a3b1abbd0"},"headline":"Depila\u00e7\u00e3o Masculina: Tudo o que Homens Precisam Saber sobre T\u00e9cnicas, Cuidados e Benef\u00edcios","datePublished":"2025-08-09T19:01:05+00:00","dateModified":"2025-08-09T21:00:28+00:00","mainEntityOfPage":{"@id":"https:\/\/fernandadepilacao.com.br\/portal\/2025\/08\/depilacao-masculina-tudo-o-que-homens-precisam-saber\/#webpage"},"wordCount":811,"commentCount":0,"publisher":{"@id":"https:\/\/fernandadepilacao.com.br\/portal\/#organization"},"image":{"@id":"https:\/\/fernandadepilacao.com.br\/portal\/2025\/08\/depilacao-masculina-tudo-o-que-homens-precisam-saber\/#primaryimage"},"thumbnailUrl":"https:\/\/fernandadepilacao.com.br\/portal\/wp-content\/uploads\/2025\/08\/20250809160101.png","articleSection":["Beleza"],"inLanguage":"pt-BR","potentialAction":[{"@type":"CommentAction","name":"Comment","target":["https:\/\/fernandadepilacao.com.br\/portal\/2025\/08\/depilacao-masculina-tudo-o-que-homens-precisam-saber\/#respond"]}]},{"@type":"Person","@id":"https:\/\/fernandadepilacao.com.br\/portal\/#\/schema\/person\/d00644c3bbfd9fd17711767a3b1abbd0","name":"fernandajob","image":{"@type":"ImageObject","@id":"https:\/\/fernandadepilacao.com.br\/portal\/#personlogo","inLanguage":"pt-BR","url":"https:\/\/secure.gravatar.com\/avatar\/6c2268a68d69a325906fbdccd74b18e6?s=96&d=mm&r=g","contentUrl":"https:\/\/secure.gravatar.com\/avatar\/6c2268a68d69a325906fbdccd74b18e6?s=96&d=mm&r=g","caption":"fernandajob"},"sameAs":["http:\/\/fernandadepilacao.com.br\/portal"]}]}},"uagb_featured_image_src":{"full":["https:\/\/fernandadepilacao.com.br\/portal\/wp-content\/uploads\/2025\/08\/20250809160101.png",500,500,false],"thumbnail":["https:\/\/fernandadepilacao.com.br\/portal\/wp-content\/uploads\/2025\/08\/20250809160101-150x150.png",150,150,true],"medium":["https:\/\/fernandadepilacao.com.br\/portal\/wp-content\/uploads\/2025\/08\/20250809160101-300x300.png",300,300,true],"medium_large":["https:\/\/fernandadepilacao.com.br\/portal\/wp-content\/uploads\/2025\/08\/20250809160101.png",500,500,false],"large":["https:\/\/fernandadepilacao.com.br\/portal\/wp-content\/uploads\/2025\/08\/20250809160101.png",500,500,false],"1536x1536":["https:\/\/fernandadepilacao.com.br\/portal\/wp-content\/uploads\/2025\/08\/20250809160101.png",500,500,false],"2048x2048":["https:\/\/fernandadepilacao.com.br\/portal\/wp-content\/uploads\/2025\/08\/20250809160101.png",500,500,false]},"uagb_author_info":{"display_name":"fernandajob","author_link":"https:\/\/fernandadepilacao.com.br\/portal\/author\/fernandajob\/"},"uagb_comment_info":0,"uagb_excerpt":"Depila\u00e7\u00e3o Masculina: Guia Completo para Homens que Buscam Bem-Estar e Autocuidado Introdu\u00e7\u00e3o Nos \u00faltimos anos, a depila\u00e7\u00e3o masculina deixou de ser tabu e se transformou em uma pr\u00e1tica comum entre homens que prezam por higiene, conforto e autoestima. Cada vez mais, o p\u00fablico masculino busca m\u00e9todos eficientes e seguros para depilar diversas regi\u00f5es do corpo,&hellip;","_links":{"self":[{"href":"https:\/\/fernandadepilacao.com.br\/portal\/wp-json\/wp\/v2\/posts\/361"}],"collection":[{"href":"https:\/\/fernandadepilacao.com.br\/portal\/wp-json\/wp\/v2\/posts"}],"about":[{"href":"https:\/\/fernandadepilacao.com.br\/portal\/wp-json\/wp\/v2\/types\/post"}],"author":[{"embeddable":true,"href":"https:\/\/fernandadepilacao.com.br\/portal\/wp-json\/wp\/v2\/users\/1"}],"replies":[{"embeddable":true,"href":"https:\/\/fernandadepilacao.com.br\/portal\/wp-json\/wp\/v2\/comments?post=361"}],"version-history":[{"count":1,"href":"https:\/\/fernandadepilacao.com.br\/portal\/wp-json\/wp\/v2\/posts\/361\/revisions"}],"predecessor-version":[{"id":362,"href":"https:\/\/fernandadepilacao.com.br\/portal\/wp-json\/wp\/v2\/posts\/361\/revisions\/362"}],"wp:featuredmedia":[{"embeddable":true,"href":"https:\/\/fernandadepilacao.com.br\/portal\/wp-json\/wp\/v2\/media\/360"}],"wp:attachment":[{"href":"https:\/\/fernandadepilacao.com.br\/portal\/wp-json\/wp\/v2\/media?parent=361"}],"wp:term":[{"taxonomy":"category","embeddable":true,"href":"https:\/\/fernandadepilacao.com.br\/portal\/wp-json\/wp\/v2\/categories?post=361"},{"taxonomy":"post_tag","embeddable":true,"href":"https:\/\/fernandadepilacao.com.br\/portal\/wp-json\/wp\/v2\/tags?post=361"}],"curies":[{"name":"wp","href":"https:\/\/api.w.org\/{rel}","templated":true}]}}