{"id":1713,"date":"2026-05-03T08:01:25","date_gmt":"2026-05-03T11:01:25","guid":{"rendered":"https:\/\/fernandadepilacao.com.br\/portal\/2026\/05\/como-evitar-inflamacao-manchas-pelos-encravados-guia-cuidados-diarios\/"},"modified":"2026-05-03T08:01:26","modified_gmt":"2026-05-03T11:01:26","slug":"como-evitar-inflamacao-manchas-pelos-encravados-guia-cuidados-diarios","status":"publish","type":"post","link":"https:\/\/fernandadepilacao.com.br\/portal\/2026\/05\/como-evitar-inflamacao-manchas-pelos-encravados-guia-cuidados-diarios\/","title":{"rendered":"Como Evitar Inflama\u00e7\u00e3o e Manchas de Pelos Encravados: Guia de Cuidados Di\u00e1rios"},"content":{"rendered":"<article>\n<header>\n<h1>Cuidados Di\u00e1rios Para Evitar Inflama\u00e7\u00e3o e Manchas Decorrentes de Pelos Encravados<\/h1>\n<\/header>\n<section>\n<p>Ter a pele lisinha e saud\u00e1vel ap\u00f3s a depila\u00e7\u00e3o \u00e9 o desejo de muitas pessoas, mas, infelizmente, os <strong>pelos encravados<\/strong> podem atrapalhar esse sonho, causando <strong>inflama\u00e7\u00f5es<\/strong> e at\u00e9 manchas indesejadas. Mas sabia que, com alguns cuidados simples e di\u00e1rios, \u00e9 poss\u00edvel prevenir estes inc\u00f4modos e garantir uma pele bonita e bem cuidada?<\/p>\n<\/section>\n<section>\n<h2>O que s\u00e3o pelos encravados?<\/h2>\n<p>Os <strong>pelos encravados<\/strong> ocorrem quando o fio, ao crescer, n\u00e3o consegue atravessar a barreira da pele e acaba se curvando para dentro do fol\u00edculo. Na linguagem t\u00e9cnica, essa condi\u00e7\u00e3o \u00e9 chamada de <em>foliculite<\/em>, e pode vir acompanhada de vermelhid\u00e3o, dor, coceira, bolinhas e at\u00e9 forma\u00e7\u00e3o de p\u00fastulas (pontinhos de pus).<\/p>\n<\/section>\n<section>\n<h2>Consequ\u00eancias: inflama\u00e7\u00e3o e manchas na pele<\/h2>\n<p>A inflama\u00e7\u00e3o causada pelos <strong>pelos encravados<\/strong> n\u00e3o s\u00f3 \u00e9 desconfort\u00e1vel, mas pode deixar marcas escuras na pele, conhecidas como <strong>hiperpigmenta\u00e7\u00e3o<\/strong> p\u00f3s-inflamat\u00f3ria. Se o quadro se repete com frequ\u00eancia, a pele pode ficar manchada de maneira permanente, principalmente em \u00e1reas como virilha, axilas e pernas.<\/p>\n<\/section>\n<section>\n<h2>Principais causas dos pelos encravados<\/h2>\n<ul>\n<li>Depila\u00e7\u00e3o inadequada (l\u00e2minas cegas, ceras muito quentes, depila\u00e7\u00e3o a seco)<\/li>\n<li>Falta de esfolia\u00e7\u00e3o<\/li>\n<li>Uso de roupas muito justas<\/li>\n<li>Pele ressecada e pouco hidratada<\/li>\n<li>Condi\u00e7\u00f5es gen\u00e9ticas (pessoas com cabelos encaracolados t\u00eam maior tend\u00eancia aos encravamentos)<\/li>\n<\/ul>\n<\/section>\n<section>\n<h2>Cuidados di\u00e1rios para evitar inflama\u00e7\u00f5es e manchas<\/h2>\n<h3>1. Esfolia\u00e7\u00e3o suave e regular<\/h3>\n<p>Fa\u00e7a esfolia\u00e7\u00f5es leves de 1 a 2 vezes por semana. Isso elimina c\u00e9lulas mortas, desobstruindo os poros e facilitando a sa\u00edda dos pelos. D\u00ea prefer\u00eancia a esfoliantes pr\u00f3prios para cada regi\u00e3o do corpo (esfoliantes corporais para regi\u00f5es grossas, esfoliantes suaves para \u00e1reas delicadas como axilas e virilha).<\/p>\n<h3>2. Hidrata\u00e7\u00e3o \u00e9 fundamental<\/h3>\n<p>Mantenha a pele sempre bem hidratada. Produtos com ativos como <strong>ureia, aloe vera, pantenol e \u00f3leo de am\u00eandoas<\/strong> s\u00e3o \u00f3timas op\u00e7\u00f5es para recuperar a barreira cut\u00e2nea e deixar a pele mais flex\u00edvel para o crescimento do pelo.<\/p>\n<h3>3. Escolha adequada da t\u00e9cnica de depila\u00e7\u00e3o<\/h3>\n<p>Prefira m\u00e9todos que n\u00e3o agridem tanto a pele, como a <strong>depila\u00e7\u00e3o com cera morna<\/strong> ou <strong>depila\u00e7\u00e3o a laser<\/strong> (para quem busca solu\u00e7\u00f5es definitivas). Caso utilize l\u00e2mina, nunca depile a seco: amole\u00e7a os pelos com \u00e1gua morna e use gel de barbear.<\/p>\n<h3>4. Evite roupas apertadas ap\u00f3s a depila\u00e7\u00e3o<\/h3>\n<p>Ap\u00f3s a depila\u00e7\u00e3o, evite roupas muito justas, principalmente de tecidos sint\u00e9ticos. O atrito pode favorecer a inflama\u00e7\u00e3o e o encravamento dos pelos. D\u00ea prefer\u00eancia a tecidos de algod\u00e3o e roupas mais folgadas.<\/p>\n<h3>5. N\u00e3o manipule pelos encravados<\/h3>\n<p>Tentar remover os pelos encravados com as unhas ou objetos pontiagudos pode piorar a inflama\u00e7\u00e3o e causar manchas. Se o problema persistir, procure orienta\u00e7\u00e3o de um profissional.<\/p>\n<h3>6. Uso de produtos calmantes e anti-inflamat\u00f3rios<\/h3>\n<p>Ap\u00f3s a depila\u00e7\u00e3o, aplique lo\u00e7\u00f5es calmantes com <strong>camomila, cal\u00eandula ou azuleno<\/strong> para reduzir a vermelhid\u00e3o, acalmar a pele e prevenir a inflama\u00e7\u00e3o.<\/p>\n<\/section>\n<section>\n<h2>Quando procurar ajuda profissional?<\/h2>\n<p>Se mesmo seguindo as dicas acima voc\u00ea notar que os <strong>pelos encravados<\/strong> se tornam frequentes, ou surgirem les\u00f5es com pus, dor intensa ou manchas persistentes, procure orienta\u00e7\u00e3o de um(a) dermatologista ou profissional de est\u00e9tica especializado. O acompanhamento personalizado \u00e9 essencial para evitar complica\u00e7\u00f5es e orientar o melhor tratamento.<\/p>\n<\/section>\n<section>\n<h2>Perguntas Frequentes<\/h2>\n<ul>\n<li><strong>Posso esfoliar a pele todos os dias?<\/strong><br \/> N\u00e3o, a esfolia\u00e7\u00e3o di\u00e1ria pode agredir a pele e causar efeito rebote. O ideal \u00e9 manter a frequ\u00eancia de 1 a 2 vezes por semana.<\/li>\n<li><strong>Existe rem\u00e9dio caseiro para pelos encravados?<\/strong><br \/> Compressas de ch\u00e1 de camomila podem ajudar a acalmar a pele, mas evite receitas caseiras n\u00e3o recomendadas por especialistas.<\/li>\n<li><strong>Quanto tempo esperar para depilar de novo ap\u00f3s uma crise de foliculite?<\/strong><br \/> O ideal \u00e9 esperar a completa recupera\u00e7\u00e3o da pele, sem vermelhid\u00e3o ou dor, antes de realizar nova depila\u00e7\u00e3o.<\/li>\n<\/ul>\n<\/section>\n<section>\n<h2>Considera\u00e7\u00f5es finais<\/h2>\n<p>Prevenir <strong>pelos encravados<\/strong> exige cuidados di\u00e1rios e aten\u00e7\u00e3o \u00e0 sa\u00fade da pele. Incorpore essas dicas \u00e0 sua rotina e saiba que <strong>manter a pele hidratada, limpa e esfoliada s\u00e3o os principais segredos<\/strong> para acabar (ou ao menos minimizar) o problema dos encravamentos, inflama\u00e7\u00f5es e manchas p\u00f3s-depila\u00e7\u00e3o.<\/p>\n<p>Lembre-se: <strong>autocuidado \u00e9 sa\u00fade e autoestima!<\/strong><\/p>\n<\/section>\n<\/article>\n","protected":false},"excerpt":{"rendered":"<p>Cuidados Di\u00e1rios Para Evitar Inflama\u00e7\u00e3o e Manchas Decorrentes de Pelos Encravados Ter a pele lisinha e saud\u00e1vel ap\u00f3s a depila\u00e7\u00e3o \u00e9 o desejo de muitas pessoas, mas, infelizmente, os pelos encravados podem atrapalhar esse sonho, causando inflama\u00e7\u00f5es e at\u00e9 manchas indesejadas. Mas sabia que, com alguns cuidados simples e di\u00e1rios, \u00e9 poss\u00edvel prevenir estes inc\u00f4modos &hellip;<\/p>\n<p class=\"read-more\"> <a class=\"\" href=\"https:\/\/fernandadepilacao.com.br\/portal\/2026\/05\/como-evitar-inflamacao-manchas-pelos-encravados-guia-cuidados-diarios\/\"> <span class=\"screen-reader-text\">Como Evitar Inflama\u00e7\u00e3o e Manchas de Pelos Encravados: Guia de Cuidados Di\u00e1rios<\/span> Leia mais &raquo;<\/a><\/p>\n","protected":false},"author":1,"featured_media":1712,"comment_status":"open","ping_status":"open","sticky":false,"template":"","format":"standard","meta":[],"categories":[1],"tags":[],"yoast_head":"<!-- This site is optimized with the Yoast SEO plugin v18.4.1 - https:\/\/yoast.com\/wordpress\/plugins\/seo\/ -->\n<title>Como Evitar Inflama\u00e7\u00e3o e Manchas de Pelos Encravados: Guia de Cuidados Di\u00e1rios - Fernanda Depila\u00e7\u00e3o<\/title>\n<meta name=\"robots\" content=\"index, follow, max-snippet:-1, max-image-preview:large, max-video-preview:-1\" \/>\n<link rel=\"canonical\" href=\"https:\/\/fernandadepilacao.com.br\/portal\/2026\/05\/como-evitar-inflamacao-manchas-pelos-encravados-guia-cuidados-diarios\/\" \/>\n<meta property=\"og:locale\" content=\"pt_BR\" \/>\n<meta property=\"og:type\" content=\"article\" \/>\n<meta property=\"og:title\" content=\"Como Evitar Inflama\u00e7\u00e3o e Manchas de Pelos Encravados: Guia de Cuidados Di\u00e1rios - Fernanda Depila\u00e7\u00e3o\" \/>\n<meta property=\"og:description\" content=\"Cuidados Di\u00e1rios Para Evitar Inflama\u00e7\u00e3o e Manchas Decorrentes de Pelos Encravados Ter a pele lisinha e saud\u00e1vel ap\u00f3s a depila\u00e7\u00e3o \u00e9 o desejo de muitas pessoas, mas, infelizmente, os pelos encravados podem atrapalhar esse sonho, causando inflama\u00e7\u00f5es e at\u00e9 manchas indesejadas. Mas sabia que, com alguns cuidados simples e di\u00e1rios, \u00e9 poss\u00edvel prevenir estes inc\u00f4modos &hellip; Como Evitar Inflama\u00e7\u00e3o e Manchas de Pelos Encravados: Guia de Cuidados Di\u00e1rios Leia mais &raquo;\" \/>\n<meta property=\"og:url\" content=\"https:\/\/fernandadepilacao.com.br\/portal\/2026\/05\/como-evitar-inflamacao-manchas-pelos-encravados-guia-cuidados-diarios\/\" \/>\n<meta property=\"og:site_name\" content=\"Fernanda Depila\u00e7\u00e3o\" \/>\n<meta property=\"article:publisher\" content=\"https:\/\/www.facebook.com\/ferjobdepilacao\" \/>\n<meta property=\"article:published_time\" content=\"2026-05-03T11:01:25+00:00\" \/>\n<meta property=\"article:modified_time\" content=\"2026-05-03T11:01:26+00:00\" \/>\n<meta name=\"twitter:card\" content=\"summary_large_image\" \/>\n<meta name=\"twitter:label1\" content=\"Escrito por\" \/>\n\t<meta name=\"twitter:data1\" content=\"fernandajob\" \/>\n\t<meta name=\"twitter:label2\" content=\"Est. tempo de leitura\" \/>\n\t<meta name=\"twitter:data2\" content=\"4 minutos\" \/>\n<script type=\"application\/ld+json\" class=\"yoast-schema-graph\">{\"@context\":\"https:\/\/schema.org\",\"@graph\":[{\"@type\":\"Organization\",\"@id\":\"https:\/\/fernandadepilacao.com.br\/portal\/#organization\",\"name\":\"Fernanda Depila\u00e7\u00e3o\",\"url\":\"https:\/\/fernandadepilacao.com.br\/portal\/\",\"sameAs\":[\"https:\/\/www.facebook.com\/ferjobdepilacao\",\"http:\/\/instagram.com\/fernanda_job\"],\"logo\":{\"@type\":\"ImageObject\",\"@id\":\"https:\/\/fernandadepilacao.com.br\/portal\/#logo\",\"inLanguage\":\"pt-BR\",\"url\":\"http:\/\/fernandadepilacao.com.br\/portal\/wp-content\/uploads\/2021\/03\/logo_fernanda.png\",\"contentUrl\":\"http:\/\/fernandadepilacao.com.br\/portal\/wp-content\/uploads\/2021\/03\/logo_fernanda.png\",\"width\":673,\"height\":688,\"caption\":\"Fernanda Depila\u00e7\u00e3o\"},\"image\":{\"@id\":\"https:\/\/fernandadepilacao.com.br\/portal\/#logo\"}},{\"@type\":\"WebSite\",\"@id\":\"https:\/\/fernandadepilacao.com.br\/portal\/#website\",\"url\":\"https:\/\/fernandadepilacao.com.br\/portal\/\",\"name\":\"Fernanda Depila\u00e7\u00e3o\",\"description\":\"\",\"publisher\":{\"@id\":\"https:\/\/fernandadepilacao.com.br\/portal\/#organization\"},\"potentialAction\":[{\"@type\":\"SearchAction\",\"target\":{\"@type\":\"EntryPoint\",\"urlTemplate\":\"https:\/\/fernandadepilacao.com.br\/portal\/?s={search_term_string}\"},\"query-input\":\"required name=search_term_string\"}],\"inLanguage\":\"pt-BR\"},{\"@type\":\"ImageObject\",\"@id\":\"https:\/\/fernandadepilacao.com.br\/portal\/2026\/05\/como-evitar-inflamacao-manchas-pelos-encravados-guia-cuidados-diarios\/#primaryimage\",\"inLanguage\":\"pt-BR\",\"url\":\"https:\/\/fernandadepilacao.com.br\/portal\/wp-content\/uploads\/2026\/05\/20260503080121.png\",\"contentUrl\":\"https:\/\/fernandadepilacao.com.br\/portal\/wp-content\/uploads\/2026\/05\/20260503080121.png\",\"width\":500,\"height\":500},{\"@type\":\"WebPage\",\"@id\":\"https:\/\/fernandadepilacao.com.br\/portal\/2026\/05\/como-evitar-inflamacao-manchas-pelos-encravados-guia-cuidados-diarios\/#webpage\",\"url\":\"https:\/\/fernandadepilacao.com.br\/portal\/2026\/05\/como-evitar-inflamacao-manchas-pelos-encravados-guia-cuidados-diarios\/\",\"name\":\"Como Evitar Inflama\u00e7\u00e3o e Manchas de Pelos Encravados: Guia de Cuidados Di\u00e1rios - Fernanda Depila\u00e7\u00e3o\",\"isPartOf\":{\"@id\":\"https:\/\/fernandadepilacao.com.br\/portal\/#website\"},\"primaryImageOfPage\":{\"@id\":\"https:\/\/fernandadepilacao.com.br\/portal\/2026\/05\/como-evitar-inflamacao-manchas-pelos-encravados-guia-cuidados-diarios\/#primaryimage\"},\"datePublished\":\"2026-05-03T11:01:25+00:00\",\"dateModified\":\"2026-05-03T11:01:26+00:00\",\"breadcrumb\":{\"@id\":\"https:\/\/fernandadepilacao.com.br\/portal\/2026\/05\/como-evitar-inflamacao-manchas-pelos-encravados-guia-cuidados-diarios\/#breadcrumb\"},\"inLanguage\":\"pt-BR\",\"potentialAction\":[{\"@type\":\"ReadAction\",\"target\":[\"https:\/\/fernandadepilacao.com.br\/portal\/2026\/05\/como-evitar-inflamacao-manchas-pelos-encravados-guia-cuidados-diarios\/\"]}]},{\"@type\":\"BreadcrumbList\",\"@id\":\"https:\/\/fernandadepilacao.com.br\/portal\/2026\/05\/como-evitar-inflamacao-manchas-pelos-encravados-guia-cuidados-diarios\/#breadcrumb\",\"itemListElement\":[{\"@type\":\"ListItem\",\"position\":1,\"name\":\"In\u00edcio\",\"item\":\"http:\/\/fernandadepilacao.com.br\/portal\/\"},{\"@type\":\"ListItem\",\"position\":2,\"name\":\"Como Evitar Inflama\u00e7\u00e3o e Manchas de Pelos Encravados: Guia de Cuidados Di\u00e1rios\"}]},{\"@type\":\"Article\",\"@id\":\"https:\/\/fernandadepilacao.com.br\/portal\/2026\/05\/como-evitar-inflamacao-manchas-pelos-encravados-guia-cuidados-diarios\/#article\",\"isPartOf\":{\"@id\":\"https:\/\/fernandadepilacao.com.br\/portal\/2026\/05\/como-evitar-inflamacao-manchas-pelos-encravados-guia-cuidados-diarios\/#webpage\"},\"author\":{\"@id\":\"https:\/\/fernandadepilacao.com.br\/portal\/#\/schema\/person\/d00644c3bbfd9fd17711767a3b1abbd0\"},\"headline\":\"Como Evitar Inflama\u00e7\u00e3o e Manchas de Pelos Encravados: Guia de Cuidados Di\u00e1rios\",\"datePublished\":\"2026-05-03T11:01:25+00:00\",\"dateModified\":\"2026-05-03T11:01:26+00:00\",\"mainEntityOfPage\":{\"@id\":\"https:\/\/fernandadepilacao.com.br\/portal\/2026\/05\/como-evitar-inflamacao-manchas-pelos-encravados-guia-cuidados-diarios\/#webpage\"},\"wordCount\":745,\"commentCount\":0,\"publisher\":{\"@id\":\"https:\/\/fernandadepilacao.com.br\/portal\/#organization\"},\"image\":{\"@id\":\"https:\/\/fernandadepilacao.com.br\/portal\/2026\/05\/como-evitar-inflamacao-manchas-pelos-encravados-guia-cuidados-diarios\/#primaryimage\"},\"thumbnailUrl\":\"https:\/\/fernandadepilacao.com.br\/portal\/wp-content\/uploads\/2026\/05\/20260503080121.png\",\"inLanguage\":\"pt-BR\",\"potentialAction\":[{\"@type\":\"CommentAction\",\"name\":\"Comment\",\"target\":[\"https:\/\/fernandadepilacao.com.br\/portal\/2026\/05\/como-evitar-inflamacao-manchas-pelos-encravados-guia-cuidados-diarios\/#respond\"]}]},{\"@type\":\"Person\",\"@id\":\"https:\/\/fernandadepilacao.com.br\/portal\/#\/schema\/person\/d00644c3bbfd9fd17711767a3b1abbd0\",\"name\":\"fernandajob\",\"image\":{\"@type\":\"ImageObject\",\"@id\":\"https:\/\/fernandadepilacao.com.br\/portal\/#personlogo\",\"inLanguage\":\"pt-BR\",\"url\":\"https:\/\/secure.gravatar.com\/avatar\/6c2268a68d69a325906fbdccd74b18e6?s=96&d=mm&r=g\",\"contentUrl\":\"https:\/\/secure.gravatar.com\/avatar\/6c2268a68d69a325906fbdccd74b18e6?s=96&d=mm&r=g\",\"caption\":\"fernandajob\"},\"sameAs\":[\"http:\/\/fernandadepilacao.com.br\/portal\"]}]}<\/script>\n<!-- \/ Yoast SEO plugin. -->","yoast_head_json":{"title":"Como Evitar Inflama\u00e7\u00e3o e Manchas de Pelos Encravados: Guia de Cuidados Di\u00e1rios - Fernanda Depila\u00e7\u00e3o","robots":{"index":"index","follow":"follow","max-snippet":"max-snippet:-1","max-image-preview":"max-image-preview:large","max-video-preview":"max-video-preview:-1"},"canonical":"https:\/\/fernandadepilacao.com.br\/portal\/2026\/05\/como-evitar-inflamacao-manchas-pelos-encravados-guia-cuidados-diarios\/","og_locale":"pt_BR","og_type":"article","og_title":"Como Evitar Inflama\u00e7\u00e3o e Manchas de Pelos Encravados: Guia de Cuidados Di\u00e1rios - Fernanda Depila\u00e7\u00e3o","og_description":"Cuidados Di\u00e1rios Para Evitar Inflama\u00e7\u00e3o e Manchas Decorrentes de Pelos Encravados Ter a pele lisinha e saud\u00e1vel ap\u00f3s a depila\u00e7\u00e3o \u00e9 o desejo de muitas pessoas, mas, infelizmente, os pelos encravados podem atrapalhar esse sonho, causando inflama\u00e7\u00f5es e at\u00e9 manchas indesejadas. Mas sabia que, com alguns cuidados simples e di\u00e1rios, \u00e9 poss\u00edvel prevenir estes inc\u00f4modos &hellip; Como Evitar Inflama\u00e7\u00e3o e Manchas de Pelos Encravados: Guia de Cuidados Di\u00e1rios Leia mais &raquo;","og_url":"https:\/\/fernandadepilacao.com.br\/portal\/2026\/05\/como-evitar-inflamacao-manchas-pelos-encravados-guia-cuidados-diarios\/","og_site_name":"Fernanda Depila\u00e7\u00e3o","article_publisher":"https:\/\/www.facebook.com\/ferjobdepilacao","article_published_time":"2026-05-03T11:01:25+00:00","article_modified_time":"2026-05-03T11:01:26+00:00","twitter_card":"summary_large_image","twitter_misc":{"Escrito por":"fernandajob","Est. tempo de leitura":"4 minutos"},"schema":{"@context":"https:\/\/schema.org","@graph":[{"@type":"Organization","@id":"https:\/\/fernandadepilacao.com.br\/portal\/#organization","name":"Fernanda Depila\u00e7\u00e3o","url":"https:\/\/fernandadepilacao.com.br\/portal\/","sameAs":["https:\/\/www.facebook.com\/ferjobdepilacao","http:\/\/instagram.com\/fernanda_job"],"logo":{"@type":"ImageObject","@id":"https:\/\/fernandadepilacao.com.br\/portal\/#logo","inLanguage":"pt-BR","url":"http:\/\/fernandadepilacao.com.br\/portal\/wp-content\/uploads\/2021\/03\/logo_fernanda.png","contentUrl":"http:\/\/fernandadepilacao.com.br\/portal\/wp-content\/uploads\/2021\/03\/logo_fernanda.png","width":673,"height":688,"caption":"Fernanda Depila\u00e7\u00e3o"},"image":{"@id":"https:\/\/fernandadepilacao.com.br\/portal\/#logo"}},{"@type":"WebSite","@id":"https:\/\/fernandadepilacao.com.br\/portal\/#website","url":"https:\/\/fernandadepilacao.com.br\/portal\/","name":"Fernanda Depila\u00e7\u00e3o","description":"","publisher":{"@id":"https:\/\/fernandadepilacao.com.br\/portal\/#organization"},"potentialAction":[{"@type":"SearchAction","target":{"@type":"EntryPoint","urlTemplate":"https:\/\/fernandadepilacao.com.br\/portal\/?s={search_term_string}"},"query-input":"required name=search_term_string"}],"inLanguage":"pt-BR"},{"@type":"ImageObject","@id":"https:\/\/fernandadepilacao.com.br\/portal\/2026\/05\/como-evitar-inflamacao-manchas-pelos-encravados-guia-cuidados-diarios\/#primaryimage","inLanguage":"pt-BR","url":"https:\/\/fernandadepilacao.com.br\/portal\/wp-content\/uploads\/2026\/05\/20260503080121.png","contentUrl":"https:\/\/fernandadepilacao.com.br\/portal\/wp-content\/uploads\/2026\/05\/20260503080121.png","width":500,"height":500},{"@type":"WebPage","@id":"https:\/\/fernandadepilacao.com.br\/portal\/2026\/05\/como-evitar-inflamacao-manchas-pelos-encravados-guia-cuidados-diarios\/#webpage","url":"https:\/\/fernandadepilacao.com.br\/portal\/2026\/05\/como-evitar-inflamacao-manchas-pelos-encravados-guia-cuidados-diarios\/","name":"Como Evitar Inflama\u00e7\u00e3o e Manchas de Pelos Encravados: Guia de Cuidados Di\u00e1rios - Fernanda Depila\u00e7\u00e3o","isPartOf":{"@id":"https:\/\/fernandadepilacao.com.br\/portal\/#website"},"primaryImageOfPage":{"@id":"https:\/\/fernandadepilacao.com.br\/portal\/2026\/05\/como-evitar-inflamacao-manchas-pelos-encravados-guia-cuidados-diarios\/#primaryimage"},"datePublished":"2026-05-03T11:01:25+00:00","dateModified":"2026-05-03T11:01:26+00:00","breadcrumb":{"@id":"https:\/\/fernandadepilacao.com.br\/portal\/2026\/05\/como-evitar-inflamacao-manchas-pelos-encravados-guia-cuidados-diarios\/#breadcrumb"},"inLanguage":"pt-BR","potentialAction":[{"@type":"ReadAction","target":["https:\/\/fernandadepilacao.com.br\/portal\/2026\/05\/como-evitar-inflamacao-manchas-pelos-encravados-guia-cuidados-diarios\/"]}]},{"@type":"BreadcrumbList","@id":"https:\/\/fernandadepilacao.com.br\/portal\/2026\/05\/como-evitar-inflamacao-manchas-pelos-encravados-guia-cuidados-diarios\/#breadcrumb","itemListElement":[{"@type":"ListItem","position":1,"name":"In\u00edcio","item":"http:\/\/fernandadepilacao.com.br\/portal\/"},{"@type":"ListItem","position":2,"name":"Como Evitar Inflama\u00e7\u00e3o e Manchas de Pelos Encravados: Guia de Cuidados Di\u00e1rios"}]},{"@type":"Article","@id":"https:\/\/fernandadepilacao.com.br\/portal\/2026\/05\/como-evitar-inflamacao-manchas-pelos-encravados-guia-cuidados-diarios\/#article","isPartOf":{"@id":"https:\/\/fernandadepilacao.com.br\/portal\/2026\/05\/como-evitar-inflamacao-manchas-pelos-encravados-guia-cuidados-diarios\/#webpage"},"author":{"@id":"https:\/\/fernandadepilacao.com.br\/portal\/#\/schema\/person\/d00644c3bbfd9fd17711767a3b1abbd0"},"headline":"Como Evitar Inflama\u00e7\u00e3o e Manchas de Pelos Encravados: Guia de Cuidados Di\u00e1rios","datePublished":"2026-05-03T11:01:25+00:00","dateModified":"2026-05-03T11:01:26+00:00","mainEntityOfPage":{"@id":"https:\/\/fernandadepilacao.com.br\/portal\/2026\/05\/como-evitar-inflamacao-manchas-pelos-encravados-guia-cuidados-diarios\/#webpage"},"wordCount":745,"commentCount":0,"publisher":{"@id":"https:\/\/fernandadepilacao.com.br\/portal\/#organization"},"image":{"@id":"https:\/\/fernandadepilacao.com.br\/portal\/2026\/05\/como-evitar-inflamacao-manchas-pelos-encravados-guia-cuidados-diarios\/#primaryimage"},"thumbnailUrl":"https:\/\/fernandadepilacao.com.br\/portal\/wp-content\/uploads\/2026\/05\/20260503080121.png","inLanguage":"pt-BR","potentialAction":[{"@type":"CommentAction","name":"Comment","target":["https:\/\/fernandadepilacao.com.br\/portal\/2026\/05\/como-evitar-inflamacao-manchas-pelos-encravados-guia-cuidados-diarios\/#respond"]}]},{"@type":"Person","@id":"https:\/\/fernandadepilacao.com.br\/portal\/#\/schema\/person\/d00644c3bbfd9fd17711767a3b1abbd0","name":"fernandajob","image":{"@type":"ImageObject","@id":"https:\/\/fernandadepilacao.com.br\/portal\/#personlogo","inLanguage":"pt-BR","url":"https:\/\/secure.gravatar.com\/avatar\/6c2268a68d69a325906fbdccd74b18e6?s=96&d=mm&r=g","contentUrl":"https:\/\/secure.gravatar.com\/avatar\/6c2268a68d69a325906fbdccd74b18e6?s=96&d=mm&r=g","caption":"fernandajob"},"sameAs":["http:\/\/fernandadepilacao.com.br\/portal"]}]}},"uagb_featured_image_src":{"full":["https:\/\/fernandadepilacao.com.br\/portal\/wp-content\/uploads\/2026\/05\/20260503080121.png",500,500,false],"thumbnail":["https:\/\/fernandadepilacao.com.br\/portal\/wp-content\/uploads\/2026\/05\/20260503080121-150x150.png",150,150,true],"medium":["https:\/\/fernandadepilacao.com.br\/portal\/wp-content\/uploads\/2026\/05\/20260503080121-300x300.png",300,300,true],"medium_large":["https:\/\/fernandadepilacao.com.br\/portal\/wp-content\/uploads\/2026\/05\/20260503080121.png",500,500,false],"large":["https:\/\/fernandadepilacao.com.br\/portal\/wp-content\/uploads\/2026\/05\/20260503080121.png",500,500,false],"1536x1536":["https:\/\/fernandadepilacao.com.br\/portal\/wp-content\/uploads\/2026\/05\/20260503080121.png",500,500,false],"2048x2048":["https:\/\/fernandadepilacao.com.br\/portal\/wp-content\/uploads\/2026\/05\/20260503080121.png",500,500,false]},"uagb_author_info":{"display_name":"fernandajob","author_link":"https:\/\/fernandadepilacao.com.br\/portal\/author\/fernandajob\/"},"uagb_comment_info":0,"uagb_excerpt":"Cuidados Di\u00e1rios Para Evitar Inflama\u00e7\u00e3o e Manchas Decorrentes de Pelos Encravados Ter a pele lisinha e saud\u00e1vel ap\u00f3s a depila\u00e7\u00e3o \u00e9 o desejo de muitas pessoas, mas, infelizmente, os pelos encravados podem atrapalhar esse sonho, causando inflama\u00e7\u00f5es e at\u00e9 manchas indesejadas. Mas sabia que, com alguns cuidados simples e di\u00e1rios, \u00e9 poss\u00edvel prevenir estes inc\u00f4modos&hellip;","_links":{"self":[{"href":"https:\/\/fernandadepilacao.com.br\/portal\/wp-json\/wp\/v2\/posts\/1713"}],"collection":[{"href":"https:\/\/fernandadepilacao.com.br\/portal\/wp-json\/wp\/v2\/posts"}],"about":[{"href":"https:\/\/fernandadepilacao.com.br\/portal\/wp-json\/wp\/v2\/types\/post"}],"author":[{"embeddable":true,"href":"https:\/\/fernandadepilacao.com.br\/portal\/wp-json\/wp\/v2\/users\/1"}],"replies":[{"embeddable":true,"href":"https:\/\/fernandadepilacao.com.br\/portal\/wp-json\/wp\/v2\/comments?post=1713"}],"version-history":[{"count":1,"href":"https:\/\/fernandadepilacao.com.br\/portal\/wp-json\/wp\/v2\/posts\/1713\/revisions"}],"predecessor-version":[{"id":1714,"href":"https:\/\/fernandadepilacao.com.br\/portal\/wp-json\/wp\/v2\/posts\/1713\/revisions\/1714"}],"wp:featuredmedia":[{"embeddable":true,"href":"https:\/\/fernandadepilacao.com.br\/portal\/wp-json\/wp\/v2\/media\/1712"}],"wp:attachment":[{"href":"https:\/\/fernandadepilacao.com.br\/portal\/wp-json\/wp\/v2\/media?parent=1713"}],"wp:term":[{"taxonomy":"category","embeddable":true,"href":"https:\/\/fernandadepilacao.com.br\/portal\/wp-json\/wp\/v2\/categories?post=1713"},{"taxonomy":"post_tag","embeddable":true,"href":"https:\/\/fernandadepilacao.com.br\/portal\/wp-json\/wp\/v2\/tags?post=1713"}],"curies":[{"name":"wp","href":"https:\/\/api.w.org\/{rel}","templated":true}]}}