{"id":1689,"date":"2026-04-30T00:01:30","date_gmt":"2026-04-30T03:01:30","guid":{"rendered":"https:\/\/fernandadepilacao.com.br\/portal\/2026\/04\/os-melhores-produtos-para-acalmar-a-pele-apos-a-depilacao-da-virilha\/"},"modified":"2026-04-30T00:01:31","modified_gmt":"2026-04-30T03:01:31","slug":"os-melhores-produtos-para-acalmar-a-pele-apos-a-depilacao-da-virilha","status":"publish","type":"post","link":"https:\/\/fernandadepilacao.com.br\/portal\/2026\/04\/os-melhores-produtos-para-acalmar-a-pele-apos-a-depilacao-da-virilha\/","title":{"rendered":"Os Melhores Produtos para Acalmar a Pele Ap\u00f3s a Depila\u00e7\u00e3o da Virilha"},"content":{"rendered":"<article>\n<header>\n<h1>Produtos Recomendados para Acalmar a Pele Ap\u00f3s a Depila\u00e7\u00e3o da Virilha<\/h1>\n<p>    <meta name=\"description\" content=\"Descubra os melhores produtos para acalmar a pele ap\u00f3s a depila\u00e7\u00e3o da virilha, evitando irrita\u00e7\u00f5es, vermelhid\u00e3o e foliculite. Cuide do seu corpo com dicas de especialista em est\u00e9tica.\" \/><br \/>\n  <\/header>\n<section>\n<h2>Por que a pele da virilha precisa de cuidados especiais ap\u00f3s a depila\u00e7\u00e3o?<\/h2>\n<p>A regi\u00e3o da virilha possui uma pele delicada, com maior propens\u00e3o \u00e0 sensibiliza\u00e7\u00e3o, vermelhid\u00e3o e at\u00e9 foliculite (inflama\u00e7\u00e3o dos fol\u00edculos pilosos). Ao realizar a depila\u00e7\u00e3o com m\u00e9todos como cera quente, l\u00e2mina ou linha, a barreira de prote\u00e7\u00e3o natural do tecido cut\u00e2neo pode ficar fragilizada. Isso aumenta o risco de irrita\u00e7\u00e3o, coceira e at\u00e9 pequenas bolinhas ou manchas.<\/p>\n<p>Por esse motivo, \u00e9 fundamental investir em <strong>produtos para acalmar a pele ap\u00f3s a depila\u00e7\u00e3o da virilha<\/strong>, escolhendo op\u00e7\u00f5es que tragam conforto, restauram a hidrata\u00e7\u00e3o e protegem contra infec\u00e7\u00f5es.<\/p>\n<\/section>\n<section>\n<h2>Como escolher produtos calmantes ap\u00f3s a depila\u00e7\u00e3o da virilha?<\/h2>\n<ul>\n<li><strong>Texturas leves:<\/strong> Prefira lo\u00e7\u00f5es, g\u00e9is ou cremes de r\u00e1pida absor\u00e7\u00e3o para evitar sensa\u00e7\u00e3o pegajosa.<\/li>\n<li><strong>F\u00f3rmulas hipoalerg\u00eanicas:<\/strong> Ingredientes suaves reduzem o risco de alergias e contato com agentes irritantes.<\/li>\n<li><strong>Ativos calmantes:<\/strong> Aloe vera, camomila, cal\u00eandula, azuleno e pantenol s\u00e3o exemplos de componentes eficazes para acalmar a pele.<\/li>\n<li><strong>Evite \u00e1lcool e fragr\u00e2ncias artificiais:<\/strong> Subst\u00e2ncias alco\u00f3licas e perfumes sint\u00e9ticos podem piorar a sensibilidade local.<\/li>\n<\/ul>\n<\/section>\n<section>\n<h2>Top 5 produtos para acalmar a pele ap\u00f3s a depila\u00e7\u00e3o da virilha<\/h2>\n<ol>\n<li>\n        <strong>Gel de Aloe Vera Puro<\/strong><\/p>\n<p>O <b>aloe vera<\/b> \u00e9 conhecido por suas propriedades regeneradoras e cicatrizantes. Um gel puro de aloe vera natural acalma instantaneamente a pele, reduz a vermelhid\u00e3o e favorece a recupera\u00e7\u00e3o da \u00e1rea depilada.<\/p>\n<\/li>\n<li>\n        <strong>Lo\u00e7\u00e3o Calmante P\u00f3s-Depila\u00e7\u00e3o<\/strong><\/p>\n<p>Existem lo\u00e7\u00f5es especialmente formuladas como p\u00f3s-depilat\u00f3rio, com ingredientes como <b>camomila, azuleno<\/b> e <b>extrato de cal\u00eandula<\/b>. Elas ajudam a diminuir o desconforto, aliviando ard\u00eancia e coceira.<\/p>\n<\/li>\n<li>\n        <strong>\u00c1gua Termal<\/strong><\/p>\n<p>A <b>\u00e1gua termal<\/b> acalma e refresca a pele sens\u00edvel imediatamente ap\u00f3s a depila\u00e7\u00e3o. Rica em minerais e oligoelementos, ajuda a reduzir a ard\u00eancia e favorece a hidrata\u00e7\u00e3o natural do tecido.<\/p>\n<\/li>\n<li>\n        <strong>Pomada com Pantenol<\/strong><\/p>\n<p>O <b>pantenol<\/b> (Pr\u00f3-vitamina B5) estimula o processo de renova\u00e7\u00e3o celular e refor\u00e7a a barreira cut\u00e2nea. Pomadas de pantenol podem ser aplicadas em camadas finas para hidratar e proteger contra agress\u00f5es externas.<\/p>\n<\/li>\n<li>\n        <strong>S\u00e9rum de Cal\u00eandula ou Camomila<\/strong><\/p>\n<p>S\u00e9runs com extratos bot\u00e2nicos de <b>cal\u00eandula e camomila<\/b> oferecem a\u00e7\u00e3o anti-inflamat\u00f3ria e calmante, sendo ideais para quem tem pele muito sens\u00edvel ou hist\u00f3rico de alergias.<\/p>\n<\/li>\n<\/ol>\n<\/section>\n<section>\n<h2>Como aplicar corretamente os produtos p\u00f3s-depilat\u00f3rios?<\/h2>\n<p>Logo ap\u00f3s a depila\u00e7\u00e3o da virilha, higienize delicadamente a pele com \u00e1gua morna e sab\u00e3o neutro. Seque a regi\u00e3o com uma toalha macia, sem esfregar. Em seguida, aplique o produto calmante escolhido\u2014em pequena quantidade\u2014com movimentos suaves e circulares. Repita a aplica\u00e7\u00e3o de 2 a 3 vezes ao dia nas primeiras 24-48h, se necess\u00e1rio. Evite usar roupas apertadas ou sint\u00e9ticas ap\u00f3s a depila\u00e7\u00e3o, pois isso pode piorar o desconforto e causar atrito excessivo.<\/p>\n<\/section>\n<section>\n<h2>Dicas extras para evitar complica\u00e7\u00f5es ap\u00f3s depilar a virilha<\/h2>\n<ul>\n<li>N\u00e3o exponha a \u00e1rea depilada ao sol nas 24h seguintes para evitar manchas.<\/li>\n<li>Evite piscina, sauna ou banho muito quente por pelo menos 12 horas.<\/li>\n<li>Hidrate a pele diariamente para acelerar a regenera\u00e7\u00e3o.<\/li>\n<li>Evite co\u00e7ar ou esfoliar a \u00e1rea por, pelo menos, 3 dias ap\u00f3s a depila\u00e7\u00e3o.<\/li>\n<\/ul>\n<\/section>\n<section>\n<h2>Quando procurar ajuda profissional?<\/h2>\n<p>Se surgirem sinais de alergia intensa, incha\u00e7o, dor persistente, pus ou manchas escuras ap\u00f3s a depila\u00e7\u00e3o da virilha, \u00e9 fundamental buscar um dermatologista ou profissional de est\u00e9tica. Alguns quadros podem exigir tratamentos espec\u00edficos, como cremes antibi\u00f3ticos ou anti-inflamat\u00f3rios prescritos.<\/p>\n<\/section>\n<section>\n<h2>Conclus\u00e3o<\/h2>\n<p>Cuidar da pele ap\u00f3s a depila\u00e7\u00e3o da virilha \u00e9 essencial para evitar irrita\u00e7\u00f5es, foliculite e desconfortos indesejados. Escolha produtos calmantes indicados para a \u00e1rea sens\u00edvel, invista em f\u00f3rmulas naturais ou hipoalerg\u00eanicas e siga as recomenda\u00e7\u00f5es de aplica\u00e7\u00e3o. Assim, a depila\u00e7\u00e3o se torna um momento de autocuidado e bem-estar, com a pele sempre saud\u00e1vel e macia.<\/p>\n<p><strong>Palavras-chave:<\/strong> produtos para acalmar a pele ap\u00f3s depila\u00e7\u00e3o, depila\u00e7\u00e3o da virilha, lo\u00e7\u00e3o p\u00f3s-depila\u00e7\u00e3o, cuidados p\u00f3s-depila\u00e7\u00e3o, foliculite, aloe vera, cal\u00eandula, azuleno, pantenol.<\/p>\n<\/section>\n<\/article>\n","protected":false},"excerpt":{"rendered":"<p>Produtos Recomendados para Acalmar a Pele Ap\u00f3s a Depila\u00e7\u00e3o da Virilha Por que a pele da virilha precisa de cuidados especiais ap\u00f3s a depila\u00e7\u00e3o? A regi\u00e3o da virilha possui uma pele delicada, com maior propens\u00e3o \u00e0 sensibiliza\u00e7\u00e3o, vermelhid\u00e3o e at\u00e9 foliculite (inflama\u00e7\u00e3o dos fol\u00edculos pilosos). Ao realizar a depila\u00e7\u00e3o com m\u00e9todos como cera quente, l\u00e2mina &hellip;<\/p>\n<p class=\"read-more\"> <a class=\"\" href=\"https:\/\/fernandadepilacao.com.br\/portal\/2026\/04\/os-melhores-produtos-para-acalmar-a-pele-apos-a-depilacao-da-virilha\/\"> <span class=\"screen-reader-text\">Os Melhores Produtos para Acalmar a Pele Ap\u00f3s a Depila\u00e7\u00e3o da Virilha<\/span> Leia mais &raquo;<\/a><\/p>\n","protected":false},"author":1,"featured_media":1688,"comment_status":"open","ping_status":"open","sticky":false,"template":"","format":"standard","meta":[],"categories":[1],"tags":[],"yoast_head":"<!-- This site is optimized with the Yoast SEO plugin v18.4.1 - https:\/\/yoast.com\/wordpress\/plugins\/seo\/ -->\n<title>Os Melhores Produtos para Acalmar a Pele Ap\u00f3s a Depila\u00e7\u00e3o da Virilha - Fernanda Depila\u00e7\u00e3o<\/title>\n<meta name=\"robots\" content=\"index, follow, max-snippet:-1, max-image-preview:large, max-video-preview:-1\" \/>\n<link rel=\"canonical\" href=\"https:\/\/fernandadepilacao.com.br\/portal\/2026\/04\/os-melhores-produtos-para-acalmar-a-pele-apos-a-depilacao-da-virilha\/\" \/>\n<meta property=\"og:locale\" content=\"pt_BR\" \/>\n<meta property=\"og:type\" content=\"article\" \/>\n<meta property=\"og:title\" content=\"Os Melhores Produtos para Acalmar a Pele Ap\u00f3s a Depila\u00e7\u00e3o da Virilha - Fernanda Depila\u00e7\u00e3o\" \/>\n<meta property=\"og:description\" content=\"Produtos Recomendados para Acalmar a Pele Ap\u00f3s a Depila\u00e7\u00e3o da Virilha Por que a pele da virilha precisa de cuidados especiais ap\u00f3s a depila\u00e7\u00e3o? A regi\u00e3o da virilha possui uma pele delicada, com maior propens\u00e3o \u00e0 sensibiliza\u00e7\u00e3o, vermelhid\u00e3o e at\u00e9 foliculite (inflama\u00e7\u00e3o dos fol\u00edculos pilosos). Ao realizar a depila\u00e7\u00e3o com m\u00e9todos como cera quente, l\u00e2mina &hellip; Os Melhores Produtos para Acalmar a Pele Ap\u00f3s a Depila\u00e7\u00e3o da Virilha Leia mais &raquo;\" \/>\n<meta property=\"og:url\" content=\"https:\/\/fernandadepilacao.com.br\/portal\/2026\/04\/os-melhores-produtos-para-acalmar-a-pele-apos-a-depilacao-da-virilha\/\" \/>\n<meta property=\"og:site_name\" content=\"Fernanda Depila\u00e7\u00e3o\" \/>\n<meta property=\"article:publisher\" content=\"https:\/\/www.facebook.com\/ferjobdepilacao\" \/>\n<meta property=\"article:published_time\" content=\"2026-04-30T03:01:30+00:00\" \/>\n<meta property=\"article:modified_time\" content=\"2026-04-30T03:01:31+00:00\" \/>\n<meta name=\"twitter:card\" content=\"summary_large_image\" \/>\n<meta name=\"twitter:label1\" content=\"Escrito por\" \/>\n\t<meta name=\"twitter:data1\" content=\"fernandajob\" \/>\n\t<meta name=\"twitter:label2\" content=\"Est. tempo de leitura\" \/>\n\t<meta name=\"twitter:data2\" content=\"4 minutos\" \/>\n<script type=\"application\/ld+json\" class=\"yoast-schema-graph\">{\"@context\":\"https:\/\/schema.org\",\"@graph\":[{\"@type\":\"Organization\",\"@id\":\"https:\/\/fernandadepilacao.com.br\/portal\/#organization\",\"name\":\"Fernanda Depila\u00e7\u00e3o\",\"url\":\"https:\/\/fernandadepilacao.com.br\/portal\/\",\"sameAs\":[\"https:\/\/www.facebook.com\/ferjobdepilacao\",\"http:\/\/instagram.com\/fernanda_job\"],\"logo\":{\"@type\":\"ImageObject\",\"@id\":\"https:\/\/fernandadepilacao.com.br\/portal\/#logo\",\"inLanguage\":\"pt-BR\",\"url\":\"http:\/\/fernandadepilacao.com.br\/portal\/wp-content\/uploads\/2021\/03\/logo_fernanda.png\",\"contentUrl\":\"http:\/\/fernandadepilacao.com.br\/portal\/wp-content\/uploads\/2021\/03\/logo_fernanda.png\",\"width\":673,\"height\":688,\"caption\":\"Fernanda Depila\u00e7\u00e3o\"},\"image\":{\"@id\":\"https:\/\/fernandadepilacao.com.br\/portal\/#logo\"}},{\"@type\":\"WebSite\",\"@id\":\"https:\/\/fernandadepilacao.com.br\/portal\/#website\",\"url\":\"https:\/\/fernandadepilacao.com.br\/portal\/\",\"name\":\"Fernanda Depila\u00e7\u00e3o\",\"description\":\"\",\"publisher\":{\"@id\":\"https:\/\/fernandadepilacao.com.br\/portal\/#organization\"},\"potentialAction\":[{\"@type\":\"SearchAction\",\"target\":{\"@type\":\"EntryPoint\",\"urlTemplate\":\"https:\/\/fernandadepilacao.com.br\/portal\/?s={search_term_string}\"},\"query-input\":\"required name=search_term_string\"}],\"inLanguage\":\"pt-BR\"},{\"@type\":\"ImageObject\",\"@id\":\"https:\/\/fernandadepilacao.com.br\/portal\/2026\/04\/os-melhores-produtos-para-acalmar-a-pele-apos-a-depilacao-da-virilha\/#primaryimage\",\"inLanguage\":\"pt-BR\",\"url\":\"https:\/\/fernandadepilacao.com.br\/portal\/wp-content\/uploads\/2026\/04\/20260430000128.png\",\"contentUrl\":\"https:\/\/fernandadepilacao.com.br\/portal\/wp-content\/uploads\/2026\/04\/20260430000128.png\",\"width\":500,\"height\":500},{\"@type\":\"WebPage\",\"@id\":\"https:\/\/fernandadepilacao.com.br\/portal\/2026\/04\/os-melhores-produtos-para-acalmar-a-pele-apos-a-depilacao-da-virilha\/#webpage\",\"url\":\"https:\/\/fernandadepilacao.com.br\/portal\/2026\/04\/os-melhores-produtos-para-acalmar-a-pele-apos-a-depilacao-da-virilha\/\",\"name\":\"Os Melhores Produtos para Acalmar a Pele Ap\u00f3s a Depila\u00e7\u00e3o da Virilha - Fernanda Depila\u00e7\u00e3o\",\"isPartOf\":{\"@id\":\"https:\/\/fernandadepilacao.com.br\/portal\/#website\"},\"primaryImageOfPage\":{\"@id\":\"https:\/\/fernandadepilacao.com.br\/portal\/2026\/04\/os-melhores-produtos-para-acalmar-a-pele-apos-a-depilacao-da-virilha\/#primaryimage\"},\"datePublished\":\"2026-04-30T03:01:30+00:00\",\"dateModified\":\"2026-04-30T03:01:31+00:00\",\"breadcrumb\":{\"@id\":\"https:\/\/fernandadepilacao.com.br\/portal\/2026\/04\/os-melhores-produtos-para-acalmar-a-pele-apos-a-depilacao-da-virilha\/#breadcrumb\"},\"inLanguage\":\"pt-BR\",\"potentialAction\":[{\"@type\":\"ReadAction\",\"target\":[\"https:\/\/fernandadepilacao.com.br\/portal\/2026\/04\/os-melhores-produtos-para-acalmar-a-pele-apos-a-depilacao-da-virilha\/\"]}]},{\"@type\":\"BreadcrumbList\",\"@id\":\"https:\/\/fernandadepilacao.com.br\/portal\/2026\/04\/os-melhores-produtos-para-acalmar-a-pele-apos-a-depilacao-da-virilha\/#breadcrumb\",\"itemListElement\":[{\"@type\":\"ListItem\",\"position\":1,\"name\":\"In\u00edcio\",\"item\":\"http:\/\/fernandadepilacao.com.br\/portal\/\"},{\"@type\":\"ListItem\",\"position\":2,\"name\":\"Os Melhores Produtos para Acalmar a Pele Ap\u00f3s a Depila\u00e7\u00e3o da Virilha\"}]},{\"@type\":\"Article\",\"@id\":\"https:\/\/fernandadepilacao.com.br\/portal\/2026\/04\/os-melhores-produtos-para-acalmar-a-pele-apos-a-depilacao-da-virilha\/#article\",\"isPartOf\":{\"@id\":\"https:\/\/fernandadepilacao.com.br\/portal\/2026\/04\/os-melhores-produtos-para-acalmar-a-pele-apos-a-depilacao-da-virilha\/#webpage\"},\"author\":{\"@id\":\"https:\/\/fernandadepilacao.com.br\/portal\/#\/schema\/person\/d00644c3bbfd9fd17711767a3b1abbd0\"},\"headline\":\"Os Melhores Produtos para Acalmar a Pele Ap\u00f3s a Depila\u00e7\u00e3o da Virilha\",\"datePublished\":\"2026-04-30T03:01:30+00:00\",\"dateModified\":\"2026-04-30T03:01:31+00:00\",\"mainEntityOfPage\":{\"@id\":\"https:\/\/fernandadepilacao.com.br\/portal\/2026\/04\/os-melhores-produtos-para-acalmar-a-pele-apos-a-depilacao-da-virilha\/#webpage\"},\"wordCount\":726,\"commentCount\":0,\"publisher\":{\"@id\":\"https:\/\/fernandadepilacao.com.br\/portal\/#organization\"},\"image\":{\"@id\":\"https:\/\/fernandadepilacao.com.br\/portal\/2026\/04\/os-melhores-produtos-para-acalmar-a-pele-apos-a-depilacao-da-virilha\/#primaryimage\"},\"thumbnailUrl\":\"https:\/\/fernandadepilacao.com.br\/portal\/wp-content\/uploads\/2026\/04\/20260430000128.png\",\"inLanguage\":\"pt-BR\",\"potentialAction\":[{\"@type\":\"CommentAction\",\"name\":\"Comment\",\"target\":[\"https:\/\/fernandadepilacao.com.br\/portal\/2026\/04\/os-melhores-produtos-para-acalmar-a-pele-apos-a-depilacao-da-virilha\/#respond\"]}]},{\"@type\":\"Person\",\"@id\":\"https:\/\/fernandadepilacao.com.br\/portal\/#\/schema\/person\/d00644c3bbfd9fd17711767a3b1abbd0\",\"name\":\"fernandajob\",\"image\":{\"@type\":\"ImageObject\",\"@id\":\"https:\/\/fernandadepilacao.com.br\/portal\/#personlogo\",\"inLanguage\":\"pt-BR\",\"url\":\"https:\/\/secure.gravatar.com\/avatar\/6c2268a68d69a325906fbdccd74b18e6?s=96&d=mm&r=g\",\"contentUrl\":\"https:\/\/secure.gravatar.com\/avatar\/6c2268a68d69a325906fbdccd74b18e6?s=96&d=mm&r=g\",\"caption\":\"fernandajob\"},\"sameAs\":[\"http:\/\/fernandadepilacao.com.br\/portal\"]}]}<\/script>\n<!-- \/ Yoast SEO plugin. -->","yoast_head_json":{"title":"Os Melhores Produtos para Acalmar a Pele Ap\u00f3s a Depila\u00e7\u00e3o da Virilha - Fernanda Depila\u00e7\u00e3o","robots":{"index":"index","follow":"follow","max-snippet":"max-snippet:-1","max-image-preview":"max-image-preview:large","max-video-preview":"max-video-preview:-1"},"canonical":"https:\/\/fernandadepilacao.com.br\/portal\/2026\/04\/os-melhores-produtos-para-acalmar-a-pele-apos-a-depilacao-da-virilha\/","og_locale":"pt_BR","og_type":"article","og_title":"Os Melhores Produtos para Acalmar a Pele Ap\u00f3s a Depila\u00e7\u00e3o da Virilha - Fernanda Depila\u00e7\u00e3o","og_description":"Produtos Recomendados para Acalmar a Pele Ap\u00f3s a Depila\u00e7\u00e3o da Virilha Por que a pele da virilha precisa de cuidados especiais ap\u00f3s a depila\u00e7\u00e3o? A regi\u00e3o da virilha possui uma pele delicada, com maior propens\u00e3o \u00e0 sensibiliza\u00e7\u00e3o, vermelhid\u00e3o e at\u00e9 foliculite (inflama\u00e7\u00e3o dos fol\u00edculos pilosos). Ao realizar a depila\u00e7\u00e3o com m\u00e9todos como cera quente, l\u00e2mina &hellip; Os Melhores Produtos para Acalmar a Pele Ap\u00f3s a Depila\u00e7\u00e3o da Virilha Leia mais &raquo;","og_url":"https:\/\/fernandadepilacao.com.br\/portal\/2026\/04\/os-melhores-produtos-para-acalmar-a-pele-apos-a-depilacao-da-virilha\/","og_site_name":"Fernanda Depila\u00e7\u00e3o","article_publisher":"https:\/\/www.facebook.com\/ferjobdepilacao","article_published_time":"2026-04-30T03:01:30+00:00","article_modified_time":"2026-04-30T03:01:31+00:00","twitter_card":"summary_large_image","twitter_misc":{"Escrito por":"fernandajob","Est. tempo de leitura":"4 minutos"},"schema":{"@context":"https:\/\/schema.org","@graph":[{"@type":"Organization","@id":"https:\/\/fernandadepilacao.com.br\/portal\/#organization","name":"Fernanda Depila\u00e7\u00e3o","url":"https:\/\/fernandadepilacao.com.br\/portal\/","sameAs":["https:\/\/www.facebook.com\/ferjobdepilacao","http:\/\/instagram.com\/fernanda_job"],"logo":{"@type":"ImageObject","@id":"https:\/\/fernandadepilacao.com.br\/portal\/#logo","inLanguage":"pt-BR","url":"http:\/\/fernandadepilacao.com.br\/portal\/wp-content\/uploads\/2021\/03\/logo_fernanda.png","contentUrl":"http:\/\/fernandadepilacao.com.br\/portal\/wp-content\/uploads\/2021\/03\/logo_fernanda.png","width":673,"height":688,"caption":"Fernanda Depila\u00e7\u00e3o"},"image":{"@id":"https:\/\/fernandadepilacao.com.br\/portal\/#logo"}},{"@type":"WebSite","@id":"https:\/\/fernandadepilacao.com.br\/portal\/#website","url":"https:\/\/fernandadepilacao.com.br\/portal\/","name":"Fernanda Depila\u00e7\u00e3o","description":"","publisher":{"@id":"https:\/\/fernandadepilacao.com.br\/portal\/#organization"},"potentialAction":[{"@type":"SearchAction","target":{"@type":"EntryPoint","urlTemplate":"https:\/\/fernandadepilacao.com.br\/portal\/?s={search_term_string}"},"query-input":"required name=search_term_string"}],"inLanguage":"pt-BR"},{"@type":"ImageObject","@id":"https:\/\/fernandadepilacao.com.br\/portal\/2026\/04\/os-melhores-produtos-para-acalmar-a-pele-apos-a-depilacao-da-virilha\/#primaryimage","inLanguage":"pt-BR","url":"https:\/\/fernandadepilacao.com.br\/portal\/wp-content\/uploads\/2026\/04\/20260430000128.png","contentUrl":"https:\/\/fernandadepilacao.com.br\/portal\/wp-content\/uploads\/2026\/04\/20260430000128.png","width":500,"height":500},{"@type":"WebPage","@id":"https:\/\/fernandadepilacao.com.br\/portal\/2026\/04\/os-melhores-produtos-para-acalmar-a-pele-apos-a-depilacao-da-virilha\/#webpage","url":"https:\/\/fernandadepilacao.com.br\/portal\/2026\/04\/os-melhores-produtos-para-acalmar-a-pele-apos-a-depilacao-da-virilha\/","name":"Os Melhores Produtos para Acalmar a Pele Ap\u00f3s a Depila\u00e7\u00e3o da Virilha - Fernanda Depila\u00e7\u00e3o","isPartOf":{"@id":"https:\/\/fernandadepilacao.com.br\/portal\/#website"},"primaryImageOfPage":{"@id":"https:\/\/fernandadepilacao.com.br\/portal\/2026\/04\/os-melhores-produtos-para-acalmar-a-pele-apos-a-depilacao-da-virilha\/#primaryimage"},"datePublished":"2026-04-30T03:01:30+00:00","dateModified":"2026-04-30T03:01:31+00:00","breadcrumb":{"@id":"https:\/\/fernandadepilacao.com.br\/portal\/2026\/04\/os-melhores-produtos-para-acalmar-a-pele-apos-a-depilacao-da-virilha\/#breadcrumb"},"inLanguage":"pt-BR","potentialAction":[{"@type":"ReadAction","target":["https:\/\/fernandadepilacao.com.br\/portal\/2026\/04\/os-melhores-produtos-para-acalmar-a-pele-apos-a-depilacao-da-virilha\/"]}]},{"@type":"BreadcrumbList","@id":"https:\/\/fernandadepilacao.com.br\/portal\/2026\/04\/os-melhores-produtos-para-acalmar-a-pele-apos-a-depilacao-da-virilha\/#breadcrumb","itemListElement":[{"@type":"ListItem","position":1,"name":"In\u00edcio","item":"http:\/\/fernandadepilacao.com.br\/portal\/"},{"@type":"ListItem","position":2,"name":"Os Melhores Produtos para Acalmar a Pele Ap\u00f3s a Depila\u00e7\u00e3o da Virilha"}]},{"@type":"Article","@id":"https:\/\/fernandadepilacao.com.br\/portal\/2026\/04\/os-melhores-produtos-para-acalmar-a-pele-apos-a-depilacao-da-virilha\/#article","isPartOf":{"@id":"https:\/\/fernandadepilacao.com.br\/portal\/2026\/04\/os-melhores-produtos-para-acalmar-a-pele-apos-a-depilacao-da-virilha\/#webpage"},"author":{"@id":"https:\/\/fernandadepilacao.com.br\/portal\/#\/schema\/person\/d00644c3bbfd9fd17711767a3b1abbd0"},"headline":"Os Melhores Produtos para Acalmar a Pele Ap\u00f3s a Depila\u00e7\u00e3o da Virilha","datePublished":"2026-04-30T03:01:30+00:00","dateModified":"2026-04-30T03:01:31+00:00","mainEntityOfPage":{"@id":"https:\/\/fernandadepilacao.com.br\/portal\/2026\/04\/os-melhores-produtos-para-acalmar-a-pele-apos-a-depilacao-da-virilha\/#webpage"},"wordCount":726,"commentCount":0,"publisher":{"@id":"https:\/\/fernandadepilacao.com.br\/portal\/#organization"},"image":{"@id":"https:\/\/fernandadepilacao.com.br\/portal\/2026\/04\/os-melhores-produtos-para-acalmar-a-pele-apos-a-depilacao-da-virilha\/#primaryimage"},"thumbnailUrl":"https:\/\/fernandadepilacao.com.br\/portal\/wp-content\/uploads\/2026\/04\/20260430000128.png","inLanguage":"pt-BR","potentialAction":[{"@type":"CommentAction","name":"Comment","target":["https:\/\/fernandadepilacao.com.br\/portal\/2026\/04\/os-melhores-produtos-para-acalmar-a-pele-apos-a-depilacao-da-virilha\/#respond"]}]},{"@type":"Person","@id":"https:\/\/fernandadepilacao.com.br\/portal\/#\/schema\/person\/d00644c3bbfd9fd17711767a3b1abbd0","name":"fernandajob","image":{"@type":"ImageObject","@id":"https:\/\/fernandadepilacao.com.br\/portal\/#personlogo","inLanguage":"pt-BR","url":"https:\/\/secure.gravatar.com\/avatar\/6c2268a68d69a325906fbdccd74b18e6?s=96&d=mm&r=g","contentUrl":"https:\/\/secure.gravatar.com\/avatar\/6c2268a68d69a325906fbdccd74b18e6?s=96&d=mm&r=g","caption":"fernandajob"},"sameAs":["http:\/\/fernandadepilacao.com.br\/portal"]}]}},"uagb_featured_image_src":{"full":["https:\/\/fernandadepilacao.com.br\/portal\/wp-content\/uploads\/2026\/04\/20260430000128.png",500,500,false],"thumbnail":["https:\/\/fernandadepilacao.com.br\/portal\/wp-content\/uploads\/2026\/04\/20260430000128-150x150.png",150,150,true],"medium":["https:\/\/fernandadepilacao.com.br\/portal\/wp-content\/uploads\/2026\/04\/20260430000128-300x300.png",300,300,true],"medium_large":["https:\/\/fernandadepilacao.com.br\/portal\/wp-content\/uploads\/2026\/04\/20260430000128.png",500,500,false],"large":["https:\/\/fernandadepilacao.com.br\/portal\/wp-content\/uploads\/2026\/04\/20260430000128.png",500,500,false],"1536x1536":["https:\/\/fernandadepilacao.com.br\/portal\/wp-content\/uploads\/2026\/04\/20260430000128.png",500,500,false],"2048x2048":["https:\/\/fernandadepilacao.com.br\/portal\/wp-content\/uploads\/2026\/04\/20260430000128.png",500,500,false]},"uagb_author_info":{"display_name":"fernandajob","author_link":"https:\/\/fernandadepilacao.com.br\/portal\/author\/fernandajob\/"},"uagb_comment_info":0,"uagb_excerpt":"Produtos Recomendados para Acalmar a Pele Ap\u00f3s a Depila\u00e7\u00e3o da Virilha Por que a pele da virilha precisa de cuidados especiais ap\u00f3s a depila\u00e7\u00e3o? A regi\u00e3o da virilha possui uma pele delicada, com maior propens\u00e3o \u00e0 sensibiliza\u00e7\u00e3o, vermelhid\u00e3o e at\u00e9 foliculite (inflama\u00e7\u00e3o dos fol\u00edculos pilosos). Ao realizar a depila\u00e7\u00e3o com m\u00e9todos como cera quente, l\u00e2mina&hellip;","_links":{"self":[{"href":"https:\/\/fernandadepilacao.com.br\/portal\/wp-json\/wp\/v2\/posts\/1689"}],"collection":[{"href":"https:\/\/fernandadepilacao.com.br\/portal\/wp-json\/wp\/v2\/posts"}],"about":[{"href":"https:\/\/fernandadepilacao.com.br\/portal\/wp-json\/wp\/v2\/types\/post"}],"author":[{"embeddable":true,"href":"https:\/\/fernandadepilacao.com.br\/portal\/wp-json\/wp\/v2\/users\/1"}],"replies":[{"embeddable":true,"href":"https:\/\/fernandadepilacao.com.br\/portal\/wp-json\/wp\/v2\/comments?post=1689"}],"version-history":[{"count":1,"href":"https:\/\/fernandadepilacao.com.br\/portal\/wp-json\/wp\/v2\/posts\/1689\/revisions"}],"predecessor-version":[{"id":1690,"href":"https:\/\/fernandadepilacao.com.br\/portal\/wp-json\/wp\/v2\/posts\/1689\/revisions\/1690"}],"wp:featuredmedia":[{"embeddable":true,"href":"https:\/\/fernandadepilacao.com.br\/portal\/wp-json\/wp\/v2\/media\/1688"}],"wp:attachment":[{"href":"https:\/\/fernandadepilacao.com.br\/portal\/wp-json\/wp\/v2\/media?parent=1689"}],"wp:term":[{"taxonomy":"category","embeddable":true,"href":"https:\/\/fernandadepilacao.com.br\/portal\/wp-json\/wp\/v2\/categories?post=1689"},{"taxonomy":"post_tag","embeddable":true,"href":"https:\/\/fernandadepilacao.com.br\/portal\/wp-json\/wp\/v2\/tags?post=1689"}],"curies":[{"name":"wp","href":"https:\/\/api.w.org\/{rel}","templated":true}]}}