{"id":1686,"date":"2026-04-29T16:01:50","date_gmt":"2026-04-29T19:01:50","guid":{"rendered":"https:\/\/fernandadepilacao.com.br\/portal\/2026\/04\/virilha-cavada-tradicional-ou-total-entenda-as-diferencas-e-escolha-a-melhor-depilacao-intima\/"},"modified":"2026-04-29T16:01:51","modified_gmt":"2026-04-29T19:01:51","slug":"virilha-cavada-tradicional-ou-total-entenda-as-diferencas-e-escolha-a-melhor-depilacao-intima","status":"publish","type":"post","link":"https:\/\/fernandadepilacao.com.br\/portal\/2026\/04\/virilha-cavada-tradicional-ou-total-entenda-as-diferencas-e-escolha-a-melhor-depilacao-intima\/","title":{"rendered":"Virilha Cavada, Tradicional ou Total: Entenda as Diferen\u00e7as e Escolha a Melhor Depila\u00e7\u00e3o \u00cdntima"},"content":{"rendered":"<article>\n<header>\n<h1>Diferen\u00e7a entre Virilha Cavada, Tradicional e Total: Saiba Qual \u00e9 a Melhor Para Voc\u00ea!<\/h1>\n<p>    <meta name=\"description\" content=\"Descubra as principais diferen\u00e7as entre depila\u00e7\u00e3o da virilha cavada, tradicional e total. Encontre o m\u00e9todo ideal para o seu conforto, estilo e necessidades na depila\u00e7\u00e3o \u00edntima.\"\/><br \/>\n  <\/header>\n<section>\n<h2>Introdu\u00e7\u00e3o \u00e0 Depila\u00e7\u00e3o de Virilha<\/h2>\n<p>Quando o assunto \u00e9 <strong>depila\u00e7\u00e3o \u00edntima<\/strong>, muitas d\u00favidas surgem sobre os diferentes m\u00e9todos dispon\u00edveis para a regi\u00e3o da virilha. Termos como <strong>virilha cavada<\/strong>, <strong>virilha tradicional<\/strong> e <strong>virilha total<\/strong> s\u00e3o comuns em sal\u00f5es de beleza e cl\u00ednicas de est\u00e9tica, mas nem sempre est\u00e1 claro o que cada uma dessas t\u00e9cnicas significa. Entender essas diferen\u00e7as \u00e9 fundamental para escolher o modelo de depila\u00e7\u00e3o que melhor combina com o seu estilo, suas prefer\u00eancias e o seu conforto.<\/p>\n<\/section>\n<section>\n<h2>O Que \u00e9 a Depila\u00e7\u00e3o da Virilha Tradicional?<\/h2>\n<p>A <strong>depila\u00e7\u00e3o de virilha tradicional<\/strong>, muitas vezes chamada apenas de &#8220;virilha&#8221;, consiste na remo\u00e7\u00e3o dos pelos apenas das laterais externas da regi\u00e3o pubiana. Ela \u00e9 indicada para quem busca retirar excessos que possam aparecer fora do biqu\u00edni ou da calcinha, garantindo um visual mais limpo sem mexer na \u00e1rea central ou nos l\u00e1bios.<\/p>\n<ul>\n<li><strong>Indica\u00e7\u00f5es:<\/strong> Ideal para quem prefere um resultado discreto e menos invasivo;<\/li>\n<li><strong>Comodidade:<\/strong> Menor sensibilidade, pois a depila\u00e7\u00e3o se limita \u00e0s \u00e1reas menos sens\u00edveis da virilha;<\/li>\n<li><strong>Frequ\u00eancia:<\/strong> Normalmente dura de 20 a 30 dias, dependendo do crescimento dos pelos.<\/li>\n<\/ul>\n<\/section>\n<section>\n<h2>O Que \u00e9 a Depila\u00e7\u00e3o de Virilha Cavada?<\/h2>\n<p>J\u00e1 a <strong>depila\u00e7\u00e3o de virilha cavada<\/strong> &#8211; ou virilha &#8220;cavada de biqu\u00edni&#8221; &#8211; vai al\u00e9m do modelo tradicional. Nessa t\u00e9cnica, remove-se os pelos das laterais e invade-se parte da \u00e1rea interna, chegando mais pr\u00f3ximo \u00e0 linha do biqu\u00edni. A quantidade de pelo retirada \u00e9 maior, desenhando a regi\u00e3o e proporcionando mais liberdade na escolha de pe\u00e7as de roupas como biqu\u00ednis cavados, lingeries e roupas \u00edntimas de corte menor.<\/p>\n<ul>\n<li><strong>Indica\u00e7\u00f5es:<\/strong> \u00d3tima para quem busca um visual mais definido, mas n\u00e3o deseja remover todos os pelos;<\/li>\n<li><strong>Comodidade:<\/strong> Exige um pouco mais de sensibilidade, pois \u00e9 feita em \u00e1reas internas, por\u00e9m o desconforto \u00e9 pequeno com t\u00e9cnicas adequadas;<\/li>\n<li><strong>Durabilidade:<\/strong> Semelhante \u00e0 tradicional, mas pode aparentar maior prolongamento do resultado por conta da retirada dos pelos em uma extens\u00e3o maior.<\/li>\n<\/ul>\n<\/section>\n<section>\n<h2>O Que \u00e9 a Depila\u00e7\u00e3o de Virilha Total?<\/h2>\n<p>A <strong>depila\u00e7\u00e3o de virilha total<\/strong> \u2014 tamb\u00e9m chamada de <strong>virilha completa<\/strong> ou <strong>depila\u00e7\u00e3o brasileira<\/strong> \u2014 consiste na remo\u00e7\u00e3o de praticamente todos os pelos da regi\u00e3o \u00edntima, incluindo grandes l\u00e1bios, pequenos l\u00e1bios e, conforme o desejo da cliente, at\u00e9 a regi\u00e3o intergl\u00fatea (mais conhecida como &#8220;fio dental&#8221;). Em alguns casos, \u00e9 poss\u00edvel deixar pequenos desenhos ou linhas decorativas, se houver prefer\u00eancia.<\/p>\n<ul>\n<li><strong>Indica\u00e7\u00f5es:<\/strong> Ideal para quem prefere praticidade, sensa\u00e7\u00e3o de limpeza total ou deseja explorar diferentes estilos de lingerie e biqu\u00edni sem se preocupar com pelos vis\u00edveis;<\/li>\n<li><strong>Comodidade:<\/strong> A depila\u00e7\u00e3o total exige maior resist\u00eancia \u00e0 sensibilidade, pois atinge \u00e1reas delicadas;<\/li>\n<li><strong>Durabilidade:<\/strong> Por atingir todos os pelos, o resultado pode durar igual \u00e0s demais, mas a sensa\u00e7\u00e3o de pele lisinha costuma agradar por mais tempo.<\/li>\n<\/ul>\n<\/section>\n<section>\n<h2>Vantagens e Cuidados na Depila\u00e7\u00e3o de Virilha<\/h2>\n<p>Independentemente do m\u00e9todo escolhido, a <strong>depila\u00e7\u00e3o da virilha<\/strong> oferece vantagens como sensa\u00e7\u00e3o de maciez, higiene e apar\u00eancia mais limpa. No entanto, \u00e9 importante observar alguns cuidados:<\/p>\n<ol>\n<li><strong>Higieniza\u00e7\u00e3o:<\/strong> Mantenha a regi\u00e3o sempre limpa antes e depois da depila\u00e7\u00e3o para evitar infec\u00e7\u00f5es.<\/li>\n<li><strong>Hidrata\u00e7\u00e3o:<\/strong> Use hidratantes apropriados para peles sens\u00edveis ou produtos p\u00f3s-depilat\u00f3rios recomendados por profissionais.<\/li>\n<li><strong>Evite exposi\u00e7\u00e3o ao sol:<\/strong> Aguarde pelo menos 48h antes de tomar sol na regi\u00e3o depilada para evitar manchas e irrita\u00e7\u00f5es.<\/li>\n<li><strong>Escolha um profissional qualificado:<\/strong> Procure cl\u00ednicas e esteticistas especializados, que utilizem materiais descart\u00e1veis e com certifica\u00e7\u00e3o de higiene.<\/li>\n<\/ol>\n<\/section>\n<section>\n<h2>Perguntas Frequentes sobre Depila\u00e7\u00e3o de Virilha<\/h2>\n<dl>\n<dt>Depila\u00e7\u00e3o com cera d\u00f3i muito?<\/dt>\n<dd>A sensa\u00e7\u00e3o de dor varia conforme a sensibilidade de cada pessoa e o m\u00e9todo escolhido. T\u00e9cnicas e produtos modernos minimizam o desconforto, tornando a experi\u00eancia mais tranquila.<\/dd>\n<dt>Qual tipo de depila\u00e7\u00e3o \u00e9 mais higi\u00eanica?<\/dt>\n<dd>Todos os tipos s\u00e3o higi\u00eanicos, desde que realizados corretamente. A escolha depende do seu gosto pessoal e estilo de vida.<\/dd>\n<dt>Existe risco de pelos encravados?<\/dt>\n<dd>Sim, pode acontecer, especialmente em peles mais sens\u00edveis. A esfolia\u00e7\u00e3o regular e o uso de produtos espec\u00edficos ajudam a prevenir.<\/dd>\n<dt>Com que frequ\u00eancia devo depilar a virilha?<\/dt>\n<dd>A frequ\u00eancia varia, mas geralmente a cada 3 ou 4 semanas. O importante \u00e9 respeitar o tempo de crescimento dos pelos e o seu pr\u00f3prio conforto.<\/dd>\n<\/dl>\n<\/section>\n<section>\n<h2>Conclus\u00e3o<\/h2>\n<p>Agora que voc\u00ea j\u00e1 conhece as diferen\u00e7as entre <strong>virilha tradicional, cavada e total<\/strong>, pode escolher a forma de depila\u00e7\u00e3o \u00edntima que mais se adapta \u00e0s suas necessidades e prefer\u00eancias. Independentemente da op\u00e7\u00e3o, priorize sempre profissionais qualificados, higiene e os cuidados p\u00f3s-depilat\u00f3rios para garantir resultados bonitos, confort\u00e1veis e saud\u00e1veis.<\/p>\n<p>Se ainda restarem d\u00favidas sobre qual tipo de <strong>depila\u00e7\u00e3o de virilha<\/strong> \u00e9 o ideal para voc\u00ea, n\u00e3o hesite em procurar uma esteticista de confian\u00e7a. Assim, sua experi\u00eancia ser\u00e1 ainda mais segura e personalizada!<\/p>\n<\/section>\n<\/article>\n","protected":false},"excerpt":{"rendered":"<p>Diferen\u00e7a entre Virilha Cavada, Tradicional e Total: Saiba Qual \u00e9 a Melhor Para Voc\u00ea! Introdu\u00e7\u00e3o \u00e0 Depila\u00e7\u00e3o de Virilha Quando o assunto \u00e9 depila\u00e7\u00e3o \u00edntima, muitas d\u00favidas surgem sobre os diferentes m\u00e9todos dispon\u00edveis para a regi\u00e3o da virilha. Termos como virilha cavada, virilha tradicional e virilha total s\u00e3o comuns em sal\u00f5es de beleza e cl\u00ednicas &hellip;<\/p>\n<p class=\"read-more\"> <a class=\"\" href=\"https:\/\/fernandadepilacao.com.br\/portal\/2026\/04\/virilha-cavada-tradicional-ou-total-entenda-as-diferencas-e-escolha-a-melhor-depilacao-intima\/\"> <span class=\"screen-reader-text\">Virilha Cavada, Tradicional ou Total: Entenda as Diferen\u00e7as e Escolha a Melhor Depila\u00e7\u00e3o \u00cdntima<\/span> Leia mais &raquo;<\/a><\/p>\n","protected":false},"author":1,"featured_media":1685,"comment_status":"open","ping_status":"open","sticky":false,"template":"","format":"standard","meta":[],"categories":[1],"tags":[],"yoast_head":"<!-- This site is optimized with the Yoast SEO plugin v18.4.1 - https:\/\/yoast.com\/wordpress\/plugins\/seo\/ -->\n<title>Virilha Cavada, Tradicional ou Total: Entenda as Diferen\u00e7as e Escolha a Melhor Depila\u00e7\u00e3o \u00cdntima - Fernanda Depila\u00e7\u00e3o<\/title>\n<meta name=\"robots\" content=\"index, follow, max-snippet:-1, max-image-preview:large, max-video-preview:-1\" \/>\n<link rel=\"canonical\" href=\"https:\/\/fernandadepilacao.com.br\/portal\/2026\/04\/virilha-cavada-tradicional-ou-total-entenda-as-diferencas-e-escolha-a-melhor-depilacao-intima\/\" \/>\n<meta property=\"og:locale\" content=\"pt_BR\" \/>\n<meta property=\"og:type\" content=\"article\" \/>\n<meta property=\"og:title\" content=\"Virilha Cavada, Tradicional ou Total: Entenda as Diferen\u00e7as e Escolha a Melhor Depila\u00e7\u00e3o \u00cdntima - Fernanda Depila\u00e7\u00e3o\" \/>\n<meta property=\"og:description\" content=\"Diferen\u00e7a entre Virilha Cavada, Tradicional e Total: Saiba Qual \u00e9 a Melhor Para Voc\u00ea! Introdu\u00e7\u00e3o \u00e0 Depila\u00e7\u00e3o de Virilha Quando o assunto \u00e9 depila\u00e7\u00e3o \u00edntima, muitas d\u00favidas surgem sobre os diferentes m\u00e9todos dispon\u00edveis para a regi\u00e3o da virilha. Termos como virilha cavada, virilha tradicional e virilha total s\u00e3o comuns em sal\u00f5es de beleza e cl\u00ednicas &hellip; Virilha Cavada, Tradicional ou Total: Entenda as Diferen\u00e7as e Escolha a Melhor Depila\u00e7\u00e3o \u00cdntima Leia mais &raquo;\" \/>\n<meta property=\"og:url\" content=\"https:\/\/fernandadepilacao.com.br\/portal\/2026\/04\/virilha-cavada-tradicional-ou-total-entenda-as-diferencas-e-escolha-a-melhor-depilacao-intima\/\" \/>\n<meta property=\"og:site_name\" content=\"Fernanda Depila\u00e7\u00e3o\" \/>\n<meta property=\"article:publisher\" content=\"https:\/\/www.facebook.com\/ferjobdepilacao\" \/>\n<meta property=\"article:published_time\" content=\"2026-04-29T19:01:50+00:00\" \/>\n<meta property=\"article:modified_time\" content=\"2026-04-29T19:01:51+00:00\" \/>\n<meta name=\"twitter:card\" content=\"summary_large_image\" \/>\n<meta name=\"twitter:label1\" content=\"Escrito por\" \/>\n\t<meta name=\"twitter:data1\" content=\"fernandajob\" \/>\n\t<meta name=\"twitter:label2\" content=\"Est. tempo de leitura\" \/>\n\t<meta name=\"twitter:data2\" content=\"4 minutos\" \/>\n<script type=\"application\/ld+json\" class=\"yoast-schema-graph\">{\"@context\":\"https:\/\/schema.org\",\"@graph\":[{\"@type\":\"Organization\",\"@id\":\"https:\/\/fernandadepilacao.com.br\/portal\/#organization\",\"name\":\"Fernanda Depila\u00e7\u00e3o\",\"url\":\"https:\/\/fernandadepilacao.com.br\/portal\/\",\"sameAs\":[\"https:\/\/www.facebook.com\/ferjobdepilacao\",\"http:\/\/instagram.com\/fernanda_job\"],\"logo\":{\"@type\":\"ImageObject\",\"@id\":\"https:\/\/fernandadepilacao.com.br\/portal\/#logo\",\"inLanguage\":\"pt-BR\",\"url\":\"http:\/\/fernandadepilacao.com.br\/portal\/wp-content\/uploads\/2021\/03\/logo_fernanda.png\",\"contentUrl\":\"http:\/\/fernandadepilacao.com.br\/portal\/wp-content\/uploads\/2021\/03\/logo_fernanda.png\",\"width\":673,\"height\":688,\"caption\":\"Fernanda Depila\u00e7\u00e3o\"},\"image\":{\"@id\":\"https:\/\/fernandadepilacao.com.br\/portal\/#logo\"}},{\"@type\":\"WebSite\",\"@id\":\"https:\/\/fernandadepilacao.com.br\/portal\/#website\",\"url\":\"https:\/\/fernandadepilacao.com.br\/portal\/\",\"name\":\"Fernanda Depila\u00e7\u00e3o\",\"description\":\"\",\"publisher\":{\"@id\":\"https:\/\/fernandadepilacao.com.br\/portal\/#organization\"},\"potentialAction\":[{\"@type\":\"SearchAction\",\"target\":{\"@type\":\"EntryPoint\",\"urlTemplate\":\"https:\/\/fernandadepilacao.com.br\/portal\/?s={search_term_string}\"},\"query-input\":\"required name=search_term_string\"}],\"inLanguage\":\"pt-BR\"},{\"@type\":\"ImageObject\",\"@id\":\"https:\/\/fernandadepilacao.com.br\/portal\/2026\/04\/virilha-cavada-tradicional-ou-total-entenda-as-diferencas-e-escolha-a-melhor-depilacao-intima\/#primaryimage\",\"inLanguage\":\"pt-BR\",\"url\":\"https:\/\/fernandadepilacao.com.br\/portal\/wp-content\/uploads\/2026\/04\/20260429160148.png\",\"contentUrl\":\"https:\/\/fernandadepilacao.com.br\/portal\/wp-content\/uploads\/2026\/04\/20260429160148.png\",\"width\":500,\"height\":500},{\"@type\":\"WebPage\",\"@id\":\"https:\/\/fernandadepilacao.com.br\/portal\/2026\/04\/virilha-cavada-tradicional-ou-total-entenda-as-diferencas-e-escolha-a-melhor-depilacao-intima\/#webpage\",\"url\":\"https:\/\/fernandadepilacao.com.br\/portal\/2026\/04\/virilha-cavada-tradicional-ou-total-entenda-as-diferencas-e-escolha-a-melhor-depilacao-intima\/\",\"name\":\"Virilha Cavada, Tradicional ou Total: Entenda as Diferen\u00e7as e Escolha a Melhor Depila\u00e7\u00e3o \u00cdntima - Fernanda Depila\u00e7\u00e3o\",\"isPartOf\":{\"@id\":\"https:\/\/fernandadepilacao.com.br\/portal\/#website\"},\"primaryImageOfPage\":{\"@id\":\"https:\/\/fernandadepilacao.com.br\/portal\/2026\/04\/virilha-cavada-tradicional-ou-total-entenda-as-diferencas-e-escolha-a-melhor-depilacao-intima\/#primaryimage\"},\"datePublished\":\"2026-04-29T19:01:50+00:00\",\"dateModified\":\"2026-04-29T19:01:51+00:00\",\"breadcrumb\":{\"@id\":\"https:\/\/fernandadepilacao.com.br\/portal\/2026\/04\/virilha-cavada-tradicional-ou-total-entenda-as-diferencas-e-escolha-a-melhor-depilacao-intima\/#breadcrumb\"},\"inLanguage\":\"pt-BR\",\"potentialAction\":[{\"@type\":\"ReadAction\",\"target\":[\"https:\/\/fernandadepilacao.com.br\/portal\/2026\/04\/virilha-cavada-tradicional-ou-total-entenda-as-diferencas-e-escolha-a-melhor-depilacao-intima\/\"]}]},{\"@type\":\"BreadcrumbList\",\"@id\":\"https:\/\/fernandadepilacao.com.br\/portal\/2026\/04\/virilha-cavada-tradicional-ou-total-entenda-as-diferencas-e-escolha-a-melhor-depilacao-intima\/#breadcrumb\",\"itemListElement\":[{\"@type\":\"ListItem\",\"position\":1,\"name\":\"In\u00edcio\",\"item\":\"http:\/\/fernandadepilacao.com.br\/portal\/\"},{\"@type\":\"ListItem\",\"position\":2,\"name\":\"Virilha Cavada, Tradicional ou Total: Entenda as Diferen\u00e7as e Escolha a Melhor Depila\u00e7\u00e3o \u00cdntima\"}]},{\"@type\":\"Article\",\"@id\":\"https:\/\/fernandadepilacao.com.br\/portal\/2026\/04\/virilha-cavada-tradicional-ou-total-entenda-as-diferencas-e-escolha-a-melhor-depilacao-intima\/#article\",\"isPartOf\":{\"@id\":\"https:\/\/fernandadepilacao.com.br\/portal\/2026\/04\/virilha-cavada-tradicional-ou-total-entenda-as-diferencas-e-escolha-a-melhor-depilacao-intima\/#webpage\"},\"author\":{\"@id\":\"https:\/\/fernandadepilacao.com.br\/portal\/#\/schema\/person\/d00644c3bbfd9fd17711767a3b1abbd0\"},\"headline\":\"Virilha Cavada, Tradicional ou Total: Entenda as Diferen\u00e7as e Escolha a Melhor Depila\u00e7\u00e3o \u00cdntima\",\"datePublished\":\"2026-04-29T19:01:50+00:00\",\"dateModified\":\"2026-04-29T19:01:51+00:00\",\"mainEntityOfPage\":{\"@id\":\"https:\/\/fernandadepilacao.com.br\/portal\/2026\/04\/virilha-cavada-tradicional-ou-total-entenda-as-diferencas-e-escolha-a-melhor-depilacao-intima\/#webpage\"},\"wordCount\":860,\"commentCount\":0,\"publisher\":{\"@id\":\"https:\/\/fernandadepilacao.com.br\/portal\/#organization\"},\"image\":{\"@id\":\"https:\/\/fernandadepilacao.com.br\/portal\/2026\/04\/virilha-cavada-tradicional-ou-total-entenda-as-diferencas-e-escolha-a-melhor-depilacao-intima\/#primaryimage\"},\"thumbnailUrl\":\"https:\/\/fernandadepilacao.com.br\/portal\/wp-content\/uploads\/2026\/04\/20260429160148.png\",\"inLanguage\":\"pt-BR\",\"potentialAction\":[{\"@type\":\"CommentAction\",\"name\":\"Comment\",\"target\":[\"https:\/\/fernandadepilacao.com.br\/portal\/2026\/04\/virilha-cavada-tradicional-ou-total-entenda-as-diferencas-e-escolha-a-melhor-depilacao-intima\/#respond\"]}]},{\"@type\":\"Person\",\"@id\":\"https:\/\/fernandadepilacao.com.br\/portal\/#\/schema\/person\/d00644c3bbfd9fd17711767a3b1abbd0\",\"name\":\"fernandajob\",\"image\":{\"@type\":\"ImageObject\",\"@id\":\"https:\/\/fernandadepilacao.com.br\/portal\/#personlogo\",\"inLanguage\":\"pt-BR\",\"url\":\"https:\/\/secure.gravatar.com\/avatar\/6c2268a68d69a325906fbdccd74b18e6?s=96&d=mm&r=g\",\"contentUrl\":\"https:\/\/secure.gravatar.com\/avatar\/6c2268a68d69a325906fbdccd74b18e6?s=96&d=mm&r=g\",\"caption\":\"fernandajob\"},\"sameAs\":[\"http:\/\/fernandadepilacao.com.br\/portal\"]}]}<\/script>\n<!-- \/ Yoast SEO plugin. -->","yoast_head_json":{"title":"Virilha Cavada, Tradicional ou Total: Entenda as Diferen\u00e7as e Escolha a Melhor Depila\u00e7\u00e3o \u00cdntima - Fernanda Depila\u00e7\u00e3o","robots":{"index":"index","follow":"follow","max-snippet":"max-snippet:-1","max-image-preview":"max-image-preview:large","max-video-preview":"max-video-preview:-1"},"canonical":"https:\/\/fernandadepilacao.com.br\/portal\/2026\/04\/virilha-cavada-tradicional-ou-total-entenda-as-diferencas-e-escolha-a-melhor-depilacao-intima\/","og_locale":"pt_BR","og_type":"article","og_title":"Virilha Cavada, Tradicional ou Total: Entenda as Diferen\u00e7as e Escolha a Melhor Depila\u00e7\u00e3o \u00cdntima - Fernanda Depila\u00e7\u00e3o","og_description":"Diferen\u00e7a entre Virilha Cavada, Tradicional e Total: Saiba Qual \u00e9 a Melhor Para Voc\u00ea! Introdu\u00e7\u00e3o \u00e0 Depila\u00e7\u00e3o de Virilha Quando o assunto \u00e9 depila\u00e7\u00e3o \u00edntima, muitas d\u00favidas surgem sobre os diferentes m\u00e9todos dispon\u00edveis para a regi\u00e3o da virilha. Termos como virilha cavada, virilha tradicional e virilha total s\u00e3o comuns em sal\u00f5es de beleza e cl\u00ednicas &hellip; Virilha Cavada, Tradicional ou Total: Entenda as Diferen\u00e7as e Escolha a Melhor Depila\u00e7\u00e3o \u00cdntima Leia mais &raquo;","og_url":"https:\/\/fernandadepilacao.com.br\/portal\/2026\/04\/virilha-cavada-tradicional-ou-total-entenda-as-diferencas-e-escolha-a-melhor-depilacao-intima\/","og_site_name":"Fernanda Depila\u00e7\u00e3o","article_publisher":"https:\/\/www.facebook.com\/ferjobdepilacao","article_published_time":"2026-04-29T19:01:50+00:00","article_modified_time":"2026-04-29T19:01:51+00:00","twitter_card":"summary_large_image","twitter_misc":{"Escrito por":"fernandajob","Est. tempo de leitura":"4 minutos"},"schema":{"@context":"https:\/\/schema.org","@graph":[{"@type":"Organization","@id":"https:\/\/fernandadepilacao.com.br\/portal\/#organization","name":"Fernanda Depila\u00e7\u00e3o","url":"https:\/\/fernandadepilacao.com.br\/portal\/","sameAs":["https:\/\/www.facebook.com\/ferjobdepilacao","http:\/\/instagram.com\/fernanda_job"],"logo":{"@type":"ImageObject","@id":"https:\/\/fernandadepilacao.com.br\/portal\/#logo","inLanguage":"pt-BR","url":"http:\/\/fernandadepilacao.com.br\/portal\/wp-content\/uploads\/2021\/03\/logo_fernanda.png","contentUrl":"http:\/\/fernandadepilacao.com.br\/portal\/wp-content\/uploads\/2021\/03\/logo_fernanda.png","width":673,"height":688,"caption":"Fernanda Depila\u00e7\u00e3o"},"image":{"@id":"https:\/\/fernandadepilacao.com.br\/portal\/#logo"}},{"@type":"WebSite","@id":"https:\/\/fernandadepilacao.com.br\/portal\/#website","url":"https:\/\/fernandadepilacao.com.br\/portal\/","name":"Fernanda Depila\u00e7\u00e3o","description":"","publisher":{"@id":"https:\/\/fernandadepilacao.com.br\/portal\/#organization"},"potentialAction":[{"@type":"SearchAction","target":{"@type":"EntryPoint","urlTemplate":"https:\/\/fernandadepilacao.com.br\/portal\/?s={search_term_string}"},"query-input":"required name=search_term_string"}],"inLanguage":"pt-BR"},{"@type":"ImageObject","@id":"https:\/\/fernandadepilacao.com.br\/portal\/2026\/04\/virilha-cavada-tradicional-ou-total-entenda-as-diferencas-e-escolha-a-melhor-depilacao-intima\/#primaryimage","inLanguage":"pt-BR","url":"https:\/\/fernandadepilacao.com.br\/portal\/wp-content\/uploads\/2026\/04\/20260429160148.png","contentUrl":"https:\/\/fernandadepilacao.com.br\/portal\/wp-content\/uploads\/2026\/04\/20260429160148.png","width":500,"height":500},{"@type":"WebPage","@id":"https:\/\/fernandadepilacao.com.br\/portal\/2026\/04\/virilha-cavada-tradicional-ou-total-entenda-as-diferencas-e-escolha-a-melhor-depilacao-intima\/#webpage","url":"https:\/\/fernandadepilacao.com.br\/portal\/2026\/04\/virilha-cavada-tradicional-ou-total-entenda-as-diferencas-e-escolha-a-melhor-depilacao-intima\/","name":"Virilha Cavada, Tradicional ou Total: Entenda as Diferen\u00e7as e Escolha a Melhor Depila\u00e7\u00e3o \u00cdntima - Fernanda Depila\u00e7\u00e3o","isPartOf":{"@id":"https:\/\/fernandadepilacao.com.br\/portal\/#website"},"primaryImageOfPage":{"@id":"https:\/\/fernandadepilacao.com.br\/portal\/2026\/04\/virilha-cavada-tradicional-ou-total-entenda-as-diferencas-e-escolha-a-melhor-depilacao-intima\/#primaryimage"},"datePublished":"2026-04-29T19:01:50+00:00","dateModified":"2026-04-29T19:01:51+00:00","breadcrumb":{"@id":"https:\/\/fernandadepilacao.com.br\/portal\/2026\/04\/virilha-cavada-tradicional-ou-total-entenda-as-diferencas-e-escolha-a-melhor-depilacao-intima\/#breadcrumb"},"inLanguage":"pt-BR","potentialAction":[{"@type":"ReadAction","target":["https:\/\/fernandadepilacao.com.br\/portal\/2026\/04\/virilha-cavada-tradicional-ou-total-entenda-as-diferencas-e-escolha-a-melhor-depilacao-intima\/"]}]},{"@type":"BreadcrumbList","@id":"https:\/\/fernandadepilacao.com.br\/portal\/2026\/04\/virilha-cavada-tradicional-ou-total-entenda-as-diferencas-e-escolha-a-melhor-depilacao-intima\/#breadcrumb","itemListElement":[{"@type":"ListItem","position":1,"name":"In\u00edcio","item":"http:\/\/fernandadepilacao.com.br\/portal\/"},{"@type":"ListItem","position":2,"name":"Virilha Cavada, Tradicional ou Total: Entenda as Diferen\u00e7as e Escolha a Melhor Depila\u00e7\u00e3o \u00cdntima"}]},{"@type":"Article","@id":"https:\/\/fernandadepilacao.com.br\/portal\/2026\/04\/virilha-cavada-tradicional-ou-total-entenda-as-diferencas-e-escolha-a-melhor-depilacao-intima\/#article","isPartOf":{"@id":"https:\/\/fernandadepilacao.com.br\/portal\/2026\/04\/virilha-cavada-tradicional-ou-total-entenda-as-diferencas-e-escolha-a-melhor-depilacao-intima\/#webpage"},"author":{"@id":"https:\/\/fernandadepilacao.com.br\/portal\/#\/schema\/person\/d00644c3bbfd9fd17711767a3b1abbd0"},"headline":"Virilha Cavada, Tradicional ou Total: Entenda as Diferen\u00e7as e Escolha a Melhor Depila\u00e7\u00e3o \u00cdntima","datePublished":"2026-04-29T19:01:50+00:00","dateModified":"2026-04-29T19:01:51+00:00","mainEntityOfPage":{"@id":"https:\/\/fernandadepilacao.com.br\/portal\/2026\/04\/virilha-cavada-tradicional-ou-total-entenda-as-diferencas-e-escolha-a-melhor-depilacao-intima\/#webpage"},"wordCount":860,"commentCount":0,"publisher":{"@id":"https:\/\/fernandadepilacao.com.br\/portal\/#organization"},"image":{"@id":"https:\/\/fernandadepilacao.com.br\/portal\/2026\/04\/virilha-cavada-tradicional-ou-total-entenda-as-diferencas-e-escolha-a-melhor-depilacao-intima\/#primaryimage"},"thumbnailUrl":"https:\/\/fernandadepilacao.com.br\/portal\/wp-content\/uploads\/2026\/04\/20260429160148.png","inLanguage":"pt-BR","potentialAction":[{"@type":"CommentAction","name":"Comment","target":["https:\/\/fernandadepilacao.com.br\/portal\/2026\/04\/virilha-cavada-tradicional-ou-total-entenda-as-diferencas-e-escolha-a-melhor-depilacao-intima\/#respond"]}]},{"@type":"Person","@id":"https:\/\/fernandadepilacao.com.br\/portal\/#\/schema\/person\/d00644c3bbfd9fd17711767a3b1abbd0","name":"fernandajob","image":{"@type":"ImageObject","@id":"https:\/\/fernandadepilacao.com.br\/portal\/#personlogo","inLanguage":"pt-BR","url":"https:\/\/secure.gravatar.com\/avatar\/6c2268a68d69a325906fbdccd74b18e6?s=96&d=mm&r=g","contentUrl":"https:\/\/secure.gravatar.com\/avatar\/6c2268a68d69a325906fbdccd74b18e6?s=96&d=mm&r=g","caption":"fernandajob"},"sameAs":["http:\/\/fernandadepilacao.com.br\/portal"]}]}},"uagb_featured_image_src":{"full":["https:\/\/fernandadepilacao.com.br\/portal\/wp-content\/uploads\/2026\/04\/20260429160148.png",500,500,false],"thumbnail":["https:\/\/fernandadepilacao.com.br\/portal\/wp-content\/uploads\/2026\/04\/20260429160148-150x150.png",150,150,true],"medium":["https:\/\/fernandadepilacao.com.br\/portal\/wp-content\/uploads\/2026\/04\/20260429160148-300x300.png",300,300,true],"medium_large":["https:\/\/fernandadepilacao.com.br\/portal\/wp-content\/uploads\/2026\/04\/20260429160148.png",500,500,false],"large":["https:\/\/fernandadepilacao.com.br\/portal\/wp-content\/uploads\/2026\/04\/20260429160148.png",500,500,false],"1536x1536":["https:\/\/fernandadepilacao.com.br\/portal\/wp-content\/uploads\/2026\/04\/20260429160148.png",500,500,false],"2048x2048":["https:\/\/fernandadepilacao.com.br\/portal\/wp-content\/uploads\/2026\/04\/20260429160148.png",500,500,false]},"uagb_author_info":{"display_name":"fernandajob","author_link":"https:\/\/fernandadepilacao.com.br\/portal\/author\/fernandajob\/"},"uagb_comment_info":0,"uagb_excerpt":"Diferen\u00e7a entre Virilha Cavada, Tradicional e Total: Saiba Qual \u00e9 a Melhor Para Voc\u00ea! Introdu\u00e7\u00e3o \u00e0 Depila\u00e7\u00e3o de Virilha Quando o assunto \u00e9 depila\u00e7\u00e3o \u00edntima, muitas d\u00favidas surgem sobre os diferentes m\u00e9todos dispon\u00edveis para a regi\u00e3o da virilha. Termos como virilha cavada, virilha tradicional e virilha total s\u00e3o comuns em sal\u00f5es de beleza e cl\u00ednicas&hellip;","_links":{"self":[{"href":"https:\/\/fernandadepilacao.com.br\/portal\/wp-json\/wp\/v2\/posts\/1686"}],"collection":[{"href":"https:\/\/fernandadepilacao.com.br\/portal\/wp-json\/wp\/v2\/posts"}],"about":[{"href":"https:\/\/fernandadepilacao.com.br\/portal\/wp-json\/wp\/v2\/types\/post"}],"author":[{"embeddable":true,"href":"https:\/\/fernandadepilacao.com.br\/portal\/wp-json\/wp\/v2\/users\/1"}],"replies":[{"embeddable":true,"href":"https:\/\/fernandadepilacao.com.br\/portal\/wp-json\/wp\/v2\/comments?post=1686"}],"version-history":[{"count":1,"href":"https:\/\/fernandadepilacao.com.br\/portal\/wp-json\/wp\/v2\/posts\/1686\/revisions"}],"predecessor-version":[{"id":1687,"href":"https:\/\/fernandadepilacao.com.br\/portal\/wp-json\/wp\/v2\/posts\/1686\/revisions\/1687"}],"wp:featuredmedia":[{"embeddable":true,"href":"https:\/\/fernandadepilacao.com.br\/portal\/wp-json\/wp\/v2\/media\/1685"}],"wp:attachment":[{"href":"https:\/\/fernandadepilacao.com.br\/portal\/wp-json\/wp\/v2\/media?parent=1686"}],"wp:term":[{"taxonomy":"category","embeddable":true,"href":"https:\/\/fernandadepilacao.com.br\/portal\/wp-json\/wp\/v2\/categories?post=1686"},{"taxonomy":"post_tag","embeddable":true,"href":"https:\/\/fernandadepilacao.com.br\/portal\/wp-json\/wp\/v2\/tags?post=1686"}],"curies":[{"name":"wp","href":"https:\/\/api.w.org\/{rel}","templated":true}]}}