{"id":1683,"date":"2026-04-29T08:01:42","date_gmt":"2026-04-29T11:01:42","guid":{"rendered":"https:\/\/fernandadepilacao.com.br\/portal\/2026\/04\/guia-completo-prevenir-foliculite-pelos-encravados-depilacao-virilha\/"},"modified":"2026-04-29T08:01:43","modified_gmt":"2026-04-29T11:01:43","slug":"guia-completo-prevenir-foliculite-pelos-encravados-depilacao-virilha","status":"publish","type":"post","link":"https:\/\/fernandadepilacao.com.br\/portal\/2026\/04\/guia-completo-prevenir-foliculite-pelos-encravados-depilacao-virilha\/","title":{"rendered":"Guia Completo para Prevenir Foliculite e Pelos Encravados na Depila\u00e7\u00e3o da Virilha"},"content":{"rendered":"<article>\n<header>\n<h1>Preven\u00e7\u00e3o de Foliculite e Pelos Encravados na Depila\u00e7\u00e3o da Virilha: Guia Completo<\/h1>\n<p>    <meta name=\"description\" content=\"Descubra dicas eficazes e cuidados essenciais para prevenir foliculite e pelos encravados ap\u00f3s a depila\u00e7\u00e3o da virilha. Aprenda sobre os melhores m\u00e9todos, produtos e pr\u00e1ticas para manter sua pele saud\u00e1vel e bonita.\" \/><br \/>\n  <\/header>\n<section>\n<h2>O Que \u00e9 Foliculite e Por Que Ela Aparece na Depila\u00e7\u00e3o?<\/h2>\n<p>A foliculite \u00e9 uma inflama\u00e7\u00e3o dos fol\u00edculos pilosos \u2014 ou seja, das &#8220;ra\u00edzes&#8221; dos pelos \u2014 sendo um problema comum em \u00e1reas depiladas, como a virilha. Ela se caracteriza por pequenas bolinhas avermelhadas, muitas vezes com pus, coceira e desconforto. A foliculite pode ser causada por bact\u00e9rias, fungos, atrito com roupas apertadas e pelos encravados, que acontecem quando o fio n\u00e3o consegue romper a pele e cresce para dentro, formando aquelas bolinhas indesejadas.<\/p>\n<\/section>\n<section>\n<h2>Por Que a Regi\u00e3o da Virilha \u00e9 Mais Suscet\u00edvel?<\/h2>\n<p>A \u00e1rea da virilha possui caracter\u00edsticas espec\u00edficas: pele sens\u00edvel, calor, umidade e maior atrito devido \u00e0 movimenta\u00e7\u00e3o e ao uso de roupas \u00edntimas justas. Esses fatores facilitam o desenvolvimento da foliculite e o surgimento dos pelos encravados, principalmente ap\u00f3s m\u00e9todos de depila\u00e7\u00e3o que arrancam o pelo pela raiz, como a cera ou a pin\u00e7a.<\/p>\n<\/section>\n<section>\n<h2>Principais Causas de Pelos Encravados na Depila\u00e7\u00e3o<\/h2>\n<ul>\n<li><strong>Uso inadequado de l\u00e2minas<\/strong>: barbear contra o sentido de crescimento do pelo aumenta o risco de encravar.<\/li>\n<li><strong>Falta de esfolia\u00e7\u00e3o<\/strong>: o ac\u00famulo de c\u00e9lulas mortas bloqueia a sa\u00edda do pelo.<\/li>\n<li><strong>Roupas muito justas<\/strong>: dificultam a &#8220;respira\u00e7\u00e3o&#8221; da pele e intensificam o atrito.<\/li>\n<li><strong>Depila\u00e7\u00e3o agressiva ou frequente<\/strong>: pode sensibilizar e lesionar a pele.<\/li>\n<\/ul>\n<\/section>\n<section>\n<h2>Como Prevenir Foliculite e Pelos Encravados Ap\u00f3s a Depila\u00e7\u00e3o da Virilha<\/h2>\n<ol>\n<li>\n        <strong>Prepare a pele antes da depila\u00e7\u00e3o<\/strong><\/p>\n<p>Lave a regi\u00e3o com sabonete neutro e \u00e1gua morna para abrir os poros e remover impurezas. Esfolie suavemente de 1 a 2 vezes por semana, usando produtos pr\u00f3prios ou receitas caseiras, para evitar o ac\u00famulo de c\u00e9lulas mortas e estimular o crescimento correto do pelo.<\/p>\n<\/li>\n<li>\n        <strong>Escolha o m\u00e9todo de depila\u00e7\u00e3o ideal<\/strong><\/p>\n<p>M\u00e9todos que n\u00e3o arrancam o pelo pela raiz, como a l\u00e2mina (usada corretamente) ou a <em>depila\u00e7\u00e3o a laser<\/em>, t\u00eam menos propens\u00e3o a causar foliculite. Se preferir a cera, procure profissionais qualificados e materiais de boa proced\u00eancia.<\/p>\n<\/li>\n<li>\n        <strong>Utilize produtos pr\u00f3prios para a pele delicada<\/strong><\/p>\n<p>Aplique produtos calmantes p\u00f3s-depilat\u00f3rios, como \u00e1gua termal, lo\u00e7\u00e3o de camomila ou gel de aloe vera, para aliviar a irrita\u00e7\u00e3o e manter a hidrata\u00e7\u00e3o.<\/p>\n<\/li>\n<li>\n        <strong>Evite roupas justas nas primeiras 48 horas<\/strong><\/p>\n<p>Prefira roupas de algod\u00e3o que permitem a transpira\u00e7\u00e3o e evitam o atrito, prevenindo o agravamento da irrita\u00e7\u00e3o.<\/p>\n<\/li>\n<li>\n        <strong>N\u00e3o cutuque pelos encravados!<\/strong><\/p>\n<p>Espremer ou pin\u00e7ar pode agravar a inflama\u00e7\u00e3o e aumentar o risco de manchas e infec\u00e7\u00f5es. Procure ajuda profissional caso o problema persista.<\/p>\n<\/li>\n<\/ol>\n<\/section>\n<section>\n<h2>Dicas Extras para Quem Tem Tend\u00eancia \u00e0 Foliculite<\/h2>\n<ul>\n<li>Procure manter a pele sempre limpa e seca na regi\u00e3o da virilha.<\/li>\n<li>Hidrate a pele diariamente, pois o ressecamento tamb\u00e9m favorece a forma\u00e7\u00e3o de crostas.<\/li>\n<li>Evite reutilizar l\u00e2minas e procure descart\u00e1-las ap\u00f3s 3 usos para reduzir o risco de prolifera\u00e7\u00e3o bacteriana.<\/li>\n<li>Considere a depila\u00e7\u00e3o a laser para resultados duradouros e redu\u00e7\u00e3o quase total de pelos encravados.<\/li>\n<\/ul>\n<\/section>\n<section>\n<h2>Quando Procurar um Profissional?<\/h2>\n<p>Se surgirem sintomas como dor intensa, pus, incha\u00e7o importante, febre, manchas escuras persistentes ou se o quadro de foliculite for recorrente, \u00e9 importante buscar orienta\u00e7\u00e3o de um profissional de est\u00e9tica ou dermatologista. O tratamento correto \u00e9 fundamental para evitar complica\u00e7\u00f5es e cicatrizes permanentes.<\/p>\n<\/section>\n<section>\n<h2>Perguntas Frequentes sobre Foliculite e Pelos Encravados na Virilha<\/h2>\n<dl>\n<dt>Esfoliar a virilha antes ou depois da depila\u00e7\u00e3o ajuda a evitar pelos encravados?<\/dt>\n<dd>Sim, a esfolia\u00e7\u00e3o semanal antes da depila\u00e7\u00e3o limpa os poros e facilita a sa\u00edda do pelo, diminuindo o risco de encravar.<\/dd>\n<dt>L\u00e2mina ou cera: qual causa mais foliculite?<\/dt>\n<dd>Cada pele reage de maneira diferente, mas geralmente a cera causa mais foliculite por arrancar o pelo desde a raiz, possibilitando que ele cres\u00e7a para dentro. A l\u00e2mina, se usada de forma correta e com higiene, pode ser menos agressiva.<\/dd>\n<dt>Devo evitar atividades f\u00edsicas ap\u00f3s a depila\u00e7\u00e3o?<\/dt>\n<dd>Sim, o ideal \u00e9 evitar exerc\u00edcios intensos por pelo menos 24 horas ap\u00f3s a depila\u00e7\u00e3o, para n\u00e3o aumentar a irrita\u00e7\u00e3o e o risco de inflama\u00e7\u00e3o.<\/dd>\n<\/dl>\n<\/section>\n<footer>\n<p><strong>Resumo:<\/strong> Prevenir foliculite e pelos encravados na depila\u00e7\u00e3o da virilha depende de cuidados antes, durante e ap\u00f3s o procedimento. Atente-se \u00e0 escolha do m\u00e9todo, higiene, esfolia\u00e7\u00e3o e hidrata\u00e7\u00e3o da pele, e, se necess\u00e1rio, procure sempre orienta\u00e7\u00e3o de um profissional especializado.<\/p>\n<nav>\n<ul>\n<li><a href=\"#\">Dicas para depila\u00e7\u00e3o sem dor<\/a><\/li>\n<li><a href=\"#\">Entenda como funciona a depila\u00e7\u00e3o a laser<\/a><\/li>\n<li><a href=\"#\">Cuidados p\u00f3s-depila\u00e7\u00e3o para peles sens\u00edveis<\/a><\/li>\n<\/ul>\n<\/nav>\n<\/footer>\n<\/article>\n","protected":false},"excerpt":{"rendered":"<p>Preven\u00e7\u00e3o de Foliculite e Pelos Encravados na Depila\u00e7\u00e3o da Virilha: Guia Completo O Que \u00e9 Foliculite e Por Que Ela Aparece na Depila\u00e7\u00e3o? A foliculite \u00e9 uma inflama\u00e7\u00e3o dos fol\u00edculos pilosos \u2014 ou seja, das &#8220;ra\u00edzes&#8221; dos pelos \u2014 sendo um problema comum em \u00e1reas depiladas, como a virilha. Ela se caracteriza por pequenas bolinhas &hellip;<\/p>\n<p class=\"read-more\"> <a class=\"\" href=\"https:\/\/fernandadepilacao.com.br\/portal\/2026\/04\/guia-completo-prevenir-foliculite-pelos-encravados-depilacao-virilha\/\"> <span class=\"screen-reader-text\">Guia Completo para Prevenir Foliculite e Pelos Encravados na Depila\u00e7\u00e3o da Virilha<\/span> Leia mais &raquo;<\/a><\/p>\n","protected":false},"author":1,"featured_media":1682,"comment_status":"open","ping_status":"open","sticky":false,"template":"","format":"standard","meta":[],"categories":[1],"tags":[],"yoast_head":"<!-- This site is optimized with the Yoast SEO plugin v18.4.1 - https:\/\/yoast.com\/wordpress\/plugins\/seo\/ -->\n<title>Guia Completo para Prevenir Foliculite e Pelos Encravados na Depila\u00e7\u00e3o da Virilha - Fernanda Depila\u00e7\u00e3o<\/title>\n<meta name=\"robots\" content=\"index, follow, max-snippet:-1, max-image-preview:large, max-video-preview:-1\" \/>\n<link rel=\"canonical\" href=\"https:\/\/fernandadepilacao.com.br\/portal\/2026\/04\/guia-completo-prevenir-foliculite-pelos-encravados-depilacao-virilha\/\" \/>\n<meta property=\"og:locale\" content=\"pt_BR\" \/>\n<meta property=\"og:type\" content=\"article\" \/>\n<meta property=\"og:title\" content=\"Guia Completo para Prevenir Foliculite e Pelos Encravados na Depila\u00e7\u00e3o da Virilha - Fernanda Depila\u00e7\u00e3o\" \/>\n<meta property=\"og:description\" content=\"Preven\u00e7\u00e3o de Foliculite e Pelos Encravados na Depila\u00e7\u00e3o da Virilha: Guia Completo O Que \u00e9 Foliculite e Por Que Ela Aparece na Depila\u00e7\u00e3o? A foliculite \u00e9 uma inflama\u00e7\u00e3o dos fol\u00edculos pilosos \u2014 ou seja, das &#8220;ra\u00edzes&#8221; dos pelos \u2014 sendo um problema comum em \u00e1reas depiladas, como a virilha. Ela se caracteriza por pequenas bolinhas &hellip; Guia Completo para Prevenir Foliculite e Pelos Encravados na Depila\u00e7\u00e3o da Virilha Leia mais &raquo;\" \/>\n<meta property=\"og:url\" content=\"https:\/\/fernandadepilacao.com.br\/portal\/2026\/04\/guia-completo-prevenir-foliculite-pelos-encravados-depilacao-virilha\/\" \/>\n<meta property=\"og:site_name\" content=\"Fernanda Depila\u00e7\u00e3o\" \/>\n<meta property=\"article:publisher\" content=\"https:\/\/www.facebook.com\/ferjobdepilacao\" \/>\n<meta property=\"article:published_time\" content=\"2026-04-29T11:01:42+00:00\" \/>\n<meta property=\"article:modified_time\" content=\"2026-04-29T11:01:43+00:00\" \/>\n<meta name=\"twitter:card\" content=\"summary_large_image\" \/>\n<meta name=\"twitter:label1\" content=\"Escrito por\" \/>\n\t<meta name=\"twitter:data1\" content=\"fernandajob\" \/>\n\t<meta name=\"twitter:label2\" content=\"Est. tempo de leitura\" \/>\n\t<meta name=\"twitter:data2\" content=\"4 minutos\" \/>\n<script type=\"application\/ld+json\" class=\"yoast-schema-graph\">{\"@context\":\"https:\/\/schema.org\",\"@graph\":[{\"@type\":\"Organization\",\"@id\":\"https:\/\/fernandadepilacao.com.br\/portal\/#organization\",\"name\":\"Fernanda Depila\u00e7\u00e3o\",\"url\":\"https:\/\/fernandadepilacao.com.br\/portal\/\",\"sameAs\":[\"https:\/\/www.facebook.com\/ferjobdepilacao\",\"http:\/\/instagram.com\/fernanda_job\"],\"logo\":{\"@type\":\"ImageObject\",\"@id\":\"https:\/\/fernandadepilacao.com.br\/portal\/#logo\",\"inLanguage\":\"pt-BR\",\"url\":\"http:\/\/fernandadepilacao.com.br\/portal\/wp-content\/uploads\/2021\/03\/logo_fernanda.png\",\"contentUrl\":\"http:\/\/fernandadepilacao.com.br\/portal\/wp-content\/uploads\/2021\/03\/logo_fernanda.png\",\"width\":673,\"height\":688,\"caption\":\"Fernanda Depila\u00e7\u00e3o\"},\"image\":{\"@id\":\"https:\/\/fernandadepilacao.com.br\/portal\/#logo\"}},{\"@type\":\"WebSite\",\"@id\":\"https:\/\/fernandadepilacao.com.br\/portal\/#website\",\"url\":\"https:\/\/fernandadepilacao.com.br\/portal\/\",\"name\":\"Fernanda Depila\u00e7\u00e3o\",\"description\":\"\",\"publisher\":{\"@id\":\"https:\/\/fernandadepilacao.com.br\/portal\/#organization\"},\"potentialAction\":[{\"@type\":\"SearchAction\",\"target\":{\"@type\":\"EntryPoint\",\"urlTemplate\":\"https:\/\/fernandadepilacao.com.br\/portal\/?s={search_term_string}\"},\"query-input\":\"required name=search_term_string\"}],\"inLanguage\":\"pt-BR\"},{\"@type\":\"ImageObject\",\"@id\":\"https:\/\/fernandadepilacao.com.br\/portal\/2026\/04\/guia-completo-prevenir-foliculite-pelos-encravados-depilacao-virilha\/#primaryimage\",\"inLanguage\":\"pt-BR\",\"url\":\"https:\/\/fernandadepilacao.com.br\/portal\/wp-content\/uploads\/2026\/04\/20260429080140.png\",\"contentUrl\":\"https:\/\/fernandadepilacao.com.br\/portal\/wp-content\/uploads\/2026\/04\/20260429080140.png\",\"width\":500,\"height\":500},{\"@type\":\"WebPage\",\"@id\":\"https:\/\/fernandadepilacao.com.br\/portal\/2026\/04\/guia-completo-prevenir-foliculite-pelos-encravados-depilacao-virilha\/#webpage\",\"url\":\"https:\/\/fernandadepilacao.com.br\/portal\/2026\/04\/guia-completo-prevenir-foliculite-pelos-encravados-depilacao-virilha\/\",\"name\":\"Guia Completo para Prevenir Foliculite e Pelos Encravados na Depila\u00e7\u00e3o da Virilha - Fernanda Depila\u00e7\u00e3o\",\"isPartOf\":{\"@id\":\"https:\/\/fernandadepilacao.com.br\/portal\/#website\"},\"primaryImageOfPage\":{\"@id\":\"https:\/\/fernandadepilacao.com.br\/portal\/2026\/04\/guia-completo-prevenir-foliculite-pelos-encravados-depilacao-virilha\/#primaryimage\"},\"datePublished\":\"2026-04-29T11:01:42+00:00\",\"dateModified\":\"2026-04-29T11:01:43+00:00\",\"breadcrumb\":{\"@id\":\"https:\/\/fernandadepilacao.com.br\/portal\/2026\/04\/guia-completo-prevenir-foliculite-pelos-encravados-depilacao-virilha\/#breadcrumb\"},\"inLanguage\":\"pt-BR\",\"potentialAction\":[{\"@type\":\"ReadAction\",\"target\":[\"https:\/\/fernandadepilacao.com.br\/portal\/2026\/04\/guia-completo-prevenir-foliculite-pelos-encravados-depilacao-virilha\/\"]}]},{\"@type\":\"BreadcrumbList\",\"@id\":\"https:\/\/fernandadepilacao.com.br\/portal\/2026\/04\/guia-completo-prevenir-foliculite-pelos-encravados-depilacao-virilha\/#breadcrumb\",\"itemListElement\":[{\"@type\":\"ListItem\",\"position\":1,\"name\":\"In\u00edcio\",\"item\":\"http:\/\/fernandadepilacao.com.br\/portal\/\"},{\"@type\":\"ListItem\",\"position\":2,\"name\":\"Guia Completo para Prevenir Foliculite e Pelos Encravados na Depila\u00e7\u00e3o da Virilha\"}]},{\"@type\":\"Article\",\"@id\":\"https:\/\/fernandadepilacao.com.br\/portal\/2026\/04\/guia-completo-prevenir-foliculite-pelos-encravados-depilacao-virilha\/#article\",\"isPartOf\":{\"@id\":\"https:\/\/fernandadepilacao.com.br\/portal\/2026\/04\/guia-completo-prevenir-foliculite-pelos-encravados-depilacao-virilha\/#webpage\"},\"author\":{\"@id\":\"https:\/\/fernandadepilacao.com.br\/portal\/#\/schema\/person\/d00644c3bbfd9fd17711767a3b1abbd0\"},\"headline\":\"Guia Completo para Prevenir Foliculite e Pelos Encravados na Depila\u00e7\u00e3o da Virilha\",\"datePublished\":\"2026-04-29T11:01:42+00:00\",\"dateModified\":\"2026-04-29T11:01:43+00:00\",\"mainEntityOfPage\":{\"@id\":\"https:\/\/fernandadepilacao.com.br\/portal\/2026\/04\/guia-completo-prevenir-foliculite-pelos-encravados-depilacao-virilha\/#webpage\"},\"wordCount\":786,\"commentCount\":0,\"publisher\":{\"@id\":\"https:\/\/fernandadepilacao.com.br\/portal\/#organization\"},\"image\":{\"@id\":\"https:\/\/fernandadepilacao.com.br\/portal\/2026\/04\/guia-completo-prevenir-foliculite-pelos-encravados-depilacao-virilha\/#primaryimage\"},\"thumbnailUrl\":\"https:\/\/fernandadepilacao.com.br\/portal\/wp-content\/uploads\/2026\/04\/20260429080140.png\",\"inLanguage\":\"pt-BR\",\"potentialAction\":[{\"@type\":\"CommentAction\",\"name\":\"Comment\",\"target\":[\"https:\/\/fernandadepilacao.com.br\/portal\/2026\/04\/guia-completo-prevenir-foliculite-pelos-encravados-depilacao-virilha\/#respond\"]}]},{\"@type\":\"Person\",\"@id\":\"https:\/\/fernandadepilacao.com.br\/portal\/#\/schema\/person\/d00644c3bbfd9fd17711767a3b1abbd0\",\"name\":\"fernandajob\",\"image\":{\"@type\":\"ImageObject\",\"@id\":\"https:\/\/fernandadepilacao.com.br\/portal\/#personlogo\",\"inLanguage\":\"pt-BR\",\"url\":\"https:\/\/secure.gravatar.com\/avatar\/6c2268a68d69a325906fbdccd74b18e6?s=96&d=mm&r=g\",\"contentUrl\":\"https:\/\/secure.gravatar.com\/avatar\/6c2268a68d69a325906fbdccd74b18e6?s=96&d=mm&r=g\",\"caption\":\"fernandajob\"},\"sameAs\":[\"http:\/\/fernandadepilacao.com.br\/portal\"]}]}<\/script>\n<!-- \/ Yoast SEO plugin. -->","yoast_head_json":{"title":"Guia Completo para Prevenir Foliculite e Pelos Encravados na Depila\u00e7\u00e3o da Virilha - Fernanda Depila\u00e7\u00e3o","robots":{"index":"index","follow":"follow","max-snippet":"max-snippet:-1","max-image-preview":"max-image-preview:large","max-video-preview":"max-video-preview:-1"},"canonical":"https:\/\/fernandadepilacao.com.br\/portal\/2026\/04\/guia-completo-prevenir-foliculite-pelos-encravados-depilacao-virilha\/","og_locale":"pt_BR","og_type":"article","og_title":"Guia Completo para Prevenir Foliculite e Pelos Encravados na Depila\u00e7\u00e3o da Virilha - Fernanda Depila\u00e7\u00e3o","og_description":"Preven\u00e7\u00e3o de Foliculite e Pelos Encravados na Depila\u00e7\u00e3o da Virilha: Guia Completo O Que \u00e9 Foliculite e Por Que Ela Aparece na Depila\u00e7\u00e3o? A foliculite \u00e9 uma inflama\u00e7\u00e3o dos fol\u00edculos pilosos \u2014 ou seja, das &#8220;ra\u00edzes&#8221; dos pelos \u2014 sendo um problema comum em \u00e1reas depiladas, como a virilha. Ela se caracteriza por pequenas bolinhas &hellip; Guia Completo para Prevenir Foliculite e Pelos Encravados na Depila\u00e7\u00e3o da Virilha Leia mais &raquo;","og_url":"https:\/\/fernandadepilacao.com.br\/portal\/2026\/04\/guia-completo-prevenir-foliculite-pelos-encravados-depilacao-virilha\/","og_site_name":"Fernanda Depila\u00e7\u00e3o","article_publisher":"https:\/\/www.facebook.com\/ferjobdepilacao","article_published_time":"2026-04-29T11:01:42+00:00","article_modified_time":"2026-04-29T11:01:43+00:00","twitter_card":"summary_large_image","twitter_misc":{"Escrito por":"fernandajob","Est. tempo de leitura":"4 minutos"},"schema":{"@context":"https:\/\/schema.org","@graph":[{"@type":"Organization","@id":"https:\/\/fernandadepilacao.com.br\/portal\/#organization","name":"Fernanda Depila\u00e7\u00e3o","url":"https:\/\/fernandadepilacao.com.br\/portal\/","sameAs":["https:\/\/www.facebook.com\/ferjobdepilacao","http:\/\/instagram.com\/fernanda_job"],"logo":{"@type":"ImageObject","@id":"https:\/\/fernandadepilacao.com.br\/portal\/#logo","inLanguage":"pt-BR","url":"http:\/\/fernandadepilacao.com.br\/portal\/wp-content\/uploads\/2021\/03\/logo_fernanda.png","contentUrl":"http:\/\/fernandadepilacao.com.br\/portal\/wp-content\/uploads\/2021\/03\/logo_fernanda.png","width":673,"height":688,"caption":"Fernanda Depila\u00e7\u00e3o"},"image":{"@id":"https:\/\/fernandadepilacao.com.br\/portal\/#logo"}},{"@type":"WebSite","@id":"https:\/\/fernandadepilacao.com.br\/portal\/#website","url":"https:\/\/fernandadepilacao.com.br\/portal\/","name":"Fernanda Depila\u00e7\u00e3o","description":"","publisher":{"@id":"https:\/\/fernandadepilacao.com.br\/portal\/#organization"},"potentialAction":[{"@type":"SearchAction","target":{"@type":"EntryPoint","urlTemplate":"https:\/\/fernandadepilacao.com.br\/portal\/?s={search_term_string}"},"query-input":"required name=search_term_string"}],"inLanguage":"pt-BR"},{"@type":"ImageObject","@id":"https:\/\/fernandadepilacao.com.br\/portal\/2026\/04\/guia-completo-prevenir-foliculite-pelos-encravados-depilacao-virilha\/#primaryimage","inLanguage":"pt-BR","url":"https:\/\/fernandadepilacao.com.br\/portal\/wp-content\/uploads\/2026\/04\/20260429080140.png","contentUrl":"https:\/\/fernandadepilacao.com.br\/portal\/wp-content\/uploads\/2026\/04\/20260429080140.png","width":500,"height":500},{"@type":"WebPage","@id":"https:\/\/fernandadepilacao.com.br\/portal\/2026\/04\/guia-completo-prevenir-foliculite-pelos-encravados-depilacao-virilha\/#webpage","url":"https:\/\/fernandadepilacao.com.br\/portal\/2026\/04\/guia-completo-prevenir-foliculite-pelos-encravados-depilacao-virilha\/","name":"Guia Completo para Prevenir Foliculite e Pelos Encravados na Depila\u00e7\u00e3o da Virilha - Fernanda Depila\u00e7\u00e3o","isPartOf":{"@id":"https:\/\/fernandadepilacao.com.br\/portal\/#website"},"primaryImageOfPage":{"@id":"https:\/\/fernandadepilacao.com.br\/portal\/2026\/04\/guia-completo-prevenir-foliculite-pelos-encravados-depilacao-virilha\/#primaryimage"},"datePublished":"2026-04-29T11:01:42+00:00","dateModified":"2026-04-29T11:01:43+00:00","breadcrumb":{"@id":"https:\/\/fernandadepilacao.com.br\/portal\/2026\/04\/guia-completo-prevenir-foliculite-pelos-encravados-depilacao-virilha\/#breadcrumb"},"inLanguage":"pt-BR","potentialAction":[{"@type":"ReadAction","target":["https:\/\/fernandadepilacao.com.br\/portal\/2026\/04\/guia-completo-prevenir-foliculite-pelos-encravados-depilacao-virilha\/"]}]},{"@type":"BreadcrumbList","@id":"https:\/\/fernandadepilacao.com.br\/portal\/2026\/04\/guia-completo-prevenir-foliculite-pelos-encravados-depilacao-virilha\/#breadcrumb","itemListElement":[{"@type":"ListItem","position":1,"name":"In\u00edcio","item":"http:\/\/fernandadepilacao.com.br\/portal\/"},{"@type":"ListItem","position":2,"name":"Guia Completo para Prevenir Foliculite e Pelos Encravados na Depila\u00e7\u00e3o da Virilha"}]},{"@type":"Article","@id":"https:\/\/fernandadepilacao.com.br\/portal\/2026\/04\/guia-completo-prevenir-foliculite-pelos-encravados-depilacao-virilha\/#article","isPartOf":{"@id":"https:\/\/fernandadepilacao.com.br\/portal\/2026\/04\/guia-completo-prevenir-foliculite-pelos-encravados-depilacao-virilha\/#webpage"},"author":{"@id":"https:\/\/fernandadepilacao.com.br\/portal\/#\/schema\/person\/d00644c3bbfd9fd17711767a3b1abbd0"},"headline":"Guia Completo para Prevenir Foliculite e Pelos Encravados na Depila\u00e7\u00e3o da Virilha","datePublished":"2026-04-29T11:01:42+00:00","dateModified":"2026-04-29T11:01:43+00:00","mainEntityOfPage":{"@id":"https:\/\/fernandadepilacao.com.br\/portal\/2026\/04\/guia-completo-prevenir-foliculite-pelos-encravados-depilacao-virilha\/#webpage"},"wordCount":786,"commentCount":0,"publisher":{"@id":"https:\/\/fernandadepilacao.com.br\/portal\/#organization"},"image":{"@id":"https:\/\/fernandadepilacao.com.br\/portal\/2026\/04\/guia-completo-prevenir-foliculite-pelos-encravados-depilacao-virilha\/#primaryimage"},"thumbnailUrl":"https:\/\/fernandadepilacao.com.br\/portal\/wp-content\/uploads\/2026\/04\/20260429080140.png","inLanguage":"pt-BR","potentialAction":[{"@type":"CommentAction","name":"Comment","target":["https:\/\/fernandadepilacao.com.br\/portal\/2026\/04\/guia-completo-prevenir-foliculite-pelos-encravados-depilacao-virilha\/#respond"]}]},{"@type":"Person","@id":"https:\/\/fernandadepilacao.com.br\/portal\/#\/schema\/person\/d00644c3bbfd9fd17711767a3b1abbd0","name":"fernandajob","image":{"@type":"ImageObject","@id":"https:\/\/fernandadepilacao.com.br\/portal\/#personlogo","inLanguage":"pt-BR","url":"https:\/\/secure.gravatar.com\/avatar\/6c2268a68d69a325906fbdccd74b18e6?s=96&d=mm&r=g","contentUrl":"https:\/\/secure.gravatar.com\/avatar\/6c2268a68d69a325906fbdccd74b18e6?s=96&d=mm&r=g","caption":"fernandajob"},"sameAs":["http:\/\/fernandadepilacao.com.br\/portal"]}]}},"uagb_featured_image_src":{"full":["https:\/\/fernandadepilacao.com.br\/portal\/wp-content\/uploads\/2026\/04\/20260429080140.png",500,500,false],"thumbnail":["https:\/\/fernandadepilacao.com.br\/portal\/wp-content\/uploads\/2026\/04\/20260429080140-150x150.png",150,150,true],"medium":["https:\/\/fernandadepilacao.com.br\/portal\/wp-content\/uploads\/2026\/04\/20260429080140-300x300.png",300,300,true],"medium_large":["https:\/\/fernandadepilacao.com.br\/portal\/wp-content\/uploads\/2026\/04\/20260429080140.png",500,500,false],"large":["https:\/\/fernandadepilacao.com.br\/portal\/wp-content\/uploads\/2026\/04\/20260429080140.png",500,500,false],"1536x1536":["https:\/\/fernandadepilacao.com.br\/portal\/wp-content\/uploads\/2026\/04\/20260429080140.png",500,500,false],"2048x2048":["https:\/\/fernandadepilacao.com.br\/portal\/wp-content\/uploads\/2026\/04\/20260429080140.png",500,500,false]},"uagb_author_info":{"display_name":"fernandajob","author_link":"https:\/\/fernandadepilacao.com.br\/portal\/author\/fernandajob\/"},"uagb_comment_info":0,"uagb_excerpt":"Preven\u00e7\u00e3o de Foliculite e Pelos Encravados na Depila\u00e7\u00e3o da Virilha: Guia Completo O Que \u00e9 Foliculite e Por Que Ela Aparece na Depila\u00e7\u00e3o? A foliculite \u00e9 uma inflama\u00e7\u00e3o dos fol\u00edculos pilosos \u2014 ou seja, das &#8220;ra\u00edzes&#8221; dos pelos \u2014 sendo um problema comum em \u00e1reas depiladas, como a virilha. Ela se caracteriza por pequenas bolinhas&hellip;","_links":{"self":[{"href":"https:\/\/fernandadepilacao.com.br\/portal\/wp-json\/wp\/v2\/posts\/1683"}],"collection":[{"href":"https:\/\/fernandadepilacao.com.br\/portal\/wp-json\/wp\/v2\/posts"}],"about":[{"href":"https:\/\/fernandadepilacao.com.br\/portal\/wp-json\/wp\/v2\/types\/post"}],"author":[{"embeddable":true,"href":"https:\/\/fernandadepilacao.com.br\/portal\/wp-json\/wp\/v2\/users\/1"}],"replies":[{"embeddable":true,"href":"https:\/\/fernandadepilacao.com.br\/portal\/wp-json\/wp\/v2\/comments?post=1683"}],"version-history":[{"count":1,"href":"https:\/\/fernandadepilacao.com.br\/portal\/wp-json\/wp\/v2\/posts\/1683\/revisions"}],"predecessor-version":[{"id":1684,"href":"https:\/\/fernandadepilacao.com.br\/portal\/wp-json\/wp\/v2\/posts\/1683\/revisions\/1684"}],"wp:featuredmedia":[{"embeddable":true,"href":"https:\/\/fernandadepilacao.com.br\/portal\/wp-json\/wp\/v2\/media\/1682"}],"wp:attachment":[{"href":"https:\/\/fernandadepilacao.com.br\/portal\/wp-json\/wp\/v2\/media?parent=1683"}],"wp:term":[{"taxonomy":"category","embeddable":true,"href":"https:\/\/fernandadepilacao.com.br\/portal\/wp-json\/wp\/v2\/categories?post=1683"},{"taxonomy":"post_tag","embeddable":true,"href":"https:\/\/fernandadepilacao.com.br\/portal\/wp-json\/wp\/v2\/tags?post=1683"}],"curies":[{"name":"wp","href":"https:\/\/api.w.org\/{rel}","templated":true}]}}