{"id":1680,"date":"2026-04-27T08:01:29","date_gmt":"2026-04-27T11:01:29","guid":{"rendered":"https:\/\/fernandadepilacao.com.br\/portal\/2026\/04\/guia-completo-cuidados-pre-e-pos-depilacao-virilha\/"},"modified":"2026-04-27T08:01:30","modified_gmt":"2026-04-27T11:01:30","slug":"guia-completo-cuidados-pre-e-pos-depilacao-virilha","status":"publish","type":"post","link":"https:\/\/fernandadepilacao.com.br\/portal\/2026\/04\/guia-completo-cuidados-pre-e-pos-depilacao-virilha\/","title":{"rendered":"Guia Completo de Cuidados Pr\u00e9 e P\u00f3s-Depila\u00e7\u00e3o da Virilha"},"content":{"rendered":"<article>\n<header>\n<h1>Cuidados Pr\u00e9 e P\u00f3s-Depila\u00e7\u00e3o da Virilha: Guia Completo para Pele Saud\u00e1vel<\/h1>\n<p>    <meta name=\"description\" content=\"Descubra os principais cuidados pr\u00e9 e p\u00f3s-depila\u00e7\u00e3o da virilha, garanta pele lisa, evite irrita\u00e7\u00f5es e foliculite com dicas profissionais.\" \/><br \/>\n  <\/header>\n<section>\n<h2>Introdu\u00e7\u00e3o<\/h2>\n<p>A depila\u00e7\u00e3o da virilha \u00e9 um procedimento muito procurado por quem deseja conforto, higiene e autoestima elevada durante todo o ano. No entanto, a \u00e1rea \u00edntima exige aten\u00e7\u00e3o redobrada, tanto antes quanto depois da depila\u00e7\u00e3o, para evitar irrita\u00e7\u00f5es, foliculite e outros desconfortos. Se voc\u00ea busca uma pele lisinha, macia e livre de problemas, confira os cuidados essenciais pr\u00e9 e p\u00f3s-depila\u00e7\u00e3o da virilha!<\/p>\n<\/section>\n<section>\n<h2>Por Que os Cuidados S\u00e3o Importantes?<\/h2>\n<p>Os <strong>cuidados pr\u00e9 e p\u00f3s-depila\u00e7\u00e3o na virilha<\/strong> t\u00eam como objetivo proteger a integridade da pele, prevenindo rea\u00e7\u00f5es al\u00e9rgicas, encravamento de pelos e manchas escuras. A virilha possui uma pele mais fina e sens\u00edvel, demandando m\u00e9todos adequados e aten\u00e7\u00e3o especial no preparo e na recupera\u00e7\u00e3o da \u00e1rea.<\/p>\n<\/section>\n<section>\n<h2>Cuidados Pr\u00e9-Depila\u00e7\u00e3o da Virilha<\/h2>\n<ul>\n<li><strong>Higiene:<\/strong> Lave a regi\u00e3o com sabonete neutro antes da depila\u00e7\u00e3o para retirar res\u00edduos de suor, cremes ou \u00f3leos. Isso evita a prolifera\u00e7\u00e3o de bact\u00e9rias e reduz o risco de infec\u00e7\u00f5es.<\/li>\n<li><strong>Esfolia\u00e7\u00e3o:<\/strong> Fa\u00e7a uma esfolia\u00e7\u00e3o suave at\u00e9 48 horas antes da depila\u00e7\u00e3o para remover c\u00e9lulas mortas e facilitar a retirada dos fios. Isso previne pelos encravados.<\/li>\n<li><strong>Pele seca:<\/strong> Certifique-se de que a pele est\u00e1 completamente seca antes do procedimento. A umidade pode dificultar a ader\u00eancia da cera ou l\u00e2mina.<\/li>\n<li><strong>Tamanho dos pelos:<\/strong> O comprimento ideal para os pelos est\u00e1 entre 0,5cm e 1cm. Pelos muito curtos dificultam a remo\u00e7\u00e3o, e muito longos podem aumentar o desconforto.<\/li>\n<li><strong>Aten\u00e7\u00e3o ao ciclo menstrual:<\/strong> Evite depilar nos dias pr\u00f3ximos \u00e0 menstrua\u00e7\u00e3o, quando a sensibilidade na \u00e1rea \u00edntima est\u00e1 aumentada.<\/li>\n<li><strong>Evite cremes corporais:<\/strong> N\u00e3o aplique hidratantes, desodorantes ou \u00f3leos no dia da depila\u00e7\u00e3o \u2013 eles podem interferir no resultado e aumentar riscos de alergia.<\/li>\n<\/ul>\n<\/section>\n<section>\n<h2>Cuidados P\u00f3s-Depila\u00e7\u00e3o da Virilha<\/h2>\n<ul>\n<li><strong>Hidrata\u00e7\u00e3o:<\/strong> Ap\u00f3s a depila\u00e7\u00e3o, aposte em um hidratante suave, sem \u00e1lcool e sem perfume. Existem produtos espec\u00edficos para a regi\u00e3o \u00edntima, com a\u00e7\u00e3o calmante que evitam ard\u00eancia e coceira.<\/li>\n<li><strong>Compressas frias:<\/strong> Caso sinta sensibilidade ou vermelhid\u00e3o, aplique compressas frias sobre a \u00e1rea depilada para acalmar a pele.<\/li>\n<li><strong>Roupas leves:<\/strong> Prefira roupas folgadas e de algod\u00e3o nas primeiras 24 a 48 horas para evitar atrito e abafamento.<\/li>\n<li><strong>Evite calor excessivo:<\/strong> N\u00e3o fa\u00e7a atividades que causem suor intenso, como malhar ou tomar banhos muito quentes, nas primeiras horas ap\u00f3s a depila\u00e7\u00e3o.<\/li>\n<li><strong>N\u00e3o coce e n\u00e3o esfregue:<\/strong> Resistir \u00e0 tenta\u00e7\u00e3o de co\u00e7ar ou esfregar a \u00e1rea depilada \u00e9 fundamental para evitar irrita\u00e7\u00f5es e microles\u00f5es.<\/li>\n<li><strong>Esfolie semanalmente:<\/strong> Ap\u00f3s 3 dias da depila\u00e7\u00e3o, fa\u00e7a esfolia\u00e7\u00e3o suave semanalmente \u2013 isso previne foliculite (pelos encravados) e mant\u00e9m a pele saud\u00e1vel.<\/li>\n<li><strong>Evite exposi\u00e7\u00e3o solar:<\/strong> N\u00e3o exponha a regi\u00e3o depilada ao sol nas primeiras 48 horas para evitar manchas e hiperpigmenta\u00e7\u00e3o.<\/li>\n<\/ul>\n<\/section>\n<section>\n<h2>Dicas Extras para Depila\u00e7\u00e3o da Virilha sem Complica\u00e7\u00f5es<\/h2>\n<ul>\n<li><strong>Escolha o m\u00e9todo ideal:<\/strong> Cera quente, cera fria, l\u00e2mina, creme depilat\u00f3rio ou depila\u00e7\u00e3o com linha: cada t\u00e9cnica possui pr\u00f3s e contras. Sempre opte por m\u00e9todos adequados ao seu tipo de pele.<\/li>\n<li><strong>Fa\u00e7a um teste de sensibilidade:<\/strong> Antes de usar produtos novos, aplique uma pequena quantidade em outra \u00e1rea do corpo, como o antebra\u00e7o.<\/li>\n<li><strong>Consulte uma profissional de est\u00e9tica:<\/strong> Procure sempre cl\u00ednicas especializadas para minimizar riscos, especialmente em m\u00e9todos como a depila\u00e7\u00e3o a laser ou com cera quente.<\/li>\n<\/ul>\n<\/section>\n<section>\n<h2>Perguntas Frequentes sobre Depila\u00e7\u00e3o da Virilha<\/h2>\n<h3>Quanto tempo dura o resultado da depila\u00e7\u00e3o da virilha?<\/h3>\n<p>O tempo varia conforme o m\u00e9todo utilizado: a cera dura em m\u00e9dia tr\u00eas a quatro semanas, enquanto o uso da l\u00e2mina garante pele lisa por alguns dias. M\u00e9todos definitivos, como o laser, reduzem progressivamente o crescimento dos pelos.<\/p>\n<h3>Como evitar pelos encravados na virilha?<\/h3>\n<p>A esfolia\u00e7\u00e3o regular e a hidrata\u00e7\u00e3o constante s\u00e3o as melhores maneiras de prevenir a foliculite, al\u00e9m de evitar roupas apertadas e manter a higiene adequada.<\/p>\n<h3>Qual melhor hidratante p\u00f3s-depila\u00e7\u00e3o da virilha?<\/h3>\n<p>Prefira hidratantes hipoalerg\u00eanicos, sem perfume e com agentes calmantes, como aloe vera ou camomila. Existem produtos espec\u00edficos desenvolvidos para a \u00e1rea \u00edntima dispon\u00edveis em farm\u00e1cias e perfumarias.<\/p>\n<\/section>\n<section>\n<h2>Conclus\u00e3o<\/h2>\n<p>Manter os cuidados <strong>pr\u00e9 e p\u00f3s-depila\u00e7\u00e3o da virilha<\/strong> \u00e9 fundamental para quem busca uma pele saud\u00e1vel, livre de manchas e irrita\u00e7\u00f5es. Apostar em m\u00e9todos adequados, utilizar produtos espec\u00edficos e respeitar o tempo de recupera\u00e7\u00e3o da pele garantem um resultado duradouro e seguro. Cuide-se com carinho e, sempre que poss\u00edvel, conte com o acompanhamento de uma profissional de est\u00e9tica!<\/p>\n<\/section>\n<footer>\n<p>Para mais dicas sobre depila\u00e7\u00e3o, cuidados com a pele e est\u00e9tica \u00edntima, acompanhe nosso blog e fique sempre por dentro das novidades!<\/p>\n<\/footer>\n<\/article>\n","protected":false},"excerpt":{"rendered":"<p>Cuidados Pr\u00e9 e P\u00f3s-Depila\u00e7\u00e3o da Virilha: Guia Completo para Pele Saud\u00e1vel Introdu\u00e7\u00e3o A depila\u00e7\u00e3o da virilha \u00e9 um procedimento muito procurado por quem deseja conforto, higiene e autoestima elevada durante todo o ano. No entanto, a \u00e1rea \u00edntima exige aten\u00e7\u00e3o redobrada, tanto antes quanto depois da depila\u00e7\u00e3o, para evitar irrita\u00e7\u00f5es, foliculite e outros desconfortos. Se &hellip;<\/p>\n<p class=\"read-more\"> <a class=\"\" href=\"https:\/\/fernandadepilacao.com.br\/portal\/2026\/04\/guia-completo-cuidados-pre-e-pos-depilacao-virilha\/\"> <span class=\"screen-reader-text\">Guia Completo de Cuidados Pr\u00e9 e P\u00f3s-Depila\u00e7\u00e3o da Virilha<\/span> Leia mais &raquo;<\/a><\/p>\n","protected":false},"author":1,"featured_media":1679,"comment_status":"open","ping_status":"open","sticky":false,"template":"","format":"standard","meta":[],"categories":[1],"tags":[],"yoast_head":"<!-- This site is optimized with the Yoast SEO plugin v18.4.1 - https:\/\/yoast.com\/wordpress\/plugins\/seo\/ -->\n<title>Guia Completo de Cuidados Pr\u00e9 e P\u00f3s-Depila\u00e7\u00e3o da Virilha - Fernanda Depila\u00e7\u00e3o<\/title>\n<meta name=\"robots\" content=\"index, follow, max-snippet:-1, max-image-preview:large, max-video-preview:-1\" \/>\n<link rel=\"canonical\" href=\"https:\/\/fernandadepilacao.com.br\/portal\/2026\/04\/guia-completo-cuidados-pre-e-pos-depilacao-virilha\/\" \/>\n<meta property=\"og:locale\" content=\"pt_BR\" \/>\n<meta property=\"og:type\" content=\"article\" \/>\n<meta property=\"og:title\" content=\"Guia Completo de Cuidados Pr\u00e9 e P\u00f3s-Depila\u00e7\u00e3o da Virilha - Fernanda Depila\u00e7\u00e3o\" \/>\n<meta property=\"og:description\" content=\"Cuidados Pr\u00e9 e P\u00f3s-Depila\u00e7\u00e3o da Virilha: Guia Completo para Pele Saud\u00e1vel Introdu\u00e7\u00e3o A depila\u00e7\u00e3o da virilha \u00e9 um procedimento muito procurado por quem deseja conforto, higiene e autoestima elevada durante todo o ano. No entanto, a \u00e1rea \u00edntima exige aten\u00e7\u00e3o redobrada, tanto antes quanto depois da depila\u00e7\u00e3o, para evitar irrita\u00e7\u00f5es, foliculite e outros desconfortos. Se &hellip; Guia Completo de Cuidados Pr\u00e9 e P\u00f3s-Depila\u00e7\u00e3o da Virilha Leia mais &raquo;\" \/>\n<meta property=\"og:url\" content=\"https:\/\/fernandadepilacao.com.br\/portal\/2026\/04\/guia-completo-cuidados-pre-e-pos-depilacao-virilha\/\" \/>\n<meta property=\"og:site_name\" content=\"Fernanda Depila\u00e7\u00e3o\" \/>\n<meta property=\"article:publisher\" content=\"https:\/\/www.facebook.com\/ferjobdepilacao\" \/>\n<meta property=\"article:published_time\" content=\"2026-04-27T11:01:29+00:00\" \/>\n<meta property=\"article:modified_time\" content=\"2026-04-27T11:01:30+00:00\" \/>\n<meta name=\"twitter:card\" content=\"summary_large_image\" \/>\n<meta name=\"twitter:label1\" content=\"Escrito por\" \/>\n\t<meta name=\"twitter:data1\" content=\"fernandajob\" \/>\n\t<meta name=\"twitter:label2\" content=\"Est. tempo de leitura\" \/>\n\t<meta name=\"twitter:data2\" content=\"4 minutos\" \/>\n<script type=\"application\/ld+json\" class=\"yoast-schema-graph\">{\"@context\":\"https:\/\/schema.org\",\"@graph\":[{\"@type\":\"Organization\",\"@id\":\"https:\/\/fernandadepilacao.com.br\/portal\/#organization\",\"name\":\"Fernanda Depila\u00e7\u00e3o\",\"url\":\"https:\/\/fernandadepilacao.com.br\/portal\/\",\"sameAs\":[\"https:\/\/www.facebook.com\/ferjobdepilacao\",\"http:\/\/instagram.com\/fernanda_job\"],\"logo\":{\"@type\":\"ImageObject\",\"@id\":\"https:\/\/fernandadepilacao.com.br\/portal\/#logo\",\"inLanguage\":\"pt-BR\",\"url\":\"http:\/\/fernandadepilacao.com.br\/portal\/wp-content\/uploads\/2021\/03\/logo_fernanda.png\",\"contentUrl\":\"http:\/\/fernandadepilacao.com.br\/portal\/wp-content\/uploads\/2021\/03\/logo_fernanda.png\",\"width\":673,\"height\":688,\"caption\":\"Fernanda Depila\u00e7\u00e3o\"},\"image\":{\"@id\":\"https:\/\/fernandadepilacao.com.br\/portal\/#logo\"}},{\"@type\":\"WebSite\",\"@id\":\"https:\/\/fernandadepilacao.com.br\/portal\/#website\",\"url\":\"https:\/\/fernandadepilacao.com.br\/portal\/\",\"name\":\"Fernanda Depila\u00e7\u00e3o\",\"description\":\"\",\"publisher\":{\"@id\":\"https:\/\/fernandadepilacao.com.br\/portal\/#organization\"},\"potentialAction\":[{\"@type\":\"SearchAction\",\"target\":{\"@type\":\"EntryPoint\",\"urlTemplate\":\"https:\/\/fernandadepilacao.com.br\/portal\/?s={search_term_string}\"},\"query-input\":\"required name=search_term_string\"}],\"inLanguage\":\"pt-BR\"},{\"@type\":\"ImageObject\",\"@id\":\"https:\/\/fernandadepilacao.com.br\/portal\/2026\/04\/guia-completo-cuidados-pre-e-pos-depilacao-virilha\/#primaryimage\",\"inLanguage\":\"pt-BR\",\"url\":\"https:\/\/fernandadepilacao.com.br\/portal\/wp-content\/uploads\/2026\/04\/20260427080127.png\",\"contentUrl\":\"https:\/\/fernandadepilacao.com.br\/portal\/wp-content\/uploads\/2026\/04\/20260427080127.png\",\"width\":500,\"height\":500},{\"@type\":\"WebPage\",\"@id\":\"https:\/\/fernandadepilacao.com.br\/portal\/2026\/04\/guia-completo-cuidados-pre-e-pos-depilacao-virilha\/#webpage\",\"url\":\"https:\/\/fernandadepilacao.com.br\/portal\/2026\/04\/guia-completo-cuidados-pre-e-pos-depilacao-virilha\/\",\"name\":\"Guia Completo de Cuidados Pr\u00e9 e P\u00f3s-Depila\u00e7\u00e3o da Virilha - Fernanda Depila\u00e7\u00e3o\",\"isPartOf\":{\"@id\":\"https:\/\/fernandadepilacao.com.br\/portal\/#website\"},\"primaryImageOfPage\":{\"@id\":\"https:\/\/fernandadepilacao.com.br\/portal\/2026\/04\/guia-completo-cuidados-pre-e-pos-depilacao-virilha\/#primaryimage\"},\"datePublished\":\"2026-04-27T11:01:29+00:00\",\"dateModified\":\"2026-04-27T11:01:30+00:00\",\"breadcrumb\":{\"@id\":\"https:\/\/fernandadepilacao.com.br\/portal\/2026\/04\/guia-completo-cuidados-pre-e-pos-depilacao-virilha\/#breadcrumb\"},\"inLanguage\":\"pt-BR\",\"potentialAction\":[{\"@type\":\"ReadAction\",\"target\":[\"https:\/\/fernandadepilacao.com.br\/portal\/2026\/04\/guia-completo-cuidados-pre-e-pos-depilacao-virilha\/\"]}]},{\"@type\":\"BreadcrumbList\",\"@id\":\"https:\/\/fernandadepilacao.com.br\/portal\/2026\/04\/guia-completo-cuidados-pre-e-pos-depilacao-virilha\/#breadcrumb\",\"itemListElement\":[{\"@type\":\"ListItem\",\"position\":1,\"name\":\"In\u00edcio\",\"item\":\"http:\/\/fernandadepilacao.com.br\/portal\/\"},{\"@type\":\"ListItem\",\"position\":2,\"name\":\"Guia Completo de Cuidados Pr\u00e9 e P\u00f3s-Depila\u00e7\u00e3o da Virilha\"}]},{\"@type\":\"Article\",\"@id\":\"https:\/\/fernandadepilacao.com.br\/portal\/2026\/04\/guia-completo-cuidados-pre-e-pos-depilacao-virilha\/#article\",\"isPartOf\":{\"@id\":\"https:\/\/fernandadepilacao.com.br\/portal\/2026\/04\/guia-completo-cuidados-pre-e-pos-depilacao-virilha\/#webpage\"},\"author\":{\"@id\":\"https:\/\/fernandadepilacao.com.br\/portal\/#\/schema\/person\/d00644c3bbfd9fd17711767a3b1abbd0\"},\"headline\":\"Guia Completo de Cuidados Pr\u00e9 e P\u00f3s-Depila\u00e7\u00e3o da Virilha\",\"datePublished\":\"2026-04-27T11:01:29+00:00\",\"dateModified\":\"2026-04-27T11:01:30+00:00\",\"mainEntityOfPage\":{\"@id\":\"https:\/\/fernandadepilacao.com.br\/portal\/2026\/04\/guia-completo-cuidados-pre-e-pos-depilacao-virilha\/#webpage\"},\"wordCount\":832,\"commentCount\":0,\"publisher\":{\"@id\":\"https:\/\/fernandadepilacao.com.br\/portal\/#organization\"},\"image\":{\"@id\":\"https:\/\/fernandadepilacao.com.br\/portal\/2026\/04\/guia-completo-cuidados-pre-e-pos-depilacao-virilha\/#primaryimage\"},\"thumbnailUrl\":\"https:\/\/fernandadepilacao.com.br\/portal\/wp-content\/uploads\/2026\/04\/20260427080127.png\",\"inLanguage\":\"pt-BR\",\"potentialAction\":[{\"@type\":\"CommentAction\",\"name\":\"Comment\",\"target\":[\"https:\/\/fernandadepilacao.com.br\/portal\/2026\/04\/guia-completo-cuidados-pre-e-pos-depilacao-virilha\/#respond\"]}]},{\"@type\":\"Person\",\"@id\":\"https:\/\/fernandadepilacao.com.br\/portal\/#\/schema\/person\/d00644c3bbfd9fd17711767a3b1abbd0\",\"name\":\"fernandajob\",\"image\":{\"@type\":\"ImageObject\",\"@id\":\"https:\/\/fernandadepilacao.com.br\/portal\/#personlogo\",\"inLanguage\":\"pt-BR\",\"url\":\"https:\/\/secure.gravatar.com\/avatar\/6c2268a68d69a325906fbdccd74b18e6?s=96&d=mm&r=g\",\"contentUrl\":\"https:\/\/secure.gravatar.com\/avatar\/6c2268a68d69a325906fbdccd74b18e6?s=96&d=mm&r=g\",\"caption\":\"fernandajob\"},\"sameAs\":[\"http:\/\/fernandadepilacao.com.br\/portal\"]}]}<\/script>\n<!-- \/ Yoast SEO plugin. -->","yoast_head_json":{"title":"Guia Completo de Cuidados Pr\u00e9 e P\u00f3s-Depila\u00e7\u00e3o da Virilha - Fernanda Depila\u00e7\u00e3o","robots":{"index":"index","follow":"follow","max-snippet":"max-snippet:-1","max-image-preview":"max-image-preview:large","max-video-preview":"max-video-preview:-1"},"canonical":"https:\/\/fernandadepilacao.com.br\/portal\/2026\/04\/guia-completo-cuidados-pre-e-pos-depilacao-virilha\/","og_locale":"pt_BR","og_type":"article","og_title":"Guia Completo de Cuidados Pr\u00e9 e P\u00f3s-Depila\u00e7\u00e3o da Virilha - Fernanda Depila\u00e7\u00e3o","og_description":"Cuidados Pr\u00e9 e P\u00f3s-Depila\u00e7\u00e3o da Virilha: Guia Completo para Pele Saud\u00e1vel Introdu\u00e7\u00e3o A depila\u00e7\u00e3o da virilha \u00e9 um procedimento muito procurado por quem deseja conforto, higiene e autoestima elevada durante todo o ano. No entanto, a \u00e1rea \u00edntima exige aten\u00e7\u00e3o redobrada, tanto antes quanto depois da depila\u00e7\u00e3o, para evitar irrita\u00e7\u00f5es, foliculite e outros desconfortos. Se &hellip; Guia Completo de Cuidados Pr\u00e9 e P\u00f3s-Depila\u00e7\u00e3o da Virilha Leia mais &raquo;","og_url":"https:\/\/fernandadepilacao.com.br\/portal\/2026\/04\/guia-completo-cuidados-pre-e-pos-depilacao-virilha\/","og_site_name":"Fernanda Depila\u00e7\u00e3o","article_publisher":"https:\/\/www.facebook.com\/ferjobdepilacao","article_published_time":"2026-04-27T11:01:29+00:00","article_modified_time":"2026-04-27T11:01:30+00:00","twitter_card":"summary_large_image","twitter_misc":{"Escrito por":"fernandajob","Est. tempo de leitura":"4 minutos"},"schema":{"@context":"https:\/\/schema.org","@graph":[{"@type":"Organization","@id":"https:\/\/fernandadepilacao.com.br\/portal\/#organization","name":"Fernanda Depila\u00e7\u00e3o","url":"https:\/\/fernandadepilacao.com.br\/portal\/","sameAs":["https:\/\/www.facebook.com\/ferjobdepilacao","http:\/\/instagram.com\/fernanda_job"],"logo":{"@type":"ImageObject","@id":"https:\/\/fernandadepilacao.com.br\/portal\/#logo","inLanguage":"pt-BR","url":"http:\/\/fernandadepilacao.com.br\/portal\/wp-content\/uploads\/2021\/03\/logo_fernanda.png","contentUrl":"http:\/\/fernandadepilacao.com.br\/portal\/wp-content\/uploads\/2021\/03\/logo_fernanda.png","width":673,"height":688,"caption":"Fernanda Depila\u00e7\u00e3o"},"image":{"@id":"https:\/\/fernandadepilacao.com.br\/portal\/#logo"}},{"@type":"WebSite","@id":"https:\/\/fernandadepilacao.com.br\/portal\/#website","url":"https:\/\/fernandadepilacao.com.br\/portal\/","name":"Fernanda Depila\u00e7\u00e3o","description":"","publisher":{"@id":"https:\/\/fernandadepilacao.com.br\/portal\/#organization"},"potentialAction":[{"@type":"SearchAction","target":{"@type":"EntryPoint","urlTemplate":"https:\/\/fernandadepilacao.com.br\/portal\/?s={search_term_string}"},"query-input":"required name=search_term_string"}],"inLanguage":"pt-BR"},{"@type":"ImageObject","@id":"https:\/\/fernandadepilacao.com.br\/portal\/2026\/04\/guia-completo-cuidados-pre-e-pos-depilacao-virilha\/#primaryimage","inLanguage":"pt-BR","url":"https:\/\/fernandadepilacao.com.br\/portal\/wp-content\/uploads\/2026\/04\/20260427080127.png","contentUrl":"https:\/\/fernandadepilacao.com.br\/portal\/wp-content\/uploads\/2026\/04\/20260427080127.png","width":500,"height":500},{"@type":"WebPage","@id":"https:\/\/fernandadepilacao.com.br\/portal\/2026\/04\/guia-completo-cuidados-pre-e-pos-depilacao-virilha\/#webpage","url":"https:\/\/fernandadepilacao.com.br\/portal\/2026\/04\/guia-completo-cuidados-pre-e-pos-depilacao-virilha\/","name":"Guia Completo de Cuidados Pr\u00e9 e P\u00f3s-Depila\u00e7\u00e3o da Virilha - Fernanda Depila\u00e7\u00e3o","isPartOf":{"@id":"https:\/\/fernandadepilacao.com.br\/portal\/#website"},"primaryImageOfPage":{"@id":"https:\/\/fernandadepilacao.com.br\/portal\/2026\/04\/guia-completo-cuidados-pre-e-pos-depilacao-virilha\/#primaryimage"},"datePublished":"2026-04-27T11:01:29+00:00","dateModified":"2026-04-27T11:01:30+00:00","breadcrumb":{"@id":"https:\/\/fernandadepilacao.com.br\/portal\/2026\/04\/guia-completo-cuidados-pre-e-pos-depilacao-virilha\/#breadcrumb"},"inLanguage":"pt-BR","potentialAction":[{"@type":"ReadAction","target":["https:\/\/fernandadepilacao.com.br\/portal\/2026\/04\/guia-completo-cuidados-pre-e-pos-depilacao-virilha\/"]}]},{"@type":"BreadcrumbList","@id":"https:\/\/fernandadepilacao.com.br\/portal\/2026\/04\/guia-completo-cuidados-pre-e-pos-depilacao-virilha\/#breadcrumb","itemListElement":[{"@type":"ListItem","position":1,"name":"In\u00edcio","item":"http:\/\/fernandadepilacao.com.br\/portal\/"},{"@type":"ListItem","position":2,"name":"Guia Completo de Cuidados Pr\u00e9 e P\u00f3s-Depila\u00e7\u00e3o da Virilha"}]},{"@type":"Article","@id":"https:\/\/fernandadepilacao.com.br\/portal\/2026\/04\/guia-completo-cuidados-pre-e-pos-depilacao-virilha\/#article","isPartOf":{"@id":"https:\/\/fernandadepilacao.com.br\/portal\/2026\/04\/guia-completo-cuidados-pre-e-pos-depilacao-virilha\/#webpage"},"author":{"@id":"https:\/\/fernandadepilacao.com.br\/portal\/#\/schema\/person\/d00644c3bbfd9fd17711767a3b1abbd0"},"headline":"Guia Completo de Cuidados Pr\u00e9 e P\u00f3s-Depila\u00e7\u00e3o da Virilha","datePublished":"2026-04-27T11:01:29+00:00","dateModified":"2026-04-27T11:01:30+00:00","mainEntityOfPage":{"@id":"https:\/\/fernandadepilacao.com.br\/portal\/2026\/04\/guia-completo-cuidados-pre-e-pos-depilacao-virilha\/#webpage"},"wordCount":832,"commentCount":0,"publisher":{"@id":"https:\/\/fernandadepilacao.com.br\/portal\/#organization"},"image":{"@id":"https:\/\/fernandadepilacao.com.br\/portal\/2026\/04\/guia-completo-cuidados-pre-e-pos-depilacao-virilha\/#primaryimage"},"thumbnailUrl":"https:\/\/fernandadepilacao.com.br\/portal\/wp-content\/uploads\/2026\/04\/20260427080127.png","inLanguage":"pt-BR","potentialAction":[{"@type":"CommentAction","name":"Comment","target":["https:\/\/fernandadepilacao.com.br\/portal\/2026\/04\/guia-completo-cuidados-pre-e-pos-depilacao-virilha\/#respond"]}]},{"@type":"Person","@id":"https:\/\/fernandadepilacao.com.br\/portal\/#\/schema\/person\/d00644c3bbfd9fd17711767a3b1abbd0","name":"fernandajob","image":{"@type":"ImageObject","@id":"https:\/\/fernandadepilacao.com.br\/portal\/#personlogo","inLanguage":"pt-BR","url":"https:\/\/secure.gravatar.com\/avatar\/6c2268a68d69a325906fbdccd74b18e6?s=96&d=mm&r=g","contentUrl":"https:\/\/secure.gravatar.com\/avatar\/6c2268a68d69a325906fbdccd74b18e6?s=96&d=mm&r=g","caption":"fernandajob"},"sameAs":["http:\/\/fernandadepilacao.com.br\/portal"]}]}},"uagb_featured_image_src":{"full":["https:\/\/fernandadepilacao.com.br\/portal\/wp-content\/uploads\/2026\/04\/20260427080127.png",500,500,false],"thumbnail":["https:\/\/fernandadepilacao.com.br\/portal\/wp-content\/uploads\/2026\/04\/20260427080127-150x150.png",150,150,true],"medium":["https:\/\/fernandadepilacao.com.br\/portal\/wp-content\/uploads\/2026\/04\/20260427080127-300x300.png",300,300,true],"medium_large":["https:\/\/fernandadepilacao.com.br\/portal\/wp-content\/uploads\/2026\/04\/20260427080127.png",500,500,false],"large":["https:\/\/fernandadepilacao.com.br\/portal\/wp-content\/uploads\/2026\/04\/20260427080127.png",500,500,false],"1536x1536":["https:\/\/fernandadepilacao.com.br\/portal\/wp-content\/uploads\/2026\/04\/20260427080127.png",500,500,false],"2048x2048":["https:\/\/fernandadepilacao.com.br\/portal\/wp-content\/uploads\/2026\/04\/20260427080127.png",500,500,false]},"uagb_author_info":{"display_name":"fernandajob","author_link":"https:\/\/fernandadepilacao.com.br\/portal\/author\/fernandajob\/"},"uagb_comment_info":0,"uagb_excerpt":"Cuidados Pr\u00e9 e P\u00f3s-Depila\u00e7\u00e3o da Virilha: Guia Completo para Pele Saud\u00e1vel Introdu\u00e7\u00e3o A depila\u00e7\u00e3o da virilha \u00e9 um procedimento muito procurado por quem deseja conforto, higiene e autoestima elevada durante todo o ano. No entanto, a \u00e1rea \u00edntima exige aten\u00e7\u00e3o redobrada, tanto antes quanto depois da depila\u00e7\u00e3o, para evitar irrita\u00e7\u00f5es, foliculite e outros desconfortos. Se&hellip;","_links":{"self":[{"href":"https:\/\/fernandadepilacao.com.br\/portal\/wp-json\/wp\/v2\/posts\/1680"}],"collection":[{"href":"https:\/\/fernandadepilacao.com.br\/portal\/wp-json\/wp\/v2\/posts"}],"about":[{"href":"https:\/\/fernandadepilacao.com.br\/portal\/wp-json\/wp\/v2\/types\/post"}],"author":[{"embeddable":true,"href":"https:\/\/fernandadepilacao.com.br\/portal\/wp-json\/wp\/v2\/users\/1"}],"replies":[{"embeddable":true,"href":"https:\/\/fernandadepilacao.com.br\/portal\/wp-json\/wp\/v2\/comments?post=1680"}],"version-history":[{"count":1,"href":"https:\/\/fernandadepilacao.com.br\/portal\/wp-json\/wp\/v2\/posts\/1680\/revisions"}],"predecessor-version":[{"id":1681,"href":"https:\/\/fernandadepilacao.com.br\/portal\/wp-json\/wp\/v2\/posts\/1680\/revisions\/1681"}],"wp:featuredmedia":[{"embeddable":true,"href":"https:\/\/fernandadepilacao.com.br\/portal\/wp-json\/wp\/v2\/media\/1679"}],"wp:attachment":[{"href":"https:\/\/fernandadepilacao.com.br\/portal\/wp-json\/wp\/v2\/media?parent=1680"}],"wp:term":[{"taxonomy":"category","embeddable":true,"href":"https:\/\/fernandadepilacao.com.br\/portal\/wp-json\/wp\/v2\/categories?post=1680"},{"taxonomy":"post_tag","embeddable":true,"href":"https:\/\/fernandadepilacao.com.br\/portal\/wp-json\/wp\/v2\/tags?post=1680"}],"curies":[{"name":"wp","href":"https:\/\/api.w.org\/{rel}","templated":true}]}}