{"id":1677,"date":"2026-04-26T16:01:30","date_gmt":"2026-04-26T19:01:30","guid":{"rendered":"https:\/\/fernandadepilacao.com.br\/portal\/2026\/04\/comparativo-tecnicas-depilacao-virilha-cera-laser-lamina\/"},"modified":"2026-04-26T16:01:31","modified_gmt":"2026-04-26T19:01:31","slug":"comparativo-tecnicas-depilacao-virilha-cera-laser-lamina","status":"publish","type":"post","link":"https:\/\/fernandadepilacao.com.br\/portal\/2026\/04\/comparativo-tecnicas-depilacao-virilha-cera-laser-lamina\/","title":{"rendered":"Comparativo Completo das T\u00e9cnicas de Depila\u00e7\u00e3o da Virilha: Cera, Laser e L\u00e2mina"},"content":{"rendered":"<article>\n<header>\n<h1>T\u00e9cnicas de Depila\u00e7\u00e3o da Virilha: Cera, Laser e L\u00e2mina<\/h1>\n<p>    <meta name=\"description\" content=\"Descubra as diferen\u00e7as entre depila\u00e7\u00e3o com cera, laser e l\u00e2mina na regi\u00e3o da virilha, considerando benef\u00edcios, desvantagens, cuidados e dicas pr\u00e1ticas para escolher o m\u00e9todo ideal.\" \/><br \/>\n  <\/header>\n<section>\n<h2>Introdu\u00e7\u00e3o<\/h2>\n<p>A depila\u00e7\u00e3o da virilha \u00e9 um procedimento muito procurado por quem busca sentir-se confort\u00e1vel, confiante e com a pele lisinha. Existem diversas t\u00e9cnicas dispon\u00edveis, como a depila\u00e7\u00e3o com cera, laser e l\u00e2mina. Cada uma delas possui vantagens e desvantagens, e a escolha do melhor m\u00e9todo depende do seu tipo de pele, sensibilidade e expectativas. Neste artigo, vamos explorar em detalhes as diferen\u00e7as entre as t\u00e9cnicas mais populares de depila\u00e7\u00e3o da virilha, para te ajudar a decidir qual combina mais com o seu estilo de vida.<\/p>\n<\/section>\n<section>\n<h2>Depila\u00e7\u00e3o com Cera<\/h2>\n<h3>Como funciona<\/h3>\n<p>A depila\u00e7\u00e3o com cera \u00e9 um m\u00e9todo tradicional e muito utilizado na regi\u00e3o da virilha. O procedimento consiste na aplica\u00e7\u00e3o de uma camada de cera aquecida (quente ou morna) sobre a pele e, em seguida, na remo\u00e7\u00e3o r\u00e1pida da cera junto com os pelos pela raiz. Existem vers\u00f5es de cera fria e morna, mas a cera quente geralmente \u00e9 a mais indicada para \u00e1reas sens\u00edveis, pois ajuda a dilatar os poros, facilitando a extra\u00e7\u00e3o dos pelos.<\/p>\n<h3>Vantagens da depila\u00e7\u00e3o com cera<\/h3>\n<ul>\n<li>Remove os pelos pela raiz, proporcionando resultado duradouro (de 3 a 4 semanas).<\/li>\n<li>Com o tempo, enfraquece os fios, podendo diminuir a quantidade e o crescimento dos pelos.<\/li>\n<li>Deixa a pele macia por mais tempo.<\/li>\n<\/ul>\n<h3>Desvantagens e cuidados<\/h3>\n<ul>\n<li>Pode causar dor e desconforto, especialmente para quem est\u00e1 se depilando pela primeira vez.<\/li>\n<li>H\u00e1 risco de encravamento dos pelos e foliculite.<\/li>\n<li>Necessita de um comprimento m\u00ednimo do pelo para o procedimento ser eficiente.<\/li>\n<li>Deve ser realizada em ambiente higienizado, preferencialmente por uma profissional qualificada, para evitar alergias e irrita\u00e7\u00f5es.<\/li>\n<\/ul>\n<\/section>\n<section>\n<h2>Depila\u00e7\u00e3o a Laser<\/h2>\n<h3>Como funciona<\/h3>\n<p>A depila\u00e7\u00e3o a laser \u00e9 uma t\u00e9cnica avan\u00e7ada que utiliza feixes de luz concentrada para destruir a raiz do pelo, promovendo uma redu\u00e7\u00e3o progressiva e duradoura dos fios. O tratamento precisa ser feito em sess\u00f5es (geralmente de 6 a 10) e, al\u00e9m de ser r\u00e1pido, \u00e9 indicado para quem busca praticidade no dia a dia e resultados prolongados.<\/p>\n<h3>Benef\u00edcios do laser na depila\u00e7\u00e3o da virilha<\/h3>\n<ul>\n<li>Redu\u00e7\u00e3o definitiva dos pelos, tornando a pele mais lisinha a longo prazo.<\/li>\n<li>Menos risco de encravamento, alergias e irrita\u00e7\u00f5es em compara\u00e7\u00e3o \u00e0 l\u00e2mina e \u00e0 cera.<\/li>\n<li>Diminui\u00e7\u00e3o do risco de manchas causadas pela depila\u00e7\u00e3o repetitiva.<\/li>\n<\/ul>\n<h3>Desvantagens e pontos de aten\u00e7\u00e3o<\/h3>\n<ul>\n<li>N\u00e3o \u00e9 indicado para todos os tipos de pele e pelos (refor\u00e7a-se a import\u00e2ncia de avalia\u00e7\u00e3o pr\u00e9via por um profissional).<\/li>\n<li>Podem ocorrer desconforto durante o procedimento, mas geralmente \u00e9 bem tolerado.<\/li>\n<li>Exige cuidados pr\u00e9 e p\u00f3s-procedimento, como evitar exposi\u00e7\u00e3o ao sol e uso de cremes espec\u00edficos.<\/li>\n<li>Tem um custo inicial mais elevado.<\/li>\n<\/ul>\n<p>Vale ressaltar que a avalia\u00e7\u00e3o com um profissional qualificado \u00e9 fundamental para determinar o melhor tipo de laser para seu fototipo de pele.<\/p>\n<\/section>\n<section>\n<h2>Depila\u00e7\u00e3o com L\u00e2mina<\/h2>\n<h3>Como funciona<\/h3>\n<p>Depilar a virilha com l\u00e2mina \u00e9 considerado o m\u00e9todo mais pr\u00e1tico e acess\u00edvel. Basta um bom barbeador descart\u00e1vel e um creme pr\u00f3prio para depila\u00e7\u00e3o ou sabonete hidratante para deslizar com seguran\u00e7a. Os pelos s\u00e3o cortados na superf\u00edcie da pele, sem remover a raiz.<\/p>\n<h3>Vantagens<\/h3>\n<ul>\n<li>M\u00e9todo r\u00e1pido, indolor e pr\u00e1tico para o dia a dia.<\/li>\n<li>Ideal para situa\u00e7\u00f5es emergenciais ou para quem n\u00e3o pode esperar o pelo crescer.<\/li>\n<li>Financeiramente acess\u00edvel.<\/li>\n<\/ul>\n<h3>Desvantagens e recomenda\u00e7\u00f5es<\/h3>\n<ul>\n<li>Resultados tempor\u00e1rios, necessitando de retoques frequentes (a cada 1-2 dias).<\/li>\n<li>Maior risco de irrita\u00e7\u00f5es, cortes e pelo encravado.<\/li>\n<li>O pelo pode crescer mais grosso e com aspecto de &#8220;ponta grossa&#8221;.<\/li>\n<\/ul>\n<p>\u00c9 fundamental trocar as l\u00e2minas com frequ\u00eancia, usar produtos hidratantes e evitar passar a l\u00e2mina a seco para proteger a pele sens\u00edvel da virilha.<\/p>\n<\/section>\n<section>\n<h2>Comparativo das T\u00e9cnicas de Depila\u00e7\u00e3o da Virilha<\/h2>\n<table>\n<thead>\n<tr>\n<th>M\u00e9todo<\/th>\n<th>Durabilidade<\/th>\n<th>Vantagem Principal<\/th>\n<th>Pontos de Aten\u00e7\u00e3o<\/th>\n<\/tr>\n<\/thead>\n<tbody>\n<tr>\n<td>Depila\u00e7\u00e3o com Cera<\/td>\n<td>3 a 4 semanas<\/td>\n<td>Pelos mais finos com o tempo<\/td>\n<td>Desconforto e risco de encravamento<\/td>\n<\/tr>\n<tr>\n<td>Depila\u00e7\u00e3o a Laser<\/td>\n<td>Redu\u00e7\u00e3o definitiva<\/td>\n<td>Praticidade e pele lisinha a longo prazo<\/td>\n<td>Necessidade de avalia\u00e7\u00e3o profissional e custo inicial<\/td>\n<\/tr>\n<tr>\n<td>L\u00e2mina<\/td>\n<td>1 a 2 dias<\/td>\n<td>Praticidade e agilidade<\/td>\n<td>Irrita\u00e7\u00e3o e retoque frequente<\/td>\n<\/tr>\n<\/tbody>\n<\/table>\n<\/section>\n<section>\n<h2>Dicas Essenciais para a Depila\u00e7\u00e3o da Virilha<\/h2>\n<ul>\n<li>Sempre higienize bem a regi\u00e3o antes e depois da depila\u00e7\u00e3o.<\/li>\n<li>Evite roupas apertadas logo ap\u00f3s a depila\u00e7\u00e3o para prevenir irrita\u00e7\u00f5es.<\/li>\n<li>Hidrate a pele com produtos adequados para regi\u00e3o \u00edntima.<\/li>\n<li>Considere consultar um profissional para avaliar o melhor m\u00e9todo para voc\u00ea, especialmente em casos de pele sens\u00edvel, alergias ou tend\u00eancia a foliculite.<\/li>\n<li>Fa\u00e7a esfolia\u00e7\u00e3o suave semanalmente para evitar pelos encravados.<\/li>\n<\/ul>\n<\/section>\n<section>\n<h2>Conclus\u00e3o<\/h2>\n<p>Cuidar da depila\u00e7\u00e3o da virilha com aten\u00e7\u00e3o \u00e9 importante para garantir sa\u00fade, conforto e autoestima. Seja voc\u00ea adepta da cera, do laser ou da l\u00e2mina, o mais importante \u00e9 respeitar o seu corpo e prefer\u00eancias, prezando sempre pelos cuidados indicados para cada m\u00e9todo. Procure informa\u00e7\u00f5es, escolha com consci\u00eancia, e, se necess\u00e1rio, busque a assist\u00eancia de uma profissional de est\u00e9tica para uma experi\u00eancia segura e satisfat\u00f3ria.<\/p>\n<\/section>\n<\/article>\n","protected":false},"excerpt":{"rendered":"<p>T\u00e9cnicas de Depila\u00e7\u00e3o da Virilha: Cera, Laser e L\u00e2mina Introdu\u00e7\u00e3o A depila\u00e7\u00e3o da virilha \u00e9 um procedimento muito procurado por quem busca sentir-se confort\u00e1vel, confiante e com a pele lisinha. Existem diversas t\u00e9cnicas dispon\u00edveis, como a depila\u00e7\u00e3o com cera, laser e l\u00e2mina. Cada uma delas possui vantagens e desvantagens, e a escolha do melhor m\u00e9todo &hellip;<\/p>\n<p class=\"read-more\"> <a class=\"\" href=\"https:\/\/fernandadepilacao.com.br\/portal\/2026\/04\/comparativo-tecnicas-depilacao-virilha-cera-laser-lamina\/\"> <span class=\"screen-reader-text\">Comparativo Completo das T\u00e9cnicas de Depila\u00e7\u00e3o da Virilha: Cera, Laser e L\u00e2mina<\/span> Leia mais &raquo;<\/a><\/p>\n","protected":false},"author":1,"featured_media":1676,"comment_status":"open","ping_status":"open","sticky":false,"template":"","format":"standard","meta":[],"categories":[1],"tags":[],"yoast_head":"<!-- This site is optimized with the Yoast SEO plugin v18.4.1 - https:\/\/yoast.com\/wordpress\/plugins\/seo\/ -->\n<title>Comparativo Completo das T\u00e9cnicas de Depila\u00e7\u00e3o da Virilha: Cera, Laser e L\u00e2mina - Fernanda Depila\u00e7\u00e3o<\/title>\n<meta name=\"robots\" content=\"index, follow, max-snippet:-1, max-image-preview:large, max-video-preview:-1\" \/>\n<link rel=\"canonical\" href=\"https:\/\/fernandadepilacao.com.br\/portal\/2026\/04\/comparativo-tecnicas-depilacao-virilha-cera-laser-lamina\/\" \/>\n<meta property=\"og:locale\" content=\"pt_BR\" \/>\n<meta property=\"og:type\" content=\"article\" \/>\n<meta property=\"og:title\" content=\"Comparativo Completo das T\u00e9cnicas de Depila\u00e7\u00e3o da Virilha: Cera, Laser e L\u00e2mina - Fernanda Depila\u00e7\u00e3o\" \/>\n<meta property=\"og:description\" content=\"T\u00e9cnicas de Depila\u00e7\u00e3o da Virilha: Cera, Laser e L\u00e2mina Introdu\u00e7\u00e3o A depila\u00e7\u00e3o da virilha \u00e9 um procedimento muito procurado por quem busca sentir-se confort\u00e1vel, confiante e com a pele lisinha. Existem diversas t\u00e9cnicas dispon\u00edveis, como a depila\u00e7\u00e3o com cera, laser e l\u00e2mina. Cada uma delas possui vantagens e desvantagens, e a escolha do melhor m\u00e9todo &hellip; Comparativo Completo das T\u00e9cnicas de Depila\u00e7\u00e3o da Virilha: Cera, Laser e L\u00e2mina Leia mais &raquo;\" \/>\n<meta property=\"og:url\" content=\"https:\/\/fernandadepilacao.com.br\/portal\/2026\/04\/comparativo-tecnicas-depilacao-virilha-cera-laser-lamina\/\" \/>\n<meta property=\"og:site_name\" content=\"Fernanda Depila\u00e7\u00e3o\" \/>\n<meta property=\"article:publisher\" content=\"https:\/\/www.facebook.com\/ferjobdepilacao\" \/>\n<meta property=\"article:published_time\" content=\"2026-04-26T19:01:30+00:00\" \/>\n<meta property=\"article:modified_time\" content=\"2026-04-26T19:01:31+00:00\" \/>\n<meta name=\"twitter:card\" content=\"summary_large_image\" \/>\n<meta name=\"twitter:label1\" content=\"Escrito por\" \/>\n\t<meta name=\"twitter:data1\" content=\"fernandajob\" \/>\n\t<meta name=\"twitter:label2\" content=\"Est. tempo de leitura\" \/>\n\t<meta name=\"twitter:data2\" content=\"4 minutos\" \/>\n<script type=\"application\/ld+json\" class=\"yoast-schema-graph\">{\"@context\":\"https:\/\/schema.org\",\"@graph\":[{\"@type\":\"Organization\",\"@id\":\"https:\/\/fernandadepilacao.com.br\/portal\/#organization\",\"name\":\"Fernanda Depila\u00e7\u00e3o\",\"url\":\"https:\/\/fernandadepilacao.com.br\/portal\/\",\"sameAs\":[\"https:\/\/www.facebook.com\/ferjobdepilacao\",\"http:\/\/instagram.com\/fernanda_job\"],\"logo\":{\"@type\":\"ImageObject\",\"@id\":\"https:\/\/fernandadepilacao.com.br\/portal\/#logo\",\"inLanguage\":\"pt-BR\",\"url\":\"http:\/\/fernandadepilacao.com.br\/portal\/wp-content\/uploads\/2021\/03\/logo_fernanda.png\",\"contentUrl\":\"http:\/\/fernandadepilacao.com.br\/portal\/wp-content\/uploads\/2021\/03\/logo_fernanda.png\",\"width\":673,\"height\":688,\"caption\":\"Fernanda Depila\u00e7\u00e3o\"},\"image\":{\"@id\":\"https:\/\/fernandadepilacao.com.br\/portal\/#logo\"}},{\"@type\":\"WebSite\",\"@id\":\"https:\/\/fernandadepilacao.com.br\/portal\/#website\",\"url\":\"https:\/\/fernandadepilacao.com.br\/portal\/\",\"name\":\"Fernanda Depila\u00e7\u00e3o\",\"description\":\"\",\"publisher\":{\"@id\":\"https:\/\/fernandadepilacao.com.br\/portal\/#organization\"},\"potentialAction\":[{\"@type\":\"SearchAction\",\"target\":{\"@type\":\"EntryPoint\",\"urlTemplate\":\"https:\/\/fernandadepilacao.com.br\/portal\/?s={search_term_string}\"},\"query-input\":\"required name=search_term_string\"}],\"inLanguage\":\"pt-BR\"},{\"@type\":\"ImageObject\",\"@id\":\"https:\/\/fernandadepilacao.com.br\/portal\/2026\/04\/comparativo-tecnicas-depilacao-virilha-cera-laser-lamina\/#primaryimage\",\"inLanguage\":\"pt-BR\",\"url\":\"https:\/\/fernandadepilacao.com.br\/portal\/wp-content\/uploads\/2026\/04\/20260426160127.png\",\"contentUrl\":\"https:\/\/fernandadepilacao.com.br\/portal\/wp-content\/uploads\/2026\/04\/20260426160127.png\",\"width\":500,\"height\":500},{\"@type\":\"WebPage\",\"@id\":\"https:\/\/fernandadepilacao.com.br\/portal\/2026\/04\/comparativo-tecnicas-depilacao-virilha-cera-laser-lamina\/#webpage\",\"url\":\"https:\/\/fernandadepilacao.com.br\/portal\/2026\/04\/comparativo-tecnicas-depilacao-virilha-cera-laser-lamina\/\",\"name\":\"Comparativo Completo das T\u00e9cnicas de Depila\u00e7\u00e3o da Virilha: Cera, Laser e L\u00e2mina - Fernanda Depila\u00e7\u00e3o\",\"isPartOf\":{\"@id\":\"https:\/\/fernandadepilacao.com.br\/portal\/#website\"},\"primaryImageOfPage\":{\"@id\":\"https:\/\/fernandadepilacao.com.br\/portal\/2026\/04\/comparativo-tecnicas-depilacao-virilha-cera-laser-lamina\/#primaryimage\"},\"datePublished\":\"2026-04-26T19:01:30+00:00\",\"dateModified\":\"2026-04-26T19:01:31+00:00\",\"breadcrumb\":{\"@id\":\"https:\/\/fernandadepilacao.com.br\/portal\/2026\/04\/comparativo-tecnicas-depilacao-virilha-cera-laser-lamina\/#breadcrumb\"},\"inLanguage\":\"pt-BR\",\"potentialAction\":[{\"@type\":\"ReadAction\",\"target\":[\"https:\/\/fernandadepilacao.com.br\/portal\/2026\/04\/comparativo-tecnicas-depilacao-virilha-cera-laser-lamina\/\"]}]},{\"@type\":\"BreadcrumbList\",\"@id\":\"https:\/\/fernandadepilacao.com.br\/portal\/2026\/04\/comparativo-tecnicas-depilacao-virilha-cera-laser-lamina\/#breadcrumb\",\"itemListElement\":[{\"@type\":\"ListItem\",\"position\":1,\"name\":\"In\u00edcio\",\"item\":\"http:\/\/fernandadepilacao.com.br\/portal\/\"},{\"@type\":\"ListItem\",\"position\":2,\"name\":\"Comparativo Completo das T\u00e9cnicas de Depila\u00e7\u00e3o da Virilha: Cera, Laser e L\u00e2mina\"}]},{\"@type\":\"Article\",\"@id\":\"https:\/\/fernandadepilacao.com.br\/portal\/2026\/04\/comparativo-tecnicas-depilacao-virilha-cera-laser-lamina\/#article\",\"isPartOf\":{\"@id\":\"https:\/\/fernandadepilacao.com.br\/portal\/2026\/04\/comparativo-tecnicas-depilacao-virilha-cera-laser-lamina\/#webpage\"},\"author\":{\"@id\":\"https:\/\/fernandadepilacao.com.br\/portal\/#\/schema\/person\/d00644c3bbfd9fd17711767a3b1abbd0\"},\"headline\":\"Comparativo Completo das T\u00e9cnicas de Depila\u00e7\u00e3o da Virilha: Cera, Laser e L\u00e2mina\",\"datePublished\":\"2026-04-26T19:01:30+00:00\",\"dateModified\":\"2026-04-26T19:01:31+00:00\",\"mainEntityOfPage\":{\"@id\":\"https:\/\/fernandadepilacao.com.br\/portal\/2026\/04\/comparativo-tecnicas-depilacao-virilha-cera-laser-lamina\/#webpage\"},\"wordCount\":887,\"commentCount\":0,\"publisher\":{\"@id\":\"https:\/\/fernandadepilacao.com.br\/portal\/#organization\"},\"image\":{\"@id\":\"https:\/\/fernandadepilacao.com.br\/portal\/2026\/04\/comparativo-tecnicas-depilacao-virilha-cera-laser-lamina\/#primaryimage\"},\"thumbnailUrl\":\"https:\/\/fernandadepilacao.com.br\/portal\/wp-content\/uploads\/2026\/04\/20260426160127.png\",\"inLanguage\":\"pt-BR\",\"potentialAction\":[{\"@type\":\"CommentAction\",\"name\":\"Comment\",\"target\":[\"https:\/\/fernandadepilacao.com.br\/portal\/2026\/04\/comparativo-tecnicas-depilacao-virilha-cera-laser-lamina\/#respond\"]}]},{\"@type\":\"Person\",\"@id\":\"https:\/\/fernandadepilacao.com.br\/portal\/#\/schema\/person\/d00644c3bbfd9fd17711767a3b1abbd0\",\"name\":\"fernandajob\",\"image\":{\"@type\":\"ImageObject\",\"@id\":\"https:\/\/fernandadepilacao.com.br\/portal\/#personlogo\",\"inLanguage\":\"pt-BR\",\"url\":\"https:\/\/secure.gravatar.com\/avatar\/6c2268a68d69a325906fbdccd74b18e6?s=96&d=mm&r=g\",\"contentUrl\":\"https:\/\/secure.gravatar.com\/avatar\/6c2268a68d69a325906fbdccd74b18e6?s=96&d=mm&r=g\",\"caption\":\"fernandajob\"},\"sameAs\":[\"http:\/\/fernandadepilacao.com.br\/portal\"]}]}<\/script>\n<!-- \/ Yoast SEO plugin. -->","yoast_head_json":{"title":"Comparativo Completo das T\u00e9cnicas de Depila\u00e7\u00e3o da Virilha: Cera, Laser e L\u00e2mina - Fernanda Depila\u00e7\u00e3o","robots":{"index":"index","follow":"follow","max-snippet":"max-snippet:-1","max-image-preview":"max-image-preview:large","max-video-preview":"max-video-preview:-1"},"canonical":"https:\/\/fernandadepilacao.com.br\/portal\/2026\/04\/comparativo-tecnicas-depilacao-virilha-cera-laser-lamina\/","og_locale":"pt_BR","og_type":"article","og_title":"Comparativo Completo das T\u00e9cnicas de Depila\u00e7\u00e3o da Virilha: Cera, Laser e L\u00e2mina - Fernanda Depila\u00e7\u00e3o","og_description":"T\u00e9cnicas de Depila\u00e7\u00e3o da Virilha: Cera, Laser e L\u00e2mina Introdu\u00e7\u00e3o A depila\u00e7\u00e3o da virilha \u00e9 um procedimento muito procurado por quem busca sentir-se confort\u00e1vel, confiante e com a pele lisinha. Existem diversas t\u00e9cnicas dispon\u00edveis, como a depila\u00e7\u00e3o com cera, laser e l\u00e2mina. Cada uma delas possui vantagens e desvantagens, e a escolha do melhor m\u00e9todo &hellip; Comparativo Completo das T\u00e9cnicas de Depila\u00e7\u00e3o da Virilha: Cera, Laser e L\u00e2mina Leia mais &raquo;","og_url":"https:\/\/fernandadepilacao.com.br\/portal\/2026\/04\/comparativo-tecnicas-depilacao-virilha-cera-laser-lamina\/","og_site_name":"Fernanda Depila\u00e7\u00e3o","article_publisher":"https:\/\/www.facebook.com\/ferjobdepilacao","article_published_time":"2026-04-26T19:01:30+00:00","article_modified_time":"2026-04-26T19:01:31+00:00","twitter_card":"summary_large_image","twitter_misc":{"Escrito por":"fernandajob","Est. tempo de leitura":"4 minutos"},"schema":{"@context":"https:\/\/schema.org","@graph":[{"@type":"Organization","@id":"https:\/\/fernandadepilacao.com.br\/portal\/#organization","name":"Fernanda Depila\u00e7\u00e3o","url":"https:\/\/fernandadepilacao.com.br\/portal\/","sameAs":["https:\/\/www.facebook.com\/ferjobdepilacao","http:\/\/instagram.com\/fernanda_job"],"logo":{"@type":"ImageObject","@id":"https:\/\/fernandadepilacao.com.br\/portal\/#logo","inLanguage":"pt-BR","url":"http:\/\/fernandadepilacao.com.br\/portal\/wp-content\/uploads\/2021\/03\/logo_fernanda.png","contentUrl":"http:\/\/fernandadepilacao.com.br\/portal\/wp-content\/uploads\/2021\/03\/logo_fernanda.png","width":673,"height":688,"caption":"Fernanda Depila\u00e7\u00e3o"},"image":{"@id":"https:\/\/fernandadepilacao.com.br\/portal\/#logo"}},{"@type":"WebSite","@id":"https:\/\/fernandadepilacao.com.br\/portal\/#website","url":"https:\/\/fernandadepilacao.com.br\/portal\/","name":"Fernanda Depila\u00e7\u00e3o","description":"","publisher":{"@id":"https:\/\/fernandadepilacao.com.br\/portal\/#organization"},"potentialAction":[{"@type":"SearchAction","target":{"@type":"EntryPoint","urlTemplate":"https:\/\/fernandadepilacao.com.br\/portal\/?s={search_term_string}"},"query-input":"required name=search_term_string"}],"inLanguage":"pt-BR"},{"@type":"ImageObject","@id":"https:\/\/fernandadepilacao.com.br\/portal\/2026\/04\/comparativo-tecnicas-depilacao-virilha-cera-laser-lamina\/#primaryimage","inLanguage":"pt-BR","url":"https:\/\/fernandadepilacao.com.br\/portal\/wp-content\/uploads\/2026\/04\/20260426160127.png","contentUrl":"https:\/\/fernandadepilacao.com.br\/portal\/wp-content\/uploads\/2026\/04\/20260426160127.png","width":500,"height":500},{"@type":"WebPage","@id":"https:\/\/fernandadepilacao.com.br\/portal\/2026\/04\/comparativo-tecnicas-depilacao-virilha-cera-laser-lamina\/#webpage","url":"https:\/\/fernandadepilacao.com.br\/portal\/2026\/04\/comparativo-tecnicas-depilacao-virilha-cera-laser-lamina\/","name":"Comparativo Completo das T\u00e9cnicas de Depila\u00e7\u00e3o da Virilha: Cera, Laser e L\u00e2mina - Fernanda Depila\u00e7\u00e3o","isPartOf":{"@id":"https:\/\/fernandadepilacao.com.br\/portal\/#website"},"primaryImageOfPage":{"@id":"https:\/\/fernandadepilacao.com.br\/portal\/2026\/04\/comparativo-tecnicas-depilacao-virilha-cera-laser-lamina\/#primaryimage"},"datePublished":"2026-04-26T19:01:30+00:00","dateModified":"2026-04-26T19:01:31+00:00","breadcrumb":{"@id":"https:\/\/fernandadepilacao.com.br\/portal\/2026\/04\/comparativo-tecnicas-depilacao-virilha-cera-laser-lamina\/#breadcrumb"},"inLanguage":"pt-BR","potentialAction":[{"@type":"ReadAction","target":["https:\/\/fernandadepilacao.com.br\/portal\/2026\/04\/comparativo-tecnicas-depilacao-virilha-cera-laser-lamina\/"]}]},{"@type":"BreadcrumbList","@id":"https:\/\/fernandadepilacao.com.br\/portal\/2026\/04\/comparativo-tecnicas-depilacao-virilha-cera-laser-lamina\/#breadcrumb","itemListElement":[{"@type":"ListItem","position":1,"name":"In\u00edcio","item":"http:\/\/fernandadepilacao.com.br\/portal\/"},{"@type":"ListItem","position":2,"name":"Comparativo Completo das T\u00e9cnicas de Depila\u00e7\u00e3o da Virilha: Cera, Laser e L\u00e2mina"}]},{"@type":"Article","@id":"https:\/\/fernandadepilacao.com.br\/portal\/2026\/04\/comparativo-tecnicas-depilacao-virilha-cera-laser-lamina\/#article","isPartOf":{"@id":"https:\/\/fernandadepilacao.com.br\/portal\/2026\/04\/comparativo-tecnicas-depilacao-virilha-cera-laser-lamina\/#webpage"},"author":{"@id":"https:\/\/fernandadepilacao.com.br\/portal\/#\/schema\/person\/d00644c3bbfd9fd17711767a3b1abbd0"},"headline":"Comparativo Completo das T\u00e9cnicas de Depila\u00e7\u00e3o da Virilha: Cera, Laser e L\u00e2mina","datePublished":"2026-04-26T19:01:30+00:00","dateModified":"2026-04-26T19:01:31+00:00","mainEntityOfPage":{"@id":"https:\/\/fernandadepilacao.com.br\/portal\/2026\/04\/comparativo-tecnicas-depilacao-virilha-cera-laser-lamina\/#webpage"},"wordCount":887,"commentCount":0,"publisher":{"@id":"https:\/\/fernandadepilacao.com.br\/portal\/#organization"},"image":{"@id":"https:\/\/fernandadepilacao.com.br\/portal\/2026\/04\/comparativo-tecnicas-depilacao-virilha-cera-laser-lamina\/#primaryimage"},"thumbnailUrl":"https:\/\/fernandadepilacao.com.br\/portal\/wp-content\/uploads\/2026\/04\/20260426160127.png","inLanguage":"pt-BR","potentialAction":[{"@type":"CommentAction","name":"Comment","target":["https:\/\/fernandadepilacao.com.br\/portal\/2026\/04\/comparativo-tecnicas-depilacao-virilha-cera-laser-lamina\/#respond"]}]},{"@type":"Person","@id":"https:\/\/fernandadepilacao.com.br\/portal\/#\/schema\/person\/d00644c3bbfd9fd17711767a3b1abbd0","name":"fernandajob","image":{"@type":"ImageObject","@id":"https:\/\/fernandadepilacao.com.br\/portal\/#personlogo","inLanguage":"pt-BR","url":"https:\/\/secure.gravatar.com\/avatar\/6c2268a68d69a325906fbdccd74b18e6?s=96&d=mm&r=g","contentUrl":"https:\/\/secure.gravatar.com\/avatar\/6c2268a68d69a325906fbdccd74b18e6?s=96&d=mm&r=g","caption":"fernandajob"},"sameAs":["http:\/\/fernandadepilacao.com.br\/portal"]}]}},"uagb_featured_image_src":{"full":["https:\/\/fernandadepilacao.com.br\/portal\/wp-content\/uploads\/2026\/04\/20260426160127.png",500,500,false],"thumbnail":["https:\/\/fernandadepilacao.com.br\/portal\/wp-content\/uploads\/2026\/04\/20260426160127-150x150.png",150,150,true],"medium":["https:\/\/fernandadepilacao.com.br\/portal\/wp-content\/uploads\/2026\/04\/20260426160127-300x300.png",300,300,true],"medium_large":["https:\/\/fernandadepilacao.com.br\/portal\/wp-content\/uploads\/2026\/04\/20260426160127.png",500,500,false],"large":["https:\/\/fernandadepilacao.com.br\/portal\/wp-content\/uploads\/2026\/04\/20260426160127.png",500,500,false],"1536x1536":["https:\/\/fernandadepilacao.com.br\/portal\/wp-content\/uploads\/2026\/04\/20260426160127.png",500,500,false],"2048x2048":["https:\/\/fernandadepilacao.com.br\/portal\/wp-content\/uploads\/2026\/04\/20260426160127.png",500,500,false]},"uagb_author_info":{"display_name":"fernandajob","author_link":"https:\/\/fernandadepilacao.com.br\/portal\/author\/fernandajob\/"},"uagb_comment_info":0,"uagb_excerpt":"T\u00e9cnicas de Depila\u00e7\u00e3o da Virilha: Cera, Laser e L\u00e2mina Introdu\u00e7\u00e3o A depila\u00e7\u00e3o da virilha \u00e9 um procedimento muito procurado por quem busca sentir-se confort\u00e1vel, confiante e com a pele lisinha. Existem diversas t\u00e9cnicas dispon\u00edveis, como a depila\u00e7\u00e3o com cera, laser e l\u00e2mina. Cada uma delas possui vantagens e desvantagens, e a escolha do melhor m\u00e9todo&hellip;","_links":{"self":[{"href":"https:\/\/fernandadepilacao.com.br\/portal\/wp-json\/wp\/v2\/posts\/1677"}],"collection":[{"href":"https:\/\/fernandadepilacao.com.br\/portal\/wp-json\/wp\/v2\/posts"}],"about":[{"href":"https:\/\/fernandadepilacao.com.br\/portal\/wp-json\/wp\/v2\/types\/post"}],"author":[{"embeddable":true,"href":"https:\/\/fernandadepilacao.com.br\/portal\/wp-json\/wp\/v2\/users\/1"}],"replies":[{"embeddable":true,"href":"https:\/\/fernandadepilacao.com.br\/portal\/wp-json\/wp\/v2\/comments?post=1677"}],"version-history":[{"count":1,"href":"https:\/\/fernandadepilacao.com.br\/portal\/wp-json\/wp\/v2\/posts\/1677\/revisions"}],"predecessor-version":[{"id":1678,"href":"https:\/\/fernandadepilacao.com.br\/portal\/wp-json\/wp\/v2\/posts\/1677\/revisions\/1678"}],"wp:featuredmedia":[{"embeddable":true,"href":"https:\/\/fernandadepilacao.com.br\/portal\/wp-json\/wp\/v2\/media\/1676"}],"wp:attachment":[{"href":"https:\/\/fernandadepilacao.com.br\/portal\/wp-json\/wp\/v2\/media?parent=1677"}],"wp:term":[{"taxonomy":"category","embeddable":true,"href":"https:\/\/fernandadepilacao.com.br\/portal\/wp-json\/wp\/v2\/categories?post=1677"},{"taxonomy":"post_tag","embeddable":true,"href":"https:\/\/fernandadepilacao.com.br\/portal\/wp-json\/wp\/v2\/tags?post=1677"}],"curies":[{"name":"wp","href":"https:\/\/api.w.org\/{rel}","templated":true}]}}