{"id":1674,"date":"2026-04-26T08:01:20","date_gmt":"2026-04-26T11:01:20","guid":{"rendered":"https:\/\/fernandadepilacao.com.br\/portal\/2026\/04\/sensibilidade-individual-experiencia-dor-depilacao\/"},"modified":"2026-04-26T08:01:21","modified_gmt":"2026-04-26T11:01:21","slug":"sensibilidade-individual-experiencia-dor-depilacao","status":"publish","type":"post","link":"https:\/\/fernandadepilacao.com.br\/portal\/2026\/04\/sensibilidade-individual-experiencia-dor-depilacao\/","title":{"rendered":"Sensibilidade Individual: Como Influencia a Experi\u00eancia de Dor na Depila\u00e7\u00e3o"},"content":{"rendered":"<article>\n<header>\n<h1>A Import\u00e2ncia da Sensibilidade Individual na Percep\u00e7\u00e3o da Dor Durante a Depila\u00e7\u00e3o<\/h1>\n<p><strong>Descubra por que cada pessoa sente dor de um jeito diferente e como isso influencia a experi\u00eancia de depila\u00e7\u00e3o<\/strong><\/p>\n<\/header>\n<section>\n<h2>O que \u00e9 sensibilidade individual?<\/h2>\n<p>Voc\u00ea j\u00e1 notou como algumas pessoas relatam sentir muita dor durante a depila\u00e7\u00e3o, enquanto outras dizem n\u00e3o se incomodar quase nada? Essa diferen\u00e7a est\u00e1 diretamente relacionada \u00e0 chamada <strong>sensibilidade individual<\/strong>. Cada corpo humano responde de forma \u00fanica a est\u00edmulos, inclusive \u00e0queles proporcionados pelos m\u00e9todos de remo\u00e7\u00e3o dos pelos, seja atrav\u00e9s da cera quente, cera fria, laser ou outros tipos de depila\u00e7\u00e3o.<\/p>\n<\/section>\n<section>\n<h2>Por que sentimos dor de maneiras t\u00e3o diferentes?<\/h2>\n<p>A <strong>percep\u00e7\u00e3o da dor<\/strong> \u00e9 resultado de uma soma de fatores f\u00edsicos, emocionais e at\u00e9 gen\u00e9ticos. Nosso sistema nervoso envia sinais ao c\u00e9rebro quando h\u00e1 est\u00edmulos desagrad\u00e1veis ou lesivos \u00e0 pele, como pode acontecer durante a remo\u00e7\u00e3o dos pelos. Esses sinais s\u00e3o recebidos e interpretados individualmente, ou seja, cada organismo \u00e9 \u00fanico em sua rea\u00e7\u00e3o \u00e0 dor.<\/p>\n<ul>\n<li><strong>Gen\u00e9tica:<\/strong> A heran\u00e7a gen\u00e9tica influencia a quantidade de termina\u00e7\u00f5es nervosas em nossa pele.<\/li>\n<li><strong>Espessura e local do pelo:<\/strong> \u00c1reas com pelos mais grossos e regi\u00f5es como bu\u00e7o, axilas ou virilha tendem a ser mais sens\u00edveis.<\/li>\n<li><strong>Estado emocional:<\/strong> Estresse e ansiedade aumentam a sensibilidade ao desconforto.<\/li>\n<li><strong>Horm\u00f4nios:<\/strong> Fases do ciclo menstrual, gravidez ou menopausa podem alterar a toler\u00e2ncia \u00e0 dor.<\/li>\n<\/ul>\n<\/section>\n<section>\n<h2>Depila\u00e7\u00e3o: desmistificando a dor<\/h2>\n<p>Muitas pessoas adiam procedimentos de remo\u00e7\u00e3o de pelos por medo da dor na depila\u00e7\u00e3o. Por\u00e9m, \u00e9 importante lembrar que, com t\u00e9cnicas adequadas, produtos de qualidade e orienta\u00e7\u00e3o de profissionais preparados, a experi\u00eancia pode ser muito mais confort\u00e1vel.<\/p>\n<ul>\n<li>Utiliza\u00e7\u00e3o de ceras espec\u00edficas para cada regi\u00e3o e tipo de pele.<\/li>\n<li>Higieniza\u00e7\u00e3o e prepara\u00e7\u00e3o da pele antes do procedimento.<\/li>\n<li>Apresenta\u00e7\u00e3o de op\u00e7\u00f5es para peles sens\u00edveis, como ceras menos agressivas ou m\u00e9todos como a depila\u00e7\u00e3o a laser.<\/li>\n<\/ul>\n<\/section>\n<section>\n<h2>Dicas pr\u00e1ticas para amenizar o desconforto durante a depila\u00e7\u00e3o<\/h2>\n<p>Apesar da sensibilidade ser particular, algumas atitudes podem ajudar a tornar a depila\u00e7\u00e3o mais tranquila:<\/p>\n<ol>\n<li><strong>Agende a depila\u00e7\u00e3o em dias mais tranquilos<\/strong>: Evitar momentos de estresse e ansiedade colabora na redu\u00e7\u00e3o da dor.<\/li>\n<li><strong>Fa\u00e7a esfolia\u00e7\u00e3o suave antes do procedimento<\/strong>: Ela ajuda a remover c\u00e9lulas mortas e facilita a sa\u00edda dos pelos.<\/li>\n<li><strong>Respeite o tempo de crescimento dos pelos<\/strong>: Tentar depilar antes da hora pode aumentar o desconforto.<\/li>\n<li><strong>Comunique sempre a profissional<\/strong>: Informe se sentir dor excessiva ou rea\u00e7\u00e3o na pele. Assim, pode haver adapta\u00e7\u00e3o da t\u00e9cnica ou escolha de outros produtos.<\/li>\n<li><strong>Considere t\u00e9cnicas alternativas<\/strong>: Para pessoas extremamente sens\u00edveis, depila\u00e7\u00e3o a laser pode ser uma aliada, pois proporciona a diminui\u00e7\u00e3o gradativa dos pelos e, consequentemente, das sess\u00f5es futuras.<\/li>\n<\/ol>\n<\/section>\n<section>\n<h2>Sensibilidade individual e autocuidado<\/h2>\n<p>Reconhecer e respeitar sua sensibilidade individual \u00e9 fundamental para o <strong>autocuidado<\/strong>. O bem-estar deve vir sempre em primeiro lugar. Lembre-se: sentir um pouco de desconforto \u00e9 normal, mas ningu\u00e9m precisa sofrer para manter a pele lisa e bonita.<\/p>\n<\/section>\n<section>\n<h2>Quando buscar orienta\u00e7\u00e3o profissional?<\/h2>\n<p>Se voc\u00ea percebe que est\u00e1 sentindo dor al\u00e9m do esperado, ou se surgirem vermelhid\u00e3o intensa, incha\u00e7o ou outros sinais de irrita\u00e7\u00e3o que n\u00e3o desaparecem, procure <strong>orienta\u00e7\u00e3o de uma profissional de est\u00e9tica qualificada<\/strong>. A avalia\u00e7\u00e3o individual \u00e9 a melhor forma de garantir sa\u00fade, seguran\u00e7a e bem-estar durante a depila\u00e7\u00e3o.<\/p>\n<\/section>\n<footer>\n<p>Esperamos que essas informa\u00e7\u00f5es ajudem a desmistificar a dor da depila\u00e7\u00e3o e a promover uma experi\u00eancia mais positiva para todos. Cuide de seu corpo, respeite seus limites e n\u00e3o abra m\u00e3o de buscar uma depila\u00e7\u00e3o confort\u00e1vel e eficiente!<\/p>\n<\/footer>\n<\/article>\n","protected":false},"excerpt":{"rendered":"<p>A Import\u00e2ncia da Sensibilidade Individual na Percep\u00e7\u00e3o da Dor Durante a Depila\u00e7\u00e3o Descubra por que cada pessoa sente dor de um jeito diferente e como isso influencia a experi\u00eancia de depila\u00e7\u00e3o O que \u00e9 sensibilidade individual? Voc\u00ea j\u00e1 notou como algumas pessoas relatam sentir muita dor durante a depila\u00e7\u00e3o, enquanto outras dizem n\u00e3o se incomodar &hellip;<\/p>\n<p class=\"read-more\"> <a class=\"\" href=\"https:\/\/fernandadepilacao.com.br\/portal\/2026\/04\/sensibilidade-individual-experiencia-dor-depilacao\/\"> <span class=\"screen-reader-text\">Sensibilidade Individual: Como Influencia a Experi\u00eancia de Dor na Depila\u00e7\u00e3o<\/span> Leia mais &raquo;<\/a><\/p>\n","protected":false},"author":1,"featured_media":1673,"comment_status":"open","ping_status":"open","sticky":false,"template":"","format":"standard","meta":[],"categories":[1],"tags":[],"yoast_head":"<!-- This site is optimized with the Yoast SEO plugin v18.4.1 - https:\/\/yoast.com\/wordpress\/plugins\/seo\/ -->\n<title>Sensibilidade Individual: Como Influencia a Experi\u00eancia de Dor na Depila\u00e7\u00e3o - Fernanda Depila\u00e7\u00e3o<\/title>\n<meta name=\"robots\" content=\"index, follow, max-snippet:-1, max-image-preview:large, max-video-preview:-1\" \/>\n<link rel=\"canonical\" href=\"https:\/\/fernandadepilacao.com.br\/portal\/2026\/04\/sensibilidade-individual-experiencia-dor-depilacao\/\" \/>\n<meta property=\"og:locale\" content=\"pt_BR\" \/>\n<meta property=\"og:type\" content=\"article\" \/>\n<meta property=\"og:title\" content=\"Sensibilidade Individual: Como Influencia a Experi\u00eancia de Dor na Depila\u00e7\u00e3o - Fernanda Depila\u00e7\u00e3o\" \/>\n<meta property=\"og:description\" content=\"A Import\u00e2ncia da Sensibilidade Individual na Percep\u00e7\u00e3o da Dor Durante a Depila\u00e7\u00e3o Descubra por que cada pessoa sente dor de um jeito diferente e como isso influencia a experi\u00eancia de depila\u00e7\u00e3o O que \u00e9 sensibilidade individual? Voc\u00ea j\u00e1 notou como algumas pessoas relatam sentir muita dor durante a depila\u00e7\u00e3o, enquanto outras dizem n\u00e3o se incomodar &hellip; Sensibilidade Individual: Como Influencia a Experi\u00eancia de Dor na Depila\u00e7\u00e3o Leia mais &raquo;\" \/>\n<meta property=\"og:url\" content=\"https:\/\/fernandadepilacao.com.br\/portal\/2026\/04\/sensibilidade-individual-experiencia-dor-depilacao\/\" \/>\n<meta property=\"og:site_name\" content=\"Fernanda Depila\u00e7\u00e3o\" \/>\n<meta property=\"article:publisher\" content=\"https:\/\/www.facebook.com\/ferjobdepilacao\" \/>\n<meta property=\"article:published_time\" content=\"2026-04-26T11:01:20+00:00\" \/>\n<meta property=\"article:modified_time\" content=\"2026-04-26T11:01:21+00:00\" \/>\n<meta name=\"twitter:card\" content=\"summary_large_image\" \/>\n<meta name=\"twitter:label1\" content=\"Escrito por\" \/>\n\t<meta name=\"twitter:data1\" content=\"fernandajob\" \/>\n\t<meta name=\"twitter:label2\" content=\"Est. tempo de leitura\" \/>\n\t<meta name=\"twitter:data2\" content=\"3 minutos\" \/>\n<script type=\"application\/ld+json\" class=\"yoast-schema-graph\">{\"@context\":\"https:\/\/schema.org\",\"@graph\":[{\"@type\":\"Organization\",\"@id\":\"https:\/\/fernandadepilacao.com.br\/portal\/#organization\",\"name\":\"Fernanda Depila\u00e7\u00e3o\",\"url\":\"https:\/\/fernandadepilacao.com.br\/portal\/\",\"sameAs\":[\"https:\/\/www.facebook.com\/ferjobdepilacao\",\"http:\/\/instagram.com\/fernanda_job\"],\"logo\":{\"@type\":\"ImageObject\",\"@id\":\"https:\/\/fernandadepilacao.com.br\/portal\/#logo\",\"inLanguage\":\"pt-BR\",\"url\":\"http:\/\/fernandadepilacao.com.br\/portal\/wp-content\/uploads\/2021\/03\/logo_fernanda.png\",\"contentUrl\":\"http:\/\/fernandadepilacao.com.br\/portal\/wp-content\/uploads\/2021\/03\/logo_fernanda.png\",\"width\":673,\"height\":688,\"caption\":\"Fernanda Depila\u00e7\u00e3o\"},\"image\":{\"@id\":\"https:\/\/fernandadepilacao.com.br\/portal\/#logo\"}},{\"@type\":\"WebSite\",\"@id\":\"https:\/\/fernandadepilacao.com.br\/portal\/#website\",\"url\":\"https:\/\/fernandadepilacao.com.br\/portal\/\",\"name\":\"Fernanda Depila\u00e7\u00e3o\",\"description\":\"\",\"publisher\":{\"@id\":\"https:\/\/fernandadepilacao.com.br\/portal\/#organization\"},\"potentialAction\":[{\"@type\":\"SearchAction\",\"target\":{\"@type\":\"EntryPoint\",\"urlTemplate\":\"https:\/\/fernandadepilacao.com.br\/portal\/?s={search_term_string}\"},\"query-input\":\"required name=search_term_string\"}],\"inLanguage\":\"pt-BR\"},{\"@type\":\"ImageObject\",\"@id\":\"https:\/\/fernandadepilacao.com.br\/portal\/2026\/04\/sensibilidade-individual-experiencia-dor-depilacao\/#primaryimage\",\"inLanguage\":\"pt-BR\",\"url\":\"https:\/\/fernandadepilacao.com.br\/portal\/wp-content\/uploads\/2026\/04\/20260426080118.png\",\"contentUrl\":\"https:\/\/fernandadepilacao.com.br\/portal\/wp-content\/uploads\/2026\/04\/20260426080118.png\",\"width\":500,\"height\":500},{\"@type\":\"WebPage\",\"@id\":\"https:\/\/fernandadepilacao.com.br\/portal\/2026\/04\/sensibilidade-individual-experiencia-dor-depilacao\/#webpage\",\"url\":\"https:\/\/fernandadepilacao.com.br\/portal\/2026\/04\/sensibilidade-individual-experiencia-dor-depilacao\/\",\"name\":\"Sensibilidade Individual: Como Influencia a Experi\u00eancia de Dor na Depila\u00e7\u00e3o - Fernanda Depila\u00e7\u00e3o\",\"isPartOf\":{\"@id\":\"https:\/\/fernandadepilacao.com.br\/portal\/#website\"},\"primaryImageOfPage\":{\"@id\":\"https:\/\/fernandadepilacao.com.br\/portal\/2026\/04\/sensibilidade-individual-experiencia-dor-depilacao\/#primaryimage\"},\"datePublished\":\"2026-04-26T11:01:20+00:00\",\"dateModified\":\"2026-04-26T11:01:21+00:00\",\"breadcrumb\":{\"@id\":\"https:\/\/fernandadepilacao.com.br\/portal\/2026\/04\/sensibilidade-individual-experiencia-dor-depilacao\/#breadcrumb\"},\"inLanguage\":\"pt-BR\",\"potentialAction\":[{\"@type\":\"ReadAction\",\"target\":[\"https:\/\/fernandadepilacao.com.br\/portal\/2026\/04\/sensibilidade-individual-experiencia-dor-depilacao\/\"]}]},{\"@type\":\"BreadcrumbList\",\"@id\":\"https:\/\/fernandadepilacao.com.br\/portal\/2026\/04\/sensibilidade-individual-experiencia-dor-depilacao\/#breadcrumb\",\"itemListElement\":[{\"@type\":\"ListItem\",\"position\":1,\"name\":\"In\u00edcio\",\"item\":\"http:\/\/fernandadepilacao.com.br\/portal\/\"},{\"@type\":\"ListItem\",\"position\":2,\"name\":\"Sensibilidade Individual: Como Influencia a Experi\u00eancia de Dor na Depila\u00e7\u00e3o\"}]},{\"@type\":\"Article\",\"@id\":\"https:\/\/fernandadepilacao.com.br\/portal\/2026\/04\/sensibilidade-individual-experiencia-dor-depilacao\/#article\",\"isPartOf\":{\"@id\":\"https:\/\/fernandadepilacao.com.br\/portal\/2026\/04\/sensibilidade-individual-experiencia-dor-depilacao\/#webpage\"},\"author\":{\"@id\":\"https:\/\/fernandadepilacao.com.br\/portal\/#\/schema\/person\/d00644c3bbfd9fd17711767a3b1abbd0\"},\"headline\":\"Sensibilidade Individual: Como Influencia a Experi\u00eancia de Dor na Depila\u00e7\u00e3o\",\"datePublished\":\"2026-04-26T11:01:20+00:00\",\"dateModified\":\"2026-04-26T11:01:21+00:00\",\"mainEntityOfPage\":{\"@id\":\"https:\/\/fernandadepilacao.com.br\/portal\/2026\/04\/sensibilidade-individual-experiencia-dor-depilacao\/#webpage\"},\"wordCount\":644,\"commentCount\":0,\"publisher\":{\"@id\":\"https:\/\/fernandadepilacao.com.br\/portal\/#organization\"},\"image\":{\"@id\":\"https:\/\/fernandadepilacao.com.br\/portal\/2026\/04\/sensibilidade-individual-experiencia-dor-depilacao\/#primaryimage\"},\"thumbnailUrl\":\"https:\/\/fernandadepilacao.com.br\/portal\/wp-content\/uploads\/2026\/04\/20260426080118.png\",\"inLanguage\":\"pt-BR\",\"potentialAction\":[{\"@type\":\"CommentAction\",\"name\":\"Comment\",\"target\":[\"https:\/\/fernandadepilacao.com.br\/portal\/2026\/04\/sensibilidade-individual-experiencia-dor-depilacao\/#respond\"]}]},{\"@type\":\"Person\",\"@id\":\"https:\/\/fernandadepilacao.com.br\/portal\/#\/schema\/person\/d00644c3bbfd9fd17711767a3b1abbd0\",\"name\":\"fernandajob\",\"image\":{\"@type\":\"ImageObject\",\"@id\":\"https:\/\/fernandadepilacao.com.br\/portal\/#personlogo\",\"inLanguage\":\"pt-BR\",\"url\":\"https:\/\/secure.gravatar.com\/avatar\/6c2268a68d69a325906fbdccd74b18e6?s=96&d=mm&r=g\",\"contentUrl\":\"https:\/\/secure.gravatar.com\/avatar\/6c2268a68d69a325906fbdccd74b18e6?s=96&d=mm&r=g\",\"caption\":\"fernandajob\"},\"sameAs\":[\"http:\/\/fernandadepilacao.com.br\/portal\"]}]}<\/script>\n<!-- \/ Yoast SEO plugin. -->","yoast_head_json":{"title":"Sensibilidade Individual: Como Influencia a Experi\u00eancia de Dor na Depila\u00e7\u00e3o - Fernanda Depila\u00e7\u00e3o","robots":{"index":"index","follow":"follow","max-snippet":"max-snippet:-1","max-image-preview":"max-image-preview:large","max-video-preview":"max-video-preview:-1"},"canonical":"https:\/\/fernandadepilacao.com.br\/portal\/2026\/04\/sensibilidade-individual-experiencia-dor-depilacao\/","og_locale":"pt_BR","og_type":"article","og_title":"Sensibilidade Individual: Como Influencia a Experi\u00eancia de Dor na Depila\u00e7\u00e3o - Fernanda Depila\u00e7\u00e3o","og_description":"A Import\u00e2ncia da Sensibilidade Individual na Percep\u00e7\u00e3o da Dor Durante a Depila\u00e7\u00e3o Descubra por que cada pessoa sente dor de um jeito diferente e como isso influencia a experi\u00eancia de depila\u00e7\u00e3o O que \u00e9 sensibilidade individual? Voc\u00ea j\u00e1 notou como algumas pessoas relatam sentir muita dor durante a depila\u00e7\u00e3o, enquanto outras dizem n\u00e3o se incomodar &hellip; Sensibilidade Individual: Como Influencia a Experi\u00eancia de Dor na Depila\u00e7\u00e3o Leia mais &raquo;","og_url":"https:\/\/fernandadepilacao.com.br\/portal\/2026\/04\/sensibilidade-individual-experiencia-dor-depilacao\/","og_site_name":"Fernanda Depila\u00e7\u00e3o","article_publisher":"https:\/\/www.facebook.com\/ferjobdepilacao","article_published_time":"2026-04-26T11:01:20+00:00","article_modified_time":"2026-04-26T11:01:21+00:00","twitter_card":"summary_large_image","twitter_misc":{"Escrito por":"fernandajob","Est. tempo de leitura":"3 minutos"},"schema":{"@context":"https:\/\/schema.org","@graph":[{"@type":"Organization","@id":"https:\/\/fernandadepilacao.com.br\/portal\/#organization","name":"Fernanda Depila\u00e7\u00e3o","url":"https:\/\/fernandadepilacao.com.br\/portal\/","sameAs":["https:\/\/www.facebook.com\/ferjobdepilacao","http:\/\/instagram.com\/fernanda_job"],"logo":{"@type":"ImageObject","@id":"https:\/\/fernandadepilacao.com.br\/portal\/#logo","inLanguage":"pt-BR","url":"http:\/\/fernandadepilacao.com.br\/portal\/wp-content\/uploads\/2021\/03\/logo_fernanda.png","contentUrl":"http:\/\/fernandadepilacao.com.br\/portal\/wp-content\/uploads\/2021\/03\/logo_fernanda.png","width":673,"height":688,"caption":"Fernanda Depila\u00e7\u00e3o"},"image":{"@id":"https:\/\/fernandadepilacao.com.br\/portal\/#logo"}},{"@type":"WebSite","@id":"https:\/\/fernandadepilacao.com.br\/portal\/#website","url":"https:\/\/fernandadepilacao.com.br\/portal\/","name":"Fernanda Depila\u00e7\u00e3o","description":"","publisher":{"@id":"https:\/\/fernandadepilacao.com.br\/portal\/#organization"},"potentialAction":[{"@type":"SearchAction","target":{"@type":"EntryPoint","urlTemplate":"https:\/\/fernandadepilacao.com.br\/portal\/?s={search_term_string}"},"query-input":"required name=search_term_string"}],"inLanguage":"pt-BR"},{"@type":"ImageObject","@id":"https:\/\/fernandadepilacao.com.br\/portal\/2026\/04\/sensibilidade-individual-experiencia-dor-depilacao\/#primaryimage","inLanguage":"pt-BR","url":"https:\/\/fernandadepilacao.com.br\/portal\/wp-content\/uploads\/2026\/04\/20260426080118.png","contentUrl":"https:\/\/fernandadepilacao.com.br\/portal\/wp-content\/uploads\/2026\/04\/20260426080118.png","width":500,"height":500},{"@type":"WebPage","@id":"https:\/\/fernandadepilacao.com.br\/portal\/2026\/04\/sensibilidade-individual-experiencia-dor-depilacao\/#webpage","url":"https:\/\/fernandadepilacao.com.br\/portal\/2026\/04\/sensibilidade-individual-experiencia-dor-depilacao\/","name":"Sensibilidade Individual: Como Influencia a Experi\u00eancia de Dor na Depila\u00e7\u00e3o - Fernanda Depila\u00e7\u00e3o","isPartOf":{"@id":"https:\/\/fernandadepilacao.com.br\/portal\/#website"},"primaryImageOfPage":{"@id":"https:\/\/fernandadepilacao.com.br\/portal\/2026\/04\/sensibilidade-individual-experiencia-dor-depilacao\/#primaryimage"},"datePublished":"2026-04-26T11:01:20+00:00","dateModified":"2026-04-26T11:01:21+00:00","breadcrumb":{"@id":"https:\/\/fernandadepilacao.com.br\/portal\/2026\/04\/sensibilidade-individual-experiencia-dor-depilacao\/#breadcrumb"},"inLanguage":"pt-BR","potentialAction":[{"@type":"ReadAction","target":["https:\/\/fernandadepilacao.com.br\/portal\/2026\/04\/sensibilidade-individual-experiencia-dor-depilacao\/"]}]},{"@type":"BreadcrumbList","@id":"https:\/\/fernandadepilacao.com.br\/portal\/2026\/04\/sensibilidade-individual-experiencia-dor-depilacao\/#breadcrumb","itemListElement":[{"@type":"ListItem","position":1,"name":"In\u00edcio","item":"http:\/\/fernandadepilacao.com.br\/portal\/"},{"@type":"ListItem","position":2,"name":"Sensibilidade Individual: Como Influencia a Experi\u00eancia de Dor na Depila\u00e7\u00e3o"}]},{"@type":"Article","@id":"https:\/\/fernandadepilacao.com.br\/portal\/2026\/04\/sensibilidade-individual-experiencia-dor-depilacao\/#article","isPartOf":{"@id":"https:\/\/fernandadepilacao.com.br\/portal\/2026\/04\/sensibilidade-individual-experiencia-dor-depilacao\/#webpage"},"author":{"@id":"https:\/\/fernandadepilacao.com.br\/portal\/#\/schema\/person\/d00644c3bbfd9fd17711767a3b1abbd0"},"headline":"Sensibilidade Individual: Como Influencia a Experi\u00eancia de Dor na Depila\u00e7\u00e3o","datePublished":"2026-04-26T11:01:20+00:00","dateModified":"2026-04-26T11:01:21+00:00","mainEntityOfPage":{"@id":"https:\/\/fernandadepilacao.com.br\/portal\/2026\/04\/sensibilidade-individual-experiencia-dor-depilacao\/#webpage"},"wordCount":644,"commentCount":0,"publisher":{"@id":"https:\/\/fernandadepilacao.com.br\/portal\/#organization"},"image":{"@id":"https:\/\/fernandadepilacao.com.br\/portal\/2026\/04\/sensibilidade-individual-experiencia-dor-depilacao\/#primaryimage"},"thumbnailUrl":"https:\/\/fernandadepilacao.com.br\/portal\/wp-content\/uploads\/2026\/04\/20260426080118.png","inLanguage":"pt-BR","potentialAction":[{"@type":"CommentAction","name":"Comment","target":["https:\/\/fernandadepilacao.com.br\/portal\/2026\/04\/sensibilidade-individual-experiencia-dor-depilacao\/#respond"]}]},{"@type":"Person","@id":"https:\/\/fernandadepilacao.com.br\/portal\/#\/schema\/person\/d00644c3bbfd9fd17711767a3b1abbd0","name":"fernandajob","image":{"@type":"ImageObject","@id":"https:\/\/fernandadepilacao.com.br\/portal\/#personlogo","inLanguage":"pt-BR","url":"https:\/\/secure.gravatar.com\/avatar\/6c2268a68d69a325906fbdccd74b18e6?s=96&d=mm&r=g","contentUrl":"https:\/\/secure.gravatar.com\/avatar\/6c2268a68d69a325906fbdccd74b18e6?s=96&d=mm&r=g","caption":"fernandajob"},"sameAs":["http:\/\/fernandadepilacao.com.br\/portal"]}]}},"uagb_featured_image_src":{"full":["https:\/\/fernandadepilacao.com.br\/portal\/wp-content\/uploads\/2026\/04\/20260426080118.png",500,500,false],"thumbnail":["https:\/\/fernandadepilacao.com.br\/portal\/wp-content\/uploads\/2026\/04\/20260426080118-150x150.png",150,150,true],"medium":["https:\/\/fernandadepilacao.com.br\/portal\/wp-content\/uploads\/2026\/04\/20260426080118-300x300.png",300,300,true],"medium_large":["https:\/\/fernandadepilacao.com.br\/portal\/wp-content\/uploads\/2026\/04\/20260426080118.png",500,500,false],"large":["https:\/\/fernandadepilacao.com.br\/portal\/wp-content\/uploads\/2026\/04\/20260426080118.png",500,500,false],"1536x1536":["https:\/\/fernandadepilacao.com.br\/portal\/wp-content\/uploads\/2026\/04\/20260426080118.png",500,500,false],"2048x2048":["https:\/\/fernandadepilacao.com.br\/portal\/wp-content\/uploads\/2026\/04\/20260426080118.png",500,500,false]},"uagb_author_info":{"display_name":"fernandajob","author_link":"https:\/\/fernandadepilacao.com.br\/portal\/author\/fernandajob\/"},"uagb_comment_info":0,"uagb_excerpt":"A Import\u00e2ncia da Sensibilidade Individual na Percep\u00e7\u00e3o da Dor Durante a Depila\u00e7\u00e3o Descubra por que cada pessoa sente dor de um jeito diferente e como isso influencia a experi\u00eancia de depila\u00e7\u00e3o O que \u00e9 sensibilidade individual? Voc\u00ea j\u00e1 notou como algumas pessoas relatam sentir muita dor durante a depila\u00e7\u00e3o, enquanto outras dizem n\u00e3o se incomodar&hellip;","_links":{"self":[{"href":"https:\/\/fernandadepilacao.com.br\/portal\/wp-json\/wp\/v2\/posts\/1674"}],"collection":[{"href":"https:\/\/fernandadepilacao.com.br\/portal\/wp-json\/wp\/v2\/posts"}],"about":[{"href":"https:\/\/fernandadepilacao.com.br\/portal\/wp-json\/wp\/v2\/types\/post"}],"author":[{"embeddable":true,"href":"https:\/\/fernandadepilacao.com.br\/portal\/wp-json\/wp\/v2\/users\/1"}],"replies":[{"embeddable":true,"href":"https:\/\/fernandadepilacao.com.br\/portal\/wp-json\/wp\/v2\/comments?post=1674"}],"version-history":[{"count":1,"href":"https:\/\/fernandadepilacao.com.br\/portal\/wp-json\/wp\/v2\/posts\/1674\/revisions"}],"predecessor-version":[{"id":1675,"href":"https:\/\/fernandadepilacao.com.br\/portal\/wp-json\/wp\/v2\/posts\/1674\/revisions\/1675"}],"wp:featuredmedia":[{"embeddable":true,"href":"https:\/\/fernandadepilacao.com.br\/portal\/wp-json\/wp\/v2\/media\/1673"}],"wp:attachment":[{"href":"https:\/\/fernandadepilacao.com.br\/portal\/wp-json\/wp\/v2\/media?parent=1674"}],"wp:term":[{"taxonomy":"category","embeddable":true,"href":"https:\/\/fernandadepilacao.com.br\/portal\/wp-json\/wp\/v2\/categories?post=1674"},{"taxonomy":"post_tag","embeddable":true,"href":"https:\/\/fernandadepilacao.com.br\/portal\/wp-json\/wp\/v2\/tags?post=1674"}],"curies":[{"name":"wp","href":"https:\/\/api.w.org\/{rel}","templated":true}]}}