{"id":1671,"date":"2026-04-26T00:01:24","date_gmt":"2026-04-26T03:01:24","guid":{"rendered":"https:\/\/fernandadepilacao.com.br\/portal\/2026\/04\/guia-areas-corpo-mais-doem-depilacao-laser\/"},"modified":"2026-04-26T00:01:25","modified_gmt":"2026-04-26T03:01:25","slug":"guia-areas-corpo-mais-doem-depilacao-laser","status":"publish","type":"post","link":"https:\/\/fernandadepilacao.com.br\/portal\/2026\/04\/guia-areas-corpo-mais-doem-depilacao-laser\/","title":{"rendered":"Guia das \u00c1reas do Corpo que Mais Doem na Depila\u00e7\u00e3o a Laser"},"content":{"rendered":"<article>\n<header>\n<h1>\u00c1reas do Corpo que Costumam Doer Mais na Depila\u00e7\u00e3o a Laser: Guia Completo<\/h1>\n<p><strong>Depila\u00e7\u00e3o a laser<\/strong> \u00e9 um dos procedimentos est\u00e9ticos mais procurados atualmente, gra\u00e7as \u00e0 sua efic\u00e1cia na elimina\u00e7\u00e3o dos pelos e \u00e0 promessa de uma pele lisa por muito mais tempo. No entanto, \u00e9 comum escutar d\u00favidas \u2013 e at\u00e9 receios \u2013 sobre as regi\u00f5es que costumam ser mais sens\u00edveis ao tratamento. Descubra, neste artigo, tudo o que voc\u00ea precisa saber sobre onde d\u00f3i mais, por que isso acontece e como lidar com o desconforto durante a depila\u00e7\u00e3o a laser.<\/p>\n<\/header>\n<section>\n<h2>Por que algumas \u00e1reas doem mais na depila\u00e7\u00e3o a laser?<\/h2>\n<p>A dor ou desconforto durante a sess\u00e3o de <strong>depila\u00e7\u00e3o a laser<\/strong> depende de alguns fatores: densidade dos pelos, sensibilidade da pele, proximidade das termina\u00e7\u00f5es nervosas e espessura da pr\u00f3pria pele na \u00e1rea tratada. Locais onde a pele \u00e9 mais fina ou h\u00e1 mais termina\u00e7\u00e3o nervosa, normalmente, tendem a ser mais doloridos.<\/p>\n<ul>\n<li><strong>Pele fina<\/strong> ou pr\u00f3ximo a ossos aumenta a sensibilidade.<\/li>\n<li><strong>Maior concentra\u00e7\u00e3o de pelos<\/strong> e pigmento pode potencializar a sensa\u00e7\u00e3o de calor.<\/li>\n<li><strong>Baixo limiar de dor<\/strong> individual tamb\u00e9m influencia muito.<\/li>\n<\/ul>\n<\/section>\n<section>\n<h2>As regi\u00f5es corporais mais sens\u00edveis ao laser<\/h2>\n<p>Abaixo, selecionei uma lista das \u00e1reas do corpo que costumam causar mais desconforto durante as sess\u00f5es de <strong>depila\u00e7\u00e3o a laser<\/strong>:<\/p>\n<h3>1. Regi\u00e3o \u00cdntima (Virilha e Perianal)<\/h3>\n<p>Essa \u00e9 a campe\u00e3 de d\u00favidas. A <strong>depila\u00e7\u00e3o \u00edntima<\/strong> pode gerar mais desconforto porque a pele \u00e9 delicada, h\u00e1 maior vasculariza\u00e7\u00e3o e concentra\u00e7\u00e3o de nervos. A sensa\u00e7\u00e3o de &#8220;picadinhas&#8221; ou &#8220;choquinhos&#8221; \u00e9 muito comum, mas costuma ser suport\u00e1vel. O uso de anest\u00e9sico t\u00f3pico pode ajudar.<\/p>\n<h3>2. Bu\u00e7o e Rosto<\/h3>\n<p>O <strong>bu\u00e7o<\/strong> e outras \u00e1reas faciais costumam ser bem sens\u00edveis, principalmente pela proximidade com ossos e por terem uma pele fina. Por outro lado, o procedimento costuma ser r\u00e1pido por abranger uma regi\u00e3o pequena.<\/p>\n<h3>3. Axilas<\/h3>\n<p>As axilas t\u00eam uma pele fina, com muitos nervos e gl\u00e2ndulas. Al\u00e9m disso, durante o <strong>procedimento de depila\u00e7\u00e3o a laser<\/strong>, a concentra\u00e7\u00e3o de energia precisa ser correta para evitar foliculites ou hiperpigmenta\u00e7\u00e3o. O inc\u00f4modo geralmente \u00e9 moderado.<\/p>\n<h3>4. Linha Alba (Linha do Abd\u00f4men)<\/h3>\n<p>Apesar de mais rara, a <strong>linha alba<\/strong> pode sentir mais porque a pele \u00e9 fina e h\u00e1 proximidade com m\u00fasculos sens\u00edveis do abd\u00f4men.<\/p>\n<h3>5. Regi\u00e3o Tor\u00e1cica Masculina<\/h3>\n<p>Homens relatam mais dor no peito e no abd\u00f4men devido \u00e0 espessura e quantidade dos pelos e \u00e0 sensibilidade regional, especialmente pr\u00f3ximo aos mamilos e parte central do peito.<\/p>\n<h3>6. Costas e Regi\u00e3o Lombar<\/h3>\n<p>Embora sejam \u00e1reas amplas, podem causar desconforto pela quantidade de pelos e pelo tempo prolongado da sess\u00e3o em regi\u00f5es maiores.<\/p>\n<h3>7. Parte Interna das Coxas<\/h3>\n<p>Pela proximidade com a virilha e jun\u00e7\u00e3o com o c\u00f3s da roupa, a pele nesta regi\u00e3o \u00e9 mais sens\u00edvel e propensa ao desconforto.<\/p>\n<\/section>\n<section>\n<h2>\u00c1reas menos dolorosas na depila\u00e7\u00e3o a laser<\/h2>\n<p>Regi\u00f5es como pernas (especialmente canelas), bra\u00e7os e costas costumam ser menos sens\u00edveis, pois a pele \u00e9 mais espessa e menos vascularizada. Muitas pessoas toleram bem o laser nessas \u00e1reas, sentindo apenas uma leve sensa\u00e7\u00e3o de calor ou &#8220;pin\u00e7adas&#8221;.<\/p>\n<\/section>\n<section>\n<h2>Dicas para controlar a dor na depila\u00e7\u00e3o a laser<\/h2>\n<ul>\n<li><strong>Converse com o profissional<\/strong> sobre sua toler\u00e2ncia \u00e0 dor e avalie a possibilidade de usar anest\u00e9sico t\u00f3pico.<\/li>\n<li>Mantenha a <strong>pele hidratada<\/strong> e sem les\u00f5es antes da sess\u00e3o.<\/li>\n<li>Evite exposi\u00e7\u00e3o solar e uso de \u00e1cidos ou clareadores dias antes do procedimento.<\/li>\n<li>Prefira sess\u00f5es fora do per\u00edodo menstrual (no caso das mulheres), quando a sensibilidade est\u00e1 aumentada.<\/li>\n<li>Respeite os intervalos e recomenda\u00e7\u00f5es do profissional qualificado, pois isso atua diretamente no sucesso do <strong>tratamento de depila\u00e7\u00e3o a laser<\/strong>.<\/li>\n<\/ul>\n<\/section>\n<section>\n<h2>Depila\u00e7\u00e3o a laser d\u00f3i muito?<\/h2>\n<p>\u00c9 importante refor\u00e7ar: a <strong>depila\u00e7\u00e3o a laser<\/strong> n\u00e3o \u00e9 insuport\u00e1vel, mas o desconforto existe e varia de pessoa para pessoa. Muitos descrevem como o estalo de um el\u00e1stico na pele ou ardor leve e r\u00e1pido. Tecnologias modernas, como o laser de diodo ou o Alexandrite, contam com sistemas de resfriamento, tornando a experi\u00eancia bem mais confort\u00e1vel.<\/p>\n<\/section>\n<section>\n<h2>Perguntas frequentes<\/h2>\n<details>\n<summary><strong>Quem sente mais dor: homens ou mulheres?<\/strong><\/summary>\n<p>Homens podem relatar mais dor em algumas regi\u00f5es por terem pelos mais grossos, por\u00e9m, a sensibilidade individual \u00e9 quem manda.<\/p>\n<\/details>\n<details>\n<summary><strong>\u00c9 poss\u00edvel fazer depila\u00e7\u00e3o a laser sem dor?<\/strong><\/summary>\n<p>A dor pode ser amenizada com uso de anest\u00e9sicos, tecnologia adequada e uma prepara\u00e7\u00e3o correta da pele.<\/p>\n<\/details>\n<details>\n<summary><strong>Quantas sess\u00f5es s\u00e3o necess\u00e1rias para o resultado ideal?<\/strong><\/summary>\n<p>O n\u00famero de sess\u00f5es varia conforme a \u00e1rea, espessura e quantidade dos pelos, normalmente entre 6 e 10 aplica\u00e7\u00f5es para um resultado duradouro.<\/p>\n<\/details>\n<\/section>\n<footer>\n<p><em>Lembre-se: sempre procure uma cl\u00ednica de confian\u00e7a e um profissional qualificado para garantir seguran\u00e7a, resultados satisfat\u00f3rios e o m\u00e1ximo de conforto durante sua experi\u00eancia de <strong>depila\u00e7\u00e3o a laser<\/strong>.<\/em><\/p>\n<p><strong>Palavras-chave:<\/strong> depila\u00e7\u00e3o a laser, \u00e1reas que mais doem na depila\u00e7\u00e3o a laser, regi\u00f5es sens\u00edveis depila\u00e7\u00e3o a laser, dor depila\u00e7\u00e3o a laser, como amenizar dor depila\u00e7\u00e3o a laser.<\/p>\n<\/footer>\n<\/article>\n","protected":false},"excerpt":{"rendered":"<p>\u00c1reas do Corpo que Costumam Doer Mais na Depila\u00e7\u00e3o a Laser: Guia Completo Depila\u00e7\u00e3o a laser \u00e9 um dos procedimentos est\u00e9ticos mais procurados atualmente, gra\u00e7as \u00e0 sua efic\u00e1cia na elimina\u00e7\u00e3o dos pelos e \u00e0 promessa de uma pele lisa por muito mais tempo. No entanto, \u00e9 comum escutar d\u00favidas \u2013 e at\u00e9 receios \u2013 sobre &hellip;<\/p>\n<p class=\"read-more\"> <a class=\"\" href=\"https:\/\/fernandadepilacao.com.br\/portal\/2026\/04\/guia-areas-corpo-mais-doem-depilacao-laser\/\"> <span class=\"screen-reader-text\">Guia das \u00c1reas do Corpo que Mais Doem na Depila\u00e7\u00e3o a Laser<\/span> Leia mais &raquo;<\/a><\/p>\n","protected":false},"author":1,"featured_media":1670,"comment_status":"open","ping_status":"open","sticky":false,"template":"","format":"standard","meta":[],"categories":[1],"tags":[],"yoast_head":"<!-- This site is optimized with the Yoast SEO plugin v18.4.1 - https:\/\/yoast.com\/wordpress\/plugins\/seo\/ -->\n<title>Guia das \u00c1reas do Corpo que Mais Doem na Depila\u00e7\u00e3o a Laser - Fernanda Depila\u00e7\u00e3o<\/title>\n<meta name=\"robots\" content=\"index, follow, max-snippet:-1, max-image-preview:large, max-video-preview:-1\" \/>\n<link rel=\"canonical\" href=\"https:\/\/fernandadepilacao.com.br\/portal\/2026\/04\/guia-areas-corpo-mais-doem-depilacao-laser\/\" \/>\n<meta property=\"og:locale\" content=\"pt_BR\" \/>\n<meta property=\"og:type\" content=\"article\" \/>\n<meta property=\"og:title\" content=\"Guia das \u00c1reas do Corpo que Mais Doem na Depila\u00e7\u00e3o a Laser - Fernanda Depila\u00e7\u00e3o\" \/>\n<meta property=\"og:description\" content=\"\u00c1reas do Corpo que Costumam Doer Mais na Depila\u00e7\u00e3o a Laser: Guia Completo Depila\u00e7\u00e3o a laser \u00e9 um dos procedimentos est\u00e9ticos mais procurados atualmente, gra\u00e7as \u00e0 sua efic\u00e1cia na elimina\u00e7\u00e3o dos pelos e \u00e0 promessa de uma pele lisa por muito mais tempo. No entanto, \u00e9 comum escutar d\u00favidas \u2013 e at\u00e9 receios \u2013 sobre &hellip; Guia das \u00c1reas do Corpo que Mais Doem na Depila\u00e7\u00e3o a Laser Leia mais &raquo;\" \/>\n<meta property=\"og:url\" content=\"https:\/\/fernandadepilacao.com.br\/portal\/2026\/04\/guia-areas-corpo-mais-doem-depilacao-laser\/\" \/>\n<meta property=\"og:site_name\" content=\"Fernanda Depila\u00e7\u00e3o\" \/>\n<meta property=\"article:publisher\" content=\"https:\/\/www.facebook.com\/ferjobdepilacao\" \/>\n<meta property=\"article:published_time\" content=\"2026-04-26T03:01:24+00:00\" \/>\n<meta property=\"article:modified_time\" content=\"2026-04-26T03:01:25+00:00\" \/>\n<meta name=\"twitter:card\" content=\"summary_large_image\" \/>\n<meta name=\"twitter:label1\" content=\"Escrito por\" \/>\n\t<meta name=\"twitter:data1\" content=\"fernandajob\" \/>\n\t<meta name=\"twitter:label2\" content=\"Est. tempo de leitura\" \/>\n\t<meta name=\"twitter:data2\" content=\"4 minutos\" \/>\n<script type=\"application\/ld+json\" class=\"yoast-schema-graph\">{\"@context\":\"https:\/\/schema.org\",\"@graph\":[{\"@type\":\"Organization\",\"@id\":\"https:\/\/fernandadepilacao.com.br\/portal\/#organization\",\"name\":\"Fernanda Depila\u00e7\u00e3o\",\"url\":\"https:\/\/fernandadepilacao.com.br\/portal\/\",\"sameAs\":[\"https:\/\/www.facebook.com\/ferjobdepilacao\",\"http:\/\/instagram.com\/fernanda_job\"],\"logo\":{\"@type\":\"ImageObject\",\"@id\":\"https:\/\/fernandadepilacao.com.br\/portal\/#logo\",\"inLanguage\":\"pt-BR\",\"url\":\"http:\/\/fernandadepilacao.com.br\/portal\/wp-content\/uploads\/2021\/03\/logo_fernanda.png\",\"contentUrl\":\"http:\/\/fernandadepilacao.com.br\/portal\/wp-content\/uploads\/2021\/03\/logo_fernanda.png\",\"width\":673,\"height\":688,\"caption\":\"Fernanda Depila\u00e7\u00e3o\"},\"image\":{\"@id\":\"https:\/\/fernandadepilacao.com.br\/portal\/#logo\"}},{\"@type\":\"WebSite\",\"@id\":\"https:\/\/fernandadepilacao.com.br\/portal\/#website\",\"url\":\"https:\/\/fernandadepilacao.com.br\/portal\/\",\"name\":\"Fernanda Depila\u00e7\u00e3o\",\"description\":\"\",\"publisher\":{\"@id\":\"https:\/\/fernandadepilacao.com.br\/portal\/#organization\"},\"potentialAction\":[{\"@type\":\"SearchAction\",\"target\":{\"@type\":\"EntryPoint\",\"urlTemplate\":\"https:\/\/fernandadepilacao.com.br\/portal\/?s={search_term_string}\"},\"query-input\":\"required name=search_term_string\"}],\"inLanguage\":\"pt-BR\"},{\"@type\":\"ImageObject\",\"@id\":\"https:\/\/fernandadepilacao.com.br\/portal\/2026\/04\/guia-areas-corpo-mais-doem-depilacao-laser\/#primaryimage\",\"inLanguage\":\"pt-BR\",\"url\":\"https:\/\/fernandadepilacao.com.br\/portal\/wp-content\/uploads\/2026\/04\/20260426000122.png\",\"contentUrl\":\"https:\/\/fernandadepilacao.com.br\/portal\/wp-content\/uploads\/2026\/04\/20260426000122.png\",\"width\":500,\"height\":500},{\"@type\":\"WebPage\",\"@id\":\"https:\/\/fernandadepilacao.com.br\/portal\/2026\/04\/guia-areas-corpo-mais-doem-depilacao-laser\/#webpage\",\"url\":\"https:\/\/fernandadepilacao.com.br\/portal\/2026\/04\/guia-areas-corpo-mais-doem-depilacao-laser\/\",\"name\":\"Guia das \u00c1reas do Corpo que Mais Doem na Depila\u00e7\u00e3o a Laser - Fernanda Depila\u00e7\u00e3o\",\"isPartOf\":{\"@id\":\"https:\/\/fernandadepilacao.com.br\/portal\/#website\"},\"primaryImageOfPage\":{\"@id\":\"https:\/\/fernandadepilacao.com.br\/portal\/2026\/04\/guia-areas-corpo-mais-doem-depilacao-laser\/#primaryimage\"},\"datePublished\":\"2026-04-26T03:01:24+00:00\",\"dateModified\":\"2026-04-26T03:01:25+00:00\",\"breadcrumb\":{\"@id\":\"https:\/\/fernandadepilacao.com.br\/portal\/2026\/04\/guia-areas-corpo-mais-doem-depilacao-laser\/#breadcrumb\"},\"inLanguage\":\"pt-BR\",\"potentialAction\":[{\"@type\":\"ReadAction\",\"target\":[\"https:\/\/fernandadepilacao.com.br\/portal\/2026\/04\/guia-areas-corpo-mais-doem-depilacao-laser\/\"]}]},{\"@type\":\"BreadcrumbList\",\"@id\":\"https:\/\/fernandadepilacao.com.br\/portal\/2026\/04\/guia-areas-corpo-mais-doem-depilacao-laser\/#breadcrumb\",\"itemListElement\":[{\"@type\":\"ListItem\",\"position\":1,\"name\":\"In\u00edcio\",\"item\":\"http:\/\/fernandadepilacao.com.br\/portal\/\"},{\"@type\":\"ListItem\",\"position\":2,\"name\":\"Guia das \u00c1reas do Corpo que Mais Doem na Depila\u00e7\u00e3o a Laser\"}]},{\"@type\":\"Article\",\"@id\":\"https:\/\/fernandadepilacao.com.br\/portal\/2026\/04\/guia-areas-corpo-mais-doem-depilacao-laser\/#article\",\"isPartOf\":{\"@id\":\"https:\/\/fernandadepilacao.com.br\/portal\/2026\/04\/guia-areas-corpo-mais-doem-depilacao-laser\/#webpage\"},\"author\":{\"@id\":\"https:\/\/fernandadepilacao.com.br\/portal\/#\/schema\/person\/d00644c3bbfd9fd17711767a3b1abbd0\"},\"headline\":\"Guia das \u00c1reas do Corpo que Mais Doem na Depila\u00e7\u00e3o a Laser\",\"datePublished\":\"2026-04-26T03:01:24+00:00\",\"dateModified\":\"2026-04-26T03:01:25+00:00\",\"mainEntityOfPage\":{\"@id\":\"https:\/\/fernandadepilacao.com.br\/portal\/2026\/04\/guia-areas-corpo-mais-doem-depilacao-laser\/#webpage\"},\"wordCount\":879,\"commentCount\":0,\"publisher\":{\"@id\":\"https:\/\/fernandadepilacao.com.br\/portal\/#organization\"},\"image\":{\"@id\":\"https:\/\/fernandadepilacao.com.br\/portal\/2026\/04\/guia-areas-corpo-mais-doem-depilacao-laser\/#primaryimage\"},\"thumbnailUrl\":\"https:\/\/fernandadepilacao.com.br\/portal\/wp-content\/uploads\/2026\/04\/20260426000122.png\",\"inLanguage\":\"pt-BR\",\"potentialAction\":[{\"@type\":\"CommentAction\",\"name\":\"Comment\",\"target\":[\"https:\/\/fernandadepilacao.com.br\/portal\/2026\/04\/guia-areas-corpo-mais-doem-depilacao-laser\/#respond\"]}]},{\"@type\":\"Person\",\"@id\":\"https:\/\/fernandadepilacao.com.br\/portal\/#\/schema\/person\/d00644c3bbfd9fd17711767a3b1abbd0\",\"name\":\"fernandajob\",\"image\":{\"@type\":\"ImageObject\",\"@id\":\"https:\/\/fernandadepilacao.com.br\/portal\/#personlogo\",\"inLanguage\":\"pt-BR\",\"url\":\"https:\/\/secure.gravatar.com\/avatar\/6c2268a68d69a325906fbdccd74b18e6?s=96&d=mm&r=g\",\"contentUrl\":\"https:\/\/secure.gravatar.com\/avatar\/6c2268a68d69a325906fbdccd74b18e6?s=96&d=mm&r=g\",\"caption\":\"fernandajob\"},\"sameAs\":[\"http:\/\/fernandadepilacao.com.br\/portal\"]}]}<\/script>\n<!-- \/ Yoast SEO plugin. -->","yoast_head_json":{"title":"Guia das \u00c1reas do Corpo que Mais Doem na Depila\u00e7\u00e3o a Laser - Fernanda Depila\u00e7\u00e3o","robots":{"index":"index","follow":"follow","max-snippet":"max-snippet:-1","max-image-preview":"max-image-preview:large","max-video-preview":"max-video-preview:-1"},"canonical":"https:\/\/fernandadepilacao.com.br\/portal\/2026\/04\/guia-areas-corpo-mais-doem-depilacao-laser\/","og_locale":"pt_BR","og_type":"article","og_title":"Guia das \u00c1reas do Corpo que Mais Doem na Depila\u00e7\u00e3o a Laser - Fernanda Depila\u00e7\u00e3o","og_description":"\u00c1reas do Corpo que Costumam Doer Mais na Depila\u00e7\u00e3o a Laser: Guia Completo Depila\u00e7\u00e3o a laser \u00e9 um dos procedimentos est\u00e9ticos mais procurados atualmente, gra\u00e7as \u00e0 sua efic\u00e1cia na elimina\u00e7\u00e3o dos pelos e \u00e0 promessa de uma pele lisa por muito mais tempo. No entanto, \u00e9 comum escutar d\u00favidas \u2013 e at\u00e9 receios \u2013 sobre &hellip; Guia das \u00c1reas do Corpo que Mais Doem na Depila\u00e7\u00e3o a Laser Leia mais &raquo;","og_url":"https:\/\/fernandadepilacao.com.br\/portal\/2026\/04\/guia-areas-corpo-mais-doem-depilacao-laser\/","og_site_name":"Fernanda Depila\u00e7\u00e3o","article_publisher":"https:\/\/www.facebook.com\/ferjobdepilacao","article_published_time":"2026-04-26T03:01:24+00:00","article_modified_time":"2026-04-26T03:01:25+00:00","twitter_card":"summary_large_image","twitter_misc":{"Escrito por":"fernandajob","Est. tempo de leitura":"4 minutos"},"schema":{"@context":"https:\/\/schema.org","@graph":[{"@type":"Organization","@id":"https:\/\/fernandadepilacao.com.br\/portal\/#organization","name":"Fernanda Depila\u00e7\u00e3o","url":"https:\/\/fernandadepilacao.com.br\/portal\/","sameAs":["https:\/\/www.facebook.com\/ferjobdepilacao","http:\/\/instagram.com\/fernanda_job"],"logo":{"@type":"ImageObject","@id":"https:\/\/fernandadepilacao.com.br\/portal\/#logo","inLanguage":"pt-BR","url":"http:\/\/fernandadepilacao.com.br\/portal\/wp-content\/uploads\/2021\/03\/logo_fernanda.png","contentUrl":"http:\/\/fernandadepilacao.com.br\/portal\/wp-content\/uploads\/2021\/03\/logo_fernanda.png","width":673,"height":688,"caption":"Fernanda Depila\u00e7\u00e3o"},"image":{"@id":"https:\/\/fernandadepilacao.com.br\/portal\/#logo"}},{"@type":"WebSite","@id":"https:\/\/fernandadepilacao.com.br\/portal\/#website","url":"https:\/\/fernandadepilacao.com.br\/portal\/","name":"Fernanda Depila\u00e7\u00e3o","description":"","publisher":{"@id":"https:\/\/fernandadepilacao.com.br\/portal\/#organization"},"potentialAction":[{"@type":"SearchAction","target":{"@type":"EntryPoint","urlTemplate":"https:\/\/fernandadepilacao.com.br\/portal\/?s={search_term_string}"},"query-input":"required name=search_term_string"}],"inLanguage":"pt-BR"},{"@type":"ImageObject","@id":"https:\/\/fernandadepilacao.com.br\/portal\/2026\/04\/guia-areas-corpo-mais-doem-depilacao-laser\/#primaryimage","inLanguage":"pt-BR","url":"https:\/\/fernandadepilacao.com.br\/portal\/wp-content\/uploads\/2026\/04\/20260426000122.png","contentUrl":"https:\/\/fernandadepilacao.com.br\/portal\/wp-content\/uploads\/2026\/04\/20260426000122.png","width":500,"height":500},{"@type":"WebPage","@id":"https:\/\/fernandadepilacao.com.br\/portal\/2026\/04\/guia-areas-corpo-mais-doem-depilacao-laser\/#webpage","url":"https:\/\/fernandadepilacao.com.br\/portal\/2026\/04\/guia-areas-corpo-mais-doem-depilacao-laser\/","name":"Guia das \u00c1reas do Corpo que Mais Doem na Depila\u00e7\u00e3o a Laser - Fernanda Depila\u00e7\u00e3o","isPartOf":{"@id":"https:\/\/fernandadepilacao.com.br\/portal\/#website"},"primaryImageOfPage":{"@id":"https:\/\/fernandadepilacao.com.br\/portal\/2026\/04\/guia-areas-corpo-mais-doem-depilacao-laser\/#primaryimage"},"datePublished":"2026-04-26T03:01:24+00:00","dateModified":"2026-04-26T03:01:25+00:00","breadcrumb":{"@id":"https:\/\/fernandadepilacao.com.br\/portal\/2026\/04\/guia-areas-corpo-mais-doem-depilacao-laser\/#breadcrumb"},"inLanguage":"pt-BR","potentialAction":[{"@type":"ReadAction","target":["https:\/\/fernandadepilacao.com.br\/portal\/2026\/04\/guia-areas-corpo-mais-doem-depilacao-laser\/"]}]},{"@type":"BreadcrumbList","@id":"https:\/\/fernandadepilacao.com.br\/portal\/2026\/04\/guia-areas-corpo-mais-doem-depilacao-laser\/#breadcrumb","itemListElement":[{"@type":"ListItem","position":1,"name":"In\u00edcio","item":"http:\/\/fernandadepilacao.com.br\/portal\/"},{"@type":"ListItem","position":2,"name":"Guia das \u00c1reas do Corpo que Mais Doem na Depila\u00e7\u00e3o a Laser"}]},{"@type":"Article","@id":"https:\/\/fernandadepilacao.com.br\/portal\/2026\/04\/guia-areas-corpo-mais-doem-depilacao-laser\/#article","isPartOf":{"@id":"https:\/\/fernandadepilacao.com.br\/portal\/2026\/04\/guia-areas-corpo-mais-doem-depilacao-laser\/#webpage"},"author":{"@id":"https:\/\/fernandadepilacao.com.br\/portal\/#\/schema\/person\/d00644c3bbfd9fd17711767a3b1abbd0"},"headline":"Guia das \u00c1reas do Corpo que Mais Doem na Depila\u00e7\u00e3o a Laser","datePublished":"2026-04-26T03:01:24+00:00","dateModified":"2026-04-26T03:01:25+00:00","mainEntityOfPage":{"@id":"https:\/\/fernandadepilacao.com.br\/portal\/2026\/04\/guia-areas-corpo-mais-doem-depilacao-laser\/#webpage"},"wordCount":879,"commentCount":0,"publisher":{"@id":"https:\/\/fernandadepilacao.com.br\/portal\/#organization"},"image":{"@id":"https:\/\/fernandadepilacao.com.br\/portal\/2026\/04\/guia-areas-corpo-mais-doem-depilacao-laser\/#primaryimage"},"thumbnailUrl":"https:\/\/fernandadepilacao.com.br\/portal\/wp-content\/uploads\/2026\/04\/20260426000122.png","inLanguage":"pt-BR","potentialAction":[{"@type":"CommentAction","name":"Comment","target":["https:\/\/fernandadepilacao.com.br\/portal\/2026\/04\/guia-areas-corpo-mais-doem-depilacao-laser\/#respond"]}]},{"@type":"Person","@id":"https:\/\/fernandadepilacao.com.br\/portal\/#\/schema\/person\/d00644c3bbfd9fd17711767a3b1abbd0","name":"fernandajob","image":{"@type":"ImageObject","@id":"https:\/\/fernandadepilacao.com.br\/portal\/#personlogo","inLanguage":"pt-BR","url":"https:\/\/secure.gravatar.com\/avatar\/6c2268a68d69a325906fbdccd74b18e6?s=96&d=mm&r=g","contentUrl":"https:\/\/secure.gravatar.com\/avatar\/6c2268a68d69a325906fbdccd74b18e6?s=96&d=mm&r=g","caption":"fernandajob"},"sameAs":["http:\/\/fernandadepilacao.com.br\/portal"]}]}},"uagb_featured_image_src":{"full":["https:\/\/fernandadepilacao.com.br\/portal\/wp-content\/uploads\/2026\/04\/20260426000122.png",500,500,false],"thumbnail":["https:\/\/fernandadepilacao.com.br\/portal\/wp-content\/uploads\/2026\/04\/20260426000122-150x150.png",150,150,true],"medium":["https:\/\/fernandadepilacao.com.br\/portal\/wp-content\/uploads\/2026\/04\/20260426000122-300x300.png",300,300,true],"medium_large":["https:\/\/fernandadepilacao.com.br\/portal\/wp-content\/uploads\/2026\/04\/20260426000122.png",500,500,false],"large":["https:\/\/fernandadepilacao.com.br\/portal\/wp-content\/uploads\/2026\/04\/20260426000122.png",500,500,false],"1536x1536":["https:\/\/fernandadepilacao.com.br\/portal\/wp-content\/uploads\/2026\/04\/20260426000122.png",500,500,false],"2048x2048":["https:\/\/fernandadepilacao.com.br\/portal\/wp-content\/uploads\/2026\/04\/20260426000122.png",500,500,false]},"uagb_author_info":{"display_name":"fernandajob","author_link":"https:\/\/fernandadepilacao.com.br\/portal\/author\/fernandajob\/"},"uagb_comment_info":0,"uagb_excerpt":"\u00c1reas do Corpo que Costumam Doer Mais na Depila\u00e7\u00e3o a Laser: Guia Completo Depila\u00e7\u00e3o a laser \u00e9 um dos procedimentos est\u00e9ticos mais procurados atualmente, gra\u00e7as \u00e0 sua efic\u00e1cia na elimina\u00e7\u00e3o dos pelos e \u00e0 promessa de uma pele lisa por muito mais tempo. No entanto, \u00e9 comum escutar d\u00favidas \u2013 e at\u00e9 receios \u2013 sobre&hellip;","_links":{"self":[{"href":"https:\/\/fernandadepilacao.com.br\/portal\/wp-json\/wp\/v2\/posts\/1671"}],"collection":[{"href":"https:\/\/fernandadepilacao.com.br\/portal\/wp-json\/wp\/v2\/posts"}],"about":[{"href":"https:\/\/fernandadepilacao.com.br\/portal\/wp-json\/wp\/v2\/types\/post"}],"author":[{"embeddable":true,"href":"https:\/\/fernandadepilacao.com.br\/portal\/wp-json\/wp\/v2\/users\/1"}],"replies":[{"embeddable":true,"href":"https:\/\/fernandadepilacao.com.br\/portal\/wp-json\/wp\/v2\/comments?post=1671"}],"version-history":[{"count":1,"href":"https:\/\/fernandadepilacao.com.br\/portal\/wp-json\/wp\/v2\/posts\/1671\/revisions"}],"predecessor-version":[{"id":1672,"href":"https:\/\/fernandadepilacao.com.br\/portal\/wp-json\/wp\/v2\/posts\/1671\/revisions\/1672"}],"wp:featuredmedia":[{"embeddable":true,"href":"https:\/\/fernandadepilacao.com.br\/portal\/wp-json\/wp\/v2\/media\/1670"}],"wp:attachment":[{"href":"https:\/\/fernandadepilacao.com.br\/portal\/wp-json\/wp\/v2\/media?parent=1671"}],"wp:term":[{"taxonomy":"category","embeddable":true,"href":"https:\/\/fernandadepilacao.com.br\/portal\/wp-json\/wp\/v2\/categories?post=1671"},{"taxonomy":"post_tag","embeddable":true,"href":"https:\/\/fernandadepilacao.com.br\/portal\/wp-json\/wp\/v2\/tags?post=1671"}],"curies":[{"name":"wp","href":"https:\/\/api.w.org\/{rel}","templated":true}]}}