{"id":1428,"date":"2026-03-14T00:01:35","date_gmt":"2026-03-14T03:01:35","guid":{"rendered":"https:\/\/fernandadepilacao.com.br\/portal\/2026\/03\/depilacao-a-laser-guia-completo-antes-de-comecar-o-procedimento\/"},"modified":"2026-03-14T00:01:36","modified_gmt":"2026-03-14T03:01:36","slug":"depilacao-a-laser-guia-completo-antes-de-comecar-o-procedimento","status":"publish","type":"post","link":"https:\/\/fernandadepilacao.com.br\/portal\/2026\/03\/depilacao-a-laser-guia-completo-antes-de-comecar-o-procedimento\/","title":{"rendered":"Depila\u00e7\u00e3o a Laser: Guia Completo Antes de Come\u00e7ar o Procedimento"},"content":{"rendered":"<article>\n<header>\n<h1>Depila\u00e7\u00e3o a Laser: Tudo o Que Voc\u00ea Precisa Saber Antes de Come\u00e7ar<\/h1>\n<p>    <meta name=\"description\" content=\"Entenda como funciona a depila\u00e7\u00e3o a laser, seus benef\u00edcios, mitos, verdades e dicas para garantir resultados seguros e duradouros. Tire todas as d\u00favidas sobre o procedimento que promete pele lisinha por muito mais tempo.\" \/><br \/>\n  <\/header>\n<section>\n<h2>O Que \u00e9 Depila\u00e7\u00e3o a Laser?<\/h2>\n<p>A <strong>depila\u00e7\u00e3o a laser<\/strong> \u00e9 um procedimento est\u00e9tico avan\u00e7ado, utilizado para a <strong>remo\u00e7\u00e3o progressiva dos pelos<\/strong> de diversas \u00e1reas do corpo e do rosto. Diferentemente da depila\u00e7\u00e3o com cera, l\u00e2mina ou cremes depilat\u00f3rios \u2013 que removem o pelo apenas na superf\u00edcie \u2013 o laser atua diretamente na <strong>raiz do fol\u00edculo piloso<\/strong>, enfraquecendo-o e reduzindo significativamente sua capacidade de crescer.<\/p>\n<\/section>\n<section>\n<h2>Como Funciona a Depila\u00e7\u00e3o a Laser?<\/h2>\n<p>O laser emite um <strong>feixe de luz<\/strong> que \u00e9 absorvido pela melanina presente nos pelos. Essa energia luminosa se transforma em calor, que destr\u00f3i o fol\u00edculo piloso sem causar danos significativos \u00e0 pele ao redor. Por isso, \u00e9 um m\u00e9todo com alta precis\u00e3o e seguran\u00e7a, especialmente quando realizado por profissionais capacitados e em equipamentos <em>aprovados pela Anvisa<\/em>.<\/p>\n<ul>\n<li><strong>Depila\u00e7\u00e3o definitiva:<\/strong> O termo &#8220;definitiva&#8221; \u00e9 popular, mas tecnicamente, o mais correto seria &#8220;redu\u00e7\u00e3o prolongada dos pelos&#8221;, j\u00e1 que alguns poucos podem voltar a crescer com o tempo.<\/li>\n<li><strong>Tipos de laser:<\/strong> Os mais comuns s\u00e3o Alexandrite, Diodo, Nd:Yag e Luz Intensa Pulsada (<em>IPL<\/em>). Cada um tem indica\u00e7\u00f5es espec\u00edficas de acordo com o tom de pele e cor do pelo.<\/li>\n<\/ul>\n<\/section>\n<section>\n<h2>Principais Benef\u00edcios da Depila\u00e7\u00e3o a Laser<\/h2>\n<ul>\n<li><strong>Redu\u00e7\u00e3o duradoura dos pelos<\/strong>: Ap\u00f3s um ciclo de <em>sess\u00f5es de depila\u00e7\u00e3o a laser<\/em>, muitas pessoas relatam at\u00e9 90% de diminui\u00e7\u00e3o dos pelos.<\/li>\n<li><strong>FIM dos pelos encravados<\/strong>: O laser \u00e9 excelente para quem sofre com pelos encravados, foliculite e manchas p\u00f3s-inflamat\u00f3rias.<\/li>\n<li><strong>Pele mais lisa e uniforme<\/strong>: Ao diminuir a irrita\u00e7\u00e3o causada por outros m\u00e9todos, a pele tende a ficar mais lisa, macia e uniforme.<\/li>\n<li><strong>Economia de tempo e dinheiro<\/strong>: O tratamento representa um grande al\u00edvio para quem procura praticidade e menos manuten\u00e7\u00e3o a longo prazo.<\/li>\n<\/ul>\n<\/section>\n<section>\n<h2>Como \u00e9 o Procedimento?<\/h2>\n<p>Primeiramente, uma avalia\u00e7\u00e3o \u00e9 realizada para identificar a tonalidade da pele e do pelo, al\u00e9m de descartar contraindica\u00e7\u00f5es. O local \u00e9 higienizado e pode ser aplicada uma pomada anest\u00e9sica para maior conforto. Durante a sess\u00e3o, o equipamento \u00e9 ajustado para o tipo de pele e a ponteira \u00e9 deslizada sobre a \u00e1rea tratada. Sensa\u00e7\u00f5es de leves <strong>pinicadas ou calor<\/strong> s\u00e3o comuns, mas rapidamente toler\u00e1veis.<\/p>\n<p>\u00c9 fundamental <strong>n\u00e3o tomar sol<\/strong> nos dias anteriores e posteriores \u00e0 sess\u00e3o, evitar uso de cremes ou \u00e1cidos e manter a pele hidratada. Ap\u00f3s algumas sess\u00f5es (geralmente entre 6 a 10 sess\u00f5es), os resultados j\u00e1 ficam bastante vis\u00edveis.<\/p>\n<\/section>\n<section>\n<h2>Mitos e Verdades Sobre Depila\u00e7\u00e3o a Laser<\/h2>\n<ul>\n<li><strong>Depila\u00e7\u00e3o a laser d\u00f3i muito?<\/strong> <br \/> A sensa\u00e7\u00e3o depende da sensibilidade de cada pessoa e da tecnologia utilizada. Aparelhos modernos proporcionam mais conforto.<\/li>\n<li><strong>Somente pessoas com pele clara podem fazer?<\/strong> <br \/> Atualmente, j\u00e1 existem tecnologias seguras para todos os tons de pele e tipos de pelo.<\/li>\n<li><strong>Gr\u00e1vidas podem fazer depila\u00e7\u00e3o a laser?<\/strong> <br \/> N\u00e3o \u00e9 recomendado durante a gesta\u00e7\u00e3o, por precau\u00e7\u00e3o e falta de estudos conclusivos.<\/li>\n<li><strong>Podem aparecer manchas?<\/strong> <br \/> Se o procedimento for feito adequadamente e com os cuidados indicados, o risco \u00e9 baixo.<\/li>\n<\/ul>\n<\/section>\n<section>\n<h2>Cuidados Antes e Depois da Depila\u00e7\u00e3o a Laser<\/h2>\n<ol>\n<li><strong>Evite a exposi\u00e7\u00e3o solar<\/strong> por pelo menos 15 dias antes e ap\u00f3s cada sess\u00e3o.<\/li>\n<li><strong>N\u00e3o use produtos com \u00e1cido<\/strong> na \u00e1rea a ser tratada nas semanas pr\u00f3ximas ao procedimento.<\/li>\n<li><strong>Mantenha a pele limpa e hidratada<\/strong> no local da aplica\u00e7\u00e3o.<\/li>\n<li><strong>N\u00e3o utilize cera ou pin\u00e7a<\/strong> antes ou durante o tratamento \u2013 a raiz precisa estar presente para o laser agir.<\/li>\n<\/ol>\n<\/section>\n<section>\n<h2>Contraindica\u00e7\u00f5es da Depila\u00e7\u00e3o a Laser<\/h2>\n<p>Apesar da seguran\u00e7a, a depila\u00e7\u00e3o a laser \u00e9 contraindicada para:<\/p>\n<ul>\n<li>Gestantes;<\/li>\n<li>Pessoas com doen\u00e7as de pele em atividade (herpes, psor\u00edase);<\/li>\n<li>Uso recente de isotretino\u00edna;<\/li>\n<li>Peles com bronzeamento recente;<\/li>\n<li>Pessoas com tend\u00eancia a queloides sem avalia\u00e7\u00e3o pr\u00e9via.<\/li>\n<\/ul>\n<p>Sempre passe por <strong>avalia\u00e7\u00e3o especializada<\/strong> antes de iniciar qualquer tratamento a laser.<\/p>\n<\/section>\n<section>\n<h2>Perguntas Frequentes Sobre Depila\u00e7\u00e3o a Laser<\/h2>\n<dl>\n<dt>Quantas sess\u00f5es preciso para ter resultados?<\/dt>\n<dd>Em m\u00e9dia, de 6 a 10 sess\u00f5es, dependendo do local tratado e caracter\u00edsticas individuais.<\/dd>\n<dt>Os pelos poderiam voltar depois do tratamento?<\/dt>\n<dd>A maioria dos pelos \u00e9 removida permanentemente, mas fatores hormonais podem estimular novo crescimento ao longo do tempo.<\/dd>\n<dt>Posso fazer depila\u00e7\u00e3o a laser em qualquer \u00e1rea do corpo?<\/dt>\n<dd>Sim! O laser \u00e9 indicado para pernas, axilas, virilha, bu\u00e7o, rosto, costas, peitoral e at\u00e9 \u00e1reas \u00edntimas.<\/dd>\n<dt>A depila\u00e7\u00e3o a laser escurece a pele?<\/dt>\n<dd>N\u00e3o, quando o procedimento \u00e9 realizado corretamente por profissionais qualificados e com cuidados adequados.<\/dd>\n<\/dl>\n<\/section>\n<section>\n<h2>Conclus\u00e3o<\/h2>\n<p>A <strong>depila\u00e7\u00e3o a laser<\/strong> \u00e9 uma excelente alternativa para quem busca liberdade dos pelos, conforto e bem-estar. Com o avan\u00e7o da tecnologia, o procedimento tornou-se cada vez mais acess\u00edvel, seguro e eficiente, atendendo a diferentes tipos de pele e pelo. Lembre-se sempre de buscar profissionais habilitados e seguir todas as orienta\u00e7\u00f5es para garantir resultados incr\u00edveis e uma experi\u00eancia positiva.<\/p>\n<footer>\n<p>Se ainda restou alguma d\u00favida sobre depila\u00e7\u00e3o a laser, agende uma avalia\u00e7\u00e3o com um especialista e descubra como esse tratamento pode transformar sua rotina de beleza e autocuidado!<\/p>\n<\/footer>\n<\/section>\n<\/article>\n","protected":false},"excerpt":{"rendered":"<p>Depila\u00e7\u00e3o a Laser: Tudo o Que Voc\u00ea Precisa Saber Antes de Come\u00e7ar O Que \u00e9 Depila\u00e7\u00e3o a Laser? A depila\u00e7\u00e3o a laser \u00e9 um procedimento est\u00e9tico avan\u00e7ado, utilizado para a remo\u00e7\u00e3o progressiva dos pelos de diversas \u00e1reas do corpo e do rosto. Diferentemente da depila\u00e7\u00e3o com cera, l\u00e2mina ou cremes depilat\u00f3rios \u2013 que removem o &hellip;<\/p>\n<p class=\"read-more\"> <a class=\"\" href=\"https:\/\/fernandadepilacao.com.br\/portal\/2026\/03\/depilacao-a-laser-guia-completo-antes-de-comecar-o-procedimento\/\"> <span class=\"screen-reader-text\">Depila\u00e7\u00e3o a Laser: Guia Completo Antes de Come\u00e7ar o Procedimento<\/span> Leia mais &raquo;<\/a><\/p>\n","protected":false},"author":1,"featured_media":1427,"comment_status":"open","ping_status":"open","sticky":false,"template":"","format":"standard","meta":[],"categories":[1],"tags":[],"yoast_head":"<!-- This site is optimized with the Yoast SEO plugin v18.4.1 - https:\/\/yoast.com\/wordpress\/plugins\/seo\/ -->\n<title>Depila\u00e7\u00e3o a Laser: Guia Completo Antes de Come\u00e7ar o Procedimento - Fernanda Depila\u00e7\u00e3o<\/title>\n<meta name=\"robots\" content=\"index, follow, max-snippet:-1, max-image-preview:large, max-video-preview:-1\" \/>\n<link rel=\"canonical\" href=\"https:\/\/fernandadepilacao.com.br\/portal\/2026\/03\/depilacao-a-laser-guia-completo-antes-de-comecar-o-procedimento\/\" \/>\n<meta property=\"og:locale\" content=\"pt_BR\" \/>\n<meta property=\"og:type\" content=\"article\" \/>\n<meta property=\"og:title\" content=\"Depila\u00e7\u00e3o a Laser: Guia Completo Antes de Come\u00e7ar o Procedimento - Fernanda Depila\u00e7\u00e3o\" \/>\n<meta property=\"og:description\" content=\"Depila\u00e7\u00e3o a Laser: Tudo o Que Voc\u00ea Precisa Saber Antes de Come\u00e7ar O Que \u00e9 Depila\u00e7\u00e3o a Laser? A depila\u00e7\u00e3o a laser \u00e9 um procedimento est\u00e9tico avan\u00e7ado, utilizado para a remo\u00e7\u00e3o progressiva dos pelos de diversas \u00e1reas do corpo e do rosto. Diferentemente da depila\u00e7\u00e3o com cera, l\u00e2mina ou cremes depilat\u00f3rios \u2013 que removem o &hellip; Depila\u00e7\u00e3o a Laser: Guia Completo Antes de Come\u00e7ar o Procedimento Leia mais &raquo;\" \/>\n<meta property=\"og:url\" content=\"https:\/\/fernandadepilacao.com.br\/portal\/2026\/03\/depilacao-a-laser-guia-completo-antes-de-comecar-o-procedimento\/\" \/>\n<meta property=\"og:site_name\" content=\"Fernanda Depila\u00e7\u00e3o\" \/>\n<meta property=\"article:publisher\" content=\"https:\/\/www.facebook.com\/ferjobdepilacao\" \/>\n<meta property=\"article:published_time\" content=\"2026-03-14T03:01:35+00:00\" \/>\n<meta property=\"article:modified_time\" content=\"2026-03-14T03:01:36+00:00\" \/>\n<meta name=\"twitter:card\" content=\"summary_large_image\" \/>\n<meta name=\"twitter:label1\" content=\"Escrito por\" \/>\n\t<meta name=\"twitter:data1\" content=\"fernandajob\" \/>\n\t<meta name=\"twitter:label2\" content=\"Est. tempo de leitura\" \/>\n\t<meta name=\"twitter:data2\" content=\"4 minutos\" \/>\n<script type=\"application\/ld+json\" class=\"yoast-schema-graph\">{\"@context\":\"https:\/\/schema.org\",\"@graph\":[{\"@type\":\"Organization\",\"@id\":\"https:\/\/fernandadepilacao.com.br\/portal\/#organization\",\"name\":\"Fernanda Depila\u00e7\u00e3o\",\"url\":\"https:\/\/fernandadepilacao.com.br\/portal\/\",\"sameAs\":[\"https:\/\/www.facebook.com\/ferjobdepilacao\",\"http:\/\/instagram.com\/fernanda_job\"],\"logo\":{\"@type\":\"ImageObject\",\"@id\":\"https:\/\/fernandadepilacao.com.br\/portal\/#logo\",\"inLanguage\":\"pt-BR\",\"url\":\"http:\/\/fernandadepilacao.com.br\/portal\/wp-content\/uploads\/2021\/03\/logo_fernanda.png\",\"contentUrl\":\"http:\/\/fernandadepilacao.com.br\/portal\/wp-content\/uploads\/2021\/03\/logo_fernanda.png\",\"width\":673,\"height\":688,\"caption\":\"Fernanda Depila\u00e7\u00e3o\"},\"image\":{\"@id\":\"https:\/\/fernandadepilacao.com.br\/portal\/#logo\"}},{\"@type\":\"WebSite\",\"@id\":\"https:\/\/fernandadepilacao.com.br\/portal\/#website\",\"url\":\"https:\/\/fernandadepilacao.com.br\/portal\/\",\"name\":\"Fernanda Depila\u00e7\u00e3o\",\"description\":\"\",\"publisher\":{\"@id\":\"https:\/\/fernandadepilacao.com.br\/portal\/#organization\"},\"potentialAction\":[{\"@type\":\"SearchAction\",\"target\":{\"@type\":\"EntryPoint\",\"urlTemplate\":\"https:\/\/fernandadepilacao.com.br\/portal\/?s={search_term_string}\"},\"query-input\":\"required name=search_term_string\"}],\"inLanguage\":\"pt-BR\"},{\"@type\":\"ImageObject\",\"@id\":\"https:\/\/fernandadepilacao.com.br\/portal\/2026\/03\/depilacao-a-laser-guia-completo-antes-de-comecar-o-procedimento\/#primaryimage\",\"inLanguage\":\"pt-BR\",\"url\":\"https:\/\/fernandadepilacao.com.br\/portal\/wp-content\/uploads\/2026\/03\/20260314000133.png\",\"contentUrl\":\"https:\/\/fernandadepilacao.com.br\/portal\/wp-content\/uploads\/2026\/03\/20260314000133.png\",\"width\":500,\"height\":500},{\"@type\":\"WebPage\",\"@id\":\"https:\/\/fernandadepilacao.com.br\/portal\/2026\/03\/depilacao-a-laser-guia-completo-antes-de-comecar-o-procedimento\/#webpage\",\"url\":\"https:\/\/fernandadepilacao.com.br\/portal\/2026\/03\/depilacao-a-laser-guia-completo-antes-de-comecar-o-procedimento\/\",\"name\":\"Depila\u00e7\u00e3o a Laser: Guia Completo Antes de Come\u00e7ar o Procedimento - Fernanda Depila\u00e7\u00e3o\",\"isPartOf\":{\"@id\":\"https:\/\/fernandadepilacao.com.br\/portal\/#website\"},\"primaryImageOfPage\":{\"@id\":\"https:\/\/fernandadepilacao.com.br\/portal\/2026\/03\/depilacao-a-laser-guia-completo-antes-de-comecar-o-procedimento\/#primaryimage\"},\"datePublished\":\"2026-03-14T03:01:35+00:00\",\"dateModified\":\"2026-03-14T03:01:36+00:00\",\"breadcrumb\":{\"@id\":\"https:\/\/fernandadepilacao.com.br\/portal\/2026\/03\/depilacao-a-laser-guia-completo-antes-de-comecar-o-procedimento\/#breadcrumb\"},\"inLanguage\":\"pt-BR\",\"potentialAction\":[{\"@type\":\"ReadAction\",\"target\":[\"https:\/\/fernandadepilacao.com.br\/portal\/2026\/03\/depilacao-a-laser-guia-completo-antes-de-comecar-o-procedimento\/\"]}]},{\"@type\":\"BreadcrumbList\",\"@id\":\"https:\/\/fernandadepilacao.com.br\/portal\/2026\/03\/depilacao-a-laser-guia-completo-antes-de-comecar-o-procedimento\/#breadcrumb\",\"itemListElement\":[{\"@type\":\"ListItem\",\"position\":1,\"name\":\"In\u00edcio\",\"item\":\"http:\/\/fernandadepilacao.com.br\/portal\/\"},{\"@type\":\"ListItem\",\"position\":2,\"name\":\"Depila\u00e7\u00e3o a Laser: Guia Completo Antes de Come\u00e7ar o Procedimento\"}]},{\"@type\":\"Article\",\"@id\":\"https:\/\/fernandadepilacao.com.br\/portal\/2026\/03\/depilacao-a-laser-guia-completo-antes-de-comecar-o-procedimento\/#article\",\"isPartOf\":{\"@id\":\"https:\/\/fernandadepilacao.com.br\/portal\/2026\/03\/depilacao-a-laser-guia-completo-antes-de-comecar-o-procedimento\/#webpage\"},\"author\":{\"@id\":\"https:\/\/fernandadepilacao.com.br\/portal\/#\/schema\/person\/d00644c3bbfd9fd17711767a3b1abbd0\"},\"headline\":\"Depila\u00e7\u00e3o a Laser: Guia Completo Antes de Come\u00e7ar o Procedimento\",\"datePublished\":\"2026-03-14T03:01:35+00:00\",\"dateModified\":\"2026-03-14T03:01:36+00:00\",\"mainEntityOfPage\":{\"@id\":\"https:\/\/fernandadepilacao.com.br\/portal\/2026\/03\/depilacao-a-laser-guia-completo-antes-de-comecar-o-procedimento\/#webpage\"},\"wordCount\":871,\"commentCount\":0,\"publisher\":{\"@id\":\"https:\/\/fernandadepilacao.com.br\/portal\/#organization\"},\"image\":{\"@id\":\"https:\/\/fernandadepilacao.com.br\/portal\/2026\/03\/depilacao-a-laser-guia-completo-antes-de-comecar-o-procedimento\/#primaryimage\"},\"thumbnailUrl\":\"https:\/\/fernandadepilacao.com.br\/portal\/wp-content\/uploads\/2026\/03\/20260314000133.png\",\"inLanguage\":\"pt-BR\",\"potentialAction\":[{\"@type\":\"CommentAction\",\"name\":\"Comment\",\"target\":[\"https:\/\/fernandadepilacao.com.br\/portal\/2026\/03\/depilacao-a-laser-guia-completo-antes-de-comecar-o-procedimento\/#respond\"]}]},{\"@type\":\"Person\",\"@id\":\"https:\/\/fernandadepilacao.com.br\/portal\/#\/schema\/person\/d00644c3bbfd9fd17711767a3b1abbd0\",\"name\":\"fernandajob\",\"image\":{\"@type\":\"ImageObject\",\"@id\":\"https:\/\/fernandadepilacao.com.br\/portal\/#personlogo\",\"inLanguage\":\"pt-BR\",\"url\":\"https:\/\/secure.gravatar.com\/avatar\/6c2268a68d69a325906fbdccd74b18e6?s=96&d=mm&r=g\",\"contentUrl\":\"https:\/\/secure.gravatar.com\/avatar\/6c2268a68d69a325906fbdccd74b18e6?s=96&d=mm&r=g\",\"caption\":\"fernandajob\"},\"sameAs\":[\"http:\/\/fernandadepilacao.com.br\/portal\"]}]}<\/script>\n<!-- \/ Yoast SEO plugin. -->","yoast_head_json":{"title":"Depila\u00e7\u00e3o a Laser: Guia Completo Antes de Come\u00e7ar o Procedimento - Fernanda Depila\u00e7\u00e3o","robots":{"index":"index","follow":"follow","max-snippet":"max-snippet:-1","max-image-preview":"max-image-preview:large","max-video-preview":"max-video-preview:-1"},"canonical":"https:\/\/fernandadepilacao.com.br\/portal\/2026\/03\/depilacao-a-laser-guia-completo-antes-de-comecar-o-procedimento\/","og_locale":"pt_BR","og_type":"article","og_title":"Depila\u00e7\u00e3o a Laser: Guia Completo Antes de Come\u00e7ar o Procedimento - Fernanda Depila\u00e7\u00e3o","og_description":"Depila\u00e7\u00e3o a Laser: Tudo o Que Voc\u00ea Precisa Saber Antes de Come\u00e7ar O Que \u00e9 Depila\u00e7\u00e3o a Laser? A depila\u00e7\u00e3o a laser \u00e9 um procedimento est\u00e9tico avan\u00e7ado, utilizado para a remo\u00e7\u00e3o progressiva dos pelos de diversas \u00e1reas do corpo e do rosto. Diferentemente da depila\u00e7\u00e3o com cera, l\u00e2mina ou cremes depilat\u00f3rios \u2013 que removem o &hellip; Depila\u00e7\u00e3o a Laser: Guia Completo Antes de Come\u00e7ar o Procedimento Leia mais &raquo;","og_url":"https:\/\/fernandadepilacao.com.br\/portal\/2026\/03\/depilacao-a-laser-guia-completo-antes-de-comecar-o-procedimento\/","og_site_name":"Fernanda Depila\u00e7\u00e3o","article_publisher":"https:\/\/www.facebook.com\/ferjobdepilacao","article_published_time":"2026-03-14T03:01:35+00:00","article_modified_time":"2026-03-14T03:01:36+00:00","twitter_card":"summary_large_image","twitter_misc":{"Escrito por":"fernandajob","Est. tempo de leitura":"4 minutos"},"schema":{"@context":"https:\/\/schema.org","@graph":[{"@type":"Organization","@id":"https:\/\/fernandadepilacao.com.br\/portal\/#organization","name":"Fernanda Depila\u00e7\u00e3o","url":"https:\/\/fernandadepilacao.com.br\/portal\/","sameAs":["https:\/\/www.facebook.com\/ferjobdepilacao","http:\/\/instagram.com\/fernanda_job"],"logo":{"@type":"ImageObject","@id":"https:\/\/fernandadepilacao.com.br\/portal\/#logo","inLanguage":"pt-BR","url":"http:\/\/fernandadepilacao.com.br\/portal\/wp-content\/uploads\/2021\/03\/logo_fernanda.png","contentUrl":"http:\/\/fernandadepilacao.com.br\/portal\/wp-content\/uploads\/2021\/03\/logo_fernanda.png","width":673,"height":688,"caption":"Fernanda Depila\u00e7\u00e3o"},"image":{"@id":"https:\/\/fernandadepilacao.com.br\/portal\/#logo"}},{"@type":"WebSite","@id":"https:\/\/fernandadepilacao.com.br\/portal\/#website","url":"https:\/\/fernandadepilacao.com.br\/portal\/","name":"Fernanda Depila\u00e7\u00e3o","description":"","publisher":{"@id":"https:\/\/fernandadepilacao.com.br\/portal\/#organization"},"potentialAction":[{"@type":"SearchAction","target":{"@type":"EntryPoint","urlTemplate":"https:\/\/fernandadepilacao.com.br\/portal\/?s={search_term_string}"},"query-input":"required name=search_term_string"}],"inLanguage":"pt-BR"},{"@type":"ImageObject","@id":"https:\/\/fernandadepilacao.com.br\/portal\/2026\/03\/depilacao-a-laser-guia-completo-antes-de-comecar-o-procedimento\/#primaryimage","inLanguage":"pt-BR","url":"https:\/\/fernandadepilacao.com.br\/portal\/wp-content\/uploads\/2026\/03\/20260314000133.png","contentUrl":"https:\/\/fernandadepilacao.com.br\/portal\/wp-content\/uploads\/2026\/03\/20260314000133.png","width":500,"height":500},{"@type":"WebPage","@id":"https:\/\/fernandadepilacao.com.br\/portal\/2026\/03\/depilacao-a-laser-guia-completo-antes-de-comecar-o-procedimento\/#webpage","url":"https:\/\/fernandadepilacao.com.br\/portal\/2026\/03\/depilacao-a-laser-guia-completo-antes-de-comecar-o-procedimento\/","name":"Depila\u00e7\u00e3o a Laser: Guia Completo Antes de Come\u00e7ar o Procedimento - Fernanda Depila\u00e7\u00e3o","isPartOf":{"@id":"https:\/\/fernandadepilacao.com.br\/portal\/#website"},"primaryImageOfPage":{"@id":"https:\/\/fernandadepilacao.com.br\/portal\/2026\/03\/depilacao-a-laser-guia-completo-antes-de-comecar-o-procedimento\/#primaryimage"},"datePublished":"2026-03-14T03:01:35+00:00","dateModified":"2026-03-14T03:01:36+00:00","breadcrumb":{"@id":"https:\/\/fernandadepilacao.com.br\/portal\/2026\/03\/depilacao-a-laser-guia-completo-antes-de-comecar-o-procedimento\/#breadcrumb"},"inLanguage":"pt-BR","potentialAction":[{"@type":"ReadAction","target":["https:\/\/fernandadepilacao.com.br\/portal\/2026\/03\/depilacao-a-laser-guia-completo-antes-de-comecar-o-procedimento\/"]}]},{"@type":"BreadcrumbList","@id":"https:\/\/fernandadepilacao.com.br\/portal\/2026\/03\/depilacao-a-laser-guia-completo-antes-de-comecar-o-procedimento\/#breadcrumb","itemListElement":[{"@type":"ListItem","position":1,"name":"In\u00edcio","item":"http:\/\/fernandadepilacao.com.br\/portal\/"},{"@type":"ListItem","position":2,"name":"Depila\u00e7\u00e3o a Laser: Guia Completo Antes de Come\u00e7ar o Procedimento"}]},{"@type":"Article","@id":"https:\/\/fernandadepilacao.com.br\/portal\/2026\/03\/depilacao-a-laser-guia-completo-antes-de-comecar-o-procedimento\/#article","isPartOf":{"@id":"https:\/\/fernandadepilacao.com.br\/portal\/2026\/03\/depilacao-a-laser-guia-completo-antes-de-comecar-o-procedimento\/#webpage"},"author":{"@id":"https:\/\/fernandadepilacao.com.br\/portal\/#\/schema\/person\/d00644c3bbfd9fd17711767a3b1abbd0"},"headline":"Depila\u00e7\u00e3o a Laser: Guia Completo Antes de Come\u00e7ar o Procedimento","datePublished":"2026-03-14T03:01:35+00:00","dateModified":"2026-03-14T03:01:36+00:00","mainEntityOfPage":{"@id":"https:\/\/fernandadepilacao.com.br\/portal\/2026\/03\/depilacao-a-laser-guia-completo-antes-de-comecar-o-procedimento\/#webpage"},"wordCount":871,"commentCount":0,"publisher":{"@id":"https:\/\/fernandadepilacao.com.br\/portal\/#organization"},"image":{"@id":"https:\/\/fernandadepilacao.com.br\/portal\/2026\/03\/depilacao-a-laser-guia-completo-antes-de-comecar-o-procedimento\/#primaryimage"},"thumbnailUrl":"https:\/\/fernandadepilacao.com.br\/portal\/wp-content\/uploads\/2026\/03\/20260314000133.png","inLanguage":"pt-BR","potentialAction":[{"@type":"CommentAction","name":"Comment","target":["https:\/\/fernandadepilacao.com.br\/portal\/2026\/03\/depilacao-a-laser-guia-completo-antes-de-comecar-o-procedimento\/#respond"]}]},{"@type":"Person","@id":"https:\/\/fernandadepilacao.com.br\/portal\/#\/schema\/person\/d00644c3bbfd9fd17711767a3b1abbd0","name":"fernandajob","image":{"@type":"ImageObject","@id":"https:\/\/fernandadepilacao.com.br\/portal\/#personlogo","inLanguage":"pt-BR","url":"https:\/\/secure.gravatar.com\/avatar\/6c2268a68d69a325906fbdccd74b18e6?s=96&d=mm&r=g","contentUrl":"https:\/\/secure.gravatar.com\/avatar\/6c2268a68d69a325906fbdccd74b18e6?s=96&d=mm&r=g","caption":"fernandajob"},"sameAs":["http:\/\/fernandadepilacao.com.br\/portal"]}]}},"uagb_featured_image_src":{"full":["https:\/\/fernandadepilacao.com.br\/portal\/wp-content\/uploads\/2026\/03\/20260314000133.png",500,500,false],"thumbnail":["https:\/\/fernandadepilacao.com.br\/portal\/wp-content\/uploads\/2026\/03\/20260314000133-150x150.png",150,150,true],"medium":["https:\/\/fernandadepilacao.com.br\/portal\/wp-content\/uploads\/2026\/03\/20260314000133-300x300.png",300,300,true],"medium_large":["https:\/\/fernandadepilacao.com.br\/portal\/wp-content\/uploads\/2026\/03\/20260314000133.png",500,500,false],"large":["https:\/\/fernandadepilacao.com.br\/portal\/wp-content\/uploads\/2026\/03\/20260314000133.png",500,500,false],"1536x1536":["https:\/\/fernandadepilacao.com.br\/portal\/wp-content\/uploads\/2026\/03\/20260314000133.png",500,500,false],"2048x2048":["https:\/\/fernandadepilacao.com.br\/portal\/wp-content\/uploads\/2026\/03\/20260314000133.png",500,500,false]},"uagb_author_info":{"display_name":"fernandajob","author_link":"https:\/\/fernandadepilacao.com.br\/portal\/author\/fernandajob\/"},"uagb_comment_info":0,"uagb_excerpt":"Depila\u00e7\u00e3o a Laser: Tudo o Que Voc\u00ea Precisa Saber Antes de Come\u00e7ar O Que \u00e9 Depila\u00e7\u00e3o a Laser? A depila\u00e7\u00e3o a laser \u00e9 um procedimento est\u00e9tico avan\u00e7ado, utilizado para a remo\u00e7\u00e3o progressiva dos pelos de diversas \u00e1reas do corpo e do rosto. Diferentemente da depila\u00e7\u00e3o com cera, l\u00e2mina ou cremes depilat\u00f3rios \u2013 que removem o&hellip;","_links":{"self":[{"href":"https:\/\/fernandadepilacao.com.br\/portal\/wp-json\/wp\/v2\/posts\/1428"}],"collection":[{"href":"https:\/\/fernandadepilacao.com.br\/portal\/wp-json\/wp\/v2\/posts"}],"about":[{"href":"https:\/\/fernandadepilacao.com.br\/portal\/wp-json\/wp\/v2\/types\/post"}],"author":[{"embeddable":true,"href":"https:\/\/fernandadepilacao.com.br\/portal\/wp-json\/wp\/v2\/users\/1"}],"replies":[{"embeddable":true,"href":"https:\/\/fernandadepilacao.com.br\/portal\/wp-json\/wp\/v2\/comments?post=1428"}],"version-history":[{"count":1,"href":"https:\/\/fernandadepilacao.com.br\/portal\/wp-json\/wp\/v2\/posts\/1428\/revisions"}],"predecessor-version":[{"id":1429,"href":"https:\/\/fernandadepilacao.com.br\/portal\/wp-json\/wp\/v2\/posts\/1428\/revisions\/1429"}],"wp:featuredmedia":[{"embeddable":true,"href":"https:\/\/fernandadepilacao.com.br\/portal\/wp-json\/wp\/v2\/media\/1427"}],"wp:attachment":[{"href":"https:\/\/fernandadepilacao.com.br\/portal\/wp-json\/wp\/v2\/media?parent=1428"}],"wp:term":[{"taxonomy":"category","embeddable":true,"href":"https:\/\/fernandadepilacao.com.br\/portal\/wp-json\/wp\/v2\/categories?post=1428"},{"taxonomy":"post_tag","embeddable":true,"href":"https:\/\/fernandadepilacao.com.br\/portal\/wp-json\/wp\/v2\/tags?post=1428"}],"curies":[{"name":"wp","href":"https:\/\/api.w.org\/{rel}","templated":true}]}}