{"id":1422,"date":"2026-03-13T00:01:56","date_gmt":"2026-03-13T03:01:56","guid":{"rendered":"https:\/\/fernandadepilacao.com.br\/portal\/2026\/03\/metodos-de-depilacao-mais-indicados-apos-procedimentos-esteticos\/"},"modified":"2026-03-13T00:01:57","modified_gmt":"2026-03-13T03:01:57","slug":"metodos-de-depilacao-mais-indicados-apos-procedimentos-esteticos","status":"publish","type":"post","link":"https:\/\/fernandadepilacao.com.br\/portal\/2026\/03\/metodos-de-depilacao-mais-indicados-apos-procedimentos-esteticos\/","title":{"rendered":"M\u00e9todos de Depila\u00e7\u00e3o Mais Indicados Ap\u00f3s Procedimentos Est\u00e9ticos"},"content":{"rendered":"<article>\n<header>\n<h1>M\u00e9todos de depila\u00e7\u00e3o mais indicados ap\u00f3s procedimentos est\u00e9ticos<\/h1>\n<p><strong>Descubra como cuidar da sua pele e escolher o melhor m\u00e9todo de depila\u00e7\u00e3o ap\u00f3s tratamentos est\u00e9ticos<\/strong><\/p>\n<\/header>\n<section>\n<h2>O cuidado da pele ap\u00f3s procedimentos est\u00e9ticos<\/h2>\n<p>\n      A busca por tratamentos est\u00e9ticos, como peelings, aplica\u00e7\u00e3o de laser, microagulhamento e limpeza de pele profunda, cresceu muito nos \u00faltimos anos. Entretanto, ap\u00f3s realizar esses procedimentos, \u00e9 comum surgir uma d\u00favida importante: <strong>qual m\u00e9todo de depila\u00e7\u00e3o \u00e9 mais seguro e recomendado?<\/strong> O momento p\u00f3s-est\u00e9tico exige aten\u00e7\u00e3o redobrada para evitar irrita\u00e7\u00f5es, manchas ou at\u00e9 mesmo infec\u00e7\u00f5es.\n    <\/p>\n<p>\n      Por isso, entender <strong>quais t\u00e9cnicas de remo\u00e7\u00e3o de pelos<\/strong> se encaixam melhor nesse contexto \u00e9 fundamental para manter a integridade da pele e garantir resultados satisfat\u00f3rios e duradouros.\n    <\/p>\n<\/section>\n<section>\n<h2>Caracter\u00edsticas da pele ap\u00f3s procedimentos est\u00e9ticos<\/h2>\n<p>\n      Ap\u00f3s procedimentos como peeling qu\u00edmico, laser ou dermoabras\u00e3o, a pele costuma ficar mais sens\u00edvel, fina e suscept\u00edvel a irrita\u00e7\u00e3o. O grau de sensibilidade varia conforme o tipo de tratamento e o n\u00edvel de agress\u00e3o cut\u00e2nea. Em geral, \u00e9 recomendado <strong>aguardar o tempo de recupera\u00e7\u00e3o da pele<\/strong> antes de investir em qualquer m\u00e9todo depilat\u00f3rio.\n    <\/p>\n<ul>\n<li>\n        <strong>Peeling qu\u00edmico:<\/strong> a pele pode descamar e apresentar vermelhid\u00e3o e ardor.\n      <\/li>\n<li>\n        <strong>Laser facial ou corporal:<\/strong> pode causar irrita\u00e7\u00e3o, manchas ou at\u00e9 pequenas crostas.\n      <\/li>\n<li>\n        <strong>Limpeza de pele profunda:<\/strong> deixa a pele sensibilizada e exposta a agentes externos.\n      <\/li>\n<\/ul>\n<p>\n      Compreender esse cen\u00e1rio \u00e9 essencial para evitar complica\u00e7\u00f5es ap\u00f3s a depila\u00e7\u00e3o.\n    <\/p>\n<\/section>\n<section>\n<h2>Os principais m\u00e9todos de depila\u00e7\u00e3o e suas indica\u00e7\u00f5es<\/h2>\n<h3>1. L\u00e2mina (raspagem)<\/h3>\n<p>\n      A depila\u00e7\u00e3o com l\u00e2mina pode parecer inofensiva, mas logo ap\u00f3s procedimentos est\u00e9ticos, ela pode provocar microles\u00f5es, aumentar a chance de contamina\u00e7\u00e3o por bact\u00e9rias e favorecer infec\u00e7\u00f5es. Por isso, deve ser praticada somente quando a pele j\u00e1 estiver completamente recuperada e sem sinais de hipersensibilidade.\n    <\/p>\n<h3>2. Pin\u00e7a<\/h3>\n<p>\n      Ideal para pequenas \u00e1reas e uso pontual, a pin\u00e7a pode ser utilizada em sobrancelhas ou em poucos fios isolados. Ap\u00f3s procedimentos est\u00e9ticos, recomenda-se evitar a pin\u00e7a nas regi\u00f5es tratadas, pois a pele pode estar mais sens\u00edvel.\n    <\/p>\n<h3>3. Cera quente ou fria<\/h3>\n<p>\n      A depila\u00e7\u00e3o com cera \u00e9 bastante popular, mas <strong>n\u00e3o \u00e9 indicada imediatamente ap\u00f3s tratamentos est\u00e9ticos<\/strong>. O calor e o atrito podem agravar a irrita\u00e7\u00e3o, provocar manchas e at\u00e9 queimaduras. Espere de 7 a 15 dias (ou conforme indica\u00e7\u00e3o profissional) antes de voltar a depilar com cera.\n    <\/p>\n<h3>4. Creme depilat\u00f3rio<\/h3>\n<p>\n      Cremes depilat\u00f3rios utilizam ativos qu\u00edmicos que podem causar rea\u00e7\u00f5es adversas na pele recentemente tratada. Pontos como sensa\u00e7\u00e3o de ardor, vermelhid\u00e3o e alergias s\u00e3o comuns, por isso, o uso \u00e9 <strong>desaconselhado logo ap\u00f3s procedimentos est\u00e9ticos<\/strong>.\n    <\/p>\n<h3>5. Depila\u00e7\u00e3o a laser<\/h3>\n<p>\n      Embora a depila\u00e7\u00e3o a laser seja um dos m\u00e9todos mais modernos e eficientes, ela precisa ser bem planejada com outros procedimentos. O laser n\u00e3o deve ser realizado logo ap\u00f3s procedimentos que sensibilizam a pele, como peelings ou limpezas profundas. \u00c9 fundamental respeitar o intervalo de seguran\u00e7a recomendado pelo profissional respons\u00e1vel.\n    <\/p>\n<h3>6. Fotodepila\u00e7\u00e3o (Luz Pulsada)<\/h3>\n<p>\n      Assim como o laser, a <strong>fotodepila\u00e7\u00e3o<\/strong> com luz pulsada deve ser agendada respeitando o tempo de recupera\u00e7\u00e3o da pele. O risco de manchas e at\u00e9 queimaduras \u00e9 grande se o procedimento for feito em pele fragilizada.\n    <\/p>\n<h3>7. Depila\u00e7\u00e3o eg\u00edpcia (linha)<\/h3>\n<p>\n      A t\u00e9cnica da depila\u00e7\u00e3o eg\u00edpcia, feita com linha de algod\u00e3o, pode ser considerada uma alternativa para pequenas \u00e1reas do rosto. Ela causa pouca irrita\u00e7\u00e3o, mas \u00e9 melhor aguardar que a pele esteja totalmente recuperada antes de apostar nesse m\u00e9todo.\n    <\/p>\n<\/section>\n<section>\n<h2>Depila\u00e7\u00e3o p\u00f3s-procedimentos: melhores pr\u00e1ticas<\/h2>\n<ul>\n<li>\n        Consulte sempre um profissional de est\u00e9tica ou dermatologista antes de retomar qualquer m\u00e9todo depilat\u00f3rio ap\u00f3s um procedimento.\n      <\/li>\n<li>\n        O tempo de espera recomendado <strong>varia de 7 a 15 dias<\/strong>, podendo ser maior para procedimentos mais agressivos.\n      <\/li>\n<li>\n        Prefira m\u00e9todos menos invasivos e que agridam menos a pele durante esse per\u00edodo de recupera\u00e7\u00e3o.\n      <\/li>\n<li>\n        Mantenha a pele sempre hidratada e use produtos calmantes e regeneradores, como \u00e1gua termal ou cremes com aloe vera.\n      <\/li>\n<\/ul>\n<\/section>\n<section>\n<h2>Perguntas frequentes sobre depila\u00e7\u00e3o ap\u00f3s procedimentos est\u00e9ticos<\/h2>\n<dl>\n<dt><strong>Quanto tempo devo esperar para depilar ap\u00f3s um peeling?<\/strong><\/dt>\n<dd>O ideal \u00e9 aguardar de 10 a 15 dias, ou conforme orienta\u00e7\u00e3o do seu profissional de confian\u00e7a, para garantir a recupera\u00e7\u00e3o completa da pele.<\/dd>\n<dt><strong>Posso depilar com cera ap\u00f3s laser facial?<\/strong><\/dt>\n<dd>N\u00e3o \u00e9 recomendado, pois a pele estar\u00e1 sens\u00edvel. Aguarde a regenera\u00e7\u00e3o total e sempre converse com seu dermatologista.<\/dd>\n<dt><strong>Quais cuidados refor\u00e7ar no p\u00f3s-depila\u00e7\u00e3o?<\/strong><\/dt>\n<dd>Evite exposi\u00e7\u00e3o ao sol, use protetor solar, cremes calmantes e mantenha a pele hidratada para evitar manchas e irrita\u00e7\u00f5es.<\/dd>\n<\/dl>\n<\/section>\n<section>\n<h2>Conclus\u00e3o<\/h2>\n<p>\n      Escolher o <strong>m\u00e9todo de depila\u00e7\u00e3o mais indicado ap\u00f3s procedimentos est\u00e9ticos<\/strong> \u00e9 fundamental para garantir a sa\u00fade e beleza da pele. O segredo est\u00e1 no respeito ao tempo de recupera\u00e7\u00e3o, na preven\u00e7\u00e3o de irrita\u00e7\u00f5es e na escolha de t\u00e9cnicas mais suaves at\u00e9 que a pele esteja pronta para m\u00e9todos tradicionais. Em caso de qualquer d\u00favida, n\u00e3o hesite em buscar orienta\u00e7\u00e3o profissional. Assim, \u00e9 poss\u00edvel unir resultados incr\u00edveis e seguran\u00e7a em todos os momentos do seu autocuidado.\n    <\/p>\n<\/section>\n<footer>\n<p>\n      Se voc\u00ea gostou deste artigo, compartilhe e continue acompanhando nosso blog para mais dicas sobre beleza, sa\u00fade e bem-estar!\n    <\/p>\n<\/footer>\n<\/article>\n","protected":false},"excerpt":{"rendered":"<p>M\u00e9todos de depila\u00e7\u00e3o mais indicados ap\u00f3s procedimentos est\u00e9ticos Descubra como cuidar da sua pele e escolher o melhor m\u00e9todo de depila\u00e7\u00e3o ap\u00f3s tratamentos est\u00e9ticos O cuidado da pele ap\u00f3s procedimentos est\u00e9ticos A busca por tratamentos est\u00e9ticos, como peelings, aplica\u00e7\u00e3o de laser, microagulhamento e limpeza de pele profunda, cresceu muito nos \u00faltimos anos. Entretanto, ap\u00f3s realizar &hellip;<\/p>\n<p class=\"read-more\"> <a class=\"\" href=\"https:\/\/fernandadepilacao.com.br\/portal\/2026\/03\/metodos-de-depilacao-mais-indicados-apos-procedimentos-esteticos\/\"> <span class=\"screen-reader-text\">M\u00e9todos de Depila\u00e7\u00e3o Mais Indicados Ap\u00f3s Procedimentos Est\u00e9ticos<\/span> Leia mais &raquo;<\/a><\/p>\n","protected":false},"author":1,"featured_media":1421,"comment_status":"open","ping_status":"open","sticky":false,"template":"","format":"standard","meta":[],"categories":[1],"tags":[],"yoast_head":"<!-- This site is optimized with the Yoast SEO plugin v18.4.1 - https:\/\/yoast.com\/wordpress\/plugins\/seo\/ -->\n<title>M\u00e9todos de Depila\u00e7\u00e3o Mais Indicados Ap\u00f3s Procedimentos Est\u00e9ticos - Fernanda Depila\u00e7\u00e3o<\/title>\n<meta name=\"robots\" content=\"index, follow, max-snippet:-1, max-image-preview:large, max-video-preview:-1\" \/>\n<link rel=\"canonical\" href=\"https:\/\/fernandadepilacao.com.br\/portal\/2026\/03\/metodos-de-depilacao-mais-indicados-apos-procedimentos-esteticos\/\" \/>\n<meta property=\"og:locale\" content=\"pt_BR\" \/>\n<meta property=\"og:type\" content=\"article\" \/>\n<meta property=\"og:title\" content=\"M\u00e9todos de Depila\u00e7\u00e3o Mais Indicados Ap\u00f3s Procedimentos Est\u00e9ticos - Fernanda Depila\u00e7\u00e3o\" \/>\n<meta property=\"og:description\" content=\"M\u00e9todos de depila\u00e7\u00e3o mais indicados ap\u00f3s procedimentos est\u00e9ticos Descubra como cuidar da sua pele e escolher o melhor m\u00e9todo de depila\u00e7\u00e3o ap\u00f3s tratamentos est\u00e9ticos O cuidado da pele ap\u00f3s procedimentos est\u00e9ticos A busca por tratamentos est\u00e9ticos, como peelings, aplica\u00e7\u00e3o de laser, microagulhamento e limpeza de pele profunda, cresceu muito nos \u00faltimos anos. Entretanto, ap\u00f3s realizar &hellip; M\u00e9todos de Depila\u00e7\u00e3o Mais Indicados Ap\u00f3s Procedimentos Est\u00e9ticos Leia mais &raquo;\" \/>\n<meta property=\"og:url\" content=\"https:\/\/fernandadepilacao.com.br\/portal\/2026\/03\/metodos-de-depilacao-mais-indicados-apos-procedimentos-esteticos\/\" \/>\n<meta property=\"og:site_name\" content=\"Fernanda Depila\u00e7\u00e3o\" \/>\n<meta property=\"article:publisher\" content=\"https:\/\/www.facebook.com\/ferjobdepilacao\" \/>\n<meta property=\"article:published_time\" content=\"2026-03-13T03:01:56+00:00\" \/>\n<meta property=\"article:modified_time\" content=\"2026-03-13T03:01:57+00:00\" \/>\n<meta name=\"twitter:card\" content=\"summary_large_image\" \/>\n<meta name=\"twitter:label1\" content=\"Escrito por\" \/>\n\t<meta name=\"twitter:data1\" content=\"fernandajob\" \/>\n\t<meta name=\"twitter:label2\" content=\"Est. tempo de leitura\" \/>\n\t<meta name=\"twitter:data2\" content=\"5 minutos\" \/>\n<script type=\"application\/ld+json\" class=\"yoast-schema-graph\">{\"@context\":\"https:\/\/schema.org\",\"@graph\":[{\"@type\":\"Organization\",\"@id\":\"https:\/\/fernandadepilacao.com.br\/portal\/#organization\",\"name\":\"Fernanda Depila\u00e7\u00e3o\",\"url\":\"https:\/\/fernandadepilacao.com.br\/portal\/\",\"sameAs\":[\"https:\/\/www.facebook.com\/ferjobdepilacao\",\"http:\/\/instagram.com\/fernanda_job\"],\"logo\":{\"@type\":\"ImageObject\",\"@id\":\"https:\/\/fernandadepilacao.com.br\/portal\/#logo\",\"inLanguage\":\"pt-BR\",\"url\":\"http:\/\/fernandadepilacao.com.br\/portal\/wp-content\/uploads\/2021\/03\/logo_fernanda.png\",\"contentUrl\":\"http:\/\/fernandadepilacao.com.br\/portal\/wp-content\/uploads\/2021\/03\/logo_fernanda.png\",\"width\":673,\"height\":688,\"caption\":\"Fernanda Depila\u00e7\u00e3o\"},\"image\":{\"@id\":\"https:\/\/fernandadepilacao.com.br\/portal\/#logo\"}},{\"@type\":\"WebSite\",\"@id\":\"https:\/\/fernandadepilacao.com.br\/portal\/#website\",\"url\":\"https:\/\/fernandadepilacao.com.br\/portal\/\",\"name\":\"Fernanda Depila\u00e7\u00e3o\",\"description\":\"\",\"publisher\":{\"@id\":\"https:\/\/fernandadepilacao.com.br\/portal\/#organization\"},\"potentialAction\":[{\"@type\":\"SearchAction\",\"target\":{\"@type\":\"EntryPoint\",\"urlTemplate\":\"https:\/\/fernandadepilacao.com.br\/portal\/?s={search_term_string}\"},\"query-input\":\"required name=search_term_string\"}],\"inLanguage\":\"pt-BR\"},{\"@type\":\"ImageObject\",\"@id\":\"https:\/\/fernandadepilacao.com.br\/portal\/2026\/03\/metodos-de-depilacao-mais-indicados-apos-procedimentos-esteticos\/#primaryimage\",\"inLanguage\":\"pt-BR\",\"url\":\"https:\/\/fernandadepilacao.com.br\/portal\/wp-content\/uploads\/2026\/03\/20260313000153.png\",\"contentUrl\":\"https:\/\/fernandadepilacao.com.br\/portal\/wp-content\/uploads\/2026\/03\/20260313000153.png\",\"width\":500,\"height\":500},{\"@type\":\"WebPage\",\"@id\":\"https:\/\/fernandadepilacao.com.br\/portal\/2026\/03\/metodos-de-depilacao-mais-indicados-apos-procedimentos-esteticos\/#webpage\",\"url\":\"https:\/\/fernandadepilacao.com.br\/portal\/2026\/03\/metodos-de-depilacao-mais-indicados-apos-procedimentos-esteticos\/\",\"name\":\"M\u00e9todos de Depila\u00e7\u00e3o Mais Indicados Ap\u00f3s Procedimentos Est\u00e9ticos - Fernanda Depila\u00e7\u00e3o\",\"isPartOf\":{\"@id\":\"https:\/\/fernandadepilacao.com.br\/portal\/#website\"},\"primaryImageOfPage\":{\"@id\":\"https:\/\/fernandadepilacao.com.br\/portal\/2026\/03\/metodos-de-depilacao-mais-indicados-apos-procedimentos-esteticos\/#primaryimage\"},\"datePublished\":\"2026-03-13T03:01:56+00:00\",\"dateModified\":\"2026-03-13T03:01:57+00:00\",\"breadcrumb\":{\"@id\":\"https:\/\/fernandadepilacao.com.br\/portal\/2026\/03\/metodos-de-depilacao-mais-indicados-apos-procedimentos-esteticos\/#breadcrumb\"},\"inLanguage\":\"pt-BR\",\"potentialAction\":[{\"@type\":\"ReadAction\",\"target\":[\"https:\/\/fernandadepilacao.com.br\/portal\/2026\/03\/metodos-de-depilacao-mais-indicados-apos-procedimentos-esteticos\/\"]}]},{\"@type\":\"BreadcrumbList\",\"@id\":\"https:\/\/fernandadepilacao.com.br\/portal\/2026\/03\/metodos-de-depilacao-mais-indicados-apos-procedimentos-esteticos\/#breadcrumb\",\"itemListElement\":[{\"@type\":\"ListItem\",\"position\":1,\"name\":\"In\u00edcio\",\"item\":\"http:\/\/fernandadepilacao.com.br\/portal\/\"},{\"@type\":\"ListItem\",\"position\":2,\"name\":\"M\u00e9todos de Depila\u00e7\u00e3o Mais Indicados Ap\u00f3s Procedimentos Est\u00e9ticos\"}]},{\"@type\":\"Article\",\"@id\":\"https:\/\/fernandadepilacao.com.br\/portal\/2026\/03\/metodos-de-depilacao-mais-indicados-apos-procedimentos-esteticos\/#article\",\"isPartOf\":{\"@id\":\"https:\/\/fernandadepilacao.com.br\/portal\/2026\/03\/metodos-de-depilacao-mais-indicados-apos-procedimentos-esteticos\/#webpage\"},\"author\":{\"@id\":\"https:\/\/fernandadepilacao.com.br\/portal\/#\/schema\/person\/d00644c3bbfd9fd17711767a3b1abbd0\"},\"headline\":\"M\u00e9todos de Depila\u00e7\u00e3o Mais Indicados Ap\u00f3s Procedimentos Est\u00e9ticos\",\"datePublished\":\"2026-03-13T03:01:56+00:00\",\"dateModified\":\"2026-03-13T03:01:57+00:00\",\"mainEntityOfPage\":{\"@id\":\"https:\/\/fernandadepilacao.com.br\/portal\/2026\/03\/metodos-de-depilacao-mais-indicados-apos-procedimentos-esteticos\/#webpage\"},\"wordCount\":921,\"commentCount\":0,\"publisher\":{\"@id\":\"https:\/\/fernandadepilacao.com.br\/portal\/#organization\"},\"image\":{\"@id\":\"https:\/\/fernandadepilacao.com.br\/portal\/2026\/03\/metodos-de-depilacao-mais-indicados-apos-procedimentos-esteticos\/#primaryimage\"},\"thumbnailUrl\":\"https:\/\/fernandadepilacao.com.br\/portal\/wp-content\/uploads\/2026\/03\/20260313000153.png\",\"inLanguage\":\"pt-BR\",\"potentialAction\":[{\"@type\":\"CommentAction\",\"name\":\"Comment\",\"target\":[\"https:\/\/fernandadepilacao.com.br\/portal\/2026\/03\/metodos-de-depilacao-mais-indicados-apos-procedimentos-esteticos\/#respond\"]}]},{\"@type\":\"Person\",\"@id\":\"https:\/\/fernandadepilacao.com.br\/portal\/#\/schema\/person\/d00644c3bbfd9fd17711767a3b1abbd0\",\"name\":\"fernandajob\",\"image\":{\"@type\":\"ImageObject\",\"@id\":\"https:\/\/fernandadepilacao.com.br\/portal\/#personlogo\",\"inLanguage\":\"pt-BR\",\"url\":\"https:\/\/secure.gravatar.com\/avatar\/6c2268a68d69a325906fbdccd74b18e6?s=96&d=mm&r=g\",\"contentUrl\":\"https:\/\/secure.gravatar.com\/avatar\/6c2268a68d69a325906fbdccd74b18e6?s=96&d=mm&r=g\",\"caption\":\"fernandajob\"},\"sameAs\":[\"http:\/\/fernandadepilacao.com.br\/portal\"]}]}<\/script>\n<!-- \/ Yoast SEO plugin. -->","yoast_head_json":{"title":"M\u00e9todos de Depila\u00e7\u00e3o Mais Indicados Ap\u00f3s Procedimentos Est\u00e9ticos - Fernanda Depila\u00e7\u00e3o","robots":{"index":"index","follow":"follow","max-snippet":"max-snippet:-1","max-image-preview":"max-image-preview:large","max-video-preview":"max-video-preview:-1"},"canonical":"https:\/\/fernandadepilacao.com.br\/portal\/2026\/03\/metodos-de-depilacao-mais-indicados-apos-procedimentos-esteticos\/","og_locale":"pt_BR","og_type":"article","og_title":"M\u00e9todos de Depila\u00e7\u00e3o Mais Indicados Ap\u00f3s Procedimentos Est\u00e9ticos - Fernanda Depila\u00e7\u00e3o","og_description":"M\u00e9todos de depila\u00e7\u00e3o mais indicados ap\u00f3s procedimentos est\u00e9ticos Descubra como cuidar da sua pele e escolher o melhor m\u00e9todo de depila\u00e7\u00e3o ap\u00f3s tratamentos est\u00e9ticos O cuidado da pele ap\u00f3s procedimentos est\u00e9ticos A busca por tratamentos est\u00e9ticos, como peelings, aplica\u00e7\u00e3o de laser, microagulhamento e limpeza de pele profunda, cresceu muito nos \u00faltimos anos. Entretanto, ap\u00f3s realizar &hellip; M\u00e9todos de Depila\u00e7\u00e3o Mais Indicados Ap\u00f3s Procedimentos Est\u00e9ticos Leia mais &raquo;","og_url":"https:\/\/fernandadepilacao.com.br\/portal\/2026\/03\/metodos-de-depilacao-mais-indicados-apos-procedimentos-esteticos\/","og_site_name":"Fernanda Depila\u00e7\u00e3o","article_publisher":"https:\/\/www.facebook.com\/ferjobdepilacao","article_published_time":"2026-03-13T03:01:56+00:00","article_modified_time":"2026-03-13T03:01:57+00:00","twitter_card":"summary_large_image","twitter_misc":{"Escrito por":"fernandajob","Est. tempo de leitura":"5 minutos"},"schema":{"@context":"https:\/\/schema.org","@graph":[{"@type":"Organization","@id":"https:\/\/fernandadepilacao.com.br\/portal\/#organization","name":"Fernanda Depila\u00e7\u00e3o","url":"https:\/\/fernandadepilacao.com.br\/portal\/","sameAs":["https:\/\/www.facebook.com\/ferjobdepilacao","http:\/\/instagram.com\/fernanda_job"],"logo":{"@type":"ImageObject","@id":"https:\/\/fernandadepilacao.com.br\/portal\/#logo","inLanguage":"pt-BR","url":"http:\/\/fernandadepilacao.com.br\/portal\/wp-content\/uploads\/2021\/03\/logo_fernanda.png","contentUrl":"http:\/\/fernandadepilacao.com.br\/portal\/wp-content\/uploads\/2021\/03\/logo_fernanda.png","width":673,"height":688,"caption":"Fernanda Depila\u00e7\u00e3o"},"image":{"@id":"https:\/\/fernandadepilacao.com.br\/portal\/#logo"}},{"@type":"WebSite","@id":"https:\/\/fernandadepilacao.com.br\/portal\/#website","url":"https:\/\/fernandadepilacao.com.br\/portal\/","name":"Fernanda Depila\u00e7\u00e3o","description":"","publisher":{"@id":"https:\/\/fernandadepilacao.com.br\/portal\/#organization"},"potentialAction":[{"@type":"SearchAction","target":{"@type":"EntryPoint","urlTemplate":"https:\/\/fernandadepilacao.com.br\/portal\/?s={search_term_string}"},"query-input":"required name=search_term_string"}],"inLanguage":"pt-BR"},{"@type":"ImageObject","@id":"https:\/\/fernandadepilacao.com.br\/portal\/2026\/03\/metodos-de-depilacao-mais-indicados-apos-procedimentos-esteticos\/#primaryimage","inLanguage":"pt-BR","url":"https:\/\/fernandadepilacao.com.br\/portal\/wp-content\/uploads\/2026\/03\/20260313000153.png","contentUrl":"https:\/\/fernandadepilacao.com.br\/portal\/wp-content\/uploads\/2026\/03\/20260313000153.png","width":500,"height":500},{"@type":"WebPage","@id":"https:\/\/fernandadepilacao.com.br\/portal\/2026\/03\/metodos-de-depilacao-mais-indicados-apos-procedimentos-esteticos\/#webpage","url":"https:\/\/fernandadepilacao.com.br\/portal\/2026\/03\/metodos-de-depilacao-mais-indicados-apos-procedimentos-esteticos\/","name":"M\u00e9todos de Depila\u00e7\u00e3o Mais Indicados Ap\u00f3s Procedimentos Est\u00e9ticos - Fernanda Depila\u00e7\u00e3o","isPartOf":{"@id":"https:\/\/fernandadepilacao.com.br\/portal\/#website"},"primaryImageOfPage":{"@id":"https:\/\/fernandadepilacao.com.br\/portal\/2026\/03\/metodos-de-depilacao-mais-indicados-apos-procedimentos-esteticos\/#primaryimage"},"datePublished":"2026-03-13T03:01:56+00:00","dateModified":"2026-03-13T03:01:57+00:00","breadcrumb":{"@id":"https:\/\/fernandadepilacao.com.br\/portal\/2026\/03\/metodos-de-depilacao-mais-indicados-apos-procedimentos-esteticos\/#breadcrumb"},"inLanguage":"pt-BR","potentialAction":[{"@type":"ReadAction","target":["https:\/\/fernandadepilacao.com.br\/portal\/2026\/03\/metodos-de-depilacao-mais-indicados-apos-procedimentos-esteticos\/"]}]},{"@type":"BreadcrumbList","@id":"https:\/\/fernandadepilacao.com.br\/portal\/2026\/03\/metodos-de-depilacao-mais-indicados-apos-procedimentos-esteticos\/#breadcrumb","itemListElement":[{"@type":"ListItem","position":1,"name":"In\u00edcio","item":"http:\/\/fernandadepilacao.com.br\/portal\/"},{"@type":"ListItem","position":2,"name":"M\u00e9todos de Depila\u00e7\u00e3o Mais Indicados Ap\u00f3s Procedimentos Est\u00e9ticos"}]},{"@type":"Article","@id":"https:\/\/fernandadepilacao.com.br\/portal\/2026\/03\/metodos-de-depilacao-mais-indicados-apos-procedimentos-esteticos\/#article","isPartOf":{"@id":"https:\/\/fernandadepilacao.com.br\/portal\/2026\/03\/metodos-de-depilacao-mais-indicados-apos-procedimentos-esteticos\/#webpage"},"author":{"@id":"https:\/\/fernandadepilacao.com.br\/portal\/#\/schema\/person\/d00644c3bbfd9fd17711767a3b1abbd0"},"headline":"M\u00e9todos de Depila\u00e7\u00e3o Mais Indicados Ap\u00f3s Procedimentos Est\u00e9ticos","datePublished":"2026-03-13T03:01:56+00:00","dateModified":"2026-03-13T03:01:57+00:00","mainEntityOfPage":{"@id":"https:\/\/fernandadepilacao.com.br\/portal\/2026\/03\/metodos-de-depilacao-mais-indicados-apos-procedimentos-esteticos\/#webpage"},"wordCount":921,"commentCount":0,"publisher":{"@id":"https:\/\/fernandadepilacao.com.br\/portal\/#organization"},"image":{"@id":"https:\/\/fernandadepilacao.com.br\/portal\/2026\/03\/metodos-de-depilacao-mais-indicados-apos-procedimentos-esteticos\/#primaryimage"},"thumbnailUrl":"https:\/\/fernandadepilacao.com.br\/portal\/wp-content\/uploads\/2026\/03\/20260313000153.png","inLanguage":"pt-BR","potentialAction":[{"@type":"CommentAction","name":"Comment","target":["https:\/\/fernandadepilacao.com.br\/portal\/2026\/03\/metodos-de-depilacao-mais-indicados-apos-procedimentos-esteticos\/#respond"]}]},{"@type":"Person","@id":"https:\/\/fernandadepilacao.com.br\/portal\/#\/schema\/person\/d00644c3bbfd9fd17711767a3b1abbd0","name":"fernandajob","image":{"@type":"ImageObject","@id":"https:\/\/fernandadepilacao.com.br\/portal\/#personlogo","inLanguage":"pt-BR","url":"https:\/\/secure.gravatar.com\/avatar\/6c2268a68d69a325906fbdccd74b18e6?s=96&d=mm&r=g","contentUrl":"https:\/\/secure.gravatar.com\/avatar\/6c2268a68d69a325906fbdccd74b18e6?s=96&d=mm&r=g","caption":"fernandajob"},"sameAs":["http:\/\/fernandadepilacao.com.br\/portal"]}]}},"uagb_featured_image_src":{"full":["https:\/\/fernandadepilacao.com.br\/portal\/wp-content\/uploads\/2026\/03\/20260313000153.png",500,500,false],"thumbnail":["https:\/\/fernandadepilacao.com.br\/portal\/wp-content\/uploads\/2026\/03\/20260313000153-150x150.png",150,150,true],"medium":["https:\/\/fernandadepilacao.com.br\/portal\/wp-content\/uploads\/2026\/03\/20260313000153-300x300.png",300,300,true],"medium_large":["https:\/\/fernandadepilacao.com.br\/portal\/wp-content\/uploads\/2026\/03\/20260313000153.png",500,500,false],"large":["https:\/\/fernandadepilacao.com.br\/portal\/wp-content\/uploads\/2026\/03\/20260313000153.png",500,500,false],"1536x1536":["https:\/\/fernandadepilacao.com.br\/portal\/wp-content\/uploads\/2026\/03\/20260313000153.png",500,500,false],"2048x2048":["https:\/\/fernandadepilacao.com.br\/portal\/wp-content\/uploads\/2026\/03\/20260313000153.png",500,500,false]},"uagb_author_info":{"display_name":"fernandajob","author_link":"https:\/\/fernandadepilacao.com.br\/portal\/author\/fernandajob\/"},"uagb_comment_info":0,"uagb_excerpt":"M\u00e9todos de depila\u00e7\u00e3o mais indicados ap\u00f3s procedimentos est\u00e9ticos Descubra como cuidar da sua pele e escolher o melhor m\u00e9todo de depila\u00e7\u00e3o ap\u00f3s tratamentos est\u00e9ticos O cuidado da pele ap\u00f3s procedimentos est\u00e9ticos A busca por tratamentos est\u00e9ticos, como peelings, aplica\u00e7\u00e3o de laser, microagulhamento e limpeza de pele profunda, cresceu muito nos \u00faltimos anos. Entretanto, ap\u00f3s realizar&hellip;","_links":{"self":[{"href":"https:\/\/fernandadepilacao.com.br\/portal\/wp-json\/wp\/v2\/posts\/1422"}],"collection":[{"href":"https:\/\/fernandadepilacao.com.br\/portal\/wp-json\/wp\/v2\/posts"}],"about":[{"href":"https:\/\/fernandadepilacao.com.br\/portal\/wp-json\/wp\/v2\/types\/post"}],"author":[{"embeddable":true,"href":"https:\/\/fernandadepilacao.com.br\/portal\/wp-json\/wp\/v2\/users\/1"}],"replies":[{"embeddable":true,"href":"https:\/\/fernandadepilacao.com.br\/portal\/wp-json\/wp\/v2\/comments?post=1422"}],"version-history":[{"count":1,"href":"https:\/\/fernandadepilacao.com.br\/portal\/wp-json\/wp\/v2\/posts\/1422\/revisions"}],"predecessor-version":[{"id":1423,"href":"https:\/\/fernandadepilacao.com.br\/portal\/wp-json\/wp\/v2\/posts\/1422\/revisions\/1423"}],"wp:featuredmedia":[{"embeddable":true,"href":"https:\/\/fernandadepilacao.com.br\/portal\/wp-json\/wp\/v2\/media\/1421"}],"wp:attachment":[{"href":"https:\/\/fernandadepilacao.com.br\/portal\/wp-json\/wp\/v2\/media?parent=1422"}],"wp:term":[{"taxonomy":"category","embeddable":true,"href":"https:\/\/fernandadepilacao.com.br\/portal\/wp-json\/wp\/v2\/categories?post=1422"},{"taxonomy":"post_tag","embeddable":true,"href":"https:\/\/fernandadepilacao.com.br\/portal\/wp-json\/wp\/v2\/tags?post=1422"}],"curies":[{"name":"wp","href":"https:\/\/api.w.org\/{rel}","templated":true}]}}