{"id":1419,"date":"2026-03-12T08:02:03","date_gmt":"2026-03-12T11:02:03","guid":{"rendered":"https:\/\/fernandadepilacao.com.br\/portal\/2026\/03\/riscos-depilacao-pele-sensibilizada-cuidados-procedimentos-esteticos\/"},"modified":"2026-03-12T08:02:04","modified_gmt":"2026-03-12T11:02:04","slug":"riscos-depilacao-pele-sensibilizada-cuidados-procedimentos-esteticos","status":"publish","type":"post","link":"https:\/\/fernandadepilacao.com.br\/portal\/2026\/03\/riscos-depilacao-pele-sensibilizada-cuidados-procedimentos-esteticos\/","title":{"rendered":"Riscos da Depila\u00e7\u00e3o em Pele Sensibilizada: Cuidados Ap\u00f3s Procedimentos Est\u00e9ticos"},"content":{"rendered":"<article>\n<header>\n<h1>Riscos da Depila\u00e7\u00e3o em Pele Sensibilizada por Procedimentos: O Que Voc\u00ea Precisa Saber<\/h1>\n<p>    <meta name=\"description\" content=\"Entenda os perigos de realizar a depila\u00e7\u00e3o em peles que passaram por procedimentos est\u00e9ticos, como peeling, laser e microagulhamento. Saiba como proteger sua pele e manter uma rotina segura de cuidados.\" \/><br \/>\n  <\/header>\n<section>\n<h2>Introdu\u00e7\u00e3o<\/h2>\n<p>A depila\u00e7\u00e3o, seja com cera, l\u00e2mina ou m\u00e9todos modernos como a luz pulsada, \u00e9 muito procurada por quem deseja uma pele lisinha e bem cuidada. No entanto, ap\u00f3s procedimentos est\u00e9ticos como peeling qu\u00edmico, microagulhamento, laser facial e outros tratamentos demandantes, a pele permanece sensibilizada e requer cuidados especiais. Ignorar estes cuidados pode trazer riscos \u00e0 sa\u00fade, \u00e0 apar\u00eancia e \u00e0 integridade da pele.<\/p>\n<\/section>\n<section>\n<h2>O Que \u00e9 uma Pele Sensibilizada?<\/h2>\n<p>Pele sensibilizada \u00e9 aquela que foi submetida recentemente a processos ou agentes que alteram sua barreira de prote\u00e7\u00e3o natural. Isso pode incluir a\u00e7\u00f5es qu\u00edmicas (como \u00e1cidos, clareadores e peelings), procedimentos f\u00edsicos (como laser, dermoabras\u00e3o ou microagulhamento) ou at\u00e9 mesmo o uso exagerado de dermocosm\u00e9ticos. Os principais sintomas a serem observados incluem:<\/p>\n<ul>\n<li>Vermelhid\u00e3o persistente<\/li>\n<li>Asperezas incomuns<\/li>\n<li>Toque sensibilizado ou dor<\/li>\n<li>Ard\u00eancia ao aplicar cremes ou maquiagem<\/li>\n<li>Descama\u00e7\u00e3o ou forma\u00e7\u00e3o de crostas<\/li>\n<\/ul>\n<p>Estes sinais s\u00e3o alertas de que a pele est\u00e1 vulner\u00e1vel, precisando de tempo para se regenerar plenamente.<\/p>\n<\/section>\n<section>\n<h2>Quais S\u00e3o os Riscos da Depila\u00e7\u00e3o em Pele Sensibilizada?<\/h2>\n<p>Optar pela depila\u00e7\u00e3o nesses per\u00edodos pode ocasionar complica\u00e7\u00f5es importantes, como:<\/p>\n<h3>1. Agravamento da Irrita\u00e7\u00e3o<\/h3>\n<p>A depila\u00e7\u00e3o, principalmente com cera quente ou fria, remove a camada superficial da pele. Em peles j\u00e1 fragilizadas, isso causa irrita\u00e7\u00e3o intensa, dor e piora da vermelhid\u00e3o.<\/p>\n<h3>2. Manchas e Hiperpigmenta\u00e7\u00e3o<\/h3>\n<p>Peles sens\u00edveis est\u00e3o mais propensas \u00e0 hiperpigmenta\u00e7\u00e3o p\u00f3s-inflamat\u00f3ria. A agress\u00e3o causada pela depila\u00e7\u00e3o pode deixar manchas escuras que demoram a sumir, especialmente em peles morenas e negras.<\/p>\n<h3>3. Infec\u00e7\u00f5es<\/h3>\n<p>Pequenas fissuras ou descama\u00e7\u00f5es aumentam o risco de entrada de micro-organismos, como bact\u00e9rias e fungos. A depila\u00e7\u00e3o pode facilitar o surgimento de foliculite ou at\u00e9 mesmo infec\u00e7\u00f5es mais profundas, como celulite bacteriana.<\/p>\n<h3>4. Retardo na Cicatriza\u00e7\u00e3o<\/h3>\n<p>O processo natural de renova\u00e7\u00e3o celular da pele p\u00f3s-procedimento \u00e9 comprometido quando h\u00e1 novas agress\u00f5es. Isso pode atrasar a cicatriza\u00e7\u00e3o e prejudicar os resultados dos tratamentos est\u00e9ticos realizados previamente.<\/p>\n<h3>5. Surgimento de queimaduras e feridas<\/h3>\n<p>Ceras muito quentes ou t\u00e9cnicas abrasivas podem gerar queimaduras acidentais. J\u00e1 em procedimentos a laser mal indicados, podem ocorrer desde vermelhid\u00e3o persistente at\u00e9 feridas abertas.<\/p>\n<\/section>\n<section>\n<h2>Quando \u00e9 Seguro Depilar Ap\u00f3s Procedimentos Est\u00e9ticos?<\/h2>\n<p>Cada procedimento possui seu pr\u00f3prio tempo de recupera\u00e7\u00e3o. De maneira geral:<\/p>\n<ul>\n<li><strong>Peeling superficial:<\/strong> aguarde pelo menos 7 a 14 dias<\/li>\n<li><strong>Peeling m\u00e9dio a profundo:<\/strong> aguarde de 21 a 30 dias<\/li>\n<li><strong>Laser ou luz pulsada:<\/strong> o recomendado \u00e9 um intervalo de 15 a 30 dias<\/li>\n<li><strong>Microagulhamento:<\/strong> aguarde no m\u00ednimo 10 a 15 dias<\/li>\n<\/ul>\n<p>\u00c9 imprescind\u00edvel seguir as orienta\u00e7\u00f5es do profissional que realizou o procedimento. N\u00e3o hesite em relatar qualquer desconforto incomum ou d\u00favida antes de marcar uma sess\u00e3o de depila\u00e7\u00e3o.<\/p>\n<\/section>\n<section>\n<h2>Dicas para Proteger sua Pele Sensibilizada<\/h2>\n<ul>\n<li><strong>Evite depila\u00e7\u00e3o at\u00e9 completa recupera\u00e7\u00e3o:<\/strong> aguarde o tempo necess\u00e1rio e observe atentamente os sinais da sua pele.<\/li>\n<li><strong>Opte por m\u00e9todos menos agressivos:<\/strong> em casos de extrema necessidade, prefira l\u00e2mina limpa e nova, evitando cera quente, fria ou m\u00e9todos qu\u00edmicos.<\/li>\n<li><strong>Mantenha a pele hidratada:<\/strong> use cremes calmantes e livres de fragr\u00e2ncias ou \u00e1cidos.<\/li>\n<li><strong>Proteja do sol:<\/strong> utilize filtro solar com alto fator de prote\u00e7\u00e3o (FPS 50 ou superior), prevenindo manchas e queimaduras.<\/li>\n<li><strong>Evite esfolia\u00e7\u00f5es e produtos com \u00e1lcool:<\/strong> eles agravam a sensibilidade e podem retardar a recupera\u00e7\u00e3o.<\/li>\n<\/ul>\n<\/section>\n<section>\n<h2>Palavras-chave para pesquisa<\/h2>\n<p>Riscos da depila\u00e7\u00e3o em pele sensibilizada, depila\u00e7\u00e3o p\u00f3s-peeling, depila\u00e7\u00e3o ap\u00f3s microagulhamento, depila\u00e7\u00e3o em pele com laser, complica\u00e7\u00f5es da depila\u00e7\u00e3o, manchas p\u00f3s-depila\u00e7\u00e3o, cuidados ap\u00f3s procedimentos est\u00e9ticos.<\/p>\n<\/section>\n<section>\n<h2>Conclus\u00e3o<\/h2>\n<p>A busca por uma pele saud\u00e1vel e bonita \u00e9 mais do que leg\u00edtima, mas o bom senso e a informa\u00e7\u00e3o s\u00e3o essenciais para preservar seguran\u00e7a e bem-estar. Quando a pele estiver sensibilizada ap\u00f3s procedimentos, priorize a restaura\u00e7\u00e3o da sua barreira de prote\u00e7\u00e3o antes de agendar novas depila\u00e7\u00f5es. Assim, voc\u00ea garante resultados est\u00e9ticos duradouros e mant\u00e9m sua pele linda e saud\u00e1vel por muito mais tempo.<\/p>\n<\/section>\n<footer>\n<p>Gostou deste conte\u00fado? Compartilhe e ajude outras pessoas a cuidarem melhor da pele!<\/p>\n<\/footer>\n<\/article>\n","protected":false},"excerpt":{"rendered":"<p>Riscos da Depila\u00e7\u00e3o em Pele Sensibilizada por Procedimentos: O Que Voc\u00ea Precisa Saber Introdu\u00e7\u00e3o A depila\u00e7\u00e3o, seja com cera, l\u00e2mina ou m\u00e9todos modernos como a luz pulsada, \u00e9 muito procurada por quem deseja uma pele lisinha e bem cuidada. No entanto, ap\u00f3s procedimentos est\u00e9ticos como peeling qu\u00edmico, microagulhamento, laser facial e outros tratamentos demandantes, a &hellip;<\/p>\n<p class=\"read-more\"> <a class=\"\" href=\"https:\/\/fernandadepilacao.com.br\/portal\/2026\/03\/riscos-depilacao-pele-sensibilizada-cuidados-procedimentos-esteticos\/\"> <span class=\"screen-reader-text\">Riscos da Depila\u00e7\u00e3o em Pele Sensibilizada: Cuidados Ap\u00f3s Procedimentos Est\u00e9ticos<\/span> Leia mais &raquo;<\/a><\/p>\n","protected":false},"author":1,"featured_media":1418,"comment_status":"open","ping_status":"open","sticky":false,"template":"","format":"standard","meta":[],"categories":[1],"tags":[],"yoast_head":"<!-- This site is optimized with the Yoast SEO plugin v18.4.1 - https:\/\/yoast.com\/wordpress\/plugins\/seo\/ -->\n<title>Riscos da Depila\u00e7\u00e3o em Pele Sensibilizada: Cuidados Ap\u00f3s Procedimentos Est\u00e9ticos - Fernanda Depila\u00e7\u00e3o<\/title>\n<meta name=\"robots\" content=\"index, follow, max-snippet:-1, max-image-preview:large, max-video-preview:-1\" \/>\n<link rel=\"canonical\" href=\"https:\/\/fernandadepilacao.com.br\/portal\/2026\/03\/riscos-depilacao-pele-sensibilizada-cuidados-procedimentos-esteticos\/\" \/>\n<meta property=\"og:locale\" content=\"pt_BR\" \/>\n<meta property=\"og:type\" content=\"article\" \/>\n<meta property=\"og:title\" content=\"Riscos da Depila\u00e7\u00e3o em Pele Sensibilizada: Cuidados Ap\u00f3s Procedimentos Est\u00e9ticos - Fernanda Depila\u00e7\u00e3o\" \/>\n<meta property=\"og:description\" content=\"Riscos da Depila\u00e7\u00e3o em Pele Sensibilizada por Procedimentos: O Que Voc\u00ea Precisa Saber Introdu\u00e7\u00e3o A depila\u00e7\u00e3o, seja com cera, l\u00e2mina ou m\u00e9todos modernos como a luz pulsada, \u00e9 muito procurada por quem deseja uma pele lisinha e bem cuidada. No entanto, ap\u00f3s procedimentos est\u00e9ticos como peeling qu\u00edmico, microagulhamento, laser facial e outros tratamentos demandantes, a &hellip; Riscos da Depila\u00e7\u00e3o em Pele Sensibilizada: Cuidados Ap\u00f3s Procedimentos Est\u00e9ticos Leia mais &raquo;\" \/>\n<meta property=\"og:url\" content=\"https:\/\/fernandadepilacao.com.br\/portal\/2026\/03\/riscos-depilacao-pele-sensibilizada-cuidados-procedimentos-esteticos\/\" \/>\n<meta property=\"og:site_name\" content=\"Fernanda Depila\u00e7\u00e3o\" \/>\n<meta property=\"article:publisher\" content=\"https:\/\/www.facebook.com\/ferjobdepilacao\" \/>\n<meta property=\"article:published_time\" content=\"2026-03-12T11:02:03+00:00\" \/>\n<meta property=\"article:modified_time\" content=\"2026-03-12T11:02:04+00:00\" \/>\n<meta name=\"twitter:card\" content=\"summary_large_image\" \/>\n<meta name=\"twitter:label1\" content=\"Escrito por\" \/>\n\t<meta name=\"twitter:data1\" content=\"fernandajob\" \/>\n\t<meta name=\"twitter:label2\" content=\"Est. tempo de leitura\" \/>\n\t<meta name=\"twitter:data2\" content=\"4 minutos\" \/>\n<script type=\"application\/ld+json\" class=\"yoast-schema-graph\">{\"@context\":\"https:\/\/schema.org\",\"@graph\":[{\"@type\":\"Organization\",\"@id\":\"https:\/\/fernandadepilacao.com.br\/portal\/#organization\",\"name\":\"Fernanda Depila\u00e7\u00e3o\",\"url\":\"https:\/\/fernandadepilacao.com.br\/portal\/\",\"sameAs\":[\"https:\/\/www.facebook.com\/ferjobdepilacao\",\"http:\/\/instagram.com\/fernanda_job\"],\"logo\":{\"@type\":\"ImageObject\",\"@id\":\"https:\/\/fernandadepilacao.com.br\/portal\/#logo\",\"inLanguage\":\"pt-BR\",\"url\":\"http:\/\/fernandadepilacao.com.br\/portal\/wp-content\/uploads\/2021\/03\/logo_fernanda.png\",\"contentUrl\":\"http:\/\/fernandadepilacao.com.br\/portal\/wp-content\/uploads\/2021\/03\/logo_fernanda.png\",\"width\":673,\"height\":688,\"caption\":\"Fernanda Depila\u00e7\u00e3o\"},\"image\":{\"@id\":\"https:\/\/fernandadepilacao.com.br\/portal\/#logo\"}},{\"@type\":\"WebSite\",\"@id\":\"https:\/\/fernandadepilacao.com.br\/portal\/#website\",\"url\":\"https:\/\/fernandadepilacao.com.br\/portal\/\",\"name\":\"Fernanda Depila\u00e7\u00e3o\",\"description\":\"\",\"publisher\":{\"@id\":\"https:\/\/fernandadepilacao.com.br\/portal\/#organization\"},\"potentialAction\":[{\"@type\":\"SearchAction\",\"target\":{\"@type\":\"EntryPoint\",\"urlTemplate\":\"https:\/\/fernandadepilacao.com.br\/portal\/?s={search_term_string}\"},\"query-input\":\"required name=search_term_string\"}],\"inLanguage\":\"pt-BR\"},{\"@type\":\"ImageObject\",\"@id\":\"https:\/\/fernandadepilacao.com.br\/portal\/2026\/03\/riscos-depilacao-pele-sensibilizada-cuidados-procedimentos-esteticos\/#primaryimage\",\"inLanguage\":\"pt-BR\",\"url\":\"https:\/\/fernandadepilacao.com.br\/portal\/wp-content\/uploads\/2026\/03\/20260312080200.png\",\"contentUrl\":\"https:\/\/fernandadepilacao.com.br\/portal\/wp-content\/uploads\/2026\/03\/20260312080200.png\",\"width\":500,\"height\":500},{\"@type\":\"WebPage\",\"@id\":\"https:\/\/fernandadepilacao.com.br\/portal\/2026\/03\/riscos-depilacao-pele-sensibilizada-cuidados-procedimentos-esteticos\/#webpage\",\"url\":\"https:\/\/fernandadepilacao.com.br\/portal\/2026\/03\/riscos-depilacao-pele-sensibilizada-cuidados-procedimentos-esteticos\/\",\"name\":\"Riscos da Depila\u00e7\u00e3o em Pele Sensibilizada: Cuidados Ap\u00f3s Procedimentos Est\u00e9ticos - Fernanda Depila\u00e7\u00e3o\",\"isPartOf\":{\"@id\":\"https:\/\/fernandadepilacao.com.br\/portal\/#website\"},\"primaryImageOfPage\":{\"@id\":\"https:\/\/fernandadepilacao.com.br\/portal\/2026\/03\/riscos-depilacao-pele-sensibilizada-cuidados-procedimentos-esteticos\/#primaryimage\"},\"datePublished\":\"2026-03-12T11:02:03+00:00\",\"dateModified\":\"2026-03-12T11:02:04+00:00\",\"breadcrumb\":{\"@id\":\"https:\/\/fernandadepilacao.com.br\/portal\/2026\/03\/riscos-depilacao-pele-sensibilizada-cuidados-procedimentos-esteticos\/#breadcrumb\"},\"inLanguage\":\"pt-BR\",\"potentialAction\":[{\"@type\":\"ReadAction\",\"target\":[\"https:\/\/fernandadepilacao.com.br\/portal\/2026\/03\/riscos-depilacao-pele-sensibilizada-cuidados-procedimentos-esteticos\/\"]}]},{\"@type\":\"BreadcrumbList\",\"@id\":\"https:\/\/fernandadepilacao.com.br\/portal\/2026\/03\/riscos-depilacao-pele-sensibilizada-cuidados-procedimentos-esteticos\/#breadcrumb\",\"itemListElement\":[{\"@type\":\"ListItem\",\"position\":1,\"name\":\"In\u00edcio\",\"item\":\"http:\/\/fernandadepilacao.com.br\/portal\/\"},{\"@type\":\"ListItem\",\"position\":2,\"name\":\"Riscos da Depila\u00e7\u00e3o em Pele Sensibilizada: Cuidados Ap\u00f3s Procedimentos Est\u00e9ticos\"}]},{\"@type\":\"Article\",\"@id\":\"https:\/\/fernandadepilacao.com.br\/portal\/2026\/03\/riscos-depilacao-pele-sensibilizada-cuidados-procedimentos-esteticos\/#article\",\"isPartOf\":{\"@id\":\"https:\/\/fernandadepilacao.com.br\/portal\/2026\/03\/riscos-depilacao-pele-sensibilizada-cuidados-procedimentos-esteticos\/#webpage\"},\"author\":{\"@id\":\"https:\/\/fernandadepilacao.com.br\/portal\/#\/schema\/person\/d00644c3bbfd9fd17711767a3b1abbd0\"},\"headline\":\"Riscos da Depila\u00e7\u00e3o em Pele Sensibilizada: Cuidados Ap\u00f3s Procedimentos Est\u00e9ticos\",\"datePublished\":\"2026-03-12T11:02:03+00:00\",\"dateModified\":\"2026-03-12T11:02:04+00:00\",\"mainEntityOfPage\":{\"@id\":\"https:\/\/fernandadepilacao.com.br\/portal\/2026\/03\/riscos-depilacao-pele-sensibilizada-cuidados-procedimentos-esteticos\/#webpage\"},\"wordCount\":721,\"commentCount\":0,\"publisher\":{\"@id\":\"https:\/\/fernandadepilacao.com.br\/portal\/#organization\"},\"image\":{\"@id\":\"https:\/\/fernandadepilacao.com.br\/portal\/2026\/03\/riscos-depilacao-pele-sensibilizada-cuidados-procedimentos-esteticos\/#primaryimage\"},\"thumbnailUrl\":\"https:\/\/fernandadepilacao.com.br\/portal\/wp-content\/uploads\/2026\/03\/20260312080200.png\",\"inLanguage\":\"pt-BR\",\"potentialAction\":[{\"@type\":\"CommentAction\",\"name\":\"Comment\",\"target\":[\"https:\/\/fernandadepilacao.com.br\/portal\/2026\/03\/riscos-depilacao-pele-sensibilizada-cuidados-procedimentos-esteticos\/#respond\"]}]},{\"@type\":\"Person\",\"@id\":\"https:\/\/fernandadepilacao.com.br\/portal\/#\/schema\/person\/d00644c3bbfd9fd17711767a3b1abbd0\",\"name\":\"fernandajob\",\"image\":{\"@type\":\"ImageObject\",\"@id\":\"https:\/\/fernandadepilacao.com.br\/portal\/#personlogo\",\"inLanguage\":\"pt-BR\",\"url\":\"https:\/\/secure.gravatar.com\/avatar\/6c2268a68d69a325906fbdccd74b18e6?s=96&d=mm&r=g\",\"contentUrl\":\"https:\/\/secure.gravatar.com\/avatar\/6c2268a68d69a325906fbdccd74b18e6?s=96&d=mm&r=g\",\"caption\":\"fernandajob\"},\"sameAs\":[\"http:\/\/fernandadepilacao.com.br\/portal\"]}]}<\/script>\n<!-- \/ Yoast SEO plugin. -->","yoast_head_json":{"title":"Riscos da Depila\u00e7\u00e3o em Pele Sensibilizada: Cuidados Ap\u00f3s Procedimentos Est\u00e9ticos - Fernanda Depila\u00e7\u00e3o","robots":{"index":"index","follow":"follow","max-snippet":"max-snippet:-1","max-image-preview":"max-image-preview:large","max-video-preview":"max-video-preview:-1"},"canonical":"https:\/\/fernandadepilacao.com.br\/portal\/2026\/03\/riscos-depilacao-pele-sensibilizada-cuidados-procedimentos-esteticos\/","og_locale":"pt_BR","og_type":"article","og_title":"Riscos da Depila\u00e7\u00e3o em Pele Sensibilizada: Cuidados Ap\u00f3s Procedimentos Est\u00e9ticos - Fernanda Depila\u00e7\u00e3o","og_description":"Riscos da Depila\u00e7\u00e3o em Pele Sensibilizada por Procedimentos: O Que Voc\u00ea Precisa Saber Introdu\u00e7\u00e3o A depila\u00e7\u00e3o, seja com cera, l\u00e2mina ou m\u00e9todos modernos como a luz pulsada, \u00e9 muito procurada por quem deseja uma pele lisinha e bem cuidada. No entanto, ap\u00f3s procedimentos est\u00e9ticos como peeling qu\u00edmico, microagulhamento, laser facial e outros tratamentos demandantes, a &hellip; Riscos da Depila\u00e7\u00e3o em Pele Sensibilizada: Cuidados Ap\u00f3s Procedimentos Est\u00e9ticos Leia mais &raquo;","og_url":"https:\/\/fernandadepilacao.com.br\/portal\/2026\/03\/riscos-depilacao-pele-sensibilizada-cuidados-procedimentos-esteticos\/","og_site_name":"Fernanda Depila\u00e7\u00e3o","article_publisher":"https:\/\/www.facebook.com\/ferjobdepilacao","article_published_time":"2026-03-12T11:02:03+00:00","article_modified_time":"2026-03-12T11:02:04+00:00","twitter_card":"summary_large_image","twitter_misc":{"Escrito por":"fernandajob","Est. tempo de leitura":"4 minutos"},"schema":{"@context":"https:\/\/schema.org","@graph":[{"@type":"Organization","@id":"https:\/\/fernandadepilacao.com.br\/portal\/#organization","name":"Fernanda Depila\u00e7\u00e3o","url":"https:\/\/fernandadepilacao.com.br\/portal\/","sameAs":["https:\/\/www.facebook.com\/ferjobdepilacao","http:\/\/instagram.com\/fernanda_job"],"logo":{"@type":"ImageObject","@id":"https:\/\/fernandadepilacao.com.br\/portal\/#logo","inLanguage":"pt-BR","url":"http:\/\/fernandadepilacao.com.br\/portal\/wp-content\/uploads\/2021\/03\/logo_fernanda.png","contentUrl":"http:\/\/fernandadepilacao.com.br\/portal\/wp-content\/uploads\/2021\/03\/logo_fernanda.png","width":673,"height":688,"caption":"Fernanda Depila\u00e7\u00e3o"},"image":{"@id":"https:\/\/fernandadepilacao.com.br\/portal\/#logo"}},{"@type":"WebSite","@id":"https:\/\/fernandadepilacao.com.br\/portal\/#website","url":"https:\/\/fernandadepilacao.com.br\/portal\/","name":"Fernanda Depila\u00e7\u00e3o","description":"","publisher":{"@id":"https:\/\/fernandadepilacao.com.br\/portal\/#organization"},"potentialAction":[{"@type":"SearchAction","target":{"@type":"EntryPoint","urlTemplate":"https:\/\/fernandadepilacao.com.br\/portal\/?s={search_term_string}"},"query-input":"required name=search_term_string"}],"inLanguage":"pt-BR"},{"@type":"ImageObject","@id":"https:\/\/fernandadepilacao.com.br\/portal\/2026\/03\/riscos-depilacao-pele-sensibilizada-cuidados-procedimentos-esteticos\/#primaryimage","inLanguage":"pt-BR","url":"https:\/\/fernandadepilacao.com.br\/portal\/wp-content\/uploads\/2026\/03\/20260312080200.png","contentUrl":"https:\/\/fernandadepilacao.com.br\/portal\/wp-content\/uploads\/2026\/03\/20260312080200.png","width":500,"height":500},{"@type":"WebPage","@id":"https:\/\/fernandadepilacao.com.br\/portal\/2026\/03\/riscos-depilacao-pele-sensibilizada-cuidados-procedimentos-esteticos\/#webpage","url":"https:\/\/fernandadepilacao.com.br\/portal\/2026\/03\/riscos-depilacao-pele-sensibilizada-cuidados-procedimentos-esteticos\/","name":"Riscos da Depila\u00e7\u00e3o em Pele Sensibilizada: Cuidados Ap\u00f3s Procedimentos Est\u00e9ticos - Fernanda Depila\u00e7\u00e3o","isPartOf":{"@id":"https:\/\/fernandadepilacao.com.br\/portal\/#website"},"primaryImageOfPage":{"@id":"https:\/\/fernandadepilacao.com.br\/portal\/2026\/03\/riscos-depilacao-pele-sensibilizada-cuidados-procedimentos-esteticos\/#primaryimage"},"datePublished":"2026-03-12T11:02:03+00:00","dateModified":"2026-03-12T11:02:04+00:00","breadcrumb":{"@id":"https:\/\/fernandadepilacao.com.br\/portal\/2026\/03\/riscos-depilacao-pele-sensibilizada-cuidados-procedimentos-esteticos\/#breadcrumb"},"inLanguage":"pt-BR","potentialAction":[{"@type":"ReadAction","target":["https:\/\/fernandadepilacao.com.br\/portal\/2026\/03\/riscos-depilacao-pele-sensibilizada-cuidados-procedimentos-esteticos\/"]}]},{"@type":"BreadcrumbList","@id":"https:\/\/fernandadepilacao.com.br\/portal\/2026\/03\/riscos-depilacao-pele-sensibilizada-cuidados-procedimentos-esteticos\/#breadcrumb","itemListElement":[{"@type":"ListItem","position":1,"name":"In\u00edcio","item":"http:\/\/fernandadepilacao.com.br\/portal\/"},{"@type":"ListItem","position":2,"name":"Riscos da Depila\u00e7\u00e3o em Pele Sensibilizada: Cuidados Ap\u00f3s Procedimentos Est\u00e9ticos"}]},{"@type":"Article","@id":"https:\/\/fernandadepilacao.com.br\/portal\/2026\/03\/riscos-depilacao-pele-sensibilizada-cuidados-procedimentos-esteticos\/#article","isPartOf":{"@id":"https:\/\/fernandadepilacao.com.br\/portal\/2026\/03\/riscos-depilacao-pele-sensibilizada-cuidados-procedimentos-esteticos\/#webpage"},"author":{"@id":"https:\/\/fernandadepilacao.com.br\/portal\/#\/schema\/person\/d00644c3bbfd9fd17711767a3b1abbd0"},"headline":"Riscos da Depila\u00e7\u00e3o em Pele Sensibilizada: Cuidados Ap\u00f3s Procedimentos Est\u00e9ticos","datePublished":"2026-03-12T11:02:03+00:00","dateModified":"2026-03-12T11:02:04+00:00","mainEntityOfPage":{"@id":"https:\/\/fernandadepilacao.com.br\/portal\/2026\/03\/riscos-depilacao-pele-sensibilizada-cuidados-procedimentos-esteticos\/#webpage"},"wordCount":721,"commentCount":0,"publisher":{"@id":"https:\/\/fernandadepilacao.com.br\/portal\/#organization"},"image":{"@id":"https:\/\/fernandadepilacao.com.br\/portal\/2026\/03\/riscos-depilacao-pele-sensibilizada-cuidados-procedimentos-esteticos\/#primaryimage"},"thumbnailUrl":"https:\/\/fernandadepilacao.com.br\/portal\/wp-content\/uploads\/2026\/03\/20260312080200.png","inLanguage":"pt-BR","potentialAction":[{"@type":"CommentAction","name":"Comment","target":["https:\/\/fernandadepilacao.com.br\/portal\/2026\/03\/riscos-depilacao-pele-sensibilizada-cuidados-procedimentos-esteticos\/#respond"]}]},{"@type":"Person","@id":"https:\/\/fernandadepilacao.com.br\/portal\/#\/schema\/person\/d00644c3bbfd9fd17711767a3b1abbd0","name":"fernandajob","image":{"@type":"ImageObject","@id":"https:\/\/fernandadepilacao.com.br\/portal\/#personlogo","inLanguage":"pt-BR","url":"https:\/\/secure.gravatar.com\/avatar\/6c2268a68d69a325906fbdccd74b18e6?s=96&d=mm&r=g","contentUrl":"https:\/\/secure.gravatar.com\/avatar\/6c2268a68d69a325906fbdccd74b18e6?s=96&d=mm&r=g","caption":"fernandajob"},"sameAs":["http:\/\/fernandadepilacao.com.br\/portal"]}]}},"uagb_featured_image_src":{"full":["https:\/\/fernandadepilacao.com.br\/portal\/wp-content\/uploads\/2026\/03\/20260312080200.png",500,500,false],"thumbnail":["https:\/\/fernandadepilacao.com.br\/portal\/wp-content\/uploads\/2026\/03\/20260312080200-150x150.png",150,150,true],"medium":["https:\/\/fernandadepilacao.com.br\/portal\/wp-content\/uploads\/2026\/03\/20260312080200-300x300.png",300,300,true],"medium_large":["https:\/\/fernandadepilacao.com.br\/portal\/wp-content\/uploads\/2026\/03\/20260312080200.png",500,500,false],"large":["https:\/\/fernandadepilacao.com.br\/portal\/wp-content\/uploads\/2026\/03\/20260312080200.png",500,500,false],"1536x1536":["https:\/\/fernandadepilacao.com.br\/portal\/wp-content\/uploads\/2026\/03\/20260312080200.png",500,500,false],"2048x2048":["https:\/\/fernandadepilacao.com.br\/portal\/wp-content\/uploads\/2026\/03\/20260312080200.png",500,500,false]},"uagb_author_info":{"display_name":"fernandajob","author_link":"https:\/\/fernandadepilacao.com.br\/portal\/author\/fernandajob\/"},"uagb_comment_info":0,"uagb_excerpt":"Riscos da Depila\u00e7\u00e3o em Pele Sensibilizada por Procedimentos: O Que Voc\u00ea Precisa Saber Introdu\u00e7\u00e3o A depila\u00e7\u00e3o, seja com cera, l\u00e2mina ou m\u00e9todos modernos como a luz pulsada, \u00e9 muito procurada por quem deseja uma pele lisinha e bem cuidada. No entanto, ap\u00f3s procedimentos est\u00e9ticos como peeling qu\u00edmico, microagulhamento, laser facial e outros tratamentos demandantes, a&hellip;","_links":{"self":[{"href":"https:\/\/fernandadepilacao.com.br\/portal\/wp-json\/wp\/v2\/posts\/1419"}],"collection":[{"href":"https:\/\/fernandadepilacao.com.br\/portal\/wp-json\/wp\/v2\/posts"}],"about":[{"href":"https:\/\/fernandadepilacao.com.br\/portal\/wp-json\/wp\/v2\/types\/post"}],"author":[{"embeddable":true,"href":"https:\/\/fernandadepilacao.com.br\/portal\/wp-json\/wp\/v2\/users\/1"}],"replies":[{"embeddable":true,"href":"https:\/\/fernandadepilacao.com.br\/portal\/wp-json\/wp\/v2\/comments?post=1419"}],"version-history":[{"count":1,"href":"https:\/\/fernandadepilacao.com.br\/portal\/wp-json\/wp\/v2\/posts\/1419\/revisions"}],"predecessor-version":[{"id":1420,"href":"https:\/\/fernandadepilacao.com.br\/portal\/wp-json\/wp\/v2\/posts\/1419\/revisions\/1420"}],"wp:featuredmedia":[{"embeddable":true,"href":"https:\/\/fernandadepilacao.com.br\/portal\/wp-json\/wp\/v2\/media\/1418"}],"wp:attachment":[{"href":"https:\/\/fernandadepilacao.com.br\/portal\/wp-json\/wp\/v2\/media?parent=1419"}],"wp:term":[{"taxonomy":"category","embeddable":true,"href":"https:\/\/fernandadepilacao.com.br\/portal\/wp-json\/wp\/v2\/categories?post=1419"},{"taxonomy":"post_tag","embeddable":true,"href":"https:\/\/fernandadepilacao.com.br\/portal\/wp-json\/wp\/v2\/tags?post=1419"}],"curies":[{"name":"wp","href":"https:\/\/api.w.org\/{rel}","templated":true}]}}