{"id":1413,"date":"2026-03-11T16:01:42","date_gmt":"2026-03-11T19:01:42","guid":{"rendered":"https:\/\/fernandadepilacao.com.br\/portal\/2026\/03\/cuidados-essenciais-apos-procedimentos-esteticos-antes-da-depilacao\/"},"modified":"2026-03-11T16:01:43","modified_gmt":"2026-03-11T19:01:43","slug":"cuidados-essenciais-apos-procedimentos-esteticos-antes-da-depilacao","status":"publish","type":"post","link":"https:\/\/fernandadepilacao.com.br\/portal\/2026\/03\/cuidados-essenciais-apos-procedimentos-esteticos-antes-da-depilacao\/","title":{"rendered":"Cuidados Essenciais Ap\u00f3s Procedimentos Est\u00e9ticos Antes da Depila\u00e7\u00e3o"},"content":{"rendered":"<article>\n<header>\n<h1>Cuidados Essenciais Ap\u00f3s Procedimentos Est\u00e9ticos Antes da Depila\u00e7\u00e3o: Proteja Sua Pele!<\/h1>\n<p>    <meta name=\"description\" content=\"Descubra como cuidar da sua pele ap\u00f3s procedimentos est\u00e9ticos antes de realizar a depila\u00e7\u00e3o. Confira dicas profissionais que garantem pele saud\u00e1vel e evitam complica\u00e7\u00f5es.\" \/><br \/>\n  <\/header>\n<section>\n<h2>Por que \u00e9 importante se preparar para a depila\u00e7\u00e3o ap\u00f3s procedimentos est\u00e9ticos?<\/h2>\n<p>A depila\u00e7\u00e3o \u00e9 um dos tratamentos de beleza mais procurados, seja com <strong>cera quente<\/strong>, <strong>cera fria<\/strong>, <strong>laser<\/strong> ou at\u00e9 mesmo a tradicional <strong>l\u00e2mina de barbear<\/strong>. Mas quando se trata de <strong>depilar<\/strong> ap\u00f3s procedimentos est\u00e9ticos\u2014como limpeza de pele, peeling qu\u00edmico, microagulhamento ou preenchimento facial\u2014cuidar da pele se torna essencial para evitar complica\u00e7\u00f5es, como irrita\u00e7\u00e3o, sensibilidade excessiva e at\u00e9 mesmo infec\u00e7\u00f5es.<\/p>\n<p>Entender o tempo de espera e as melhores pr\u00e1ticas ap\u00f3s cada procedimento \u00e9 fundamental. Esse cuidado vai al\u00e9m da est\u00e9tica: \u00e9 uma quest\u00e3o de <strong>sa\u00fade da pele<\/strong> e bem-estar.<\/p>\n<\/section>\n<section>\n<h2>Principais Procedimentos Est\u00e9ticos e o Intervalo Recomendado Antes da Depila\u00e7\u00e3o<\/h2>\n<ul>\n<li><strong>Peeling qu\u00edmico:<\/strong> Aguarde <strong>at\u00e9 15 dias<\/strong> antes de realizar a depila\u00e7\u00e3o. A pele estar\u00e1 sens\u00edvel devido \u00e0 renova\u00e7\u00e3o celular intensa.<\/li>\n<li><strong>Microagulhamento:<\/strong> Recomenda-se esperar ao menos <strong>7 dias<\/strong>, pois o procedimento causa microles\u00f5es que precisam cicatrizar.<\/li>\n<li><strong>Preenchimento facial:<\/strong> Para \u00e1reas do rosto, o ideal \u00e9 qualquer procedimento invasivo aguardar <strong>10 a 15 dias<\/strong> antes de depilar para evitar incha\u00e7o ou deslocamento do preenchedor.<\/li>\n<li><strong>Limpeza de pele profunda:<\/strong> O esperado \u00e9 aguardar entre <strong>3 a 5 dias<\/strong> para que a pele se recupere de poss\u00edveis vermelhid\u00f5es e abertura dos poros.<\/li>\n<li><strong>Tratamentos a laser:<\/strong> Em \u00e1reas tratadas, converse sempre com seu dermatologista sobre o intervalo adequado, pois a <strong>sensibilidade<\/strong> pode persistir por v\u00e1rios dias ou semanas.<\/li>\n<\/ul>\n<p><strong>Dica importante:<\/strong> Sempre pergunte ao seu profissional sobre o tempo ideal de espera antes de marcar a pr\u00f3xima depila\u00e7\u00e3o!<\/p>\n<\/section>\n<section>\n<h2>Cuidados Que Voc\u00ea Deve Ter Antes da Depila\u00e7\u00e3o<\/h2>\n<ol>\n<li><strong>Hidrata\u00e7\u00e3o:<\/strong> Use hidratantes leves, sem \u00e1lcool, para fortalecer a barreira de prote\u00e7\u00e3o da pele.<\/li>\n<li><strong>Evite exposi\u00e7\u00e3o solar:<\/strong> A exposi\u00e7\u00e3o ao sol pode deixar a pele mais sensibilizada. Fique longe do sol intenso e abuse do protetor solar!<\/li>\n<li><strong>Dispense o uso de \u00e1cidos:<\/strong> Produtos com \u00e1cido retin\u00f3ico, glic\u00f3lico ou outros ativos potentes aumentam o risco de irrita\u00e7\u00e3o no momento da depila\u00e7\u00e3o.<\/li>\n<li><strong>Observe sinais de irrita\u00e7\u00e3o:<\/strong> Se sua pele estiver vermelha, aquecida ou descamando ap\u00f3s o procedimento est\u00e9tico, aguarde a completa recupera\u00e7\u00e3o antes da depila\u00e7\u00e3o.<\/li>\n<li><strong>Mantenha a pele limpa:<\/strong> Antes da depila\u00e7\u00e3o, n\u00e3o use cremes ou \u00f3leos, eles podem impedir que a cera adira corretamente \u00e0 pele.<\/li>\n<\/ol>\n<\/section>\n<section>\n<h2>Benef\u00edcios de Respeitar o Intervalo Entre Procedimentos Est\u00e9ticos e Depila\u00e7\u00e3o<\/h2>\n<ul>\n<li>Evita manchas, queimaduras e les\u00f5es na pele;<\/li>\n<li>Garante melhor resultado na depila\u00e7\u00e3o, tornando o procedimento menos dolorido;<\/li>\n<li>Reduz o risco de infec\u00e7\u00e3o e de forma\u00e7\u00e3o de foliculite;<\/li>\n<li>Ajuda a manter a integridade e sa\u00fade do tecido cut\u00e2neo;<\/li>\n<li>Proporciona uma recupera\u00e7\u00e3o mais r\u00e1pida e eficiente da pele.<\/li>\n<\/ul>\n<\/section>\n<section>\n<h2>Perguntas Frequentes sobre Cuidados P\u00f3s-Procedimentos Est\u00e9ticos<\/h2>\n<dl>\n<dt>Posso depilar no dia seguinte a uma limpeza de pele?<\/dt>\n<dd>O ideal \u00e9 aguardar alguns dias para garantir que a pele j\u00e1 se recuperou do procedimento.<\/dd>\n<dt>Usar l\u00e2mina \u00e9 menos agressivo ap\u00f3s tratamentos est\u00e9ticos?<\/dt>\n<dd>N\u00e3o necessariamente. Qualquer forma de depila\u00e7\u00e3o pode causar danos na pele sensibilizada. Aguarde sempre o tempo recomendado.<\/dd>\n<dt>Se aparecer irrita\u00e7\u00e3o ap\u00f3s a depila\u00e7\u00e3o, o que devo fazer?<\/dt>\n<dd>Use compressas frias, hidratantes e, se necess\u00e1rio, procure um dermatologista para avaliar o caso.<\/dd>\n<\/dl>\n<\/section>\n<section>\n<h2>Resumo dos Cuidados mais Importantes<\/h2>\n<ul>\n<li>Informe sempre ao profissional de depila\u00e7\u00e3o sobre procedimentos est\u00e9ticos realizados recentemente.<\/li>\n<li>Observe bem o intervalo de tempo recomendado.<\/li>\n<li>Prefira depilar quando a pele estiver \u00edntegra e sem sinais de sensibilidade.<\/li>\n<li>Cuide da hidrata\u00e7\u00e3o e prote\u00e7\u00e3o solar diariamente.<\/li>\n<\/ul>\n<p>Cuidar da pele antes da depila\u00e7\u00e3o \u00e9 um <strong>ato de carinho e preven\u00e7\u00e3o<\/strong> que faz toda a diferen\u00e7a no resultado e na sa\u00fade. Ao seguir essas dicas, voc\u00ea garante uma experi\u00eancia muito mais segura, confort\u00e1vel e com resultados ainda melhores!<\/p>\n<\/section>\n<footer>\n<p><strong>Palavras-chave:<\/strong> cuidados ap\u00f3s procedimentos est\u00e9ticos, depila\u00e7\u00e3o segura, intervalo entre peeling e depila\u00e7\u00e3o, hidrata\u00e7\u00e3o antes da depila\u00e7\u00e3o, sa\u00fade da pele, p\u00f3s-procedimento, prote\u00e7\u00e3o solar, preven\u00e7\u00e3o de les\u00f5es, est\u00e9tica profissional.<\/p>\n<\/footer>\n<\/article>\n","protected":false},"excerpt":{"rendered":"<p>Cuidados Essenciais Ap\u00f3s Procedimentos Est\u00e9ticos Antes da Depila\u00e7\u00e3o: Proteja Sua Pele! Por que \u00e9 importante se preparar para a depila\u00e7\u00e3o ap\u00f3s procedimentos est\u00e9ticos? A depila\u00e7\u00e3o \u00e9 um dos tratamentos de beleza mais procurados, seja com cera quente, cera fria, laser ou at\u00e9 mesmo a tradicional l\u00e2mina de barbear. Mas quando se trata de depilar ap\u00f3s &hellip;<\/p>\n<p class=\"read-more\"> <a class=\"\" href=\"https:\/\/fernandadepilacao.com.br\/portal\/2026\/03\/cuidados-essenciais-apos-procedimentos-esteticos-antes-da-depilacao\/\"> <span class=\"screen-reader-text\">Cuidados Essenciais Ap\u00f3s Procedimentos Est\u00e9ticos Antes da Depila\u00e7\u00e3o<\/span> Leia mais &raquo;<\/a><\/p>\n","protected":false},"author":1,"featured_media":1412,"comment_status":"open","ping_status":"open","sticky":false,"template":"","format":"standard","meta":[],"categories":[1],"tags":[],"yoast_head":"<!-- This site is optimized with the Yoast SEO plugin v18.4.1 - https:\/\/yoast.com\/wordpress\/plugins\/seo\/ -->\n<title>Cuidados Essenciais Ap\u00f3s Procedimentos Est\u00e9ticos Antes da Depila\u00e7\u00e3o - Fernanda Depila\u00e7\u00e3o<\/title>\n<meta name=\"robots\" content=\"index, follow, max-snippet:-1, max-image-preview:large, max-video-preview:-1\" \/>\n<link rel=\"canonical\" href=\"https:\/\/fernandadepilacao.com.br\/portal\/2026\/03\/cuidados-essenciais-apos-procedimentos-esteticos-antes-da-depilacao\/\" \/>\n<meta property=\"og:locale\" content=\"pt_BR\" \/>\n<meta property=\"og:type\" content=\"article\" \/>\n<meta property=\"og:title\" content=\"Cuidados Essenciais Ap\u00f3s Procedimentos Est\u00e9ticos Antes da Depila\u00e7\u00e3o - Fernanda Depila\u00e7\u00e3o\" \/>\n<meta property=\"og:description\" content=\"Cuidados Essenciais Ap\u00f3s Procedimentos Est\u00e9ticos Antes da Depila\u00e7\u00e3o: Proteja Sua Pele! Por que \u00e9 importante se preparar para a depila\u00e7\u00e3o ap\u00f3s procedimentos est\u00e9ticos? A depila\u00e7\u00e3o \u00e9 um dos tratamentos de beleza mais procurados, seja com cera quente, cera fria, laser ou at\u00e9 mesmo a tradicional l\u00e2mina de barbear. Mas quando se trata de depilar ap\u00f3s &hellip; Cuidados Essenciais Ap\u00f3s Procedimentos Est\u00e9ticos Antes da Depila\u00e7\u00e3o Leia mais &raquo;\" \/>\n<meta property=\"og:url\" content=\"https:\/\/fernandadepilacao.com.br\/portal\/2026\/03\/cuidados-essenciais-apos-procedimentos-esteticos-antes-da-depilacao\/\" \/>\n<meta property=\"og:site_name\" content=\"Fernanda Depila\u00e7\u00e3o\" \/>\n<meta property=\"article:publisher\" content=\"https:\/\/www.facebook.com\/ferjobdepilacao\" \/>\n<meta property=\"article:published_time\" content=\"2026-03-11T19:01:42+00:00\" \/>\n<meta property=\"article:modified_time\" content=\"2026-03-11T19:01:43+00:00\" \/>\n<meta name=\"twitter:card\" content=\"summary_large_image\" \/>\n<meta name=\"twitter:label1\" content=\"Escrito por\" \/>\n\t<meta name=\"twitter:data1\" content=\"fernandajob\" \/>\n\t<meta name=\"twitter:label2\" content=\"Est. tempo de leitura\" \/>\n\t<meta name=\"twitter:data2\" content=\"3 minutos\" \/>\n<script type=\"application\/ld+json\" class=\"yoast-schema-graph\">{\"@context\":\"https:\/\/schema.org\",\"@graph\":[{\"@type\":\"Organization\",\"@id\":\"https:\/\/fernandadepilacao.com.br\/portal\/#organization\",\"name\":\"Fernanda Depila\u00e7\u00e3o\",\"url\":\"https:\/\/fernandadepilacao.com.br\/portal\/\",\"sameAs\":[\"https:\/\/www.facebook.com\/ferjobdepilacao\",\"http:\/\/instagram.com\/fernanda_job\"],\"logo\":{\"@type\":\"ImageObject\",\"@id\":\"https:\/\/fernandadepilacao.com.br\/portal\/#logo\",\"inLanguage\":\"pt-BR\",\"url\":\"http:\/\/fernandadepilacao.com.br\/portal\/wp-content\/uploads\/2021\/03\/logo_fernanda.png\",\"contentUrl\":\"http:\/\/fernandadepilacao.com.br\/portal\/wp-content\/uploads\/2021\/03\/logo_fernanda.png\",\"width\":673,\"height\":688,\"caption\":\"Fernanda Depila\u00e7\u00e3o\"},\"image\":{\"@id\":\"https:\/\/fernandadepilacao.com.br\/portal\/#logo\"}},{\"@type\":\"WebSite\",\"@id\":\"https:\/\/fernandadepilacao.com.br\/portal\/#website\",\"url\":\"https:\/\/fernandadepilacao.com.br\/portal\/\",\"name\":\"Fernanda Depila\u00e7\u00e3o\",\"description\":\"\",\"publisher\":{\"@id\":\"https:\/\/fernandadepilacao.com.br\/portal\/#organization\"},\"potentialAction\":[{\"@type\":\"SearchAction\",\"target\":{\"@type\":\"EntryPoint\",\"urlTemplate\":\"https:\/\/fernandadepilacao.com.br\/portal\/?s={search_term_string}\"},\"query-input\":\"required name=search_term_string\"}],\"inLanguage\":\"pt-BR\"},{\"@type\":\"ImageObject\",\"@id\":\"https:\/\/fernandadepilacao.com.br\/portal\/2026\/03\/cuidados-essenciais-apos-procedimentos-esteticos-antes-da-depilacao\/#primaryimage\",\"inLanguage\":\"pt-BR\",\"url\":\"https:\/\/fernandadepilacao.com.br\/portal\/wp-content\/uploads\/2026\/03\/20260311160139.png\",\"contentUrl\":\"https:\/\/fernandadepilacao.com.br\/portal\/wp-content\/uploads\/2026\/03\/20260311160139.png\",\"width\":500,\"height\":500},{\"@type\":\"WebPage\",\"@id\":\"https:\/\/fernandadepilacao.com.br\/portal\/2026\/03\/cuidados-essenciais-apos-procedimentos-esteticos-antes-da-depilacao\/#webpage\",\"url\":\"https:\/\/fernandadepilacao.com.br\/portal\/2026\/03\/cuidados-essenciais-apos-procedimentos-esteticos-antes-da-depilacao\/\",\"name\":\"Cuidados Essenciais Ap\u00f3s Procedimentos Est\u00e9ticos Antes da Depila\u00e7\u00e3o - Fernanda Depila\u00e7\u00e3o\",\"isPartOf\":{\"@id\":\"https:\/\/fernandadepilacao.com.br\/portal\/#website\"},\"primaryImageOfPage\":{\"@id\":\"https:\/\/fernandadepilacao.com.br\/portal\/2026\/03\/cuidados-essenciais-apos-procedimentos-esteticos-antes-da-depilacao\/#primaryimage\"},\"datePublished\":\"2026-03-11T19:01:42+00:00\",\"dateModified\":\"2026-03-11T19:01:43+00:00\",\"breadcrumb\":{\"@id\":\"https:\/\/fernandadepilacao.com.br\/portal\/2026\/03\/cuidados-essenciais-apos-procedimentos-esteticos-antes-da-depilacao\/#breadcrumb\"},\"inLanguage\":\"pt-BR\",\"potentialAction\":[{\"@type\":\"ReadAction\",\"target\":[\"https:\/\/fernandadepilacao.com.br\/portal\/2026\/03\/cuidados-essenciais-apos-procedimentos-esteticos-antes-da-depilacao\/\"]}]},{\"@type\":\"BreadcrumbList\",\"@id\":\"https:\/\/fernandadepilacao.com.br\/portal\/2026\/03\/cuidados-essenciais-apos-procedimentos-esteticos-antes-da-depilacao\/#breadcrumb\",\"itemListElement\":[{\"@type\":\"ListItem\",\"position\":1,\"name\":\"In\u00edcio\",\"item\":\"http:\/\/fernandadepilacao.com.br\/portal\/\"},{\"@type\":\"ListItem\",\"position\":2,\"name\":\"Cuidados Essenciais Ap\u00f3s Procedimentos Est\u00e9ticos Antes da Depila\u00e7\u00e3o\"}]},{\"@type\":\"Article\",\"@id\":\"https:\/\/fernandadepilacao.com.br\/portal\/2026\/03\/cuidados-essenciais-apos-procedimentos-esteticos-antes-da-depilacao\/#article\",\"isPartOf\":{\"@id\":\"https:\/\/fernandadepilacao.com.br\/portal\/2026\/03\/cuidados-essenciais-apos-procedimentos-esteticos-antes-da-depilacao\/#webpage\"},\"author\":{\"@id\":\"https:\/\/fernandadepilacao.com.br\/portal\/#\/schema\/person\/d00644c3bbfd9fd17711767a3b1abbd0\"},\"headline\":\"Cuidados Essenciais Ap\u00f3s Procedimentos Est\u00e9ticos Antes da Depila\u00e7\u00e3o\",\"datePublished\":\"2026-03-11T19:01:42+00:00\",\"dateModified\":\"2026-03-11T19:01:43+00:00\",\"mainEntityOfPage\":{\"@id\":\"https:\/\/fernandadepilacao.com.br\/portal\/2026\/03\/cuidados-essenciais-apos-procedimentos-esteticos-antes-da-depilacao\/#webpage\"},\"wordCount\":701,\"commentCount\":0,\"publisher\":{\"@id\":\"https:\/\/fernandadepilacao.com.br\/portal\/#organization\"},\"image\":{\"@id\":\"https:\/\/fernandadepilacao.com.br\/portal\/2026\/03\/cuidados-essenciais-apos-procedimentos-esteticos-antes-da-depilacao\/#primaryimage\"},\"thumbnailUrl\":\"https:\/\/fernandadepilacao.com.br\/portal\/wp-content\/uploads\/2026\/03\/20260311160139.png\",\"inLanguage\":\"pt-BR\",\"potentialAction\":[{\"@type\":\"CommentAction\",\"name\":\"Comment\",\"target\":[\"https:\/\/fernandadepilacao.com.br\/portal\/2026\/03\/cuidados-essenciais-apos-procedimentos-esteticos-antes-da-depilacao\/#respond\"]}]},{\"@type\":\"Person\",\"@id\":\"https:\/\/fernandadepilacao.com.br\/portal\/#\/schema\/person\/d00644c3bbfd9fd17711767a3b1abbd0\",\"name\":\"fernandajob\",\"image\":{\"@type\":\"ImageObject\",\"@id\":\"https:\/\/fernandadepilacao.com.br\/portal\/#personlogo\",\"inLanguage\":\"pt-BR\",\"url\":\"https:\/\/secure.gravatar.com\/avatar\/6c2268a68d69a325906fbdccd74b18e6?s=96&d=mm&r=g\",\"contentUrl\":\"https:\/\/secure.gravatar.com\/avatar\/6c2268a68d69a325906fbdccd74b18e6?s=96&d=mm&r=g\",\"caption\":\"fernandajob\"},\"sameAs\":[\"http:\/\/fernandadepilacao.com.br\/portal\"]}]}<\/script>\n<!-- \/ Yoast SEO plugin. -->","yoast_head_json":{"title":"Cuidados Essenciais Ap\u00f3s Procedimentos Est\u00e9ticos Antes da Depila\u00e7\u00e3o - Fernanda Depila\u00e7\u00e3o","robots":{"index":"index","follow":"follow","max-snippet":"max-snippet:-1","max-image-preview":"max-image-preview:large","max-video-preview":"max-video-preview:-1"},"canonical":"https:\/\/fernandadepilacao.com.br\/portal\/2026\/03\/cuidados-essenciais-apos-procedimentos-esteticos-antes-da-depilacao\/","og_locale":"pt_BR","og_type":"article","og_title":"Cuidados Essenciais Ap\u00f3s Procedimentos Est\u00e9ticos Antes da Depila\u00e7\u00e3o - Fernanda Depila\u00e7\u00e3o","og_description":"Cuidados Essenciais Ap\u00f3s Procedimentos Est\u00e9ticos Antes da Depila\u00e7\u00e3o: Proteja Sua Pele! Por que \u00e9 importante se preparar para a depila\u00e7\u00e3o ap\u00f3s procedimentos est\u00e9ticos? A depila\u00e7\u00e3o \u00e9 um dos tratamentos de beleza mais procurados, seja com cera quente, cera fria, laser ou at\u00e9 mesmo a tradicional l\u00e2mina de barbear. Mas quando se trata de depilar ap\u00f3s &hellip; Cuidados Essenciais Ap\u00f3s Procedimentos Est\u00e9ticos Antes da Depila\u00e7\u00e3o Leia mais &raquo;","og_url":"https:\/\/fernandadepilacao.com.br\/portal\/2026\/03\/cuidados-essenciais-apos-procedimentos-esteticos-antes-da-depilacao\/","og_site_name":"Fernanda Depila\u00e7\u00e3o","article_publisher":"https:\/\/www.facebook.com\/ferjobdepilacao","article_published_time":"2026-03-11T19:01:42+00:00","article_modified_time":"2026-03-11T19:01:43+00:00","twitter_card":"summary_large_image","twitter_misc":{"Escrito por":"fernandajob","Est. tempo de leitura":"3 minutos"},"schema":{"@context":"https:\/\/schema.org","@graph":[{"@type":"Organization","@id":"https:\/\/fernandadepilacao.com.br\/portal\/#organization","name":"Fernanda Depila\u00e7\u00e3o","url":"https:\/\/fernandadepilacao.com.br\/portal\/","sameAs":["https:\/\/www.facebook.com\/ferjobdepilacao","http:\/\/instagram.com\/fernanda_job"],"logo":{"@type":"ImageObject","@id":"https:\/\/fernandadepilacao.com.br\/portal\/#logo","inLanguage":"pt-BR","url":"http:\/\/fernandadepilacao.com.br\/portal\/wp-content\/uploads\/2021\/03\/logo_fernanda.png","contentUrl":"http:\/\/fernandadepilacao.com.br\/portal\/wp-content\/uploads\/2021\/03\/logo_fernanda.png","width":673,"height":688,"caption":"Fernanda Depila\u00e7\u00e3o"},"image":{"@id":"https:\/\/fernandadepilacao.com.br\/portal\/#logo"}},{"@type":"WebSite","@id":"https:\/\/fernandadepilacao.com.br\/portal\/#website","url":"https:\/\/fernandadepilacao.com.br\/portal\/","name":"Fernanda Depila\u00e7\u00e3o","description":"","publisher":{"@id":"https:\/\/fernandadepilacao.com.br\/portal\/#organization"},"potentialAction":[{"@type":"SearchAction","target":{"@type":"EntryPoint","urlTemplate":"https:\/\/fernandadepilacao.com.br\/portal\/?s={search_term_string}"},"query-input":"required name=search_term_string"}],"inLanguage":"pt-BR"},{"@type":"ImageObject","@id":"https:\/\/fernandadepilacao.com.br\/portal\/2026\/03\/cuidados-essenciais-apos-procedimentos-esteticos-antes-da-depilacao\/#primaryimage","inLanguage":"pt-BR","url":"https:\/\/fernandadepilacao.com.br\/portal\/wp-content\/uploads\/2026\/03\/20260311160139.png","contentUrl":"https:\/\/fernandadepilacao.com.br\/portal\/wp-content\/uploads\/2026\/03\/20260311160139.png","width":500,"height":500},{"@type":"WebPage","@id":"https:\/\/fernandadepilacao.com.br\/portal\/2026\/03\/cuidados-essenciais-apos-procedimentos-esteticos-antes-da-depilacao\/#webpage","url":"https:\/\/fernandadepilacao.com.br\/portal\/2026\/03\/cuidados-essenciais-apos-procedimentos-esteticos-antes-da-depilacao\/","name":"Cuidados Essenciais Ap\u00f3s Procedimentos Est\u00e9ticos Antes da Depila\u00e7\u00e3o - Fernanda Depila\u00e7\u00e3o","isPartOf":{"@id":"https:\/\/fernandadepilacao.com.br\/portal\/#website"},"primaryImageOfPage":{"@id":"https:\/\/fernandadepilacao.com.br\/portal\/2026\/03\/cuidados-essenciais-apos-procedimentos-esteticos-antes-da-depilacao\/#primaryimage"},"datePublished":"2026-03-11T19:01:42+00:00","dateModified":"2026-03-11T19:01:43+00:00","breadcrumb":{"@id":"https:\/\/fernandadepilacao.com.br\/portal\/2026\/03\/cuidados-essenciais-apos-procedimentos-esteticos-antes-da-depilacao\/#breadcrumb"},"inLanguage":"pt-BR","potentialAction":[{"@type":"ReadAction","target":["https:\/\/fernandadepilacao.com.br\/portal\/2026\/03\/cuidados-essenciais-apos-procedimentos-esteticos-antes-da-depilacao\/"]}]},{"@type":"BreadcrumbList","@id":"https:\/\/fernandadepilacao.com.br\/portal\/2026\/03\/cuidados-essenciais-apos-procedimentos-esteticos-antes-da-depilacao\/#breadcrumb","itemListElement":[{"@type":"ListItem","position":1,"name":"In\u00edcio","item":"http:\/\/fernandadepilacao.com.br\/portal\/"},{"@type":"ListItem","position":2,"name":"Cuidados Essenciais Ap\u00f3s Procedimentos Est\u00e9ticos Antes da Depila\u00e7\u00e3o"}]},{"@type":"Article","@id":"https:\/\/fernandadepilacao.com.br\/portal\/2026\/03\/cuidados-essenciais-apos-procedimentos-esteticos-antes-da-depilacao\/#article","isPartOf":{"@id":"https:\/\/fernandadepilacao.com.br\/portal\/2026\/03\/cuidados-essenciais-apos-procedimentos-esteticos-antes-da-depilacao\/#webpage"},"author":{"@id":"https:\/\/fernandadepilacao.com.br\/portal\/#\/schema\/person\/d00644c3bbfd9fd17711767a3b1abbd0"},"headline":"Cuidados Essenciais Ap\u00f3s Procedimentos Est\u00e9ticos Antes da Depila\u00e7\u00e3o","datePublished":"2026-03-11T19:01:42+00:00","dateModified":"2026-03-11T19:01:43+00:00","mainEntityOfPage":{"@id":"https:\/\/fernandadepilacao.com.br\/portal\/2026\/03\/cuidados-essenciais-apos-procedimentos-esteticos-antes-da-depilacao\/#webpage"},"wordCount":701,"commentCount":0,"publisher":{"@id":"https:\/\/fernandadepilacao.com.br\/portal\/#organization"},"image":{"@id":"https:\/\/fernandadepilacao.com.br\/portal\/2026\/03\/cuidados-essenciais-apos-procedimentos-esteticos-antes-da-depilacao\/#primaryimage"},"thumbnailUrl":"https:\/\/fernandadepilacao.com.br\/portal\/wp-content\/uploads\/2026\/03\/20260311160139.png","inLanguage":"pt-BR","potentialAction":[{"@type":"CommentAction","name":"Comment","target":["https:\/\/fernandadepilacao.com.br\/portal\/2026\/03\/cuidados-essenciais-apos-procedimentos-esteticos-antes-da-depilacao\/#respond"]}]},{"@type":"Person","@id":"https:\/\/fernandadepilacao.com.br\/portal\/#\/schema\/person\/d00644c3bbfd9fd17711767a3b1abbd0","name":"fernandajob","image":{"@type":"ImageObject","@id":"https:\/\/fernandadepilacao.com.br\/portal\/#personlogo","inLanguage":"pt-BR","url":"https:\/\/secure.gravatar.com\/avatar\/6c2268a68d69a325906fbdccd74b18e6?s=96&d=mm&r=g","contentUrl":"https:\/\/secure.gravatar.com\/avatar\/6c2268a68d69a325906fbdccd74b18e6?s=96&d=mm&r=g","caption":"fernandajob"},"sameAs":["http:\/\/fernandadepilacao.com.br\/portal"]}]}},"uagb_featured_image_src":{"full":["https:\/\/fernandadepilacao.com.br\/portal\/wp-content\/uploads\/2026\/03\/20260311160139.png",500,500,false],"thumbnail":["https:\/\/fernandadepilacao.com.br\/portal\/wp-content\/uploads\/2026\/03\/20260311160139-150x150.png",150,150,true],"medium":["https:\/\/fernandadepilacao.com.br\/portal\/wp-content\/uploads\/2026\/03\/20260311160139-300x300.png",300,300,true],"medium_large":["https:\/\/fernandadepilacao.com.br\/portal\/wp-content\/uploads\/2026\/03\/20260311160139.png",500,500,false],"large":["https:\/\/fernandadepilacao.com.br\/portal\/wp-content\/uploads\/2026\/03\/20260311160139.png",500,500,false],"1536x1536":["https:\/\/fernandadepilacao.com.br\/portal\/wp-content\/uploads\/2026\/03\/20260311160139.png",500,500,false],"2048x2048":["https:\/\/fernandadepilacao.com.br\/portal\/wp-content\/uploads\/2026\/03\/20260311160139.png",500,500,false]},"uagb_author_info":{"display_name":"fernandajob","author_link":"https:\/\/fernandadepilacao.com.br\/portal\/author\/fernandajob\/"},"uagb_comment_info":0,"uagb_excerpt":"Cuidados Essenciais Ap\u00f3s Procedimentos Est\u00e9ticos Antes da Depila\u00e7\u00e3o: Proteja Sua Pele! Por que \u00e9 importante se preparar para a depila\u00e7\u00e3o ap\u00f3s procedimentos est\u00e9ticos? A depila\u00e7\u00e3o \u00e9 um dos tratamentos de beleza mais procurados, seja com cera quente, cera fria, laser ou at\u00e9 mesmo a tradicional l\u00e2mina de barbear. Mas quando se trata de depilar ap\u00f3s&hellip;","_links":{"self":[{"href":"https:\/\/fernandadepilacao.com.br\/portal\/wp-json\/wp\/v2\/posts\/1413"}],"collection":[{"href":"https:\/\/fernandadepilacao.com.br\/portal\/wp-json\/wp\/v2\/posts"}],"about":[{"href":"https:\/\/fernandadepilacao.com.br\/portal\/wp-json\/wp\/v2\/types\/post"}],"author":[{"embeddable":true,"href":"https:\/\/fernandadepilacao.com.br\/portal\/wp-json\/wp\/v2\/users\/1"}],"replies":[{"embeddable":true,"href":"https:\/\/fernandadepilacao.com.br\/portal\/wp-json\/wp\/v2\/comments?post=1413"}],"version-history":[{"count":1,"href":"https:\/\/fernandadepilacao.com.br\/portal\/wp-json\/wp\/v2\/posts\/1413\/revisions"}],"predecessor-version":[{"id":1414,"href":"https:\/\/fernandadepilacao.com.br\/portal\/wp-json\/wp\/v2\/posts\/1413\/revisions\/1414"}],"wp:featuredmedia":[{"embeddable":true,"href":"https:\/\/fernandadepilacao.com.br\/portal\/wp-json\/wp\/v2\/media\/1412"}],"wp:attachment":[{"href":"https:\/\/fernandadepilacao.com.br\/portal\/wp-json\/wp\/v2\/media?parent=1413"}],"wp:term":[{"taxonomy":"category","embeddable":true,"href":"https:\/\/fernandadepilacao.com.br\/portal\/wp-json\/wp\/v2\/categories?post=1413"},{"taxonomy":"post_tag","embeddable":true,"href":"https:\/\/fernandadepilacao.com.br\/portal\/wp-json\/wp\/v2\/tags?post=1413"}],"curies":[{"name":"wp","href":"https:\/\/api.w.org\/{rel}","templated":true}]}}