{"id":1410,"date":"2026-03-11T08:01:54","date_gmt":"2026-03-11T11:01:54","guid":{"rendered":"https:\/\/fernandadepilacao.com.br\/portal\/2026\/03\/guia-profissional-depilacao-gestantes-cuidados-metodos-recomendacoes\/"},"modified":"2026-03-11T08:01:56","modified_gmt":"2026-03-11T11:01:56","slug":"guia-profissional-depilacao-gestantes-cuidados-metodos-recomendacoes","status":"publish","type":"post","link":"https:\/\/fernandadepilacao.com.br\/portal\/2026\/03\/guia-profissional-depilacao-gestantes-cuidados-metodos-recomendacoes\/","title":{"rendered":"Guia Profissional de Depila\u00e7\u00e3o para Gestantes: Cuidados, M\u00e9todos e Recomenda\u00e7\u00f5es"},"content":{"rendered":"<article>\n<header>\n<h1>Orienta\u00e7\u00f5es Profissionais para Depila\u00e7\u00e3o de Gestantes: Cuidados, Dicas e Esclarecimentos<\/h1>\n<p>    <meta name=\"description\" content=\"Descubra as melhores pr\u00e1ticas para depila\u00e7\u00e3o de gestantes: m\u00e9todos seguros, contraindica\u00e7\u00f5es, recomenda\u00e7\u00f5es de profissionais qualificados e d\u00favidas frequentes, tudo explicado de maneira acolhedora e confi\u00e1vel.\" \/><br \/>\n  <\/header>\n<section>\n<h2>Depila\u00e7\u00e3o na gesta\u00e7\u00e3o: \u00c9 seguro?<\/h2>\n<p>\n      A gravidez \u00e9 uma fase repleta de transforma\u00e7\u00f5es f\u00edsicas e emocionais. Entre tantas mudan\u00e7as, surgem d\u00favidas naturais sobre a manuten\u00e7\u00e3o da rotina de beleza, especialmente em rela\u00e7\u00e3o \u00e0 depila\u00e7\u00e3o. Ser\u00e1 que gestantes podem se depilar? Quais m\u00e9todos s\u00e3o mais indicados? Esclare\u00e7a essas e outras d\u00favidas neste artigo completo, pensado para oferecer orienta\u00e7\u00e3o segura e profissional.\n    <\/p>\n<\/section>\n<section>\n<h2>Principais preocupa\u00e7\u00f5es das gestantes ao se depilarem<\/h2>\n<p>\n      Durante a gesta\u00e7\u00e3o, a pele fica mais sens\u00edvel devido \u00e0s altera\u00e7\u00f5es hormonais. Algumas mulheres percebem aumento de pelos, enquanto outras notam o oposto. Quest\u00f5es como dor, irrita\u00e7\u00e3o, alergias e riscos de infec\u00e7\u00e3o tornam a orienta\u00e7\u00e3o profissional ainda mais importante nesse per\u00edodo.\n    <\/p>\n<\/section>\n<section>\n<h2>Quais m\u00e9todos de depila\u00e7\u00e3o s\u00e3o mais recomendados para gestantes?<\/h2>\n<p>\n      O ideal \u00e9 optar por m\u00e9todos menos agressivos e que diminuam o risco de infec\u00e7\u00f5es. Confira as principais op\u00e7\u00f5es:\n    <\/p>\n<ul>\n<li><strong>Cera quente ou morna:<\/strong> Pode ser utilizada, desde que por um profissional experiente e com todo o material descart\u00e1vel e higienizado. Gestantes apresentam maior propens\u00e3o a manchas e, devido \u00e0 sensibilidade, o risco de irrita\u00e7\u00e3o \u00e9 maior.<\/li>\n<li><strong>Cera fria:<\/strong> Tende a causar mais desconforto e pode agredir a pele sens\u00edvel da gestante, por isso n\u00e3o \u00e9 a mais indicada.<\/li>\n<li><strong>L\u00e2mina descart\u00e1vel:<\/strong> Pr\u00e1tica e r\u00e1pida, \u00e9 segura se houver cuidado redobrado com a higiene e a troca frequente da l\u00e2mina para evitar cortes e pequenas infec\u00e7\u00f5es.<\/li>\n<li><strong>Cremes depilat\u00f3rios:<\/strong> A maioria possui am\u00f4nia ou outros componentes qu\u00edmicos que podem causar rea\u00e7\u00f5es al\u00e9rgicas ou serem absorvidos pela pele. Sempre consulte o obstetra antes do uso.<\/li>\n<li><strong>Depila\u00e7\u00e3o a laser:<\/strong> N\u00e3o \u00e9 recomendada durante a gesta\u00e7\u00e3o, pois n\u00e3o h\u00e1 estudos suficientes sobre a seguran\u00e7a dos lasers e IPLs para o feto.<\/li>\n<li><strong>Depiladores el\u00e9tricos:<\/strong> Podem ser usados, mas devido \u00e0 dor, podem n\u00e3o ser a melhor escolha neste per\u00edodo.<\/li>\n<\/ul>\n<\/section>\n<section>\n<h2>Dicas para uma depila\u00e7\u00e3o segura na gravidez<\/h2>\n<ul>\n<li><strong>Procure profissionais qualificados:<\/strong> Prefira cl\u00ednicas de est\u00e9tica reconhecidas, com protocolos r\u00edgidos de esteriliza\u00e7\u00e3o e profissionais treinadas em depila\u00e7\u00e3o de gestantes.<\/li>\n<li><strong>Higieniza\u00e7\u00e3o \u00e9 fundamental:<\/strong> Materiais descart\u00e1veis, luvas e assepsia da pele antes do procedimento s\u00e3o indispens\u00e1veis para evitar complica\u00e7\u00f5es.<\/li>\n<li><strong>Informe sempre seu estado gestacional:<\/strong> Comunique ao profissional desde o agendamento sobre a gravidez e quantas semanas t\u00eam, para garantir a escolha do m\u00e9todo e postura adequados durante o atendimento.<\/li>\n<li><strong>Evite a automedica\u00e7\u00e3o:<\/strong> Jamais aplique pomadas anest\u00e9sicas ou outros produtos sem consentimento do m\u00e9dico respons\u00e1vel.<\/li>\n<li><strong>Observe as rea\u00e7\u00f5es:<\/strong> Caso note irrita\u00e7\u00e3o, vermelhid\u00e3o intensa, coceira persistente ou qualquer sinal de infec\u00e7\u00e3o, procure orienta\u00e7\u00e3o profissional imediatamente.<\/li>\n<\/ul>\n<\/section>\n<section>\n<h2>Contraindica\u00e7\u00f5es importantes para depila\u00e7\u00e3o em gestantes<\/h2>\n<ul>\n<li>Evite m\u00e9todos que traumatizem excessivamente a pele.<\/li>\n<li>Procedimentos abrasivos como depila\u00e7\u00e3o eg\u00edpcia ou com linha n\u00e3o s\u00e3o recomendados para peles sensibilizadas.<\/li>\n<li>Cuidado em \u00e1reas pr\u00f3ximas \u00e0 mucosa genital, principalmente nas \u00faltimas semanas de gesta\u00e7\u00e3o.<\/li>\n<li>Evite depila\u00e7\u00e3o em \u00e1reas com feridas, alergias ou dermatites ativas.<\/li>\n<li>N\u00e3o realize depila\u00e7\u00e3o se houver indica\u00e7\u00e3o de repouso absoluto pelo obstetra.<\/li>\n<\/ul>\n<\/section>\n<section>\n<h2>Perguntas frequentes sobre depila\u00e7\u00e3o de gestantes<\/h2>\n<dl>\n<dt>Posso fazer depila\u00e7\u00e3o \u00edntima durante a gravidez?<\/dt>\n<dd>Sim, desde que o procedimento seja realizado por uma esteticista experiente e seguindo rigorosas normas de higiene. Converse sempre com seu m\u00e9dico antes de qualquer procedimento.<\/dd>\n<dt>A depila\u00e7\u00e3o d\u00f3i mais na gesta\u00e7\u00e3o?<\/dt>\n<dd>Geralmente sim, porque a pele fica mais sens\u00edvel devido ao aumento do fluxo sangu\u00edneo e altera\u00e7\u00f5es hormonais. Por isso, a t\u00e9cnica deve ser ainda mais cuidadosa.<\/dd>\n<dt>Depila\u00e7\u00e3o pode prejudicar o beb\u00ea?<\/dt>\n<dd>Os m\u00e9todos tradicionais, feitos por profissionais qualificados e com seguran\u00e7a, n\u00e3o oferecem risco ao beb\u00ea. O principal cuidado \u00e9 evitar infec\u00e7\u00f5es e rea\u00e7\u00f5es adversas.<\/dd>\n<dt>\u00c9 permitido usar pomadas anest\u00e9sicas?<\/dt>\n<dd>Somente com autoriza\u00e7\u00e3o do obstetra, pois muitos produtos cont\u00eam subst\u00e2ncias contraindicadas para gestantes.<\/dd>\n<\/dl>\n<\/section>\n<section>\n<h2>Considera\u00e7\u00f5es finais<\/h2>\n<p>\n      A depila\u00e7\u00e3o durante a gesta\u00e7\u00e3o \u00e9 poss\u00edvel e pode ser realizada com seguran\u00e7a, desde que respeitados protocolos e cuidados espec\u00edficos para este momento delicado. Sempre escolha profissionais com experi\u00eancia em atendimento \u00e0 gestantes, esclare\u00e7a d\u00favidas previamente com seu m\u00e9dico e sinalize qualquer desconforto. Dessa forma, \u00e9 poss\u00edvel manter o bem-estar, o cuidado com a autoestima e a sa\u00fade da gestante e do beb\u00ea.\n    <\/p>\n<\/section>\n<footer>\n<p><strong>Palavras-chave:<\/strong> depila\u00e7\u00e3o para gestantes, depila\u00e7\u00e3o na gravidez, cuidados depila\u00e7\u00e3o gr\u00e1vidas, m\u00e9todos seguros depila\u00e7\u00e3o gestante, d\u00favidas depila\u00e7\u00e3o gesta\u00e7\u00e3o, contraindica\u00e7\u00f5es depila\u00e7\u00e3o gr\u00e1vida<\/p>\n<\/footer>\n<\/article>\n","protected":false},"excerpt":{"rendered":"<p>Orienta\u00e7\u00f5es Profissionais para Depila\u00e7\u00e3o de Gestantes: Cuidados, Dicas e Esclarecimentos Depila\u00e7\u00e3o na gesta\u00e7\u00e3o: \u00c9 seguro? A gravidez \u00e9 uma fase repleta de transforma\u00e7\u00f5es f\u00edsicas e emocionais. Entre tantas mudan\u00e7as, surgem d\u00favidas naturais sobre a manuten\u00e7\u00e3o da rotina de beleza, especialmente em rela\u00e7\u00e3o \u00e0 depila\u00e7\u00e3o. Ser\u00e1 que gestantes podem se depilar? Quais m\u00e9todos s\u00e3o mais indicados? &hellip;<\/p>\n<p class=\"read-more\"> <a class=\"\" href=\"https:\/\/fernandadepilacao.com.br\/portal\/2026\/03\/guia-profissional-depilacao-gestantes-cuidados-metodos-recomendacoes\/\"> <span class=\"screen-reader-text\">Guia Profissional de Depila\u00e7\u00e3o para Gestantes: Cuidados, M\u00e9todos e Recomenda\u00e7\u00f5es<\/span> Leia mais &raquo;<\/a><\/p>\n","protected":false},"author":1,"featured_media":1409,"comment_status":"open","ping_status":"open","sticky":false,"template":"","format":"standard","meta":[],"categories":[1],"tags":[],"yoast_head":"<!-- This site is optimized with the Yoast SEO plugin v18.4.1 - https:\/\/yoast.com\/wordpress\/plugins\/seo\/ -->\n<title>Guia Profissional de Depila\u00e7\u00e3o para Gestantes: Cuidados, M\u00e9todos e Recomenda\u00e7\u00f5es - Fernanda Depila\u00e7\u00e3o<\/title>\n<meta name=\"robots\" content=\"index, follow, max-snippet:-1, max-image-preview:large, max-video-preview:-1\" \/>\n<link rel=\"canonical\" href=\"https:\/\/fernandadepilacao.com.br\/portal\/2026\/03\/guia-profissional-depilacao-gestantes-cuidados-metodos-recomendacoes\/\" \/>\n<meta property=\"og:locale\" content=\"pt_BR\" \/>\n<meta property=\"og:type\" content=\"article\" \/>\n<meta property=\"og:title\" content=\"Guia Profissional de Depila\u00e7\u00e3o para Gestantes: Cuidados, M\u00e9todos e Recomenda\u00e7\u00f5es - Fernanda Depila\u00e7\u00e3o\" \/>\n<meta property=\"og:description\" content=\"Orienta\u00e7\u00f5es Profissionais para Depila\u00e7\u00e3o de Gestantes: Cuidados, Dicas e Esclarecimentos Depila\u00e7\u00e3o na gesta\u00e7\u00e3o: \u00c9 seguro? A gravidez \u00e9 uma fase repleta de transforma\u00e7\u00f5es f\u00edsicas e emocionais. Entre tantas mudan\u00e7as, surgem d\u00favidas naturais sobre a manuten\u00e7\u00e3o da rotina de beleza, especialmente em rela\u00e7\u00e3o \u00e0 depila\u00e7\u00e3o. Ser\u00e1 que gestantes podem se depilar? Quais m\u00e9todos s\u00e3o mais indicados? &hellip; Guia Profissional de Depila\u00e7\u00e3o para Gestantes: Cuidados, M\u00e9todos e Recomenda\u00e7\u00f5es Leia mais &raquo;\" \/>\n<meta property=\"og:url\" content=\"https:\/\/fernandadepilacao.com.br\/portal\/2026\/03\/guia-profissional-depilacao-gestantes-cuidados-metodos-recomendacoes\/\" \/>\n<meta property=\"og:site_name\" content=\"Fernanda Depila\u00e7\u00e3o\" \/>\n<meta property=\"article:publisher\" content=\"https:\/\/www.facebook.com\/ferjobdepilacao\" \/>\n<meta property=\"article:published_time\" content=\"2026-03-11T11:01:54+00:00\" \/>\n<meta property=\"article:modified_time\" content=\"2026-03-11T11:01:56+00:00\" \/>\n<meta name=\"twitter:card\" content=\"summary_large_image\" \/>\n<meta name=\"twitter:label1\" content=\"Escrito por\" \/>\n\t<meta name=\"twitter:data1\" content=\"fernandajob\" \/>\n\t<meta name=\"twitter:label2\" content=\"Est. tempo de leitura\" \/>\n\t<meta name=\"twitter:data2\" content=\"4 minutos\" \/>\n<script type=\"application\/ld+json\" class=\"yoast-schema-graph\">{\"@context\":\"https:\/\/schema.org\",\"@graph\":[{\"@type\":\"Organization\",\"@id\":\"https:\/\/fernandadepilacao.com.br\/portal\/#organization\",\"name\":\"Fernanda Depila\u00e7\u00e3o\",\"url\":\"https:\/\/fernandadepilacao.com.br\/portal\/\",\"sameAs\":[\"https:\/\/www.facebook.com\/ferjobdepilacao\",\"http:\/\/instagram.com\/fernanda_job\"],\"logo\":{\"@type\":\"ImageObject\",\"@id\":\"https:\/\/fernandadepilacao.com.br\/portal\/#logo\",\"inLanguage\":\"pt-BR\",\"url\":\"http:\/\/fernandadepilacao.com.br\/portal\/wp-content\/uploads\/2021\/03\/logo_fernanda.png\",\"contentUrl\":\"http:\/\/fernandadepilacao.com.br\/portal\/wp-content\/uploads\/2021\/03\/logo_fernanda.png\",\"width\":673,\"height\":688,\"caption\":\"Fernanda Depila\u00e7\u00e3o\"},\"image\":{\"@id\":\"https:\/\/fernandadepilacao.com.br\/portal\/#logo\"}},{\"@type\":\"WebSite\",\"@id\":\"https:\/\/fernandadepilacao.com.br\/portal\/#website\",\"url\":\"https:\/\/fernandadepilacao.com.br\/portal\/\",\"name\":\"Fernanda Depila\u00e7\u00e3o\",\"description\":\"\",\"publisher\":{\"@id\":\"https:\/\/fernandadepilacao.com.br\/portal\/#organization\"},\"potentialAction\":[{\"@type\":\"SearchAction\",\"target\":{\"@type\":\"EntryPoint\",\"urlTemplate\":\"https:\/\/fernandadepilacao.com.br\/portal\/?s={search_term_string}\"},\"query-input\":\"required name=search_term_string\"}],\"inLanguage\":\"pt-BR\"},{\"@type\":\"ImageObject\",\"@id\":\"https:\/\/fernandadepilacao.com.br\/portal\/2026\/03\/guia-profissional-depilacao-gestantes-cuidados-metodos-recomendacoes\/#primaryimage\",\"inLanguage\":\"pt-BR\",\"url\":\"https:\/\/fernandadepilacao.com.br\/portal\/wp-content\/uploads\/2026\/03\/20260311080152.png\",\"contentUrl\":\"https:\/\/fernandadepilacao.com.br\/portal\/wp-content\/uploads\/2026\/03\/20260311080152.png\",\"width\":500,\"height\":500},{\"@type\":\"WebPage\",\"@id\":\"https:\/\/fernandadepilacao.com.br\/portal\/2026\/03\/guia-profissional-depilacao-gestantes-cuidados-metodos-recomendacoes\/#webpage\",\"url\":\"https:\/\/fernandadepilacao.com.br\/portal\/2026\/03\/guia-profissional-depilacao-gestantes-cuidados-metodos-recomendacoes\/\",\"name\":\"Guia Profissional de Depila\u00e7\u00e3o para Gestantes: Cuidados, M\u00e9todos e Recomenda\u00e7\u00f5es - Fernanda Depila\u00e7\u00e3o\",\"isPartOf\":{\"@id\":\"https:\/\/fernandadepilacao.com.br\/portal\/#website\"},\"primaryImageOfPage\":{\"@id\":\"https:\/\/fernandadepilacao.com.br\/portal\/2026\/03\/guia-profissional-depilacao-gestantes-cuidados-metodos-recomendacoes\/#primaryimage\"},\"datePublished\":\"2026-03-11T11:01:54+00:00\",\"dateModified\":\"2026-03-11T11:01:56+00:00\",\"breadcrumb\":{\"@id\":\"https:\/\/fernandadepilacao.com.br\/portal\/2026\/03\/guia-profissional-depilacao-gestantes-cuidados-metodos-recomendacoes\/#breadcrumb\"},\"inLanguage\":\"pt-BR\",\"potentialAction\":[{\"@type\":\"ReadAction\",\"target\":[\"https:\/\/fernandadepilacao.com.br\/portal\/2026\/03\/guia-profissional-depilacao-gestantes-cuidados-metodos-recomendacoes\/\"]}]},{\"@type\":\"BreadcrumbList\",\"@id\":\"https:\/\/fernandadepilacao.com.br\/portal\/2026\/03\/guia-profissional-depilacao-gestantes-cuidados-metodos-recomendacoes\/#breadcrumb\",\"itemListElement\":[{\"@type\":\"ListItem\",\"position\":1,\"name\":\"In\u00edcio\",\"item\":\"http:\/\/fernandadepilacao.com.br\/portal\/\"},{\"@type\":\"ListItem\",\"position\":2,\"name\":\"Guia Profissional de Depila\u00e7\u00e3o para Gestantes: Cuidados, M\u00e9todos e Recomenda\u00e7\u00f5es\"}]},{\"@type\":\"Article\",\"@id\":\"https:\/\/fernandadepilacao.com.br\/portal\/2026\/03\/guia-profissional-depilacao-gestantes-cuidados-metodos-recomendacoes\/#article\",\"isPartOf\":{\"@id\":\"https:\/\/fernandadepilacao.com.br\/portal\/2026\/03\/guia-profissional-depilacao-gestantes-cuidados-metodos-recomendacoes\/#webpage\"},\"author\":{\"@id\":\"https:\/\/fernandadepilacao.com.br\/portal\/#\/schema\/person\/d00644c3bbfd9fd17711767a3b1abbd0\"},\"headline\":\"Guia Profissional de Depila\u00e7\u00e3o para Gestantes: Cuidados, M\u00e9todos e Recomenda\u00e7\u00f5es\",\"datePublished\":\"2026-03-11T11:01:54+00:00\",\"dateModified\":\"2026-03-11T11:01:56+00:00\",\"mainEntityOfPage\":{\"@id\":\"https:\/\/fernandadepilacao.com.br\/portal\/2026\/03\/guia-profissional-depilacao-gestantes-cuidados-metodos-recomendacoes\/#webpage\"},\"wordCount\":802,\"commentCount\":0,\"publisher\":{\"@id\":\"https:\/\/fernandadepilacao.com.br\/portal\/#organization\"},\"image\":{\"@id\":\"https:\/\/fernandadepilacao.com.br\/portal\/2026\/03\/guia-profissional-depilacao-gestantes-cuidados-metodos-recomendacoes\/#primaryimage\"},\"thumbnailUrl\":\"https:\/\/fernandadepilacao.com.br\/portal\/wp-content\/uploads\/2026\/03\/20260311080152.png\",\"inLanguage\":\"pt-BR\",\"potentialAction\":[{\"@type\":\"CommentAction\",\"name\":\"Comment\",\"target\":[\"https:\/\/fernandadepilacao.com.br\/portal\/2026\/03\/guia-profissional-depilacao-gestantes-cuidados-metodos-recomendacoes\/#respond\"]}]},{\"@type\":\"Person\",\"@id\":\"https:\/\/fernandadepilacao.com.br\/portal\/#\/schema\/person\/d00644c3bbfd9fd17711767a3b1abbd0\",\"name\":\"fernandajob\",\"image\":{\"@type\":\"ImageObject\",\"@id\":\"https:\/\/fernandadepilacao.com.br\/portal\/#personlogo\",\"inLanguage\":\"pt-BR\",\"url\":\"https:\/\/secure.gravatar.com\/avatar\/6c2268a68d69a325906fbdccd74b18e6?s=96&d=mm&r=g\",\"contentUrl\":\"https:\/\/secure.gravatar.com\/avatar\/6c2268a68d69a325906fbdccd74b18e6?s=96&d=mm&r=g\",\"caption\":\"fernandajob\"},\"sameAs\":[\"http:\/\/fernandadepilacao.com.br\/portal\"]}]}<\/script>\n<!-- \/ Yoast SEO plugin. -->","yoast_head_json":{"title":"Guia Profissional de Depila\u00e7\u00e3o para Gestantes: Cuidados, M\u00e9todos e Recomenda\u00e7\u00f5es - Fernanda Depila\u00e7\u00e3o","robots":{"index":"index","follow":"follow","max-snippet":"max-snippet:-1","max-image-preview":"max-image-preview:large","max-video-preview":"max-video-preview:-1"},"canonical":"https:\/\/fernandadepilacao.com.br\/portal\/2026\/03\/guia-profissional-depilacao-gestantes-cuidados-metodos-recomendacoes\/","og_locale":"pt_BR","og_type":"article","og_title":"Guia Profissional de Depila\u00e7\u00e3o para Gestantes: Cuidados, M\u00e9todos e Recomenda\u00e7\u00f5es - Fernanda Depila\u00e7\u00e3o","og_description":"Orienta\u00e7\u00f5es Profissionais para Depila\u00e7\u00e3o de Gestantes: Cuidados, Dicas e Esclarecimentos Depila\u00e7\u00e3o na gesta\u00e7\u00e3o: \u00c9 seguro? A gravidez \u00e9 uma fase repleta de transforma\u00e7\u00f5es f\u00edsicas e emocionais. Entre tantas mudan\u00e7as, surgem d\u00favidas naturais sobre a manuten\u00e7\u00e3o da rotina de beleza, especialmente em rela\u00e7\u00e3o \u00e0 depila\u00e7\u00e3o. Ser\u00e1 que gestantes podem se depilar? Quais m\u00e9todos s\u00e3o mais indicados? &hellip; Guia Profissional de Depila\u00e7\u00e3o para Gestantes: Cuidados, M\u00e9todos e Recomenda\u00e7\u00f5es Leia mais &raquo;","og_url":"https:\/\/fernandadepilacao.com.br\/portal\/2026\/03\/guia-profissional-depilacao-gestantes-cuidados-metodos-recomendacoes\/","og_site_name":"Fernanda Depila\u00e7\u00e3o","article_publisher":"https:\/\/www.facebook.com\/ferjobdepilacao","article_published_time":"2026-03-11T11:01:54+00:00","article_modified_time":"2026-03-11T11:01:56+00:00","twitter_card":"summary_large_image","twitter_misc":{"Escrito por":"fernandajob","Est. tempo de leitura":"4 minutos"},"schema":{"@context":"https:\/\/schema.org","@graph":[{"@type":"Organization","@id":"https:\/\/fernandadepilacao.com.br\/portal\/#organization","name":"Fernanda Depila\u00e7\u00e3o","url":"https:\/\/fernandadepilacao.com.br\/portal\/","sameAs":["https:\/\/www.facebook.com\/ferjobdepilacao","http:\/\/instagram.com\/fernanda_job"],"logo":{"@type":"ImageObject","@id":"https:\/\/fernandadepilacao.com.br\/portal\/#logo","inLanguage":"pt-BR","url":"http:\/\/fernandadepilacao.com.br\/portal\/wp-content\/uploads\/2021\/03\/logo_fernanda.png","contentUrl":"http:\/\/fernandadepilacao.com.br\/portal\/wp-content\/uploads\/2021\/03\/logo_fernanda.png","width":673,"height":688,"caption":"Fernanda Depila\u00e7\u00e3o"},"image":{"@id":"https:\/\/fernandadepilacao.com.br\/portal\/#logo"}},{"@type":"WebSite","@id":"https:\/\/fernandadepilacao.com.br\/portal\/#website","url":"https:\/\/fernandadepilacao.com.br\/portal\/","name":"Fernanda Depila\u00e7\u00e3o","description":"","publisher":{"@id":"https:\/\/fernandadepilacao.com.br\/portal\/#organization"},"potentialAction":[{"@type":"SearchAction","target":{"@type":"EntryPoint","urlTemplate":"https:\/\/fernandadepilacao.com.br\/portal\/?s={search_term_string}"},"query-input":"required name=search_term_string"}],"inLanguage":"pt-BR"},{"@type":"ImageObject","@id":"https:\/\/fernandadepilacao.com.br\/portal\/2026\/03\/guia-profissional-depilacao-gestantes-cuidados-metodos-recomendacoes\/#primaryimage","inLanguage":"pt-BR","url":"https:\/\/fernandadepilacao.com.br\/portal\/wp-content\/uploads\/2026\/03\/20260311080152.png","contentUrl":"https:\/\/fernandadepilacao.com.br\/portal\/wp-content\/uploads\/2026\/03\/20260311080152.png","width":500,"height":500},{"@type":"WebPage","@id":"https:\/\/fernandadepilacao.com.br\/portal\/2026\/03\/guia-profissional-depilacao-gestantes-cuidados-metodos-recomendacoes\/#webpage","url":"https:\/\/fernandadepilacao.com.br\/portal\/2026\/03\/guia-profissional-depilacao-gestantes-cuidados-metodos-recomendacoes\/","name":"Guia Profissional de Depila\u00e7\u00e3o para Gestantes: Cuidados, M\u00e9todos e Recomenda\u00e7\u00f5es - Fernanda Depila\u00e7\u00e3o","isPartOf":{"@id":"https:\/\/fernandadepilacao.com.br\/portal\/#website"},"primaryImageOfPage":{"@id":"https:\/\/fernandadepilacao.com.br\/portal\/2026\/03\/guia-profissional-depilacao-gestantes-cuidados-metodos-recomendacoes\/#primaryimage"},"datePublished":"2026-03-11T11:01:54+00:00","dateModified":"2026-03-11T11:01:56+00:00","breadcrumb":{"@id":"https:\/\/fernandadepilacao.com.br\/portal\/2026\/03\/guia-profissional-depilacao-gestantes-cuidados-metodos-recomendacoes\/#breadcrumb"},"inLanguage":"pt-BR","potentialAction":[{"@type":"ReadAction","target":["https:\/\/fernandadepilacao.com.br\/portal\/2026\/03\/guia-profissional-depilacao-gestantes-cuidados-metodos-recomendacoes\/"]}]},{"@type":"BreadcrumbList","@id":"https:\/\/fernandadepilacao.com.br\/portal\/2026\/03\/guia-profissional-depilacao-gestantes-cuidados-metodos-recomendacoes\/#breadcrumb","itemListElement":[{"@type":"ListItem","position":1,"name":"In\u00edcio","item":"http:\/\/fernandadepilacao.com.br\/portal\/"},{"@type":"ListItem","position":2,"name":"Guia Profissional de Depila\u00e7\u00e3o para Gestantes: Cuidados, M\u00e9todos e Recomenda\u00e7\u00f5es"}]},{"@type":"Article","@id":"https:\/\/fernandadepilacao.com.br\/portal\/2026\/03\/guia-profissional-depilacao-gestantes-cuidados-metodos-recomendacoes\/#article","isPartOf":{"@id":"https:\/\/fernandadepilacao.com.br\/portal\/2026\/03\/guia-profissional-depilacao-gestantes-cuidados-metodos-recomendacoes\/#webpage"},"author":{"@id":"https:\/\/fernandadepilacao.com.br\/portal\/#\/schema\/person\/d00644c3bbfd9fd17711767a3b1abbd0"},"headline":"Guia Profissional de Depila\u00e7\u00e3o para Gestantes: Cuidados, M\u00e9todos e Recomenda\u00e7\u00f5es","datePublished":"2026-03-11T11:01:54+00:00","dateModified":"2026-03-11T11:01:56+00:00","mainEntityOfPage":{"@id":"https:\/\/fernandadepilacao.com.br\/portal\/2026\/03\/guia-profissional-depilacao-gestantes-cuidados-metodos-recomendacoes\/#webpage"},"wordCount":802,"commentCount":0,"publisher":{"@id":"https:\/\/fernandadepilacao.com.br\/portal\/#organization"},"image":{"@id":"https:\/\/fernandadepilacao.com.br\/portal\/2026\/03\/guia-profissional-depilacao-gestantes-cuidados-metodos-recomendacoes\/#primaryimage"},"thumbnailUrl":"https:\/\/fernandadepilacao.com.br\/portal\/wp-content\/uploads\/2026\/03\/20260311080152.png","inLanguage":"pt-BR","potentialAction":[{"@type":"CommentAction","name":"Comment","target":["https:\/\/fernandadepilacao.com.br\/portal\/2026\/03\/guia-profissional-depilacao-gestantes-cuidados-metodos-recomendacoes\/#respond"]}]},{"@type":"Person","@id":"https:\/\/fernandadepilacao.com.br\/portal\/#\/schema\/person\/d00644c3bbfd9fd17711767a3b1abbd0","name":"fernandajob","image":{"@type":"ImageObject","@id":"https:\/\/fernandadepilacao.com.br\/portal\/#personlogo","inLanguage":"pt-BR","url":"https:\/\/secure.gravatar.com\/avatar\/6c2268a68d69a325906fbdccd74b18e6?s=96&d=mm&r=g","contentUrl":"https:\/\/secure.gravatar.com\/avatar\/6c2268a68d69a325906fbdccd74b18e6?s=96&d=mm&r=g","caption":"fernandajob"},"sameAs":["http:\/\/fernandadepilacao.com.br\/portal"]}]}},"uagb_featured_image_src":{"full":["https:\/\/fernandadepilacao.com.br\/portal\/wp-content\/uploads\/2026\/03\/20260311080152.png",500,500,false],"thumbnail":["https:\/\/fernandadepilacao.com.br\/portal\/wp-content\/uploads\/2026\/03\/20260311080152-150x150.png",150,150,true],"medium":["https:\/\/fernandadepilacao.com.br\/portal\/wp-content\/uploads\/2026\/03\/20260311080152-300x300.png",300,300,true],"medium_large":["https:\/\/fernandadepilacao.com.br\/portal\/wp-content\/uploads\/2026\/03\/20260311080152.png",500,500,false],"large":["https:\/\/fernandadepilacao.com.br\/portal\/wp-content\/uploads\/2026\/03\/20260311080152.png",500,500,false],"1536x1536":["https:\/\/fernandadepilacao.com.br\/portal\/wp-content\/uploads\/2026\/03\/20260311080152.png",500,500,false],"2048x2048":["https:\/\/fernandadepilacao.com.br\/portal\/wp-content\/uploads\/2026\/03\/20260311080152.png",500,500,false]},"uagb_author_info":{"display_name":"fernandajob","author_link":"https:\/\/fernandadepilacao.com.br\/portal\/author\/fernandajob\/"},"uagb_comment_info":0,"uagb_excerpt":"Orienta\u00e7\u00f5es Profissionais para Depila\u00e7\u00e3o de Gestantes: Cuidados, Dicas e Esclarecimentos Depila\u00e7\u00e3o na gesta\u00e7\u00e3o: \u00c9 seguro? A gravidez \u00e9 uma fase repleta de transforma\u00e7\u00f5es f\u00edsicas e emocionais. Entre tantas mudan\u00e7as, surgem d\u00favidas naturais sobre a manuten\u00e7\u00e3o da rotina de beleza, especialmente em rela\u00e7\u00e3o \u00e0 depila\u00e7\u00e3o. Ser\u00e1 que gestantes podem se depilar? Quais m\u00e9todos s\u00e3o mais indicados?&hellip;","_links":{"self":[{"href":"https:\/\/fernandadepilacao.com.br\/portal\/wp-json\/wp\/v2\/posts\/1410"}],"collection":[{"href":"https:\/\/fernandadepilacao.com.br\/portal\/wp-json\/wp\/v2\/posts"}],"about":[{"href":"https:\/\/fernandadepilacao.com.br\/portal\/wp-json\/wp\/v2\/types\/post"}],"author":[{"embeddable":true,"href":"https:\/\/fernandadepilacao.com.br\/portal\/wp-json\/wp\/v2\/users\/1"}],"replies":[{"embeddable":true,"href":"https:\/\/fernandadepilacao.com.br\/portal\/wp-json\/wp\/v2\/comments?post=1410"}],"version-history":[{"count":1,"href":"https:\/\/fernandadepilacao.com.br\/portal\/wp-json\/wp\/v2\/posts\/1410\/revisions"}],"predecessor-version":[{"id":1411,"href":"https:\/\/fernandadepilacao.com.br\/portal\/wp-json\/wp\/v2\/posts\/1410\/revisions\/1411"}],"wp:featuredmedia":[{"embeddable":true,"href":"https:\/\/fernandadepilacao.com.br\/portal\/wp-json\/wp\/v2\/media\/1409"}],"wp:attachment":[{"href":"https:\/\/fernandadepilacao.com.br\/portal\/wp-json\/wp\/v2\/media?parent=1410"}],"wp:term":[{"taxonomy":"category","embeddable":true,"href":"https:\/\/fernandadepilacao.com.br\/portal\/wp-json\/wp\/v2\/categories?post=1410"},{"taxonomy":"post_tag","embeddable":true,"href":"https:\/\/fernandadepilacao.com.br\/portal\/wp-json\/wp\/v2\/tags?post=1410"}],"curies":[{"name":"wp","href":"https:\/\/api.w.org\/{rel}","templated":true}]}}